{"id":110615,"date":"2025-06-27T11:39:57","date_gmt":"2025-06-27T15:39:57","guid":{"rendered":"https:\/\/webdelmaestrocmf.com\/portal\/?p=110615"},"modified":"2025-07-10T20:22:57","modified_gmt":"2025-07-11T00:22:57","slug":"japon-ejecuta-en-la-horca-al-asesino-de-twitter-por-matar-y-descuartizar-a-nueve-personas","status":"publish","type":"post","link":"https:\/\/webdelmaestrocmf.com\/portal\/japon-ejecuta-en-la-horca-al-asesino-de-twitter-por-matar-y-descuartizar-a-nueve-personas\/","title":{"rendered":"Jap\u00f3n ejecuta en la horca al \u2018asesino de Twitter\u2019 por matar y descuartizar a nueve personas"},"content":{"rendered":"\n<p>Takahiro Shiraishi, conocido mundialmente como el \u201casesino de Twitter\u201d, ha sido ejecutado en la horca en Jap\u00f3n, tras ser hallado culpable de una serie de cr\u00edmenes que sacudieron profundamente a la sociedad nipona. Shiraishi, de 34 a\u00f1os, fue sentenciado a muerte por asesinar y descuartizar a nueve personas \u2014ocho de ellas mujeres j\u00f3venes\u2014 a quienes hab\u00eda contactado a trav\u00e9s de la red social Twitter en 2017.<\/p>\n\n\n\n<iframe loading=\"lazy\" width=\"100%\" height=\"315\" src=\"https:\/\/www.youtube.com\/embed\/Ur_9ofFyVgY?si=5cxf9nJqdJ7OGUae\" title=\"YouTube video player\" frameborder=\"0\" allow=\"accelerometer; autoplay; clipboard-write; encrypted-media; gyroscope; picture-in-picture; web-share\" referrerpolicy=\"strict-origin-when-cross-origin\" allowfullscreen><\/iframe>\n\n\n\n<p>Las v\u00edctimas, de entre 15 y 26 a\u00f1os, hab\u00edan mostrado tendencias suicidas en sus publicaciones, y Shiraishi se aprovech\u00f3 de su vulnerabilidad para atraerlas con la promesa de un suicidio conjunto. Sin embargo, una vez que ingresaban a su apartamento en Zama, cerca de Tokio, eran violadas, estranguladas, robadas y finalmente descuartizadas. Los cuerpos fueron almacenados en cajas refrigeradoras que la polic\u00eda hall\u00f3 durante una investigaci\u00f3n por la desaparici\u00f3n de una joven de 23 a\u00f1os.<\/p>\n\n\n\n<p>El caso, considerado \u201cuna de las mayores atrocidades en la historia del crimen japon\u00e9s\u201d por el propio tribunal, desencaden\u00f3 un debate nacional sobre la seguridad de las redes sociales y la salud mental de los j\u00f3venes. Tras conocerse el modus operandi de Shiraishi, Twitter (ahora X) modific\u00f3 sus reglas de uso para prohibir contenidos que promovieran el suicidio o las autolesiones.<\/p>\n\n\n\n<figure class=\"wp-block-image size-large\"><img loading=\"lazy\" decoding=\"async\" width=\"1024\" height=\"745\" src=\"https:\/\/webdelmaestrocmf.com\/portal\/wp-content\/uploads\/2025\/06\/montaje-asesino-twitter-ejecutado-japon-270625-1024x745.jpg\" alt=\"\" class=\"wp-image-110618\" srcset=\"https:\/\/webdelmaestrocmf.com\/portal\/wp-content\/uploads\/2025\/06\/montaje-asesino-twitter-ejecutado-japon-270625-1024x745.jpg 1024w, https:\/\/webdelmaestrocmf.com\/portal\/wp-content\/uploads\/2025\/06\/montaje-asesino-twitter-ejecutado-japon-270625-300x218.jpg 300w, https:\/\/webdelmaestrocmf.com\/portal\/wp-content\/uploads\/2025\/06\/montaje-asesino-twitter-ejecutado-japon-270625-768x559.jpg 768w, https:\/\/webdelmaestrocmf.com\/portal\/wp-content\/uploads\/2025\/06\/montaje-asesino-twitter-ejecutado-japon-270625-332x242.jpg 332w, https:\/\/webdelmaestrocmf.com\/portal\/wp-content\/uploads\/2025\/06\/montaje-asesino-twitter-ejecutado-japon-270625-664x483.jpg 664w, https:\/\/webdelmaestrocmf.com\/portal\/wp-content\/uploads\/2025\/06\/montaje-asesino-twitter-ejecutado-japon-270625-688x501.jpg 688w, https:\/\/webdelmaestrocmf.com\/portal\/wp-content\/uploads\/2025\/06\/montaje-asesino-twitter-ejecutado-japon-270625-1044x760.jpg 1044w, https:\/\/webdelmaestrocmf.com\/portal\/wp-content\/uploads\/2025\/06\/montaje-asesino-twitter-ejecutado-japon-270625.jpg 1200w\" sizes=\"auto, (max-width: 1024px) 100vw, 1024px\" \/><\/figure>\n\n\n\n<p>Shiraishi hab\u00eda confesado los asesinatos, incluso afirmando en su perfil de la plataforma: <em>\u201cQuiero ayudar a la gente que est\u00e1 sufriendo. \u00bfNo morir\u00edas junto a m\u00ed?\u201d<\/em>. Sus abogados intentaron argumentar que algunas de las v\u00edctimas le hab\u00edan pedido ser asesinadas, pero el tribunal concluy\u00f3 que actu\u00f3 deliberadamente para satisfacer fines sexuales y obtener beneficios econ\u00f3micos. Tras retirar su propio recurso de apelaci\u00f3n, el condenado acept\u00f3 la ejecuci\u00f3n.<\/p>\n\n\n\n<p>Esta ejecuci\u00f3n, la primera en Jap\u00f3n tras casi tres a\u00f1os sin aplicar la pena capital, fue anunciada por el ministro de Justicia, Kaisuke Suzuki, quien se\u00f1al\u00f3 que la decisi\u00f3n se tom\u00f3 tras \u201ccuidadosa consideraci\u00f3n\u201d debido al enorme impacto social del caso. Sin embargo, no todos se mostraron conformes: el padre de una de las j\u00f3venes asesinadas declar\u00f3 que habr\u00eda preferido que Shiraishi \u201cpasara toda su vida en prisi\u00f3n reflexionando sobre sus cr\u00edmenes\u201d.<\/p>\n\n\n\n<h2 class=\"wp-block-heading\">Debate sobre la pena de muerte<\/h2>\n\n\n\n<p>La ejecuci\u00f3n de Shiraishi reaviva la discusi\u00f3n sobre la pena de muerte en Jap\u00f3n, donde sigue contando con un amplio apoyo ciudadano: seg\u00fan una encuesta oficial, el 83 % de la poblaci\u00f3n la considera \u201cimprescindible\u201d.<\/p>\n\n\n\n<p>El pa\u00eds mantiene en el corredor de la muerte a decenas de condenados, quienes permanecen en celdas m\u00ednimas, con luces encendidas las 24 horas, escasas visitas familiares, y sin saber el d\u00eda de su ejecuci\u00f3n hasta que los verdugos entran en su celda. Este trato ha sido calificado como \u201ccruel e inhumano\u201d por Amnist\u00eda Internacional, ya que la incertidumbre y el aislamiento destruyen la estabilidad mental de los prisioneros, a veces durante d\u00e9cadas.<\/p>\n\n\n\n<p>El \u00faltimo ejecutado antes de Shiraishi fue Tomohiro Kato, condenado por matar a siete personas atropell\u00e1ndolas con un cami\u00f3n en Akihabara en 2008. En paralelo, casos como el de Iwao Hakamata \u2014un hombre que pas\u00f3 47 a\u00f1os en el corredor de la muerte hasta probarse su inocencia\u2014 alimentan el debate sobre el riesgo de errores irreversibles en el sistema judicial japon\u00e9s.<\/p>\n\n\n\n<p>Mientras tanto, el recuerdo de la llamada \u201cCasa de los Horrores\u201d de Shiraishi y su macabro uso de las redes sociales permanecer\u00e1 como advertencia sobre los peligros de la manipulaci\u00f3n de personas vulnerables, y como reflejo de un sistema penal que sigue apostando por la pena de muerte como respuesta ante cr\u00edmenes extremos.<\/p>\n\n\n\n<p class=\"has-text-align-right\"><strong>Redacci\u00f3n | Web del Maestro CMF<\/strong><\/p>\n\n\n\t\t<div class=\"pk-inline-posts\">\n\t\t\t\n\t\t\t<div class=\"pk-inline-posts-container pk-inline-posts-template-list\"\n\t\t\t\tdata-columns=\"1\">\n\t\t\t\t\t\t<article id=\"post-118433\" class=\"post-118433 post type-post status-publish format-standard has-post-thumbnail category-noticias-internacionales tag-aprendizaje tag-atencion-en-el-aula-2 tag-docentes tag-educacion-3 tag-estrategias-didacticas-2 tag-innovacion-educativa-3 tag-motivacion-escolar-2 tag-neuroeducacion-2 tag-pedagogia-3 tag-tecnologia-educativa-3 cs-entry cs-video-wrap\">\n\t\t\t<div class=\"pk-post-outer\">\n\n\t\t\t\t\t\t\t\t<div class=\"pk-post-inner\">\n\t\t\t\t\t<div class=\"entry-thumbnail\">\n\t\t\t\t\t\t<div class=\"pk-overlay pk-overlay-ratio pk-ratio-landscape\">\n\t\t\t\t\t\t\t<div class=\"pk-overlay-background\">\n\t\t\t\t\t\t\t\t<a href=\"https:\/\/webdelmaestrocmf.com\/portal\/9-de-cada-10-maestros-confirman-que-los-alumnos-ya-no-prestan-atencion-en-clase\/\" class=\"pk-overlay-link\">\n\t\t\t\t\t\t\t\t\t<img loading=\"lazy\" decoding=\"async\" width=\"300\" height=\"225\" src=\"https:\/\/webdelmaestrocmf.com\/portal\/wp-content\/uploads\/2026\/04\/1AA-Banner-1-portada-imagen-10-1-copia-1-10-300x225.webp\" class=\"attachment-pk-thumbnail size-pk-thumbnail wp-post-image\" alt=\"\" \/>\t\t\t\t\t\t\t\t<\/a>\n\t\t\t\t\t\t\t<\/div>\n\t\t\t\t\t\t<\/div>\n\t\t\t\t\t<\/div>\n\t\t\t\t<\/div>\n\t\t\t\t\n\t\t\t\t<div class=\"pk-post-inner\">\n\t\t\t\t\t<header>\n\t\t\t\t\t\t<h3 class=\"pk-title\"><a href=\"https:\/\/webdelmaestrocmf.com\/portal\/9-de-cada-10-maestros-confirman-que-los-alumnos-ya-no-prestan-atencion-en-clase\/\" rel=\"bookmark\">9 de cada 10 maestros confirman que los alumnos ya no prestan atenci\u00f3n en clase<\/a><\/h3>\t\t\t\t\t<\/header><!-- .entry-header -->\n\t\t\t\t<\/div><!-- .post-inner -->\n\n\t\t\t<\/div><!-- .post-outer -->\n\t\t<\/article>\n\t\t\t<article id=\"post-118385\" class=\"post-118385 post type-post status-publish format-standard has-post-thumbnail category-noticias-internacionales tag-accidente-escolar tag-comunidad-escolar tag-cuidado-infantil tag-derechos-del-nino tag-educacion-segura tag-gestion-educativa-3 tag-prevencion-riesgos tag-responsabilidad-educativa tag-seguridad-escolar tag-supervision-docente cs-entry cs-video-wrap\">\n\t\t\t<div class=\"pk-post-outer\">\n\n\t\t\t\t\t\t\t\t<div class=\"pk-post-inner\">\n\t\t\t\t\t<div class=\"entry-thumbnail\">\n\t\t\t\t\t\t<div class=\"pk-overlay pk-overlay-ratio pk-ratio-landscape\">\n\t\t\t\t\t\t\t<div class=\"pk-overlay-background\">\n\t\t\t\t\t\t\t\t<a href=\"https:\/\/webdelmaestrocmf.com\/portal\/nina-fallece-tras-presunto-tropiezo-en-escuela-pero-su-padre-desmiente-la-version-me-encontre-a-mi-hija-toda-ensangrentada\/\" class=\"pk-overlay-link\">\n\t\t\t\t\t\t\t\t\t<img loading=\"lazy\" decoding=\"async\" width=\"300\" height=\"225\" src=\"https:\/\/webdelmaestrocmf.com\/portal\/wp-content\/uploads\/2026\/04\/1AA-Banner-1-portada-imagen-10-1-copia-4-3-300x225.webp\" class=\"attachment-pk-thumbnail size-pk-thumbnail wp-post-image\" alt=\"\" \/>\t\t\t\t\t\t\t\t<\/a>\n\t\t\t\t\t\t\t<\/div>\n\t\t\t\t\t\t<\/div>\n\t\t\t\t\t<\/div>\n\t\t\t\t<\/div>\n\t\t\t\t\n\t\t\t\t<div class=\"pk-post-inner\">\n\t\t\t\t\t<header>\n\t\t\t\t\t\t<h3 class=\"pk-title\"><a href=\"https:\/\/webdelmaestrocmf.com\/portal\/nina-fallece-tras-presunto-tropiezo-en-escuela-pero-su-padre-desmiente-la-version-me-encontre-a-mi-hija-toda-ensangrentada\/\" rel=\"bookmark\">Ni\u00f1a fallece tras presunto tropiezo en escuela, pero su padre desmiente la versi\u00f3n: \u201cMe encontr\u00e9 a mi hija toda ensangrentada\u201d<\/a><\/h3>\t\t\t\t\t<\/header><!-- .entry-header -->\n\t\t\t\t<\/div><!-- .post-inner -->\n\n\t\t\t<\/div><!-- .post-outer -->\n\t\t<\/article>\n\t\t\t<article id=\"post-118342\" class=\"post-118342 post type-post status-publish format-standard has-post-thumbnail category-noticias-internacionales tag-alfabetizacion tag-aprendizaje tag-comprension-lectora tag-docentes tag-educacion tag-escuela tag-innovacion-educativa tag-lectura tag-pedagogia tag-tecnologia-educativa cs-entry cs-video-wrap\">\n\t\t\t<div class=\"pk-post-outer\">\n\n\t\t\t\t\t\t\t\t<div class=\"pk-post-inner\">\n\t\t\t\t\t<div class=\"entry-thumbnail\">\n\t\t\t\t\t\t<div class=\"pk-overlay pk-overlay-ratio pk-ratio-landscape\">\n\t\t\t\t\t\t\t<div class=\"pk-overlay-background\">\n\t\t\t\t\t\t\t\t<a href=\"https:\/\/webdelmaestrocmf.com\/portal\/apagon-digital-en-la-escuela-suecia-frena-la-inversion-en-pantallas-y-vuelve-a-los-libros\/\" class=\"pk-overlay-link\">\n\t\t\t\t\t\t\t\t\t<img loading=\"lazy\" decoding=\"async\" width=\"300\" height=\"225\" src=\"https:\/\/webdelmaestrocmf.com\/portal\/wp-content\/uploads\/2026\/04\/1AA-Banner-1-portada-imagen-10-1-copia-8-2-300x225.webp\" class=\"attachment-pk-thumbnail size-pk-thumbnail wp-post-image\" alt=\"\" \/>\t\t\t\t\t\t\t\t<\/a>\n\t\t\t\t\t\t\t<\/div>\n\t\t\t\t\t\t<\/div>\n\t\t\t\t\t<\/div>\n\t\t\t\t<\/div>\n\t\t\t\t\n\t\t\t\t<div class=\"pk-post-inner\">\n\t\t\t\t\t<header>\n\t\t\t\t\t\t<h3 class=\"pk-title\"><a href=\"https:\/\/webdelmaestrocmf.com\/portal\/apagon-digital-en-la-escuela-suecia-frena-la-inversion-en-pantallas-y-vuelve-a-los-libros\/\" rel=\"bookmark\">\u00bfApag\u00f3n digital en la escuela? Suecia frena la inversi\u00f3n en pantallas y vuelve a los libros<\/a><\/h3>\t\t\t\t\t<\/header><!-- .entry-header -->\n\t\t\t\t<\/div><!-- .post-inner -->\n\n\t\t\t<\/div><!-- .post-outer -->\n\t\t<\/article>\n\t\t\t\t<\/div>\n\t\t<\/div>\n\t\t\n","protected":false},"excerpt":{"rendered":"Ocho de las v\u00edctimas, asesinadas en 2017, eran mujeres con las que contact\u00f3 tras comprobar a trav\u00e9s de mensajes en la red social que ten\u00edan tendencias suicidas","protected":false},"author":1,"featured_media":110616,"comment_status":"open","ping_status":"closed","sticky":false,"template":"","format":"standard","meta":{"csco_display_header_overlay":false,"csco_singular_sidebar":"","csco_page_header_type":"","csco_page_load_nextpost":"","csco_post_video_location":[],"csco_post_video_location_hash":"","csco_post_video_url":"","csco_post_video_bg_start_time":0,"csco_post_video_bg_end_time":0,"csco_post_video_bg_volume":false,"_jetpack_memberships_contains_paid_content":false,"footnotes":""},"categories":[23790],"tags":[23864,23954],"class_list":{"0":"post-110615","1":"post","2":"type-post","3":"status-publish","4":"format-standard","5":"has-post-thumbnail","7":"category-noticias-internacionales","8":"tag-asesino-de-twitter","9":"tag-contenido-sexual","10":"cs-entry","11":"cs-video-wrap"},"yoast_head":"<!-- This site is optimized with the Yoast SEO plugin v27.5 - https:\/\/yoast.com\/product\/yoast-seo-wordpress\/ -->\n<title>Jap\u00f3n ejecuta en la horca al \u2018asesino de Twitter\u2019 por matar y descuartizar a nueve personas - 2026<\/title>\n<meta name=\"description\" content=\"Takahiro Shiraishi, conocido mundialmente como el \u201casesino de Twitter\u201d, ha sido ejecutado en la horca en Jap\u00f3n, tras ser hallado...\" \/>\n<meta name=\"robots\" content=\"index, follow, max-snippet:-1, max-image-preview:large, max-video-preview:-1\" \/>\n<link rel=\"canonical\" href=\"https:\/\/webdelmaestrocmf.com\/portal\/japon-ejecuta-en-la-horca-al-asesino-de-twitter-por-matar-y-descuartizar-a-nueve-personas\/\" \/>\n<meta property=\"og:locale\" content=\"es_ES\" \/>\n<meta property=\"og:type\" content=\"article\" \/>\n<meta property=\"og:title\" content=\"Jap\u00f3n ejecuta en la horca al \u2018asesino de Twitter\u2019 por matar y descuartizar a nueve personas - 2026\" \/>\n<meta property=\"og:description\" content=\"Takahiro Shiraishi, conocido mundialmente como el \u201casesino de Twitter\u201d, ha sido ejecutado en la horca en Jap\u00f3n, tras ser hallado...\" \/>\n<meta property=\"og:url\" content=\"https:\/\/webdelmaestrocmf.com\/portal\/japon-ejecuta-en-la-horca-al-asesino-de-twitter-por-matar-y-descuartizar-a-nueve-personas\/\" \/>\n<meta property=\"og:site_name\" content=\"Web del Maestro CMF\" \/>\n<meta property=\"article:publisher\" content=\"https:\/\/www.facebook.com\/WebdelMaestroCMF\/\" \/>\n<meta property=\"article:author\" content=\"https:\/\/www.facebook.com\/WebdelMaestroCMF\/\" \/>\n<meta property=\"article:published_time\" content=\"2025-06-27T15:39:57+00:00\" \/>\n<meta property=\"article:modified_time\" content=\"2025-07-11T00:22:57+00:00\" \/>\n<meta property=\"og:image\" content=\"https:\/\/webdelmaestrocmf.com\/portal\/wp-content\/uploads\/2025\/06\/1A-Banner-1-portada-imagen-10-1-copia-30.jpg\" \/>\n\t<meta property=\"og:image:width\" content=\"1003\" \/>\n\t<meta property=\"og:image:height\" content=\"667\" \/>\n\t<meta property=\"og:image:type\" content=\"image\/jpeg\" \/>\n<meta name=\"author\" content=\"Web del Maestro CMF\" \/>\n<meta name=\"twitter:card\" content=\"summary_large_image\" \/>\n<meta name=\"twitter:creator\" content=\"@cmf_w\" \/>\n<meta name=\"twitter:site\" content=\"@cmf_w\" \/>\n<script type=\"application\/ld+json\" class=\"yoast-schema-graph\">{\"@context\":\"https:\\\/\\\/schema.org\",\"@graph\":[{\"@type\":\"ScholarlyArticle\",\"@id\":\"https:\\\/\\\/webdelmaestrocmf.com\\\/portal\\\/japon-ejecuta-en-la-horca-al-asesino-de-twitter-por-matar-y-descuartizar-a-nueve-personas\\\/#article\",\"isPartOf\":{\"@id\":\"https:\\\/\\\/webdelmaestrocmf.com\\\/portal\\\/japon-ejecuta-en-la-horca-al-asesino-de-twitter-por-matar-y-descuartizar-a-nueve-personas\\\/\"},\"author\":{\"name\":\"Web del Maestro CMF\",\"@id\":\"https:\\\/\\\/webdelmaestrocmf.com\\\/portal\\\/#\\\/schema\\\/person\\\/1072a2ed7bd960df8ef99a551fa35dc5\"},\"headline\":\"Jap\u00f3n ejecuta en la horca al \u2018asesino de Twitter\u2019 por matar y descuartizar a nueve personas\",\"datePublished\":\"2025-06-27T15:39:57+00:00\",\"dateModified\":\"2025-07-11T00:22:57+00:00\",\"mainEntityOfPage\":{\"@id\":\"https:\\\/\\\/webdelmaestrocmf.com\\\/portal\\\/japon-ejecuta-en-la-horca-al-asesino-de-twitter-por-matar-y-descuartizar-a-nueve-personas\\\/\"},\"wordCount\":634,\"commentCount\":0,\"publisher\":{\"@id\":\"https:\\\/\\\/webdelmaestrocmf.com\\\/portal\\\/#organization\"},\"image\":{\"@id\":\"https:\\\/\\\/webdelmaestrocmf.com\\\/portal\\\/japon-ejecuta-en-la-horca-al-asesino-de-twitter-por-matar-y-descuartizar-a-nueve-personas\\\/#primaryimage\"},\"thumbnailUrl\":\"https:\\\/\\\/webdelmaestrocmf.com\\\/portal\\\/wp-content\\\/uploads\\\/2025\\\/06\\\/1A-Banner-1-portada-imagen-10-1-copia-30.jpg\",\"keywords\":[\"asesino de Twitter\",\"contenido sexual\"],\"articleSection\":[\"Noticias Internacionales\"],\"inLanguage\":\"es\",\"potentialAction\":[{\"@type\":\"CommentAction\",\"name\":\"Comment\",\"target\":[\"https:\\\/\\\/webdelmaestrocmf.com\\\/portal\\\/japon-ejecuta-en-la-horca-al-asesino-de-twitter-por-matar-y-descuartizar-a-nueve-personas\\\/#respond\"]}]},{\"@type\":\"WebPage\",\"@id\":\"https:\\\/\\\/webdelmaestrocmf.com\\\/portal\\\/japon-ejecuta-en-la-horca-al-asesino-de-twitter-por-matar-y-descuartizar-a-nueve-personas\\\/\",\"url\":\"https:\\\/\\\/webdelmaestrocmf.com\\\/portal\\\/japon-ejecuta-en-la-horca-al-asesino-de-twitter-por-matar-y-descuartizar-a-nueve-personas\\\/\",\"name\":\"Jap\u00f3n ejecuta en la horca al \u2018asesino de Twitter\u2019 por matar y descuartizar a nueve personas - 2026\",\"isPartOf\":{\"@id\":\"https:\\\/\\\/webdelmaestrocmf.com\\\/portal\\\/#website\"},\"primaryImageOfPage\":{\"@id\":\"https:\\\/\\\/webdelmaestrocmf.com\\\/portal\\\/japon-ejecuta-en-la-horca-al-asesino-de-twitter-por-matar-y-descuartizar-a-nueve-personas\\\/#primaryimage\"},\"image\":{\"@id\":\"https:\\\/\\\/webdelmaestrocmf.com\\\/portal\\\/japon-ejecuta-en-la-horca-al-asesino-de-twitter-por-matar-y-descuartizar-a-nueve-personas\\\/#primaryimage\"},\"thumbnailUrl\":\"https:\\\/\\\/webdelmaestrocmf.com\\\/portal\\\/wp-content\\\/uploads\\\/2025\\\/06\\\/1A-Banner-1-portada-imagen-10-1-copia-30.jpg\",\"datePublished\":\"2025-06-27T15:39:57+00:00\",\"dateModified\":\"2025-07-11T00:22:57+00:00\",\"description\":\"Takahiro Shiraishi, conocido mundialmente como el \u201casesino de Twitter\u201d, ha sido ejecutado en la horca en Jap\u00f3n, tras ser hallado...\",\"breadcrumb\":{\"@id\":\"https:\\\/\\\/webdelmaestrocmf.com\\\/portal\\\/japon-ejecuta-en-la-horca-al-asesino-de-twitter-por-matar-y-descuartizar-a-nueve-personas\\\/#breadcrumb\"},\"inLanguage\":\"es\",\"potentialAction\":[{\"@type\":\"ReadAction\",\"target\":[\"https:\\\/\\\/webdelmaestrocmf.com\\\/portal\\\/japon-ejecuta-en-la-horca-al-asesino-de-twitter-por-matar-y-descuartizar-a-nueve-personas\\\/\"]}]},{\"@type\":\"ImageObject\",\"inLanguage\":\"es\",\"@id\":\"https:\\\/\\\/webdelmaestrocmf.com\\\/portal\\\/japon-ejecuta-en-la-horca-al-asesino-de-twitter-por-matar-y-descuartizar-a-nueve-personas\\\/#primaryimage\",\"url\":\"https:\\\/\\\/webdelmaestrocmf.com\\\/portal\\\/wp-content\\\/uploads\\\/2025\\\/06\\\/1A-Banner-1-portada-imagen-10-1-copia-30.jpg\",\"contentUrl\":\"https:\\\/\\\/webdelmaestrocmf.com\\\/portal\\\/wp-content\\\/uploads\\\/2025\\\/06\\\/1A-Banner-1-portada-imagen-10-1-copia-30.jpg\",\"width\":1003,\"height\":667},{\"@type\":\"BreadcrumbList\",\"@id\":\"https:\\\/\\\/webdelmaestrocmf.com\\\/portal\\\/japon-ejecuta-en-la-horca-al-asesino-de-twitter-por-matar-y-descuartizar-a-nueve-personas\\\/#breadcrumb\",\"itemListElement\":[{\"@type\":\"ListItem\",\"position\":1,\"name\":\"Portada\",\"item\":\"https:\\\/\\\/webdelmaestrocmf.com\\\/portal\\\/\"},{\"@type\":\"ListItem\",\"position\":2,\"name\":\"Noticias Internacionales\",\"item\":\"https:\\\/\\\/webdelmaestrocmf.com\\\/portal\\\/category\\\/noticias-internacionales\\\/\"},{\"@type\":\"ListItem\",\"position\":3,\"name\":\"Jap\u00f3n ejecuta en la horca al \u2018asesino de Twitter\u2019 por matar y descuartizar a nueve personas\"}]},{\"@type\":\"WebSite\",\"@id\":\"https:\\\/\\\/webdelmaestrocmf.com\\\/portal\\\/#website\",\"url\":\"https:\\\/\\\/webdelmaestrocmf.com\\\/portal\\\/\",\"name\":\"Web del Maestro CMF\",\"description\":\"Maestros al servicio de la educaci\u00f3n\",\"publisher\":{\"@id\":\"https:\\\/\\\/webdelmaestrocmf.com\\\/portal\\\/#organization\"},\"alternateName\":\"WMCMF\",\"potentialAction\":[{\"@type\":\"SearchAction\",\"target\":{\"@type\":\"EntryPoint\",\"urlTemplate\":\"https:\\\/\\\/webdelmaestrocmf.com\\\/portal\\\/?s={search_term_string}\"},\"query-input\":{\"@type\":\"PropertyValueSpecification\",\"valueRequired\":true,\"valueName\":\"search_term_string\"}}],\"inLanguage\":\"es\"},{\"@type\":\"Organization\",\"@id\":\"https:\\\/\\\/webdelmaestrocmf.com\\\/portal\\\/#organization\",\"name\":\"Web del Maestro CMF\",\"alternateName\":\"WMCMF\",\"url\":\"https:\\\/\\\/webdelmaestrocmf.com\\\/portal\\\/\",\"logo\":{\"@type\":\"ImageObject\",\"inLanguage\":\"es\",\"@id\":\"https:\\\/\\\/webdelmaestrocmf.com\\\/portal\\\/#\\\/schema\\\/logo\\\/image\\\/\",\"url\":\"https:\\\/\\\/webdelmaestrocmf.com\\\/portal\\\/wp-content\\\/uploads\\\/2023\\\/01\\\/logo-wmcmf-2.png\",\"contentUrl\":\"https:\\\/\\\/webdelmaestrocmf.com\\\/portal\\\/wp-content\\\/uploads\\\/2023\\\/01\\\/logo-wmcmf-2.png\",\"width\":200,\"height\":60,\"caption\":\"Web del Maestro CMF\"},\"image\":{\"@id\":\"https:\\\/\\\/webdelmaestrocmf.com\\\/portal\\\/#\\\/schema\\\/logo\\\/image\\\/\"},\"sameAs\":[\"https:\\\/\\\/www.facebook.com\\\/WebdelMaestroCMF\\\/\",\"https:\\\/\\\/x.com\\\/cmf_w\",\"https:\\\/\\\/www.pinterest.com\\\/WMCMF\\\/\",\"https:\\\/\\\/www.linkedin.com\\\/company\\\/web-del-maestro-cmf\\\/\",\"https:\\\/\\\/www.instagram.com\\\/wmcmf\\\/\",\"https:\\\/\\\/www.youtube.com\\\/channel\\\/UCDPSvjbdodE5sHnC3OxutHw\",\"https:\\\/\\\/mastodon.social\\\/@wmcmf\",\"https:\\\/\\\/www.tiktok.com\\\/@webdelmaestrocmf\"]},{\"@type\":\"Person\",\"@id\":\"https:\\\/\\\/webdelmaestrocmf.com\\\/portal\\\/#\\\/schema\\\/person\\\/1072a2ed7bd960df8ef99a551fa35dc5\",\"name\":\"Web del Maestro CMF\",\"image\":{\"@type\":\"ImageObject\",\"inLanguage\":\"es\",\"@id\":\"https:\\\/\\\/secure.gravatar.com\\\/avatar\\\/23291dd5b5ae1077dcff3dbb04c3e02bd28403fa75af6d8787d5e97c5bbbe30b?s=96&d=mm&r=g\",\"url\":\"https:\\\/\\\/secure.gravatar.com\\\/avatar\\\/23291dd5b5ae1077dcff3dbb04c3e02bd28403fa75af6d8787d5e97c5bbbe30b?s=96&d=mm&r=g\",\"contentUrl\":\"https:\\\/\\\/secure.gravatar.com\\\/avatar\\\/23291dd5b5ae1077dcff3dbb04c3e02bd28403fa75af6d8787d5e97c5bbbe30b?s=96&d=mm&r=g\",\"caption\":\"Web del Maestro CMF\"},\"description\":\"Esta Web se cre\u00f3 sin fines de lucro, con fines educativos, cient\u00edficos y acad\u00e9micos, para personas que tengan dificultades y\\\/o inconvenientes en visualizar el material original. El objetivo es entregar recursos, compartir experiencias y materiales que ayuden a los padres de familia, maestros y estudiantes en su actualizaci\u00f3n y formaci\u00f3n permanente, en bien de la Educaci\u00f3n.\",\"sameAs\":[\"http:\\\/\\\/webdelmaestrocmf.com\\\/portal\",\"https:\\\/\\\/www.facebook.com\\\/WebdelMaestroCMF\\\/\",\"https:\\\/\\\/www.instagram.com\\\/wmcmf\\\/\",\"https:\\\/\\\/cl.linkedin.com\\\/company\\\/web-del-maestro-cmf\",\"https:\\\/\\\/www.pinterest.com\\\/WMCMF\\\/publicaciones\\\/\",\"https:\\\/\\\/x.com\\\/cmf_w\",\"https:\\\/\\\/www.youtube.com\\\/@WMCMF\"]}]}<\/script>\n<!-- \/ Yoast SEO plugin. -->","yoast_head_json":{"title":"Jap\u00f3n ejecuta en la horca al \u2018asesino de Twitter\u2019 por matar y descuartizar a nueve personas - 2026","description":"Takahiro Shiraishi, conocido mundialmente como el \u201casesino de Twitter\u201d, ha sido ejecutado en la horca en Jap\u00f3n, tras ser hallado...","robots":{"index":"index","follow":"follow","max-snippet":"max-snippet:-1","max-image-preview":"max-image-preview:large","max-video-preview":"max-video-preview:-1"},"canonical":"https:\/\/webdelmaestrocmf.com\/portal\/japon-ejecuta-en-la-horca-al-asesino-de-twitter-por-matar-y-descuartizar-a-nueve-personas\/","og_locale":"es_ES","og_type":"article","og_title":"Jap\u00f3n ejecuta en la horca al \u2018asesino de Twitter\u2019 por matar y descuartizar a nueve personas - 2026","og_description":"Takahiro Shiraishi, conocido mundialmente como el \u201casesino de Twitter\u201d, ha sido ejecutado en la horca en Jap\u00f3n, tras ser hallado...","og_url":"https:\/\/webdelmaestrocmf.com\/portal\/japon-ejecuta-en-la-horca-al-asesino-de-twitter-por-matar-y-descuartizar-a-nueve-personas\/","og_site_name":"Web del Maestro CMF","article_publisher":"https:\/\/www.facebook.com\/WebdelMaestroCMF\/","article_author":"https:\/\/www.facebook.com\/WebdelMaestroCMF\/","article_published_time":"2025-06-27T15:39:57+00:00","article_modified_time":"2025-07-11T00:22:57+00:00","og_image":[{"width":1003,"height":667,"url":"https:\/\/webdelmaestrocmf.com\/portal\/wp-content\/uploads\/2025\/06\/1A-Banner-1-portada-imagen-10-1-copia-30.jpg","type":"image\/jpeg"}],"author":"Web del Maestro CMF","twitter_card":"summary_large_image","twitter_creator":"@cmf_w","twitter_site":"@cmf_w","schema":{"@context":"https:\/\/schema.org","@graph":[{"@type":"ScholarlyArticle","@id":"https:\/\/webdelmaestrocmf.com\/portal\/japon-ejecuta-en-la-horca-al-asesino-de-twitter-por-matar-y-descuartizar-a-nueve-personas\/#article","isPartOf":{"@id":"https:\/\/webdelmaestrocmf.com\/portal\/japon-ejecuta-en-la-horca-al-asesino-de-twitter-por-matar-y-descuartizar-a-nueve-personas\/"},"author":{"name":"Web del Maestro CMF","@id":"https:\/\/webdelmaestrocmf.com\/portal\/#\/schema\/person\/1072a2ed7bd960df8ef99a551fa35dc5"},"headline":"Jap\u00f3n ejecuta en la horca al \u2018asesino de Twitter\u2019 por matar y descuartizar a nueve personas","datePublished":"2025-06-27T15:39:57+00:00","dateModified":"2025-07-11T00:22:57+00:00","mainEntityOfPage":{"@id":"https:\/\/webdelmaestrocmf.com\/portal\/japon-ejecuta-en-la-horca-al-asesino-de-twitter-por-matar-y-descuartizar-a-nueve-personas\/"},"wordCount":634,"commentCount":0,"publisher":{"@id":"https:\/\/webdelmaestrocmf.com\/portal\/#organization"},"image":{"@id":"https:\/\/webdelmaestrocmf.com\/portal\/japon-ejecuta-en-la-horca-al-asesino-de-twitter-por-matar-y-descuartizar-a-nueve-personas\/#primaryimage"},"thumbnailUrl":"https:\/\/webdelmaestrocmf.com\/portal\/wp-content\/uploads\/2025\/06\/1A-Banner-1-portada-imagen-10-1-copia-30.jpg","keywords":["asesino de Twitter","contenido sexual"],"articleSection":["Noticias Internacionales"],"inLanguage":"es","potentialAction":[{"@type":"CommentAction","name":"Comment","target":["https:\/\/webdelmaestrocmf.com\/portal\/japon-ejecuta-en-la-horca-al-asesino-de-twitter-por-matar-y-descuartizar-a-nueve-personas\/#respond"]}]},{"@type":"WebPage","@id":"https:\/\/webdelmaestrocmf.com\/portal\/japon-ejecuta-en-la-horca-al-asesino-de-twitter-por-matar-y-descuartizar-a-nueve-personas\/","url":"https:\/\/webdelmaestrocmf.com\/portal\/japon-ejecuta-en-la-horca-al-asesino-de-twitter-por-matar-y-descuartizar-a-nueve-personas\/","name":"Jap\u00f3n ejecuta en la horca al \u2018asesino de Twitter\u2019 por matar y descuartizar a nueve personas - 2026","isPartOf":{"@id":"https:\/\/webdelmaestrocmf.com\/portal\/#website"},"primaryImageOfPage":{"@id":"https:\/\/webdelmaestrocmf.com\/portal\/japon-ejecuta-en-la-horca-al-asesino-de-twitter-por-matar-y-descuartizar-a-nueve-personas\/#primaryimage"},"image":{"@id":"https:\/\/webdelmaestrocmf.com\/portal\/japon-ejecuta-en-la-horca-al-asesino-de-twitter-por-matar-y-descuartizar-a-nueve-personas\/#primaryimage"},"thumbnailUrl":"https:\/\/webdelmaestrocmf.com\/portal\/wp-content\/uploads\/2025\/06\/1A-Banner-1-portada-imagen-10-1-copia-30.jpg","datePublished":"2025-06-27T15:39:57+00:00","dateModified":"2025-07-11T00:22:57+00:00","description":"Takahiro Shiraishi, conocido mundialmente como el \u201casesino de Twitter\u201d, ha sido ejecutado en la horca en Jap\u00f3n, tras ser hallado...","breadcrumb":{"@id":"https:\/\/webdelmaestrocmf.com\/portal\/japon-ejecuta-en-la-horca-al-asesino-de-twitter-por-matar-y-descuartizar-a-nueve-personas\/#breadcrumb"},"inLanguage":"es","potentialAction":[{"@type":"ReadAction","target":["https:\/\/webdelmaestrocmf.com\/portal\/japon-ejecuta-en-la-horca-al-asesino-de-twitter-por-matar-y-descuartizar-a-nueve-personas\/"]}]},{"@type":"ImageObject","inLanguage":"es","@id":"https:\/\/webdelmaestrocmf.com\/portal\/japon-ejecuta-en-la-horca-al-asesino-de-twitter-por-matar-y-descuartizar-a-nueve-personas\/#primaryimage","url":"https:\/\/webdelmaestrocmf.com\/portal\/wp-content\/uploads\/2025\/06\/1A-Banner-1-portada-imagen-10-1-copia-30.jpg","contentUrl":"https:\/\/webdelmaestrocmf.com\/portal\/wp-content\/uploads\/2025\/06\/1A-Banner-1-portada-imagen-10-1-copia-30.jpg","width":1003,"height":667},{"@type":"BreadcrumbList","@id":"https:\/\/webdelmaestrocmf.com\/portal\/japon-ejecuta-en-la-horca-al-asesino-de-twitter-por-matar-y-descuartizar-a-nueve-personas\/#breadcrumb","itemListElement":[{"@type":"ListItem","position":1,"name":"Portada","item":"https:\/\/webdelmaestrocmf.com\/portal\/"},{"@type":"ListItem","position":2,"name":"Noticias Internacionales","item":"https:\/\/webdelmaestrocmf.com\/portal\/category\/noticias-internacionales\/"},{"@type":"ListItem","position":3,"name":"Jap\u00f3n ejecuta en la horca al \u2018asesino de Twitter\u2019 por matar y descuartizar a nueve personas"}]},{"@type":"WebSite","@id":"https:\/\/webdelmaestrocmf.com\/portal\/#website","url":"https:\/\/webdelmaestrocmf.com\/portal\/","name":"Web del Maestro CMF","description":"Maestros al servicio de la educaci\u00f3n","publisher":{"@id":"https:\/\/webdelmaestrocmf.com\/portal\/#organization"},"alternateName":"WMCMF","potentialAction":[{"@type":"SearchAction","target":{"@type":"EntryPoint","urlTemplate":"https:\/\/webdelmaestrocmf.com\/portal\/?s={search_term_string}"},"query-input":{"@type":"PropertyValueSpecification","valueRequired":true,"valueName":"search_term_string"}}],"inLanguage":"es"},{"@type":"Organization","@id":"https:\/\/webdelmaestrocmf.com\/portal\/#organization","name":"Web del Maestro CMF","alternateName":"WMCMF","url":"https:\/\/webdelmaestrocmf.com\/portal\/","logo":{"@type":"ImageObject","inLanguage":"es","@id":"https:\/\/webdelmaestrocmf.com\/portal\/#\/schema\/logo\/image\/","url":"https:\/\/webdelmaestrocmf.com\/portal\/wp-content\/uploads\/2023\/01\/logo-wmcmf-2.png","contentUrl":"https:\/\/webdelmaestrocmf.com\/portal\/wp-content\/uploads\/2023\/01\/logo-wmcmf-2.png","width":200,"height":60,"caption":"Web del Maestro CMF"},"image":{"@id":"https:\/\/webdelmaestrocmf.com\/portal\/#\/schema\/logo\/image\/"},"sameAs":["https:\/\/www.facebook.com\/WebdelMaestroCMF\/","https:\/\/x.com\/cmf_w","https:\/\/www.pinterest.com\/WMCMF\/","https:\/\/www.linkedin.com\/company\/web-del-maestro-cmf\/","https:\/\/www.instagram.com\/wmcmf\/","https:\/\/www.youtube.com\/channel\/UCDPSvjbdodE5sHnC3OxutHw","https:\/\/mastodon.social\/@wmcmf","https:\/\/www.tiktok.com\/@webdelmaestrocmf"]},{"@type":"Person","@id":"https:\/\/webdelmaestrocmf.com\/portal\/#\/schema\/person\/1072a2ed7bd960df8ef99a551fa35dc5","name":"Web del Maestro CMF","image":{"@type":"ImageObject","inLanguage":"es","@id":"https:\/\/secure.gravatar.com\/avatar\/23291dd5b5ae1077dcff3dbb04c3e02bd28403fa75af6d8787d5e97c5bbbe30b?s=96&d=mm&r=g","url":"https:\/\/secure.gravatar.com\/avatar\/23291dd5b5ae1077dcff3dbb04c3e02bd28403fa75af6d8787d5e97c5bbbe30b?s=96&d=mm&r=g","contentUrl":"https:\/\/secure.gravatar.com\/avatar\/23291dd5b5ae1077dcff3dbb04c3e02bd28403fa75af6d8787d5e97c5bbbe30b?s=96&d=mm&r=g","caption":"Web del Maestro CMF"},"description":"Esta Web se cre\u00f3 sin fines de lucro, con fines educativos, cient\u00edficos y acad\u00e9micos, para personas que tengan dificultades y\/o inconvenientes en visualizar el material original. El objetivo es entregar recursos, compartir experiencias y materiales que ayuden a los padres de familia, maestros y estudiantes en su actualizaci\u00f3n y formaci\u00f3n permanente, en bien de la Educaci\u00f3n.","sameAs":["http:\/\/webdelmaestrocmf.com\/portal","https:\/\/www.facebook.com\/WebdelMaestroCMF\/","https:\/\/www.instagram.com\/wmcmf\/","https:\/\/cl.linkedin.com\/company\/web-del-maestro-cmf","https:\/\/www.pinterest.com\/WMCMF\/publicaciones\/","https:\/\/x.com\/cmf_w","https:\/\/www.youtube.com\/@WMCMF"]}]}},"jetpack_featured_media_url":"https:\/\/webdelmaestrocmf.com\/portal\/wp-content\/uploads\/2025\/06\/1A-Banner-1-portada-imagen-10-1-copia-30.jpg","jetpack_sharing_enabled":true,"jetpack-related-posts":[{"id":53594,"url":"https:\/\/webdelmaestrocmf.com\/portal\/camerun-guerrilleros-asesinan-a-estudiantes-dentro-de-su-escuela\/","url_meta":{"origin":110615,"position":0},"title":"Camer\u00fan: guerrilleros asesinan a estudiantes dentro de su escuela","author":"Web del Maestro CMF","date":"28 octubre, 2020","format":false,"excerpt":"Hace poco tiempo las noticias nos hac\u00edan conocer el asesinato del profesor Samuel Paty en Francia, por un adolescente checheno que lo decapit\u00f3 por mostrar caricaturas del profeta Mahoma en el aula de su clase.\u00a0 \u00c9ste \u201cse hab\u00eda puesto en contacto con un padre de familia de la escuela que,\u2026","rel":"","context":"En \u00abRecursos\u00bb","block_context":{"text":"Recursos","link":"https:\/\/webdelmaestrocmf.com\/portal\/category\/pedagogia\/"},"img":{"alt_text":"","src":"https:\/\/i0.wp.com\/webdelmaestrocmf.com\/portal\/wp-content\/uploads\/2020\/10\/1jpg-14.jpg?resize=350%2C200&ssl=1","width":350,"height":200,"srcset":"https:\/\/i0.wp.com\/webdelmaestrocmf.com\/portal\/wp-content\/uploads\/2020\/10\/1jpg-14.jpg?resize=350%2C200&ssl=1 1x, https:\/\/i0.wp.com\/webdelmaestrocmf.com\/portal\/wp-content\/uploads\/2020\/10\/1jpg-14.jpg?resize=525%2C300&ssl=1 1.5x, https:\/\/i0.wp.com\/webdelmaestrocmf.com\/portal\/wp-content\/uploads\/2020\/10\/1jpg-14.jpg?resize=700%2C400&ssl=1 2x, https:\/\/i0.wp.com\/webdelmaestrocmf.com\/portal\/wp-content\/uploads\/2020\/10\/1jpg-14.jpg?resize=1050%2C600&ssl=1 3x"},"classes":[]},{"id":109133,"url":"https:\/\/webdelmaestrocmf.com\/portal\/un-hombre-desbloquea-el-iphone-de-su-hijo-apunalado-en-italia-y-encuentra-un-video-selfie-del-presunto-asesino\/","url_meta":{"origin":110615,"position":1},"title":"Un hombre desbloquea el iPhone de su hijo apu\u00f1alado en Italia y encuentra un v\u00eddeo selfie del presunto asesino","author":"Web del Maestro CMF","date":"3 junio, 2025","format":false,"excerpt":"Un giro de 180 grados dio la investigaci\u00f3n de un\u00a0brutal asesinato cometido en Padua, Italia,\u00a0en 2024.\u00a0Michael Boschetto, un joven de 32 a\u00f1os, fue\u00a0apu\u00f1alado hasta la muerte\u00a0en la puerta de su casa. Presuntamente, el asesinato habr\u00eda sido cometido por Giacomo Friso, un vecino de la v\u00edctima, seg\u00fan apunta el diario\u00a0Il Corriere\u2026","rel":"","context":"En \u00abNoticias Internacionales\u00bb","block_context":{"text":"Noticias Internacionales","link":"https:\/\/webdelmaestrocmf.com\/portal\/category\/noticias-internacionales\/"},"img":{"alt_text":"","src":"https:\/\/i0.wp.com\/webdelmaestrocmf.com\/portal\/wp-content\/uploads\/2025\/06\/1A-Banner-1-portada-imagen-10-1-2.jpg?resize=350%2C200&ssl=1","width":350,"height":200,"srcset":"https:\/\/i0.wp.com\/webdelmaestrocmf.com\/portal\/wp-content\/uploads\/2025\/06\/1A-Banner-1-portada-imagen-10-1-2.jpg?resize=350%2C200&ssl=1 1x, https:\/\/i0.wp.com\/webdelmaestrocmf.com\/portal\/wp-content\/uploads\/2025\/06\/1A-Banner-1-portada-imagen-10-1-2.jpg?resize=525%2C300&ssl=1 1.5x, https:\/\/i0.wp.com\/webdelmaestrocmf.com\/portal\/wp-content\/uploads\/2025\/06\/1A-Banner-1-portada-imagen-10-1-2.jpg?resize=700%2C400&ssl=1 2x"},"classes":[]},{"id":88485,"url":"https:\/\/webdelmaestrocmf.com\/portal\/un-estudiante-de-13-anos-mata-a-tiros-a-ocho-alumnos-y-un-vigilante-en-un-colegio-de-serbia\/","url_meta":{"origin":110615,"position":2},"title":"Un estudiante de 13 a\u00f1os mata a tiros a ocho alumnos y un vigilante en un colegio de Serbia","author":"Web del Maestro CMF","date":"4 mayo, 2023","format":false,"excerpt":"Primero dispar\u00f3 contra el vigilante del colegio, que intent\u00f3 interponerse en su camino. Una vez muerto, dispar\u00f3 a tres ni\u00f1as en un pasillo del centro escolar. Luego abri\u00f3 fuego contra su profesora y contra los compa\u00f1eros de su clase. En total, en esta jornada tr\u00e1gica en Belgrado, capital de Serbia,\u2026","rel":"","context":"En \u00abNoticias\u00bb","block_context":{"text":"Noticias","link":"https:\/\/webdelmaestrocmf.com\/portal\/category\/pedagogia\/noticias-pedagogia\/"},"img":{"alt_text":"","src":"https:\/\/i0.wp.com\/webdelmaestrocmf.com\/portal\/wp-content\/uploads\/2021\/02\/luto.jpg?resize=350%2C200&ssl=1","width":350,"height":200,"srcset":"https:\/\/i0.wp.com\/webdelmaestrocmf.com\/portal\/wp-content\/uploads\/2021\/02\/luto.jpg?resize=350%2C200&ssl=1 1x, https:\/\/i0.wp.com\/webdelmaestrocmf.com\/portal\/wp-content\/uploads\/2021\/02\/luto.jpg?resize=525%2C300&ssl=1 1.5x, https:\/\/i0.wp.com\/webdelmaestrocmf.com\/portal\/wp-content\/uploads\/2021\/02\/luto.jpg?resize=700%2C400&ssl=1 2x, https:\/\/i0.wp.com\/webdelmaestrocmf.com\/portal\/wp-content\/uploads\/2021\/02\/luto.jpg?resize=1050%2C600&ssl=1 3x"},"classes":[]},{"id":53194,"url":"https:\/\/webdelmaestrocmf.com\/portal\/profesor-de-historia-y-geografia-fue-decapitado-en-francia-segun-las-investigaciones-traicionado-por-sus-alumnos\/","url_meta":{"origin":110615,"position":3},"title":"Profesor de historia y geograf\u00eda fue decapitado en Francia","author":"Web del Maestro CMF","date":"17 octubre, 2020","format":false,"excerpt":"La polic\u00eda de Francia ha detenido a cuatro alumnos por su supuesta relaci\u00f3n con el asesinato del profesor Samuel Paty. El autor del crimen, Abdouallakh Anzorov, no lo conoc\u00eda, pero el d\u00eda del hecho fue guiado por algunos escolares. Los investigadores creen que varios alumnos se\u00f1alaron a cambio de dinero\u2026","rel":"","context":"En \u00abRecursos\u00bb","block_context":{"text":"Recursos","link":"https:\/\/webdelmaestrocmf.com\/portal\/category\/pedagogia\/"},"img":{"alt_text":"","src":"https:\/\/i0.wp.com\/webdelmaestrocmf.com\/portal\/wp-content\/uploads\/2020\/10\/1-copia-66.jpg?resize=350%2C200&ssl=1","width":350,"height":200,"srcset":"https:\/\/i0.wp.com\/webdelmaestrocmf.com\/portal\/wp-content\/uploads\/2020\/10\/1-copia-66.jpg?resize=350%2C200&ssl=1 1x, https:\/\/i0.wp.com\/webdelmaestrocmf.com\/portal\/wp-content\/uploads\/2020\/10\/1-copia-66.jpg?resize=525%2C300&ssl=1 1.5x, https:\/\/i0.wp.com\/webdelmaestrocmf.com\/portal\/wp-content\/uploads\/2020\/10\/1-copia-66.jpg?resize=700%2C400&ssl=1 2x, https:\/\/i0.wp.com\/webdelmaestrocmf.com\/portal\/wp-content\/uploads\/2020\/10\/1-copia-66.jpg?resize=1050%2C600&ssl=1 3x"},"classes":[]},{"id":113429,"url":"https:\/\/webdelmaestrocmf.com\/portal\/corea-del-sur-marca-un-precedente-expulsan-a-estudiantes-de-elite-por-acoso-escolar\/","url_meta":{"origin":110615,"position":4},"title":"Corea del Sur marca un precedente: expulsan a estudiantes de \u00e9lite por acoso escolar","author":"Web del Maestro CMF","date":"11 noviembre, 2025","format":false,"excerpt":"Corea del Sur expulsa a 45 estudiantes por acoso escolar, reafirmando que la excelencia acad\u00e9mica jam\u00e1s puede estar por encima del respeto.","rel":"","context":"En \u00abNoticias Internacionales\u00bb","block_context":{"text":"Noticias Internacionales","link":"https:\/\/webdelmaestrocmf.com\/portal\/category\/noticias-internacionales\/"},"img":{"alt_text":"","src":"https:\/\/i0.wp.com\/webdelmaestrocmf.com\/portal\/wp-content\/uploads\/2025\/11\/Portada-articulos-1-6.jpg?resize=350%2C200&ssl=1","width":350,"height":200,"srcset":"https:\/\/i0.wp.com\/webdelmaestrocmf.com\/portal\/wp-content\/uploads\/2025\/11\/Portada-articulos-1-6.jpg?resize=350%2C200&ssl=1 1x, https:\/\/i0.wp.com\/webdelmaestrocmf.com\/portal\/wp-content\/uploads\/2025\/11\/Portada-articulos-1-6.jpg?resize=525%2C300&ssl=1 1.5x, https:\/\/i0.wp.com\/webdelmaestrocmf.com\/portal\/wp-content\/uploads\/2025\/11\/Portada-articulos-1-6.jpg?resize=700%2C400&ssl=1 2x"},"classes":[]},{"id":111150,"url":"https:\/\/webdelmaestrocmf.com\/portal\/proponen-aumentar-penas-por-violencia-y-amenazas-hacia-docentes-a-raiz-del-asesinado-de-profesor-universitario\/","url_meta":{"origin":110615,"position":5},"title":"Proponen aumentar penas por violencia y amenazas hacia docentes a ra\u00edz del asesinado de profesor universitario","author":"Web del Maestro CMF","date":"12 julio, 2025","format":false,"excerpt":"Tras el asesinato de un maestro y m\u00e1s de 90 agresiones registradas, autoridades de Tlaxcala proponen reformas al c\u00f3digo penal para castigar con mayor severidad las amenazas y agresiones contra docentes","rel":"","context":"En \u00abNoticias Internacionales\u00bb","block_context":{"text":"Noticias Internacionales","link":"https:\/\/webdelmaestrocmf.com\/portal\/category\/noticias-internacionales\/"},"img":{"alt_text":"","src":"https:\/\/i0.wp.com\/webdelmaestrocmf.com\/portal\/wp-content\/uploads\/2025\/07\/1A-Banner-1-portada-imagen-10-1-copia-2.jpg?resize=350%2C200&ssl=1","width":350,"height":200,"srcset":"https:\/\/i0.wp.com\/webdelmaestrocmf.com\/portal\/wp-content\/uploads\/2025\/07\/1A-Banner-1-portada-imagen-10-1-copia-2.jpg?resize=350%2C200&ssl=1 1x, https:\/\/i0.wp.com\/webdelmaestrocmf.com\/portal\/wp-content\/uploads\/2025\/07\/1A-Banner-1-portada-imagen-10-1-copia-2.jpg?resize=525%2C300&ssl=1 1.5x, https:\/\/i0.wp.com\/webdelmaestrocmf.com\/portal\/wp-content\/uploads\/2025\/07\/1A-Banner-1-portada-imagen-10-1-copia-2.jpg?resize=700%2C400&ssl=1 2x"},"classes":[]}],"_links":{"self":[{"href":"https:\/\/webdelmaestrocmf.com\/portal\/wp-json\/wp\/v2\/posts\/110615","targetHints":{"allow":["GET"]}}],"collection":[{"href":"https:\/\/webdelmaestrocmf.com\/portal\/wp-json\/wp\/v2\/posts"}],"about":[{"href":"https:\/\/webdelmaestrocmf.com\/portal\/wp-json\/wp\/v2\/types\/post"}],"author":[{"embeddable":true,"href":"https:\/\/webdelmaestrocmf.com\/portal\/wp-json\/wp\/v2\/users\/1"}],"replies":[{"embeddable":true,"href":"https:\/\/webdelmaestrocmf.com\/portal\/wp-json\/wp\/v2\/comments?post=110615"}],"version-history":[{"count":1,"href":"https:\/\/webdelmaestrocmf.com\/portal\/wp-json\/wp\/v2\/posts\/110615\/revisions"}],"predecessor-version":[{"id":110619,"href":"https:\/\/webdelmaestrocmf.com\/portal\/wp-json\/wp\/v2\/posts\/110615\/revisions\/110619"}],"wp:featuredmedia":[{"embeddable":true,"href":"https:\/\/webdelmaestrocmf.com\/portal\/wp-json\/wp\/v2\/media\/110616"}],"wp:attachment":[{"href":"https:\/\/webdelmaestrocmf.com\/portal\/wp-json\/wp\/v2\/media?parent=110615"}],"wp:term":[{"taxonomy":"category","embeddable":true,"href":"https:\/\/webdelmaestrocmf.com\/portal\/wp-json\/wp\/v2\/categories?post=110615"},{"taxonomy":"post_tag","embeddable":true,"href":"https:\/\/webdelmaestrocmf.com\/portal\/wp-json\/wp\/v2\/tags?post=110615"}],"curies":[{"name":"wp","href":"https:\/\/api.w.org\/{rel}","templated":true}]}}