{"id":110456,"date":"2025-06-25T15:35:30","date_gmt":"2025-06-25T19:35:30","guid":{"rendered":"https:\/\/webdelmaestrocmf.com\/portal\/?p=110456"},"modified":"2025-06-25T15:42:05","modified_gmt":"2025-06-25T19:42:05","slug":"jubilado-que-busca-trabajo-escribio-su-cv-a-mano-lo-repartio-y-ya-consiguio-26-clientes","status":"publish","type":"post","link":"https:\/\/webdelmaestrocmf.com\/portal\/jubilado-que-busca-trabajo-escribio-su-cv-a-mano-lo-repartio-y-ya-consiguio-26-clientes\/","title":{"rendered":"Jubilado que busca trabajo escribi\u00f3 su CV a mano, lo reparti\u00f3 y ya consigui\u00f3 26 clientes"},"content":{"rendered":"\n<p class=\"wp-block-paragraph\">A los 67 a\u00f1os, Herm\u00e1n L\u00e1zaro Barboza Vilte, jubilado y docente t\u00e9cnico con m\u00e1s de 40 a\u00f1os de trayectoria en Salta, se vio forzado a salir a trabajar nuevamente. La jubilaci\u00f3n no le alcanza para cubrir sus necesidades b\u00e1sicas, y como tantos adultos mayores en Argentina, su situaci\u00f3n es cr\u00edtica. Pero lejos de rendirse, Herm\u00e1n escribi\u00f3 su curr\u00edculum a mano, lo copi\u00f3 varias veces y comenz\u00f3 a repartirlo. Hoy ya tiene 26 clientes.<\/p>\n\n\n\n<p class=\"wp-block-paragraph\">Con letra clara y sin errores, detall\u00f3 sus servicios: electricista, cortador de c\u00e9sped, colocador de vidrios, herrer\u00eda y hasta gestor de tr\u00e1mites. Su historia, que se conoci\u00f3 tras la publicaci\u00f3n de un vecino en redes sociales, gener\u00f3 un impacto inmediato: fue compartida, aplaudida y comentada con respeto y tristeza.<\/p>\n\n\n\n<figure class=\"wp-block-image size-large is-resized\"><img loading=\"lazy\" decoding=\"async\" width=\"649\" height=\"1024\" src=\"https:\/\/webdelmaestrocmf.com\/portal\/wp-content\/uploads\/2025\/06\/las-propuestas-de-herman-y-sus-datos-de-contacto-foto-facebooksaltasoy-I2WNJYZJHJE7RLF5ZYFOD3UDRU-649x1024.webp\" alt=\"\" class=\"wp-image-110461\" style=\"width:688px;height:auto\" srcset=\"https:\/\/webdelmaestrocmf.com\/portal\/wp-content\/uploads\/2025\/06\/las-propuestas-de-herman-y-sus-datos-de-contacto-foto-facebooksaltasoy-I2WNJYZJHJE7RLF5ZYFOD3UDRU-649x1024.webp 649w, https:\/\/webdelmaestrocmf.com\/portal\/wp-content\/uploads\/2025\/06\/las-propuestas-de-herman-y-sus-datos-de-contacto-foto-facebooksaltasoy-I2WNJYZJHJE7RLF5ZYFOD3UDRU-190x300.webp 190w, https:\/\/webdelmaestrocmf.com\/portal\/wp-content\/uploads\/2025\/06\/las-propuestas-de-herman-y-sus-datos-de-contacto-foto-facebooksaltasoy-I2WNJYZJHJE7RLF5ZYFOD3UDRU-768x1212.webp 768w, https:\/\/webdelmaestrocmf.com\/portal\/wp-content\/uploads\/2025\/06\/las-propuestas-de-herman-y-sus-datos-de-contacto-foto-facebooksaltasoy-I2WNJYZJHJE7RLF5ZYFOD3UDRU-973x1536.webp 973w, https:\/\/webdelmaestrocmf.com\/portal\/wp-content\/uploads\/2025\/06\/las-propuestas-de-herman-y-sus-datos-de-contacto-foto-facebooksaltasoy-I2WNJYZJHJE7RLF5ZYFOD3UDRU-1297x2048.webp 1297w, https:\/\/webdelmaestrocmf.com\/portal\/wp-content\/uploads\/2025\/06\/las-propuestas-de-herman-y-sus-datos-de-contacto-foto-facebooksaltasoy-I2WNJYZJHJE7RLF5ZYFOD3UDRU-332x524.webp 332w, https:\/\/webdelmaestrocmf.com\/portal\/wp-content\/uploads\/2025\/06\/las-propuestas-de-herman-y-sus-datos-de-contacto-foto-facebooksaltasoy-I2WNJYZJHJE7RLF5ZYFOD3UDRU-664x1048.webp 664w, https:\/\/webdelmaestrocmf.com\/portal\/wp-content\/uploads\/2025\/06\/las-propuestas-de-herman-y-sus-datos-de-contacto-foto-facebooksaltasoy-I2WNJYZJHJE7RLF5ZYFOD3UDRU-688x1086.webp 688w, https:\/\/webdelmaestrocmf.com\/portal\/wp-content\/uploads\/2025\/06\/las-propuestas-de-herman-y-sus-datos-de-contacto-foto-facebooksaltasoy-I2WNJYZJHJE7RLF5ZYFOD3UDRU-1044x1648.webp 1044w, https:\/\/webdelmaestrocmf.com\/portal\/wp-content\/uploads\/2025\/06\/las-propuestas-de-herman-y-sus-datos-de-contacto-foto-facebooksaltasoy-I2WNJYZJHJE7RLF5ZYFOD3UDRU-1400x2210.webp 1400w, https:\/\/webdelmaestrocmf.com\/portal\/wp-content\/uploads\/2025\/06\/las-propuestas-de-herman-y-sus-datos-de-contacto-foto-facebooksaltasoy-I2WNJYZJHJE7RLF5ZYFOD3UDRU.webp 1440w\" sizes=\"auto, (max-width: 649px) 100vw, 649px\" \/><figcaption class=\"wp-element-caption\">Las propuestas de Herm\u00e1n y sus datos de contacto. (Foto: facebook@saltasoy)<\/figcaption><\/figure>\n\n\n\n<p class=\"wp-block-paragraph\">Muchos usuarios destacaron no solo su caligraf\u00eda, sino su actitud y dignidad: \u201cUn ejemplo de esfuerzo\u201d, dijeron. Otros lamentaron que un hombre con tantos a\u00f1os de trabajo deba seguir buscando ingresos en lugar de descansar. Aun as\u00ed, Herm\u00e1n mantiene el temple y sigue adelante, trabajando de forma independiente y demostrando que, incluso en la adversidad, hay formas honestas de salir adelante.<\/p>\n\n\n\n<figure class=\"wp-block-image size-large\"><img loading=\"lazy\" decoding=\"async\" width=\"1024\" height=\"573\" src=\"https:\/\/webdelmaestrocmf.com\/portal\/wp-content\/uploads\/2025\/06\/el-cv-que-escribio-herman-fue-elogiado-por-su-gran-caligrafia-pero-tambien-genero-repercusiones-foto-facebook-saltasoy-GQU72FR4WFCVHCC3TS5Z55AYDQ-1024x573.webp\" alt=\"\" class=\"wp-image-110459\" srcset=\"https:\/\/webdelmaestrocmf.com\/portal\/wp-content\/uploads\/2025\/06\/el-cv-que-escribio-herman-fue-elogiado-por-su-gran-caligrafia-pero-tambien-genero-repercusiones-foto-facebook-saltasoy-GQU72FR4WFCVHCC3TS5Z55AYDQ-1024x573.webp 1024w, https:\/\/webdelmaestrocmf.com\/portal\/wp-content\/uploads\/2025\/06\/el-cv-que-escribio-herman-fue-elogiado-por-su-gran-caligrafia-pero-tambien-genero-repercusiones-foto-facebook-saltasoy-GQU72FR4WFCVHCC3TS5Z55AYDQ-300x168.webp 300w, https:\/\/webdelmaestrocmf.com\/portal\/wp-content\/uploads\/2025\/06\/el-cv-que-escribio-herman-fue-elogiado-por-su-gran-caligrafia-pero-tambien-genero-repercusiones-foto-facebook-saltasoy-GQU72FR4WFCVHCC3TS5Z55AYDQ-768x430.webp 768w, https:\/\/webdelmaestrocmf.com\/portal\/wp-content\/uploads\/2025\/06\/el-cv-que-escribio-herman-fue-elogiado-por-su-gran-caligrafia-pero-tambien-genero-repercusiones-foto-facebook-saltasoy-GQU72FR4WFCVHCC3TS5Z55AYDQ-332x186.webp 332w, https:\/\/webdelmaestrocmf.com\/portal\/wp-content\/uploads\/2025\/06\/el-cv-que-escribio-herman-fue-elogiado-por-su-gran-caligrafia-pero-tambien-genero-repercusiones-foto-facebook-saltasoy-GQU72FR4WFCVHCC3TS5Z55AYDQ-664x372.webp 664w, https:\/\/webdelmaestrocmf.com\/portal\/wp-content\/uploads\/2025\/06\/el-cv-que-escribio-herman-fue-elogiado-por-su-gran-caligrafia-pero-tambien-genero-repercusiones-foto-facebook-saltasoy-GQU72FR4WFCVHCC3TS5Z55AYDQ-688x385.webp 688w, https:\/\/webdelmaestrocmf.com\/portal\/wp-content\/uploads\/2025\/06\/el-cv-que-escribio-herman-fue-elogiado-por-su-gran-caligrafia-pero-tambien-genero-repercusiones-foto-facebook-saltasoy-GQU72FR4WFCVHCC3TS5Z55AYDQ-1044x584.webp 1044w, https:\/\/webdelmaestrocmf.com\/portal\/wp-content\/uploads\/2025\/06\/el-cv-que-escribio-herman-fue-elogiado-por-su-gran-caligrafia-pero-tambien-genero-repercusiones-foto-facebook-saltasoy-GQU72FR4WFCVHCC3TS5Z55AYDQ-1400x784.webp 1400w, https:\/\/webdelmaestrocmf.com\/portal\/wp-content\/uploads\/2025\/06\/el-cv-que-escribio-herman-fue-elogiado-por-su-gran-caligrafia-pero-tambien-genero-repercusiones-foto-facebook-saltasoy-GQU72FR4WFCVHCC3TS5Z55AYDQ.webp 1440w\" sizes=\"auto, (max-width: 1024px) 100vw, 1024px\" \/><figcaption class=\"wp-element-caption\">El CV que escribi\u00f3 Herm\u00e1n fue elogiado por su gran caligraf\u00eda, pero tambi\u00e9n gener\u00f3 repercusiones. (Foto: Facebook @saltasoy)<\/figcaption><\/figure>\n\n\n\n<h3 class=\"wp-block-heading\"><strong><strong>Una historia similar: el curr\u00edculum manuscrito de Carlos en C\u00f3rdoba<\/strong><\/strong><\/h3>\n\n\n\n<p class=\"wp-block-paragraph\">La historia de Herm\u00e1n recuerda a la de Carlos, un joven cordob\u00e9s de 21 a\u00f1os que tampoco se dej\u00f3 vencer por las dificultades. Sin dinero para imprimir su curr\u00edculum, entr\u00f3 a una cafeter\u00eda de C\u00f3rdoba capital y pidi\u00f3 trabajo. Cuando le dijeron que pod\u00edan recibir su CV, confes\u00f3 que no ten\u00eda c\u00f3mo imprimirlo. Entonces, la empleada \u2014Eugenia\u2014 le ofreci\u00f3 papel y lapicera. Carlos escribi\u00f3 all\u00ed mismo su curr\u00edculum a mano, con timidez, y lo firm\u00f3 con un mensaje que conmovi\u00f3: <em>\u201cGracias por aceptarme el CV y perd\u00f3n por la hoja impresentable\u201d<\/em>.<\/p>\n\n\n\n<p class=\"wp-block-paragraph\">Eugenia, emocionada por su humildad y esfuerzo, comparti\u00f3 la historia en Facebook. Lo que no imagin\u00f3 es que se har\u00eda viral. A las pocas horas, la publicaci\u00f3n hab\u00eda llegado a miles de personas. La historia incluso cruz\u00f3 fronteras y apareci\u00f3 en medios internacionales. La repercusi\u00f3n fue tal que la municipalidad lo contact\u00f3 y le ofreci\u00f3 un puesto de trabajo en una vidrier\u00eda local.<\/p>\n\n\n\n<iframe loading=\"lazy\" width=\"100%\" height=\"315\" src=\"https:\/\/www.youtube.com\/embed\/-1BQNX00RsY?si=nL1TNRi7gGNyf3gP\" title=\"YouTube video player\" frameborder=\"0\" allow=\"accelerometer; autoplay; clipboard-write; encrypted-media; gyroscope; picture-in-picture; web-share\" referrerpolicy=\"strict-origin-when-cross-origin\" allowfullscreen><\/iframe>\n\n\n\n<h3 class=\"wp-block-heading\"><strong>Dignidad escrita a mano<\/strong><\/h3>\n\n\n\n<p class=\"wp-block-paragraph\">Ambas historias \u2014la de Herm\u00e1n en Salta y la de Carlos en C\u00f3rdoba\u2014 son testimonios reales de lo que significa querer ganarse la vida con dignidad. Uno, con una vida de trabajo a cuestas, que deber\u00eda estar disfrutando su jubilaci\u00f3n; el otro, dando sus primeros pasos en el mundo laboral. Ambos, enfrentados a obst\u00e1culos distintos, respondieron con lo mismo: esfuerzo, humildad y determinaci\u00f3n.<\/p>\n\n\n\n<p class=\"wp-block-paragraph\">Pero m\u00e1s all\u00e1 de la emoci\u00f3n que generan, estas historias ponen en evidencia dos realidades preocupantes: el abandono del adulto mayor y la precariedad de los j\u00f3venes que intentan insertarse laboralmente. Tambi\u00e9n nos recuerdan algo esencial: que a veces, una hoja escrita a mano puede decir mucho m\u00e1s que un curr\u00edculum digital pulido.<\/p>\n\n\n\n<p class=\"wp-block-paragraph\">Y que todav\u00eda hay gestos \u2014como el de Eugenia\u2014 que hacen la diferencia. Porque a veces no se trata solo de dar trabajo, sino de reconocer el valor del otro. Y en ese reconocimiento, tambi\u00e9n estamos reconstruyendo algo m\u00e1s grande: la esperanza.<\/p>\n\n\n\n<p class=\"has-text-align-right wp-block-paragraph\"><strong>Redacci\u00f3n | Web del Maestro CMF<\/strong><\/p>\n\n\n\t\t<div class=\"pk-inline-posts\">\n\t\t\t\n\t\t\t<div class=\"pk-inline-posts-container pk-inline-posts-template-list\"\n\t\t\t\tdata-columns=\"1\">\n\t\t\t\t\t\t<article id=\"post-121155\" class=\"post-121155 post type-post status-publish format-standard has-post-thumbnail category-noticias-internacionales tag-comunidad-educativa tag-docentes tag-educacion-2 tag-educacion-civica-2 tag-educacion-patriotica tag-educacion-preescolar tag-estudiantes tag-formacion-integral tag-politica-educativa tag-valores cs-entry cs-video-wrap\">\n\t\t\t<div class=\"pk-post-outer\">\n\n\t\t\t\t\t\t\t\t<div class=\"pk-post-inner\">\n\t\t\t\t\t<div class=\"entry-thumbnail\">\n\t\t\t\t\t\t<div class=\"pk-overlay pk-overlay-ratio pk-ratio-landscape\">\n\t\t\t\t\t\t\t<div class=\"pk-overlay-background\">\n\t\t\t\t\t\t\t\t<a href=\"https:\/\/webdelmaestrocmf.com\/portal\/el-ministerio-de-educacion-de-rusia-aprueba-el-plan-educativo-para-el-curso-2026-27\/\" class=\"pk-overlay-link\">\n\t\t\t\t\t\t\t\t\t<img loading=\"lazy\" decoding=\"async\" width=\"300\" height=\"225\" src=\"https:\/\/webdelmaestrocmf.com\/portal\/wp-content\/uploads\/2026\/09\/1AA-Banner-1-portada-imagen-10-1-copia-20-300x225.webp\" class=\"attachment-pk-thumbnail size-pk-thumbnail wp-post-image\" alt=\"\" \/>\t\t\t\t\t\t\t\t<\/a>\n\t\t\t\t\t\t\t<\/div>\n\t\t\t\t\t\t<\/div>\n\t\t\t\t\t<\/div>\n\t\t\t\t<\/div>\n\t\t\t\t\n\t\t\t\t<div class=\"pk-post-inner\">\n\t\t\t\t\t<header>\n\t\t\t\t\t\t<h3 class=\"pk-title\"><a href=\"https:\/\/webdelmaestrocmf.com\/portal\/el-ministerio-de-educacion-de-rusia-aprueba-el-plan-educativo-para-el-curso-2026-27\/\" rel=\"bookmark\">El Ministerio de Educaci\u00f3n de Rusia aprueba el plan educativo para el curso 2026\/27<\/a><\/h3>\t\t\t\t\t<\/header><!-- .entry-header -->\n\t\t\t\t<\/div><!-- .post-inner -->\n\n\t\t\t<\/div><!-- .post-outer -->\n\t\t<\/article>\n\t\t\t<article id=\"post-121053\" class=\"post-121053 post type-post status-publish format-standard has-post-thumbnail category-noticias-internacionales tag-deporte tag-educacion-2 tag-fair-play tag-formacion-deportiva tag-futbol-2 tag-infancia tag-juego-limpio tag-mundial tag-trabajo-en-equipo tag-valores cs-entry cs-video-wrap\">\n\t\t\t<div class=\"pk-post-outer\">\n\n\t\t\t\t\t\t\t\t<div class=\"pk-post-inner\">\n\t\t\t\t\t<div class=\"entry-thumbnail\">\n\t\t\t\t\t\t<div class=\"pk-overlay pk-overlay-ratio pk-ratio-landscape\">\n\t\t\t\t\t\t\t<div class=\"pk-overlay-background\">\n\t\t\t\t\t\t\t\t<a href=\"https:\/\/webdelmaestrocmf.com\/portal\/javier-bardem-elogia-a-la-seleccion-campeona-y-destaca-el-juego-limpio-como-ejemplo-para-millones-de-ninos\/\" class=\"pk-overlay-link\">\n\t\t\t\t\t\t\t\t\t<img loading=\"lazy\" decoding=\"async\" width=\"300\" height=\"225\" src=\"https:\/\/webdelmaestrocmf.com\/portal\/wp-content\/uploads\/2026\/07\/1AA-Banner-1-portada-imagen-10-1-copia-16-1-300x225.webp\" class=\"attachment-pk-thumbnail size-pk-thumbnail wp-post-image\" alt=\"\" \/>\t\t\t\t\t\t\t\t<\/a>\n\t\t\t\t\t\t\t<\/div>\n\t\t\t\t\t\t<\/div>\n\t\t\t\t\t<\/div>\n\t\t\t\t<\/div>\n\t\t\t\t\n\t\t\t\t<div class=\"pk-post-inner\">\n\t\t\t\t\t<header>\n\t\t\t\t\t\t<h3 class=\"pk-title\"><a href=\"https:\/\/webdelmaestrocmf.com\/portal\/javier-bardem-elogia-a-la-seleccion-campeona-y-destaca-el-juego-limpio-como-ejemplo-para-millones-de-ninos\/\" rel=\"bookmark\">Javier Bardem elogia a la selecci\u00f3n campeona y destaca el juego limpio como ejemplo para millones de ni\u00f1os<\/a><\/h3>\t\t\t\t\t<\/header><!-- .entry-header -->\n\t\t\t\t<\/div><!-- .post-inner -->\n\n\t\t\t<\/div><!-- .post-outer -->\n\t\t<\/article>\n\t\t\t<article id=\"post-121041\" class=\"post-121041 post type-post status-publish format-standard has-post-thumbnail category-noticias-internacionales tag-agresion-a-docente tag-apoderados tag-comunidad-educativa tag-convivencia-escolar tag-ley-karin tag-proteccion-docente tag-salud-mental tag-seguridad-escolar tag-violencia-escolar cs-entry cs-video-wrap\">\n\t\t\t<div class=\"pk-post-outer\">\n\n\t\t\t\t\t\t\t\t<div class=\"pk-post-inner\">\n\t\t\t\t\t<div class=\"entry-thumbnail\">\n\t\t\t\t\t\t<div class=\"pk-overlay pk-overlay-ratio pk-ratio-landscape\">\n\t\t\t\t\t\t\t<div class=\"pk-overlay-background\">\n\t\t\t\t\t\t\t\t<a href=\"https:\/\/webdelmaestrocmf.com\/portal\/municipalidad-de-temuco-anuncia-acciones-legales-tras-agresion-de-un-apoderado-a-un-profesor-dentro-de-un-establecimiento-educacional\/\" class=\"pk-overlay-link\">\n\t\t\t\t\t\t\t\t\t<img loading=\"lazy\" decoding=\"async\" width=\"300\" height=\"225\" src=\"https:\/\/webdelmaestrocmf.com\/portal\/wp-content\/uploads\/2026\/07\/1AA-Banner-1-portada-imagen-10-1-copia-14-1-300x225.webp\" class=\"attachment-pk-thumbnail size-pk-thumbnail wp-post-image\" alt=\"\" \/>\t\t\t\t\t\t\t\t<\/a>\n\t\t\t\t\t\t\t<\/div>\n\t\t\t\t\t\t<\/div>\n\t\t\t\t\t<\/div>\n\t\t\t\t<\/div>\n\t\t\t\t\n\t\t\t\t<div class=\"pk-post-inner\">\n\t\t\t\t\t<header>\n\t\t\t\t\t\t<h3 class=\"pk-title\"><a href=\"https:\/\/webdelmaestrocmf.com\/portal\/municipalidad-de-temuco-anuncia-acciones-legales-tras-agresion-de-un-apoderado-a-un-profesor-dentro-de-un-establecimiento-educacional\/\" rel=\"bookmark\">Municipalidad de Temuco anuncia acciones legales tras agresi\u00f3n de un apoderado a un profesor dentro de un establecimiento educacional<\/a><\/h3>\t\t\t\t\t<\/header><!-- .entry-header -->\n\t\t\t\t<\/div><!-- .post-inner -->\n\n\t\t\t<\/div><!-- .post-outer -->\n\t\t<\/article>\n\t\t\t\t<\/div>\n\t\t<\/div>\n\t\t\n","protected":false},"excerpt":{"rendered":"Fue docente de escuelas t\u00e9cnicas durante 40 a\u00f1os, pero los haberes no le alcanzan para llegar a fin de mes","protected":false},"author":1,"featured_media":110457,"comment_status":"open","ping_status":"closed","sticky":false,"template":"","format":"standard","meta":{"_jetpack_newsletter_access":"","_jetpack_dont_email_post_to_subs":false,"_jetpack_newsletter_tier_id":0,"_jetpack_memberships_contains_paywalled_content":false,"csco_display_header_overlay":false,"csco_singular_sidebar":"","csco_page_header_type":"","csco_page_load_nextpost":"","csco_post_video_location":[],"csco_post_video_location_hash":"","csco_post_video_url":"","csco_post_video_bg_start_time":0,"csco_post_video_bg_end_time":0,"csco_post_video_bg_volume":false,"_jetpack_feature_clip_id":0,"_jetpack_memberships_contains_paid_content":false,"footnotes":"","jetpack_post_was_ever_published":false},"categories":[23790],"tags":[5394,23841,23840,6085,85],"class_list":["post-110456","post","type-post","status-publish","format-standard","has-post-thumbnail","category-noticias-internacionales","tag-cv","tag-escribio","tag-jubilado","tag-mano","tag-trabajo","cs-entry","cs-video-wrap"],"yoast_head":"<!-- This site is optimized with the Yoast SEO plugin v28.4 - https:\/\/yoast.com\/product\/yoast-seo-wordpress\/ -->\n<title>Jubilado que busca trabajo escribi\u00f3 su CV a mano, lo reparti\u00f3 y ya consigui\u00f3 26 clientes - 2026<\/title>\n<meta name=\"description\" content=\"Comunidad de Maestros, Docentes y Profesores, en donde encontrar\u00e1s material, informaci\u00f3n y noticias del \u00e1mbito nacional y mundial.\" \/>\n<meta name=\"robots\" content=\"index, follow, max-snippet:-1, max-image-preview:large, max-video-preview:-1\" \/>\n<link rel=\"canonical\" href=\"https:\/\/webdelmaestrocmf.com\/portal\/jubilado-que-busca-trabajo-escribio-su-cv-a-mano-lo-repartio-y-ya-consiguio-26-clientes\/\" \/>\n<meta property=\"og:locale\" content=\"es_ES\" \/>\n<meta property=\"og:type\" content=\"article\" \/>\n<meta property=\"og:title\" content=\"Jubilado que busca trabajo escribi\u00f3 su CV a mano, lo reparti\u00f3 y ya consigui\u00f3 26 clientes - 2026\" \/>\n<meta property=\"og:description\" content=\"Comunidad de Maestros, Docentes y Profesores, en donde encontrar\u00e1s material, informaci\u00f3n y noticias del \u00e1mbito nacional y mundial.\" \/>\n<meta property=\"og:url\" content=\"https:\/\/webdelmaestrocmf.com\/portal\/jubilado-que-busca-trabajo-escribio-su-cv-a-mano-lo-repartio-y-ya-consiguio-26-clientes\/\" \/>\n<meta property=\"og:site_name\" content=\"Web del Maestro CMF\" \/>\n<meta property=\"article:publisher\" content=\"https:\/\/www.facebook.com\/WebdelMaestroCMF\/\" \/>\n<meta property=\"article:author\" content=\"https:\/\/www.facebook.com\/WebdelMaestroCMF\/\" \/>\n<meta property=\"article:published_time\" content=\"2025-06-25T19:35:30+00:00\" \/>\n<meta property=\"article:modified_time\" content=\"2025-06-25T19:42:05+00:00\" \/>\n<meta property=\"og:image\" content=\"https:\/\/webdelmaestrocmf.com\/portal\/wp-content\/uploads\/2025\/06\/1A-Banner-1-portada-imagen-10-1-copia-12.jpg\" \/>\n\t<meta property=\"og:image:width\" content=\"1003\" \/>\n\t<meta property=\"og:image:height\" content=\"667\" \/>\n\t<meta property=\"og:image:type\" content=\"image\/jpeg\" \/>\n<meta name=\"author\" content=\"Web del Maestro CMF\" \/>\n<meta name=\"twitter:card\" content=\"summary_large_image\" \/>\n<meta name=\"twitter:creator\" content=\"@cmf_w\" \/>\n<meta name=\"twitter:site\" content=\"@cmf_w\" \/>\n<script type=\"application\/ld+json\" class=\"yoast-schema-graph\">{\"@context\":\"https:\\\/\\\/schema.org\",\"@graph\":[{\"@type\":\"ScholarlyArticle\",\"@id\":\"https:\\\/\\\/webdelmaestrocmf.com\\\/portal\\\/jubilado-que-busca-trabajo-escribio-su-cv-a-mano-lo-repartio-y-ya-consiguio-26-clientes\\\/#article\",\"isPartOf\":{\"@id\":\"https:\\\/\\\/webdelmaestrocmf.com\\\/portal\\\/jubilado-que-busca-trabajo-escribio-su-cv-a-mano-lo-repartio-y-ya-consiguio-26-clientes\\\/\"},\"author\":{\"name\":\"Web del Maestro CMF\",\"@id\":\"https:\\\/\\\/webdelmaestrocmf.com\\\/portal\\\/#\\\/schema\\\/person\\\/1072a2ed7bd960df8ef99a551fa35dc5\"},\"headline\":\"Jubilado que busca trabajo escribi\u00f3 su CV a mano, lo reparti\u00f3 y ya consigui\u00f3 26 clientes\",\"datePublished\":\"2025-06-25T19:35:30+00:00\",\"dateModified\":\"2025-06-25T19:42:05+00:00\",\"mainEntityOfPage\":{\"@id\":\"https:\\\/\\\/webdelmaestrocmf.com\\\/portal\\\/jubilado-que-busca-trabajo-escribio-su-cv-a-mano-lo-repartio-y-ya-consiguio-26-clientes\\\/\"},\"wordCount\":615,\"commentCount\":0,\"publisher\":{\"@id\":\"https:\\\/\\\/webdelmaestrocmf.com\\\/portal\\\/#organization\"},\"image\":{\"@id\":\"https:\\\/\\\/webdelmaestrocmf.com\\\/portal\\\/jubilado-que-busca-trabajo-escribio-su-cv-a-mano-lo-repartio-y-ya-consiguio-26-clientes\\\/#primaryimage\"},\"thumbnailUrl\":\"https:\\\/\\\/webdelmaestrocmf.com\\\/portal\\\/wp-content\\\/uploads\\\/2025\\\/06\\\/1A-Banner-1-portada-imagen-10-1-copia-12.jpg\",\"keywords\":[\"CV\",\"escribi\u00f3\",\"Jubilado\",\"mano\",\"trabajo\"],\"articleSection\":[\"Noticias Internacionales\"],\"inLanguage\":\"es\",\"potentialAction\":[{\"@type\":\"CommentAction\",\"name\":\"Comment\",\"target\":[\"https:\\\/\\\/webdelmaestrocmf.com\\\/portal\\\/jubilado-que-busca-trabajo-escribio-su-cv-a-mano-lo-repartio-y-ya-consiguio-26-clientes\\\/#respond\"]}]},{\"@type\":\"WebPage\",\"@id\":\"https:\\\/\\\/webdelmaestrocmf.com\\\/portal\\\/jubilado-que-busca-trabajo-escribio-su-cv-a-mano-lo-repartio-y-ya-consiguio-26-clientes\\\/\",\"url\":\"https:\\\/\\\/webdelmaestrocmf.com\\\/portal\\\/jubilado-que-busca-trabajo-escribio-su-cv-a-mano-lo-repartio-y-ya-consiguio-26-clientes\\\/\",\"name\":\"Jubilado que busca trabajo escribi\u00f3 su CV a mano, lo reparti\u00f3 y ya consigui\u00f3 26 clientes - 2026\",\"isPartOf\":{\"@id\":\"https:\\\/\\\/webdelmaestrocmf.com\\\/portal\\\/#website\"},\"primaryImageOfPage\":{\"@id\":\"https:\\\/\\\/webdelmaestrocmf.com\\\/portal\\\/jubilado-que-busca-trabajo-escribio-su-cv-a-mano-lo-repartio-y-ya-consiguio-26-clientes\\\/#primaryimage\"},\"image\":{\"@id\":\"https:\\\/\\\/webdelmaestrocmf.com\\\/portal\\\/jubilado-que-busca-trabajo-escribio-su-cv-a-mano-lo-repartio-y-ya-consiguio-26-clientes\\\/#primaryimage\"},\"thumbnailUrl\":\"https:\\\/\\\/webdelmaestrocmf.com\\\/portal\\\/wp-content\\\/uploads\\\/2025\\\/06\\\/1A-Banner-1-portada-imagen-10-1-copia-12.jpg\",\"datePublished\":\"2025-06-25T19:35:30+00:00\",\"dateModified\":\"2025-06-25T19:42:05+00:00\",\"description\":\"Comunidad de Maestros, Docentes y Profesores, en donde encontrar\u00e1s material, informaci\u00f3n y noticias del \u00e1mbito nacional y mundial.\",\"breadcrumb\":{\"@id\":\"https:\\\/\\\/webdelmaestrocmf.com\\\/portal\\\/jubilado-que-busca-trabajo-escribio-su-cv-a-mano-lo-repartio-y-ya-consiguio-26-clientes\\\/#breadcrumb\"},\"inLanguage\":\"es\",\"potentialAction\":[{\"@type\":\"ReadAction\",\"target\":[\"https:\\\/\\\/webdelmaestrocmf.com\\\/portal\\\/jubilado-que-busca-trabajo-escribio-su-cv-a-mano-lo-repartio-y-ya-consiguio-26-clientes\\\/\"]}]},{\"@type\":\"ImageObject\",\"inLanguage\":\"es\",\"@id\":\"https:\\\/\\\/webdelmaestrocmf.com\\\/portal\\\/jubilado-que-busca-trabajo-escribio-su-cv-a-mano-lo-repartio-y-ya-consiguio-26-clientes\\\/#primaryimage\",\"url\":\"https:\\\/\\\/webdelmaestrocmf.com\\\/portal\\\/wp-content\\\/uploads\\\/2025\\\/06\\\/1A-Banner-1-portada-imagen-10-1-copia-12.jpg\",\"contentUrl\":\"https:\\\/\\\/webdelmaestrocmf.com\\\/portal\\\/wp-content\\\/uploads\\\/2025\\\/06\\\/1A-Banner-1-portada-imagen-10-1-copia-12.jpg\",\"width\":1003,\"height\":667},{\"@type\":\"BreadcrumbList\",\"@id\":\"https:\\\/\\\/webdelmaestrocmf.com\\\/portal\\\/jubilado-que-busca-trabajo-escribio-su-cv-a-mano-lo-repartio-y-ya-consiguio-26-clientes\\\/#breadcrumb\",\"itemListElement\":[{\"@type\":\"ListItem\",\"position\":1,\"name\":\"Portada\",\"item\":\"https:\\\/\\\/webdelmaestrocmf.com\\\/portal\\\/\"},{\"@type\":\"ListItem\",\"position\":2,\"name\":\"Noticias Internacionales\",\"item\":\"https:\\\/\\\/webdelmaestrocmf.com\\\/portal\\\/category\\\/noticias-internacionales\\\/\"},{\"@type\":\"ListItem\",\"position\":3,\"name\":\"Jubilado que busca trabajo escribi\u00f3 su CV a mano, lo reparti\u00f3 y ya consigui\u00f3 26 clientes\"}]},{\"@type\":\"WebSite\",\"@id\":\"https:\\\/\\\/webdelmaestrocmf.com\\\/portal\\\/#website\",\"url\":\"https:\\\/\\\/webdelmaestrocmf.com\\\/portal\\\/\",\"name\":\"Web del Maestro CMF\",\"description\":\"Maestros al servicio de la educaci\u00f3n\",\"publisher\":{\"@id\":\"https:\\\/\\\/webdelmaestrocmf.com\\\/portal\\\/#organization\"},\"alternateName\":\"WMCMF\",\"potentialAction\":[{\"@type\":\"SearchAction\",\"target\":{\"@type\":\"EntryPoint\",\"urlTemplate\":\"https:\\\/\\\/webdelmaestrocmf.com\\\/portal\\\/?s={search_term_string}\"},\"query-input\":{\"@type\":\"PropertyValueSpecification\",\"valueRequired\":true,\"valueName\":\"search_term_string\"}}],\"inLanguage\":\"es\"},{\"@type\":\"Organization\",\"@id\":\"https:\\\/\\\/webdelmaestrocmf.com\\\/portal\\\/#organization\",\"name\":\"Web del Maestro CMF\",\"alternateName\":\"WMCMF\",\"url\":\"https:\\\/\\\/webdelmaestrocmf.com\\\/portal\\\/\",\"logo\":{\"@type\":\"ImageObject\",\"inLanguage\":\"es\",\"@id\":\"https:\\\/\\\/webdelmaestrocmf.com\\\/portal\\\/#\\\/schema\\\/logo\\\/image\\\/\",\"url\":\"https:\\\/\\\/webdelmaestrocmf.com\\\/portal\\\/wp-content\\\/uploads\\\/2023\\\/01\\\/logo-wmcmf-2.png\",\"contentUrl\":\"https:\\\/\\\/webdelmaestrocmf.com\\\/portal\\\/wp-content\\\/uploads\\\/2023\\\/01\\\/logo-wmcmf-2.png\",\"width\":200,\"height\":60,\"caption\":\"Web del Maestro CMF\"},\"image\":{\"@id\":\"https:\\\/\\\/webdelmaestrocmf.com\\\/portal\\\/#\\\/schema\\\/logo\\\/image\\\/\"},\"sameAs\":[\"https:\\\/\\\/www.facebook.com\\\/WebdelMaestroCMF\\\/\",\"https:\\\/\\\/x.com\\\/cmf_w\",\"https:\\\/\\\/www.pinterest.com\\\/WMCMF\\\/\",\"https:\\\/\\\/www.linkedin.com\\\/company\\\/web-del-maestro-cmf\\\/\",\"https:\\\/\\\/www.instagram.com\\\/wmcmf\\\/\",\"https:\\\/\\\/www.youtube.com\\\/channel\\\/UCDPSvjbdodE5sHnC3OxutHw\",\"https:\\\/\\\/mastodon.social\\\/@wmcmf\",\"https:\\\/\\\/www.tiktok.com\\\/@webdelmaestrocmf\"]},{\"@type\":\"Person\",\"@id\":\"https:\\\/\\\/webdelmaestrocmf.com\\\/portal\\\/#\\\/schema\\\/person\\\/1072a2ed7bd960df8ef99a551fa35dc5\",\"name\":\"Web del Maestro CMF\",\"image\":{\"@type\":\"ImageObject\",\"inLanguage\":\"es\",\"@id\":\"https:\\\/\\\/secure.gravatar.com\\\/avatar\\\/23291dd5b5ae1077dcff3dbb04c3e02bd28403fa75af6d8787d5e97c5bbbe30b?s=96&d=mm&r=g\",\"url\":\"https:\\\/\\\/secure.gravatar.com\\\/avatar\\\/23291dd5b5ae1077dcff3dbb04c3e02bd28403fa75af6d8787d5e97c5bbbe30b?s=96&d=mm&r=g\",\"contentUrl\":\"https:\\\/\\\/secure.gravatar.com\\\/avatar\\\/23291dd5b5ae1077dcff3dbb04c3e02bd28403fa75af6d8787d5e97c5bbbe30b?s=96&d=mm&r=g\",\"caption\":\"Web del Maestro CMF\"},\"description\":\"Esta Web se cre\u00f3 sin fines de lucro, con fines educativos, cient\u00edficos y acad\u00e9micos, para personas que tengan dificultades y\\\/o inconvenientes en visualizar el material original. El objetivo es entregar recursos, compartir experiencias y materiales que ayuden a los padres de familia, maestros y estudiantes en su actualizaci\u00f3n y formaci\u00f3n permanente, en bien de la Educaci\u00f3n.\",\"sameAs\":[\"http:\\\/\\\/webdelmaestrocmf.com\\\/portal\",\"https:\\\/\\\/www.facebook.com\\\/WebdelMaestroCMF\\\/\",\"https:\\\/\\\/www.instagram.com\\\/wmcmf\\\/\",\"https:\\\/\\\/cl.linkedin.com\\\/company\\\/web-del-maestro-cmf\",\"https:\\\/\\\/www.pinterest.com\\\/WMCMF\\\/publicaciones\\\/\",\"https:\\\/\\\/x.com\\\/cmf_w\",\"https:\\\/\\\/www.youtube.com\\\/@WMCMF\"]}]}<\/script>\n<!-- \/ Yoast SEO plugin. -->","yoast_head_json":{"title":"Jubilado que busca trabajo escribi\u00f3 su CV a mano, lo reparti\u00f3 y ya consigui\u00f3 26 clientes - 2026","description":"Comunidad de Maestros, Docentes y Profesores, en donde encontrar\u00e1s material, informaci\u00f3n y noticias del \u00e1mbito nacional y mundial.","robots":{"index":"index","follow":"follow","max-snippet":"max-snippet:-1","max-image-preview":"max-image-preview:large","max-video-preview":"max-video-preview:-1"},"canonical":"https:\/\/webdelmaestrocmf.com\/portal\/jubilado-que-busca-trabajo-escribio-su-cv-a-mano-lo-repartio-y-ya-consiguio-26-clientes\/","og_locale":"es_ES","og_type":"article","og_title":"Jubilado que busca trabajo escribi\u00f3 su CV a mano, lo reparti\u00f3 y ya consigui\u00f3 26 clientes - 2026","og_description":"Comunidad de Maestros, Docentes y Profesores, en donde encontrar\u00e1s material, informaci\u00f3n y noticias del \u00e1mbito nacional y mundial.","og_url":"https:\/\/webdelmaestrocmf.com\/portal\/jubilado-que-busca-trabajo-escribio-su-cv-a-mano-lo-repartio-y-ya-consiguio-26-clientes\/","og_site_name":"Web del Maestro CMF","article_publisher":"https:\/\/www.facebook.com\/WebdelMaestroCMF\/","article_author":"https:\/\/www.facebook.com\/WebdelMaestroCMF\/","article_published_time":"2025-06-25T19:35:30+00:00","article_modified_time":"2025-06-25T19:42:05+00:00","og_image":[{"width":1003,"height":667,"url":"https:\/\/webdelmaestrocmf.com\/portal\/wp-content\/uploads\/2025\/06\/1A-Banner-1-portada-imagen-10-1-copia-12.jpg","type":"image\/jpeg"}],"author":"Web del Maestro CMF","twitter_card":"summary_large_image","twitter_creator":"@cmf_w","twitter_site":"@cmf_w","schema":{"@context":"https:\/\/schema.org","@graph":[{"@type":"ScholarlyArticle","@id":"https:\/\/webdelmaestrocmf.com\/portal\/jubilado-que-busca-trabajo-escribio-su-cv-a-mano-lo-repartio-y-ya-consiguio-26-clientes\/#article","isPartOf":{"@id":"https:\/\/webdelmaestrocmf.com\/portal\/jubilado-que-busca-trabajo-escribio-su-cv-a-mano-lo-repartio-y-ya-consiguio-26-clientes\/"},"author":{"name":"Web del Maestro CMF","@id":"https:\/\/webdelmaestrocmf.com\/portal\/#\/schema\/person\/1072a2ed7bd960df8ef99a551fa35dc5"},"headline":"Jubilado que busca trabajo escribi\u00f3 su CV a mano, lo reparti\u00f3 y ya consigui\u00f3 26 clientes","datePublished":"2025-06-25T19:35:30+00:00","dateModified":"2025-06-25T19:42:05+00:00","mainEntityOfPage":{"@id":"https:\/\/webdelmaestrocmf.com\/portal\/jubilado-que-busca-trabajo-escribio-su-cv-a-mano-lo-repartio-y-ya-consiguio-26-clientes\/"},"wordCount":615,"commentCount":0,"publisher":{"@id":"https:\/\/webdelmaestrocmf.com\/portal\/#organization"},"image":{"@id":"https:\/\/webdelmaestrocmf.com\/portal\/jubilado-que-busca-trabajo-escribio-su-cv-a-mano-lo-repartio-y-ya-consiguio-26-clientes\/#primaryimage"},"thumbnailUrl":"https:\/\/webdelmaestrocmf.com\/portal\/wp-content\/uploads\/2025\/06\/1A-Banner-1-portada-imagen-10-1-copia-12.jpg","keywords":["CV","escribi\u00f3","Jubilado","mano","trabajo"],"articleSection":["Noticias Internacionales"],"inLanguage":"es","potentialAction":[{"@type":"CommentAction","name":"Comment","target":["https:\/\/webdelmaestrocmf.com\/portal\/jubilado-que-busca-trabajo-escribio-su-cv-a-mano-lo-repartio-y-ya-consiguio-26-clientes\/#respond"]}]},{"@type":"WebPage","@id":"https:\/\/webdelmaestrocmf.com\/portal\/jubilado-que-busca-trabajo-escribio-su-cv-a-mano-lo-repartio-y-ya-consiguio-26-clientes\/","url":"https:\/\/webdelmaestrocmf.com\/portal\/jubilado-que-busca-trabajo-escribio-su-cv-a-mano-lo-repartio-y-ya-consiguio-26-clientes\/","name":"Jubilado que busca trabajo escribi\u00f3 su CV a mano, lo reparti\u00f3 y ya consigui\u00f3 26 clientes - 2026","isPartOf":{"@id":"https:\/\/webdelmaestrocmf.com\/portal\/#website"},"primaryImageOfPage":{"@id":"https:\/\/webdelmaestrocmf.com\/portal\/jubilado-que-busca-trabajo-escribio-su-cv-a-mano-lo-repartio-y-ya-consiguio-26-clientes\/#primaryimage"},"image":{"@id":"https:\/\/webdelmaestrocmf.com\/portal\/jubilado-que-busca-trabajo-escribio-su-cv-a-mano-lo-repartio-y-ya-consiguio-26-clientes\/#primaryimage"},"thumbnailUrl":"https:\/\/webdelmaestrocmf.com\/portal\/wp-content\/uploads\/2025\/06\/1A-Banner-1-portada-imagen-10-1-copia-12.jpg","datePublished":"2025-06-25T19:35:30+00:00","dateModified":"2025-06-25T19:42:05+00:00","description":"Comunidad de Maestros, Docentes y Profesores, en donde encontrar\u00e1s material, informaci\u00f3n y noticias del \u00e1mbito nacional y mundial.","breadcrumb":{"@id":"https:\/\/webdelmaestrocmf.com\/portal\/jubilado-que-busca-trabajo-escribio-su-cv-a-mano-lo-repartio-y-ya-consiguio-26-clientes\/#breadcrumb"},"inLanguage":"es","potentialAction":[{"@type":"ReadAction","target":["https:\/\/webdelmaestrocmf.com\/portal\/jubilado-que-busca-trabajo-escribio-su-cv-a-mano-lo-repartio-y-ya-consiguio-26-clientes\/"]}]},{"@type":"ImageObject","inLanguage":"es","@id":"https:\/\/webdelmaestrocmf.com\/portal\/jubilado-que-busca-trabajo-escribio-su-cv-a-mano-lo-repartio-y-ya-consiguio-26-clientes\/#primaryimage","url":"https:\/\/webdelmaestrocmf.com\/portal\/wp-content\/uploads\/2025\/06\/1A-Banner-1-portada-imagen-10-1-copia-12.jpg","contentUrl":"https:\/\/webdelmaestrocmf.com\/portal\/wp-content\/uploads\/2025\/06\/1A-Banner-1-portada-imagen-10-1-copia-12.jpg","width":1003,"height":667},{"@type":"BreadcrumbList","@id":"https:\/\/webdelmaestrocmf.com\/portal\/jubilado-que-busca-trabajo-escribio-su-cv-a-mano-lo-repartio-y-ya-consiguio-26-clientes\/#breadcrumb","itemListElement":[{"@type":"ListItem","position":1,"name":"Portada","item":"https:\/\/webdelmaestrocmf.com\/portal\/"},{"@type":"ListItem","position":2,"name":"Noticias Internacionales","item":"https:\/\/webdelmaestrocmf.com\/portal\/category\/noticias-internacionales\/"},{"@type":"ListItem","position":3,"name":"Jubilado que busca trabajo escribi\u00f3 su CV a mano, lo reparti\u00f3 y ya consigui\u00f3 26 clientes"}]},{"@type":"WebSite","@id":"https:\/\/webdelmaestrocmf.com\/portal\/#website","url":"https:\/\/webdelmaestrocmf.com\/portal\/","name":"Web del Maestro CMF","description":"Maestros al servicio de la educaci\u00f3n","publisher":{"@id":"https:\/\/webdelmaestrocmf.com\/portal\/#organization"},"alternateName":"WMCMF","potentialAction":[{"@type":"SearchAction","target":{"@type":"EntryPoint","urlTemplate":"https:\/\/webdelmaestrocmf.com\/portal\/?s={search_term_string}"},"query-input":{"@type":"PropertyValueSpecification","valueRequired":true,"valueName":"search_term_string"}}],"inLanguage":"es"},{"@type":"Organization","@id":"https:\/\/webdelmaestrocmf.com\/portal\/#organization","name":"Web del Maestro CMF","alternateName":"WMCMF","url":"https:\/\/webdelmaestrocmf.com\/portal\/","logo":{"@type":"ImageObject","inLanguage":"es","@id":"https:\/\/webdelmaestrocmf.com\/portal\/#\/schema\/logo\/image\/","url":"https:\/\/webdelmaestrocmf.com\/portal\/wp-content\/uploads\/2023\/01\/logo-wmcmf-2.png","contentUrl":"https:\/\/webdelmaestrocmf.com\/portal\/wp-content\/uploads\/2023\/01\/logo-wmcmf-2.png","width":200,"height":60,"caption":"Web del Maestro CMF"},"image":{"@id":"https:\/\/webdelmaestrocmf.com\/portal\/#\/schema\/logo\/image\/"},"sameAs":["https:\/\/www.facebook.com\/WebdelMaestroCMF\/","https:\/\/x.com\/cmf_w","https:\/\/www.pinterest.com\/WMCMF\/","https:\/\/www.linkedin.com\/company\/web-del-maestro-cmf\/","https:\/\/www.instagram.com\/wmcmf\/","https:\/\/www.youtube.com\/channel\/UCDPSvjbdodE5sHnC3OxutHw","https:\/\/mastodon.social\/@wmcmf","https:\/\/www.tiktok.com\/@webdelmaestrocmf"]},{"@type":"Person","@id":"https:\/\/webdelmaestrocmf.com\/portal\/#\/schema\/person\/1072a2ed7bd960df8ef99a551fa35dc5","name":"Web del Maestro CMF","image":{"@type":"ImageObject","inLanguage":"es","@id":"https:\/\/secure.gravatar.com\/avatar\/23291dd5b5ae1077dcff3dbb04c3e02bd28403fa75af6d8787d5e97c5bbbe30b?s=96&d=mm&r=g","url":"https:\/\/secure.gravatar.com\/avatar\/23291dd5b5ae1077dcff3dbb04c3e02bd28403fa75af6d8787d5e97c5bbbe30b?s=96&d=mm&r=g","contentUrl":"https:\/\/secure.gravatar.com\/avatar\/23291dd5b5ae1077dcff3dbb04c3e02bd28403fa75af6d8787d5e97c5bbbe30b?s=96&d=mm&r=g","caption":"Web del Maestro CMF"},"description":"Esta Web se cre\u00f3 sin fines de lucro, con fines educativos, cient\u00edficos y acad\u00e9micos, para personas que tengan dificultades y\/o inconvenientes en visualizar el material original. El objetivo es entregar recursos, compartir experiencias y materiales que ayuden a los padres de familia, maestros y estudiantes en su actualizaci\u00f3n y formaci\u00f3n permanente, en bien de la Educaci\u00f3n.","sameAs":["http:\/\/webdelmaestrocmf.com\/portal","https:\/\/www.facebook.com\/WebdelMaestroCMF\/","https:\/\/www.instagram.com\/wmcmf\/","https:\/\/cl.linkedin.com\/company\/web-del-maestro-cmf","https:\/\/www.pinterest.com\/WMCMF\/publicaciones\/","https:\/\/x.com\/cmf_w","https:\/\/www.youtube.com\/@WMCMF"]}]}},"jetpack_sharing_enabled":true,"jetpack-related-posts":[{"id":114693,"url":"https:\/\/webdelmaestrocmf.com\/portal\/las-26-ideas-que-cambiaran-2026-segun-forbes\/","url_meta":{"origin":110456,"position":0},"title":"Las 26 ideas que cambiar\u00e1n 2026, seg\u00fan Forbes","author":"Web del Maestro CMF","date":"10 enero, 2026","format":false,"excerpt":"Forbes anticipa 2026 como el a\u00f1o donde tecnolog\u00eda, \u00e9tica y talento humano redefinen poder, trabajo, energ\u00eda, salud y democracia global.","rel":"","context":"En \u00abNoticias Internacionales\u00bb","block_context":{"text":"Noticias Internacionales","link":"https:\/\/webdelmaestrocmf.com\/portal\/category\/noticias-internacionales\/"},"img":{"alt_text":"","src":"https:\/\/i0.wp.com\/webdelmaestrocmf.com\/portal\/wp-content\/uploads\/2026\/01\/1A-Banner-1-portada-imagen-10-1-copia-1-8.webp?resize=350%2C200&ssl=1","width":350,"height":200,"srcset":"https:\/\/i0.wp.com\/webdelmaestrocmf.com\/portal\/wp-content\/uploads\/2026\/01\/1A-Banner-1-portada-imagen-10-1-copia-1-8.webp?resize=350%2C200&ssl=1 1x, https:\/\/i0.wp.com\/webdelmaestrocmf.com\/portal\/wp-content\/uploads\/2026\/01\/1A-Banner-1-portada-imagen-10-1-copia-1-8.webp?resize=525%2C300&ssl=1 1.5x, https:\/\/i0.wp.com\/webdelmaestrocmf.com\/portal\/wp-content\/uploads\/2026\/01\/1A-Banner-1-portada-imagen-10-1-copia-1-8.webp?resize=700%2C400&ssl=1 2x"},"classes":[]},{"id":120733,"url":"https:\/\/webdelmaestrocmf.com\/portal\/carta-de-una-maestra-jubilada-reabre-el-debate-sobre-el-papel-de-los-padres-en-la-educacion\/","url_meta":{"origin":110456,"position":1},"title":"Carta de una maestra jubilada reabre el debate sobre el papel de los padres en la educaci\u00f3n","author":"Web del Maestro CMF","date":"6 julio, 2026","format":false,"excerpt":"Una carta de una maestra jubilada reaviv\u00f3 el debate sobre la responsabilidad de los padres en la educaci\u00f3n, al sostener que la escuela no puede reemplazar la formaci\u00f3n recibida en casa.","rel":"","context":"En \u00abNoticias Internacionales\u00bb","block_context":{"text":"Noticias Internacionales","link":"https:\/\/webdelmaestrocmf.com\/portal\/category\/noticias-internacionales\/"},"img":{"alt_text":"","src":"https:\/\/i0.wp.com\/webdelmaestrocmf.com\/portal\/wp-content\/uploads\/2026\/07\/1AA-Banner-1-portada-imagen-10-1-copia-15.webp?resize=350%2C200&ssl=1","width":350,"height":200,"srcset":"https:\/\/i0.wp.com\/webdelmaestrocmf.com\/portal\/wp-content\/uploads\/2026\/07\/1AA-Banner-1-portada-imagen-10-1-copia-15.webp?resize=350%2C200&ssl=1 1x, https:\/\/i0.wp.com\/webdelmaestrocmf.com\/portal\/wp-content\/uploads\/2026\/07\/1AA-Banner-1-portada-imagen-10-1-copia-15.webp?resize=525%2C300&ssl=1 1.5x, https:\/\/i0.wp.com\/webdelmaestrocmf.com\/portal\/wp-content\/uploads\/2026\/07\/1AA-Banner-1-portada-imagen-10-1-copia-15.webp?resize=700%2C400&ssl=1 2x, https:\/\/i0.wp.com\/webdelmaestrocmf.com\/portal\/wp-content\/uploads\/2026\/07\/1AA-Banner-1-portada-imagen-10-1-copia-15.webp?resize=1050%2C600&ssl=1 3x"},"classes":[]},{"id":38075,"url":"https:\/\/webdelmaestrocmf.com\/portal\/12-cosas-que-debe-eliminar-inmediatamente-de-su-curriculum-vitae\/","url_meta":{"origin":110456,"position":2},"title":"12 COSAS QUE DEBE ELIMINAR INMEDIATAMENTE DE SU CURR\u00cdCULUM VITAE","author":"Web del Maestro CMF","date":"8 julio, 2019","format":false,"excerpt":"El curr\u00edculum vitae es el elemento m\u00e1s importante en el proceso de reclutamiento, ya que es el primer contacto que se tiene con el \u00e1rea de recursos humanos, no por algo es de suma importancia que te tomes tu tiempo para elaborar un excelente CV con el objetivo de ampliar\u2026","rel":"","context":"En \u00abINTER\u00c9S\u00bb","block_context":{"text":"INTER\u00c9S","link":"https:\/\/webdelmaestrocmf.com\/portal\/category\/noticias-educacion\/"},"img":{"alt_text":"","src":"https:\/\/i0.wp.com\/webdelmaestrocmf.com\/portal\/wp-content\/uploads\/2019\/07\/1-12.jpg?resize=350%2C200&ssl=1","width":350,"height":200,"srcset":"https:\/\/i0.wp.com\/webdelmaestrocmf.com\/portal\/wp-content\/uploads\/2019\/07\/1-12.jpg?resize=350%2C200&ssl=1 1x, https:\/\/i0.wp.com\/webdelmaestrocmf.com\/portal\/wp-content\/uploads\/2019\/07\/1-12.jpg?resize=525%2C300&ssl=1 1.5x, https:\/\/i0.wp.com\/webdelmaestrocmf.com\/portal\/wp-content\/uploads\/2019\/07\/1-12.jpg?resize=700%2C400&ssl=1 2x, https:\/\/i0.wp.com\/webdelmaestrocmf.com\/portal\/wp-content\/uploads\/2019\/07\/1-12.jpg?resize=1050%2C600&ssl=1 3x"},"classes":[]},{"id":70928,"url":"https:\/\/webdelmaestrocmf.com\/portal\/herramientas-para-crear-un-curricular-vitae-online-profesional\/","url_meta":{"origin":110456,"position":3},"title":"Herramientas para crear un Curricular Vitae online profesional","author":"Web del Maestro CMF","date":"26 septiembre, 2022","format":false,"excerpt":"El curr\u00edculum v\u00edtae es una de las grandes cartas que tienes cuando te presentas en una entrevista de trabajo para poder conseguir un empleo, de eso no hay duda. De hecho, m\u00e1s de uno no ha llegado a ir a esa entrevista de trabajo por culpa de un curr\u00edculum v\u00edtae\u2026","rel":"","context":"En \u00abDocentes\u00bb","block_context":{"text":"Docentes","link":"https:\/\/webdelmaestrocmf.com\/portal\/category\/pedagogia\/docentes\/"},"img":{"alt_text":"","src":"https:\/\/i0.wp.com\/webdelmaestrocmf.com\/portal\/wp-content\/uploads\/2021\/11\/z1-45-11.jpg?resize=350%2C200&ssl=1","width":350,"height":200,"srcset":"https:\/\/i0.wp.com\/webdelmaestrocmf.com\/portal\/wp-content\/uploads\/2021\/11\/z1-45-11.jpg?resize=350%2C200&ssl=1 1x, https:\/\/i0.wp.com\/webdelmaestrocmf.com\/portal\/wp-content\/uploads\/2021\/11\/z1-45-11.jpg?resize=525%2C300&ssl=1 1.5x, https:\/\/i0.wp.com\/webdelmaestrocmf.com\/portal\/wp-content\/uploads\/2021\/11\/z1-45-11.jpg?resize=700%2C400&ssl=1 2x, https:\/\/i0.wp.com\/webdelmaestrocmf.com\/portal\/wp-content\/uploads\/2021\/11\/z1-45-11.jpg?resize=1050%2C600&ssl=1 3x"},"classes":[]},{"id":114119,"url":"https:\/\/webdelmaestrocmf.com\/portal\/estoy-harta-la-maestra-que-se-jubilo-y-dijo-en-voz-alta-lo-que-muchos-docentes-callan\/","url_meta":{"origin":110456,"position":4},"title":"\u201cEstoy harta\u201d: la maestra que se jubil\u00f3 y dijo en voz alta lo que muchos docentes callan","author":"Web del Maestro CMF","date":"16 diciembre, 2025","format":false,"excerpt":"La renuncia anticipada de una docente con m\u00e1s de dos d\u00e9cadas de experiencia, tras volverse viral en redes sociales, expone una realidad que muchos maestros viven en silencio.","rel":"","context":"En \u00abNoticias Internacionales\u00bb","block_context":{"text":"Noticias Internacionales","link":"https:\/\/webdelmaestrocmf.com\/portal\/category\/noticias-internacionales\/"},"img":{"alt_text":"","src":"https:\/\/i0.wp.com\/webdelmaestrocmf.com\/portal\/wp-content\/uploads\/2025\/12\/1A-Banner-1-portada-imagen-10-1-copia-19.webp?resize=350%2C200&ssl=1","width":350,"height":200,"srcset":"https:\/\/i0.wp.com\/webdelmaestrocmf.com\/portal\/wp-content\/uploads\/2025\/12\/1A-Banner-1-portada-imagen-10-1-copia-19.webp?resize=350%2C200&ssl=1 1x, https:\/\/i0.wp.com\/webdelmaestrocmf.com\/portal\/wp-content\/uploads\/2025\/12\/1A-Banner-1-portada-imagen-10-1-copia-19.webp?resize=525%2C300&ssl=1 1.5x, https:\/\/i0.wp.com\/webdelmaestrocmf.com\/portal\/wp-content\/uploads\/2025\/12\/1A-Banner-1-portada-imagen-10-1-copia-19.webp?resize=700%2C400&ssl=1 2x"},"classes":[]},{"id":112182,"url":"https:\/\/webdelmaestrocmf.com\/portal\/lo-peor-ya-paso-las-claves-del-discurso-en-el-que-javier-milei-apelo-a-la-paciencia-de-los-argentinos\/","url_meta":{"origin":110456,"position":5},"title":"\u00abLo peor ya pas\u00f3\u00bb: Las claves del discurso en el que Javier Milei apel\u00f3 a la paciencia de los argentinos","author":"Web del Maestro CMF","date":"17 septiembre, 2025","format":false,"excerpt":"El mandatario trasandino present\u00f3 ayer el presupuesto 2026, sorprendiendo con anuncios de mayor gasto en educaci\u00f3n, salud, jubilaciones y discapacidad.","rel":"","context":"En \u00abSin categor\u00eda\u00bb","block_context":{"text":"Sin categor\u00eda","link":"https:\/\/webdelmaestrocmf.com\/portal\/category\/sin-categoria-es\/"},"img":{"alt_text":"","src":"https:\/\/i0.wp.com\/webdelmaestrocmf.com\/portal\/wp-content\/uploads\/2025\/09\/1A-Banner-1-portada-imagen-10-1-copia-2025-09-17T125221.865.webp?resize=350%2C200&ssl=1","width":350,"height":200,"srcset":"https:\/\/i0.wp.com\/webdelmaestrocmf.com\/portal\/wp-content\/uploads\/2025\/09\/1A-Banner-1-portada-imagen-10-1-copia-2025-09-17T125221.865.webp?resize=350%2C200&ssl=1 1x, https:\/\/i0.wp.com\/webdelmaestrocmf.com\/portal\/wp-content\/uploads\/2025\/09\/1A-Banner-1-portada-imagen-10-1-copia-2025-09-17T125221.865.webp?resize=525%2C300&ssl=1 1.5x, https:\/\/i0.wp.com\/webdelmaestrocmf.com\/portal\/wp-content\/uploads\/2025\/09\/1A-Banner-1-portada-imagen-10-1-copia-2025-09-17T125221.865.webp?resize=700%2C400&ssl=1 2x"},"classes":[]}],"jetpack_featured_media_url":"https:\/\/webdelmaestrocmf.com\/portal\/wp-content\/uploads\/2025\/06\/1A-Banner-1-portada-imagen-10-1-copia-12.jpg","_links":{"self":[{"href":"https:\/\/webdelmaestrocmf.com\/portal\/wp-json\/wp\/v2\/posts\/110456","targetHints":{"allow":["GET"]}}],"collection":[{"href":"https:\/\/webdelmaestrocmf.com\/portal\/wp-json\/wp\/v2\/posts"}],"about":[{"href":"https:\/\/webdelmaestrocmf.com\/portal\/wp-json\/wp\/v2\/types\/post"}],"author":[{"embeddable":true,"href":"https:\/\/webdelmaestrocmf.com\/portal\/wp-json\/wp\/v2\/users\/1"}],"replies":[{"embeddable":true,"href":"https:\/\/webdelmaestrocmf.com\/portal\/wp-json\/wp\/v2\/comments?post=110456"}],"version-history":[{"count":2,"href":"https:\/\/webdelmaestrocmf.com\/portal\/wp-json\/wp\/v2\/posts\/110456\/revisions"}],"predecessor-version":[{"id":110462,"href":"https:\/\/webdelmaestrocmf.com\/portal\/wp-json\/wp\/v2\/posts\/110456\/revisions\/110462"}],"wp:featuredmedia":[{"embeddable":true,"href":"https:\/\/webdelmaestrocmf.com\/portal\/wp-json\/wp\/v2\/media\/110457"}],"wp:attachment":[{"href":"https:\/\/webdelmaestrocmf.com\/portal\/wp-json\/wp\/v2\/media?parent=110456"}],"wp:term":[{"taxonomy":"category","embeddable":true,"href":"https:\/\/webdelmaestrocmf.com\/portal\/wp-json\/wp\/v2\/categories?post=110456"},{"taxonomy":"post_tag","embeddable":true,"href":"https:\/\/webdelmaestrocmf.com\/portal\/wp-json\/wp\/v2\/tags?post=110456"}],"curies":[{"name":"wp","href":"https:\/\/api.w.org\/{rel}","templated":true}]}}