{"id":110431,"date":"2025-06-25T09:16:45","date_gmt":"2025-06-25T13:16:45","guid":{"rendered":"https:\/\/webdelmaestrocmf.com\/portal\/?p=110431"},"modified":"2026-02-21T19:14:19","modified_gmt":"2026-02-21T22:14:19","slug":"postulan-a-donald-trump-al-premio-nobel-de-la-paz-tras-su-rol-en-el-alto-al-fuego-entre-israel-e-iran","status":"publish","type":"post","link":"https:\/\/webdelmaestrocmf.com\/portal\/postulan-a-donald-trump-al-premio-nobel-de-la-paz-tras-su-rol-en-el-alto-al-fuego-entre-israel-e-iran\/","title":{"rendered":"Postulan a Donald Trump al Premio Nobel de la Paz tras su rol en el alto al fuego entre Israel e Ir\u00e1n"},"content":{"rendered":"\n<iframe loading=\"lazy\" width=\"100%\" height=\"315\" src=\"https:\/\/www.youtube.com\/embed\/k9s63_a-ejU?si=vmvgkwNHunAcYPxA\" title=\"YouTube video player\" frameborder=\"0\" allow=\"accelerometer; autoplay; clipboard-write; encrypted-media; gyroscope; picture-in-picture; web-share\" referrerpolicy=\"strict-origin-when-cross-origin\" allowfullscreen><\/iframe>\n\n\n\n<p>Donald Trump ha sido propuesto como candidato al Premio Nobel de la Paz 2025 por su rol en la reciente declaraci\u00f3n de alto al fuego entre Israel e Ir\u00e1n. A pesar del contexto de tensi\u00f3n y los ataques previos, incluyendo una ofensiva estadounidense contra instalaciones nucleares iran\u00edes, el expresidente logr\u00f3 intermediar un acuerdo que fue finalmente aceptado por ambas partes. La propuesta fue presentada por un congresista estadounidense, y ha recibido el respaldo de autoridades internacionales, incluyendo al embajador de Israel ante las Naciones Unidas, Gilad Erdan.<\/p>\n\n\n\n<p>Durante una conferencia de prensa, Erdan declar\u00f3: \u201cCreo que el presidente Trump merece un Premio Nobel de la Paz. Debemos agradecerle por su liderazgo y por las valientes decisiones que tom\u00f3\u201d. Adem\u00e1s, subray\u00f3 el papel de Estados Unidos en la desactivaci\u00f3n de un conflicto mayor en Medio Oriente, aunque admiti\u00f3 que es pronto para evaluar completamente los efectos de los ataques y la eficacia de la tregua.<\/p>\n\n\n\n<p>El embajador tambi\u00e9n abord\u00f3 la posibilidad de extender el esfuerzo diplom\u00e1tico a otros escenarios, como Gaza, donde se analiza una nueva propuesta de alto al fuego presentada por el embajador Thomas Witkov. \u201cEsperamos renovar las negociaciones sobre esa propuesta tambi\u00e9n\u201d, se\u00f1al\u00f3 Erdan.<\/p>\n\n\n\n<p>En cuanto a un posible seguimiento diplom\u00e1tico entre Israel e Ir\u00e1n, el embajador indic\u00f3 que, si bien actualmente no existe comunicaci\u00f3n directa con representantes iran\u00edes en la ONU, es probable que se inicie un proceso de di\u00e1logo en las pr\u00f3ximas semanas. \u201cDespu\u00e9s de cada operaci\u00f3n militar o conflicto, vienen los esfuerzos diplom\u00e1ticos. Estoy seguro de que tambi\u00e9n ser\u00e1 el caso en este escenario\u201d, explic\u00f3.<\/p>\n\n\n\n<p>Consultado sobre si ser\u00eda necesaria una resoluci\u00f3n del Consejo de Seguridad de las Naciones Unidas, Erdan sostuvo que no considera imprescindible ese paso, dado que las partes aceptaron la propuesta impulsada por Trump. Sin embargo, no descart\u00f3 que en el futuro pueda haber espacio para la participaci\u00f3n de organismos internacionales.<\/p>\n\n\n\n<p>Por ahora, el alto al fuego se mantiene, aunque las autoridades de ambos pa\u00edses han mostrado cautela respecto a su duraci\u00f3n y a los pasos siguientes. Mientras tanto, la nominaci\u00f3n de Trump al Nobel de la Paz genera controversia, pero tambi\u00e9n abre el debate sobre el papel de l\u00edderes internacionales en la prevenci\u00f3n de conflictos armados.<\/p>\n\n\n\n<p>Redacci\u00f3n | Web del Maestro CMF<\/p>\n\n\n\t\t<div class=\"pk-inline-posts\">\n\t\t\t\n\t\t\t<div class=\"pk-inline-posts-container pk-inline-posts-template-list\"\n\t\t\t\tdata-columns=\"1\">\n\t\t\t\t\t\t<article id=\"post-118433\" class=\"post-118433 post type-post status-publish format-standard has-post-thumbnail category-noticias-internacionales tag-aprendizaje tag-atencion-en-el-aula-2 tag-docentes tag-educacion-3 tag-estrategias-didacticas-2 tag-innovacion-educativa-3 tag-motivacion-escolar-2 tag-neuroeducacion-2 tag-pedagogia-3 tag-tecnologia-educativa-3 cs-entry cs-video-wrap\">\n\t\t\t<div class=\"pk-post-outer\">\n\n\t\t\t\t\t\t\t\t<div class=\"pk-post-inner\">\n\t\t\t\t\t<div class=\"entry-thumbnail\">\n\t\t\t\t\t\t<div class=\"pk-overlay pk-overlay-ratio pk-ratio-landscape\">\n\t\t\t\t\t\t\t<div class=\"pk-overlay-background\">\n\t\t\t\t\t\t\t\t<a href=\"https:\/\/webdelmaestrocmf.com\/portal\/9-de-cada-10-maestros-confirman-que-los-alumnos-ya-no-prestan-atencion-en-clase\/\" class=\"pk-overlay-link\">\n\t\t\t\t\t\t\t\t\t<img loading=\"lazy\" decoding=\"async\" width=\"300\" height=\"225\" src=\"https:\/\/webdelmaestrocmf.com\/portal\/wp-content\/uploads\/2026\/04\/1AA-Banner-1-portada-imagen-10-1-copia-1-10-300x225.webp\" class=\"attachment-pk-thumbnail size-pk-thumbnail wp-post-image\" alt=\"\" \/>\t\t\t\t\t\t\t\t<\/a>\n\t\t\t\t\t\t\t<\/div>\n\t\t\t\t\t\t<\/div>\n\t\t\t\t\t<\/div>\n\t\t\t\t<\/div>\n\t\t\t\t\n\t\t\t\t<div class=\"pk-post-inner\">\n\t\t\t\t\t<header>\n\t\t\t\t\t\t<h3 class=\"pk-title\"><a href=\"https:\/\/webdelmaestrocmf.com\/portal\/9-de-cada-10-maestros-confirman-que-los-alumnos-ya-no-prestan-atencion-en-clase\/\" rel=\"bookmark\">9 de cada 10 maestros confirman que los alumnos ya no prestan atenci\u00f3n en clase<\/a><\/h3>\t\t\t\t\t<\/header><!-- .entry-header -->\n\t\t\t\t<\/div><!-- .post-inner -->\n\n\t\t\t<\/div><!-- .post-outer -->\n\t\t<\/article>\n\t\t\t<article id=\"post-118385\" class=\"post-118385 post type-post status-publish format-standard has-post-thumbnail category-noticias-internacionales tag-accidente-escolar tag-comunidad-escolar tag-cuidado-infantil tag-derechos-del-nino tag-educacion-segura tag-gestion-educativa-3 tag-prevencion-riesgos tag-responsabilidad-educativa tag-seguridad-escolar tag-supervision-docente cs-entry cs-video-wrap\">\n\t\t\t<div class=\"pk-post-outer\">\n\n\t\t\t\t\t\t\t\t<div class=\"pk-post-inner\">\n\t\t\t\t\t<div class=\"entry-thumbnail\">\n\t\t\t\t\t\t<div class=\"pk-overlay pk-overlay-ratio pk-ratio-landscape\">\n\t\t\t\t\t\t\t<div class=\"pk-overlay-background\">\n\t\t\t\t\t\t\t\t<a href=\"https:\/\/webdelmaestrocmf.com\/portal\/nina-fallece-tras-presunto-tropiezo-en-escuela-pero-su-padre-desmiente-la-version-me-encontre-a-mi-hija-toda-ensangrentada\/\" class=\"pk-overlay-link\">\n\t\t\t\t\t\t\t\t\t<img loading=\"lazy\" decoding=\"async\" width=\"300\" height=\"225\" src=\"https:\/\/webdelmaestrocmf.com\/portal\/wp-content\/uploads\/2026\/04\/1AA-Banner-1-portada-imagen-10-1-copia-4-3-300x225.webp\" class=\"attachment-pk-thumbnail size-pk-thumbnail wp-post-image\" alt=\"\" \/>\t\t\t\t\t\t\t\t<\/a>\n\t\t\t\t\t\t\t<\/div>\n\t\t\t\t\t\t<\/div>\n\t\t\t\t\t<\/div>\n\t\t\t\t<\/div>\n\t\t\t\t\n\t\t\t\t<div class=\"pk-post-inner\">\n\t\t\t\t\t<header>\n\t\t\t\t\t\t<h3 class=\"pk-title\"><a href=\"https:\/\/webdelmaestrocmf.com\/portal\/nina-fallece-tras-presunto-tropiezo-en-escuela-pero-su-padre-desmiente-la-version-me-encontre-a-mi-hija-toda-ensangrentada\/\" rel=\"bookmark\">Ni\u00f1a fallece tras presunto tropiezo en escuela, pero su padre desmiente la versi\u00f3n: \u201cMe encontr\u00e9 a mi hija toda ensangrentada\u201d<\/a><\/h3>\t\t\t\t\t<\/header><!-- .entry-header -->\n\t\t\t\t<\/div><!-- .post-inner -->\n\n\t\t\t<\/div><!-- .post-outer -->\n\t\t<\/article>\n\t\t\t<article id=\"post-118342\" class=\"post-118342 post type-post status-publish format-standard has-post-thumbnail category-noticias-internacionales tag-alfabetizacion tag-aprendizaje tag-comprension-lectora tag-docentes tag-educacion tag-escuela tag-innovacion-educativa tag-lectura tag-pedagogia tag-tecnologia-educativa cs-entry cs-video-wrap\">\n\t\t\t<div class=\"pk-post-outer\">\n\n\t\t\t\t\t\t\t\t<div class=\"pk-post-inner\">\n\t\t\t\t\t<div class=\"entry-thumbnail\">\n\t\t\t\t\t\t<div class=\"pk-overlay pk-overlay-ratio pk-ratio-landscape\">\n\t\t\t\t\t\t\t<div class=\"pk-overlay-background\">\n\t\t\t\t\t\t\t\t<a href=\"https:\/\/webdelmaestrocmf.com\/portal\/apagon-digital-en-la-escuela-suecia-frena-la-inversion-en-pantallas-y-vuelve-a-los-libros\/\" class=\"pk-overlay-link\">\n\t\t\t\t\t\t\t\t\t<img loading=\"lazy\" decoding=\"async\" width=\"300\" height=\"225\" src=\"https:\/\/webdelmaestrocmf.com\/portal\/wp-content\/uploads\/2026\/04\/1AA-Banner-1-portada-imagen-10-1-copia-8-2-300x225.webp\" class=\"attachment-pk-thumbnail size-pk-thumbnail wp-post-image\" alt=\"\" \/>\t\t\t\t\t\t\t\t<\/a>\n\t\t\t\t\t\t\t<\/div>\n\t\t\t\t\t\t<\/div>\n\t\t\t\t\t<\/div>\n\t\t\t\t<\/div>\n\t\t\t\t\n\t\t\t\t<div class=\"pk-post-inner\">\n\t\t\t\t\t<header>\n\t\t\t\t\t\t<h3 class=\"pk-title\"><a href=\"https:\/\/webdelmaestrocmf.com\/portal\/apagon-digital-en-la-escuela-suecia-frena-la-inversion-en-pantallas-y-vuelve-a-los-libros\/\" rel=\"bookmark\">\u00bfApag\u00f3n digital en la escuela? Suecia frena la inversi\u00f3n en pantallas y vuelve a los libros<\/a><\/h3>\t\t\t\t\t<\/header><!-- .entry-header -->\n\t\t\t\t<\/div><!-- .post-inner -->\n\n\t\t\t<\/div><!-- .post-outer -->\n\t\t<\/article>\n\t\t\t\t<\/div>\n\t\t<\/div>\n\t\t\n","protected":false},"excerpt":{"rendered":"Postulan a presidente de EEUU tras cese al fuego entre Ir\u00e1n e Israel","protected":false},"author":1,"featured_media":110433,"comment_status":"open","ping_status":"closed","sticky":false,"template":"","format":"standard","meta":{"csco_display_header_overlay":false,"csco_singular_sidebar":"","csco_page_header_type":"","csco_page_load_nextpost":"","csco_post_video_location":[],"csco_post_video_location_hash":"","csco_post_video_url":"","csco_post_video_bg_start_time":0,"csco_post_video_bg_end_time":0,"csco_post_video_bg_volume":false,"_jetpack_memberships_contains_paid_content":false,"footnotes":""},"categories":[23790],"tags":[2877,74,2232],"class_list":{"0":"post-110431","1":"post","2":"type-post","3":"status-publish","4":"format-standard","5":"has-post-thumbnail","7":"category-noticias-internacionales","8":"tag-nobel","9":"tag-premio","10":"tag-trump","11":"cs-entry","12":"cs-video-wrap"},"yoast_head":"<!-- This site is optimized with the Yoast SEO plugin v27.5 - https:\/\/yoast.com\/product\/yoast-seo-wordpress\/ -->\n<title>Postulan a Donald Trump al Premio Nobel de la Paz tras su rol en el alto al fuego entre Israel e Ir\u00e1n - 2026<\/title>\n<meta name=\"description\" content=\"Donald Trump ha sido propuesto como candidato al Premio Nobel de la Paz 2025 por su rol en la reciente declaraci\u00f3n de...\" \/>\n<meta name=\"robots\" content=\"index, follow, max-snippet:-1, max-image-preview:large, max-video-preview:-1\" \/>\n<link rel=\"canonical\" href=\"https:\/\/webdelmaestrocmf.com\/portal\/postulan-a-donald-trump-al-premio-nobel-de-la-paz-tras-su-rol-en-el-alto-al-fuego-entre-israel-e-iran\/\" \/>\n<meta property=\"og:locale\" content=\"es_ES\" \/>\n<meta property=\"og:type\" content=\"article\" \/>\n<meta property=\"og:title\" content=\"Postulan a Donald Trump al Premio Nobel de la Paz tras su rol en el alto al fuego entre Israel e Ir\u00e1n - 2026\" \/>\n<meta property=\"og:description\" content=\"Donald Trump ha sido propuesto como candidato al Premio Nobel de la Paz 2025 por su rol en la reciente declaraci\u00f3n de...\" \/>\n<meta property=\"og:url\" content=\"https:\/\/webdelmaestrocmf.com\/portal\/postulan-a-donald-trump-al-premio-nobel-de-la-paz-tras-su-rol-en-el-alto-al-fuego-entre-israel-e-iran\/\" \/>\n<meta property=\"og:site_name\" content=\"Web del Maestro CMF\" \/>\n<meta property=\"article:publisher\" content=\"https:\/\/www.facebook.com\/WebdelMaestroCMF\/\" \/>\n<meta property=\"article:author\" content=\"https:\/\/www.facebook.com\/WebdelMaestroCMF\/\" \/>\n<meta property=\"article:published_time\" content=\"2025-06-25T13:16:45+00:00\" \/>\n<meta property=\"article:modified_time\" content=\"2026-02-21T22:14:19+00:00\" \/>\n<meta property=\"og:image\" content=\"https:\/\/webdelmaestrocmf.com\/portal\/wp-content\/uploads\/2025\/06\/1A-Banner-1-portada-imagen-10-1-copia-10-1.jpg\" \/>\n\t<meta property=\"og:image:width\" content=\"1003\" \/>\n\t<meta property=\"og:image:height\" content=\"667\" \/>\n\t<meta property=\"og:image:type\" content=\"image\/jpeg\" \/>\n<meta name=\"author\" content=\"Web del Maestro CMF\" \/>\n<meta name=\"twitter:card\" content=\"summary_large_image\" \/>\n<meta name=\"twitter:creator\" content=\"@cmf_w\" \/>\n<meta name=\"twitter:site\" content=\"@cmf_w\" \/>\n<script type=\"application\/ld+json\" class=\"yoast-schema-graph\">{\"@context\":\"https:\\\/\\\/schema.org\",\"@graph\":[{\"@type\":\"ScholarlyArticle\",\"@id\":\"https:\\\/\\\/webdelmaestrocmf.com\\\/portal\\\/postulan-a-donald-trump-al-premio-nobel-de-la-paz-tras-su-rol-en-el-alto-al-fuego-entre-israel-e-iran\\\/#article\",\"isPartOf\":{\"@id\":\"https:\\\/\\\/webdelmaestrocmf.com\\\/portal\\\/postulan-a-donald-trump-al-premio-nobel-de-la-paz-tras-su-rol-en-el-alto-al-fuego-entre-israel-e-iran\\\/\"},\"author\":{\"name\":\"Web del Maestro CMF\",\"@id\":\"https:\\\/\\\/webdelmaestrocmf.com\\\/portal\\\/#\\\/schema\\\/person\\\/1072a2ed7bd960df8ef99a551fa35dc5\"},\"headline\":\"Postulan a Donald Trump al Premio Nobel de la Paz tras su rol en el alto al fuego entre Israel e Ir\u00e1n\",\"datePublished\":\"2025-06-25T13:16:45+00:00\",\"dateModified\":\"2026-02-21T22:14:19+00:00\",\"mainEntityOfPage\":{\"@id\":\"https:\\\/\\\/webdelmaestrocmf.com\\\/portal\\\/postulan-a-donald-trump-al-premio-nobel-de-la-paz-tras-su-rol-en-el-alto-al-fuego-entre-israel-e-iran\\\/\"},\"wordCount\":426,\"commentCount\":47,\"publisher\":{\"@id\":\"https:\\\/\\\/webdelmaestrocmf.com\\\/portal\\\/#organization\"},\"image\":{\"@id\":\"https:\\\/\\\/webdelmaestrocmf.com\\\/portal\\\/postulan-a-donald-trump-al-premio-nobel-de-la-paz-tras-su-rol-en-el-alto-al-fuego-entre-israel-e-iran\\\/#primaryimage\"},\"thumbnailUrl\":\"https:\\\/\\\/webdelmaestrocmf.com\\\/portal\\\/wp-content\\\/uploads\\\/2025\\\/06\\\/1A-Banner-1-portada-imagen-10-1-copia-10-1.jpg\",\"keywords\":[\"NOBEL\",\"Premio\",\"trump\"],\"articleSection\":[\"Noticias Internacionales\"],\"inLanguage\":\"es\",\"potentialAction\":[{\"@type\":\"CommentAction\",\"name\":\"Comment\",\"target\":[\"https:\\\/\\\/webdelmaestrocmf.com\\\/portal\\\/postulan-a-donald-trump-al-premio-nobel-de-la-paz-tras-su-rol-en-el-alto-al-fuego-entre-israel-e-iran\\\/#respond\"]}]},{\"@type\":\"WebPage\",\"@id\":\"https:\\\/\\\/webdelmaestrocmf.com\\\/portal\\\/postulan-a-donald-trump-al-premio-nobel-de-la-paz-tras-su-rol-en-el-alto-al-fuego-entre-israel-e-iran\\\/\",\"url\":\"https:\\\/\\\/webdelmaestrocmf.com\\\/portal\\\/postulan-a-donald-trump-al-premio-nobel-de-la-paz-tras-su-rol-en-el-alto-al-fuego-entre-israel-e-iran\\\/\",\"name\":\"Postulan a Donald Trump al Premio Nobel de la Paz tras su rol en el alto al fuego entre Israel e Ir\u00e1n - 2026\",\"isPartOf\":{\"@id\":\"https:\\\/\\\/webdelmaestrocmf.com\\\/portal\\\/#website\"},\"primaryImageOfPage\":{\"@id\":\"https:\\\/\\\/webdelmaestrocmf.com\\\/portal\\\/postulan-a-donald-trump-al-premio-nobel-de-la-paz-tras-su-rol-en-el-alto-al-fuego-entre-israel-e-iran\\\/#primaryimage\"},\"image\":{\"@id\":\"https:\\\/\\\/webdelmaestrocmf.com\\\/portal\\\/postulan-a-donald-trump-al-premio-nobel-de-la-paz-tras-su-rol-en-el-alto-al-fuego-entre-israel-e-iran\\\/#primaryimage\"},\"thumbnailUrl\":\"https:\\\/\\\/webdelmaestrocmf.com\\\/portal\\\/wp-content\\\/uploads\\\/2025\\\/06\\\/1A-Banner-1-portada-imagen-10-1-copia-10-1.jpg\",\"datePublished\":\"2025-06-25T13:16:45+00:00\",\"dateModified\":\"2026-02-21T22:14:19+00:00\",\"description\":\"Donald Trump ha sido propuesto como candidato al Premio Nobel de la Paz 2025 por su rol en la reciente declaraci\u00f3n de...\",\"breadcrumb\":{\"@id\":\"https:\\\/\\\/webdelmaestrocmf.com\\\/portal\\\/postulan-a-donald-trump-al-premio-nobel-de-la-paz-tras-su-rol-en-el-alto-al-fuego-entre-israel-e-iran\\\/#breadcrumb\"},\"inLanguage\":\"es\",\"potentialAction\":[{\"@type\":\"ReadAction\",\"target\":[\"https:\\\/\\\/webdelmaestrocmf.com\\\/portal\\\/postulan-a-donald-trump-al-premio-nobel-de-la-paz-tras-su-rol-en-el-alto-al-fuego-entre-israel-e-iran\\\/\"]}]},{\"@type\":\"ImageObject\",\"inLanguage\":\"es\",\"@id\":\"https:\\\/\\\/webdelmaestrocmf.com\\\/portal\\\/postulan-a-donald-trump-al-premio-nobel-de-la-paz-tras-su-rol-en-el-alto-al-fuego-entre-israel-e-iran\\\/#primaryimage\",\"url\":\"https:\\\/\\\/webdelmaestrocmf.com\\\/portal\\\/wp-content\\\/uploads\\\/2025\\\/06\\\/1A-Banner-1-portada-imagen-10-1-copia-10-1.jpg\",\"contentUrl\":\"https:\\\/\\\/webdelmaestrocmf.com\\\/portal\\\/wp-content\\\/uploads\\\/2025\\\/06\\\/1A-Banner-1-portada-imagen-10-1-copia-10-1.jpg\",\"width\":1003,\"height\":667},{\"@type\":\"BreadcrumbList\",\"@id\":\"https:\\\/\\\/webdelmaestrocmf.com\\\/portal\\\/postulan-a-donald-trump-al-premio-nobel-de-la-paz-tras-su-rol-en-el-alto-al-fuego-entre-israel-e-iran\\\/#breadcrumb\",\"itemListElement\":[{\"@type\":\"ListItem\",\"position\":1,\"name\":\"Portada\",\"item\":\"https:\\\/\\\/webdelmaestrocmf.com\\\/portal\\\/\"},{\"@type\":\"ListItem\",\"position\":2,\"name\":\"Noticias Internacionales\",\"item\":\"https:\\\/\\\/webdelmaestrocmf.com\\\/portal\\\/category\\\/noticias-internacionales\\\/\"},{\"@type\":\"ListItem\",\"position\":3,\"name\":\"Postulan a Donald Trump al Premio Nobel de la Paz tras su rol en el alto al fuego entre Israel e Ir\u00e1n\"}]},{\"@type\":\"WebSite\",\"@id\":\"https:\\\/\\\/webdelmaestrocmf.com\\\/portal\\\/#website\",\"url\":\"https:\\\/\\\/webdelmaestrocmf.com\\\/portal\\\/\",\"name\":\"Web del Maestro CMF\",\"description\":\"Maestros al servicio de la educaci\u00f3n\",\"publisher\":{\"@id\":\"https:\\\/\\\/webdelmaestrocmf.com\\\/portal\\\/#organization\"},\"alternateName\":\"WMCMF\",\"potentialAction\":[{\"@type\":\"SearchAction\",\"target\":{\"@type\":\"EntryPoint\",\"urlTemplate\":\"https:\\\/\\\/webdelmaestrocmf.com\\\/portal\\\/?s={search_term_string}\"},\"query-input\":{\"@type\":\"PropertyValueSpecification\",\"valueRequired\":true,\"valueName\":\"search_term_string\"}}],\"inLanguage\":\"es\"},{\"@type\":\"Organization\",\"@id\":\"https:\\\/\\\/webdelmaestrocmf.com\\\/portal\\\/#organization\",\"name\":\"Web del Maestro CMF\",\"alternateName\":\"WMCMF\",\"url\":\"https:\\\/\\\/webdelmaestrocmf.com\\\/portal\\\/\",\"logo\":{\"@type\":\"ImageObject\",\"inLanguage\":\"es\",\"@id\":\"https:\\\/\\\/webdelmaestrocmf.com\\\/portal\\\/#\\\/schema\\\/logo\\\/image\\\/\",\"url\":\"https:\\\/\\\/webdelmaestrocmf.com\\\/portal\\\/wp-content\\\/uploads\\\/2023\\\/01\\\/logo-wmcmf-2.png\",\"contentUrl\":\"https:\\\/\\\/webdelmaestrocmf.com\\\/portal\\\/wp-content\\\/uploads\\\/2023\\\/01\\\/logo-wmcmf-2.png\",\"width\":200,\"height\":60,\"caption\":\"Web del Maestro CMF\"},\"image\":{\"@id\":\"https:\\\/\\\/webdelmaestrocmf.com\\\/portal\\\/#\\\/schema\\\/logo\\\/image\\\/\"},\"sameAs\":[\"https:\\\/\\\/www.facebook.com\\\/WebdelMaestroCMF\\\/\",\"https:\\\/\\\/x.com\\\/cmf_w\",\"https:\\\/\\\/www.pinterest.com\\\/WMCMF\\\/\",\"https:\\\/\\\/www.linkedin.com\\\/company\\\/web-del-maestro-cmf\\\/\",\"https:\\\/\\\/www.instagram.com\\\/wmcmf\\\/\",\"https:\\\/\\\/www.youtube.com\\\/channel\\\/UCDPSvjbdodE5sHnC3OxutHw\",\"https:\\\/\\\/mastodon.social\\\/@wmcmf\",\"https:\\\/\\\/www.tiktok.com\\\/@webdelmaestrocmf\"]},{\"@type\":\"Person\",\"@id\":\"https:\\\/\\\/webdelmaestrocmf.com\\\/portal\\\/#\\\/schema\\\/person\\\/1072a2ed7bd960df8ef99a551fa35dc5\",\"name\":\"Web del Maestro CMF\",\"image\":{\"@type\":\"ImageObject\",\"inLanguage\":\"es\",\"@id\":\"https:\\\/\\\/secure.gravatar.com\\\/avatar\\\/23291dd5b5ae1077dcff3dbb04c3e02bd28403fa75af6d8787d5e97c5bbbe30b?s=96&d=mm&r=g\",\"url\":\"https:\\\/\\\/secure.gravatar.com\\\/avatar\\\/23291dd5b5ae1077dcff3dbb04c3e02bd28403fa75af6d8787d5e97c5bbbe30b?s=96&d=mm&r=g\",\"contentUrl\":\"https:\\\/\\\/secure.gravatar.com\\\/avatar\\\/23291dd5b5ae1077dcff3dbb04c3e02bd28403fa75af6d8787d5e97c5bbbe30b?s=96&d=mm&r=g\",\"caption\":\"Web del Maestro CMF\"},\"description\":\"Esta Web se cre\u00f3 sin fines de lucro, con fines educativos, cient\u00edficos y acad\u00e9micos, para personas que tengan dificultades y\\\/o inconvenientes en visualizar el material original. El objetivo es entregar recursos, compartir experiencias y materiales que ayuden a los padres de familia, maestros y estudiantes en su actualizaci\u00f3n y formaci\u00f3n permanente, en bien de la Educaci\u00f3n.\",\"sameAs\":[\"http:\\\/\\\/webdelmaestrocmf.com\\\/portal\",\"https:\\\/\\\/www.facebook.com\\\/WebdelMaestroCMF\\\/\",\"https:\\\/\\\/www.instagram.com\\\/wmcmf\\\/\",\"https:\\\/\\\/cl.linkedin.com\\\/company\\\/web-del-maestro-cmf\",\"https:\\\/\\\/www.pinterest.com\\\/WMCMF\\\/publicaciones\\\/\",\"https:\\\/\\\/x.com\\\/cmf_w\",\"https:\\\/\\\/www.youtube.com\\\/@WMCMF\"]}]}<\/script>\n<!-- \/ Yoast SEO plugin. -->","yoast_head_json":{"title":"Postulan a Donald Trump al Premio Nobel de la Paz tras su rol en el alto al fuego entre Israel e Ir\u00e1n - 2026","description":"Donald Trump ha sido propuesto como candidato al Premio Nobel de la Paz 2025 por su rol en la reciente declaraci\u00f3n de...","robots":{"index":"index","follow":"follow","max-snippet":"max-snippet:-1","max-image-preview":"max-image-preview:large","max-video-preview":"max-video-preview:-1"},"canonical":"https:\/\/webdelmaestrocmf.com\/portal\/postulan-a-donald-trump-al-premio-nobel-de-la-paz-tras-su-rol-en-el-alto-al-fuego-entre-israel-e-iran\/","og_locale":"es_ES","og_type":"article","og_title":"Postulan a Donald Trump al Premio Nobel de la Paz tras su rol en el alto al fuego entre Israel e Ir\u00e1n - 2026","og_description":"Donald Trump ha sido propuesto como candidato al Premio Nobel de la Paz 2025 por su rol en la reciente declaraci\u00f3n de...","og_url":"https:\/\/webdelmaestrocmf.com\/portal\/postulan-a-donald-trump-al-premio-nobel-de-la-paz-tras-su-rol-en-el-alto-al-fuego-entre-israel-e-iran\/","og_site_name":"Web del Maestro CMF","article_publisher":"https:\/\/www.facebook.com\/WebdelMaestroCMF\/","article_author":"https:\/\/www.facebook.com\/WebdelMaestroCMF\/","article_published_time":"2025-06-25T13:16:45+00:00","article_modified_time":"2026-02-21T22:14:19+00:00","og_image":[{"width":1003,"height":667,"url":"https:\/\/webdelmaestrocmf.com\/portal\/wp-content\/uploads\/2025\/06\/1A-Banner-1-portada-imagen-10-1-copia-10-1.jpg","type":"image\/jpeg"}],"author":"Web del Maestro CMF","twitter_card":"summary_large_image","twitter_creator":"@cmf_w","twitter_site":"@cmf_w","schema":{"@context":"https:\/\/schema.org","@graph":[{"@type":"ScholarlyArticle","@id":"https:\/\/webdelmaestrocmf.com\/portal\/postulan-a-donald-trump-al-premio-nobel-de-la-paz-tras-su-rol-en-el-alto-al-fuego-entre-israel-e-iran\/#article","isPartOf":{"@id":"https:\/\/webdelmaestrocmf.com\/portal\/postulan-a-donald-trump-al-premio-nobel-de-la-paz-tras-su-rol-en-el-alto-al-fuego-entre-israel-e-iran\/"},"author":{"name":"Web del Maestro CMF","@id":"https:\/\/webdelmaestrocmf.com\/portal\/#\/schema\/person\/1072a2ed7bd960df8ef99a551fa35dc5"},"headline":"Postulan a Donald Trump al Premio Nobel de la Paz tras su rol en el alto al fuego entre Israel e Ir\u00e1n","datePublished":"2025-06-25T13:16:45+00:00","dateModified":"2026-02-21T22:14:19+00:00","mainEntityOfPage":{"@id":"https:\/\/webdelmaestrocmf.com\/portal\/postulan-a-donald-trump-al-premio-nobel-de-la-paz-tras-su-rol-en-el-alto-al-fuego-entre-israel-e-iran\/"},"wordCount":426,"commentCount":47,"publisher":{"@id":"https:\/\/webdelmaestrocmf.com\/portal\/#organization"},"image":{"@id":"https:\/\/webdelmaestrocmf.com\/portal\/postulan-a-donald-trump-al-premio-nobel-de-la-paz-tras-su-rol-en-el-alto-al-fuego-entre-israel-e-iran\/#primaryimage"},"thumbnailUrl":"https:\/\/webdelmaestrocmf.com\/portal\/wp-content\/uploads\/2025\/06\/1A-Banner-1-portada-imagen-10-1-copia-10-1.jpg","keywords":["NOBEL","Premio","trump"],"articleSection":["Noticias Internacionales"],"inLanguage":"es","potentialAction":[{"@type":"CommentAction","name":"Comment","target":["https:\/\/webdelmaestrocmf.com\/portal\/postulan-a-donald-trump-al-premio-nobel-de-la-paz-tras-su-rol-en-el-alto-al-fuego-entre-israel-e-iran\/#respond"]}]},{"@type":"WebPage","@id":"https:\/\/webdelmaestrocmf.com\/portal\/postulan-a-donald-trump-al-premio-nobel-de-la-paz-tras-su-rol-en-el-alto-al-fuego-entre-israel-e-iran\/","url":"https:\/\/webdelmaestrocmf.com\/portal\/postulan-a-donald-trump-al-premio-nobel-de-la-paz-tras-su-rol-en-el-alto-al-fuego-entre-israel-e-iran\/","name":"Postulan a Donald Trump al Premio Nobel de la Paz tras su rol en el alto al fuego entre Israel e Ir\u00e1n - 2026","isPartOf":{"@id":"https:\/\/webdelmaestrocmf.com\/portal\/#website"},"primaryImageOfPage":{"@id":"https:\/\/webdelmaestrocmf.com\/portal\/postulan-a-donald-trump-al-premio-nobel-de-la-paz-tras-su-rol-en-el-alto-al-fuego-entre-israel-e-iran\/#primaryimage"},"image":{"@id":"https:\/\/webdelmaestrocmf.com\/portal\/postulan-a-donald-trump-al-premio-nobel-de-la-paz-tras-su-rol-en-el-alto-al-fuego-entre-israel-e-iran\/#primaryimage"},"thumbnailUrl":"https:\/\/webdelmaestrocmf.com\/portal\/wp-content\/uploads\/2025\/06\/1A-Banner-1-portada-imagen-10-1-copia-10-1.jpg","datePublished":"2025-06-25T13:16:45+00:00","dateModified":"2026-02-21T22:14:19+00:00","description":"Donald Trump ha sido propuesto como candidato al Premio Nobel de la Paz 2025 por su rol en la reciente declaraci\u00f3n de...","breadcrumb":{"@id":"https:\/\/webdelmaestrocmf.com\/portal\/postulan-a-donald-trump-al-premio-nobel-de-la-paz-tras-su-rol-en-el-alto-al-fuego-entre-israel-e-iran\/#breadcrumb"},"inLanguage":"es","potentialAction":[{"@type":"ReadAction","target":["https:\/\/webdelmaestrocmf.com\/portal\/postulan-a-donald-trump-al-premio-nobel-de-la-paz-tras-su-rol-en-el-alto-al-fuego-entre-israel-e-iran\/"]}]},{"@type":"ImageObject","inLanguage":"es","@id":"https:\/\/webdelmaestrocmf.com\/portal\/postulan-a-donald-trump-al-premio-nobel-de-la-paz-tras-su-rol-en-el-alto-al-fuego-entre-israel-e-iran\/#primaryimage","url":"https:\/\/webdelmaestrocmf.com\/portal\/wp-content\/uploads\/2025\/06\/1A-Banner-1-portada-imagen-10-1-copia-10-1.jpg","contentUrl":"https:\/\/webdelmaestrocmf.com\/portal\/wp-content\/uploads\/2025\/06\/1A-Banner-1-portada-imagen-10-1-copia-10-1.jpg","width":1003,"height":667},{"@type":"BreadcrumbList","@id":"https:\/\/webdelmaestrocmf.com\/portal\/postulan-a-donald-trump-al-premio-nobel-de-la-paz-tras-su-rol-en-el-alto-al-fuego-entre-israel-e-iran\/#breadcrumb","itemListElement":[{"@type":"ListItem","position":1,"name":"Portada","item":"https:\/\/webdelmaestrocmf.com\/portal\/"},{"@type":"ListItem","position":2,"name":"Noticias Internacionales","item":"https:\/\/webdelmaestrocmf.com\/portal\/category\/noticias-internacionales\/"},{"@type":"ListItem","position":3,"name":"Postulan a Donald Trump al Premio Nobel de la Paz tras su rol en el alto al fuego entre Israel e Ir\u00e1n"}]},{"@type":"WebSite","@id":"https:\/\/webdelmaestrocmf.com\/portal\/#website","url":"https:\/\/webdelmaestrocmf.com\/portal\/","name":"Web del Maestro CMF","description":"Maestros al servicio de la educaci\u00f3n","publisher":{"@id":"https:\/\/webdelmaestrocmf.com\/portal\/#organization"},"alternateName":"WMCMF","potentialAction":[{"@type":"SearchAction","target":{"@type":"EntryPoint","urlTemplate":"https:\/\/webdelmaestrocmf.com\/portal\/?s={search_term_string}"},"query-input":{"@type":"PropertyValueSpecification","valueRequired":true,"valueName":"search_term_string"}}],"inLanguage":"es"},{"@type":"Organization","@id":"https:\/\/webdelmaestrocmf.com\/portal\/#organization","name":"Web del Maestro CMF","alternateName":"WMCMF","url":"https:\/\/webdelmaestrocmf.com\/portal\/","logo":{"@type":"ImageObject","inLanguage":"es","@id":"https:\/\/webdelmaestrocmf.com\/portal\/#\/schema\/logo\/image\/","url":"https:\/\/webdelmaestrocmf.com\/portal\/wp-content\/uploads\/2023\/01\/logo-wmcmf-2.png","contentUrl":"https:\/\/webdelmaestrocmf.com\/portal\/wp-content\/uploads\/2023\/01\/logo-wmcmf-2.png","width":200,"height":60,"caption":"Web del Maestro CMF"},"image":{"@id":"https:\/\/webdelmaestrocmf.com\/portal\/#\/schema\/logo\/image\/"},"sameAs":["https:\/\/www.facebook.com\/WebdelMaestroCMF\/","https:\/\/x.com\/cmf_w","https:\/\/www.pinterest.com\/WMCMF\/","https:\/\/www.linkedin.com\/company\/web-del-maestro-cmf\/","https:\/\/www.instagram.com\/wmcmf\/","https:\/\/www.youtube.com\/channel\/UCDPSvjbdodE5sHnC3OxutHw","https:\/\/mastodon.social\/@wmcmf","https:\/\/www.tiktok.com\/@webdelmaestrocmf"]},{"@type":"Person","@id":"https:\/\/webdelmaestrocmf.com\/portal\/#\/schema\/person\/1072a2ed7bd960df8ef99a551fa35dc5","name":"Web del Maestro CMF","image":{"@type":"ImageObject","inLanguage":"es","@id":"https:\/\/secure.gravatar.com\/avatar\/23291dd5b5ae1077dcff3dbb04c3e02bd28403fa75af6d8787d5e97c5bbbe30b?s=96&d=mm&r=g","url":"https:\/\/secure.gravatar.com\/avatar\/23291dd5b5ae1077dcff3dbb04c3e02bd28403fa75af6d8787d5e97c5bbbe30b?s=96&d=mm&r=g","contentUrl":"https:\/\/secure.gravatar.com\/avatar\/23291dd5b5ae1077dcff3dbb04c3e02bd28403fa75af6d8787d5e97c5bbbe30b?s=96&d=mm&r=g","caption":"Web del Maestro CMF"},"description":"Esta Web se cre\u00f3 sin fines de lucro, con fines educativos, cient\u00edficos y acad\u00e9micos, para personas que tengan dificultades y\/o inconvenientes en visualizar el material original. El objetivo es entregar recursos, compartir experiencias y materiales que ayuden a los padres de familia, maestros y estudiantes en su actualizaci\u00f3n y formaci\u00f3n permanente, en bien de la Educaci\u00f3n.","sameAs":["http:\/\/webdelmaestrocmf.com\/portal","https:\/\/www.facebook.com\/WebdelMaestroCMF\/","https:\/\/www.instagram.com\/wmcmf\/","https:\/\/cl.linkedin.com\/company\/web-del-maestro-cmf","https:\/\/www.pinterest.com\/WMCMF\/publicaciones\/","https:\/\/x.com\/cmf_w","https:\/\/www.youtube.com\/@WMCMF"]}]}},"jetpack_featured_media_url":"https:\/\/webdelmaestrocmf.com\/portal\/wp-content\/uploads\/2025\/06\/1A-Banner-1-portada-imagen-10-1-copia-10-1.jpg","jetpack_sharing_enabled":true,"jetpack-related-posts":[{"id":111043,"url":"https:\/\/webdelmaestrocmf.com\/portal\/netanyahu-nomina-a-trump-al-nobel-de-la-paz-en-medio-de-una-ofensiva-diplomatica-y-militar-en-gaza\/","url_meta":{"origin":110431,"position":0},"title":"Netanyahu nomina a Trump al Nobel de la Paz en medio de una ofensiva diplom\u00e1tica y militar en Gaza","author":"Web del Maestro CMF","date":"9 julio, 2025","format":false,"excerpt":"El primer ministro israel\u00ed entreg\u00f3 personalmente la nominaci\u00f3n durante una cena en la Casa Blanca, elogiando los esfuerzos del presidente estadounidense en Medio Oriente y respaldando su pol\u00e9mico plan para el futuro de Gaza","rel":"","context":"En \u00abNoticias Internacionales\u00bb","block_context":{"text":"Noticias Internacionales","link":"https:\/\/webdelmaestrocmf.com\/portal\/category\/noticias-internacionales\/"},"img":{"alt_text":"","src":"https:\/\/i0.wp.com\/webdelmaestrocmf.com\/portal\/wp-content\/uploads\/2025\/07\/1A-Banner-1-portada-imagen-10-1-copia-59.jpg?resize=350%2C200&ssl=1","width":350,"height":200,"srcset":"https:\/\/i0.wp.com\/webdelmaestrocmf.com\/portal\/wp-content\/uploads\/2025\/07\/1A-Banner-1-portada-imagen-10-1-copia-59.jpg?resize=350%2C200&ssl=1 1x, https:\/\/i0.wp.com\/webdelmaestrocmf.com\/portal\/wp-content\/uploads\/2025\/07\/1A-Banner-1-portada-imagen-10-1-copia-59.jpg?resize=525%2C300&ssl=1 1.5x, https:\/\/i0.wp.com\/webdelmaestrocmf.com\/portal\/wp-content\/uploads\/2025\/07\/1A-Banner-1-portada-imagen-10-1-copia-59.jpg?resize=700%2C400&ssl=1 2x"},"classes":[]},{"id":110394,"url":"https:\/\/webdelmaestrocmf.com\/portal\/donald-trump-estalla-contra-israel-e-iran-tras-la-ruptura-del-alto-el-fuego-no-tienen-ni-puta-idea-de-lo-que-estan-haciendo\/","url_meta":{"origin":110431,"position":1},"title":"Donald Trump estalla contra Israel e Ir\u00e1n tras la ruptura del alto el fuego: \u201cNo tienen ni puta idea de lo que est\u00e1n haciendo\u201d","author":"Web del Maestro CMF","date":"24 junio, 2025","format":false,"excerpt":"El presidente de Estados Unidos, Donald Trump, protagoniz\u00f3 este martes una encendida reacci\u00f3n p\u00fablica tras la ruptura del alto el fuego que \u00e9l mismo hab\u00eda anunciado entre Israel e Ir\u00e1n. En una intervenci\u00f3n marcada por un tono inusualmente directo y agresivo, el mandatario republicano arremeti\u00f3 contra ambos pa\u00edses, acus\u00e1ndolos de\u2026","rel":"","context":"En \u00abNoticias Internacionales\u00bb","block_context":{"text":"Noticias Internacionales","link":"https:\/\/webdelmaestrocmf.com\/portal\/category\/noticias-internacionales\/"},"img":{"alt_text":"","src":"https:\/\/i0.wp.com\/webdelmaestrocmf.com\/portal\/wp-content\/uploads\/2025\/06\/1A-Banner-1-portada-imagen-10-1-copia-9-1.jpg?resize=350%2C200&ssl=1","width":350,"height":200,"srcset":"https:\/\/i0.wp.com\/webdelmaestrocmf.com\/portal\/wp-content\/uploads\/2025\/06\/1A-Banner-1-portada-imagen-10-1-copia-9-1.jpg?resize=350%2C200&ssl=1 1x, https:\/\/i0.wp.com\/webdelmaestrocmf.com\/portal\/wp-content\/uploads\/2025\/06\/1A-Banner-1-portada-imagen-10-1-copia-9-1.jpg?resize=525%2C300&ssl=1 1.5x, https:\/\/i0.wp.com\/webdelmaestrocmf.com\/portal\/wp-content\/uploads\/2025\/06\/1A-Banner-1-portada-imagen-10-1-copia-9-1.jpg?resize=700%2C400&ssl=1 2x"},"classes":[]},{"id":110383,"url":"https:\/\/webdelmaestrocmf.com\/portal\/trump-anuncia-un-alto-el-fuego-total-entre-israel-e-iran-y-dice-que-entrara-en-vigor-en-seis-horas\/","url_meta":{"origin":110431,"position":2},"title":"Trump anuncia un \u201calto el fuego total\u201d entre Israel e Ir\u00e1n y dice que entrar\u00e1 en vigor \u201cen seis horas\u201d","author":"Web del Maestro CMF","date":"23 junio, 2025","format":false,"excerpt":"El presidente de Estados Unidos detalla un plan por fases en 24 horas y da por terminado el conflicto entre ambos pa\u00edses, que bautiza como \u201cla guerra de los 12 d\u00edas\u201d","rel":"","context":"En \u00abNoticias Internacionales\u00bb","block_context":{"text":"Noticias Internacionales","link":"https:\/\/webdelmaestrocmf.com\/portal\/category\/noticias-internacionales\/"},"img":{"alt_text":"","src":"https:\/\/i0.wp.com\/webdelmaestrocmf.com\/portal\/wp-content\/uploads\/2025\/06\/1A-Banner-1-portada-imagen-10-1-copia-26.jpg?resize=350%2C200&ssl=1","width":350,"height":200,"srcset":"https:\/\/i0.wp.com\/webdelmaestrocmf.com\/portal\/wp-content\/uploads\/2025\/06\/1A-Banner-1-portada-imagen-10-1-copia-26.jpg?resize=350%2C200&ssl=1 1x, https:\/\/i0.wp.com\/webdelmaestrocmf.com\/portal\/wp-content\/uploads\/2025\/06\/1A-Banner-1-portada-imagen-10-1-copia-26.jpg?resize=525%2C300&ssl=1 1.5x, https:\/\/i0.wp.com\/webdelmaestrocmf.com\/portal\/wp-content\/uploads\/2025\/06\/1A-Banner-1-portada-imagen-10-1-copia-26.jpg?resize=700%2C400&ssl=1 2x"},"classes":[]},{"id":110390,"url":"https:\/\/webdelmaestrocmf.com\/portal\/iran-niega-haber-alcanzado-un-acuerdo-de-alto-al-fuego-con-israel-tras-anuncio-de-trump\/","url_meta":{"origin":110431,"position":3},"title":"Ir\u00e1n niega haber alcanzado un acuerdo de alto al fuego con Israel tras anuncio de Trump","author":"Web del Maestro CMF","date":"23 junio, 2025","format":false,"excerpt":"El canciller Abbas Araghchi reconoci\u00f3 que los bombardeos israel\u00edes han ido cesando en los \u00faltimos minutos, luego de que se estableciera un plazo hasta las 4:00 a.\u202fm. hora local para finalizar los ataques.","rel":"","context":"En \u00abNoticias Internacionales\u00bb","block_context":{"text":"Noticias Internacionales","link":"https:\/\/webdelmaestrocmf.com\/portal\/category\/noticias-internacionales\/"},"img":{"alt_text":"","src":"https:\/\/i0.wp.com\/webdelmaestrocmf.com\/portal\/wp-content\/uploads\/2025\/06\/1A-Banner-1-portada-imagen-10-1-copia-8-1.jpg?resize=350%2C200&ssl=1","width":350,"height":200,"srcset":"https:\/\/i0.wp.com\/webdelmaestrocmf.com\/portal\/wp-content\/uploads\/2025\/06\/1A-Banner-1-portada-imagen-10-1-copia-8-1.jpg?resize=350%2C200&ssl=1 1x, https:\/\/i0.wp.com\/webdelmaestrocmf.com\/portal\/wp-content\/uploads\/2025\/06\/1A-Banner-1-portada-imagen-10-1-copia-8-1.jpg?resize=525%2C300&ssl=1 1.5x, https:\/\/i0.wp.com\/webdelmaestrocmf.com\/portal\/wp-content\/uploads\/2025\/06\/1A-Banner-1-portada-imagen-10-1-copia-8-1.jpg?resize=700%2C400&ssl=1 2x"},"classes":[]},{"id":112529,"url":"https:\/\/webdelmaestrocmf.com\/portal\/donald-trump-y-el-premio-nobel-de-la-paz-entre-la-ambicion-y-la-controversia\/","url_meta":{"origin":110431,"position":4},"title":"Donald Trump y el Premio Nobel de la Paz: entre la ambici\u00f3n y la controversia","author":"Web del Maestro CMF","date":"9 octubre, 2025","format":false,"excerpt":"Donald Trump aspira al Nobel de la Paz alegando haber terminado siete guerras, pero los expertos dudan de su verdadero aporte a la paz mundial.","rel":"","context":"En \u00abNoticias Internacionales\u00bb","block_context":{"text":"Noticias Internacionales","link":"https:\/\/webdelmaestrocmf.com\/portal\/category\/noticias-internacionales\/"},"img":{"alt_text":"","src":"https:\/\/i0.wp.com\/webdelmaestrocmf.com\/portal\/wp-content\/uploads\/2025\/10\/1A-Banner-1-portada-imagen-10-1-copia-1-2.jpg?resize=350%2C200&ssl=1","width":350,"height":200,"srcset":"https:\/\/i0.wp.com\/webdelmaestrocmf.com\/portal\/wp-content\/uploads\/2025\/10\/1A-Banner-1-portada-imagen-10-1-copia-1-2.jpg?resize=350%2C200&ssl=1 1x, https:\/\/i0.wp.com\/webdelmaestrocmf.com\/portal\/wp-content\/uploads\/2025\/10\/1A-Banner-1-portada-imagen-10-1-copia-1-2.jpg?resize=525%2C300&ssl=1 1.5x, https:\/\/i0.wp.com\/webdelmaestrocmf.com\/portal\/wp-content\/uploads\/2025\/10\/1A-Banner-1-portada-imagen-10-1-copia-1-2.jpg?resize=700%2C400&ssl=1 2x"},"classes":[]},{"id":109872,"url":"https:\/\/webdelmaestrocmf.com\/portal\/el-g-7-aprueba-por-unanimidad-una-declaracion-sobre-el-conflicto-entre-israel-e-iran\/","url_meta":{"origin":110431,"position":5},"title":"El G-7 aprueba por unanimidad una declaraci\u00f3n sobre el conflicto entre Israel e Ir\u00e1n","author":"Web del Maestro CMF","date":"17 junio, 2025","format":false,"excerpt":"El grupo, integrado por Alemania, Canad\u00e1, Estados Unidos, Francia, Italia, Jap\u00f3n y el Reino Unido, emiti\u00f3 una declaraci\u00f3n conjunta en la que tambi\u00e9n subray\u00f3 que el r\u00e9gimen de Teher\u00e1n no debe poseer armas nucleares","rel":"","context":"En \u00abNoticias Internacionales\u00bb","block_context":{"text":"Noticias Internacionales","link":"https:\/\/webdelmaestrocmf.com\/portal\/category\/noticias-internacionales\/"},"img":{"alt_text":"","src":"https:\/\/i0.wp.com\/webdelmaestrocmf.com\/portal\/wp-content\/uploads\/2025\/06\/1A-Banner-1-portada-imagen-10-1-42.jpg?resize=350%2C200&ssl=1","width":350,"height":200,"srcset":"https:\/\/i0.wp.com\/webdelmaestrocmf.com\/portal\/wp-content\/uploads\/2025\/06\/1A-Banner-1-portada-imagen-10-1-42.jpg?resize=350%2C200&ssl=1 1x, https:\/\/i0.wp.com\/webdelmaestrocmf.com\/portal\/wp-content\/uploads\/2025\/06\/1A-Banner-1-portada-imagen-10-1-42.jpg?resize=525%2C300&ssl=1 1.5x, https:\/\/i0.wp.com\/webdelmaestrocmf.com\/portal\/wp-content\/uploads\/2025\/06\/1A-Banner-1-portada-imagen-10-1-42.jpg?resize=700%2C400&ssl=1 2x"},"classes":[]}],"_links":{"self":[{"href":"https:\/\/webdelmaestrocmf.com\/portal\/wp-json\/wp\/v2\/posts\/110431","targetHints":{"allow":["GET"]}}],"collection":[{"href":"https:\/\/webdelmaestrocmf.com\/portal\/wp-json\/wp\/v2\/posts"}],"about":[{"href":"https:\/\/webdelmaestrocmf.com\/portal\/wp-json\/wp\/v2\/types\/post"}],"author":[{"embeddable":true,"href":"https:\/\/webdelmaestrocmf.com\/portal\/wp-json\/wp\/v2\/users\/1"}],"replies":[{"embeddable":true,"href":"https:\/\/webdelmaestrocmf.com\/portal\/wp-json\/wp\/v2\/comments?post=110431"}],"version-history":[{"count":2,"href":"https:\/\/webdelmaestrocmf.com\/portal\/wp-json\/wp\/v2\/posts\/110431\/revisions"}],"predecessor-version":[{"id":110434,"href":"https:\/\/webdelmaestrocmf.com\/portal\/wp-json\/wp\/v2\/posts\/110431\/revisions\/110434"}],"wp:featuredmedia":[{"embeddable":true,"href":"https:\/\/webdelmaestrocmf.com\/portal\/wp-json\/wp\/v2\/media\/110433"}],"wp:attachment":[{"href":"https:\/\/webdelmaestrocmf.com\/portal\/wp-json\/wp\/v2\/media?parent=110431"}],"wp:term":[{"taxonomy":"category","embeddable":true,"href":"https:\/\/webdelmaestrocmf.com\/portal\/wp-json\/wp\/v2\/categories?post=110431"},{"taxonomy":"post_tag","embeddable":true,"href":"https:\/\/webdelmaestrocmf.com\/portal\/wp-json\/wp\/v2\/tags?post=110431"}],"curies":[{"name":"wp","href":"https:\/\/api.w.org\/{rel}","templated":true}]}}