{"id":110418,"date":"2025-06-24T16:05:44","date_gmt":"2025-06-24T20:05:44","guid":{"rendered":"https:\/\/webdelmaestrocmf.com\/portal\/?p=110418"},"modified":"2025-06-24T16:05:47","modified_gmt":"2025-06-24T20:05:47","slug":"turista-dana-cuadro-de-300-anos-en-florencia-al-intentar-recrear-un-meme","status":"publish","type":"post","link":"https:\/\/webdelmaestrocmf.com\/portal\/turista-dana-cuadro-de-300-anos-en-florencia-al-intentar-recrear-un-meme\/","title":{"rendered":"Turista da\u00f1a cuadro de 300 a\u00f1os en Florencia al intentar recrear un \u201cmeme\u201d"},"content":{"rendered":"\n<p>Un ins\u00f3lito pero preocupante incidente tuvo lugar en la Galer\u00eda Uffizi de Florencia, Italia, donde un turista da\u00f1\u00f3 una pintura del siglo XVIII al intentar recrear un \u201cmeme\u201d frente a la obra. El cuadro afectado es el <em>Retrato de Ferdinando de M\u00e9dici, Gran Pr\u00edncipe de Toscana<\/em>, una pieza de 1722 creada por el artista Anton Domenico Gabbiani, que estaba en exposici\u00f3n temporal en el marco de una muestra dedicada al siglo XVIII.<\/p>\n\n\n\n<div style=\"position:relative;padding-bottom:56.25%;height:0;overflow:hidden;\">\n  <iframe src=\"https:\/\/geo.dailymotion.com\/player.html?video=x9ludy0\"\n    style=\"width:100%; height:100%; position:absolute; left:0px; top:0px; overflow:hidden; border:none;\"\n    allowfullscreen\n    title=\"Dailymotion Video Player\"\n    allow=\"web-share\">\n  <\/iframe>\n<\/div>\n\n\n\n<p>El hecho ocurri\u00f3 el pasado s\u00e1bado, cuando un visitante tropez\u00f3 mientras posaba para una fotograf\u00eda y termin\u00f3 apoy\u00e1ndose sobre la obra, lo que provoc\u00f3 un desgarro en la tela, espec\u00edficamente en la zona de la bota del retratado. Las c\u00e1maras de seguridad del museo registraron el momento en que el joven, acompa\u00f1ado por una mujer que le tomaba la foto, retrocede y tropieza, causando el da\u00f1o. Luego del impacto, se observa c\u00f3mo se acerca a la pintura con aparente indiferencia, mientras que el personal del museo y de seguridad act\u00faa r\u00e1pidamente.<\/p>\n\n\n\n<p>Aunque los da\u00f1os han sido calificados como \u201cleves\u201d, la obra fue retirada de inmediato para su restauraci\u00f3n. La direcci\u00f3n del museo lament\u00f3 lo sucedido y expres\u00f3 su creciente preocupaci\u00f3n por las conductas imprudentes de ciertos visitantes. Simone Verde, director de la Galer\u00eda Uffizi, explic\u00f3 que el accidente ocurri\u00f3 cuando el turista intent\u00f3 imitar la pose del pr\u00edncipe M\u00e9dici para una foto estilo \u00abmeme\u00bb.<\/p>\n\n\n\n<p>\u201cLa pr\u00e1ctica de venir a los museos \u00fanicamente para hacer \u2018memes\u2019 o selfies se ha vuelto un problema creciente. Estamos trabajando en establecer l\u00edmites muy claros para evitar comportamientos que atenten contra el respeto por el patrimonio cultural\u201d, declar\u00f3 Verde a los medios italianos.<\/p>\n\n\n\n<p>El incidente ha reavivado el debate sobre el uso de dispositivos m\u00f3viles en museos y el impacto de las redes sociales en la forma en que muchas personas interact\u00faan con el arte. No es un caso aislado. Recientemente, otro turista da\u00f1\u00f3 una obra de Nicola Bolla en el Palazzo Maffei de Verona tras sentarse sobre una silla hecha con cristales Swarovski, tambi\u00e9n en un intento de tomarse una fotograf\u00eda.<\/p>\n\n\n\n<p>Si bien los museos han buscado adaptarse a las nuevas formas de difusi\u00f3n y promoci\u00f3n cultural a trav\u00e9s de redes sociales, el equilibrio entre accesibilidad y conservaci\u00f3n del patrimonio sigue siendo un desaf\u00edo urgente. Este nuevo caso refuerza la necesidad de medidas m\u00e1s estrictas y de mayor concientizaci\u00f3n del p\u00fablico sobre el valor hist\u00f3rico y art\u00edstico de las obras expuestas.<\/p>\n\n\n\n<p class=\"has-text-align-right\"><strong>Redacci\u00f3n | Web del Maestro CMF<\/strong><\/p>\n\n\n\t\t<div class=\"pk-inline-posts\">\n\t\t\t\n\t\t\t<div class=\"pk-inline-posts-container pk-inline-posts-template-list\"\n\t\t\t\tdata-columns=\"1\">\n\t\t\t\t\t\t<article id=\"post-118433\" class=\"post-118433 post type-post status-publish format-standard has-post-thumbnail category-noticias-internacionales tag-aprendizaje tag-atencion-en-el-aula-2 tag-docentes tag-educacion-3 tag-estrategias-didacticas-2 tag-innovacion-educativa-3 tag-motivacion-escolar-2 tag-neuroeducacion-2 tag-pedagogia-3 tag-tecnologia-educativa-3 cs-entry cs-video-wrap\">\n\t\t\t<div class=\"pk-post-outer\">\n\n\t\t\t\t\t\t\t\t<div class=\"pk-post-inner\">\n\t\t\t\t\t<div class=\"entry-thumbnail\">\n\t\t\t\t\t\t<div class=\"pk-overlay pk-overlay-ratio pk-ratio-landscape\">\n\t\t\t\t\t\t\t<div class=\"pk-overlay-background\">\n\t\t\t\t\t\t\t\t<a href=\"https:\/\/webdelmaestrocmf.com\/portal\/9-de-cada-10-maestros-confirman-que-los-alumnos-ya-no-prestan-atencion-en-clase\/\" class=\"pk-overlay-link\">\n\t\t\t\t\t\t\t\t\t<img loading=\"lazy\" decoding=\"async\" width=\"300\" height=\"225\" src=\"https:\/\/webdelmaestrocmf.com\/portal\/wp-content\/uploads\/2026\/04\/1AA-Banner-1-portada-imagen-10-1-copia-1-10-300x225.webp\" class=\"attachment-pk-thumbnail size-pk-thumbnail wp-post-image\" alt=\"\" \/>\t\t\t\t\t\t\t\t<\/a>\n\t\t\t\t\t\t\t<\/div>\n\t\t\t\t\t\t<\/div>\n\t\t\t\t\t<\/div>\n\t\t\t\t<\/div>\n\t\t\t\t\n\t\t\t\t<div class=\"pk-post-inner\">\n\t\t\t\t\t<header>\n\t\t\t\t\t\t<h3 class=\"pk-title\"><a href=\"https:\/\/webdelmaestrocmf.com\/portal\/9-de-cada-10-maestros-confirman-que-los-alumnos-ya-no-prestan-atencion-en-clase\/\" rel=\"bookmark\">9 de cada 10 maestros confirman que los alumnos ya no prestan atenci\u00f3n en clase<\/a><\/h3>\t\t\t\t\t<\/header><!-- .entry-header -->\n\t\t\t\t<\/div><!-- .post-inner -->\n\n\t\t\t<\/div><!-- .post-outer -->\n\t\t<\/article>\n\t\t\t<article id=\"post-118385\" class=\"post-118385 post type-post status-publish format-standard has-post-thumbnail category-noticias-internacionales tag-accidente-escolar tag-comunidad-escolar tag-cuidado-infantil tag-derechos-del-nino tag-educacion-segura tag-gestion-educativa-3 tag-prevencion-riesgos tag-responsabilidad-educativa tag-seguridad-escolar tag-supervision-docente cs-entry cs-video-wrap\">\n\t\t\t<div class=\"pk-post-outer\">\n\n\t\t\t\t\t\t\t\t<div class=\"pk-post-inner\">\n\t\t\t\t\t<div class=\"entry-thumbnail\">\n\t\t\t\t\t\t<div class=\"pk-overlay pk-overlay-ratio pk-ratio-landscape\">\n\t\t\t\t\t\t\t<div class=\"pk-overlay-background\">\n\t\t\t\t\t\t\t\t<a href=\"https:\/\/webdelmaestrocmf.com\/portal\/nina-fallece-tras-presunto-tropiezo-en-escuela-pero-su-padre-desmiente-la-version-me-encontre-a-mi-hija-toda-ensangrentada\/\" class=\"pk-overlay-link\">\n\t\t\t\t\t\t\t\t\t<img loading=\"lazy\" decoding=\"async\" width=\"300\" height=\"225\" src=\"https:\/\/webdelmaestrocmf.com\/portal\/wp-content\/uploads\/2026\/04\/1AA-Banner-1-portada-imagen-10-1-copia-4-3-300x225.webp\" class=\"attachment-pk-thumbnail size-pk-thumbnail wp-post-image\" alt=\"\" \/>\t\t\t\t\t\t\t\t<\/a>\n\t\t\t\t\t\t\t<\/div>\n\t\t\t\t\t\t<\/div>\n\t\t\t\t\t<\/div>\n\t\t\t\t<\/div>\n\t\t\t\t\n\t\t\t\t<div class=\"pk-post-inner\">\n\t\t\t\t\t<header>\n\t\t\t\t\t\t<h3 class=\"pk-title\"><a href=\"https:\/\/webdelmaestrocmf.com\/portal\/nina-fallece-tras-presunto-tropiezo-en-escuela-pero-su-padre-desmiente-la-version-me-encontre-a-mi-hija-toda-ensangrentada\/\" rel=\"bookmark\">Ni\u00f1a fallece tras presunto tropiezo en escuela, pero su padre desmiente la versi\u00f3n: \u201cMe encontr\u00e9 a mi hija toda ensangrentada\u201d<\/a><\/h3>\t\t\t\t\t<\/header><!-- .entry-header -->\n\t\t\t\t<\/div><!-- .post-inner -->\n\n\t\t\t<\/div><!-- .post-outer -->\n\t\t<\/article>\n\t\t\t<article id=\"post-118342\" class=\"post-118342 post type-post status-publish format-standard has-post-thumbnail category-noticias-internacionales tag-alfabetizacion tag-aprendizaje tag-comprension-lectora tag-docentes tag-educacion tag-escuela tag-innovacion-educativa tag-lectura tag-pedagogia tag-tecnologia-educativa cs-entry cs-video-wrap\">\n\t\t\t<div class=\"pk-post-outer\">\n\n\t\t\t\t\t\t\t\t<div class=\"pk-post-inner\">\n\t\t\t\t\t<div class=\"entry-thumbnail\">\n\t\t\t\t\t\t<div class=\"pk-overlay pk-overlay-ratio pk-ratio-landscape\">\n\t\t\t\t\t\t\t<div class=\"pk-overlay-background\">\n\t\t\t\t\t\t\t\t<a href=\"https:\/\/webdelmaestrocmf.com\/portal\/apagon-digital-en-la-escuela-suecia-frena-la-inversion-en-pantallas-y-vuelve-a-los-libros\/\" class=\"pk-overlay-link\">\n\t\t\t\t\t\t\t\t\t<img loading=\"lazy\" decoding=\"async\" width=\"300\" height=\"225\" src=\"https:\/\/webdelmaestrocmf.com\/portal\/wp-content\/uploads\/2026\/04\/1AA-Banner-1-portada-imagen-10-1-copia-8-2-300x225.webp\" class=\"attachment-pk-thumbnail size-pk-thumbnail wp-post-image\" alt=\"\" \/>\t\t\t\t\t\t\t\t<\/a>\n\t\t\t\t\t\t\t<\/div>\n\t\t\t\t\t\t<\/div>\n\t\t\t\t\t<\/div>\n\t\t\t\t<\/div>\n\t\t\t\t\n\t\t\t\t<div class=\"pk-post-inner\">\n\t\t\t\t\t<header>\n\t\t\t\t\t\t<h3 class=\"pk-title\"><a href=\"https:\/\/webdelmaestrocmf.com\/portal\/apagon-digital-en-la-escuela-suecia-frena-la-inversion-en-pantallas-y-vuelve-a-los-libros\/\" rel=\"bookmark\">\u00bfApag\u00f3n digital en la escuela? Suecia frena la inversi\u00f3n en pantallas y vuelve a los libros<\/a><\/h3>\t\t\t\t\t<\/header><!-- .entry-header -->\n\t\t\t\t<\/div><!-- .post-inner -->\n\n\t\t\t<\/div><!-- .post-outer -->\n\t\t<\/article>\n\t\t\t\t<\/div>\n\t\t<\/div>\n\t\t\n","protected":false},"excerpt":{"rendered":"Se trata de un retrato de Ferdinando de M\u00e9dici de 1722, cuya tela result\u00f3 rasgada. Desde la galer\u00eda denunciaron el problema \u00abcreciente\u00bb de los visitantes que se hacen fotos ante las obras.","protected":false},"author":1,"featured_media":110419,"comment_status":"open","ping_status":"closed","sticky":false,"template":"","format":"standard","meta":{"csco_display_header_overlay":false,"csco_singular_sidebar":"","csco_page_header_type":"","csco_page_load_nextpost":"","csco_post_video_location":[],"csco_post_video_location_hash":"","csco_post_video_url":"","csco_post_video_bg_start_time":0,"csco_post_video_bg_end_time":0,"csco_post_video_bg_volume":false,"_jetpack_memberships_contains_paid_content":false,"footnotes":""},"categories":[23790],"tags":[23839,23838],"class_list":{"0":"post-110418","1":"post","2":"type-post","3":"status-publish","4":"format-standard","5":"has-post-thumbnail","7":"category-noticias-internacionales","8":"tag-dana","9":"tag-turista","10":"cs-entry","11":"cs-video-wrap"},"yoast_head":"<!-- This site is optimized with the Yoast SEO plugin v27.5 - https:\/\/yoast.com\/product\/yoast-seo-wordpress\/ -->\n<title>Turista da\u00f1a cuadro de 300 a\u00f1os en Florencia al intentar recrear un \u201cmeme\u201d - 2026<\/title>\n<meta name=\"description\" content=\"Un ins\u00f3lito pero preocupante incidente tuvo lugar en la Galer\u00eda Uffizi de Florencia, Italia, donde un turista da\u00f1\u00f3 una pintura...\" \/>\n<meta name=\"robots\" content=\"index, follow, max-snippet:-1, max-image-preview:large, max-video-preview:-1\" \/>\n<link rel=\"canonical\" href=\"https:\/\/webdelmaestrocmf.com\/portal\/turista-dana-cuadro-de-300-anos-en-florencia-al-intentar-recrear-un-meme\/\" \/>\n<meta property=\"og:locale\" content=\"es_ES\" \/>\n<meta property=\"og:type\" content=\"article\" \/>\n<meta property=\"og:title\" content=\"Turista da\u00f1a cuadro de 300 a\u00f1os en Florencia al intentar recrear un \u201cmeme\u201d - 2026\" \/>\n<meta property=\"og:description\" content=\"Un ins\u00f3lito pero preocupante incidente tuvo lugar en la Galer\u00eda Uffizi de Florencia, Italia, donde un turista da\u00f1\u00f3 una pintura...\" \/>\n<meta property=\"og:url\" content=\"https:\/\/webdelmaestrocmf.com\/portal\/turista-dana-cuadro-de-300-anos-en-florencia-al-intentar-recrear-un-meme\/\" \/>\n<meta property=\"og:site_name\" content=\"Web del Maestro CMF\" \/>\n<meta property=\"article:publisher\" content=\"https:\/\/www.facebook.com\/WebdelMaestroCMF\/\" \/>\n<meta property=\"article:author\" content=\"https:\/\/www.facebook.com\/WebdelMaestroCMF\/\" \/>\n<meta property=\"article:published_time\" content=\"2025-06-24T20:05:44+00:00\" \/>\n<meta property=\"article:modified_time\" content=\"2025-06-24T20:05:47+00:00\" \/>\n<meta property=\"og:image\" content=\"https:\/\/webdelmaestrocmf.com\/portal\/wp-content\/uploads\/2025\/06\/1A-Banner-1-portada-imagen-10-1-copia-6.webp\" \/>\n\t<meta property=\"og:image:width\" content=\"1003\" \/>\n\t<meta property=\"og:image:height\" content=\"667\" \/>\n\t<meta property=\"og:image:type\" content=\"image\/webp\" \/>\n<meta name=\"author\" content=\"Web del Maestro CMF\" \/>\n<meta name=\"twitter:card\" content=\"summary_large_image\" \/>\n<meta name=\"twitter:creator\" content=\"@cmf_w\" \/>\n<meta name=\"twitter:site\" content=\"@cmf_w\" \/>\n<script type=\"application\/ld+json\" class=\"yoast-schema-graph\">{\"@context\":\"https:\\\/\\\/schema.org\",\"@graph\":[{\"@type\":\"ScholarlyArticle\",\"@id\":\"https:\\\/\\\/webdelmaestrocmf.com\\\/portal\\\/turista-dana-cuadro-de-300-anos-en-florencia-al-intentar-recrear-un-meme\\\/#article\",\"isPartOf\":{\"@id\":\"https:\\\/\\\/webdelmaestrocmf.com\\\/portal\\\/turista-dana-cuadro-de-300-anos-en-florencia-al-intentar-recrear-un-meme\\\/\"},\"author\":{\"name\":\"Web del Maestro CMF\",\"@id\":\"https:\\\/\\\/webdelmaestrocmf.com\\\/portal\\\/#\\\/schema\\\/person\\\/1072a2ed7bd960df8ef99a551fa35dc5\"},\"headline\":\"Turista da\u00f1a cuadro de 300 a\u00f1os en Florencia al intentar recrear un \u201cmeme\u201d\",\"datePublished\":\"2025-06-24T20:05:44+00:00\",\"dateModified\":\"2025-06-24T20:05:47+00:00\",\"mainEntityOfPage\":{\"@id\":\"https:\\\/\\\/webdelmaestrocmf.com\\\/portal\\\/turista-dana-cuadro-de-300-anos-en-florencia-al-intentar-recrear-un-meme\\\/\"},\"wordCount\":459,\"commentCount\":0,\"publisher\":{\"@id\":\"https:\\\/\\\/webdelmaestrocmf.com\\\/portal\\\/#organization\"},\"image\":{\"@id\":\"https:\\\/\\\/webdelmaestrocmf.com\\\/portal\\\/turista-dana-cuadro-de-300-anos-en-florencia-al-intentar-recrear-un-meme\\\/#primaryimage\"},\"thumbnailUrl\":\"https:\\\/\\\/webdelmaestrocmf.com\\\/portal\\\/wp-content\\\/uploads\\\/2025\\\/06\\\/1A-Banner-1-portada-imagen-10-1-copia-6.webp\",\"keywords\":[\"da\u00f1a\",\"Turista\"],\"articleSection\":[\"Noticias Internacionales\"],\"inLanguage\":\"es\",\"potentialAction\":[{\"@type\":\"CommentAction\",\"name\":\"Comment\",\"target\":[\"https:\\\/\\\/webdelmaestrocmf.com\\\/portal\\\/turista-dana-cuadro-de-300-anos-en-florencia-al-intentar-recrear-un-meme\\\/#respond\"]}]},{\"@type\":\"WebPage\",\"@id\":\"https:\\\/\\\/webdelmaestrocmf.com\\\/portal\\\/turista-dana-cuadro-de-300-anos-en-florencia-al-intentar-recrear-un-meme\\\/\",\"url\":\"https:\\\/\\\/webdelmaestrocmf.com\\\/portal\\\/turista-dana-cuadro-de-300-anos-en-florencia-al-intentar-recrear-un-meme\\\/\",\"name\":\"Turista da\u00f1a cuadro de 300 a\u00f1os en Florencia al intentar recrear un \u201cmeme\u201d - 2026\",\"isPartOf\":{\"@id\":\"https:\\\/\\\/webdelmaestrocmf.com\\\/portal\\\/#website\"},\"primaryImageOfPage\":{\"@id\":\"https:\\\/\\\/webdelmaestrocmf.com\\\/portal\\\/turista-dana-cuadro-de-300-anos-en-florencia-al-intentar-recrear-un-meme\\\/#primaryimage\"},\"image\":{\"@id\":\"https:\\\/\\\/webdelmaestrocmf.com\\\/portal\\\/turista-dana-cuadro-de-300-anos-en-florencia-al-intentar-recrear-un-meme\\\/#primaryimage\"},\"thumbnailUrl\":\"https:\\\/\\\/webdelmaestrocmf.com\\\/portal\\\/wp-content\\\/uploads\\\/2025\\\/06\\\/1A-Banner-1-portada-imagen-10-1-copia-6.webp\",\"datePublished\":\"2025-06-24T20:05:44+00:00\",\"dateModified\":\"2025-06-24T20:05:47+00:00\",\"description\":\"Un ins\u00f3lito pero preocupante incidente tuvo lugar en la Galer\u00eda Uffizi de Florencia, Italia, donde un turista da\u00f1\u00f3 una pintura...\",\"breadcrumb\":{\"@id\":\"https:\\\/\\\/webdelmaestrocmf.com\\\/portal\\\/turista-dana-cuadro-de-300-anos-en-florencia-al-intentar-recrear-un-meme\\\/#breadcrumb\"},\"inLanguage\":\"es\",\"potentialAction\":[{\"@type\":\"ReadAction\",\"target\":[\"https:\\\/\\\/webdelmaestrocmf.com\\\/portal\\\/turista-dana-cuadro-de-300-anos-en-florencia-al-intentar-recrear-un-meme\\\/\"]}]},{\"@type\":\"ImageObject\",\"inLanguage\":\"es\",\"@id\":\"https:\\\/\\\/webdelmaestrocmf.com\\\/portal\\\/turista-dana-cuadro-de-300-anos-en-florencia-al-intentar-recrear-un-meme\\\/#primaryimage\",\"url\":\"https:\\\/\\\/webdelmaestrocmf.com\\\/portal\\\/wp-content\\\/uploads\\\/2025\\\/06\\\/1A-Banner-1-portada-imagen-10-1-copia-6.webp\",\"contentUrl\":\"https:\\\/\\\/webdelmaestrocmf.com\\\/portal\\\/wp-content\\\/uploads\\\/2025\\\/06\\\/1A-Banner-1-portada-imagen-10-1-copia-6.webp\",\"width\":1003,\"height\":667},{\"@type\":\"BreadcrumbList\",\"@id\":\"https:\\\/\\\/webdelmaestrocmf.com\\\/portal\\\/turista-dana-cuadro-de-300-anos-en-florencia-al-intentar-recrear-un-meme\\\/#breadcrumb\",\"itemListElement\":[{\"@type\":\"ListItem\",\"position\":1,\"name\":\"Portada\",\"item\":\"https:\\\/\\\/webdelmaestrocmf.com\\\/portal\\\/\"},{\"@type\":\"ListItem\",\"position\":2,\"name\":\"Noticias Internacionales\",\"item\":\"https:\\\/\\\/webdelmaestrocmf.com\\\/portal\\\/category\\\/noticias-internacionales\\\/\"},{\"@type\":\"ListItem\",\"position\":3,\"name\":\"Turista da\u00f1a cuadro de 300 a\u00f1os en Florencia al intentar recrear un \u201cmeme\u201d\"}]},{\"@type\":\"WebSite\",\"@id\":\"https:\\\/\\\/webdelmaestrocmf.com\\\/portal\\\/#website\",\"url\":\"https:\\\/\\\/webdelmaestrocmf.com\\\/portal\\\/\",\"name\":\"Web del Maestro CMF\",\"description\":\"Maestros al servicio de la educaci\u00f3n\",\"publisher\":{\"@id\":\"https:\\\/\\\/webdelmaestrocmf.com\\\/portal\\\/#organization\"},\"alternateName\":\"WMCMF\",\"potentialAction\":[{\"@type\":\"SearchAction\",\"target\":{\"@type\":\"EntryPoint\",\"urlTemplate\":\"https:\\\/\\\/webdelmaestrocmf.com\\\/portal\\\/?s={search_term_string}\"},\"query-input\":{\"@type\":\"PropertyValueSpecification\",\"valueRequired\":true,\"valueName\":\"search_term_string\"}}],\"inLanguage\":\"es\"},{\"@type\":\"Organization\",\"@id\":\"https:\\\/\\\/webdelmaestrocmf.com\\\/portal\\\/#organization\",\"name\":\"Web del Maestro CMF\",\"alternateName\":\"WMCMF\",\"url\":\"https:\\\/\\\/webdelmaestrocmf.com\\\/portal\\\/\",\"logo\":{\"@type\":\"ImageObject\",\"inLanguage\":\"es\",\"@id\":\"https:\\\/\\\/webdelmaestrocmf.com\\\/portal\\\/#\\\/schema\\\/logo\\\/image\\\/\",\"url\":\"https:\\\/\\\/webdelmaestrocmf.com\\\/portal\\\/wp-content\\\/uploads\\\/2023\\\/01\\\/logo-wmcmf-2.png\",\"contentUrl\":\"https:\\\/\\\/webdelmaestrocmf.com\\\/portal\\\/wp-content\\\/uploads\\\/2023\\\/01\\\/logo-wmcmf-2.png\",\"width\":200,\"height\":60,\"caption\":\"Web del Maestro CMF\"},\"image\":{\"@id\":\"https:\\\/\\\/webdelmaestrocmf.com\\\/portal\\\/#\\\/schema\\\/logo\\\/image\\\/\"},\"sameAs\":[\"https:\\\/\\\/www.facebook.com\\\/WebdelMaestroCMF\\\/\",\"https:\\\/\\\/x.com\\\/cmf_w\",\"https:\\\/\\\/www.pinterest.com\\\/WMCMF\\\/\",\"https:\\\/\\\/www.linkedin.com\\\/company\\\/web-del-maestro-cmf\\\/\",\"https:\\\/\\\/www.instagram.com\\\/wmcmf\\\/\",\"https:\\\/\\\/www.youtube.com\\\/channel\\\/UCDPSvjbdodE5sHnC3OxutHw\",\"https:\\\/\\\/mastodon.social\\\/@wmcmf\",\"https:\\\/\\\/www.tiktok.com\\\/@webdelmaestrocmf\"]},{\"@type\":\"Person\",\"@id\":\"https:\\\/\\\/webdelmaestrocmf.com\\\/portal\\\/#\\\/schema\\\/person\\\/1072a2ed7bd960df8ef99a551fa35dc5\",\"name\":\"Web del Maestro CMF\",\"image\":{\"@type\":\"ImageObject\",\"inLanguage\":\"es\",\"@id\":\"https:\\\/\\\/secure.gravatar.com\\\/avatar\\\/23291dd5b5ae1077dcff3dbb04c3e02bd28403fa75af6d8787d5e97c5bbbe30b?s=96&d=mm&r=g\",\"url\":\"https:\\\/\\\/secure.gravatar.com\\\/avatar\\\/23291dd5b5ae1077dcff3dbb04c3e02bd28403fa75af6d8787d5e97c5bbbe30b?s=96&d=mm&r=g\",\"contentUrl\":\"https:\\\/\\\/secure.gravatar.com\\\/avatar\\\/23291dd5b5ae1077dcff3dbb04c3e02bd28403fa75af6d8787d5e97c5bbbe30b?s=96&d=mm&r=g\",\"caption\":\"Web del Maestro CMF\"},\"description\":\"Esta Web se cre\u00f3 sin fines de lucro, con fines educativos, cient\u00edficos y acad\u00e9micos, para personas que tengan dificultades y\\\/o inconvenientes en visualizar el material original. El objetivo es entregar recursos, compartir experiencias y materiales que ayuden a los padres de familia, maestros y estudiantes en su actualizaci\u00f3n y formaci\u00f3n permanente, en bien de la Educaci\u00f3n.\",\"sameAs\":[\"http:\\\/\\\/webdelmaestrocmf.com\\\/portal\",\"https:\\\/\\\/www.facebook.com\\\/WebdelMaestroCMF\\\/\",\"https:\\\/\\\/www.instagram.com\\\/wmcmf\\\/\",\"https:\\\/\\\/cl.linkedin.com\\\/company\\\/web-del-maestro-cmf\",\"https:\\\/\\\/www.pinterest.com\\\/WMCMF\\\/publicaciones\\\/\",\"https:\\\/\\\/x.com\\\/cmf_w\",\"https:\\\/\\\/www.youtube.com\\\/@WMCMF\"]}]}<\/script>\n<!-- \/ Yoast SEO plugin. -->","yoast_head_json":{"title":"Turista da\u00f1a cuadro de 300 a\u00f1os en Florencia al intentar recrear un \u201cmeme\u201d - 2026","description":"Un ins\u00f3lito pero preocupante incidente tuvo lugar en la Galer\u00eda Uffizi de Florencia, Italia, donde un turista da\u00f1\u00f3 una pintura...","robots":{"index":"index","follow":"follow","max-snippet":"max-snippet:-1","max-image-preview":"max-image-preview:large","max-video-preview":"max-video-preview:-1"},"canonical":"https:\/\/webdelmaestrocmf.com\/portal\/turista-dana-cuadro-de-300-anos-en-florencia-al-intentar-recrear-un-meme\/","og_locale":"es_ES","og_type":"article","og_title":"Turista da\u00f1a cuadro de 300 a\u00f1os en Florencia al intentar recrear un \u201cmeme\u201d - 2026","og_description":"Un ins\u00f3lito pero preocupante incidente tuvo lugar en la Galer\u00eda Uffizi de Florencia, Italia, donde un turista da\u00f1\u00f3 una pintura...","og_url":"https:\/\/webdelmaestrocmf.com\/portal\/turista-dana-cuadro-de-300-anos-en-florencia-al-intentar-recrear-un-meme\/","og_site_name":"Web del Maestro CMF","article_publisher":"https:\/\/www.facebook.com\/WebdelMaestroCMF\/","article_author":"https:\/\/www.facebook.com\/WebdelMaestroCMF\/","article_published_time":"2025-06-24T20:05:44+00:00","article_modified_time":"2025-06-24T20:05:47+00:00","og_image":[{"width":1003,"height":667,"url":"https:\/\/webdelmaestrocmf.com\/portal\/wp-content\/uploads\/2025\/06\/1A-Banner-1-portada-imagen-10-1-copia-6.webp","type":"image\/webp"}],"author":"Web del Maestro CMF","twitter_card":"summary_large_image","twitter_creator":"@cmf_w","twitter_site":"@cmf_w","schema":{"@context":"https:\/\/schema.org","@graph":[{"@type":"ScholarlyArticle","@id":"https:\/\/webdelmaestrocmf.com\/portal\/turista-dana-cuadro-de-300-anos-en-florencia-al-intentar-recrear-un-meme\/#article","isPartOf":{"@id":"https:\/\/webdelmaestrocmf.com\/portal\/turista-dana-cuadro-de-300-anos-en-florencia-al-intentar-recrear-un-meme\/"},"author":{"name":"Web del Maestro CMF","@id":"https:\/\/webdelmaestrocmf.com\/portal\/#\/schema\/person\/1072a2ed7bd960df8ef99a551fa35dc5"},"headline":"Turista da\u00f1a cuadro de 300 a\u00f1os en Florencia al intentar recrear un \u201cmeme\u201d","datePublished":"2025-06-24T20:05:44+00:00","dateModified":"2025-06-24T20:05:47+00:00","mainEntityOfPage":{"@id":"https:\/\/webdelmaestrocmf.com\/portal\/turista-dana-cuadro-de-300-anos-en-florencia-al-intentar-recrear-un-meme\/"},"wordCount":459,"commentCount":0,"publisher":{"@id":"https:\/\/webdelmaestrocmf.com\/portal\/#organization"},"image":{"@id":"https:\/\/webdelmaestrocmf.com\/portal\/turista-dana-cuadro-de-300-anos-en-florencia-al-intentar-recrear-un-meme\/#primaryimage"},"thumbnailUrl":"https:\/\/webdelmaestrocmf.com\/portal\/wp-content\/uploads\/2025\/06\/1A-Banner-1-portada-imagen-10-1-copia-6.webp","keywords":["da\u00f1a","Turista"],"articleSection":["Noticias Internacionales"],"inLanguage":"es","potentialAction":[{"@type":"CommentAction","name":"Comment","target":["https:\/\/webdelmaestrocmf.com\/portal\/turista-dana-cuadro-de-300-anos-en-florencia-al-intentar-recrear-un-meme\/#respond"]}]},{"@type":"WebPage","@id":"https:\/\/webdelmaestrocmf.com\/portal\/turista-dana-cuadro-de-300-anos-en-florencia-al-intentar-recrear-un-meme\/","url":"https:\/\/webdelmaestrocmf.com\/portal\/turista-dana-cuadro-de-300-anos-en-florencia-al-intentar-recrear-un-meme\/","name":"Turista da\u00f1a cuadro de 300 a\u00f1os en Florencia al intentar recrear un \u201cmeme\u201d - 2026","isPartOf":{"@id":"https:\/\/webdelmaestrocmf.com\/portal\/#website"},"primaryImageOfPage":{"@id":"https:\/\/webdelmaestrocmf.com\/portal\/turista-dana-cuadro-de-300-anos-en-florencia-al-intentar-recrear-un-meme\/#primaryimage"},"image":{"@id":"https:\/\/webdelmaestrocmf.com\/portal\/turista-dana-cuadro-de-300-anos-en-florencia-al-intentar-recrear-un-meme\/#primaryimage"},"thumbnailUrl":"https:\/\/webdelmaestrocmf.com\/portal\/wp-content\/uploads\/2025\/06\/1A-Banner-1-portada-imagen-10-1-copia-6.webp","datePublished":"2025-06-24T20:05:44+00:00","dateModified":"2025-06-24T20:05:47+00:00","description":"Un ins\u00f3lito pero preocupante incidente tuvo lugar en la Galer\u00eda Uffizi de Florencia, Italia, donde un turista da\u00f1\u00f3 una pintura...","breadcrumb":{"@id":"https:\/\/webdelmaestrocmf.com\/portal\/turista-dana-cuadro-de-300-anos-en-florencia-al-intentar-recrear-un-meme\/#breadcrumb"},"inLanguage":"es","potentialAction":[{"@type":"ReadAction","target":["https:\/\/webdelmaestrocmf.com\/portal\/turista-dana-cuadro-de-300-anos-en-florencia-al-intentar-recrear-un-meme\/"]}]},{"@type":"ImageObject","inLanguage":"es","@id":"https:\/\/webdelmaestrocmf.com\/portal\/turista-dana-cuadro-de-300-anos-en-florencia-al-intentar-recrear-un-meme\/#primaryimage","url":"https:\/\/webdelmaestrocmf.com\/portal\/wp-content\/uploads\/2025\/06\/1A-Banner-1-portada-imagen-10-1-copia-6.webp","contentUrl":"https:\/\/webdelmaestrocmf.com\/portal\/wp-content\/uploads\/2025\/06\/1A-Banner-1-portada-imagen-10-1-copia-6.webp","width":1003,"height":667},{"@type":"BreadcrumbList","@id":"https:\/\/webdelmaestrocmf.com\/portal\/turista-dana-cuadro-de-300-anos-en-florencia-al-intentar-recrear-un-meme\/#breadcrumb","itemListElement":[{"@type":"ListItem","position":1,"name":"Portada","item":"https:\/\/webdelmaestrocmf.com\/portal\/"},{"@type":"ListItem","position":2,"name":"Noticias Internacionales","item":"https:\/\/webdelmaestrocmf.com\/portal\/category\/noticias-internacionales\/"},{"@type":"ListItem","position":3,"name":"Turista da\u00f1a cuadro de 300 a\u00f1os en Florencia al intentar recrear un \u201cmeme\u201d"}]},{"@type":"WebSite","@id":"https:\/\/webdelmaestrocmf.com\/portal\/#website","url":"https:\/\/webdelmaestrocmf.com\/portal\/","name":"Web del Maestro CMF","description":"Maestros al servicio de la educaci\u00f3n","publisher":{"@id":"https:\/\/webdelmaestrocmf.com\/portal\/#organization"},"alternateName":"WMCMF","potentialAction":[{"@type":"SearchAction","target":{"@type":"EntryPoint","urlTemplate":"https:\/\/webdelmaestrocmf.com\/portal\/?s={search_term_string}"},"query-input":{"@type":"PropertyValueSpecification","valueRequired":true,"valueName":"search_term_string"}}],"inLanguage":"es"},{"@type":"Organization","@id":"https:\/\/webdelmaestrocmf.com\/portal\/#organization","name":"Web del Maestro CMF","alternateName":"WMCMF","url":"https:\/\/webdelmaestrocmf.com\/portal\/","logo":{"@type":"ImageObject","inLanguage":"es","@id":"https:\/\/webdelmaestrocmf.com\/portal\/#\/schema\/logo\/image\/","url":"https:\/\/webdelmaestrocmf.com\/portal\/wp-content\/uploads\/2023\/01\/logo-wmcmf-2.png","contentUrl":"https:\/\/webdelmaestrocmf.com\/portal\/wp-content\/uploads\/2023\/01\/logo-wmcmf-2.png","width":200,"height":60,"caption":"Web del Maestro CMF"},"image":{"@id":"https:\/\/webdelmaestrocmf.com\/portal\/#\/schema\/logo\/image\/"},"sameAs":["https:\/\/www.facebook.com\/WebdelMaestroCMF\/","https:\/\/x.com\/cmf_w","https:\/\/www.pinterest.com\/WMCMF\/","https:\/\/www.linkedin.com\/company\/web-del-maestro-cmf\/","https:\/\/www.instagram.com\/wmcmf\/","https:\/\/www.youtube.com\/channel\/UCDPSvjbdodE5sHnC3OxutHw","https:\/\/mastodon.social\/@wmcmf","https:\/\/www.tiktok.com\/@webdelmaestrocmf"]},{"@type":"Person","@id":"https:\/\/webdelmaestrocmf.com\/portal\/#\/schema\/person\/1072a2ed7bd960df8ef99a551fa35dc5","name":"Web del Maestro CMF","image":{"@type":"ImageObject","inLanguage":"es","@id":"https:\/\/secure.gravatar.com\/avatar\/23291dd5b5ae1077dcff3dbb04c3e02bd28403fa75af6d8787d5e97c5bbbe30b?s=96&d=mm&r=g","url":"https:\/\/secure.gravatar.com\/avatar\/23291dd5b5ae1077dcff3dbb04c3e02bd28403fa75af6d8787d5e97c5bbbe30b?s=96&d=mm&r=g","contentUrl":"https:\/\/secure.gravatar.com\/avatar\/23291dd5b5ae1077dcff3dbb04c3e02bd28403fa75af6d8787d5e97c5bbbe30b?s=96&d=mm&r=g","caption":"Web del Maestro CMF"},"description":"Esta Web se cre\u00f3 sin fines de lucro, con fines educativos, cient\u00edficos y acad\u00e9micos, para personas que tengan dificultades y\/o inconvenientes en visualizar el material original. El objetivo es entregar recursos, compartir experiencias y materiales que ayuden a los padres de familia, maestros y estudiantes en su actualizaci\u00f3n y formaci\u00f3n permanente, en bien de la Educaci\u00f3n.","sameAs":["http:\/\/webdelmaestrocmf.com\/portal","https:\/\/www.facebook.com\/WebdelMaestroCMF\/","https:\/\/www.instagram.com\/wmcmf\/","https:\/\/cl.linkedin.com\/company\/web-del-maestro-cmf","https:\/\/www.pinterest.com\/WMCMF\/publicaciones\/","https:\/\/x.com\/cmf_w","https:\/\/www.youtube.com\/@WMCMF"]}]}},"jetpack_featured_media_url":"https:\/\/webdelmaestrocmf.com\/portal\/wp-content\/uploads\/2025\/06\/1A-Banner-1-portada-imagen-10-1-copia-6.webp","jetpack_sharing_enabled":true,"jetpack-related-posts":[{"id":45549,"url":"https:\/\/webdelmaestrocmf.com\/portal\/como-viajar-sin-salir-de-casa-visitas-virtuales-a-los-mejores-museos-del-mundo\/","url_meta":{"origin":110418,"position":0},"title":"20 museos virtuales que valen la pena que nuestros estudiantes los visiten","author":"Web del Maestro CMF","date":"17 noviembre, 2021","format":false,"excerpt":"Depender\u00e1 de tantos factores, el lograr que nuestros estudiantes se aficionen a visitar museos, exposiciones, lugares de inter\u00e9s hist\u00f3rico, ...\u00a0 Pero (consideramos que) la \u201cchispa\u201d m\u00e1s importante, es que el profesor (o padre de familia) est\u00e9 entusiasmado, lo haya vivido, se sienta emocionado, o comunique el inter\u00e9s para despertar la\u2026","rel":"","context":"En \u00abYo opino - WMCMF\u00bb","block_context":{"text":"Yo opino - WMCMF","link":"https:\/\/webdelmaestrocmf.com\/portal\/category\/jamb\/"},"img":{"alt_text":"","src":"https:\/\/i0.wp.com\/webdelmaestrocmf.com\/portal\/wp-content\/uploads\/2021\/11\/1QfER-4.jpg?resize=350%2C200&ssl=1","width":350,"height":200,"srcset":"https:\/\/i0.wp.com\/webdelmaestrocmf.com\/portal\/wp-content\/uploads\/2021\/11\/1QfER-4.jpg?resize=350%2C200&ssl=1 1x, https:\/\/i0.wp.com\/webdelmaestrocmf.com\/portal\/wp-content\/uploads\/2021\/11\/1QfER-4.jpg?resize=525%2C300&ssl=1 1.5x, https:\/\/i0.wp.com\/webdelmaestrocmf.com\/portal\/wp-content\/uploads\/2021\/11\/1QfER-4.jpg?resize=700%2C400&ssl=1 2x, https:\/\/i0.wp.com\/webdelmaestrocmf.com\/portal\/wp-content\/uploads\/2021\/11\/1QfER-4.jpg?resize=1050%2C600&ssl=1 3x"},"classes":[]},{"id":61925,"url":"https:\/\/webdelmaestrocmf.com\/portal\/historia-visita-virtual-a-cuatro-museos-romanos\/","url_meta":{"origin":110418,"position":1},"title":"Historia: visita virtual a cuatro museos romanos","author":"Web del Maestro CMF","date":"18 abril, 2021","format":false,"excerpt":"Uno de los recursos que m\u00e1s se han modernizado, a causa de la pandemia del Covid 19, es la accesibilidad y facilidad para comunicarnos con las herramientas digitales. Con la \u2018nueva normalidad\u2019 ser\u00e1 (a corto tiempo) muy dif\u00edcil llevar a los alumnos a un museo. \u201cPor suerte, las visitas a\u2026","rel":"","context":"En \u00abYo opino - WMCMF\u00bb","block_context":{"text":"Yo opino - WMCMF","link":"https:\/\/webdelmaestrocmf.com\/portal\/category\/jamb\/"},"img":{"alt_text":"","src":"https:\/\/i0.wp.com\/webdelmaestrocmf.com\/portal\/wp-content\/uploads\/2021\/04\/1-74.jpg?resize=350%2C200&ssl=1","width":350,"height":200,"srcset":"https:\/\/i0.wp.com\/webdelmaestrocmf.com\/portal\/wp-content\/uploads\/2021\/04\/1-74.jpg?resize=350%2C200&ssl=1 1x, https:\/\/i0.wp.com\/webdelmaestrocmf.com\/portal\/wp-content\/uploads\/2021\/04\/1-74.jpg?resize=525%2C300&ssl=1 1.5x, https:\/\/i0.wp.com\/webdelmaestrocmf.com\/portal\/wp-content\/uploads\/2021\/04\/1-74.jpg?resize=700%2C400&ssl=1 2x, https:\/\/i0.wp.com\/webdelmaestrocmf.com\/portal\/wp-content\/uploads\/2021\/04\/1-74.jpg?resize=1050%2C600&ssl=1 3x"},"classes":[]},{"id":51235,"url":"https:\/\/webdelmaestrocmf.com\/portal\/como-convertir-tus-fotos-en-ilustraciones-artisticas-para-tus-clases-virtuales\/","url_meta":{"origin":110418,"position":2},"title":"C\u00f3mo convertir tus fotos en ilustraciones art\u00edsticas para tus clases virtuales","author":"Web del Maestro CMF","date":"8 septiembre, 2020","format":false,"excerpt":"Dzook\u00a0es una sorprendente web capaz de\u00a0convertir fotos en ilustraciones art\u00edsticas gratis y sin que apenas tengamos que hacer nada. Transforma cualquier\u00a0fotograf\u00eda en una ilustraci\u00f3n de tipo retrato con un estilo art\u00edstico\u00a0que luce maravilloso. Imagine la sorpresa de sus alumnos cuando vean en una de tus clases virtuales una infograf\u00eda ilustrada\u2026","rel":"","context":"En \u00abSoftware\u00bb","block_context":{"text":"Software","link":"https:\/\/webdelmaestrocmf.com\/portal\/category\/tecnologia\/software\/"},"img":{"alt_text":"","src":"https:\/\/i0.wp.com\/webdelmaestrocmf.com\/portal\/wp-content\/uploads\/2020\/09\/1-50-3.jpg?resize=350%2C200&ssl=1","width":350,"height":200,"srcset":"https:\/\/i0.wp.com\/webdelmaestrocmf.com\/portal\/wp-content\/uploads\/2020\/09\/1-50-3.jpg?resize=350%2C200&ssl=1 1x, https:\/\/i0.wp.com\/webdelmaestrocmf.com\/portal\/wp-content\/uploads\/2020\/09\/1-50-3.jpg?resize=525%2C300&ssl=1 1.5x, https:\/\/i0.wp.com\/webdelmaestrocmf.com\/portal\/wp-content\/uploads\/2020\/09\/1-50-3.jpg?resize=700%2C400&ssl=1 2x, https:\/\/i0.wp.com\/webdelmaestrocmf.com\/portal\/wp-content\/uploads\/2020\/09\/1-50-3.jpg?resize=1050%2C600&ssl=1 3x"},"classes":[]},{"id":30441,"url":"https:\/\/webdelmaestrocmf.com\/portal\/experiencia-educativa-en-la-academia-claret-de-owerri-nigeria\/","url_meta":{"origin":110418,"position":3},"title":"Experiencia educativa en la Academia Claret (CMF) de Owerri (Nigeria)","author":"Web del Maestro CMF","date":"16 agosto, 2018","format":false,"excerpt":"\u201cSi la cultura es una forma de vida y el arte una expresi\u00f3n de la vida, entonces el ambiente cultural y la exhibici\u00f3n art\u00edstica el 29 de junio de 2018 en la Academia Claret Owerri dio una gran cantidad de interesantes ideas y sugerencias a las mentes y vidas de\u2026","rel":"","context":"En \u00abINTER\u00c9S\u00bb","block_context":{"text":"INTER\u00c9S","link":"https:\/\/webdelmaestrocmf.com\/portal\/category\/noticias-educacion\/"},"img":{"alt_text":"","src":"https:\/\/i0.wp.com\/webdelmaestrocmf.com\/portal\/wp-content\/uploads\/2018\/08\/1-51.jpg?resize=350%2C200&ssl=1","width":350,"height":200,"srcset":"https:\/\/i0.wp.com\/webdelmaestrocmf.com\/portal\/wp-content\/uploads\/2018\/08\/1-51.jpg?resize=350%2C200&ssl=1 1x, https:\/\/i0.wp.com\/webdelmaestrocmf.com\/portal\/wp-content\/uploads\/2018\/08\/1-51.jpg?resize=525%2C300&ssl=1 1.5x, https:\/\/i0.wp.com\/webdelmaestrocmf.com\/portal\/wp-content\/uploads\/2018\/08\/1-51.jpg?resize=700%2C400&ssl=1 2x, https:\/\/i0.wp.com\/webdelmaestrocmf.com\/portal\/wp-content\/uploads\/2018\/08\/1-51.jpg?resize=1050%2C600&ssl=1 3x"},"classes":[]},{"id":47022,"url":"https:\/\/webdelmaestrocmf.com\/portal\/photoshop-para-docentes-aprenda-a-retocar-sus-imagenes-para-su-presentaciones-de-video-diapositivas-y-clases-virtuales\/","url_meta":{"origin":110418,"position":4},"title":"PhotoShop para docentes: aprenda a retocar sus im\u00e1genes para su presentaciones de video, diapositivas, cursos y clases virtuales","author":"Web del Maestro CMF","date":"7 mayo, 2020","format":false,"excerpt":"Aqu\u00ed podr\u00e1s encontrar una selecci\u00f3n de los mejores video y tutoriales en PDF sobre Adobe Photoshop\u00a0disponibles en la red,\u00a0totalmente gratis y\u00a0en espa\u00f1ol. Como seguramente sabr\u00e1, Adobe Photoshop\u00a0es el referente absoluto en cuanto a dise\u00f1o gr\u00e1fico se refiere. Su potencia, variedad de filtros, herramientas y un sin fin de posibilidades lo\u2026","rel":"","context":"En \u00abDescargas Manuales PDF\u00bb","block_context":{"text":"Descargas Manuales PDF","link":"https:\/\/webdelmaestrocmf.com\/portal\/category\/pedagogia\/descargas-manuales-pdf\/"},"img":{"alt_text":"","src":"https:\/\/i0.wp.com\/webdelmaestrocmf.com\/portal\/wp-content\/uploads\/2020\/05\/1a.jpg?resize=350%2C200&ssl=1","width":350,"height":200,"srcset":"https:\/\/i0.wp.com\/webdelmaestrocmf.com\/portal\/wp-content\/uploads\/2020\/05\/1a.jpg?resize=350%2C200&ssl=1 1x, https:\/\/i0.wp.com\/webdelmaestrocmf.com\/portal\/wp-content\/uploads\/2020\/05\/1a.jpg?resize=525%2C300&ssl=1 1.5x, https:\/\/i0.wp.com\/webdelmaestrocmf.com\/portal\/wp-content\/uploads\/2020\/05\/1a.jpg?resize=700%2C400&ssl=1 2x, https:\/\/i0.wp.com\/webdelmaestrocmf.com\/portal\/wp-content\/uploads\/2020\/05\/1a.jpg?resize=1050%2C600&ssl=1 3x"},"classes":[]},{"id":47914,"url":"https:\/\/webdelmaestrocmf.com\/portal\/galeria-de-recursos-gratuitos-para-sus-clases-virtuales-fomentando-el-aprendizaje-basado-en-proyectos-imagenes-infografias-banners-diapositivas-tarjetas-mapas-videos-y-mucho-mas\/","url_meta":{"origin":110418,"position":5},"title":"Galer\u00eda de recursos gratuitos para sus clases virtuales fomentando el Aprendizaje Basado en Proyectos: im\u00e1genes, infograf\u00edas, banners, diapositivas, tarjetas, mapas, videos y mucho m\u00e1s","author":"Web del Maestro CMF","date":"10 junio, 2020","format":false,"excerpt":"\"Dise\u00f1a lo que quieras, publica donde quieras\". Ese es el slogan de la plataforma CANVAS\u00a0que est\u00e1 revolucionando y ayudando a los docentes en este periodo de ense\u00f1anza virtual. Los claustros docentes\u00a0normalmente adolecen de espacios y de herramientas para trabajar de forma colaborativa. Esto \u00faltimo se empieza a resolver con la\u2026","rel":"","context":"En \u00abInformativo\u00bb","block_context":{"text":"Informativo","link":"https:\/\/webdelmaestrocmf.com\/portal\/category\/tecnologia\/informativo-tecnologia\/"},"img":{"alt_text":"","src":"https:\/\/i0.wp.com\/webdelmaestrocmf.com\/portal\/wp-content\/uploads\/2020\/06\/2-26.jpg?resize=350%2C200&ssl=1","width":350,"height":200,"srcset":"https:\/\/i0.wp.com\/webdelmaestrocmf.com\/portal\/wp-content\/uploads\/2020\/06\/2-26.jpg?resize=350%2C200&ssl=1 1x, https:\/\/i0.wp.com\/webdelmaestrocmf.com\/portal\/wp-content\/uploads\/2020\/06\/2-26.jpg?resize=525%2C300&ssl=1 1.5x, https:\/\/i0.wp.com\/webdelmaestrocmf.com\/portal\/wp-content\/uploads\/2020\/06\/2-26.jpg?resize=700%2C400&ssl=1 2x, https:\/\/i0.wp.com\/webdelmaestrocmf.com\/portal\/wp-content\/uploads\/2020\/06\/2-26.jpg?resize=1050%2C600&ssl=1 3x"},"classes":[]}],"_links":{"self":[{"href":"https:\/\/webdelmaestrocmf.com\/portal\/wp-json\/wp\/v2\/posts\/110418","targetHints":{"allow":["GET"]}}],"collection":[{"href":"https:\/\/webdelmaestrocmf.com\/portal\/wp-json\/wp\/v2\/posts"}],"about":[{"href":"https:\/\/webdelmaestrocmf.com\/portal\/wp-json\/wp\/v2\/types\/post"}],"author":[{"embeddable":true,"href":"https:\/\/webdelmaestrocmf.com\/portal\/wp-json\/wp\/v2\/users\/1"}],"replies":[{"embeddable":true,"href":"https:\/\/webdelmaestrocmf.com\/portal\/wp-json\/wp\/v2\/comments?post=110418"}],"version-history":[{"count":1,"href":"https:\/\/webdelmaestrocmf.com\/portal\/wp-json\/wp\/v2\/posts\/110418\/revisions"}],"predecessor-version":[{"id":110420,"href":"https:\/\/webdelmaestrocmf.com\/portal\/wp-json\/wp\/v2\/posts\/110418\/revisions\/110420"}],"wp:featuredmedia":[{"embeddable":true,"href":"https:\/\/webdelmaestrocmf.com\/portal\/wp-json\/wp\/v2\/media\/110419"}],"wp:attachment":[{"href":"https:\/\/webdelmaestrocmf.com\/portal\/wp-json\/wp\/v2\/media?parent=110418"}],"wp:term":[{"taxonomy":"category","embeddable":true,"href":"https:\/\/webdelmaestrocmf.com\/portal\/wp-json\/wp\/v2\/categories?post=110418"},{"taxonomy":"post_tag","embeddable":true,"href":"https:\/\/webdelmaestrocmf.com\/portal\/wp-json\/wp\/v2\/tags?post=110418"}],"curies":[{"name":"wp","href":"https:\/\/api.w.org\/{rel}","templated":true}]}}