{"id":110415,"date":"2025-06-24T12:48:03","date_gmt":"2025-06-24T16:48:03","guid":{"rendered":"https:\/\/webdelmaestrocmf.com\/portal\/?p=110415"},"modified":"2025-06-24T12:48:05","modified_gmt":"2025-06-24T16:48:05","slug":"docente-y-didactica-acercamientos-polemicos-una-guia-fundamental-para-transformar-la-ensenanza","status":"publish","type":"post","link":"https:\/\/webdelmaestrocmf.com\/portal\/docente-y-didactica-acercamientos-polemicos-una-guia-fundamental-para-transformar-la-ensenanza\/","title":{"rendered":"\u201cDocente y did\u00e1ctica: Acercamientos pol\u00e9micos\u201d: una gu\u00eda fundamental para transformar la ense\u00f1anza"},"content":{"rendered":"\n<p>En un contexto donde la educaci\u00f3n exige repensarse y los docentes enfrentan desaf\u00edos cada vez m\u00e1s complejos, el libro <em>Docente y did\u00e1ctica: Acercamientos pol\u00e9micos<\/em> se presenta como una valiosa herramienta para acompa\u00f1ar la transformaci\u00f3n educativa. Coordinado por \u00c1ngel D\u00edaz-Barriga y publicado por el Instituto de Investigaciones sobre la Universidad y la Educaci\u00f3n (IISUE) de la Universidad Nacional Aut\u00f3noma de M\u00e9xico (UNAM), este material est\u00e1 disponible de forma gratuita en formato PDF, lo que refuerza su vocaci\u00f3n p\u00fablica y accesible.<\/p>\n\n\n\n<h2 class=\"wp-block-heading\"><strong>Tipo de material y licencia<\/strong><\/h2>\n\n\n\n<p>Este libro es un <strong>recurso acad\u00e9mico y formativo<\/strong>, pensado para el an\u00e1lisis cr\u00edtico, la actualizaci\u00f3n profesional y el acompa\u00f1amiento reflexivo de los docentes. Se encuentra bajo una <strong>licencia Creative Commons Reconocimiento-NoComercial-SinObraDerivada 4.0 Internacional (CC BY-NC-ND 4.0)<\/strong>, lo que significa que puede ser compartido libremente con fines no comerciales, siempre que se d\u00e9 el cr\u00e9dito adecuado y no se realicen modificaciones.<\/p>\n\n\n\n<h2 class=\"wp-block-heading\"><strong>\u00bfPara qu\u00e9 les puede servir a los docentes?<\/strong><\/h2>\n\n\n\n<p>La obra est\u00e1 dise\u00f1ada especialmente para ayudar a los docentes a repensar su labor en el siglo XXI. A trav\u00e9s de cinco cap\u00edtulos escritos por especialistas en did\u00e1ctica y pedagog\u00eda, el texto proporciona insumos para:<\/p>\n\n\n\n<ul class=\"wp-block-list\">\n<li>Reflexionar sobre la crisis y los retos de la escuela p\u00fablica.<\/li>\n\n\n\n<li>Reinventar la pr\u00e1ctica docente frente a la sobreestimulaci\u00f3n digital.<\/li>\n\n\n\n<li>Comprender el papel de los Consejos T\u00e9cnicos Escolares como espacios de desarrollo profesional.<\/li>\n\n\n\n<li>Integrar las tecnolog\u00edas de la informaci\u00f3n con sentido pedag\u00f3gico.<\/li>\n\n\n\n<li>Analizar cr\u00edticamente los perfiles de egreso y los modelos educativos actuales.<\/li>\n<\/ul>\n\n\n\n<p>Los docentes encontrar\u00e1n en este libro un marco te\u00f3rico robusto, investigaciones actuales y propuestas concretas para enriquecer su pr\u00e1ctica desde una perspectiva did\u00e1ctica cr\u00edtica y actualizada.<\/p>\n\n\n\n<h2 class=\"wp-block-heading\"><strong>Estructura del libro y contenidos destacados<\/strong><\/h2>\n\n\n\n<p>La obra est\u00e1 compuesta por cinco cap\u00edtulos, m\u00e1s un valioso pr\u00f3logo escrito por el propio D\u00edaz-Barriga. Cada cap\u00edtulo aborda una dimensi\u00f3n clave del quehacer docente en la actualidad:<\/p>\n\n\n\n<ol class=\"wp-block-list\">\n<li><strong>La escuela p\u00fablica y la hibridaci\u00f3n con sentido did\u00e1ctico<\/strong> (Laura Mercado Mar\u00edn): un alegato a favor de la escuela como espacio de construcci\u00f3n ciudadana, inclusiva y democr\u00e1tica, que debe adaptarse a los entornos digitales sin perder su esencia formativa.<\/li>\n\n\n\n<li><strong>Reinventar la docencia en el siglo XXI<\/strong> (\u00c1ngel D\u00edaz-Barriga): una cr\u00edtica profunda al modelo tradicional de ense\u00f1anza y una invitaci\u00f3n a poner en el centro los procesos de aprendizaje, la argumentaci\u00f3n y la reflexi\u00f3n.<\/li>\n\n\n\n<li><strong>Los Consejos T\u00e9cnicos Escolares y el desarrollo profesional docente<\/strong> (Jordi Abell\u00e1n Fern\u00e1ndez): un an\u00e1lisis del potencial formativo de estos espacios si se resignifican como comunidades de pr\u00e1ctica aut\u00f3nomas y colaborativas.<\/li>\n\n\n\n<li><strong>El docente y la tecnolog\u00eda<\/strong> (Laura Cedillo Arias): orientaciones pr\u00e1cticas para incorporar las TIC al aula desde una l\u00f3gica pedag\u00f3gica, sin caer en el tecnocentrismo ni en el miedo a la innovaci\u00f3n.<\/li>\n\n\n\n<li><strong>El perfil de egreso del maestro y el modelo educativo de 2017<\/strong> (Claudia Bataller): una revisi\u00f3n cr\u00edtica de los par\u00e1metros oficiales y su desconexi\u00f3n con la realidad profesional y las necesidades de una formaci\u00f3n docente aut\u00e9ntica.<\/li>\n<\/ol>\n\n\n\n<h2 class=\"wp-block-heading\"><strong>\u00bfPor qu\u00e9 es un recurso valioso?<\/strong><\/h2>\n\n\n\n<p>Porque no ofrece recetas, sino fundamentos para que cada docente pueda repensar su pr\u00e1ctica desde su contexto y con sentido. Propone una transformaci\u00f3n estructural de la educaci\u00f3n basada en la autonom\u00eda profesional, la inclusi\u00f3n, la ciudadan\u00eda, el pensamiento cr\u00edtico y el uso responsable de la tecnolog\u00eda. Adem\u00e1s, rescata la dimensi\u00f3n \u00e9tica, pol\u00edtica y social de la ense\u00f1anza, en un momento en que muchas pol\u00edticas tienden a reducirla a resultados medibles y competencias estandarizadas.<\/p>\n\n\n\n<h2 class=\"wp-block-heading\"><strong>Agradecimiento a los autores y a la UNAM<\/strong><\/h2>\n\n\n\n<p>Este material ha sido elaborado con rigor acad\u00e9mico por especialistas comprometidos con la mejora educativa. Agradecemos a <strong>\u00c1ngel D\u00edaz-Barriga<\/strong>, Laura Mercado, Jordi Abell\u00e1n, Laura Cedillo y Claudia Bataller por su generosa contribuci\u00f3n al pensamiento pedag\u00f3gico actual. Asimismo, reconocemos al <strong>Instituto de Investigaciones sobre la Universidad y la Educaci\u00f3n (IISUE)<\/strong> de la <strong>Universidad Nacional Aut\u00f3noma de M\u00e9xico (UNAM)<\/strong> por su compromiso con la educaci\u00f3n p\u00fablica y por poner este tipo de recursos a disposici\u00f3n gratuita del magisterio de Am\u00e9rica Latina y el mundo.<\/p>\n\n\n\n<iframe loading=\"lazy\" src=\"https:\/\/drive.google.com\/file\/d\/17s5by5poAIdpBVnLk8j-QR_Q5A0kg47V\/preview\" width=\"100%\" height=\"480\" allow=\"autoplay\"><\/iframe>\n\n\n\n<p class=\"has-text-align-right\"><strong>Redacci\u00f3n | Web del Maestro CMF<\/strong><\/p>\n\n\n\n<p class=\"has-text-align-center\">MATERIAL DE DESCARGA: <a href=\"https:\/\/drive.google.com\/drive\/folders\/1-jmYOBVuQjorAi3ct6xg1oCDhuXpSYj9?usp=sharing\" target=\"_blank\" rel=\"noreferrer noopener\">DOCENTE Y DID\u00c1CTICA: ACERCAMIENTOS POL\u00c9MICOS<\/a><\/p>\n\n\n\t\t<div class=\"pk-inline-posts\">\n\t\t\t\n\t\t\t<div class=\"pk-inline-posts-container pk-inline-posts-template-list\"\n\t\t\t\tdata-columns=\"1\">\n\t\t\t\t\t\t<article id=\"post-118365\" class=\"post-118365 post type-post status-publish format-standard has-post-thumbnail category-descarga category-pedagogia category-secuencia-didactica tag-aprendizaje tag-aula tag-creatividad tag-dia-del-nino tag-docentes tag-educacion tag-educacion-emocional tag-planificacion tag-secuencia-didactica cs-entry cs-video-wrap\">\n\t\t\t<div class=\"pk-post-outer\">\n\n\t\t\t\t\t\t\t\t<div class=\"pk-post-inner\">\n\t\t\t\t\t<div class=\"entry-thumbnail\">\n\t\t\t\t\t\t<div class=\"pk-overlay pk-overlay-ratio pk-ratio-landscape\">\n\t\t\t\t\t\t\t<div class=\"pk-overlay-background\">\n\t\t\t\t\t\t\t\t<a href=\"https:\/\/webdelmaestrocmf.com\/portal\/descarga-la-secuencia-de-aprendizaje-semana-loca-del-dia-del-nino-para-desarrollar-creatividad-emociones-e-identidad-en-el-aula\/\" class=\"pk-overlay-link\">\n\t\t\t\t\t\t\t\t\t<img loading=\"lazy\" decoding=\"async\" width=\"300\" height=\"225\" src=\"https:\/\/webdelmaestrocmf.com\/portal\/wp-content\/uploads\/2026\/04\/1AA-Banner-1-portada-imagen-10-1-copia-37-300x225.webp\" class=\"attachment-pk-thumbnail size-pk-thumbnail wp-post-image\" alt=\"\" \/>\t\t\t\t\t\t\t\t<\/a>\n\t\t\t\t\t\t\t<\/div>\n\t\t\t\t\t\t<\/div>\n\t\t\t\t\t<\/div>\n\t\t\t\t<\/div>\n\t\t\t\t\n\t\t\t\t<div class=\"pk-post-inner\">\n\t\t\t\t\t<header>\n\t\t\t\t\t\t<h3 class=\"pk-title\"><a href=\"https:\/\/webdelmaestrocmf.com\/portal\/descarga-la-secuencia-de-aprendizaje-semana-loca-del-dia-del-nino-para-desarrollar-creatividad-emociones-e-identidad-en-el-aula\/\" rel=\"bookmark\">Descarga la Secuencia de aprendizaje: \u00abSemana loca del D\u00eda del Ni\u00f1o\u00bb para desarrollar creatividad, emociones e identidad en el aula<\/a><\/h3>\t\t\t\t\t<\/header><!-- .entry-header -->\n\t\t\t\t<\/div><!-- .post-inner -->\n\n\t\t\t<\/div><!-- .post-outer -->\n\t\t<\/article>\n\t\t\t<article id=\"post-118355\" class=\"post-118355 post type-post status-publish format-standard has-post-thumbnail category-descarga category-ninos category-pedagogia tag-aprendizaje tag-comprension-lectora tag-dia-del-nino tag-docentes tag-educacion tag-infancia tag-lectura-infantil tag-pensamiento-critico tag-recursos-educativos cs-entry cs-video-wrap\">\n\t\t\t<div class=\"pk-post-outer\">\n\n\t\t\t\t\t\t\t\t<div class=\"pk-post-inner\">\n\t\t\t\t\t<div class=\"entry-thumbnail\">\n\t\t\t\t\t\t<div class=\"pk-overlay pk-overlay-ratio pk-ratio-landscape\">\n\t\t\t\t\t\t\t<div class=\"pk-overlay-background\">\n\t\t\t\t\t\t\t\t<a href=\"https:\/\/webdelmaestrocmf.com\/portal\/dia-del-nino-aprende-reflexiona-y-fortalece-la-comprension-lectora-descarga-el-cuadernillo-listo-para-usar\/\" class=\"pk-overlay-link\">\n\t\t\t\t\t\t\t\t\t<img loading=\"lazy\" decoding=\"async\" width=\"300\" height=\"225\" src=\"https:\/\/webdelmaestrocmf.com\/portal\/wp-content\/uploads\/2026\/04\/1AA-Banner-1-portada-imagen-10-1-copia-35-300x225.webp\" class=\"attachment-pk-thumbnail size-pk-thumbnail wp-post-image\" alt=\"\" \/>\t\t\t\t\t\t\t\t<\/a>\n\t\t\t\t\t\t\t<\/div>\n\t\t\t\t\t\t<\/div>\n\t\t\t\t\t<\/div>\n\t\t\t\t<\/div>\n\t\t\t\t\n\t\t\t\t<div class=\"pk-post-inner\">\n\t\t\t\t\t<header>\n\t\t\t\t\t\t<h3 class=\"pk-title\"><a href=\"https:\/\/webdelmaestrocmf.com\/portal\/dia-del-nino-aprende-reflexiona-y-fortalece-la-comprension-lectora-descarga-el-cuadernillo-listo-para-usar\/\" rel=\"bookmark\">D\u00eda del Ni\u00f1o: aprende, reflexiona y fortalece la comprensi\u00f3n lectora | Descarga el cuadernillo sobre el \u00abD\u00eda del ni\u00f1o\u00bb listo para usar<\/a><\/h3>\t\t\t\t\t<\/header><!-- .entry-header -->\n\t\t\t\t<\/div><!-- .post-inner -->\n\n\t\t\t<\/div><!-- .post-outer -->\n\t\t<\/article>\n\t\t\t<article id=\"post-20592\" class=\"post-20592 post type-post status-publish format-standard has-post-thumbnail category-descarga category-descargas-manuales-pdf category-estres category-pedagogia tag-docentes tag-educadores tag-guia tag-mindfulness tag-practica cs-entry cs-video-wrap\">\n\t\t\t<div class=\"pk-post-outer\">\n\n\t\t\t\t\t\t\t\t<div class=\"pk-post-inner\">\n\t\t\t\t\t<div class=\"entry-thumbnail\">\n\t\t\t\t\t\t<div class=\"pk-overlay pk-overlay-ratio pk-ratio-landscape\">\n\t\t\t\t\t\t\t<div class=\"pk-overlay-background\">\n\t\t\t\t\t\t\t\t<a href=\"https:\/\/webdelmaestrocmf.com\/portal\/mindfulness-guia-practica-docentes-educadores\/\" class=\"pk-overlay-link\">\n\t\t\t\t\t\t\t\t\t<img loading=\"lazy\" decoding=\"async\" width=\"300\" height=\"225\" src=\"https:\/\/webdelmaestrocmf.com\/portal\/wp-content\/uploads\/2020\/03\/1AA-Banner-1-portada-imagen-10-1-copia-4-300x225.webp\" class=\"attachment-pk-thumbnail size-pk-thumbnail wp-post-image\" alt=\"\" \/>\t\t\t\t\t\t\t\t<\/a>\n\t\t\t\t\t\t\t<\/div>\n\t\t\t\t\t\t<\/div>\n\t\t\t\t\t<\/div>\n\t\t\t\t<\/div>\n\t\t\t\t\n\t\t\t\t<div class=\"pk-post-inner\">\n\t\t\t\t\t<header>\n\t\t\t\t\t\t<h3 class=\"pk-title\"><a href=\"https:\/\/webdelmaestrocmf.com\/portal\/mindfulness-guia-practica-docentes-educadores\/\" rel=\"bookmark\">Mindfulness: Gu\u00eda pr\u00e1ctica para docentes y educadores<\/a><\/h3>\t\t\t\t\t<\/header><!-- .entry-header -->\n\t\t\t\t<\/div><!-- .post-inner -->\n\n\t\t\t<\/div><!-- .post-outer -->\n\t\t<\/article>\n\t\t\t\t<\/div>\n\t\t<\/div>\n\t\t\n","protected":false},"excerpt":{"rendered":"Una obra imprescindible para repensar la ense\u00f1anza y renovar la pr\u00e1ctica docente en tiempos de cambio.","protected":false},"author":1,"featured_media":110416,"comment_status":"open","ping_status":"closed","sticky":false,"template":"","format":"standard","meta":{"csco_display_header_overlay":false,"csco_singular_sidebar":"","csco_page_header_type":"","csco_page_load_nextpost":"","csco_post_video_location":[],"csco_post_video_location_hash":"","csco_post_video_url":"","csco_post_video_bg_start_time":0,"csco_post_video_bg_end_time":0,"csco_post_video_bg_volume":false,"_jetpack_memberships_contains_paid_content":false,"footnotes":""},"categories":[23408],"tags":[],"class_list":{"0":"post-110415","1":"post","2":"type-post","3":"status-publish","4":"format-standard","5":"has-post-thumbnail","7":"category-descarga","8":"cs-entry","9":"cs-video-wrap"},"yoast_head":"<!-- This site is optimized with the Yoast SEO plugin v27.5 - https:\/\/yoast.com\/product\/yoast-seo-wordpress\/ -->\n<title>\u201cDocente y did\u00e1ctica: Acercamientos pol\u00e9micos\u201d: una gu\u00eda fundamental para transformar la ense\u00f1anza - 2026<\/title>\n<meta name=\"description\" content=\"Comunidad de Maestros, Docentes y Profesores, en donde encontrar\u00e1s material, informaci\u00f3n y noticias del \u00e1mbito nacional y mundial.\" \/>\n<meta name=\"robots\" content=\"index, follow, max-snippet:-1, max-image-preview:large, max-video-preview:-1\" \/>\n<link rel=\"canonical\" href=\"https:\/\/webdelmaestrocmf.com\/portal\/docente-y-didactica-acercamientos-polemicos-una-guia-fundamental-para-transformar-la-ensenanza\/\" \/>\n<meta property=\"og:locale\" content=\"es_ES\" \/>\n<meta property=\"og:type\" content=\"article\" \/>\n<meta property=\"og:title\" content=\"\u201cDocente y did\u00e1ctica: Acercamientos pol\u00e9micos\u201d: una gu\u00eda fundamental para transformar la ense\u00f1anza - 2026\" \/>\n<meta property=\"og:description\" content=\"Comunidad de Maestros, Docentes y Profesores, en donde encontrar\u00e1s material, informaci\u00f3n y noticias del \u00e1mbito nacional y mundial.\" \/>\n<meta property=\"og:url\" content=\"https:\/\/webdelmaestrocmf.com\/portal\/docente-y-didactica-acercamientos-polemicos-una-guia-fundamental-para-transformar-la-ensenanza\/\" \/>\n<meta property=\"og:site_name\" content=\"Web del Maestro CMF\" \/>\n<meta property=\"article:publisher\" content=\"https:\/\/www.facebook.com\/WebdelMaestroCMF\/\" \/>\n<meta property=\"article:author\" content=\"https:\/\/www.facebook.com\/WebdelMaestroCMF\/\" \/>\n<meta property=\"article:published_time\" content=\"2025-06-24T16:48:03+00:00\" \/>\n<meta property=\"article:modified_time\" content=\"2025-06-24T16:48:05+00:00\" \/>\n<meta property=\"og:image\" content=\"https:\/\/webdelmaestrocmf.com\/portal\/wp-content\/uploads\/2025\/06\/1A-Banner-1-portada-imagen-10-1-copia-5.webp\" \/>\n\t<meta property=\"og:image:width\" content=\"1003\" \/>\n\t<meta property=\"og:image:height\" content=\"667\" \/>\n\t<meta property=\"og:image:type\" content=\"image\/webp\" \/>\n<meta name=\"author\" content=\"Web del Maestro CMF\" \/>\n<meta name=\"twitter:card\" content=\"summary_large_image\" \/>\n<meta name=\"twitter:creator\" content=\"@cmf_w\" \/>\n<meta name=\"twitter:site\" content=\"@cmf_w\" \/>\n<script type=\"application\/ld+json\" class=\"yoast-schema-graph\">{\"@context\":\"https:\\\/\\\/schema.org\",\"@graph\":[{\"@type\":\"ScholarlyArticle\",\"@id\":\"https:\\\/\\\/webdelmaestrocmf.com\\\/portal\\\/docente-y-didactica-acercamientos-polemicos-una-guia-fundamental-para-transformar-la-ensenanza\\\/#article\",\"isPartOf\":{\"@id\":\"https:\\\/\\\/webdelmaestrocmf.com\\\/portal\\\/docente-y-didactica-acercamientos-polemicos-una-guia-fundamental-para-transformar-la-ensenanza\\\/\"},\"author\":{\"name\":\"Web del Maestro CMF\",\"@id\":\"https:\\\/\\\/webdelmaestrocmf.com\\\/portal\\\/#\\\/schema\\\/person\\\/1072a2ed7bd960df8ef99a551fa35dc5\"},\"headline\":\"\u201cDocente y did\u00e1ctica: Acercamientos pol\u00e9micos\u201d: una gu\u00eda fundamental para transformar la ense\u00f1anza\",\"datePublished\":\"2025-06-24T16:48:03+00:00\",\"dateModified\":\"2025-06-24T16:48:05+00:00\",\"mainEntityOfPage\":{\"@id\":\"https:\\\/\\\/webdelmaestrocmf.com\\\/portal\\\/docente-y-didactica-acercamientos-polemicos-una-guia-fundamental-para-transformar-la-ensenanza\\\/\"},\"wordCount\":769,\"commentCount\":0,\"publisher\":{\"@id\":\"https:\\\/\\\/webdelmaestrocmf.com\\\/portal\\\/#organization\"},\"image\":{\"@id\":\"https:\\\/\\\/webdelmaestrocmf.com\\\/portal\\\/docente-y-didactica-acercamientos-polemicos-una-guia-fundamental-para-transformar-la-ensenanza\\\/#primaryimage\"},\"thumbnailUrl\":\"https:\\\/\\\/webdelmaestrocmf.com\\\/portal\\\/wp-content\\\/uploads\\\/2025\\\/06\\\/1A-Banner-1-portada-imagen-10-1-copia-5.webp\",\"articleSection\":[\"Descarga\"],\"inLanguage\":\"es\",\"potentialAction\":[{\"@type\":\"CommentAction\",\"name\":\"Comment\",\"target\":[\"https:\\\/\\\/webdelmaestrocmf.com\\\/portal\\\/docente-y-didactica-acercamientos-polemicos-una-guia-fundamental-para-transformar-la-ensenanza\\\/#respond\"]}]},{\"@type\":\"WebPage\",\"@id\":\"https:\\\/\\\/webdelmaestrocmf.com\\\/portal\\\/docente-y-didactica-acercamientos-polemicos-una-guia-fundamental-para-transformar-la-ensenanza\\\/\",\"url\":\"https:\\\/\\\/webdelmaestrocmf.com\\\/portal\\\/docente-y-didactica-acercamientos-polemicos-una-guia-fundamental-para-transformar-la-ensenanza\\\/\",\"name\":\"\u201cDocente y did\u00e1ctica: Acercamientos pol\u00e9micos\u201d: una gu\u00eda fundamental para transformar la ense\u00f1anza - 2026\",\"isPartOf\":{\"@id\":\"https:\\\/\\\/webdelmaestrocmf.com\\\/portal\\\/#website\"},\"primaryImageOfPage\":{\"@id\":\"https:\\\/\\\/webdelmaestrocmf.com\\\/portal\\\/docente-y-didactica-acercamientos-polemicos-una-guia-fundamental-para-transformar-la-ensenanza\\\/#primaryimage\"},\"image\":{\"@id\":\"https:\\\/\\\/webdelmaestrocmf.com\\\/portal\\\/docente-y-didactica-acercamientos-polemicos-una-guia-fundamental-para-transformar-la-ensenanza\\\/#primaryimage\"},\"thumbnailUrl\":\"https:\\\/\\\/webdelmaestrocmf.com\\\/portal\\\/wp-content\\\/uploads\\\/2025\\\/06\\\/1A-Banner-1-portada-imagen-10-1-copia-5.webp\",\"datePublished\":\"2025-06-24T16:48:03+00:00\",\"dateModified\":\"2025-06-24T16:48:05+00:00\",\"description\":\"Comunidad de Maestros, Docentes y Profesores, en donde encontrar\u00e1s material, informaci\u00f3n y noticias del \u00e1mbito nacional y mundial.\",\"breadcrumb\":{\"@id\":\"https:\\\/\\\/webdelmaestrocmf.com\\\/portal\\\/docente-y-didactica-acercamientos-polemicos-una-guia-fundamental-para-transformar-la-ensenanza\\\/#breadcrumb\"},\"inLanguage\":\"es\",\"potentialAction\":[{\"@type\":\"ReadAction\",\"target\":[\"https:\\\/\\\/webdelmaestrocmf.com\\\/portal\\\/docente-y-didactica-acercamientos-polemicos-una-guia-fundamental-para-transformar-la-ensenanza\\\/\"]}]},{\"@type\":\"ImageObject\",\"inLanguage\":\"es\",\"@id\":\"https:\\\/\\\/webdelmaestrocmf.com\\\/portal\\\/docente-y-didactica-acercamientos-polemicos-una-guia-fundamental-para-transformar-la-ensenanza\\\/#primaryimage\",\"url\":\"https:\\\/\\\/webdelmaestrocmf.com\\\/portal\\\/wp-content\\\/uploads\\\/2025\\\/06\\\/1A-Banner-1-portada-imagen-10-1-copia-5.webp\",\"contentUrl\":\"https:\\\/\\\/webdelmaestrocmf.com\\\/portal\\\/wp-content\\\/uploads\\\/2025\\\/06\\\/1A-Banner-1-portada-imagen-10-1-copia-5.webp\",\"width\":1003,\"height\":667},{\"@type\":\"BreadcrumbList\",\"@id\":\"https:\\\/\\\/webdelmaestrocmf.com\\\/portal\\\/docente-y-didactica-acercamientos-polemicos-una-guia-fundamental-para-transformar-la-ensenanza\\\/#breadcrumb\",\"itemListElement\":[{\"@type\":\"ListItem\",\"position\":1,\"name\":\"Portada\",\"item\":\"https:\\\/\\\/webdelmaestrocmf.com\\\/portal\\\/\"},{\"@type\":\"ListItem\",\"position\":2,\"name\":\"Descarga\",\"item\":\"https:\\\/\\\/webdelmaestrocmf.com\\\/portal\\\/category\\\/descarga\\\/\"},{\"@type\":\"ListItem\",\"position\":3,\"name\":\"\u201cDocente y did\u00e1ctica: Acercamientos pol\u00e9micos\u201d: una gu\u00eda fundamental para transformar la ense\u00f1anza\"}]},{\"@type\":\"WebSite\",\"@id\":\"https:\\\/\\\/webdelmaestrocmf.com\\\/portal\\\/#website\",\"url\":\"https:\\\/\\\/webdelmaestrocmf.com\\\/portal\\\/\",\"name\":\"Web del Maestro CMF\",\"description\":\"Maestros al servicio de la educaci\u00f3n\",\"publisher\":{\"@id\":\"https:\\\/\\\/webdelmaestrocmf.com\\\/portal\\\/#organization\"},\"alternateName\":\"WMCMF\",\"potentialAction\":[{\"@type\":\"SearchAction\",\"target\":{\"@type\":\"EntryPoint\",\"urlTemplate\":\"https:\\\/\\\/webdelmaestrocmf.com\\\/portal\\\/?s={search_term_string}\"},\"query-input\":{\"@type\":\"PropertyValueSpecification\",\"valueRequired\":true,\"valueName\":\"search_term_string\"}}],\"inLanguage\":\"es\"},{\"@type\":\"Organization\",\"@id\":\"https:\\\/\\\/webdelmaestrocmf.com\\\/portal\\\/#organization\",\"name\":\"Web del Maestro CMF\",\"alternateName\":\"WMCMF\",\"url\":\"https:\\\/\\\/webdelmaestrocmf.com\\\/portal\\\/\",\"logo\":{\"@type\":\"ImageObject\",\"inLanguage\":\"es\",\"@id\":\"https:\\\/\\\/webdelmaestrocmf.com\\\/portal\\\/#\\\/schema\\\/logo\\\/image\\\/\",\"url\":\"https:\\\/\\\/webdelmaestrocmf.com\\\/portal\\\/wp-content\\\/uploads\\\/2023\\\/01\\\/logo-wmcmf-2.png\",\"contentUrl\":\"https:\\\/\\\/webdelmaestrocmf.com\\\/portal\\\/wp-content\\\/uploads\\\/2023\\\/01\\\/logo-wmcmf-2.png\",\"width\":200,\"height\":60,\"caption\":\"Web del Maestro CMF\"},\"image\":{\"@id\":\"https:\\\/\\\/webdelmaestrocmf.com\\\/portal\\\/#\\\/schema\\\/logo\\\/image\\\/\"},\"sameAs\":[\"https:\\\/\\\/www.facebook.com\\\/WebdelMaestroCMF\\\/\",\"https:\\\/\\\/x.com\\\/cmf_w\",\"https:\\\/\\\/www.pinterest.com\\\/WMCMF\\\/\",\"https:\\\/\\\/www.linkedin.com\\\/company\\\/web-del-maestro-cmf\\\/\",\"https:\\\/\\\/www.instagram.com\\\/wmcmf\\\/\",\"https:\\\/\\\/www.youtube.com\\\/channel\\\/UCDPSvjbdodE5sHnC3OxutHw\",\"https:\\\/\\\/mastodon.social\\\/@wmcmf\",\"https:\\\/\\\/www.tiktok.com\\\/@webdelmaestrocmf\"]},{\"@type\":\"Person\",\"@id\":\"https:\\\/\\\/webdelmaestrocmf.com\\\/portal\\\/#\\\/schema\\\/person\\\/1072a2ed7bd960df8ef99a551fa35dc5\",\"name\":\"Web del Maestro CMF\",\"image\":{\"@type\":\"ImageObject\",\"inLanguage\":\"es\",\"@id\":\"https:\\\/\\\/secure.gravatar.com\\\/avatar\\\/23291dd5b5ae1077dcff3dbb04c3e02bd28403fa75af6d8787d5e97c5bbbe30b?s=96&d=mm&r=g\",\"url\":\"https:\\\/\\\/secure.gravatar.com\\\/avatar\\\/23291dd5b5ae1077dcff3dbb04c3e02bd28403fa75af6d8787d5e97c5bbbe30b?s=96&d=mm&r=g\",\"contentUrl\":\"https:\\\/\\\/secure.gravatar.com\\\/avatar\\\/23291dd5b5ae1077dcff3dbb04c3e02bd28403fa75af6d8787d5e97c5bbbe30b?s=96&d=mm&r=g\",\"caption\":\"Web del Maestro CMF\"},\"description\":\"Esta Web se cre\u00f3 sin fines de lucro, con fines educativos, cient\u00edficos y acad\u00e9micos, para personas que tengan dificultades y\\\/o inconvenientes en visualizar el material original. El objetivo es entregar recursos, compartir experiencias y materiales que ayuden a los padres de familia, maestros y estudiantes en su actualizaci\u00f3n y formaci\u00f3n permanente, en bien de la Educaci\u00f3n.\",\"sameAs\":[\"http:\\\/\\\/webdelmaestrocmf.com\\\/portal\",\"https:\\\/\\\/www.facebook.com\\\/WebdelMaestroCMF\\\/\",\"https:\\\/\\\/www.instagram.com\\\/wmcmf\\\/\",\"https:\\\/\\\/cl.linkedin.com\\\/company\\\/web-del-maestro-cmf\",\"https:\\\/\\\/www.pinterest.com\\\/WMCMF\\\/publicaciones\\\/\",\"https:\\\/\\\/x.com\\\/cmf_w\",\"https:\\\/\\\/www.youtube.com\\\/@WMCMF\"]}]}<\/script>\n<!-- \/ Yoast SEO plugin. -->","yoast_head_json":{"title":"\u201cDocente y did\u00e1ctica: Acercamientos pol\u00e9micos\u201d: una gu\u00eda fundamental para transformar la ense\u00f1anza - 2026","description":"Comunidad de Maestros, Docentes y Profesores, en donde encontrar\u00e1s material, informaci\u00f3n y noticias del \u00e1mbito nacional y mundial.","robots":{"index":"index","follow":"follow","max-snippet":"max-snippet:-1","max-image-preview":"max-image-preview:large","max-video-preview":"max-video-preview:-1"},"canonical":"https:\/\/webdelmaestrocmf.com\/portal\/docente-y-didactica-acercamientos-polemicos-una-guia-fundamental-para-transformar-la-ensenanza\/","og_locale":"es_ES","og_type":"article","og_title":"\u201cDocente y did\u00e1ctica: Acercamientos pol\u00e9micos\u201d: una gu\u00eda fundamental para transformar la ense\u00f1anza - 2026","og_description":"Comunidad de Maestros, Docentes y Profesores, en donde encontrar\u00e1s material, informaci\u00f3n y noticias del \u00e1mbito nacional y mundial.","og_url":"https:\/\/webdelmaestrocmf.com\/portal\/docente-y-didactica-acercamientos-polemicos-una-guia-fundamental-para-transformar-la-ensenanza\/","og_site_name":"Web del Maestro CMF","article_publisher":"https:\/\/www.facebook.com\/WebdelMaestroCMF\/","article_author":"https:\/\/www.facebook.com\/WebdelMaestroCMF\/","article_published_time":"2025-06-24T16:48:03+00:00","article_modified_time":"2025-06-24T16:48:05+00:00","og_image":[{"width":1003,"height":667,"url":"https:\/\/webdelmaestrocmf.com\/portal\/wp-content\/uploads\/2025\/06\/1A-Banner-1-portada-imagen-10-1-copia-5.webp","type":"image\/webp"}],"author":"Web del Maestro CMF","twitter_card":"summary_large_image","twitter_creator":"@cmf_w","twitter_site":"@cmf_w","schema":{"@context":"https:\/\/schema.org","@graph":[{"@type":"ScholarlyArticle","@id":"https:\/\/webdelmaestrocmf.com\/portal\/docente-y-didactica-acercamientos-polemicos-una-guia-fundamental-para-transformar-la-ensenanza\/#article","isPartOf":{"@id":"https:\/\/webdelmaestrocmf.com\/portal\/docente-y-didactica-acercamientos-polemicos-una-guia-fundamental-para-transformar-la-ensenanza\/"},"author":{"name":"Web del Maestro CMF","@id":"https:\/\/webdelmaestrocmf.com\/portal\/#\/schema\/person\/1072a2ed7bd960df8ef99a551fa35dc5"},"headline":"\u201cDocente y did\u00e1ctica: Acercamientos pol\u00e9micos\u201d: una gu\u00eda fundamental para transformar la ense\u00f1anza","datePublished":"2025-06-24T16:48:03+00:00","dateModified":"2025-06-24T16:48:05+00:00","mainEntityOfPage":{"@id":"https:\/\/webdelmaestrocmf.com\/portal\/docente-y-didactica-acercamientos-polemicos-una-guia-fundamental-para-transformar-la-ensenanza\/"},"wordCount":769,"commentCount":0,"publisher":{"@id":"https:\/\/webdelmaestrocmf.com\/portal\/#organization"},"image":{"@id":"https:\/\/webdelmaestrocmf.com\/portal\/docente-y-didactica-acercamientos-polemicos-una-guia-fundamental-para-transformar-la-ensenanza\/#primaryimage"},"thumbnailUrl":"https:\/\/webdelmaestrocmf.com\/portal\/wp-content\/uploads\/2025\/06\/1A-Banner-1-portada-imagen-10-1-copia-5.webp","articleSection":["Descarga"],"inLanguage":"es","potentialAction":[{"@type":"CommentAction","name":"Comment","target":["https:\/\/webdelmaestrocmf.com\/portal\/docente-y-didactica-acercamientos-polemicos-una-guia-fundamental-para-transformar-la-ensenanza\/#respond"]}]},{"@type":"WebPage","@id":"https:\/\/webdelmaestrocmf.com\/portal\/docente-y-didactica-acercamientos-polemicos-una-guia-fundamental-para-transformar-la-ensenanza\/","url":"https:\/\/webdelmaestrocmf.com\/portal\/docente-y-didactica-acercamientos-polemicos-una-guia-fundamental-para-transformar-la-ensenanza\/","name":"\u201cDocente y did\u00e1ctica: Acercamientos pol\u00e9micos\u201d: una gu\u00eda fundamental para transformar la ense\u00f1anza - 2026","isPartOf":{"@id":"https:\/\/webdelmaestrocmf.com\/portal\/#website"},"primaryImageOfPage":{"@id":"https:\/\/webdelmaestrocmf.com\/portal\/docente-y-didactica-acercamientos-polemicos-una-guia-fundamental-para-transformar-la-ensenanza\/#primaryimage"},"image":{"@id":"https:\/\/webdelmaestrocmf.com\/portal\/docente-y-didactica-acercamientos-polemicos-una-guia-fundamental-para-transformar-la-ensenanza\/#primaryimage"},"thumbnailUrl":"https:\/\/webdelmaestrocmf.com\/portal\/wp-content\/uploads\/2025\/06\/1A-Banner-1-portada-imagen-10-1-copia-5.webp","datePublished":"2025-06-24T16:48:03+00:00","dateModified":"2025-06-24T16:48:05+00:00","description":"Comunidad de Maestros, Docentes y Profesores, en donde encontrar\u00e1s material, informaci\u00f3n y noticias del \u00e1mbito nacional y mundial.","breadcrumb":{"@id":"https:\/\/webdelmaestrocmf.com\/portal\/docente-y-didactica-acercamientos-polemicos-una-guia-fundamental-para-transformar-la-ensenanza\/#breadcrumb"},"inLanguage":"es","potentialAction":[{"@type":"ReadAction","target":["https:\/\/webdelmaestrocmf.com\/portal\/docente-y-didactica-acercamientos-polemicos-una-guia-fundamental-para-transformar-la-ensenanza\/"]}]},{"@type":"ImageObject","inLanguage":"es","@id":"https:\/\/webdelmaestrocmf.com\/portal\/docente-y-didactica-acercamientos-polemicos-una-guia-fundamental-para-transformar-la-ensenanza\/#primaryimage","url":"https:\/\/webdelmaestrocmf.com\/portal\/wp-content\/uploads\/2025\/06\/1A-Banner-1-portada-imagen-10-1-copia-5.webp","contentUrl":"https:\/\/webdelmaestrocmf.com\/portal\/wp-content\/uploads\/2025\/06\/1A-Banner-1-portada-imagen-10-1-copia-5.webp","width":1003,"height":667},{"@type":"BreadcrumbList","@id":"https:\/\/webdelmaestrocmf.com\/portal\/docente-y-didactica-acercamientos-polemicos-una-guia-fundamental-para-transformar-la-ensenanza\/#breadcrumb","itemListElement":[{"@type":"ListItem","position":1,"name":"Portada","item":"https:\/\/webdelmaestrocmf.com\/portal\/"},{"@type":"ListItem","position":2,"name":"Descarga","item":"https:\/\/webdelmaestrocmf.com\/portal\/category\/descarga\/"},{"@type":"ListItem","position":3,"name":"\u201cDocente y did\u00e1ctica: Acercamientos pol\u00e9micos\u201d: una gu\u00eda fundamental para transformar la ense\u00f1anza"}]},{"@type":"WebSite","@id":"https:\/\/webdelmaestrocmf.com\/portal\/#website","url":"https:\/\/webdelmaestrocmf.com\/portal\/","name":"Web del Maestro CMF","description":"Maestros al servicio de la educaci\u00f3n","publisher":{"@id":"https:\/\/webdelmaestrocmf.com\/portal\/#organization"},"alternateName":"WMCMF","potentialAction":[{"@type":"SearchAction","target":{"@type":"EntryPoint","urlTemplate":"https:\/\/webdelmaestrocmf.com\/portal\/?s={search_term_string}"},"query-input":{"@type":"PropertyValueSpecification","valueRequired":true,"valueName":"search_term_string"}}],"inLanguage":"es"},{"@type":"Organization","@id":"https:\/\/webdelmaestrocmf.com\/portal\/#organization","name":"Web del Maestro CMF","alternateName":"WMCMF","url":"https:\/\/webdelmaestrocmf.com\/portal\/","logo":{"@type":"ImageObject","inLanguage":"es","@id":"https:\/\/webdelmaestrocmf.com\/portal\/#\/schema\/logo\/image\/","url":"https:\/\/webdelmaestrocmf.com\/portal\/wp-content\/uploads\/2023\/01\/logo-wmcmf-2.png","contentUrl":"https:\/\/webdelmaestrocmf.com\/portal\/wp-content\/uploads\/2023\/01\/logo-wmcmf-2.png","width":200,"height":60,"caption":"Web del Maestro CMF"},"image":{"@id":"https:\/\/webdelmaestrocmf.com\/portal\/#\/schema\/logo\/image\/"},"sameAs":["https:\/\/www.facebook.com\/WebdelMaestroCMF\/","https:\/\/x.com\/cmf_w","https:\/\/www.pinterest.com\/WMCMF\/","https:\/\/www.linkedin.com\/company\/web-del-maestro-cmf\/","https:\/\/www.instagram.com\/wmcmf\/","https:\/\/www.youtube.com\/channel\/UCDPSvjbdodE5sHnC3OxutHw","https:\/\/mastodon.social\/@wmcmf","https:\/\/www.tiktok.com\/@webdelmaestrocmf"]},{"@type":"Person","@id":"https:\/\/webdelmaestrocmf.com\/portal\/#\/schema\/person\/1072a2ed7bd960df8ef99a551fa35dc5","name":"Web del Maestro CMF","image":{"@type":"ImageObject","inLanguage":"es","@id":"https:\/\/secure.gravatar.com\/avatar\/23291dd5b5ae1077dcff3dbb04c3e02bd28403fa75af6d8787d5e97c5bbbe30b?s=96&d=mm&r=g","url":"https:\/\/secure.gravatar.com\/avatar\/23291dd5b5ae1077dcff3dbb04c3e02bd28403fa75af6d8787d5e97c5bbbe30b?s=96&d=mm&r=g","contentUrl":"https:\/\/secure.gravatar.com\/avatar\/23291dd5b5ae1077dcff3dbb04c3e02bd28403fa75af6d8787d5e97c5bbbe30b?s=96&d=mm&r=g","caption":"Web del Maestro CMF"},"description":"Esta Web se cre\u00f3 sin fines de lucro, con fines educativos, cient\u00edficos y acad\u00e9micos, para personas que tengan dificultades y\/o inconvenientes en visualizar el material original. El objetivo es entregar recursos, compartir experiencias y materiales que ayuden a los padres de familia, maestros y estudiantes en su actualizaci\u00f3n y formaci\u00f3n permanente, en bien de la Educaci\u00f3n.","sameAs":["http:\/\/webdelmaestrocmf.com\/portal","https:\/\/www.facebook.com\/WebdelMaestroCMF\/","https:\/\/www.instagram.com\/wmcmf\/","https:\/\/cl.linkedin.com\/company\/web-del-maestro-cmf","https:\/\/www.pinterest.com\/WMCMF\/publicaciones\/","https:\/\/x.com\/cmf_w","https:\/\/www.youtube.com\/@WMCMF"]}]}},"jetpack_featured_media_url":"https:\/\/webdelmaestrocmf.com\/portal\/wp-content\/uploads\/2025\/06\/1A-Banner-1-portada-imagen-10-1-copia-5.webp","jetpack_sharing_enabled":true,"jetpack-related-posts":[{"id":114885,"url":"https:\/\/webdelmaestrocmf.com\/portal\/descarga-el-libro-academico-estrategias-e-investigaciones-desde-la-didactica-e-innovacion\/","url_meta":{"origin":110415,"position":0},"title":"Descarga el libro acad\u00e9mico Estrategias e investigaciones desde la did\u00e1ctica e innovaci\u00f3n","author":"Web del Maestro CMF","date":"20 enero, 2026","format":false,"excerpt":"Libro acad\u00e9mico imprescindible para docentes, con investigaciones, estrategias did\u00e1cticas e innovaci\u00f3n educativa, disponible para descarga gratuita al final del art\u00edculo.","rel":"","context":"En \u00abLibros\u00bb","block_context":{"text":"Libros","link":"https:\/\/webdelmaestrocmf.com\/portal\/category\/pedagogia\/libros\/"},"img":{"alt_text":"","src":"https:\/\/i0.wp.com\/webdelmaestrocmf.com\/portal\/wp-content\/uploads\/2026\/01\/1A-Banner-1-portada-imagen-10-1-copia-3-5.webp?resize=350%2C200&ssl=1","width":350,"height":200,"srcset":"https:\/\/i0.wp.com\/webdelmaestrocmf.com\/portal\/wp-content\/uploads\/2026\/01\/1A-Banner-1-portada-imagen-10-1-copia-3-5.webp?resize=350%2C200&ssl=1 1x, https:\/\/i0.wp.com\/webdelmaestrocmf.com\/portal\/wp-content\/uploads\/2026\/01\/1A-Banner-1-portada-imagen-10-1-copia-3-5.webp?resize=525%2C300&ssl=1 1.5x, https:\/\/i0.wp.com\/webdelmaestrocmf.com\/portal\/wp-content\/uploads\/2026\/01\/1A-Banner-1-portada-imagen-10-1-copia-3-5.webp?resize=700%2C400&ssl=1 2x"},"classes":[]},{"id":101044,"url":"https:\/\/webdelmaestrocmf.com\/portal\/consejo-tecnico-escolar-tercera-sesion-ordinaria\/","url_meta":{"origin":110415,"position":1},"title":"Consejo T\u00e9cnico Escolar: Tercera sesi\u00f3n ordinaria","author":"Web del Maestro CMF","date":"25 noviembre, 2023","format":false,"excerpt":"Lleg\u00f3 noviembre, y tambi\u00e9n la Tercera sesi\u00f3n ordinaria del Consejo T\u00e9cnico Escolar. Se desarrollaran temas como la planificaci\u00f3n did\u00e1ctica y la evaluaci\u00f3n formativa. El Plan y los Programas de Estudio de la Nueva Escuela Mexicana forman un curr\u00edculo integrado que conecta contenidos a trav\u00e9s de los ejes articuladores que vinculas\u2026","rel":"","context":"En \u00abConsejo T\u00e9cnico Escolar\u00bb","block_context":{"text":"Consejo T\u00e9cnico Escolar","link":"https:\/\/webdelmaestrocmf.com\/portal\/category\/pedagogia\/consejo-tecnico-escolar\/"},"img":{"alt_text":"Consejo T\u00e9cnico Escolar","src":"https:\/\/i0.wp.com\/webdelmaestrocmf.com\/portal\/wp-content\/uploads\/2023\/11\/A12B3C4D-2-1-1.jpg?resize=350%2C200&ssl=1","width":350,"height":200,"srcset":"https:\/\/i0.wp.com\/webdelmaestrocmf.com\/portal\/wp-content\/uploads\/2023\/11\/A12B3C4D-2-1-1.jpg?resize=350%2C200&ssl=1 1x, https:\/\/i0.wp.com\/webdelmaestrocmf.com\/portal\/wp-content\/uploads\/2023\/11\/A12B3C4D-2-1-1.jpg?resize=525%2C300&ssl=1 1.5x, https:\/\/i0.wp.com\/webdelmaestrocmf.com\/portal\/wp-content\/uploads\/2023\/11\/A12B3C4D-2-1-1.jpg?resize=700%2C400&ssl=1 2x"},"classes":[]},{"id":105565,"url":"https:\/\/webdelmaestrocmf.com\/portal\/david-auris-el-docente-impulsor-de-una-vida-mejor\/","url_meta":{"origin":110415,"position":2},"title":"[David Auris] El docente, impulsor de una vida mejor","author":"Web del Maestro CMF","date":"18 mayo, 2024","format":false,"excerpt":"Como profesor y columnista, estoy convencido de que es m\u00e1s importante vivir de manera optimista, en lugar de atormentarse por los sinsabores de la vida. De acuerdo con nuestro estado de \u00e1nimo, impactamos y transformamos la vida de los estudiantes, haciendo de ellos m\u00e1s felices o infelices. No obstante, guiarlos\u2026","rel":"","context":"En \u00abZ-Colaborador-David-Auris\u00bb","block_context":{"text":"Z-Colaborador-David-Auris","link":"https:\/\/webdelmaestrocmf.com\/portal\/category\/colaborador\/z-colaborador-david-auris\/"},"img":{"alt_text":"","src":"https:\/\/i0.wp.com\/webdelmaestrocmf.com\/portal\/wp-content\/uploads\/2024\/05\/Banner-1-portada-imagen-10-1-2024-05-18T195948.766.jpg?resize=350%2C200&ssl=1","width":350,"height":200,"srcset":"https:\/\/i0.wp.com\/webdelmaestrocmf.com\/portal\/wp-content\/uploads\/2024\/05\/Banner-1-portada-imagen-10-1-2024-05-18T195948.766.jpg?resize=350%2C200&ssl=1 1x, https:\/\/i0.wp.com\/webdelmaestrocmf.com\/portal\/wp-content\/uploads\/2024\/05\/Banner-1-portada-imagen-10-1-2024-05-18T195948.766.jpg?resize=525%2C300&ssl=1 1.5x, https:\/\/i0.wp.com\/webdelmaestrocmf.com\/portal\/wp-content\/uploads\/2024\/05\/Banner-1-portada-imagen-10-1-2024-05-18T195948.766.jpg?resize=700%2C400&ssl=1 2x"},"classes":[]},{"id":105574,"url":"https:\/\/webdelmaestrocmf.com\/portal\/david-auris-el-docente-impulsor-de-una-vida-mejor-2\/","url_meta":{"origin":110415,"position":3},"title":"[David Auris] El docente, impulsor de una vida mejor","author":"Web del Maestro CMF","date":"18 mayo, 2024","format":false,"excerpt":"Como profesor y columnista, estoy convencido de que es m\u00e1s importante vivir de manera optimista, en lugar de atormentarse por los sinsabores de la vida. De acuerdo con nuestro estado de \u00e1nimo, impactamos y transformamos la vida de los estudiantes, haciendo de ellos m\u00e1s felices o infelices. No obstante, guiarlos\u2026","rel":"","context":"En \u00abZ-Colaborador-David-Auris\u00bb","block_context":{"text":"Z-Colaborador-David-Auris","link":"https:\/\/webdelmaestrocmf.com\/portal\/category\/colaborador\/z-colaborador-david-auris\/"},"img":{"alt_text":"","src":"https:\/\/i0.wp.com\/webdelmaestrocmf.com\/portal\/wp-content\/uploads\/2024\/05\/Banner-1-portada-imagen-10-1-2024-05-18T201040.742.jpg?resize=350%2C200&ssl=1","width":350,"height":200,"srcset":"https:\/\/i0.wp.com\/webdelmaestrocmf.com\/portal\/wp-content\/uploads\/2024\/05\/Banner-1-portada-imagen-10-1-2024-05-18T201040.742.jpg?resize=350%2C200&ssl=1 1x, https:\/\/i0.wp.com\/webdelmaestrocmf.com\/portal\/wp-content\/uploads\/2024\/05\/Banner-1-portada-imagen-10-1-2024-05-18T201040.742.jpg?resize=525%2C300&ssl=1 1.5x, https:\/\/i0.wp.com\/webdelmaestrocmf.com\/portal\/wp-content\/uploads\/2024\/05\/Banner-1-portada-imagen-10-1-2024-05-18T201040.742.jpg?resize=700%2C400&ssl=1 2x"},"classes":[]},{"id":18195,"url":"https:\/\/webdelmaestrocmf.com\/portal\/ayuda-docente-guias-para-elaborar-la-planeacion-didactica\/","url_meta":{"origin":110415,"position":4},"title":"Ayuda docente: gu\u00edas para la elaboraci\u00f3n de la planeaci\u00f3n did\u00e1ctica argumentada","author":"Web del Maestro CMF","date":"19 octubre, 2021","format":false,"excerpt":"La Planeaci\u00f3n did\u00e1ctica argumentada constituye la cuarta etapa del proceso de Evaluaci\u00f3n del Desempe\u00f1o docente, la cual tiene como prop\u00f3sito evaluar el an\u00e1lisis, organizaci\u00f3n, justificaci\u00f3n, sustento y sentido de las estrategias did\u00e1cticas que el docente elige para desarrollar su Planeaci\u00f3n, as\u00ed como la reflexi\u00f3n que realiza sobre lo que espera\u2026","rel":"","context":"En \u00abDescargas Manuales PDF\u00bb","block_context":{"text":"Descargas Manuales PDF","link":"https:\/\/webdelmaestrocmf.com\/portal\/category\/pedagogia\/descargas-manuales-pdf\/"},"img":{"alt_text":"","src":"https:\/\/i0.wp.com\/webdelmaestrocmf.com\/portal\/wp-content\/uploads\/2018\/10\/1WEDRT-1.jpg?resize=350%2C200&ssl=1","width":350,"height":200,"srcset":"https:\/\/i0.wp.com\/webdelmaestrocmf.com\/portal\/wp-content\/uploads\/2018\/10\/1WEDRT-1.jpg?resize=350%2C200&ssl=1 1x, https:\/\/i0.wp.com\/webdelmaestrocmf.com\/portal\/wp-content\/uploads\/2018\/10\/1WEDRT-1.jpg?resize=525%2C300&ssl=1 1.5x, https:\/\/i0.wp.com\/webdelmaestrocmf.com\/portal\/wp-content\/uploads\/2018\/10\/1WEDRT-1.jpg?resize=700%2C400&ssl=1 2x, https:\/\/i0.wp.com\/webdelmaestrocmf.com\/portal\/wp-content\/uploads\/2018\/10\/1WEDRT-1.jpg?resize=1050%2C600&ssl=1 3x"},"classes":[]},{"id":105562,"url":"https:\/\/webdelmaestrocmf.com\/portal\/david-auris-nombramiento-docente-meritocracia-o-justicia\/","url_meta":{"origin":110415,"position":5},"title":"[David Auris] Nombramiento docente: \u00bfmeritocracia o justicia?","author":"Web del Maestro CMF","date":"18 mayo, 2024","format":false,"excerpt":"La Ley N.\u00ba 31996, que promueve el acceso a la carrera p\u00fablica docente a los profesores interinos que fueron retirados el 31 de mayo de 2015, fue publicada este 9 de abril. Algunos expertos argumentan que esta ley es un golpe contra la calidad educativa y ciertos congresistas se\u00f1alan que\u2026","rel":"","context":"En \u00abZ-Colaborador-David-Auris\u00bb","block_context":{"text":"Z-Colaborador-David-Auris","link":"https:\/\/webdelmaestrocmf.com\/portal\/category\/colaborador\/z-colaborador-david-auris\/"},"img":{"alt_text":"","src":"https:\/\/i0.wp.com\/webdelmaestrocmf.com\/portal\/wp-content\/uploads\/2024\/05\/Banner-1-portada-imagen-10-1-2024-05-18T193616.909.jpg?resize=350%2C200&ssl=1","width":350,"height":200,"srcset":"https:\/\/i0.wp.com\/webdelmaestrocmf.com\/portal\/wp-content\/uploads\/2024\/05\/Banner-1-portada-imagen-10-1-2024-05-18T193616.909.jpg?resize=350%2C200&ssl=1 1x, https:\/\/i0.wp.com\/webdelmaestrocmf.com\/portal\/wp-content\/uploads\/2024\/05\/Banner-1-portada-imagen-10-1-2024-05-18T193616.909.jpg?resize=525%2C300&ssl=1 1.5x, https:\/\/i0.wp.com\/webdelmaestrocmf.com\/portal\/wp-content\/uploads\/2024\/05\/Banner-1-portada-imagen-10-1-2024-05-18T193616.909.jpg?resize=700%2C400&ssl=1 2x"},"classes":[]}],"_links":{"self":[{"href":"https:\/\/webdelmaestrocmf.com\/portal\/wp-json\/wp\/v2\/posts\/110415","targetHints":{"allow":["GET"]}}],"collection":[{"href":"https:\/\/webdelmaestrocmf.com\/portal\/wp-json\/wp\/v2\/posts"}],"about":[{"href":"https:\/\/webdelmaestrocmf.com\/portal\/wp-json\/wp\/v2\/types\/post"}],"author":[{"embeddable":true,"href":"https:\/\/webdelmaestrocmf.com\/portal\/wp-json\/wp\/v2\/users\/1"}],"replies":[{"embeddable":true,"href":"https:\/\/webdelmaestrocmf.com\/portal\/wp-json\/wp\/v2\/comments?post=110415"}],"version-history":[{"count":1,"href":"https:\/\/webdelmaestrocmf.com\/portal\/wp-json\/wp\/v2\/posts\/110415\/revisions"}],"predecessor-version":[{"id":110417,"href":"https:\/\/webdelmaestrocmf.com\/portal\/wp-json\/wp\/v2\/posts\/110415\/revisions\/110417"}],"wp:featuredmedia":[{"embeddable":true,"href":"https:\/\/webdelmaestrocmf.com\/portal\/wp-json\/wp\/v2\/media\/110416"}],"wp:attachment":[{"href":"https:\/\/webdelmaestrocmf.com\/portal\/wp-json\/wp\/v2\/media?parent=110415"}],"wp:term":[{"taxonomy":"category","embeddable":true,"href":"https:\/\/webdelmaestrocmf.com\/portal\/wp-json\/wp\/v2\/categories?post=110415"},{"taxonomy":"post_tag","embeddable":true,"href":"https:\/\/webdelmaestrocmf.com\/portal\/wp-json\/wp\/v2\/tags?post=110415"}],"curies":[{"name":"wp","href":"https:\/\/api.w.org\/{rel}","templated":true}]}}