{"id":110390,"date":"2025-06-23T22:24:39","date_gmt":"2025-06-24T02:24:39","guid":{"rendered":"https:\/\/webdelmaestrocmf.com\/portal\/?p=110390"},"modified":"2025-06-23T22:24:40","modified_gmt":"2025-06-24T02:24:40","slug":"iran-niega-haber-alcanzado-un-acuerdo-de-alto-al-fuego-con-israel-tras-anuncio-de-trump","status":"publish","type":"post","link":"https:\/\/webdelmaestrocmf.com\/portal\/iran-niega-haber-alcanzado-un-acuerdo-de-alto-al-fuego-con-israel-tras-anuncio-de-trump\/","title":{"rendered":"Ir\u00e1n niega haber alcanzado un acuerdo de alto al fuego con Israel tras anuncio de Trump"},"content":{"rendered":"\n<p>A pesar del anuncio hecho por el presidente de Estados Unidos, Donald Trump, sobre un \u201calto al fuego total y completo\u201d entre Ir\u00e1n e Israel, el gobierno iran\u00ed neg\u00f3 categ\u00f3ricamente la existencia de un acuerdo formal. El ministro de Relaciones Exteriores iran\u00ed, Seyed Abbas Araghchi, asegur\u00f3 este lunes que no se ha alcanzado ning\u00fan compromiso oficial, aunque reconoci\u00f3 una disminuci\u00f3n en los bombardeos recientes.<\/p>\n\n\n\n<p>La declaraci\u00f3n de Trump, emitida a las 18:00 horas de Washington, gener\u00f3 confusi\u00f3n a nivel internacional. Seg\u00fan el mandatario, se habr\u00eda pactado una tregua en dos fases de 12 horas con el objetivo de poner fin a lo que denomin\u00f3 \u201cla Guerra de los 12 D\u00edas\u201d, anticipando incluso que en 24 horas \u201cel mundo celebrar\u00e1 la paz\u201d.<\/p>\n\n\n\n<p>Sin embargo, desde Teher\u00e1n el tono fue muy distinto. A trav\u00e9s de su cuenta oficial en la red X, el canciller Araghchi fue enf\u00e1tico:<\/p>\n\n\n\n<blockquote class=\"wp-block-quote is-layout-flow wp-block-quote-is-layout-flow\">\n<p class=\"has-text-align-center\">\u201cA esta hora, NO hay ning\u00fan \u2018acuerdo\u2019 de alto al fuego ni de cesaci\u00f3n de operaciones militares. Si el r\u00e9gimen israel\u00ed detiene su agresi\u00f3n ilegal contra el pueblo iran\u00ed a m\u00e1s tardar a las 4:00 a.\u202fm. hora de Teher\u00e1n, no tenemos intenci\u00f3n de continuar nuestra respuesta despu\u00e9s de eso.\u201d<\/p>\n<\/blockquote>\n\n\n\n<p>Esto implica que Ir\u00e1n estableci\u00f3 unilateralmente una hora l\u00edmite para sus represalias militares, sin que eso signifique una tregua negociada o un compromiso vinculante. En la misma declaraci\u00f3n, Araghchi afirm\u00f3 que la ofensiva iran\u00ed continu\u00f3 hasta el \u00faltimo minuto, agradeciendo a las Fuerzas Armadas por su respuesta firme y disposici\u00f3n a defender el pa\u00eds \u201chasta la \u00faltima gota de sangre\u201d.<\/p>\n\n\n\n<h3 class=\"wp-block-heading\">Intervenci\u00f3n diplom\u00e1tica y contexto de la tregua<\/h3>\n\n\n\n<p>Seg\u00fan reportes diplom\u00e1ticos, la posible desescalada habr\u00eda sido impulsada por la mediaci\u00f3n de Catar y Estados Unidos, despu\u00e9s de que Ir\u00e1n enviara se\u00f1ales a Washington indicando que no seguir\u00eda con los ataques si no se produc\u00edan represalias tras su ofensiva contra una base estadounidense.<\/p>\n\n\n\n<p>A pesar de estas gestiones, la postura oficial iran\u00ed no confirma ning\u00fan tipo de acuerdo, y la ret\u00f3rica se mantiene desafiante. Durante la madrugada del martes (hora local), se registraron bombardeos en algunos puntos de Ir\u00e1n, aunque el mismo Araghchi admiti\u00f3 que los ataques han ido disminuyendo.<\/p>\n\n\n\n<p>Desde el lado israel\u00ed, tampoco ha habido una confirmaci\u00f3n formal del alto al fuego. Medios locales se\u00f1alan una reducci\u00f3n significativa de las hostilidades desde la madrugada del s\u00e1bado, pero el gobierno no ha emitido un pronunciamiento definitivo.<\/p>\n\n\n\n<h3 class=\"wp-block-heading\">Un escenario a\u00fan incierto<\/h3>\n\n\n\n<p>Analistas internacionales advierten que el panorama sigue siendo vol\u00e1til. La ausencia de una declaraci\u00f3n conjunta y la firmeza del discurso iran\u00ed hacen dudar de la solidez del alto al fuego anunciado por Estados Unidos. La tregua, si bien se est\u00e1 materializando en el terreno con una baja de ataques, carece por ahora de un marco diplom\u00e1tico s\u00f3lido.<\/p>\n\n\n\n<p>El futuro inmediato del conflicto depender\u00e1 de si ambas partes mantienen el cese de hostilidades y del tono que adopten en las pr\u00f3ximas horas. Por ahora, Ir\u00e1n permanece en estado de alerta, mientras la comunidad internacional observa con cautela un proceso que, m\u00e1s que una paz definitiva, parece un delicado par\u00e9ntesis en una confrontaci\u00f3n a\u00fan no resuelta.<\/p>\n\n\n\n<p>Redacci\u00f3n | Web del Maestro CMF<\/p>\n\n\n\t\t<div class=\"pk-inline-posts\">\n\t\t\t\n\t\t\t<div class=\"pk-inline-posts-container pk-inline-posts-template-list\"\n\t\t\t\tdata-columns=\"1\">\n\t\t\t\t\t\t<article id=\"post-118433\" class=\"post-118433 post type-post status-publish format-standard has-post-thumbnail category-noticias-internacionales tag-aprendizaje tag-atencion-en-el-aula-2 tag-docentes tag-educacion-3 tag-estrategias-didacticas-2 tag-innovacion-educativa-3 tag-motivacion-escolar-2 tag-neuroeducacion-2 tag-pedagogia-3 tag-tecnologia-educativa-3 cs-entry cs-video-wrap\">\n\t\t\t<div class=\"pk-post-outer\">\n\n\t\t\t\t\t\t\t\t<div class=\"pk-post-inner\">\n\t\t\t\t\t<div class=\"entry-thumbnail\">\n\t\t\t\t\t\t<div class=\"pk-overlay pk-overlay-ratio pk-ratio-landscape\">\n\t\t\t\t\t\t\t<div class=\"pk-overlay-background\">\n\t\t\t\t\t\t\t\t<a href=\"https:\/\/webdelmaestrocmf.com\/portal\/9-de-cada-10-maestros-confirman-que-los-alumnos-ya-no-prestan-atencion-en-clase\/\" class=\"pk-overlay-link\">\n\t\t\t\t\t\t\t\t\t<img loading=\"lazy\" decoding=\"async\" width=\"300\" height=\"225\" src=\"https:\/\/webdelmaestrocmf.com\/portal\/wp-content\/uploads\/2026\/04\/1AA-Banner-1-portada-imagen-10-1-copia-1-10-300x225.webp\" class=\"attachment-pk-thumbnail size-pk-thumbnail wp-post-image\" alt=\"\" \/>\t\t\t\t\t\t\t\t<\/a>\n\t\t\t\t\t\t\t<\/div>\n\t\t\t\t\t\t<\/div>\n\t\t\t\t\t<\/div>\n\t\t\t\t<\/div>\n\t\t\t\t\n\t\t\t\t<div class=\"pk-post-inner\">\n\t\t\t\t\t<header>\n\t\t\t\t\t\t<h3 class=\"pk-title\"><a href=\"https:\/\/webdelmaestrocmf.com\/portal\/9-de-cada-10-maestros-confirman-que-los-alumnos-ya-no-prestan-atencion-en-clase\/\" rel=\"bookmark\">9 de cada 10 maestros confirman que los alumnos ya no prestan atenci\u00f3n en clase<\/a><\/h3>\t\t\t\t\t<\/header><!-- .entry-header -->\n\t\t\t\t<\/div><!-- .post-inner -->\n\n\t\t\t<\/div><!-- .post-outer -->\n\t\t<\/article>\n\t\t\t<article id=\"post-118385\" class=\"post-118385 post type-post status-publish format-standard has-post-thumbnail category-noticias-internacionales tag-accidente-escolar tag-comunidad-escolar tag-cuidado-infantil tag-derechos-del-nino tag-educacion-segura tag-gestion-educativa-3 tag-prevencion-riesgos tag-responsabilidad-educativa tag-seguridad-escolar tag-supervision-docente cs-entry cs-video-wrap\">\n\t\t\t<div class=\"pk-post-outer\">\n\n\t\t\t\t\t\t\t\t<div class=\"pk-post-inner\">\n\t\t\t\t\t<div class=\"entry-thumbnail\">\n\t\t\t\t\t\t<div class=\"pk-overlay pk-overlay-ratio pk-ratio-landscape\">\n\t\t\t\t\t\t\t<div class=\"pk-overlay-background\">\n\t\t\t\t\t\t\t\t<a href=\"https:\/\/webdelmaestrocmf.com\/portal\/nina-fallece-tras-presunto-tropiezo-en-escuela-pero-su-padre-desmiente-la-version-me-encontre-a-mi-hija-toda-ensangrentada\/\" class=\"pk-overlay-link\">\n\t\t\t\t\t\t\t\t\t<img loading=\"lazy\" decoding=\"async\" width=\"300\" height=\"225\" src=\"https:\/\/webdelmaestrocmf.com\/portal\/wp-content\/uploads\/2026\/04\/1AA-Banner-1-portada-imagen-10-1-copia-4-3-300x225.webp\" class=\"attachment-pk-thumbnail size-pk-thumbnail wp-post-image\" alt=\"\" \/>\t\t\t\t\t\t\t\t<\/a>\n\t\t\t\t\t\t\t<\/div>\n\t\t\t\t\t\t<\/div>\n\t\t\t\t\t<\/div>\n\t\t\t\t<\/div>\n\t\t\t\t\n\t\t\t\t<div class=\"pk-post-inner\">\n\t\t\t\t\t<header>\n\t\t\t\t\t\t<h3 class=\"pk-title\"><a href=\"https:\/\/webdelmaestrocmf.com\/portal\/nina-fallece-tras-presunto-tropiezo-en-escuela-pero-su-padre-desmiente-la-version-me-encontre-a-mi-hija-toda-ensangrentada\/\" rel=\"bookmark\">Ni\u00f1a fallece tras presunto tropiezo en escuela, pero su padre desmiente la versi\u00f3n: \u201cMe encontr\u00e9 a mi hija toda ensangrentada\u201d<\/a><\/h3>\t\t\t\t\t<\/header><!-- .entry-header -->\n\t\t\t\t<\/div><!-- .post-inner -->\n\n\t\t\t<\/div><!-- .post-outer -->\n\t\t<\/article>\n\t\t\t<article id=\"post-118342\" class=\"post-118342 post type-post status-publish format-standard has-post-thumbnail category-noticias-internacionales tag-alfabetizacion tag-aprendizaje tag-comprension-lectora tag-docentes tag-educacion tag-escuela tag-innovacion-educativa tag-lectura tag-pedagogia tag-tecnologia-educativa cs-entry cs-video-wrap\">\n\t\t\t<div class=\"pk-post-outer\">\n\n\t\t\t\t\t\t\t\t<div class=\"pk-post-inner\">\n\t\t\t\t\t<div class=\"entry-thumbnail\">\n\t\t\t\t\t\t<div class=\"pk-overlay pk-overlay-ratio pk-ratio-landscape\">\n\t\t\t\t\t\t\t<div class=\"pk-overlay-background\">\n\t\t\t\t\t\t\t\t<a href=\"https:\/\/webdelmaestrocmf.com\/portal\/apagon-digital-en-la-escuela-suecia-frena-la-inversion-en-pantallas-y-vuelve-a-los-libros\/\" class=\"pk-overlay-link\">\n\t\t\t\t\t\t\t\t\t<img loading=\"lazy\" decoding=\"async\" width=\"300\" height=\"225\" src=\"https:\/\/webdelmaestrocmf.com\/portal\/wp-content\/uploads\/2026\/04\/1AA-Banner-1-portada-imagen-10-1-copia-8-2-300x225.webp\" class=\"attachment-pk-thumbnail size-pk-thumbnail wp-post-image\" alt=\"\" \/>\t\t\t\t\t\t\t\t<\/a>\n\t\t\t\t\t\t\t<\/div>\n\t\t\t\t\t\t<\/div>\n\t\t\t\t\t<\/div>\n\t\t\t\t<\/div>\n\t\t\t\t\n\t\t\t\t<div class=\"pk-post-inner\">\n\t\t\t\t\t<header>\n\t\t\t\t\t\t<h3 class=\"pk-title\"><a href=\"https:\/\/webdelmaestrocmf.com\/portal\/apagon-digital-en-la-escuela-suecia-frena-la-inversion-en-pantallas-y-vuelve-a-los-libros\/\" rel=\"bookmark\">\u00bfApag\u00f3n digital en la escuela? Suecia frena la inversi\u00f3n en pantallas y vuelve a los libros<\/a><\/h3>\t\t\t\t\t<\/header><!-- .entry-header -->\n\t\t\t\t<\/div><!-- .post-inner -->\n\n\t\t\t<\/div><!-- .post-outer -->\n\t\t<\/article>\n\t\t\t\t<\/div>\n\t\t<\/div>\n\t\t\n","protected":false},"excerpt":{"rendered":"El canciller Abbas Araghchi reconoci\u00f3 que los bombardeos israel\u00edes han ido cesando en los \u00faltimos minutos, luego de que se estableciera un plazo hasta las 4:00 a.\u202fm. hora local para finalizar los ataques.","protected":false},"author":1,"featured_media":110391,"comment_status":"open","ping_status":"closed","sticky":false,"template":"","format":"standard","meta":{"csco_display_header_overlay":false,"csco_singular_sidebar":"","csco_page_header_type":"","csco_page_load_nextpost":"","csco_post_video_location":[],"csco_post_video_location_hash":"","csco_post_video_url":"","csco_post_video_bg_start_time":0,"csco_post_video_bg_end_time":0,"csco_post_video_bg_volume":false,"_jetpack_memberships_contains_paid_content":false,"footnotes":""},"categories":[23790],"tags":[23789,23836,2232],"class_list":{"0":"post-110390","1":"post","2":"type-post","3":"status-publish","4":"format-standard","5":"has-post-thumbnail","7":"category-noticias-internacionales","8":"tag-iran","9":"tag-niega","10":"tag-trump","11":"cs-entry","12":"cs-video-wrap"},"yoast_head":"<!-- This site is optimized with the Yoast SEO plugin v27.5 - https:\/\/yoast.com\/product\/yoast-seo-wordpress\/ -->\n<title>Ir\u00e1n niega haber alcanzado un acuerdo de alto al fuego con Israel tras anuncio de Trump - 2026<\/title>\n<meta name=\"description\" content=\"Comunidad de Maestros, Docentes y Profesores, en donde encontrar\u00e1s material, informaci\u00f3n y noticias del \u00e1mbito nacional y mundial.\" \/>\n<meta name=\"robots\" content=\"index, follow, max-snippet:-1, max-image-preview:large, max-video-preview:-1\" \/>\n<link rel=\"canonical\" href=\"https:\/\/webdelmaestrocmf.com\/portal\/iran-niega-haber-alcanzado-un-acuerdo-de-alto-al-fuego-con-israel-tras-anuncio-de-trump\/\" \/>\n<meta property=\"og:locale\" content=\"es_ES\" \/>\n<meta property=\"og:type\" content=\"article\" \/>\n<meta property=\"og:title\" content=\"Ir\u00e1n niega haber alcanzado un acuerdo de alto al fuego con Israel tras anuncio de Trump - 2026\" \/>\n<meta property=\"og:description\" content=\"Comunidad de Maestros, Docentes y Profesores, en donde encontrar\u00e1s material, informaci\u00f3n y noticias del \u00e1mbito nacional y mundial.\" \/>\n<meta property=\"og:url\" content=\"https:\/\/webdelmaestrocmf.com\/portal\/iran-niega-haber-alcanzado-un-acuerdo-de-alto-al-fuego-con-israel-tras-anuncio-de-trump\/\" \/>\n<meta property=\"og:site_name\" content=\"Web del Maestro CMF\" \/>\n<meta property=\"article:publisher\" content=\"https:\/\/www.facebook.com\/WebdelMaestroCMF\/\" \/>\n<meta property=\"article:author\" content=\"https:\/\/www.facebook.com\/WebdelMaestroCMF\/\" \/>\n<meta property=\"article:published_time\" content=\"2025-06-24T02:24:39+00:00\" \/>\n<meta property=\"article:modified_time\" content=\"2025-06-24T02:24:40+00:00\" \/>\n<meta property=\"og:image\" content=\"https:\/\/webdelmaestrocmf.com\/portal\/wp-content\/uploads\/2025\/06\/1A-Banner-1-portada-imagen-10-1-copia-8-1.jpg\" \/>\n\t<meta property=\"og:image:width\" content=\"940\" \/>\n\t<meta property=\"og:image:height\" content=\"625\" \/>\n\t<meta property=\"og:image:type\" content=\"image\/jpeg\" \/>\n<meta name=\"author\" content=\"Web del Maestro CMF\" \/>\n<meta name=\"twitter:card\" content=\"summary_large_image\" \/>\n<meta name=\"twitter:creator\" content=\"@cmf_w\" \/>\n<meta name=\"twitter:site\" content=\"@cmf_w\" \/>\n<script type=\"application\/ld+json\" class=\"yoast-schema-graph\">{\"@context\":\"https:\\\/\\\/schema.org\",\"@graph\":[{\"@type\":\"ScholarlyArticle\",\"@id\":\"https:\\\/\\\/webdelmaestrocmf.com\\\/portal\\\/iran-niega-haber-alcanzado-un-acuerdo-de-alto-al-fuego-con-israel-tras-anuncio-de-trump\\\/#article\",\"isPartOf\":{\"@id\":\"https:\\\/\\\/webdelmaestrocmf.com\\\/portal\\\/iran-niega-haber-alcanzado-un-acuerdo-de-alto-al-fuego-con-israel-tras-anuncio-de-trump\\\/\"},\"author\":{\"name\":\"Web del Maestro CMF\",\"@id\":\"https:\\\/\\\/webdelmaestrocmf.com\\\/portal\\\/#\\\/schema\\\/person\\\/1072a2ed7bd960df8ef99a551fa35dc5\"},\"headline\":\"Ir\u00e1n niega haber alcanzado un acuerdo de alto al fuego con Israel tras anuncio de Trump\",\"datePublished\":\"2025-06-24T02:24:39+00:00\",\"dateModified\":\"2025-06-24T02:24:40+00:00\",\"mainEntityOfPage\":{\"@id\":\"https:\\\/\\\/webdelmaestrocmf.com\\\/portal\\\/iran-niega-haber-alcanzado-un-acuerdo-de-alto-al-fuego-con-israel-tras-anuncio-de-trump\\\/\"},\"wordCount\":583,\"commentCount\":2,\"publisher\":{\"@id\":\"https:\\\/\\\/webdelmaestrocmf.com\\\/portal\\\/#organization\"},\"image\":{\"@id\":\"https:\\\/\\\/webdelmaestrocmf.com\\\/portal\\\/iran-niega-haber-alcanzado-un-acuerdo-de-alto-al-fuego-con-israel-tras-anuncio-de-trump\\\/#primaryimage\"},\"thumbnailUrl\":\"https:\\\/\\\/webdelmaestrocmf.com\\\/portal\\\/wp-content\\\/uploads\\\/2025\\\/06\\\/1A-Banner-1-portada-imagen-10-1-copia-8-1.jpg\",\"keywords\":[\"Ir\u00e1n\",\"niega\",\"trump\"],\"articleSection\":[\"Noticias Internacionales\"],\"inLanguage\":\"es\",\"potentialAction\":[{\"@type\":\"CommentAction\",\"name\":\"Comment\",\"target\":[\"https:\\\/\\\/webdelmaestrocmf.com\\\/portal\\\/iran-niega-haber-alcanzado-un-acuerdo-de-alto-al-fuego-con-israel-tras-anuncio-de-trump\\\/#respond\"]}]},{\"@type\":\"WebPage\",\"@id\":\"https:\\\/\\\/webdelmaestrocmf.com\\\/portal\\\/iran-niega-haber-alcanzado-un-acuerdo-de-alto-al-fuego-con-israel-tras-anuncio-de-trump\\\/\",\"url\":\"https:\\\/\\\/webdelmaestrocmf.com\\\/portal\\\/iran-niega-haber-alcanzado-un-acuerdo-de-alto-al-fuego-con-israel-tras-anuncio-de-trump\\\/\",\"name\":\"Ir\u00e1n niega haber alcanzado un acuerdo de alto al fuego con Israel tras anuncio de Trump - 2026\",\"isPartOf\":{\"@id\":\"https:\\\/\\\/webdelmaestrocmf.com\\\/portal\\\/#website\"},\"primaryImageOfPage\":{\"@id\":\"https:\\\/\\\/webdelmaestrocmf.com\\\/portal\\\/iran-niega-haber-alcanzado-un-acuerdo-de-alto-al-fuego-con-israel-tras-anuncio-de-trump\\\/#primaryimage\"},\"image\":{\"@id\":\"https:\\\/\\\/webdelmaestrocmf.com\\\/portal\\\/iran-niega-haber-alcanzado-un-acuerdo-de-alto-al-fuego-con-israel-tras-anuncio-de-trump\\\/#primaryimage\"},\"thumbnailUrl\":\"https:\\\/\\\/webdelmaestrocmf.com\\\/portal\\\/wp-content\\\/uploads\\\/2025\\\/06\\\/1A-Banner-1-portada-imagen-10-1-copia-8-1.jpg\",\"datePublished\":\"2025-06-24T02:24:39+00:00\",\"dateModified\":\"2025-06-24T02:24:40+00:00\",\"description\":\"Comunidad de Maestros, Docentes y Profesores, en donde encontrar\u00e1s material, informaci\u00f3n y noticias del \u00e1mbito nacional y mundial.\",\"breadcrumb\":{\"@id\":\"https:\\\/\\\/webdelmaestrocmf.com\\\/portal\\\/iran-niega-haber-alcanzado-un-acuerdo-de-alto-al-fuego-con-israel-tras-anuncio-de-trump\\\/#breadcrumb\"},\"inLanguage\":\"es\",\"potentialAction\":[{\"@type\":\"ReadAction\",\"target\":[\"https:\\\/\\\/webdelmaestrocmf.com\\\/portal\\\/iran-niega-haber-alcanzado-un-acuerdo-de-alto-al-fuego-con-israel-tras-anuncio-de-trump\\\/\"]}]},{\"@type\":\"ImageObject\",\"inLanguage\":\"es\",\"@id\":\"https:\\\/\\\/webdelmaestrocmf.com\\\/portal\\\/iran-niega-haber-alcanzado-un-acuerdo-de-alto-al-fuego-con-israel-tras-anuncio-de-trump\\\/#primaryimage\",\"url\":\"https:\\\/\\\/webdelmaestrocmf.com\\\/portal\\\/wp-content\\\/uploads\\\/2025\\\/06\\\/1A-Banner-1-portada-imagen-10-1-copia-8-1.jpg\",\"contentUrl\":\"https:\\\/\\\/webdelmaestrocmf.com\\\/portal\\\/wp-content\\\/uploads\\\/2025\\\/06\\\/1A-Banner-1-portada-imagen-10-1-copia-8-1.jpg\",\"width\":940,\"height\":625},{\"@type\":\"BreadcrumbList\",\"@id\":\"https:\\\/\\\/webdelmaestrocmf.com\\\/portal\\\/iran-niega-haber-alcanzado-un-acuerdo-de-alto-al-fuego-con-israel-tras-anuncio-de-trump\\\/#breadcrumb\",\"itemListElement\":[{\"@type\":\"ListItem\",\"position\":1,\"name\":\"Portada\",\"item\":\"https:\\\/\\\/webdelmaestrocmf.com\\\/portal\\\/\"},{\"@type\":\"ListItem\",\"position\":2,\"name\":\"Noticias Internacionales\",\"item\":\"https:\\\/\\\/webdelmaestrocmf.com\\\/portal\\\/category\\\/noticias-internacionales\\\/\"},{\"@type\":\"ListItem\",\"position\":3,\"name\":\"Ir\u00e1n niega haber alcanzado un acuerdo de alto al fuego con Israel tras anuncio de Trump\"}]},{\"@type\":\"WebSite\",\"@id\":\"https:\\\/\\\/webdelmaestrocmf.com\\\/portal\\\/#website\",\"url\":\"https:\\\/\\\/webdelmaestrocmf.com\\\/portal\\\/\",\"name\":\"Web del Maestro CMF\",\"description\":\"Maestros al servicio de la educaci\u00f3n\",\"publisher\":{\"@id\":\"https:\\\/\\\/webdelmaestrocmf.com\\\/portal\\\/#organization\"},\"alternateName\":\"WMCMF\",\"potentialAction\":[{\"@type\":\"SearchAction\",\"target\":{\"@type\":\"EntryPoint\",\"urlTemplate\":\"https:\\\/\\\/webdelmaestrocmf.com\\\/portal\\\/?s={search_term_string}\"},\"query-input\":{\"@type\":\"PropertyValueSpecification\",\"valueRequired\":true,\"valueName\":\"search_term_string\"}}],\"inLanguage\":\"es\"},{\"@type\":\"Organization\",\"@id\":\"https:\\\/\\\/webdelmaestrocmf.com\\\/portal\\\/#organization\",\"name\":\"Web del Maestro CMF\",\"alternateName\":\"WMCMF\",\"url\":\"https:\\\/\\\/webdelmaestrocmf.com\\\/portal\\\/\",\"logo\":{\"@type\":\"ImageObject\",\"inLanguage\":\"es\",\"@id\":\"https:\\\/\\\/webdelmaestrocmf.com\\\/portal\\\/#\\\/schema\\\/logo\\\/image\\\/\",\"url\":\"https:\\\/\\\/webdelmaestrocmf.com\\\/portal\\\/wp-content\\\/uploads\\\/2023\\\/01\\\/logo-wmcmf-2.png\",\"contentUrl\":\"https:\\\/\\\/webdelmaestrocmf.com\\\/portal\\\/wp-content\\\/uploads\\\/2023\\\/01\\\/logo-wmcmf-2.png\",\"width\":200,\"height\":60,\"caption\":\"Web del Maestro CMF\"},\"image\":{\"@id\":\"https:\\\/\\\/webdelmaestrocmf.com\\\/portal\\\/#\\\/schema\\\/logo\\\/image\\\/\"},\"sameAs\":[\"https:\\\/\\\/www.facebook.com\\\/WebdelMaestroCMF\\\/\",\"https:\\\/\\\/x.com\\\/cmf_w\",\"https:\\\/\\\/www.pinterest.com\\\/WMCMF\\\/\",\"https:\\\/\\\/www.linkedin.com\\\/company\\\/web-del-maestro-cmf\\\/\",\"https:\\\/\\\/www.instagram.com\\\/wmcmf\\\/\",\"https:\\\/\\\/www.youtube.com\\\/channel\\\/UCDPSvjbdodE5sHnC3OxutHw\",\"https:\\\/\\\/mastodon.social\\\/@wmcmf\",\"https:\\\/\\\/www.tiktok.com\\\/@webdelmaestrocmf\"]},{\"@type\":\"Person\",\"@id\":\"https:\\\/\\\/webdelmaestrocmf.com\\\/portal\\\/#\\\/schema\\\/person\\\/1072a2ed7bd960df8ef99a551fa35dc5\",\"name\":\"Web del Maestro CMF\",\"image\":{\"@type\":\"ImageObject\",\"inLanguage\":\"es\",\"@id\":\"https:\\\/\\\/secure.gravatar.com\\\/avatar\\\/23291dd5b5ae1077dcff3dbb04c3e02bd28403fa75af6d8787d5e97c5bbbe30b?s=96&d=mm&r=g\",\"url\":\"https:\\\/\\\/secure.gravatar.com\\\/avatar\\\/23291dd5b5ae1077dcff3dbb04c3e02bd28403fa75af6d8787d5e97c5bbbe30b?s=96&d=mm&r=g\",\"contentUrl\":\"https:\\\/\\\/secure.gravatar.com\\\/avatar\\\/23291dd5b5ae1077dcff3dbb04c3e02bd28403fa75af6d8787d5e97c5bbbe30b?s=96&d=mm&r=g\",\"caption\":\"Web del Maestro CMF\"},\"description\":\"Esta Web se cre\u00f3 sin fines de lucro, con fines educativos, cient\u00edficos y acad\u00e9micos, para personas que tengan dificultades y\\\/o inconvenientes en visualizar el material original. El objetivo es entregar recursos, compartir experiencias y materiales que ayuden a los padres de familia, maestros y estudiantes en su actualizaci\u00f3n y formaci\u00f3n permanente, en bien de la Educaci\u00f3n.\",\"sameAs\":[\"http:\\\/\\\/webdelmaestrocmf.com\\\/portal\",\"https:\\\/\\\/www.facebook.com\\\/WebdelMaestroCMF\\\/\",\"https:\\\/\\\/www.instagram.com\\\/wmcmf\\\/\",\"https:\\\/\\\/cl.linkedin.com\\\/company\\\/web-del-maestro-cmf\",\"https:\\\/\\\/www.pinterest.com\\\/WMCMF\\\/publicaciones\\\/\",\"https:\\\/\\\/x.com\\\/cmf_w\",\"https:\\\/\\\/www.youtube.com\\\/@WMCMF\"]}]}<\/script>\n<!-- \/ Yoast SEO plugin. -->","yoast_head_json":{"title":"Ir\u00e1n niega haber alcanzado un acuerdo de alto al fuego con Israel tras anuncio de Trump - 2026","description":"Comunidad de Maestros, Docentes y Profesores, en donde encontrar\u00e1s material, informaci\u00f3n y noticias del \u00e1mbito nacional y mundial.","robots":{"index":"index","follow":"follow","max-snippet":"max-snippet:-1","max-image-preview":"max-image-preview:large","max-video-preview":"max-video-preview:-1"},"canonical":"https:\/\/webdelmaestrocmf.com\/portal\/iran-niega-haber-alcanzado-un-acuerdo-de-alto-al-fuego-con-israel-tras-anuncio-de-trump\/","og_locale":"es_ES","og_type":"article","og_title":"Ir\u00e1n niega haber alcanzado un acuerdo de alto al fuego con Israel tras anuncio de Trump - 2026","og_description":"Comunidad de Maestros, Docentes y Profesores, en donde encontrar\u00e1s material, informaci\u00f3n y noticias del \u00e1mbito nacional y mundial.","og_url":"https:\/\/webdelmaestrocmf.com\/portal\/iran-niega-haber-alcanzado-un-acuerdo-de-alto-al-fuego-con-israel-tras-anuncio-de-trump\/","og_site_name":"Web del Maestro CMF","article_publisher":"https:\/\/www.facebook.com\/WebdelMaestroCMF\/","article_author":"https:\/\/www.facebook.com\/WebdelMaestroCMF\/","article_published_time":"2025-06-24T02:24:39+00:00","article_modified_time":"2025-06-24T02:24:40+00:00","og_image":[{"width":940,"height":625,"url":"https:\/\/webdelmaestrocmf.com\/portal\/wp-content\/uploads\/2025\/06\/1A-Banner-1-portada-imagen-10-1-copia-8-1.jpg","type":"image\/jpeg"}],"author":"Web del Maestro CMF","twitter_card":"summary_large_image","twitter_creator":"@cmf_w","twitter_site":"@cmf_w","schema":{"@context":"https:\/\/schema.org","@graph":[{"@type":"ScholarlyArticle","@id":"https:\/\/webdelmaestrocmf.com\/portal\/iran-niega-haber-alcanzado-un-acuerdo-de-alto-al-fuego-con-israel-tras-anuncio-de-trump\/#article","isPartOf":{"@id":"https:\/\/webdelmaestrocmf.com\/portal\/iran-niega-haber-alcanzado-un-acuerdo-de-alto-al-fuego-con-israel-tras-anuncio-de-trump\/"},"author":{"name":"Web del Maestro CMF","@id":"https:\/\/webdelmaestrocmf.com\/portal\/#\/schema\/person\/1072a2ed7bd960df8ef99a551fa35dc5"},"headline":"Ir\u00e1n niega haber alcanzado un acuerdo de alto al fuego con Israel tras anuncio de Trump","datePublished":"2025-06-24T02:24:39+00:00","dateModified":"2025-06-24T02:24:40+00:00","mainEntityOfPage":{"@id":"https:\/\/webdelmaestrocmf.com\/portal\/iran-niega-haber-alcanzado-un-acuerdo-de-alto-al-fuego-con-israel-tras-anuncio-de-trump\/"},"wordCount":583,"commentCount":2,"publisher":{"@id":"https:\/\/webdelmaestrocmf.com\/portal\/#organization"},"image":{"@id":"https:\/\/webdelmaestrocmf.com\/portal\/iran-niega-haber-alcanzado-un-acuerdo-de-alto-al-fuego-con-israel-tras-anuncio-de-trump\/#primaryimage"},"thumbnailUrl":"https:\/\/webdelmaestrocmf.com\/portal\/wp-content\/uploads\/2025\/06\/1A-Banner-1-portada-imagen-10-1-copia-8-1.jpg","keywords":["Ir\u00e1n","niega","trump"],"articleSection":["Noticias Internacionales"],"inLanguage":"es","potentialAction":[{"@type":"CommentAction","name":"Comment","target":["https:\/\/webdelmaestrocmf.com\/portal\/iran-niega-haber-alcanzado-un-acuerdo-de-alto-al-fuego-con-israel-tras-anuncio-de-trump\/#respond"]}]},{"@type":"WebPage","@id":"https:\/\/webdelmaestrocmf.com\/portal\/iran-niega-haber-alcanzado-un-acuerdo-de-alto-al-fuego-con-israel-tras-anuncio-de-trump\/","url":"https:\/\/webdelmaestrocmf.com\/portal\/iran-niega-haber-alcanzado-un-acuerdo-de-alto-al-fuego-con-israel-tras-anuncio-de-trump\/","name":"Ir\u00e1n niega haber alcanzado un acuerdo de alto al fuego con Israel tras anuncio de Trump - 2026","isPartOf":{"@id":"https:\/\/webdelmaestrocmf.com\/portal\/#website"},"primaryImageOfPage":{"@id":"https:\/\/webdelmaestrocmf.com\/portal\/iran-niega-haber-alcanzado-un-acuerdo-de-alto-al-fuego-con-israel-tras-anuncio-de-trump\/#primaryimage"},"image":{"@id":"https:\/\/webdelmaestrocmf.com\/portal\/iran-niega-haber-alcanzado-un-acuerdo-de-alto-al-fuego-con-israel-tras-anuncio-de-trump\/#primaryimage"},"thumbnailUrl":"https:\/\/webdelmaestrocmf.com\/portal\/wp-content\/uploads\/2025\/06\/1A-Banner-1-portada-imagen-10-1-copia-8-1.jpg","datePublished":"2025-06-24T02:24:39+00:00","dateModified":"2025-06-24T02:24:40+00:00","description":"Comunidad de Maestros, Docentes y Profesores, en donde encontrar\u00e1s material, informaci\u00f3n y noticias del \u00e1mbito nacional y mundial.","breadcrumb":{"@id":"https:\/\/webdelmaestrocmf.com\/portal\/iran-niega-haber-alcanzado-un-acuerdo-de-alto-al-fuego-con-israel-tras-anuncio-de-trump\/#breadcrumb"},"inLanguage":"es","potentialAction":[{"@type":"ReadAction","target":["https:\/\/webdelmaestrocmf.com\/portal\/iran-niega-haber-alcanzado-un-acuerdo-de-alto-al-fuego-con-israel-tras-anuncio-de-trump\/"]}]},{"@type":"ImageObject","inLanguage":"es","@id":"https:\/\/webdelmaestrocmf.com\/portal\/iran-niega-haber-alcanzado-un-acuerdo-de-alto-al-fuego-con-israel-tras-anuncio-de-trump\/#primaryimage","url":"https:\/\/webdelmaestrocmf.com\/portal\/wp-content\/uploads\/2025\/06\/1A-Banner-1-portada-imagen-10-1-copia-8-1.jpg","contentUrl":"https:\/\/webdelmaestrocmf.com\/portal\/wp-content\/uploads\/2025\/06\/1A-Banner-1-portada-imagen-10-1-copia-8-1.jpg","width":940,"height":625},{"@type":"BreadcrumbList","@id":"https:\/\/webdelmaestrocmf.com\/portal\/iran-niega-haber-alcanzado-un-acuerdo-de-alto-al-fuego-con-israel-tras-anuncio-de-trump\/#breadcrumb","itemListElement":[{"@type":"ListItem","position":1,"name":"Portada","item":"https:\/\/webdelmaestrocmf.com\/portal\/"},{"@type":"ListItem","position":2,"name":"Noticias Internacionales","item":"https:\/\/webdelmaestrocmf.com\/portal\/category\/noticias-internacionales\/"},{"@type":"ListItem","position":3,"name":"Ir\u00e1n niega haber alcanzado un acuerdo de alto al fuego con Israel tras anuncio de Trump"}]},{"@type":"WebSite","@id":"https:\/\/webdelmaestrocmf.com\/portal\/#website","url":"https:\/\/webdelmaestrocmf.com\/portal\/","name":"Web del Maestro CMF","description":"Maestros al servicio de la educaci\u00f3n","publisher":{"@id":"https:\/\/webdelmaestrocmf.com\/portal\/#organization"},"alternateName":"WMCMF","potentialAction":[{"@type":"SearchAction","target":{"@type":"EntryPoint","urlTemplate":"https:\/\/webdelmaestrocmf.com\/portal\/?s={search_term_string}"},"query-input":{"@type":"PropertyValueSpecification","valueRequired":true,"valueName":"search_term_string"}}],"inLanguage":"es"},{"@type":"Organization","@id":"https:\/\/webdelmaestrocmf.com\/portal\/#organization","name":"Web del Maestro CMF","alternateName":"WMCMF","url":"https:\/\/webdelmaestrocmf.com\/portal\/","logo":{"@type":"ImageObject","inLanguage":"es","@id":"https:\/\/webdelmaestrocmf.com\/portal\/#\/schema\/logo\/image\/","url":"https:\/\/webdelmaestrocmf.com\/portal\/wp-content\/uploads\/2023\/01\/logo-wmcmf-2.png","contentUrl":"https:\/\/webdelmaestrocmf.com\/portal\/wp-content\/uploads\/2023\/01\/logo-wmcmf-2.png","width":200,"height":60,"caption":"Web del Maestro CMF"},"image":{"@id":"https:\/\/webdelmaestrocmf.com\/portal\/#\/schema\/logo\/image\/"},"sameAs":["https:\/\/www.facebook.com\/WebdelMaestroCMF\/","https:\/\/x.com\/cmf_w","https:\/\/www.pinterest.com\/WMCMF\/","https:\/\/www.linkedin.com\/company\/web-del-maestro-cmf\/","https:\/\/www.instagram.com\/wmcmf\/","https:\/\/www.youtube.com\/channel\/UCDPSvjbdodE5sHnC3OxutHw","https:\/\/mastodon.social\/@wmcmf","https:\/\/www.tiktok.com\/@webdelmaestrocmf"]},{"@type":"Person","@id":"https:\/\/webdelmaestrocmf.com\/portal\/#\/schema\/person\/1072a2ed7bd960df8ef99a551fa35dc5","name":"Web del Maestro CMF","image":{"@type":"ImageObject","inLanguage":"es","@id":"https:\/\/secure.gravatar.com\/avatar\/23291dd5b5ae1077dcff3dbb04c3e02bd28403fa75af6d8787d5e97c5bbbe30b?s=96&d=mm&r=g","url":"https:\/\/secure.gravatar.com\/avatar\/23291dd5b5ae1077dcff3dbb04c3e02bd28403fa75af6d8787d5e97c5bbbe30b?s=96&d=mm&r=g","contentUrl":"https:\/\/secure.gravatar.com\/avatar\/23291dd5b5ae1077dcff3dbb04c3e02bd28403fa75af6d8787d5e97c5bbbe30b?s=96&d=mm&r=g","caption":"Web del Maestro CMF"},"description":"Esta Web se cre\u00f3 sin fines de lucro, con fines educativos, cient\u00edficos y acad\u00e9micos, para personas que tengan dificultades y\/o inconvenientes en visualizar el material original. El objetivo es entregar recursos, compartir experiencias y materiales que ayuden a los padres de familia, maestros y estudiantes en su actualizaci\u00f3n y formaci\u00f3n permanente, en bien de la Educaci\u00f3n.","sameAs":["http:\/\/webdelmaestrocmf.com\/portal","https:\/\/www.facebook.com\/WebdelMaestroCMF\/","https:\/\/www.instagram.com\/wmcmf\/","https:\/\/cl.linkedin.com\/company\/web-del-maestro-cmf","https:\/\/www.pinterest.com\/WMCMF\/publicaciones\/","https:\/\/x.com\/cmf_w","https:\/\/www.youtube.com\/@WMCMF"]}]}},"jetpack_featured_media_url":"https:\/\/webdelmaestrocmf.com\/portal\/wp-content\/uploads\/2025\/06\/1A-Banner-1-portada-imagen-10-1-copia-8-1.jpg","jetpack_sharing_enabled":true,"jetpack-related-posts":[{"id":110383,"url":"https:\/\/webdelmaestrocmf.com\/portal\/trump-anuncia-un-alto-el-fuego-total-entre-israel-e-iran-y-dice-que-entrara-en-vigor-en-seis-horas\/","url_meta":{"origin":110390,"position":0},"title":"Trump anuncia un \u201calto el fuego total\u201d entre Israel e Ir\u00e1n y dice que entrar\u00e1 en vigor \u201cen seis horas\u201d","author":"Web del Maestro CMF","date":"23 junio, 2025","format":false,"excerpt":"El presidente de Estados Unidos detalla un plan por fases en 24 horas y da por terminado el conflicto entre ambos pa\u00edses, que bautiza como \u201cla guerra de los 12 d\u00edas\u201d","rel":"","context":"En \u00abNoticias Internacionales\u00bb","block_context":{"text":"Noticias Internacionales","link":"https:\/\/webdelmaestrocmf.com\/portal\/category\/noticias-internacionales\/"},"img":{"alt_text":"","src":"https:\/\/i0.wp.com\/webdelmaestrocmf.com\/portal\/wp-content\/uploads\/2025\/06\/1A-Banner-1-portada-imagen-10-1-copia-26.jpg?resize=350%2C200&ssl=1","width":350,"height":200,"srcset":"https:\/\/i0.wp.com\/webdelmaestrocmf.com\/portal\/wp-content\/uploads\/2025\/06\/1A-Banner-1-portada-imagen-10-1-copia-26.jpg?resize=350%2C200&ssl=1 1x, https:\/\/i0.wp.com\/webdelmaestrocmf.com\/portal\/wp-content\/uploads\/2025\/06\/1A-Banner-1-portada-imagen-10-1-copia-26.jpg?resize=525%2C300&ssl=1 1.5x, https:\/\/i0.wp.com\/webdelmaestrocmf.com\/portal\/wp-content\/uploads\/2025\/06\/1A-Banner-1-portada-imagen-10-1-copia-26.jpg?resize=700%2C400&ssl=1 2x"},"classes":[]},{"id":110431,"url":"https:\/\/webdelmaestrocmf.com\/portal\/postulan-a-donald-trump-al-premio-nobel-de-la-paz-tras-su-rol-en-el-alto-al-fuego-entre-israel-e-iran\/","url_meta":{"origin":110390,"position":1},"title":"Postulan a Donald Trump al Premio Nobel de la Paz tras su rol en el alto al fuego entre Israel e Ir\u00e1n","author":"Web del Maestro CMF","date":"25 junio, 2025","format":false,"excerpt":"Postulan a presidente de EEUU tras cese al fuego entre Ir\u00e1n e Israel","rel":"","context":"En \u00abNoticias Internacionales\u00bb","block_context":{"text":"Noticias Internacionales","link":"https:\/\/webdelmaestrocmf.com\/portal\/category\/noticias-internacionales\/"},"img":{"alt_text":"","src":"https:\/\/i0.wp.com\/webdelmaestrocmf.com\/portal\/wp-content\/uploads\/2025\/06\/1A-Banner-1-portada-imagen-10-1-copia-10-1.jpg?resize=350%2C200&ssl=1","width":350,"height":200,"srcset":"https:\/\/i0.wp.com\/webdelmaestrocmf.com\/portal\/wp-content\/uploads\/2025\/06\/1A-Banner-1-portada-imagen-10-1-copia-10-1.jpg?resize=350%2C200&ssl=1 1x, https:\/\/i0.wp.com\/webdelmaestrocmf.com\/portal\/wp-content\/uploads\/2025\/06\/1A-Banner-1-portada-imagen-10-1-copia-10-1.jpg?resize=525%2C300&ssl=1 1.5x, https:\/\/i0.wp.com\/webdelmaestrocmf.com\/portal\/wp-content\/uploads\/2025\/06\/1A-Banner-1-portada-imagen-10-1-copia-10-1.jpg?resize=700%2C400&ssl=1 2x"},"classes":[]},{"id":110394,"url":"https:\/\/webdelmaestrocmf.com\/portal\/donald-trump-estalla-contra-israel-e-iran-tras-la-ruptura-del-alto-el-fuego-no-tienen-ni-puta-idea-de-lo-que-estan-haciendo\/","url_meta":{"origin":110390,"position":2},"title":"Donald Trump estalla contra Israel e Ir\u00e1n tras la ruptura del alto el fuego: \u201cNo tienen ni puta idea de lo que est\u00e1n haciendo\u201d","author":"Web del Maestro CMF","date":"24 junio, 2025","format":false,"excerpt":"El presidente de Estados Unidos, Donald Trump, protagoniz\u00f3 este martes una encendida reacci\u00f3n p\u00fablica tras la ruptura del alto el fuego que \u00e9l mismo hab\u00eda anunciado entre Israel e Ir\u00e1n. En una intervenci\u00f3n marcada por un tono inusualmente directo y agresivo, el mandatario republicano arremeti\u00f3 contra ambos pa\u00edses, acus\u00e1ndolos de\u2026","rel":"","context":"En \u00abNoticias Internacionales\u00bb","block_context":{"text":"Noticias Internacionales","link":"https:\/\/webdelmaestrocmf.com\/portal\/category\/noticias-internacionales\/"},"img":{"alt_text":"","src":"https:\/\/i0.wp.com\/webdelmaestrocmf.com\/portal\/wp-content\/uploads\/2025\/06\/1A-Banner-1-portada-imagen-10-1-copia-9-1.jpg?resize=350%2C200&ssl=1","width":350,"height":200,"srcset":"https:\/\/i0.wp.com\/webdelmaestrocmf.com\/portal\/wp-content\/uploads\/2025\/06\/1A-Banner-1-portada-imagen-10-1-copia-9-1.jpg?resize=350%2C200&ssl=1 1x, https:\/\/i0.wp.com\/webdelmaestrocmf.com\/portal\/wp-content\/uploads\/2025\/06\/1A-Banner-1-portada-imagen-10-1-copia-9-1.jpg?resize=525%2C300&ssl=1 1.5x, https:\/\/i0.wp.com\/webdelmaestrocmf.com\/portal\/wp-content\/uploads\/2025\/06\/1A-Banner-1-portada-imagen-10-1-copia-9-1.jpg?resize=700%2C400&ssl=1 2x"},"classes":[]},{"id":109872,"url":"https:\/\/webdelmaestrocmf.com\/portal\/el-g-7-aprueba-por-unanimidad-una-declaracion-sobre-el-conflicto-entre-israel-e-iran\/","url_meta":{"origin":110390,"position":3},"title":"El G-7 aprueba por unanimidad una declaraci\u00f3n sobre el conflicto entre Israel e Ir\u00e1n","author":"Web del Maestro CMF","date":"17 junio, 2025","format":false,"excerpt":"El grupo, integrado por Alemania, Canad\u00e1, Estados Unidos, Francia, Italia, Jap\u00f3n y el Reino Unido, emiti\u00f3 una declaraci\u00f3n conjunta en la que tambi\u00e9n subray\u00f3 que el r\u00e9gimen de Teher\u00e1n no debe poseer armas nucleares","rel":"","context":"En \u00abNoticias Internacionales\u00bb","block_context":{"text":"Noticias Internacionales","link":"https:\/\/webdelmaestrocmf.com\/portal\/category\/noticias-internacionales\/"},"img":{"alt_text":"","src":"https:\/\/i0.wp.com\/webdelmaestrocmf.com\/portal\/wp-content\/uploads\/2025\/06\/1A-Banner-1-portada-imagen-10-1-42.jpg?resize=350%2C200&ssl=1","width":350,"height":200,"srcset":"https:\/\/i0.wp.com\/webdelmaestrocmf.com\/portal\/wp-content\/uploads\/2025\/06\/1A-Banner-1-portada-imagen-10-1-42.jpg?resize=350%2C200&ssl=1 1x, https:\/\/i0.wp.com\/webdelmaestrocmf.com\/portal\/wp-content\/uploads\/2025\/06\/1A-Banner-1-portada-imagen-10-1-42.jpg?resize=525%2C300&ssl=1 1.5x, https:\/\/i0.wp.com\/webdelmaestrocmf.com\/portal\/wp-content\/uploads\/2025\/06\/1A-Banner-1-portada-imagen-10-1-42.jpg?resize=700%2C400&ssl=1 2x"},"classes":[]},{"id":110306,"url":"https:\/\/webdelmaestrocmf.com\/portal\/trump-anuncia-un-ataque-exitoso-contra-las-tres-instalaciones-nucleares-de-iran\/","url_meta":{"origin":110390,"position":4},"title":"Trump anuncia un ataque \u00abexitoso\u00bb contra las tres instalaciones nucleares de Ir\u00e1n","author":"Web del Maestro CMF","date":"21 junio, 2025","format":false,"excerpt":"\u201cNing\u00fan otro ej\u00e9rcito en el mundo podr\u00eda haberlo hecho\u201d.","rel":"","context":"En \u00abNoticias Internacionales\u00bb","block_context":{"text":"Noticias Internacionales","link":"https:\/\/webdelmaestrocmf.com\/portal\/category\/noticias-internacionales\/"},"img":{"alt_text":"","src":"https:\/\/i0.wp.com\/webdelmaestrocmf.com\/portal\/wp-content\/uploads\/2025\/06\/1A-Banner-1-portada-imagen-10-1-copia-22.jpg?resize=350%2C200&ssl=1","width":350,"height":200,"srcset":"https:\/\/i0.wp.com\/webdelmaestrocmf.com\/portal\/wp-content\/uploads\/2025\/06\/1A-Banner-1-portada-imagen-10-1-copia-22.jpg?resize=350%2C200&ssl=1 1x, https:\/\/i0.wp.com\/webdelmaestrocmf.com\/portal\/wp-content\/uploads\/2025\/06\/1A-Banner-1-portada-imagen-10-1-copia-22.jpg?resize=525%2C300&ssl=1 1.5x, https:\/\/i0.wp.com\/webdelmaestrocmf.com\/portal\/wp-content\/uploads\/2025\/06\/1A-Banner-1-portada-imagen-10-1-copia-22.jpg?resize=700%2C400&ssl=1 2x"},"classes":[]},{"id":115580,"url":"https:\/\/webdelmaestrocmf.com\/portal\/que-se-sabe-del-ataque-de-ee-uu-e-israel-contra-iran-y-de-la-respuesta-de-teheran-en-medio-oriente\/","url_meta":{"origin":110390,"position":5},"title":"\u00daltimo minuto: El Ministerio de Defensa de Kuwait confirm\u00f3 que varios aviones militares de EEUU se estrellaron en su territorio","author":"Web del Maestro CMF","date":"28 febrero, 2026","format":false,"excerpt":"Varios aviones militares estadounidenses se estrellaron la ma\u00f1ana de este lunes en Kuwait, pero sus tripulantes sobrevivieron. Mientras tanto, Israel llev\u00f3 a cabo bombardeos en L\u00edbano, en un contexto de creciente tensi\u00f3n y escalada militar.","rel":"","context":"En \u00abNoticias Internacionales\u00bb","block_context":{"text":"Noticias Internacionales","link":"https:\/\/webdelmaestrocmf.com\/portal\/category\/noticias-internacionales\/"},"img":{"alt_text":"","src":"https:\/\/i0.wp.com\/webdelmaestrocmf.com\/portal\/wp-content\/uploads\/2026\/02\/1A-Banner-1-portada-imagen-10-1-copia-7-2.webp?resize=350%2C200&ssl=1","width":350,"height":200,"srcset":"https:\/\/i0.wp.com\/webdelmaestrocmf.com\/portal\/wp-content\/uploads\/2026\/02\/1A-Banner-1-portada-imagen-10-1-copia-7-2.webp?resize=350%2C200&ssl=1 1x, https:\/\/i0.wp.com\/webdelmaestrocmf.com\/portal\/wp-content\/uploads\/2026\/02\/1A-Banner-1-portada-imagen-10-1-copia-7-2.webp?resize=525%2C300&ssl=1 1.5x, https:\/\/i0.wp.com\/webdelmaestrocmf.com\/portal\/wp-content\/uploads\/2026\/02\/1A-Banner-1-portada-imagen-10-1-copia-7-2.webp?resize=700%2C400&ssl=1 2x"},"classes":[]}],"_links":{"self":[{"href":"https:\/\/webdelmaestrocmf.com\/portal\/wp-json\/wp\/v2\/posts\/110390","targetHints":{"allow":["GET"]}}],"collection":[{"href":"https:\/\/webdelmaestrocmf.com\/portal\/wp-json\/wp\/v2\/posts"}],"about":[{"href":"https:\/\/webdelmaestrocmf.com\/portal\/wp-json\/wp\/v2\/types\/post"}],"author":[{"embeddable":true,"href":"https:\/\/webdelmaestrocmf.com\/portal\/wp-json\/wp\/v2\/users\/1"}],"replies":[{"embeddable":true,"href":"https:\/\/webdelmaestrocmf.com\/portal\/wp-json\/wp\/v2\/comments?post=110390"}],"version-history":[{"count":1,"href":"https:\/\/webdelmaestrocmf.com\/portal\/wp-json\/wp\/v2\/posts\/110390\/revisions"}],"predecessor-version":[{"id":110392,"href":"https:\/\/webdelmaestrocmf.com\/portal\/wp-json\/wp\/v2\/posts\/110390\/revisions\/110392"}],"wp:featuredmedia":[{"embeddable":true,"href":"https:\/\/webdelmaestrocmf.com\/portal\/wp-json\/wp\/v2\/media\/110391"}],"wp:attachment":[{"href":"https:\/\/webdelmaestrocmf.com\/portal\/wp-json\/wp\/v2\/media?parent=110390"}],"wp:term":[{"taxonomy":"category","embeddable":true,"href":"https:\/\/webdelmaestrocmf.com\/portal\/wp-json\/wp\/v2\/categories?post=110390"},{"taxonomy":"post_tag","embeddable":true,"href":"https:\/\/webdelmaestrocmf.com\/portal\/wp-json\/wp\/v2\/tags?post=110390"}],"curies":[{"name":"wp","href":"https:\/\/api.w.org\/{rel}","templated":true}]}}