{"id":110383,"date":"2025-06-23T18:59:41","date_gmt":"2025-06-23T22:59:41","guid":{"rendered":"https:\/\/webdelmaestrocmf.com\/portal\/?p=110383"},"modified":"2025-06-23T19:07:31","modified_gmt":"2025-06-23T23:07:31","slug":"trump-anuncia-un-alto-el-fuego-total-entre-israel-e-iran-y-dice-que-entrara-en-vigor-en-seis-horas","status":"publish","type":"post","link":"https:\/\/webdelmaestrocmf.com\/portal\/trump-anuncia-un-alto-el-fuego-total-entre-israel-e-iran-y-dice-que-entrara-en-vigor-en-seis-horas\/","title":{"rendered":"Trump anuncia un \u201calto el fuego total\u201d entre Israel e Ir\u00e1n y dice que entrar\u00e1 en vigor \u201cen seis horas\u201d"},"content":{"rendered":"\n<p>El presidente de Estados Unidos, Donald Trump, anunci\u00f3 este lunes en su red social Truth que Israel e Ir\u00e1n habr\u00edan llegado a un acuerdo para establecer un \u201calto el fuego total\u201d, con el objetivo de detener los ataques iniciados el 13 de junio tras los primeros bombardeos israel\u00edes sobre Teher\u00e1n. Estos ataques fueron justificados por Israel con el argumento, a\u00fan no verificado, de que Ir\u00e1n estar\u00eda cerca de desarrollar un arma nuclear.<\/p>\n\n\n\n<iframe loading=\"lazy\" width=\"100%\" height=\"315\" src=\"https:\/\/www.youtube.com\/embed\/pB4t-x4Io2w?si=1RmhGwEoBfRq8bD3\" title=\"YouTube video player\" frameborder=\"0\" allow=\"accelerometer; autoplay; clipboard-write; encrypted-media; gyroscope; picture-in-picture; web-share\" referrerpolicy=\"strict-origin-when-cross-origin\" allowfullscreen><\/iframe>\n\n\n\n<p>Seg\u00fan Trump, el cese de hostilidades entrar\u00eda en vigor \u201cen seis horas\u201d, aunque ni las autoridades israel\u00edes ni las iran\u00edes confirmaron p\u00fablicamente el supuesto acuerdo.<\/p>\n\n\n\n<p>\u201c\u00a1FELICIDADES A TODOS!\u201d, escribi\u00f3 Trump. \u201cIsrael e Ir\u00e1n han acordado que habr\u00e1 un ALTO AL FUEGO total\u201d. El mandatario indic\u00f3 que este alto al fuego comenzar\u00eda hacia la medianoche en Washington (6:00 a.m. en la Espa\u00f1a peninsular). En su publicaci\u00f3n, tambi\u00e9n ofreci\u00f3 una hoja de ruta algo ambigua: \u201cOficialmente, Ir\u00e1n iniciar\u00e1 el ALTO AL FUEGO\u201d, seguido por Israel \u201c12 horas despu\u00e9s\u201d. Seg\u00fan Trump, una vez transcurridas esas 24 horas, \u201cel mundo anunciar\u00e1 oficialmente el FIN DE LA GUERRA DE LOS 12 D\u00cdAS\u201d.<\/p>\n\n\n\n<figure class=\"wp-block-image size-large is-resized\"><img loading=\"lazy\" decoding=\"async\" width=\"552\" height=\"1024\" src=\"https:\/\/webdelmaestrocmf.com\/portal\/wp-content\/uploads\/2025\/06\/image-552x1024.webp\" alt=\"\" class=\"wp-image-110386\" style=\"width:688px;height:auto\" srcset=\"https:\/\/webdelmaestrocmf.com\/portal\/wp-content\/uploads\/2025\/06\/image-552x1024.webp 552w, https:\/\/webdelmaestrocmf.com\/portal\/wp-content\/uploads\/2025\/06\/image-162x300.webp 162w, https:\/\/webdelmaestrocmf.com\/portal\/wp-content\/uploads\/2025\/06\/image-332x616.webp 332w, https:\/\/webdelmaestrocmf.com\/portal\/wp-content\/uploads\/2025\/06\/image.webp 614w\" sizes=\"auto, (max-width: 552px) 100vw, 552px\" \/><\/figure>\n\n\n\n<p>El expresidente celebr\u00f3 este posible desenlace con un tono optimista: \u201cFelicito a ambos pa\u00edses, Israel e Ir\u00e1n, por su resistencia, coraje e inteligencia para poner fin a lo que deber\u00eda llamarse \u2018LA GUERRA DE LOS 12 D\u00cdAS\u2019. Esta es una guerra que podr\u00eda haber durado a\u00f1os y devastado todo Oriente Pr\u00f3ximo, pero no lo hizo, \u00a1y nunca lo har\u00e1!\u201d. Cerr\u00f3 su mensaje con una serie de bendiciones dirigidas a los pa\u00edses involucrados y al mundo.<\/p>\n\n\n\n<p>El anuncio de Trump se produce dos d\u00edas despu\u00e9s de que Estados Unidos realizara bombardeos sobre las instalaciones nucleares iran\u00edes en Fordow, Natanz e Isfahan. El expresidente calific\u00f3 los ataques como un \u201c\u00e9xito espectacular\u201d y afirm\u00f3 que las instalaciones fueron \u201ctotal y completamente destruidas\u201d. Sin embargo, las autoridades estadounidenses no confirmaron oficialmente ese resultado.<\/p>\n\n\n\n<p>Por su parte, Ir\u00e1n respondi\u00f3 este lunes con el lanzamiento de misiles hacia la mayor base militar estadounidense en Oriente Pr\u00f3ximo, ubicada en las afueras de Catar. Seg\u00fan Trump, 13 de los 14 proyectiles fueron interceptados y no se registraron v\u00edctimas.<\/p>\n\n\n\n<p>Antes de esta represalia, seg\u00fan inform\u00f3 <em>The New York Times<\/em>, Ir\u00e1n habr\u00eda comunicado sus intenciones tanto a las autoridades catar\u00edes como a las estadounidenses, lo que sugiere que el objetivo era responder simb\u00f3licamente a los ataques del s\u00e1bado por la noche, m\u00e1s que provocar un da\u00f1o significativo.<\/p>\n\n\n\n<p class=\"has-text-align-right\"><strong>Redacci\u00f3n | Web del Maestro CMF<\/strong><\/p>\n\n\n\t\t<div class=\"pk-inline-posts\">\n\t\t\t\n\t\t\t<div class=\"pk-inline-posts-container pk-inline-posts-template-list\"\n\t\t\t\tdata-columns=\"1\">\n\t\t\t\t\t\t<article id=\"post-118433\" class=\"post-118433 post type-post status-publish format-standard has-post-thumbnail category-noticias-internacionales tag-aprendizaje tag-atencion-en-el-aula-2 tag-docentes tag-educacion-3 tag-estrategias-didacticas-2 tag-innovacion-educativa-3 tag-motivacion-escolar-2 tag-neuroeducacion-2 tag-pedagogia-3 tag-tecnologia-educativa-3 cs-entry cs-video-wrap\">\n\t\t\t<div class=\"pk-post-outer\">\n\n\t\t\t\t\t\t\t\t<div class=\"pk-post-inner\">\n\t\t\t\t\t<div class=\"entry-thumbnail\">\n\t\t\t\t\t\t<div class=\"pk-overlay pk-overlay-ratio pk-ratio-landscape\">\n\t\t\t\t\t\t\t<div class=\"pk-overlay-background\">\n\t\t\t\t\t\t\t\t<a href=\"https:\/\/webdelmaestrocmf.com\/portal\/9-de-cada-10-maestros-confirman-que-los-alumnos-ya-no-prestan-atencion-en-clase\/\" class=\"pk-overlay-link\">\n\t\t\t\t\t\t\t\t\t<img loading=\"lazy\" decoding=\"async\" width=\"300\" height=\"225\" src=\"https:\/\/webdelmaestrocmf.com\/portal\/wp-content\/uploads\/2026\/04\/1AA-Banner-1-portada-imagen-10-1-copia-1-10-300x225.webp\" class=\"attachment-pk-thumbnail size-pk-thumbnail wp-post-image\" alt=\"\" \/>\t\t\t\t\t\t\t\t<\/a>\n\t\t\t\t\t\t\t<\/div>\n\t\t\t\t\t\t<\/div>\n\t\t\t\t\t<\/div>\n\t\t\t\t<\/div>\n\t\t\t\t\n\t\t\t\t<div class=\"pk-post-inner\">\n\t\t\t\t\t<header>\n\t\t\t\t\t\t<h3 class=\"pk-title\"><a href=\"https:\/\/webdelmaestrocmf.com\/portal\/9-de-cada-10-maestros-confirman-que-los-alumnos-ya-no-prestan-atencion-en-clase\/\" rel=\"bookmark\">9 de cada 10 maestros confirman que los alumnos ya no prestan atenci\u00f3n en clase<\/a><\/h3>\t\t\t\t\t<\/header><!-- .entry-header -->\n\t\t\t\t<\/div><!-- .post-inner -->\n\n\t\t\t<\/div><!-- .post-outer -->\n\t\t<\/article>\n\t\t\t<article id=\"post-118385\" class=\"post-118385 post type-post status-publish format-standard has-post-thumbnail category-noticias-internacionales tag-accidente-escolar tag-comunidad-escolar tag-cuidado-infantil tag-derechos-del-nino tag-educacion-segura tag-gestion-educativa-3 tag-prevencion-riesgos tag-responsabilidad-educativa tag-seguridad-escolar tag-supervision-docente cs-entry cs-video-wrap\">\n\t\t\t<div class=\"pk-post-outer\">\n\n\t\t\t\t\t\t\t\t<div class=\"pk-post-inner\">\n\t\t\t\t\t<div class=\"entry-thumbnail\">\n\t\t\t\t\t\t<div class=\"pk-overlay pk-overlay-ratio pk-ratio-landscape\">\n\t\t\t\t\t\t\t<div class=\"pk-overlay-background\">\n\t\t\t\t\t\t\t\t<a href=\"https:\/\/webdelmaestrocmf.com\/portal\/nina-fallece-tras-presunto-tropiezo-en-escuela-pero-su-padre-desmiente-la-version-me-encontre-a-mi-hija-toda-ensangrentada\/\" class=\"pk-overlay-link\">\n\t\t\t\t\t\t\t\t\t<img loading=\"lazy\" decoding=\"async\" width=\"300\" height=\"225\" src=\"https:\/\/webdelmaestrocmf.com\/portal\/wp-content\/uploads\/2026\/04\/1AA-Banner-1-portada-imagen-10-1-copia-4-3-300x225.webp\" class=\"attachment-pk-thumbnail size-pk-thumbnail wp-post-image\" alt=\"\" \/>\t\t\t\t\t\t\t\t<\/a>\n\t\t\t\t\t\t\t<\/div>\n\t\t\t\t\t\t<\/div>\n\t\t\t\t\t<\/div>\n\t\t\t\t<\/div>\n\t\t\t\t\n\t\t\t\t<div class=\"pk-post-inner\">\n\t\t\t\t\t<header>\n\t\t\t\t\t\t<h3 class=\"pk-title\"><a href=\"https:\/\/webdelmaestrocmf.com\/portal\/nina-fallece-tras-presunto-tropiezo-en-escuela-pero-su-padre-desmiente-la-version-me-encontre-a-mi-hija-toda-ensangrentada\/\" rel=\"bookmark\">Ni\u00f1a fallece tras presunto tropiezo en escuela, pero su padre desmiente la versi\u00f3n: \u201cMe encontr\u00e9 a mi hija toda ensangrentada\u201d<\/a><\/h3>\t\t\t\t\t<\/header><!-- .entry-header -->\n\t\t\t\t<\/div><!-- .post-inner -->\n\n\t\t\t<\/div><!-- .post-outer -->\n\t\t<\/article>\n\t\t\t<article id=\"post-118342\" class=\"post-118342 post type-post status-publish format-standard has-post-thumbnail category-noticias-internacionales tag-alfabetizacion tag-aprendizaje tag-comprension-lectora tag-docentes tag-educacion tag-escuela tag-innovacion-educativa tag-lectura tag-pedagogia tag-tecnologia-educativa cs-entry cs-video-wrap\">\n\t\t\t<div class=\"pk-post-outer\">\n\n\t\t\t\t\t\t\t\t<div class=\"pk-post-inner\">\n\t\t\t\t\t<div class=\"entry-thumbnail\">\n\t\t\t\t\t\t<div class=\"pk-overlay pk-overlay-ratio pk-ratio-landscape\">\n\t\t\t\t\t\t\t<div class=\"pk-overlay-background\">\n\t\t\t\t\t\t\t\t<a href=\"https:\/\/webdelmaestrocmf.com\/portal\/apagon-digital-en-la-escuela-suecia-frena-la-inversion-en-pantallas-y-vuelve-a-los-libros\/\" class=\"pk-overlay-link\">\n\t\t\t\t\t\t\t\t\t<img loading=\"lazy\" decoding=\"async\" width=\"300\" height=\"225\" src=\"https:\/\/webdelmaestrocmf.com\/portal\/wp-content\/uploads\/2026\/04\/1AA-Banner-1-portada-imagen-10-1-copia-8-2-300x225.webp\" class=\"attachment-pk-thumbnail size-pk-thumbnail wp-post-image\" alt=\"\" \/>\t\t\t\t\t\t\t\t<\/a>\n\t\t\t\t\t\t\t<\/div>\n\t\t\t\t\t\t<\/div>\n\t\t\t\t\t<\/div>\n\t\t\t\t<\/div>\n\t\t\t\t\n\t\t\t\t<div class=\"pk-post-inner\">\n\t\t\t\t\t<header>\n\t\t\t\t\t\t<h3 class=\"pk-title\"><a href=\"https:\/\/webdelmaestrocmf.com\/portal\/apagon-digital-en-la-escuela-suecia-frena-la-inversion-en-pantallas-y-vuelve-a-los-libros\/\" rel=\"bookmark\">\u00bfApag\u00f3n digital en la escuela? Suecia frena la inversi\u00f3n en pantallas y vuelve a los libros<\/a><\/h3>\t\t\t\t\t<\/header><!-- .entry-header -->\n\t\t\t\t<\/div><!-- .post-inner -->\n\n\t\t\t<\/div><!-- .post-outer -->\n\t\t<\/article>\n\t\t\t\t<\/div>\n\t\t<\/div>\n\t\t\n","protected":false},"excerpt":{"rendered":"El presidente de Estados Unidos detalla un plan por fases en 24 horas y da por terminado el conflicto entre ambos pa\u00edses, que bautiza como \u201cla guerra de los 12 d\u00edas\u201d","protected":false},"author":1,"featured_media":110384,"comment_status":"open","ping_status":"closed","sticky":false,"template":"","format":"standard","meta":{"csco_display_header_overlay":false,"csco_singular_sidebar":"","csco_page_header_type":"","csco_page_load_nextpost":"","csco_post_video_location":[],"csco_post_video_location_hash":"","csco_post_video_url":"","csco_post_video_bg_start_time":0,"csco_post_video_bg_end_time":0,"csco_post_video_bg_volume":false,"_jetpack_memberships_contains_paid_content":false,"footnotes":""},"categories":[23790],"tags":[4888,23835,2232],"class_list":{"0":"post-110383","1":"post","2":"type-post","3":"status-publish","4":"format-standard","5":"has-post-thumbnail","7":"category-noticias-internacionales","8":"tag-alto","9":"tag-fuego","10":"tag-trump","11":"cs-entry","12":"cs-video-wrap"},"yoast_head":"<!-- This site is optimized with the Yoast SEO plugin v27.5 - https:\/\/yoast.com\/product\/yoast-seo-wordpress\/ -->\n<title>Trump anuncia un \u201calto el fuego total\u201d entre Israel e Ir\u00e1n y dice que entrar\u00e1 en vigor \u201cen seis horas\u201d - 2026<\/title>\n<meta name=\"description\" content=\"El presidente de Estados Unidos, Donald Trump, anunci\u00f3 este lunes en su red social Truth que Israel e Ir\u00e1n habr\u00edan llegado a un acuerdo...\" \/>\n<meta name=\"robots\" content=\"index, follow, max-snippet:-1, max-image-preview:large, max-video-preview:-1\" \/>\n<link rel=\"canonical\" href=\"https:\/\/webdelmaestrocmf.com\/portal\/trump-anuncia-un-alto-el-fuego-total-entre-israel-e-iran-y-dice-que-entrara-en-vigor-en-seis-horas\/\" \/>\n<meta property=\"og:locale\" content=\"es_ES\" \/>\n<meta property=\"og:type\" content=\"article\" \/>\n<meta property=\"og:title\" content=\"Trump anuncia un \u201calto el fuego total\u201d entre Israel e Ir\u00e1n y dice que entrar\u00e1 en vigor \u201cen seis horas\u201d - 2026\" \/>\n<meta property=\"og:description\" content=\"El presidente de Estados Unidos, Donald Trump, anunci\u00f3 este lunes en su red social Truth que Israel e Ir\u00e1n habr\u00edan llegado a un acuerdo...\" \/>\n<meta property=\"og:url\" content=\"https:\/\/webdelmaestrocmf.com\/portal\/trump-anuncia-un-alto-el-fuego-total-entre-israel-e-iran-y-dice-que-entrara-en-vigor-en-seis-horas\/\" \/>\n<meta property=\"og:site_name\" content=\"Web del Maestro CMF\" \/>\n<meta property=\"article:publisher\" content=\"https:\/\/www.facebook.com\/WebdelMaestroCMF\/\" \/>\n<meta property=\"article:author\" content=\"https:\/\/www.facebook.com\/WebdelMaestroCMF\/\" \/>\n<meta property=\"article:published_time\" content=\"2025-06-23T22:59:41+00:00\" \/>\n<meta property=\"article:modified_time\" content=\"2025-06-23T23:07:31+00:00\" \/>\n<meta property=\"og:image\" content=\"https:\/\/webdelmaestrocmf.com\/portal\/wp-content\/uploads\/2025\/06\/1A-Banner-1-portada-imagen-10-1-copia-26.jpg\" \/>\n\t<meta property=\"og:image:width\" content=\"940\" \/>\n\t<meta property=\"og:image:height\" content=\"625\" \/>\n\t<meta property=\"og:image:type\" content=\"image\/jpeg\" \/>\n<meta name=\"author\" content=\"Web del Maestro CMF\" \/>\n<meta name=\"twitter:card\" content=\"summary_large_image\" \/>\n<meta name=\"twitter:creator\" content=\"@cmf_w\" \/>\n<meta name=\"twitter:site\" content=\"@cmf_w\" \/>\n<script type=\"application\/ld+json\" class=\"yoast-schema-graph\">{\"@context\":\"https:\\\/\\\/schema.org\",\"@graph\":[{\"@type\":\"ScholarlyArticle\",\"@id\":\"https:\\\/\\\/webdelmaestrocmf.com\\\/portal\\\/trump-anuncia-un-alto-el-fuego-total-entre-israel-e-iran-y-dice-que-entrara-en-vigor-en-seis-horas\\\/#article\",\"isPartOf\":{\"@id\":\"https:\\\/\\\/webdelmaestrocmf.com\\\/portal\\\/trump-anuncia-un-alto-el-fuego-total-entre-israel-e-iran-y-dice-que-entrara-en-vigor-en-seis-horas\\\/\"},\"author\":{\"name\":\"Web del Maestro CMF\",\"@id\":\"https:\\\/\\\/webdelmaestrocmf.com\\\/portal\\\/#\\\/schema\\\/person\\\/1072a2ed7bd960df8ef99a551fa35dc5\"},\"headline\":\"Trump anuncia un \u201calto el fuego total\u201d entre Israel e Ir\u00e1n y dice que entrar\u00e1 en vigor \u201cen seis horas\u201d\",\"datePublished\":\"2025-06-23T22:59:41+00:00\",\"dateModified\":\"2025-06-23T23:07:31+00:00\",\"mainEntityOfPage\":{\"@id\":\"https:\\\/\\\/webdelmaestrocmf.com\\\/portal\\\/trump-anuncia-un-alto-el-fuego-total-entre-israel-e-iran-y-dice-que-entrara-en-vigor-en-seis-horas\\\/\"},\"wordCount\":463,\"commentCount\":10,\"publisher\":{\"@id\":\"https:\\\/\\\/webdelmaestrocmf.com\\\/portal\\\/#organization\"},\"image\":{\"@id\":\"https:\\\/\\\/webdelmaestrocmf.com\\\/portal\\\/trump-anuncia-un-alto-el-fuego-total-entre-israel-e-iran-y-dice-que-entrara-en-vigor-en-seis-horas\\\/#primaryimage\"},\"thumbnailUrl\":\"https:\\\/\\\/webdelmaestrocmf.com\\\/portal\\\/wp-content\\\/uploads\\\/2025\\\/06\\\/1A-Banner-1-portada-imagen-10-1-copia-26.jpg\",\"keywords\":[\"alto\",\"fuego\",\"trump\"],\"articleSection\":[\"Noticias Internacionales\"],\"inLanguage\":\"es\",\"potentialAction\":[{\"@type\":\"CommentAction\",\"name\":\"Comment\",\"target\":[\"https:\\\/\\\/webdelmaestrocmf.com\\\/portal\\\/trump-anuncia-un-alto-el-fuego-total-entre-israel-e-iran-y-dice-que-entrara-en-vigor-en-seis-horas\\\/#respond\"]}]},{\"@type\":\"WebPage\",\"@id\":\"https:\\\/\\\/webdelmaestrocmf.com\\\/portal\\\/trump-anuncia-un-alto-el-fuego-total-entre-israel-e-iran-y-dice-que-entrara-en-vigor-en-seis-horas\\\/\",\"url\":\"https:\\\/\\\/webdelmaestrocmf.com\\\/portal\\\/trump-anuncia-un-alto-el-fuego-total-entre-israel-e-iran-y-dice-que-entrara-en-vigor-en-seis-horas\\\/\",\"name\":\"Trump anuncia un \u201calto el fuego total\u201d entre Israel e Ir\u00e1n y dice que entrar\u00e1 en vigor \u201cen seis horas\u201d - 2026\",\"isPartOf\":{\"@id\":\"https:\\\/\\\/webdelmaestrocmf.com\\\/portal\\\/#website\"},\"primaryImageOfPage\":{\"@id\":\"https:\\\/\\\/webdelmaestrocmf.com\\\/portal\\\/trump-anuncia-un-alto-el-fuego-total-entre-israel-e-iran-y-dice-que-entrara-en-vigor-en-seis-horas\\\/#primaryimage\"},\"image\":{\"@id\":\"https:\\\/\\\/webdelmaestrocmf.com\\\/portal\\\/trump-anuncia-un-alto-el-fuego-total-entre-israel-e-iran-y-dice-que-entrara-en-vigor-en-seis-horas\\\/#primaryimage\"},\"thumbnailUrl\":\"https:\\\/\\\/webdelmaestrocmf.com\\\/portal\\\/wp-content\\\/uploads\\\/2025\\\/06\\\/1A-Banner-1-portada-imagen-10-1-copia-26.jpg\",\"datePublished\":\"2025-06-23T22:59:41+00:00\",\"dateModified\":\"2025-06-23T23:07:31+00:00\",\"description\":\"El presidente de Estados Unidos, Donald Trump, anunci\u00f3 este lunes en su red social Truth que Israel e Ir\u00e1n habr\u00edan llegado a un acuerdo...\",\"breadcrumb\":{\"@id\":\"https:\\\/\\\/webdelmaestrocmf.com\\\/portal\\\/trump-anuncia-un-alto-el-fuego-total-entre-israel-e-iran-y-dice-que-entrara-en-vigor-en-seis-horas\\\/#breadcrumb\"},\"inLanguage\":\"es\",\"potentialAction\":[{\"@type\":\"ReadAction\",\"target\":[\"https:\\\/\\\/webdelmaestrocmf.com\\\/portal\\\/trump-anuncia-un-alto-el-fuego-total-entre-israel-e-iran-y-dice-que-entrara-en-vigor-en-seis-horas\\\/\"]}]},{\"@type\":\"ImageObject\",\"inLanguage\":\"es\",\"@id\":\"https:\\\/\\\/webdelmaestrocmf.com\\\/portal\\\/trump-anuncia-un-alto-el-fuego-total-entre-israel-e-iran-y-dice-que-entrara-en-vigor-en-seis-horas\\\/#primaryimage\",\"url\":\"https:\\\/\\\/webdelmaestrocmf.com\\\/portal\\\/wp-content\\\/uploads\\\/2025\\\/06\\\/1A-Banner-1-portada-imagen-10-1-copia-26.jpg\",\"contentUrl\":\"https:\\\/\\\/webdelmaestrocmf.com\\\/portal\\\/wp-content\\\/uploads\\\/2025\\\/06\\\/1A-Banner-1-portada-imagen-10-1-copia-26.jpg\",\"width\":940,\"height\":625},{\"@type\":\"BreadcrumbList\",\"@id\":\"https:\\\/\\\/webdelmaestrocmf.com\\\/portal\\\/trump-anuncia-un-alto-el-fuego-total-entre-israel-e-iran-y-dice-que-entrara-en-vigor-en-seis-horas\\\/#breadcrumb\",\"itemListElement\":[{\"@type\":\"ListItem\",\"position\":1,\"name\":\"Portada\",\"item\":\"https:\\\/\\\/webdelmaestrocmf.com\\\/portal\\\/\"},{\"@type\":\"ListItem\",\"position\":2,\"name\":\"Noticias Internacionales\",\"item\":\"https:\\\/\\\/webdelmaestrocmf.com\\\/portal\\\/category\\\/noticias-internacionales\\\/\"},{\"@type\":\"ListItem\",\"position\":3,\"name\":\"Trump anuncia un \u201calto el fuego total\u201d entre Israel e Ir\u00e1n y dice que entrar\u00e1 en vigor \u201cen seis horas\u201d\"}]},{\"@type\":\"WebSite\",\"@id\":\"https:\\\/\\\/webdelmaestrocmf.com\\\/portal\\\/#website\",\"url\":\"https:\\\/\\\/webdelmaestrocmf.com\\\/portal\\\/\",\"name\":\"Web del Maestro CMF\",\"description\":\"Maestros al servicio de la educaci\u00f3n\",\"publisher\":{\"@id\":\"https:\\\/\\\/webdelmaestrocmf.com\\\/portal\\\/#organization\"},\"alternateName\":\"WMCMF\",\"potentialAction\":[{\"@type\":\"SearchAction\",\"target\":{\"@type\":\"EntryPoint\",\"urlTemplate\":\"https:\\\/\\\/webdelmaestrocmf.com\\\/portal\\\/?s={search_term_string}\"},\"query-input\":{\"@type\":\"PropertyValueSpecification\",\"valueRequired\":true,\"valueName\":\"search_term_string\"}}],\"inLanguage\":\"es\"},{\"@type\":\"Organization\",\"@id\":\"https:\\\/\\\/webdelmaestrocmf.com\\\/portal\\\/#organization\",\"name\":\"Web del Maestro CMF\",\"alternateName\":\"WMCMF\",\"url\":\"https:\\\/\\\/webdelmaestrocmf.com\\\/portal\\\/\",\"logo\":{\"@type\":\"ImageObject\",\"inLanguage\":\"es\",\"@id\":\"https:\\\/\\\/webdelmaestrocmf.com\\\/portal\\\/#\\\/schema\\\/logo\\\/image\\\/\",\"url\":\"https:\\\/\\\/webdelmaestrocmf.com\\\/portal\\\/wp-content\\\/uploads\\\/2023\\\/01\\\/logo-wmcmf-2.png\",\"contentUrl\":\"https:\\\/\\\/webdelmaestrocmf.com\\\/portal\\\/wp-content\\\/uploads\\\/2023\\\/01\\\/logo-wmcmf-2.png\",\"width\":200,\"height\":60,\"caption\":\"Web del Maestro CMF\"},\"image\":{\"@id\":\"https:\\\/\\\/webdelmaestrocmf.com\\\/portal\\\/#\\\/schema\\\/logo\\\/image\\\/\"},\"sameAs\":[\"https:\\\/\\\/www.facebook.com\\\/WebdelMaestroCMF\\\/\",\"https:\\\/\\\/x.com\\\/cmf_w\",\"https:\\\/\\\/www.pinterest.com\\\/WMCMF\\\/\",\"https:\\\/\\\/www.linkedin.com\\\/company\\\/web-del-maestro-cmf\\\/\",\"https:\\\/\\\/www.instagram.com\\\/wmcmf\\\/\",\"https:\\\/\\\/www.youtube.com\\\/channel\\\/UCDPSvjbdodE5sHnC3OxutHw\",\"https:\\\/\\\/mastodon.social\\\/@wmcmf\",\"https:\\\/\\\/www.tiktok.com\\\/@webdelmaestrocmf\"]},{\"@type\":\"Person\",\"@id\":\"https:\\\/\\\/webdelmaestrocmf.com\\\/portal\\\/#\\\/schema\\\/person\\\/1072a2ed7bd960df8ef99a551fa35dc5\",\"name\":\"Web del Maestro CMF\",\"image\":{\"@type\":\"ImageObject\",\"inLanguage\":\"es\",\"@id\":\"https:\\\/\\\/secure.gravatar.com\\\/avatar\\\/23291dd5b5ae1077dcff3dbb04c3e02bd28403fa75af6d8787d5e97c5bbbe30b?s=96&d=mm&r=g\",\"url\":\"https:\\\/\\\/secure.gravatar.com\\\/avatar\\\/23291dd5b5ae1077dcff3dbb04c3e02bd28403fa75af6d8787d5e97c5bbbe30b?s=96&d=mm&r=g\",\"contentUrl\":\"https:\\\/\\\/secure.gravatar.com\\\/avatar\\\/23291dd5b5ae1077dcff3dbb04c3e02bd28403fa75af6d8787d5e97c5bbbe30b?s=96&d=mm&r=g\",\"caption\":\"Web del Maestro CMF\"},\"description\":\"Esta Web se cre\u00f3 sin fines de lucro, con fines educativos, cient\u00edficos y acad\u00e9micos, para personas que tengan dificultades y\\\/o inconvenientes en visualizar el material original. El objetivo es entregar recursos, compartir experiencias y materiales que ayuden a los padres de familia, maestros y estudiantes en su actualizaci\u00f3n y formaci\u00f3n permanente, en bien de la Educaci\u00f3n.\",\"sameAs\":[\"http:\\\/\\\/webdelmaestrocmf.com\\\/portal\",\"https:\\\/\\\/www.facebook.com\\\/WebdelMaestroCMF\\\/\",\"https:\\\/\\\/www.instagram.com\\\/wmcmf\\\/\",\"https:\\\/\\\/cl.linkedin.com\\\/company\\\/web-del-maestro-cmf\",\"https:\\\/\\\/www.pinterest.com\\\/WMCMF\\\/publicaciones\\\/\",\"https:\\\/\\\/x.com\\\/cmf_w\",\"https:\\\/\\\/www.youtube.com\\\/@WMCMF\"]}]}<\/script>\n<!-- \/ Yoast SEO plugin. -->","yoast_head_json":{"title":"Trump anuncia un \u201calto el fuego total\u201d entre Israel e Ir\u00e1n y dice que entrar\u00e1 en vigor \u201cen seis horas\u201d - 2026","description":"El presidente de Estados Unidos, Donald Trump, anunci\u00f3 este lunes en su red social Truth que Israel e Ir\u00e1n habr\u00edan llegado a un acuerdo...","robots":{"index":"index","follow":"follow","max-snippet":"max-snippet:-1","max-image-preview":"max-image-preview:large","max-video-preview":"max-video-preview:-1"},"canonical":"https:\/\/webdelmaestrocmf.com\/portal\/trump-anuncia-un-alto-el-fuego-total-entre-israel-e-iran-y-dice-que-entrara-en-vigor-en-seis-horas\/","og_locale":"es_ES","og_type":"article","og_title":"Trump anuncia un \u201calto el fuego total\u201d entre Israel e Ir\u00e1n y dice que entrar\u00e1 en vigor \u201cen seis horas\u201d - 2026","og_description":"El presidente de Estados Unidos, Donald Trump, anunci\u00f3 este lunes en su red social Truth que Israel e Ir\u00e1n habr\u00edan llegado a un acuerdo...","og_url":"https:\/\/webdelmaestrocmf.com\/portal\/trump-anuncia-un-alto-el-fuego-total-entre-israel-e-iran-y-dice-que-entrara-en-vigor-en-seis-horas\/","og_site_name":"Web del Maestro CMF","article_publisher":"https:\/\/www.facebook.com\/WebdelMaestroCMF\/","article_author":"https:\/\/www.facebook.com\/WebdelMaestroCMF\/","article_published_time":"2025-06-23T22:59:41+00:00","article_modified_time":"2025-06-23T23:07:31+00:00","og_image":[{"width":940,"height":625,"url":"https:\/\/webdelmaestrocmf.com\/portal\/wp-content\/uploads\/2025\/06\/1A-Banner-1-portada-imagen-10-1-copia-26.jpg","type":"image\/jpeg"}],"author":"Web del Maestro CMF","twitter_card":"summary_large_image","twitter_creator":"@cmf_w","twitter_site":"@cmf_w","schema":{"@context":"https:\/\/schema.org","@graph":[{"@type":"ScholarlyArticle","@id":"https:\/\/webdelmaestrocmf.com\/portal\/trump-anuncia-un-alto-el-fuego-total-entre-israel-e-iran-y-dice-que-entrara-en-vigor-en-seis-horas\/#article","isPartOf":{"@id":"https:\/\/webdelmaestrocmf.com\/portal\/trump-anuncia-un-alto-el-fuego-total-entre-israel-e-iran-y-dice-que-entrara-en-vigor-en-seis-horas\/"},"author":{"name":"Web del Maestro CMF","@id":"https:\/\/webdelmaestrocmf.com\/portal\/#\/schema\/person\/1072a2ed7bd960df8ef99a551fa35dc5"},"headline":"Trump anuncia un \u201calto el fuego total\u201d entre Israel e Ir\u00e1n y dice que entrar\u00e1 en vigor \u201cen seis horas\u201d","datePublished":"2025-06-23T22:59:41+00:00","dateModified":"2025-06-23T23:07:31+00:00","mainEntityOfPage":{"@id":"https:\/\/webdelmaestrocmf.com\/portal\/trump-anuncia-un-alto-el-fuego-total-entre-israel-e-iran-y-dice-que-entrara-en-vigor-en-seis-horas\/"},"wordCount":463,"commentCount":10,"publisher":{"@id":"https:\/\/webdelmaestrocmf.com\/portal\/#organization"},"image":{"@id":"https:\/\/webdelmaestrocmf.com\/portal\/trump-anuncia-un-alto-el-fuego-total-entre-israel-e-iran-y-dice-que-entrara-en-vigor-en-seis-horas\/#primaryimage"},"thumbnailUrl":"https:\/\/webdelmaestrocmf.com\/portal\/wp-content\/uploads\/2025\/06\/1A-Banner-1-portada-imagen-10-1-copia-26.jpg","keywords":["alto","fuego","trump"],"articleSection":["Noticias Internacionales"],"inLanguage":"es","potentialAction":[{"@type":"CommentAction","name":"Comment","target":["https:\/\/webdelmaestrocmf.com\/portal\/trump-anuncia-un-alto-el-fuego-total-entre-israel-e-iran-y-dice-que-entrara-en-vigor-en-seis-horas\/#respond"]}]},{"@type":"WebPage","@id":"https:\/\/webdelmaestrocmf.com\/portal\/trump-anuncia-un-alto-el-fuego-total-entre-israel-e-iran-y-dice-que-entrara-en-vigor-en-seis-horas\/","url":"https:\/\/webdelmaestrocmf.com\/portal\/trump-anuncia-un-alto-el-fuego-total-entre-israel-e-iran-y-dice-que-entrara-en-vigor-en-seis-horas\/","name":"Trump anuncia un \u201calto el fuego total\u201d entre Israel e Ir\u00e1n y dice que entrar\u00e1 en vigor \u201cen seis horas\u201d - 2026","isPartOf":{"@id":"https:\/\/webdelmaestrocmf.com\/portal\/#website"},"primaryImageOfPage":{"@id":"https:\/\/webdelmaestrocmf.com\/portal\/trump-anuncia-un-alto-el-fuego-total-entre-israel-e-iran-y-dice-que-entrara-en-vigor-en-seis-horas\/#primaryimage"},"image":{"@id":"https:\/\/webdelmaestrocmf.com\/portal\/trump-anuncia-un-alto-el-fuego-total-entre-israel-e-iran-y-dice-que-entrara-en-vigor-en-seis-horas\/#primaryimage"},"thumbnailUrl":"https:\/\/webdelmaestrocmf.com\/portal\/wp-content\/uploads\/2025\/06\/1A-Banner-1-portada-imagen-10-1-copia-26.jpg","datePublished":"2025-06-23T22:59:41+00:00","dateModified":"2025-06-23T23:07:31+00:00","description":"El presidente de Estados Unidos, Donald Trump, anunci\u00f3 este lunes en su red social Truth que Israel e Ir\u00e1n habr\u00edan llegado a un acuerdo...","breadcrumb":{"@id":"https:\/\/webdelmaestrocmf.com\/portal\/trump-anuncia-un-alto-el-fuego-total-entre-israel-e-iran-y-dice-que-entrara-en-vigor-en-seis-horas\/#breadcrumb"},"inLanguage":"es","potentialAction":[{"@type":"ReadAction","target":["https:\/\/webdelmaestrocmf.com\/portal\/trump-anuncia-un-alto-el-fuego-total-entre-israel-e-iran-y-dice-que-entrara-en-vigor-en-seis-horas\/"]}]},{"@type":"ImageObject","inLanguage":"es","@id":"https:\/\/webdelmaestrocmf.com\/portal\/trump-anuncia-un-alto-el-fuego-total-entre-israel-e-iran-y-dice-que-entrara-en-vigor-en-seis-horas\/#primaryimage","url":"https:\/\/webdelmaestrocmf.com\/portal\/wp-content\/uploads\/2025\/06\/1A-Banner-1-portada-imagen-10-1-copia-26.jpg","contentUrl":"https:\/\/webdelmaestrocmf.com\/portal\/wp-content\/uploads\/2025\/06\/1A-Banner-1-portada-imagen-10-1-copia-26.jpg","width":940,"height":625},{"@type":"BreadcrumbList","@id":"https:\/\/webdelmaestrocmf.com\/portal\/trump-anuncia-un-alto-el-fuego-total-entre-israel-e-iran-y-dice-que-entrara-en-vigor-en-seis-horas\/#breadcrumb","itemListElement":[{"@type":"ListItem","position":1,"name":"Portada","item":"https:\/\/webdelmaestrocmf.com\/portal\/"},{"@type":"ListItem","position":2,"name":"Noticias Internacionales","item":"https:\/\/webdelmaestrocmf.com\/portal\/category\/noticias-internacionales\/"},{"@type":"ListItem","position":3,"name":"Trump anuncia un \u201calto el fuego total\u201d entre Israel e Ir\u00e1n y dice que entrar\u00e1 en vigor \u201cen seis horas\u201d"}]},{"@type":"WebSite","@id":"https:\/\/webdelmaestrocmf.com\/portal\/#website","url":"https:\/\/webdelmaestrocmf.com\/portal\/","name":"Web del Maestro CMF","description":"Maestros al servicio de la educaci\u00f3n","publisher":{"@id":"https:\/\/webdelmaestrocmf.com\/portal\/#organization"},"alternateName":"WMCMF","potentialAction":[{"@type":"SearchAction","target":{"@type":"EntryPoint","urlTemplate":"https:\/\/webdelmaestrocmf.com\/portal\/?s={search_term_string}"},"query-input":{"@type":"PropertyValueSpecification","valueRequired":true,"valueName":"search_term_string"}}],"inLanguage":"es"},{"@type":"Organization","@id":"https:\/\/webdelmaestrocmf.com\/portal\/#organization","name":"Web del Maestro CMF","alternateName":"WMCMF","url":"https:\/\/webdelmaestrocmf.com\/portal\/","logo":{"@type":"ImageObject","inLanguage":"es","@id":"https:\/\/webdelmaestrocmf.com\/portal\/#\/schema\/logo\/image\/","url":"https:\/\/webdelmaestrocmf.com\/portal\/wp-content\/uploads\/2023\/01\/logo-wmcmf-2.png","contentUrl":"https:\/\/webdelmaestrocmf.com\/portal\/wp-content\/uploads\/2023\/01\/logo-wmcmf-2.png","width":200,"height":60,"caption":"Web del Maestro CMF"},"image":{"@id":"https:\/\/webdelmaestrocmf.com\/portal\/#\/schema\/logo\/image\/"},"sameAs":["https:\/\/www.facebook.com\/WebdelMaestroCMF\/","https:\/\/x.com\/cmf_w","https:\/\/www.pinterest.com\/WMCMF\/","https:\/\/www.linkedin.com\/company\/web-del-maestro-cmf\/","https:\/\/www.instagram.com\/wmcmf\/","https:\/\/www.youtube.com\/channel\/UCDPSvjbdodE5sHnC3OxutHw","https:\/\/mastodon.social\/@wmcmf","https:\/\/www.tiktok.com\/@webdelmaestrocmf"]},{"@type":"Person","@id":"https:\/\/webdelmaestrocmf.com\/portal\/#\/schema\/person\/1072a2ed7bd960df8ef99a551fa35dc5","name":"Web del Maestro CMF","image":{"@type":"ImageObject","inLanguage":"es","@id":"https:\/\/secure.gravatar.com\/avatar\/23291dd5b5ae1077dcff3dbb04c3e02bd28403fa75af6d8787d5e97c5bbbe30b?s=96&d=mm&r=g","url":"https:\/\/secure.gravatar.com\/avatar\/23291dd5b5ae1077dcff3dbb04c3e02bd28403fa75af6d8787d5e97c5bbbe30b?s=96&d=mm&r=g","contentUrl":"https:\/\/secure.gravatar.com\/avatar\/23291dd5b5ae1077dcff3dbb04c3e02bd28403fa75af6d8787d5e97c5bbbe30b?s=96&d=mm&r=g","caption":"Web del Maestro CMF"},"description":"Esta Web se cre\u00f3 sin fines de lucro, con fines educativos, cient\u00edficos y acad\u00e9micos, para personas que tengan dificultades y\/o inconvenientes en visualizar el material original. El objetivo es entregar recursos, compartir experiencias y materiales que ayuden a los padres de familia, maestros y estudiantes en su actualizaci\u00f3n y formaci\u00f3n permanente, en bien de la Educaci\u00f3n.","sameAs":["http:\/\/webdelmaestrocmf.com\/portal","https:\/\/www.facebook.com\/WebdelMaestroCMF\/","https:\/\/www.instagram.com\/wmcmf\/","https:\/\/cl.linkedin.com\/company\/web-del-maestro-cmf","https:\/\/www.pinterest.com\/WMCMF\/publicaciones\/","https:\/\/x.com\/cmf_w","https:\/\/www.youtube.com\/@WMCMF"]}]}},"jetpack_featured_media_url":"https:\/\/webdelmaestrocmf.com\/portal\/wp-content\/uploads\/2025\/06\/1A-Banner-1-portada-imagen-10-1-copia-26.jpg","jetpack_sharing_enabled":true,"jetpack-related-posts":[{"id":110394,"url":"https:\/\/webdelmaestrocmf.com\/portal\/donald-trump-estalla-contra-israel-e-iran-tras-la-ruptura-del-alto-el-fuego-no-tienen-ni-puta-idea-de-lo-que-estan-haciendo\/","url_meta":{"origin":110383,"position":0},"title":"Donald Trump estalla contra Israel e Ir\u00e1n tras la ruptura del alto el fuego: \u201cNo tienen ni puta idea de lo que est\u00e1n haciendo\u201d","author":"Web del Maestro CMF","date":"24 junio, 2025","format":false,"excerpt":"El presidente de Estados Unidos, Donald Trump, protagoniz\u00f3 este martes una encendida reacci\u00f3n p\u00fablica tras la ruptura del alto el fuego que \u00e9l mismo hab\u00eda anunciado entre Israel e Ir\u00e1n. En una intervenci\u00f3n marcada por un tono inusualmente directo y agresivo, el mandatario republicano arremeti\u00f3 contra ambos pa\u00edses, acus\u00e1ndolos de\u2026","rel":"","context":"En \u00abNoticias Internacionales\u00bb","block_context":{"text":"Noticias Internacionales","link":"https:\/\/webdelmaestrocmf.com\/portal\/category\/noticias-internacionales\/"},"img":{"alt_text":"","src":"https:\/\/i0.wp.com\/webdelmaestrocmf.com\/portal\/wp-content\/uploads\/2025\/06\/1A-Banner-1-portada-imagen-10-1-copia-9-1.jpg?resize=350%2C200&ssl=1","width":350,"height":200,"srcset":"https:\/\/i0.wp.com\/webdelmaestrocmf.com\/portal\/wp-content\/uploads\/2025\/06\/1A-Banner-1-portada-imagen-10-1-copia-9-1.jpg?resize=350%2C200&ssl=1 1x, https:\/\/i0.wp.com\/webdelmaestrocmf.com\/portal\/wp-content\/uploads\/2025\/06\/1A-Banner-1-portada-imagen-10-1-copia-9-1.jpg?resize=525%2C300&ssl=1 1.5x, https:\/\/i0.wp.com\/webdelmaestrocmf.com\/portal\/wp-content\/uploads\/2025\/06\/1A-Banner-1-portada-imagen-10-1-copia-9-1.jpg?resize=700%2C400&ssl=1 2x"},"classes":[]},{"id":110390,"url":"https:\/\/webdelmaestrocmf.com\/portal\/iran-niega-haber-alcanzado-un-acuerdo-de-alto-al-fuego-con-israel-tras-anuncio-de-trump\/","url_meta":{"origin":110383,"position":1},"title":"Ir\u00e1n niega haber alcanzado un acuerdo de alto al fuego con Israel tras anuncio de Trump","author":"Web del Maestro CMF","date":"23 junio, 2025","format":false,"excerpt":"El canciller Abbas Araghchi reconoci\u00f3 que los bombardeos israel\u00edes han ido cesando en los \u00faltimos minutos, luego de que se estableciera un plazo hasta las 4:00 a.\u202fm. hora local para finalizar los ataques.","rel":"","context":"En \u00abNoticias Internacionales\u00bb","block_context":{"text":"Noticias Internacionales","link":"https:\/\/webdelmaestrocmf.com\/portal\/category\/noticias-internacionales\/"},"img":{"alt_text":"","src":"https:\/\/i0.wp.com\/webdelmaestrocmf.com\/portal\/wp-content\/uploads\/2025\/06\/1A-Banner-1-portada-imagen-10-1-copia-8-1.jpg?resize=350%2C200&ssl=1","width":350,"height":200,"srcset":"https:\/\/i0.wp.com\/webdelmaestrocmf.com\/portal\/wp-content\/uploads\/2025\/06\/1A-Banner-1-portada-imagen-10-1-copia-8-1.jpg?resize=350%2C200&ssl=1 1x, https:\/\/i0.wp.com\/webdelmaestrocmf.com\/portal\/wp-content\/uploads\/2025\/06\/1A-Banner-1-portada-imagen-10-1-copia-8-1.jpg?resize=525%2C300&ssl=1 1.5x, https:\/\/i0.wp.com\/webdelmaestrocmf.com\/portal\/wp-content\/uploads\/2025\/06\/1A-Banner-1-portada-imagen-10-1-copia-8-1.jpg?resize=700%2C400&ssl=1 2x"},"classes":[]},{"id":110306,"url":"https:\/\/webdelmaestrocmf.com\/portal\/trump-anuncia-un-ataque-exitoso-contra-las-tres-instalaciones-nucleares-de-iran\/","url_meta":{"origin":110383,"position":2},"title":"Trump anuncia un ataque \u00abexitoso\u00bb contra las tres instalaciones nucleares de Ir\u00e1n","author":"Web del Maestro CMF","date":"21 junio, 2025","format":false,"excerpt":"\u201cNing\u00fan otro ej\u00e9rcito en el mundo podr\u00eda haberlo hecho\u201d.","rel":"","context":"En \u00abNoticias Internacionales\u00bb","block_context":{"text":"Noticias Internacionales","link":"https:\/\/webdelmaestrocmf.com\/portal\/category\/noticias-internacionales\/"},"img":{"alt_text":"","src":"https:\/\/i0.wp.com\/webdelmaestrocmf.com\/portal\/wp-content\/uploads\/2025\/06\/1A-Banner-1-portada-imagen-10-1-copia-22.jpg?resize=350%2C200&ssl=1","width":350,"height":200,"srcset":"https:\/\/i0.wp.com\/webdelmaestrocmf.com\/portal\/wp-content\/uploads\/2025\/06\/1A-Banner-1-portada-imagen-10-1-copia-22.jpg?resize=350%2C200&ssl=1 1x, https:\/\/i0.wp.com\/webdelmaestrocmf.com\/portal\/wp-content\/uploads\/2025\/06\/1A-Banner-1-portada-imagen-10-1-copia-22.jpg?resize=525%2C300&ssl=1 1.5x, https:\/\/i0.wp.com\/webdelmaestrocmf.com\/portal\/wp-content\/uploads\/2025\/06\/1A-Banner-1-portada-imagen-10-1-copia-22.jpg?resize=700%2C400&ssl=1 2x"},"classes":[]},{"id":110431,"url":"https:\/\/webdelmaestrocmf.com\/portal\/postulan-a-donald-trump-al-premio-nobel-de-la-paz-tras-su-rol-en-el-alto-al-fuego-entre-israel-e-iran\/","url_meta":{"origin":110383,"position":3},"title":"Postulan a Donald Trump al Premio Nobel de la Paz tras su rol en el alto al fuego entre Israel e Ir\u00e1n","author":"Web del Maestro CMF","date":"25 junio, 2025","format":false,"excerpt":"Postulan a presidente de EEUU tras cese al fuego entre Ir\u00e1n e Israel","rel":"","context":"En \u00abNoticias Internacionales\u00bb","block_context":{"text":"Noticias Internacionales","link":"https:\/\/webdelmaestrocmf.com\/portal\/category\/noticias-internacionales\/"},"img":{"alt_text":"","src":"https:\/\/i0.wp.com\/webdelmaestrocmf.com\/portal\/wp-content\/uploads\/2025\/06\/1A-Banner-1-portada-imagen-10-1-copia-10-1.jpg?resize=350%2C200&ssl=1","width":350,"height":200,"srcset":"https:\/\/i0.wp.com\/webdelmaestrocmf.com\/portal\/wp-content\/uploads\/2025\/06\/1A-Banner-1-portada-imagen-10-1-copia-10-1.jpg?resize=350%2C200&ssl=1 1x, https:\/\/i0.wp.com\/webdelmaestrocmf.com\/portal\/wp-content\/uploads\/2025\/06\/1A-Banner-1-portada-imagen-10-1-copia-10-1.jpg?resize=525%2C300&ssl=1 1.5x, https:\/\/i0.wp.com\/webdelmaestrocmf.com\/portal\/wp-content\/uploads\/2025\/06\/1A-Banner-1-portada-imagen-10-1-copia-10-1.jpg?resize=700%2C400&ssl=1 2x"},"classes":[]},{"id":109872,"url":"https:\/\/webdelmaestrocmf.com\/portal\/el-g-7-aprueba-por-unanimidad-una-declaracion-sobre-el-conflicto-entre-israel-e-iran\/","url_meta":{"origin":110383,"position":4},"title":"El G-7 aprueba por unanimidad una declaraci\u00f3n sobre el conflicto entre Israel e Ir\u00e1n","author":"Web del Maestro CMF","date":"17 junio, 2025","format":false,"excerpt":"El grupo, integrado por Alemania, Canad\u00e1, Estados Unidos, Francia, Italia, Jap\u00f3n y el Reino Unido, emiti\u00f3 una declaraci\u00f3n conjunta en la que tambi\u00e9n subray\u00f3 que el r\u00e9gimen de Teher\u00e1n no debe poseer armas nucleares","rel":"","context":"En \u00abNoticias Internacionales\u00bb","block_context":{"text":"Noticias Internacionales","link":"https:\/\/webdelmaestrocmf.com\/portal\/category\/noticias-internacionales\/"},"img":{"alt_text":"","src":"https:\/\/i0.wp.com\/webdelmaestrocmf.com\/portal\/wp-content\/uploads\/2025\/06\/1A-Banner-1-portada-imagen-10-1-42.jpg?resize=350%2C200&ssl=1","width":350,"height":200,"srcset":"https:\/\/i0.wp.com\/webdelmaestrocmf.com\/portal\/wp-content\/uploads\/2025\/06\/1A-Banner-1-portada-imagen-10-1-42.jpg?resize=350%2C200&ssl=1 1x, https:\/\/i0.wp.com\/webdelmaestrocmf.com\/portal\/wp-content\/uploads\/2025\/06\/1A-Banner-1-portada-imagen-10-1-42.jpg?resize=525%2C300&ssl=1 1.5x, https:\/\/i0.wp.com\/webdelmaestrocmf.com\/portal\/wp-content\/uploads\/2025\/06\/1A-Banner-1-portada-imagen-10-1-42.jpg?resize=700%2C400&ssl=1 2x"},"classes":[]},{"id":115580,"url":"https:\/\/webdelmaestrocmf.com\/portal\/que-se-sabe-del-ataque-de-ee-uu-e-israel-contra-iran-y-de-la-respuesta-de-teheran-en-medio-oriente\/","url_meta":{"origin":110383,"position":5},"title":"\u00daltimo minuto: El Ministerio de Defensa de Kuwait confirm\u00f3 que varios aviones militares de EEUU se estrellaron en su territorio","author":"Web del Maestro CMF","date":"28 febrero, 2026","format":false,"excerpt":"Varios aviones militares estadounidenses se estrellaron la ma\u00f1ana de este lunes en Kuwait, pero sus tripulantes sobrevivieron. Mientras tanto, Israel llev\u00f3 a cabo bombardeos en L\u00edbano, en un contexto de creciente tensi\u00f3n y escalada militar.","rel":"","context":"En \u00abNoticias Internacionales\u00bb","block_context":{"text":"Noticias Internacionales","link":"https:\/\/webdelmaestrocmf.com\/portal\/category\/noticias-internacionales\/"},"img":{"alt_text":"","src":"https:\/\/i0.wp.com\/webdelmaestrocmf.com\/portal\/wp-content\/uploads\/2026\/02\/1A-Banner-1-portada-imagen-10-1-copia-7-2.webp?resize=350%2C200&ssl=1","width":350,"height":200,"srcset":"https:\/\/i0.wp.com\/webdelmaestrocmf.com\/portal\/wp-content\/uploads\/2026\/02\/1A-Banner-1-portada-imagen-10-1-copia-7-2.webp?resize=350%2C200&ssl=1 1x, https:\/\/i0.wp.com\/webdelmaestrocmf.com\/portal\/wp-content\/uploads\/2026\/02\/1A-Banner-1-portada-imagen-10-1-copia-7-2.webp?resize=525%2C300&ssl=1 1.5x, https:\/\/i0.wp.com\/webdelmaestrocmf.com\/portal\/wp-content\/uploads\/2026\/02\/1A-Banner-1-portada-imagen-10-1-copia-7-2.webp?resize=700%2C400&ssl=1 2x"},"classes":[]}],"_links":{"self":[{"href":"https:\/\/webdelmaestrocmf.com\/portal\/wp-json\/wp\/v2\/posts\/110383","targetHints":{"allow":["GET"]}}],"collection":[{"href":"https:\/\/webdelmaestrocmf.com\/portal\/wp-json\/wp\/v2\/posts"}],"about":[{"href":"https:\/\/webdelmaestrocmf.com\/portal\/wp-json\/wp\/v2\/types\/post"}],"author":[{"embeddable":true,"href":"https:\/\/webdelmaestrocmf.com\/portal\/wp-json\/wp\/v2\/users\/1"}],"replies":[{"embeddable":true,"href":"https:\/\/webdelmaestrocmf.com\/portal\/wp-json\/wp\/v2\/comments?post=110383"}],"version-history":[{"count":4,"href":"https:\/\/webdelmaestrocmf.com\/portal\/wp-json\/wp\/v2\/posts\/110383\/revisions"}],"predecessor-version":[{"id":110389,"href":"https:\/\/webdelmaestrocmf.com\/portal\/wp-json\/wp\/v2\/posts\/110383\/revisions\/110389"}],"wp:featuredmedia":[{"embeddable":true,"href":"https:\/\/webdelmaestrocmf.com\/portal\/wp-json\/wp\/v2\/media\/110384"}],"wp:attachment":[{"href":"https:\/\/webdelmaestrocmf.com\/portal\/wp-json\/wp\/v2\/media?parent=110383"}],"wp:term":[{"taxonomy":"category","embeddable":true,"href":"https:\/\/webdelmaestrocmf.com\/portal\/wp-json\/wp\/v2\/categories?post=110383"},{"taxonomy":"post_tag","embeddable":true,"href":"https:\/\/webdelmaestrocmf.com\/portal\/wp-json\/wp\/v2\/tags?post=110383"}],"curies":[{"name":"wp","href":"https:\/\/api.w.org\/{rel}","templated":true}]}}