{"id":109457,"date":"2025-06-15T21:12:00","date_gmt":"2025-06-16T01:12:00","guid":{"rendered":"https:\/\/webdelmaestrocmf.com\/portal\/?p=109457"},"modified":"2025-06-17T00:01:59","modified_gmt":"2025-06-17T04:01:59","slug":"del-repartidor-al-pupas-10-tipos-de-padres-que-encontraras-en-el-colegio","status":"publish","type":"post","link":"https:\/\/webdelmaestrocmf.com\/portal\/del-repartidor-al-pupas-10-tipos-de-padres-que-encontraras-en-el-colegio\/","title":{"rendered":"Del repartidor al pupas: 10 tipos de padres que encontrar\u00e1s en el colegio"},"content":{"rendered":"<p style=\"text-align: justify;\">Siempre est\u00e1 el que nunca se entera de las cosas o el que lo sabe absolutamente todo del centro, el que se hace el hura\u00f1o e incluso el que nunca vas a ver. Tipos de progenitores que te vas a encontrar en toda escuela, para bien o para mal<!--more-->Despu\u00e9s de varios cursos de mis dos hijos me he fijado en suficientes adultos que traen y recogen criaturas cada d\u00eda del colegio como para componer un dec\u00e1logo de fabulosos seres escolares con los que coincidir\u00e1s cada d\u00eda (para bien o para mal).<\/p>\n<h3 class=\"\" style=\"text-align: left;\"><strong>1. El repartidor<\/strong><\/h3>\n<p class=\"\" style=\"text-align: justify;\">Como si trabajara para Amazon o para una empresa de mensajer\u00eda, esta persona vive al l\u00edmite permanentemente. Siempre corriendo, siempre aparcando en doble fila, siempre\u00a0soltando los cr\u00edos desde la puerta del coche\u00a0para que alguien los acabe de entrar, siempre abri\u00e9ndose paso a empujones en cualquier fila porque \u201ces que tiene mucha prisa\u201d. Va todo el rato con una cara de agobio que arrasa todo lo que hay a su paso. Puede darse el caso de que tenga m\u00faltiples hijos en m\u00faltiples centros y m\u00faltiples extraescolares en distintos lugares a la vez, con una log\u00edstica imposible. O puede que se trate de un simple maleducado que no sabe organizarse y que se cree m\u00e1s importante que los dem\u00e1s.<\/p>\n<h3 class=\"\" style=\"text-align: left;\"><strong>2. El pupas<\/strong><\/h3>\n<p class=\"\" style=\"text-align: justify;\">Siempre le pasa de todo. Igual alg\u00fan ancestro suyo abri\u00f3 una caja sellada en alguna gruta encantada y ahora a \u00e9l o ella le ha tocado todas las maldiciones a la vez. A esta persona o a su reto\u00f1o les llegan antes\u00a0los piojos, los golpes y percances.\u00a0Adem\u00e1s de que suele tener problemas con el recibo del centro, la canguro se le lesiona o se va dejando tirada a la familia. Es el \u00fanico que no recibe los\u00a0<i>mails<\/i>\u00a0del cole, el c\u00f3digo del\u00a0<i>pack digital\u00a0<\/i>no le funciona, se le pierden las prendas en cada clase de gimnasia y hay que buscarlas entre todos los del chat de padres\u2026 La cuesti\u00f3n es que nunca ir\u00e1 a mejor, as\u00ed que aprender\u00e1 a convivir con su desdicha y los dem\u00e1s ya dejaremos de sorprendernos.<\/p>\n<h3 class=\"\" style=\"text-align: left;\"><strong>3. El relajado<\/strong><\/h3>\n<p class=\"\" style=\"text-align: justify;\">No ha llegado a la hora ning\u00fan d\u00eda del curso. Ni cuando hay festival ni excursi\u00f3n y el autocar tiene que esperar. Una urgencia la tiene cualquiera, vale, un d\u00eda el m\u00f3vil se queda sin bater\u00eda y no te suena el despertador, vale. Pero para llegar tarde todos los d\u00edas hay que ser constante y concienzudo. Para m\u00e1s cachondeo, suele vivir a cinco minutos del cole.\u00a0Y nunca la ver\u00e1s llegar ni corriendo ni con cara de agobio. La \u00fanica parte positiva es que de un infarto no se va a morir.<\/p>\n<h3 class=\"\" style=\"text-align: left;\"><strong>4. El delegado a tiempo completo<\/strong><\/h3>\n<p class=\"\" style=\"text-align: justify;\">Gracias a \u00e9l o ella sabemos qu\u00e9 pijama o qu\u00e9 calcet\u00edn toca por carnaval o cualquier otra celebraci\u00f3n. Siempre se entera de todo, conoce a todo el mundo, se acuerda de todo, lleva la normativa y las circulares informativas en su ADN, env\u00eda mensajes recordatorios al chat antes de cada d\u00eda se\u00f1alado y contesta cualquier duda a cualquier hora; qu\u00e9 deberes hay para la semana que viene o con qui\u00e9n hay que contactar para tal gesti\u00f3n. Adem\u00e1s, es la persona que se encarga de proponer, organizar, recaudar y entregar el regalo de Navidad y de fin de curso a los profesores.\u00a0Es el Batman de los padres. Sin esta persona, la clase se desmoronar\u00eda.<\/p>\n<h3 class=\"\" style=\"text-align: left;\"><strong>5. Los elegantes<\/strong><\/h3>\n<p class=\"\" style=\"text-align: justify;\">Padres de buena gen\u00e9tica, combinada con un peinado impecable y buena ropa, incluso planchada. Nunca sudan, nunca se agobian, nunca los ver\u00e1s con un mal d\u00eda. Lo que nosotros conseguimos despu\u00e9s de varias horas para ir a una boda, ellos lo llevan de natural.<\/p>\n<h3 class=\"\" style=\"text-align: left;\"><strong>6. El despistado<\/strong><\/h3>\n<p class=\"\" style=\"text-align: justify;\">Es capaz de esquivar cualquier circular informativa,\u00a0cualquier WhatsApp explicativo,\u00a0cualquier papel de cualquier corcho donde est\u00e9n apuntadas horas de reuni\u00f3n o informaciones relevantes. Resumiendo, nunca se entera de nada, y tampoco le preocupa, porque sabe que preguntando en el chat alguien le har\u00e1 un resumen. Su excusa constante es que tiene mucho l\u00edo y no puede leer los mensajes, como si los dem\u00e1s estuvi\u00e9ramos prejubilados con la t\u00edpica libertad financiera que anuncian en Instagram y tuvi\u00e9ramos tiempo para ser sus secretarios.<\/p>\n<h3 class=\"\" style=\"text-align: left;\"><strong>7. El graciosillo<\/strong><\/h3>\n<p class=\"\" style=\"text-align: justify;\">Se desvive por comentar con\u00a0humor cualquier tem\u00e1tica y asunto, ya sea en el chat, con frases o<i>\u00a0gifs,\u00a0<\/i>o en persona a la entrada o salida del cole. Seg\u00fan lo certera que sea su comedia, te da<i>\u00a0<\/i>vidilla y te hace re\u00edr en un momento necesario o acaba resultando un pelmazo insoportable\u2026<\/p>\n<h3 class=\"\" style=\"text-align: left;\"><strong>8. El hura\u00f1o<\/strong><\/h3>\n<p class=\"\" style=\"text-align: justify;\">Si se necesitan 10.000 horas de vuelo para convertirte en un experto de cualquier materia, necesitar\u00e1s 10.000 encuentros de entrada o salida escolar para que el hura\u00f1o te salude. Nunca mira a los ojos ni entabla conversaci\u00f3n, ni por supuesto te abre o te aguanta una puerta. Normalmente, se les a\u00f1ade el plus de no estar en ning\u00fan\u00a0grupo de WhatsApp ni de participar en ning\u00fan regalo\u00a0a los profes. Eso s\u00ed, cuando necesite algo, descubrir\u00e1s que sabe hablar.<\/p>\n<h3 class=\"\" style=\"text-align: left;\"><strong>9. El ausente<\/strong><\/h3>\n<p class=\"\" style=\"text-align: justify;\">Normalmente, suele ser el padre \u2014lo siento, suele ser as\u00ed\u2014. No se le ve casi nunca, y si alg\u00fan d\u00eda aparece tampoco sabr\u00e1s si es realmente un padre o un t\u00edo o un amigo o un abuelo joven. A veces no est\u00e1 por circunstancias personales tristes y adversas, pero, en muchos casos, no aparece porque no le da la sant\u00edsima gana. Es de los que dicen \u201cesto lo lleva mi mujer\u201d y se quedan tan tranquilos. La gran diferencia con el hura\u00f1o es que el hura\u00f1o viene, pero no interact\u00faa amistosamente.<\/p>\n<h3 class=\"\" style=\"text-align: left;\"><strong>10. Los refuerzos<\/strong><\/h3>\n<p class=\"\" style=\"text-align: justify;\">Hay criaturas a las que nunca ni las traen ni las recogen sus padres,\u00a0que tienen unos refuerzos esforzados que hacen lo que pueden. Normalmente, aparecen en forma de abuela o de canguro. A principio de curso, se generar\u00e1 la t\u00edpica apuesta entre madres frecuentes: \u00bfse trata de la hermana mayor, de una madre joven o de una canguro? \u00bfEsta es la abuela, la madre monomarental con in vitro a los cuarenta y tantos o ha tomado demasiado el sol sin cremas?<\/p>\n<p class=\"\" style=\"text-align: justify;\">Y t\u00fa, \u00bfcon qu\u00e9 categor\u00eda te identificas?<\/p>\n<p>Fuente: <a href=\"https:\/\/elpais.com\/mamas-papas\/primera-persona\/2023-09-14\/del-repartidor-al-pupas-10-tipos-de-padres-que-encontraras-en-el-colegio.html\" target=\"_blank\" rel=\"noopener\">El Pa\u00eds | Autor: Mart\u00edn Pi\u00f1ol<\/a><\/p>\n\t\t<div class=\"pk-inline-posts\">\n\t\t\t\n\t\t\t<div class=\"pk-inline-posts-container pk-inline-posts-template-list\"\n\t\t\t\tdata-columns=\"1\">\n\t\t\t\t\t\t<article id=\"post-12225\" class=\"post-12225 post type-post status-publish format-standard has-post-thumbnail category-padres category-pedagogia tag-10-conductas tag-educacion tag-entorpecen tag-hijos tag-ninos tag-padres cs-entry cs-video-wrap\">\n\t\t\t<div class=\"pk-post-outer\">\n\n\t\t\t\t\t\t\t\t<div class=\"pk-post-inner\">\n\t\t\t\t\t<div class=\"entry-thumbnail\">\n\t\t\t\t\t\t<div class=\"pk-overlay pk-overlay-ratio pk-ratio-landscape\">\n\t\t\t\t\t\t\t<div class=\"pk-overlay-background\">\n\t\t\t\t\t\t\t\t<a href=\"https:\/\/webdelmaestrocmf.com\/portal\/las-10-conductas-de-los-padres-que-entorpecen-la-educacion-de-los-ninos\/\" class=\"pk-overlay-link\">\n\t\t\t\t\t\t\t\t\t<img loading=\"lazy\" decoding=\"async\" width=\"300\" height=\"225\" src=\"https:\/\/webdelmaestrocmf.com\/portal\/wp-content\/uploads\/2020\/02\/1AA-Banner-1-portada-imagen-10-1-copia-8-300x225.webp\" class=\"attachment-pk-thumbnail size-pk-thumbnail wp-post-image\" alt=\"\" \/>\t\t\t\t\t\t\t\t<\/a>\n\t\t\t\t\t\t\t<\/div>\n\t\t\t\t\t\t<\/div>\n\t\t\t\t\t<\/div>\n\t\t\t\t<\/div>\n\t\t\t\t\n\t\t\t\t<div class=\"pk-post-inner\">\n\t\t\t\t\t<header>\n\t\t\t\t\t\t<h3 class=\"pk-title\"><a href=\"https:\/\/webdelmaestrocmf.com\/portal\/las-10-conductas-de-los-padres-que-entorpecen-la-educacion-de-los-ninos\/\" rel=\"bookmark\">Las 10 conductas de los padres que entorpecen la educaci\u00f3n de los ni\u00f1os<\/a><\/h3>\t\t\t\t\t<\/header><!-- .entry-header -->\n\t\t\t\t<\/div><!-- .post-inner -->\n\n\t\t\t<\/div><!-- .post-outer -->\n\t\t<\/article>\n\t\t\t<article id=\"post-97204\" class=\"post-97204 post type-post status-publish format-standard has-post-thumbnail category-emociones category-padres category-pedagogia tag-animo tag-aspectos tag-autoestima tag-emociones tag-evaluamos tag-mochila tag-revise tag-tambien cs-entry cs-video-wrap\">\n\t\t\t<div class=\"pk-post-outer\">\n\n\t\t\t\t\t\t\t\t<div class=\"pk-post-inner\">\n\t\t\t\t\t<div class=\"entry-thumbnail\">\n\t\t\t\t\t\t<div class=\"pk-overlay pk-overlay-ratio pk-ratio-landscape\">\n\t\t\t\t\t\t\t<div class=\"pk-overlay-background\">\n\t\t\t\t\t\t\t\t<a href=\"https:\/\/webdelmaestrocmf.com\/portal\/no-solo-revise-su-mochila-sino-que-tambien-evaluamos-sus-emociones-animo-autoestima-entre-otros-aspectos\/\" class=\"pk-overlay-link\">\n\t\t\t\t\t\t\t\t\t<img loading=\"lazy\" decoding=\"async\" width=\"300\" height=\"225\" src=\"https:\/\/webdelmaestrocmf.com\/portal\/wp-content\/uploads\/2023\/10\/1AA-Banner-1-portada-imagen-10-1-copia-4-300x225.webp\" class=\"attachment-pk-thumbnail size-pk-thumbnail wp-post-image\" alt=\"\" \/>\t\t\t\t\t\t\t\t<\/a>\n\t\t\t\t\t\t\t<\/div>\n\t\t\t\t\t\t<\/div>\n\t\t\t\t\t<\/div>\n\t\t\t\t<\/div>\n\t\t\t\t\n\t\t\t\t<div class=\"pk-post-inner\">\n\t\t\t\t\t<header>\n\t\t\t\t\t\t<h3 class=\"pk-title\"><a href=\"https:\/\/webdelmaestrocmf.com\/portal\/no-solo-revise-su-mochila-sino-que-tambien-evaluamos-sus-emociones-animo-autoestima-entre-otros-aspectos\/\" rel=\"bookmark\">No solo revise su mochila, sino que tambi\u00e9n evaluamos sus emociones, \u00e1nimo, autoestima, entre otros aspectos<\/a><\/h3>\t\t\t\t\t<\/header><!-- .entry-header -->\n\t\t\t\t<\/div><!-- .post-inner -->\n\n\t\t\t<\/div><!-- .post-outer -->\n\t\t<\/article>\n\t\t\t<article id=\"post-18096\" class=\"post-18096 post type-post status-publish format-standard has-post-thumbnail category-docentes category-padres category-pedagogia tag-aprendizaje tag-estudiantes tag-trastornos cs-entry cs-video-wrap\">\n\t\t\t<div class=\"pk-post-outer\">\n\n\t\t\t\t\t\t\t\t<div class=\"pk-post-inner\">\n\t\t\t\t\t<div class=\"entry-thumbnail\">\n\t\t\t\t\t\t<div class=\"pk-overlay pk-overlay-ratio pk-ratio-landscape\">\n\t\t\t\t\t\t\t<div class=\"pk-overlay-background\">\n\t\t\t\t\t\t\t\t<a href=\"https:\/\/webdelmaestrocmf.com\/portal\/trastornos-del-aprendizaje-en-los-estudiantes-como-identificarlos\/\" class=\"pk-overlay-link\">\n\t\t\t\t\t\t\t\t\t<img loading=\"lazy\" decoding=\"async\" width=\"300\" height=\"225\" src=\"https:\/\/webdelmaestrocmf.com\/portal\/wp-content\/uploads\/2021\/02\/Banner-1-portada-imagen-10-37-300x225.jpg\" class=\"attachment-pk-thumbnail size-pk-thumbnail wp-post-image\" alt=\"Trastornos\" \/>\t\t\t\t\t\t\t\t<\/a>\n\t\t\t\t\t\t\t<\/div>\n\t\t\t\t\t\t<\/div>\n\t\t\t\t\t<\/div>\n\t\t\t\t<\/div>\n\t\t\t\t\n\t\t\t\t<div class=\"pk-post-inner\">\n\t\t\t\t\t<header>\n\t\t\t\t\t\t<h3 class=\"pk-title\"><a href=\"https:\/\/webdelmaestrocmf.com\/portal\/trastornos-del-aprendizaje-en-los-estudiantes-como-identificarlos\/\" rel=\"bookmark\">Trastornos del aprendizaje en los estudiantes, \u00bfc\u00f3mo identificarlos? Descarga la gu\u00eda para padres y docentes<\/a><\/h3>\t\t\t\t\t<\/header><!-- .entry-header -->\n\t\t\t\t<\/div><!-- .post-inner -->\n\n\t\t\t<\/div><!-- .post-outer -->\n\t\t<\/article>\n\t\t\t\t<\/div>\n\t\t<\/div>\n\t\t\n","protected":false},"excerpt":{"rendered":"Siempre est\u00e1 el que nunca se entera de las cosas o el que lo sabe absolutamente todo del&hellip;","protected":false},"author":1,"featured_media":109458,"comment_status":"open","ping_status":"closed","sticky":false,"template":"","format":"standard","meta":{"csco_display_header_overlay":false,"csco_singular_sidebar":"","csco_page_header_type":"","csco_page_load_nextpost":"","csco_post_video_location":[],"csco_post_video_location_hash":"","csco_post_video_url":"","csco_post_video_bg_start_time":0,"csco_post_video_bg_end_time":0,"csco_post_video_bg_volume":false,"_jetpack_memberships_contains_paid_content":false,"footnotes":""},"categories":[1577,735],"tags":[3323,1087,23782,184,2927],"class_list":{"0":"post-109457","1":"post","2":"type-post","3":"status-publish","4":"format-standard","5":"has-post-thumbnail","7":"category-padres","8":"category-pedagogia","9":"tag-3323","10":"tag-colegio","11":"tag-encontraras","12":"tag-padres","13":"tag-tipos","14":"cs-entry","15":"cs-video-wrap"},"yoast_head":"<!-- This site is optimized with the Yoast SEO plugin v27.5 - https:\/\/yoast.com\/product\/yoast-seo-wordpress\/ -->\n<title>Del repartidor al pupas: 10 tipos de padres que encontrar\u00e1s en el colegio - 2026<\/title>\n<meta name=\"description\" content=\"Siempre est\u00e1 el que nunca se entera de las cosas o el que lo sabe absolutamente todo del centro, el que se hace el hura\u00f1o e incluso...\" \/>\n<meta name=\"robots\" content=\"index, follow, max-snippet:-1, max-image-preview:large, max-video-preview:-1\" \/>\n<link rel=\"canonical\" href=\"https:\/\/webdelmaestrocmf.com\/portal\/del-repartidor-al-pupas-10-tipos-de-padres-que-encontraras-en-el-colegio\/\" \/>\n<meta property=\"og:locale\" content=\"es_ES\" \/>\n<meta property=\"og:type\" content=\"article\" \/>\n<meta property=\"og:title\" content=\"Del repartidor al pupas: 10 tipos de padres que encontrar\u00e1s en el colegio - 2026\" \/>\n<meta property=\"og:description\" content=\"Siempre est\u00e1 el que nunca se entera de las cosas o el que lo sabe absolutamente todo del centro, el que se hace el hura\u00f1o e incluso...\" \/>\n<meta property=\"og:url\" content=\"https:\/\/webdelmaestrocmf.com\/portal\/del-repartidor-al-pupas-10-tipos-de-padres-que-encontraras-en-el-colegio\/\" \/>\n<meta property=\"og:site_name\" content=\"Web del Maestro CMF\" \/>\n<meta property=\"article:publisher\" content=\"https:\/\/www.facebook.com\/WebdelMaestroCMF\/\" \/>\n<meta property=\"article:author\" content=\"https:\/\/www.facebook.com\/WebdelMaestroCMF\/\" \/>\n<meta property=\"article:published_time\" content=\"2025-06-16T01:12:00+00:00\" \/>\n<meta property=\"article:modified_time\" content=\"2025-06-17T04:01:59+00:00\" \/>\n<meta property=\"og:image\" content=\"https:\/\/webdelmaestrocmf.com\/portal\/wp-content\/uploads\/2025\/06\/1A-Banner-1-portada-imagen-10-1-41.jpg\" \/>\n\t<meta property=\"og:image:width\" content=\"1024\" \/>\n\t<meta property=\"og:image:height\" content=\"1024\" \/>\n\t<meta property=\"og:image:type\" content=\"image\/jpeg\" \/>\n<meta name=\"author\" content=\"Web del Maestro CMF\" \/>\n<meta name=\"twitter:card\" content=\"summary_large_image\" \/>\n<meta name=\"twitter:creator\" content=\"@cmf_w\" \/>\n<meta name=\"twitter:site\" content=\"@cmf_w\" \/>\n<script type=\"application\/ld+json\" class=\"yoast-schema-graph\">{\"@context\":\"https:\\\/\\\/schema.org\",\"@graph\":[{\"@type\":\"ScholarlyArticle\",\"@id\":\"https:\\\/\\\/webdelmaestrocmf.com\\\/portal\\\/del-repartidor-al-pupas-10-tipos-de-padres-que-encontraras-en-el-colegio\\\/#article\",\"isPartOf\":{\"@id\":\"https:\\\/\\\/webdelmaestrocmf.com\\\/portal\\\/del-repartidor-al-pupas-10-tipos-de-padres-que-encontraras-en-el-colegio\\\/\"},\"author\":{\"name\":\"Web del Maestro CMF\",\"@id\":\"https:\\\/\\\/webdelmaestrocmf.com\\\/portal\\\/#\\\/schema\\\/person\\\/1072a2ed7bd960df8ef99a551fa35dc5\"},\"headline\":\"Del repartidor al pupas: 10 tipos de padres que encontrar\u00e1s en el colegio\",\"datePublished\":\"2025-06-16T01:12:00+00:00\",\"dateModified\":\"2025-06-17T04:01:59+00:00\",\"mainEntityOfPage\":{\"@id\":\"https:\\\/\\\/webdelmaestrocmf.com\\\/portal\\\/del-repartidor-al-pupas-10-tipos-de-padres-que-encontraras-en-el-colegio\\\/\"},\"wordCount\":1106,\"commentCount\":0,\"publisher\":{\"@id\":\"https:\\\/\\\/webdelmaestrocmf.com\\\/portal\\\/#organization\"},\"image\":{\"@id\":\"https:\\\/\\\/webdelmaestrocmf.com\\\/portal\\\/del-repartidor-al-pupas-10-tipos-de-padres-que-encontraras-en-el-colegio\\\/#primaryimage\"},\"thumbnailUrl\":\"https:\\\/\\\/webdelmaestrocmf.com\\\/portal\\\/wp-content\\\/uploads\\\/2025\\\/06\\\/1A-Banner-1-portada-imagen-10-1-41.jpg\",\"keywords\":[\"10\",\"colegio\",\"encontrar\u00e1s\",\"padres\",\"TIPOS\"],\"articleSection\":[\"Padres\",\"Recursos\"],\"inLanguage\":\"es\",\"potentialAction\":[{\"@type\":\"CommentAction\",\"name\":\"Comment\",\"target\":[\"https:\\\/\\\/webdelmaestrocmf.com\\\/portal\\\/del-repartidor-al-pupas-10-tipos-de-padres-que-encontraras-en-el-colegio\\\/#respond\"]}]},{\"@type\":\"WebPage\",\"@id\":\"https:\\\/\\\/webdelmaestrocmf.com\\\/portal\\\/del-repartidor-al-pupas-10-tipos-de-padres-que-encontraras-en-el-colegio\\\/\",\"url\":\"https:\\\/\\\/webdelmaestrocmf.com\\\/portal\\\/del-repartidor-al-pupas-10-tipos-de-padres-que-encontraras-en-el-colegio\\\/\",\"name\":\"Del repartidor al pupas: 10 tipos de padres que encontrar\u00e1s en el colegio - 2026\",\"isPartOf\":{\"@id\":\"https:\\\/\\\/webdelmaestrocmf.com\\\/portal\\\/#website\"},\"primaryImageOfPage\":{\"@id\":\"https:\\\/\\\/webdelmaestrocmf.com\\\/portal\\\/del-repartidor-al-pupas-10-tipos-de-padres-que-encontraras-en-el-colegio\\\/#primaryimage\"},\"image\":{\"@id\":\"https:\\\/\\\/webdelmaestrocmf.com\\\/portal\\\/del-repartidor-al-pupas-10-tipos-de-padres-que-encontraras-en-el-colegio\\\/#primaryimage\"},\"thumbnailUrl\":\"https:\\\/\\\/webdelmaestrocmf.com\\\/portal\\\/wp-content\\\/uploads\\\/2025\\\/06\\\/1A-Banner-1-portada-imagen-10-1-41.jpg\",\"datePublished\":\"2025-06-16T01:12:00+00:00\",\"dateModified\":\"2025-06-17T04:01:59+00:00\",\"description\":\"Siempre est\u00e1 el que nunca se entera de las cosas o el que lo sabe absolutamente todo del centro, el que se hace el hura\u00f1o e incluso...\",\"breadcrumb\":{\"@id\":\"https:\\\/\\\/webdelmaestrocmf.com\\\/portal\\\/del-repartidor-al-pupas-10-tipos-de-padres-que-encontraras-en-el-colegio\\\/#breadcrumb\"},\"inLanguage\":\"es\",\"potentialAction\":[{\"@type\":\"ReadAction\",\"target\":[\"https:\\\/\\\/webdelmaestrocmf.com\\\/portal\\\/del-repartidor-al-pupas-10-tipos-de-padres-que-encontraras-en-el-colegio\\\/\"]}]},{\"@type\":\"ImageObject\",\"inLanguage\":\"es\",\"@id\":\"https:\\\/\\\/webdelmaestrocmf.com\\\/portal\\\/del-repartidor-al-pupas-10-tipos-de-padres-que-encontraras-en-el-colegio\\\/#primaryimage\",\"url\":\"https:\\\/\\\/webdelmaestrocmf.com\\\/portal\\\/wp-content\\\/uploads\\\/2025\\\/06\\\/1A-Banner-1-portada-imagen-10-1-41.jpg\",\"contentUrl\":\"https:\\\/\\\/webdelmaestrocmf.com\\\/portal\\\/wp-content\\\/uploads\\\/2025\\\/06\\\/1A-Banner-1-portada-imagen-10-1-41.jpg\",\"width\":1024,\"height\":1024},{\"@type\":\"BreadcrumbList\",\"@id\":\"https:\\\/\\\/webdelmaestrocmf.com\\\/portal\\\/del-repartidor-al-pupas-10-tipos-de-padres-que-encontraras-en-el-colegio\\\/#breadcrumb\",\"itemListElement\":[{\"@type\":\"ListItem\",\"position\":1,\"name\":\"Portada\",\"item\":\"https:\\\/\\\/webdelmaestrocmf.com\\\/portal\\\/\"},{\"@type\":\"ListItem\",\"position\":2,\"name\":\"Recursos\",\"item\":\"https:\\\/\\\/webdelmaestrocmf.com\\\/portal\\\/category\\\/pedagogia\\\/\"},{\"@type\":\"ListItem\",\"position\":3,\"name\":\"Del repartidor al pupas: 10 tipos de padres que encontrar\u00e1s en el colegio\"}]},{\"@type\":\"WebSite\",\"@id\":\"https:\\\/\\\/webdelmaestrocmf.com\\\/portal\\\/#website\",\"url\":\"https:\\\/\\\/webdelmaestrocmf.com\\\/portal\\\/\",\"name\":\"Web del Maestro CMF\",\"description\":\"Maestros al servicio de la educaci\u00f3n\",\"publisher\":{\"@id\":\"https:\\\/\\\/webdelmaestrocmf.com\\\/portal\\\/#organization\"},\"alternateName\":\"WMCMF\",\"potentialAction\":[{\"@type\":\"SearchAction\",\"target\":{\"@type\":\"EntryPoint\",\"urlTemplate\":\"https:\\\/\\\/webdelmaestrocmf.com\\\/portal\\\/?s={search_term_string}\"},\"query-input\":{\"@type\":\"PropertyValueSpecification\",\"valueRequired\":true,\"valueName\":\"search_term_string\"}}],\"inLanguage\":\"es\"},{\"@type\":\"Organization\",\"@id\":\"https:\\\/\\\/webdelmaestrocmf.com\\\/portal\\\/#organization\",\"name\":\"Web del Maestro CMF\",\"alternateName\":\"WMCMF\",\"url\":\"https:\\\/\\\/webdelmaestrocmf.com\\\/portal\\\/\",\"logo\":{\"@type\":\"ImageObject\",\"inLanguage\":\"es\",\"@id\":\"https:\\\/\\\/webdelmaestrocmf.com\\\/portal\\\/#\\\/schema\\\/logo\\\/image\\\/\",\"url\":\"https:\\\/\\\/webdelmaestrocmf.com\\\/portal\\\/wp-content\\\/uploads\\\/2023\\\/01\\\/logo-wmcmf-2.png\",\"contentUrl\":\"https:\\\/\\\/webdelmaestrocmf.com\\\/portal\\\/wp-content\\\/uploads\\\/2023\\\/01\\\/logo-wmcmf-2.png\",\"width\":200,\"height\":60,\"caption\":\"Web del Maestro CMF\"},\"image\":{\"@id\":\"https:\\\/\\\/webdelmaestrocmf.com\\\/portal\\\/#\\\/schema\\\/logo\\\/image\\\/\"},\"sameAs\":[\"https:\\\/\\\/www.facebook.com\\\/WebdelMaestroCMF\\\/\",\"https:\\\/\\\/x.com\\\/cmf_w\",\"https:\\\/\\\/www.pinterest.com\\\/WMCMF\\\/\",\"https:\\\/\\\/www.linkedin.com\\\/company\\\/web-del-maestro-cmf\\\/\",\"https:\\\/\\\/www.instagram.com\\\/wmcmf\\\/\",\"https:\\\/\\\/www.youtube.com\\\/channel\\\/UCDPSvjbdodE5sHnC3OxutHw\",\"https:\\\/\\\/mastodon.social\\\/@wmcmf\",\"https:\\\/\\\/www.tiktok.com\\\/@webdelmaestrocmf\"]},{\"@type\":\"Person\",\"@id\":\"https:\\\/\\\/webdelmaestrocmf.com\\\/portal\\\/#\\\/schema\\\/person\\\/1072a2ed7bd960df8ef99a551fa35dc5\",\"name\":\"Web del Maestro CMF\",\"image\":{\"@type\":\"ImageObject\",\"inLanguage\":\"es\",\"@id\":\"https:\\\/\\\/secure.gravatar.com\\\/avatar\\\/23291dd5b5ae1077dcff3dbb04c3e02bd28403fa75af6d8787d5e97c5bbbe30b?s=96&d=mm&r=g\",\"url\":\"https:\\\/\\\/secure.gravatar.com\\\/avatar\\\/23291dd5b5ae1077dcff3dbb04c3e02bd28403fa75af6d8787d5e97c5bbbe30b?s=96&d=mm&r=g\",\"contentUrl\":\"https:\\\/\\\/secure.gravatar.com\\\/avatar\\\/23291dd5b5ae1077dcff3dbb04c3e02bd28403fa75af6d8787d5e97c5bbbe30b?s=96&d=mm&r=g\",\"caption\":\"Web del Maestro CMF\"},\"description\":\"Esta Web se cre\u00f3 sin fines de lucro, con fines educativos, cient\u00edficos y acad\u00e9micos, para personas que tengan dificultades y\\\/o inconvenientes en visualizar el material original. El objetivo es entregar recursos, compartir experiencias y materiales que ayuden a los padres de familia, maestros y estudiantes en su actualizaci\u00f3n y formaci\u00f3n permanente, en bien de la Educaci\u00f3n.\",\"sameAs\":[\"http:\\\/\\\/webdelmaestrocmf.com\\\/portal\",\"https:\\\/\\\/www.facebook.com\\\/WebdelMaestroCMF\\\/\",\"https:\\\/\\\/www.instagram.com\\\/wmcmf\\\/\",\"https:\\\/\\\/cl.linkedin.com\\\/company\\\/web-del-maestro-cmf\",\"https:\\\/\\\/www.pinterest.com\\\/WMCMF\\\/publicaciones\\\/\",\"https:\\\/\\\/x.com\\\/cmf_w\",\"https:\\\/\\\/www.youtube.com\\\/@WMCMF\"]}]}<\/script>\n<!-- \/ Yoast SEO plugin. -->","yoast_head_json":{"title":"Del repartidor al pupas: 10 tipos de padres que encontrar\u00e1s en el colegio - 2026","description":"Siempre est\u00e1 el que nunca se entera de las cosas o el que lo sabe absolutamente todo del centro, el que se hace el hura\u00f1o e incluso...","robots":{"index":"index","follow":"follow","max-snippet":"max-snippet:-1","max-image-preview":"max-image-preview:large","max-video-preview":"max-video-preview:-1"},"canonical":"https:\/\/webdelmaestrocmf.com\/portal\/del-repartidor-al-pupas-10-tipos-de-padres-que-encontraras-en-el-colegio\/","og_locale":"es_ES","og_type":"article","og_title":"Del repartidor al pupas: 10 tipos de padres que encontrar\u00e1s en el colegio - 2026","og_description":"Siempre est\u00e1 el que nunca se entera de las cosas o el que lo sabe absolutamente todo del centro, el que se hace el hura\u00f1o e incluso...","og_url":"https:\/\/webdelmaestrocmf.com\/portal\/del-repartidor-al-pupas-10-tipos-de-padres-que-encontraras-en-el-colegio\/","og_site_name":"Web del Maestro CMF","article_publisher":"https:\/\/www.facebook.com\/WebdelMaestroCMF\/","article_author":"https:\/\/www.facebook.com\/WebdelMaestroCMF\/","article_published_time":"2025-06-16T01:12:00+00:00","article_modified_time":"2025-06-17T04:01:59+00:00","og_image":[{"width":1024,"height":1024,"url":"https:\/\/webdelmaestrocmf.com\/portal\/wp-content\/uploads\/2025\/06\/1A-Banner-1-portada-imagen-10-1-41.jpg","type":"image\/jpeg"}],"author":"Web del Maestro CMF","twitter_card":"summary_large_image","twitter_creator":"@cmf_w","twitter_site":"@cmf_w","schema":{"@context":"https:\/\/schema.org","@graph":[{"@type":"ScholarlyArticle","@id":"https:\/\/webdelmaestrocmf.com\/portal\/del-repartidor-al-pupas-10-tipos-de-padres-que-encontraras-en-el-colegio\/#article","isPartOf":{"@id":"https:\/\/webdelmaestrocmf.com\/portal\/del-repartidor-al-pupas-10-tipos-de-padres-que-encontraras-en-el-colegio\/"},"author":{"name":"Web del Maestro CMF","@id":"https:\/\/webdelmaestrocmf.com\/portal\/#\/schema\/person\/1072a2ed7bd960df8ef99a551fa35dc5"},"headline":"Del repartidor al pupas: 10 tipos de padres que encontrar\u00e1s en el colegio","datePublished":"2025-06-16T01:12:00+00:00","dateModified":"2025-06-17T04:01:59+00:00","mainEntityOfPage":{"@id":"https:\/\/webdelmaestrocmf.com\/portal\/del-repartidor-al-pupas-10-tipos-de-padres-que-encontraras-en-el-colegio\/"},"wordCount":1106,"commentCount":0,"publisher":{"@id":"https:\/\/webdelmaestrocmf.com\/portal\/#organization"},"image":{"@id":"https:\/\/webdelmaestrocmf.com\/portal\/del-repartidor-al-pupas-10-tipos-de-padres-que-encontraras-en-el-colegio\/#primaryimage"},"thumbnailUrl":"https:\/\/webdelmaestrocmf.com\/portal\/wp-content\/uploads\/2025\/06\/1A-Banner-1-portada-imagen-10-1-41.jpg","keywords":["10","colegio","encontrar\u00e1s","padres","TIPOS"],"articleSection":["Padres","Recursos"],"inLanguage":"es","potentialAction":[{"@type":"CommentAction","name":"Comment","target":["https:\/\/webdelmaestrocmf.com\/portal\/del-repartidor-al-pupas-10-tipos-de-padres-que-encontraras-en-el-colegio\/#respond"]}]},{"@type":"WebPage","@id":"https:\/\/webdelmaestrocmf.com\/portal\/del-repartidor-al-pupas-10-tipos-de-padres-que-encontraras-en-el-colegio\/","url":"https:\/\/webdelmaestrocmf.com\/portal\/del-repartidor-al-pupas-10-tipos-de-padres-que-encontraras-en-el-colegio\/","name":"Del repartidor al pupas: 10 tipos de padres que encontrar\u00e1s en el colegio - 2026","isPartOf":{"@id":"https:\/\/webdelmaestrocmf.com\/portal\/#website"},"primaryImageOfPage":{"@id":"https:\/\/webdelmaestrocmf.com\/portal\/del-repartidor-al-pupas-10-tipos-de-padres-que-encontraras-en-el-colegio\/#primaryimage"},"image":{"@id":"https:\/\/webdelmaestrocmf.com\/portal\/del-repartidor-al-pupas-10-tipos-de-padres-que-encontraras-en-el-colegio\/#primaryimage"},"thumbnailUrl":"https:\/\/webdelmaestrocmf.com\/portal\/wp-content\/uploads\/2025\/06\/1A-Banner-1-portada-imagen-10-1-41.jpg","datePublished":"2025-06-16T01:12:00+00:00","dateModified":"2025-06-17T04:01:59+00:00","description":"Siempre est\u00e1 el que nunca se entera de las cosas o el que lo sabe absolutamente todo del centro, el que se hace el hura\u00f1o e incluso...","breadcrumb":{"@id":"https:\/\/webdelmaestrocmf.com\/portal\/del-repartidor-al-pupas-10-tipos-de-padres-que-encontraras-en-el-colegio\/#breadcrumb"},"inLanguage":"es","potentialAction":[{"@type":"ReadAction","target":["https:\/\/webdelmaestrocmf.com\/portal\/del-repartidor-al-pupas-10-tipos-de-padres-que-encontraras-en-el-colegio\/"]}]},{"@type":"ImageObject","inLanguage":"es","@id":"https:\/\/webdelmaestrocmf.com\/portal\/del-repartidor-al-pupas-10-tipos-de-padres-que-encontraras-en-el-colegio\/#primaryimage","url":"https:\/\/webdelmaestrocmf.com\/portal\/wp-content\/uploads\/2025\/06\/1A-Banner-1-portada-imagen-10-1-41.jpg","contentUrl":"https:\/\/webdelmaestrocmf.com\/portal\/wp-content\/uploads\/2025\/06\/1A-Banner-1-portada-imagen-10-1-41.jpg","width":1024,"height":1024},{"@type":"BreadcrumbList","@id":"https:\/\/webdelmaestrocmf.com\/portal\/del-repartidor-al-pupas-10-tipos-de-padres-que-encontraras-en-el-colegio\/#breadcrumb","itemListElement":[{"@type":"ListItem","position":1,"name":"Portada","item":"https:\/\/webdelmaestrocmf.com\/portal\/"},{"@type":"ListItem","position":2,"name":"Recursos","item":"https:\/\/webdelmaestrocmf.com\/portal\/category\/pedagogia\/"},{"@type":"ListItem","position":3,"name":"Del repartidor al pupas: 10 tipos de padres que encontrar\u00e1s en el colegio"}]},{"@type":"WebSite","@id":"https:\/\/webdelmaestrocmf.com\/portal\/#website","url":"https:\/\/webdelmaestrocmf.com\/portal\/","name":"Web del Maestro CMF","description":"Maestros al servicio de la educaci\u00f3n","publisher":{"@id":"https:\/\/webdelmaestrocmf.com\/portal\/#organization"},"alternateName":"WMCMF","potentialAction":[{"@type":"SearchAction","target":{"@type":"EntryPoint","urlTemplate":"https:\/\/webdelmaestrocmf.com\/portal\/?s={search_term_string}"},"query-input":{"@type":"PropertyValueSpecification","valueRequired":true,"valueName":"search_term_string"}}],"inLanguage":"es"},{"@type":"Organization","@id":"https:\/\/webdelmaestrocmf.com\/portal\/#organization","name":"Web del Maestro CMF","alternateName":"WMCMF","url":"https:\/\/webdelmaestrocmf.com\/portal\/","logo":{"@type":"ImageObject","inLanguage":"es","@id":"https:\/\/webdelmaestrocmf.com\/portal\/#\/schema\/logo\/image\/","url":"https:\/\/webdelmaestrocmf.com\/portal\/wp-content\/uploads\/2023\/01\/logo-wmcmf-2.png","contentUrl":"https:\/\/webdelmaestrocmf.com\/portal\/wp-content\/uploads\/2023\/01\/logo-wmcmf-2.png","width":200,"height":60,"caption":"Web del Maestro CMF"},"image":{"@id":"https:\/\/webdelmaestrocmf.com\/portal\/#\/schema\/logo\/image\/"},"sameAs":["https:\/\/www.facebook.com\/WebdelMaestroCMF\/","https:\/\/x.com\/cmf_w","https:\/\/www.pinterest.com\/WMCMF\/","https:\/\/www.linkedin.com\/company\/web-del-maestro-cmf\/","https:\/\/www.instagram.com\/wmcmf\/","https:\/\/www.youtube.com\/channel\/UCDPSvjbdodE5sHnC3OxutHw","https:\/\/mastodon.social\/@wmcmf","https:\/\/www.tiktok.com\/@webdelmaestrocmf"]},{"@type":"Person","@id":"https:\/\/webdelmaestrocmf.com\/portal\/#\/schema\/person\/1072a2ed7bd960df8ef99a551fa35dc5","name":"Web del Maestro CMF","image":{"@type":"ImageObject","inLanguage":"es","@id":"https:\/\/secure.gravatar.com\/avatar\/23291dd5b5ae1077dcff3dbb04c3e02bd28403fa75af6d8787d5e97c5bbbe30b?s=96&d=mm&r=g","url":"https:\/\/secure.gravatar.com\/avatar\/23291dd5b5ae1077dcff3dbb04c3e02bd28403fa75af6d8787d5e97c5bbbe30b?s=96&d=mm&r=g","contentUrl":"https:\/\/secure.gravatar.com\/avatar\/23291dd5b5ae1077dcff3dbb04c3e02bd28403fa75af6d8787d5e97c5bbbe30b?s=96&d=mm&r=g","caption":"Web del Maestro CMF"},"description":"Esta Web se cre\u00f3 sin fines de lucro, con fines educativos, cient\u00edficos y acad\u00e9micos, para personas que tengan dificultades y\/o inconvenientes en visualizar el material original. El objetivo es entregar recursos, compartir experiencias y materiales que ayuden a los padres de familia, maestros y estudiantes en su actualizaci\u00f3n y formaci\u00f3n permanente, en bien de la Educaci\u00f3n.","sameAs":["http:\/\/webdelmaestrocmf.com\/portal","https:\/\/www.facebook.com\/WebdelMaestroCMF\/","https:\/\/www.instagram.com\/wmcmf\/","https:\/\/cl.linkedin.com\/company\/web-del-maestro-cmf","https:\/\/www.pinterest.com\/WMCMF\/publicaciones\/","https:\/\/x.com\/cmf_w","https:\/\/www.youtube.com\/@WMCMF"]}]}},"jetpack_featured_media_url":"https:\/\/webdelmaestrocmf.com\/portal\/wp-content\/uploads\/2025\/06\/1A-Banner-1-portada-imagen-10-1-41.jpg","jetpack_sharing_enabled":true,"jetpack-related-posts":[{"id":108714,"url":"https:\/\/webdelmaestrocmf.com\/portal\/toni-garcia-arias-maestro-muchos-padres-les-dicen-a-sus-hijos-que-si-les-pegan-se-defiendan-que-respondan-con-una-agresion\/","url_meta":{"origin":109457,"position":0},"title":"Toni Garc\u00eda Arias: \u201cMuchos padres les dicen a sus hijos que, si les pegan, se defiendan, que respondan con una agresi\u00f3n\u201d","author":"Web del Maestro CMF","date":"8 abril, 2025","format":false,"excerpt":"La ONG de infancia y educaci\u00f3n\u00a0Educo\u00a0informaba con motivo del D\u00eda Mundial del\u00a0Bullying,\u00a0el pasado 2 de mayo, que en un aula con 30 ni\u00f1os y ni\u00f1as, nueve de ellos han sufrido\u00a0acoso escolar\u00a0u otro tipo de violencia en la escuela en alg\u00fan momento de su vida. Seg\u00fan el informe de la\u00a0Unesco,\u00a0Entornos de\u2026","rel":"","context":"En \u00abEntrevistas\u00bb","block_context":{"text":"Entrevistas","link":"https:\/\/webdelmaestrocmf.com\/portal\/category\/noticias\/entrevistas\/"},"img":{"alt_text":"","src":"https:\/\/i0.wp.com\/webdelmaestrocmf.com\/portal\/wp-content\/uploads\/2025\/04\/1A-Banner-1-portada-imagen-10-1-51.jpg?resize=350%2C200&ssl=1","width":350,"height":200,"srcset":"https:\/\/i0.wp.com\/webdelmaestrocmf.com\/portal\/wp-content\/uploads\/2025\/04\/1A-Banner-1-portada-imagen-10-1-51.jpg?resize=350%2C200&ssl=1 1x, https:\/\/i0.wp.com\/webdelmaestrocmf.com\/portal\/wp-content\/uploads\/2025\/04\/1A-Banner-1-portada-imagen-10-1-51.jpg?resize=525%2C300&ssl=1 1.5x, https:\/\/i0.wp.com\/webdelmaestrocmf.com\/portal\/wp-content\/uploads\/2025\/04\/1A-Banner-1-portada-imagen-10-1-51.jpg?resize=700%2C400&ssl=1 2x"},"classes":[]},{"id":32314,"url":"https:\/\/webdelmaestrocmf.com\/portal\/tipos-de-padres-que-existen-en-la-escuela-y-sin-darse-cuenta-se-convierten-en-una-pesadilla\/","url_meta":{"origin":109457,"position":1},"title":"Padres t\u00f3xicos: \u00bfCu\u00e1les son los tipos de padres que existen en la escuela?","author":"Web del Maestro CMF","date":"14 abril, 2021","format":false,"excerpt":"Estudios han indicado que los ni\u00f1os cuyos padres o cualquier otro adulto, comparte actividades educativas con ellos, tienden a ser mejor en la escuela. Algunos beneficios que se han identificado y que miden el grado de involucramiento de los padres en la educaci\u00f3n, incluyen: Calificaciones\/ notas altas en las pruebas\u2026","rel":"","context":"En \u00abBienestar Familiar\u00bb","block_context":{"text":"Bienestar Familiar","link":"https:\/\/webdelmaestrocmf.com\/portal\/category\/pedagogia\/bienestar-familiar\/"},"img":{"alt_text":"","src":"https:\/\/i0.wp.com\/webdelmaestrocmf.com\/portal\/wp-content\/uploads\/2019\/09\/1-124.jpg?resize=350%2C200&ssl=1","width":350,"height":200,"srcset":"https:\/\/i0.wp.com\/webdelmaestrocmf.com\/portal\/wp-content\/uploads\/2019\/09\/1-124.jpg?resize=350%2C200&ssl=1 1x, https:\/\/i0.wp.com\/webdelmaestrocmf.com\/portal\/wp-content\/uploads\/2019\/09\/1-124.jpg?resize=525%2C300&ssl=1 1.5x, https:\/\/i0.wp.com\/webdelmaestrocmf.com\/portal\/wp-content\/uploads\/2019\/09\/1-124.jpg?resize=700%2C400&ssl=1 2x, https:\/\/i0.wp.com\/webdelmaestrocmf.com\/portal\/wp-content\/uploads\/2019\/09\/1-124.jpg?resize=1050%2C600&ssl=1 3x"},"classes":[]},{"id":27511,"url":"https:\/\/webdelmaestrocmf.com\/portal\/el-mayor-premio-para-un-nino-y-para-una-nina-es-la-atencion-de-sus-padres\/","url_meta":{"origin":109457,"position":2},"title":"Silvia \u00c1lava Sordo: Los deberes escolares siempre son responsabilidad de los estudiantes, nunca de los padres","author":"Web del Maestro CMF","date":"7 noviembre, 2023","format":"video","excerpt":"Silvia \u00c1lava Sordo, naci\u00f3 en Valladolid, Espa\u00f1a, es licenciada en psicolog\u00eda por la Universidad Aut\u00f3noma de Madrid. Es especialista en Psicolog\u00eda Cl\u00ednica y de la Salud y en Psicolog\u00eda Educativa. Ella afirma que \u201ces fundamental, que tanto los padres como los profesores trabajen en el equipo. El objetivo de la\u2026","rel":"","context":"En \u00abCharlas\u00bb","block_context":{"text":"Charlas","link":"https:\/\/webdelmaestrocmf.com\/portal\/category\/charlas\/"},"img":{"alt_text":"Silvia \u00c1lava Sordo","src":"https:\/\/i0.wp.com\/webdelmaestrocmf.com\/portal\/wp-content\/uploads\/2022\/09\/A12B3C4D-16.jpg?resize=350%2C200&ssl=1","width":350,"height":200,"srcset":"https:\/\/i0.wp.com\/webdelmaestrocmf.com\/portal\/wp-content\/uploads\/2022\/09\/A12B3C4D-16.jpg?resize=350%2C200&ssl=1 1x, https:\/\/i0.wp.com\/webdelmaestrocmf.com\/portal\/wp-content\/uploads\/2022\/09\/A12B3C4D-16.jpg?resize=525%2C300&ssl=1 1.5x, https:\/\/i0.wp.com\/webdelmaestrocmf.com\/portal\/wp-content\/uploads\/2022\/09\/A12B3C4D-16.jpg?resize=700%2C400&ssl=1 2x"},"classes":[]},{"id":23106,"url":"https:\/\/webdelmaestrocmf.com\/portal\/padres-directores-colegio-la-comunidad-local-tambien-tienen-valorar-la-labor-los-profesores\/","url_meta":{"origin":109457,"position":3},"title":"Sian Carr: Padres, directores de colegio y la comunidad local tambi\u00e9n tienen que valorar la labor de los profesores","author":"Web del Maestro CMF","date":"25 mayo, 2018","format":false,"excerpt":"La profesora Sian Carr estudi\u00f3 en Milford Haven Grammar School, University College London y el Instituto de Educaci\u00f3n. Es una de las creadoras del nuevo curr\u00edculo de Secundaria y de los procesos de evaluaci\u00f3n de Inglaterra, miembro de la Junta de Gobernadores del Bachillerato Internacional y vicepresidenta de la Asociaci\u00f3n\u2026","rel":"","context":"En \u00abEntrevistas\u00bb","block_context":{"text":"Entrevistas","link":"https:\/\/webdelmaestrocmf.com\/portal\/category\/noticias\/entrevistas\/"},"img":{"alt_text":"","src":"https:\/\/i0.wp.com\/webdelmaestrocmf.com\/portal\/wp-content\/uploads\/2018\/05\/2-copia.jpg?resize=350%2C200&ssl=1","width":350,"height":200,"srcset":"https:\/\/i0.wp.com\/webdelmaestrocmf.com\/portal\/wp-content\/uploads\/2018\/05\/2-copia.jpg?resize=350%2C200&ssl=1 1x, https:\/\/i0.wp.com\/webdelmaestrocmf.com\/portal\/wp-content\/uploads\/2018\/05\/2-copia.jpg?resize=525%2C300&ssl=1 1.5x, https:\/\/i0.wp.com\/webdelmaestrocmf.com\/portal\/wp-content\/uploads\/2018\/05\/2-copia.jpg?resize=700%2C400&ssl=1 2x, https:\/\/i0.wp.com\/webdelmaestrocmf.com\/portal\/wp-content\/uploads\/2018\/05\/2-copia.jpg?resize=1050%2C600&ssl=1 3x"},"classes":[]},{"id":82582,"url":"https:\/\/webdelmaestrocmf.com\/portal\/los-padres-siguen-llevando-a-sus-hijos-hacer-clases-aun-estando-enfermos\/","url_meta":{"origin":109457,"position":4},"title":"\u00bfLos padres siguen llevando a sus hijos hacer clases a\u00fan estando enfermos?","author":"Web del Maestro CMF","date":"10 junio, 2024","format":false,"excerpt":"Es una pr\u00e1ctica com\u00fan entre algunos padres llevar a sus hijos a clases incluso cuando est\u00e1n enfermos. Si bien es comprensible que los padres quieran que sus hijos no se retrasen en el aprendizaje, esta decisi\u00f3n puede tener consecuencias negativas tanto para el ni\u00f1o enfermo como para sus compa\u00f1eros de\u2026","rel":"","context":"En \u00abEducaci\u00f3n y Familia\u00bb","block_context":{"text":"Educaci\u00f3n y Familia","link":"https:\/\/webdelmaestrocmf.com\/portal\/category\/pedagogia\/educacion-y-familia\/"},"img":{"alt_text":"","src":"https:\/\/i0.wp.com\/webdelmaestrocmf.com\/portal\/wp-content\/uploads\/2023\/01\/1-86.jpg?resize=350%2C200&ssl=1","width":350,"height":200,"srcset":"https:\/\/i0.wp.com\/webdelmaestrocmf.com\/portal\/wp-content\/uploads\/2023\/01\/1-86.jpg?resize=350%2C200&ssl=1 1x, https:\/\/i0.wp.com\/webdelmaestrocmf.com\/portal\/wp-content\/uploads\/2023\/01\/1-86.jpg?resize=525%2C300&ssl=1 1.5x, https:\/\/i0.wp.com\/webdelmaestrocmf.com\/portal\/wp-content\/uploads\/2023\/01\/1-86.jpg?resize=700%2C400&ssl=1 2x"},"classes":[]},{"id":73870,"url":"https:\/\/webdelmaestrocmf.com\/portal\/el-machismo-esta-creciendo-mucho-en-la-edad-adolescente-y-es-preocupante\/","url_meta":{"origin":109457,"position":5},"title":"El machismo est\u00e1 creciendo mucho en la edad adolescente. Y es preocupante","author":"Web del Maestro CMF","date":"29 octubre, 2022","format":false,"excerpt":"El profesor espa\u00f1ol Sergio L\u00f3pez Sanz, tambi\u00e9n conocido como Haze (el seud\u00f3nimo que invent\u00f3 para firmar grafitis). Vivi\u00f3 muy deprisa hasta los 20 a\u00f1os, cuando entr\u00f3 en prisi\u00f3n, y dice \u201cme hab\u00eda ido de casa por una pelea con mis padres. Pens\u00e9 que pod\u00eda llevar la vida de algunos amigos\u2026","rel":"","context":"En \u00abCharlas\u00bb","block_context":{"text":"Charlas","link":"https:\/\/webdelmaestrocmf.com\/portal\/category\/charlas\/"},"img":{"alt_text":"","src":"https:\/\/i0.wp.com\/webdelmaestrocmf.com\/portal\/wp-content\/uploads\/2022\/02\/1-11.jpg?resize=350%2C200&ssl=1","width":350,"height":200,"srcset":"https:\/\/i0.wp.com\/webdelmaestrocmf.com\/portal\/wp-content\/uploads\/2022\/02\/1-11.jpg?resize=350%2C200&ssl=1 1x, https:\/\/i0.wp.com\/webdelmaestrocmf.com\/portal\/wp-content\/uploads\/2022\/02\/1-11.jpg?resize=525%2C300&ssl=1 1.5x, https:\/\/i0.wp.com\/webdelmaestrocmf.com\/portal\/wp-content\/uploads\/2022\/02\/1-11.jpg?resize=700%2C400&ssl=1 2x, https:\/\/i0.wp.com\/webdelmaestrocmf.com\/portal\/wp-content\/uploads\/2022\/02\/1-11.jpg?resize=1050%2C600&ssl=1 3x"},"classes":[]}],"_links":{"self":[{"href":"https:\/\/webdelmaestrocmf.com\/portal\/wp-json\/wp\/v2\/posts\/109457","targetHints":{"allow":["GET"]}}],"collection":[{"href":"https:\/\/webdelmaestrocmf.com\/portal\/wp-json\/wp\/v2\/posts"}],"about":[{"href":"https:\/\/webdelmaestrocmf.com\/portal\/wp-json\/wp\/v2\/types\/post"}],"author":[{"embeddable":true,"href":"https:\/\/webdelmaestrocmf.com\/portal\/wp-json\/wp\/v2\/users\/1"}],"replies":[{"embeddable":true,"href":"https:\/\/webdelmaestrocmf.com\/portal\/wp-json\/wp\/v2\/comments?post=109457"}],"version-history":[{"count":8,"href":"https:\/\/webdelmaestrocmf.com\/portal\/wp-json\/wp\/v2\/posts\/109457\/revisions"}],"predecessor-version":[{"id":109794,"href":"https:\/\/webdelmaestrocmf.com\/portal\/wp-json\/wp\/v2\/posts\/109457\/revisions\/109794"}],"wp:featuredmedia":[{"embeddable":true,"href":"https:\/\/webdelmaestrocmf.com\/portal\/wp-json\/wp\/v2\/media\/109458"}],"wp:attachment":[{"href":"https:\/\/webdelmaestrocmf.com\/portal\/wp-json\/wp\/v2\/media?parent=109457"}],"wp:term":[{"taxonomy":"category","embeddable":true,"href":"https:\/\/webdelmaestrocmf.com\/portal\/wp-json\/wp\/v2\/categories?post=109457"},{"taxonomy":"post_tag","embeddable":true,"href":"https:\/\/webdelmaestrocmf.com\/portal\/wp-json\/wp\/v2\/tags?post=109457"}],"curies":[{"name":"wp","href":"https:\/\/api.w.org\/{rel}","templated":true}]}}