{"id":109434,"date":"2025-06-14T18:26:55","date_gmt":"2025-06-14T22:26:55","guid":{"rendered":"https:\/\/webdelmaestrocmf.com\/portal\/?p=109434"},"modified":"2025-06-14T18:27:46","modified_gmt":"2025-06-14T22:27:46","slug":"arquidiocesis-de-chicago-rinde-homenaje-al-papa-leon-xiv-y-canta-el-himno-nacional-del-peru-en-vivo","status":"publish","type":"post","link":"https:\/\/webdelmaestrocmf.com\/portal\/arquidiocesis-de-chicago-rinde-homenaje-al-papa-leon-xiv-y-canta-el-himno-nacional-del-peru-en-vivo\/","title":{"rendered":"Arquidi\u00f3cesis de Chicago rinde homenaje al Papa Le\u00f3n XIV y canta el himno nacional del Per\u00fa en vivo"},"content":{"rendered":"<p style=\"text-align: justify;\">El emotivo momento destac\u00f3 nuevamente, ante la comunidad internacional, el fuerte v\u00ednculo que une al Sumo Pont\u00edfice Le\u00f3n XIV con el Per\u00fa.<!--more--><\/p>\n<p style=\"text-align: justify;\">El Per\u00fa vuelve a estar presente. Durante una ceremonia de homenaje al Papa Le\u00f3n XIV, la Arquidi\u00f3cesis de Chicago enton\u00f3, en vivo, el himno nacional frente a una gran cantidad de seguidores que asistieron al evento. \u00abQu\u00e9 viva el Per\u00fa\u00bb, fueron las palabras finales que dio Luis Galv\u00e9z, encargado de interpretar dicho s\u00edmbolo patrio.<\/p>\n<p style=\"text-align: justify;\">Galvez, director de M\u00fasica en Mary, Mother of Divine Grace Parish, forma parte del cuerpo docente de canto en Old Town School en Columbia College y es un reconocido instructor de piano y voz en el \u00e1rea de Chicago. Una vez m\u00e1s, se destaca el fuerte v\u00ednculo del Sumo Pont\u00edfice con el pa\u00eds en que vivi\u00f3 por 40 a\u00f1os.<\/p>\n<div style=\"position: relative; padding-bottom: 56.25%; height: 0; overflow: hidden;\"><iframe style=\"width: 100%; height: 100%; position: absolute; left: 0px; top: 0px; overflow: hidden; border: none;\" title=\"Dailymotion Video Player\" src=\"https:\/\/geo.dailymotion.com\/player.html?video=x9ldsim\" allowfullscreen=\"allowfullscreen\"><br \/>\n<\/iframe><\/div>\n<h3 style=\"text-align: left;\"><strong>\u00bfQui\u00e9n es el peruano que enton\u00f3 el himno nacional en Chicago?<\/strong><\/h3>\n<p style=\"text-align: justify;\">Este s\u00e1bado 14 de junio, durante una emotiva ceremonia, la Arquidi\u00f3cesis de Chicago rindi\u00f3 homenaje al Papa Le\u00f3n XIV con un mensaje especial dirigido a los j\u00f3venes del mundo. El evento incluy\u00f3 la interpretaci\u00f3n en vivo del himno nacional del Per\u00fa, como s\u00edmbolo de unidad y fe entre comunidades.<\/p>\n<p style=\"text-align: justify;\">El encargo de entonar dicho s\u00edmbolo patrio Luis Antonio Galvez-Alcantara, un ciudadano peruano, natural de Lima, que ha sido galardonado con el Premio Tumi del Per\u00fa por su contribuci\u00f3n cultural y liderazgo como inmigrante latinoamericano en Estados Unidos.<\/p>\n<p style=\"text-align: justify;\">Con una trayectoria que inici\u00f3 a los 10 a\u00f1os como organista y director de coro, Luis ha dedicado su vida a promover la herencia musical peruana y formar a nuevas generaciones de m\u00fasicos. Entre sus presentaciones futuras destacan actuaciones con la Falconaires Orchestra, el concierto The Tenors Three, celebraciones por la Independencia del Per\u00fa en el Daley Center y como solista en Inglaterra con el Christ Church Choir de Winnetka, Illinois.<\/p>\n<h3 data-start=\"62\" data-end=\"103\"><strong data-start=\"62\" data-end=\"103\">\u00bfPor qu\u00e9 el Papa Le\u00f3n XIV es peruano?<\/strong><\/h3>\n<p style=\"text-align: justify;\">Entrevista | Monse\u00f1or Jordi Bertomeu: \u201cEl Papa se ha hecho peruano, es un obispo plenamente peruano y nadie m\u00e1s debe apropi\u00e1rselo: es un Papa peruano por adopci\u00f3n\u201d. Desde Roma, revela que la pasi\u00f3n del Pont\u00edfice por el Per\u00fa naci\u00f3 cuando apenas ten\u00eda cinco a\u00f1os.<\/p>\n<h3 style=\"position: relative; padding-bottom: 56.25%; height: 0px; overflow: hidden; text-align: justify;\"><iframe style=\"width: 100%; height: 100%; position: absolute; left: 0px; top: 0px; overflow: hidden; border: none;\" title=\"Dailymotion Video Player\" src=\"https:\/\/geo.dailymotion.com\/player.html?video=x9ldsnu\" allowfullscreen=\"allowfullscreen\"><br \/>\n<\/iframe><\/h3>\n<h3 style=\"text-align: justify;\"><strong>El Papa Le\u00f3n XIV visitar\u00e1 el Per\u00fa<\/strong><\/h3>\n<p style=\"text-align: justify;\">En mayo de este a\u00f1o, el cardenal uruguayo Daniel Sturla anunci\u00f3 que el papa Le\u00f3n XIV incluir\u00e1 a Per\u00fa, Argentina y Uruguay en su primera gira por Am\u00e9rica Latina. A diferencia de su predecesor, estos pa\u00edses no fueron parte del recorrido anterior.<\/p>\n<p style=\"text-align: justify;\">\u201c\u00c9l (lo) tiene muy claro. (Estos dos \u00faltimos pa\u00edses) faltaron en la agenda de Francisco, no en el deseo de Francisco. Creo que la primera visita a Latinoam\u00e9rica, me parece \u2014no soy el que le lleva la agenda\u2014, va a tener Argentina, Uruguay y posiblemente Per\u00fa en su itinerario\u201d, declar\u00f3 Sturla para una entrevista con la Radio Carve de Montevideo.<\/p>\n<h3 style=\"text-align: justify;\"><strong>A un mes de su pontificado, el Per\u00fa sigue presente<\/strong><\/h3>\n<p style=\"text-align: justify;\">Ha pasado m\u00e1s de un mes desde que Robert Prevost, estadounidense natural de Chicago y nacionalizado peruano, fue electo en el c\u00f3nclave como el nuevo papa. \u00c9l, quien adopto el nombre de Le\u00f3n XI y asumi\u00f3 el rol de l\u00edder de la Iglesia Cat\u00f3lica \u201csin tener ning\u00fan m\u00e9rito\u201d, como dir\u00eda d\u00edas despu\u00e9s de su elecci\u00f3n, siempre ha tenido presente el pa\u00eds en el que fue misionero por m\u00e1s de 40 a\u00f1os.<\/p>\n<p style=\"text-align: justify;\">Durante su primer discurso como papa, se tom\u00f3 un tiempo para mandar saludos a Chiclayo en espa\u00f1ol. \u201cY si me permiten tambi\u00e9n una palabra, un saludo, a todos aquellos, y en modo particular a mi querida di\u00f3cesis de Chiclayo, en el Per\u00fa, donde un pueblo fiel ha acompa\u00f1ado a su obispo, ha compartido su fe, y ha dado tanto, para seguir siendo Iglesia fiel de Jesucristo\u201d.<\/p>\n<p style=\"text-align: justify;\">Finalmente, la periodista Paola Ugaz, una de las investigadoras principales del caso Sodalicio, ha referido que la Sala Stampa del Vaticano contar\u00e1 con un espacio dedicado a la ciudad norte\u00f1a que lo acogi\u00f3. \u201cEs muy bonito porque ha puesto en valor un lugar que ahora est\u00e1 dejado de menos por las autoridades. Todo el mundo est\u00e1 hablando de la cultura, de la comida, del Se\u00f1or de Sip\u00e1n. La sala de prensa del Vaticano va a tener un bot\u00f3n especial donde haces clic y aparece la historia de Chiclayo\u201d, declar\u00f3 en di\u00e1logo con Latina.<\/p>\n<p>Fuente: <a href=\"https:\/\/larepublica.pe\/sociedad\/2025\/06\/14\/arquidiocesis-de-chicago-rinde-homenaje-al-papa-leon-xiv-y-canta-el-himno-nacional-del-peru-en-vivo-837564?fbclid=IwY2xjawK6znhleHRuA2FlbQIxMQBicmlkETByNHRsQjdxaU13ZmllbUpFAR7TfdwTno4gIsSu-MZi_TsA6nYUGWak5OR_RmVPiA1Nya5cNuFr1ORIonhLig_aem_nuJH3y-oC_UzDJ_7ObmzDg\" target=\"_blank\" rel=\"noopener\">La Rep\u00fablica.<\/a><\/p>\n\t\t<div class=\"pk-inline-posts\">\n\t\t\t\n\t\t\t<div class=\"pk-inline-posts-container pk-inline-posts-template-list\"\n\t\t\t\tdata-columns=\"1\">\n\t\t\t\t\t\t<article id=\"post-117930\" class=\"post-117930 post type-post status-publish format-standard has-post-thumbnail category-pastoral category-noticias-internacionales category-papa-leon-xiv tag-conflictos tag-derechos-humanos tag-educacion-en-valores-2 tag-etica-3 tag-justicia-social tag-liderazgo tag-papa-2 tag-paz tag-reflexion-2 tag-solidaridad cs-entry cs-video-wrap\">\n\t\t\t<div class=\"pk-post-outer\">\n\n\t\t\t\t\t\t\t\t<div class=\"pk-post-inner\">\n\t\t\t\t\t<div class=\"entry-thumbnail\">\n\t\t\t\t\t\t<div class=\"pk-overlay pk-overlay-ratio pk-ratio-landscape\">\n\t\t\t\t\t\t\t<div class=\"pk-overlay-background\">\n\t\t\t\t\t\t\t\t<a href=\"https:\/\/webdelmaestrocmf.com\/portal\/papa-leon-xiv-el-mundo-esta-siendo-destruido-por-unos-pocos-tiranos-en-referencia-a-trump\/\" class=\"pk-overlay-link\">\n\t\t\t\t\t\t\t\t\t<img loading=\"lazy\" decoding=\"async\" width=\"300\" height=\"225\" src=\"https:\/\/webdelmaestrocmf.com\/portal\/wp-content\/uploads\/2026\/04\/1AA-Banner-1-portada-imagen-10-1-copia-30-300x225.webp\" class=\"attachment-pk-thumbnail size-pk-thumbnail wp-post-image\" alt=\"\" \/>\t\t\t\t\t\t\t\t<\/a>\n\t\t\t\t\t\t\t<\/div>\n\t\t\t\t\t\t<\/div>\n\t\t\t\t\t<\/div>\n\t\t\t\t<\/div>\n\t\t\t\t\n\t\t\t\t<div class=\"pk-post-inner\">\n\t\t\t\t\t<header>\n\t\t\t\t\t\t<h3 class=\"pk-title\"><a href=\"https:\/\/webdelmaestrocmf.com\/portal\/papa-leon-xiv-el-mundo-esta-siendo-destruido-por-unos-pocos-tiranos-en-referencia-a-trump\/\" rel=\"bookmark\">Papa Le\u00f3n XIV: \u201cEl mundo est\u00e1 siendo destruido por unos pocos tiranos\u201d, en referencia a Trump<\/a><\/h3>\t\t\t\t\t<\/header><!-- .entry-header -->\n\t\t\t\t<\/div><!-- .post-inner -->\n\n\t\t\t<\/div><!-- .post-outer -->\n\t\t<\/article>\n\t\t\t<article id=\"post-117688\" class=\"post-117688 post type-post status-publish format-standard has-post-thumbnail category-pastoral category-noticias-internacionales category-papa-leon-xiv tag-actualidad-educativa tag-conflictos-internacionales tag-donald-trump tag-educacion-civica tag-liderazgo-etico tag-papa-leon-xiv-2 tag-paz-mundial tag-pensamiento-critico-3 tag-sociedad-global tag-valores-humanos cs-entry cs-video-wrap\">\n\t\t\t<div class=\"pk-post-outer\">\n\n\t\t\t\t\t\t\t\t<div class=\"pk-post-inner\">\n\t\t\t\t\t<div class=\"entry-thumbnail\">\n\t\t\t\t\t\t<div class=\"pk-overlay pk-overlay-ratio pk-ratio-landscape\">\n\t\t\t\t\t\t\t<div class=\"pk-overlay-background\">\n\t\t\t\t\t\t\t\t<a href=\"https:\/\/webdelmaestrocmf.com\/portal\/papa-leon-xiv-responde-al-mandatario-tras-criticas-por-llamar-a-la-paz-no-le-tengo-miedo-a-la-administracion-de-trump\/\" class=\"pk-overlay-link\">\n\t\t\t\t\t\t\t\t\t<img loading=\"lazy\" decoding=\"async\" width=\"300\" height=\"225\" src=\"https:\/\/webdelmaestrocmf.com\/portal\/wp-content\/uploads\/2026\/04\/1AA-Banner-1-portada-imagen-10-1-copia-8-1-300x225.webp\" class=\"attachment-pk-thumbnail size-pk-thumbnail wp-post-image\" alt=\"\" \/>\t\t\t\t\t\t\t\t<\/a>\n\t\t\t\t\t\t\t<\/div>\n\t\t\t\t\t\t<\/div>\n\t\t\t\t\t<\/div>\n\t\t\t\t<\/div>\n\t\t\t\t\n\t\t\t\t<div class=\"pk-post-inner\">\n\t\t\t\t\t<header>\n\t\t\t\t\t\t<h3 class=\"pk-title\"><a href=\"https:\/\/webdelmaestrocmf.com\/portal\/papa-leon-xiv-responde-al-mandatario-tras-criticas-por-llamar-a-la-paz-no-le-tengo-miedo-a-la-administracion-de-trump\/\" rel=\"bookmark\">Papa Le\u00f3n XIV responde al mandatario tras cr\u00edticas por llamar a la paz: No le tengo miedo a la administraci\u00f3n de Trump<\/a><\/h3>\t\t\t\t\t<\/header><!-- .entry-header -->\n\t\t\t\t<\/div><!-- .post-inner -->\n\n\t\t\t<\/div><!-- .post-outer -->\n\t\t<\/article>\n\t\t\t<article id=\"post-117286\" class=\"post-117286 post type-post status-publish format-standard has-post-thumbnail category-pastoral category-papa-leon-xiv tag-cultura-de-paz tag-derechos-humanos tag-dialogo tag-educacion-en-valores-2 tag-etica-3 tag-justicia-social tag-no-violencia tag-paz tag-reflexion-2 tag-responsabilidad-social cs-entry cs-video-wrap\">\n\t\t\t<div class=\"pk-post-outer\">\n\n\t\t\t\t\t\t\t\t<div class=\"pk-post-inner\">\n\t\t\t\t\t<div class=\"entry-thumbnail\">\n\t\t\t\t\t\t<div class=\"pk-overlay pk-overlay-ratio pk-ratio-landscape\">\n\t\t\t\t\t\t\t<div class=\"pk-overlay-background\">\n\t\t\t\t\t\t\t\t<a href=\"https:\/\/webdelmaestrocmf.com\/portal\/el-papa-leon-xiv-llama-a-la-paz-y-a-abandonar-las-armas-en-pascua\/\" class=\"pk-overlay-link\">\n\t\t\t\t\t\t\t\t\t<img loading=\"lazy\" decoding=\"async\" width=\"300\" height=\"225\" src=\"https:\/\/webdelmaestrocmf.com\/portal\/wp-content\/uploads\/2026\/04\/1AA-Banner-1-portada-imagen-10-1-copia-17-300x225.webp\" class=\"attachment-pk-thumbnail size-pk-thumbnail wp-post-image\" alt=\"\" \/>\t\t\t\t\t\t\t\t<\/a>\n\t\t\t\t\t\t\t<\/div>\n\t\t\t\t\t\t<\/div>\n\t\t\t\t\t<\/div>\n\t\t\t\t<\/div>\n\t\t\t\t\n\t\t\t\t<div class=\"pk-post-inner\">\n\t\t\t\t\t<header>\n\t\t\t\t\t\t<h3 class=\"pk-title\"><a href=\"https:\/\/webdelmaestrocmf.com\/portal\/el-papa-leon-xiv-llama-a-la-paz-y-a-abandonar-las-armas-en-pascua\/\" rel=\"bookmark\">El Papa Le\u00f3n XIV llama a la paz y a abandonar las armas en Pascua<\/a><\/h3>\t\t\t\t\t<\/header><!-- .entry-header -->\n\t\t\t\t<\/div><!-- .post-inner -->\n\n\t\t\t<\/div><!-- .post-outer -->\n\t\t<\/article>\n\t\t\t\t<\/div>\n\t\t<\/div>\n\t\t\n","protected":false},"excerpt":{"rendered":"El emotivo momento destac\u00f3 nuevamente, ante la comunidad internacional, el fuerte v\u00ednculo que une al Sumo Pont\u00edfice Le\u00f3n&hellip;","protected":false},"author":1,"featured_media":109435,"comment_status":"open","ping_status":"closed","sticky":false,"template":"","format":"standard","meta":{"csco_display_header_overlay":false,"csco_singular_sidebar":"","csco_page_header_type":"","csco_page_load_nextpost":"","csco_post_video_location":[],"csco_post_video_location_hash":"","csco_post_video_url":"","csco_post_video_bg_start_time":0,"csco_post_video_bg_end_time":0,"csco_post_video_bg_volume":false,"_jetpack_memberships_contains_paid_content":false,"footnotes":""},"categories":[431,23644],"tags":[23777,14789,23780,2764,904,23778,4003,880,169,2915,23779],"class_list":{"0":"post-109434","1":"post","2":"type-post","3":"status-publish","4":"format-standard","5":"has-post-thumbnail","7":"category-pastoral","8":"category-papa-leon-xiv","9":"tag-arquidiocesis","10":"tag-chicago","11":"tag-en","12":"tag-himno","13":"tag-homenaje","14":"tag-leon","15":"tag-nacional","16":"tag-papa","17":"tag-peru","18":"tag-vivo","19":"tag-xiv","20":"cs-entry","21":"cs-video-wrap"},"yoast_head":"<!-- This site is optimized with the Yoast SEO plugin v27.5 - https:\/\/yoast.com\/product\/yoast-seo-wordpress\/ -->\n<title>Arquidi\u00f3cesis de Chicago rinde homenaje al Papa Le\u00f3n XIV y canta el himno nacional del Per\u00fa en vivo - 2026<\/title>\n<meta name=\"description\" content=\"El emotivo momento destac\u00f3 nuevamente, ante la comunidad internacional, el fuerte v\u00ednculo que une al Sumo Pont\u00edfice Le\u00f3n XIV con el Per\u00fa.\" \/>\n<meta name=\"robots\" content=\"index, follow, max-snippet:-1, max-image-preview:large, max-video-preview:-1\" \/>\n<link rel=\"canonical\" href=\"https:\/\/webdelmaestrocmf.com\/portal\/arquidiocesis-de-chicago-rinde-homenaje-al-papa-leon-xiv-y-canta-el-himno-nacional-del-peru-en-vivo\/\" \/>\n<meta property=\"og:locale\" content=\"es_ES\" \/>\n<meta property=\"og:type\" content=\"article\" \/>\n<meta property=\"og:title\" content=\"Arquidi\u00f3cesis de Chicago rinde homenaje al Papa Le\u00f3n XIV y canta el himno nacional del Per\u00fa en vivo - 2026\" \/>\n<meta property=\"og:description\" content=\"El emotivo momento destac\u00f3 nuevamente, ante la comunidad internacional, el fuerte v\u00ednculo que une al Sumo Pont\u00edfice Le\u00f3n XIV con el Per\u00fa.\" \/>\n<meta property=\"og:url\" content=\"https:\/\/webdelmaestrocmf.com\/portal\/arquidiocesis-de-chicago-rinde-homenaje-al-papa-leon-xiv-y-canta-el-himno-nacional-del-peru-en-vivo\/\" \/>\n<meta property=\"og:site_name\" content=\"Web del Maestro CMF\" \/>\n<meta property=\"article:publisher\" content=\"https:\/\/www.facebook.com\/WebdelMaestroCMF\/\" \/>\n<meta property=\"article:author\" content=\"https:\/\/www.facebook.com\/WebdelMaestroCMF\/\" \/>\n<meta property=\"article:published_time\" content=\"2025-06-14T22:26:55+00:00\" \/>\n<meta property=\"article:modified_time\" content=\"2025-06-14T22:27:46+00:00\" \/>\n<meta property=\"og:image\" content=\"https:\/\/webdelmaestrocmf.com\/portal\/wp-content\/uploads\/2025\/06\/1A-Banner-1-portada-imagen-10-1-40.jpg\" \/>\n\t<meta property=\"og:image:width\" content=\"1024\" \/>\n\t<meta property=\"og:image:height\" content=\"1024\" \/>\n\t<meta property=\"og:image:type\" content=\"image\/jpeg\" \/>\n<meta name=\"author\" content=\"Web del Maestro CMF\" \/>\n<meta name=\"twitter:card\" content=\"summary_large_image\" \/>\n<meta name=\"twitter:creator\" content=\"@cmf_w\" \/>\n<meta name=\"twitter:site\" content=\"@cmf_w\" \/>\n<script type=\"application\/ld+json\" class=\"yoast-schema-graph\">{\"@context\":\"https:\\\/\\\/schema.org\",\"@graph\":[{\"@type\":\"ScholarlyArticle\",\"@id\":\"https:\\\/\\\/webdelmaestrocmf.com\\\/portal\\\/arquidiocesis-de-chicago-rinde-homenaje-al-papa-leon-xiv-y-canta-el-himno-nacional-del-peru-en-vivo\\\/#article\",\"isPartOf\":{\"@id\":\"https:\\\/\\\/webdelmaestrocmf.com\\\/portal\\\/arquidiocesis-de-chicago-rinde-homenaje-al-papa-leon-xiv-y-canta-el-himno-nacional-del-peru-en-vivo\\\/\"},\"author\":{\"name\":\"Web del Maestro CMF\",\"@id\":\"https:\\\/\\\/webdelmaestrocmf.com\\\/portal\\\/#\\\/schema\\\/person\\\/1072a2ed7bd960df8ef99a551fa35dc5\"},\"headline\":\"Arquidi\u00f3cesis de Chicago rinde homenaje al Papa Le\u00f3n XIV y canta el himno nacional del Per\u00fa en vivo\",\"datePublished\":\"2025-06-14T22:26:55+00:00\",\"dateModified\":\"2025-06-14T22:27:46+00:00\",\"mainEntityOfPage\":{\"@id\":\"https:\\\/\\\/webdelmaestrocmf.com\\\/portal\\\/arquidiocesis-de-chicago-rinde-homenaje-al-papa-leon-xiv-y-canta-el-himno-nacional-del-peru-en-vivo\\\/\"},\"wordCount\":790,\"commentCount\":0,\"publisher\":{\"@id\":\"https:\\\/\\\/webdelmaestrocmf.com\\\/portal\\\/#organization\"},\"image\":{\"@id\":\"https:\\\/\\\/webdelmaestrocmf.com\\\/portal\\\/arquidiocesis-de-chicago-rinde-homenaje-al-papa-leon-xiv-y-canta-el-himno-nacional-del-peru-en-vivo\\\/#primaryimage\"},\"thumbnailUrl\":\"https:\\\/\\\/webdelmaestrocmf.com\\\/portal\\\/wp-content\\\/uploads\\\/2025\\\/06\\\/1A-Banner-1-portada-imagen-10-1-40.jpg\",\"keywords\":[\"Arquidi\u00f3cesis\",\"Chicago\",\"en\",\"HIMNO\",\"homenaje\",\"Le\u00f3n\",\"NACIONAL\",\"pap\u00e1\",\"Per\u00fa\",\"VIVO\",\"XIV\"],\"articleSection\":[\"Mundo cart\u00f3lico\",\"Papa Le\u00f3n XIV\"],\"inLanguage\":\"es\",\"potentialAction\":[{\"@type\":\"CommentAction\",\"name\":\"Comment\",\"target\":[\"https:\\\/\\\/webdelmaestrocmf.com\\\/portal\\\/arquidiocesis-de-chicago-rinde-homenaje-al-papa-leon-xiv-y-canta-el-himno-nacional-del-peru-en-vivo\\\/#respond\"]}]},{\"@type\":\"WebPage\",\"@id\":\"https:\\\/\\\/webdelmaestrocmf.com\\\/portal\\\/arquidiocesis-de-chicago-rinde-homenaje-al-papa-leon-xiv-y-canta-el-himno-nacional-del-peru-en-vivo\\\/\",\"url\":\"https:\\\/\\\/webdelmaestrocmf.com\\\/portal\\\/arquidiocesis-de-chicago-rinde-homenaje-al-papa-leon-xiv-y-canta-el-himno-nacional-del-peru-en-vivo\\\/\",\"name\":\"Arquidi\u00f3cesis de Chicago rinde homenaje al Papa Le\u00f3n XIV y canta el himno nacional del Per\u00fa en vivo - 2026\",\"isPartOf\":{\"@id\":\"https:\\\/\\\/webdelmaestrocmf.com\\\/portal\\\/#website\"},\"primaryImageOfPage\":{\"@id\":\"https:\\\/\\\/webdelmaestrocmf.com\\\/portal\\\/arquidiocesis-de-chicago-rinde-homenaje-al-papa-leon-xiv-y-canta-el-himno-nacional-del-peru-en-vivo\\\/#primaryimage\"},\"image\":{\"@id\":\"https:\\\/\\\/webdelmaestrocmf.com\\\/portal\\\/arquidiocesis-de-chicago-rinde-homenaje-al-papa-leon-xiv-y-canta-el-himno-nacional-del-peru-en-vivo\\\/#primaryimage\"},\"thumbnailUrl\":\"https:\\\/\\\/webdelmaestrocmf.com\\\/portal\\\/wp-content\\\/uploads\\\/2025\\\/06\\\/1A-Banner-1-portada-imagen-10-1-40.jpg\",\"datePublished\":\"2025-06-14T22:26:55+00:00\",\"dateModified\":\"2025-06-14T22:27:46+00:00\",\"description\":\"El emotivo momento destac\u00f3 nuevamente, ante la comunidad internacional, el fuerte v\u00ednculo que une al Sumo Pont\u00edfice Le\u00f3n XIV con el Per\u00fa.\",\"breadcrumb\":{\"@id\":\"https:\\\/\\\/webdelmaestrocmf.com\\\/portal\\\/arquidiocesis-de-chicago-rinde-homenaje-al-papa-leon-xiv-y-canta-el-himno-nacional-del-peru-en-vivo\\\/#breadcrumb\"},\"inLanguage\":\"es\",\"potentialAction\":[{\"@type\":\"ReadAction\",\"target\":[\"https:\\\/\\\/webdelmaestrocmf.com\\\/portal\\\/arquidiocesis-de-chicago-rinde-homenaje-al-papa-leon-xiv-y-canta-el-himno-nacional-del-peru-en-vivo\\\/\"]}]},{\"@type\":\"ImageObject\",\"inLanguage\":\"es\",\"@id\":\"https:\\\/\\\/webdelmaestrocmf.com\\\/portal\\\/arquidiocesis-de-chicago-rinde-homenaje-al-papa-leon-xiv-y-canta-el-himno-nacional-del-peru-en-vivo\\\/#primaryimage\",\"url\":\"https:\\\/\\\/webdelmaestrocmf.com\\\/portal\\\/wp-content\\\/uploads\\\/2025\\\/06\\\/1A-Banner-1-portada-imagen-10-1-40.jpg\",\"contentUrl\":\"https:\\\/\\\/webdelmaestrocmf.com\\\/portal\\\/wp-content\\\/uploads\\\/2025\\\/06\\\/1A-Banner-1-portada-imagen-10-1-40.jpg\",\"width\":1024,\"height\":1024},{\"@type\":\"BreadcrumbList\",\"@id\":\"https:\\\/\\\/webdelmaestrocmf.com\\\/portal\\\/arquidiocesis-de-chicago-rinde-homenaje-al-papa-leon-xiv-y-canta-el-himno-nacional-del-peru-en-vivo\\\/#breadcrumb\",\"itemListElement\":[{\"@type\":\"ListItem\",\"position\":1,\"name\":\"Portada\",\"item\":\"https:\\\/\\\/webdelmaestrocmf.com\\\/portal\\\/\"},{\"@type\":\"ListItem\",\"position\":2,\"name\":\"Mundo cart\u00f3lico\",\"item\":\"https:\\\/\\\/webdelmaestrocmf.com\\\/portal\\\/category\\\/pastoral\\\/\"},{\"@type\":\"ListItem\",\"position\":3,\"name\":\"Arquidi\u00f3cesis de Chicago rinde homenaje al Papa Le\u00f3n XIV y canta el himno nacional del Per\u00fa en vivo\"}]},{\"@type\":\"WebSite\",\"@id\":\"https:\\\/\\\/webdelmaestrocmf.com\\\/portal\\\/#website\",\"url\":\"https:\\\/\\\/webdelmaestrocmf.com\\\/portal\\\/\",\"name\":\"Web del Maestro CMF\",\"description\":\"Maestros al servicio de la educaci\u00f3n\",\"publisher\":{\"@id\":\"https:\\\/\\\/webdelmaestrocmf.com\\\/portal\\\/#organization\"},\"alternateName\":\"WMCMF\",\"potentialAction\":[{\"@type\":\"SearchAction\",\"target\":{\"@type\":\"EntryPoint\",\"urlTemplate\":\"https:\\\/\\\/webdelmaestrocmf.com\\\/portal\\\/?s={search_term_string}\"},\"query-input\":{\"@type\":\"PropertyValueSpecification\",\"valueRequired\":true,\"valueName\":\"search_term_string\"}}],\"inLanguage\":\"es\"},{\"@type\":\"Organization\",\"@id\":\"https:\\\/\\\/webdelmaestrocmf.com\\\/portal\\\/#organization\",\"name\":\"Web del Maestro CMF\",\"alternateName\":\"WMCMF\",\"url\":\"https:\\\/\\\/webdelmaestrocmf.com\\\/portal\\\/\",\"logo\":{\"@type\":\"ImageObject\",\"inLanguage\":\"es\",\"@id\":\"https:\\\/\\\/webdelmaestrocmf.com\\\/portal\\\/#\\\/schema\\\/logo\\\/image\\\/\",\"url\":\"https:\\\/\\\/webdelmaestrocmf.com\\\/portal\\\/wp-content\\\/uploads\\\/2023\\\/01\\\/logo-wmcmf-2.png\",\"contentUrl\":\"https:\\\/\\\/webdelmaestrocmf.com\\\/portal\\\/wp-content\\\/uploads\\\/2023\\\/01\\\/logo-wmcmf-2.png\",\"width\":200,\"height\":60,\"caption\":\"Web del Maestro CMF\"},\"image\":{\"@id\":\"https:\\\/\\\/webdelmaestrocmf.com\\\/portal\\\/#\\\/schema\\\/logo\\\/image\\\/\"},\"sameAs\":[\"https:\\\/\\\/www.facebook.com\\\/WebdelMaestroCMF\\\/\",\"https:\\\/\\\/x.com\\\/cmf_w\",\"https:\\\/\\\/www.pinterest.com\\\/WMCMF\\\/\",\"https:\\\/\\\/www.linkedin.com\\\/company\\\/web-del-maestro-cmf\\\/\",\"https:\\\/\\\/www.instagram.com\\\/wmcmf\\\/\",\"https:\\\/\\\/www.youtube.com\\\/channel\\\/UCDPSvjbdodE5sHnC3OxutHw\",\"https:\\\/\\\/mastodon.social\\\/@wmcmf\",\"https:\\\/\\\/www.tiktok.com\\\/@webdelmaestrocmf\"]},{\"@type\":\"Person\",\"@id\":\"https:\\\/\\\/webdelmaestrocmf.com\\\/portal\\\/#\\\/schema\\\/person\\\/1072a2ed7bd960df8ef99a551fa35dc5\",\"name\":\"Web del Maestro CMF\",\"image\":{\"@type\":\"ImageObject\",\"inLanguage\":\"es\",\"@id\":\"https:\\\/\\\/secure.gravatar.com\\\/avatar\\\/23291dd5b5ae1077dcff3dbb04c3e02bd28403fa75af6d8787d5e97c5bbbe30b?s=96&d=mm&r=g\",\"url\":\"https:\\\/\\\/secure.gravatar.com\\\/avatar\\\/23291dd5b5ae1077dcff3dbb04c3e02bd28403fa75af6d8787d5e97c5bbbe30b?s=96&d=mm&r=g\",\"contentUrl\":\"https:\\\/\\\/secure.gravatar.com\\\/avatar\\\/23291dd5b5ae1077dcff3dbb04c3e02bd28403fa75af6d8787d5e97c5bbbe30b?s=96&d=mm&r=g\",\"caption\":\"Web del Maestro CMF\"},\"description\":\"Esta Web se cre\u00f3 sin fines de lucro, con fines educativos, cient\u00edficos y acad\u00e9micos, para personas que tengan dificultades y\\\/o inconvenientes en visualizar el material original. El objetivo es entregar recursos, compartir experiencias y materiales que ayuden a los padres de familia, maestros y estudiantes en su actualizaci\u00f3n y formaci\u00f3n permanente, en bien de la Educaci\u00f3n.\",\"sameAs\":[\"http:\\\/\\\/webdelmaestrocmf.com\\\/portal\",\"https:\\\/\\\/www.facebook.com\\\/WebdelMaestroCMF\\\/\",\"https:\\\/\\\/www.instagram.com\\\/wmcmf\\\/\",\"https:\\\/\\\/cl.linkedin.com\\\/company\\\/web-del-maestro-cmf\",\"https:\\\/\\\/www.pinterest.com\\\/WMCMF\\\/publicaciones\\\/\",\"https:\\\/\\\/x.com\\\/cmf_w\",\"https:\\\/\\\/www.youtube.com\\\/@WMCMF\"]}]}<\/script>\n<!-- \/ Yoast SEO plugin. -->","yoast_head_json":{"title":"Arquidi\u00f3cesis de Chicago rinde homenaje al Papa Le\u00f3n XIV y canta el himno nacional del Per\u00fa en vivo - 2026","description":"El emotivo momento destac\u00f3 nuevamente, ante la comunidad internacional, el fuerte v\u00ednculo que une al Sumo Pont\u00edfice Le\u00f3n XIV con el Per\u00fa.","robots":{"index":"index","follow":"follow","max-snippet":"max-snippet:-1","max-image-preview":"max-image-preview:large","max-video-preview":"max-video-preview:-1"},"canonical":"https:\/\/webdelmaestrocmf.com\/portal\/arquidiocesis-de-chicago-rinde-homenaje-al-papa-leon-xiv-y-canta-el-himno-nacional-del-peru-en-vivo\/","og_locale":"es_ES","og_type":"article","og_title":"Arquidi\u00f3cesis de Chicago rinde homenaje al Papa Le\u00f3n XIV y canta el himno nacional del Per\u00fa en vivo - 2026","og_description":"El emotivo momento destac\u00f3 nuevamente, ante la comunidad internacional, el fuerte v\u00ednculo que une al Sumo Pont\u00edfice Le\u00f3n XIV con el Per\u00fa.","og_url":"https:\/\/webdelmaestrocmf.com\/portal\/arquidiocesis-de-chicago-rinde-homenaje-al-papa-leon-xiv-y-canta-el-himno-nacional-del-peru-en-vivo\/","og_site_name":"Web del Maestro CMF","article_publisher":"https:\/\/www.facebook.com\/WebdelMaestroCMF\/","article_author":"https:\/\/www.facebook.com\/WebdelMaestroCMF\/","article_published_time":"2025-06-14T22:26:55+00:00","article_modified_time":"2025-06-14T22:27:46+00:00","og_image":[{"width":1024,"height":1024,"url":"https:\/\/webdelmaestrocmf.com\/portal\/wp-content\/uploads\/2025\/06\/1A-Banner-1-portada-imagen-10-1-40.jpg","type":"image\/jpeg"}],"author":"Web del Maestro CMF","twitter_card":"summary_large_image","twitter_creator":"@cmf_w","twitter_site":"@cmf_w","schema":{"@context":"https:\/\/schema.org","@graph":[{"@type":"ScholarlyArticle","@id":"https:\/\/webdelmaestrocmf.com\/portal\/arquidiocesis-de-chicago-rinde-homenaje-al-papa-leon-xiv-y-canta-el-himno-nacional-del-peru-en-vivo\/#article","isPartOf":{"@id":"https:\/\/webdelmaestrocmf.com\/portal\/arquidiocesis-de-chicago-rinde-homenaje-al-papa-leon-xiv-y-canta-el-himno-nacional-del-peru-en-vivo\/"},"author":{"name":"Web del Maestro CMF","@id":"https:\/\/webdelmaestrocmf.com\/portal\/#\/schema\/person\/1072a2ed7bd960df8ef99a551fa35dc5"},"headline":"Arquidi\u00f3cesis de Chicago rinde homenaje al Papa Le\u00f3n XIV y canta el himno nacional del Per\u00fa en vivo","datePublished":"2025-06-14T22:26:55+00:00","dateModified":"2025-06-14T22:27:46+00:00","mainEntityOfPage":{"@id":"https:\/\/webdelmaestrocmf.com\/portal\/arquidiocesis-de-chicago-rinde-homenaje-al-papa-leon-xiv-y-canta-el-himno-nacional-del-peru-en-vivo\/"},"wordCount":790,"commentCount":0,"publisher":{"@id":"https:\/\/webdelmaestrocmf.com\/portal\/#organization"},"image":{"@id":"https:\/\/webdelmaestrocmf.com\/portal\/arquidiocesis-de-chicago-rinde-homenaje-al-papa-leon-xiv-y-canta-el-himno-nacional-del-peru-en-vivo\/#primaryimage"},"thumbnailUrl":"https:\/\/webdelmaestrocmf.com\/portal\/wp-content\/uploads\/2025\/06\/1A-Banner-1-portada-imagen-10-1-40.jpg","keywords":["Arquidi\u00f3cesis","Chicago","en","HIMNO","homenaje","Le\u00f3n","NACIONAL","pap\u00e1","Per\u00fa","VIVO","XIV"],"articleSection":["Mundo cart\u00f3lico","Papa Le\u00f3n XIV"],"inLanguage":"es","potentialAction":[{"@type":"CommentAction","name":"Comment","target":["https:\/\/webdelmaestrocmf.com\/portal\/arquidiocesis-de-chicago-rinde-homenaje-al-papa-leon-xiv-y-canta-el-himno-nacional-del-peru-en-vivo\/#respond"]}]},{"@type":"WebPage","@id":"https:\/\/webdelmaestrocmf.com\/portal\/arquidiocesis-de-chicago-rinde-homenaje-al-papa-leon-xiv-y-canta-el-himno-nacional-del-peru-en-vivo\/","url":"https:\/\/webdelmaestrocmf.com\/portal\/arquidiocesis-de-chicago-rinde-homenaje-al-papa-leon-xiv-y-canta-el-himno-nacional-del-peru-en-vivo\/","name":"Arquidi\u00f3cesis de Chicago rinde homenaje al Papa Le\u00f3n XIV y canta el himno nacional del Per\u00fa en vivo - 2026","isPartOf":{"@id":"https:\/\/webdelmaestrocmf.com\/portal\/#website"},"primaryImageOfPage":{"@id":"https:\/\/webdelmaestrocmf.com\/portal\/arquidiocesis-de-chicago-rinde-homenaje-al-papa-leon-xiv-y-canta-el-himno-nacional-del-peru-en-vivo\/#primaryimage"},"image":{"@id":"https:\/\/webdelmaestrocmf.com\/portal\/arquidiocesis-de-chicago-rinde-homenaje-al-papa-leon-xiv-y-canta-el-himno-nacional-del-peru-en-vivo\/#primaryimage"},"thumbnailUrl":"https:\/\/webdelmaestrocmf.com\/portal\/wp-content\/uploads\/2025\/06\/1A-Banner-1-portada-imagen-10-1-40.jpg","datePublished":"2025-06-14T22:26:55+00:00","dateModified":"2025-06-14T22:27:46+00:00","description":"El emotivo momento destac\u00f3 nuevamente, ante la comunidad internacional, el fuerte v\u00ednculo que une al Sumo Pont\u00edfice Le\u00f3n XIV con el Per\u00fa.","breadcrumb":{"@id":"https:\/\/webdelmaestrocmf.com\/portal\/arquidiocesis-de-chicago-rinde-homenaje-al-papa-leon-xiv-y-canta-el-himno-nacional-del-peru-en-vivo\/#breadcrumb"},"inLanguage":"es","potentialAction":[{"@type":"ReadAction","target":["https:\/\/webdelmaestrocmf.com\/portal\/arquidiocesis-de-chicago-rinde-homenaje-al-papa-leon-xiv-y-canta-el-himno-nacional-del-peru-en-vivo\/"]}]},{"@type":"ImageObject","inLanguage":"es","@id":"https:\/\/webdelmaestrocmf.com\/portal\/arquidiocesis-de-chicago-rinde-homenaje-al-papa-leon-xiv-y-canta-el-himno-nacional-del-peru-en-vivo\/#primaryimage","url":"https:\/\/webdelmaestrocmf.com\/portal\/wp-content\/uploads\/2025\/06\/1A-Banner-1-portada-imagen-10-1-40.jpg","contentUrl":"https:\/\/webdelmaestrocmf.com\/portal\/wp-content\/uploads\/2025\/06\/1A-Banner-1-portada-imagen-10-1-40.jpg","width":1024,"height":1024},{"@type":"BreadcrumbList","@id":"https:\/\/webdelmaestrocmf.com\/portal\/arquidiocesis-de-chicago-rinde-homenaje-al-papa-leon-xiv-y-canta-el-himno-nacional-del-peru-en-vivo\/#breadcrumb","itemListElement":[{"@type":"ListItem","position":1,"name":"Portada","item":"https:\/\/webdelmaestrocmf.com\/portal\/"},{"@type":"ListItem","position":2,"name":"Mundo cart\u00f3lico","item":"https:\/\/webdelmaestrocmf.com\/portal\/category\/pastoral\/"},{"@type":"ListItem","position":3,"name":"Arquidi\u00f3cesis de Chicago rinde homenaje al Papa Le\u00f3n XIV y canta el himno nacional del Per\u00fa en vivo"}]},{"@type":"WebSite","@id":"https:\/\/webdelmaestrocmf.com\/portal\/#website","url":"https:\/\/webdelmaestrocmf.com\/portal\/","name":"Web del Maestro CMF","description":"Maestros al servicio de la educaci\u00f3n","publisher":{"@id":"https:\/\/webdelmaestrocmf.com\/portal\/#organization"},"alternateName":"WMCMF","potentialAction":[{"@type":"SearchAction","target":{"@type":"EntryPoint","urlTemplate":"https:\/\/webdelmaestrocmf.com\/portal\/?s={search_term_string}"},"query-input":{"@type":"PropertyValueSpecification","valueRequired":true,"valueName":"search_term_string"}}],"inLanguage":"es"},{"@type":"Organization","@id":"https:\/\/webdelmaestrocmf.com\/portal\/#organization","name":"Web del Maestro CMF","alternateName":"WMCMF","url":"https:\/\/webdelmaestrocmf.com\/portal\/","logo":{"@type":"ImageObject","inLanguage":"es","@id":"https:\/\/webdelmaestrocmf.com\/portal\/#\/schema\/logo\/image\/","url":"https:\/\/webdelmaestrocmf.com\/portal\/wp-content\/uploads\/2023\/01\/logo-wmcmf-2.png","contentUrl":"https:\/\/webdelmaestrocmf.com\/portal\/wp-content\/uploads\/2023\/01\/logo-wmcmf-2.png","width":200,"height":60,"caption":"Web del Maestro CMF"},"image":{"@id":"https:\/\/webdelmaestrocmf.com\/portal\/#\/schema\/logo\/image\/"},"sameAs":["https:\/\/www.facebook.com\/WebdelMaestroCMF\/","https:\/\/x.com\/cmf_w","https:\/\/www.pinterest.com\/WMCMF\/","https:\/\/www.linkedin.com\/company\/web-del-maestro-cmf\/","https:\/\/www.instagram.com\/wmcmf\/","https:\/\/www.youtube.com\/channel\/UCDPSvjbdodE5sHnC3OxutHw","https:\/\/mastodon.social\/@wmcmf","https:\/\/www.tiktok.com\/@webdelmaestrocmf"]},{"@type":"Person","@id":"https:\/\/webdelmaestrocmf.com\/portal\/#\/schema\/person\/1072a2ed7bd960df8ef99a551fa35dc5","name":"Web del Maestro CMF","image":{"@type":"ImageObject","inLanguage":"es","@id":"https:\/\/secure.gravatar.com\/avatar\/23291dd5b5ae1077dcff3dbb04c3e02bd28403fa75af6d8787d5e97c5bbbe30b?s=96&d=mm&r=g","url":"https:\/\/secure.gravatar.com\/avatar\/23291dd5b5ae1077dcff3dbb04c3e02bd28403fa75af6d8787d5e97c5bbbe30b?s=96&d=mm&r=g","contentUrl":"https:\/\/secure.gravatar.com\/avatar\/23291dd5b5ae1077dcff3dbb04c3e02bd28403fa75af6d8787d5e97c5bbbe30b?s=96&d=mm&r=g","caption":"Web del Maestro CMF"},"description":"Esta Web se cre\u00f3 sin fines de lucro, con fines educativos, cient\u00edficos y acad\u00e9micos, para personas que tengan dificultades y\/o inconvenientes en visualizar el material original. El objetivo es entregar recursos, compartir experiencias y materiales que ayuden a los padres de familia, maestros y estudiantes en su actualizaci\u00f3n y formaci\u00f3n permanente, en bien de la Educaci\u00f3n.","sameAs":["http:\/\/webdelmaestrocmf.com\/portal","https:\/\/www.facebook.com\/WebdelMaestroCMF\/","https:\/\/www.instagram.com\/wmcmf\/","https:\/\/cl.linkedin.com\/company\/web-del-maestro-cmf","https:\/\/www.pinterest.com\/WMCMF\/publicaciones\/","https:\/\/x.com\/cmf_w","https:\/\/www.youtube.com\/@WMCMF"]}]}},"jetpack_featured_media_url":"https:\/\/webdelmaestrocmf.com\/portal\/wp-content\/uploads\/2025\/06\/1A-Banner-1-portada-imagen-10-1-40.jpg","jetpack_sharing_enabled":true,"jetpack-related-posts":[{"id":111558,"url":"https:\/\/webdelmaestrocmf.com\/portal\/el-papa-leon-xiv-saluda-al-peru-en-su-aniversario-patrio-y-recuerda-su-profundo-vinculo-con-la-nacion\/","url_meta":{"origin":109434,"position":0},"title":"El papa Le\u00f3n XIV saluda al Per\u00fa en su aniversario patrio y recuerda su profundo v\u00ednculo con la naci\u00f3n","author":"Web del Maestro CMF","date":"28 julio, 2025","format":false,"excerpt":"El papa Le\u00f3n XIV salud\u00f3 al Per\u00fa con gratitud, destacando su fe, su juventud peregrina y su papel en la Iglesia.","rel":"","context":"En \u00abMundo cart\u00f3lico\u00bb","block_context":{"text":"Mundo cart\u00f3lico","link":"https:\/\/webdelmaestrocmf.com\/portal\/category\/pastoral\/"},"img":{"alt_text":"","src":"https:\/\/i0.wp.com\/webdelmaestrocmf.com\/portal\/wp-content\/uploads\/2025\/07\/1A-Banner-1-portada-imagen-10-1-copia-84.webp?resize=350%2C200&ssl=1","width":350,"height":200,"srcset":"https:\/\/i0.wp.com\/webdelmaestrocmf.com\/portal\/wp-content\/uploads\/2025\/07\/1A-Banner-1-portada-imagen-10-1-copia-84.webp?resize=350%2C200&ssl=1 1x, https:\/\/i0.wp.com\/webdelmaestrocmf.com\/portal\/wp-content\/uploads\/2025\/07\/1A-Banner-1-portada-imagen-10-1-copia-84.webp?resize=525%2C300&ssl=1 1.5x, https:\/\/i0.wp.com\/webdelmaestrocmf.com\/portal\/wp-content\/uploads\/2025\/07\/1A-Banner-1-portada-imagen-10-1-copia-84.webp?resize=700%2C400&ssl=1 2x"},"classes":[]},{"id":108832,"url":"https:\/\/webdelmaestrocmf.com\/portal\/el-papa-leon-xiv-es-peruano-robert-prevost-fue-elegido-como-el-sucesor-del-papa-francisco\/","url_meta":{"origin":109434,"position":1},"title":"\u00bfEl Papa  Le\u00f3n XIV es peruano? Robert Prevost fue elegido como el sucesor del Papa Francisco","author":"Web del Maestro CMF","date":"8 mayo, 2025","format":false,"excerpt":"El humo blanco volvi\u00f3 a elevarse desde la Capilla Sixtina y, con \u00e9l, la esperada proclamaci\u00f3n: \u201cHabemus Papam\u201d. La Iglesia Cat\u00f3lica tiene un nuevo l\u00edder: Robert Francis Prevost, quien ha adoptado el nombre de Le\u00f3n XIV para iniciar su pontificado. Nacido en Chicago (EE.UU.) en 1955, su historia no solo\u2026","rel":"","context":"En \u00abIgles\u00eda Cat\u00f3lica\u00bb","block_context":{"text":"Igles\u00eda Cat\u00f3lica","link":"https:\/\/webdelmaestrocmf.com\/portal\/category\/pastoral\/iglesia-catolica\/"},"img":{"alt_text":"","src":"https:\/\/i0.wp.com\/webdelmaestrocmf.com\/portal\/wp-content\/uploads\/2025\/05\/1A-Banner-1-portada-imagen-10-1-5.jpg?resize=350%2C200&ssl=1","width":350,"height":200,"srcset":"https:\/\/i0.wp.com\/webdelmaestrocmf.com\/portal\/wp-content\/uploads\/2025\/05\/1A-Banner-1-portada-imagen-10-1-5.jpg?resize=350%2C200&ssl=1 1x, https:\/\/i0.wp.com\/webdelmaestrocmf.com\/portal\/wp-content\/uploads\/2025\/05\/1A-Banner-1-portada-imagen-10-1-5.jpg?resize=525%2C300&ssl=1 1.5x, https:\/\/i0.wp.com\/webdelmaestrocmf.com\/portal\/wp-content\/uploads\/2025\/05\/1A-Banner-1-portada-imagen-10-1-5.jpg?resize=700%2C400&ssl=1 2x"},"classes":[]},{"id":115168,"url":"https:\/\/webdelmaestrocmf.com\/portal\/leon-xiv-prepara-una-visita-a-peru-el-pais-donde-fue-obispo-y-del-que-obtuvo-la-nacionalidad-sera-el-primer-papa-americano-que-visita-su-pais\/","url_meta":{"origin":109434,"position":2},"title":"Le\u00f3n XIV prepara una visita a Per\u00fa, el pa\u00eds donde fue obispo y del que obtuvo la nacionalidad: Ser\u00e1 el primer Papa americano que visita su pa\u00eds","author":"Web del Maestro CMF","date":"6 febrero, 2026","format":false,"excerpt":"La Conferencia Episcopal Peruana avanza en la organizaci\u00f3n de la visita del Papa al Per\u00fa, prevista para finales de a\u00f1o, con una estad\u00eda de hasta siete d\u00edas.","rel":"","context":"En \u00abMundo cart\u00f3lico\u00bb","block_context":{"text":"Mundo cart\u00f3lico","link":"https:\/\/webdelmaestrocmf.com\/portal\/category\/pastoral\/"},"img":{"alt_text":"","src":"https:\/\/i0.wp.com\/webdelmaestrocmf.com\/portal\/wp-content\/uploads\/2026\/02\/1A-Banner-1-portada-imagen-10-1-copia-3-1.webp?resize=350%2C200&ssl=1","width":350,"height":200,"srcset":"https:\/\/i0.wp.com\/webdelmaestrocmf.com\/portal\/wp-content\/uploads\/2026\/02\/1A-Banner-1-portada-imagen-10-1-copia-3-1.webp?resize=350%2C200&ssl=1 1x, https:\/\/i0.wp.com\/webdelmaestrocmf.com\/portal\/wp-content\/uploads\/2026\/02\/1A-Banner-1-portada-imagen-10-1-copia-3-1.webp?resize=525%2C300&ssl=1 1.5x, https:\/\/i0.wp.com\/webdelmaestrocmf.com\/portal\/wp-content\/uploads\/2026\/02\/1A-Banner-1-portada-imagen-10-1-copia-3-1.webp?resize=700%2C400&ssl=1 2x"},"classes":[]},{"id":108861,"url":"https:\/\/webdelmaestrocmf.com\/portal\/el-papa-peruano-leon-xiv-hace-una-divertida-broma-ahora-hay-4-001-especies-de-papa\/","url_meta":{"origin":109434,"position":3},"title":"El Papa peruano Le\u00f3n XIV hace una divertida broma: \u201cAhora hay 4.001 especies de papa\u201d en el Per\u00fa","author":"Web del Maestro CMF","date":"16 mayo, 2025","format":false,"excerpt":"La elecci\u00f3n de Robert Prevost como Papa, bajo el nombre de Le\u00f3n XIV, ha generado gran entusiasmo tanto en la Iglesia como en diversas comunidades alrededor del mundo. Su cercan\u00eda con Am\u00e9rica Latina y, en particular, con el Per\u00fa por tener nacionalidad peruana, ha sido uno de los aspectos m\u00e1s\u2026","rel":"","context":"En \u00abIgles\u00eda Cat\u00f3lica\u00bb","block_context":{"text":"Igles\u00eda Cat\u00f3lica","link":"https:\/\/webdelmaestrocmf.com\/portal\/category\/pastoral\/iglesia-catolica\/"},"img":{"alt_text":"","src":"https:\/\/i0.wp.com\/webdelmaestrocmf.com\/portal\/wp-content\/uploads\/2025\/05\/1A-Banner-1-portada-imagen-10-1-59.jpg?resize=350%2C200&ssl=1","width":350,"height":200,"srcset":"https:\/\/i0.wp.com\/webdelmaestrocmf.com\/portal\/wp-content\/uploads\/2025\/05\/1A-Banner-1-portada-imagen-10-1-59.jpg?resize=350%2C200&ssl=1 1x, https:\/\/i0.wp.com\/webdelmaestrocmf.com\/portal\/wp-content\/uploads\/2025\/05\/1A-Banner-1-portada-imagen-10-1-59.jpg?resize=525%2C300&ssl=1 1.5x, https:\/\/i0.wp.com\/webdelmaestrocmf.com\/portal\/wp-content\/uploads\/2025\/05\/1A-Banner-1-portada-imagen-10-1-59.jpg?resize=700%2C400&ssl=1 2x"},"classes":[]},{"id":108829,"url":"https:\/\/webdelmaestrocmf.com\/portal\/robert-francis-prevost-es-elegido-como-el-papa-leon-xiv-el-primer-pontifice-estadounidense-en-la-historia\/","url_meta":{"origin":109434,"position":4},"title":"Robert Francis Prevost es elegido como el Papa Le\u00f3n XIV: el primer pont\u00edfice estadounidense en la historia","author":"Web del Maestro CMF","date":"8 mayo, 2025","format":false,"excerpt":"El 8 de mayo de 2025, la Iglesia Cat\u00f3lica vivi\u00f3 un momento hist\u00f3rico con la elecci\u00f3n del cardenal estadounidense Robert Francis Prevost como el Papa n\u00famero 267, quien adopt\u00f3 el nombre de Le\u00f3n XIV. Esta elecci\u00f3n marca la primera vez que un ciudadano de Estados Unidos asume el liderazgo de\u2026","rel":"","context":"En \u00abIgles\u00eda Cat\u00f3lica\u00bb","block_context":{"text":"Igles\u00eda Cat\u00f3lica","link":"https:\/\/webdelmaestrocmf.com\/portal\/category\/pastoral\/iglesia-catolica\/"},"img":{"alt_text":"","src":"https:\/\/i0.wp.com\/webdelmaestrocmf.com\/portal\/wp-content\/uploads\/2025\/05\/1A-Banner-1-portada-imagen-10-1-4.jpg?resize=350%2C200&ssl=1","width":350,"height":200,"srcset":"https:\/\/i0.wp.com\/webdelmaestrocmf.com\/portal\/wp-content\/uploads\/2025\/05\/1A-Banner-1-portada-imagen-10-1-4.jpg?resize=350%2C200&ssl=1 1x, https:\/\/i0.wp.com\/webdelmaestrocmf.com\/portal\/wp-content\/uploads\/2025\/05\/1A-Banner-1-portada-imagen-10-1-4.jpg?resize=525%2C300&ssl=1 1.5x, https:\/\/i0.wp.com\/webdelmaestrocmf.com\/portal\/wp-content\/uploads\/2025\/05\/1A-Banner-1-portada-imagen-10-1-4.jpg?resize=700%2C400&ssl=1 2x"},"classes":[]},{"id":109272,"url":"https:\/\/webdelmaestrocmf.com\/portal\/anuncian-documental-sobre-el-papa-peruano-leon-xiv\/","url_meta":{"origin":109434,"position":5},"title":"Anuncian documental sobre el Papa \u00abperuano\u00bb Le\u00f3n XIV","author":"Web del Maestro CMF","date":"9 junio, 2025","format":false,"excerpt":"\u201cLe\u00f3n de Per\u00fa\u201d, as\u00ed se llama el documental que alista el medio vocero de El Vaticano. La cinta compila fotos, videos y testimonios sobre Robert Prevost en Chiclayo, Per\u00fa, hasta convertirse en el Papa Le\u00f3n XIV. Hoy difundieron el primer tr\u00e1iler oficial. Vatican News, que representa a los medios de\u2026","rel":"","context":"En \u00abMundo cart\u00f3lico\u00bb","block_context":{"text":"Mundo cart\u00f3lico","link":"https:\/\/webdelmaestrocmf.com\/portal\/category\/pastoral\/"},"img":{"alt_text":"","src":"https:\/\/i0.wp.com\/webdelmaestrocmf.com\/portal\/wp-content\/uploads\/2025\/06\/1A-Banner-1-portada-imagen-10-1-24.jpg?resize=350%2C200&ssl=1","width":350,"height":200,"srcset":"https:\/\/i0.wp.com\/webdelmaestrocmf.com\/portal\/wp-content\/uploads\/2025\/06\/1A-Banner-1-portada-imagen-10-1-24.jpg?resize=350%2C200&ssl=1 1x, https:\/\/i0.wp.com\/webdelmaestrocmf.com\/portal\/wp-content\/uploads\/2025\/06\/1A-Banner-1-portada-imagen-10-1-24.jpg?resize=525%2C300&ssl=1 1.5x, https:\/\/i0.wp.com\/webdelmaestrocmf.com\/portal\/wp-content\/uploads\/2025\/06\/1A-Banner-1-portada-imagen-10-1-24.jpg?resize=700%2C400&ssl=1 2x"},"classes":[]}],"_links":{"self":[{"href":"https:\/\/webdelmaestrocmf.com\/portal\/wp-json\/wp\/v2\/posts\/109434","targetHints":{"allow":["GET"]}}],"collection":[{"href":"https:\/\/webdelmaestrocmf.com\/portal\/wp-json\/wp\/v2\/posts"}],"about":[{"href":"https:\/\/webdelmaestrocmf.com\/portal\/wp-json\/wp\/v2\/types\/post"}],"author":[{"embeddable":true,"href":"https:\/\/webdelmaestrocmf.com\/portal\/wp-json\/wp\/v2\/users\/1"}],"replies":[{"embeddable":true,"href":"https:\/\/webdelmaestrocmf.com\/portal\/wp-json\/wp\/v2\/comments?post=109434"}],"version-history":[{"count":2,"href":"https:\/\/webdelmaestrocmf.com\/portal\/wp-json\/wp\/v2\/posts\/109434\/revisions"}],"predecessor-version":[{"id":109437,"href":"https:\/\/webdelmaestrocmf.com\/portal\/wp-json\/wp\/v2\/posts\/109434\/revisions\/109437"}],"wp:featuredmedia":[{"embeddable":true,"href":"https:\/\/webdelmaestrocmf.com\/portal\/wp-json\/wp\/v2\/media\/109435"}],"wp:attachment":[{"href":"https:\/\/webdelmaestrocmf.com\/portal\/wp-json\/wp\/v2\/media?parent=109434"}],"wp:term":[{"taxonomy":"category","embeddable":true,"href":"https:\/\/webdelmaestrocmf.com\/portal\/wp-json\/wp\/v2\/categories?post=109434"},{"taxonomy":"post_tag","embeddable":true,"href":"https:\/\/webdelmaestrocmf.com\/portal\/wp-json\/wp\/v2\/tags?post=109434"}],"curies":[{"name":"wp","href":"https:\/\/api.w.org\/{rel}","templated":true}]}}