{"id":109318,"date":"2025-06-10T10:31:39","date_gmt":"2025-06-10T14:31:39","guid":{"rendered":"https:\/\/webdelmaestrocmf.com\/portal\/?p=109318"},"modified":"2026-02-20T13:19:56","modified_gmt":"2026-02-20T16:19:56","slug":"profesora-usa-lapicero-rojo-para-corregir-examenes-y-recibe-criticas-esta-danando-la-autoestima-de-los-alumnos","status":"publish","type":"post","link":"https:\/\/webdelmaestrocmf.com\/portal\/profesora-usa-lapicero-rojo-para-corregir-examenes-y-recibe-criticas-esta-danando-la-autoestima-de-los-alumnos\/","title":{"rendered":"Profesora usa lapicero rojo para corregir ex\u00e1menes y recibe cr\u00edticas:  \u201cEst\u00e1 da\u00f1ando la autoestima de los alumnos\u201d"},"content":{"rendered":"\n<p>La escuela es mucho m\u00e1s que contenidos. Es un universo de s\u00edmbolos, costumbres y recuerdos que marcan la experiencia educativa: el olor a tiza, el recreo con una pelota, los apuntes con tinta azul para el texto y negra para los t\u00edtulos, los cuadernos organizados por colores seg\u00fan la materia\u2026 y, por supuesto, las correcciones con bol\u00edgrafo rojo. Esta \u00faltima costumbre, aparentemente inofensiva, se ha convertido en el centro de una inesperada controversia en redes sociales.<\/p>\n\n\n\n<!--more-->\n\n\n\n<p>Todo comenz\u00f3 cuando <strong data-start=\"587\" data-end=\"602\">Laura G\u00f3mez<\/strong>, profesora de matem\u00e1ticas de cuarto de primaria, comparti\u00f3 un video diciendo que se dispon\u00eda a corregir ex\u00e1menes. Lo que parec\u00eda una publicaci\u00f3n trivial, desat\u00f3 una oleada de cr\u00edticas. El motivo: el uso del bol\u00edgrafo rojo.<\/p>\n\n\n\n<p>&nbsp;<\/p>\n\n\n\n<figure class=\"wp-block-embed is-type-video is-provider-tiktok wp-block-embed-tiktok\"><div class=\"wp-block-embed__wrapper\">\n<blockquote class=\"tiktok-embed\" cite=\"https:\/\/www.tiktok.com\/@laurimathteacher\/video\/7470161408173329686\" data-video-id=\"7470161408173329686\" data-embed-from=\"oembed\" style=\"max-width:605px; min-width:325px;\"> <section> <a target=\"_blank\" title=\"@laurimathteacher\" href=\"https:\/\/www.tiktok.com\/@laurimathteacher?refer=embed\">@laurimathteacher<\/a> <p>Cr\u00edticas por corregir en rojo\u2764\ufe0f\u270d\ud83c\udffc\ud83d\udc69\ud83c\udffc\u200d\ud83c\udfeb<\/p> <a target=\"_blank\" title=\"\u266c sonido original - \u2797LauriMathTeacher\u2797\" href=\"https:\/\/www.tiktok.com\/music\/sonido-original-7470161520484453122?refer=embed\">\u266c sonido original &#8211; \u2797LauriMathTeacher\u2797<\/a> <\/section> <\/blockquote> <script async src=\"https:\/\/www.tiktok.com\/embed.js\"><\/script>\n<\/div><\/figure>\n\n\n\n<h3 class=\"wp-block-heading\"><strong>El rojo, \u00bfun color agresivo?<\/strong><\/h3>\n\n\n\n<p>La lluvia de mensajes fue contundente. \u201cEl rojo es superagresivo\u201d, escribi\u00f3 un usuario. Otros cuestionaban si la profesora entend\u00eda lo que pod\u00eda \u201cfrustrar a los alumnos\u201d al ver errores se\u00f1alados en ese color. Incluso, hubo quienes recomendaron tonos pastel o resaltadores m\u00e1s suaves para \u201cno da\u00f1ar la autoestima\u201d de los ni\u00f1os. Laura, sorprendida, confes\u00f3: \u201cNo fue un mensaje, ni dos ni tres, fueron varios, que fue lo que me preocup\u00f3\u201d.<\/p>\n\n\n\n<p>Algunos padres aseguraron que corregir en rojo pod\u00eda \u201cherir los sentimientos\u201d de los estudiantes. La docente, visiblemente consternada por el giro que tom\u00f3 la situaci\u00f3n, decidi\u00f3 preguntar directamente a quienes verdaderamente importan: sus alumnos.<\/p>\n\n\n\n<figure class=\"wp-block-image\"><img loading=\"lazy\" decoding=\"async\" width=\"992\" height=\"744\" src=\"https:\/\/webdelmaestrocmf.com\/portal\/wp-content\/uploads\/2025\/06\/GFD7FJH2LVCMNNXQHONT7WLPBA.jpg\" alt=\"\" class=\"wp-image-109319\" srcset=\"https:\/\/webdelmaestrocmf.com\/portal\/wp-content\/uploads\/2025\/06\/GFD7FJH2LVCMNNXQHONT7WLPBA.jpg 992w, https:\/\/webdelmaestrocmf.com\/portal\/wp-content\/uploads\/2025\/06\/GFD7FJH2LVCMNNXQHONT7WLPBA-300x225.jpg 300w, https:\/\/webdelmaestrocmf.com\/portal\/wp-content\/uploads\/2025\/06\/GFD7FJH2LVCMNNXQHONT7WLPBA-768x576.jpg 768w, https:\/\/webdelmaestrocmf.com\/portal\/wp-content\/uploads\/2025\/06\/GFD7FJH2LVCMNNXQHONT7WLPBA-380x285.jpg 380w, https:\/\/webdelmaestrocmf.com\/portal\/wp-content\/uploads\/2025\/06\/GFD7FJH2LVCMNNXQHONT7WLPBA-550x413.jpg 550w, https:\/\/webdelmaestrocmf.com\/portal\/wp-content\/uploads\/2025\/06\/GFD7FJH2LVCMNNXQHONT7WLPBA-800x600.jpg 800w\" sizes=\"auto, (max-width: 992px) 100vw, 992px\" \/><\/figure>\n\n\n\n<h3 class=\"wp-block-heading\"><strong>El veredicto de los ni\u00f1os: risa y desconcierto<\/strong><\/h3>\n\n\n\n<p>Lejos de sentirse heridos, molestos o frustrados, <strong data-start=\"1650\" data-end=\"1700\">los estudiantes se tomaron el asunto con humor<\/strong>. \u201cSe han re\u00eddo en mi cara\u201d, coment\u00f3 Laura con alivio, al ver que sus alumnos no compart\u00edan la indignaci\u00f3n de algunos adultos.<\/p>\n\n\n\n<p>Esto la llev\u00f3 a una reflexi\u00f3n m\u00e1s profunda: <em data-start=\"1872\" data-end=\"1961\">\u201cSomos los adultos los que les trastornamos la cabeza, ya que a ellos no les pasa nada\u201d<\/em>. Seg\u00fan la maestra, el rojo no ha sido nunca un problema en sus clases, y los estudiantes no se sienten atacados por las correcciones.<\/p>\n\n\n\n<h3 class=\"wp-block-heading\"><strong>\u00bfFragilidad educativa o sensibilidad innecesaria?<\/strong><\/h3>\n\n\n\n<p>La an\u00e9cdota ha abierto un debate m\u00e1s amplio: \u00bfestamos sobreprotegiendo a los ni\u00f1os hasta el punto de hacer problem\u00e1tico un color? \u00bfConfundimos cuidar la autoestima con eliminar cualquier forma de correcci\u00f3n directa? \u00bfQu\u00e9 tipo de adultos estamos formando si los exponemos cada vez menos a la cr\u00edtica constructiva, al error y a la mejora?<\/p>\n\n\n\n<p>En palabras de la profesora: <em data-start=\"2519\" data-end=\"2606\">\u201cDe toda la vida del Se\u00f1or, lo que est\u00e1 mal se ha puesto en rojo y no ha pasado nada\u201d<\/em>. Sin embargo, tambi\u00e9n reconoci\u00f3 la presi\u00f3n social que gener\u00f3 este episodio y, con actitud conciliadora, anunci\u00f3 que compr\u00f3 bol\u00edgrafos de colores con purpurina para que sus alumnos elijan el tono con el que se sienten m\u00e1s c\u00f3modos al ser corregidos.<\/p>\n\n\n\n<h3 class=\"wp-block-heading\"><strong>Un gesto simb\u00f3lico, una conversaci\u00f3n inc\u00f3moda<\/strong><\/h3>\n\n\n\n<p>Laura termin\u00f3 su video entre la iron\u00eda y la resignaci\u00f3n: <em data-start=\"2964\" data-end=\"3066\">\u201cVoy a comenzar una nueva etapa en mi vida como profesora, empastelando los ex\u00e1menes de mis alumnos\u201d<\/em>. Aunque lo dijo en tono de broma, la situaci\u00f3n deja una inquietud real: la ense\u00f1anza est\u00e1 cada vez m\u00e1s condicionada por demandas emocionales que, en ocasiones, rozan lo absurdo.<\/p>\n\n\n\n<p>La correcci\u00f3n no es un acto de agresi\u00f3n; es una herramienta pedag\u00f3gica. Y el color rojo, con toda su carga simb\u00f3lica, ha sido parte de ese proceso por d\u00e9cadas. Cambiarlo no resolver\u00e1 los problemas de fondo de la educaci\u00f3n. Pero s\u00ed puede convertirse en un s\u00edntoma de una fragilidad que preocupa: la dificultad de aceptar el error, el miedo a frustrar y la tendencia a suavizar todo lo que podr\u00eda incomodar.<\/p>\n\n\n\n<p>Tal vez sea momento de recuperar el equilibrio entre cuidar a los estudiantes y prepararlos para una realidad que no siempre vendr\u00e1 en tonos pastel.<\/p>\n\n\n\n<p class=\"has-text-align-right\"><strong>REDACCI\u00d3N WEB DEL MESTRO CMF&nbsp;<\/strong><\/p>\n\n\n\n\t\t<div class=\"pk-inline-posts\">\n\t\t\t\n\t\t\t<div class=\"pk-inline-posts-container pk-inline-posts-template-list\"\n\t\t\t\tdata-columns=\"1\">\n\t\t\t\t\t\t<article id=\"post-118505\" class=\"post-118505 post type-post status-publish format-standard has-post-thumbnail category-noticias-internacionales tag-acoso-laboral-docente tag-clima-laboral-educativo tag-denuncia-laboral tag-derechos-laborales-docentes tag-ley-karin tag-maltrato-en-escuelas tag-salud-mental-docente tag-sistema-educativo-crisis tag-violencia-en-escuelas cs-entry cs-video-wrap\">\n\t\t\t<div class=\"pk-post-outer\">\n\n\t\t\t\t\t\t\t\t<div class=\"pk-post-inner\">\n\t\t\t\t\t<div class=\"entry-thumbnail\">\n\t\t\t\t\t\t<div class=\"pk-overlay pk-overlay-ratio pk-ratio-landscape\">\n\t\t\t\t\t\t\t<div class=\"pk-overlay-background\">\n\t\t\t\t\t\t\t\t<a href=\"https:\/\/webdelmaestrocmf.com\/portal\/maestra-consulta-que-hacer-tras-sufrir-acoso-laboral-por-parte-de-una-profesora-y-directora-teme-denunciar-y-quedar-vetada-de-por-vida-como-se-debe-de-proceder-en-estos-casos\/\" class=\"pk-overlay-link\">\n\t\t\t\t\t\t\t\t\t<img loading=\"lazy\" decoding=\"async\" width=\"300\" height=\"225\" src=\"https:\/\/webdelmaestrocmf.com\/portal\/wp-content\/uploads\/2026\/04\/1AA-Banner-1-portada-imagen-10-1-copia-4-4-300x225.webp\" class=\"attachment-pk-thumbnail size-pk-thumbnail wp-post-image\" alt=\"\" \/>\t\t\t\t\t\t\t\t<\/a>\n\t\t\t\t\t\t\t<\/div>\n\t\t\t\t\t\t<\/div>\n\t\t\t\t\t<\/div>\n\t\t\t\t<\/div>\n\t\t\t\t\n\t\t\t\t<div class=\"pk-post-inner\">\n\t\t\t\t\t<header>\n\t\t\t\t\t\t<h3 class=\"pk-title\"><a href=\"https:\/\/webdelmaestrocmf.com\/portal\/maestra-consulta-que-hacer-tras-sufrir-acoso-laboral-por-parte-de-una-profesora-y-directora-teme-denunciar-y-quedar-vetada-de-por-vida-como-se-debe-de-proceder-en-estos-casos\/\" rel=\"bookmark\">Maestra consulta qu\u00e9 hacer tras sufrir acoso laboral por parte de una profesora y directora, teme denunciar y quedar vetada de por vida \u00bfC\u00f3mo se debe de proceder en estos casos?<\/a><\/h3>\t\t\t\t\t<\/header><!-- .entry-header -->\n\t\t\t\t<\/div><!-- .post-inner -->\n\n\t\t\t<\/div><!-- .post-outer -->\n\t\t<\/article>\n\t\t\t<article id=\"post-118473\" class=\"post-118473 post type-post status-publish format-standard has-post-thumbnail category-noticias-internacionales tag-convivencia tag-docentes tag-educacion-3 tag-gestion-escolar-2 tag-protocolos tag-salud-mental tag-seguridad-escolar tag-simulacros tag-violencia-escolar cs-entry cs-video-wrap\">\n\t\t\t<div class=\"pk-post-outer\">\n\n\t\t\t\t\t\t\t\t<div class=\"pk-post-inner\">\n\t\t\t\t\t<div class=\"entry-thumbnail\">\n\t\t\t\t\t\t<div class=\"pk-overlay pk-overlay-ratio pk-ratio-landscape\">\n\t\t\t\t\t\t\t<div class=\"pk-overlay-background\">\n\t\t\t\t\t\t\t\t<a href=\"https:\/\/webdelmaestrocmf.com\/portal\/se-confirma-que-habra-simulacros-de-tiroteos-en-las-escuelas\/\" class=\"pk-overlay-link\">\n\t\t\t\t\t\t\t\t\t<img loading=\"lazy\" decoding=\"async\" width=\"300\" height=\"225\" src=\"https:\/\/webdelmaestrocmf.com\/portal\/wp-content\/uploads\/2026\/04\/1AA-Banner-1-portada-imagen-10-1-copia-1-11-300x225.webp\" class=\"attachment-pk-thumbnail size-pk-thumbnail wp-post-image\" alt=\"\" \/>\t\t\t\t\t\t\t\t<\/a>\n\t\t\t\t\t\t\t<\/div>\n\t\t\t\t\t\t<\/div>\n\t\t\t\t\t<\/div>\n\t\t\t\t<\/div>\n\t\t\t\t\n\t\t\t\t<div class=\"pk-post-inner\">\n\t\t\t\t\t<header>\n\t\t\t\t\t\t<h3 class=\"pk-title\"><a href=\"https:\/\/webdelmaestrocmf.com\/portal\/se-confirma-que-habra-simulacros-de-tiroteos-en-las-escuelas\/\" rel=\"bookmark\">Se confirma que habr\u00e1 simulacros de tiroteos en las escuelas<\/a><\/h3>\t\t\t\t\t<\/header><!-- .entry-header -->\n\t\t\t\t<\/div><!-- .post-inner -->\n\n\t\t\t<\/div><!-- .post-outer -->\n\t\t<\/article>\n\t\t\t<article id=\"post-118464\" class=\"post-118464 post type-post status-publish format-standard has-post-thumbnail category-noticias-internacionales tag-aula tag-convivencia-escolar tag-disciplina tag-docentes tag-educacion-3 tag-estudiantes tag-gestion-educativa-3 tag-normativa tag-pedagogia-3 tag-violencia-escolar cs-entry cs-video-wrap\">\n\t\t\t<div class=\"pk-post-outer\">\n\n\t\t\t\t\t\t\t\t<div class=\"pk-post-inner\">\n\t\t\t\t\t<div class=\"entry-thumbnail\">\n\t\t\t\t\t\t<div class=\"pk-overlay pk-overlay-ratio pk-ratio-landscape\">\n\t\t\t\t\t\t\t<div class=\"pk-overlay-background\">\n\t\t\t\t\t\t\t\t<a href=\"https:\/\/webdelmaestrocmf.com\/portal\/peru-pone-limites-estudiantes-violentos-podrian-salir-del-aula-presencial-y-pasar-a-otra-modalidad-educativa\/\" class=\"pk-overlay-link\">\n\t\t\t\t\t\t\t\t\t<img loading=\"lazy\" decoding=\"async\" width=\"300\" height=\"225\" src=\"https:\/\/webdelmaestrocmf.com\/portal\/wp-content\/uploads\/2026\/04\/1AA-Banner-1-portada-imagen-10-1-copia-38-300x225.webp\" class=\"attachment-pk-thumbnail size-pk-thumbnail wp-post-image\" alt=\"\" \/>\t\t\t\t\t\t\t\t<\/a>\n\t\t\t\t\t\t\t<\/div>\n\t\t\t\t\t\t<\/div>\n\t\t\t\t\t<\/div>\n\t\t\t\t<\/div>\n\t\t\t\t\n\t\t\t\t<div class=\"pk-post-inner\">\n\t\t\t\t\t<header>\n\t\t\t\t\t\t<h3 class=\"pk-title\"><a href=\"https:\/\/webdelmaestrocmf.com\/portal\/peru-pone-limites-estudiantes-violentos-podrian-salir-del-aula-presencial-y-pasar-a-otra-modalidad-educativa\/\" rel=\"bookmark\">Per\u00fa pone l\u00edmites: estudiantes violentos podr\u00edan salir del aula presencial y pasar a otra modalidad educativa<\/a><\/h3>\t\t\t\t\t<\/header><!-- .entry-header -->\n\t\t\t\t<\/div><!-- .post-inner -->\n\n\t\t\t<\/div><!-- .post-outer -->\n\t\t<\/article>\n\t\t\t\t<\/div>\n\t\t<\/div>\n\t\t\n","protected":false},"excerpt":{"rendered":"La escuela es mucho m\u00e1s que contenidos. Es un universo de s\u00edmbolos, costumbres y recuerdos que marcan la&hellip;","protected":false},"author":1,"featured_media":109319,"comment_status":"open","ping_status":"closed","sticky":false,"template":"","format":"standard","meta":{"csco_display_header_overlay":false,"csco_singular_sidebar":"","csco_page_header_type":"","csco_page_load_nextpost":"","csco_post_video_location":[],"csco_post_video_location_hash":"","csco_post_video_url":"","csco_post_video_bg_start_time":0,"csco_post_video_bg_end_time":0,"csco_post_video_bg_volume":false,"_jetpack_memberships_contains_paid_content":false,"footnotes":""},"categories":[23790],"tags":[6131,616,15613],"class_list":{"0":"post-109318","1":"post","2":"type-post","3":"status-publish","4":"format-standard","5":"has-post-thumbnail","7":"category-noticias-internacionales","8":"tag-lapicero","9":"tag-profesora","10":"tag-rojo","11":"cs-entry","12":"cs-video-wrap"},"yoast_head":"<!-- This site is optimized with the Yoast SEO plugin v27.5 - https:\/\/yoast.com\/product\/yoast-seo-wordpress\/ -->\n<title>Profesora usa lapicero rojo para corregir ex\u00e1menes y recibe cr\u00edticas: \u201cEst\u00e1 da\u00f1ando la autoestima de los alumnos\u201d - 2026<\/title>\n<meta name=\"description\" content=\"La escuela es mucho m\u00e1s que contenidos. Es un universo de s\u00edmbolos, costumbres y recuerdos que marcan la experiencia educativa: el...\" \/>\n<meta name=\"robots\" content=\"index, follow, max-snippet:-1, max-image-preview:large, max-video-preview:-1\" \/>\n<link rel=\"canonical\" href=\"https:\/\/webdelmaestrocmf.com\/portal\/profesora-usa-lapicero-rojo-para-corregir-examenes-y-recibe-criticas-esta-danando-la-autoestima-de-los-alumnos\/\" \/>\n<meta property=\"og:locale\" content=\"es_ES\" \/>\n<meta property=\"og:type\" content=\"article\" \/>\n<meta property=\"og:title\" content=\"Profesora usa lapicero rojo para corregir ex\u00e1menes y recibe cr\u00edticas: \u201cEst\u00e1 da\u00f1ando la autoestima de los alumnos\u201d - 2026\" \/>\n<meta property=\"og:description\" content=\"La escuela es mucho m\u00e1s que contenidos. Es un universo de s\u00edmbolos, costumbres y recuerdos que marcan la experiencia educativa: el...\" \/>\n<meta property=\"og:url\" content=\"https:\/\/webdelmaestrocmf.com\/portal\/profesora-usa-lapicero-rojo-para-corregir-examenes-y-recibe-criticas-esta-danando-la-autoestima-de-los-alumnos\/\" \/>\n<meta property=\"og:site_name\" content=\"Web del Maestro CMF\" \/>\n<meta property=\"article:publisher\" content=\"https:\/\/www.facebook.com\/WebdelMaestroCMF\/\" \/>\n<meta property=\"article:author\" content=\"https:\/\/www.facebook.com\/WebdelMaestroCMF\/\" \/>\n<meta property=\"article:published_time\" content=\"2025-06-10T14:31:39+00:00\" \/>\n<meta property=\"article:modified_time\" content=\"2026-02-20T16:19:56+00:00\" \/>\n<meta property=\"og:image\" content=\"https:\/\/webdelmaestrocmf.com\/portal\/wp-content\/uploads\/2025\/06\/GFD7FJH2LVCMNNXQHONT7WLPBA.jpg\" \/>\n\t<meta property=\"og:image:width\" content=\"992\" \/>\n\t<meta property=\"og:image:height\" content=\"744\" \/>\n\t<meta property=\"og:image:type\" content=\"image\/jpeg\" \/>\n<meta name=\"author\" content=\"Web del Maestro CMF\" \/>\n<meta name=\"twitter:card\" content=\"summary_large_image\" \/>\n<meta name=\"twitter:creator\" content=\"@cmf_w\" \/>\n<meta name=\"twitter:site\" content=\"@cmf_w\" \/>\n<script type=\"application\/ld+json\" class=\"yoast-schema-graph\">{\"@context\":\"https:\\\/\\\/schema.org\",\"@graph\":[{\"@type\":\"ScholarlyArticle\",\"@id\":\"https:\\\/\\\/webdelmaestrocmf.com\\\/portal\\\/profesora-usa-lapicero-rojo-para-corregir-examenes-y-recibe-criticas-esta-danando-la-autoestima-de-los-alumnos\\\/#article\",\"isPartOf\":{\"@id\":\"https:\\\/\\\/webdelmaestrocmf.com\\\/portal\\\/profesora-usa-lapicero-rojo-para-corregir-examenes-y-recibe-criticas-esta-danando-la-autoestima-de-los-alumnos\\\/\"},\"author\":{\"name\":\"Web del Maestro CMF\",\"@id\":\"https:\\\/\\\/webdelmaestrocmf.com\\\/portal\\\/#\\\/schema\\\/person\\\/1072a2ed7bd960df8ef99a551fa35dc5\"},\"headline\":\"Profesora usa lapicero rojo para corregir ex\u00e1menes y recibe cr\u00edticas: \u201cEst\u00e1 da\u00f1ando la autoestima de los alumnos\u201d\",\"datePublished\":\"2025-06-10T14:31:39+00:00\",\"dateModified\":\"2026-02-20T16:19:56+00:00\",\"mainEntityOfPage\":{\"@id\":\"https:\\\/\\\/webdelmaestrocmf.com\\\/portal\\\/profesora-usa-lapicero-rojo-para-corregir-examenes-y-recibe-criticas-esta-danando-la-autoestima-de-los-alumnos\\\/\"},\"wordCount\":702,\"commentCount\":0,\"publisher\":{\"@id\":\"https:\\\/\\\/webdelmaestrocmf.com\\\/portal\\\/#organization\"},\"image\":{\"@id\":\"https:\\\/\\\/webdelmaestrocmf.com\\\/portal\\\/profesora-usa-lapicero-rojo-para-corregir-examenes-y-recibe-criticas-esta-danando-la-autoestima-de-los-alumnos\\\/#primaryimage\"},\"thumbnailUrl\":\"https:\\\/\\\/webdelmaestrocmf.com\\\/portal\\\/wp-content\\\/uploads\\\/2025\\\/06\\\/GFD7FJH2LVCMNNXQHONT7WLPBA.jpg\",\"keywords\":[\"lapicero\",\"PROFESORA\",\"ROJO\"],\"articleSection\":[\"Noticias Internacionales\"],\"inLanguage\":\"es\",\"potentialAction\":[{\"@type\":\"CommentAction\",\"name\":\"Comment\",\"target\":[\"https:\\\/\\\/webdelmaestrocmf.com\\\/portal\\\/profesora-usa-lapicero-rojo-para-corregir-examenes-y-recibe-criticas-esta-danando-la-autoestima-de-los-alumnos\\\/#respond\"]}]},{\"@type\":\"WebPage\",\"@id\":\"https:\\\/\\\/webdelmaestrocmf.com\\\/portal\\\/profesora-usa-lapicero-rojo-para-corregir-examenes-y-recibe-criticas-esta-danando-la-autoestima-de-los-alumnos\\\/\",\"url\":\"https:\\\/\\\/webdelmaestrocmf.com\\\/portal\\\/profesora-usa-lapicero-rojo-para-corregir-examenes-y-recibe-criticas-esta-danando-la-autoestima-de-los-alumnos\\\/\",\"name\":\"Profesora usa lapicero rojo para corregir ex\u00e1menes y recibe cr\u00edticas: \u201cEst\u00e1 da\u00f1ando la autoestima de los alumnos\u201d - 2026\",\"isPartOf\":{\"@id\":\"https:\\\/\\\/webdelmaestrocmf.com\\\/portal\\\/#website\"},\"primaryImageOfPage\":{\"@id\":\"https:\\\/\\\/webdelmaestrocmf.com\\\/portal\\\/profesora-usa-lapicero-rojo-para-corregir-examenes-y-recibe-criticas-esta-danando-la-autoestima-de-los-alumnos\\\/#primaryimage\"},\"image\":{\"@id\":\"https:\\\/\\\/webdelmaestrocmf.com\\\/portal\\\/profesora-usa-lapicero-rojo-para-corregir-examenes-y-recibe-criticas-esta-danando-la-autoestima-de-los-alumnos\\\/#primaryimage\"},\"thumbnailUrl\":\"https:\\\/\\\/webdelmaestrocmf.com\\\/portal\\\/wp-content\\\/uploads\\\/2025\\\/06\\\/GFD7FJH2LVCMNNXQHONT7WLPBA.jpg\",\"datePublished\":\"2025-06-10T14:31:39+00:00\",\"dateModified\":\"2026-02-20T16:19:56+00:00\",\"description\":\"La escuela es mucho m\u00e1s que contenidos. Es un universo de s\u00edmbolos, costumbres y recuerdos que marcan la experiencia educativa: el...\",\"breadcrumb\":{\"@id\":\"https:\\\/\\\/webdelmaestrocmf.com\\\/portal\\\/profesora-usa-lapicero-rojo-para-corregir-examenes-y-recibe-criticas-esta-danando-la-autoestima-de-los-alumnos\\\/#breadcrumb\"},\"inLanguage\":\"es\",\"potentialAction\":[{\"@type\":\"ReadAction\",\"target\":[\"https:\\\/\\\/webdelmaestrocmf.com\\\/portal\\\/profesora-usa-lapicero-rojo-para-corregir-examenes-y-recibe-criticas-esta-danando-la-autoestima-de-los-alumnos\\\/\"]}]},{\"@type\":\"ImageObject\",\"inLanguage\":\"es\",\"@id\":\"https:\\\/\\\/webdelmaestrocmf.com\\\/portal\\\/profesora-usa-lapicero-rojo-para-corregir-examenes-y-recibe-criticas-esta-danando-la-autoestima-de-los-alumnos\\\/#primaryimage\",\"url\":\"https:\\\/\\\/webdelmaestrocmf.com\\\/portal\\\/wp-content\\\/uploads\\\/2025\\\/06\\\/GFD7FJH2LVCMNNXQHONT7WLPBA.jpg\",\"contentUrl\":\"https:\\\/\\\/webdelmaestrocmf.com\\\/portal\\\/wp-content\\\/uploads\\\/2025\\\/06\\\/GFD7FJH2LVCMNNXQHONT7WLPBA.jpg\",\"width\":992,\"height\":744},{\"@type\":\"BreadcrumbList\",\"@id\":\"https:\\\/\\\/webdelmaestrocmf.com\\\/portal\\\/profesora-usa-lapicero-rojo-para-corregir-examenes-y-recibe-criticas-esta-danando-la-autoestima-de-los-alumnos\\\/#breadcrumb\",\"itemListElement\":[{\"@type\":\"ListItem\",\"position\":1,\"name\":\"Portada\",\"item\":\"https:\\\/\\\/webdelmaestrocmf.com\\\/portal\\\/\"},{\"@type\":\"ListItem\",\"position\":2,\"name\":\"Noticias Internacionales\",\"item\":\"https:\\\/\\\/webdelmaestrocmf.com\\\/portal\\\/category\\\/noticias-internacionales\\\/\"},{\"@type\":\"ListItem\",\"position\":3,\"name\":\"Profesora usa lapicero rojo para corregir ex\u00e1menes y recibe cr\u00edticas: \u201cEst\u00e1 da\u00f1ando la autoestima de los alumnos\u201d\"}]},{\"@type\":\"WebSite\",\"@id\":\"https:\\\/\\\/webdelmaestrocmf.com\\\/portal\\\/#website\",\"url\":\"https:\\\/\\\/webdelmaestrocmf.com\\\/portal\\\/\",\"name\":\"Web del Maestro CMF\",\"description\":\"Maestros al servicio de la educaci\u00f3n\",\"publisher\":{\"@id\":\"https:\\\/\\\/webdelmaestrocmf.com\\\/portal\\\/#organization\"},\"alternateName\":\"WMCMF\",\"potentialAction\":[{\"@type\":\"SearchAction\",\"target\":{\"@type\":\"EntryPoint\",\"urlTemplate\":\"https:\\\/\\\/webdelmaestrocmf.com\\\/portal\\\/?s={search_term_string}\"},\"query-input\":{\"@type\":\"PropertyValueSpecification\",\"valueRequired\":true,\"valueName\":\"search_term_string\"}}],\"inLanguage\":\"es\"},{\"@type\":\"Organization\",\"@id\":\"https:\\\/\\\/webdelmaestrocmf.com\\\/portal\\\/#organization\",\"name\":\"Web del Maestro CMF\",\"alternateName\":\"WMCMF\",\"url\":\"https:\\\/\\\/webdelmaestrocmf.com\\\/portal\\\/\",\"logo\":{\"@type\":\"ImageObject\",\"inLanguage\":\"es\",\"@id\":\"https:\\\/\\\/webdelmaestrocmf.com\\\/portal\\\/#\\\/schema\\\/logo\\\/image\\\/\",\"url\":\"https:\\\/\\\/webdelmaestrocmf.com\\\/portal\\\/wp-content\\\/uploads\\\/2023\\\/01\\\/logo-wmcmf-2.png\",\"contentUrl\":\"https:\\\/\\\/webdelmaestrocmf.com\\\/portal\\\/wp-content\\\/uploads\\\/2023\\\/01\\\/logo-wmcmf-2.png\",\"width\":200,\"height\":60,\"caption\":\"Web del Maestro CMF\"},\"image\":{\"@id\":\"https:\\\/\\\/webdelmaestrocmf.com\\\/portal\\\/#\\\/schema\\\/logo\\\/image\\\/\"},\"sameAs\":[\"https:\\\/\\\/www.facebook.com\\\/WebdelMaestroCMF\\\/\",\"https:\\\/\\\/x.com\\\/cmf_w\",\"https:\\\/\\\/www.pinterest.com\\\/WMCMF\\\/\",\"https:\\\/\\\/www.linkedin.com\\\/company\\\/web-del-maestro-cmf\\\/\",\"https:\\\/\\\/www.instagram.com\\\/wmcmf\\\/\",\"https:\\\/\\\/www.youtube.com\\\/channel\\\/UCDPSvjbdodE5sHnC3OxutHw\",\"https:\\\/\\\/mastodon.social\\\/@wmcmf\",\"https:\\\/\\\/www.tiktok.com\\\/@webdelmaestrocmf\"]},{\"@type\":\"Person\",\"@id\":\"https:\\\/\\\/webdelmaestrocmf.com\\\/portal\\\/#\\\/schema\\\/person\\\/1072a2ed7bd960df8ef99a551fa35dc5\",\"name\":\"Web del Maestro CMF\",\"image\":{\"@type\":\"ImageObject\",\"inLanguage\":\"es\",\"@id\":\"https:\\\/\\\/secure.gravatar.com\\\/avatar\\\/23291dd5b5ae1077dcff3dbb04c3e02bd28403fa75af6d8787d5e97c5bbbe30b?s=96&d=mm&r=g\",\"url\":\"https:\\\/\\\/secure.gravatar.com\\\/avatar\\\/23291dd5b5ae1077dcff3dbb04c3e02bd28403fa75af6d8787d5e97c5bbbe30b?s=96&d=mm&r=g\",\"contentUrl\":\"https:\\\/\\\/secure.gravatar.com\\\/avatar\\\/23291dd5b5ae1077dcff3dbb04c3e02bd28403fa75af6d8787d5e97c5bbbe30b?s=96&d=mm&r=g\",\"caption\":\"Web del Maestro CMF\"},\"description\":\"Esta Web se cre\u00f3 sin fines de lucro, con fines educativos, cient\u00edficos y acad\u00e9micos, para personas que tengan dificultades y\\\/o inconvenientes en visualizar el material original. El objetivo es entregar recursos, compartir experiencias y materiales que ayuden a los padres de familia, maestros y estudiantes en su actualizaci\u00f3n y formaci\u00f3n permanente, en bien de la Educaci\u00f3n.\",\"sameAs\":[\"http:\\\/\\\/webdelmaestrocmf.com\\\/portal\",\"https:\\\/\\\/www.facebook.com\\\/WebdelMaestroCMF\\\/\",\"https:\\\/\\\/www.instagram.com\\\/wmcmf\\\/\",\"https:\\\/\\\/cl.linkedin.com\\\/company\\\/web-del-maestro-cmf\",\"https:\\\/\\\/www.pinterest.com\\\/WMCMF\\\/publicaciones\\\/\",\"https:\\\/\\\/x.com\\\/cmf_w\",\"https:\\\/\\\/www.youtube.com\\\/@WMCMF\"]}]}<\/script>\n<!-- \/ Yoast SEO plugin. -->","yoast_head_json":{"title":"Profesora usa lapicero rojo para corregir ex\u00e1menes y recibe cr\u00edticas: \u201cEst\u00e1 da\u00f1ando la autoestima de los alumnos\u201d - 2026","description":"La escuela es mucho m\u00e1s que contenidos. Es un universo de s\u00edmbolos, costumbres y recuerdos que marcan la experiencia educativa: el...","robots":{"index":"index","follow":"follow","max-snippet":"max-snippet:-1","max-image-preview":"max-image-preview:large","max-video-preview":"max-video-preview:-1"},"canonical":"https:\/\/webdelmaestrocmf.com\/portal\/profesora-usa-lapicero-rojo-para-corregir-examenes-y-recibe-criticas-esta-danando-la-autoestima-de-los-alumnos\/","og_locale":"es_ES","og_type":"article","og_title":"Profesora usa lapicero rojo para corregir ex\u00e1menes y recibe cr\u00edticas: \u201cEst\u00e1 da\u00f1ando la autoestima de los alumnos\u201d - 2026","og_description":"La escuela es mucho m\u00e1s que contenidos. Es un universo de s\u00edmbolos, costumbres y recuerdos que marcan la experiencia educativa: el...","og_url":"https:\/\/webdelmaestrocmf.com\/portal\/profesora-usa-lapicero-rojo-para-corregir-examenes-y-recibe-criticas-esta-danando-la-autoestima-de-los-alumnos\/","og_site_name":"Web del Maestro CMF","article_publisher":"https:\/\/www.facebook.com\/WebdelMaestroCMF\/","article_author":"https:\/\/www.facebook.com\/WebdelMaestroCMF\/","article_published_time":"2025-06-10T14:31:39+00:00","article_modified_time":"2026-02-20T16:19:56+00:00","og_image":[{"width":992,"height":744,"url":"https:\/\/webdelmaestrocmf.com\/portal\/wp-content\/uploads\/2025\/06\/GFD7FJH2LVCMNNXQHONT7WLPBA.jpg","type":"image\/jpeg"}],"author":"Web del Maestro CMF","twitter_card":"summary_large_image","twitter_creator":"@cmf_w","twitter_site":"@cmf_w","schema":{"@context":"https:\/\/schema.org","@graph":[{"@type":"ScholarlyArticle","@id":"https:\/\/webdelmaestrocmf.com\/portal\/profesora-usa-lapicero-rojo-para-corregir-examenes-y-recibe-criticas-esta-danando-la-autoestima-de-los-alumnos\/#article","isPartOf":{"@id":"https:\/\/webdelmaestrocmf.com\/portal\/profesora-usa-lapicero-rojo-para-corregir-examenes-y-recibe-criticas-esta-danando-la-autoestima-de-los-alumnos\/"},"author":{"name":"Web del Maestro CMF","@id":"https:\/\/webdelmaestrocmf.com\/portal\/#\/schema\/person\/1072a2ed7bd960df8ef99a551fa35dc5"},"headline":"Profesora usa lapicero rojo para corregir ex\u00e1menes y recibe cr\u00edticas: \u201cEst\u00e1 da\u00f1ando la autoestima de los alumnos\u201d","datePublished":"2025-06-10T14:31:39+00:00","dateModified":"2026-02-20T16:19:56+00:00","mainEntityOfPage":{"@id":"https:\/\/webdelmaestrocmf.com\/portal\/profesora-usa-lapicero-rojo-para-corregir-examenes-y-recibe-criticas-esta-danando-la-autoestima-de-los-alumnos\/"},"wordCount":702,"commentCount":0,"publisher":{"@id":"https:\/\/webdelmaestrocmf.com\/portal\/#organization"},"image":{"@id":"https:\/\/webdelmaestrocmf.com\/portal\/profesora-usa-lapicero-rojo-para-corregir-examenes-y-recibe-criticas-esta-danando-la-autoestima-de-los-alumnos\/#primaryimage"},"thumbnailUrl":"https:\/\/webdelmaestrocmf.com\/portal\/wp-content\/uploads\/2025\/06\/GFD7FJH2LVCMNNXQHONT7WLPBA.jpg","keywords":["lapicero","PROFESORA","ROJO"],"articleSection":["Noticias Internacionales"],"inLanguage":"es","potentialAction":[{"@type":"CommentAction","name":"Comment","target":["https:\/\/webdelmaestrocmf.com\/portal\/profesora-usa-lapicero-rojo-para-corregir-examenes-y-recibe-criticas-esta-danando-la-autoestima-de-los-alumnos\/#respond"]}]},{"@type":"WebPage","@id":"https:\/\/webdelmaestrocmf.com\/portal\/profesora-usa-lapicero-rojo-para-corregir-examenes-y-recibe-criticas-esta-danando-la-autoestima-de-los-alumnos\/","url":"https:\/\/webdelmaestrocmf.com\/portal\/profesora-usa-lapicero-rojo-para-corregir-examenes-y-recibe-criticas-esta-danando-la-autoestima-de-los-alumnos\/","name":"Profesora usa lapicero rojo para corregir ex\u00e1menes y recibe cr\u00edticas: \u201cEst\u00e1 da\u00f1ando la autoestima de los alumnos\u201d - 2026","isPartOf":{"@id":"https:\/\/webdelmaestrocmf.com\/portal\/#website"},"primaryImageOfPage":{"@id":"https:\/\/webdelmaestrocmf.com\/portal\/profesora-usa-lapicero-rojo-para-corregir-examenes-y-recibe-criticas-esta-danando-la-autoestima-de-los-alumnos\/#primaryimage"},"image":{"@id":"https:\/\/webdelmaestrocmf.com\/portal\/profesora-usa-lapicero-rojo-para-corregir-examenes-y-recibe-criticas-esta-danando-la-autoestima-de-los-alumnos\/#primaryimage"},"thumbnailUrl":"https:\/\/webdelmaestrocmf.com\/portal\/wp-content\/uploads\/2025\/06\/GFD7FJH2LVCMNNXQHONT7WLPBA.jpg","datePublished":"2025-06-10T14:31:39+00:00","dateModified":"2026-02-20T16:19:56+00:00","description":"La escuela es mucho m\u00e1s que contenidos. Es un universo de s\u00edmbolos, costumbres y recuerdos que marcan la experiencia educativa: el...","breadcrumb":{"@id":"https:\/\/webdelmaestrocmf.com\/portal\/profesora-usa-lapicero-rojo-para-corregir-examenes-y-recibe-criticas-esta-danando-la-autoestima-de-los-alumnos\/#breadcrumb"},"inLanguage":"es","potentialAction":[{"@type":"ReadAction","target":["https:\/\/webdelmaestrocmf.com\/portal\/profesora-usa-lapicero-rojo-para-corregir-examenes-y-recibe-criticas-esta-danando-la-autoestima-de-los-alumnos\/"]}]},{"@type":"ImageObject","inLanguage":"es","@id":"https:\/\/webdelmaestrocmf.com\/portal\/profesora-usa-lapicero-rojo-para-corregir-examenes-y-recibe-criticas-esta-danando-la-autoestima-de-los-alumnos\/#primaryimage","url":"https:\/\/webdelmaestrocmf.com\/portal\/wp-content\/uploads\/2025\/06\/GFD7FJH2LVCMNNXQHONT7WLPBA.jpg","contentUrl":"https:\/\/webdelmaestrocmf.com\/portal\/wp-content\/uploads\/2025\/06\/GFD7FJH2LVCMNNXQHONT7WLPBA.jpg","width":992,"height":744},{"@type":"BreadcrumbList","@id":"https:\/\/webdelmaestrocmf.com\/portal\/profesora-usa-lapicero-rojo-para-corregir-examenes-y-recibe-criticas-esta-danando-la-autoestima-de-los-alumnos\/#breadcrumb","itemListElement":[{"@type":"ListItem","position":1,"name":"Portada","item":"https:\/\/webdelmaestrocmf.com\/portal\/"},{"@type":"ListItem","position":2,"name":"Noticias Internacionales","item":"https:\/\/webdelmaestrocmf.com\/portal\/category\/noticias-internacionales\/"},{"@type":"ListItem","position":3,"name":"Profesora usa lapicero rojo para corregir ex\u00e1menes y recibe cr\u00edticas: \u201cEst\u00e1 da\u00f1ando la autoestima de los alumnos\u201d"}]},{"@type":"WebSite","@id":"https:\/\/webdelmaestrocmf.com\/portal\/#website","url":"https:\/\/webdelmaestrocmf.com\/portal\/","name":"Web del Maestro CMF","description":"Maestros al servicio de la educaci\u00f3n","publisher":{"@id":"https:\/\/webdelmaestrocmf.com\/portal\/#organization"},"alternateName":"WMCMF","potentialAction":[{"@type":"SearchAction","target":{"@type":"EntryPoint","urlTemplate":"https:\/\/webdelmaestrocmf.com\/portal\/?s={search_term_string}"},"query-input":{"@type":"PropertyValueSpecification","valueRequired":true,"valueName":"search_term_string"}}],"inLanguage":"es"},{"@type":"Organization","@id":"https:\/\/webdelmaestrocmf.com\/portal\/#organization","name":"Web del Maestro CMF","alternateName":"WMCMF","url":"https:\/\/webdelmaestrocmf.com\/portal\/","logo":{"@type":"ImageObject","inLanguage":"es","@id":"https:\/\/webdelmaestrocmf.com\/portal\/#\/schema\/logo\/image\/","url":"https:\/\/webdelmaestrocmf.com\/portal\/wp-content\/uploads\/2023\/01\/logo-wmcmf-2.png","contentUrl":"https:\/\/webdelmaestrocmf.com\/portal\/wp-content\/uploads\/2023\/01\/logo-wmcmf-2.png","width":200,"height":60,"caption":"Web del Maestro CMF"},"image":{"@id":"https:\/\/webdelmaestrocmf.com\/portal\/#\/schema\/logo\/image\/"},"sameAs":["https:\/\/www.facebook.com\/WebdelMaestroCMF\/","https:\/\/x.com\/cmf_w","https:\/\/www.pinterest.com\/WMCMF\/","https:\/\/www.linkedin.com\/company\/web-del-maestro-cmf\/","https:\/\/www.instagram.com\/wmcmf\/","https:\/\/www.youtube.com\/channel\/UCDPSvjbdodE5sHnC3OxutHw","https:\/\/mastodon.social\/@wmcmf","https:\/\/www.tiktok.com\/@webdelmaestrocmf"]},{"@type":"Person","@id":"https:\/\/webdelmaestrocmf.com\/portal\/#\/schema\/person\/1072a2ed7bd960df8ef99a551fa35dc5","name":"Web del Maestro CMF","image":{"@type":"ImageObject","inLanguage":"es","@id":"https:\/\/secure.gravatar.com\/avatar\/23291dd5b5ae1077dcff3dbb04c3e02bd28403fa75af6d8787d5e97c5bbbe30b?s=96&d=mm&r=g","url":"https:\/\/secure.gravatar.com\/avatar\/23291dd5b5ae1077dcff3dbb04c3e02bd28403fa75af6d8787d5e97c5bbbe30b?s=96&d=mm&r=g","contentUrl":"https:\/\/secure.gravatar.com\/avatar\/23291dd5b5ae1077dcff3dbb04c3e02bd28403fa75af6d8787d5e97c5bbbe30b?s=96&d=mm&r=g","caption":"Web del Maestro CMF"},"description":"Esta Web se cre\u00f3 sin fines de lucro, con fines educativos, cient\u00edficos y acad\u00e9micos, para personas que tengan dificultades y\/o inconvenientes en visualizar el material original. El objetivo es entregar recursos, compartir experiencias y materiales que ayuden a los padres de familia, maestros y estudiantes en su actualizaci\u00f3n y formaci\u00f3n permanente, en bien de la Educaci\u00f3n.","sameAs":["http:\/\/webdelmaestrocmf.com\/portal","https:\/\/www.facebook.com\/WebdelMaestroCMF\/","https:\/\/www.instagram.com\/wmcmf\/","https:\/\/cl.linkedin.com\/company\/web-del-maestro-cmf","https:\/\/www.pinterest.com\/WMCMF\/publicaciones\/","https:\/\/x.com\/cmf_w","https:\/\/www.youtube.com\/@WMCMF"]}]}},"jetpack_featured_media_url":"https:\/\/webdelmaestrocmf.com\/portal\/wp-content\/uploads\/2025\/06\/GFD7FJH2LVCMNNXQHONT7WLPBA.jpg","jetpack_sharing_enabled":true,"jetpack-related-posts":[{"id":110173,"url":"https:\/\/webdelmaestrocmf.com\/portal\/dana-el-color-rojo-al-corregir-que-dice-la-ciencia-sobre-esta-polemica\/","url_meta":{"origin":109318,"position":0},"title":"\u00bfDa\u00f1a el color rojo al corregir? Qu\u00e9 dice la ciencia sobre esta pol\u00e9mica","author":"Web del Maestro CMF","date":"19 junio, 2025","format":false,"excerpt":"Un debate que revela m\u00e1s sobre los adultos que sobre los ni\u00f1os.","rel":"","context":"En \u00abNoticias Internacionales\u00bb","block_context":{"text":"Noticias Internacionales","link":"https:\/\/webdelmaestrocmf.com\/portal\/category\/noticias-internacionales\/"},"img":{"alt_text":"","src":"https:\/\/i0.wp.com\/webdelmaestrocmf.com\/portal\/wp-content\/uploads\/2025\/06\/1A-Banner-1-portada-imagen-10-1-copia-8.jpg?resize=350%2C200&ssl=1","width":350,"height":200,"srcset":"https:\/\/i0.wp.com\/webdelmaestrocmf.com\/portal\/wp-content\/uploads\/2025\/06\/1A-Banner-1-portada-imagen-10-1-copia-8.jpg?resize=350%2C200&ssl=1 1x, https:\/\/i0.wp.com\/webdelmaestrocmf.com\/portal\/wp-content\/uploads\/2025\/06\/1A-Banner-1-portada-imagen-10-1-copia-8.jpg?resize=525%2C300&ssl=1 1.5x, https:\/\/i0.wp.com\/webdelmaestrocmf.com\/portal\/wp-content\/uploads\/2025\/06\/1A-Banner-1-portada-imagen-10-1-copia-8.jpg?resize=700%2C400&ssl=1 2x"},"classes":[]},{"id":114095,"url":"https:\/\/webdelmaestrocmf.com\/portal\/humor-escolar-crianza-respetuosa-y-limites-cuando-los-mensajes-de-los-padres-interpelan-a-la-escuela\/","url_meta":{"origin":109318,"position":1},"title":"Humor escolar, crianza respetuosa y l\u00edmites: cuando los mensajes de los padres interpelan a la escuela","author":"Web del Maestro CMF","date":"15 diciembre, 2025","format":false,"excerpt":"Demandas familiares cotidianas ponen en tensi\u00f3n la autoridad docente, los l\u00edmites educativos y el verdadero sentido de la crianza respetuosa en la escuela.","rel":"","context":"En \u00abNoticias Internacionales\u00bb","block_context":{"text":"Noticias Internacionales","link":"https:\/\/webdelmaestrocmf.com\/portal\/category\/noticias-internacionales\/"},"img":{"alt_text":"","src":"https:\/\/i0.wp.com\/webdelmaestrocmf.com\/portal\/wp-content\/uploads\/2025\/12\/1A-Banner-1-portada-imagen-10-1-copia-18.webp?resize=350%2C200&ssl=1","width":350,"height":200,"srcset":"https:\/\/i0.wp.com\/webdelmaestrocmf.com\/portal\/wp-content\/uploads\/2025\/12\/1A-Banner-1-portada-imagen-10-1-copia-18.webp?resize=350%2C200&ssl=1 1x, https:\/\/i0.wp.com\/webdelmaestrocmf.com\/portal\/wp-content\/uploads\/2025\/12\/1A-Banner-1-portada-imagen-10-1-copia-18.webp?resize=525%2C300&ssl=1 1.5x, https:\/\/i0.wp.com\/webdelmaestrocmf.com\/portal\/wp-content\/uploads\/2025\/12\/1A-Banner-1-portada-imagen-10-1-copia-18.webp?resize=700%2C400&ssl=1 2x"},"classes":[]},{"id":28684,"url":"https:\/\/webdelmaestrocmf.com\/portal\/cada-uno-tiene-algo-que-le-gusta-mas-que-es-para-lo-que-nacio-su-talento-su-vocacion\/","url_meta":{"origin":109318,"position":2},"title":"Francesco Tonucci: Cada uno tiene algo que le gusta m\u00e1s, que es para lo que naci\u00f3, su talento, su vocaci\u00f3n","author":"Web del Maestro CMF","date":"6 junio, 2018","format":false,"excerpt":"El psicopedagogo Francesco Tonucci (Fano, Italia, 1940) padre de tres hijos, ha conseguido que, en su pueblo natal, y miles de ni\u00f1os en el mundo, vayan solos al colegio aprendiendo en ese trayecto casi tanto como en la escuela. Los recuerdos de su paso por la escuela primaria y secundaria\u2026","rel":"","context":"En \u00abCharlas\u00bb","block_context":{"text":"Charlas","link":"https:\/\/webdelmaestrocmf.com\/portal\/category\/charlas\/"},"img":{"alt_text":"","src":"https:\/\/i0.wp.com\/webdelmaestrocmf.com\/portal\/wp-content\/uploads\/2018\/06\/Francesco-Tonucci.jpg?resize=350%2C200&ssl=1","width":350,"height":200,"srcset":"https:\/\/i0.wp.com\/webdelmaestrocmf.com\/portal\/wp-content\/uploads\/2018\/06\/Francesco-Tonucci.jpg?resize=350%2C200&ssl=1 1x, https:\/\/i0.wp.com\/webdelmaestrocmf.com\/portal\/wp-content\/uploads\/2018\/06\/Francesco-Tonucci.jpg?resize=525%2C300&ssl=1 1.5x, https:\/\/i0.wp.com\/webdelmaestrocmf.com\/portal\/wp-content\/uploads\/2018\/06\/Francesco-Tonucci.jpg?resize=700%2C400&ssl=1 2x, https:\/\/i0.wp.com\/webdelmaestrocmf.com\/portal\/wp-content\/uploads\/2018\/06\/Francesco-Tonucci.jpg?resize=1050%2C600&ssl=1 3x"},"classes":[]},{"id":70390,"url":"https:\/\/webdelmaestrocmf.com\/portal\/zipgrade-es-una-app-que-te-ayudara-a-calificar-examenes-en-menos-de-10-segundos\/","url_meta":{"origin":109318,"position":3},"title":"ZipGrade es una App que te ayudar\u00e1 a calificar ex\u00e1menes en menos de 10 segundos","author":"Web del Maestro CMF","date":"31 octubre, 2021","format":false,"excerpt":"\u00bfC\u00f3mo corregir ex\u00e1menes tipo test gratis y r\u00e1pidamente? Con ZipGrade se pueden\u00a0corregir tests autom\u00e1ticamente con el m\u00f3vil con Android, iPhone y iPad escane\u00e1ndolos gratis a toda velocidad sin necesidad de tocarlos f\u00edsicamente. Es gratis\u00a0si bien tambi\u00e9n tiene una modalidad de pago (opcional) muy econ\u00f3mica si se necesita por tener un\u2026","rel":"","context":"En \u00abSoftware\u00bb","block_context":{"text":"Software","link":"https:\/\/webdelmaestrocmf.com\/portal\/category\/tecnologia\/software\/"},"img":{"alt_text":"","src":"https:\/\/i0.wp.com\/webdelmaestrocmf.com\/portal\/wp-content\/uploads\/2021\/10\/1-138.jpg?resize=350%2C200&ssl=1","width":350,"height":200,"srcset":"https:\/\/i0.wp.com\/webdelmaestrocmf.com\/portal\/wp-content\/uploads\/2021\/10\/1-138.jpg?resize=350%2C200&ssl=1 1x, https:\/\/i0.wp.com\/webdelmaestrocmf.com\/portal\/wp-content\/uploads\/2021\/10\/1-138.jpg?resize=525%2C300&ssl=1 1.5x, https:\/\/i0.wp.com\/webdelmaestrocmf.com\/portal\/wp-content\/uploads\/2021\/10\/1-138.jpg?resize=700%2C400&ssl=1 2x, https:\/\/i0.wp.com\/webdelmaestrocmf.com\/portal\/wp-content\/uploads\/2021\/10\/1-138.jpg?resize=1050%2C600&ssl=1 3x"},"classes":[]},{"id":113880,"url":"https:\/\/webdelmaestrocmf.com\/portal\/profesora-es-criticada-por-decir-que-sus-alumnos-no-saben-nada-y-que-el-sistema-los-hace-pasar-de-curso-sin-aprender\/","url_meta":{"origin":109318,"position":4},"title":"Profesora es criticada por decir que \u201csus alumnos no saben nada\u201d y que el sistema los hace pasar de curso sin aprender","author":"Web del Maestro CMF","date":"9 abril, 2026","format":false,"excerpt":"Una profesora denuncia el bajo nivel acad\u00e9mico, cuestiona la promoci\u00f3n autom\u00e1tica y provoca un fuerte debate nacional tras revelar m\u00faltiples ceros en sus ex\u00e1menes.","rel":"","context":"En \u00abNoticias Internacionales\u00bb","block_context":{"text":"Noticias Internacionales","link":"https:\/\/webdelmaestrocmf.com\/portal\/category\/noticias-internacionales\/"},"img":{"alt_text":"","src":"https:\/\/i0.wp.com\/webdelmaestrocmf.com\/portal\/wp-content\/uploads\/2025\/12\/1AA-Banner-1-portada-imagen-10-1-copia-2.webp?resize=350%2C200&ssl=1","width":350,"height":200,"srcset":"https:\/\/i0.wp.com\/webdelmaestrocmf.com\/portal\/wp-content\/uploads\/2025\/12\/1AA-Banner-1-portada-imagen-10-1-copia-2.webp?resize=350%2C200&ssl=1 1x, https:\/\/i0.wp.com\/webdelmaestrocmf.com\/portal\/wp-content\/uploads\/2025\/12\/1AA-Banner-1-portada-imagen-10-1-copia-2.webp?resize=525%2C300&ssl=1 1.5x, https:\/\/i0.wp.com\/webdelmaestrocmf.com\/portal\/wp-content\/uploads\/2025\/12\/1AA-Banner-1-portada-imagen-10-1-copia-2.webp?resize=700%2C400&ssl=1 2x, https:\/\/i0.wp.com\/webdelmaestrocmf.com\/portal\/wp-content\/uploads\/2025\/12\/1AA-Banner-1-portada-imagen-10-1-copia-2.webp?resize=1050%2C600&ssl=1 3x"},"classes":[]},{"id":15831,"url":"https:\/\/webdelmaestrocmf.com\/portal\/superar-no-escribir-manera-clara-8-tips-mejorar-la-letra-los-ninos\/","url_meta":{"origin":109318,"position":5},"title":"Consejos, ejercicios y ejemplos para mejorar la letra","author":"Web del Maestro CMF","date":"22 noviembre, 2023","format":false,"excerpt":"La escritura es un proceso que va m\u00e1s all\u00e1 del mero conocimiento de las letras. La escritura implica diferentes habilidades entre ellas la caligraf\u00eda. La caligraf\u00eda hace referencia a la manera de escribir de cada persona, al tipo de trazos que dan lugar a la letra escrita. Son numerosas las\u2026","rel":"","context":"En \u00abComunicaci\u00f3n\u00bb","block_context":{"text":"Comunicaci\u00f3n","link":"https:\/\/webdelmaestrocmf.com\/portal\/category\/pedagogia\/comunicacion\/"},"img":{"alt_text":"mejorar la letra","src":"https:\/\/i0.wp.com\/webdelmaestrocmf.com\/portal\/wp-content\/uploads\/2020\/04\/A12B3C4D-5.jpg?resize=350%2C200&ssl=1","width":350,"height":200,"srcset":"https:\/\/i0.wp.com\/webdelmaestrocmf.com\/portal\/wp-content\/uploads\/2020\/04\/A12B3C4D-5.jpg?resize=350%2C200&ssl=1 1x, https:\/\/i0.wp.com\/webdelmaestrocmf.com\/portal\/wp-content\/uploads\/2020\/04\/A12B3C4D-5.jpg?resize=525%2C300&ssl=1 1.5x, https:\/\/i0.wp.com\/webdelmaestrocmf.com\/portal\/wp-content\/uploads\/2020\/04\/A12B3C4D-5.jpg?resize=700%2C400&ssl=1 2x"},"classes":[]}],"_links":{"self":[{"href":"https:\/\/webdelmaestrocmf.com\/portal\/wp-json\/wp\/v2\/posts\/109318","targetHints":{"allow":["GET"]}}],"collection":[{"href":"https:\/\/webdelmaestrocmf.com\/portal\/wp-json\/wp\/v2\/posts"}],"about":[{"href":"https:\/\/webdelmaestrocmf.com\/portal\/wp-json\/wp\/v2\/types\/post"}],"author":[{"embeddable":true,"href":"https:\/\/webdelmaestrocmf.com\/portal\/wp-json\/wp\/v2\/users\/1"}],"replies":[{"embeddable":true,"href":"https:\/\/webdelmaestrocmf.com\/portal\/wp-json\/wp\/v2\/comments?post=109318"}],"version-history":[{"count":3,"href":"https:\/\/webdelmaestrocmf.com\/portal\/wp-json\/wp\/v2\/posts\/109318\/revisions"}],"predecessor-version":[{"id":115488,"href":"https:\/\/webdelmaestrocmf.com\/portal\/wp-json\/wp\/v2\/posts\/109318\/revisions\/115488"}],"wp:featuredmedia":[{"embeddable":true,"href":"https:\/\/webdelmaestrocmf.com\/portal\/wp-json\/wp\/v2\/media\/109319"}],"wp:attachment":[{"href":"https:\/\/webdelmaestrocmf.com\/portal\/wp-json\/wp\/v2\/media?parent=109318"}],"wp:term":[{"taxonomy":"category","embeddable":true,"href":"https:\/\/webdelmaestrocmf.com\/portal\/wp-json\/wp\/v2\/categories?post=109318"},{"taxonomy":"post_tag","embeddable":true,"href":"https:\/\/webdelmaestrocmf.com\/portal\/wp-json\/wp\/v2\/tags?post=109318"}],"curies":[{"name":"wp","href":"https:\/\/api.w.org\/{rel}","templated":true}]}}