{"id":109302,"date":"2025-06-09T21:18:50","date_gmt":"2025-06-10T01:18:50","guid":{"rendered":"https:\/\/webdelmaestrocmf.com\/portal\/?p=109302"},"modified":"2025-06-17T12:33:25","modified_gmt":"2025-06-17T16:33:25","slug":"docentes-bajo-amenaza-la-salud-del-magisterio-latinoamericano-en-crisis","status":"publish","type":"post","link":"https:\/\/webdelmaestrocmf.com\/portal\/docentes-bajo-amenaza-la-salud-del-magisterio-latinoamericano-en-crisis\/","title":{"rendered":"Docentes bajo amenaza: la salud del magisterio latinoamericano en crisis"},"content":{"rendered":"<p style=\"text-align: justify;\" data-pm-slice=\"1 1 []\">En 2025, un informe regional encendi\u00f3 las alarmas: la salud del magisterio en Am\u00e9rica Latina est\u00e1 en crisis. Docentes de pa\u00edses como M\u00e9xico, Chile, Argentina, Colombia y Per\u00fa est\u00e1n enfrentando una creciente incidencia de enfermedades cr\u00f3nicas, un marcado envejecimiento laboral y graves fallas en los sistemas de salud que deber\u00edan protegerlos. Este art\u00edculo, dirigido especialmente a docentes, expone los hallazgos principales y propone una mirada reflexiva y urgente sobre un problema que va m\u00e1s all\u00e1 del aula: la salud de quienes educan.<!--more--><\/p>\n<p style=\"text-align: justify;\">Hace unos pocos d\u00edas atr\u00e1s, <a href=\"https:\/\/webdelmaestrocmf.com\/portal\/fallece-maestro-mientras-impartia-clases-de-matematica-en-secundaria\/\" target=\"_blank\" rel=\"noopener\">la comunidad educativa de Matamoros, Tamaulipas, qued\u00f3 consternada por la repentina muerte del profesor Sergio Trevi\u00f1o Coronado, de 58 a\u00f1os, quien colaps\u00f3 mientras impart\u00eda clases en la Escuela Secundaria T\u00e9cnica No. 15 \u201cEmiliano Zapata\u201d.<\/a> Con m\u00e1s de 30 a\u00f1os de trayectoria docente y padecimientos cr\u00f3nicos como diabetes e hipertensi\u00f3n, Trevi\u00f1o hab\u00eda decidido seguir en activo pese a cumplir los requisitos para jubilarse. Su fallecimiento no solo gener\u00f3 conmoci\u00f3n entre colegas y estudiantes, sino que tambi\u00e9n volvi\u00f3 a visibilizar los riesgos de salud que enfrentan muchos docentes que, a\u00fan con enfermedades acumuladas, contin\u00faan trabajando por vocaci\u00f3n o necesidad. Docentes de pa\u00edses como M\u00e9xico, Chile, Argentina, Colombia y Per\u00fa est\u00e1n enfrentando una creciente incidencia de enfermedades cr\u00f3nicas, un marcado envejecimiento laboral y graves fallas en los sistemas de salud que deber\u00edan protegerlos. Este art\u00edculo, dirigido especialmente a docentes, expone los hallazgos principales y propone una mirada reflexiva y urgente sobre un problema que va m\u00e1s all\u00e1 del aula: la salud de quienes educan.<\/p>\n<p>Art\u00edculo relacionado:\u00a0<a href=\"https:\/\/webdelmaestrocmf.com\/portal\/fallece-maestro-mientras-impartia-clases-de-matematica-en-secundaria\/\" target=\"_top\">Fallece maestro mientras impart\u00eda clases de matem\u00e1tica en secundaria<\/a><\/p>\n<h3 style=\"text-align: left;\"><strong>Enfermedades cr\u00f3nicas: principales causas de muerte docente<\/strong><\/h3>\n<p style=\"text-align: justify;\">En toda la regi\u00f3n, los docentes comparten un mismo destino epidemiol\u00f3gico que la poblaci\u00f3n general, pero con matices preocupantes:<\/p>\n<ul style=\"text-align: justify;\" data-spread=\"true\">\n<li><strong>M\u00e9xico<\/strong>: las principales causas de muerte en docentes son enfermedades del coraz\u00f3n, diabetes mellitus y c\u00e1ncer. La alta prevalencia de obesidad, el sedentarismo y el estr\u00e9s laboral agravan la situaci\u00f3n. <a>INEGI, 2024<\/a>; <a href=\"https:\/\/unesdoc.unesco.org\/ark:\/48223\/pf0000232199\">UNESCO, 2014<\/a><\/li>\n<li><strong>Chile<\/strong>: las enfermedades circulatorias, los tumores malignos y las afecciones respiratorias lideran la mortalidad docente. El envejecimiento del profesorado y la falta de salud ocupacional agravan el panorama. <a>DEIS, 2024<\/a>, <a href=\"https:\/\/www.colegiodeprofesores.cl\">Colegio de Profesores<\/a>, <a href=\"https:\/\/www.minsal.cl\/\">Ministerio de Salud Chile<\/a><\/li>\n<li><strong>Argentina<\/strong>: aunque el magisterio es relativamente joven (edad promedio: 35), las enfermedades cardiovasculares y los c\u00e1nceres son la principal causa de muerte al llegar a la jubilaci\u00f3n. Los infartos por estr\u00e9s y las enfermedades relacionadas con agroqu\u00edmicos en zonas rurales son motivo de alarma. <a>Ministerio de Salud Argentina, 2020<\/a>, <a>Expresi\u00f3n del Sur, 2025<\/a><\/li>\n<li><strong>Colombia<\/strong>: el 42% del magisterio supera los 60 a\u00f1os. El c\u00e1ncer de mama (en mujeres) y de pr\u00f3stata (en hombres) presentan una incidencia muy superior al promedio nacional. Las enfermedades cardiovasculares y la diabetes tambi\u00e9n son causas comunes de muerte. <a>Informe \u00abAs\u00ed Vamos en Salud\u00bb, 2025<\/a>, <a href=\"https:\/\/www.fomag.gov.co\">FOMAG<\/a><\/li>\n<li><strong>Per\u00fa<\/strong>: los docentes peruanos, con una edad promedio de 46 a\u00f1os, enfrentan altas tasas de cardiopat\u00edas, diabetes y enfermedades respiratorias. Las zonas rurales tienen mayor vulnerabilidad por falta de acceso a atenci\u00f3n m\u00e9dica. <a>MINSA, 2024<\/a>, <a href=\"https:\/\/documents.worldbank.org\/curated\/en\/691281605432914959\/Per%C3%BA-Mejorando-la-calidad-de-la-educaci%C3%B3n-a-trav%C3%A9s-del-desarrollo-profesional-docente\">Banco Mundial, 2020<\/a><\/li>\n<\/ul>\n<p><a href=\"https:\/\/webdelmaestrocmf.com\/portal\/wp-content\/uploads\/2025\/06\/Captura-de-pantalla-2025-06-09-210128.jpg\"><img loading=\"lazy\" decoding=\"async\" class=\"alignnone wp-image-109306\" src=\"https:\/\/webdelmaestrocmf.com\/portal\/wp-content\/uploads\/2025\/06\/Captura-de-pantalla-2025-06-09-210128.jpg\" alt=\"\" width=\"1242\" height=\"794\" srcset=\"https:\/\/webdelmaestrocmf.com\/portal\/wp-content\/uploads\/2025\/06\/Captura-de-pantalla-2025-06-09-210128.jpg 796w, https:\/\/webdelmaestrocmf.com\/portal\/wp-content\/uploads\/2025\/06\/Captura-de-pantalla-2025-06-09-210128-300x192.jpg 300w, https:\/\/webdelmaestrocmf.com\/portal\/wp-content\/uploads\/2025\/06\/Captura-de-pantalla-2025-06-09-210128-768x491.jpg 768w, https:\/\/webdelmaestrocmf.com\/portal\/wp-content\/uploads\/2025\/06\/Captura-de-pantalla-2025-06-09-210128-380x243.jpg 380w, https:\/\/webdelmaestrocmf.com\/portal\/wp-content\/uploads\/2025\/06\/Captura-de-pantalla-2025-06-09-210128-550x352.jpg 550w\" sizes=\"auto, (max-width: 1242px) 100vw, 1242px\" \/><\/a><\/p>\n<h3 style=\"text-align: left;\"><strong>Un magisterio que envejece<\/strong><\/h3>\n<p style=\"text-align: justify;\">El envejecimiento docente es un factor com\u00fan en todos los pa\u00edses analizados. En Colombia, el 84% de los docentes tiene m\u00e1s de 40 a\u00f1os; en Chile y Per\u00fa, el promedio supera los 45. En M\u00e9xico, aunque la media ronda los 40, hay una fuerte presencia de docentes mayores de 50. Esto incrementa el riesgo de enfermedades cr\u00f3nicas, disminuye la productividad y aumenta la presi\u00f3n sobre los sistemas de salud.<\/p>\n<h3 style=\"text-align: left;\"><strong>Fallas en la atenci\u00f3n m\u00e9dica docente<\/strong><\/h3>\n<p style=\"text-align: justify;\">En M\u00e9xico, el ISSSTE est\u00e1 colapsado: faltan medicamentos, especialistas y respuestas oportunas. Casos extremos muestran a docentes pidiendo ayuda divina por falta de cirug\u00edas. <a href=\"https:\/\/www.nmas.com.mx\/\">N+ Noticias, 2025<\/a><\/p>\n<p style=\"text-align: justify;\">En Colombia, el FOMAG ha recibido un 266% m\u00e1s quejas en cinco a\u00f1os por demoras y negaciones. Solo hay tres IPS por cada 10.000 afiliados, lo que impide una atenci\u00f3n oportuna. <a>\u00abAs\u00ed Vamos en Salud\u00bb, 2025<\/a><\/p>\n<p style=\"text-align: justify;\">En Chile, pese a tener una buena cobertura, no existe un sistema espec\u00edfico de salud ocupacional para docentes. La disfon\u00eda, las tendinitis, la hipertensi\u00f3n y el estr\u00e9s son frecuentes. <a href=\"https:\/\/www.colegiodeprofesores.cl\">Estudios de U. de Chile y Colegio de Profesores<\/a><\/p>\n<p style=\"text-align: justify;\">En Argentina, las obras sociales docentes provinciales est\u00e1n colapsadas. Los docentes reclaman por falta de cobertura y por el abandono de tratamientos costosos. <a href=\"https:\/\/www.suteba.org.ar\">SUTEBA, 2023<\/a><\/p>\n<p style=\"text-align: justify;\">En Per\u00fa, el magisterio accede a EsSalud o SIS, pero sufre los mismos problemas de saturaci\u00f3n y desabastecimiento que el resto del pa\u00eds. En zonas rurales, muchas veces no hay m\u00e9dico disponible. <a>Minedu, 2025<\/a><\/p>\n<h3 style=\"text-align: left;\"><strong>El estr\u00e9s que enferma y mata<\/strong><\/h3>\n<p style=\"text-align: justify;\">El desgaste docente no es un asunto menor. La salud mental es el gran pendiente. En Colombia, el 62% de los docentes est\u00e1 en riesgo de ansiedad o depresi\u00f3n. En Argentina, vicedirectoras han muerto por ACV tras jornadas de sobrecarga emocional. En Chile, el 13% de los profesores sufre depresi\u00f3n diagnosticada. <a>Informe ASVS Colombia 2025<\/a>, <a>Expresi\u00f3n del Sur, 2025<\/a>, <a href=\"https:\/\/www.colegiodeprofesores.cl\">Colegio de Profesores, 2023<\/a><\/p>\n<h3 style=\"text-align: left;\"><strong>Conclusi\u00f3n: educar no deber\u00eda costar la salud ni la vida<\/strong><\/h3>\n<p style=\"text-align: justify;\">El magisterio latinoamericano est\u00e1 pagando un precio demasiado alto. En un contexto de exigencias crecientes, salarios bajos, falta de reconocimiento y sistemas de salud deficientes, muchos docentes enferman o mueren sin que el sistema reaccione. No se trata solo de una crisis sanitaria, sino tambi\u00e9n de una crisis \u00e9tica y pol\u00edtica.<\/p>\n<p style=\"text-align: justify;\">El Estado debe invertir en programas preventivos espec\u00edficos para el magisterio, fortalecer los sistemas de salud docente, humanizar las condiciones laborales y garantizar jubilaciones dignas. Porque un maestro sano ense\u00f1a mejor, y porque educar nunca deber\u00eda costar la vida.<\/p>\n<p><iframe loading=\"lazy\" title=\"YouTube video player\" src=\"https:\/\/www.youtube.com\/embed\/ONt5mrq3LYo?si=TSadZzOsCV4RBOR0\" width=\"100%\" height=\"315\" frameborder=\"0\" allowfullscreen=\"allowfullscreen\"><span data-mce-type=\"bookmark\" style=\"display: inline-block; width: 0px; overflow: hidden; line-height: 0;\" class=\"mce_SELRES_start\">\ufeff<\/span><\/iframe><\/p>\n<p><iframe loading=\"lazy\" title=\"YouTube video player\" src=\"https:\/\/www.youtube.com\/embed\/2xKBWZc0oTc?si=iMqAfEtZxOCbWrA3\" width=\"100%\" height=\"315\" frameborder=\"0\" allowfullscreen=\"allowfullscreen\"><\/iframe><\/p>\n<p><iframe loading=\"lazy\" title=\"YouTube video player\" src=\"https:\/\/www.youtube.com\/embed\/eBdgj0zSBFA?si=F2Y2_BxoBwmMk_c8\" width=\"100%\" height=\"315\" frameborder=\"0\" allowfullscreen=\"allowfullscreen\"><\/iframe><\/p>\n<h3 style=\"text-align: left;\"><strong>Bibliograf\u00eda:<\/strong><\/h3>\n<ul style=\"text-align: justify;\" data-spread=\"false\">\n<li><a>INEGI, 2024 (M\u00e9xico)<\/a><\/li>\n<li><a>DEIS, 2024 (Chile)<\/a><\/li>\n<li><a>Ministerio de Salud Argentina, 2020<\/a><\/li>\n<li><a>Informe \u00abAs\u00ed Vamos en Salud\u00bb, 2025 (Colombia)<\/a><\/li>\n<li><a>Ministerio de Salud y Minedu Per\u00fa, 2024-2025<\/a><\/li>\n<li><a href=\"https:\/\/unesdoc.unesco.org\/ark:\/48223\/pf0000232199\">UNESCO-OREALC, 2014<\/a><\/li>\n<li><a href=\"https:\/\/www.colegiodeprofesores.cl\">Colegio de Profesores de Chile<\/a><\/li>\n<li><a>Expresi\u00f3n del Sur, 2025<\/a><\/li>\n<li><a href=\"https:\/\/documents.worldbank.org\/curated\/en\/691281605432914959\/Per%C3%BA-Mejorando-la-calidad-de-la-educaci%C3%B3n-a-trav%C3%A9s-del-desarrollo-profesional-docente\">Banco Mundial, 2020<\/a><\/li>\n<li><a href=\"https:\/\/www.nmas.com.mx\/\">N+ Noticias, 2025<\/a><\/li>\n<li><a href=\"https:\/\/www.suteba.org.ar\">SUTEBA, 2023<\/a><\/li>\n<\/ul>\n<p style=\"text-align: right;\"><strong>REDACCI\u00d3N WEB DEL MAESTRO CMF<\/strong><\/p>\n\t\t<div class=\"pk-inline-posts\">\n\t\t\t\n\t\t\t<div class=\"pk-inline-posts-container pk-inline-posts-template-list\"\n\t\t\t\tdata-columns=\"1\">\n\t\t\t\t\t\t<article id=\"post-118505\" class=\"post-118505 post type-post status-publish format-standard has-post-thumbnail category-noticias-internacionales tag-acoso-laboral-docente tag-clima-laboral-educativo tag-denuncia-laboral tag-derechos-laborales-docentes tag-ley-karin tag-maltrato-en-escuelas tag-salud-mental-docente tag-sistema-educativo-crisis tag-violencia-en-escuelas cs-entry cs-video-wrap\">\n\t\t\t<div class=\"pk-post-outer\">\n\n\t\t\t\t\t\t\t\t<div class=\"pk-post-inner\">\n\t\t\t\t\t<div class=\"entry-thumbnail\">\n\t\t\t\t\t\t<div class=\"pk-overlay pk-overlay-ratio pk-ratio-landscape\">\n\t\t\t\t\t\t\t<div class=\"pk-overlay-background\">\n\t\t\t\t\t\t\t\t<a href=\"https:\/\/webdelmaestrocmf.com\/portal\/maestra-consulta-que-hacer-tras-sufrir-acoso-laboral-por-parte-de-una-profesora-y-directora-teme-denunciar-y-quedar-vetada-de-por-vida-como-se-debe-de-proceder-en-estos-casos\/\" class=\"pk-overlay-link\">\n\t\t\t\t\t\t\t\t\t<img loading=\"lazy\" decoding=\"async\" width=\"300\" height=\"225\" src=\"https:\/\/webdelmaestrocmf.com\/portal\/wp-content\/uploads\/2026\/04\/1AA-Banner-1-portada-imagen-10-1-copia-4-4-300x225.webp\" class=\"attachment-pk-thumbnail size-pk-thumbnail wp-post-image\" alt=\"\" \/>\t\t\t\t\t\t\t\t<\/a>\n\t\t\t\t\t\t\t<\/div>\n\t\t\t\t\t\t<\/div>\n\t\t\t\t\t<\/div>\n\t\t\t\t<\/div>\n\t\t\t\t\n\t\t\t\t<div class=\"pk-post-inner\">\n\t\t\t\t\t<header>\n\t\t\t\t\t\t<h3 class=\"pk-title\"><a href=\"https:\/\/webdelmaestrocmf.com\/portal\/maestra-consulta-que-hacer-tras-sufrir-acoso-laboral-por-parte-de-una-profesora-y-directora-teme-denunciar-y-quedar-vetada-de-por-vida-como-se-debe-de-proceder-en-estos-casos\/\" rel=\"bookmark\">Maestra consulta qu\u00e9 hacer tras sufrir acoso laboral por parte de una profesora y directora, teme denunciar y quedar vetada de por vida \u00bfC\u00f3mo se debe de proceder en estos casos?<\/a><\/h3>\t\t\t\t\t<\/header><!-- .entry-header -->\n\t\t\t\t<\/div><!-- .post-inner -->\n\n\t\t\t<\/div><!-- .post-outer -->\n\t\t<\/article>\n\t\t\t<article id=\"post-118473\" class=\"post-118473 post type-post status-publish format-standard has-post-thumbnail category-noticias-internacionales tag-convivencia tag-docentes tag-educacion-3 tag-gestion-escolar-2 tag-protocolos tag-salud-mental tag-seguridad-escolar tag-simulacros tag-violencia-escolar cs-entry cs-video-wrap\">\n\t\t\t<div class=\"pk-post-outer\">\n\n\t\t\t\t\t\t\t\t<div class=\"pk-post-inner\">\n\t\t\t\t\t<div class=\"entry-thumbnail\">\n\t\t\t\t\t\t<div class=\"pk-overlay pk-overlay-ratio pk-ratio-landscape\">\n\t\t\t\t\t\t\t<div class=\"pk-overlay-background\">\n\t\t\t\t\t\t\t\t<a href=\"https:\/\/webdelmaestrocmf.com\/portal\/se-confirma-que-habra-simulacros-de-tiroteos-en-las-escuelas\/\" class=\"pk-overlay-link\">\n\t\t\t\t\t\t\t\t\t<img loading=\"lazy\" decoding=\"async\" width=\"300\" height=\"225\" src=\"https:\/\/webdelmaestrocmf.com\/portal\/wp-content\/uploads\/2026\/04\/1AA-Banner-1-portada-imagen-10-1-copia-1-11-300x225.webp\" class=\"attachment-pk-thumbnail size-pk-thumbnail wp-post-image\" alt=\"\" \/>\t\t\t\t\t\t\t\t<\/a>\n\t\t\t\t\t\t\t<\/div>\n\t\t\t\t\t\t<\/div>\n\t\t\t\t\t<\/div>\n\t\t\t\t<\/div>\n\t\t\t\t\n\t\t\t\t<div class=\"pk-post-inner\">\n\t\t\t\t\t<header>\n\t\t\t\t\t\t<h3 class=\"pk-title\"><a href=\"https:\/\/webdelmaestrocmf.com\/portal\/se-confirma-que-habra-simulacros-de-tiroteos-en-las-escuelas\/\" rel=\"bookmark\">Se confirma que habr\u00e1 simulacros de tiroteos en las escuelas<\/a><\/h3>\t\t\t\t\t<\/header><!-- .entry-header -->\n\t\t\t\t<\/div><!-- .post-inner -->\n\n\t\t\t<\/div><!-- .post-outer -->\n\t\t<\/article>\n\t\t\t<article id=\"post-118464\" class=\"post-118464 post type-post status-publish format-standard has-post-thumbnail category-noticias-internacionales tag-aula tag-convivencia-escolar tag-disciplina tag-docentes tag-educacion-3 tag-estudiantes tag-gestion-educativa-3 tag-normativa tag-pedagogia-3 tag-violencia-escolar cs-entry cs-video-wrap\">\n\t\t\t<div class=\"pk-post-outer\">\n\n\t\t\t\t\t\t\t\t<div class=\"pk-post-inner\">\n\t\t\t\t\t<div class=\"entry-thumbnail\">\n\t\t\t\t\t\t<div class=\"pk-overlay pk-overlay-ratio pk-ratio-landscape\">\n\t\t\t\t\t\t\t<div class=\"pk-overlay-background\">\n\t\t\t\t\t\t\t\t<a href=\"https:\/\/webdelmaestrocmf.com\/portal\/peru-pone-limites-estudiantes-violentos-podrian-salir-del-aula-presencial-y-pasar-a-otra-modalidad-educativa\/\" class=\"pk-overlay-link\">\n\t\t\t\t\t\t\t\t\t<img loading=\"lazy\" decoding=\"async\" width=\"300\" height=\"225\" src=\"https:\/\/webdelmaestrocmf.com\/portal\/wp-content\/uploads\/2026\/04\/1AA-Banner-1-portada-imagen-10-1-copia-38-300x225.webp\" class=\"attachment-pk-thumbnail size-pk-thumbnail wp-post-image\" alt=\"\" \/>\t\t\t\t\t\t\t\t<\/a>\n\t\t\t\t\t\t\t<\/div>\n\t\t\t\t\t\t<\/div>\n\t\t\t\t\t<\/div>\n\t\t\t\t<\/div>\n\t\t\t\t\n\t\t\t\t<div class=\"pk-post-inner\">\n\t\t\t\t\t<header>\n\t\t\t\t\t\t<h3 class=\"pk-title\"><a href=\"https:\/\/webdelmaestrocmf.com\/portal\/peru-pone-limites-estudiantes-violentos-podrian-salir-del-aula-presencial-y-pasar-a-otra-modalidad-educativa\/\" rel=\"bookmark\">Per\u00fa pone l\u00edmites: estudiantes violentos podr\u00edan salir del aula presencial y pasar a otra modalidad educativa<\/a><\/h3>\t\t\t\t\t<\/header><!-- .entry-header -->\n\t\t\t\t<\/div><!-- .post-inner -->\n\n\t\t\t<\/div><!-- .post-outer -->\n\t\t<\/article>\n\t\t\t\t<\/div>\n\t\t<\/div>\n\t\t\n","protected":false},"excerpt":{"rendered":"En 2025, un informe regional encendi\u00f3 las alarmas: la salud del magisterio en Am\u00e9rica Latina est\u00e1 en crisis.&hellip;","protected":false},"author":1,"featured_media":109308,"comment_status":"open","ping_status":"closed","sticky":false,"template":"","format":"standard","meta":{"csco_display_header_overlay":false,"csco_singular_sidebar":"","csco_page_header_type":"","csco_page_load_nextpost":"","csco_post_video_location":[],"csco_post_video_location_hash":"","csco_post_video_url":"","csco_post_video_bg_start_time":0,"csco_post_video_bg_end_time":0,"csco_post_video_bg_volume":false,"_jetpack_memberships_contains_paid_content":false,"footnotes":""},"categories":[23790,13890],"tags":[2721,4151,1464,58,23750,23751],"class_list":{"0":"post-109302","1":"post","2":"type-post","3":"status-publish","4":"format-standard","5":"has-post-thumbnail","7":"category-noticias-internacionales","8":"category-salud","9":"tag-amenaza","10":"tag-bajo","11":"tag-crisis","12":"tag-docentes","13":"tag-la-salud-del-magisterio","14":"tag-latinoamericano","15":"cs-entry","16":"cs-video-wrap"},"yoast_head":"<!-- This site is optimized with the Yoast SEO plugin v27.5 - https:\/\/yoast.com\/product\/yoast-seo-wordpress\/ -->\n<title>Docentes bajo amenaza: la salud del magisterio latinoamericano en crisis - 2026<\/title>\n<meta name=\"description\" content=\"En 2025, un informe regional encendi\u00f3 las alarmas: la salud del magisterio en Am\u00e9rica Latina est\u00e1 en crisis. Docentes de pa\u00edses como M\u00e9xico...\" \/>\n<meta name=\"robots\" content=\"index, follow, max-snippet:-1, max-image-preview:large, max-video-preview:-1\" \/>\n<link rel=\"canonical\" href=\"https:\/\/webdelmaestrocmf.com\/portal\/docentes-bajo-amenaza-la-salud-del-magisterio-latinoamericano-en-crisis\/\" \/>\n<meta property=\"og:locale\" content=\"es_ES\" \/>\n<meta property=\"og:type\" content=\"article\" \/>\n<meta property=\"og:title\" content=\"Docentes bajo amenaza: la salud del magisterio latinoamericano en crisis - 2026\" \/>\n<meta property=\"og:description\" content=\"En 2025, un informe regional encendi\u00f3 las alarmas: la salud del magisterio en Am\u00e9rica Latina est\u00e1 en crisis. Docentes de pa\u00edses como M\u00e9xico...\" \/>\n<meta property=\"og:url\" content=\"https:\/\/webdelmaestrocmf.com\/portal\/docentes-bajo-amenaza-la-salud-del-magisterio-latinoamericano-en-crisis\/\" \/>\n<meta property=\"og:site_name\" content=\"Web del Maestro CMF\" \/>\n<meta property=\"article:publisher\" content=\"https:\/\/www.facebook.com\/WebdelMaestroCMF\/\" \/>\n<meta property=\"article:author\" content=\"https:\/\/www.facebook.com\/WebdelMaestroCMF\/\" \/>\n<meta property=\"article:published_time\" content=\"2025-06-10T01:18:50+00:00\" \/>\n<meta property=\"article:modified_time\" content=\"2025-06-17T16:33:25+00:00\" \/>\n<meta property=\"og:image\" content=\"https:\/\/webdelmaestrocmf.com\/portal\/wp-content\/uploads\/2025\/06\/1A-Banner-1-portada-imagen-10-1-28.jpg\" \/>\n\t<meta property=\"og:image:width\" content=\"1024\" \/>\n\t<meta property=\"og:image:height\" content=\"1024\" \/>\n\t<meta property=\"og:image:type\" content=\"image\/jpeg\" \/>\n<meta name=\"author\" content=\"Web del Maestro CMF\" \/>\n<meta name=\"twitter:card\" content=\"summary_large_image\" \/>\n<meta name=\"twitter:creator\" content=\"@cmf_w\" \/>\n<meta name=\"twitter:site\" content=\"@cmf_w\" \/>\n<script type=\"application\/ld+json\" class=\"yoast-schema-graph\">{\"@context\":\"https:\\\/\\\/schema.org\",\"@graph\":[{\"@type\":\"ScholarlyArticle\",\"@id\":\"https:\\\/\\\/webdelmaestrocmf.com\\\/portal\\\/docentes-bajo-amenaza-la-salud-del-magisterio-latinoamericano-en-crisis\\\/#article\",\"isPartOf\":{\"@id\":\"https:\\\/\\\/webdelmaestrocmf.com\\\/portal\\\/docentes-bajo-amenaza-la-salud-del-magisterio-latinoamericano-en-crisis\\\/\"},\"author\":{\"name\":\"Web del Maestro CMF\",\"@id\":\"https:\\\/\\\/webdelmaestrocmf.com\\\/portal\\\/#\\\/schema\\\/person\\\/1072a2ed7bd960df8ef99a551fa35dc5\"},\"headline\":\"Docentes bajo amenaza: la salud del magisterio latinoamericano en crisis\",\"datePublished\":\"2025-06-10T01:18:50+00:00\",\"dateModified\":\"2025-06-17T16:33:25+00:00\",\"mainEntityOfPage\":{\"@id\":\"https:\\\/\\\/webdelmaestrocmf.com\\\/portal\\\/docentes-bajo-amenaza-la-salud-del-magisterio-latinoamericano-en-crisis\\\/\"},\"wordCount\":1018,\"commentCount\":0,\"publisher\":{\"@id\":\"https:\\\/\\\/webdelmaestrocmf.com\\\/portal\\\/#organization\"},\"image\":{\"@id\":\"https:\\\/\\\/webdelmaestrocmf.com\\\/portal\\\/docentes-bajo-amenaza-la-salud-del-magisterio-latinoamericano-en-crisis\\\/#primaryimage\"},\"thumbnailUrl\":\"https:\\\/\\\/webdelmaestrocmf.com\\\/portal\\\/wp-content\\\/uploads\\\/2025\\\/06\\\/1A-Banner-1-portada-imagen-10-1-28.jpg\",\"keywords\":[\"AMENAZA\",\"BAJO\",\"CRISIS\",\"DOCENTES\",\"la salud del magisterio\",\"latinoamericano\"],\"articleSection\":[\"Noticias Internacionales\",\"Salud\"],\"inLanguage\":\"es\",\"potentialAction\":[{\"@type\":\"CommentAction\",\"name\":\"Comment\",\"target\":[\"https:\\\/\\\/webdelmaestrocmf.com\\\/portal\\\/docentes-bajo-amenaza-la-salud-del-magisterio-latinoamericano-en-crisis\\\/#respond\"]}]},{\"@type\":\"WebPage\",\"@id\":\"https:\\\/\\\/webdelmaestrocmf.com\\\/portal\\\/docentes-bajo-amenaza-la-salud-del-magisterio-latinoamericano-en-crisis\\\/\",\"url\":\"https:\\\/\\\/webdelmaestrocmf.com\\\/portal\\\/docentes-bajo-amenaza-la-salud-del-magisterio-latinoamericano-en-crisis\\\/\",\"name\":\"Docentes bajo amenaza: la salud del magisterio latinoamericano en crisis - 2026\",\"isPartOf\":{\"@id\":\"https:\\\/\\\/webdelmaestrocmf.com\\\/portal\\\/#website\"},\"primaryImageOfPage\":{\"@id\":\"https:\\\/\\\/webdelmaestrocmf.com\\\/portal\\\/docentes-bajo-amenaza-la-salud-del-magisterio-latinoamericano-en-crisis\\\/#primaryimage\"},\"image\":{\"@id\":\"https:\\\/\\\/webdelmaestrocmf.com\\\/portal\\\/docentes-bajo-amenaza-la-salud-del-magisterio-latinoamericano-en-crisis\\\/#primaryimage\"},\"thumbnailUrl\":\"https:\\\/\\\/webdelmaestrocmf.com\\\/portal\\\/wp-content\\\/uploads\\\/2025\\\/06\\\/1A-Banner-1-portada-imagen-10-1-28.jpg\",\"datePublished\":\"2025-06-10T01:18:50+00:00\",\"dateModified\":\"2025-06-17T16:33:25+00:00\",\"description\":\"En 2025, un informe regional encendi\u00f3 las alarmas: la salud del magisterio en Am\u00e9rica Latina est\u00e1 en crisis. Docentes de pa\u00edses como M\u00e9xico...\",\"breadcrumb\":{\"@id\":\"https:\\\/\\\/webdelmaestrocmf.com\\\/portal\\\/docentes-bajo-amenaza-la-salud-del-magisterio-latinoamericano-en-crisis\\\/#breadcrumb\"},\"inLanguage\":\"es\",\"potentialAction\":[{\"@type\":\"ReadAction\",\"target\":[\"https:\\\/\\\/webdelmaestrocmf.com\\\/portal\\\/docentes-bajo-amenaza-la-salud-del-magisterio-latinoamericano-en-crisis\\\/\"]}]},{\"@type\":\"ImageObject\",\"inLanguage\":\"es\",\"@id\":\"https:\\\/\\\/webdelmaestrocmf.com\\\/portal\\\/docentes-bajo-amenaza-la-salud-del-magisterio-latinoamericano-en-crisis\\\/#primaryimage\",\"url\":\"https:\\\/\\\/webdelmaestrocmf.com\\\/portal\\\/wp-content\\\/uploads\\\/2025\\\/06\\\/1A-Banner-1-portada-imagen-10-1-28.jpg\",\"contentUrl\":\"https:\\\/\\\/webdelmaestrocmf.com\\\/portal\\\/wp-content\\\/uploads\\\/2025\\\/06\\\/1A-Banner-1-portada-imagen-10-1-28.jpg\",\"width\":1024,\"height\":1024},{\"@type\":\"BreadcrumbList\",\"@id\":\"https:\\\/\\\/webdelmaestrocmf.com\\\/portal\\\/docentes-bajo-amenaza-la-salud-del-magisterio-latinoamericano-en-crisis\\\/#breadcrumb\",\"itemListElement\":[{\"@type\":\"ListItem\",\"position\":1,\"name\":\"Portada\",\"item\":\"https:\\\/\\\/webdelmaestrocmf.com\\\/portal\\\/\"},{\"@type\":\"ListItem\",\"position\":2,\"name\":\"Recursos\",\"item\":\"https:\\\/\\\/webdelmaestrocmf.com\\\/portal\\\/category\\\/pedagogia\\\/\"},{\"@type\":\"ListItem\",\"position\":3,\"name\":\"Docentes bajo amenaza: la salud del magisterio latinoamericano en crisis\"}]},{\"@type\":\"WebSite\",\"@id\":\"https:\\\/\\\/webdelmaestrocmf.com\\\/portal\\\/#website\",\"url\":\"https:\\\/\\\/webdelmaestrocmf.com\\\/portal\\\/\",\"name\":\"Web del Maestro CMF\",\"description\":\"Maestros al servicio de la educaci\u00f3n\",\"publisher\":{\"@id\":\"https:\\\/\\\/webdelmaestrocmf.com\\\/portal\\\/#organization\"},\"alternateName\":\"WMCMF\",\"potentialAction\":[{\"@type\":\"SearchAction\",\"target\":{\"@type\":\"EntryPoint\",\"urlTemplate\":\"https:\\\/\\\/webdelmaestrocmf.com\\\/portal\\\/?s={search_term_string}\"},\"query-input\":{\"@type\":\"PropertyValueSpecification\",\"valueRequired\":true,\"valueName\":\"search_term_string\"}}],\"inLanguage\":\"es\"},{\"@type\":\"Organization\",\"@id\":\"https:\\\/\\\/webdelmaestrocmf.com\\\/portal\\\/#organization\",\"name\":\"Web del Maestro CMF\",\"alternateName\":\"WMCMF\",\"url\":\"https:\\\/\\\/webdelmaestrocmf.com\\\/portal\\\/\",\"logo\":{\"@type\":\"ImageObject\",\"inLanguage\":\"es\",\"@id\":\"https:\\\/\\\/webdelmaestrocmf.com\\\/portal\\\/#\\\/schema\\\/logo\\\/image\\\/\",\"url\":\"https:\\\/\\\/webdelmaestrocmf.com\\\/portal\\\/wp-content\\\/uploads\\\/2023\\\/01\\\/logo-wmcmf-2.png\",\"contentUrl\":\"https:\\\/\\\/webdelmaestrocmf.com\\\/portal\\\/wp-content\\\/uploads\\\/2023\\\/01\\\/logo-wmcmf-2.png\",\"width\":200,\"height\":60,\"caption\":\"Web del Maestro CMF\"},\"image\":{\"@id\":\"https:\\\/\\\/webdelmaestrocmf.com\\\/portal\\\/#\\\/schema\\\/logo\\\/image\\\/\"},\"sameAs\":[\"https:\\\/\\\/www.facebook.com\\\/WebdelMaestroCMF\\\/\",\"https:\\\/\\\/x.com\\\/cmf_w\",\"https:\\\/\\\/www.pinterest.com\\\/WMCMF\\\/\",\"https:\\\/\\\/www.linkedin.com\\\/company\\\/web-del-maestro-cmf\\\/\",\"https:\\\/\\\/www.instagram.com\\\/wmcmf\\\/\",\"https:\\\/\\\/www.youtube.com\\\/channel\\\/UCDPSvjbdodE5sHnC3OxutHw\",\"https:\\\/\\\/mastodon.social\\\/@wmcmf\",\"https:\\\/\\\/www.tiktok.com\\\/@webdelmaestrocmf\"]},{\"@type\":\"Person\",\"@id\":\"https:\\\/\\\/webdelmaestrocmf.com\\\/portal\\\/#\\\/schema\\\/person\\\/1072a2ed7bd960df8ef99a551fa35dc5\",\"name\":\"Web del Maestro CMF\",\"image\":{\"@type\":\"ImageObject\",\"inLanguage\":\"es\",\"@id\":\"https:\\\/\\\/secure.gravatar.com\\\/avatar\\\/23291dd5b5ae1077dcff3dbb04c3e02bd28403fa75af6d8787d5e97c5bbbe30b?s=96&d=mm&r=g\",\"url\":\"https:\\\/\\\/secure.gravatar.com\\\/avatar\\\/23291dd5b5ae1077dcff3dbb04c3e02bd28403fa75af6d8787d5e97c5bbbe30b?s=96&d=mm&r=g\",\"contentUrl\":\"https:\\\/\\\/secure.gravatar.com\\\/avatar\\\/23291dd5b5ae1077dcff3dbb04c3e02bd28403fa75af6d8787d5e97c5bbbe30b?s=96&d=mm&r=g\",\"caption\":\"Web del Maestro CMF\"},\"description\":\"Esta Web se cre\u00f3 sin fines de lucro, con fines educativos, cient\u00edficos y acad\u00e9micos, para personas que tengan dificultades y\\\/o inconvenientes en visualizar el material original. El objetivo es entregar recursos, compartir experiencias y materiales que ayuden a los padres de familia, maestros y estudiantes en su actualizaci\u00f3n y formaci\u00f3n permanente, en bien de la Educaci\u00f3n.\",\"sameAs\":[\"http:\\\/\\\/webdelmaestrocmf.com\\\/portal\",\"https:\\\/\\\/www.facebook.com\\\/WebdelMaestroCMF\\\/\",\"https:\\\/\\\/www.instagram.com\\\/wmcmf\\\/\",\"https:\\\/\\\/cl.linkedin.com\\\/company\\\/web-del-maestro-cmf\",\"https:\\\/\\\/www.pinterest.com\\\/WMCMF\\\/publicaciones\\\/\",\"https:\\\/\\\/x.com\\\/cmf_w\",\"https:\\\/\\\/www.youtube.com\\\/@WMCMF\"]}]}<\/script>\n<!-- \/ Yoast SEO plugin. -->","yoast_head_json":{"title":"Docentes bajo amenaza: la salud del magisterio latinoamericano en crisis - 2026","description":"En 2025, un informe regional encendi\u00f3 las alarmas: la salud del magisterio en Am\u00e9rica Latina est\u00e1 en crisis. Docentes de pa\u00edses como M\u00e9xico...","robots":{"index":"index","follow":"follow","max-snippet":"max-snippet:-1","max-image-preview":"max-image-preview:large","max-video-preview":"max-video-preview:-1"},"canonical":"https:\/\/webdelmaestrocmf.com\/portal\/docentes-bajo-amenaza-la-salud-del-magisterio-latinoamericano-en-crisis\/","og_locale":"es_ES","og_type":"article","og_title":"Docentes bajo amenaza: la salud del magisterio latinoamericano en crisis - 2026","og_description":"En 2025, un informe regional encendi\u00f3 las alarmas: la salud del magisterio en Am\u00e9rica Latina est\u00e1 en crisis. Docentes de pa\u00edses como M\u00e9xico...","og_url":"https:\/\/webdelmaestrocmf.com\/portal\/docentes-bajo-amenaza-la-salud-del-magisterio-latinoamericano-en-crisis\/","og_site_name":"Web del Maestro CMF","article_publisher":"https:\/\/www.facebook.com\/WebdelMaestroCMF\/","article_author":"https:\/\/www.facebook.com\/WebdelMaestroCMF\/","article_published_time":"2025-06-10T01:18:50+00:00","article_modified_time":"2025-06-17T16:33:25+00:00","og_image":[{"width":1024,"height":1024,"url":"https:\/\/webdelmaestrocmf.com\/portal\/wp-content\/uploads\/2025\/06\/1A-Banner-1-portada-imagen-10-1-28.jpg","type":"image\/jpeg"}],"author":"Web del Maestro CMF","twitter_card":"summary_large_image","twitter_creator":"@cmf_w","twitter_site":"@cmf_w","schema":{"@context":"https:\/\/schema.org","@graph":[{"@type":"ScholarlyArticle","@id":"https:\/\/webdelmaestrocmf.com\/portal\/docentes-bajo-amenaza-la-salud-del-magisterio-latinoamericano-en-crisis\/#article","isPartOf":{"@id":"https:\/\/webdelmaestrocmf.com\/portal\/docentes-bajo-amenaza-la-salud-del-magisterio-latinoamericano-en-crisis\/"},"author":{"name":"Web del Maestro CMF","@id":"https:\/\/webdelmaestrocmf.com\/portal\/#\/schema\/person\/1072a2ed7bd960df8ef99a551fa35dc5"},"headline":"Docentes bajo amenaza: la salud del magisterio latinoamericano en crisis","datePublished":"2025-06-10T01:18:50+00:00","dateModified":"2025-06-17T16:33:25+00:00","mainEntityOfPage":{"@id":"https:\/\/webdelmaestrocmf.com\/portal\/docentes-bajo-amenaza-la-salud-del-magisterio-latinoamericano-en-crisis\/"},"wordCount":1018,"commentCount":0,"publisher":{"@id":"https:\/\/webdelmaestrocmf.com\/portal\/#organization"},"image":{"@id":"https:\/\/webdelmaestrocmf.com\/portal\/docentes-bajo-amenaza-la-salud-del-magisterio-latinoamericano-en-crisis\/#primaryimage"},"thumbnailUrl":"https:\/\/webdelmaestrocmf.com\/portal\/wp-content\/uploads\/2025\/06\/1A-Banner-1-portada-imagen-10-1-28.jpg","keywords":["AMENAZA","BAJO","CRISIS","DOCENTES","la salud del magisterio","latinoamericano"],"articleSection":["Noticias Internacionales","Salud"],"inLanguage":"es","potentialAction":[{"@type":"CommentAction","name":"Comment","target":["https:\/\/webdelmaestrocmf.com\/portal\/docentes-bajo-amenaza-la-salud-del-magisterio-latinoamericano-en-crisis\/#respond"]}]},{"@type":"WebPage","@id":"https:\/\/webdelmaestrocmf.com\/portal\/docentes-bajo-amenaza-la-salud-del-magisterio-latinoamericano-en-crisis\/","url":"https:\/\/webdelmaestrocmf.com\/portal\/docentes-bajo-amenaza-la-salud-del-magisterio-latinoamericano-en-crisis\/","name":"Docentes bajo amenaza: la salud del magisterio latinoamericano en crisis - 2026","isPartOf":{"@id":"https:\/\/webdelmaestrocmf.com\/portal\/#website"},"primaryImageOfPage":{"@id":"https:\/\/webdelmaestrocmf.com\/portal\/docentes-bajo-amenaza-la-salud-del-magisterio-latinoamericano-en-crisis\/#primaryimage"},"image":{"@id":"https:\/\/webdelmaestrocmf.com\/portal\/docentes-bajo-amenaza-la-salud-del-magisterio-latinoamericano-en-crisis\/#primaryimage"},"thumbnailUrl":"https:\/\/webdelmaestrocmf.com\/portal\/wp-content\/uploads\/2025\/06\/1A-Banner-1-portada-imagen-10-1-28.jpg","datePublished":"2025-06-10T01:18:50+00:00","dateModified":"2025-06-17T16:33:25+00:00","description":"En 2025, un informe regional encendi\u00f3 las alarmas: la salud del magisterio en Am\u00e9rica Latina est\u00e1 en crisis. Docentes de pa\u00edses como M\u00e9xico...","breadcrumb":{"@id":"https:\/\/webdelmaestrocmf.com\/portal\/docentes-bajo-amenaza-la-salud-del-magisterio-latinoamericano-en-crisis\/#breadcrumb"},"inLanguage":"es","potentialAction":[{"@type":"ReadAction","target":["https:\/\/webdelmaestrocmf.com\/portal\/docentes-bajo-amenaza-la-salud-del-magisterio-latinoamericano-en-crisis\/"]}]},{"@type":"ImageObject","inLanguage":"es","@id":"https:\/\/webdelmaestrocmf.com\/portal\/docentes-bajo-amenaza-la-salud-del-magisterio-latinoamericano-en-crisis\/#primaryimage","url":"https:\/\/webdelmaestrocmf.com\/portal\/wp-content\/uploads\/2025\/06\/1A-Banner-1-portada-imagen-10-1-28.jpg","contentUrl":"https:\/\/webdelmaestrocmf.com\/portal\/wp-content\/uploads\/2025\/06\/1A-Banner-1-portada-imagen-10-1-28.jpg","width":1024,"height":1024},{"@type":"BreadcrumbList","@id":"https:\/\/webdelmaestrocmf.com\/portal\/docentes-bajo-amenaza-la-salud-del-magisterio-latinoamericano-en-crisis\/#breadcrumb","itemListElement":[{"@type":"ListItem","position":1,"name":"Portada","item":"https:\/\/webdelmaestrocmf.com\/portal\/"},{"@type":"ListItem","position":2,"name":"Recursos","item":"https:\/\/webdelmaestrocmf.com\/portal\/category\/pedagogia\/"},{"@type":"ListItem","position":3,"name":"Docentes bajo amenaza: la salud del magisterio latinoamericano en crisis"}]},{"@type":"WebSite","@id":"https:\/\/webdelmaestrocmf.com\/portal\/#website","url":"https:\/\/webdelmaestrocmf.com\/portal\/","name":"Web del Maestro CMF","description":"Maestros al servicio de la educaci\u00f3n","publisher":{"@id":"https:\/\/webdelmaestrocmf.com\/portal\/#organization"},"alternateName":"WMCMF","potentialAction":[{"@type":"SearchAction","target":{"@type":"EntryPoint","urlTemplate":"https:\/\/webdelmaestrocmf.com\/portal\/?s={search_term_string}"},"query-input":{"@type":"PropertyValueSpecification","valueRequired":true,"valueName":"search_term_string"}}],"inLanguage":"es"},{"@type":"Organization","@id":"https:\/\/webdelmaestrocmf.com\/portal\/#organization","name":"Web del Maestro CMF","alternateName":"WMCMF","url":"https:\/\/webdelmaestrocmf.com\/portal\/","logo":{"@type":"ImageObject","inLanguage":"es","@id":"https:\/\/webdelmaestrocmf.com\/portal\/#\/schema\/logo\/image\/","url":"https:\/\/webdelmaestrocmf.com\/portal\/wp-content\/uploads\/2023\/01\/logo-wmcmf-2.png","contentUrl":"https:\/\/webdelmaestrocmf.com\/portal\/wp-content\/uploads\/2023\/01\/logo-wmcmf-2.png","width":200,"height":60,"caption":"Web del Maestro CMF"},"image":{"@id":"https:\/\/webdelmaestrocmf.com\/portal\/#\/schema\/logo\/image\/"},"sameAs":["https:\/\/www.facebook.com\/WebdelMaestroCMF\/","https:\/\/x.com\/cmf_w","https:\/\/www.pinterest.com\/WMCMF\/","https:\/\/www.linkedin.com\/company\/web-del-maestro-cmf\/","https:\/\/www.instagram.com\/wmcmf\/","https:\/\/www.youtube.com\/channel\/UCDPSvjbdodE5sHnC3OxutHw","https:\/\/mastodon.social\/@wmcmf","https:\/\/www.tiktok.com\/@webdelmaestrocmf"]},{"@type":"Person","@id":"https:\/\/webdelmaestrocmf.com\/portal\/#\/schema\/person\/1072a2ed7bd960df8ef99a551fa35dc5","name":"Web del Maestro CMF","image":{"@type":"ImageObject","inLanguage":"es","@id":"https:\/\/secure.gravatar.com\/avatar\/23291dd5b5ae1077dcff3dbb04c3e02bd28403fa75af6d8787d5e97c5bbbe30b?s=96&d=mm&r=g","url":"https:\/\/secure.gravatar.com\/avatar\/23291dd5b5ae1077dcff3dbb04c3e02bd28403fa75af6d8787d5e97c5bbbe30b?s=96&d=mm&r=g","contentUrl":"https:\/\/secure.gravatar.com\/avatar\/23291dd5b5ae1077dcff3dbb04c3e02bd28403fa75af6d8787d5e97c5bbbe30b?s=96&d=mm&r=g","caption":"Web del Maestro CMF"},"description":"Esta Web se cre\u00f3 sin fines de lucro, con fines educativos, cient\u00edficos y acad\u00e9micos, para personas que tengan dificultades y\/o inconvenientes en visualizar el material original. El objetivo es entregar recursos, compartir experiencias y materiales que ayuden a los padres de familia, maestros y estudiantes en su actualizaci\u00f3n y formaci\u00f3n permanente, en bien de la Educaci\u00f3n.","sameAs":["http:\/\/webdelmaestrocmf.com\/portal","https:\/\/www.facebook.com\/WebdelMaestroCMF\/","https:\/\/www.instagram.com\/wmcmf\/","https:\/\/cl.linkedin.com\/company\/web-del-maestro-cmf","https:\/\/www.pinterest.com\/WMCMF\/publicaciones\/","https:\/\/x.com\/cmf_w","https:\/\/www.youtube.com\/@WMCMF"]}]}},"jetpack_featured_media_url":"https:\/\/webdelmaestrocmf.com\/portal\/wp-content\/uploads\/2025\/06\/1A-Banner-1-portada-imagen-10-1-28.jpg","jetpack_sharing_enabled":true,"jetpack-related-posts":[{"id":114019,"url":"https:\/\/webdelmaestrocmf.com\/portal\/absolucion-del-maestro-esteban-canchola-herrera-justicia-debido-proceso-y-limites-de-la-responsabilidad-docente\/","url_meta":{"origin":109302,"position":0},"title":"Absoluci\u00f3n del maestro Esteban Canchola Herrera: justicia, debido proceso y l\u00edmites de la responsabilidad docente","author":"Web del Maestro CMF","date":"14 diciembre, 2025","format":false,"excerpt":"Justicia se\u00f1ala que no hubo delito ni omisi\u00f3n docente, al determinar el tribunal que actu\u00f3 conforme a los protocolos escolares y que no existi\u00f3 dolo ni responsabilidad penal en su actuaci\u00f3n.","rel":"","context":"En \u00abNoticias Internacionales\u00bb","block_context":{"text":"Noticias Internacionales","link":"https:\/\/webdelmaestrocmf.com\/portal\/category\/noticias-internacionales\/"},"img":{"alt_text":"","src":"https:\/\/i0.wp.com\/webdelmaestrocmf.com\/portal\/wp-content\/uploads\/2025\/12\/1A-Banner-1-portada-imagen-10-1-copia-3-2.webp?resize=350%2C200&ssl=1","width":350,"height":200,"srcset":"https:\/\/i0.wp.com\/webdelmaestrocmf.com\/portal\/wp-content\/uploads\/2025\/12\/1A-Banner-1-portada-imagen-10-1-copia-3-2.webp?resize=350%2C200&ssl=1 1x, https:\/\/i0.wp.com\/webdelmaestrocmf.com\/portal\/wp-content\/uploads\/2025\/12\/1A-Banner-1-portada-imagen-10-1-copia-3-2.webp?resize=525%2C300&ssl=1 1.5x, https:\/\/i0.wp.com\/webdelmaestrocmf.com\/portal\/wp-content\/uploads\/2025\/12\/1A-Banner-1-portada-imagen-10-1-copia-3-2.webp?resize=700%2C400&ssl=1 2x"},"classes":[]},{"id":113189,"url":"https:\/\/webdelmaestrocmf.com\/portal\/fallece-maestra-de-historia-mientras-impartia-clases-en-una-secundaria-una-tragedia-que-conmueve-al-magisterio\/","url_meta":{"origin":109302,"position":1},"title":"Fallece maestra de historia mientras impart\u00eda clases en una secundaria: una tragedia que conmueve al magisterio","author":"Web del Maestro CMF","date":"5 noviembre, 2025","format":false,"excerpt":"La maestra Yadira Hern\u00e1ndez falleci\u00f3 dando clases en secundaria. Su entrega y vocaci\u00f3n dejaron una huella imborrable en su comunidad educativa.","rel":"","context":"En \u00abNoticias Internacionales\u00bb","block_context":{"text":"Noticias Internacionales","link":"https:\/\/webdelmaestrocmf.com\/portal\/category\/noticias-internacionales\/"},"img":{"alt_text":"","src":"https:\/\/i0.wp.com\/webdelmaestrocmf.com\/portal\/wp-content\/uploads\/2025\/11\/Portada-articulos-1-1.jpg?resize=350%2C200&ssl=1","width":350,"height":200,"srcset":"https:\/\/i0.wp.com\/webdelmaestrocmf.com\/portal\/wp-content\/uploads\/2025\/11\/Portada-articulos-1-1.jpg?resize=350%2C200&ssl=1 1x, https:\/\/i0.wp.com\/webdelmaestrocmf.com\/portal\/wp-content\/uploads\/2025\/11\/Portada-articulos-1-1.jpg?resize=525%2C300&ssl=1 1.5x, https:\/\/i0.wp.com\/webdelmaestrocmf.com\/portal\/wp-content\/uploads\/2025\/11\/Portada-articulos-1-1.jpg?resize=700%2C400&ssl=1 2x"},"classes":[]},{"id":115422,"url":"https:\/\/webdelmaestrocmf.com\/portal\/la-salud-mental-del-profesorado-en-crisis-una-vocacion-bajo-presion\/","url_meta":{"origin":109302,"position":2},"title":"La salud mental del profesorado en crisis: una vocaci\u00f3n bajo presi\u00f3n","author":"Web del Maestro CMF","date":"17 febrero, 2026","format":false,"excerpt":"Uno de cada cinco docentes de Secundaria se plantea abandonar la ense\u00f1anza por estr\u00e9s, burocracia, falta de apoyo institucional y desgaste emocional.","rel":"","context":"En \u00abBienestar docente\u00bb","block_context":{"text":"Bienestar docente","link":"https:\/\/webdelmaestrocmf.com\/portal\/category\/pedagogia\/bienestar-docente\/"},"img":{"alt_text":"","src":"https:\/\/i0.wp.com\/webdelmaestrocmf.com\/portal\/wp-content\/uploads\/2026\/02\/1A-Banner-1-portada-imagen-10-1-copia-1-5.webp?resize=350%2C200&ssl=1","width":350,"height":200,"srcset":"https:\/\/i0.wp.com\/webdelmaestrocmf.com\/portal\/wp-content\/uploads\/2026\/02\/1A-Banner-1-portada-imagen-10-1-copia-1-5.webp?resize=350%2C200&ssl=1 1x, https:\/\/i0.wp.com\/webdelmaestrocmf.com\/portal\/wp-content\/uploads\/2026\/02\/1A-Banner-1-portada-imagen-10-1-copia-1-5.webp?resize=525%2C300&ssl=1 1.5x, https:\/\/i0.wp.com\/webdelmaestrocmf.com\/portal\/wp-content\/uploads\/2026\/02\/1A-Banner-1-portada-imagen-10-1-copia-1-5.webp?resize=700%2C400&ssl=1 2x"},"classes":[]},{"id":113265,"url":"https:\/\/webdelmaestrocmf.com\/portal\/asesinan-a-maestro-en-tantoyucan-una-tragedia-que-enluta-al-magisterio\/","url_meta":{"origin":109302,"position":3},"title":"Asesinan a maestro en Tantoyucan: una tragedia que enluta al magisterio","author":"Web del Maestro CMF","date":"6 noviembre, 2025","format":false,"excerpt":"El asesinato del maestro Marcelo Hern\u00e1ndez conmociona al magisterio y evidencia la vulnerabilidad y desprotecci\u00f3n que enfrentan los docentes.","rel":"","context":"En \u00abNoticias Internacionales\u00bb","block_context":{"text":"Noticias Internacionales","link":"https:\/\/webdelmaestrocmf.com\/portal\/category\/noticias-internacionales\/"},"img":{"alt_text":"","src":"https:\/\/i0.wp.com\/webdelmaestrocmf.com\/portal\/wp-content\/uploads\/2025\/11\/1A-Banner-1-portada-imagen-10-1-copia-2-2.webp?resize=350%2C200&ssl=1","width":350,"height":200,"srcset":"https:\/\/i0.wp.com\/webdelmaestrocmf.com\/portal\/wp-content\/uploads\/2025\/11\/1A-Banner-1-portada-imagen-10-1-copia-2-2.webp?resize=350%2C200&ssl=1 1x, https:\/\/i0.wp.com\/webdelmaestrocmf.com\/portal\/wp-content\/uploads\/2025\/11\/1A-Banner-1-portada-imagen-10-1-copia-2-2.webp?resize=525%2C300&ssl=1 1.5x, https:\/\/i0.wp.com\/webdelmaestrocmf.com\/portal\/wp-content\/uploads\/2025\/11\/1A-Banner-1-portada-imagen-10-1-copia-2-2.webp?resize=700%2C400&ssl=1 2x"},"classes":[]},{"id":53457,"url":"https:\/\/webdelmaestrocmf.com\/portal\/reynaldo-robles-reflexiones-y-reafirmacion-del-compromiso-docente-en-tiempos-de-crisis\/","url_meta":{"origin":109302,"position":4},"title":"[Reynaldo Robles] Reflexiones y reafirmaci\u00f3n del compromiso docente en tiempos de crisis","author":"Web del Maestro CMF","date":"26 octubre, 2020","format":false,"excerpt":"El cumplimiento de la labor docente en tiempo especiales de crisis sanitaria es muy dif\u00edcil debido a varios factores. El agobio de la vida emocional, rematada por la propaganda virulenta de los medios que en el Per\u00fa es mucho m\u00e1s intensa que en cualquier lugar del mundo, en un pa\u00eds\u2026","rel":"","context":"En \u00abZ-Colaborador-Reynaldo-Robles\u00bb","block_context":{"text":"Z-Colaborador-Reynaldo-Robles","link":"https:\/\/webdelmaestrocmf.com\/portal\/category\/colaborador\/z-colaborador-reynaldo-robles\/"},"img":{"alt_text":"","src":"https:\/\/i0.wp.com\/webdelmaestrocmf.com\/portal\/wp-content\/uploads\/2020\/10\/1-copia-82.jpg?resize=350%2C200&ssl=1","width":350,"height":200,"srcset":"https:\/\/i0.wp.com\/webdelmaestrocmf.com\/portal\/wp-content\/uploads\/2020\/10\/1-copia-82.jpg?resize=350%2C200&ssl=1 1x, https:\/\/i0.wp.com\/webdelmaestrocmf.com\/portal\/wp-content\/uploads\/2020\/10\/1-copia-82.jpg?resize=525%2C300&ssl=1 1.5x, https:\/\/i0.wp.com\/webdelmaestrocmf.com\/portal\/wp-content\/uploads\/2020\/10\/1-copia-82.jpg?resize=700%2C400&ssl=1 2x, https:\/\/i0.wp.com\/webdelmaestrocmf.com\/portal\/wp-content\/uploads\/2020\/10\/1-copia-82.jpg?resize=1050%2C600&ssl=1 3x"},"classes":[]},{"id":112540,"url":"https:\/\/webdelmaestrocmf.com\/portal\/tlaxcala-endurece-penas-por-homicidio-y-denuncias-falsas-contra-maestros-y-trabajadores-de-la-educacion\/","url_meta":{"origin":109302,"position":5},"title":"Tlaxcala endurece penas por homicidio y denuncias falsas contra maestros y trabajadores de la educaci\u00f3n","author":"Web del Maestro CMF","date":"10 octubre, 2025","format":false,"excerpt":"Aprueban severas penas de hasta 66 a\u00f1os y c\u00e1rcel por denuncias falsas y multas para quienes agredan o difamen a docentes sin pruebas, fortaleciendo la protecci\u00f3n y dignidad del magisterio.","rel":"","context":"En \u00abNoticias Internacionales\u00bb","block_context":{"text":"Noticias Internacionales","link":"https:\/\/webdelmaestrocmf.com\/portal\/category\/noticias-internacionales\/"},"img":{"alt_text":"","src":"https:\/\/i0.wp.com\/webdelmaestrocmf.com\/portal\/wp-content\/uploads\/2025\/10\/1A-Banner-1-portada-imagen-10-1-copia-2-2.jpg?resize=350%2C200&ssl=1","width":350,"height":200,"srcset":"https:\/\/i0.wp.com\/webdelmaestrocmf.com\/portal\/wp-content\/uploads\/2025\/10\/1A-Banner-1-portada-imagen-10-1-copia-2-2.jpg?resize=350%2C200&ssl=1 1x, https:\/\/i0.wp.com\/webdelmaestrocmf.com\/portal\/wp-content\/uploads\/2025\/10\/1A-Banner-1-portada-imagen-10-1-copia-2-2.jpg?resize=525%2C300&ssl=1 1.5x, https:\/\/i0.wp.com\/webdelmaestrocmf.com\/portal\/wp-content\/uploads\/2025\/10\/1A-Banner-1-portada-imagen-10-1-copia-2-2.jpg?resize=700%2C400&ssl=1 2x"},"classes":[]}],"_links":{"self":[{"href":"https:\/\/webdelmaestrocmf.com\/portal\/wp-json\/wp\/v2\/posts\/109302","targetHints":{"allow":["GET"]}}],"collection":[{"href":"https:\/\/webdelmaestrocmf.com\/portal\/wp-json\/wp\/v2\/posts"}],"about":[{"href":"https:\/\/webdelmaestrocmf.com\/portal\/wp-json\/wp\/v2\/types\/post"}],"author":[{"embeddable":true,"href":"https:\/\/webdelmaestrocmf.com\/portal\/wp-json\/wp\/v2\/users\/1"}],"replies":[{"embeddable":true,"href":"https:\/\/webdelmaestrocmf.com\/portal\/wp-json\/wp\/v2\/comments?post=109302"}],"version-history":[{"count":7,"href":"https:\/\/webdelmaestrocmf.com\/portal\/wp-json\/wp\/v2\/posts\/109302\/revisions"}],"predecessor-version":[{"id":109314,"href":"https:\/\/webdelmaestrocmf.com\/portal\/wp-json\/wp\/v2\/posts\/109302\/revisions\/109314"}],"wp:featuredmedia":[{"embeddable":true,"href":"https:\/\/webdelmaestrocmf.com\/portal\/wp-json\/wp\/v2\/media\/109308"}],"wp:attachment":[{"href":"https:\/\/webdelmaestrocmf.com\/portal\/wp-json\/wp\/v2\/media?parent=109302"}],"wp:term":[{"taxonomy":"category","embeddable":true,"href":"https:\/\/webdelmaestrocmf.com\/portal\/wp-json\/wp\/v2\/categories?post=109302"},{"taxonomy":"post_tag","embeddable":true,"href":"https:\/\/webdelmaestrocmf.com\/portal\/wp-json\/wp\/v2\/tags?post=109302"}],"curies":[{"name":"wp","href":"https:\/\/api.w.org\/{rel}","templated":true}]}}