{"id":109269,"date":"2025-06-09T13:13:44","date_gmt":"2025-06-09T17:13:44","guid":{"rendered":"https:\/\/webdelmaestrocmf.com\/portal\/?p=109269"},"modified":"2025-06-17T01:30:13","modified_gmt":"2025-06-17T05:30:13","slug":"alvaro-bilbao-hemos-olvidado-que-a-los-ninos-hay-que-educarlos-y-que-necesitan-normas","status":"publish","type":"post","link":"https:\/\/webdelmaestrocmf.com\/portal\/alvaro-bilbao-hemos-olvidado-que-a-los-ninos-hay-que-educarlos-y-que-necesitan-normas\/","title":{"rendered":"\u00c1lvaro Bilbao: \u00abHemos olvidado que a los ni\u00f1os hay que educarlos y que necesitan normas\u00bb"},"content":{"rendered":"<p style=\"text-align: justify;\" data-start=\"86\" data-end=\"659\">\u00c1lvaro Bilbao es doctor en Psicolog\u00eda, neuropsic\u00f3logo y especialista en el funcionamiento del cerebro infantil. Autor de varios libros, como <em data-start=\"227\" data-end=\"271\">El cerebro del ni\u00f1o explicado a los padres<\/em>, se ha convertido en un referente en temas de neuroeducaci\u00f3n, crianza positiva y desarrollo infantil. A trav\u00e9s de su trabajo, combina la investigaci\u00f3n cient\u00edfica con la experiencia cl\u00ednica y la divulgaci\u00f3n accesible para padres y educadores. En esta entrevista, Bilbao profundiza en los principios de la educaci\u00f3n en positivo y los desaf\u00edos que enfrentan las familias en el mundo actual.<!--more--><\/p>\n<h3 style=\"text-align: left;\" data-start=\"111\" data-end=\"174\"><strong data-start=\"115\" data-end=\"174\">Defiende la educaci\u00f3n en positivo, \u00bfqu\u00e9 es exactamente?<\/strong><\/h3>\n<p style=\"text-align: justify;\" data-start=\"176\" data-end=\"309\">Una educaci\u00f3n que se basa en ense\u00f1ar a los ni\u00f1os normas y l\u00edmites, pero desde el afecto y el respeto a sus necesidades de desarrollo.<\/p>\n<h3 style=\"text-align: left;\" data-start=\"311\" data-end=\"467\"><strong data-start=\"315\" data-end=\"467\">Se dice que estamos creando una generaci\u00f3n de cristal porque nos quedamos solo con lo del afecto y \u2018nos olvidamos\u2019 de los l\u00edmites, \u00bfest\u00e1 de acuerdo?<\/strong><\/h3>\n<p style=\"text-align: justify;\" data-start=\"469\" data-end=\"1187\">Muy de acuerdo. Veo mucho en consulta, y los estudios nos lo dicen, que los ni\u00f1os sufren cada vez m\u00e1s de sobreprotecci\u00f3n. Confundimos esa necesidad de afecto con no poner disciplina ni normas. Yo empiezo a hablar de educaci\u00f3n en positivo y escribo <em data-start=\"717\" data-end=\"761\">El cerebro del ni\u00f1o explicado a los padres<\/em> para destacar la importancia de poner l\u00edmites desde una perspectiva de una educaci\u00f3n equilibrada. Hemos pasado de un modelo de educaci\u00f3n en el que imperaban las normas o los paradigmas del adulto y se educaba a base de castigos y gritos, a una educaci\u00f3n en la que se valora por encima de todo el afecto, y se ha perdido el foco y parece que se ha olvidado que a los ni\u00f1os hay que educarlos, de que su cerebro necesita normas.<\/p>\n<p data-start=\"469\" data-end=\"1187\"><img loading=\"lazy\" decoding=\"async\" class=\"alignnone size-full wp-image-109270\" src=\"https:\/\/webdelmaestrocmf.com\/portal\/wp-content\/uploads\/2025\/06\/1A-Banner-1-portada-imagen-10-1-23.jpg\" alt=\"\" width=\"1024\" height=\"1024\" srcset=\"https:\/\/webdelmaestrocmf.com\/portal\/wp-content\/uploads\/2025\/06\/1A-Banner-1-portada-imagen-10-1-23.jpg 1024w, https:\/\/webdelmaestrocmf.com\/portal\/wp-content\/uploads\/2025\/06\/1A-Banner-1-portada-imagen-10-1-23-300x300.jpg 300w, https:\/\/webdelmaestrocmf.com\/portal\/wp-content\/uploads\/2025\/06\/1A-Banner-1-portada-imagen-10-1-23-150x150.jpg 150w, https:\/\/webdelmaestrocmf.com\/portal\/wp-content\/uploads\/2025\/06\/1A-Banner-1-portada-imagen-10-1-23-768x768.jpg 768w, https:\/\/webdelmaestrocmf.com\/portal\/wp-content\/uploads\/2025\/06\/1A-Banner-1-portada-imagen-10-1-23-80x80.jpg 80w, https:\/\/webdelmaestrocmf.com\/portal\/wp-content\/uploads\/2025\/06\/1A-Banner-1-portada-imagen-10-1-23-110x110.jpg 110w, https:\/\/webdelmaestrocmf.com\/portal\/wp-content\/uploads\/2025\/06\/1A-Banner-1-portada-imagen-10-1-23-380x380.jpg 380w, https:\/\/webdelmaestrocmf.com\/portal\/wp-content\/uploads\/2025\/06\/1A-Banner-1-portada-imagen-10-1-23-550x550.jpg 550w, https:\/\/webdelmaestrocmf.com\/portal\/wp-content\/uploads\/2025\/06\/1A-Banner-1-portada-imagen-10-1-23-800x800.jpg 800w\" sizes=\"auto, (max-width: 1024px) 100vw, 1024px\" \/><\/p>\n<h3 style=\"text-align: left;\" data-start=\"1189\" data-end=\"1256\"><strong data-start=\"1193\" data-end=\"1256\">\u00bfQu\u00e9 es peor un exceso de autoridad o una falta de l\u00edmites?<\/strong><\/h3>\n<p style=\"text-align: justify;\" data-start=\"1258\" data-end=\"1875\">El cerebro es un \u00f3rgano muy complejo y lo que necesita el cerebro es educar de una forma equilibrada. Si no pones normas el ni\u00f1o crecer\u00e1 con mucha falta de confianza, de no sentirse capaz de resolver problemas y de no controlar qu\u00e9 puede hacer y qu\u00e9 no y no respetar las normas sociales. Por otro lado, si no les das afecto, va a sentir mucha inseguridad. Y a cada uno de estos excesos o carencias se asocia a un tipo de trastornos. Los de nuestra generaci\u00f3n hemos sufrido muchos trastornos de depresi\u00f3n, mucha ansiedad&#8230; Los ni\u00f1os de ahora est\u00e1n m\u00e1s expuestos a fobias, trastorno obsesivo compulsivo, inseguridad&#8230;<\/p>\n<h3 style=\"text-align: left;\" data-start=\"1877\" data-end=\"1951\"><strong data-start=\"1881\" data-end=\"1951\">La teor\u00eda de la educaci\u00f3n en positivo suena f\u00e1cil, la pr\u00e1ctica no.<\/strong><\/h3>\n<p style=\"text-align: justify;\" data-start=\"1953\" data-end=\"2479\">Es muy dif\u00edcil, sobre todo si no la has vivido en tu casa o no te has formado. Por eso escribo libros, hago cursos&#8230; La Academia Americana de Pediatr\u00eda en el a\u00f1o 2018 recomend\u00f3 a los pediatras animar a los padres a formarse en educaci\u00f3n positiva porque se ha visto que es m\u00e1s beneficiosa de cara a la autoestima, la confianza y la prevenci\u00f3n de problemas de salud mental. Muchas familias han o\u00eddo campanas, pero no saben d\u00f3nde buscar informaci\u00f3n o no hacen muchas cosas bien porque igual no lo han entendido o integrado bien.<\/p>\n<h3 style=\"text-align: left;\" data-start=\"2481\" data-end=\"2549\"><strong data-start=\"2485\" data-end=\"2549\">\u2018A m\u00ed me educaron as\u00ed y no he salido tan mal\u2019, \u00bfqu\u00e9 replica?<\/strong><\/h3>\n<p style=\"text-align: justify;\" data-start=\"2551\" data-end=\"2920\">Si te han educado con un modelo m\u00e1s r\u00edgido seguramente has tenido muchas cosas positivas, porque tras la equivocaci\u00f3n de un padre hay un instinto que es bueno. El grito para que el ni\u00f1o no haga algo te sale porque no puedes permitir que haga algo que es malo para \u00e9l, y eso es bueno, pero la forma no es la m\u00e1s adecuada para que el ni\u00f1o aprenda, te faltan herramientas.<\/p>\n<h3 style=\"text-align: left;\" data-start=\"2922\" data-end=\"3048\"><strong data-start=\"2926\" data-end=\"3048\">\u2018Ante una rabieta no puedes ceder, el ni\u00f1o no puede ganar\u2019. \u00bfEs adecuada esa visi\u00f3n de una lucha entre ni\u00f1os y padres?<\/strong><\/h3>\n<p style=\"text-align: justify;\" data-start=\"3050\" data-end=\"3937\">La idea de fondo es buena, no ceder, pero hay que entender bien por qu\u00e9, poniendo el cerebro como punto de partida. Y no es por ganar autoridad, es para que el ni\u00f1o aprenda. Si ponemos una norma, hay que hacerla respetar, si nos mantenemos firmes ser\u00e1 m\u00e1s f\u00e1cil para el ni\u00f1o entender las cosas que no le hacen bien. Si cambiamos de opini\u00f3n le generamos confusi\u00f3n, ansiedad, rabietas m\u00e1s largas o un poquito m\u00e1s intensas. Un estudio muy reciente muestra que cuando un ni\u00f1o comete un error y el adulto se lo hace ver de forma tranquila y sin culpabilizarle, la corteza cingulada, la parte del cerebro que aprende de los errores, introduce esa informaci\u00f3n y lo aprende, mientras que si le hacemos sentir culpable, deja de aprender. La neurociencia confirma que una educaci\u00f3n tranquila y centrada en que el ni\u00f1o aprenda sin sentirse culpable o asustado es muy beneficiosa para su desarrollo.<\/p>\n<h3 style=\"text-align: left;\" data-start=\"3939\" data-end=\"4053\"><strong data-start=\"3943\" data-end=\"4053\">En una sociedad acelerada, competitiva e hiperconectada 24 horas&#8230; \u00bfes m\u00e1s dif\u00edcil educar con equilibrio?<\/strong><\/h3>\n<p style=\"text-align: justify;\" data-start=\"4055\" data-end=\"4745\">Nuestros padres en general estaban m\u00e1s presentes. Yo ahora veo a muchos adolescentes que ven a sus padres por la ma\u00f1ana, se van al instituto y no los vuelven a ver hasta las siete de la tarde. Hay mucho tiempo de soledad, que est\u00e1 muy relacionado con el suicidio en la adolescencia. Luego, que tus hijos te hablen y t\u00fa est\u00e9s mirando el m\u00f3vil, que tengamos siempre mil planes que hacer&#8230; veo a muchos padres que quieren educar en positivo, pero los fines de semana siempre est\u00e1n con amigos, pasando de un plan a otro&#8230; y tambi\u00e9n es importante hacer familia, cenar juntos, tener tiempo para escucharnos&#8230; todo eso muchas veces es m\u00e1s trascendente que si una vez se te ha escapado un grito.<\/p>\n<h3 style=\"text-align: left;\" data-start=\"4747\" data-end=\"4968\"><strong data-start=\"4751\" data-end=\"4968\">En 2016 se hizo viral un titular suyo, una frase hoy muy repetida pero entonces no tanto: \u00abLos ni\u00f1os no deber\u00edan usar pantallas hasta los seis a\u00f1os\u00bb. \u00bfHay ahora m\u00e1s evidencia cient\u00edfica para refrendar esa postura?<\/strong><\/h3>\n<p style=\"text-align: justify;\" data-start=\"4970\" data-end=\"5465\">En esa \u00e9poca se pensaba que el hecho de que un ni\u00f1o deslizara el dedo por una tablet era una muestra de que era muy inteligente. Yo llevo trabajando muchos a\u00f1os con rehabilitaci\u00f3n cognitiva y siempre hemos descartado utilizar programas por ordenador porque sabemos que tienen un impacto m\u00ednimo o incluso negativo en la rehabilitaci\u00f3n neuropsicol\u00f3gica de los ni\u00f1os. El ni\u00f1o aprende a trav\u00e9s de la comunicaci\u00f3n social, del refuerzo de un adulto&#8230; y aprende muy, muy poco o nada con las pantallas.<\/p>\n<p data-start=\"4970\" data-end=\"5465\"><img loading=\"lazy\" decoding=\"async\" class=\"alignnone size-full wp-image-109784\" src=\"https:\/\/webdelmaestrocmf.com\/portal\/wp-content\/uploads\/2025\/06\/1A-Banner-1-portada-imagen-10-1-27.jpg\" alt=\"\" width=\"1024\" height=\"1024\" srcset=\"https:\/\/webdelmaestrocmf.com\/portal\/wp-content\/uploads\/2025\/06\/1A-Banner-1-portada-imagen-10-1-27.jpg 1024w, https:\/\/webdelmaestrocmf.com\/portal\/wp-content\/uploads\/2025\/06\/1A-Banner-1-portada-imagen-10-1-27-300x300.jpg 300w, https:\/\/webdelmaestrocmf.com\/portal\/wp-content\/uploads\/2025\/06\/1A-Banner-1-portada-imagen-10-1-27-150x150.jpg 150w, https:\/\/webdelmaestrocmf.com\/portal\/wp-content\/uploads\/2025\/06\/1A-Banner-1-portada-imagen-10-1-27-768x768.jpg 768w, https:\/\/webdelmaestrocmf.com\/portal\/wp-content\/uploads\/2025\/06\/1A-Banner-1-portada-imagen-10-1-27-80x80.jpg 80w, https:\/\/webdelmaestrocmf.com\/portal\/wp-content\/uploads\/2025\/06\/1A-Banner-1-portada-imagen-10-1-27-72x72.jpg 72w, https:\/\/webdelmaestrocmf.com\/portal\/wp-content\/uploads\/2025\/06\/1A-Banner-1-portada-imagen-10-1-27-144x144.jpg 144w, https:\/\/webdelmaestrocmf.com\/portal\/wp-content\/uploads\/2025\/06\/1A-Banner-1-portada-imagen-10-1-27-332x332.jpg 332w, https:\/\/webdelmaestrocmf.com\/portal\/wp-content\/uploads\/2025\/06\/1A-Banner-1-portada-imagen-10-1-27-664x664.jpg 664w, https:\/\/webdelmaestrocmf.com\/portal\/wp-content\/uploads\/2025\/06\/1A-Banner-1-portada-imagen-10-1-27-688x688.jpg 688w\" sizes=\"auto, (max-width: 1024px) 100vw, 1024px\" \/><\/p>\n<h3 style=\"text-align: left;\" data-start=\"5467\" data-end=\"5484\"><strong data-start=\"5471\" data-end=\"5484\">\u00bfPor qu\u00e9?<\/strong><\/h3>\n<p style=\"text-align: justify;\" data-start=\"5486\" data-end=\"6190\">Para empezar se produce un efecto desplazamiento: todo tiempo que tu hijo est\u00e1 con una pantalla, no est\u00e1 corriendo, no est\u00e1 leyendo, no est\u00e1 hablando con un amigo cara a cara, no est\u00e1 pele\u00e1ndose con su hermano y resolviendo sus problemas de una manera m\u00e1s o menos adecuada&#8230; As\u00ed, los ni\u00f1os aprenden menos. Y, por otro lado, hay un efecto en la motivaci\u00f3n: las pantallas nos motivan tanto desde fuera que hacen que nuestra motivaci\u00f3n intr\u00ednseca disminuya. Entonces, si a un ni\u00f1o le dejas un puzzle y una pantalla, va a elegir siempre la pantalla porque le llama m\u00e1s la atenci\u00f3n por los sonidos, la velocidad de los est\u00edmulos es mayor&#8230; y el cerebro siempre va a preferir algo con est\u00edmulos m\u00e1s intensos.<\/p>\n<h3 style=\"text-align: left;\" data-start=\"6192\" data-end=\"6267\"><strong data-start=\"6196\" data-end=\"6267\">\u00bfMetemos en el mismo saco las tablets y el m\u00f3vil que la televisi\u00f3n?<\/strong><\/h3>\n<p style=\"text-align: justify;\" data-start=\"6269\" data-end=\"7010\">Yo siempre he diferenciado pantallas interactivas como puede ser la tablet, el videojuego, la consola o un m\u00f3vil, y una pantalla que no es tan interactiva como puede ser la televisi\u00f3n. De hecho, vamos, yo te digo que cuando naci\u00f3 mi segunda hija y mi hijo mayor ten\u00eda dos a\u00f1os, le pon\u00eda los dibujitos de Rayo McQueen para poder cambiar a la otra&#8230; hay que sobrevivir. Pero f\u00edjate, desde los a\u00f1os 80 tenemos muchos estudios que ya nos demuestran que un mayor uso de la televisi\u00f3n, que es la pantalla menos interactiva y desde mi punto de vista, menos perjudicial, ya est\u00e1 muy relacionado con menos capacidad de atenci\u00f3n, peor rendimiento acad\u00e9mico y problemas de comportamiento, est\u00e1 estudiad\u00edsimo y comprobad\u00edsimo. Entonces, con moderaci\u00f3n.<\/p>\n<h3 style=\"text-align: left;\" data-start=\"7012\" data-end=\"7089\"><strong data-start=\"7016\" data-end=\"7089\">Si solo pudiera dar un consejo a unos padres primerizos, \u00bfcu\u00e1l ser\u00eda?<\/strong><\/h3>\n<p style=\"text-align: justify;\" data-start=\"7091\" data-end=\"7606\">Lo que me dijo un vecino un d\u00eda que me vio muy agobiado: con los hijos el tiempo pasa y todo el tiempo que no aproveches no volver\u00e1. Lo m\u00e1s importante es que los padres se sienten en primera fila de la vida de sus hijos y disfruten, luego saldr\u00e1n las dudas sobre la crianza y la dificultad de los l\u00edmites y los conflictos, pero, oye, si crean una buena relaci\u00f3n con sus hijos, los disfrutan y se sienten bien vinculados, todas esas cosas se van a poder ir resolviendo por s\u00ed solas o ir\u00e1n encontrando las respuestas.<\/p>\n<p data-start=\"7091\" data-end=\"7606\">Fuente: <a href=\"https:\/\/www.informacion.es\/salud\/2025\/06\/08\/alvaro-bilbao-neuropsicologo-normas-ninos-dv-118339818.html\" target=\"_blank\" rel=\"noopener\"> informacion.es <\/a><\/p>\n<p data-start=\"7091\" data-end=\"7606\">\t\t<div class=\"pk-inline-posts\">\n\t\t\t\n\t\t\t<div class=\"pk-inline-posts-container pk-inline-posts-template-list\"\n\t\t\t\tdata-columns=\"1\">\n\t\t\t\t\t\t<article id=\"post-118510\" class=\"post-118510 post type-post status-publish format-standard has-post-thumbnail category-entrevistas category-noticias tag-aprendizaje tag-aula tag-docentes tag-educacion-2 tag-estudiantes tag-filosofia-2 tag-formacion-2 tag-inteligencia tag-jose-antonio-marina tag-pedagogia-2 tag-pensamiento-critico-2 cs-entry cs-video-wrap\">\n\t\t\t<div class=\"pk-post-outer\">\n\n\t\t\t\t\t\t\t\t<div class=\"pk-post-inner\">\n\t\t\t\t\t<div class=\"entry-thumbnail\">\n\t\t\t\t\t\t<div class=\"pk-overlay pk-overlay-ratio pk-ratio-landscape\">\n\t\t\t\t\t\t\t<div class=\"pk-overlay-background\">\n\t\t\t\t\t\t\t\t<a href=\"https:\/\/webdelmaestrocmf.com\/portal\/jose-antonio-marina-si-no-teneis-pensamiento-critico-o-si-no-hay-pensamiento-critico-la-manipulacion-va-a-ser-muy-sencilla\/\" class=\"pk-overlay-link\">\n\t\t\t\t\t\t\t\t\t<img loading=\"lazy\" decoding=\"async\" width=\"300\" height=\"225\" src=\"https:\/\/webdelmaestrocmf.com\/portal\/wp-content\/uploads\/2026\/04\/1AA-Banner-1-portada-imagen-10-1-copia-5-6-300x225.webp\" class=\"attachment-pk-thumbnail size-pk-thumbnail wp-post-image\" alt=\"\" \/>\t\t\t\t\t\t\t\t<\/a>\n\t\t\t\t\t\t\t<\/div>\n\t\t\t\t\t\t<\/div>\n\t\t\t\t\t<\/div>\n\t\t\t\t<\/div>\n\t\t\t\t\n\t\t\t\t<div class=\"pk-post-inner\">\n\t\t\t\t\t<header>\n\t\t\t\t\t\t<h3 class=\"pk-title\"><a href=\"https:\/\/webdelmaestrocmf.com\/portal\/jose-antonio-marina-si-no-teneis-pensamiento-critico-o-si-no-hay-pensamiento-critico-la-manipulacion-va-a-ser-muy-sencilla\/\" rel=\"bookmark\">Jos\u00e9 Antonio Marina: Si no ten\u00e9is pensamiento cr\u00edtico, o si no hay pensamiento cr\u00edtico, la manipulaci\u00f3n va a ser muy sencilla<\/a><\/h3>\t\t\t\t\t<\/header><!-- .entry-header -->\n\t\t\t\t<\/div><!-- .post-inner -->\n\n\t\t\t<\/div><!-- .post-outer -->\n\t\t<\/article>\n\t\t\t<article id=\"post-113504\" class=\"post-113504 post type-post status-publish format-standard has-post-thumbnail category-entrevistas category-noticias tag-alumno tag-begona-ibarrola-2 tag-desmotivado tag-vago cs-entry cs-video-wrap\">\n\t\t\t<div class=\"pk-post-outer\">\n\n\t\t\t\t\t\t\t\t<div class=\"pk-post-inner\">\n\t\t\t\t\t<div class=\"entry-thumbnail\">\n\t\t\t\t\t\t<div class=\"pk-overlay pk-overlay-ratio pk-ratio-landscape\">\n\t\t\t\t\t\t\t<div class=\"pk-overlay-background\">\n\t\t\t\t\t\t\t\t<a href=\"https:\/\/webdelmaestrocmf.com\/portal\/begona-ibarrola-debemos-distinguir-entre-un-alumno-verdaderamente-vago-y-uno-que-esta-desmotivado-porque-anticipa-el-fracaso\/\" class=\"pk-overlay-link\">\n\t\t\t\t\t\t\t\t\t<img loading=\"lazy\" decoding=\"async\" width=\"300\" height=\"225\" src=\"https:\/\/webdelmaestrocmf.com\/portal\/wp-content\/uploads\/2025\/11\/1AA-Banner-1-portada-imagen-10-1-copia-3-300x225.webp\" class=\"attachment-pk-thumbnail size-pk-thumbnail wp-post-image\" alt=\"\" \/>\t\t\t\t\t\t\t\t<\/a>\n\t\t\t\t\t\t\t<\/div>\n\t\t\t\t\t\t<\/div>\n\t\t\t\t\t<\/div>\n\t\t\t\t<\/div>\n\t\t\t\t\n\t\t\t\t<div class=\"pk-post-inner\">\n\t\t\t\t\t<header>\n\t\t\t\t\t\t<h3 class=\"pk-title\"><a href=\"https:\/\/webdelmaestrocmf.com\/portal\/begona-ibarrola-debemos-distinguir-entre-un-alumno-verdaderamente-vago-y-uno-que-esta-desmotivado-porque-anticipa-el-fracaso\/\" rel=\"bookmark\">Bego\u00f1a Ibarrola: Debemos distinguir entre un alumno verdaderamente vago y uno que est\u00e1 desmotivado porque anticipa el fracaso<\/a><\/h3>\t\t\t\t\t<\/header><!-- .entry-header -->\n\t\t\t\t<\/div><!-- .post-inner -->\n\n\t\t\t<\/div><!-- .post-outer -->\n\t\t<\/article>\n\t\t\t<article id=\"post-118480\" class=\"post-118480 post type-post status-publish format-standard has-post-thumbnail category-entrevistas category-noticias tag-aprendizaje tag-autonomia-3 tag-desarrollo tag-docentes tag-educacion-2 tag-ensenanza-2 tag-escuela tag-infancia tag-juego tag-pedagogia-2 cs-entry cs-video-wrap\">\n\t\t\t<div class=\"pk-post-outer\">\n\n\t\t\t\t\t\t\t\t<div class=\"pk-post-inner\">\n\t\t\t\t\t<div class=\"entry-thumbnail\">\n\t\t\t\t\t\t<div class=\"pk-overlay pk-overlay-ratio pk-ratio-landscape\">\n\t\t\t\t\t\t\t<div class=\"pk-overlay-background\">\n\t\t\t\t\t\t\t\t<a href=\"https:\/\/webdelmaestrocmf.com\/portal\/francesco-tonucci-hoy-la-escuela-esta-asumiendo-un-error-fatal-que-es-hacer-mas-un-papel-de-ninera-que-de-estructura-educativa\/\" class=\"pk-overlay-link\">\n\t\t\t\t\t\t\t\t\t<img loading=\"lazy\" decoding=\"async\" width=\"300\" height=\"225\" src=\"https:\/\/webdelmaestrocmf.com\/portal\/wp-content\/uploads\/2026\/04\/1AA-Banner-1-portada-imagen-10-1-copia-2-9-300x225.webp\" class=\"attachment-pk-thumbnail size-pk-thumbnail wp-post-image\" alt=\"\" \/>\t\t\t\t\t\t\t\t<\/a>\n\t\t\t\t\t\t\t<\/div>\n\t\t\t\t\t\t<\/div>\n\t\t\t\t\t<\/div>\n\t\t\t\t<\/div>\n\t\t\t\t\n\t\t\t\t<div class=\"pk-post-inner\">\n\t\t\t\t\t<header>\n\t\t\t\t\t\t<h3 class=\"pk-title\"><a href=\"https:\/\/webdelmaestrocmf.com\/portal\/francesco-tonucci-hoy-la-escuela-esta-asumiendo-un-error-fatal-que-es-hacer-mas-un-papel-de-ninera-que-de-estructura-educativa\/\" rel=\"bookmark\">Francesco Tonucci: Hoy la escuela est\u00e1 asumiendo un error fatal que es hacer m\u00e1s un papel de ni\u00f1era que de estructura educativa<\/a><\/h3>\t\t\t\t\t<\/header><!-- .entry-header -->\n\t\t\t\t<\/div><!-- .post-inner -->\n\n\t\t\t<\/div><!-- .post-outer -->\n\t\t<\/article>\n\t\t\t\t<\/div>\n\t\t<\/div>\n\t\t<\/p>\n","protected":false},"excerpt":{"rendered":"\u00c1lvaro Bilbao es doctor en Psicolog\u00eda, neuropsic\u00f3logo y especialista en el funcionamiento del cerebro infantil. Autor de varios&hellip;","protected":false},"author":1,"featured_media":109784,"comment_status":"open","ping_status":"closed","sticky":false,"template":"","format":"standard","meta":{"csco_display_header_overlay":false,"csco_singular_sidebar":"disabled","csco_page_header_type":"","csco_page_load_nextpost":"","csco_post_video_location":[],"csco_post_video_location_hash":"","csco_post_video_url":"","csco_post_video_bg_start_time":0,"csco_post_video_bg_end_time":0,"csco_post_video_bg_volume":false,"_jetpack_memberships_contains_paid_content":false,"footnotes":""},"categories":[48,47],"tags":[1109,5531,297,23745],"class_list":{"0":"post-109269","1":"post","2":"type-post","3":"status-publish","4":"format-standard","5":"has-post-thumbnail","7":"category-entrevistas","8":"category-noticias","9":"tag-alvaro-bilbao","10":"tag-educarlos","11":"tag-ninos","12":"tag-olvidado","13":"cs-entry","14":"cs-video-wrap"},"yoast_head":"<!-- This site is optimized with the Yoast SEO plugin v27.5 - https:\/\/yoast.com\/product\/yoast-seo-wordpress\/ -->\n<title>\u00c1lvaro Bilbao: \u00abHemos olvidado que a los ni\u00f1os hay que educarlos y que necesitan normas\u00bb - 2026<\/title>\n<meta name=\"description\" content=\"\u00c1lvaro Bilbao es doctor en Psicolog\u00eda, neuropsic\u00f3logo y especialista en el funcionamiento del cerebro infantil. Autor de varios libros...\" \/>\n<meta name=\"robots\" content=\"index, follow, max-snippet:-1, max-image-preview:large, max-video-preview:-1\" \/>\n<link rel=\"canonical\" href=\"https:\/\/webdelmaestrocmf.com\/portal\/alvaro-bilbao-hemos-olvidado-que-a-los-ninos-hay-que-educarlos-y-que-necesitan-normas\/\" \/>\n<meta property=\"og:locale\" content=\"es_ES\" \/>\n<meta property=\"og:type\" content=\"article\" \/>\n<meta property=\"og:title\" content=\"\u00c1lvaro Bilbao: \u00abHemos olvidado que a los ni\u00f1os hay que educarlos y que necesitan normas\u00bb - 2026\" \/>\n<meta property=\"og:description\" content=\"\u00c1lvaro Bilbao es doctor en Psicolog\u00eda, neuropsic\u00f3logo y especialista en el funcionamiento del cerebro infantil. Autor de varios libros...\" \/>\n<meta property=\"og:url\" content=\"https:\/\/webdelmaestrocmf.com\/portal\/alvaro-bilbao-hemos-olvidado-que-a-los-ninos-hay-que-educarlos-y-que-necesitan-normas\/\" \/>\n<meta property=\"og:site_name\" content=\"Web del Maestro CMF\" \/>\n<meta property=\"article:publisher\" content=\"https:\/\/www.facebook.com\/WebdelMaestroCMF\/\" \/>\n<meta property=\"article:author\" content=\"https:\/\/www.facebook.com\/WebdelMaestroCMF\/\" \/>\n<meta property=\"article:published_time\" content=\"2025-06-09T17:13:44+00:00\" \/>\n<meta property=\"article:modified_time\" content=\"2025-06-17T05:30:13+00:00\" \/>\n<meta property=\"og:image\" content=\"https:\/\/webdelmaestrocmf.com\/portal\/wp-content\/uploads\/2025\/06\/1A-Banner-1-portada-imagen-10-1-27.jpg\" \/>\n\t<meta property=\"og:image:width\" content=\"1024\" \/>\n\t<meta property=\"og:image:height\" content=\"1024\" \/>\n\t<meta property=\"og:image:type\" content=\"image\/jpeg\" \/>\n<meta name=\"author\" content=\"Web del Maestro CMF\" \/>\n<meta name=\"twitter:card\" content=\"summary_large_image\" \/>\n<meta name=\"twitter:creator\" content=\"@cmf_w\" \/>\n<meta name=\"twitter:site\" content=\"@cmf_w\" \/>\n<script type=\"application\/ld+json\" class=\"yoast-schema-graph\">{\"@context\":\"https:\\\/\\\/schema.org\",\"@graph\":[{\"@type\":\"ScholarlyArticle\",\"@id\":\"https:\\\/\\\/webdelmaestrocmf.com\\\/portal\\\/alvaro-bilbao-hemos-olvidado-que-a-los-ninos-hay-que-educarlos-y-que-necesitan-normas\\\/#article\",\"isPartOf\":{\"@id\":\"https:\\\/\\\/webdelmaestrocmf.com\\\/portal\\\/alvaro-bilbao-hemos-olvidado-que-a-los-ninos-hay-que-educarlos-y-que-necesitan-normas\\\/\"},\"author\":{\"name\":\"Web del Maestro CMF\",\"@id\":\"https:\\\/\\\/webdelmaestrocmf.com\\\/portal\\\/#\\\/schema\\\/person\\\/1072a2ed7bd960df8ef99a551fa35dc5\"},\"headline\":\"\u00c1lvaro Bilbao: \u00abHemos olvidado que a los ni\u00f1os hay que educarlos y que necesitan normas\u00bb\",\"datePublished\":\"2025-06-09T17:13:44+00:00\",\"dateModified\":\"2025-06-17T05:30:13+00:00\",\"mainEntityOfPage\":{\"@id\":\"https:\\\/\\\/webdelmaestrocmf.com\\\/portal\\\/alvaro-bilbao-hemos-olvidado-que-a-los-ninos-hay-que-educarlos-y-que-necesitan-normas\\\/\"},\"wordCount\":1540,\"commentCount\":0,\"publisher\":{\"@id\":\"https:\\\/\\\/webdelmaestrocmf.com\\\/portal\\\/#organization\"},\"image\":{\"@id\":\"https:\\\/\\\/webdelmaestrocmf.com\\\/portal\\\/alvaro-bilbao-hemos-olvidado-que-a-los-ninos-hay-que-educarlos-y-que-necesitan-normas\\\/#primaryimage\"},\"thumbnailUrl\":\"https:\\\/\\\/webdelmaestrocmf.com\\\/portal\\\/wp-content\\\/uploads\\\/2025\\\/06\\\/1A-Banner-1-portada-imagen-10-1-27.jpg\",\"keywords\":[\"\u00c1lvaro Bilbao\",\"educarlos\",\"Ni\u00f1os\",\"olvidado\"],\"articleSection\":[\"Entrevistas\",\"Noticias\"],\"inLanguage\":\"es\",\"potentialAction\":[{\"@type\":\"CommentAction\",\"name\":\"Comment\",\"target\":[\"https:\\\/\\\/webdelmaestrocmf.com\\\/portal\\\/alvaro-bilbao-hemos-olvidado-que-a-los-ninos-hay-que-educarlos-y-que-necesitan-normas\\\/#respond\"]}]},{\"@type\":\"WebPage\",\"@id\":\"https:\\\/\\\/webdelmaestrocmf.com\\\/portal\\\/alvaro-bilbao-hemos-olvidado-que-a-los-ninos-hay-que-educarlos-y-que-necesitan-normas\\\/\",\"url\":\"https:\\\/\\\/webdelmaestrocmf.com\\\/portal\\\/alvaro-bilbao-hemos-olvidado-que-a-los-ninos-hay-que-educarlos-y-que-necesitan-normas\\\/\",\"name\":\"\u00c1lvaro Bilbao: \u00abHemos olvidado que a los ni\u00f1os hay que educarlos y que necesitan normas\u00bb - 2026\",\"isPartOf\":{\"@id\":\"https:\\\/\\\/webdelmaestrocmf.com\\\/portal\\\/#website\"},\"primaryImageOfPage\":{\"@id\":\"https:\\\/\\\/webdelmaestrocmf.com\\\/portal\\\/alvaro-bilbao-hemos-olvidado-que-a-los-ninos-hay-que-educarlos-y-que-necesitan-normas\\\/#primaryimage\"},\"image\":{\"@id\":\"https:\\\/\\\/webdelmaestrocmf.com\\\/portal\\\/alvaro-bilbao-hemos-olvidado-que-a-los-ninos-hay-que-educarlos-y-que-necesitan-normas\\\/#primaryimage\"},\"thumbnailUrl\":\"https:\\\/\\\/webdelmaestrocmf.com\\\/portal\\\/wp-content\\\/uploads\\\/2025\\\/06\\\/1A-Banner-1-portada-imagen-10-1-27.jpg\",\"datePublished\":\"2025-06-09T17:13:44+00:00\",\"dateModified\":\"2025-06-17T05:30:13+00:00\",\"description\":\"\u00c1lvaro Bilbao es doctor en Psicolog\u00eda, neuropsic\u00f3logo y especialista en el funcionamiento del cerebro infantil. Autor de varios libros...\",\"breadcrumb\":{\"@id\":\"https:\\\/\\\/webdelmaestrocmf.com\\\/portal\\\/alvaro-bilbao-hemos-olvidado-que-a-los-ninos-hay-que-educarlos-y-que-necesitan-normas\\\/#breadcrumb\"},\"inLanguage\":\"es\",\"potentialAction\":[{\"@type\":\"ReadAction\",\"target\":[\"https:\\\/\\\/webdelmaestrocmf.com\\\/portal\\\/alvaro-bilbao-hemos-olvidado-que-a-los-ninos-hay-que-educarlos-y-que-necesitan-normas\\\/\"]}]},{\"@type\":\"ImageObject\",\"inLanguage\":\"es\",\"@id\":\"https:\\\/\\\/webdelmaestrocmf.com\\\/portal\\\/alvaro-bilbao-hemos-olvidado-que-a-los-ninos-hay-que-educarlos-y-que-necesitan-normas\\\/#primaryimage\",\"url\":\"https:\\\/\\\/webdelmaestrocmf.com\\\/portal\\\/wp-content\\\/uploads\\\/2025\\\/06\\\/1A-Banner-1-portada-imagen-10-1-27.jpg\",\"contentUrl\":\"https:\\\/\\\/webdelmaestrocmf.com\\\/portal\\\/wp-content\\\/uploads\\\/2025\\\/06\\\/1A-Banner-1-portada-imagen-10-1-27.jpg\",\"width\":1024,\"height\":1024},{\"@type\":\"BreadcrumbList\",\"@id\":\"https:\\\/\\\/webdelmaestrocmf.com\\\/portal\\\/alvaro-bilbao-hemos-olvidado-que-a-los-ninos-hay-que-educarlos-y-que-necesitan-normas\\\/#breadcrumb\",\"itemListElement\":[{\"@type\":\"ListItem\",\"position\":1,\"name\":\"Portada\",\"item\":\"https:\\\/\\\/webdelmaestrocmf.com\\\/portal\\\/\"},{\"@type\":\"ListItem\",\"position\":2,\"name\":\"Noticias\",\"item\":\"https:\\\/\\\/webdelmaestrocmf.com\\\/portal\\\/category\\\/noticias\\\/\"},{\"@type\":\"ListItem\",\"position\":3,\"name\":\"\u00c1lvaro Bilbao: \u00abHemos olvidado que a los ni\u00f1os hay que educarlos y que necesitan normas\u00bb\"}]},{\"@type\":\"WebSite\",\"@id\":\"https:\\\/\\\/webdelmaestrocmf.com\\\/portal\\\/#website\",\"url\":\"https:\\\/\\\/webdelmaestrocmf.com\\\/portal\\\/\",\"name\":\"Web del Maestro CMF\",\"description\":\"Maestros al servicio de la educaci\u00f3n\",\"publisher\":{\"@id\":\"https:\\\/\\\/webdelmaestrocmf.com\\\/portal\\\/#organization\"},\"alternateName\":\"WMCMF\",\"potentialAction\":[{\"@type\":\"SearchAction\",\"target\":{\"@type\":\"EntryPoint\",\"urlTemplate\":\"https:\\\/\\\/webdelmaestrocmf.com\\\/portal\\\/?s={search_term_string}\"},\"query-input\":{\"@type\":\"PropertyValueSpecification\",\"valueRequired\":true,\"valueName\":\"search_term_string\"}}],\"inLanguage\":\"es\"},{\"@type\":\"Organization\",\"@id\":\"https:\\\/\\\/webdelmaestrocmf.com\\\/portal\\\/#organization\",\"name\":\"Web del Maestro CMF\",\"alternateName\":\"WMCMF\",\"url\":\"https:\\\/\\\/webdelmaestrocmf.com\\\/portal\\\/\",\"logo\":{\"@type\":\"ImageObject\",\"inLanguage\":\"es\",\"@id\":\"https:\\\/\\\/webdelmaestrocmf.com\\\/portal\\\/#\\\/schema\\\/logo\\\/image\\\/\",\"url\":\"https:\\\/\\\/webdelmaestrocmf.com\\\/portal\\\/wp-content\\\/uploads\\\/2023\\\/01\\\/logo-wmcmf-2.png\",\"contentUrl\":\"https:\\\/\\\/webdelmaestrocmf.com\\\/portal\\\/wp-content\\\/uploads\\\/2023\\\/01\\\/logo-wmcmf-2.png\",\"width\":200,\"height\":60,\"caption\":\"Web del Maestro CMF\"},\"image\":{\"@id\":\"https:\\\/\\\/webdelmaestrocmf.com\\\/portal\\\/#\\\/schema\\\/logo\\\/image\\\/\"},\"sameAs\":[\"https:\\\/\\\/www.facebook.com\\\/WebdelMaestroCMF\\\/\",\"https:\\\/\\\/x.com\\\/cmf_w\",\"https:\\\/\\\/www.pinterest.com\\\/WMCMF\\\/\",\"https:\\\/\\\/www.linkedin.com\\\/company\\\/web-del-maestro-cmf\\\/\",\"https:\\\/\\\/www.instagram.com\\\/wmcmf\\\/\",\"https:\\\/\\\/www.youtube.com\\\/channel\\\/UCDPSvjbdodE5sHnC3OxutHw\",\"https:\\\/\\\/mastodon.social\\\/@wmcmf\",\"https:\\\/\\\/www.tiktok.com\\\/@webdelmaestrocmf\"]},{\"@type\":\"Person\",\"@id\":\"https:\\\/\\\/webdelmaestrocmf.com\\\/portal\\\/#\\\/schema\\\/person\\\/1072a2ed7bd960df8ef99a551fa35dc5\",\"name\":\"Web del Maestro CMF\",\"image\":{\"@type\":\"ImageObject\",\"inLanguage\":\"es\",\"@id\":\"https:\\\/\\\/secure.gravatar.com\\\/avatar\\\/23291dd5b5ae1077dcff3dbb04c3e02bd28403fa75af6d8787d5e97c5bbbe30b?s=96&d=mm&r=g\",\"url\":\"https:\\\/\\\/secure.gravatar.com\\\/avatar\\\/23291dd5b5ae1077dcff3dbb04c3e02bd28403fa75af6d8787d5e97c5bbbe30b?s=96&d=mm&r=g\",\"contentUrl\":\"https:\\\/\\\/secure.gravatar.com\\\/avatar\\\/23291dd5b5ae1077dcff3dbb04c3e02bd28403fa75af6d8787d5e97c5bbbe30b?s=96&d=mm&r=g\",\"caption\":\"Web del Maestro CMF\"},\"description\":\"Esta Web se cre\u00f3 sin fines de lucro, con fines educativos, cient\u00edficos y acad\u00e9micos, para personas que tengan dificultades y\\\/o inconvenientes en visualizar el material original. El objetivo es entregar recursos, compartir experiencias y materiales que ayuden a los padres de familia, maestros y estudiantes en su actualizaci\u00f3n y formaci\u00f3n permanente, en bien de la Educaci\u00f3n.\",\"sameAs\":[\"http:\\\/\\\/webdelmaestrocmf.com\\\/portal\",\"https:\\\/\\\/www.facebook.com\\\/WebdelMaestroCMF\\\/\",\"https:\\\/\\\/www.instagram.com\\\/wmcmf\\\/\",\"https:\\\/\\\/cl.linkedin.com\\\/company\\\/web-del-maestro-cmf\",\"https:\\\/\\\/www.pinterest.com\\\/WMCMF\\\/publicaciones\\\/\",\"https:\\\/\\\/x.com\\\/cmf_w\",\"https:\\\/\\\/www.youtube.com\\\/@WMCMF\"]}]}<\/script>\n<!-- \/ Yoast SEO plugin. -->","yoast_head_json":{"title":"\u00c1lvaro Bilbao: \u00abHemos olvidado que a los ni\u00f1os hay que educarlos y que necesitan normas\u00bb - 2026","description":"\u00c1lvaro Bilbao es doctor en Psicolog\u00eda, neuropsic\u00f3logo y especialista en el funcionamiento del cerebro infantil. Autor de varios libros...","robots":{"index":"index","follow":"follow","max-snippet":"max-snippet:-1","max-image-preview":"max-image-preview:large","max-video-preview":"max-video-preview:-1"},"canonical":"https:\/\/webdelmaestrocmf.com\/portal\/alvaro-bilbao-hemos-olvidado-que-a-los-ninos-hay-que-educarlos-y-que-necesitan-normas\/","og_locale":"es_ES","og_type":"article","og_title":"\u00c1lvaro Bilbao: \u00abHemos olvidado que a los ni\u00f1os hay que educarlos y que necesitan normas\u00bb - 2026","og_description":"\u00c1lvaro Bilbao es doctor en Psicolog\u00eda, neuropsic\u00f3logo y especialista en el funcionamiento del cerebro infantil. Autor de varios libros...","og_url":"https:\/\/webdelmaestrocmf.com\/portal\/alvaro-bilbao-hemos-olvidado-que-a-los-ninos-hay-que-educarlos-y-que-necesitan-normas\/","og_site_name":"Web del Maestro CMF","article_publisher":"https:\/\/www.facebook.com\/WebdelMaestroCMF\/","article_author":"https:\/\/www.facebook.com\/WebdelMaestroCMF\/","article_published_time":"2025-06-09T17:13:44+00:00","article_modified_time":"2025-06-17T05:30:13+00:00","og_image":[{"width":1024,"height":1024,"url":"https:\/\/webdelmaestrocmf.com\/portal\/wp-content\/uploads\/2025\/06\/1A-Banner-1-portada-imagen-10-1-27.jpg","type":"image\/jpeg"}],"author":"Web del Maestro CMF","twitter_card":"summary_large_image","twitter_creator":"@cmf_w","twitter_site":"@cmf_w","schema":{"@context":"https:\/\/schema.org","@graph":[{"@type":"ScholarlyArticle","@id":"https:\/\/webdelmaestrocmf.com\/portal\/alvaro-bilbao-hemos-olvidado-que-a-los-ninos-hay-que-educarlos-y-que-necesitan-normas\/#article","isPartOf":{"@id":"https:\/\/webdelmaestrocmf.com\/portal\/alvaro-bilbao-hemos-olvidado-que-a-los-ninos-hay-que-educarlos-y-que-necesitan-normas\/"},"author":{"name":"Web del Maestro CMF","@id":"https:\/\/webdelmaestrocmf.com\/portal\/#\/schema\/person\/1072a2ed7bd960df8ef99a551fa35dc5"},"headline":"\u00c1lvaro Bilbao: \u00abHemos olvidado que a los ni\u00f1os hay que educarlos y que necesitan normas\u00bb","datePublished":"2025-06-09T17:13:44+00:00","dateModified":"2025-06-17T05:30:13+00:00","mainEntityOfPage":{"@id":"https:\/\/webdelmaestrocmf.com\/portal\/alvaro-bilbao-hemos-olvidado-que-a-los-ninos-hay-que-educarlos-y-que-necesitan-normas\/"},"wordCount":1540,"commentCount":0,"publisher":{"@id":"https:\/\/webdelmaestrocmf.com\/portal\/#organization"},"image":{"@id":"https:\/\/webdelmaestrocmf.com\/portal\/alvaro-bilbao-hemos-olvidado-que-a-los-ninos-hay-que-educarlos-y-que-necesitan-normas\/#primaryimage"},"thumbnailUrl":"https:\/\/webdelmaestrocmf.com\/portal\/wp-content\/uploads\/2025\/06\/1A-Banner-1-portada-imagen-10-1-27.jpg","keywords":["\u00c1lvaro Bilbao","educarlos","Ni\u00f1os","olvidado"],"articleSection":["Entrevistas","Noticias"],"inLanguage":"es","potentialAction":[{"@type":"CommentAction","name":"Comment","target":["https:\/\/webdelmaestrocmf.com\/portal\/alvaro-bilbao-hemos-olvidado-que-a-los-ninos-hay-que-educarlos-y-que-necesitan-normas\/#respond"]}]},{"@type":"WebPage","@id":"https:\/\/webdelmaestrocmf.com\/portal\/alvaro-bilbao-hemos-olvidado-que-a-los-ninos-hay-que-educarlos-y-que-necesitan-normas\/","url":"https:\/\/webdelmaestrocmf.com\/portal\/alvaro-bilbao-hemos-olvidado-que-a-los-ninos-hay-que-educarlos-y-que-necesitan-normas\/","name":"\u00c1lvaro Bilbao: \u00abHemos olvidado que a los ni\u00f1os hay que educarlos y que necesitan normas\u00bb - 2026","isPartOf":{"@id":"https:\/\/webdelmaestrocmf.com\/portal\/#website"},"primaryImageOfPage":{"@id":"https:\/\/webdelmaestrocmf.com\/portal\/alvaro-bilbao-hemos-olvidado-que-a-los-ninos-hay-que-educarlos-y-que-necesitan-normas\/#primaryimage"},"image":{"@id":"https:\/\/webdelmaestrocmf.com\/portal\/alvaro-bilbao-hemos-olvidado-que-a-los-ninos-hay-que-educarlos-y-que-necesitan-normas\/#primaryimage"},"thumbnailUrl":"https:\/\/webdelmaestrocmf.com\/portal\/wp-content\/uploads\/2025\/06\/1A-Banner-1-portada-imagen-10-1-27.jpg","datePublished":"2025-06-09T17:13:44+00:00","dateModified":"2025-06-17T05:30:13+00:00","description":"\u00c1lvaro Bilbao es doctor en Psicolog\u00eda, neuropsic\u00f3logo y especialista en el funcionamiento del cerebro infantil. Autor de varios libros...","breadcrumb":{"@id":"https:\/\/webdelmaestrocmf.com\/portal\/alvaro-bilbao-hemos-olvidado-que-a-los-ninos-hay-que-educarlos-y-que-necesitan-normas\/#breadcrumb"},"inLanguage":"es","potentialAction":[{"@type":"ReadAction","target":["https:\/\/webdelmaestrocmf.com\/portal\/alvaro-bilbao-hemos-olvidado-que-a-los-ninos-hay-que-educarlos-y-que-necesitan-normas\/"]}]},{"@type":"ImageObject","inLanguage":"es","@id":"https:\/\/webdelmaestrocmf.com\/portal\/alvaro-bilbao-hemos-olvidado-que-a-los-ninos-hay-que-educarlos-y-que-necesitan-normas\/#primaryimage","url":"https:\/\/webdelmaestrocmf.com\/portal\/wp-content\/uploads\/2025\/06\/1A-Banner-1-portada-imagen-10-1-27.jpg","contentUrl":"https:\/\/webdelmaestrocmf.com\/portal\/wp-content\/uploads\/2025\/06\/1A-Banner-1-portada-imagen-10-1-27.jpg","width":1024,"height":1024},{"@type":"BreadcrumbList","@id":"https:\/\/webdelmaestrocmf.com\/portal\/alvaro-bilbao-hemos-olvidado-que-a-los-ninos-hay-que-educarlos-y-que-necesitan-normas\/#breadcrumb","itemListElement":[{"@type":"ListItem","position":1,"name":"Portada","item":"https:\/\/webdelmaestrocmf.com\/portal\/"},{"@type":"ListItem","position":2,"name":"Noticias","item":"https:\/\/webdelmaestrocmf.com\/portal\/category\/noticias\/"},{"@type":"ListItem","position":3,"name":"\u00c1lvaro Bilbao: \u00abHemos olvidado que a los ni\u00f1os hay que educarlos y que necesitan normas\u00bb"}]},{"@type":"WebSite","@id":"https:\/\/webdelmaestrocmf.com\/portal\/#website","url":"https:\/\/webdelmaestrocmf.com\/portal\/","name":"Web del Maestro CMF","description":"Maestros al servicio de la educaci\u00f3n","publisher":{"@id":"https:\/\/webdelmaestrocmf.com\/portal\/#organization"},"alternateName":"WMCMF","potentialAction":[{"@type":"SearchAction","target":{"@type":"EntryPoint","urlTemplate":"https:\/\/webdelmaestrocmf.com\/portal\/?s={search_term_string}"},"query-input":{"@type":"PropertyValueSpecification","valueRequired":true,"valueName":"search_term_string"}}],"inLanguage":"es"},{"@type":"Organization","@id":"https:\/\/webdelmaestrocmf.com\/portal\/#organization","name":"Web del Maestro CMF","alternateName":"WMCMF","url":"https:\/\/webdelmaestrocmf.com\/portal\/","logo":{"@type":"ImageObject","inLanguage":"es","@id":"https:\/\/webdelmaestrocmf.com\/portal\/#\/schema\/logo\/image\/","url":"https:\/\/webdelmaestrocmf.com\/portal\/wp-content\/uploads\/2023\/01\/logo-wmcmf-2.png","contentUrl":"https:\/\/webdelmaestrocmf.com\/portal\/wp-content\/uploads\/2023\/01\/logo-wmcmf-2.png","width":200,"height":60,"caption":"Web del Maestro CMF"},"image":{"@id":"https:\/\/webdelmaestrocmf.com\/portal\/#\/schema\/logo\/image\/"},"sameAs":["https:\/\/www.facebook.com\/WebdelMaestroCMF\/","https:\/\/x.com\/cmf_w","https:\/\/www.pinterest.com\/WMCMF\/","https:\/\/www.linkedin.com\/company\/web-del-maestro-cmf\/","https:\/\/www.instagram.com\/wmcmf\/","https:\/\/www.youtube.com\/channel\/UCDPSvjbdodE5sHnC3OxutHw","https:\/\/mastodon.social\/@wmcmf","https:\/\/www.tiktok.com\/@webdelmaestrocmf"]},{"@type":"Person","@id":"https:\/\/webdelmaestrocmf.com\/portal\/#\/schema\/person\/1072a2ed7bd960df8ef99a551fa35dc5","name":"Web del Maestro CMF","image":{"@type":"ImageObject","inLanguage":"es","@id":"https:\/\/secure.gravatar.com\/avatar\/23291dd5b5ae1077dcff3dbb04c3e02bd28403fa75af6d8787d5e97c5bbbe30b?s=96&d=mm&r=g","url":"https:\/\/secure.gravatar.com\/avatar\/23291dd5b5ae1077dcff3dbb04c3e02bd28403fa75af6d8787d5e97c5bbbe30b?s=96&d=mm&r=g","contentUrl":"https:\/\/secure.gravatar.com\/avatar\/23291dd5b5ae1077dcff3dbb04c3e02bd28403fa75af6d8787d5e97c5bbbe30b?s=96&d=mm&r=g","caption":"Web del Maestro CMF"},"description":"Esta Web se cre\u00f3 sin fines de lucro, con fines educativos, cient\u00edficos y acad\u00e9micos, para personas que tengan dificultades y\/o inconvenientes en visualizar el material original. El objetivo es entregar recursos, compartir experiencias y materiales que ayuden a los padres de familia, maestros y estudiantes en su actualizaci\u00f3n y formaci\u00f3n permanente, en bien de la Educaci\u00f3n.","sameAs":["http:\/\/webdelmaestrocmf.com\/portal","https:\/\/www.facebook.com\/WebdelMaestroCMF\/","https:\/\/www.instagram.com\/wmcmf\/","https:\/\/cl.linkedin.com\/company\/web-del-maestro-cmf","https:\/\/www.pinterest.com\/WMCMF\/publicaciones\/","https:\/\/x.com\/cmf_w","https:\/\/www.youtube.com\/@WMCMF"]}]}},"jetpack_featured_media_url":"https:\/\/webdelmaestrocmf.com\/portal\/wp-content\/uploads\/2025\/06\/1A-Banner-1-portada-imagen-10-1-27.jpg","jetpack_sharing_enabled":true,"jetpack-related-posts":[{"id":111128,"url":"https:\/\/webdelmaestrocmf.com\/portal\/alvaro-bilbao-si-no-pones-normas-el-nino-crecera-con-mucha-falta-de-confianza-sin-saber-resolver-problemas-ni-respetar-normas-sociales\/","url_meta":{"origin":109269,"position":0},"title":"\u00c1lvaro Bilbao: \u201cSi no pones normas, el ni\u00f1o crecer\u00e1 con mucha falta de confianza, sin saber resolver problemas ni respetar normas sociales\u201d","author":"Web del Maestro CMF","date":"11 julio, 2025","format":false,"excerpt":"El autor de \u2018El cerebro del ni\u00f1o explicado a los padres\u2019 alerta de un modelo de crianza desequilibrado: \u201cHemos olvidado que a los ni\u00f1os hay que educarlos\u201d","rel":"","context":"En \u00abEntrevistas\u00bb","block_context":{"text":"Entrevistas","link":"https:\/\/webdelmaestrocmf.com\/portal\/category\/noticias\/entrevistas\/"},"img":{"alt_text":"","src":"https:\/\/i0.wp.com\/webdelmaestrocmf.com\/portal\/wp-content\/uploads\/2025\/07\/1A-Banner-1-portada-imagen-10-1-copia-41.webp?resize=350%2C200&ssl=1","width":350,"height":200,"srcset":"https:\/\/i0.wp.com\/webdelmaestrocmf.com\/portal\/wp-content\/uploads\/2025\/07\/1A-Banner-1-portada-imagen-10-1-copia-41.webp?resize=350%2C200&ssl=1 1x, https:\/\/i0.wp.com\/webdelmaestrocmf.com\/portal\/wp-content\/uploads\/2025\/07\/1A-Banner-1-portada-imagen-10-1-copia-41.webp?resize=525%2C300&ssl=1 1.5x, https:\/\/i0.wp.com\/webdelmaestrocmf.com\/portal\/wp-content\/uploads\/2025\/07\/1A-Banner-1-portada-imagen-10-1-copia-41.webp?resize=700%2C400&ssl=1 2x"},"classes":[]},{"id":73741,"url":"https:\/\/webdelmaestrocmf.com\/portal\/alvaro-bilbao-es-importante-que-los-ninos-pasen-los-seis-primeros-anos-de-su-vida-sin-tecnologia\/","url_meta":{"origin":109269,"position":1},"title":"\u00c1lvaro Bilbao: Es importante que los ni\u00f1os pasen los seis primeros a\u00f1os de su vida sin tecnolog\u00eda","author":"Web del Maestro CMF","date":"17 julio, 2022","format":false,"excerpt":"El neuropsic\u00f3logo \u00c1lvaro Bilbao (Bilbao, 1976) obtuvo su t\u00edtulo profesional en la Universidad de Deusto (Espa\u00f1a) y es licenciado por el Hospital Johns Hopkins de Baltimore (USA) y el Royal Hospital for Neurodisability (Inglaterra). Es conferenciante, formador y escritor, desde su experiencia que de esposo y padre -seg\u00fan afirma en\u2026","rel":"","context":"En \u00abEntrevistas\u00bb","block_context":{"text":"Entrevistas","link":"https:\/\/webdelmaestrocmf.com\/portal\/category\/noticias\/entrevistas\/"},"img":{"alt_text":"","src":"https:\/\/i0.wp.com\/webdelmaestrocmf.com\/portal\/wp-content\/uploads\/2022\/01\/2-8.jpg?resize=350%2C200&ssl=1","width":350,"height":200,"srcset":"https:\/\/i0.wp.com\/webdelmaestrocmf.com\/portal\/wp-content\/uploads\/2022\/01\/2-8.jpg?resize=350%2C200&ssl=1 1x, https:\/\/i0.wp.com\/webdelmaestrocmf.com\/portal\/wp-content\/uploads\/2022\/01\/2-8.jpg?resize=525%2C300&ssl=1 1.5x, https:\/\/i0.wp.com\/webdelmaestrocmf.com\/portal\/wp-content\/uploads\/2022\/01\/2-8.jpg?resize=700%2C400&ssl=1 2x, https:\/\/i0.wp.com\/webdelmaestrocmf.com\/portal\/wp-content\/uploads\/2022\/01\/2-8.jpg?resize=1050%2C600&ssl=1 3x"},"classes":[]},{"id":23791,"url":"https:\/\/webdelmaestrocmf.com\/portal\/siempre-mejor-leer-cuento-papel-estar-mirando-una-pantalla\/","url_meta":{"origin":109269,"position":2},"title":"\u00c1lvaro Bilbao: Siempre es mejor leer un cuento en papel que estar mirando una pantalla","author":"Web del Maestro CMF","date":"2 agosto, 2023","format":false,"excerpt":"Leer en papel mejora la comprensi\u00f3n, la memoria y la concentraci\u00f3n, mientras que las pantallas favorecen la distracci\u00f3n y la lectura superficial, afectando el aprendizaje profundo en estudiantes de todas las edades.","rel":"","context":"En \u00abEntrevistas\u00bb","block_context":{"text":"Entrevistas","link":"https:\/\/webdelmaestrocmf.com\/portal\/category\/noticias\/entrevistas\/"},"img":{"alt_text":"Bilbao","src":"https:\/\/i0.wp.com\/webdelmaestrocmf.com\/portal\/wp-content\/uploads\/2017\/11\/A12B3C4D-13.jpg?resize=350%2C200&ssl=1","width":350,"height":200,"srcset":"https:\/\/i0.wp.com\/webdelmaestrocmf.com\/portal\/wp-content\/uploads\/2017\/11\/A12B3C4D-13.jpg?resize=350%2C200&ssl=1 1x, https:\/\/i0.wp.com\/webdelmaestrocmf.com\/portal\/wp-content\/uploads\/2017\/11\/A12B3C4D-13.jpg?resize=525%2C300&ssl=1 1.5x, https:\/\/i0.wp.com\/webdelmaestrocmf.com\/portal\/wp-content\/uploads\/2017\/11\/A12B3C4D-13.jpg?resize=700%2C400&ssl=1 2x"},"classes":[]},{"id":32266,"url":"https:\/\/webdelmaestrocmf.com\/portal\/los-ninos-aprenden-a-regular-sus-emociones-a-traves-de-los-modelos-que-ven-en-sus-padres\/","url_meta":{"origin":109269,"position":3},"title":"\u00c1lvaro Bilbao: Los ni\u00f1os aprenden a regular sus emociones a trav\u00e9s de los modelos que ven en sus padres","author":"Web del Maestro CMF","date":"30 marzo, 2022","format":"video","excerpt":"El neurospic\u00f3logo espa\u00f1ol, \u00c1lvaro Bilbao, es doctor en Psicolog\u00eda de la Salud se form\u00f3 en el Hospital Johns Hopkins de Baltimore (USA) y en el Royal Hospital for Neurodisability de Londres. Ha dedicado varios a\u00f1os de mi vida a investigar las claves del cuidado del cerebro y a divulgar sus\u2026","rel":"","context":"En \u00abCharlas\u00bb","block_context":{"text":"Charlas","link":"https:\/\/webdelmaestrocmf.com\/portal\/category\/charlas\/"},"img":{"alt_text":"","src":"https:\/\/i0.wp.com\/webdelmaestrocmf.com\/portal\/wp-content\/uploads\/2022\/03\/1A-Banner-1-portada-imagen-10-1-7.jpg?resize=350%2C200&ssl=1","width":350,"height":200,"srcset":"https:\/\/i0.wp.com\/webdelmaestrocmf.com\/portal\/wp-content\/uploads\/2022\/03\/1A-Banner-1-portada-imagen-10-1-7.jpg?resize=350%2C200&ssl=1 1x, https:\/\/i0.wp.com\/webdelmaestrocmf.com\/portal\/wp-content\/uploads\/2022\/03\/1A-Banner-1-portada-imagen-10-1-7.jpg?resize=525%2C300&ssl=1 1.5x, https:\/\/i0.wp.com\/webdelmaestrocmf.com\/portal\/wp-content\/uploads\/2022\/03\/1A-Banner-1-portada-imagen-10-1-7.jpg?resize=700%2C400&ssl=1 2x"},"classes":[]},{"id":92287,"url":"https:\/\/webdelmaestrocmf.com\/portal\/alvaro-bilbao-quiza-no-podemos-cambiar-la-sociedad-en-la-que-vivimos-pero-si-quitarle-el-movil-al-nino\/","url_meta":{"origin":109269,"position":4},"title":"\u00c1lvaro Bilbao: Quiz\u00e1 no podemos cambiar la sociedad en la que vivimos, pero si quitarle el m\u00f3vil al ni\u00f1o","author":"Web del Maestro CMF","date":"15 agosto, 2023","format":false,"excerpt":"El doctor en Psicolog\u00eda por la Universidad de Deusto y licenciado en Neuropsicolog\u00eda por el Hospital Johns Hopkins de Baltimore, \u00c1lvaro Bilbao (Bilbao, 1976), declara que se form\u00f3 en Programaci\u00f3n Neuroling\u00fc\u00edstica y en Disciplina Positiva, -que \u00e9l llama comunicaci\u00f3n y educaci\u00f3n positiva-, y que le ha ayudado conectar mejor con\u2026","rel":"","context":"En \u00abEntrevistas\u00bb","block_context":{"text":"Entrevistas","link":"https:\/\/webdelmaestrocmf.com\/portal\/category\/noticias\/entrevistas\/"},"img":{"alt_text":"\u00c1lvaro Bilbao","src":"https:\/\/i0.wp.com\/webdelmaestrocmf.com\/portal\/wp-content\/uploads\/2023\/08\/A12B3C4D-10-1.jpg?resize=350%2C200&ssl=1","width":350,"height":200,"srcset":"https:\/\/i0.wp.com\/webdelmaestrocmf.com\/portal\/wp-content\/uploads\/2023\/08\/A12B3C4D-10-1.jpg?resize=350%2C200&ssl=1 1x, https:\/\/i0.wp.com\/webdelmaestrocmf.com\/portal\/wp-content\/uploads\/2023\/08\/A12B3C4D-10-1.jpg?resize=525%2C300&ssl=1 1.5x, https:\/\/i0.wp.com\/webdelmaestrocmf.com\/portal\/wp-content\/uploads\/2023\/08\/A12B3C4D-10-1.jpg?resize=700%2C400&ssl=1 2x"},"classes":[]},{"id":83553,"url":"https:\/\/webdelmaestrocmf.com\/portal\/curso-educar-en-positivo-con-alvaro-bilbao\/","url_meta":{"origin":109269,"position":5},"title":"El mejor curso de educaci\u00f3n y disciplina positiva con \u00c1lvaro Bilbao","author":"Web del Maestro CMF","date":"30 enero, 2023","format":false,"excerpt":"Devuelve la calma a tu casa con la certeza de saber que est\u00e1s haciendo lo mejor para ellos. En esta formaci\u00f3n, pongo a tu servicio mis m\u00e1s de 20 a\u00f1os de experiencia como neuropsic\u00f3logo infantil y 9 a\u00f1os como pap\u00e1 de tres ni\u00f1os peque\u00f1os. Voy a ayudarte a poner en\u2026","rel":"","context":"En \u00abCursos\u00bb","block_context":{"text":"Cursos","link":"https:\/\/webdelmaestrocmf.com\/portal\/category\/cursos\/"},"img":{"alt_text":"","src":"https:\/\/i0.wp.com\/webdelmaestrocmf.com\/portal\/wp-content\/uploads\/2023\/01\/1-79.jpg?resize=350%2C200&ssl=1","width":350,"height":200,"srcset":"https:\/\/i0.wp.com\/webdelmaestrocmf.com\/portal\/wp-content\/uploads\/2023\/01\/1-79.jpg?resize=350%2C200&ssl=1 1x, https:\/\/i0.wp.com\/webdelmaestrocmf.com\/portal\/wp-content\/uploads\/2023\/01\/1-79.jpg?resize=525%2C300&ssl=1 1.5x, https:\/\/i0.wp.com\/webdelmaestrocmf.com\/portal\/wp-content\/uploads\/2023\/01\/1-79.jpg?resize=700%2C400&ssl=1 2x"},"classes":[]}],"_links":{"self":[{"href":"https:\/\/webdelmaestrocmf.com\/portal\/wp-json\/wp\/v2\/posts\/109269","targetHints":{"allow":["GET"]}}],"collection":[{"href":"https:\/\/webdelmaestrocmf.com\/portal\/wp-json\/wp\/v2\/posts"}],"about":[{"href":"https:\/\/webdelmaestrocmf.com\/portal\/wp-json\/wp\/v2\/types\/post"}],"author":[{"embeddable":true,"href":"https:\/\/webdelmaestrocmf.com\/portal\/wp-json\/wp\/v2\/users\/1"}],"replies":[{"embeddable":true,"href":"https:\/\/webdelmaestrocmf.com\/portal\/wp-json\/wp\/v2\/comments?post=109269"}],"version-history":[{"count":3,"href":"https:\/\/webdelmaestrocmf.com\/portal\/wp-json\/wp\/v2\/posts\/109269\/revisions"}],"predecessor-version":[{"id":109815,"href":"https:\/\/webdelmaestrocmf.com\/portal\/wp-json\/wp\/v2\/posts\/109269\/revisions\/109815"}],"wp:featuredmedia":[{"embeddable":true,"href":"https:\/\/webdelmaestrocmf.com\/portal\/wp-json\/wp\/v2\/media\/109784"}],"wp:attachment":[{"href":"https:\/\/webdelmaestrocmf.com\/portal\/wp-json\/wp\/v2\/media?parent=109269"}],"wp:term":[{"taxonomy":"category","embeddable":true,"href":"https:\/\/webdelmaestrocmf.com\/portal\/wp-json\/wp\/v2\/categories?post=109269"},{"taxonomy":"post_tag","embeddable":true,"href":"https:\/\/webdelmaestrocmf.com\/portal\/wp-json\/wp\/v2\/tags?post=109269"}],"curies":[{"name":"wp","href":"https:\/\/api.w.org\/{rel}","templated":true}]}}