{"id":109208,"date":"2025-06-06T12:59:28","date_gmt":"2025-06-06T16:59:28","guid":{"rendered":"https:\/\/webdelmaestrocmf.com\/portal\/?p=109208"},"modified":"2025-06-17T01:33:13","modified_gmt":"2025-06-17T05:33:13","slug":"phil-poekert-el-liderazgo-docente-eficaz-logra-cambios-significativos-en-el-aprendizaje-de-los-estudiantes","status":"publish","type":"post","link":"https:\/\/webdelmaestrocmf.com\/portal\/phil-poekert-el-liderazgo-docente-eficaz-logra-cambios-significativos-en-el-aprendizaje-de-los-estudiantes\/","title":{"rendered":"Phil Poekert: El liderazgo docente eficaz logra cambios significativos en el aprendizaje de los estudiantes"},"content":{"rendered":"<p style=\"text-align: justify;\" data-start=\"175\" data-end=\"720\">\u00bfPuede un buen liderazgo docente transformar realmente el aprendizaje de los estudiantes? Seg\u00fan <em data-start=\"277\" data-end=\"291\">Phil Poekert<\/em>, profesor y director del Centro de Aprendizaje Lastinger de la Universidad de Florida (EE.UU.), la respuesta es s\u00ed. Durante su visita a Chile para participar en el <em data-start=\"456\" data-end=\"504\">Leadership for Professional Learning Symposium<\/em>, organizado por distintas universidades chilenas e internacionales, Poekert explic\u00f3 en una entrevista a <em data-start=\"609\" data-end=\"622\">El Mercurio<\/em> c\u00f3mo el liderazgo educativo tiene un impacto directo y medible en la calidad de los aprendizajes.<!--more--><\/p>\n<h2 style=\"text-align: left;\" data-start=\"722\" data-end=\"756\"><strong>Liderar dentro y fuera del aula<\/strong><\/h2>\n<p style=\"text-align: justify;\" data-start=\"758\" data-end=\"1222\">Para Poekert, los profesores no solo ense\u00f1an contenidos, sino que tambi\u00e9n <em data-start=\"832\" data-end=\"841\">lideran<\/em> a sus estudiantes hacia el logro de metas acad\u00e9micas y de vida. Un l\u00edder docente eficaz es aquel que influye positivamente en sus alumnos, adaptando su ense\u00f1anza para lograr cambios significativos y sostenibles. En sus palabras: <em data-start=\"1071\" data-end=\"1221\">\u201cEl liderazgo educativo es la capacidad de influir en los estudiantes hacia el logro de metas y la actualizaci\u00f3n de una visi\u00f3n para un futuro mejor\u201d<\/em>.<\/p>\n<p style=\"text-align: justify;\" data-start=\"1224\" data-end=\"1434\">A diferencia de enfoques que aplican esfuerzos sin direcci\u00f3n clara, el liderazgo educativo bien orientado genera mejoras duraderas, medibles y documentadas en las experiencias de aprendizaje de los estudiantes.<\/p>\n<h2 style=\"text-align: left;\" data-start=\"1436\" data-end=\"1483\"><strong>Las caracter\u00edsticas del l\u00edder docente eficaz<\/strong><\/h2>\n<p style=\"text-align: justify;\" data-start=\"1485\" data-end=\"1586\">Phil Poekert detalla varias habilidades esenciales que distinguen a los l\u00edderes educativos efectivos:<\/p>\n<ul>\n<li style=\"text-align: justify;\" data-start=\"1590\" data-end=\"1775\"><strong data-start=\"1590\" data-end=\"1614\">Visi\u00f3n de compromiso<\/strong>: Los l\u00edderes exitosos tienen una visi\u00f3n clara que orienta sus decisiones y les permite generar un impacto real tanto en sus estudiantes como en sus comunidades.<\/li>\n<li style=\"text-align: justify;\" data-start=\"1781\" data-end=\"1907\"><strong data-start=\"1781\" data-end=\"1802\">\u00c9tica profesional<\/strong>: Act\u00faan con principios s\u00f3lidos, manteniendo siempre el foco en el bienestar y desarrollo de los alumnos.<\/li>\n<li style=\"text-align: justify;\" data-start=\"1911\" data-end=\"2051\"><strong data-start=\"1911\" data-end=\"1944\">Relaciones externas efectivas<\/strong>: Construyen asociaciones y redes de apoyo, aprovechando conexiones para enfrentar y resolver dificultades.<\/li>\n<li style=\"text-align: justify;\" data-start=\"2055\" data-end=\"2235\"><strong data-start=\"2055\" data-end=\"2077\">Enfoque cient\u00edfico<\/strong>: Basan su pr\u00e1ctica en la investigaci\u00f3n y adaptan las estrategias pedag\u00f3gicas a las necesidades concretas de sus estudiantes y el contexto en el que trabajan.<\/li>\n<li style=\"text-align: justify;\" data-start=\"2239\" data-end=\"2436\"><strong data-start=\"2239\" data-end=\"2262\">Evaluaci\u00f3n continua<\/strong>: Recogen datos, monitorizan el progreso y ajustan las estrategias cuando es necesario. Adem\u00e1s, documentan tanto los \u00e9xitos como los fracasos para aprender de la experiencia.<\/li>\n<\/ul>\n<p style=\"text-align: justify;\" data-start=\"2438\" data-end=\"2566\">En conjunto, estas competencias permiten que los l\u00edderes educativos generen entornos de aprendizaje m\u00e1s efectivos y resilientes.<\/p>\n<h2 style=\"text-align: left;\" data-start=\"2568\" data-end=\"2624\"><strong>El impacto de la tecnolog\u00eda en el liderazgo educativo<\/strong><\/h2>\n<p style=\"text-align: justify;\" data-start=\"2626\" data-end=\"2992\">Mirando hacia el futuro, Poekert destaca el papel creciente que tendr\u00e1 la tecnolog\u00eda, especialmente la inteligencia artificial (IA), en la transformaci\u00f3n educativa. Se\u00f1ala que la IA permitir\u00e1 <em data-start=\"2818\" data-end=\"2905\">\u201ctomar decisiones, generar soluciones y analizar datos de manera mucho m\u00e1s eficiente\u201d<\/em>, lo que ofrecer\u00e1 nuevas oportunidades, pero tambi\u00e9n nuevos desaf\u00edos para los docentes.<\/p>\n<p style=\"text-align: justify;\" data-start=\"2994\" data-end=\"3287\">Ante este escenario, subraya que el liderazgo docente no solo deber\u00e1 incorporar estas herramientas, sino tambi\u00e9n formar a los estudiantes para que sepan utilizarlas con criterio. El objetivo es evitar que las nuevas tecnolog\u00edas ampl\u00eden las brechas existentes entre distintos grupos de alumnos.<\/p>\n<p style=\"text-align: justify;\" data-start=\"3289\" data-end=\"3637\">En este sentido, Poekert advierte que los pr\u00f3ximos cinco a\u00f1os ser\u00e1n particularmente importantes para definir c\u00f3mo se integra la IA en las aulas. Sin embargo, m\u00e1s all\u00e1 de las herramientas, reafirma que seguir\u00e1 siendo fundamental el rol humano del l\u00edder docente para guiar, acompa\u00f1ar y preparar a los estudiantes ante un futuro cada vez m\u00e1s incierto.<\/p>\n<h2 style=\"text-align: left;\" data-start=\"3639\" data-end=\"3679\"><strong>Un liderazgo centrado en las personas<\/strong><\/h2>\n<p style=\"text-align: justify;\" data-start=\"3681\" data-end=\"4107\">El mensaje de Phil Poekert es claro: el liderazgo docente eficaz no se limita a gestionar el aula, sino que implica visi\u00f3n, \u00e9tica, investigaci\u00f3n, evaluaci\u00f3n continua y, sobre todo, compromiso con el crecimiento de cada estudiante. En un contexto donde la tecnolog\u00eda avanza r\u00e1pidamente, el papel de los profesores como l\u00edderes sigue siendo insustituible para garantizar un aprendizaje de calidad y una educaci\u00f3n m\u00e1s equitativa.<\/p>\n<p style=\"text-align: right;\" data-start=\"3681\" data-end=\"4107\"><strong>REDACCI\u00d3N WEB DEL MAESTRO<\/strong><\/p>\n<p data-start=\"3681\" data-end=\"4107\">\t\t<div class=\"pk-inline-posts\">\n\t\t\t\n\t\t\t<div class=\"pk-inline-posts-container pk-inline-posts-template-list\"\n\t\t\t\tdata-columns=\"1\">\n\t\t\t\t\t\t<article id=\"post-118510\" class=\"post-118510 post type-post status-publish format-standard has-post-thumbnail category-entrevistas category-noticias tag-aprendizaje tag-aula tag-docentes tag-educacion-2 tag-estudiantes tag-filosofia-2 tag-formacion-2 tag-inteligencia tag-jose-antonio-marina tag-pedagogia-2 tag-pensamiento-critico-2 cs-entry cs-video-wrap\">\n\t\t\t<div class=\"pk-post-outer\">\n\n\t\t\t\t\t\t\t\t<div class=\"pk-post-inner\">\n\t\t\t\t\t<div class=\"entry-thumbnail\">\n\t\t\t\t\t\t<div class=\"pk-overlay pk-overlay-ratio pk-ratio-landscape\">\n\t\t\t\t\t\t\t<div class=\"pk-overlay-background\">\n\t\t\t\t\t\t\t\t<a href=\"https:\/\/webdelmaestrocmf.com\/portal\/jose-antonio-marina-si-no-teneis-pensamiento-critico-o-si-no-hay-pensamiento-critico-la-manipulacion-va-a-ser-muy-sencilla\/\" class=\"pk-overlay-link\">\n\t\t\t\t\t\t\t\t\t<img loading=\"lazy\" decoding=\"async\" width=\"300\" height=\"225\" src=\"https:\/\/webdelmaestrocmf.com\/portal\/wp-content\/uploads\/2026\/04\/1AA-Banner-1-portada-imagen-10-1-copia-5-6-300x225.webp\" class=\"attachment-pk-thumbnail size-pk-thumbnail wp-post-image\" alt=\"\" \/>\t\t\t\t\t\t\t\t<\/a>\n\t\t\t\t\t\t\t<\/div>\n\t\t\t\t\t\t<\/div>\n\t\t\t\t\t<\/div>\n\t\t\t\t<\/div>\n\t\t\t\t\n\t\t\t\t<div class=\"pk-post-inner\">\n\t\t\t\t\t<header>\n\t\t\t\t\t\t<h3 class=\"pk-title\"><a href=\"https:\/\/webdelmaestrocmf.com\/portal\/jose-antonio-marina-si-no-teneis-pensamiento-critico-o-si-no-hay-pensamiento-critico-la-manipulacion-va-a-ser-muy-sencilla\/\" rel=\"bookmark\">Jos\u00e9 Antonio Marina: Si no ten\u00e9is pensamiento cr\u00edtico, o si no hay pensamiento cr\u00edtico, la manipulaci\u00f3n va a ser muy sencilla<\/a><\/h3>\t\t\t\t\t<\/header><!-- .entry-header -->\n\t\t\t\t<\/div><!-- .post-inner -->\n\n\t\t\t<\/div><!-- .post-outer -->\n\t\t<\/article>\n\t\t\t<article id=\"post-113504\" class=\"post-113504 post type-post status-publish format-standard has-post-thumbnail category-entrevistas category-noticias tag-alumno tag-begona-ibarrola-2 tag-desmotivado tag-vago cs-entry cs-video-wrap\">\n\t\t\t<div class=\"pk-post-outer\">\n\n\t\t\t\t\t\t\t\t<div class=\"pk-post-inner\">\n\t\t\t\t\t<div class=\"entry-thumbnail\">\n\t\t\t\t\t\t<div class=\"pk-overlay pk-overlay-ratio pk-ratio-landscape\">\n\t\t\t\t\t\t\t<div class=\"pk-overlay-background\">\n\t\t\t\t\t\t\t\t<a href=\"https:\/\/webdelmaestrocmf.com\/portal\/begona-ibarrola-debemos-distinguir-entre-un-alumno-verdaderamente-vago-y-uno-que-esta-desmotivado-porque-anticipa-el-fracaso\/\" class=\"pk-overlay-link\">\n\t\t\t\t\t\t\t\t\t<img loading=\"lazy\" decoding=\"async\" width=\"300\" height=\"225\" src=\"https:\/\/webdelmaestrocmf.com\/portal\/wp-content\/uploads\/2025\/11\/1AA-Banner-1-portada-imagen-10-1-copia-3-300x225.webp\" class=\"attachment-pk-thumbnail size-pk-thumbnail wp-post-image\" alt=\"\" \/>\t\t\t\t\t\t\t\t<\/a>\n\t\t\t\t\t\t\t<\/div>\n\t\t\t\t\t\t<\/div>\n\t\t\t\t\t<\/div>\n\t\t\t\t<\/div>\n\t\t\t\t\n\t\t\t\t<div class=\"pk-post-inner\">\n\t\t\t\t\t<header>\n\t\t\t\t\t\t<h3 class=\"pk-title\"><a href=\"https:\/\/webdelmaestrocmf.com\/portal\/begona-ibarrola-debemos-distinguir-entre-un-alumno-verdaderamente-vago-y-uno-que-esta-desmotivado-porque-anticipa-el-fracaso\/\" rel=\"bookmark\">Bego\u00f1a Ibarrola: Debemos distinguir entre un alumno verdaderamente vago y uno que est\u00e1 desmotivado porque anticipa el fracaso<\/a><\/h3>\t\t\t\t\t<\/header><!-- .entry-header -->\n\t\t\t\t<\/div><!-- .post-inner -->\n\n\t\t\t<\/div><!-- .post-outer -->\n\t\t<\/article>\n\t\t\t<article id=\"post-118480\" class=\"post-118480 post type-post status-publish format-standard has-post-thumbnail category-entrevistas category-noticias tag-aprendizaje tag-autonomia-3 tag-desarrollo tag-docentes tag-educacion-2 tag-ensenanza-2 tag-escuela tag-infancia tag-juego tag-pedagogia-2 cs-entry cs-video-wrap\">\n\t\t\t<div class=\"pk-post-outer\">\n\n\t\t\t\t\t\t\t\t<div class=\"pk-post-inner\">\n\t\t\t\t\t<div class=\"entry-thumbnail\">\n\t\t\t\t\t\t<div class=\"pk-overlay pk-overlay-ratio pk-ratio-landscape\">\n\t\t\t\t\t\t\t<div class=\"pk-overlay-background\">\n\t\t\t\t\t\t\t\t<a href=\"https:\/\/webdelmaestrocmf.com\/portal\/francesco-tonucci-hoy-la-escuela-esta-asumiendo-un-error-fatal-que-es-hacer-mas-un-papel-de-ninera-que-de-estructura-educativa\/\" class=\"pk-overlay-link\">\n\t\t\t\t\t\t\t\t\t<img loading=\"lazy\" decoding=\"async\" width=\"300\" height=\"225\" src=\"https:\/\/webdelmaestrocmf.com\/portal\/wp-content\/uploads\/2026\/04\/1AA-Banner-1-portada-imagen-10-1-copia-2-9-300x225.webp\" class=\"attachment-pk-thumbnail size-pk-thumbnail wp-post-image\" alt=\"\" \/>\t\t\t\t\t\t\t\t<\/a>\n\t\t\t\t\t\t\t<\/div>\n\t\t\t\t\t\t<\/div>\n\t\t\t\t\t<\/div>\n\t\t\t\t<\/div>\n\t\t\t\t\n\t\t\t\t<div class=\"pk-post-inner\">\n\t\t\t\t\t<header>\n\t\t\t\t\t\t<h3 class=\"pk-title\"><a href=\"https:\/\/webdelmaestrocmf.com\/portal\/francesco-tonucci-hoy-la-escuela-esta-asumiendo-un-error-fatal-que-es-hacer-mas-un-papel-de-ninera-que-de-estructura-educativa\/\" rel=\"bookmark\">Francesco Tonucci: Hoy la escuela est\u00e1 asumiendo un error fatal que es hacer m\u00e1s un papel de ni\u00f1era que de estructura educativa<\/a><\/h3>\t\t\t\t\t<\/header><!-- .entry-header -->\n\t\t\t\t<\/div><!-- .post-inner -->\n\n\t\t\t<\/div><!-- .post-outer -->\n\t\t<\/article>\n\t\t\t\t<\/div>\n\t\t<\/div>\n\t\t<\/p>\n","protected":false},"excerpt":{"rendered":"\u00bfPuede un buen liderazgo docente transformar realmente el aprendizaje de los estudiantes? Seg\u00fan Phil Poekert, profesor y director&hellip;","protected":false},"author":1,"featured_media":109209,"comment_status":"open","ping_status":"closed","sticky":false,"template":"","format":"standard","meta":{"csco_display_header_overlay":false,"csco_singular_sidebar":"disabled","csco_page_header_type":"","csco_page_load_nextpost":"","csco_post_video_location":[],"csco_post_video_location_hash":"","csco_post_video_url":"","csco_post_video_bg_start_time":0,"csco_post_video_bg_end_time":0,"csco_post_video_bg_volume":false,"_jetpack_memberships_contains_paid_content":false,"footnotes":""},"categories":[48,47],"tags":[77,2438,52,23729,96,2687,23728,23730],"class_list":{"0":"post-109208","1":"post","2":"type-post","3":"status-publish","4":"format-standard","5":"has-post-thumbnail","7":"category-entrevistas","8":"category-noticias","9":"tag-aprendizaje","10":"tag-cambios","11":"tag-docente","12":"tag-eficaz-logra","13":"tag-estudiantes","14":"tag-liderazgo","15":"tag-phil-poekert","16":"tag-significativos-en","17":"cs-entry","18":"cs-video-wrap"},"yoast_head":"<!-- This site is optimized with the Yoast SEO plugin v27.5 - https:\/\/yoast.com\/product\/yoast-seo-wordpress\/ -->\n<title>Phil Poekert: El liderazgo docente eficaz logra cambios significativos en el aprendizaje de los estudiantes - 2026<\/title>\n<meta name=\"description\" content=\"Comunidad de Maestros, Docentes y Profesores, en donde encontrar\u00e1s material, informaci\u00f3n y notiSeg\u00fan Phil Poekert, profesor ...\" \/>\n<meta name=\"robots\" content=\"index, follow, max-snippet:-1, max-image-preview:large, max-video-preview:-1\" \/>\n<link rel=\"canonical\" href=\"https:\/\/webdelmaestrocmf.com\/portal\/phil-poekert-el-liderazgo-docente-eficaz-logra-cambios-significativos-en-el-aprendizaje-de-los-estudiantes\/\" \/>\n<meta property=\"og:locale\" content=\"es_ES\" \/>\n<meta property=\"og:type\" content=\"article\" \/>\n<meta property=\"og:title\" content=\"Phil Poekert: El liderazgo docente eficaz logra cambios significativos en el aprendizaje de los estudiantes - 2026\" \/>\n<meta property=\"og:description\" content=\"Comunidad de Maestros, Docentes y Profesores, en donde encontrar\u00e1s material, informaci\u00f3n y notiSeg\u00fan Phil Poekert, profesor ...\" \/>\n<meta property=\"og:url\" content=\"https:\/\/webdelmaestrocmf.com\/portal\/phil-poekert-el-liderazgo-docente-eficaz-logra-cambios-significativos-en-el-aprendizaje-de-los-estudiantes\/\" \/>\n<meta property=\"og:site_name\" content=\"Web del Maestro CMF\" \/>\n<meta property=\"article:publisher\" content=\"https:\/\/www.facebook.com\/WebdelMaestroCMF\/\" \/>\n<meta property=\"article:author\" content=\"https:\/\/www.facebook.com\/WebdelMaestroCMF\/\" \/>\n<meta property=\"article:published_time\" content=\"2025-06-06T16:59:28+00:00\" \/>\n<meta property=\"article:modified_time\" content=\"2025-06-17T05:33:13+00:00\" \/>\n<meta property=\"og:image\" content=\"https:\/\/webdelmaestrocmf.com\/portal\/wp-content\/uploads\/2025\/06\/1A-Banner-1-portada-imagen-10-1-16.jpg\" \/>\n\t<meta property=\"og:image:width\" content=\"1024\" \/>\n\t<meta property=\"og:image:height\" content=\"1024\" \/>\n\t<meta property=\"og:image:type\" content=\"image\/jpeg\" \/>\n<meta name=\"author\" content=\"Web del Maestro CMF\" \/>\n<meta name=\"twitter:card\" content=\"summary_large_image\" \/>\n<meta name=\"twitter:creator\" content=\"@cmf_w\" \/>\n<meta name=\"twitter:site\" content=\"@cmf_w\" \/>\n<script type=\"application\/ld+json\" class=\"yoast-schema-graph\">{\"@context\":\"https:\\\/\\\/schema.org\",\"@graph\":[{\"@type\":\"ScholarlyArticle\",\"@id\":\"https:\\\/\\\/webdelmaestrocmf.com\\\/portal\\\/phil-poekert-el-liderazgo-docente-eficaz-logra-cambios-significativos-en-el-aprendizaje-de-los-estudiantes\\\/#article\",\"isPartOf\":{\"@id\":\"https:\\\/\\\/webdelmaestrocmf.com\\\/portal\\\/phil-poekert-el-liderazgo-docente-eficaz-logra-cambios-significativos-en-el-aprendizaje-de-los-estudiantes\\\/\"},\"author\":{\"name\":\"Web del Maestro CMF\",\"@id\":\"https:\\\/\\\/webdelmaestrocmf.com\\\/portal\\\/#\\\/schema\\\/person\\\/1072a2ed7bd960df8ef99a551fa35dc5\"},\"headline\":\"Phil Poekert: El liderazgo docente eficaz logra cambios significativos en el aprendizaje de los estudiantes\",\"datePublished\":\"2025-06-06T16:59:28+00:00\",\"dateModified\":\"2025-06-17T05:33:13+00:00\",\"mainEntityOfPage\":{\"@id\":\"https:\\\/\\\/webdelmaestrocmf.com\\\/portal\\\/phil-poekert-el-liderazgo-docente-eficaz-logra-cambios-significativos-en-el-aprendizaje-de-los-estudiantes\\\/\"},\"wordCount\":646,\"commentCount\":0,\"publisher\":{\"@id\":\"https:\\\/\\\/webdelmaestrocmf.com\\\/portal\\\/#organization\"},\"image\":{\"@id\":\"https:\\\/\\\/webdelmaestrocmf.com\\\/portal\\\/phil-poekert-el-liderazgo-docente-eficaz-logra-cambios-significativos-en-el-aprendizaje-de-los-estudiantes\\\/#primaryimage\"},\"thumbnailUrl\":\"https:\\\/\\\/webdelmaestrocmf.com\\\/portal\\\/wp-content\\\/uploads\\\/2025\\\/06\\\/1A-Banner-1-portada-imagen-10-1-16.jpg\",\"keywords\":[\"aprendizaje\",\"CAMBIOS\",\"DOCENTE\",\"eficaz logra\",\"estudiantes\",\"LIDERAZGO\",\"Phil Poekert\",\"significativos en\"],\"articleSection\":[\"Entrevistas\",\"Noticias\"],\"inLanguage\":\"es\",\"potentialAction\":[{\"@type\":\"CommentAction\",\"name\":\"Comment\",\"target\":[\"https:\\\/\\\/webdelmaestrocmf.com\\\/portal\\\/phil-poekert-el-liderazgo-docente-eficaz-logra-cambios-significativos-en-el-aprendizaje-de-los-estudiantes\\\/#respond\"]}]},{\"@type\":\"WebPage\",\"@id\":\"https:\\\/\\\/webdelmaestrocmf.com\\\/portal\\\/phil-poekert-el-liderazgo-docente-eficaz-logra-cambios-significativos-en-el-aprendizaje-de-los-estudiantes\\\/\",\"url\":\"https:\\\/\\\/webdelmaestrocmf.com\\\/portal\\\/phil-poekert-el-liderazgo-docente-eficaz-logra-cambios-significativos-en-el-aprendizaje-de-los-estudiantes\\\/\",\"name\":\"Phil Poekert: El liderazgo docente eficaz logra cambios significativos en el aprendizaje de los estudiantes - 2026\",\"isPartOf\":{\"@id\":\"https:\\\/\\\/webdelmaestrocmf.com\\\/portal\\\/#website\"},\"primaryImageOfPage\":{\"@id\":\"https:\\\/\\\/webdelmaestrocmf.com\\\/portal\\\/phil-poekert-el-liderazgo-docente-eficaz-logra-cambios-significativos-en-el-aprendizaje-de-los-estudiantes\\\/#primaryimage\"},\"image\":{\"@id\":\"https:\\\/\\\/webdelmaestrocmf.com\\\/portal\\\/phil-poekert-el-liderazgo-docente-eficaz-logra-cambios-significativos-en-el-aprendizaje-de-los-estudiantes\\\/#primaryimage\"},\"thumbnailUrl\":\"https:\\\/\\\/webdelmaestrocmf.com\\\/portal\\\/wp-content\\\/uploads\\\/2025\\\/06\\\/1A-Banner-1-portada-imagen-10-1-16.jpg\",\"datePublished\":\"2025-06-06T16:59:28+00:00\",\"dateModified\":\"2025-06-17T05:33:13+00:00\",\"description\":\"Comunidad de Maestros, Docentes y Profesores, en donde encontrar\u00e1s material, informaci\u00f3n y notiSeg\u00fan Phil Poekert, profesor ...\",\"breadcrumb\":{\"@id\":\"https:\\\/\\\/webdelmaestrocmf.com\\\/portal\\\/phil-poekert-el-liderazgo-docente-eficaz-logra-cambios-significativos-en-el-aprendizaje-de-los-estudiantes\\\/#breadcrumb\"},\"inLanguage\":\"es\",\"potentialAction\":[{\"@type\":\"ReadAction\",\"target\":[\"https:\\\/\\\/webdelmaestrocmf.com\\\/portal\\\/phil-poekert-el-liderazgo-docente-eficaz-logra-cambios-significativos-en-el-aprendizaje-de-los-estudiantes\\\/\"]}]},{\"@type\":\"ImageObject\",\"inLanguage\":\"es\",\"@id\":\"https:\\\/\\\/webdelmaestrocmf.com\\\/portal\\\/phil-poekert-el-liderazgo-docente-eficaz-logra-cambios-significativos-en-el-aprendizaje-de-los-estudiantes\\\/#primaryimage\",\"url\":\"https:\\\/\\\/webdelmaestrocmf.com\\\/portal\\\/wp-content\\\/uploads\\\/2025\\\/06\\\/1A-Banner-1-portada-imagen-10-1-16.jpg\",\"contentUrl\":\"https:\\\/\\\/webdelmaestrocmf.com\\\/portal\\\/wp-content\\\/uploads\\\/2025\\\/06\\\/1A-Banner-1-portada-imagen-10-1-16.jpg\",\"width\":1024,\"height\":1024},{\"@type\":\"BreadcrumbList\",\"@id\":\"https:\\\/\\\/webdelmaestrocmf.com\\\/portal\\\/phil-poekert-el-liderazgo-docente-eficaz-logra-cambios-significativos-en-el-aprendizaje-de-los-estudiantes\\\/#breadcrumb\",\"itemListElement\":[{\"@type\":\"ListItem\",\"position\":1,\"name\":\"Portada\",\"item\":\"https:\\\/\\\/webdelmaestrocmf.com\\\/portal\\\/\"},{\"@type\":\"ListItem\",\"position\":2,\"name\":\"Noticias\",\"item\":\"https:\\\/\\\/webdelmaestrocmf.com\\\/portal\\\/category\\\/noticias\\\/\"},{\"@type\":\"ListItem\",\"position\":3,\"name\":\"Phil Poekert: El liderazgo docente eficaz logra cambios significativos en el aprendizaje de los estudiantes\"}]},{\"@type\":\"WebSite\",\"@id\":\"https:\\\/\\\/webdelmaestrocmf.com\\\/portal\\\/#website\",\"url\":\"https:\\\/\\\/webdelmaestrocmf.com\\\/portal\\\/\",\"name\":\"Web del Maestro CMF\",\"description\":\"Maestros al servicio de la educaci\u00f3n\",\"publisher\":{\"@id\":\"https:\\\/\\\/webdelmaestrocmf.com\\\/portal\\\/#organization\"},\"alternateName\":\"WMCMF\",\"potentialAction\":[{\"@type\":\"SearchAction\",\"target\":{\"@type\":\"EntryPoint\",\"urlTemplate\":\"https:\\\/\\\/webdelmaestrocmf.com\\\/portal\\\/?s={search_term_string}\"},\"query-input\":{\"@type\":\"PropertyValueSpecification\",\"valueRequired\":true,\"valueName\":\"search_term_string\"}}],\"inLanguage\":\"es\"},{\"@type\":\"Organization\",\"@id\":\"https:\\\/\\\/webdelmaestrocmf.com\\\/portal\\\/#organization\",\"name\":\"Web del Maestro CMF\",\"alternateName\":\"WMCMF\",\"url\":\"https:\\\/\\\/webdelmaestrocmf.com\\\/portal\\\/\",\"logo\":{\"@type\":\"ImageObject\",\"inLanguage\":\"es\",\"@id\":\"https:\\\/\\\/webdelmaestrocmf.com\\\/portal\\\/#\\\/schema\\\/logo\\\/image\\\/\",\"url\":\"https:\\\/\\\/webdelmaestrocmf.com\\\/portal\\\/wp-content\\\/uploads\\\/2023\\\/01\\\/logo-wmcmf-2.png\",\"contentUrl\":\"https:\\\/\\\/webdelmaestrocmf.com\\\/portal\\\/wp-content\\\/uploads\\\/2023\\\/01\\\/logo-wmcmf-2.png\",\"width\":200,\"height\":60,\"caption\":\"Web del Maestro CMF\"},\"image\":{\"@id\":\"https:\\\/\\\/webdelmaestrocmf.com\\\/portal\\\/#\\\/schema\\\/logo\\\/image\\\/\"},\"sameAs\":[\"https:\\\/\\\/www.facebook.com\\\/WebdelMaestroCMF\\\/\",\"https:\\\/\\\/x.com\\\/cmf_w\",\"https:\\\/\\\/www.pinterest.com\\\/WMCMF\\\/\",\"https:\\\/\\\/www.linkedin.com\\\/company\\\/web-del-maestro-cmf\\\/\",\"https:\\\/\\\/www.instagram.com\\\/wmcmf\\\/\",\"https:\\\/\\\/www.youtube.com\\\/channel\\\/UCDPSvjbdodE5sHnC3OxutHw\",\"https:\\\/\\\/mastodon.social\\\/@wmcmf\",\"https:\\\/\\\/www.tiktok.com\\\/@webdelmaestrocmf\"]},{\"@type\":\"Person\",\"@id\":\"https:\\\/\\\/webdelmaestrocmf.com\\\/portal\\\/#\\\/schema\\\/person\\\/1072a2ed7bd960df8ef99a551fa35dc5\",\"name\":\"Web del Maestro CMF\",\"image\":{\"@type\":\"ImageObject\",\"inLanguage\":\"es\",\"@id\":\"https:\\\/\\\/secure.gravatar.com\\\/avatar\\\/23291dd5b5ae1077dcff3dbb04c3e02bd28403fa75af6d8787d5e97c5bbbe30b?s=96&d=mm&r=g\",\"url\":\"https:\\\/\\\/secure.gravatar.com\\\/avatar\\\/23291dd5b5ae1077dcff3dbb04c3e02bd28403fa75af6d8787d5e97c5bbbe30b?s=96&d=mm&r=g\",\"contentUrl\":\"https:\\\/\\\/secure.gravatar.com\\\/avatar\\\/23291dd5b5ae1077dcff3dbb04c3e02bd28403fa75af6d8787d5e97c5bbbe30b?s=96&d=mm&r=g\",\"caption\":\"Web del Maestro CMF\"},\"description\":\"Esta Web se cre\u00f3 sin fines de lucro, con fines educativos, cient\u00edficos y acad\u00e9micos, para personas que tengan dificultades y\\\/o inconvenientes en visualizar el material original. El objetivo es entregar recursos, compartir experiencias y materiales que ayuden a los padres de familia, maestros y estudiantes en su actualizaci\u00f3n y formaci\u00f3n permanente, en bien de la Educaci\u00f3n.\",\"sameAs\":[\"http:\\\/\\\/webdelmaestrocmf.com\\\/portal\",\"https:\\\/\\\/www.facebook.com\\\/WebdelMaestroCMF\\\/\",\"https:\\\/\\\/www.instagram.com\\\/wmcmf\\\/\",\"https:\\\/\\\/cl.linkedin.com\\\/company\\\/web-del-maestro-cmf\",\"https:\\\/\\\/www.pinterest.com\\\/WMCMF\\\/publicaciones\\\/\",\"https:\\\/\\\/x.com\\\/cmf_w\",\"https:\\\/\\\/www.youtube.com\\\/@WMCMF\"]}]}<\/script>\n<!-- \/ Yoast SEO plugin. -->","yoast_head_json":{"title":"Phil Poekert: El liderazgo docente eficaz logra cambios significativos en el aprendizaje de los estudiantes - 2026","description":"Comunidad de Maestros, Docentes y Profesores, en donde encontrar\u00e1s material, informaci\u00f3n y notiSeg\u00fan Phil Poekert, profesor ...","robots":{"index":"index","follow":"follow","max-snippet":"max-snippet:-1","max-image-preview":"max-image-preview:large","max-video-preview":"max-video-preview:-1"},"canonical":"https:\/\/webdelmaestrocmf.com\/portal\/phil-poekert-el-liderazgo-docente-eficaz-logra-cambios-significativos-en-el-aprendizaje-de-los-estudiantes\/","og_locale":"es_ES","og_type":"article","og_title":"Phil Poekert: El liderazgo docente eficaz logra cambios significativos en el aprendizaje de los estudiantes - 2026","og_description":"Comunidad de Maestros, Docentes y Profesores, en donde encontrar\u00e1s material, informaci\u00f3n y notiSeg\u00fan Phil Poekert, profesor ...","og_url":"https:\/\/webdelmaestrocmf.com\/portal\/phil-poekert-el-liderazgo-docente-eficaz-logra-cambios-significativos-en-el-aprendizaje-de-los-estudiantes\/","og_site_name":"Web del Maestro CMF","article_publisher":"https:\/\/www.facebook.com\/WebdelMaestroCMF\/","article_author":"https:\/\/www.facebook.com\/WebdelMaestroCMF\/","article_published_time":"2025-06-06T16:59:28+00:00","article_modified_time":"2025-06-17T05:33:13+00:00","og_image":[{"width":1024,"height":1024,"url":"https:\/\/webdelmaestrocmf.com\/portal\/wp-content\/uploads\/2025\/06\/1A-Banner-1-portada-imagen-10-1-16.jpg","type":"image\/jpeg"}],"author":"Web del Maestro CMF","twitter_card":"summary_large_image","twitter_creator":"@cmf_w","twitter_site":"@cmf_w","schema":{"@context":"https:\/\/schema.org","@graph":[{"@type":"ScholarlyArticle","@id":"https:\/\/webdelmaestrocmf.com\/portal\/phil-poekert-el-liderazgo-docente-eficaz-logra-cambios-significativos-en-el-aprendizaje-de-los-estudiantes\/#article","isPartOf":{"@id":"https:\/\/webdelmaestrocmf.com\/portal\/phil-poekert-el-liderazgo-docente-eficaz-logra-cambios-significativos-en-el-aprendizaje-de-los-estudiantes\/"},"author":{"name":"Web del Maestro CMF","@id":"https:\/\/webdelmaestrocmf.com\/portal\/#\/schema\/person\/1072a2ed7bd960df8ef99a551fa35dc5"},"headline":"Phil Poekert: El liderazgo docente eficaz logra cambios significativos en el aprendizaje de los estudiantes","datePublished":"2025-06-06T16:59:28+00:00","dateModified":"2025-06-17T05:33:13+00:00","mainEntityOfPage":{"@id":"https:\/\/webdelmaestrocmf.com\/portal\/phil-poekert-el-liderazgo-docente-eficaz-logra-cambios-significativos-en-el-aprendizaje-de-los-estudiantes\/"},"wordCount":646,"commentCount":0,"publisher":{"@id":"https:\/\/webdelmaestrocmf.com\/portal\/#organization"},"image":{"@id":"https:\/\/webdelmaestrocmf.com\/portal\/phil-poekert-el-liderazgo-docente-eficaz-logra-cambios-significativos-en-el-aprendizaje-de-los-estudiantes\/#primaryimage"},"thumbnailUrl":"https:\/\/webdelmaestrocmf.com\/portal\/wp-content\/uploads\/2025\/06\/1A-Banner-1-portada-imagen-10-1-16.jpg","keywords":["aprendizaje","CAMBIOS","DOCENTE","eficaz logra","estudiantes","LIDERAZGO","Phil Poekert","significativos en"],"articleSection":["Entrevistas","Noticias"],"inLanguage":"es","potentialAction":[{"@type":"CommentAction","name":"Comment","target":["https:\/\/webdelmaestrocmf.com\/portal\/phil-poekert-el-liderazgo-docente-eficaz-logra-cambios-significativos-en-el-aprendizaje-de-los-estudiantes\/#respond"]}]},{"@type":"WebPage","@id":"https:\/\/webdelmaestrocmf.com\/portal\/phil-poekert-el-liderazgo-docente-eficaz-logra-cambios-significativos-en-el-aprendizaje-de-los-estudiantes\/","url":"https:\/\/webdelmaestrocmf.com\/portal\/phil-poekert-el-liderazgo-docente-eficaz-logra-cambios-significativos-en-el-aprendizaje-de-los-estudiantes\/","name":"Phil Poekert: El liderazgo docente eficaz logra cambios significativos en el aprendizaje de los estudiantes - 2026","isPartOf":{"@id":"https:\/\/webdelmaestrocmf.com\/portal\/#website"},"primaryImageOfPage":{"@id":"https:\/\/webdelmaestrocmf.com\/portal\/phil-poekert-el-liderazgo-docente-eficaz-logra-cambios-significativos-en-el-aprendizaje-de-los-estudiantes\/#primaryimage"},"image":{"@id":"https:\/\/webdelmaestrocmf.com\/portal\/phil-poekert-el-liderazgo-docente-eficaz-logra-cambios-significativos-en-el-aprendizaje-de-los-estudiantes\/#primaryimage"},"thumbnailUrl":"https:\/\/webdelmaestrocmf.com\/portal\/wp-content\/uploads\/2025\/06\/1A-Banner-1-portada-imagen-10-1-16.jpg","datePublished":"2025-06-06T16:59:28+00:00","dateModified":"2025-06-17T05:33:13+00:00","description":"Comunidad de Maestros, Docentes y Profesores, en donde encontrar\u00e1s material, informaci\u00f3n y notiSeg\u00fan Phil Poekert, profesor ...","breadcrumb":{"@id":"https:\/\/webdelmaestrocmf.com\/portal\/phil-poekert-el-liderazgo-docente-eficaz-logra-cambios-significativos-en-el-aprendizaje-de-los-estudiantes\/#breadcrumb"},"inLanguage":"es","potentialAction":[{"@type":"ReadAction","target":["https:\/\/webdelmaestrocmf.com\/portal\/phil-poekert-el-liderazgo-docente-eficaz-logra-cambios-significativos-en-el-aprendizaje-de-los-estudiantes\/"]}]},{"@type":"ImageObject","inLanguage":"es","@id":"https:\/\/webdelmaestrocmf.com\/portal\/phil-poekert-el-liderazgo-docente-eficaz-logra-cambios-significativos-en-el-aprendizaje-de-los-estudiantes\/#primaryimage","url":"https:\/\/webdelmaestrocmf.com\/portal\/wp-content\/uploads\/2025\/06\/1A-Banner-1-portada-imagen-10-1-16.jpg","contentUrl":"https:\/\/webdelmaestrocmf.com\/portal\/wp-content\/uploads\/2025\/06\/1A-Banner-1-portada-imagen-10-1-16.jpg","width":1024,"height":1024},{"@type":"BreadcrumbList","@id":"https:\/\/webdelmaestrocmf.com\/portal\/phil-poekert-el-liderazgo-docente-eficaz-logra-cambios-significativos-en-el-aprendizaje-de-los-estudiantes\/#breadcrumb","itemListElement":[{"@type":"ListItem","position":1,"name":"Portada","item":"https:\/\/webdelmaestrocmf.com\/portal\/"},{"@type":"ListItem","position":2,"name":"Noticias","item":"https:\/\/webdelmaestrocmf.com\/portal\/category\/noticias\/"},{"@type":"ListItem","position":3,"name":"Phil Poekert: El liderazgo docente eficaz logra cambios significativos en el aprendizaje de los estudiantes"}]},{"@type":"WebSite","@id":"https:\/\/webdelmaestrocmf.com\/portal\/#website","url":"https:\/\/webdelmaestrocmf.com\/portal\/","name":"Web del Maestro CMF","description":"Maestros al servicio de la educaci\u00f3n","publisher":{"@id":"https:\/\/webdelmaestrocmf.com\/portal\/#organization"},"alternateName":"WMCMF","potentialAction":[{"@type":"SearchAction","target":{"@type":"EntryPoint","urlTemplate":"https:\/\/webdelmaestrocmf.com\/portal\/?s={search_term_string}"},"query-input":{"@type":"PropertyValueSpecification","valueRequired":true,"valueName":"search_term_string"}}],"inLanguage":"es"},{"@type":"Organization","@id":"https:\/\/webdelmaestrocmf.com\/portal\/#organization","name":"Web del Maestro CMF","alternateName":"WMCMF","url":"https:\/\/webdelmaestrocmf.com\/portal\/","logo":{"@type":"ImageObject","inLanguage":"es","@id":"https:\/\/webdelmaestrocmf.com\/portal\/#\/schema\/logo\/image\/","url":"https:\/\/webdelmaestrocmf.com\/portal\/wp-content\/uploads\/2023\/01\/logo-wmcmf-2.png","contentUrl":"https:\/\/webdelmaestrocmf.com\/portal\/wp-content\/uploads\/2023\/01\/logo-wmcmf-2.png","width":200,"height":60,"caption":"Web del Maestro CMF"},"image":{"@id":"https:\/\/webdelmaestrocmf.com\/portal\/#\/schema\/logo\/image\/"},"sameAs":["https:\/\/www.facebook.com\/WebdelMaestroCMF\/","https:\/\/x.com\/cmf_w","https:\/\/www.pinterest.com\/WMCMF\/","https:\/\/www.linkedin.com\/company\/web-del-maestro-cmf\/","https:\/\/www.instagram.com\/wmcmf\/","https:\/\/www.youtube.com\/channel\/UCDPSvjbdodE5sHnC3OxutHw","https:\/\/mastodon.social\/@wmcmf","https:\/\/www.tiktok.com\/@webdelmaestrocmf"]},{"@type":"Person","@id":"https:\/\/webdelmaestrocmf.com\/portal\/#\/schema\/person\/1072a2ed7bd960df8ef99a551fa35dc5","name":"Web del Maestro CMF","image":{"@type":"ImageObject","inLanguage":"es","@id":"https:\/\/secure.gravatar.com\/avatar\/23291dd5b5ae1077dcff3dbb04c3e02bd28403fa75af6d8787d5e97c5bbbe30b?s=96&d=mm&r=g","url":"https:\/\/secure.gravatar.com\/avatar\/23291dd5b5ae1077dcff3dbb04c3e02bd28403fa75af6d8787d5e97c5bbbe30b?s=96&d=mm&r=g","contentUrl":"https:\/\/secure.gravatar.com\/avatar\/23291dd5b5ae1077dcff3dbb04c3e02bd28403fa75af6d8787d5e97c5bbbe30b?s=96&d=mm&r=g","caption":"Web del Maestro CMF"},"description":"Esta Web se cre\u00f3 sin fines de lucro, con fines educativos, cient\u00edficos y acad\u00e9micos, para personas que tengan dificultades y\/o inconvenientes en visualizar el material original. El objetivo es entregar recursos, compartir experiencias y materiales que ayuden a los padres de familia, maestros y estudiantes en su actualizaci\u00f3n y formaci\u00f3n permanente, en bien de la Educaci\u00f3n.","sameAs":["http:\/\/webdelmaestrocmf.com\/portal","https:\/\/www.facebook.com\/WebdelMaestroCMF\/","https:\/\/www.instagram.com\/wmcmf\/","https:\/\/cl.linkedin.com\/company\/web-del-maestro-cmf","https:\/\/www.pinterest.com\/WMCMF\/publicaciones\/","https:\/\/x.com\/cmf_w","https:\/\/www.youtube.com\/@WMCMF"]}]}},"jetpack_featured_media_url":"https:\/\/webdelmaestrocmf.com\/portal\/wp-content\/uploads\/2025\/06\/1A-Banner-1-portada-imagen-10-1-16.jpg","jetpack_sharing_enabled":true,"jetpack-related-posts":[{"id":111273,"url":"https:\/\/webdelmaestrocmf.com\/portal\/como-va-la-salud-mental-de-sus-padres-de-familia-y-estudiantes-i-parte-2\/","url_meta":{"origin":109208,"position":0},"title":"\u00bfC\u00f3mo va la salud mental de sus padres de familia y estudiantes? (I Parte)","author":"Web del Maestro CMF","date":"16 julio, 2025","format":false,"excerpt":"El aula refleja el estado emocional de sus protagonistas: sin salud mental, no hay aprendizaje, v\u00ednculos sanos ni futuro posible.","rel":"","context":"En \u00abYo opino - WMCMF\u00bb","block_context":{"text":"Yo opino - WMCMF","link":"https:\/\/webdelmaestrocmf.com\/portal\/category\/jamb\/"},"img":{"alt_text":"","src":"https:\/\/i0.wp.com\/webdelmaestrocmf.com\/portal\/wp-content\/uploads\/2025\/07\/1A-Banner-1-portada-imagen-10-1-copia-68.jpg?resize=350%2C200&ssl=1","width":350,"height":200,"srcset":"https:\/\/i0.wp.com\/webdelmaestrocmf.com\/portal\/wp-content\/uploads\/2025\/07\/1A-Banner-1-portada-imagen-10-1-copia-68.jpg?resize=350%2C200&ssl=1 1x, https:\/\/i0.wp.com\/webdelmaestrocmf.com\/portal\/wp-content\/uploads\/2025\/07\/1A-Banner-1-portada-imagen-10-1-copia-68.jpg?resize=525%2C300&ssl=1 1.5x, https:\/\/i0.wp.com\/webdelmaestrocmf.com\/portal\/wp-content\/uploads\/2025\/07\/1A-Banner-1-portada-imagen-10-1-copia-68.jpg?resize=700%2C400&ssl=1 2x"},"classes":[]},{"id":110226,"url":"https:\/\/webdelmaestrocmf.com\/portal\/como-va-la-salud-mental-de-sus-padres-de-familia-y-estudiantes-i-parte\/","url_meta":{"origin":109208,"position":1},"title":"C\u00f3mo va la salud mental de sus padres de familia y estudiantes? (I Parte)","author":"Web del Maestro CMF","date":"20 junio, 2025","format":false,"excerpt":"Ahora los profesores debemos y tenemos que actualizarnos en Salud Mental","rel":"","context":"En \u00abYo opino - WMCMF\u00bb","block_context":{"text":"Yo opino - WMCMF","link":"https:\/\/webdelmaestrocmf.com\/portal\/category\/jamb\/"},"img":{"alt_text":"","src":"https:\/\/i0.wp.com\/webdelmaestrocmf.com\/portal\/wp-content\/uploads\/2025\/06\/1A-Banner-1-portada-imagen-10-1-copia-15.jpg?resize=350%2C200&ssl=1","width":350,"height":200,"srcset":"https:\/\/i0.wp.com\/webdelmaestrocmf.com\/portal\/wp-content\/uploads\/2025\/06\/1A-Banner-1-portada-imagen-10-1-copia-15.jpg?resize=350%2C200&ssl=1 1x, https:\/\/i0.wp.com\/webdelmaestrocmf.com\/portal\/wp-content\/uploads\/2025\/06\/1A-Banner-1-portada-imagen-10-1-copia-15.jpg?resize=525%2C300&ssl=1 1.5x, https:\/\/i0.wp.com\/webdelmaestrocmf.com\/portal\/wp-content\/uploads\/2025\/06\/1A-Banner-1-portada-imagen-10-1-copia-15.jpg?resize=700%2C400&ssl=1 2x"},"classes":[]},{"id":117609,"url":"https:\/\/webdelmaestrocmf.com\/portal\/christopher-day-como-ser-un-buen-director-de-escuela\/","url_meta":{"origin":109208,"position":2},"title":"Christopher Day: c\u00f3mo ser un buen director de escuela","author":"Web del Maestro CMF","date":"11 abril, 2026","format":false,"excerpt":"Un docente efectivo impulsa el aprendizaje real; uno empobrecido lo limita. La diferencia puede equivaler a un a\u00f1o de progreso o retraso, evidenciando que la calidad docente impacta directamente en los resultados.","rel":"","context":"En \u00abEntrevistas\u00bb","block_context":{"text":"Entrevistas","link":"https:\/\/webdelmaestrocmf.com\/portal\/category\/noticias\/entrevistas\/"},"img":{"alt_text":"","src":"https:\/\/i0.wp.com\/webdelmaestrocmf.com\/portal\/wp-content\/uploads\/2026\/04\/1AA-Banner-1-portada-imagen-10-1-copia-1-4.webp?resize=350%2C200&ssl=1","width":350,"height":200,"srcset":"https:\/\/i0.wp.com\/webdelmaestrocmf.com\/portal\/wp-content\/uploads\/2026\/04\/1AA-Banner-1-portada-imagen-10-1-copia-1-4.webp?resize=350%2C200&ssl=1 1x, https:\/\/i0.wp.com\/webdelmaestrocmf.com\/portal\/wp-content\/uploads\/2026\/04\/1AA-Banner-1-portada-imagen-10-1-copia-1-4.webp?resize=525%2C300&ssl=1 1.5x, https:\/\/i0.wp.com\/webdelmaestrocmf.com\/portal\/wp-content\/uploads\/2026\/04\/1AA-Banner-1-portada-imagen-10-1-copia-1-4.webp?resize=700%2C400&ssl=1 2x, https:\/\/i0.wp.com\/webdelmaestrocmf.com\/portal\/wp-content\/uploads\/2026\/04\/1AA-Banner-1-portada-imagen-10-1-copia-1-4.webp?resize=1050%2C600&ssl=1 3x"},"classes":[]},{"id":114024,"url":"https:\/\/webdelmaestrocmf.com\/portal\/pedro-saenz-lopez-bunuel-la-motivacion-del-docente-es-mas-importante-que-la-del-alumno\/","url_meta":{"origin":109208,"position":3},"title":"Pedro S\u00e1enz-L\u00f3pez Bu\u00f1uel: La motivaci\u00f3n del docente es m\u00e1s importante que la del alumno","author":"Web del Maestro CMF","date":"14 diciembre, 2025","format":false,"excerpt":"La motivaci\u00f3n del docente es el motor invisible del aprendizaje: condiciona el clima del aula, despierta emociones y hace posible que los alumnos quieran aprender.","rel":"","context":"En \u00abEntrevistas\u00bb","block_context":{"text":"Entrevistas","link":"https:\/\/webdelmaestrocmf.com\/portal\/category\/noticias\/entrevistas\/"},"img":{"alt_text":"","src":"https:\/\/i0.wp.com\/webdelmaestrocmf.com\/portal\/wp-content\/uploads\/2025\/12\/1A-Banner-1-portada-imagen-10-1-copia-16.webp?resize=350%2C200&ssl=1","width":350,"height":200,"srcset":"https:\/\/i0.wp.com\/webdelmaestrocmf.com\/portal\/wp-content\/uploads\/2025\/12\/1A-Banner-1-portada-imagen-10-1-copia-16.webp?resize=350%2C200&ssl=1 1x, https:\/\/i0.wp.com\/webdelmaestrocmf.com\/portal\/wp-content\/uploads\/2025\/12\/1A-Banner-1-portada-imagen-10-1-copia-16.webp?resize=525%2C300&ssl=1 1.5x, https:\/\/i0.wp.com\/webdelmaestrocmf.com\/portal\/wp-content\/uploads\/2025\/12\/1A-Banner-1-portada-imagen-10-1-copia-16.webp?resize=700%2C400&ssl=1 2x"},"classes":[]},{"id":101868,"url":"https:\/\/webdelmaestrocmf.com\/portal\/davis-auris-prueba-pisa-2022-revela-la-desvalorizacion-del-docente-peruano\/","url_meta":{"origin":109208,"position":4},"title":"[David Auris] Prueba PISA 2022, revela la desvalorizaci\u00f3n del docente peruano","author":"Web del Maestro CMF","date":"26 diciembre, 2023","format":false,"excerpt":"El 5 de diciembre se public\u00f3 el informe de la prueba PISA 2022, conocida como Programa para la Evaluaci\u00f3n Internacional de Estudiantes, el cual revela que el Per\u00fa ha experimentado una disminuci\u00f3n en Matem\u00e1ticas y se mantiene en el mismo nivel en Ciencia y Lectura. Este resultado evidencia el limitado\u2026","rel":"","context":"En \u00abZ-Colaborador-David-Auris\u00bb","block_context":{"text":"Z-Colaborador-David-Auris","link":"https:\/\/webdelmaestrocmf.com\/portal\/category\/colaborador\/z-colaborador-david-auris\/"},"img":{"alt_text":"Prueba PISA 2022,","src":"https:\/\/i0.wp.com\/webdelmaestrocmf.com\/portal\/wp-content\/uploads\/2023\/12\/A12B3C4D-1-8.jpg?resize=350%2C200&ssl=1","width":350,"height":200,"srcset":"https:\/\/i0.wp.com\/webdelmaestrocmf.com\/portal\/wp-content\/uploads\/2023\/12\/A12B3C4D-1-8.jpg?resize=350%2C200&ssl=1 1x, https:\/\/i0.wp.com\/webdelmaestrocmf.com\/portal\/wp-content\/uploads\/2023\/12\/A12B3C4D-1-8.jpg?resize=525%2C300&ssl=1 1.5x, https:\/\/i0.wp.com\/webdelmaestrocmf.com\/portal\/wp-content\/uploads\/2023\/12\/A12B3C4D-1-8.jpg?resize=700%2C400&ssl=1 2x"},"classes":[]},{"id":13517,"url":"https:\/\/webdelmaestrocmf.com\/portal\/alumno-lider-positivo-negativo\/","url_meta":{"origin":109208,"position":5},"title":"Atenci\u00f3n docente: alumno l\u00edder, el positivo y el negativo","author":"Web del Maestro CMF","date":"19 febrero, 2025","format":false,"excerpt":"El \u00e9xito en el aprendizaje no depende solo del contenido o del docente, sino tambi\u00e9n de la actitud del alumno. Mientras que ciertas actitudes favorecen la comprensi\u00f3n y el desarrollo de habilidades, otras pueden limitar el progreso acad\u00e9mico. Adem\u00e1s, dentro del aula, algunos estudiantes asumen un rol de liderazgo que\u2026","rel":"","context":"En \u00abConsejos\u00bb","block_context":{"text":"Consejos","link":"https:\/\/webdelmaestrocmf.com\/portal\/category\/pedagogia\/consejos\/"},"img":{"alt_text":"","src":"https:\/\/i0.wp.com\/webdelmaestrocmf.com\/portal\/wp-content\/uploads\/2017\/01\/1A-Banner-1-portada-imagen-10-1-82.jpg?resize=350%2C200&ssl=1","width":350,"height":200,"srcset":"https:\/\/i0.wp.com\/webdelmaestrocmf.com\/portal\/wp-content\/uploads\/2017\/01\/1A-Banner-1-portada-imagen-10-1-82.jpg?resize=350%2C200&ssl=1 1x, https:\/\/i0.wp.com\/webdelmaestrocmf.com\/portal\/wp-content\/uploads\/2017\/01\/1A-Banner-1-portada-imagen-10-1-82.jpg?resize=525%2C300&ssl=1 1.5x, https:\/\/i0.wp.com\/webdelmaestrocmf.com\/portal\/wp-content\/uploads\/2017\/01\/1A-Banner-1-portada-imagen-10-1-82.jpg?resize=700%2C400&ssl=1 2x"},"classes":[]}],"_links":{"self":[{"href":"https:\/\/webdelmaestrocmf.com\/portal\/wp-json\/wp\/v2\/posts\/109208","targetHints":{"allow":["GET"]}}],"collection":[{"href":"https:\/\/webdelmaestrocmf.com\/portal\/wp-json\/wp\/v2\/posts"}],"about":[{"href":"https:\/\/webdelmaestrocmf.com\/portal\/wp-json\/wp\/v2\/types\/post"}],"author":[{"embeddable":true,"href":"https:\/\/webdelmaestrocmf.com\/portal\/wp-json\/wp\/v2\/users\/1"}],"replies":[{"embeddable":true,"href":"https:\/\/webdelmaestrocmf.com\/portal\/wp-json\/wp\/v2\/comments?post=109208"}],"version-history":[{"count":3,"href":"https:\/\/webdelmaestrocmf.com\/portal\/wp-json\/wp\/v2\/posts\/109208\/revisions"}],"predecessor-version":[{"id":109817,"href":"https:\/\/webdelmaestrocmf.com\/portal\/wp-json\/wp\/v2\/posts\/109208\/revisions\/109817"}],"wp:featuredmedia":[{"embeddable":true,"href":"https:\/\/webdelmaestrocmf.com\/portal\/wp-json\/wp\/v2\/media\/109209"}],"wp:attachment":[{"href":"https:\/\/webdelmaestrocmf.com\/portal\/wp-json\/wp\/v2\/media?parent=109208"}],"wp:term":[{"taxonomy":"category","embeddable":true,"href":"https:\/\/webdelmaestrocmf.com\/portal\/wp-json\/wp\/v2\/categories?post=109208"},{"taxonomy":"post_tag","embeddable":true,"href":"https:\/\/webdelmaestrocmf.com\/portal\/wp-json\/wp\/v2\/tags?post=109208"}],"curies":[{"name":"wp","href":"https:\/\/api.w.org\/{rel}","templated":true}]}}