{"id":109133,"date":"2025-06-03T15:52:43","date_gmt":"2025-06-03T19:52:43","guid":{"rendered":"https:\/\/webdelmaestrocmf.com\/portal\/?p=109133"},"modified":"2025-06-17T12:33:29","modified_gmt":"2025-06-17T16:33:29","slug":"un-hombre-desbloquea-el-iphone-de-su-hijo-apunalado-en-italia-y-encuentra-un-video-selfie-del-presunto-asesino","status":"publish","type":"post","link":"https:\/\/webdelmaestrocmf.com\/portal\/un-hombre-desbloquea-el-iphone-de-su-hijo-apunalado-en-italia-y-encuentra-un-video-selfie-del-presunto-asesino\/","title":{"rendered":"Un hombre desbloquea el iPhone de su hijo apu\u00f1alado en Italia y encuentra un v\u00eddeo selfie del presunto asesino"},"content":{"rendered":"<p>Un giro de 180 grados dio la investigaci\u00f3n de un<strong>\u00a0brutal asesinato cometido en Padua, Italia,<\/strong>\u00a0en 2024.\u00a0<strong>Michael Boschetto<\/strong>, un joven de 32 a\u00f1os, fue\u00a0<strong>apu\u00f1alado hasta la muerte\u00a0<\/strong>en la puerta de su casa.<!--more--><\/p>\n<p>Presuntamente, el asesinato habr\u00eda sido cometido por Giacomo Friso, un vecino de la v\u00edctima, seg\u00fan apunta el diario\u00a0<em><a href=\"https:\/\/www.corrierealpi.it\/regione\/omicidio-video-selfie-friso-boschetto-inchiesta-l3ykzqc5\" target=\"_blank\" rel=\"noopener\">Il Corriere delle Alpi<\/a><\/em>, que habr\u00eda tenido<strong>\u00a0problemas con las drogas y ya hab\u00eda sido procesado por el crimen<\/strong>.<\/p>\n<p>Ahora, 14 meses despu\u00e9s, el padre de la v\u00edctima logr\u00f3 ver algo que la Polic\u00eda de V\u00e9neto no hab\u00eda conseguido:\u00a0<strong>desbloquear y acceder al tel\u00e9fono celular de su hijo<\/strong>, hallando una prueba que contradice por completo la versi\u00f3n del presunto asesino.<\/p>\n<figure id=\"attachment_109135\" aria-describedby=\"caption-attachment-109135\" style=\"width: 1024px\" class=\"wp-caption alignnone\"><img loading=\"lazy\" decoding=\"async\" class=\"size-large wp-image-109135\" src=\"https:\/\/webdelmaestrocmf.com\/portal\/wp-content\/uploads\/2025\/06\/1-1-1024x682.webp\" alt=\"\" width=\"1024\" height=\"682\" srcset=\"https:\/\/webdelmaestrocmf.com\/portal\/wp-content\/uploads\/2025\/06\/1-1-1024x682.webp 1024w, https:\/\/webdelmaestrocmf.com\/portal\/wp-content\/uploads\/2025\/06\/1-1-300x200.webp 300w, https:\/\/webdelmaestrocmf.com\/portal\/wp-content\/uploads\/2025\/06\/1-1-768x512.webp 768w, https:\/\/webdelmaestrocmf.com\/portal\/wp-content\/uploads\/2025\/06\/1-1-380x253.webp 380w, https:\/\/webdelmaestrocmf.com\/portal\/wp-content\/uploads\/2025\/06\/1-1-550x367.webp 550w, https:\/\/webdelmaestrocmf.com\/portal\/wp-content\/uploads\/2025\/06\/1-1-800x533.webp 800w, https:\/\/webdelmaestrocmf.com\/portal\/wp-content\/uploads\/2025\/06\/1-1-1160x773.webp 1160w, https:\/\/webdelmaestrocmf.com\/portal\/wp-content\/uploads\/2025\/06\/1-1.webp 1220w\" sizes=\"auto, (max-width: 1024px) 100vw, 1024px\" \/><figcaption id=\"caption-attachment-109135\" class=\"wp-caption-text\">Giacomo Friso, el presunto asesino de Michael Boschetto, hace un a\u00f1o en Padua.Corriere della Sera<\/figcaption><\/figure>\n<p style=\"text-align: justify;\">El padre, con ayuda de la novia del fallecido, logr\u00f3 encender el dispositivo, y encontraron entre otras im\u00e1genes, un\u00a0<strong>video selfie de Giacomo Friso<\/strong>, el presunto asesino, sonriendo en actitud burlesca presuntamente despu\u00e9s de apu\u00f1alar mortalmente a Michael.<\/p>\n<p style=\"text-align: justify;\">\u00abEn el tel\u00e9fono de mi hijo hab\u00eda\u00a0<strong>un video de Friso film\u00e1ndose a s\u00ed mismo<\/strong>\u00a0mientras entraba a su casa, bailando y haciendo el signo de la victoria. La cara de ese hombre, que acababa de ser arrestado por la muerte de mi hijo,\u00a0<strong>estaba en su tel\u00e9fono, con una sonrisa burlona<\/strong>\u00ab, declar\u00f3 a medios locales el padre del joven asesinado, seg\u00fan consign\u00f3\u00a0<a href=\"https:\/\/www.dailymail.co.uk\/news\/article-14773897\/Grieving-father-unlocks-sons-phone-year-death-video-killer-wearing-mocking-grin-moments-stabbing.html\" target=\"_blank\" rel=\"noopener\">Daily Mail<\/a>.<\/p>\n<p><img loading=\"lazy\" decoding=\"async\" class=\"alignnone size-full wp-image-109134\" src=\"https:\/\/webdelmaestrocmf.com\/portal\/wp-content\/uploads\/2025\/06\/394626852_362453242881412_6879903462429260606_n.jpg-1.jpeg\" alt=\"\" width=\"800\" height=\"800\" srcset=\"https:\/\/webdelmaestrocmf.com\/portal\/wp-content\/uploads\/2025\/06\/394626852_362453242881412_6879903462429260606_n.jpg-1.jpeg 800w, https:\/\/webdelmaestrocmf.com\/portal\/wp-content\/uploads\/2025\/06\/394626852_362453242881412_6879903462429260606_n.jpg-1-300x300.jpeg 300w, https:\/\/webdelmaestrocmf.com\/portal\/wp-content\/uploads\/2025\/06\/394626852_362453242881412_6879903462429260606_n.jpg-1-150x150.jpeg 150w, https:\/\/webdelmaestrocmf.com\/portal\/wp-content\/uploads\/2025\/06\/394626852_362453242881412_6879903462429260606_n.jpg-1-768x768.jpeg 768w, https:\/\/webdelmaestrocmf.com\/portal\/wp-content\/uploads\/2025\/06\/394626852_362453242881412_6879903462429260606_n.jpg-1-80x80.jpeg 80w, https:\/\/webdelmaestrocmf.com\/portal\/wp-content\/uploads\/2025\/06\/394626852_362453242881412_6879903462429260606_n.jpg-1-110x110.jpeg 110w, https:\/\/webdelmaestrocmf.com\/portal\/wp-content\/uploads\/2025\/06\/394626852_362453242881412_6879903462429260606_n.jpg-1-380x380.jpeg 380w, https:\/\/webdelmaestrocmf.com\/portal\/wp-content\/uploads\/2025\/06\/394626852_362453242881412_6879903462429260606_n.jpg-1-550x550.jpeg 550w\" sizes=\"auto, (max-width: 800px) 100vw, 800px\" \/><\/p>\n<p style=\"text-align: justify;\">Y a\u00f1adi\u00f3: \u00ab<strong>Esos 30 segundos mostraron a Giacomo Friso casi complacido por haber matado a mi hijo<\/strong>, haciendo un gesto que parec\u00eda decir: &#8216;Lo hice, lo mat\u00e9'\u00bb.<\/p>\n<p>Cuando ocurrieron los hechos, el principal sospechoso declar\u00f3 que\u00a0<strong>hab\u00eda actuado en defensa propia<\/strong>\u00a0tras una pelea, sin embargo, en el registro, presuntamente grabado justo despu\u00e9s de cometer el asesinato, Giacomo Friso no presenta ninguna herida ni marca propias de un enfrentamiento.<\/p>\n<p style=\"text-align: justify;\"><strong>Cabe mencionar que esta prueba ser\u00e1 incorporada a la investigaci\u00f3n\u00a0<\/strong>y\u00a0apunta a un homicidio deliberado. El juicio est\u00e1 previsto para septiembre y Friso ser\u00e1 juzgado por un tribunal italiano.<\/p>\n<blockquote class=\"twitter-tweet\">\n<p dir=\"ltr\" lang=\"it\">Selfie del presunto assassino nel telefono della vittima: il racconto del padre di Michael Boschetto. Il 32enne venne ucciso il 27 aprile 2024. Accusato dell&#8217;omicidio Giacomo Friso, suo vicino di casa e amico d&#8217;infanzia<a href=\"https:\/\/t.co\/cchAFoxwtO\">https:\/\/t.co\/cchAFoxwtO<\/a><\/p>\n<p>\u2014 Tgr Rai Veneto (@TgrRaiVeneto) <a href=\"https:\/\/twitter.com\/TgrRaiVeneto\/status\/1929504780889559184?ref_src=twsrc%5Etfw\">June 2, 2025<\/a><\/p><\/blockquote>\n<p><script async src=\"https:\/\/platform.twitter.com\/widgets.js\" charset=\"utf-8\"><\/script><\/p>\n<p>Fuente: <a href=\"https:\/\/www.elmundo.es\/internacional\/2025\/06\/02\/683d52a6e85ece94188b45a7.html\" target=\"_blank\" rel=\"noopener\">EL Mundo<\/a><\/p>\n\t\t<div class=\"pk-inline-posts\">\n\t\t\t\n\t\t\t<div class=\"pk-inline-posts-container pk-inline-posts-template-list\"\n\t\t\t\tdata-columns=\"1\">\n\t\t\t\t\t\t<article id=\"post-118464\" class=\"post-118464 post type-post status-publish format-standard has-post-thumbnail category-noticias-internacionales tag-aula tag-convivencia-escolar tag-disciplina tag-docentes tag-educacion-3 tag-estudiantes tag-gestion-educativa-3 tag-normativa tag-pedagogia-3 tag-violencia-escolar cs-entry cs-video-wrap\">\n\t\t\t<div class=\"pk-post-outer\">\n\n\t\t\t\t\t\t\t\t<div class=\"pk-post-inner\">\n\t\t\t\t\t<div class=\"entry-thumbnail\">\n\t\t\t\t\t\t<div class=\"pk-overlay pk-overlay-ratio pk-ratio-landscape\">\n\t\t\t\t\t\t\t<div class=\"pk-overlay-background\">\n\t\t\t\t\t\t\t\t<a href=\"https:\/\/webdelmaestrocmf.com\/portal\/peru-pone-limites-estudiantes-violentos-podrian-salir-del-aula-presencial-y-pasar-a-otra-modalidad-educativa\/\" class=\"pk-overlay-link\">\n\t\t\t\t\t\t\t\t\t<img loading=\"lazy\" decoding=\"async\" width=\"300\" height=\"225\" src=\"https:\/\/webdelmaestrocmf.com\/portal\/wp-content\/uploads\/2026\/04\/1AA-Banner-1-portada-imagen-10-1-copia-38-300x225.webp\" class=\"attachment-pk-thumbnail size-pk-thumbnail wp-post-image\" alt=\"\" \/>\t\t\t\t\t\t\t\t<\/a>\n\t\t\t\t\t\t\t<\/div>\n\t\t\t\t\t\t<\/div>\n\t\t\t\t\t<\/div>\n\t\t\t\t<\/div>\n\t\t\t\t\n\t\t\t\t<div class=\"pk-post-inner\">\n\t\t\t\t\t<header>\n\t\t\t\t\t\t<h3 class=\"pk-title\"><a href=\"https:\/\/webdelmaestrocmf.com\/portal\/peru-pone-limites-estudiantes-violentos-podrian-salir-del-aula-presencial-y-pasar-a-otra-modalidad-educativa\/\" rel=\"bookmark\">Per\u00fa pone l\u00edmites: estudiantes violentos podr\u00edan salir del aula presencial y pasar a otra modalidad educativa<\/a><\/h3>\t\t\t\t\t<\/header><!-- .entry-header -->\n\t\t\t\t<\/div><!-- .post-inner -->\n\n\t\t\t<\/div><!-- .post-outer -->\n\t\t<\/article>\n\t\t\t<article id=\"post-118433\" class=\"post-118433 post type-post status-publish format-standard has-post-thumbnail category-noticias-internacionales tag-aprendizaje tag-atencion-en-el-aula-2 tag-docentes tag-educacion-3 tag-estrategias-didacticas-2 tag-innovacion-educativa-3 tag-motivacion-escolar-2 tag-neuroeducacion-2 tag-pedagogia-3 tag-tecnologia-educativa-3 cs-entry cs-video-wrap\">\n\t\t\t<div class=\"pk-post-outer\">\n\n\t\t\t\t\t\t\t\t<div class=\"pk-post-inner\">\n\t\t\t\t\t<div class=\"entry-thumbnail\">\n\t\t\t\t\t\t<div class=\"pk-overlay pk-overlay-ratio pk-ratio-landscape\">\n\t\t\t\t\t\t\t<div class=\"pk-overlay-background\">\n\t\t\t\t\t\t\t\t<a href=\"https:\/\/webdelmaestrocmf.com\/portal\/9-de-cada-10-maestros-confirman-que-los-alumnos-ya-no-prestan-atencion-en-clase\/\" class=\"pk-overlay-link\">\n\t\t\t\t\t\t\t\t\t<img loading=\"lazy\" decoding=\"async\" width=\"300\" height=\"225\" src=\"https:\/\/webdelmaestrocmf.com\/portal\/wp-content\/uploads\/2026\/04\/1AA-Banner-1-portada-imagen-10-1-copia-1-10-300x225.webp\" class=\"attachment-pk-thumbnail size-pk-thumbnail wp-post-image\" alt=\"\" \/>\t\t\t\t\t\t\t\t<\/a>\n\t\t\t\t\t\t\t<\/div>\n\t\t\t\t\t\t<\/div>\n\t\t\t\t\t<\/div>\n\t\t\t\t<\/div>\n\t\t\t\t\n\t\t\t\t<div class=\"pk-post-inner\">\n\t\t\t\t\t<header>\n\t\t\t\t\t\t<h3 class=\"pk-title\"><a href=\"https:\/\/webdelmaestrocmf.com\/portal\/9-de-cada-10-maestros-confirman-que-los-alumnos-ya-no-prestan-atencion-en-clase\/\" rel=\"bookmark\">9 de cada 10 maestros confirman que los alumnos ya no prestan atenci\u00f3n en clase<\/a><\/h3>\t\t\t\t\t<\/header><!-- .entry-header -->\n\t\t\t\t<\/div><!-- .post-inner -->\n\n\t\t\t<\/div><!-- .post-outer -->\n\t\t<\/article>\n\t\t\t<article id=\"post-118385\" class=\"post-118385 post type-post status-publish format-standard has-post-thumbnail category-noticias-internacionales tag-accidente-escolar tag-comunidad-escolar tag-cuidado-infantil tag-derechos-del-nino tag-educacion-segura tag-gestion-educativa-3 tag-prevencion-riesgos tag-responsabilidad-educativa tag-seguridad-escolar tag-supervision-docente cs-entry cs-video-wrap\">\n\t\t\t<div class=\"pk-post-outer\">\n\n\t\t\t\t\t\t\t\t<div class=\"pk-post-inner\">\n\t\t\t\t\t<div class=\"entry-thumbnail\">\n\t\t\t\t\t\t<div class=\"pk-overlay pk-overlay-ratio pk-ratio-landscape\">\n\t\t\t\t\t\t\t<div class=\"pk-overlay-background\">\n\t\t\t\t\t\t\t\t<a href=\"https:\/\/webdelmaestrocmf.com\/portal\/nina-fallece-tras-presunto-tropiezo-en-escuela-pero-su-padre-desmiente-la-version-me-encontre-a-mi-hija-toda-ensangrentada\/\" class=\"pk-overlay-link\">\n\t\t\t\t\t\t\t\t\t<img loading=\"lazy\" decoding=\"async\" width=\"300\" height=\"225\" src=\"https:\/\/webdelmaestrocmf.com\/portal\/wp-content\/uploads\/2026\/04\/1AA-Banner-1-portada-imagen-10-1-copia-4-3-300x225.webp\" class=\"attachment-pk-thumbnail size-pk-thumbnail wp-post-image\" alt=\"\" \/>\t\t\t\t\t\t\t\t<\/a>\n\t\t\t\t\t\t\t<\/div>\n\t\t\t\t\t\t<\/div>\n\t\t\t\t\t<\/div>\n\t\t\t\t<\/div>\n\t\t\t\t\n\t\t\t\t<div class=\"pk-post-inner\">\n\t\t\t\t\t<header>\n\t\t\t\t\t\t<h3 class=\"pk-title\"><a href=\"https:\/\/webdelmaestrocmf.com\/portal\/nina-fallece-tras-presunto-tropiezo-en-escuela-pero-su-padre-desmiente-la-version-me-encontre-a-mi-hija-toda-ensangrentada\/\" rel=\"bookmark\">Ni\u00f1a fallece tras presunto tropiezo en escuela, pero su padre desmiente la versi\u00f3n: \u201cMe encontr\u00e9 a mi hija toda ensangrentada\u201d<\/a><\/h3>\t\t\t\t\t<\/header><!-- .entry-header -->\n\t\t\t\t<\/div><!-- .post-inner -->\n\n\t\t\t<\/div><!-- .post-outer -->\n\t\t<\/article>\n\t\t\t\t<\/div>\n\t\t<\/div>\n\t\t\n","protected":false},"excerpt":{"rendered":"Un giro de 180 grados dio la investigaci\u00f3n de un\u00a0brutal asesinato cometido en Padua, Italia,\u00a0en 2024.\u00a0Michael Boschetto, un&hellip;","protected":false},"author":1,"featured_media":109136,"comment_status":"open","ping_status":"closed","sticky":false,"template":"","format":"standard","meta":{"csco_display_header_overlay":false,"csco_singular_sidebar":"","csco_page_header_type":"","csco_page_load_nextpost":"","csco_post_video_location":[],"csco_post_video_location_hash":"","csco_post_video_url":"","csco_post_video_bg_start_time":0,"csco_post_video_bg_end_time":0,"csco_post_video_bg_volume":false,"_jetpack_memberships_contains_paid_content":false,"footnotes":""},"categories":[23790],"tags":[23702,23701,1191,538,5241],"class_list":{"0":"post-109133","1":"post","2":"type-post","3":"status-publish","4":"format-standard","5":"has-post-thumbnail","7":"category-noticias-internacionales","8":"tag-apunalado","9":"tag-desbloquea","10":"tag-hijo","11":"tag-hombre","12":"tag-iphone","13":"cs-entry","14":"cs-video-wrap"},"yoast_head":"<!-- This site is optimized with the Yoast SEO plugin v27.5 - https:\/\/yoast.com\/product\/yoast-seo-wordpress\/ -->\n<title>Un hombre desbloquea el iPhone de su hijo apu\u00f1alado en Italia y encuentra un v\u00eddeo selfie del presunto asesino - 2026<\/title>\n<meta name=\"description\" content=\"Un giro de 180 grados dio la investigaci\u00f3n de un\u00a0brutal asesinato cometido en Padua, Italia,\u00a0en 2024.\u00a0Michael Boschetto, un joven...\" \/>\n<meta name=\"robots\" content=\"index, follow, max-snippet:-1, max-image-preview:large, max-video-preview:-1\" \/>\n<link rel=\"canonical\" href=\"https:\/\/webdelmaestrocmf.com\/portal\/un-hombre-desbloquea-el-iphone-de-su-hijo-apunalado-en-italia-y-encuentra-un-video-selfie-del-presunto-asesino\/\" \/>\n<meta property=\"og:locale\" content=\"es_ES\" \/>\n<meta property=\"og:type\" content=\"article\" \/>\n<meta property=\"og:title\" content=\"Un hombre desbloquea el iPhone de su hijo apu\u00f1alado en Italia y encuentra un v\u00eddeo selfie del presunto asesino - 2026\" \/>\n<meta property=\"og:description\" content=\"Un giro de 180 grados dio la investigaci\u00f3n de un\u00a0brutal asesinato cometido en Padua, Italia,\u00a0en 2024.\u00a0Michael Boschetto, un joven...\" \/>\n<meta property=\"og:url\" content=\"https:\/\/webdelmaestrocmf.com\/portal\/un-hombre-desbloquea-el-iphone-de-su-hijo-apunalado-en-italia-y-encuentra-un-video-selfie-del-presunto-asesino\/\" \/>\n<meta property=\"og:site_name\" content=\"Web del Maestro CMF\" \/>\n<meta property=\"article:publisher\" content=\"https:\/\/www.facebook.com\/WebdelMaestroCMF\/\" \/>\n<meta property=\"article:author\" content=\"https:\/\/www.facebook.com\/WebdelMaestroCMF\/\" \/>\n<meta property=\"article:published_time\" content=\"2025-06-03T19:52:43+00:00\" \/>\n<meta property=\"article:modified_time\" content=\"2025-06-17T16:33:29+00:00\" \/>\n<meta property=\"og:image\" content=\"https:\/\/webdelmaestrocmf.com\/portal\/wp-content\/uploads\/2025\/06\/1A-Banner-1-portada-imagen-10-1-2.jpg\" \/>\n\t<meta property=\"og:image:width\" content=\"1024\" \/>\n\t<meta property=\"og:image:height\" content=\"1024\" \/>\n\t<meta property=\"og:image:type\" content=\"image\/jpeg\" \/>\n<meta name=\"author\" content=\"Web del Maestro CMF\" \/>\n<meta name=\"twitter:card\" content=\"summary_large_image\" \/>\n<meta name=\"twitter:creator\" content=\"@cmf_w\" \/>\n<meta name=\"twitter:site\" content=\"@cmf_w\" \/>\n<script type=\"application\/ld+json\" class=\"yoast-schema-graph\">{\"@context\":\"https:\\\/\\\/schema.org\",\"@graph\":[{\"@type\":\"ScholarlyArticle\",\"@id\":\"https:\\\/\\\/webdelmaestrocmf.com\\\/portal\\\/un-hombre-desbloquea-el-iphone-de-su-hijo-apunalado-en-italia-y-encuentra-un-video-selfie-del-presunto-asesino\\\/#article\",\"isPartOf\":{\"@id\":\"https:\\\/\\\/webdelmaestrocmf.com\\\/portal\\\/un-hombre-desbloquea-el-iphone-de-su-hijo-apunalado-en-italia-y-encuentra-un-video-selfie-del-presunto-asesino\\\/\"},\"author\":{\"name\":\"Web del Maestro CMF\",\"@id\":\"https:\\\/\\\/webdelmaestrocmf.com\\\/portal\\\/#\\\/schema\\\/person\\\/1072a2ed7bd960df8ef99a551fa35dc5\"},\"headline\":\"Un hombre desbloquea el iPhone de su hijo apu\u00f1alado en Italia y encuentra un v\u00eddeo selfie del presunto asesino\",\"datePublished\":\"2025-06-03T19:52:43+00:00\",\"dateModified\":\"2025-06-17T16:33:29+00:00\",\"mainEntityOfPage\":{\"@id\":\"https:\\\/\\\/webdelmaestrocmf.com\\\/portal\\\/un-hombre-desbloquea-el-iphone-de-su-hijo-apunalado-en-italia-y-encuentra-un-video-selfie-del-presunto-asesino\\\/\"},\"wordCount\":432,\"commentCount\":0,\"publisher\":{\"@id\":\"https:\\\/\\\/webdelmaestrocmf.com\\\/portal\\\/#organization\"},\"image\":{\"@id\":\"https:\\\/\\\/webdelmaestrocmf.com\\\/portal\\\/un-hombre-desbloquea-el-iphone-de-su-hijo-apunalado-en-italia-y-encuentra-un-video-selfie-del-presunto-asesino\\\/#primaryimage\"},\"thumbnailUrl\":\"https:\\\/\\\/webdelmaestrocmf.com\\\/portal\\\/wp-content\\\/uploads\\\/2025\\\/06\\\/1A-Banner-1-portada-imagen-10-1-2.jpg\",\"keywords\":[\"apu\u00f1alado\",\"desbloquea\",\"HIJO\",\"HOMBRE\",\"iPhone\"],\"articleSection\":[\"Noticias Internacionales\"],\"inLanguage\":\"es\",\"potentialAction\":[{\"@type\":\"CommentAction\",\"name\":\"Comment\",\"target\":[\"https:\\\/\\\/webdelmaestrocmf.com\\\/portal\\\/un-hombre-desbloquea-el-iphone-de-su-hijo-apunalado-en-italia-y-encuentra-un-video-selfie-del-presunto-asesino\\\/#respond\"]}]},{\"@type\":\"WebPage\",\"@id\":\"https:\\\/\\\/webdelmaestrocmf.com\\\/portal\\\/un-hombre-desbloquea-el-iphone-de-su-hijo-apunalado-en-italia-y-encuentra-un-video-selfie-del-presunto-asesino\\\/\",\"url\":\"https:\\\/\\\/webdelmaestrocmf.com\\\/portal\\\/un-hombre-desbloquea-el-iphone-de-su-hijo-apunalado-en-italia-y-encuentra-un-video-selfie-del-presunto-asesino\\\/\",\"name\":\"Un hombre desbloquea el iPhone de su hijo apu\u00f1alado en Italia y encuentra un v\u00eddeo selfie del presunto asesino - 2026\",\"isPartOf\":{\"@id\":\"https:\\\/\\\/webdelmaestrocmf.com\\\/portal\\\/#website\"},\"primaryImageOfPage\":{\"@id\":\"https:\\\/\\\/webdelmaestrocmf.com\\\/portal\\\/un-hombre-desbloquea-el-iphone-de-su-hijo-apunalado-en-italia-y-encuentra-un-video-selfie-del-presunto-asesino\\\/#primaryimage\"},\"image\":{\"@id\":\"https:\\\/\\\/webdelmaestrocmf.com\\\/portal\\\/un-hombre-desbloquea-el-iphone-de-su-hijo-apunalado-en-italia-y-encuentra-un-video-selfie-del-presunto-asesino\\\/#primaryimage\"},\"thumbnailUrl\":\"https:\\\/\\\/webdelmaestrocmf.com\\\/portal\\\/wp-content\\\/uploads\\\/2025\\\/06\\\/1A-Banner-1-portada-imagen-10-1-2.jpg\",\"datePublished\":\"2025-06-03T19:52:43+00:00\",\"dateModified\":\"2025-06-17T16:33:29+00:00\",\"description\":\"Un giro de 180 grados dio la investigaci\u00f3n de un\u00a0brutal asesinato cometido en Padua, Italia,\u00a0en 2024.\u00a0Michael Boschetto, un joven...\",\"breadcrumb\":{\"@id\":\"https:\\\/\\\/webdelmaestrocmf.com\\\/portal\\\/un-hombre-desbloquea-el-iphone-de-su-hijo-apunalado-en-italia-y-encuentra-un-video-selfie-del-presunto-asesino\\\/#breadcrumb\"},\"inLanguage\":\"es\",\"potentialAction\":[{\"@type\":\"ReadAction\",\"target\":[\"https:\\\/\\\/webdelmaestrocmf.com\\\/portal\\\/un-hombre-desbloquea-el-iphone-de-su-hijo-apunalado-en-italia-y-encuentra-un-video-selfie-del-presunto-asesino\\\/\"]}]},{\"@type\":\"ImageObject\",\"inLanguage\":\"es\",\"@id\":\"https:\\\/\\\/webdelmaestrocmf.com\\\/portal\\\/un-hombre-desbloquea-el-iphone-de-su-hijo-apunalado-en-italia-y-encuentra-un-video-selfie-del-presunto-asesino\\\/#primaryimage\",\"url\":\"https:\\\/\\\/webdelmaestrocmf.com\\\/portal\\\/wp-content\\\/uploads\\\/2025\\\/06\\\/1A-Banner-1-portada-imagen-10-1-2.jpg\",\"contentUrl\":\"https:\\\/\\\/webdelmaestrocmf.com\\\/portal\\\/wp-content\\\/uploads\\\/2025\\\/06\\\/1A-Banner-1-portada-imagen-10-1-2.jpg\",\"width\":1024,\"height\":1024},{\"@type\":\"BreadcrumbList\",\"@id\":\"https:\\\/\\\/webdelmaestrocmf.com\\\/portal\\\/un-hombre-desbloquea-el-iphone-de-su-hijo-apunalado-en-italia-y-encuentra-un-video-selfie-del-presunto-asesino\\\/#breadcrumb\",\"itemListElement\":[{\"@type\":\"ListItem\",\"position\":1,\"name\":\"Portada\",\"item\":\"https:\\\/\\\/webdelmaestrocmf.com\\\/portal\\\/\"},{\"@type\":\"ListItem\",\"position\":2,\"name\":\"Recursos\",\"item\":\"https:\\\/\\\/webdelmaestrocmf.com\\\/portal\\\/category\\\/pedagogia\\\/\"},{\"@type\":\"ListItem\",\"position\":3,\"name\":\"Un hombre desbloquea el iPhone de su hijo apu\u00f1alado en Italia y encuentra un v\u00eddeo selfie del presunto asesino\"}]},{\"@type\":\"WebSite\",\"@id\":\"https:\\\/\\\/webdelmaestrocmf.com\\\/portal\\\/#website\",\"url\":\"https:\\\/\\\/webdelmaestrocmf.com\\\/portal\\\/\",\"name\":\"Web del Maestro CMF\",\"description\":\"Maestros al servicio de la educaci\u00f3n\",\"publisher\":{\"@id\":\"https:\\\/\\\/webdelmaestrocmf.com\\\/portal\\\/#organization\"},\"alternateName\":\"WMCMF\",\"potentialAction\":[{\"@type\":\"SearchAction\",\"target\":{\"@type\":\"EntryPoint\",\"urlTemplate\":\"https:\\\/\\\/webdelmaestrocmf.com\\\/portal\\\/?s={search_term_string}\"},\"query-input\":{\"@type\":\"PropertyValueSpecification\",\"valueRequired\":true,\"valueName\":\"search_term_string\"}}],\"inLanguage\":\"es\"},{\"@type\":\"Organization\",\"@id\":\"https:\\\/\\\/webdelmaestrocmf.com\\\/portal\\\/#organization\",\"name\":\"Web del Maestro CMF\",\"alternateName\":\"WMCMF\",\"url\":\"https:\\\/\\\/webdelmaestrocmf.com\\\/portal\\\/\",\"logo\":{\"@type\":\"ImageObject\",\"inLanguage\":\"es\",\"@id\":\"https:\\\/\\\/webdelmaestrocmf.com\\\/portal\\\/#\\\/schema\\\/logo\\\/image\\\/\",\"url\":\"https:\\\/\\\/webdelmaestrocmf.com\\\/portal\\\/wp-content\\\/uploads\\\/2023\\\/01\\\/logo-wmcmf-2.png\",\"contentUrl\":\"https:\\\/\\\/webdelmaestrocmf.com\\\/portal\\\/wp-content\\\/uploads\\\/2023\\\/01\\\/logo-wmcmf-2.png\",\"width\":200,\"height\":60,\"caption\":\"Web del Maestro CMF\"},\"image\":{\"@id\":\"https:\\\/\\\/webdelmaestrocmf.com\\\/portal\\\/#\\\/schema\\\/logo\\\/image\\\/\"},\"sameAs\":[\"https:\\\/\\\/www.facebook.com\\\/WebdelMaestroCMF\\\/\",\"https:\\\/\\\/x.com\\\/cmf_w\",\"https:\\\/\\\/www.pinterest.com\\\/WMCMF\\\/\",\"https:\\\/\\\/www.linkedin.com\\\/company\\\/web-del-maestro-cmf\\\/\",\"https:\\\/\\\/www.instagram.com\\\/wmcmf\\\/\",\"https:\\\/\\\/www.youtube.com\\\/channel\\\/UCDPSvjbdodE5sHnC3OxutHw\",\"https:\\\/\\\/mastodon.social\\\/@wmcmf\",\"https:\\\/\\\/www.tiktok.com\\\/@webdelmaestrocmf\"]},{\"@type\":\"Person\",\"@id\":\"https:\\\/\\\/webdelmaestrocmf.com\\\/portal\\\/#\\\/schema\\\/person\\\/1072a2ed7bd960df8ef99a551fa35dc5\",\"name\":\"Web del Maestro CMF\",\"image\":{\"@type\":\"ImageObject\",\"inLanguage\":\"es\",\"@id\":\"https:\\\/\\\/secure.gravatar.com\\\/avatar\\\/23291dd5b5ae1077dcff3dbb04c3e02bd28403fa75af6d8787d5e97c5bbbe30b?s=96&d=mm&r=g\",\"url\":\"https:\\\/\\\/secure.gravatar.com\\\/avatar\\\/23291dd5b5ae1077dcff3dbb04c3e02bd28403fa75af6d8787d5e97c5bbbe30b?s=96&d=mm&r=g\",\"contentUrl\":\"https:\\\/\\\/secure.gravatar.com\\\/avatar\\\/23291dd5b5ae1077dcff3dbb04c3e02bd28403fa75af6d8787d5e97c5bbbe30b?s=96&d=mm&r=g\",\"caption\":\"Web del Maestro CMF\"},\"description\":\"Esta Web se cre\u00f3 sin fines de lucro, con fines educativos, cient\u00edficos y acad\u00e9micos, para personas que tengan dificultades y\\\/o inconvenientes en visualizar el material original. El objetivo es entregar recursos, compartir experiencias y materiales que ayuden a los padres de familia, maestros y estudiantes en su actualizaci\u00f3n y formaci\u00f3n permanente, en bien de la Educaci\u00f3n.\",\"sameAs\":[\"http:\\\/\\\/webdelmaestrocmf.com\\\/portal\",\"https:\\\/\\\/www.facebook.com\\\/WebdelMaestroCMF\\\/\",\"https:\\\/\\\/www.instagram.com\\\/wmcmf\\\/\",\"https:\\\/\\\/cl.linkedin.com\\\/company\\\/web-del-maestro-cmf\",\"https:\\\/\\\/www.pinterest.com\\\/WMCMF\\\/publicaciones\\\/\",\"https:\\\/\\\/x.com\\\/cmf_w\",\"https:\\\/\\\/www.youtube.com\\\/@WMCMF\"]}]}<\/script>\n<!-- \/ Yoast SEO plugin. -->","yoast_head_json":{"title":"Un hombre desbloquea el iPhone de su hijo apu\u00f1alado en Italia y encuentra un v\u00eddeo selfie del presunto asesino - 2026","description":"Un giro de 180 grados dio la investigaci\u00f3n de un\u00a0brutal asesinato cometido en Padua, Italia,\u00a0en 2024.\u00a0Michael Boschetto, un joven...","robots":{"index":"index","follow":"follow","max-snippet":"max-snippet:-1","max-image-preview":"max-image-preview:large","max-video-preview":"max-video-preview:-1"},"canonical":"https:\/\/webdelmaestrocmf.com\/portal\/un-hombre-desbloquea-el-iphone-de-su-hijo-apunalado-en-italia-y-encuentra-un-video-selfie-del-presunto-asesino\/","og_locale":"es_ES","og_type":"article","og_title":"Un hombre desbloquea el iPhone de su hijo apu\u00f1alado en Italia y encuentra un v\u00eddeo selfie del presunto asesino - 2026","og_description":"Un giro de 180 grados dio la investigaci\u00f3n de un\u00a0brutal asesinato cometido en Padua, Italia,\u00a0en 2024.\u00a0Michael Boschetto, un joven...","og_url":"https:\/\/webdelmaestrocmf.com\/portal\/un-hombre-desbloquea-el-iphone-de-su-hijo-apunalado-en-italia-y-encuentra-un-video-selfie-del-presunto-asesino\/","og_site_name":"Web del Maestro CMF","article_publisher":"https:\/\/www.facebook.com\/WebdelMaestroCMF\/","article_author":"https:\/\/www.facebook.com\/WebdelMaestroCMF\/","article_published_time":"2025-06-03T19:52:43+00:00","article_modified_time":"2025-06-17T16:33:29+00:00","og_image":[{"width":1024,"height":1024,"url":"https:\/\/webdelmaestrocmf.com\/portal\/wp-content\/uploads\/2025\/06\/1A-Banner-1-portada-imagen-10-1-2.jpg","type":"image\/jpeg"}],"author":"Web del Maestro CMF","twitter_card":"summary_large_image","twitter_creator":"@cmf_w","twitter_site":"@cmf_w","schema":{"@context":"https:\/\/schema.org","@graph":[{"@type":"ScholarlyArticle","@id":"https:\/\/webdelmaestrocmf.com\/portal\/un-hombre-desbloquea-el-iphone-de-su-hijo-apunalado-en-italia-y-encuentra-un-video-selfie-del-presunto-asesino\/#article","isPartOf":{"@id":"https:\/\/webdelmaestrocmf.com\/portal\/un-hombre-desbloquea-el-iphone-de-su-hijo-apunalado-en-italia-y-encuentra-un-video-selfie-del-presunto-asesino\/"},"author":{"name":"Web del Maestro CMF","@id":"https:\/\/webdelmaestrocmf.com\/portal\/#\/schema\/person\/1072a2ed7bd960df8ef99a551fa35dc5"},"headline":"Un hombre desbloquea el iPhone de su hijo apu\u00f1alado en Italia y encuentra un v\u00eddeo selfie del presunto asesino","datePublished":"2025-06-03T19:52:43+00:00","dateModified":"2025-06-17T16:33:29+00:00","mainEntityOfPage":{"@id":"https:\/\/webdelmaestrocmf.com\/portal\/un-hombre-desbloquea-el-iphone-de-su-hijo-apunalado-en-italia-y-encuentra-un-video-selfie-del-presunto-asesino\/"},"wordCount":432,"commentCount":0,"publisher":{"@id":"https:\/\/webdelmaestrocmf.com\/portal\/#organization"},"image":{"@id":"https:\/\/webdelmaestrocmf.com\/portal\/un-hombre-desbloquea-el-iphone-de-su-hijo-apunalado-en-italia-y-encuentra-un-video-selfie-del-presunto-asesino\/#primaryimage"},"thumbnailUrl":"https:\/\/webdelmaestrocmf.com\/portal\/wp-content\/uploads\/2025\/06\/1A-Banner-1-portada-imagen-10-1-2.jpg","keywords":["apu\u00f1alado","desbloquea","HIJO","HOMBRE","iPhone"],"articleSection":["Noticias Internacionales"],"inLanguage":"es","potentialAction":[{"@type":"CommentAction","name":"Comment","target":["https:\/\/webdelmaestrocmf.com\/portal\/un-hombre-desbloquea-el-iphone-de-su-hijo-apunalado-en-italia-y-encuentra-un-video-selfie-del-presunto-asesino\/#respond"]}]},{"@type":"WebPage","@id":"https:\/\/webdelmaestrocmf.com\/portal\/un-hombre-desbloquea-el-iphone-de-su-hijo-apunalado-en-italia-y-encuentra-un-video-selfie-del-presunto-asesino\/","url":"https:\/\/webdelmaestrocmf.com\/portal\/un-hombre-desbloquea-el-iphone-de-su-hijo-apunalado-en-italia-y-encuentra-un-video-selfie-del-presunto-asesino\/","name":"Un hombre desbloquea el iPhone de su hijo apu\u00f1alado en Italia y encuentra un v\u00eddeo selfie del presunto asesino - 2026","isPartOf":{"@id":"https:\/\/webdelmaestrocmf.com\/portal\/#website"},"primaryImageOfPage":{"@id":"https:\/\/webdelmaestrocmf.com\/portal\/un-hombre-desbloquea-el-iphone-de-su-hijo-apunalado-en-italia-y-encuentra-un-video-selfie-del-presunto-asesino\/#primaryimage"},"image":{"@id":"https:\/\/webdelmaestrocmf.com\/portal\/un-hombre-desbloquea-el-iphone-de-su-hijo-apunalado-en-italia-y-encuentra-un-video-selfie-del-presunto-asesino\/#primaryimage"},"thumbnailUrl":"https:\/\/webdelmaestrocmf.com\/portal\/wp-content\/uploads\/2025\/06\/1A-Banner-1-portada-imagen-10-1-2.jpg","datePublished":"2025-06-03T19:52:43+00:00","dateModified":"2025-06-17T16:33:29+00:00","description":"Un giro de 180 grados dio la investigaci\u00f3n de un\u00a0brutal asesinato cometido en Padua, Italia,\u00a0en 2024.\u00a0Michael Boschetto, un joven...","breadcrumb":{"@id":"https:\/\/webdelmaestrocmf.com\/portal\/un-hombre-desbloquea-el-iphone-de-su-hijo-apunalado-en-italia-y-encuentra-un-video-selfie-del-presunto-asesino\/#breadcrumb"},"inLanguage":"es","potentialAction":[{"@type":"ReadAction","target":["https:\/\/webdelmaestrocmf.com\/portal\/un-hombre-desbloquea-el-iphone-de-su-hijo-apunalado-en-italia-y-encuentra-un-video-selfie-del-presunto-asesino\/"]}]},{"@type":"ImageObject","inLanguage":"es","@id":"https:\/\/webdelmaestrocmf.com\/portal\/un-hombre-desbloquea-el-iphone-de-su-hijo-apunalado-en-italia-y-encuentra-un-video-selfie-del-presunto-asesino\/#primaryimage","url":"https:\/\/webdelmaestrocmf.com\/portal\/wp-content\/uploads\/2025\/06\/1A-Banner-1-portada-imagen-10-1-2.jpg","contentUrl":"https:\/\/webdelmaestrocmf.com\/portal\/wp-content\/uploads\/2025\/06\/1A-Banner-1-portada-imagen-10-1-2.jpg","width":1024,"height":1024},{"@type":"BreadcrumbList","@id":"https:\/\/webdelmaestrocmf.com\/portal\/un-hombre-desbloquea-el-iphone-de-su-hijo-apunalado-en-italia-y-encuentra-un-video-selfie-del-presunto-asesino\/#breadcrumb","itemListElement":[{"@type":"ListItem","position":1,"name":"Portada","item":"https:\/\/webdelmaestrocmf.com\/portal\/"},{"@type":"ListItem","position":2,"name":"Recursos","item":"https:\/\/webdelmaestrocmf.com\/portal\/category\/pedagogia\/"},{"@type":"ListItem","position":3,"name":"Un hombre desbloquea el iPhone de su hijo apu\u00f1alado en Italia y encuentra un v\u00eddeo selfie del presunto asesino"}]},{"@type":"WebSite","@id":"https:\/\/webdelmaestrocmf.com\/portal\/#website","url":"https:\/\/webdelmaestrocmf.com\/portal\/","name":"Web del Maestro CMF","description":"Maestros al servicio de la educaci\u00f3n","publisher":{"@id":"https:\/\/webdelmaestrocmf.com\/portal\/#organization"},"alternateName":"WMCMF","potentialAction":[{"@type":"SearchAction","target":{"@type":"EntryPoint","urlTemplate":"https:\/\/webdelmaestrocmf.com\/portal\/?s={search_term_string}"},"query-input":{"@type":"PropertyValueSpecification","valueRequired":true,"valueName":"search_term_string"}}],"inLanguage":"es"},{"@type":"Organization","@id":"https:\/\/webdelmaestrocmf.com\/portal\/#organization","name":"Web del Maestro CMF","alternateName":"WMCMF","url":"https:\/\/webdelmaestrocmf.com\/portal\/","logo":{"@type":"ImageObject","inLanguage":"es","@id":"https:\/\/webdelmaestrocmf.com\/portal\/#\/schema\/logo\/image\/","url":"https:\/\/webdelmaestrocmf.com\/portal\/wp-content\/uploads\/2023\/01\/logo-wmcmf-2.png","contentUrl":"https:\/\/webdelmaestrocmf.com\/portal\/wp-content\/uploads\/2023\/01\/logo-wmcmf-2.png","width":200,"height":60,"caption":"Web del Maestro CMF"},"image":{"@id":"https:\/\/webdelmaestrocmf.com\/portal\/#\/schema\/logo\/image\/"},"sameAs":["https:\/\/www.facebook.com\/WebdelMaestroCMF\/","https:\/\/x.com\/cmf_w","https:\/\/www.pinterest.com\/WMCMF\/","https:\/\/www.linkedin.com\/company\/web-del-maestro-cmf\/","https:\/\/www.instagram.com\/wmcmf\/","https:\/\/www.youtube.com\/channel\/UCDPSvjbdodE5sHnC3OxutHw","https:\/\/mastodon.social\/@wmcmf","https:\/\/www.tiktok.com\/@webdelmaestrocmf"]},{"@type":"Person","@id":"https:\/\/webdelmaestrocmf.com\/portal\/#\/schema\/person\/1072a2ed7bd960df8ef99a551fa35dc5","name":"Web del Maestro CMF","image":{"@type":"ImageObject","inLanguage":"es","@id":"https:\/\/secure.gravatar.com\/avatar\/23291dd5b5ae1077dcff3dbb04c3e02bd28403fa75af6d8787d5e97c5bbbe30b?s=96&d=mm&r=g","url":"https:\/\/secure.gravatar.com\/avatar\/23291dd5b5ae1077dcff3dbb04c3e02bd28403fa75af6d8787d5e97c5bbbe30b?s=96&d=mm&r=g","contentUrl":"https:\/\/secure.gravatar.com\/avatar\/23291dd5b5ae1077dcff3dbb04c3e02bd28403fa75af6d8787d5e97c5bbbe30b?s=96&d=mm&r=g","caption":"Web del Maestro CMF"},"description":"Esta Web se cre\u00f3 sin fines de lucro, con fines educativos, cient\u00edficos y acad\u00e9micos, para personas que tengan dificultades y\/o inconvenientes en visualizar el material original. El objetivo es entregar recursos, compartir experiencias y materiales que ayuden a los padres de familia, maestros y estudiantes en su actualizaci\u00f3n y formaci\u00f3n permanente, en bien de la Educaci\u00f3n.","sameAs":["http:\/\/webdelmaestrocmf.com\/portal","https:\/\/www.facebook.com\/WebdelMaestroCMF\/","https:\/\/www.instagram.com\/wmcmf\/","https:\/\/cl.linkedin.com\/company\/web-del-maestro-cmf","https:\/\/www.pinterest.com\/WMCMF\/publicaciones\/","https:\/\/x.com\/cmf_w","https:\/\/www.youtube.com\/@WMCMF"]}]}},"jetpack_featured_media_url":"https:\/\/webdelmaestrocmf.com\/portal\/wp-content\/uploads\/2025\/06\/1A-Banner-1-portada-imagen-10-1-2.jpg","jetpack_sharing_enabled":true,"jetpack-related-posts":[{"id":111500,"url":"https:\/\/webdelmaestrocmf.com\/portal\/ministerio-publico-revela-mas-detalles-sobre-la-nina-de-12-anos-que-habria-apunalado-a-un-maestro\/","url_meta":{"origin":109133,"position":0},"title":"Ministerio P\u00fablico revela m\u00e1s detalles sobre la ni\u00f1a de 12 a\u00f1os que habr\u00eda apu\u00f1alado a un profesor\u00a0","author":"Web del Maestro CMF","date":"26 julio, 2025","format":false,"excerpt":"Una ni\u00f1a de 12 a\u00f1os habr\u00eda apu\u00f1alado a su maestro en Huehuetenango; el caso revela una compleja realidad social.","rel":"","context":"En \u00abNoticias Internacionales\u00bb","block_context":{"text":"Noticias Internacionales","link":"https:\/\/webdelmaestrocmf.com\/portal\/category\/noticias-internacionales\/"},"img":{"alt_text":"","src":"https:\/\/i0.wp.com\/webdelmaestrocmf.com\/portal\/wp-content\/uploads\/2025\/07\/1A-Banner-1-portada-imagen-10-1-copia.png?resize=350%2C200&ssl=1","width":350,"height":200,"srcset":"https:\/\/i0.wp.com\/webdelmaestrocmf.com\/portal\/wp-content\/uploads\/2025\/07\/1A-Banner-1-portada-imagen-10-1-copia.png?resize=350%2C200&ssl=1 1x, https:\/\/i0.wp.com\/webdelmaestrocmf.com\/portal\/wp-content\/uploads\/2025\/07\/1A-Banner-1-portada-imagen-10-1-copia.png?resize=525%2C300&ssl=1 1.5x, https:\/\/i0.wp.com\/webdelmaestrocmf.com\/portal\/wp-content\/uploads\/2025\/07\/1A-Banner-1-portada-imagen-10-1-copia.png?resize=700%2C400&ssl=1 2x"},"classes":[]},{"id":110825,"url":"https:\/\/webdelmaestrocmf.com\/portal\/medicos-no-bajan-los-brazos-actualizan-estado-de-salud-de-nino-de-2-anos-en-coma-tras-brutal-ataque-en-aeropuerto\/","url_meta":{"origin":109133,"position":1},"title":"\u201cM\u00e9dicos no bajan los brazos\u201d: Actualizan estado de salud de ni\u00f1o de 2 a\u00f1os en coma tras brutal ataque en aeropuerto","author":"Web del Maestro CMF","date":"2 julio, 2025","format":false,"excerpt":"El menor, hijo de una familia afgana, permanece en coma inducido tras sufrir graves fracturas. El agresor fue detenido y enfrenta cargos por intento de asesinato","rel":"","context":"En \u00abNoticias Internacionales\u00bb","block_context":{"text":"Noticias Internacionales","link":"https:\/\/webdelmaestrocmf.com\/portal\/category\/noticias-internacionales\/"},"img":{"alt_text":"","src":"https:\/\/i0.wp.com\/webdelmaestrocmf.com\/portal\/wp-content\/uploads\/2025\/07\/1A-Banner-1-portada-imagen-10-1-copia-2.png?resize=350%2C200&ssl=1","width":350,"height":200,"srcset":"https:\/\/i0.wp.com\/webdelmaestrocmf.com\/portal\/wp-content\/uploads\/2025\/07\/1A-Banner-1-portada-imagen-10-1-copia-2.png?resize=350%2C200&ssl=1 1x, https:\/\/i0.wp.com\/webdelmaestrocmf.com\/portal\/wp-content\/uploads\/2025\/07\/1A-Banner-1-portada-imagen-10-1-copia-2.png?resize=525%2C300&ssl=1 1.5x, https:\/\/i0.wp.com\/webdelmaestrocmf.com\/portal\/wp-content\/uploads\/2025\/07\/1A-Banner-1-portada-imagen-10-1-copia-2.png?resize=700%2C400&ssl=1 2x"},"classes":[]},{"id":112091,"url":"https:\/\/webdelmaestrocmf.com\/portal\/trump-asegura-que-el-asesino-de-charlie-kirk-ha-sido-detenido\/","url_meta":{"origin":109133,"position":2},"title":"Trump asegura que el asesino de Charlie Kirk ha sido detenido y pide pena de muerte","author":"Web del Maestro CMF","date":"12 septiembre, 2025","format":false,"excerpt":"El presidente de EE.UU., Donald Trump, anunci\u00f3 en 'Fox News' la detenci\u00f3n de un sospechoso por el asesinato del activista Charlie Kirk, ocurrido el mi\u00e9rcoles. Asegura que es el autor con \"un alto grado de certeza\".","rel":"","context":"En \u00abNoticias Internacionales\u00bb","block_context":{"text":"Noticias Internacionales","link":"https:\/\/webdelmaestrocmf.com\/portal\/category\/noticias-internacionales\/"},"img":{"alt_text":"","src":"https:\/\/i0.wp.com\/webdelmaestrocmf.com\/portal\/wp-content\/uploads\/2025\/09\/1A-Banner-1-portada-imagen-10-1-copia-73.jpg?resize=350%2C200&ssl=1","width":350,"height":200,"srcset":"https:\/\/i0.wp.com\/webdelmaestrocmf.com\/portal\/wp-content\/uploads\/2025\/09\/1A-Banner-1-portada-imagen-10-1-copia-73.jpg?resize=350%2C200&ssl=1 1x, https:\/\/i0.wp.com\/webdelmaestrocmf.com\/portal\/wp-content\/uploads\/2025\/09\/1A-Banner-1-portada-imagen-10-1-copia-73.jpg?resize=525%2C300&ssl=1 1.5x, https:\/\/i0.wp.com\/webdelmaestrocmf.com\/portal\/wp-content\/uploads\/2025\/09\/1A-Banner-1-portada-imagen-10-1-copia-73.jpg?resize=700%2C400&ssl=1 2x"},"classes":[]},{"id":110402,"url":"https:\/\/webdelmaestrocmf.com\/portal\/asesinan-a-influencer-venezolano-en-plena-transmision-de-tiktok\/","url_meta":{"origin":109133,"position":3},"title":"Gritos y r\u00e1fagas de disparos en transmisi\u00f3n en vivo por TikTok en asesinato de \u201cinfluencer\u201d en Venezuela","author":"Web del Maestro CMF","date":"24 junio, 2025","format":false,"excerpt":"El crimen de Gabriel Sarmiento estremece a Venezuela y expone un complejo entramado de denuncias y criminalidad","rel":"","context":"En \u00abNoticias Internacionales\u00bb","block_context":{"text":"Noticias Internacionales","link":"https:\/\/webdelmaestrocmf.com\/portal\/category\/noticias-internacionales\/"},"img":{"alt_text":"","src":"https:\/\/i0.wp.com\/webdelmaestrocmf.com\/portal\/wp-content\/uploads\/2025\/06\/1A-Banner-1-portada-imagen-10-1-copia-27.jpg?resize=350%2C200&ssl=1","width":350,"height":200,"srcset":"https:\/\/i0.wp.com\/webdelmaestrocmf.com\/portal\/wp-content\/uploads\/2025\/06\/1A-Banner-1-portada-imagen-10-1-copia-27.jpg?resize=350%2C200&ssl=1 1x, https:\/\/i0.wp.com\/webdelmaestrocmf.com\/portal\/wp-content\/uploads\/2025\/06\/1A-Banner-1-portada-imagen-10-1-copia-27.jpg?resize=525%2C300&ssl=1 1.5x, https:\/\/i0.wp.com\/webdelmaestrocmf.com\/portal\/wp-content\/uploads\/2025\/06\/1A-Banner-1-portada-imagen-10-1-copia-27.jpg?resize=700%2C400&ssl=1 2x"},"classes":[]},{"id":111489,"url":"https:\/\/webdelmaestrocmf.com\/portal\/docente-muere-tras-ser-apunalado-por-estudiante-de-12-anos-en-escuela-de-huehuetenango\/","url_meta":{"origin":109133,"position":4},"title":"Docente muere tras ser apu\u00f1alado por estudiante de 12 a\u00f1os en escuela de Huehuetenango","author":"Web del Maestro CMF","date":"25 julio, 2025","format":false,"excerpt":"Una tragedia que revela fallas familiares, escolares y sociales, y expone la urgente necesidad de protecci\u00f3n integral a la infancia.","rel":"","context":"En \u00abNoticias Internacionales\u00bb","block_context":{"text":"Noticias Internacionales","link":"https:\/\/webdelmaestrocmf.com\/portal\/category\/noticias-internacionales\/"},"img":{"alt_text":"","src":"https:\/\/i0.wp.com\/webdelmaestrocmf.com\/portal\/wp-content\/uploads\/2025\/07\/1A-Banner-1-portada-imagen-10-1-copia-79.webp?resize=350%2C200&ssl=1","width":350,"height":200,"srcset":"https:\/\/i0.wp.com\/webdelmaestrocmf.com\/portal\/wp-content\/uploads\/2025\/07\/1A-Banner-1-portada-imagen-10-1-copia-79.webp?resize=350%2C200&ssl=1 1x, https:\/\/i0.wp.com\/webdelmaestrocmf.com\/portal\/wp-content\/uploads\/2025\/07\/1A-Banner-1-portada-imagen-10-1-copia-79.webp?resize=525%2C300&ssl=1 1.5x, https:\/\/i0.wp.com\/webdelmaestrocmf.com\/portal\/wp-content\/uploads\/2025\/07\/1A-Banner-1-portada-imagen-10-1-copia-79.webp?resize=700%2C400&ssl=1 2x"},"classes":[]},{"id":112307,"url":"https:\/\/webdelmaestrocmf.com\/portal\/madre-de-familia-denuncia-ante-la-fiscalia-un-presunto-abuso-sexual-contra-su-hija-de-7-anos-dentro-de-la-primaria\/","url_meta":{"origin":109133,"position":5},"title":"Madre de familia denuncia ante la Fiscal\u00eda un presunto abuso sexual contra su hija de 7 a\u00f1os dentro de la primaria","author":"Web del Maestro CMF","date":"25 septiembre, 2025","format":false,"excerpt":"El caso de abuso en la primaria Carmen Cerd\u00e1n de Chalco expone graves fallas de seguridad escolar y exige justicia inmediata.","rel":"","context":"En \u00abNoticias Internacionales\u00bb","block_context":{"text":"Noticias Internacionales","link":"https:\/\/webdelmaestrocmf.com\/portal\/category\/noticias-internacionales\/"},"img":{"alt_text":"","src":"https:\/\/i0.wp.com\/webdelmaestrocmf.com\/portal\/wp-content\/uploads\/2025\/09\/1A-Banner-1-portada-imagen-10-1-copia-3-2.webp?resize=350%2C200&ssl=1","width":350,"height":200,"srcset":"https:\/\/i0.wp.com\/webdelmaestrocmf.com\/portal\/wp-content\/uploads\/2025\/09\/1A-Banner-1-portada-imagen-10-1-copia-3-2.webp?resize=350%2C200&ssl=1 1x, https:\/\/i0.wp.com\/webdelmaestrocmf.com\/portal\/wp-content\/uploads\/2025\/09\/1A-Banner-1-portada-imagen-10-1-copia-3-2.webp?resize=525%2C300&ssl=1 1.5x, https:\/\/i0.wp.com\/webdelmaestrocmf.com\/portal\/wp-content\/uploads\/2025\/09\/1A-Banner-1-portada-imagen-10-1-copia-3-2.webp?resize=700%2C400&ssl=1 2x"},"classes":[]}],"_links":{"self":[{"href":"https:\/\/webdelmaestrocmf.com\/portal\/wp-json\/wp\/v2\/posts\/109133","targetHints":{"allow":["GET"]}}],"collection":[{"href":"https:\/\/webdelmaestrocmf.com\/portal\/wp-json\/wp\/v2\/posts"}],"about":[{"href":"https:\/\/webdelmaestrocmf.com\/portal\/wp-json\/wp\/v2\/types\/post"}],"author":[{"embeddable":true,"href":"https:\/\/webdelmaestrocmf.com\/portal\/wp-json\/wp\/v2\/users\/1"}],"replies":[{"embeddable":true,"href":"https:\/\/webdelmaestrocmf.com\/portal\/wp-json\/wp\/v2\/comments?post=109133"}],"version-history":[{"count":2,"href":"https:\/\/webdelmaestrocmf.com\/portal\/wp-json\/wp\/v2\/posts\/109133\/revisions"}],"predecessor-version":[{"id":109138,"href":"https:\/\/webdelmaestrocmf.com\/portal\/wp-json\/wp\/v2\/posts\/109133\/revisions\/109138"}],"wp:featuredmedia":[{"embeddable":true,"href":"https:\/\/webdelmaestrocmf.com\/portal\/wp-json\/wp\/v2\/media\/109136"}],"wp:attachment":[{"href":"https:\/\/webdelmaestrocmf.com\/portal\/wp-json\/wp\/v2\/media?parent=109133"}],"wp:term":[{"taxonomy":"category","embeddable":true,"href":"https:\/\/webdelmaestrocmf.com\/portal\/wp-json\/wp\/v2\/categories?post=109133"},{"taxonomy":"post_tag","embeddable":true,"href":"https:\/\/webdelmaestrocmf.com\/portal\/wp-json\/wp\/v2\/tags?post=109133"}],"curies":[{"name":"wp","href":"https:\/\/api.w.org\/{rel}","templated":true}]}}