{"id":109087,"date":"2025-05-30T19:13:28","date_gmt":"2025-05-30T23:13:28","guid":{"rendered":"https:\/\/webdelmaestrocmf.com\/portal\/?p=109087"},"modified":"2025-10-01T20:36:27","modified_gmt":"2025-10-01T23:36:27","slug":"como-desarrollar-habitos-de-atencion-en-el-aula","status":"publish","type":"post","link":"https:\/\/webdelmaestrocmf.com\/portal\/como-desarrollar-habitos-de-atencion-en-el-aula\/","title":{"rendered":"\u00bfC\u00f3mo desarrollar h\u00e1bitos de atenci\u00f3n en el aula?"},"content":{"rendered":"<p style=\"text-align: justify;\" data-start=\"293\" data-end=\"492\">En el aula, la atenci\u00f3n no es solo un requisito deseable, es la verdadera puerta de entrada al aprendizaje. Como afirma Peps Mccrea (2020): <strong data-start=\"435\" data-end=\"491\">\u00abLa atenci\u00f3n es la puerta de entrada al aprendizaje\u00bb<\/strong>.<!--more--><\/p>\n<p style=\"text-align: justify;\" data-start=\"494\" data-end=\"923\">Sin atenci\u00f3n, dif\u00edcilmente el conocimiento logra consolidarse. Sin embargo, los ambientes escolares est\u00e1n cargados de est\u00edmulos que compiten constantemente por el foco atencional de los estudiantes. Adem\u00e1s, el cerebro humano \u2014y en especial el de ni\u00f1os y adolescentes\u2014 est\u00e1 programado para distraerse f\u00e1cilmente (Stevens &amp; Bavelier, 2011). Este rasgo, valioso en t\u00e9rminos de supervivencia, representa un desaf\u00edo diario en el aula.<\/p>\n<p style=\"text-align: justify;\" data-start=\"925\" data-end=\"1055\">Pero hay una buena noticia: los h\u00e1bitos de atenci\u00f3n pueden ense\u00f1arse, desarrollarse y consolidarse mediante estrategias pr\u00e1cticas.<\/p>\n<h3 style=\"text-align: left;\" data-start=\"1057\" data-end=\"1110\"><strong>\u00bfPor qu\u00e9 son importantes los h\u00e1bitos de atenci\u00f3n?<\/strong><\/h3>\n<p style=\"text-align: justify;\" data-start=\"1112\" data-end=\"1456\">Diversas investigaciones indican que la atenci\u00f3n, adem\u00e1s de ser individual, puede generar contagio. Es decir, cuando un estudiante presta atenci\u00f3n, los que lo rodean tienen m\u00e1s probabilidades de hacer lo mismo (Innedrive, 2024; Forrin et al., 2024). Por ello, generar entornos donde estas conductas se practiquen favorece el aprendizaje grupal.<\/p>\n<p style=\"text-align: justify;\" data-start=\"1458\" data-end=\"1571\">El desaf\u00edo es claro: \u00bfc\u00f3mo lograr que m\u00e1s estudiantes adopten estos comportamientos de forma natural y sostenida?<\/p>\n<h3 style=\"text-align: left;\" data-start=\"1573\" data-end=\"1639\"><strong>Rutinas y h\u00e1bitos: la diferencia que transforma el aprendizaje<\/strong><\/h3>\n<p style=\"text-align: justify;\" data-start=\"1641\" data-end=\"1721\">Seg\u00fan Fletcher-Wood (2024), es clave distinguir entre <strong data-start=\"1695\" data-end=\"1706\">rutinas<\/strong> y <strong data-start=\"1709\" data-end=\"1720\">h\u00e1bitos<\/strong>:<\/p>\n<ul style=\"text-align: justify;\">\n<li data-start=\"1725\" data-end=\"1837\"><strong data-start=\"1725\" data-end=\"1736\">Rutinas<\/strong>: acciones guiadas por instrucciones del docente (por ejemplo, levantar la mano para pedir silencio).<\/li>\n<li data-start=\"1840\" data-end=\"1998\"><strong data-start=\"1840\" data-end=\"1851\">H\u00e1bitos<\/strong>: acciones autom\u00e1ticas, mantenidas en el tiempo, que ya no requieren instrucci\u00f3n directa (por ejemplo, prestar atenci\u00f3n cuando un compa\u00f1ero habla).<\/li>\n<\/ul>\n<p style=\"text-align: justify;\" data-start=\"2000\" data-end=\"2328\">El objetivo es que la atenci\u00f3n se convierta en un h\u00e1bito que no dependa de la fuerza de voluntad ni de la motivaci\u00f3n moment\u00e1nea, sino de automatismos consolidados. Como explica Doug Lemov (2022): <strong data-start=\"2198\" data-end=\"2327\">\u00abUna rutina conocida le permite no recurrir a su fuerza de voluntad para esas acciones, lo que permite destinarla a algo m\u00e1s\u00bb<\/strong>.<\/p>\n<p style=\"text-align: justify;\" data-start=\"2330\" data-end=\"2496\">As\u00ed como un deportista entrena hasta que ciertos movimientos son autom\u00e1ticos, los docentes pueden guiar a los estudiantes para que prestar atenci\u00f3n se vuelva natural.<\/p>\n<h3 style=\"text-align: left;\" data-start=\"2498\" data-end=\"2538\"><strong>Los entornos condicionan los h\u00e1bitos<\/strong><\/h3>\n<p style=\"text-align: justify;\" data-start=\"2540\" data-end=\"2750\">Los contextos escolares tienen un peso directo en los h\u00e1bitos de atenci\u00f3n. En un entorno favorable, los estudiantes desarrollan mayor capacidad de concentraci\u00f3n; en uno desordenado, la distracci\u00f3n es constante.<\/p>\n<p style=\"text-align: justify;\" data-start=\"2752\" data-end=\"2892\">Por ello, el rol del docente no es solo ense\u00f1ar contenido, sino tambi\u00e9n construir sistem\u00e1ticamente el ambiente propicio para el aprendizaje.<\/p>\n<p style=\"text-align: justify;\" data-start=\"2894\" data-end=\"3125\">Doug Lemov lo resume de forma precisa: <strong data-start=\"2935\" data-end=\"3086\">\u00abPrestarle atenci\u00f3n a la atenci\u00f3n, construyendo h\u00e1bitos para mantener el foco, es una de las cosas m\u00e1s importantes que pueden hacer los profesores\u00bb<\/strong> (Lemov, <em data-start=\"3095\" data-end=\"3123\">Ense\u00f1a como un maestro 3.0<\/em>).<\/p>\n<h3 style=\"text-align: left;\" data-start=\"3127\" data-end=\"3165\"><strong>Estrategias pr\u00e1cticas para el aula<\/strong><\/h3>\n<h4 style=\"text-align: left; padding-left: 40px;\" data-start=\"3167\" data-end=\"3218\"><strong>1. H\u00e1bitos de atenci\u00f3n: una comunidad enfocada<\/strong><\/h4>\n<p style=\"text-align: justify; padding-left: 40px;\" data-start=\"3220\" data-end=\"3307\">Doug Lemov y su equipo proponen t\u00e9cnicas concretas para consolidar h\u00e1bitos de atenci\u00f3n:<\/p>\n<ul>\n<li style=\"list-style-type: none;\">\n<ul style=\"text-align: justify;\">\n<li data-start=\"3311\" data-end=\"3369\">Cuando un compa\u00f1ero habla, todos giran su cuerpo hacia \u00e9l.<\/li>\n<li data-start=\"3372\" data-end=\"3486\">Se\u00f1ales con las manos para apoyar a compa\u00f1eros que necesitan ayuda (por ejemplo, mover los dedos en su direcci\u00f3n).<\/li>\n<li data-start=\"3489\" data-end=\"3577\">Gestos de aprobaci\u00f3n, como pulgares arriba o chasquidos silenciosos, en vez de aplausos.<\/li>\n<li data-start=\"3580\" data-end=\"3622\">Contacto visual constante con el hablante.<\/li>\n<\/ul>\n<\/li>\n<\/ul>\n<p style=\"text-align: justify; padding-left: 40px;\" data-start=\"3624\" data-end=\"3761\">Estas pr\u00e1cticas no solo mejoran el foco atencional, tambi\u00e9n fortalecen la <strong data-start=\"3698\" data-end=\"3722\">pertenencia al grupo<\/strong>, clave para un clima emocional seguro.<\/p>\n<p style=\"text-align: justify; padding-left: 40px;\" data-start=\"3763\" data-end=\"3895\">Un punto esencial es involucrar a los propios estudiantes en la definici\u00f3n de estas se\u00f1ales, adapt\u00e1ndolas a la cultura de cada aula.<\/p>\n<p><iframe loading=\"lazy\" title=\"Christine Torres. Uncommon Schools - Ejemplo estrategia h\u00e1bitos de atenci\u00f3n\" src=\"https:\/\/www.youtube.com\/embed\/vQQDB5J8KAg\" width=\"100%\" height=\"315\" frameborder=\"0\" allowfullscreen=\"allowfullscreen\"><span data-mce-type=\"bookmark\" style=\"display: inline-block; width: 0px; overflow: hidden; line-height: 0;\" class=\"mce_SELRES_start\">\ufeff<\/span><\/iframe><\/p>\n<h4 style=\"text-align: left; padding-left: 40px;\" data-start=\"3897\" data-end=\"3964\"><strong>2. H\u00e1bitos de discusi\u00f3n: construyendo pensamiento colaborativo<\/strong><\/h4>\n<p style=\"text-align: justify; padding-left: 40px;\" data-start=\"3966\" data-end=\"4062\">Los h\u00e1bitos de atenci\u00f3n crean las bases para mejorar la participaci\u00f3n y el nivel de pensamiento:<\/p>\n<ul>\n<li style=\"list-style-type: none;\">\n<ul style=\"text-align: justify;\">\n<li data-start=\"4066\" data-end=\"4114\">Los estudiantes aprenden a escuchar activamente.<\/li>\n<li data-start=\"4117\" data-end=\"4157\">Parafrasean lo dicho por sus compa\u00f1eros.<\/li>\n<li data-start=\"4160\" data-end=\"4205\">Expresan acuerdos o desacuerdos argumentados.<\/li>\n<li data-start=\"4208\" data-end=\"4240\">Construyen ideas colectivamente.<\/li>\n<\/ul>\n<\/li>\n<\/ul>\n<p style=\"text-align: justify; padding-left: 40px;\" data-start=\"4242\" data-end=\"4392\">Este proceso exige acompa\u00f1amiento docente constante, con intervenciones como: <em data-start=\"4322\" data-end=\"4376\">\u00abEspera\u2026 \u00bfest\u00e1s de acuerdo? \u00bfQu\u00e9 dijo tu compa\u00f1era?\u00bb<\/em> o <em data-start=\"4379\" data-end=\"4392\">\u00abEntonces\u2026\u00bb<\/em><\/p>\n<p style=\"text-align: justify; padding-left: 40px;\" data-start=\"4394\" data-end=\"4477\">El docente gu\u00eda, modela y corrige, hasta que estos intercambios se vuelven fluidos.<\/p>\n<p><iframe loading=\"lazy\" title=\"Rue Ratray. Uncommon Schools - Ejemplo estrategia h\u00e1bitos de discusi\u00f3n\" src=\"https:\/\/www.youtube.com\/embed\/_HHuaqwUiwc\" width=\"100%\" height=\"315\" frameborder=\"0\" allowfullscreen=\"allowfullscreen\"><span data-mce-type=\"bookmark\" style=\"display: inline-block; width: 0px; overflow: hidden; line-height: 0;\" class=\"mce_SELRES_start\">\ufeff<\/span><span data-mce-type=\"bookmark\" style=\"display: inline-block; width: 0px; overflow: hidden; line-height: 0;\" class=\"mce_SELRES_start\">\ufeff<\/span><\/iframe><\/p>\n<h3 style=\"text-align: left;\" data-start=\"4479\" data-end=\"4522\"><strong>La importancia de la pr\u00e1ctica sostenida<\/strong><\/h3>\n<p style=\"text-align: justify;\" data-start=\"4524\" data-end=\"4568\">Convertir estas rutinas en h\u00e1bitos requiere:<\/p>\n<ul style=\"text-align: justify;\">\n<li data-start=\"4572\" data-end=\"4636\"><strong data-start=\"4572\" data-end=\"4593\">Pr\u00e1ctica continua<\/strong>: repetir sistem\u00e1ticamente las estrategias.<\/li>\n<li data-start=\"4639\" data-end=\"4748\"><strong data-start=\"4639\" data-end=\"4670\">Consistencia entre docentes<\/strong>: que todos los profesores del establecimiento apliquen los mismos principios.<\/li>\n<li data-start=\"4751\" data-end=\"4841\"><strong data-start=\"4751\" data-end=\"4776\">Adaptaci\u00f3n progresiva<\/strong>: ir incorporando variaciones seg\u00fan el avance de los estudiantes.<\/li>\n<\/ul>\n<p style=\"text-align: justify;\" data-start=\"4843\" data-end=\"4961\">Como se\u00f1ala Bambrick-Santoyo (2019), lo fundamental es que estas estrategias formen parte de la cultura institucional.<\/p>\n<h3 style=\"text-align: left;\" data-start=\"4963\" data-end=\"5018\"><strong>Conclusi\u00f3n: el camino hacia el aprendizaje profundo<\/strong><\/h3>\n<p style=\"text-align: justify;\" data-start=\"5020\" data-end=\"5185\">Desarrollar h\u00e1bitos de atenci\u00f3n no es un evento puntual, sino un proceso sostenido que transforma no solo el aprendizaje, sino tambi\u00e9n la cultura emocional del aula.<\/p>\n<p style=\"text-align: justify;\" data-start=\"5187\" data-end=\"5432\">En definitiva, los docentes tienen la capacidad de formar h\u00e1bitos de atenci\u00f3n y discusi\u00f3n que permitir\u00e1n a sus estudiantes no solo aprender mejor, sino pensar con mayor profundidad, interactuar respetuosamente y construir aprendizajes duraderos.<\/p>\n<h3 style=\"text-align: left;\" data-start=\"5439\" data-end=\"5466\"><strong>Bibliograf\u00eda consultada<\/strong><\/h3>\n<ul>\n<li style=\"text-align: justify;\" data-start=\"5470\" data-end=\"5576\">Bambrick-Santoyo, P. (2019). <em data-start=\"5499\" data-end=\"5575\">Leverage Leadership 2.0: A Practical Guide to Building Exceptional Schools<\/em>.<\/li>\n<li style=\"text-align: justify;\" data-start=\"5579\" data-end=\"5727\">Fiorella, L. (2020). <em data-start=\"5600\" data-end=\"5679\">The science of habit and its implications for student learning and well-being<\/em>. Educational Psychology Review, 32(3), 603\u2013625.<\/li>\n<li style=\"text-align: justify;\" data-start=\"5730\" data-end=\"5883\">Forrin, N. D., et al. (2024). <em data-start=\"5760\" data-end=\"5830\">Investigating attention contagion between students in a lecture hall<\/em>. Scholarship of Teaching and Learning in Psychology.<\/li>\n<li style=\"text-align: justify;\" data-start=\"5886\" data-end=\"5934\">Fletcher-Wood, H. (2024). <em data-start=\"5912\" data-end=\"5933\">Habits for Learning<\/em>.<\/li>\n<li style=\"text-align: justify;\" data-start=\"5937\" data-end=\"6067\">Hidi, S., &amp; Harackiewicz, J. M. (2000). <em data-start=\"5977\" data-end=\"6018\">Motivating the academically unmotivated<\/em>. Review of Educational Research, 70(2), 151\u2013179.<\/li>\n<li style=\"text-align: justify;\" data-start=\"6070\" data-end=\"6146\">Lemov, D. (2022-2023). <em data-start=\"6093\" data-end=\"6121\">Ense\u00f1a como un maestro 3.0<\/em>, <em data-start=\"6123\" data-end=\"6145\">Volver a vincularnos<\/em>.<\/li>\n<li style=\"text-align: justify;\" data-start=\"6149\" data-end=\"6205\">Mccrea, P. (2020). <em data-start=\"6168\" data-end=\"6204\">Attention: The gateway to learning<\/em>.<\/li>\n<li style=\"text-align: justify;\" data-start=\"6208\" data-end=\"6378\">Stevens, C., &amp; Bavelier, D. (2011). <em data-start=\"6244\" data-end=\"6339\">The role of selective attention on academic foundations: A cognitive neuroscience perspective<\/em>. Developmental Cognitive Neuroscience.<\/li>\n<\/ul>\n<p><iframe loading=\"lazy\" src=\"https:\/\/drive.google.com\/file\/d\/1C24g64cAt1h9WKfKm0zaNOgZPbSTSrXU\/preview\" width=\"100%\" height=\"480\"><span data-mce-type=\"bookmark\" style=\"display: inline-block; width: 0px; overflow: hidden; line-height: 0;\" class=\"mce_SELRES_start\">\ufeff<\/span><\/iframe><\/p>\n<p style=\"text-align: right;\"><strong>REDACCI\u00d3N WEB DEL MAESTRO CMF<\/strong><\/p>\n<p style=\"text-align: center;\">MATERIA DE DESCARGA: <a href=\"https:\/\/drive.google.com\/drive\/folders\/1l-aNxShSCXwn-O6Ogj5eeN-8afhmPcQq?usp=sharing\" target=\"_blank\" rel=\"noopener\">CLAVES PARA POTENCIAR LA ATENCI\u00d3N \/ CONCENTACI\u00d3N\u00a0<\/a><\/p>\n\t\t<div class=\"pk-inline-posts\">\n\t\t\t\n\t\t\t<div class=\"pk-inline-posts-container pk-inline-posts-template-list\"\n\t\t\t\tdata-columns=\"1\">\n\t\t\t\t\t\t<article id=\"post-86048\" class=\"post-86048 post type-post status-publish format-standard has-post-thumbnail category-atencion category-descargas-manuales-pdf category-pedagogia tag-academico tag-alumnado tag-alumnos tag-atencion tag-atencion-dividida tag-atencion-selectiva tag-atencion-sostenida tag-buen tag-clase tag-conducta tag-contenidos tag-desarrollar tag-desganados tag-despistados tag-distraccion tag-distraerse tag-docentes tag-ejercicios tag-entrenamiento tag-escolares tag-estimulo tag-estrategias tag-estudiantes tag-estudiar tag-funciones tag-hijas tag-hijos tag-humos tag-implementar tag-importancia tag-inconveniente tag-lectura tag-madres tag-mejorar tag-ninas tag-ninos tag-objetivos tag-padres tag-practicos tag-rendimiento cs-entry cs-video-wrap\">\n\t\t\t<div class=\"pk-post-outer\">\n\n\t\t\t\t\t\t\t\t<div class=\"pk-post-inner\">\n\t\t\t\t\t<div class=\"entry-thumbnail\">\n\t\t\t\t\t\t<div class=\"pk-overlay pk-overlay-ratio pk-ratio-landscape\">\n\t\t\t\t\t\t\t<div class=\"pk-overlay-background\">\n\t\t\t\t\t\t\t\t<a href=\"https:\/\/webdelmaestrocmf.com\/portal\/ejercicios-para-mejorar-la-atencion-de-los-estudiantes\/\" class=\"pk-overlay-link\">\n\t\t\t\t\t\t\t\t\t<img loading=\"lazy\" decoding=\"async\" width=\"300\" height=\"225\" src=\"https:\/\/webdelmaestrocmf.com\/portal\/wp-content\/uploads\/2023\/03\/1A-Banner-1-portada-imagen-10-1-copia-91-300x225.webp\" class=\"attachment-pk-thumbnail size-pk-thumbnail wp-post-image\" alt=\"\" \/>\t\t\t\t\t\t\t\t<\/a>\n\t\t\t\t\t\t\t<\/div>\n\t\t\t\t\t\t<\/div>\n\t\t\t\t\t<\/div>\n\t\t\t\t<\/div>\n\t\t\t\t\n\t\t\t\t<div class=\"pk-post-inner\">\n\t\t\t\t\t<header>\n\t\t\t\t\t\t<h3 class=\"pk-title\"><a href=\"https:\/\/webdelmaestrocmf.com\/portal\/ejercicios-para-mejorar-la-atencion-de-los-estudiantes\/\" rel=\"bookmark\">Ejercicios para mejorar la atenci\u00f3n de los estudiantes<\/a><\/h3>\t\t\t\t\t<\/header><!-- .entry-header -->\n\t\t\t\t<\/div><!-- .post-inner -->\n\n\t\t\t<\/div><!-- .post-outer -->\n\t\t<\/article>\n\t\t\t<article id=\"post-108700\" class=\"post-108700 post type-post status-publish format-standard has-post-thumbnail category-atencion category-pedagogia tag-cerebro tag-meditacion cs-entry cs-video-wrap\">\n\t\t\t<div class=\"pk-post-outer\">\n\n\t\t\t\t\t\t\t\t<div class=\"pk-post-inner\">\n\t\t\t\t\t<div class=\"entry-thumbnail\">\n\t\t\t\t\t\t<div class=\"pk-overlay pk-overlay-ratio pk-ratio-landscape\">\n\t\t\t\t\t\t\t<div class=\"pk-overlay-background\">\n\t\t\t\t\t\t\t\t<a href=\"https:\/\/webdelmaestrocmf.com\/portal\/el-cerebro-en-meditacion-como-cambian-nuestras-redes-neuronales-segun-el-tipo-de-atencion\/\" class=\"pk-overlay-link\">\n\t\t\t\t\t\t\t\t\t<img loading=\"lazy\" decoding=\"async\" width=\"300\" height=\"225\" src=\"https:\/\/webdelmaestrocmf.com\/portal\/wp-content\/uploads\/2025\/04\/1A-Banner-1-portada-imagen-10-1-47-300x225.jpg\" class=\"attachment-pk-thumbnail size-pk-thumbnail wp-post-image\" alt=\"\" \/>\t\t\t\t\t\t\t\t<\/a>\n\t\t\t\t\t\t\t<\/div>\n\t\t\t\t\t\t<\/div>\n\t\t\t\t\t<\/div>\n\t\t\t\t<\/div>\n\t\t\t\t\n\t\t\t\t<div class=\"pk-post-inner\">\n\t\t\t\t\t<header>\n\t\t\t\t\t\t<h3 class=\"pk-title\"><a href=\"https:\/\/webdelmaestrocmf.com\/portal\/el-cerebro-en-meditacion-como-cambian-nuestras-redes-neuronales-segun-el-tipo-de-atencion\/\" rel=\"bookmark\">El cerebro en meditaci\u00f3n: c\u00f3mo cambian nuestras redes neuronales seg\u00fan el tipo de atenci\u00f3n<\/a><\/h3>\t\t\t\t\t<\/header><!-- .entry-header -->\n\t\t\t\t<\/div><!-- .post-inner -->\n\n\t\t\t<\/div><!-- .post-outer -->\n\t\t<\/article>\n\t\t\t<article id=\"post-95274\" class=\"post-95274 post type-post status-publish format-standard has-post-thumbnail category-atencion category-memoria category-pedagogia tag-actividades-educativas tag-aprendizaje-infantil tag-aprendizaje-interactivo tag-aprendizaje-ludico tag-atencion tag-concentracion tag-creatividad-infantil tag-desarrollo-cognitivo tag-desarrollo-de-habilidades tag-desarrollo-de-la-atencion tag-educacion-preescolar tag-educacion-temprana tag-ejercicios-de-observacion tag-estimulacion-cerebral tag-estimulacion-cognitiva tag-estrategias-de-ensenanza tag-habilidades-cognitivas tag-habilidades-de-pensamiento tag-habilidades-de-procesamiento tag-juego-educativo tag-juegos-de-memoria tag-juegos-didacticos tag-memoria tag-memoria-a-corto-plazo tag-memoria-a-largo-plazo tag-memoria-auditiva tag-memoria-visual tag-narracion-de-cuentos tag-resolucion-de-problemas tag-rompecabezas cs-entry cs-video-wrap\">\n\t\t\t<div class=\"pk-post-outer\">\n\n\t\t\t\t\t\t\t\t<div class=\"pk-post-inner\">\n\t\t\t\t\t<div class=\"entry-thumbnail\">\n\t\t\t\t\t\t<div class=\"pk-overlay pk-overlay-ratio pk-ratio-landscape\">\n\t\t\t\t\t\t\t<div class=\"pk-overlay-background\">\n\t\t\t\t\t\t\t\t<a href=\"https:\/\/webdelmaestrocmf.com\/portal\/cuadernillo-y-actividades-para-mejorar-la-atencion-y-memoria-de-tus-alumnos\/\" class=\"pk-overlay-link\">\n\t\t\t\t\t\t\t\t\t<img loading=\"lazy\" decoding=\"async\" width=\"300\" height=\"225\" src=\"https:\/\/webdelmaestrocmf.com\/portal\/wp-content\/uploads\/2023\/09\/Banner-1-portada-imagen-10-1-2024-05-28T203502.742-300x225.jpg\" class=\"attachment-pk-thumbnail size-pk-thumbnail wp-post-image\" alt=\"atenci\u00f3n\" \/>\t\t\t\t\t\t\t\t<\/a>\n\t\t\t\t\t\t\t<\/div>\n\t\t\t\t\t\t<\/div>\n\t\t\t\t\t<\/div>\n\t\t\t\t<\/div>\n\t\t\t\t\n\t\t\t\t<div class=\"pk-post-inner\">\n\t\t\t\t\t<header>\n\t\t\t\t\t\t<h3 class=\"pk-title\"><a href=\"https:\/\/webdelmaestrocmf.com\/portal\/cuadernillo-y-actividades-para-mejorar-la-atencion-y-memoria-de-tus-alumnos\/\" rel=\"bookmark\">Cuadernillo y actividades para mejorar la atenci\u00f3n y memoria de tus alumnos<\/a><\/h3>\t\t\t\t\t<\/header><!-- .entry-header -->\n\t\t\t\t<\/div><!-- .post-inner -->\n\n\t\t\t<\/div><!-- .post-outer -->\n\t\t<\/article>\n\t\t\t\t<\/div>\n\t\t<\/div>\n\t\t\n","protected":false},"excerpt":{"rendered":"En el aula, la atenci\u00f3n no es solo un requisito deseable, es la verdadera puerta de entrada al&hellip;","protected":false},"author":1,"featured_media":109088,"comment_status":"open","ping_status":"closed","sticky":false,"template":"","format":"standard","meta":{"csco_display_header_overlay":false,"csco_singular_sidebar":"","csco_page_header_type":"","csco_page_load_nextpost":"","csco_post_video_location":[],"csco_post_video_location_hash":"","csco_post_video_url":"","csco_post_video_bg_start_time":0,"csco_post_video_bg_end_time":0,"csco_post_video_bg_volume":false,"_jetpack_memberships_contains_paid_content":false,"footnotes":""},"categories":[15462,735],"tags":[691,596,358,2210],"class_list":{"0":"post-109087","1":"post","2":"type-post","3":"status-publish","4":"format-standard","5":"has-post-thumbnail","7":"category-atencion","8":"category-pedagogia","9":"tag-atencion","10":"tag-aula","11":"tag-desarrollar","12":"tag-habitos","13":"cs-entry","14":"cs-video-wrap"},"yoast_head":"<!-- This site is optimized with the Yoast SEO plugin v27.5 - https:\/\/yoast.com\/product\/yoast-seo-wordpress\/ -->\n<title>\u00bfC\u00f3mo desarrollar h\u00e1bitos de atenci\u00f3n en el aula? - 2026<\/title>\n<meta name=\"description\" content=\"Pero hay una buena noticia: los h\u00e1bitos de atenci\u00f3n pueden ense\u00f1arse, desarrollarse y consolidarse mediante estrategias pr\u00e1cticas.\" \/>\n<meta name=\"robots\" content=\"index, follow, max-snippet:-1, max-image-preview:large, max-video-preview:-1\" \/>\n<link rel=\"canonical\" href=\"https:\/\/webdelmaestrocmf.com\/portal\/como-desarrollar-habitos-de-atencion-en-el-aula\/\" \/>\n<meta property=\"og:locale\" content=\"es_ES\" \/>\n<meta property=\"og:type\" content=\"article\" \/>\n<meta property=\"og:title\" content=\"\u00bfC\u00f3mo desarrollar h\u00e1bitos de atenci\u00f3n en el aula? - 2026\" \/>\n<meta property=\"og:description\" content=\"Pero hay una buena noticia: los h\u00e1bitos de atenci\u00f3n pueden ense\u00f1arse, desarrollarse y consolidarse mediante estrategias pr\u00e1cticas.\" \/>\n<meta property=\"og:url\" content=\"https:\/\/webdelmaestrocmf.com\/portal\/como-desarrollar-habitos-de-atencion-en-el-aula\/\" \/>\n<meta property=\"og:site_name\" content=\"Web del Maestro CMF\" \/>\n<meta property=\"article:publisher\" content=\"https:\/\/www.facebook.com\/WebdelMaestroCMF\/\" \/>\n<meta property=\"article:author\" content=\"https:\/\/www.facebook.com\/WebdelMaestroCMF\/\" \/>\n<meta property=\"article:published_time\" content=\"2025-05-30T23:13:28+00:00\" \/>\n<meta property=\"article:modified_time\" content=\"2025-10-01T23:36:27+00:00\" \/>\n<meta property=\"og:image\" content=\"https:\/\/webdelmaestrocmf.com\/portal\/wp-content\/uploads\/2025\/05\/1A-Banner-1-portada-imagen-10-1-90.jpg\" \/>\n\t<meta property=\"og:image:width\" content=\"1024\" \/>\n\t<meta property=\"og:image:height\" content=\"1024\" \/>\n\t<meta property=\"og:image:type\" content=\"image\/jpeg\" \/>\n<meta name=\"author\" content=\"Web del Maestro CMF\" \/>\n<meta name=\"twitter:card\" content=\"summary_large_image\" \/>\n<meta name=\"twitter:creator\" content=\"@cmf_w\" \/>\n<meta name=\"twitter:site\" content=\"@cmf_w\" \/>\n<script type=\"application\/ld+json\" class=\"yoast-schema-graph\">{\"@context\":\"https:\\\/\\\/schema.org\",\"@graph\":[{\"@type\":\"ScholarlyArticle\",\"@id\":\"https:\\\/\\\/webdelmaestrocmf.com\\\/portal\\\/como-desarrollar-habitos-de-atencion-en-el-aula\\\/#article\",\"isPartOf\":{\"@id\":\"https:\\\/\\\/webdelmaestrocmf.com\\\/portal\\\/como-desarrollar-habitos-de-atencion-en-el-aula\\\/\"},\"author\":{\"name\":\"Web del Maestro CMF\",\"@id\":\"https:\\\/\\\/webdelmaestrocmf.com\\\/portal\\\/#\\\/schema\\\/person\\\/1072a2ed7bd960df8ef99a551fa35dc5\"},\"headline\":\"\u00bfC\u00f3mo desarrollar h\u00e1bitos de atenci\u00f3n en el aula?\",\"datePublished\":\"2025-05-30T23:13:28+00:00\",\"dateModified\":\"2025-10-01T23:36:27+00:00\",\"mainEntityOfPage\":{\"@id\":\"https:\\\/\\\/webdelmaestrocmf.com\\\/portal\\\/como-desarrollar-habitos-de-atencion-en-el-aula\\\/\"},\"wordCount\":951,\"commentCount\":0,\"publisher\":{\"@id\":\"https:\\\/\\\/webdelmaestrocmf.com\\\/portal\\\/#organization\"},\"image\":{\"@id\":\"https:\\\/\\\/webdelmaestrocmf.com\\\/portal\\\/como-desarrollar-habitos-de-atencion-en-el-aula\\\/#primaryimage\"},\"thumbnailUrl\":\"https:\\\/\\\/webdelmaestrocmf.com\\\/portal\\\/wp-content\\\/uploads\\\/2025\\\/05\\\/1A-Banner-1-portada-imagen-10-1-90.jpg\",\"keywords\":[\"ATENCI\u00d3N\",\"aula\",\"DESARROLLAR\",\"H\u00c1BITOS\"],\"articleSection\":[\"Atenci\u00f3n\",\"Recursos\"],\"inLanguage\":\"es\",\"potentialAction\":[{\"@type\":\"CommentAction\",\"name\":\"Comment\",\"target\":[\"https:\\\/\\\/webdelmaestrocmf.com\\\/portal\\\/como-desarrollar-habitos-de-atencion-en-el-aula\\\/#respond\"]}]},{\"@type\":\"WebPage\",\"@id\":\"https:\\\/\\\/webdelmaestrocmf.com\\\/portal\\\/como-desarrollar-habitos-de-atencion-en-el-aula\\\/\",\"url\":\"https:\\\/\\\/webdelmaestrocmf.com\\\/portal\\\/como-desarrollar-habitos-de-atencion-en-el-aula\\\/\",\"name\":\"\u00bfC\u00f3mo desarrollar h\u00e1bitos de atenci\u00f3n en el aula? - 2026\",\"isPartOf\":{\"@id\":\"https:\\\/\\\/webdelmaestrocmf.com\\\/portal\\\/#website\"},\"primaryImageOfPage\":{\"@id\":\"https:\\\/\\\/webdelmaestrocmf.com\\\/portal\\\/como-desarrollar-habitos-de-atencion-en-el-aula\\\/#primaryimage\"},\"image\":{\"@id\":\"https:\\\/\\\/webdelmaestrocmf.com\\\/portal\\\/como-desarrollar-habitos-de-atencion-en-el-aula\\\/#primaryimage\"},\"thumbnailUrl\":\"https:\\\/\\\/webdelmaestrocmf.com\\\/portal\\\/wp-content\\\/uploads\\\/2025\\\/05\\\/1A-Banner-1-portada-imagen-10-1-90.jpg\",\"datePublished\":\"2025-05-30T23:13:28+00:00\",\"dateModified\":\"2025-10-01T23:36:27+00:00\",\"description\":\"Pero hay una buena noticia: los h\u00e1bitos de atenci\u00f3n pueden ense\u00f1arse, desarrollarse y consolidarse mediante estrategias pr\u00e1cticas.\",\"breadcrumb\":{\"@id\":\"https:\\\/\\\/webdelmaestrocmf.com\\\/portal\\\/como-desarrollar-habitos-de-atencion-en-el-aula\\\/#breadcrumb\"},\"inLanguage\":\"es\",\"potentialAction\":[{\"@type\":\"ReadAction\",\"target\":[\"https:\\\/\\\/webdelmaestrocmf.com\\\/portal\\\/como-desarrollar-habitos-de-atencion-en-el-aula\\\/\"]}]},{\"@type\":\"ImageObject\",\"inLanguage\":\"es\",\"@id\":\"https:\\\/\\\/webdelmaestrocmf.com\\\/portal\\\/como-desarrollar-habitos-de-atencion-en-el-aula\\\/#primaryimage\",\"url\":\"https:\\\/\\\/webdelmaestrocmf.com\\\/portal\\\/wp-content\\\/uploads\\\/2025\\\/05\\\/1A-Banner-1-portada-imagen-10-1-90.jpg\",\"contentUrl\":\"https:\\\/\\\/webdelmaestrocmf.com\\\/portal\\\/wp-content\\\/uploads\\\/2025\\\/05\\\/1A-Banner-1-portada-imagen-10-1-90.jpg\",\"width\":1024,\"height\":1024},{\"@type\":\"BreadcrumbList\",\"@id\":\"https:\\\/\\\/webdelmaestrocmf.com\\\/portal\\\/como-desarrollar-habitos-de-atencion-en-el-aula\\\/#breadcrumb\",\"itemListElement\":[{\"@type\":\"ListItem\",\"position\":1,\"name\":\"Portada\",\"item\":\"https:\\\/\\\/webdelmaestrocmf.com\\\/portal\\\/\"},{\"@type\":\"ListItem\",\"position\":2,\"name\":\"Recursos\",\"item\":\"https:\\\/\\\/webdelmaestrocmf.com\\\/portal\\\/category\\\/pedagogia\\\/\"},{\"@type\":\"ListItem\",\"position\":3,\"name\":\"\u00bfC\u00f3mo desarrollar h\u00e1bitos de atenci\u00f3n en el aula?\"}]},{\"@type\":\"WebSite\",\"@id\":\"https:\\\/\\\/webdelmaestrocmf.com\\\/portal\\\/#website\",\"url\":\"https:\\\/\\\/webdelmaestrocmf.com\\\/portal\\\/\",\"name\":\"Web del Maestro CMF\",\"description\":\"Maestros al servicio de la educaci\u00f3n\",\"publisher\":{\"@id\":\"https:\\\/\\\/webdelmaestrocmf.com\\\/portal\\\/#organization\"},\"alternateName\":\"WMCMF\",\"potentialAction\":[{\"@type\":\"SearchAction\",\"target\":{\"@type\":\"EntryPoint\",\"urlTemplate\":\"https:\\\/\\\/webdelmaestrocmf.com\\\/portal\\\/?s={search_term_string}\"},\"query-input\":{\"@type\":\"PropertyValueSpecification\",\"valueRequired\":true,\"valueName\":\"search_term_string\"}}],\"inLanguage\":\"es\"},{\"@type\":\"Organization\",\"@id\":\"https:\\\/\\\/webdelmaestrocmf.com\\\/portal\\\/#organization\",\"name\":\"Web del Maestro CMF\",\"alternateName\":\"WMCMF\",\"url\":\"https:\\\/\\\/webdelmaestrocmf.com\\\/portal\\\/\",\"logo\":{\"@type\":\"ImageObject\",\"inLanguage\":\"es\",\"@id\":\"https:\\\/\\\/webdelmaestrocmf.com\\\/portal\\\/#\\\/schema\\\/logo\\\/image\\\/\",\"url\":\"https:\\\/\\\/webdelmaestrocmf.com\\\/portal\\\/wp-content\\\/uploads\\\/2023\\\/01\\\/logo-wmcmf-2.png\",\"contentUrl\":\"https:\\\/\\\/webdelmaestrocmf.com\\\/portal\\\/wp-content\\\/uploads\\\/2023\\\/01\\\/logo-wmcmf-2.png\",\"width\":200,\"height\":60,\"caption\":\"Web del Maestro CMF\"},\"image\":{\"@id\":\"https:\\\/\\\/webdelmaestrocmf.com\\\/portal\\\/#\\\/schema\\\/logo\\\/image\\\/\"},\"sameAs\":[\"https:\\\/\\\/www.facebook.com\\\/WebdelMaestroCMF\\\/\",\"https:\\\/\\\/x.com\\\/cmf_w\",\"https:\\\/\\\/www.pinterest.com\\\/WMCMF\\\/\",\"https:\\\/\\\/www.linkedin.com\\\/company\\\/web-del-maestro-cmf\\\/\",\"https:\\\/\\\/www.instagram.com\\\/wmcmf\\\/\",\"https:\\\/\\\/www.youtube.com\\\/channel\\\/UCDPSvjbdodE5sHnC3OxutHw\",\"https:\\\/\\\/mastodon.social\\\/@wmcmf\",\"https:\\\/\\\/www.tiktok.com\\\/@webdelmaestrocmf\"]},{\"@type\":\"Person\",\"@id\":\"https:\\\/\\\/webdelmaestrocmf.com\\\/portal\\\/#\\\/schema\\\/person\\\/1072a2ed7bd960df8ef99a551fa35dc5\",\"name\":\"Web del Maestro CMF\",\"image\":{\"@type\":\"ImageObject\",\"inLanguage\":\"es\",\"@id\":\"https:\\\/\\\/secure.gravatar.com\\\/avatar\\\/23291dd5b5ae1077dcff3dbb04c3e02bd28403fa75af6d8787d5e97c5bbbe30b?s=96&d=mm&r=g\",\"url\":\"https:\\\/\\\/secure.gravatar.com\\\/avatar\\\/23291dd5b5ae1077dcff3dbb04c3e02bd28403fa75af6d8787d5e97c5bbbe30b?s=96&d=mm&r=g\",\"contentUrl\":\"https:\\\/\\\/secure.gravatar.com\\\/avatar\\\/23291dd5b5ae1077dcff3dbb04c3e02bd28403fa75af6d8787d5e97c5bbbe30b?s=96&d=mm&r=g\",\"caption\":\"Web del Maestro CMF\"},\"description\":\"Esta Web se cre\u00f3 sin fines de lucro, con fines educativos, cient\u00edficos y acad\u00e9micos, para personas que tengan dificultades y\\\/o inconvenientes en visualizar el material original. El objetivo es entregar recursos, compartir experiencias y materiales que ayuden a los padres de familia, maestros y estudiantes en su actualizaci\u00f3n y formaci\u00f3n permanente, en bien de la Educaci\u00f3n.\",\"sameAs\":[\"http:\\\/\\\/webdelmaestrocmf.com\\\/portal\",\"https:\\\/\\\/www.facebook.com\\\/WebdelMaestroCMF\\\/\",\"https:\\\/\\\/www.instagram.com\\\/wmcmf\\\/\",\"https:\\\/\\\/cl.linkedin.com\\\/company\\\/web-del-maestro-cmf\",\"https:\\\/\\\/www.pinterest.com\\\/WMCMF\\\/publicaciones\\\/\",\"https:\\\/\\\/x.com\\\/cmf_w\",\"https:\\\/\\\/www.youtube.com\\\/@WMCMF\"]}]}<\/script>\n<!-- \/ Yoast SEO plugin. -->","yoast_head_json":{"title":"\u00bfC\u00f3mo desarrollar h\u00e1bitos de atenci\u00f3n en el aula? - 2026","description":"Pero hay una buena noticia: los h\u00e1bitos de atenci\u00f3n pueden ense\u00f1arse, desarrollarse y consolidarse mediante estrategias pr\u00e1cticas.","robots":{"index":"index","follow":"follow","max-snippet":"max-snippet:-1","max-image-preview":"max-image-preview:large","max-video-preview":"max-video-preview:-1"},"canonical":"https:\/\/webdelmaestrocmf.com\/portal\/como-desarrollar-habitos-de-atencion-en-el-aula\/","og_locale":"es_ES","og_type":"article","og_title":"\u00bfC\u00f3mo desarrollar h\u00e1bitos de atenci\u00f3n en el aula? - 2026","og_description":"Pero hay una buena noticia: los h\u00e1bitos de atenci\u00f3n pueden ense\u00f1arse, desarrollarse y consolidarse mediante estrategias pr\u00e1cticas.","og_url":"https:\/\/webdelmaestrocmf.com\/portal\/como-desarrollar-habitos-de-atencion-en-el-aula\/","og_site_name":"Web del Maestro CMF","article_publisher":"https:\/\/www.facebook.com\/WebdelMaestroCMF\/","article_author":"https:\/\/www.facebook.com\/WebdelMaestroCMF\/","article_published_time":"2025-05-30T23:13:28+00:00","article_modified_time":"2025-10-01T23:36:27+00:00","og_image":[{"width":1024,"height":1024,"url":"https:\/\/webdelmaestrocmf.com\/portal\/wp-content\/uploads\/2025\/05\/1A-Banner-1-portada-imagen-10-1-90.jpg","type":"image\/jpeg"}],"author":"Web del Maestro CMF","twitter_card":"summary_large_image","twitter_creator":"@cmf_w","twitter_site":"@cmf_w","schema":{"@context":"https:\/\/schema.org","@graph":[{"@type":"ScholarlyArticle","@id":"https:\/\/webdelmaestrocmf.com\/portal\/como-desarrollar-habitos-de-atencion-en-el-aula\/#article","isPartOf":{"@id":"https:\/\/webdelmaestrocmf.com\/portal\/como-desarrollar-habitos-de-atencion-en-el-aula\/"},"author":{"name":"Web del Maestro CMF","@id":"https:\/\/webdelmaestrocmf.com\/portal\/#\/schema\/person\/1072a2ed7bd960df8ef99a551fa35dc5"},"headline":"\u00bfC\u00f3mo desarrollar h\u00e1bitos de atenci\u00f3n en el aula?","datePublished":"2025-05-30T23:13:28+00:00","dateModified":"2025-10-01T23:36:27+00:00","mainEntityOfPage":{"@id":"https:\/\/webdelmaestrocmf.com\/portal\/como-desarrollar-habitos-de-atencion-en-el-aula\/"},"wordCount":951,"commentCount":0,"publisher":{"@id":"https:\/\/webdelmaestrocmf.com\/portal\/#organization"},"image":{"@id":"https:\/\/webdelmaestrocmf.com\/portal\/como-desarrollar-habitos-de-atencion-en-el-aula\/#primaryimage"},"thumbnailUrl":"https:\/\/webdelmaestrocmf.com\/portal\/wp-content\/uploads\/2025\/05\/1A-Banner-1-portada-imagen-10-1-90.jpg","keywords":["ATENCI\u00d3N","aula","DESARROLLAR","H\u00c1BITOS"],"articleSection":["Atenci\u00f3n","Recursos"],"inLanguage":"es","potentialAction":[{"@type":"CommentAction","name":"Comment","target":["https:\/\/webdelmaestrocmf.com\/portal\/como-desarrollar-habitos-de-atencion-en-el-aula\/#respond"]}]},{"@type":"WebPage","@id":"https:\/\/webdelmaestrocmf.com\/portal\/como-desarrollar-habitos-de-atencion-en-el-aula\/","url":"https:\/\/webdelmaestrocmf.com\/portal\/como-desarrollar-habitos-de-atencion-en-el-aula\/","name":"\u00bfC\u00f3mo desarrollar h\u00e1bitos de atenci\u00f3n en el aula? - 2026","isPartOf":{"@id":"https:\/\/webdelmaestrocmf.com\/portal\/#website"},"primaryImageOfPage":{"@id":"https:\/\/webdelmaestrocmf.com\/portal\/como-desarrollar-habitos-de-atencion-en-el-aula\/#primaryimage"},"image":{"@id":"https:\/\/webdelmaestrocmf.com\/portal\/como-desarrollar-habitos-de-atencion-en-el-aula\/#primaryimage"},"thumbnailUrl":"https:\/\/webdelmaestrocmf.com\/portal\/wp-content\/uploads\/2025\/05\/1A-Banner-1-portada-imagen-10-1-90.jpg","datePublished":"2025-05-30T23:13:28+00:00","dateModified":"2025-10-01T23:36:27+00:00","description":"Pero hay una buena noticia: los h\u00e1bitos de atenci\u00f3n pueden ense\u00f1arse, desarrollarse y consolidarse mediante estrategias pr\u00e1cticas.","breadcrumb":{"@id":"https:\/\/webdelmaestrocmf.com\/portal\/como-desarrollar-habitos-de-atencion-en-el-aula\/#breadcrumb"},"inLanguage":"es","potentialAction":[{"@type":"ReadAction","target":["https:\/\/webdelmaestrocmf.com\/portal\/como-desarrollar-habitos-de-atencion-en-el-aula\/"]}]},{"@type":"ImageObject","inLanguage":"es","@id":"https:\/\/webdelmaestrocmf.com\/portal\/como-desarrollar-habitos-de-atencion-en-el-aula\/#primaryimage","url":"https:\/\/webdelmaestrocmf.com\/portal\/wp-content\/uploads\/2025\/05\/1A-Banner-1-portada-imagen-10-1-90.jpg","contentUrl":"https:\/\/webdelmaestrocmf.com\/portal\/wp-content\/uploads\/2025\/05\/1A-Banner-1-portada-imagen-10-1-90.jpg","width":1024,"height":1024},{"@type":"BreadcrumbList","@id":"https:\/\/webdelmaestrocmf.com\/portal\/como-desarrollar-habitos-de-atencion-en-el-aula\/#breadcrumb","itemListElement":[{"@type":"ListItem","position":1,"name":"Portada","item":"https:\/\/webdelmaestrocmf.com\/portal\/"},{"@type":"ListItem","position":2,"name":"Recursos","item":"https:\/\/webdelmaestrocmf.com\/portal\/category\/pedagogia\/"},{"@type":"ListItem","position":3,"name":"\u00bfC\u00f3mo desarrollar h\u00e1bitos de atenci\u00f3n en el aula?"}]},{"@type":"WebSite","@id":"https:\/\/webdelmaestrocmf.com\/portal\/#website","url":"https:\/\/webdelmaestrocmf.com\/portal\/","name":"Web del Maestro CMF","description":"Maestros al servicio de la educaci\u00f3n","publisher":{"@id":"https:\/\/webdelmaestrocmf.com\/portal\/#organization"},"alternateName":"WMCMF","potentialAction":[{"@type":"SearchAction","target":{"@type":"EntryPoint","urlTemplate":"https:\/\/webdelmaestrocmf.com\/portal\/?s={search_term_string}"},"query-input":{"@type":"PropertyValueSpecification","valueRequired":true,"valueName":"search_term_string"}}],"inLanguage":"es"},{"@type":"Organization","@id":"https:\/\/webdelmaestrocmf.com\/portal\/#organization","name":"Web del Maestro CMF","alternateName":"WMCMF","url":"https:\/\/webdelmaestrocmf.com\/portal\/","logo":{"@type":"ImageObject","inLanguage":"es","@id":"https:\/\/webdelmaestrocmf.com\/portal\/#\/schema\/logo\/image\/","url":"https:\/\/webdelmaestrocmf.com\/portal\/wp-content\/uploads\/2023\/01\/logo-wmcmf-2.png","contentUrl":"https:\/\/webdelmaestrocmf.com\/portal\/wp-content\/uploads\/2023\/01\/logo-wmcmf-2.png","width":200,"height":60,"caption":"Web del Maestro CMF"},"image":{"@id":"https:\/\/webdelmaestrocmf.com\/portal\/#\/schema\/logo\/image\/"},"sameAs":["https:\/\/www.facebook.com\/WebdelMaestroCMF\/","https:\/\/x.com\/cmf_w","https:\/\/www.pinterest.com\/WMCMF\/","https:\/\/www.linkedin.com\/company\/web-del-maestro-cmf\/","https:\/\/www.instagram.com\/wmcmf\/","https:\/\/www.youtube.com\/channel\/UCDPSvjbdodE5sHnC3OxutHw","https:\/\/mastodon.social\/@wmcmf","https:\/\/www.tiktok.com\/@webdelmaestrocmf"]},{"@type":"Person","@id":"https:\/\/webdelmaestrocmf.com\/portal\/#\/schema\/person\/1072a2ed7bd960df8ef99a551fa35dc5","name":"Web del Maestro CMF","image":{"@type":"ImageObject","inLanguage":"es","@id":"https:\/\/secure.gravatar.com\/avatar\/23291dd5b5ae1077dcff3dbb04c3e02bd28403fa75af6d8787d5e97c5bbbe30b?s=96&d=mm&r=g","url":"https:\/\/secure.gravatar.com\/avatar\/23291dd5b5ae1077dcff3dbb04c3e02bd28403fa75af6d8787d5e97c5bbbe30b?s=96&d=mm&r=g","contentUrl":"https:\/\/secure.gravatar.com\/avatar\/23291dd5b5ae1077dcff3dbb04c3e02bd28403fa75af6d8787d5e97c5bbbe30b?s=96&d=mm&r=g","caption":"Web del Maestro CMF"},"description":"Esta Web se cre\u00f3 sin fines de lucro, con fines educativos, cient\u00edficos y acad\u00e9micos, para personas que tengan dificultades y\/o inconvenientes en visualizar el material original. El objetivo es entregar recursos, compartir experiencias y materiales que ayuden a los padres de familia, maestros y estudiantes en su actualizaci\u00f3n y formaci\u00f3n permanente, en bien de la Educaci\u00f3n.","sameAs":["http:\/\/webdelmaestrocmf.com\/portal","https:\/\/www.facebook.com\/WebdelMaestroCMF\/","https:\/\/www.instagram.com\/wmcmf\/","https:\/\/cl.linkedin.com\/company\/web-del-maestro-cmf","https:\/\/www.pinterest.com\/WMCMF\/publicaciones\/","https:\/\/x.com\/cmf_w","https:\/\/www.youtube.com\/@WMCMF"]}]}},"jetpack_featured_media_url":"https:\/\/webdelmaestrocmf.com\/portal\/wp-content\/uploads\/2025\/05\/1A-Banner-1-portada-imagen-10-1-90.jpg","jetpack_sharing_enabled":true,"jetpack-related-posts":[{"id":115241,"url":"https:\/\/webdelmaestrocmf.com\/portal\/que-estamos-pidiendo-realmente-cuando-pedimos-atencion-en-el-aula\/","url_meta":{"origin":109087,"position":0},"title":"\u00bfQu\u00e9 estamos pidiendo realmente cuando pedimos atenci\u00f3n en el aula?","author":"Web del Maestro CMF","date":"10 febrero, 2026","format":false,"excerpt":"La atenci\u00f3n no se exige: se dise\u00f1a comprendiendo redes cerebrales para ajustar tareas, tiempos, apoyos y demandas cognitivas del aula.","rel":"","context":"En \u00abNeurociencia\u00bb","block_context":{"text":"Neurociencia","link":"https:\/\/webdelmaestrocmf.com\/portal\/category\/pedagogia\/neurociencia\/"},"img":{"alt_text":"","src":"https:\/\/i0.wp.com\/webdelmaestrocmf.com\/portal\/wp-content\/uploads\/2026\/02\/1A-Banner-1-portada-imagen-10-1-copia.jpg?resize=350%2C200&ssl=1","width":350,"height":200,"srcset":"https:\/\/i0.wp.com\/webdelmaestrocmf.com\/portal\/wp-content\/uploads\/2026\/02\/1A-Banner-1-portada-imagen-10-1-copia.jpg?resize=350%2C200&ssl=1 1x, https:\/\/i0.wp.com\/webdelmaestrocmf.com\/portal\/wp-content\/uploads\/2026\/02\/1A-Banner-1-portada-imagen-10-1-copia.jpg?resize=525%2C300&ssl=1 1.5x, https:\/\/i0.wp.com\/webdelmaestrocmf.com\/portal\/wp-content\/uploads\/2026\/02\/1A-Banner-1-portada-imagen-10-1-copia.jpg?resize=700%2C400&ssl=1 2x"},"classes":[]},{"id":118433,"url":"https:\/\/webdelmaestrocmf.com\/portal\/9-de-cada-10-maestros-confirman-que-los-alumnos-ya-no-prestan-atencion-en-clase\/","url_meta":{"origin":109087,"position":1},"title":"9 de cada 10 maestros confirman que los alumnos ya no prestan atenci\u00f3n en clase","author":"Web del Maestro CMF","date":"23h ago","format":false,"excerpt":"La falta de atenci\u00f3n en el aula no es desinter\u00e9s, sino resultado de cerebros hiperestimulados. La ense\u00f1anza debe ajustarse a estudiantes que no sostienen la atenci\u00f3n m\u00e1s de diez minutos.","rel":"","context":"En \u00abNoticias Internacionales\u00bb","block_context":{"text":"Noticias Internacionales","link":"https:\/\/webdelmaestrocmf.com\/portal\/category\/noticias-internacionales\/"},"img":{"alt_text":"","src":"https:\/\/i0.wp.com\/webdelmaestrocmf.com\/portal\/wp-content\/uploads\/2026\/04\/1AA-Banner-1-portada-imagen-10-1-copia-1-10.webp?resize=350%2C200&ssl=1","width":350,"height":200,"srcset":"https:\/\/i0.wp.com\/webdelmaestrocmf.com\/portal\/wp-content\/uploads\/2026\/04\/1AA-Banner-1-portada-imagen-10-1-copia-1-10.webp?resize=350%2C200&ssl=1 1x, https:\/\/i0.wp.com\/webdelmaestrocmf.com\/portal\/wp-content\/uploads\/2026\/04\/1AA-Banner-1-portada-imagen-10-1-copia-1-10.webp?resize=525%2C300&ssl=1 1.5x, https:\/\/i0.wp.com\/webdelmaestrocmf.com\/portal\/wp-content\/uploads\/2026\/04\/1AA-Banner-1-portada-imagen-10-1-copia-1-10.webp?resize=700%2C400&ssl=1 2x, https:\/\/i0.wp.com\/webdelmaestrocmf.com\/portal\/wp-content\/uploads\/2026\/04\/1AA-Banner-1-portada-imagen-10-1-copia-1-10.webp?resize=1050%2C600&ssl=1 3x"},"classes":[]},{"id":116803,"url":"https:\/\/webdelmaestrocmf.com\/portal\/imprudencia-en-el-aula-una-distraccion-que-termino-en-accidente\/","url_meta":{"origin":109087,"position":2},"title":"Una alumna sufre un accidente tras columpiarse en su carpeta en plena clase","author":"Web del Maestro CMF","date":"23 marzo, 2026","format":false,"excerpt":"La imprudencia de una alumna en clase provoc\u00f3 un accidente evitable, evidenciando c\u00f3mo la falta de atenci\u00f3n y autocontrol puede poner en riesgo su integridad y afectar el desarrollo normal del aula.","rel":"","context":"En \u00abNoticias Internacionales\u00bb","block_context":{"text":"Noticias Internacionales","link":"https:\/\/webdelmaestrocmf.com\/portal\/category\/noticias-internacionales\/"},"img":{"alt_text":"","src":"https:\/\/i0.wp.com\/webdelmaestrocmf.com\/portal\/wp-content\/uploads\/2026\/03\/1AA-Banner-1-portada-imagen-10-1-copia-21.webp?resize=350%2C200&ssl=1","width":350,"height":200,"srcset":"https:\/\/i0.wp.com\/webdelmaestrocmf.com\/portal\/wp-content\/uploads\/2026\/03\/1AA-Banner-1-portada-imagen-10-1-copia-21.webp?resize=350%2C200&ssl=1 1x, https:\/\/i0.wp.com\/webdelmaestrocmf.com\/portal\/wp-content\/uploads\/2026\/03\/1AA-Banner-1-portada-imagen-10-1-copia-21.webp?resize=525%2C300&ssl=1 1.5x, https:\/\/i0.wp.com\/webdelmaestrocmf.com\/portal\/wp-content\/uploads\/2026\/03\/1AA-Banner-1-portada-imagen-10-1-copia-21.webp?resize=700%2C400&ssl=1 2x, https:\/\/i0.wp.com\/webdelmaestrocmf.com\/portal\/wp-content\/uploads\/2026\/03\/1AA-Banner-1-portada-imagen-10-1-copia-21.webp?resize=1050%2C600&ssl=1 3x"},"classes":[]},{"id":107839,"url":"https:\/\/webdelmaestrocmf.com\/portal\/funciones-neurocognitivas-claves-para-el-aprendizaje-en-el-aula\/","url_meta":{"origin":109087,"position":3},"title":"Funciones neurocognitivas: claves para el aprendizaje en el aula","author":"Web del Maestro CMF","date":"4 febrero, 2025","format":false,"excerpt":"Como docentes, nuestra labor va m\u00e1s all\u00e1 de transmitir conocimientos; tambi\u00e9n cultivamos las habilidades cognitivas de nuestros estudiantes, esas herramientas mentales que les permiten aprender, comprender y desenvolverse en el mundo. Las funciones neurocognitivas son procesos esenciales que subyacen a estas habilidades, y comprenderlas nos permite dise\u00f1ar estrategias pedag\u00f3gicas m\u00e1s\u2026","rel":"","context":"En \u00abNeurociencia\u00bb","block_context":{"text":"Neurociencia","link":"https:\/\/webdelmaestrocmf.com\/portal\/category\/pedagogia\/neurociencia\/"},"img":{"alt_text":"","src":"https:\/\/i0.wp.com\/webdelmaestrocmf.com\/portal\/wp-content\/uploads\/2025\/02\/1A-Banner-1-portada-imagen-10-1-56.jpg?resize=350%2C200&ssl=1","width":350,"height":200,"srcset":"https:\/\/i0.wp.com\/webdelmaestrocmf.com\/portal\/wp-content\/uploads\/2025\/02\/1A-Banner-1-portada-imagen-10-1-56.jpg?resize=350%2C200&ssl=1 1x, https:\/\/i0.wp.com\/webdelmaestrocmf.com\/portal\/wp-content\/uploads\/2025\/02\/1A-Banner-1-portada-imagen-10-1-56.jpg?resize=525%2C300&ssl=1 1.5x, https:\/\/i0.wp.com\/webdelmaestrocmf.com\/portal\/wp-content\/uploads\/2025\/02\/1A-Banner-1-portada-imagen-10-1-56.jpg?resize=700%2C400&ssl=1 2x"},"classes":[]},{"id":112860,"url":"https:\/\/webdelmaestrocmf.com\/portal\/exageracion-o-acierto-el-llamado-de-atencion-de-un-profesor-que-busca-despertar-conciencia\/","url_meta":{"origin":109087,"position":4},"title":"\u00bfExageraci\u00f3n o acierto? El llamado de atenci\u00f3n de un profesor que busca despertar conciencia: \u00a1Por favor dejar de ver las redes sociales!","author":"Web del Maestro CMF","date":"27 octubre, 2025","format":false,"excerpt":"Un profesor advierte a su alumna: menos redes sociales, m\u00e1s estudio. Su mensaje genera debate sobre atenci\u00f3n, aprendizaje y disciplina escolar.","rel":"","context":"En \u00abNoticias\u00bb","block_context":{"text":"Noticias","link":"https:\/\/webdelmaestrocmf.com\/portal\/category\/pedagogia\/noticias-pedagogia\/"},"img":{"alt_text":"","src":"https:\/\/i0.wp.com\/webdelmaestrocmf.com\/portal\/wp-content\/uploads\/2025\/10\/1A-Banner-1-portada-imagen-10-1-copia-2-2.webp?resize=350%2C200&ssl=1","width":350,"height":200,"srcset":"https:\/\/i0.wp.com\/webdelmaestrocmf.com\/portal\/wp-content\/uploads\/2025\/10\/1A-Banner-1-portada-imagen-10-1-copia-2-2.webp?resize=350%2C200&ssl=1 1x, https:\/\/i0.wp.com\/webdelmaestrocmf.com\/portal\/wp-content\/uploads\/2025\/10\/1A-Banner-1-portada-imagen-10-1-copia-2-2.webp?resize=525%2C300&ssl=1 1.5x, https:\/\/i0.wp.com\/webdelmaestrocmf.com\/portal\/wp-content\/uploads\/2025\/10\/1A-Banner-1-portada-imagen-10-1-copia-2-2.webp?resize=700%2C400&ssl=1 2x"},"classes":[]},{"id":108700,"url":"https:\/\/webdelmaestrocmf.com\/portal\/el-cerebro-en-meditacion-como-cambian-nuestras-redes-neuronales-segun-el-tipo-de-atencion\/","url_meta":{"origin":109087,"position":5},"title":"El cerebro en meditaci\u00f3n: c\u00f3mo cambian nuestras redes neuronales seg\u00fan el tipo de atenci\u00f3n","author":"Web del Maestro CMF","date":"7 abril, 2025","format":false,"excerpt":"Durante siglos, las pr\u00e1cticas contemplativas como la meditaci\u00f3n fueron vistas como t\u00e9cnicas espirituales o filos\u00f3ficas, dif\u00edciles de medir desde una perspectiva cient\u00edfica. Sin embargo, en las \u00faltimas d\u00e9cadas, los avances en neuroimagen han permitido abrir una ventana fascinante hacia el cerebro humano en estado meditativo. Hoy, la ciencia puede demostrar\u2026","rel":"","context":"En \u00abAtenci\u00f3n\u00bb","block_context":{"text":"Atenci\u00f3n","link":"https:\/\/webdelmaestrocmf.com\/portal\/category\/pedagogia\/atencion\/"},"img":{"alt_text":"","src":"https:\/\/i0.wp.com\/webdelmaestrocmf.com\/portal\/wp-content\/uploads\/2025\/04\/1A-Banner-1-portada-imagen-10-1-47.jpg?resize=350%2C200&ssl=1","width":350,"height":200,"srcset":"https:\/\/i0.wp.com\/webdelmaestrocmf.com\/portal\/wp-content\/uploads\/2025\/04\/1A-Banner-1-portada-imagen-10-1-47.jpg?resize=350%2C200&ssl=1 1x, https:\/\/i0.wp.com\/webdelmaestrocmf.com\/portal\/wp-content\/uploads\/2025\/04\/1A-Banner-1-portada-imagen-10-1-47.jpg?resize=525%2C300&ssl=1 1.5x, https:\/\/i0.wp.com\/webdelmaestrocmf.com\/portal\/wp-content\/uploads\/2025\/04\/1A-Banner-1-portada-imagen-10-1-47.jpg?resize=700%2C400&ssl=1 2x"},"classes":[]}],"_links":{"self":[{"href":"https:\/\/webdelmaestrocmf.com\/portal\/wp-json\/wp\/v2\/posts\/109087","targetHints":{"allow":["GET"]}}],"collection":[{"href":"https:\/\/webdelmaestrocmf.com\/portal\/wp-json\/wp\/v2\/posts"}],"about":[{"href":"https:\/\/webdelmaestrocmf.com\/portal\/wp-json\/wp\/v2\/types\/post"}],"author":[{"embeddable":true,"href":"https:\/\/webdelmaestrocmf.com\/portal\/wp-json\/wp\/v2\/users\/1"}],"replies":[{"embeddable":true,"href":"https:\/\/webdelmaestrocmf.com\/portal\/wp-json\/wp\/v2\/comments?post=109087"}],"version-history":[{"count":1,"href":"https:\/\/webdelmaestrocmf.com\/portal\/wp-json\/wp\/v2\/posts\/109087\/revisions"}],"predecessor-version":[{"id":109089,"href":"https:\/\/webdelmaestrocmf.com\/portal\/wp-json\/wp\/v2\/posts\/109087\/revisions\/109089"}],"wp:featuredmedia":[{"embeddable":true,"href":"https:\/\/webdelmaestrocmf.com\/portal\/wp-json\/wp\/v2\/media\/109088"}],"wp:attachment":[{"href":"https:\/\/webdelmaestrocmf.com\/portal\/wp-json\/wp\/v2\/media?parent=109087"}],"wp:term":[{"taxonomy":"category","embeddable":true,"href":"https:\/\/webdelmaestrocmf.com\/portal\/wp-json\/wp\/v2\/categories?post=109087"},{"taxonomy":"post_tag","embeddable":true,"href":"https:\/\/webdelmaestrocmf.com\/portal\/wp-json\/wp\/v2\/tags?post=109087"}],"curies":[{"name":"wp","href":"https:\/\/api.w.org\/{rel}","templated":true}]}}