{"id":109079,"date":"2025-11-23T12:07:00","date_gmt":"2025-11-23T15:07:00","guid":{"rendered":"https:\/\/webdelmaestrocmf.com\/portal\/?p=109079"},"modified":"2025-11-23T20:54:46","modified_gmt":"2025-11-23T23:54:46","slug":"3-funciones-ejecutivas-mas-importantes-para-la-ensenanza-y-el-aprendizaje","status":"publish","type":"post","link":"https:\/\/webdelmaestrocmf.com\/portal\/3-funciones-ejecutivas-mas-importantes-para-la-ensenanza-y-el-aprendizaje\/","title":{"rendered":"Descarga la gu\u00eda PDF: Funciones ejecutivas m\u00e1s importantes para la ense\u00f1anza y el aprendizaje"},"content":{"rendered":"\n<p>\u00bfPor qu\u00e9 algunos estudiantes act\u00faan de forma m\u00e1s impulsiva que otros? \u00bfPor qu\u00e9 algunos parecen decir lo primero que se les viene a la cabeza? \u00bfPor qu\u00e9 otros son m\u00e1s met\u00f3dicos y pueden estudiar aut\u00f3nomamente? \u00bfPor qu\u00e9 algunos se distraen hasta con el menor ruido o movimiento fuera de la sala?<\/p>\n\n\n\n<!--more-->\n\n\n\n<p>Como todo en educaci\u00f3n, la respuesta completa implicar\u00eda incontables factores y muchas p\u00e1ginas, pero aqu\u00ed trataremos de responder en base a la investigaci\u00f3n cient\u00edfica sobre un conjunto de procesos clave para el aprendizaje y el comportamiento: las funciones ejecutivas. Estas funciones est\u00e1n estrechamente vinculadas con los procesos cognitivos que influyen en el comportamiento y aprendizaje estudiantil.<\/p>\n\n\n\n<p>En esta publicaci\u00f3n exploraremos los siguientes temas:<\/p>\n\n\n\n<ol class=\"wp-block-list\">\n<li>Importancia de las funciones ejecutivas en el aprendizaje.<\/li>\n\n\n\n<li>\u00bfQu\u00e9 son las funciones ejecutivas?<\/li>\n\n\n\n<li>\u00bfQu\u00e9 deber\u00edan saber los docentes sobre las funciones ejecutivas?<br>a. La ni\u00f1ez y adolescencia son etapas cruciales para el desarrollo de las funciones ejecutivas<br>b. \u00bfCu\u00e1les son las tres funciones ejecutivas centrales para el aprendizaje?<br>c. Interacci\u00f3n de las funciones ejecutivas para el aprendizaje<br>d. \u00bfC\u00f3mo se pueden optimizar las funciones ejecutivas y qu\u00e9 tan transferibles son a otras disciplinas?<\/li>\n\n\n\n<li>Fomentando las funciones ejecutivas de forma integrada en las clases regulares<\/li>\n<\/ol>\n\n\n\n<p>El conocimiento sobre funciones ejecutivas representa una herramienta valiosa de apoyo docente en contextos educativos diversos.<\/p>\n\n\n\n<h2 class=\"wp-block-heading\"><strong>1. \u00bfPor qu\u00e9 es importante que los docentes conozcan las funciones ejecutivas?<\/strong><\/h2>\n\n\n\n<p>Los docentes trabajan d\u00eda a d\u00eda abordando situaciones complejas tanto a nivel de convivencia como de aprendizaje acad\u00e9mico de sus estudiantes. Ante este desaf\u00edo, creemos que conocer c\u00f3mo aprenden los estudiantes, es decir c\u00f3mo funcionan sus cerebros y sistema cognitivo-emocional es clave para poder tomar acciones y estrategias efectivas.<br>En este sentido, saber sobre las funciones ejecutivas nos permite comprender mejor las limitaciones, desarrollo y funcionamiento del aprendizaje humano. Asimismo, podemos tomar mejores decisiones de ense\u00f1anza y aprendizaje en beneficio de nuestros estudiantes.<br>Estas funciones est\u00e1n estrechamente vinculadas con los procesos cognitivos que influyen en el comportamiento y aprendizaje estudiantil.<\/p>\n\n\n\n<h2 class=\"wp-block-heading\"><strong>2. \u00bfQu\u00e9 son las funciones ejecutivas?<\/strong><\/h2>\n\n\n\n<p>La investigadora especialista en estos temas Adele Diamond (2013, p.136, traducci\u00f3n propia) las define como:<\/p>\n\n\n\n<blockquote class=\"wp-block-quote is-layout-flow wp-block-quote-is-layout-flow\">\n<p>\u201c[Las funciones ejecutivas son] un conjunto de procesos que necesitas cuando debes concentrarte y prestar atenci\u00f3n, cuando actuar de un modo autom\u00e1tico o instintivo es imposible, insuficiente o no recomendable\u201d<\/p>\n\n\n\n<p><strong>Adele Diamond, docente de Neurociencias Universidad de Columbia Brit\u00e1nica<\/strong><\/p>\n<\/blockquote>\n\n\n\n<p>Por lo tanto, las funciones ejecutivas est\u00e1n relacionadas con los procesos cognitivos que ocurren cuando debemos actuar de manera consciente. Por ejemplo, al conducir un autom\u00f3vil, es necesario saber c\u00f3mo hacerlo, planificar la ruta y tomar decisiones durante el trayecto. En cambio, cuando alguien se quema el dedo con una plancha y retira la mano de inmediato, no intervienen las funciones ejecutivas, ya que se trata de un acto instintivo.<\/p>\n\n\n\n<h2 class=\"wp-block-heading\"><strong>3. \u00bfQu\u00e9 deber\u00edan saber los docentes sobre las funciones ejecutivas?<\/strong><\/h2>\n\n\n\n<h3 class=\"wp-block-heading\"><strong>A. La ni\u00f1ez y adolescencia son las etapas cruciales para el desarrollo de las funciones ejecutivas<\/strong><\/h3>\n\n\n\n<p>Los estudiantes en edad preescolar y escolar est\u00e1n en una etapa de desarrollo donde las funciones ejecutivas se afinan notoriamente, especialmente entre los 3 a 6 a\u00f1os donde se ha identificado un desarrollo prominente, pero que sigue hasta aproximadamente la tercera d\u00e9cada de vida (\u00a1s\u00ed, incluso en la educaci\u00f3n superior se siguen desarrollando!). En este sentido, comprender la plasticidad cerebral en este \u00e1mbito permite ajustar las pr\u00e1cticas de ense\u00f1anza a las etapas de desarrollo.<\/p>\n\n\n\n<figure class=\"wp-block-image\"><img loading=\"lazy\" decoding=\"async\" width=\"400\" height=\"293\" src=\"https:\/\/webdelmaestrocmf.com\/portal\/wp-content\/uploads\/2025\/05\/Imagen1-400x293-1.png\" alt=\"\" class=\"wp-image-109080\" srcset=\"https:\/\/webdelmaestrocmf.com\/portal\/wp-content\/uploads\/2025\/05\/Imagen1-400x293-1.png 400w, https:\/\/webdelmaestrocmf.com\/portal\/wp-content\/uploads\/2025\/05\/Imagen1-400x293-1-300x220.png 300w, https:\/\/webdelmaestrocmf.com\/portal\/wp-content\/uploads\/2025\/05\/Imagen1-400x293-1-380x278.png 380w\" sizes=\"auto, (max-width: 400px) 100vw, 400px\" \/><\/figure>\n\n\n\n<p><\/p>\n\n\n\n<p>Esto es fundamental ya que permite comprender por qu\u00e9 los preescolares y escolares son tan impredecibles, act\u00faan con impulsividad, parecen decir cosas sin pensarlas, les cuesta esperar, planificar su estudio, entre otras problem\u00e1ticas comunes que tanto afectan a docentes y apoderados. Este entendimiento permite a los docentes:<\/p>\n\n\n\n<ul class=\"wp-block-list\">\n<li>\n<ul class=\"wp-block-list\">\n<li>Empatizar con los estudiantes que parecen tener dificultades con seguir instrucciones o simplemente concentrarse en una tarea por un par de segundos.<\/li>\n\n\n\n<li>El desarrollo de estas habilidades cognitivas puede ser potenciado a trav\u00e9s de estrategias pedag\u00f3gicas espec\u00edficas.<\/li>\n\n\n\n<li>Considerar la posibilidad de que los estudiantes que muestran m\u00e1s dificultades para comportarse y aprender en clases sean quienes m\u00e1s pr\u00e1ctica necesitan para afinar algunas funciones ejecutivas espec\u00edficas.<\/li>\n\n\n\n<li>Identificar, utilizar o potenciar estrategias de ense\u00f1anza que pueden contribuir al desarrollo de las funciones ejecutivas (profundizaremos en esto m\u00e1s adelante).<\/li>\n<\/ul>\n<\/li>\n<\/ul>\n\n\n\n<h3 class=\"wp-block-heading\"><strong>B. Las tres funciones ejecutivas centrales para el aprendizaje<\/strong><\/h3>\n\n\n\n<p>La investigaci\u00f3n cient\u00edfica ha identificado&nbsp;<strong>3 funciones ejecutivas<\/strong>&nbsp;como las m\u00e1s importantes para el funcionamiento diario y el aprendizaje humano (Diamond, 2015; 2020). Estas capacidades generalmente funcionan en conjunto, pero es \u00fatil conocer la funci\u00f3n \u201cespecializada\u201d de cada una.<\/p>\n\n\n\n<h4 class=\"wp-block-heading\">Control inhibitorio<\/h4>\n\n\n\n<p>Esta habilidad es la que les permite a los estudiantes (\u00a1y a los docentes tambi\u00e9n!) inhibir conductas impulsivas (como hablar mucho en clases, interrumpir el turno de un compa\u00f1ero o quitarle un l\u00e1piz a la compa\u00f1era del lado) y actuar de manera socialmente adecuada al contexto (por ej., no hablar fuerte durante la misa de resurrecci\u00f3n). Tambi\u00e9n el&nbsp;<strong>control inhibitorio<\/strong>&nbsp;es importante, entre otras cosas, para regular las ganas de abandonar una tarea dif\u00edcil y para mantener la concentraci\u00f3n en las explicaciones de los docentes, a pesar de distracciones externas o internas. Un caso com\u00fan en las escuelas son las dificultades que tienen los estudiantes con diagn\u00f3stico de TDAH para regular sus comportamientos y concentraci\u00f3n o atenci\u00f3n tanto en clases como en recreos (New Hope Media, 2020).<br>Sin embargo, una inhibici\u00f3n excesiva tambi\u00e9n puede generar problemas, como se puede ver en casos de estudiantes extremadamente t\u00edmidos.<\/p>\n\n\n\n<h4 class=\"wp-block-heading\"><strong>Memoria de trabajo<\/strong><\/h4>\n\n\n\n<p>Es la capacidad para retener y manipular informaci\u00f3n a corto plazo. Los aprendices se sirven de ella especialmente cuando se les ense\u00f1an contenidos o habilidades nuevas, y las tratan de relacionar con lo que ya saben o creen saber. Por ejemplo, cuando los docentes ense\u00f1an a sus estudiantes por primera vez a resolver ecuaciones, los estudiantes tendr\u00e1n que tratar de relacionar lo que saben de la operatoria b\u00e1sica con esta nueva forma de aplicarlas.La memoria de trabajo permite mantener y manipular informaci\u00f3n temporalmente en la mente. Es esencial para tareas como resolver problemas, seguir instrucciones complejas o entender textos largos. Lo m\u00e1s importante de esta parte de nuestra memoria es que posee una capacidad limitada y puede sobrecargarse r\u00e1pidamente, en especial con contenidos nuevos (entre 4 y 5 elementos nuevos en adultos; Cowan, 2001). Para que la memoria de trabajo tenga mejor rendimiento, debe apoyarse en conocimientos previos integrados previamente en la memoria a largo plazo para que los contenidos nuevos puedan \u201cengancharse\u201d en algo estable (Sweller, 2020; si deseas conocer m\u00e1s implicancias pr\u00e1cticas de estas limitaciones de la memoria, te recomendamos leer esta gu\u00eda pr\u00e1ctica sobre la teor\u00eda de la carga cognitiva).<\/p>\n\n\n\n<h4 class=\"wp-block-heading\"><strong>Flexibilidad cognitiva<\/strong><\/h4>\n\n\n\n<p>Esta funci\u00f3n ejecutiva hace posible que las personas se adapten a nuevas situaciones, cambien de perspectiva y encuentren soluciones creativas. Por ejemplo, gracias a esta capacidad los estudiantes pueden imaginar c\u00f3mo se ver\u00eda un objeto desde otro \u00e1ngulo o abordar un problema desde un enfoque diferente al ya conocido. Esta capacidad tambi\u00e9n ayuda a los estudiantes a admitir errores y encontrar las respuestas m\u00e1s adecuadas. En los contextos escolares es posible ver estudiantes que est\u00e1n m\u00e1s abiertos a reconocer sus errores, recibir retroalimentaci\u00f3n y hacer algo con esta informaci\u00f3n para corregir sus formas de pensar. En contraste, es probable que los estudiantes a los que les cuesta reconocer sus errores o cambiar de formas de abordar una tarea, tengan un menor desarrollo de su flexibilidad cognitiva. Por ejemplo, los estudiantes dentro del espectro autista suelen tener dificultades espec\u00edficas con la flexibilidad cognitiva, es decir, puede que les cueste m\u00e1s que a sus pares ver los problemas desde distintas perspectivas o corregir sus errores (New Hope Media (2020).<\/p>\n\n\n\n<h3 class=\"wp-block-heading\"><strong>C. Interacci\u00f3n de las funciones ejecutivas para el aprendizaje<\/strong><\/h3>\n\n\n\n<p>Encuentra un ejemplo de c\u00f3mo interact\u00faan estas capacidades en tareas de aprendizaje en esta infograf\u00eda:<\/p>\n\n\n\n<p><iframe src=\"https:\/\/docs.google.com\/viewerng\/viewer?url=https:\/\/storage.googleapis.com\/aptus-storage-cl-www\/2025\/05\/Torre_de_control_30-04-1.pdf&amp;embedded=true\" height=\"700\" scrolling=\"true\" data-mce-fragment=\"1\"><\/iframe><\/p>\n\n\n\n<h3 class=\"wp-block-heading\">D. \u00bfC\u00f3mo se pueden optimizar las funciones ejecutivas y qu\u00e9 tan transferibles son a otras disciplinas?<\/h3>\n\n\n\n<p>Si estas funciones son tan importantes, y tienen tantas implicancias para la vida cotidiana y el aprendizaje de los estudiantes, ser\u00eda una buena idea entrenarlas, \u00bfverdad? \u00bfc\u00f3mo podemos hacerlo en las escuelas?<br>Pues, lo sentimos, pero no es tan simple. La investigaci\u00f3n cient\u00edfica sobre el \u201centrenamiento\u201d de las funciones ejecutivas y su transferibilidad a actividades acad\u00e9micas diferentes ha demostrado que esa relaci\u00f3n es muy limitada. Es decir, las tareas espec\u00edficamente dise\u00f1adas para entrenar funciones ejecutivas tienen un impacto acotado a tareas del mismo tipo y dichas mejoras no se traducen en un mejor desempe\u00f1o en actividades diferentes.<\/p>\n\n\n\n<p>Diamond y Ling (2015, p. 36) lo expresan as\u00ed:<\/p>\n\n\n\n<blockquote class=\"wp-block-quote is-layout-flow wp-block-quote-is-layout-flow\">\n<p>Las personas mejoran en las habilidades que practican y estas se transfieren a otros contextos donde las mismas habilidades son necesarias, pero las personas solo mejoran espec\u00edficamente en lo que practican; estas mejoras no parecen transferirse a otras habilidades\u201d<\/p>\n\n\n\n<p><strong>Adele Diamond, docente de Neurociencias Universidad de Columbia Brit\u00e1nica<\/strong><\/p>\n<\/blockquote>\n\n\n\n<h2 class=\"wp-block-heading\"><strong>Fomentando las funciones ejecutivas de forma integrada en las clases regulares<\/strong><\/h2>\n\n\n\n<p>La implicancia directa de la poca transferibilidad de las tareas de \u201centrenamiento\u201d de las funciones ejecutivas es que ser\u00eda un error (o un mal uso del tiempo) hacer actividades con el \u00fanico foco de \u201cmejorar\u201d estas capacidades, sin una relaci\u00f3n con tareas espec\u00edficas que se conecten con procesos o conocimientos propios de diferentes asignaturas. Por ejemplo, alguien podr\u00eda pensar que para \u201cfortalecer\u201d la memoria de trabajo, podr\u00eda ayudar que los estudiantes memoricen diferentes series de n\u00fameros aleatorios una y otra vez. Sin embargo, esto no va a lograr que se hagan mejores en memorizar cualquier n\u00famero o que puedan retener m\u00e1s informaci\u00f3n de cualquier tipo. Solo se podr\u00eda ver una mejora si se trata siempre de los mismos n\u00fameros.<br>Pero si no se pueden entrenar de forma general, \u00bfc\u00f3mo las fomentamos para que realmente impacten el aprendizaje escolar?<br>Se han identificado algunas formas concretas de trabajar las funciones ejecutivas de forma integrada a las clases del d\u00eda a d\u00eda, por ejemplo (en Diamond y Ling, 2015):<\/p>\n\n\n\n<ul class=\"wp-block-list\">\n<li>Se ha demostrado que entregar m\u00e1s tiempo para pensar a los estudiantes antes de pedirles una respuesta no solo permite que den una respuesta m\u00e1s elaborada y tengan m\u00e1s confianza en esta, sino que les da la oportunidad de practicar el control inhibitorio. Es decir, inhibir la primera respuesta que se les viene a la cabeza, desarrollarla m\u00e1s o cambiarla (Simpson y Riggs, 2007).<\/li>\n\n\n\n<li>En el \u00e1mbito de la educaci\u00f3n f\u00edsica, se ha identificado los ejercicios aer\u00f3bicos o entrenamiento de resistencia solo aportan al desarrollo de las funciones ejecutivas cuando se incluyen deliberadamente componentes cognitivos a estas actividades (como deportes que requieren seguir instrucciones, toma de decisiones, coordinaci\u00f3n en equipo, planificaci\u00f3n, etc.) o cuando las personas muestran un compromiso por largo tiempo en determinada actividad f\u00edsica.<\/li>\n\n\n\n<li>Las investigaciones sugieren que una estrategia m\u00e1s segura de mejorar las funciones ejecutivas es reducir los factores que las afectan negativamente, en lugar de concentrarnos en actividades aisladas que supuestamente las mejoran en general. Por ejemplo, est\u00e1 demostrado que el estr\u00e9s excesivo, las sensaciones de soledad y una salud mental deficitaria se traduce en un menor rendimiento en esas capacidades. Por lo tanto, una forma \u201cindirecta\u201d, pero m\u00e1s efectiva de fomentarlas ser\u00eda intervenir en esas condiciones negativas.<\/li>\n<\/ul>\n\n\n\n<p>Si bien estos factores no est\u00e1n en control absoluto de los docentes, s\u00ed es posible influir en el clima para el aprendizaje, en tanto:<\/p>\n\n\n\n<ul class=\"wp-block-list\">\n<li>Desarrollar una\u00a0<strong>cultura de aula receptiva hacia los errores<\/strong>\u00a0(Lemov, 2022). Por ejemplo, explicitando constantemente mensajes como \u201caqu\u00ed estamos todos aprendiendo y equivocarnos es parte de aprender\u201d o \u201cen mis clases les har\u00e9 preguntas a todos, porque creo que todos pueden aprender y quiero darle la oportunidad incluso aunque se equivoquen, porque as\u00ed sabr\u00e9 qu\u00e9 hacer al respecto\u201d.<br>\u25cb\u00a0<strong>Reducir ponderaciones<\/strong>\u00a0en tareas o actividades con calificaci\u00f3n para que no sean percibidas como una amenaza y los estudiantes no asocien los errores con bajas notas (Agarwal et al., 2014).<br>\u25cb Ser emp\u00e1ticos y criteriosos al evaluar en qu\u00e9 momento y a qu\u00e9 estudiante hacerle preguntas m\u00e1s o menos dif\u00edciles (Morek et al., 2023). Quiz\u00e1s no sea tan buena idea hacerle\u00a0<strong>preguntas sin aviso<\/strong>\u00a0(Lemov, 2021) justo a la estudiante m\u00e1s t\u00edmida sin antes conocerla un poco.<\/li>\n<\/ul>\n\n\n\n<h2 class=\"wp-block-heading\"><strong>Conclusi\u00f3n<\/strong><\/h2>\n\n\n\n<p>Las funciones ejecutivas son habilidades cognitivas esenciales que impactan profundamente el aprendizaje y el desarrollo de los estudiantes. Comprender su importancia, c\u00f3mo se desarrollan y cu\u00e1les son sus componentes principales (el control inhibitorio, la memoria de trabajo y la flexibilidad cognitiva) permite a los docentes comprender mejor el comportamiento estudiantil, identificar necesidades y tomar decisiones pedag\u00f3gicas m\u00e1s efectivas. Si bien el entrenamiento aislado muestra limitada transferibilidad, los docentes pueden fomentar el desarrollo de estas capacidades a trav\u00e9s de estrategias integradas en el aula y, crucialmente, reduciendo los factores negativos que las afectan, por ejemplo, promoviendo un clima de aula positivo. Este conocimiento es una herramienta poderosa para apoyar el \u00e9xito acad\u00e9mico y personal de cada estudiante.<\/p>\n\n\n\n<h2 class=\"wp-block-heading\"><strong>Referencias<\/strong><\/h2>\n\n\n\n<ul class=\"wp-block-list\">\n<li>Center on the Developing Child at Harvard University (2011). Building the Brain\u2019s \u201cAir Traffic Control\u201d System: How Early Experiences Shape the Development of Executive Function:<\/li>\n\n\n\n<li>Working Paper No. 11. Retrieved from www.developingchild.harvard.edu.<\/li>\n\n\n\n<li>Cowan, N. (2001). The magical number 4 in short-term memory: A reconsideration of mental storage capacity. Behavioral and Brain Sciences, Behavioral and Brain Sciences, 24(1), 87\u2013185.<\/li>\n\n\n\n<li>Diamond, A. (2013). Executive functions. Annu Rev Psychol 64: 135\u2013168.<\/li>\n\n\n\n<li>Diamond, A. &amp; Ling, D. (2015). Conclusions about interventions, programs, and approaches for improving executive functions that appear justified and those that, despite much hype, do not. Developmental Cognitive Neuroscience 18 (2016) 34\u201348<\/li>\n\n\n\n<li>Diamond, A. (2020). Executive functions. In A. Gallagher, C. Bulteau, D. Cohen, &amp; J. L. Michaud (Eds.), Neurocognitive Development: Normative Development (pp. 225-240). Elsevier Science.<\/li>\n\n\n\n<li>Lemov, D. (2022). Ense\u00f1a como un maestro 3.0: 63 t\u00e9cnicas de ense\u00f1anza para desarrollar aprendizajes de excelencia. Editorial Aptus.<\/li>\n\n\n\n<li>Morek, M., Heller, V., &amp; Kinalzik, N. (2023). Engaging \u2018silent\u2019 students in classroom discussions: A micro-analytic view on teachers\u2019 embodied enactments of cold-calling practices. Language and Education, 37(6), 731\u2013749.<\/li>\n\n\n\n<li>New Hope Media (2020). The ADHD-Autism Link. Distinctions and similitaries between autism spectrum disorder and attention d\u00e9ficit hyperactivity disorder un children. Additude<br>Rueda Cuerva, C. (2021). Educar la atenci\u00f3n: con cerebro. Alianza Editorial.<\/li>\n\n\n\n<li>Sweller, J., van Merri\u00ebnboer, J. &amp; Paas, F. (2020).\u00a0<a href=\"https:\/\/www.aptus.org\/publicacion\/articulo-la-arquitectura-cognitiva-y-el-diseno-instruccional-20-anos-despues\/\" target=\"_blank\" rel=\"noopener\">La arquitectura cognitiva y el dise\u00f1o instruccional: 20 a\u00f1os despu\u00e9s<\/a>\u00a0(Aptus, trad.) Educational Psychology Review, 31: 261\u2013292. (obra original publicada en 2019)<\/li>\n\n\n\n<li>Weintraub S., et al. (In Press). NIH Toolbox for the Assessment of Behavioral and Neurological Function: Cognition domain instruments. Neurology.<\/li>\n<\/ul>\n\n\n\n<h2 class=\"wp-block-heading\"><strong>Gu\u00eda completa para potenciar las funciones ejecutivas en el aula: un recurso imprescindible para docentes comprometidos<\/strong><\/h2>\n\n\n\n<p>Esta gu\u00eda desarrollada por el psic\u00f3logo Alexis Valenzuela Rivera y publicada con el respaldo de ADIPA, es un aporte invaluable para los profesionales del \u00e1mbito educativo. Con un enfoque riguroso y basado en evidencia cient\u00edfica, ofrece estrategias concretas para comprender, evaluar e intervenir en las funciones ejecutivas en el contexto escolar. Su contenido abarca desde la memoria de trabajo, el control inhibitorio y la flexibilidad cognitiva, hasta el aprendizaje autorregulado como motor de transferencia.<\/p>\n\n\n\n<p>Adem\u00e1s, integra modelos reconocidos como el de Diamond y el de Dawson &amp; Guare, proponiendo aplicaciones pr\u00e1cticas, r\u00fabricas y herramientas que los docentes pueden adaptar a sus aulas. Esta gu\u00eda no solo contribuye a mejorar el desempe\u00f1o acad\u00e9mico, sino que promueve una ense\u00f1anza m\u00e1s consciente, reflexiva y personalizada.<\/p>\n\n\n\n<p>Gracias al autor por compartir gratuitamente este material tan completo y \u00fatil, que sin duda fortalece nuestra labor como educadores comprometidos con el desarrollo integral de nuestros estudiantes.<\/p>\n\n\n\n<iframe loading=\"lazy\" src=\"https:\/\/drive.google.com\/file\/d\/13CDm6oYtG2bqnFyO0vNrHHSDTb78FzuG\/preview\" width=\"100%\" height=\"600\" allow=\"autoplay\"><\/iframe>\n\n\n\n<p><strong>FUENTE: ATUS<\/strong><\/p>\n\n\n\n<p class=\"has-text-align-center\">MATERIAL DE DESCARGA: <a href=\"https:\/\/drive.google.com\/drive\/folders\/1CK1TIRHn2uonfGSOCjicdSIqSTXMLwFR?usp=sharing\" target=\"_blank\" rel=\"noreferrer noopener\">FUNCIONES EJECUTIVAS Y APOYO DOCENTE EN EL AULA<\/a><\/p>\n\n\n\t\t<div class=\"pk-inline-posts\">\n\t\t\t\n\t\t\t<div class=\"pk-inline-posts-container pk-inline-posts-template-list\"\n\t\t\t\tdata-columns=\"1\">\n\t\t\t\t\t\t<article id=\"post-74079\" class=\"post-74079 post type-post status-publish format-standard has-post-thumbnail category-neurociencia category-pedagogia tag-clave tag-educativo tag-modelo tag-neuroeducacion tag-nuevo cs-entry cs-video-wrap\">\n\t\t\t<div class=\"pk-post-outer\">\n\n\t\t\t\t\t\t\t\t<div class=\"pk-post-inner\">\n\t\t\t\t\t<div class=\"entry-thumbnail\">\n\t\t\t\t\t\t<div class=\"pk-overlay pk-overlay-ratio pk-ratio-landscape\">\n\t\t\t\t\t\t\t<div class=\"pk-overlay-background\">\n\t\t\t\t\t\t\t\t<a href=\"https:\/\/webdelmaestrocmf.com\/portal\/es-la-neuroeducacion-la-clave-de-un-nuevo-modelo-educativo\/\" class=\"pk-overlay-link\">\n\t\t\t\t\t\t\t\t\t<img loading=\"lazy\" decoding=\"async\" width=\"300\" height=\"225\" src=\"https:\/\/webdelmaestrocmf.com\/portal\/wp-content\/uploads\/2022\/02\/1AA-Banner-1-portada-imagen-10-1-copia-1-300x225.webp\" class=\"attachment-pk-thumbnail size-pk-thumbnail wp-post-image\" alt=\"\" \/>\t\t\t\t\t\t\t\t<\/a>\n\t\t\t\t\t\t\t<\/div>\n\t\t\t\t\t\t<\/div>\n\t\t\t\t\t<\/div>\n\t\t\t\t<\/div>\n\t\t\t\t\n\t\t\t\t<div class=\"pk-post-inner\">\n\t\t\t\t\t<header>\n\t\t\t\t\t\t<h3 class=\"pk-title\"><a href=\"https:\/\/webdelmaestrocmf.com\/portal\/es-la-neuroeducacion-la-clave-de-un-nuevo-modelo-educativo\/\" rel=\"bookmark\">\u00bfEs la neuroeducaci\u00f3n la clave de un nuevo modelo educativo?<\/a><\/h3>\t\t\t\t\t<\/header><!-- .entry-header -->\n\t\t\t\t<\/div><!-- .post-inner -->\n\n\t\t\t<\/div><!-- .post-outer -->\n\t\t<\/article>\n\t\t\t<article id=\"post-22146\" class=\"post-22146 post type-post status-publish format-standard has-post-thumbnail category-neurociencia category-pedagogia tag-descarga tag-manual tag-neuroeducacion tag-pdf tag-practica tag-teoria cs-entry cs-video-wrap\">\n\t\t\t<div class=\"pk-post-outer\">\n\n\t\t\t\t\t\t\t\t<div class=\"pk-post-inner\">\n\t\t\t\t\t<div class=\"entry-thumbnail\">\n\t\t\t\t\t\t<div class=\"pk-overlay pk-overlay-ratio pk-ratio-landscape\">\n\t\t\t\t\t\t\t<div class=\"pk-overlay-background\">\n\t\t\t\t\t\t\t\t<a href=\"https:\/\/webdelmaestrocmf.com\/portal\/neuroeducacion-en-el-aula-de-la-teoria-a-la-practica\/\" class=\"pk-overlay-link\">\n\t\t\t\t\t\t\t\t\t<img loading=\"lazy\" decoding=\"async\" width=\"300\" height=\"225\" src=\"https:\/\/webdelmaestrocmf.com\/portal\/wp-content\/uploads\/2026\/03\/1AA-Banner-1-portada-imagen-10-1-copia-8-4-300x225.webp\" class=\"attachment-pk-thumbnail size-pk-thumbnail wp-post-image\" alt=\"\" \/>\t\t\t\t\t\t\t\t<\/a>\n\t\t\t\t\t\t\t<\/div>\n\t\t\t\t\t\t<\/div>\n\t\t\t\t\t<\/div>\n\t\t\t\t<\/div>\n\t\t\t\t\n\t\t\t\t<div class=\"pk-post-inner\">\n\t\t\t\t\t<header>\n\t\t\t\t\t\t<h3 class=\"pk-title\"><a href=\"https:\/\/webdelmaestrocmf.com\/portal\/neuroeducacion-en-el-aula-de-la-teoria-a-la-practica\/\" rel=\"bookmark\">Neuroeducaci\u00f3n en el aula: de la teor\u00eda a la pr\u00e1ctica. Actividades para estimulaci\u00f3n cognitiva con fichas | Libro PDF gratis<\/a><\/h3>\t\t\t\t\t<\/header><!-- .entry-header -->\n\t\t\t\t<\/div><!-- .post-inner -->\n\n\t\t\t<\/div><!-- .post-outer -->\n\t\t<\/article>\n\t\t\t<article id=\"post-115241\" class=\"post-115241 post type-post status-publish format-standard has-post-thumbnail category-neurociencia category-pedagogia tag-aprendizaje tag-atencion-2 tag-aula tag-autorregulacion tag-didactica-2 tag-neurociencia tag-neuroeducacion tag-practica-docente tag-redes-cerebrales cs-entry cs-video-wrap\">\n\t\t\t<div class=\"pk-post-outer\">\n\n\t\t\t\t\t\t\t\t<div class=\"pk-post-inner\">\n\t\t\t\t\t<div class=\"entry-thumbnail\">\n\t\t\t\t\t\t<div class=\"pk-overlay pk-overlay-ratio pk-ratio-landscape\">\n\t\t\t\t\t\t\t<div class=\"pk-overlay-background\">\n\t\t\t\t\t\t\t\t<a href=\"https:\/\/webdelmaestrocmf.com\/portal\/que-estamos-pidiendo-realmente-cuando-pedimos-atencion-en-el-aula\/\" class=\"pk-overlay-link\">\n\t\t\t\t\t\t\t\t\t<img loading=\"lazy\" decoding=\"async\" width=\"300\" height=\"225\" src=\"https:\/\/webdelmaestrocmf.com\/portal\/wp-content\/uploads\/2026\/02\/1A-Banner-1-portada-imagen-10-1-copia-300x225.jpg\" class=\"attachment-pk-thumbnail size-pk-thumbnail wp-post-image\" alt=\"\" \/>\t\t\t\t\t\t\t\t<\/a>\n\t\t\t\t\t\t\t<\/div>\n\t\t\t\t\t\t<\/div>\n\t\t\t\t\t<\/div>\n\t\t\t\t<\/div>\n\t\t\t\t\n\t\t\t\t<div class=\"pk-post-inner\">\n\t\t\t\t\t<header>\n\t\t\t\t\t\t<h3 class=\"pk-title\"><a href=\"https:\/\/webdelmaestrocmf.com\/portal\/que-estamos-pidiendo-realmente-cuando-pedimos-atencion-en-el-aula\/\" rel=\"bookmark\">\u00bfQu\u00e9 estamos pidiendo realmente cuando pedimos atenci\u00f3n en el aula?<\/a><\/h3>\t\t\t\t\t<\/header><!-- .entry-header -->\n\t\t\t\t<\/div><!-- .post-inner -->\n\n\t\t\t<\/div><!-- .post-outer -->\n\t\t<\/article>\n\t\t\t\t<\/div>\n\t\t<\/div>\n\t\t\n","protected":false},"excerpt":{"rendered":"Una gu\u00eda gratuita para integrar funciones ejecutivas en el aula con evidencia cient\u00edfica, estrategias pr\u00e1cticas y enfoque pedag\u00f3gico claro.","protected":false},"author":1,"featured_media":113596,"comment_status":"open","ping_status":"closed","sticky":false,"template":"","format":"standard","meta":{"csco_display_header_overlay":false,"csco_singular_sidebar":"","csco_page_header_type":"","csco_page_load_nextpost":"","csco_post_video_location":[],"csco_post_video_location_hash":"","csco_post_video_url":"","csco_post_video_bg_start_time":0,"csco_post_video_bg_end_time":0,"csco_post_video_bg_volume":false,"_jetpack_memberships_contains_paid_content":false,"footnotes":""},"categories":[1249,735],"tags":[16014,77,6437,867,2011,5124],"class_list":{"0":"post-109079","1":"post","2":"type-post","3":"status-publish","4":"format-standard","5":"has-post-thumbnail","7":"category-neurociencia","8":"category-pedagogia","9":"tag-16014","10":"tag-aprendizaje","11":"tag-ejecutivas","12":"tag-ensenanza","13":"tag-funciones","14":"tag-importantes","15":"cs-entry","16":"cs-video-wrap"},"yoast_head":"<!-- This site is optimized with the Yoast SEO plugin v27.5 - https:\/\/yoast.com\/product\/yoast-seo-wordpress\/ -->\n<title>Descarga la gu\u00eda PDF: Funciones ejecutivas m\u00e1s importantes para la ense\u00f1anza y el aprendizaje - 2026<\/title>\n<meta name=\"description\" content=\"\u00bfPor qu\u00e9 algunos estudiantes act\u00faan de forma m\u00e1s impulsiva que otros? \u00bfPor qu\u00e9 algunos parecen decir lo primero que se les viene...\" \/>\n<meta name=\"robots\" content=\"index, follow, max-snippet:-1, max-image-preview:large, max-video-preview:-1\" \/>\n<link rel=\"canonical\" href=\"https:\/\/webdelmaestrocmf.com\/portal\/3-funciones-ejecutivas-mas-importantes-para-la-ensenanza-y-el-aprendizaje\/\" \/>\n<meta property=\"og:locale\" content=\"es_ES\" \/>\n<meta property=\"og:type\" content=\"article\" \/>\n<meta property=\"og:title\" content=\"Descarga la gu\u00eda PDF: Funciones ejecutivas m\u00e1s importantes para la ense\u00f1anza y el aprendizaje - 2026\" \/>\n<meta property=\"og:description\" content=\"\u00bfPor qu\u00e9 algunos estudiantes act\u00faan de forma m\u00e1s impulsiva que otros? \u00bfPor qu\u00e9 algunos parecen decir lo primero que se les viene...\" \/>\n<meta property=\"og:url\" content=\"https:\/\/webdelmaestrocmf.com\/portal\/3-funciones-ejecutivas-mas-importantes-para-la-ensenanza-y-el-aprendizaje\/\" \/>\n<meta property=\"og:site_name\" content=\"Web del Maestro CMF\" \/>\n<meta property=\"article:publisher\" content=\"https:\/\/www.facebook.com\/WebdelMaestroCMF\/\" \/>\n<meta property=\"article:author\" content=\"https:\/\/www.facebook.com\/WebdelMaestroCMF\/\" \/>\n<meta property=\"article:published_time\" content=\"2025-11-23T15:07:00+00:00\" \/>\n<meta property=\"article:modified_time\" content=\"2025-11-23T23:54:46+00:00\" \/>\n<meta property=\"og:image\" content=\"https:\/\/webdelmaestrocmf.com\/portal\/wp-content\/uploads\/2025\/11\/Portada-descarga-3-1.jpg\" \/>\n\t<meta property=\"og:image:width\" content=\"1000\" \/>\n\t<meta property=\"og:image:height\" content=\"667\" \/>\n\t<meta property=\"og:image:type\" content=\"image\/jpeg\" \/>\n<meta name=\"author\" content=\"Web del Maestro CMF\" \/>\n<meta name=\"twitter:card\" content=\"summary_large_image\" \/>\n<meta name=\"twitter:creator\" content=\"@cmf_w\" \/>\n<meta name=\"twitter:site\" content=\"@cmf_w\" \/>\n<script type=\"application\/ld+json\" class=\"yoast-schema-graph\">{\"@context\":\"https:\\\/\\\/schema.org\",\"@graph\":[{\"@type\":\"ScholarlyArticle\",\"@id\":\"https:\\\/\\\/webdelmaestrocmf.com\\\/portal\\\/3-funciones-ejecutivas-mas-importantes-para-la-ensenanza-y-el-aprendizaje\\\/#article\",\"isPartOf\":{\"@id\":\"https:\\\/\\\/webdelmaestrocmf.com\\\/portal\\\/3-funciones-ejecutivas-mas-importantes-para-la-ensenanza-y-el-aprendizaje\\\/\"},\"author\":{\"name\":\"Web del Maestro CMF\",\"@id\":\"https:\\\/\\\/webdelmaestrocmf.com\\\/portal\\\/#\\\/schema\\\/person\\\/1072a2ed7bd960df8ef99a551fa35dc5\"},\"headline\":\"Descarga la gu\u00eda PDF: Funciones ejecutivas m\u00e1s importantes para la ense\u00f1anza y el aprendizaje\",\"datePublished\":\"2025-11-23T15:07:00+00:00\",\"dateModified\":\"2025-11-23T23:54:46+00:00\",\"mainEntityOfPage\":{\"@id\":\"https:\\\/\\\/webdelmaestrocmf.com\\\/portal\\\/3-funciones-ejecutivas-mas-importantes-para-la-ensenanza-y-el-aprendizaje\\\/\"},\"wordCount\":2687,\"commentCount\":0,\"publisher\":{\"@id\":\"https:\\\/\\\/webdelmaestrocmf.com\\\/portal\\\/#organization\"},\"image\":{\"@id\":\"https:\\\/\\\/webdelmaestrocmf.com\\\/portal\\\/3-funciones-ejecutivas-mas-importantes-para-la-ensenanza-y-el-aprendizaje\\\/#primaryimage\"},\"thumbnailUrl\":\"https:\\\/\\\/webdelmaestrocmf.com\\\/portal\\\/wp-content\\\/uploads\\\/2025\\\/11\\\/Portada-descarga-3-1.jpg\",\"keywords\":[\"3\",\"aprendizaje\",\"ejecutivas\",\"ENSE\u00d1ANZA\",\"FUNCIONES\",\"Importantes\"],\"articleSection\":[\"Neurociencia\",\"Recursos\"],\"inLanguage\":\"es\",\"potentialAction\":[{\"@type\":\"CommentAction\",\"name\":\"Comment\",\"target\":[\"https:\\\/\\\/webdelmaestrocmf.com\\\/portal\\\/3-funciones-ejecutivas-mas-importantes-para-la-ensenanza-y-el-aprendizaje\\\/#respond\"]}]},{\"@type\":\"WebPage\",\"@id\":\"https:\\\/\\\/webdelmaestrocmf.com\\\/portal\\\/3-funciones-ejecutivas-mas-importantes-para-la-ensenanza-y-el-aprendizaje\\\/\",\"url\":\"https:\\\/\\\/webdelmaestrocmf.com\\\/portal\\\/3-funciones-ejecutivas-mas-importantes-para-la-ensenanza-y-el-aprendizaje\\\/\",\"name\":\"Descarga la gu\u00eda PDF: Funciones ejecutivas m\u00e1s importantes para la ense\u00f1anza y el aprendizaje - 2026\",\"isPartOf\":{\"@id\":\"https:\\\/\\\/webdelmaestrocmf.com\\\/portal\\\/#website\"},\"primaryImageOfPage\":{\"@id\":\"https:\\\/\\\/webdelmaestrocmf.com\\\/portal\\\/3-funciones-ejecutivas-mas-importantes-para-la-ensenanza-y-el-aprendizaje\\\/#primaryimage\"},\"image\":{\"@id\":\"https:\\\/\\\/webdelmaestrocmf.com\\\/portal\\\/3-funciones-ejecutivas-mas-importantes-para-la-ensenanza-y-el-aprendizaje\\\/#primaryimage\"},\"thumbnailUrl\":\"https:\\\/\\\/webdelmaestrocmf.com\\\/portal\\\/wp-content\\\/uploads\\\/2025\\\/11\\\/Portada-descarga-3-1.jpg\",\"datePublished\":\"2025-11-23T15:07:00+00:00\",\"dateModified\":\"2025-11-23T23:54:46+00:00\",\"description\":\"\u00bfPor qu\u00e9 algunos estudiantes act\u00faan de forma m\u00e1s impulsiva que otros? \u00bfPor qu\u00e9 algunos parecen decir lo primero que se les viene...\",\"breadcrumb\":{\"@id\":\"https:\\\/\\\/webdelmaestrocmf.com\\\/portal\\\/3-funciones-ejecutivas-mas-importantes-para-la-ensenanza-y-el-aprendizaje\\\/#breadcrumb\"},\"inLanguage\":\"es\",\"potentialAction\":[{\"@type\":\"ReadAction\",\"target\":[\"https:\\\/\\\/webdelmaestrocmf.com\\\/portal\\\/3-funciones-ejecutivas-mas-importantes-para-la-ensenanza-y-el-aprendizaje\\\/\"]}]},{\"@type\":\"ImageObject\",\"inLanguage\":\"es\",\"@id\":\"https:\\\/\\\/webdelmaestrocmf.com\\\/portal\\\/3-funciones-ejecutivas-mas-importantes-para-la-ensenanza-y-el-aprendizaje\\\/#primaryimage\",\"url\":\"https:\\\/\\\/webdelmaestrocmf.com\\\/portal\\\/wp-content\\\/uploads\\\/2025\\\/11\\\/Portada-descarga-3-1.jpg\",\"contentUrl\":\"https:\\\/\\\/webdelmaestrocmf.com\\\/portal\\\/wp-content\\\/uploads\\\/2025\\\/11\\\/Portada-descarga-3-1.jpg\",\"width\":1000,\"height\":667},{\"@type\":\"BreadcrumbList\",\"@id\":\"https:\\\/\\\/webdelmaestrocmf.com\\\/portal\\\/3-funciones-ejecutivas-mas-importantes-para-la-ensenanza-y-el-aprendizaje\\\/#breadcrumb\",\"itemListElement\":[{\"@type\":\"ListItem\",\"position\":1,\"name\":\"Portada\",\"item\":\"https:\\\/\\\/webdelmaestrocmf.com\\\/portal\\\/\"},{\"@type\":\"ListItem\",\"position\":2,\"name\":\"Recursos\",\"item\":\"https:\\\/\\\/webdelmaestrocmf.com\\\/portal\\\/category\\\/pedagogia\\\/\"},{\"@type\":\"ListItem\",\"position\":3,\"name\":\"Descarga la gu\u00eda PDF: Funciones ejecutivas m\u00e1s importantes para la ense\u00f1anza y el aprendizaje\"}]},{\"@type\":\"WebSite\",\"@id\":\"https:\\\/\\\/webdelmaestrocmf.com\\\/portal\\\/#website\",\"url\":\"https:\\\/\\\/webdelmaestrocmf.com\\\/portal\\\/\",\"name\":\"Web del Maestro CMF\",\"description\":\"Maestros al servicio de la educaci\u00f3n\",\"publisher\":{\"@id\":\"https:\\\/\\\/webdelmaestrocmf.com\\\/portal\\\/#organization\"},\"alternateName\":\"WMCMF\",\"potentialAction\":[{\"@type\":\"SearchAction\",\"target\":{\"@type\":\"EntryPoint\",\"urlTemplate\":\"https:\\\/\\\/webdelmaestrocmf.com\\\/portal\\\/?s={search_term_string}\"},\"query-input\":{\"@type\":\"PropertyValueSpecification\",\"valueRequired\":true,\"valueName\":\"search_term_string\"}}],\"inLanguage\":\"es\"},{\"@type\":\"Organization\",\"@id\":\"https:\\\/\\\/webdelmaestrocmf.com\\\/portal\\\/#organization\",\"name\":\"Web del Maestro CMF\",\"alternateName\":\"WMCMF\",\"url\":\"https:\\\/\\\/webdelmaestrocmf.com\\\/portal\\\/\",\"logo\":{\"@type\":\"ImageObject\",\"inLanguage\":\"es\",\"@id\":\"https:\\\/\\\/webdelmaestrocmf.com\\\/portal\\\/#\\\/schema\\\/logo\\\/image\\\/\",\"url\":\"https:\\\/\\\/webdelmaestrocmf.com\\\/portal\\\/wp-content\\\/uploads\\\/2023\\\/01\\\/logo-wmcmf-2.png\",\"contentUrl\":\"https:\\\/\\\/webdelmaestrocmf.com\\\/portal\\\/wp-content\\\/uploads\\\/2023\\\/01\\\/logo-wmcmf-2.png\",\"width\":200,\"height\":60,\"caption\":\"Web del Maestro CMF\"},\"image\":{\"@id\":\"https:\\\/\\\/webdelmaestrocmf.com\\\/portal\\\/#\\\/schema\\\/logo\\\/image\\\/\"},\"sameAs\":[\"https:\\\/\\\/www.facebook.com\\\/WebdelMaestroCMF\\\/\",\"https:\\\/\\\/x.com\\\/cmf_w\",\"https:\\\/\\\/www.pinterest.com\\\/WMCMF\\\/\",\"https:\\\/\\\/www.linkedin.com\\\/company\\\/web-del-maestro-cmf\\\/\",\"https:\\\/\\\/www.instagram.com\\\/wmcmf\\\/\",\"https:\\\/\\\/www.youtube.com\\\/channel\\\/UCDPSvjbdodE5sHnC3OxutHw\",\"https:\\\/\\\/mastodon.social\\\/@wmcmf\",\"https:\\\/\\\/www.tiktok.com\\\/@webdelmaestrocmf\"]},{\"@type\":\"Person\",\"@id\":\"https:\\\/\\\/webdelmaestrocmf.com\\\/portal\\\/#\\\/schema\\\/person\\\/1072a2ed7bd960df8ef99a551fa35dc5\",\"name\":\"Web del Maestro CMF\",\"image\":{\"@type\":\"ImageObject\",\"inLanguage\":\"es\",\"@id\":\"https:\\\/\\\/secure.gravatar.com\\\/avatar\\\/23291dd5b5ae1077dcff3dbb04c3e02bd28403fa75af6d8787d5e97c5bbbe30b?s=96&d=mm&r=g\",\"url\":\"https:\\\/\\\/secure.gravatar.com\\\/avatar\\\/23291dd5b5ae1077dcff3dbb04c3e02bd28403fa75af6d8787d5e97c5bbbe30b?s=96&d=mm&r=g\",\"contentUrl\":\"https:\\\/\\\/secure.gravatar.com\\\/avatar\\\/23291dd5b5ae1077dcff3dbb04c3e02bd28403fa75af6d8787d5e97c5bbbe30b?s=96&d=mm&r=g\",\"caption\":\"Web del Maestro CMF\"},\"description\":\"Esta Web se cre\u00f3 sin fines de lucro, con fines educativos, cient\u00edficos y acad\u00e9micos, para personas que tengan dificultades y\\\/o inconvenientes en visualizar el material original. El objetivo es entregar recursos, compartir experiencias y materiales que ayuden a los padres de familia, maestros y estudiantes en su actualizaci\u00f3n y formaci\u00f3n permanente, en bien de la Educaci\u00f3n.\",\"sameAs\":[\"http:\\\/\\\/webdelmaestrocmf.com\\\/portal\",\"https:\\\/\\\/www.facebook.com\\\/WebdelMaestroCMF\\\/\",\"https:\\\/\\\/www.instagram.com\\\/wmcmf\\\/\",\"https:\\\/\\\/cl.linkedin.com\\\/company\\\/web-del-maestro-cmf\",\"https:\\\/\\\/www.pinterest.com\\\/WMCMF\\\/publicaciones\\\/\",\"https:\\\/\\\/x.com\\\/cmf_w\",\"https:\\\/\\\/www.youtube.com\\\/@WMCMF\"]}]}<\/script>\n<!-- \/ Yoast SEO plugin. -->","yoast_head_json":{"title":"Descarga la gu\u00eda PDF: Funciones ejecutivas m\u00e1s importantes para la ense\u00f1anza y el aprendizaje - 2026","description":"\u00bfPor qu\u00e9 algunos estudiantes act\u00faan de forma m\u00e1s impulsiva que otros? \u00bfPor qu\u00e9 algunos parecen decir lo primero que se les viene...","robots":{"index":"index","follow":"follow","max-snippet":"max-snippet:-1","max-image-preview":"max-image-preview:large","max-video-preview":"max-video-preview:-1"},"canonical":"https:\/\/webdelmaestrocmf.com\/portal\/3-funciones-ejecutivas-mas-importantes-para-la-ensenanza-y-el-aprendizaje\/","og_locale":"es_ES","og_type":"article","og_title":"Descarga la gu\u00eda PDF: Funciones ejecutivas m\u00e1s importantes para la ense\u00f1anza y el aprendizaje - 2026","og_description":"\u00bfPor qu\u00e9 algunos estudiantes act\u00faan de forma m\u00e1s impulsiva que otros? \u00bfPor qu\u00e9 algunos parecen decir lo primero que se les viene...","og_url":"https:\/\/webdelmaestrocmf.com\/portal\/3-funciones-ejecutivas-mas-importantes-para-la-ensenanza-y-el-aprendizaje\/","og_site_name":"Web del Maestro CMF","article_publisher":"https:\/\/www.facebook.com\/WebdelMaestroCMF\/","article_author":"https:\/\/www.facebook.com\/WebdelMaestroCMF\/","article_published_time":"2025-11-23T15:07:00+00:00","article_modified_time":"2025-11-23T23:54:46+00:00","og_image":[{"width":1000,"height":667,"url":"https:\/\/webdelmaestrocmf.com\/portal\/wp-content\/uploads\/2025\/11\/Portada-descarga-3-1.jpg","type":"image\/jpeg"}],"author":"Web del Maestro CMF","twitter_card":"summary_large_image","twitter_creator":"@cmf_w","twitter_site":"@cmf_w","schema":{"@context":"https:\/\/schema.org","@graph":[{"@type":"ScholarlyArticle","@id":"https:\/\/webdelmaestrocmf.com\/portal\/3-funciones-ejecutivas-mas-importantes-para-la-ensenanza-y-el-aprendizaje\/#article","isPartOf":{"@id":"https:\/\/webdelmaestrocmf.com\/portal\/3-funciones-ejecutivas-mas-importantes-para-la-ensenanza-y-el-aprendizaje\/"},"author":{"name":"Web del Maestro CMF","@id":"https:\/\/webdelmaestrocmf.com\/portal\/#\/schema\/person\/1072a2ed7bd960df8ef99a551fa35dc5"},"headline":"Descarga la gu\u00eda PDF: Funciones ejecutivas m\u00e1s importantes para la ense\u00f1anza y el aprendizaje","datePublished":"2025-11-23T15:07:00+00:00","dateModified":"2025-11-23T23:54:46+00:00","mainEntityOfPage":{"@id":"https:\/\/webdelmaestrocmf.com\/portal\/3-funciones-ejecutivas-mas-importantes-para-la-ensenanza-y-el-aprendizaje\/"},"wordCount":2687,"commentCount":0,"publisher":{"@id":"https:\/\/webdelmaestrocmf.com\/portal\/#organization"},"image":{"@id":"https:\/\/webdelmaestrocmf.com\/portal\/3-funciones-ejecutivas-mas-importantes-para-la-ensenanza-y-el-aprendizaje\/#primaryimage"},"thumbnailUrl":"https:\/\/webdelmaestrocmf.com\/portal\/wp-content\/uploads\/2025\/11\/Portada-descarga-3-1.jpg","keywords":["3","aprendizaje","ejecutivas","ENSE\u00d1ANZA","FUNCIONES","Importantes"],"articleSection":["Neurociencia","Recursos"],"inLanguage":"es","potentialAction":[{"@type":"CommentAction","name":"Comment","target":["https:\/\/webdelmaestrocmf.com\/portal\/3-funciones-ejecutivas-mas-importantes-para-la-ensenanza-y-el-aprendizaje\/#respond"]}]},{"@type":"WebPage","@id":"https:\/\/webdelmaestrocmf.com\/portal\/3-funciones-ejecutivas-mas-importantes-para-la-ensenanza-y-el-aprendizaje\/","url":"https:\/\/webdelmaestrocmf.com\/portal\/3-funciones-ejecutivas-mas-importantes-para-la-ensenanza-y-el-aprendizaje\/","name":"Descarga la gu\u00eda PDF: Funciones ejecutivas m\u00e1s importantes para la ense\u00f1anza y el aprendizaje - 2026","isPartOf":{"@id":"https:\/\/webdelmaestrocmf.com\/portal\/#website"},"primaryImageOfPage":{"@id":"https:\/\/webdelmaestrocmf.com\/portal\/3-funciones-ejecutivas-mas-importantes-para-la-ensenanza-y-el-aprendizaje\/#primaryimage"},"image":{"@id":"https:\/\/webdelmaestrocmf.com\/portal\/3-funciones-ejecutivas-mas-importantes-para-la-ensenanza-y-el-aprendizaje\/#primaryimage"},"thumbnailUrl":"https:\/\/webdelmaestrocmf.com\/portal\/wp-content\/uploads\/2025\/11\/Portada-descarga-3-1.jpg","datePublished":"2025-11-23T15:07:00+00:00","dateModified":"2025-11-23T23:54:46+00:00","description":"\u00bfPor qu\u00e9 algunos estudiantes act\u00faan de forma m\u00e1s impulsiva que otros? \u00bfPor qu\u00e9 algunos parecen decir lo primero que se les viene...","breadcrumb":{"@id":"https:\/\/webdelmaestrocmf.com\/portal\/3-funciones-ejecutivas-mas-importantes-para-la-ensenanza-y-el-aprendizaje\/#breadcrumb"},"inLanguage":"es","potentialAction":[{"@type":"ReadAction","target":["https:\/\/webdelmaestrocmf.com\/portal\/3-funciones-ejecutivas-mas-importantes-para-la-ensenanza-y-el-aprendizaje\/"]}]},{"@type":"ImageObject","inLanguage":"es","@id":"https:\/\/webdelmaestrocmf.com\/portal\/3-funciones-ejecutivas-mas-importantes-para-la-ensenanza-y-el-aprendizaje\/#primaryimage","url":"https:\/\/webdelmaestrocmf.com\/portal\/wp-content\/uploads\/2025\/11\/Portada-descarga-3-1.jpg","contentUrl":"https:\/\/webdelmaestrocmf.com\/portal\/wp-content\/uploads\/2025\/11\/Portada-descarga-3-1.jpg","width":1000,"height":667},{"@type":"BreadcrumbList","@id":"https:\/\/webdelmaestrocmf.com\/portal\/3-funciones-ejecutivas-mas-importantes-para-la-ensenanza-y-el-aprendizaje\/#breadcrumb","itemListElement":[{"@type":"ListItem","position":1,"name":"Portada","item":"https:\/\/webdelmaestrocmf.com\/portal\/"},{"@type":"ListItem","position":2,"name":"Recursos","item":"https:\/\/webdelmaestrocmf.com\/portal\/category\/pedagogia\/"},{"@type":"ListItem","position":3,"name":"Descarga la gu\u00eda PDF: Funciones ejecutivas m\u00e1s importantes para la ense\u00f1anza y el aprendizaje"}]},{"@type":"WebSite","@id":"https:\/\/webdelmaestrocmf.com\/portal\/#website","url":"https:\/\/webdelmaestrocmf.com\/portal\/","name":"Web del Maestro CMF","description":"Maestros al servicio de la educaci\u00f3n","publisher":{"@id":"https:\/\/webdelmaestrocmf.com\/portal\/#organization"},"alternateName":"WMCMF","potentialAction":[{"@type":"SearchAction","target":{"@type":"EntryPoint","urlTemplate":"https:\/\/webdelmaestrocmf.com\/portal\/?s={search_term_string}"},"query-input":{"@type":"PropertyValueSpecification","valueRequired":true,"valueName":"search_term_string"}}],"inLanguage":"es"},{"@type":"Organization","@id":"https:\/\/webdelmaestrocmf.com\/portal\/#organization","name":"Web del Maestro CMF","alternateName":"WMCMF","url":"https:\/\/webdelmaestrocmf.com\/portal\/","logo":{"@type":"ImageObject","inLanguage":"es","@id":"https:\/\/webdelmaestrocmf.com\/portal\/#\/schema\/logo\/image\/","url":"https:\/\/webdelmaestrocmf.com\/portal\/wp-content\/uploads\/2023\/01\/logo-wmcmf-2.png","contentUrl":"https:\/\/webdelmaestrocmf.com\/portal\/wp-content\/uploads\/2023\/01\/logo-wmcmf-2.png","width":200,"height":60,"caption":"Web del Maestro CMF"},"image":{"@id":"https:\/\/webdelmaestrocmf.com\/portal\/#\/schema\/logo\/image\/"},"sameAs":["https:\/\/www.facebook.com\/WebdelMaestroCMF\/","https:\/\/x.com\/cmf_w","https:\/\/www.pinterest.com\/WMCMF\/","https:\/\/www.linkedin.com\/company\/web-del-maestro-cmf\/","https:\/\/www.instagram.com\/wmcmf\/","https:\/\/www.youtube.com\/channel\/UCDPSvjbdodE5sHnC3OxutHw","https:\/\/mastodon.social\/@wmcmf","https:\/\/www.tiktok.com\/@webdelmaestrocmf"]},{"@type":"Person","@id":"https:\/\/webdelmaestrocmf.com\/portal\/#\/schema\/person\/1072a2ed7bd960df8ef99a551fa35dc5","name":"Web del Maestro CMF","image":{"@type":"ImageObject","inLanguage":"es","@id":"https:\/\/secure.gravatar.com\/avatar\/23291dd5b5ae1077dcff3dbb04c3e02bd28403fa75af6d8787d5e97c5bbbe30b?s=96&d=mm&r=g","url":"https:\/\/secure.gravatar.com\/avatar\/23291dd5b5ae1077dcff3dbb04c3e02bd28403fa75af6d8787d5e97c5bbbe30b?s=96&d=mm&r=g","contentUrl":"https:\/\/secure.gravatar.com\/avatar\/23291dd5b5ae1077dcff3dbb04c3e02bd28403fa75af6d8787d5e97c5bbbe30b?s=96&d=mm&r=g","caption":"Web del Maestro CMF"},"description":"Esta Web se cre\u00f3 sin fines de lucro, con fines educativos, cient\u00edficos y acad\u00e9micos, para personas que tengan dificultades y\/o inconvenientes en visualizar el material original. El objetivo es entregar recursos, compartir experiencias y materiales que ayuden a los padres de familia, maestros y estudiantes en su actualizaci\u00f3n y formaci\u00f3n permanente, en bien de la Educaci\u00f3n.","sameAs":["http:\/\/webdelmaestrocmf.com\/portal","https:\/\/www.facebook.com\/WebdelMaestroCMF\/","https:\/\/www.instagram.com\/wmcmf\/","https:\/\/cl.linkedin.com\/company\/web-del-maestro-cmf","https:\/\/www.pinterest.com\/WMCMF\/publicaciones\/","https:\/\/x.com\/cmf_w","https:\/\/www.youtube.com\/@WMCMF"]}]}},"jetpack_featured_media_url":"https:\/\/webdelmaestrocmf.com\/portal\/wp-content\/uploads\/2025\/11\/Portada-descarga-3-1.jpg","jetpack_sharing_enabled":true,"jetpack-related-posts":[{"id":107839,"url":"https:\/\/webdelmaestrocmf.com\/portal\/funciones-neurocognitivas-claves-para-el-aprendizaje-en-el-aula\/","url_meta":{"origin":109079,"position":0},"title":"Funciones neurocognitivas: claves para el aprendizaje en el aula","author":"Web del Maestro CMF","date":"4 febrero, 2025","format":false,"excerpt":"Como docentes, nuestra labor va m\u00e1s all\u00e1 de transmitir conocimientos; tambi\u00e9n cultivamos las habilidades cognitivas de nuestros estudiantes, esas herramientas mentales que les permiten aprender, comprender y desenvolverse en el mundo. Las funciones neurocognitivas son procesos esenciales que subyacen a estas habilidades, y comprenderlas nos permite dise\u00f1ar estrategias pedag\u00f3gicas m\u00e1s\u2026","rel":"","context":"En \u00abNeurociencia\u00bb","block_context":{"text":"Neurociencia","link":"https:\/\/webdelmaestrocmf.com\/portal\/category\/pedagogia\/neurociencia\/"},"img":{"alt_text":"","src":"https:\/\/i0.wp.com\/webdelmaestrocmf.com\/portal\/wp-content\/uploads\/2025\/02\/1A-Banner-1-portada-imagen-10-1-56.jpg?resize=350%2C200&ssl=1","width":350,"height":200,"srcset":"https:\/\/i0.wp.com\/webdelmaestrocmf.com\/portal\/wp-content\/uploads\/2025\/02\/1A-Banner-1-portada-imagen-10-1-56.jpg?resize=350%2C200&ssl=1 1x, https:\/\/i0.wp.com\/webdelmaestrocmf.com\/portal\/wp-content\/uploads\/2025\/02\/1A-Banner-1-portada-imagen-10-1-56.jpg?resize=525%2C300&ssl=1 1.5x, https:\/\/i0.wp.com\/webdelmaestrocmf.com\/portal\/wp-content\/uploads\/2025\/02\/1A-Banner-1-portada-imagen-10-1-56.jpg?resize=700%2C400&ssl=1 2x"},"classes":[]},{"id":107684,"url":"https:\/\/webdelmaestrocmf.com\/portal\/que-deben-saber-los-docentes-sobre-la-memoria-de-los-adolescentes\/","url_meta":{"origin":109079,"position":1},"title":"Qu\u00e9 deben saber los docentes sobre la memoria de los adolescentes","author":"Web del Maestro CMF","date":"25 enero, 2025","format":false,"excerpt":"La adolescencia es una etapa crucial en el desarrollo del cerebro, y la memoria, en sus m\u00faltiples formas, desempe\u00f1a un papel esencial en este proceso. Comprender c\u00f3mo funciona la memoria en esta etapa y c\u00f3mo se relaciona con las funciones ejecutivas y emocionales puede ayudar a los docentes a dise\u00f1ar\u2026","rel":"","context":"En \u00abMemoria\u00bb","block_context":{"text":"Memoria","link":"https:\/\/webdelmaestrocmf.com\/portal\/category\/pedagogia\/memoria\/"},"img":{"alt_text":"","src":"https:\/\/i0.wp.com\/webdelmaestrocmf.com\/portal\/wp-content\/uploads\/2025\/01\/1A-Banner-1-portada-imagen-10-1-37.jpg?resize=350%2C200&ssl=1","width":350,"height":200,"srcset":"https:\/\/i0.wp.com\/webdelmaestrocmf.com\/portal\/wp-content\/uploads\/2025\/01\/1A-Banner-1-portada-imagen-10-1-37.jpg?resize=350%2C200&ssl=1 1x, https:\/\/i0.wp.com\/webdelmaestrocmf.com\/portal\/wp-content\/uploads\/2025\/01\/1A-Banner-1-portada-imagen-10-1-37.jpg?resize=525%2C300&ssl=1 1.5x, https:\/\/i0.wp.com\/webdelmaestrocmf.com\/portal\/wp-content\/uploads\/2025\/01\/1A-Banner-1-portada-imagen-10-1-37.jpg?resize=700%2C400&ssl=1 2x"},"classes":[]},{"id":72177,"url":"https:\/\/webdelmaestrocmf.com\/portal\/para-desarrollar-las-funciones-ejecutivas-debemos-cambiar-de-una-vez-por-todas-la-manera-de-ensenar-y-trasmitir-conocimientos\/","url_meta":{"origin":109079,"position":2},"title":"Para desarrollar las funciones ejecutivas debemos cambiar de una vez por todas la manera de ense\u00f1ar y trasmitir conocimientos","author":"Web del Maestro CMF","date":"20 diciembre, 2021","format":false,"excerpt":"Esta publicaci\u00f3n pretende apoyar los programas de intervenci\u00f3n educativa para la mejora de las funciones ejecutivas e identificar los criterios que han resultado exitosos. Por eso, compartimos los recientes hallazgos y opiniones que nos pueden permitir planificar nuestras intervenciones educativas y tener la disposici\u00f3n de cambiar nuestra manera de ense\u00f1ar.\u2026","rel":"","context":"En \u00abYo opino - WMCMF\u00bb","block_context":{"text":"Yo opino - WMCMF","link":"https:\/\/webdelmaestrocmf.com\/portal\/category\/jamb\/"},"img":{"alt_text":"","src":"https:\/\/i0.wp.com\/webdelmaestrocmf.com\/portal\/wp-content\/uploads\/2021\/12\/1WEDRT-28.jpg?resize=350%2C200&ssl=1","width":350,"height":200,"srcset":"https:\/\/i0.wp.com\/webdelmaestrocmf.com\/portal\/wp-content\/uploads\/2021\/12\/1WEDRT-28.jpg?resize=350%2C200&ssl=1 1x, https:\/\/i0.wp.com\/webdelmaestrocmf.com\/portal\/wp-content\/uploads\/2021\/12\/1WEDRT-28.jpg?resize=525%2C300&ssl=1 1.5x, https:\/\/i0.wp.com\/webdelmaestrocmf.com\/portal\/wp-content\/uploads\/2021\/12\/1WEDRT-28.jpg?resize=700%2C400&ssl=1 2x, https:\/\/i0.wp.com\/webdelmaestrocmf.com\/portal\/wp-content\/uploads\/2021\/12\/1WEDRT-28.jpg?resize=1050%2C600&ssl=1 3x"},"classes":[]},{"id":99006,"url":"https:\/\/webdelmaestrocmf.com\/portal\/12-funciones-cognitivas-para-trabajar-con-el-alumno\/","url_meta":{"origin":109079,"position":3},"title":"Activa la mente de tus alumnos: 12 funciones cognitivas con libros, cuadernillos y 36 fichas para todas las edades","author":"Web del Maestro CMF","date":"20 octubre, 2025","format":false,"excerpt":"Al comprender la importancia de las funciones cognitivas y aplicar estrategias efectivas en el aula, los educadores pueden desbloquear el potencial de cada estudiante, brind\u00e1ndoles las herramientas necesarias para un aprendizaje significativo y duradero","rel":"","context":"En \u00abFunciones cognitivas\u00bb","block_context":{"text":"Funciones cognitivas","link":"https:\/\/webdelmaestrocmf.com\/portal\/category\/pedagogia\/funciones-cognitivas\/"},"img":{"alt_text":"funciones cognitivas","src":"https:\/\/i0.wp.com\/webdelmaestrocmf.com\/portal\/wp-content\/uploads\/2023\/10\/Banner-1-portada-imagen-10-39.jpg?resize=350%2C200&ssl=1","width":350,"height":200,"srcset":"https:\/\/i0.wp.com\/webdelmaestrocmf.com\/portal\/wp-content\/uploads\/2023\/10\/Banner-1-portada-imagen-10-39.jpg?resize=350%2C200&ssl=1 1x, https:\/\/i0.wp.com\/webdelmaestrocmf.com\/portal\/wp-content\/uploads\/2023\/10\/Banner-1-portada-imagen-10-39.jpg?resize=525%2C300&ssl=1 1.5x, https:\/\/i0.wp.com\/webdelmaestrocmf.com\/portal\/wp-content\/uploads\/2023\/10\/Banner-1-portada-imagen-10-39.jpg?resize=700%2C400&ssl=1 2x"},"classes":[]},{"id":98266,"url":"https:\/\/webdelmaestrocmf.com\/portal\/andrea-goldin-la-memorizacion-promueve-el-desarrollo-de-habilidades-que-son-fundamentales-para-el-aprendizaje-y-el-exito-en-la-vida\/","url_meta":{"origin":109079,"position":4},"title":"Andrea Goldin: La memorizaci\u00f3n promueve el desarrollo de habilidades que son fundamentales para el aprendizaje y el \u00e9xito en la vida","author":"Web del Maestro CMF","date":"22 octubre, 2023","format":false,"excerpt":"\"Aprender de memoria\" o la memorizaci\u00f3n se refiere al proceso de memorizar informaci\u00f3n o contenido sin necesariamente comprender profundamente su significado. Implica recordar datos, hechos, f\u00f3rmulas o informaci\u00f3n de manera repetitiva hasta que puedan ser recuperados sin dificultad cuando sea necesario. Le invitamos a ver la entrevista completa en el\u2026","rel":"","context":"En \u00abEntrevistas\u00bb","block_context":{"text":"Entrevistas","link":"https:\/\/webdelmaestrocmf.com\/portal\/category\/noticias\/entrevistas\/"},"img":{"alt_text":"memorizaci\u00f3n","src":"https:\/\/i0.wp.com\/webdelmaestrocmf.com\/portal\/wp-content\/uploads\/2023\/10\/A12B3C4D-7-2.jpg?resize=350%2C200&ssl=1","width":350,"height":200,"srcset":"https:\/\/i0.wp.com\/webdelmaestrocmf.com\/portal\/wp-content\/uploads\/2023\/10\/A12B3C4D-7-2.jpg?resize=350%2C200&ssl=1 1x, https:\/\/i0.wp.com\/webdelmaestrocmf.com\/portal\/wp-content\/uploads\/2023\/10\/A12B3C4D-7-2.jpg?resize=525%2C300&ssl=1 1.5x, https:\/\/i0.wp.com\/webdelmaestrocmf.com\/portal\/wp-content\/uploads\/2023\/10\/A12B3C4D-7-2.jpg?resize=700%2C400&ssl=1 2x"},"classes":[]},{"id":112165,"url":"https:\/\/webdelmaestrocmf.com\/portal\/el-movimiento-la-emocion-y-la-memoria-tres-aliados-cerebrales-para-el-docente\/","url_meta":{"origin":109079,"position":5},"title":"El movimiento, la emoci\u00f3n y la memoria: tres aliados cerebrales para el docente","author":"Web del Maestro CMF","date":"16 septiembre, 2025","format":false,"excerpt":"Comprender el cerebro permite al docente dise\u00f1ar clases inclusivas, conectar con emociones, activar aprendizajes significativos y transformar la ense\u00f1anza.","rel":"","context":"En \u00abNeurociencia\u00bb","block_context":{"text":"Neurociencia","link":"https:\/\/webdelmaestrocmf.com\/portal\/category\/pedagogia\/neurociencia\/"},"img":{"alt_text":"","src":"https:\/\/i0.wp.com\/webdelmaestrocmf.com\/portal\/wp-content\/uploads\/2025\/09\/1A-Banner-1-portada-imagen-10-1-copia-2025-09-16T113414.045.webp?resize=350%2C200&ssl=1","width":350,"height":200,"srcset":"https:\/\/i0.wp.com\/webdelmaestrocmf.com\/portal\/wp-content\/uploads\/2025\/09\/1A-Banner-1-portada-imagen-10-1-copia-2025-09-16T113414.045.webp?resize=350%2C200&ssl=1 1x, https:\/\/i0.wp.com\/webdelmaestrocmf.com\/portal\/wp-content\/uploads\/2025\/09\/1A-Banner-1-portada-imagen-10-1-copia-2025-09-16T113414.045.webp?resize=525%2C300&ssl=1 1.5x, https:\/\/i0.wp.com\/webdelmaestrocmf.com\/portal\/wp-content\/uploads\/2025\/09\/1A-Banner-1-portada-imagen-10-1-copia-2025-09-16T113414.045.webp?resize=700%2C400&ssl=1 2x"},"classes":[]}],"_links":{"self":[{"href":"https:\/\/webdelmaestrocmf.com\/portal\/wp-json\/wp\/v2\/posts\/109079","targetHints":{"allow":["GET"]}}],"collection":[{"href":"https:\/\/webdelmaestrocmf.com\/portal\/wp-json\/wp\/v2\/posts"}],"about":[{"href":"https:\/\/webdelmaestrocmf.com\/portal\/wp-json\/wp\/v2\/types\/post"}],"author":[{"embeddable":true,"href":"https:\/\/webdelmaestrocmf.com\/portal\/wp-json\/wp\/v2\/users\/1"}],"replies":[{"embeddable":true,"href":"https:\/\/webdelmaestrocmf.com\/portal\/wp-json\/wp\/v2\/comments?post=109079"}],"version-history":[{"count":6,"href":"https:\/\/webdelmaestrocmf.com\/portal\/wp-json\/wp\/v2\/posts\/109079\/revisions"}],"predecessor-version":[{"id":113595,"href":"https:\/\/webdelmaestrocmf.com\/portal\/wp-json\/wp\/v2\/posts\/109079\/revisions\/113595"}],"wp:featuredmedia":[{"embeddable":true,"href":"https:\/\/webdelmaestrocmf.com\/portal\/wp-json\/wp\/v2\/media\/113596"}],"wp:attachment":[{"href":"https:\/\/webdelmaestrocmf.com\/portal\/wp-json\/wp\/v2\/media?parent=109079"}],"wp:term":[{"taxonomy":"category","embeddable":true,"href":"https:\/\/webdelmaestrocmf.com\/portal\/wp-json\/wp\/v2\/categories?post=109079"},{"taxonomy":"post_tag","embeddable":true,"href":"https:\/\/webdelmaestrocmf.com\/portal\/wp-json\/wp\/v2\/tags?post=109079"}],"curies":[{"name":"wp","href":"https:\/\/api.w.org\/{rel}","templated":true}]}}