{"id":108992,"date":"2025-05-25T20:06:47","date_gmt":"2025-05-26T00:06:47","guid":{"rendered":"https:\/\/webdelmaestrocmf.com\/portal\/?p=108992"},"modified":"2025-06-02T11:22:36","modified_gmt":"2025-06-02T15:22:36","slug":"maestro-de-1965-vs-maestro-de-2025-la-evolucion-del-rol-docente-y-el-costo-del-olvido-social","status":"publish","type":"post","link":"https:\/\/webdelmaestrocmf.com\/portal\/maestro-de-1965-vs-maestro-de-2025-la-evolucion-del-rol-docente-y-el-costo-del-olvido-social\/","title":{"rendered":"Maestro de 1965 vs Maestro de 2025: La evoluci\u00f3n del rol docente y el costo del olvido social"},"content":{"rendered":"<p style=\"text-align: justify;\" data-start=\"167\" data-end=\"430\">\u00bfEn qu\u00e9 momento dejamos de respetar a quienes sostienen la educaci\u00f3n con su cuerpo y su alma? \u00a0Hace seis d\u00e9cadas, ser maestro era sin\u00f3nimo de autoridad, de conocimiento, de respeto. Hoy, en cambio, ser maestro es sin\u00f3nimo de carga, presi\u00f3n, desgaste\u2026 y abandono.<!--more--><\/p>\n<p style=\"text-align: justify;\" data-start=\"432\" data-end=\"654\">El aula ya no es solo un espacio de ense\u00f1anza. Es un campo de batalla emocional, social y pedag\u00f3gico donde el docente, muchas veces en soledad, <strong data-start=\"576\" data-end=\"653\">intenta rescatar lo que la familia, el sistema y la sociedad dejaron caer<\/strong>.<\/p>\n<p style=\"text-align: justify;\" data-start=\"656\" data-end=\"757\">El maestro del pasado ense\u00f1aba. El maestro de hoy ense\u00f1a, contiene, resuelve, sostiene y sobrevive.<\/p>\n<p style=\"text-align: justify;\" data-start=\"759\" data-end=\"810\">Y mientras m\u00e1s le exigimos, <strong data-start=\"787\" data-end=\"809\">menos lo valoramos<\/strong>.<\/p>\n<p style=\"text-align: justify;\" data-start=\"812\" data-end=\"1010\">Este art\u00edculo no es una comparaci\u00f3n nost\u00e1lgica. Es una denuncia. Una alerta. Y sobre todo, <strong data-start=\"907\" data-end=\"959\">un llamado urgente a dignificar la labor docente<\/strong> antes de que la vocaci\u00f3n tambi\u00e9n decida renunciar.<\/p>\n<p data-start=\"812\" data-end=\"1010\"><img loading=\"lazy\" decoding=\"async\" class=\"alignnone size-full wp-image-108993\" src=\"https:\/\/webdelmaestrocmf.com\/portal\/wp-content\/uploads\/2025\/05\/1A-Banner-1-portada-imagen-10-1-74.jpg\" alt=\"\" width=\"1024\" height=\"1024\" srcset=\"https:\/\/webdelmaestrocmf.com\/portal\/wp-content\/uploads\/2025\/05\/1A-Banner-1-portada-imagen-10-1-74.jpg 1024w, https:\/\/webdelmaestrocmf.com\/portal\/wp-content\/uploads\/2025\/05\/1A-Banner-1-portada-imagen-10-1-74-300x300.jpg 300w, https:\/\/webdelmaestrocmf.com\/portal\/wp-content\/uploads\/2025\/05\/1A-Banner-1-portada-imagen-10-1-74-150x150.jpg 150w, https:\/\/webdelmaestrocmf.com\/portal\/wp-content\/uploads\/2025\/05\/1A-Banner-1-portada-imagen-10-1-74-768x768.jpg 768w, https:\/\/webdelmaestrocmf.com\/portal\/wp-content\/uploads\/2025\/05\/1A-Banner-1-portada-imagen-10-1-74-80x80.jpg 80w, https:\/\/webdelmaestrocmf.com\/portal\/wp-content\/uploads\/2025\/05\/1A-Banner-1-portada-imagen-10-1-74-110x110.jpg 110w, https:\/\/webdelmaestrocmf.com\/portal\/wp-content\/uploads\/2025\/05\/1A-Banner-1-portada-imagen-10-1-74-380x380.jpg 380w, https:\/\/webdelmaestrocmf.com\/portal\/wp-content\/uploads\/2025\/05\/1A-Banner-1-portada-imagen-10-1-74-550x550.jpg 550w, https:\/\/webdelmaestrocmf.com\/portal\/wp-content\/uploads\/2025\/05\/1A-Banner-1-portada-imagen-10-1-74-800x800.jpg 800w\" sizes=\"auto, (max-width: 1024px) 100vw, 1024px\" \/><\/p>\n<h2 style=\"text-align: justify;\" data-start=\"289\" data-end=\"332\"><strong data-start=\"292\" data-end=\"330\">Maestro de 1965 vs Maestro de 2025<\/strong><\/h2>\n<h3 style=\"text-align: justify;\" data-start=\"333\" data-end=\"402\"><em data-start=\"337\" data-end=\"402\">Del respeto al desgaste: la evoluci\u00f3n (injusta) del rol docente<\/em><\/h3>\n<h3 style=\"text-align: justify; padding-left: 40px;\" data-start=\"404\" data-end=\"436\"><strong data-start=\"408\" data-end=\"436\">Un rol claro y respetado<\/strong><\/h3>\n<p style=\"text-align: justify; padding-left: 40px;\" data-start=\"438\" data-end=\"765\">En 1965, ser maestro era un privilegio y una responsabilidad reconocida. El docente se dedicaba a <strong data-start=\"536\" data-end=\"547\">ense\u00f1ar<\/strong>, y esa tarea bastaba.<br data-start=\"569\" data-end=\"572\" \/>Su figura era <strong data-start=\"586\" data-end=\"633\">respetada por padres, alumnos y autoridades<\/strong>. Nadie pon\u00eda en duda su rol. No ten\u00eda que defenderse, justificarse ni demostrar constantemente su val\u00eda. La sociedad lo respaldaba.<\/p>\n<p style=\"text-align: justify; padding-left: 40px;\" data-start=\"767\" data-end=\"999\">Sus herramientas eran sencillas: un libro, una pizarra, una tiza, y una pedagog\u00eda directa. A\u00fan as\u00ed, lograba formar generaciones enteras con <strong data-start=\"907\" data-end=\"950\">autoridad moral y claridad de prop\u00f3sito<\/strong>. El respeto no era negociable. Estaba impl\u00edcito.<\/p>\n<h3 style=\"text-align: justify; padding-left: 40px;\" data-start=\"1001\" data-end=\"1040\"><strong data-start=\"1005\" data-end=\"1040\">Un rol desbordado y precarizado<\/strong><\/h3>\n<p style=\"text-align: justify; padding-left: 40px;\" data-start=\"1042\" data-end=\"1111\">Corte a 2025. El maestro ya no solo ense\u00f1a. Ahora tambi\u00e9n debe ser:<\/p>\n<ul>\n<li style=\"list-style-type: none;\">\n<ul style=\"text-align: justify;\" data-start=\"1112\" data-end=\"1494\">\n<li data-start=\"1112\" data-end=\"1159\">\n<p data-start=\"1114\" data-end=\"1159\"><strong data-start=\"1114\" data-end=\"1156\">Experto en neurociencia y salud mental<\/strong>,<\/p>\n<\/li>\n<li data-start=\"1160\" data-end=\"1208\">\n<p data-start=\"1162\" data-end=\"1208\"><strong data-start=\"1162\" data-end=\"1205\">Dise\u00f1ador de estrategias personalizadas<\/strong>,<\/p>\n<\/li>\n<li data-start=\"1209\" data-end=\"1268\">\n<p data-start=\"1211\" data-end=\"1268\"><strong data-start=\"1211\" data-end=\"1265\">Gestor de la diversidad, la inclusi\u00f3n y la equidad<\/strong>,<\/p>\n<\/li>\n<li data-start=\"1269\" data-end=\"1322\">\n<p data-start=\"1271\" data-end=\"1322\"><strong data-start=\"1271\" data-end=\"1319\">Mediador de conflictos sociales y familiares<\/strong>,<\/p>\n<\/li>\n<li data-start=\"1323\" data-end=\"1415\">\n<p data-start=\"1325\" data-end=\"1415\"><strong data-start=\"1325\" data-end=\"1412\">Dominador de herramientas digitales, inteligencia artificial y plataformas h\u00edbridas<\/strong>,<\/p>\n<\/li>\n<li data-start=\"1416\" data-end=\"1494\">\n<p data-start=\"1418\" data-end=\"1494\"><strong data-start=\"1418\" data-end=\"1493\">Y sost\u00e9n emocional de estudiantes con realidades cada vez m\u00e1s complejas<\/strong>.<\/p>\n<\/li>\n<\/ul>\n<\/li>\n<\/ul>\n<p style=\"text-align: justify; padding-left: 40px;\" data-start=\"1496\" data-end=\"1738\">Pero eso no es todo. Hoy tambi\u00e9n se espera que el maestro sea <strong data-start=\"1558\" data-end=\"1724\">doctor, enfermero, pediatra, abogado, psic\u00f3logo, bombero, padre, abuelo, madre sustituta, recadero, juez, fiscal, contador, secretario, funcionario, administrador<\/strong>, y mucho m\u00e1s.<\/p>\n<p style=\"text-align: justify; padding-left: 40px;\" data-start=\"1740\" data-end=\"1864\">Todo eso con <strong data-start=\"1753\" data-end=\"1863\">salarios bajos, exceso de burocracia, falta de tiempo, escasez de recursos y una carga emocional creciente<\/strong>.<\/p>\n<p style=\"text-align: justify; padding-left: 40px;\" data-start=\"1866\" data-end=\"2028\">El maestro de 2025 <strong data-start=\"1885\" data-end=\"1910\">no educa con una tiza<\/strong>. Educa con el cuerpo, con el alma, con la paciencia, con la creatividad y muchas veces, con el dolor de saberse solo.<\/p>\n<h3 style=\"text-align: justify; padding-left: 40px;\" data-start=\"2030\" data-end=\"2059\"><strong data-start=\"2034\" data-end=\"2059\">La crisis del respeto<\/strong><\/h3>\n<p style=\"text-align: justify; padding-left: 40px;\" data-start=\"2061\" data-end=\"2380\">Y lo m\u00e1s duro: <strong data-start=\"2076\" data-end=\"2104\">el respeto se ha diluido<\/strong>.<br data-start=\"2105\" data-end=\"2108\" \/>Hoy, la palabra del maestro es cuestionada, su autoridad desautorizada, su trabajo subestimado. Muchos padres lo corrigen. Las redes lo exponen. Las autoridades lo eval\u00faan sin conocerlo. Y lo peor: <strong data-start=\"2306\" data-end=\"2379\">muchos alumnos ya no lo ven como un referente, sino como un obst\u00e1culo<\/strong>.<\/p>\n<p style=\"text-align: justify; padding-left: 40px;\" data-start=\"2382\" data-end=\"2515\">El respeto, que antes ven\u00eda por el solo hecho de ser maestro, hoy debe ganarse todos los d\u00edas\u2026 y a\u00fan as\u00ed, muchas veces, <strong data-start=\"2502\" data-end=\"2514\">no llega<\/strong>.<\/p>\n<h3 style=\"text-align: justify; padding-left: 40px;\" data-start=\"2517\" data-end=\"2546\"><strong data-start=\"2521\" data-end=\"2546\">Una entrega invisible<\/strong><\/h3>\n<p style=\"text-align: justify; padding-left: 40px;\" data-start=\"2548\" data-end=\"2914\">Lo que no se ve, no se valora.<br data-start=\"2578\" data-end=\"2581\" \/>El sistema no ve las horas fuera de clase preparando materiales, corrigiendo pruebas, buscando nuevas estrategias, acompa\u00f1ando silenciosamente a un ni\u00f1o en crisis.<br data-start=\"2744\" data-end=\"2747\" \/>No ve la ansiedad con la que muchos profesores se van a dormir.<br data-start=\"2810\" data-end=\"2813\" \/>No ve el costo f\u00edsico, emocional y familiar de una vocaci\u00f3n que hoy <strong data-start=\"2881\" data-end=\"2913\">exige m\u00e1s de lo que devuelve<\/strong>.<\/p>\n<h3 style=\"text-align: justify; padding-left: 40px;\" data-start=\"2916\" data-end=\"2959\"><strong data-start=\"2920\" data-end=\"2959\">Una sociedad que le debe al maestro<\/strong><\/h3>\n<p style=\"text-align: justify; padding-left: 40px;\" data-start=\"2961\" data-end=\"3083\">El maestro de 1965 ense\u00f1aba. El de 2025 <strong data-start=\"3001\" data-end=\"3034\">sostiene un sistema en crisis<\/strong>. Y sin embargo, lo tratamos como si fuera menos.<\/p>\n<p style=\"text-align: justify; padding-left: 40px;\" data-start=\"3085\" data-end=\"3302\">Le pedimos que transforme vidas, pero no le damos herramientas.<br data-start=\"3148\" data-end=\"3151\" \/>Le exigimos resultados, pero no le damos condiciones.<br data-start=\"3204\" data-end=\"3207\" \/>Le pedimos pasi\u00f3n, pero no le damos descanso.<br data-start=\"3252\" data-end=\"3255\" \/>Le pedimos respeto, pero le damos indiferencia.<\/p>\n<h3 style=\"text-align: justify; padding-left: 40px;\" data-start=\"3304\" data-end=\"3333\"><strong data-start=\"3308\" data-end=\"3333\">Una reflexi\u00f3n urgente<\/strong><\/h3>\n<p style=\"text-align: justify; padding-left: 40px;\" data-start=\"3335\" data-end=\"3392\">A los docentes no les falta vocaci\u00f3n. Les falta justicia.<\/p>\n<p style=\"text-align: justify; padding-left: 40px;\" data-start=\"3394\" data-end=\"3617\">Es hora de dejar de romantizar el sacrificio.<br data-start=\"3439\" data-end=\"3442\" \/>Es hora de exigir condiciones dignas, salarios acordes, acompa\u00f1amiento emocional y pol\u00edticas reales de contenci\u00f3n.<br data-start=\"3556\" data-end=\"3559\" \/>Es hora de devolverles el lugar que nunca debieron perder.<\/p>\n<p style=\"text-align: justify;\" data-start=\"3619\" data-end=\"3774\">Porque <strong data-start=\"3626\" data-end=\"3678\">no hay educaci\u00f3n posible sin maestros respetados<\/strong>. Y <strong data-start=\"3684\" data-end=\"3773\">no hay futuro para ning\u00fan pa\u00eds que desprecia a quienes lo hacen posible desde el aula<\/strong>.<\/p>\n<p style=\"text-align: right;\" data-start=\"3619\" data-end=\"3774\"><strong>REDACCI\u00d3N WEB DEL MAESTRO CMF\u00a0<\/strong><\/p>\n<p data-start=\"3619\" data-end=\"3774\">\t\t<div class=\"pk-inline-posts\">\n\t\t\t\n\t\t\t<div class=\"pk-inline-posts-container pk-inline-posts-template-list\"\n\t\t\t\tdata-columns=\"1\">\n\t\t\t\t\t\t<article id=\"post-116697\" class=\"post-116697 post type-post status-publish format-standard has-post-thumbnail category-bienestar-docente category-pedagogia tag-calidad-educativa tag-crisis-docente tag-docentes tag-educacion-3 tag-estabilidad-laboral tag-formacion-docente-3 tag-gestion-educativa-3 tag-politicas-educativas-2 tag-sistema-educativo tag-vocacion-docente-2 cs-entry cs-video-wrap\">\n\t\t\t<div class=\"pk-post-outer\">\n\n\t\t\t\t\t\t\t\t<div class=\"pk-post-inner\">\n\t\t\t\t\t<div class=\"entry-thumbnail\">\n\t\t\t\t\t\t<div class=\"pk-overlay pk-overlay-ratio pk-ratio-landscape\">\n\t\t\t\t\t\t\t<div class=\"pk-overlay-background\">\n\t\t\t\t\t\t\t\t<a href=\"https:\/\/webdelmaestrocmf.com\/portal\/faltan-profesores-o-falta-voluntad-para-contratarlos-y-cuidarlos\/\" class=\"pk-overlay-link\">\n\t\t\t\t\t\t\t\t\t<img loading=\"lazy\" decoding=\"async\" width=\"300\" height=\"225\" src=\"https:\/\/webdelmaestrocmf.com\/portal\/wp-content\/uploads\/2026\/03\/1AA-Banner-1-portada-imagen-10-1-copia-9-1-300x225.webp\" class=\"attachment-pk-thumbnail size-pk-thumbnail wp-post-image\" alt=\"\" \/>\t\t\t\t\t\t\t\t<\/a>\n\t\t\t\t\t\t\t<\/div>\n\t\t\t\t\t\t<\/div>\n\t\t\t\t\t<\/div>\n\t\t\t\t<\/div>\n\t\t\t\t\n\t\t\t\t<div class=\"pk-post-inner\">\n\t\t\t\t\t<header>\n\t\t\t\t\t\t<h3 class=\"pk-title\"><a href=\"https:\/\/webdelmaestrocmf.com\/portal\/faltan-profesores-o-falta-voluntad-para-contratarlos-y-cuidarlos\/\" rel=\"bookmark\">\u00bfFaltan profesores o falta voluntad para contratarlos y cuidarlos?<\/a><\/h3>\t\t\t\t\t<\/header><!-- .entry-header -->\n\t\t\t\t<\/div><!-- .post-inner -->\n\n\t\t\t<\/div><!-- .post-outer -->\n\t\t<\/article>\n\t\t\t<article id=\"post-115422\" class=\"post-115422 post type-post status-publish format-standard has-post-thumbnail category-bienestar-docente category-depresion category-docentes category-pedagogia tag-abandono-docente tag-bienestar-docente tag-burocracia-escolar tag-clima-institucional tag-crisis-educativa tag-estres-en-educacion tag-liderazgo-escolar tag-salud-mental-docente tag-vocacion-docente cs-entry cs-video-wrap\">\n\t\t\t<div class=\"pk-post-outer\">\n\n\t\t\t\t\t\t\t\t<div class=\"pk-post-inner\">\n\t\t\t\t\t<div class=\"entry-thumbnail\">\n\t\t\t\t\t\t<div class=\"pk-overlay pk-overlay-ratio pk-ratio-landscape\">\n\t\t\t\t\t\t\t<div class=\"pk-overlay-background\">\n\t\t\t\t\t\t\t\t<a href=\"https:\/\/webdelmaestrocmf.com\/portal\/la-salud-mental-del-profesorado-en-crisis-una-vocacion-bajo-presion\/\" class=\"pk-overlay-link\">\n\t\t\t\t\t\t\t\t\t<img loading=\"lazy\" decoding=\"async\" width=\"300\" height=\"225\" src=\"https:\/\/webdelmaestrocmf.com\/portal\/wp-content\/uploads\/2026\/02\/1A-Banner-1-portada-imagen-10-1-copia-1-5-300x225.webp\" class=\"attachment-pk-thumbnail size-pk-thumbnail wp-post-image\" alt=\"\" \/>\t\t\t\t\t\t\t\t<\/a>\n\t\t\t\t\t\t\t<\/div>\n\t\t\t\t\t\t<\/div>\n\t\t\t\t\t<\/div>\n\t\t\t\t<\/div>\n\t\t\t\t\n\t\t\t\t<div class=\"pk-post-inner\">\n\t\t\t\t\t<header>\n\t\t\t\t\t\t<h3 class=\"pk-title\"><a href=\"https:\/\/webdelmaestrocmf.com\/portal\/la-salud-mental-del-profesorado-en-crisis-una-vocacion-bajo-presion\/\" rel=\"bookmark\">La salud mental del profesorado en crisis: una vocaci\u00f3n bajo presi\u00f3n<\/a><\/h3>\t\t\t\t\t<\/header><!-- .entry-header -->\n\t\t\t\t<\/div><!-- .post-inner -->\n\n\t\t\t<\/div><!-- .post-outer -->\n\t\t<\/article>\n\t\t\t<article id=\"post-114629\" class=\"post-114629 post type-post status-publish format-standard has-post-thumbnail category-bienestar-docente category-pedagogia tag-agotamiento-docente tag-bienestar-docente tag-burnout-docente tag-educacion-2 tag-estres-laboral tag-gestion-educativa-2 tag-salud-mental-docente tag-sobrecarga-educativa tag-trabajo-docente cs-entry cs-video-wrap\">\n\t\t\t<div class=\"pk-post-outer\">\n\n\t\t\t\t\t\t\t\t<div class=\"pk-post-inner\">\n\t\t\t\t\t<div class=\"entry-thumbnail\">\n\t\t\t\t\t\t<div class=\"pk-overlay pk-overlay-ratio pk-ratio-landscape\">\n\t\t\t\t\t\t\t<div class=\"pk-overlay-background\">\n\t\t\t\t\t\t\t\t<a href=\"https:\/\/webdelmaestrocmf.com\/portal\/estudio-revela-preocupante-nivel-de-agotamiento-tanto-fisico-como-mental-de-los-docentes-al-terminar-el-ano-academico\/\" class=\"pk-overlay-link\">\n\t\t\t\t\t\t\t\t\t<img loading=\"lazy\" decoding=\"async\" width=\"300\" height=\"225\" src=\"https:\/\/webdelmaestrocmf.com\/portal\/wp-content\/uploads\/2026\/01\/1A-Banner-1-portada-imagen-10-1-copia-5-2-300x225.webp\" class=\"attachment-pk-thumbnail size-pk-thumbnail wp-post-image\" alt=\"\" \/>\t\t\t\t\t\t\t\t<\/a>\n\t\t\t\t\t\t\t<\/div>\n\t\t\t\t\t\t<\/div>\n\t\t\t\t\t<\/div>\n\t\t\t\t<\/div>\n\t\t\t\t\n\t\t\t\t<div class=\"pk-post-inner\">\n\t\t\t\t\t<header>\n\t\t\t\t\t\t<h3 class=\"pk-title\"><a href=\"https:\/\/webdelmaestrocmf.com\/portal\/estudio-revela-preocupante-nivel-de-agotamiento-tanto-fisico-como-mental-de-los-docentes-al-terminar-el-ano-academico\/\" rel=\"bookmark\">Estudio revela preocupante nivel de agotamiento, tanto f\u00edsico como mental, de los docentes al terminar el a\u00f1o acad\u00e9mico<\/a><\/h3>\t\t\t\t\t<\/header><!-- .entry-header -->\n\t\t\t\t<\/div><!-- .post-inner -->\n\n\t\t\t<\/div><!-- .post-outer -->\n\t\t<\/article>\n\t\t\t\t<\/div>\n\t\t<\/div>\n\t\t<\/p>\n","protected":false},"excerpt":{"rendered":"\u00bfEn qu\u00e9 momento dejamos de respetar a quienes sostienen la educaci\u00f3n con su cuerpo y su alma? \u00a0Hace&hellip;","protected":false},"author":1,"featured_media":108993,"comment_status":"open","ping_status":"closed","sticky":false,"template":"","format":"standard","meta":{"csco_display_header_overlay":false,"csco_singular_sidebar":"","csco_page_header_type":"","csco_page_load_nextpost":"","csco_post_video_location":[],"csco_post_video_location_hash":"","csco_post_video_url":"","csco_post_video_bg_start_time":0,"csco_post_video_bg_end_time":0,"csco_post_video_bg_volume":false,"_jetpack_memberships_contains_paid_content":false,"footnotes":""},"categories":[19085,735],"tags":[23667,23668,23380],"class_list":{"0":"post-108992","1":"post","2":"type-post","3":"status-publish","4":"format-standard","5":"has-post-thumbnail","7":"category-bienestar-docente","8":"category-pedagogia","9":"tag-maestro-de-1965","10":"tag-maestro-de-2025","11":"tag-vs","12":"cs-entry","13":"cs-video-wrap"},"yoast_head":"<!-- This site is optimized with the Yoast SEO plugin v27.5 - https:\/\/yoast.com\/product\/yoast-seo-wordpress\/ -->\n<title>Maestro de 1965 vs Maestro de 2025: La evoluci\u00f3n del rol docente y el costo del olvido social - 2026<\/title>\n<meta name=\"description\" content=\"Hace seis d\u00e9cadas, ser maestro era sin\u00f3nimo de autoridad, de conocimiento, de respeto. Hoy, en cambio, ser maestro es sin\u00f3nimo de carga...\" \/>\n<meta name=\"robots\" content=\"index, follow, max-snippet:-1, max-image-preview:large, max-video-preview:-1\" \/>\n<link rel=\"canonical\" href=\"https:\/\/webdelmaestrocmf.com\/portal\/maestro-de-1965-vs-maestro-de-2025-la-evolucion-del-rol-docente-y-el-costo-del-olvido-social\/\" \/>\n<meta property=\"og:locale\" content=\"es_ES\" \/>\n<meta property=\"og:type\" content=\"article\" \/>\n<meta property=\"og:title\" content=\"Maestro de 1965 vs Maestro de 2025: La evoluci\u00f3n del rol docente y el costo del olvido social - 2026\" \/>\n<meta property=\"og:description\" content=\"Hace seis d\u00e9cadas, ser maestro era sin\u00f3nimo de autoridad, de conocimiento, de respeto. Hoy, en cambio, ser maestro es sin\u00f3nimo de carga...\" \/>\n<meta property=\"og:url\" content=\"https:\/\/webdelmaestrocmf.com\/portal\/maestro-de-1965-vs-maestro-de-2025-la-evolucion-del-rol-docente-y-el-costo-del-olvido-social\/\" \/>\n<meta property=\"og:site_name\" content=\"Web del Maestro CMF\" \/>\n<meta property=\"article:publisher\" content=\"https:\/\/www.facebook.com\/WebdelMaestroCMF\/\" \/>\n<meta property=\"article:author\" content=\"https:\/\/www.facebook.com\/WebdelMaestroCMF\/\" \/>\n<meta property=\"article:published_time\" content=\"2025-05-26T00:06:47+00:00\" \/>\n<meta property=\"article:modified_time\" content=\"2025-06-02T15:22:36+00:00\" \/>\n<meta property=\"og:image\" content=\"https:\/\/webdelmaestrocmf.com\/portal\/wp-content\/uploads\/2025\/05\/1A-Banner-1-portada-imagen-10-1-74.jpg\" \/>\n\t<meta property=\"og:image:width\" content=\"1024\" \/>\n\t<meta property=\"og:image:height\" content=\"1024\" \/>\n\t<meta property=\"og:image:type\" content=\"image\/jpeg\" \/>\n<meta name=\"author\" content=\"Web del Maestro CMF\" \/>\n<meta name=\"twitter:card\" content=\"summary_large_image\" \/>\n<meta name=\"twitter:creator\" content=\"@cmf_w\" \/>\n<meta name=\"twitter:site\" content=\"@cmf_w\" \/>\n<script type=\"application\/ld+json\" class=\"yoast-schema-graph\">{\"@context\":\"https:\\\/\\\/schema.org\",\"@graph\":[{\"@type\":\"ScholarlyArticle\",\"@id\":\"https:\\\/\\\/webdelmaestrocmf.com\\\/portal\\\/maestro-de-1965-vs-maestro-de-2025-la-evolucion-del-rol-docente-y-el-costo-del-olvido-social\\\/#article\",\"isPartOf\":{\"@id\":\"https:\\\/\\\/webdelmaestrocmf.com\\\/portal\\\/maestro-de-1965-vs-maestro-de-2025-la-evolucion-del-rol-docente-y-el-costo-del-olvido-social\\\/\"},\"author\":{\"name\":\"Web del Maestro CMF\",\"@id\":\"https:\\\/\\\/webdelmaestrocmf.com\\\/portal\\\/#\\\/schema\\\/person\\\/1072a2ed7bd960df8ef99a551fa35dc5\"},\"headline\":\"Maestro de 1965 vs Maestro de 2025: La evoluci\u00f3n del rol docente y el costo del olvido social\",\"datePublished\":\"2025-05-26T00:06:47+00:00\",\"dateModified\":\"2025-06-02T15:22:36+00:00\",\"mainEntityOfPage\":{\"@id\":\"https:\\\/\\\/webdelmaestrocmf.com\\\/portal\\\/maestro-de-1965-vs-maestro-de-2025-la-evolucion-del-rol-docente-y-el-costo-del-olvido-social\\\/\"},\"wordCount\":742,\"commentCount\":3,\"publisher\":{\"@id\":\"https:\\\/\\\/webdelmaestrocmf.com\\\/portal\\\/#organization\"},\"image\":{\"@id\":\"https:\\\/\\\/webdelmaestrocmf.com\\\/portal\\\/maestro-de-1965-vs-maestro-de-2025-la-evolucion-del-rol-docente-y-el-costo-del-olvido-social\\\/#primaryimage\"},\"thumbnailUrl\":\"https:\\\/\\\/webdelmaestrocmf.com\\\/portal\\\/wp-content\\\/uploads\\\/2025\\\/05\\\/1A-Banner-1-portada-imagen-10-1-74.jpg\",\"keywords\":[\"Maestro de 1965\",\"Maestro de 2025\",\"vs.\"],\"articleSection\":[\"Bienestar docente\",\"Recursos\"],\"inLanguage\":\"es\",\"potentialAction\":[{\"@type\":\"CommentAction\",\"name\":\"Comment\",\"target\":[\"https:\\\/\\\/webdelmaestrocmf.com\\\/portal\\\/maestro-de-1965-vs-maestro-de-2025-la-evolucion-del-rol-docente-y-el-costo-del-olvido-social\\\/#respond\"]}]},{\"@type\":\"WebPage\",\"@id\":\"https:\\\/\\\/webdelmaestrocmf.com\\\/portal\\\/maestro-de-1965-vs-maestro-de-2025-la-evolucion-del-rol-docente-y-el-costo-del-olvido-social\\\/\",\"url\":\"https:\\\/\\\/webdelmaestrocmf.com\\\/portal\\\/maestro-de-1965-vs-maestro-de-2025-la-evolucion-del-rol-docente-y-el-costo-del-olvido-social\\\/\",\"name\":\"Maestro de 1965 vs Maestro de 2025: La evoluci\u00f3n del rol docente y el costo del olvido social - 2026\",\"isPartOf\":{\"@id\":\"https:\\\/\\\/webdelmaestrocmf.com\\\/portal\\\/#website\"},\"primaryImageOfPage\":{\"@id\":\"https:\\\/\\\/webdelmaestrocmf.com\\\/portal\\\/maestro-de-1965-vs-maestro-de-2025-la-evolucion-del-rol-docente-y-el-costo-del-olvido-social\\\/#primaryimage\"},\"image\":{\"@id\":\"https:\\\/\\\/webdelmaestrocmf.com\\\/portal\\\/maestro-de-1965-vs-maestro-de-2025-la-evolucion-del-rol-docente-y-el-costo-del-olvido-social\\\/#primaryimage\"},\"thumbnailUrl\":\"https:\\\/\\\/webdelmaestrocmf.com\\\/portal\\\/wp-content\\\/uploads\\\/2025\\\/05\\\/1A-Banner-1-portada-imagen-10-1-74.jpg\",\"datePublished\":\"2025-05-26T00:06:47+00:00\",\"dateModified\":\"2025-06-02T15:22:36+00:00\",\"description\":\"Hace seis d\u00e9cadas, ser maestro era sin\u00f3nimo de autoridad, de conocimiento, de respeto. Hoy, en cambio, ser maestro es sin\u00f3nimo de carga...\",\"breadcrumb\":{\"@id\":\"https:\\\/\\\/webdelmaestrocmf.com\\\/portal\\\/maestro-de-1965-vs-maestro-de-2025-la-evolucion-del-rol-docente-y-el-costo-del-olvido-social\\\/#breadcrumb\"},\"inLanguage\":\"es\",\"potentialAction\":[{\"@type\":\"ReadAction\",\"target\":[\"https:\\\/\\\/webdelmaestrocmf.com\\\/portal\\\/maestro-de-1965-vs-maestro-de-2025-la-evolucion-del-rol-docente-y-el-costo-del-olvido-social\\\/\"]}]},{\"@type\":\"ImageObject\",\"inLanguage\":\"es\",\"@id\":\"https:\\\/\\\/webdelmaestrocmf.com\\\/portal\\\/maestro-de-1965-vs-maestro-de-2025-la-evolucion-del-rol-docente-y-el-costo-del-olvido-social\\\/#primaryimage\",\"url\":\"https:\\\/\\\/webdelmaestrocmf.com\\\/portal\\\/wp-content\\\/uploads\\\/2025\\\/05\\\/1A-Banner-1-portada-imagen-10-1-74.jpg\",\"contentUrl\":\"https:\\\/\\\/webdelmaestrocmf.com\\\/portal\\\/wp-content\\\/uploads\\\/2025\\\/05\\\/1A-Banner-1-portada-imagen-10-1-74.jpg\",\"width\":1024,\"height\":1024},{\"@type\":\"BreadcrumbList\",\"@id\":\"https:\\\/\\\/webdelmaestrocmf.com\\\/portal\\\/maestro-de-1965-vs-maestro-de-2025-la-evolucion-del-rol-docente-y-el-costo-del-olvido-social\\\/#breadcrumb\",\"itemListElement\":[{\"@type\":\"ListItem\",\"position\":1,\"name\":\"Portada\",\"item\":\"https:\\\/\\\/webdelmaestrocmf.com\\\/portal\\\/\"},{\"@type\":\"ListItem\",\"position\":2,\"name\":\"Recursos\",\"item\":\"https:\\\/\\\/webdelmaestrocmf.com\\\/portal\\\/category\\\/pedagogia\\\/\"},{\"@type\":\"ListItem\",\"position\":3,\"name\":\"Maestro de 1965 vs Maestro de 2025: La evoluci\u00f3n del rol docente y el costo del olvido social\"}]},{\"@type\":\"WebSite\",\"@id\":\"https:\\\/\\\/webdelmaestrocmf.com\\\/portal\\\/#website\",\"url\":\"https:\\\/\\\/webdelmaestrocmf.com\\\/portal\\\/\",\"name\":\"Web del Maestro CMF\",\"description\":\"Maestros al servicio de la educaci\u00f3n\",\"publisher\":{\"@id\":\"https:\\\/\\\/webdelmaestrocmf.com\\\/portal\\\/#organization\"},\"alternateName\":\"WMCMF\",\"potentialAction\":[{\"@type\":\"SearchAction\",\"target\":{\"@type\":\"EntryPoint\",\"urlTemplate\":\"https:\\\/\\\/webdelmaestrocmf.com\\\/portal\\\/?s={search_term_string}\"},\"query-input\":{\"@type\":\"PropertyValueSpecification\",\"valueRequired\":true,\"valueName\":\"search_term_string\"}}],\"inLanguage\":\"es\"},{\"@type\":\"Organization\",\"@id\":\"https:\\\/\\\/webdelmaestrocmf.com\\\/portal\\\/#organization\",\"name\":\"Web del Maestro CMF\",\"alternateName\":\"WMCMF\",\"url\":\"https:\\\/\\\/webdelmaestrocmf.com\\\/portal\\\/\",\"logo\":{\"@type\":\"ImageObject\",\"inLanguage\":\"es\",\"@id\":\"https:\\\/\\\/webdelmaestrocmf.com\\\/portal\\\/#\\\/schema\\\/logo\\\/image\\\/\",\"url\":\"https:\\\/\\\/webdelmaestrocmf.com\\\/portal\\\/wp-content\\\/uploads\\\/2023\\\/01\\\/logo-wmcmf-2.png\",\"contentUrl\":\"https:\\\/\\\/webdelmaestrocmf.com\\\/portal\\\/wp-content\\\/uploads\\\/2023\\\/01\\\/logo-wmcmf-2.png\",\"width\":200,\"height\":60,\"caption\":\"Web del Maestro CMF\"},\"image\":{\"@id\":\"https:\\\/\\\/webdelmaestrocmf.com\\\/portal\\\/#\\\/schema\\\/logo\\\/image\\\/\"},\"sameAs\":[\"https:\\\/\\\/www.facebook.com\\\/WebdelMaestroCMF\\\/\",\"https:\\\/\\\/x.com\\\/cmf_w\",\"https:\\\/\\\/www.pinterest.com\\\/WMCMF\\\/\",\"https:\\\/\\\/www.linkedin.com\\\/company\\\/web-del-maestro-cmf\\\/\",\"https:\\\/\\\/www.instagram.com\\\/wmcmf\\\/\",\"https:\\\/\\\/www.youtube.com\\\/channel\\\/UCDPSvjbdodE5sHnC3OxutHw\",\"https:\\\/\\\/mastodon.social\\\/@wmcmf\",\"https:\\\/\\\/www.tiktok.com\\\/@webdelmaestrocmf\"]},{\"@type\":\"Person\",\"@id\":\"https:\\\/\\\/webdelmaestrocmf.com\\\/portal\\\/#\\\/schema\\\/person\\\/1072a2ed7bd960df8ef99a551fa35dc5\",\"name\":\"Web del Maestro CMF\",\"image\":{\"@type\":\"ImageObject\",\"inLanguage\":\"es\",\"@id\":\"https:\\\/\\\/secure.gravatar.com\\\/avatar\\\/23291dd5b5ae1077dcff3dbb04c3e02bd28403fa75af6d8787d5e97c5bbbe30b?s=96&d=mm&r=g\",\"url\":\"https:\\\/\\\/secure.gravatar.com\\\/avatar\\\/23291dd5b5ae1077dcff3dbb04c3e02bd28403fa75af6d8787d5e97c5bbbe30b?s=96&d=mm&r=g\",\"contentUrl\":\"https:\\\/\\\/secure.gravatar.com\\\/avatar\\\/23291dd5b5ae1077dcff3dbb04c3e02bd28403fa75af6d8787d5e97c5bbbe30b?s=96&d=mm&r=g\",\"caption\":\"Web del Maestro CMF\"},\"description\":\"Esta Web se cre\u00f3 sin fines de lucro, con fines educativos, cient\u00edficos y acad\u00e9micos, para personas que tengan dificultades y\\\/o inconvenientes en visualizar el material original. El objetivo es entregar recursos, compartir experiencias y materiales que ayuden a los padres de familia, maestros y estudiantes en su actualizaci\u00f3n y formaci\u00f3n permanente, en bien de la Educaci\u00f3n.\",\"sameAs\":[\"http:\\\/\\\/webdelmaestrocmf.com\\\/portal\",\"https:\\\/\\\/www.facebook.com\\\/WebdelMaestroCMF\\\/\",\"https:\\\/\\\/www.instagram.com\\\/wmcmf\\\/\",\"https:\\\/\\\/cl.linkedin.com\\\/company\\\/web-del-maestro-cmf\",\"https:\\\/\\\/www.pinterest.com\\\/WMCMF\\\/publicaciones\\\/\",\"https:\\\/\\\/x.com\\\/cmf_w\",\"https:\\\/\\\/www.youtube.com\\\/@WMCMF\"]}]}<\/script>\n<!-- \/ Yoast SEO plugin. -->","yoast_head_json":{"title":"Maestro de 1965 vs Maestro de 2025: La evoluci\u00f3n del rol docente y el costo del olvido social - 2026","description":"Hace seis d\u00e9cadas, ser maestro era sin\u00f3nimo de autoridad, de conocimiento, de respeto. Hoy, en cambio, ser maestro es sin\u00f3nimo de carga...","robots":{"index":"index","follow":"follow","max-snippet":"max-snippet:-1","max-image-preview":"max-image-preview:large","max-video-preview":"max-video-preview:-1"},"canonical":"https:\/\/webdelmaestrocmf.com\/portal\/maestro-de-1965-vs-maestro-de-2025-la-evolucion-del-rol-docente-y-el-costo-del-olvido-social\/","og_locale":"es_ES","og_type":"article","og_title":"Maestro de 1965 vs Maestro de 2025: La evoluci\u00f3n del rol docente y el costo del olvido social - 2026","og_description":"Hace seis d\u00e9cadas, ser maestro era sin\u00f3nimo de autoridad, de conocimiento, de respeto. Hoy, en cambio, ser maestro es sin\u00f3nimo de carga...","og_url":"https:\/\/webdelmaestrocmf.com\/portal\/maestro-de-1965-vs-maestro-de-2025-la-evolucion-del-rol-docente-y-el-costo-del-olvido-social\/","og_site_name":"Web del Maestro CMF","article_publisher":"https:\/\/www.facebook.com\/WebdelMaestroCMF\/","article_author":"https:\/\/www.facebook.com\/WebdelMaestroCMF\/","article_published_time":"2025-05-26T00:06:47+00:00","article_modified_time":"2025-06-02T15:22:36+00:00","og_image":[{"width":1024,"height":1024,"url":"https:\/\/webdelmaestrocmf.com\/portal\/wp-content\/uploads\/2025\/05\/1A-Banner-1-portada-imagen-10-1-74.jpg","type":"image\/jpeg"}],"author":"Web del Maestro CMF","twitter_card":"summary_large_image","twitter_creator":"@cmf_w","twitter_site":"@cmf_w","schema":{"@context":"https:\/\/schema.org","@graph":[{"@type":"ScholarlyArticle","@id":"https:\/\/webdelmaestrocmf.com\/portal\/maestro-de-1965-vs-maestro-de-2025-la-evolucion-del-rol-docente-y-el-costo-del-olvido-social\/#article","isPartOf":{"@id":"https:\/\/webdelmaestrocmf.com\/portal\/maestro-de-1965-vs-maestro-de-2025-la-evolucion-del-rol-docente-y-el-costo-del-olvido-social\/"},"author":{"name":"Web del Maestro CMF","@id":"https:\/\/webdelmaestrocmf.com\/portal\/#\/schema\/person\/1072a2ed7bd960df8ef99a551fa35dc5"},"headline":"Maestro de 1965 vs Maestro de 2025: La evoluci\u00f3n del rol docente y el costo del olvido social","datePublished":"2025-05-26T00:06:47+00:00","dateModified":"2025-06-02T15:22:36+00:00","mainEntityOfPage":{"@id":"https:\/\/webdelmaestrocmf.com\/portal\/maestro-de-1965-vs-maestro-de-2025-la-evolucion-del-rol-docente-y-el-costo-del-olvido-social\/"},"wordCount":742,"commentCount":3,"publisher":{"@id":"https:\/\/webdelmaestrocmf.com\/portal\/#organization"},"image":{"@id":"https:\/\/webdelmaestrocmf.com\/portal\/maestro-de-1965-vs-maestro-de-2025-la-evolucion-del-rol-docente-y-el-costo-del-olvido-social\/#primaryimage"},"thumbnailUrl":"https:\/\/webdelmaestrocmf.com\/portal\/wp-content\/uploads\/2025\/05\/1A-Banner-1-portada-imagen-10-1-74.jpg","keywords":["Maestro de 1965","Maestro de 2025","vs."],"articleSection":["Bienestar docente","Recursos"],"inLanguage":"es","potentialAction":[{"@type":"CommentAction","name":"Comment","target":["https:\/\/webdelmaestrocmf.com\/portal\/maestro-de-1965-vs-maestro-de-2025-la-evolucion-del-rol-docente-y-el-costo-del-olvido-social\/#respond"]}]},{"@type":"WebPage","@id":"https:\/\/webdelmaestrocmf.com\/portal\/maestro-de-1965-vs-maestro-de-2025-la-evolucion-del-rol-docente-y-el-costo-del-olvido-social\/","url":"https:\/\/webdelmaestrocmf.com\/portal\/maestro-de-1965-vs-maestro-de-2025-la-evolucion-del-rol-docente-y-el-costo-del-olvido-social\/","name":"Maestro de 1965 vs Maestro de 2025: La evoluci\u00f3n del rol docente y el costo del olvido social - 2026","isPartOf":{"@id":"https:\/\/webdelmaestrocmf.com\/portal\/#website"},"primaryImageOfPage":{"@id":"https:\/\/webdelmaestrocmf.com\/portal\/maestro-de-1965-vs-maestro-de-2025-la-evolucion-del-rol-docente-y-el-costo-del-olvido-social\/#primaryimage"},"image":{"@id":"https:\/\/webdelmaestrocmf.com\/portal\/maestro-de-1965-vs-maestro-de-2025-la-evolucion-del-rol-docente-y-el-costo-del-olvido-social\/#primaryimage"},"thumbnailUrl":"https:\/\/webdelmaestrocmf.com\/portal\/wp-content\/uploads\/2025\/05\/1A-Banner-1-portada-imagen-10-1-74.jpg","datePublished":"2025-05-26T00:06:47+00:00","dateModified":"2025-06-02T15:22:36+00:00","description":"Hace seis d\u00e9cadas, ser maestro era sin\u00f3nimo de autoridad, de conocimiento, de respeto. Hoy, en cambio, ser maestro es sin\u00f3nimo de carga...","breadcrumb":{"@id":"https:\/\/webdelmaestrocmf.com\/portal\/maestro-de-1965-vs-maestro-de-2025-la-evolucion-del-rol-docente-y-el-costo-del-olvido-social\/#breadcrumb"},"inLanguage":"es","potentialAction":[{"@type":"ReadAction","target":["https:\/\/webdelmaestrocmf.com\/portal\/maestro-de-1965-vs-maestro-de-2025-la-evolucion-del-rol-docente-y-el-costo-del-olvido-social\/"]}]},{"@type":"ImageObject","inLanguage":"es","@id":"https:\/\/webdelmaestrocmf.com\/portal\/maestro-de-1965-vs-maestro-de-2025-la-evolucion-del-rol-docente-y-el-costo-del-olvido-social\/#primaryimage","url":"https:\/\/webdelmaestrocmf.com\/portal\/wp-content\/uploads\/2025\/05\/1A-Banner-1-portada-imagen-10-1-74.jpg","contentUrl":"https:\/\/webdelmaestrocmf.com\/portal\/wp-content\/uploads\/2025\/05\/1A-Banner-1-portada-imagen-10-1-74.jpg","width":1024,"height":1024},{"@type":"BreadcrumbList","@id":"https:\/\/webdelmaestrocmf.com\/portal\/maestro-de-1965-vs-maestro-de-2025-la-evolucion-del-rol-docente-y-el-costo-del-olvido-social\/#breadcrumb","itemListElement":[{"@type":"ListItem","position":1,"name":"Portada","item":"https:\/\/webdelmaestrocmf.com\/portal\/"},{"@type":"ListItem","position":2,"name":"Recursos","item":"https:\/\/webdelmaestrocmf.com\/portal\/category\/pedagogia\/"},{"@type":"ListItem","position":3,"name":"Maestro de 1965 vs Maestro de 2025: La evoluci\u00f3n del rol docente y el costo del olvido social"}]},{"@type":"WebSite","@id":"https:\/\/webdelmaestrocmf.com\/portal\/#website","url":"https:\/\/webdelmaestrocmf.com\/portal\/","name":"Web del Maestro CMF","description":"Maestros al servicio de la educaci\u00f3n","publisher":{"@id":"https:\/\/webdelmaestrocmf.com\/portal\/#organization"},"alternateName":"WMCMF","potentialAction":[{"@type":"SearchAction","target":{"@type":"EntryPoint","urlTemplate":"https:\/\/webdelmaestrocmf.com\/portal\/?s={search_term_string}"},"query-input":{"@type":"PropertyValueSpecification","valueRequired":true,"valueName":"search_term_string"}}],"inLanguage":"es"},{"@type":"Organization","@id":"https:\/\/webdelmaestrocmf.com\/portal\/#organization","name":"Web del Maestro CMF","alternateName":"WMCMF","url":"https:\/\/webdelmaestrocmf.com\/portal\/","logo":{"@type":"ImageObject","inLanguage":"es","@id":"https:\/\/webdelmaestrocmf.com\/portal\/#\/schema\/logo\/image\/","url":"https:\/\/webdelmaestrocmf.com\/portal\/wp-content\/uploads\/2023\/01\/logo-wmcmf-2.png","contentUrl":"https:\/\/webdelmaestrocmf.com\/portal\/wp-content\/uploads\/2023\/01\/logo-wmcmf-2.png","width":200,"height":60,"caption":"Web del Maestro CMF"},"image":{"@id":"https:\/\/webdelmaestrocmf.com\/portal\/#\/schema\/logo\/image\/"},"sameAs":["https:\/\/www.facebook.com\/WebdelMaestroCMF\/","https:\/\/x.com\/cmf_w","https:\/\/www.pinterest.com\/WMCMF\/","https:\/\/www.linkedin.com\/company\/web-del-maestro-cmf\/","https:\/\/www.instagram.com\/wmcmf\/","https:\/\/www.youtube.com\/channel\/UCDPSvjbdodE5sHnC3OxutHw","https:\/\/mastodon.social\/@wmcmf","https:\/\/www.tiktok.com\/@webdelmaestrocmf"]},{"@type":"Person","@id":"https:\/\/webdelmaestrocmf.com\/portal\/#\/schema\/person\/1072a2ed7bd960df8ef99a551fa35dc5","name":"Web del Maestro CMF","image":{"@type":"ImageObject","inLanguage":"es","@id":"https:\/\/secure.gravatar.com\/avatar\/23291dd5b5ae1077dcff3dbb04c3e02bd28403fa75af6d8787d5e97c5bbbe30b?s=96&d=mm&r=g","url":"https:\/\/secure.gravatar.com\/avatar\/23291dd5b5ae1077dcff3dbb04c3e02bd28403fa75af6d8787d5e97c5bbbe30b?s=96&d=mm&r=g","contentUrl":"https:\/\/secure.gravatar.com\/avatar\/23291dd5b5ae1077dcff3dbb04c3e02bd28403fa75af6d8787d5e97c5bbbe30b?s=96&d=mm&r=g","caption":"Web del Maestro CMF"},"description":"Esta Web se cre\u00f3 sin fines de lucro, con fines educativos, cient\u00edficos y acad\u00e9micos, para personas que tengan dificultades y\/o inconvenientes en visualizar el material original. El objetivo es entregar recursos, compartir experiencias y materiales que ayuden a los padres de familia, maestros y estudiantes en su actualizaci\u00f3n y formaci\u00f3n permanente, en bien de la Educaci\u00f3n.","sameAs":["http:\/\/webdelmaestrocmf.com\/portal","https:\/\/www.facebook.com\/WebdelMaestroCMF\/","https:\/\/www.instagram.com\/wmcmf\/","https:\/\/cl.linkedin.com\/company\/web-del-maestro-cmf","https:\/\/www.pinterest.com\/WMCMF\/publicaciones\/","https:\/\/x.com\/cmf_w","https:\/\/www.youtube.com\/@WMCMF"]}]}},"jetpack_featured_media_url":"https:\/\/webdelmaestrocmf.com\/portal\/wp-content\/uploads\/2025\/05\/1A-Banner-1-portada-imagen-10-1-74.jpg","jetpack_sharing_enabled":true,"jetpack-related-posts":[{"id":109027,"url":"https:\/\/webdelmaestrocmf.com\/portal\/padres-de-1965-vs-padres-de-2025-la-crisis-silenciosa-de-la-crianza\/","url_meta":{"origin":108992,"position":0},"title":"Padres de 1965 vs Padres de 2025: La crisis silenciosa de la crianza","author":"Web del Maestro CMF","date":"27 mayo, 2025","format":false,"excerpt":"Hace seis d\u00e9cadas, los padres criaban con presencia. Su autoridad no ven\u00eda de un grito, sino de una mirada. Su gu\u00eda no se delegaba, se ejerc\u00eda. No exist\u00edan algoritmos, influencers ni tutoriales de crianza. Exist\u00eda el tiempo. Exist\u00eda el compromiso. Exist\u00eda el sentido com\u00fan. Se criaba con amor, s\u00ed, pero\u2026","rel":"","context":"En \u00abBienestar Familiar\u00bb","block_context":{"text":"Bienestar Familiar","link":"https:\/\/webdelmaestrocmf.com\/portal\/category\/pedagogia\/bienestar-familiar\/"},"img":{"alt_text":"","src":"https:\/\/i0.wp.com\/webdelmaestrocmf.com\/portal\/wp-content\/uploads\/2025\/05\/1A-Banner-1-portada-imagen-10-1-79.jpg?resize=350%2C200&ssl=1","width":350,"height":200,"srcset":"https:\/\/i0.wp.com\/webdelmaestrocmf.com\/portal\/wp-content\/uploads\/2025\/05\/1A-Banner-1-portada-imagen-10-1-79.jpg?resize=350%2C200&ssl=1 1x, https:\/\/i0.wp.com\/webdelmaestrocmf.com\/portal\/wp-content\/uploads\/2025\/05\/1A-Banner-1-portada-imagen-10-1-79.jpg?resize=525%2C300&ssl=1 1.5x, https:\/\/i0.wp.com\/webdelmaestrocmf.com\/portal\/wp-content\/uploads\/2025\/05\/1A-Banner-1-portada-imagen-10-1-79.jpg?resize=700%2C400&ssl=1 2x"},"classes":[]},{"id":113567,"url":"https:\/\/webdelmaestrocmf.com\/portal\/para-ser-maestro-hoy-en-dia-hay-que-estar-lucidos-para-entender-la-realidad-valientes-para-enfrentarla-y-apasionados-para-transformarla\/","url_meta":{"origin":108992,"position":1},"title":"Para ser maestro hoy en d\u00eda hay que estar: l\u00facidos para entender la realidad, valientes para enfrentarla y apasionados para transformarla","author":"Web del Maestro CMF","date":"22 noviembre, 2025","format":false,"excerpt":"En medio de exigencias crecientes y poco apoyo, el maestro sostiene el aula con lucidez, valent\u00eda, pasi\u00f3n y profundo compromiso.","rel":"","context":"En \u00abYo opino - WMCMF\u00bb","block_context":{"text":"Yo opino - WMCMF","link":"https:\/\/webdelmaestrocmf.com\/portal\/category\/jamb\/"},"img":{"alt_text":"","src":"https:\/\/i0.wp.com\/webdelmaestrocmf.com\/portal\/wp-content\/uploads\/2025\/11\/1A-Banner-1-portada-imagen-10-1-copia-1-5.webp?resize=350%2C200&ssl=1","width":350,"height":200,"srcset":"https:\/\/i0.wp.com\/webdelmaestrocmf.com\/portal\/wp-content\/uploads\/2025\/11\/1A-Banner-1-portada-imagen-10-1-copia-1-5.webp?resize=350%2C200&ssl=1 1x, https:\/\/i0.wp.com\/webdelmaestrocmf.com\/portal\/wp-content\/uploads\/2025\/11\/1A-Banner-1-portada-imagen-10-1-copia-1-5.webp?resize=525%2C300&ssl=1 1.5x, https:\/\/i0.wp.com\/webdelmaestrocmf.com\/portal\/wp-content\/uploads\/2025\/11\/1A-Banner-1-portada-imagen-10-1-copia-1-5.webp?resize=700%2C400&ssl=1 2x"},"classes":[]},{"id":114119,"url":"https:\/\/webdelmaestrocmf.com\/portal\/estoy-harta-la-maestra-que-se-jubilo-y-dijo-en-voz-alta-lo-que-muchos-docentes-callan\/","url_meta":{"origin":108992,"position":2},"title":"\u201cEstoy harta\u201d: la maestra que se jubil\u00f3 y dijo en voz alta lo que muchos docentes callan","author":"Web del Maestro CMF","date":"16 diciembre, 2025","format":false,"excerpt":"La renuncia anticipada de una docente con m\u00e1s de dos d\u00e9cadas de experiencia, tras volverse viral en redes sociales, expone una realidad que muchos maestros viven en silencio.","rel":"","context":"En \u00abNoticias Internacionales\u00bb","block_context":{"text":"Noticias Internacionales","link":"https:\/\/webdelmaestrocmf.com\/portal\/category\/noticias-internacionales\/"},"img":{"alt_text":"","src":"https:\/\/i0.wp.com\/webdelmaestrocmf.com\/portal\/wp-content\/uploads\/2025\/12\/1A-Banner-1-portada-imagen-10-1-copia-19.webp?resize=350%2C200&ssl=1","width":350,"height":200,"srcset":"https:\/\/i0.wp.com\/webdelmaestrocmf.com\/portal\/wp-content\/uploads\/2025\/12\/1A-Banner-1-portada-imagen-10-1-copia-19.webp?resize=350%2C200&ssl=1 1x, https:\/\/i0.wp.com\/webdelmaestrocmf.com\/portal\/wp-content\/uploads\/2025\/12\/1A-Banner-1-portada-imagen-10-1-copia-19.webp?resize=525%2C300&ssl=1 1.5x, https:\/\/i0.wp.com\/webdelmaestrocmf.com\/portal\/wp-content\/uploads\/2025\/12\/1A-Banner-1-portada-imagen-10-1-copia-19.webp?resize=700%2C400&ssl=1 2x"},"classes":[]},{"id":112482,"url":"https:\/\/webdelmaestrocmf.com\/portal\/renuncie-a-ser-maestra-de-primaria-y-hoy-soy-feliz\/","url_meta":{"origin":108992,"position":3},"title":"Renunci\u00e9 a ser maestra. Amaba ense\u00f1ar, pero el desgaste, el bajo salario y la falta de apoyo me hicieron elegir mi salud, mi paz y empezar de nuevo. \u00a1Y hoy soy feliz !","author":"Web del Maestro CMF","date":"6 octubre, 2025","format":false,"excerpt":"Renunciar a la docencia no es rendirse, es sobrevivir a un sistema que desgasta. Cuando ense\u00f1ar deja de ser sostenible, irse no es fracaso: es recuperar dignidad y bienestar personal.","rel":"","context":"En \u00abRecursos\u00bb","block_context":{"text":"Recursos","link":"https:\/\/webdelmaestrocmf.com\/portal\/category\/pedagogia\/"},"img":{"alt_text":"","src":"https:\/\/i0.wp.com\/webdelmaestrocmf.com\/portal\/wp-content\/uploads\/2025\/10\/1AA-Banner-1-portada-imagen-10-1-copia-4.webp?resize=350%2C200&ssl=1","width":350,"height":200,"srcset":"https:\/\/i0.wp.com\/webdelmaestrocmf.com\/portal\/wp-content\/uploads\/2025\/10\/1AA-Banner-1-portada-imagen-10-1-copia-4.webp?resize=350%2C200&ssl=1 1x, https:\/\/i0.wp.com\/webdelmaestrocmf.com\/portal\/wp-content\/uploads\/2025\/10\/1AA-Banner-1-portada-imagen-10-1-copia-4.webp?resize=525%2C300&ssl=1 1.5x, https:\/\/i0.wp.com\/webdelmaestrocmf.com\/portal\/wp-content\/uploads\/2025\/10\/1AA-Banner-1-portada-imagen-10-1-copia-4.webp?resize=700%2C400&ssl=1 2x, https:\/\/i0.wp.com\/webdelmaestrocmf.com\/portal\/wp-content\/uploads\/2025\/10\/1AA-Banner-1-portada-imagen-10-1-copia-4.webp?resize=1050%2C600&ssl=1 3x"},"classes":[]},{"id":114981,"url":"https:\/\/webdelmaestrocmf.com\/portal\/mi-padre-dice-que-la-gente-como-tu-ya-no-cuenta-ni-siquiera-tienes-tiktok-una-frase-que-desnuda-la-crisis-de-la-profesion-docente\/","url_meta":{"origin":108992,"position":4},"title":"\u201cMi padre dice que la gente como t\u00fa ya no cuenta, ni siquiera tienes TikTok\u201d: una frase que desnuda la crisis de la profesi\u00f3n docente","author":"Web del Maestro CMF","date":"25 enero, 2026","format":false,"excerpt":"Una frase infantil, repetida sin conciencia, expone la profunda desvalorizaci\u00f3n social del docente y la p\u00e9rdida de respeto hacia la educaci\u00f3n.","rel":"","context":"En \u00abNoticias Internacionales\u00bb","block_context":{"text":"Noticias Internacionales","link":"https:\/\/webdelmaestrocmf.com\/portal\/category\/noticias-internacionales\/"},"img":{"alt_text":"","src":"https:\/\/i0.wp.com\/webdelmaestrocmf.com\/portal\/wp-content\/uploads\/2026\/01\/1A-Banner-1-portada-imagen-10-1-copia-4-3.webp?resize=350%2C200&ssl=1","width":350,"height":200,"srcset":"https:\/\/i0.wp.com\/webdelmaestrocmf.com\/portal\/wp-content\/uploads\/2026\/01\/1A-Banner-1-portada-imagen-10-1-copia-4-3.webp?resize=350%2C200&ssl=1 1x, https:\/\/i0.wp.com\/webdelmaestrocmf.com\/portal\/wp-content\/uploads\/2026\/01\/1A-Banner-1-portada-imagen-10-1-copia-4-3.webp?resize=525%2C300&ssl=1 1.5x, https:\/\/i0.wp.com\/webdelmaestrocmf.com\/portal\/wp-content\/uploads\/2026\/01\/1A-Banner-1-portada-imagen-10-1-copia-4-3.webp?resize=700%2C400&ssl=1 2x"},"classes":[]},{"id":113143,"url":"https:\/\/webdelmaestrocmf.com\/portal\/los-profesores-somos-carne-de-canon-del-sistema-educativo\/","url_meta":{"origin":108992,"position":5},"title":"Los profesores somos carne de ca\u00f1\u00f3n del sistema educativo. Somos quienes ponemos el cuerpo y el alma en medio del caos: pol\u00edticas improvisadas, decisiones injustas, violencia creciente y salarios paup\u00e9rrimos","author":"Web del Maestro CMF","date":"4 noviembre, 2025","format":false,"excerpt":"Nos exigen todo y nos protegen de nada. Siempre en la primera l\u00ednea cuando hay que recibir cr\u00edticas, pero nunca cuando se trata de recibir apoyo. Mientras otros deciden desde un escritorio, el maestro es quien sangra en silencio dentro del aula, sosteniendo un sistema que se cae a pedazos.","rel":"","context":"En \u00abYo opino - WMCMF\u00bb","block_context":{"text":"Yo opino - WMCMF","link":"https:\/\/webdelmaestrocmf.com\/portal\/category\/jamb\/"},"img":{"alt_text":"","src":"https:\/\/i0.wp.com\/webdelmaestrocmf.com\/portal\/wp-content\/uploads\/2025\/11\/1A-Banner-1-portada-imagen-10-1-copia-2-1.webp?resize=350%2C200&ssl=1","width":350,"height":200,"srcset":"https:\/\/i0.wp.com\/webdelmaestrocmf.com\/portal\/wp-content\/uploads\/2025\/11\/1A-Banner-1-portada-imagen-10-1-copia-2-1.webp?resize=350%2C200&ssl=1 1x, https:\/\/i0.wp.com\/webdelmaestrocmf.com\/portal\/wp-content\/uploads\/2025\/11\/1A-Banner-1-portada-imagen-10-1-copia-2-1.webp?resize=525%2C300&ssl=1 1.5x, https:\/\/i0.wp.com\/webdelmaestrocmf.com\/portal\/wp-content\/uploads\/2025\/11\/1A-Banner-1-portada-imagen-10-1-copia-2-1.webp?resize=700%2C400&ssl=1 2x"},"classes":[]}],"_links":{"self":[{"href":"https:\/\/webdelmaestrocmf.com\/portal\/wp-json\/wp\/v2\/posts\/108992","targetHints":{"allow":["GET"]}}],"collection":[{"href":"https:\/\/webdelmaestrocmf.com\/portal\/wp-json\/wp\/v2\/posts"}],"about":[{"href":"https:\/\/webdelmaestrocmf.com\/portal\/wp-json\/wp\/v2\/types\/post"}],"author":[{"embeddable":true,"href":"https:\/\/webdelmaestrocmf.com\/portal\/wp-json\/wp\/v2\/users\/1"}],"replies":[{"embeddable":true,"href":"https:\/\/webdelmaestrocmf.com\/portal\/wp-json\/wp\/v2\/comments?post=108992"}],"version-history":[{"count":2,"href":"https:\/\/webdelmaestrocmf.com\/portal\/wp-json\/wp\/v2\/posts\/108992\/revisions"}],"predecessor-version":[{"id":108995,"href":"https:\/\/webdelmaestrocmf.com\/portal\/wp-json\/wp\/v2\/posts\/108992\/revisions\/108995"}],"wp:featuredmedia":[{"embeddable":true,"href":"https:\/\/webdelmaestrocmf.com\/portal\/wp-json\/wp\/v2\/media\/108993"}],"wp:attachment":[{"href":"https:\/\/webdelmaestrocmf.com\/portal\/wp-json\/wp\/v2\/media?parent=108992"}],"wp:term":[{"taxonomy":"category","embeddable":true,"href":"https:\/\/webdelmaestrocmf.com\/portal\/wp-json\/wp\/v2\/categories?post=108992"},{"taxonomy":"post_tag","embeddable":true,"href":"https:\/\/webdelmaestrocmf.com\/portal\/wp-json\/wp\/v2\/tags?post=108992"}],"curies":[{"name":"wp","href":"https:\/\/api.w.org\/{rel}","templated":true}]}}