{"id":108786,"date":"2025-04-25T09:53:40","date_gmt":"2025-04-25T13:53:40","guid":{"rendered":"https:\/\/webdelmaestrocmf.com\/portal\/?p=108786"},"modified":"2025-06-17T12:37:34","modified_gmt":"2025-06-17T16:37:34","slug":"profesor-es-baleado-frente-a-alumnos-y-apoderados-en-calera-de-tango-desconocido-irrumpio-en-plena-clase","status":"publish","type":"post","link":"https:\/\/webdelmaestrocmf.com\/portal\/profesor-es-baleado-frente-a-alumnos-y-apoderados-en-calera-de-tango-desconocido-irrumpio-en-plena-clase\/","title":{"rendered":"Profesor es baleado frente a alumnos y apoderados en Calera de Tango: Desconocido irrumpi\u00f3 en plena clase"},"content":{"rendered":"<p class=\"\" style=\"text-align: justify;\" data-start=\"107\" data-end=\"572\">La violencia irrumpi\u00f3 sin previo aviso en un espacio de aprendizaje, disciplina y respeto. Un profesor de karate fue atacado a balazos en plena clase frente a ni\u00f1os y apoderados, en un hecho que ha conmocionado profundamente a la comunidad de Calera de Tango, Chile. El ataque, ocurrido el jueves 24 de abril alrededor de las 19:30 horas, tuvo lugar en el Estadio Municipal de la comuna, al interior de una sala multiuso donde se desarrollaba un taller de artes marciales.<!--more--><\/p>\n<p class=\"\" style=\"text-align: justify;\" data-start=\"574\" data-end=\"1013\">La v\u00edctima, <strong data-start=\"586\" data-end=\"608\">Claudio B\u00e1ez Rubio<\/strong>, instructor de karate con m\u00e1s de 20 a\u00f1os de experiencia y campe\u00f3n panamericano, se encontraba impartiendo su clase habitual cuando un sujeto ingres\u00f3 al recinto preguntando directamente por \u00e9l. Seg\u00fan testigos, el agresor \u2014un hombre a\u00fan no identificado\u2014 camin\u00f3 hasta el lugar, identific\u00f3 al profesor y <strong data-start=\"909\" data-end=\"953\">dispar\u00f3 a quemarropa al menos seis veces<\/strong>, frente a una decena de menores y dos apoderados presentes.<\/p>\n<p style=\"text-align: justify;\"><iframe loading=\"lazy\" title=\"YouTube video player\" src=\"https:\/\/www.youtube.com\/embed\/FPI7GfhQ3ic?si=J4P-079aoUoaRrra\" width=\"100%\" height=\"315\" frameborder=\"0\" allowfullscreen=\"allowfullscreen\"><\/iframe><\/p>\n<h3 class=\"\" style=\"text-align: justify;\" data-start=\"1015\" data-end=\"1053\">Una agresi\u00f3n directa y premeditada<\/h3>\n<p class=\"\" style=\"text-align: justify;\" data-start=\"1055\" data-end=\"1400\">Los relatos coinciden: el atacante no actu\u00f3 al azar. Pregunt\u00f3 directamente por \u00abel l\u00edder del grupo\u00bb y tras identificarlo, dispar\u00f3 sin mediar palabra. Luego, huy\u00f3 r\u00e1pidamente del lugar. El profesor Claudio B\u00e1ez, de 56 a\u00f1os, fue trasladado en estado cr\u00edtico al Hospital Parroquial de San Bernardo, donde permanece en condici\u00f3n de <strong data-start=\"1383\" data-end=\"1399\">riesgo vital<\/strong>.<\/p>\n<p class=\"\" style=\"text-align: justify;\" data-start=\"1402\" data-end=\"1655\">Este hecho no solo ha generado estupor en la comunidad educativa y deportiva de la comuna, sino tambi\u00e9n ha abierto un profundo cuestionamiento sobre la seguridad en espacios p\u00fablicos destinados a la formaci\u00f3n y recreaci\u00f3n de ni\u00f1os, ni\u00f1as y adolescentes.<\/p>\n<h3 class=\"\" style=\"text-align: justify;\" data-start=\"1657\" data-end=\"1708\">Falta de vigilancia y c\u00e1maras fuera de servicio<\/h3>\n<p class=\"\" style=\"text-align: justify;\" data-start=\"1710\" data-end=\"2012\">Una de las aristas m\u00e1s preocupantes del caso es que las <strong data-start=\"1766\" data-end=\"1823\">c\u00e1maras de seguridad del recinto estaban inoperativas<\/strong> al momento del ataque, producto de una falla t\u00e9cnica. As\u00ed lo confirm\u00f3 la alcaldesa de Calera de Tango, Hortensia Mora, quien adem\u00e1s expres\u00f3 p\u00fablicamente su consternaci\u00f3n por lo ocurrido:<\/p>\n<blockquote data-start=\"2013\" data-end=\"2181\">\n<p class=\"\" data-start=\"2015\" data-end=\"2181\">\u201cClaudio es un profesor muy querido por todos nosotros. Esto ha sido devastador, estamos haciendo todas las gestiones legales para encontrar al responsable\u201d, declar\u00f3.<\/p>\n<\/blockquote>\n<h3 class=\"\" style=\"text-align: justify;\" data-start=\"2183\" data-end=\"2212\">La investigaci\u00f3n en curso<\/h3>\n<p class=\"\" style=\"text-align: justify;\" data-start=\"2214\" data-end=\"2622\">La <strong data-start=\"2217\" data-end=\"2252\">Brigada de Homicidios de la PDI<\/strong> y el <strong data-start=\"2258\" data-end=\"2291\">Laboratorio de Criminal\u00edstica<\/strong> se encuentran a cargo de las pericias en el lugar, junto con la <strong data-start=\"2356\" data-end=\"2409\">Fiscal\u00eda contra el Crimen Organizado y Homicidios<\/strong>, que lidera la investigaci\u00f3n. Hasta ahora no existen registros de amenazas previas, denuncias formales ni antecedentes policiales asociados al profesor, lo que hace a\u00fan m\u00e1s desconcertante la hip\u00f3tesis del ataque.<\/p>\n<p class=\"\" style=\"text-align: justify;\" data-start=\"2624\" data-end=\"2681\">El fiscal <strong data-start=\"2634\" data-end=\"2652\">Leonardo Tapia<\/strong>, a cargo del caso, se\u00f1al\u00f3:<\/p>\n<blockquote data-start=\"2682\" data-end=\"2861\">\n<p class=\"\" data-start=\"2684\" data-end=\"2861\">\u201cEste hombre ingres\u00f3 al lugar con un objetivo claro: encontrar y atacar al profesor. No hay antecedentes ni denuncias que expliquen este ataque. Eso es lo que m\u00e1s desconcierta.\u201d<\/p>\n<\/blockquote>\n<p class=\"\" style=\"text-align: justify;\" data-start=\"2863\" data-end=\"3217\">Las l\u00edneas investigativas no descartan la posibilidad de un <strong data-start=\"2923\" data-end=\"2968\">ajuste de cuentas o una rencilla personal<\/strong>, aunque no existen pruebas concluyentes por el momento. La polic\u00eda realiza empadronamientos en el sector y revisa c\u00e1maras de otros recintos cercanos, con la esperanza de identificar al autor, quien hasta el cierre de esta edici\u00f3n <strong data-start=\"3199\" data-end=\"3216\">sigue pr\u00f3fugo<\/strong>.<\/p>\n<h3 class=\"\" style=\"text-align: justify;\" data-start=\"3219\" data-end=\"3267\">Suspensi\u00f3n de clases y miedo en la comunidad<\/h3>\n<p class=\"\" style=\"text-align: justify;\" data-start=\"3269\" data-end=\"3570\">A ra\u00edz del impacto del hecho y su cercan\u00eda con el <strong data-start=\"3319\" data-end=\"3352\">colegio colindante al estadio<\/strong>, se decidi\u00f3 suspender las clases en dicho establecimiento. Muchos de los estudiantes que asisten a ese colegio tambi\u00e9n eran alumnos del profesor Claudio, por lo que el trauma generado ha tenido un alcance mucho mayor.<\/p>\n<p class=\"\" style=\"text-align: justify;\" data-start=\"3572\" data-end=\"3834\">Este crimen no solo deja a un educador en estado grave, sino que tambi\u00e9n <strong data-start=\"3645\" data-end=\"3675\">hiere a toda una comunidad<\/strong> que lo conoc\u00eda, respetaba y confiaba en \u00e9l. La sala donde sol\u00edan resonar los kiais, se\u00f1ales de fuerza y autocontrol, qued\u00f3 marcada por el eco de los disparos.<\/p>\n<h3 class=\"\" style=\"text-align: justify;\" data-start=\"3836\" data-end=\"3893\">Un llamado urgente a proteger los espacios educativos<\/h3>\n<p class=\"\" style=\"text-align: justify;\" data-start=\"3895\" data-end=\"4289\">Este tr\u00e1gico hecho expone una herida abierta: la <strong data-start=\"3944\" data-end=\"4015\">falta de seguridad en espacios destinados a la formaci\u00f3n de menores<\/strong>, en particular en sectores donde la infraestructura p\u00fablica no cuenta con los recursos m\u00ednimos de vigilancia. Pero tambi\u00e9n plantea una necesidad a\u00fan m\u00e1s profunda: resguardar la labor de quienes, como Claudio, dedican su vida a formar no solo atletas, sino tambi\u00e9n personas.<\/p>\n<p class=\"\" style=\"text-align: justify;\" data-start=\"4291\" data-end=\"4436\">La comunidad espera respuestas, justicia y, sobre todo, garant\u00edas de que espacios como este no volver\u00e1n a convertirse en escenarios de violencia.<\/p>\n<p class=\"\" style=\"text-align: justify;\" data-start=\"4438\" data-end=\"4587\">Hoy, la vida de un maestro pende de un hilo. Ma\u00f1ana, el compromiso debe ser colectivo: <strong data-start=\"4525\" data-end=\"4586\">ni uno menos, ni un aula m\u00e1s convertida en zona de riesgo<\/strong>.<\/p>\n<p style=\"text-align: right;\" data-start=\"4438\" data-end=\"4587\"><strong>REDACCI\u00d3N WEB DEL MAESTRO CMF<\/strong><\/p>\n<p data-start=\"4438\" data-end=\"4587\">\t\t<div class=\"pk-inline-posts\">\n\t\t\t\n\t\t\t<div class=\"pk-inline-posts-container pk-inline-posts-template-list\"\n\t\t\t\tdata-columns=\"1\">\n\t\t\t\t\t\t<article id=\"post-118473\" class=\"post-118473 post type-post status-publish format-standard has-post-thumbnail category-noticias-internacionales tag-convivencia tag-docentes tag-educacion-3 tag-gestion-escolar-2 tag-protocolos tag-salud-mental tag-seguridad-escolar tag-simulacros tag-violencia-escolar cs-entry cs-video-wrap\">\n\t\t\t<div class=\"pk-post-outer\">\n\n\t\t\t\t\t\t\t\t<div class=\"pk-post-inner\">\n\t\t\t\t\t<div class=\"entry-thumbnail\">\n\t\t\t\t\t\t<div class=\"pk-overlay pk-overlay-ratio pk-ratio-landscape\">\n\t\t\t\t\t\t\t<div class=\"pk-overlay-background\">\n\t\t\t\t\t\t\t\t<a href=\"https:\/\/webdelmaestrocmf.com\/portal\/se-confirma-que-habra-simulacros-de-tiroteos-en-las-escuelas\/\" class=\"pk-overlay-link\">\n\t\t\t\t\t\t\t\t\t<img loading=\"lazy\" decoding=\"async\" width=\"300\" height=\"225\" src=\"https:\/\/webdelmaestrocmf.com\/portal\/wp-content\/uploads\/2026\/04\/1AA-Banner-1-portada-imagen-10-1-copia-1-11-300x225.webp\" class=\"attachment-pk-thumbnail size-pk-thumbnail wp-post-image\" alt=\"\" \/>\t\t\t\t\t\t\t\t<\/a>\n\t\t\t\t\t\t\t<\/div>\n\t\t\t\t\t\t<\/div>\n\t\t\t\t\t<\/div>\n\t\t\t\t<\/div>\n\t\t\t\t\n\t\t\t\t<div class=\"pk-post-inner\">\n\t\t\t\t\t<header>\n\t\t\t\t\t\t<h3 class=\"pk-title\"><a href=\"https:\/\/webdelmaestrocmf.com\/portal\/se-confirma-que-habra-simulacros-de-tiroteos-en-las-escuelas\/\" rel=\"bookmark\">Se confirma que habr\u00e1 simulacros de tiroteos en las escuelas<\/a><\/h3>\t\t\t\t\t<\/header><!-- .entry-header -->\n\t\t\t\t<\/div><!-- .post-inner -->\n\n\t\t\t<\/div><!-- .post-outer -->\n\t\t<\/article>\n\t\t\t<article id=\"post-118464\" class=\"post-118464 post type-post status-publish format-standard has-post-thumbnail category-noticias-internacionales tag-aula tag-convivencia-escolar tag-disciplina tag-docentes tag-educacion-3 tag-estudiantes tag-gestion-educativa-3 tag-normativa tag-pedagogia-3 tag-violencia-escolar cs-entry cs-video-wrap\">\n\t\t\t<div class=\"pk-post-outer\">\n\n\t\t\t\t\t\t\t\t<div class=\"pk-post-inner\">\n\t\t\t\t\t<div class=\"entry-thumbnail\">\n\t\t\t\t\t\t<div class=\"pk-overlay pk-overlay-ratio pk-ratio-landscape\">\n\t\t\t\t\t\t\t<div class=\"pk-overlay-background\">\n\t\t\t\t\t\t\t\t<a href=\"https:\/\/webdelmaestrocmf.com\/portal\/peru-pone-limites-estudiantes-violentos-podrian-salir-del-aula-presencial-y-pasar-a-otra-modalidad-educativa\/\" class=\"pk-overlay-link\">\n\t\t\t\t\t\t\t\t\t<img loading=\"lazy\" decoding=\"async\" width=\"300\" height=\"225\" src=\"https:\/\/webdelmaestrocmf.com\/portal\/wp-content\/uploads\/2026\/04\/1AA-Banner-1-portada-imagen-10-1-copia-38-300x225.webp\" class=\"attachment-pk-thumbnail size-pk-thumbnail wp-post-image\" alt=\"\" \/>\t\t\t\t\t\t\t\t<\/a>\n\t\t\t\t\t\t\t<\/div>\n\t\t\t\t\t\t<\/div>\n\t\t\t\t\t<\/div>\n\t\t\t\t<\/div>\n\t\t\t\t\n\t\t\t\t<div class=\"pk-post-inner\">\n\t\t\t\t\t<header>\n\t\t\t\t\t\t<h3 class=\"pk-title\"><a href=\"https:\/\/webdelmaestrocmf.com\/portal\/peru-pone-limites-estudiantes-violentos-podrian-salir-del-aula-presencial-y-pasar-a-otra-modalidad-educativa\/\" rel=\"bookmark\">Per\u00fa pone l\u00edmites: estudiantes violentos podr\u00edan salir del aula presencial y pasar a otra modalidad educativa<\/a><\/h3>\t\t\t\t\t<\/header><!-- .entry-header -->\n\t\t\t\t<\/div><!-- .post-inner -->\n\n\t\t\t<\/div><!-- .post-outer -->\n\t\t<\/article>\n\t\t\t<article id=\"post-118433\" class=\"post-118433 post type-post status-publish format-standard has-post-thumbnail category-noticias-internacionales tag-aprendizaje tag-atencion-en-el-aula-2 tag-docentes tag-educacion-3 tag-estrategias-didacticas-2 tag-innovacion-educativa-3 tag-motivacion-escolar-2 tag-neuroeducacion-2 tag-pedagogia-3 tag-tecnologia-educativa-3 cs-entry cs-video-wrap\">\n\t\t\t<div class=\"pk-post-outer\">\n\n\t\t\t\t\t\t\t\t<div class=\"pk-post-inner\">\n\t\t\t\t\t<div class=\"entry-thumbnail\">\n\t\t\t\t\t\t<div class=\"pk-overlay pk-overlay-ratio pk-ratio-landscape\">\n\t\t\t\t\t\t\t<div class=\"pk-overlay-background\">\n\t\t\t\t\t\t\t\t<a href=\"https:\/\/webdelmaestrocmf.com\/portal\/9-de-cada-10-maestros-confirman-que-los-alumnos-ya-no-prestan-atencion-en-clase\/\" class=\"pk-overlay-link\">\n\t\t\t\t\t\t\t\t\t<img loading=\"lazy\" decoding=\"async\" width=\"300\" height=\"225\" src=\"https:\/\/webdelmaestrocmf.com\/portal\/wp-content\/uploads\/2026\/04\/1AA-Banner-1-portada-imagen-10-1-copia-1-10-300x225.webp\" class=\"attachment-pk-thumbnail size-pk-thumbnail wp-post-image\" alt=\"\" \/>\t\t\t\t\t\t\t\t<\/a>\n\t\t\t\t\t\t\t<\/div>\n\t\t\t\t\t\t<\/div>\n\t\t\t\t\t<\/div>\n\t\t\t\t<\/div>\n\t\t\t\t\n\t\t\t\t<div class=\"pk-post-inner\">\n\t\t\t\t\t<header>\n\t\t\t\t\t\t<h3 class=\"pk-title\"><a href=\"https:\/\/webdelmaestrocmf.com\/portal\/9-de-cada-10-maestros-confirman-que-los-alumnos-ya-no-prestan-atencion-en-clase\/\" rel=\"bookmark\">9 de cada 10 maestros confirman que los alumnos ya no prestan atenci\u00f3n en clase<\/a><\/h3>\t\t\t\t\t<\/header><!-- .entry-header -->\n\t\t\t\t<\/div><!-- .post-inner -->\n\n\t\t\t<\/div><!-- .post-outer -->\n\t\t<\/article>\n\t\t\t\t<\/div>\n\t\t<\/div>\n\t\t<\/p>\n","protected":false},"excerpt":{"rendered":"La violencia irrumpi\u00f3 sin previo aviso en un espacio de aprendizaje, disciplina y respeto. Un profesor de karate&hellip;","protected":false},"author":1,"featured_media":108787,"comment_status":"open","ping_status":"closed","sticky":false,"template":"","format":"standard","meta":{"csco_display_header_overlay":false,"csco_singular_sidebar":"","csco_page_header_type":"","csco_page_load_nextpost":"","csco_post_video_location":[],"csco_post_video_location_hash":"","csco_post_video_url":"","csco_post_video_bg_start_time":0,"csco_post_video_bg_end_time":0,"csco_post_video_bg_volume":false,"_jetpack_memberships_contains_paid_content":false,"footnotes":""},"categories":[23790],"tags":[23623,23625,23624,342,675],"class_list":{"0":"post-108786","1":"post","2":"type-post","3":"status-publish","4":"format-standard","5":"has-post-thumbnail","7":"category-noticias-internacionales","8":"tag-ataque","9":"tag-calera-de-tango","10":"tag-karate","11":"tag-profesor","12":"tag-violencia","13":"cs-entry","14":"cs-video-wrap"},"yoast_head":"<!-- This site is optimized with the Yoast SEO plugin v27.5 - https:\/\/yoast.com\/product\/yoast-seo-wordpress\/ -->\n<title>Profesor es baleado frente a alumnos y apoderados en Calera de Tango: Desconocido irrumpi\u00f3 en plena clase - 2026<\/title>\n<meta name=\"description\" content=\"La violencia irrumpi\u00f3 sin previo aviso en un espacio de aprendizaje, disciplina y respeto. Un profesor de karate fue atacado...\" \/>\n<meta name=\"robots\" content=\"index, follow, max-snippet:-1, max-image-preview:large, max-video-preview:-1\" \/>\n<link rel=\"canonical\" href=\"https:\/\/webdelmaestrocmf.com\/portal\/profesor-es-baleado-frente-a-alumnos-y-apoderados-en-calera-de-tango-desconocido-irrumpio-en-plena-clase\/\" \/>\n<meta property=\"og:locale\" content=\"es_ES\" \/>\n<meta property=\"og:type\" content=\"article\" \/>\n<meta property=\"og:title\" content=\"Profesor es baleado frente a alumnos y apoderados en Calera de Tango: Desconocido irrumpi\u00f3 en plena clase - 2026\" \/>\n<meta property=\"og:description\" content=\"La violencia irrumpi\u00f3 sin previo aviso en un espacio de aprendizaje, disciplina y respeto. Un profesor de karate fue atacado...\" \/>\n<meta property=\"og:url\" content=\"https:\/\/webdelmaestrocmf.com\/portal\/profesor-es-baleado-frente-a-alumnos-y-apoderados-en-calera-de-tango-desconocido-irrumpio-en-plena-clase\/\" \/>\n<meta property=\"og:site_name\" content=\"Web del Maestro CMF\" \/>\n<meta property=\"article:publisher\" content=\"https:\/\/www.facebook.com\/WebdelMaestroCMF\/\" \/>\n<meta property=\"article:author\" content=\"https:\/\/www.facebook.com\/WebdelMaestroCMF\/\" \/>\n<meta property=\"article:published_time\" content=\"2025-04-25T13:53:40+00:00\" \/>\n<meta property=\"article:modified_time\" content=\"2025-06-17T16:37:34+00:00\" \/>\n<meta property=\"og:image\" content=\"https:\/\/webdelmaestrocmf.com\/portal\/wp-content\/uploads\/2025\/04\/1A-Banner-1-portada-imagen-10-1-13.jpg\" \/>\n\t<meta property=\"og:image:width\" content=\"1024\" \/>\n\t<meta property=\"og:image:height\" content=\"1024\" \/>\n\t<meta property=\"og:image:type\" content=\"image\/jpeg\" \/>\n<meta name=\"author\" content=\"Web del Maestro CMF\" \/>\n<meta name=\"twitter:card\" content=\"summary_large_image\" \/>\n<meta name=\"twitter:creator\" content=\"@cmf_w\" \/>\n<meta name=\"twitter:site\" content=\"@cmf_w\" \/>\n<script type=\"application\/ld+json\" class=\"yoast-schema-graph\">{\"@context\":\"https:\\\/\\\/schema.org\",\"@graph\":[{\"@type\":\"ScholarlyArticle\",\"@id\":\"https:\\\/\\\/webdelmaestrocmf.com\\\/portal\\\/profesor-es-baleado-frente-a-alumnos-y-apoderados-en-calera-de-tango-desconocido-irrumpio-en-plena-clase\\\/#article\",\"isPartOf\":{\"@id\":\"https:\\\/\\\/webdelmaestrocmf.com\\\/portal\\\/profesor-es-baleado-frente-a-alumnos-y-apoderados-en-calera-de-tango-desconocido-irrumpio-en-plena-clase\\\/\"},\"author\":{\"name\":\"Web del Maestro CMF\",\"@id\":\"https:\\\/\\\/webdelmaestrocmf.com\\\/portal\\\/#\\\/schema\\\/person\\\/1072a2ed7bd960df8ef99a551fa35dc5\"},\"headline\":\"Profesor es baleado frente a alumnos y apoderados en Calera de Tango: Desconocido irrumpi\u00f3 en plena clase\",\"datePublished\":\"2025-04-25T13:53:40+00:00\",\"dateModified\":\"2025-06-17T16:37:34+00:00\",\"mainEntityOfPage\":{\"@id\":\"https:\\\/\\\/webdelmaestrocmf.com\\\/portal\\\/profesor-es-baleado-frente-a-alumnos-y-apoderados-en-calera-de-tango-desconocido-irrumpio-en-plena-clase\\\/\"},\"wordCount\":792,\"commentCount\":3,\"publisher\":{\"@id\":\"https:\\\/\\\/webdelmaestrocmf.com\\\/portal\\\/#organization\"},\"image\":{\"@id\":\"https:\\\/\\\/webdelmaestrocmf.com\\\/portal\\\/profesor-es-baleado-frente-a-alumnos-y-apoderados-en-calera-de-tango-desconocido-irrumpio-en-plena-clase\\\/#primaryimage\"},\"thumbnailUrl\":\"https:\\\/\\\/webdelmaestrocmf.com\\\/portal\\\/wp-content\\\/uploads\\\/2025\\\/04\\\/1A-Banner-1-portada-imagen-10-1-13.jpg\",\"keywords\":[\"ataque\",\"Calera de Tango\",\"karate\",\"profesor\",\"VIOLENCIA\"],\"articleSection\":[\"Noticias Internacionales\"],\"inLanguage\":\"es\",\"potentialAction\":[{\"@type\":\"CommentAction\",\"name\":\"Comment\",\"target\":[\"https:\\\/\\\/webdelmaestrocmf.com\\\/portal\\\/profesor-es-baleado-frente-a-alumnos-y-apoderados-en-calera-de-tango-desconocido-irrumpio-en-plena-clase\\\/#respond\"]}]},{\"@type\":\"WebPage\",\"@id\":\"https:\\\/\\\/webdelmaestrocmf.com\\\/portal\\\/profesor-es-baleado-frente-a-alumnos-y-apoderados-en-calera-de-tango-desconocido-irrumpio-en-plena-clase\\\/\",\"url\":\"https:\\\/\\\/webdelmaestrocmf.com\\\/portal\\\/profesor-es-baleado-frente-a-alumnos-y-apoderados-en-calera-de-tango-desconocido-irrumpio-en-plena-clase\\\/\",\"name\":\"Profesor es baleado frente a alumnos y apoderados en Calera de Tango: Desconocido irrumpi\u00f3 en plena clase - 2026\",\"isPartOf\":{\"@id\":\"https:\\\/\\\/webdelmaestrocmf.com\\\/portal\\\/#website\"},\"primaryImageOfPage\":{\"@id\":\"https:\\\/\\\/webdelmaestrocmf.com\\\/portal\\\/profesor-es-baleado-frente-a-alumnos-y-apoderados-en-calera-de-tango-desconocido-irrumpio-en-plena-clase\\\/#primaryimage\"},\"image\":{\"@id\":\"https:\\\/\\\/webdelmaestrocmf.com\\\/portal\\\/profesor-es-baleado-frente-a-alumnos-y-apoderados-en-calera-de-tango-desconocido-irrumpio-en-plena-clase\\\/#primaryimage\"},\"thumbnailUrl\":\"https:\\\/\\\/webdelmaestrocmf.com\\\/portal\\\/wp-content\\\/uploads\\\/2025\\\/04\\\/1A-Banner-1-portada-imagen-10-1-13.jpg\",\"datePublished\":\"2025-04-25T13:53:40+00:00\",\"dateModified\":\"2025-06-17T16:37:34+00:00\",\"description\":\"La violencia irrumpi\u00f3 sin previo aviso en un espacio de aprendizaje, disciplina y respeto. Un profesor de karate fue atacado...\",\"breadcrumb\":{\"@id\":\"https:\\\/\\\/webdelmaestrocmf.com\\\/portal\\\/profesor-es-baleado-frente-a-alumnos-y-apoderados-en-calera-de-tango-desconocido-irrumpio-en-plena-clase\\\/#breadcrumb\"},\"inLanguage\":\"es\",\"potentialAction\":[{\"@type\":\"ReadAction\",\"target\":[\"https:\\\/\\\/webdelmaestrocmf.com\\\/portal\\\/profesor-es-baleado-frente-a-alumnos-y-apoderados-en-calera-de-tango-desconocido-irrumpio-en-plena-clase\\\/\"]}]},{\"@type\":\"ImageObject\",\"inLanguage\":\"es\",\"@id\":\"https:\\\/\\\/webdelmaestrocmf.com\\\/portal\\\/profesor-es-baleado-frente-a-alumnos-y-apoderados-en-calera-de-tango-desconocido-irrumpio-en-plena-clase\\\/#primaryimage\",\"url\":\"https:\\\/\\\/webdelmaestrocmf.com\\\/portal\\\/wp-content\\\/uploads\\\/2025\\\/04\\\/1A-Banner-1-portada-imagen-10-1-13.jpg\",\"contentUrl\":\"https:\\\/\\\/webdelmaestrocmf.com\\\/portal\\\/wp-content\\\/uploads\\\/2025\\\/04\\\/1A-Banner-1-portada-imagen-10-1-13.jpg\",\"width\":1024,\"height\":1024},{\"@type\":\"BreadcrumbList\",\"@id\":\"https:\\\/\\\/webdelmaestrocmf.com\\\/portal\\\/profesor-es-baleado-frente-a-alumnos-y-apoderados-en-calera-de-tango-desconocido-irrumpio-en-plena-clase\\\/#breadcrumb\",\"itemListElement\":[{\"@type\":\"ListItem\",\"position\":1,\"name\":\"Portada\",\"item\":\"https:\\\/\\\/webdelmaestrocmf.com\\\/portal\\\/\"},{\"@type\":\"ListItem\",\"position\":2,\"name\":\"Recursos\",\"item\":\"https:\\\/\\\/webdelmaestrocmf.com\\\/portal\\\/category\\\/pedagogia\\\/\"},{\"@type\":\"ListItem\",\"position\":3,\"name\":\"Profesor es baleado frente a alumnos y apoderados en Calera de Tango: Desconocido irrumpi\u00f3 en plena clase\"}]},{\"@type\":\"WebSite\",\"@id\":\"https:\\\/\\\/webdelmaestrocmf.com\\\/portal\\\/#website\",\"url\":\"https:\\\/\\\/webdelmaestrocmf.com\\\/portal\\\/\",\"name\":\"Web del Maestro CMF\",\"description\":\"Maestros al servicio de la educaci\u00f3n\",\"publisher\":{\"@id\":\"https:\\\/\\\/webdelmaestrocmf.com\\\/portal\\\/#organization\"},\"alternateName\":\"WMCMF\",\"potentialAction\":[{\"@type\":\"SearchAction\",\"target\":{\"@type\":\"EntryPoint\",\"urlTemplate\":\"https:\\\/\\\/webdelmaestrocmf.com\\\/portal\\\/?s={search_term_string}\"},\"query-input\":{\"@type\":\"PropertyValueSpecification\",\"valueRequired\":true,\"valueName\":\"search_term_string\"}}],\"inLanguage\":\"es\"},{\"@type\":\"Organization\",\"@id\":\"https:\\\/\\\/webdelmaestrocmf.com\\\/portal\\\/#organization\",\"name\":\"Web del Maestro CMF\",\"alternateName\":\"WMCMF\",\"url\":\"https:\\\/\\\/webdelmaestrocmf.com\\\/portal\\\/\",\"logo\":{\"@type\":\"ImageObject\",\"inLanguage\":\"es\",\"@id\":\"https:\\\/\\\/webdelmaestrocmf.com\\\/portal\\\/#\\\/schema\\\/logo\\\/image\\\/\",\"url\":\"https:\\\/\\\/webdelmaestrocmf.com\\\/portal\\\/wp-content\\\/uploads\\\/2023\\\/01\\\/logo-wmcmf-2.png\",\"contentUrl\":\"https:\\\/\\\/webdelmaestrocmf.com\\\/portal\\\/wp-content\\\/uploads\\\/2023\\\/01\\\/logo-wmcmf-2.png\",\"width\":200,\"height\":60,\"caption\":\"Web del Maestro CMF\"},\"image\":{\"@id\":\"https:\\\/\\\/webdelmaestrocmf.com\\\/portal\\\/#\\\/schema\\\/logo\\\/image\\\/\"},\"sameAs\":[\"https:\\\/\\\/www.facebook.com\\\/WebdelMaestroCMF\\\/\",\"https:\\\/\\\/x.com\\\/cmf_w\",\"https:\\\/\\\/www.pinterest.com\\\/WMCMF\\\/\",\"https:\\\/\\\/www.linkedin.com\\\/company\\\/web-del-maestro-cmf\\\/\",\"https:\\\/\\\/www.instagram.com\\\/wmcmf\\\/\",\"https:\\\/\\\/www.youtube.com\\\/channel\\\/UCDPSvjbdodE5sHnC3OxutHw\",\"https:\\\/\\\/mastodon.social\\\/@wmcmf\",\"https:\\\/\\\/www.tiktok.com\\\/@webdelmaestrocmf\"]},{\"@type\":\"Person\",\"@id\":\"https:\\\/\\\/webdelmaestrocmf.com\\\/portal\\\/#\\\/schema\\\/person\\\/1072a2ed7bd960df8ef99a551fa35dc5\",\"name\":\"Web del Maestro CMF\",\"image\":{\"@type\":\"ImageObject\",\"inLanguage\":\"es\",\"@id\":\"https:\\\/\\\/secure.gravatar.com\\\/avatar\\\/23291dd5b5ae1077dcff3dbb04c3e02bd28403fa75af6d8787d5e97c5bbbe30b?s=96&d=mm&r=g\",\"url\":\"https:\\\/\\\/secure.gravatar.com\\\/avatar\\\/23291dd5b5ae1077dcff3dbb04c3e02bd28403fa75af6d8787d5e97c5bbbe30b?s=96&d=mm&r=g\",\"contentUrl\":\"https:\\\/\\\/secure.gravatar.com\\\/avatar\\\/23291dd5b5ae1077dcff3dbb04c3e02bd28403fa75af6d8787d5e97c5bbbe30b?s=96&d=mm&r=g\",\"caption\":\"Web del Maestro CMF\"},\"description\":\"Esta Web se cre\u00f3 sin fines de lucro, con fines educativos, cient\u00edficos y acad\u00e9micos, para personas que tengan dificultades y\\\/o inconvenientes en visualizar el material original. El objetivo es entregar recursos, compartir experiencias y materiales que ayuden a los padres de familia, maestros y estudiantes en su actualizaci\u00f3n y formaci\u00f3n permanente, en bien de la Educaci\u00f3n.\",\"sameAs\":[\"http:\\\/\\\/webdelmaestrocmf.com\\\/portal\",\"https:\\\/\\\/www.facebook.com\\\/WebdelMaestroCMF\\\/\",\"https:\\\/\\\/www.instagram.com\\\/wmcmf\\\/\",\"https:\\\/\\\/cl.linkedin.com\\\/company\\\/web-del-maestro-cmf\",\"https:\\\/\\\/www.pinterest.com\\\/WMCMF\\\/publicaciones\\\/\",\"https:\\\/\\\/x.com\\\/cmf_w\",\"https:\\\/\\\/www.youtube.com\\\/@WMCMF\"]}]}<\/script>\n<!-- \/ Yoast SEO plugin. -->","yoast_head_json":{"title":"Profesor es baleado frente a alumnos y apoderados en Calera de Tango: Desconocido irrumpi\u00f3 en plena clase - 2026","description":"La violencia irrumpi\u00f3 sin previo aviso en un espacio de aprendizaje, disciplina y respeto. Un profesor de karate fue atacado...","robots":{"index":"index","follow":"follow","max-snippet":"max-snippet:-1","max-image-preview":"max-image-preview:large","max-video-preview":"max-video-preview:-1"},"canonical":"https:\/\/webdelmaestrocmf.com\/portal\/profesor-es-baleado-frente-a-alumnos-y-apoderados-en-calera-de-tango-desconocido-irrumpio-en-plena-clase\/","og_locale":"es_ES","og_type":"article","og_title":"Profesor es baleado frente a alumnos y apoderados en Calera de Tango: Desconocido irrumpi\u00f3 en plena clase - 2026","og_description":"La violencia irrumpi\u00f3 sin previo aviso en un espacio de aprendizaje, disciplina y respeto. Un profesor de karate fue atacado...","og_url":"https:\/\/webdelmaestrocmf.com\/portal\/profesor-es-baleado-frente-a-alumnos-y-apoderados-en-calera-de-tango-desconocido-irrumpio-en-plena-clase\/","og_site_name":"Web del Maestro CMF","article_publisher":"https:\/\/www.facebook.com\/WebdelMaestroCMF\/","article_author":"https:\/\/www.facebook.com\/WebdelMaestroCMF\/","article_published_time":"2025-04-25T13:53:40+00:00","article_modified_time":"2025-06-17T16:37:34+00:00","og_image":[{"width":1024,"height":1024,"url":"https:\/\/webdelmaestrocmf.com\/portal\/wp-content\/uploads\/2025\/04\/1A-Banner-1-portada-imagen-10-1-13.jpg","type":"image\/jpeg"}],"author":"Web del Maestro CMF","twitter_card":"summary_large_image","twitter_creator":"@cmf_w","twitter_site":"@cmf_w","schema":{"@context":"https:\/\/schema.org","@graph":[{"@type":"ScholarlyArticle","@id":"https:\/\/webdelmaestrocmf.com\/portal\/profesor-es-baleado-frente-a-alumnos-y-apoderados-en-calera-de-tango-desconocido-irrumpio-en-plena-clase\/#article","isPartOf":{"@id":"https:\/\/webdelmaestrocmf.com\/portal\/profesor-es-baleado-frente-a-alumnos-y-apoderados-en-calera-de-tango-desconocido-irrumpio-en-plena-clase\/"},"author":{"name":"Web del Maestro CMF","@id":"https:\/\/webdelmaestrocmf.com\/portal\/#\/schema\/person\/1072a2ed7bd960df8ef99a551fa35dc5"},"headline":"Profesor es baleado frente a alumnos y apoderados en Calera de Tango: Desconocido irrumpi\u00f3 en plena clase","datePublished":"2025-04-25T13:53:40+00:00","dateModified":"2025-06-17T16:37:34+00:00","mainEntityOfPage":{"@id":"https:\/\/webdelmaestrocmf.com\/portal\/profesor-es-baleado-frente-a-alumnos-y-apoderados-en-calera-de-tango-desconocido-irrumpio-en-plena-clase\/"},"wordCount":792,"commentCount":3,"publisher":{"@id":"https:\/\/webdelmaestrocmf.com\/portal\/#organization"},"image":{"@id":"https:\/\/webdelmaestrocmf.com\/portal\/profesor-es-baleado-frente-a-alumnos-y-apoderados-en-calera-de-tango-desconocido-irrumpio-en-plena-clase\/#primaryimage"},"thumbnailUrl":"https:\/\/webdelmaestrocmf.com\/portal\/wp-content\/uploads\/2025\/04\/1A-Banner-1-portada-imagen-10-1-13.jpg","keywords":["ataque","Calera de Tango","karate","profesor","VIOLENCIA"],"articleSection":["Noticias Internacionales"],"inLanguage":"es","potentialAction":[{"@type":"CommentAction","name":"Comment","target":["https:\/\/webdelmaestrocmf.com\/portal\/profesor-es-baleado-frente-a-alumnos-y-apoderados-en-calera-de-tango-desconocido-irrumpio-en-plena-clase\/#respond"]}]},{"@type":"WebPage","@id":"https:\/\/webdelmaestrocmf.com\/portal\/profesor-es-baleado-frente-a-alumnos-y-apoderados-en-calera-de-tango-desconocido-irrumpio-en-plena-clase\/","url":"https:\/\/webdelmaestrocmf.com\/portal\/profesor-es-baleado-frente-a-alumnos-y-apoderados-en-calera-de-tango-desconocido-irrumpio-en-plena-clase\/","name":"Profesor es baleado frente a alumnos y apoderados en Calera de Tango: Desconocido irrumpi\u00f3 en plena clase - 2026","isPartOf":{"@id":"https:\/\/webdelmaestrocmf.com\/portal\/#website"},"primaryImageOfPage":{"@id":"https:\/\/webdelmaestrocmf.com\/portal\/profesor-es-baleado-frente-a-alumnos-y-apoderados-en-calera-de-tango-desconocido-irrumpio-en-plena-clase\/#primaryimage"},"image":{"@id":"https:\/\/webdelmaestrocmf.com\/portal\/profesor-es-baleado-frente-a-alumnos-y-apoderados-en-calera-de-tango-desconocido-irrumpio-en-plena-clase\/#primaryimage"},"thumbnailUrl":"https:\/\/webdelmaestrocmf.com\/portal\/wp-content\/uploads\/2025\/04\/1A-Banner-1-portada-imagen-10-1-13.jpg","datePublished":"2025-04-25T13:53:40+00:00","dateModified":"2025-06-17T16:37:34+00:00","description":"La violencia irrumpi\u00f3 sin previo aviso en un espacio de aprendizaje, disciplina y respeto. Un profesor de karate fue atacado...","breadcrumb":{"@id":"https:\/\/webdelmaestrocmf.com\/portal\/profesor-es-baleado-frente-a-alumnos-y-apoderados-en-calera-de-tango-desconocido-irrumpio-en-plena-clase\/#breadcrumb"},"inLanguage":"es","potentialAction":[{"@type":"ReadAction","target":["https:\/\/webdelmaestrocmf.com\/portal\/profesor-es-baleado-frente-a-alumnos-y-apoderados-en-calera-de-tango-desconocido-irrumpio-en-plena-clase\/"]}]},{"@type":"ImageObject","inLanguage":"es","@id":"https:\/\/webdelmaestrocmf.com\/portal\/profesor-es-baleado-frente-a-alumnos-y-apoderados-en-calera-de-tango-desconocido-irrumpio-en-plena-clase\/#primaryimage","url":"https:\/\/webdelmaestrocmf.com\/portal\/wp-content\/uploads\/2025\/04\/1A-Banner-1-portada-imagen-10-1-13.jpg","contentUrl":"https:\/\/webdelmaestrocmf.com\/portal\/wp-content\/uploads\/2025\/04\/1A-Banner-1-portada-imagen-10-1-13.jpg","width":1024,"height":1024},{"@type":"BreadcrumbList","@id":"https:\/\/webdelmaestrocmf.com\/portal\/profesor-es-baleado-frente-a-alumnos-y-apoderados-en-calera-de-tango-desconocido-irrumpio-en-plena-clase\/#breadcrumb","itemListElement":[{"@type":"ListItem","position":1,"name":"Portada","item":"https:\/\/webdelmaestrocmf.com\/portal\/"},{"@type":"ListItem","position":2,"name":"Recursos","item":"https:\/\/webdelmaestrocmf.com\/portal\/category\/pedagogia\/"},{"@type":"ListItem","position":3,"name":"Profesor es baleado frente a alumnos y apoderados en Calera de Tango: Desconocido irrumpi\u00f3 en plena clase"}]},{"@type":"WebSite","@id":"https:\/\/webdelmaestrocmf.com\/portal\/#website","url":"https:\/\/webdelmaestrocmf.com\/portal\/","name":"Web del Maestro CMF","description":"Maestros al servicio de la educaci\u00f3n","publisher":{"@id":"https:\/\/webdelmaestrocmf.com\/portal\/#organization"},"alternateName":"WMCMF","potentialAction":[{"@type":"SearchAction","target":{"@type":"EntryPoint","urlTemplate":"https:\/\/webdelmaestrocmf.com\/portal\/?s={search_term_string}"},"query-input":{"@type":"PropertyValueSpecification","valueRequired":true,"valueName":"search_term_string"}}],"inLanguage":"es"},{"@type":"Organization","@id":"https:\/\/webdelmaestrocmf.com\/portal\/#organization","name":"Web del Maestro CMF","alternateName":"WMCMF","url":"https:\/\/webdelmaestrocmf.com\/portal\/","logo":{"@type":"ImageObject","inLanguage":"es","@id":"https:\/\/webdelmaestrocmf.com\/portal\/#\/schema\/logo\/image\/","url":"https:\/\/webdelmaestrocmf.com\/portal\/wp-content\/uploads\/2023\/01\/logo-wmcmf-2.png","contentUrl":"https:\/\/webdelmaestrocmf.com\/portal\/wp-content\/uploads\/2023\/01\/logo-wmcmf-2.png","width":200,"height":60,"caption":"Web del Maestro CMF"},"image":{"@id":"https:\/\/webdelmaestrocmf.com\/portal\/#\/schema\/logo\/image\/"},"sameAs":["https:\/\/www.facebook.com\/WebdelMaestroCMF\/","https:\/\/x.com\/cmf_w","https:\/\/www.pinterest.com\/WMCMF\/","https:\/\/www.linkedin.com\/company\/web-del-maestro-cmf\/","https:\/\/www.instagram.com\/wmcmf\/","https:\/\/www.youtube.com\/channel\/UCDPSvjbdodE5sHnC3OxutHw","https:\/\/mastodon.social\/@wmcmf","https:\/\/www.tiktok.com\/@webdelmaestrocmf"]},{"@type":"Person","@id":"https:\/\/webdelmaestrocmf.com\/portal\/#\/schema\/person\/1072a2ed7bd960df8ef99a551fa35dc5","name":"Web del Maestro CMF","image":{"@type":"ImageObject","inLanguage":"es","@id":"https:\/\/secure.gravatar.com\/avatar\/23291dd5b5ae1077dcff3dbb04c3e02bd28403fa75af6d8787d5e97c5bbbe30b?s=96&d=mm&r=g","url":"https:\/\/secure.gravatar.com\/avatar\/23291dd5b5ae1077dcff3dbb04c3e02bd28403fa75af6d8787d5e97c5bbbe30b?s=96&d=mm&r=g","contentUrl":"https:\/\/secure.gravatar.com\/avatar\/23291dd5b5ae1077dcff3dbb04c3e02bd28403fa75af6d8787d5e97c5bbbe30b?s=96&d=mm&r=g","caption":"Web del Maestro CMF"},"description":"Esta Web se cre\u00f3 sin fines de lucro, con fines educativos, cient\u00edficos y acad\u00e9micos, para personas que tengan dificultades y\/o inconvenientes en visualizar el material original. El objetivo es entregar recursos, compartir experiencias y materiales que ayuden a los padres de familia, maestros y estudiantes en su actualizaci\u00f3n y formaci\u00f3n permanente, en bien de la Educaci\u00f3n.","sameAs":["http:\/\/webdelmaestrocmf.com\/portal","https:\/\/www.facebook.com\/WebdelMaestroCMF\/","https:\/\/www.instagram.com\/wmcmf\/","https:\/\/cl.linkedin.com\/company\/web-del-maestro-cmf","https:\/\/www.pinterest.com\/WMCMF\/publicaciones\/","https:\/\/x.com\/cmf_w","https:\/\/www.youtube.com\/@WMCMF"]}]}},"jetpack_featured_media_url":"https:\/\/webdelmaestrocmf.com\/portal\/wp-content\/uploads\/2025\/04\/1A-Banner-1-portada-imagen-10-1-13.jpg","jetpack_sharing_enabled":true,"jetpack-related-posts":[{"id":110988,"url":"https:\/\/webdelmaestrocmf.com\/portal\/docente-hospitalizada-tras-brutal-agresion-en-aula-crece-la-preocupacion-por-la-seguridad-del-profesorado-en-mexico\/","url_meta":{"origin":108786,"position":0},"title":"Docente hospitalizada tras brutal agresi\u00f3n de madre de familia en el aula: crece la preocupaci\u00f3n por la seguridad del profesorado en M\u00e9xico","author":"Web del Maestro CMF","date":"1 octubre, 2025","format":false,"excerpt":"El ataque ocurri\u00f3 frente a alumnos de tercer grado en Las Choapas, Veracruz. No es un hecho aislado: se suman nuevos casos de violencia escolar sin respuesta clara de las autoridades.","rel":"","context":"En \u00abNoticias Internacionales\u00bb","block_context":{"text":"Noticias Internacionales","link":"https:\/\/webdelmaestrocmf.com\/portal\/category\/noticias-internacionales\/"},"img":{"alt_text":"","src":"https:\/\/i0.wp.com\/webdelmaestrocmf.com\/portal\/wp-content\/uploads\/2025\/10\/1A-Banner-1-portada-imagen-10-1-copia-7-1.webp?resize=350%2C200&ssl=1","width":350,"height":200,"srcset":"https:\/\/i0.wp.com\/webdelmaestrocmf.com\/portal\/wp-content\/uploads\/2025\/10\/1A-Banner-1-portada-imagen-10-1-copia-7-1.webp?resize=350%2C200&ssl=1 1x, https:\/\/i0.wp.com\/webdelmaestrocmf.com\/portal\/wp-content\/uploads\/2025\/10\/1A-Banner-1-portada-imagen-10-1-copia-7-1.webp?resize=525%2C300&ssl=1 1.5x, https:\/\/i0.wp.com\/webdelmaestrocmf.com\/portal\/wp-content\/uploads\/2025\/10\/1A-Banner-1-portada-imagen-10-1-copia-7-1.webp?resize=700%2C400&ssl=1 2x"},"classes":[]},{"id":106619,"url":"https:\/\/webdelmaestrocmf.com\/portal\/sicario-asesina-a-profesor-frente-a-sus-alumnos-en-la-puerta-de-un-colegio\/","url_meta":{"origin":108786,"position":1},"title":"Sicario asesina a profesor frente a sus alumnos en la puerta de un colegio","author":"Web del Maestro CMF","date":"15 octubre, 2024","format":false,"excerpt":"Este lunes, el distrito lime\u00f1o de Ate fue escenario de un tr\u00e1gico hecho que conmocion\u00f3 al pa\u00eds: el profesor Julio Pacheco Pimentel fue asesinado a la salida del colegio Julio C. Tello por un presunto sicario disfrazado de repartidor. El brutal asesinato ocurri\u00f3 frente a sus alumnos, generando indignaci\u00f3n y\u2026","rel":"","context":"En \u00abNoticias Internacionales\u00bb","block_context":{"text":"Noticias Internacionales","link":"https:\/\/webdelmaestrocmf.com\/portal\/category\/noticias-internacionales\/"},"img":{"alt_text":"","src":"https:\/\/i0.wp.com\/webdelmaestrocmf.com\/portal\/wp-content\/uploads\/2024\/10\/luto.jpg?resize=350%2C200&ssl=1","width":350,"height":200,"srcset":"https:\/\/i0.wp.com\/webdelmaestrocmf.com\/portal\/wp-content\/uploads\/2024\/10\/luto.jpg?resize=350%2C200&ssl=1 1x, https:\/\/i0.wp.com\/webdelmaestrocmf.com\/portal\/wp-content\/uploads\/2024\/10\/luto.jpg?resize=525%2C300&ssl=1 1.5x, https:\/\/i0.wp.com\/webdelmaestrocmf.com\/portal\/wp-content\/uploads\/2024\/10\/luto.jpg?resize=700%2C400&ssl=1 2x"},"classes":[]},{"id":15672,"url":"https:\/\/webdelmaestrocmf.com\/portal\/5-estrategias-9-peliculas-prevenir-bullying-salon-clases\/","url_meta":{"origin":108786,"position":2},"title":"5 estrategias + 9 pel\u00edculas para prevenir el bullying y el ciberbullying en el sal\u00f3n de clases","author":"Web del Maestro CMF","date":"6 marzo, 2020","format":false,"excerpt":"\u201cUn empuj\u00f3n que se repite. Un apodo que denigra. Un insulto cada vez que le toca salir a la pizarra. En la escuela o en el instituto, existen muchas formas de ejercer y sufrir violencia entre iguales y muchas formas de tratar de acabar con ella. Es una responsabilidad conjunta\u2026","rel":"","context":"En \u00abLas m\u00e1s vistas\u00bb","block_context":{"text":"Las m\u00e1s vistas","link":"https:\/\/webdelmaestrocmf.com\/portal\/category\/pedagogia\/visitadas\/"},"img":{"alt_text":"","src":"https:\/\/i0.wp.com\/webdelmaestrocmf.com\/portal\/wp-content\/uploads\/2020\/03\/1-16.jpeg?resize=350%2C200&ssl=1","width":350,"height":200,"srcset":"https:\/\/i0.wp.com\/webdelmaestrocmf.com\/portal\/wp-content\/uploads\/2020\/03\/1-16.jpeg?resize=350%2C200&ssl=1 1x, https:\/\/i0.wp.com\/webdelmaestrocmf.com\/portal\/wp-content\/uploads\/2020\/03\/1-16.jpeg?resize=525%2C300&ssl=1 1.5x, https:\/\/i0.wp.com\/webdelmaestrocmf.com\/portal\/wp-content\/uploads\/2020\/03\/1-16.jpeg?resize=700%2C400&ssl=1 2x, https:\/\/i0.wp.com\/webdelmaestrocmf.com\/portal\/wp-content\/uploads\/2020\/03\/1-16.jpeg?resize=1050%2C600&ssl=1 3x"},"classes":[]},{"id":44753,"url":"https:\/\/webdelmaestrocmf.com\/portal\/protejamos-al-docente-docente\/","url_meta":{"origin":108786,"position":3},"title":"Profesores al borde del colapso por violencia escolar","author":"Web del Maestro CMF","date":"11 enero, 2023","format":false,"excerpt":"En un video viralizado en redes sociales se observa c\u00f3mo dos alumnos amenazan y comienzan a golpear a un docente, quien se defiende esquivando los manotazos. Seg\u00fan un comunicado enviado a los apoderados del establecimiento, donde se muestra la versi\u00f3n de los dos estudiantes, la agresi\u00f3n de produjo debido a\u2026","rel":"","context":"En \u00abRecursos\u00bb","block_context":{"text":"Recursos","link":"https:\/\/webdelmaestrocmf.com\/portal\/category\/pedagogia\/"},"img":{"alt_text":"","src":"https:\/\/i0.wp.com\/webdelmaestrocmf.com\/portal\/wp-content\/uploads\/2023\/01\/1a-1.jpg?resize=350%2C200&ssl=1","width":350,"height":200,"srcset":"https:\/\/i0.wp.com\/webdelmaestrocmf.com\/portal\/wp-content\/uploads\/2023\/01\/1a-1.jpg?resize=350%2C200&ssl=1 1x, https:\/\/i0.wp.com\/webdelmaestrocmf.com\/portal\/wp-content\/uploads\/2023\/01\/1a-1.jpg?resize=525%2C300&ssl=1 1.5x, https:\/\/i0.wp.com\/webdelmaestrocmf.com\/portal\/wp-content\/uploads\/2023\/01\/1a-1.jpg?resize=700%2C400&ssl=1 2x"},"classes":[]},{"id":109120,"url":"https:\/\/webdelmaestrocmf.com\/portal\/ataque-en-colegio-de-huaraz-estudiante-de-13-anos-intento-cortar-la-yugular-a-su-profesora\/","url_meta":{"origin":108786,"position":4},"title":"Ataque en colegio de Huaraz: estudiante de 13 a\u00f1os intent\u00f3 cortar la yugular a su profesora","author":"Web del Maestro CMF","date":"3 junio, 2025","format":false,"excerpt":"Un grave incidente ocurri\u00f3 en un colegio de la ciudad de Huaraz, regi\u00f3n \u00c1ncash, cuando una estudiante de 13 a\u00f1os atac\u00f3 con un cuchillo de cocina a su profesora en plena clase, seg\u00fan inform\u00f3 la Fiscal\u00eda de Familia de la jurisdicci\u00f3n. De acuerdo con las investigaciones preliminares, la alumna habr\u00eda\u2026","rel":"","context":"En \u00abNoticias Internacionales\u00bb","block_context":{"text":"Noticias Internacionales","link":"https:\/\/webdelmaestrocmf.com\/portal\/category\/noticias-internacionales\/"},"img":{"alt_text":"","src":"https:\/\/i0.wp.com\/webdelmaestrocmf.com\/portal\/wp-content\/uploads\/2025\/06\/1A-Banner-1-portada-imagen-10-1-4.jpg?resize=350%2C200&ssl=1","width":350,"height":200,"srcset":"https:\/\/i0.wp.com\/webdelmaestrocmf.com\/portal\/wp-content\/uploads\/2025\/06\/1A-Banner-1-portada-imagen-10-1-4.jpg?resize=350%2C200&ssl=1 1x, https:\/\/i0.wp.com\/webdelmaestrocmf.com\/portal\/wp-content\/uploads\/2025\/06\/1A-Banner-1-portada-imagen-10-1-4.jpg?resize=525%2C300&ssl=1 1.5x, https:\/\/i0.wp.com\/webdelmaestrocmf.com\/portal\/wp-content\/uploads\/2025\/06\/1A-Banner-1-portada-imagen-10-1-4.jpg?resize=700%2C400&ssl=1 2x"},"classes":[]},{"id":117138,"url":"https:\/\/webdelmaestrocmf.com\/portal\/duro-descargo-de-periodista-tras-los-ataques-fisicos-contra-docentes-pobres-profesores-los-digo-directamente-mirando-a-la-camara\/","url_meta":{"origin":108786,"position":5},"title":"Duro descargo de periodista tras los ataques f\u00edsicos contra docentes: \u00a1Pobres profesores! \u00a1Los digo directamente mirando a la c\u00e1mara!","author":"Web del Maestro CMF","date":"30 marzo, 2026","format":false,"excerpt":"Jos\u00e9 Antonio Neme denuncia que la violencia escolar golpea especialmente a profesores e inspectores, quienes enfrentan bajos sueldos, sobrecarga laboral, falta de respaldo y aulas masificadas sin condiciones adecuadas.","rel":"","context":"En \u00abNoticias Internacionales\u00bb","block_context":{"text":"Noticias Internacionales","link":"https:\/\/webdelmaestrocmf.com\/portal\/category\/noticias-internacionales\/"},"img":{"alt_text":"","src":"https:\/\/i0.wp.com\/webdelmaestrocmf.com\/portal\/wp-content\/uploads\/2026\/03\/1AA-Banner-1-portada-imagen-10-1-copia-26.webp?resize=350%2C200&ssl=1","width":350,"height":200,"srcset":"https:\/\/i0.wp.com\/webdelmaestrocmf.com\/portal\/wp-content\/uploads\/2026\/03\/1AA-Banner-1-portada-imagen-10-1-copia-26.webp?resize=350%2C200&ssl=1 1x, https:\/\/i0.wp.com\/webdelmaestrocmf.com\/portal\/wp-content\/uploads\/2026\/03\/1AA-Banner-1-portada-imagen-10-1-copia-26.webp?resize=525%2C300&ssl=1 1.5x, https:\/\/i0.wp.com\/webdelmaestrocmf.com\/portal\/wp-content\/uploads\/2026\/03\/1AA-Banner-1-portada-imagen-10-1-copia-26.webp?resize=700%2C400&ssl=1 2x, https:\/\/i0.wp.com\/webdelmaestrocmf.com\/portal\/wp-content\/uploads\/2026\/03\/1AA-Banner-1-portada-imagen-10-1-copia-26.webp?resize=1050%2C600&ssl=1 3x"},"classes":[]}],"_links":{"self":[{"href":"https:\/\/webdelmaestrocmf.com\/portal\/wp-json\/wp\/v2\/posts\/108786","targetHints":{"allow":["GET"]}}],"collection":[{"href":"https:\/\/webdelmaestrocmf.com\/portal\/wp-json\/wp\/v2\/posts"}],"about":[{"href":"https:\/\/webdelmaestrocmf.com\/portal\/wp-json\/wp\/v2\/types\/post"}],"author":[{"embeddable":true,"href":"https:\/\/webdelmaestrocmf.com\/portal\/wp-json\/wp\/v2\/users\/1"}],"replies":[{"embeddable":true,"href":"https:\/\/webdelmaestrocmf.com\/portal\/wp-json\/wp\/v2\/comments?post=108786"}],"version-history":[{"count":2,"href":"https:\/\/webdelmaestrocmf.com\/portal\/wp-json\/wp\/v2\/posts\/108786\/revisions"}],"predecessor-version":[{"id":108796,"href":"https:\/\/webdelmaestrocmf.com\/portal\/wp-json\/wp\/v2\/posts\/108786\/revisions\/108796"}],"wp:featuredmedia":[{"embeddable":true,"href":"https:\/\/webdelmaestrocmf.com\/portal\/wp-json\/wp\/v2\/media\/108787"}],"wp:attachment":[{"href":"https:\/\/webdelmaestrocmf.com\/portal\/wp-json\/wp\/v2\/media?parent=108786"}],"wp:term":[{"taxonomy":"category","embeddable":true,"href":"https:\/\/webdelmaestrocmf.com\/portal\/wp-json\/wp\/v2\/categories?post=108786"},{"taxonomy":"post_tag","embeddable":true,"href":"https:\/\/webdelmaestrocmf.com\/portal\/wp-json\/wp\/v2\/tags?post=108786"}],"curies":[{"name":"wp","href":"https:\/\/api.w.org\/{rel}","templated":true}]}}