{"id":108743,"date":"2025-04-18T22:17:36","date_gmt":"2025-04-19T02:17:36","guid":{"rendered":"https:\/\/webdelmaestrocmf.com\/portal\/?p=108743"},"modified":"2025-06-17T12:37:36","modified_gmt":"2025-06-17T16:37:36","slug":"los-ninos-necesitan-aburrirse-para-activar-su-creatividad-y-pensamiento-reflexivo","status":"publish","type":"post","link":"https:\/\/webdelmaestrocmf.com\/portal\/los-ninos-necesitan-aburrirse-para-activar-su-creatividad-y-pensamiento-reflexivo\/","title":{"rendered":"Los ni\u00f1os necesitan aburrirse para activar su creatividad y pensamiento reflexivo"},"content":{"rendered":"<p class=\"\" style=\"text-align: justify;\" data-start=\"536\" data-end=\"1062\">En una era donde las redes sociales configuran una parte esencial de la vida cotidiana, incluso las vacaciones escolares se convierten en una oportunidad educativa. Ya no se trata solo de desconectarse o de romper con la rutina del aula, sino tambi\u00e9n de abrir nuevos espacios para la creatividad, la reflexi\u00f3n y el aprendizaje informal. Este fen\u00f3meno ha dado paso a un nuevo perfil de docentes: los <strong data-start=\"935\" data-end=\"961\">profesores influencers<\/strong>, quienes rompen con la ense\u00f1anza tradicional y expanden su vocaci\u00f3n m\u00e1s all\u00e1 del calendario escolar.<!--more--><\/p>\n<p class=\"\" style=\"text-align: justify;\" data-start=\"1064\" data-end=\"1394\">En paralelo, expertos en neurociencia, psicolog\u00eda y pedagog\u00eda abordan otro aspecto crucial para el desarrollo integral de los ni\u00f1os: el <strong data-start=\"1200\" data-end=\"1226\">valor del aburrimiento<\/strong>. Un estado emocional muchas veces evitado, pero que, lejos de ser negativo, puede ser un motor para la creatividad, el autoconocimiento y la formaci\u00f3n de nuevas ideas.<\/p>\n<h2 class=\"\" style=\"text-align: left;\" data-start=\"1396\" data-end=\"1443\"><strong>El aula se digitaliza\u2026 incluso en vacaciones<\/strong><\/h2>\n<p class=\"\" style=\"text-align: justify;\" data-start=\"1445\" data-end=\"1823\">Durante mucho tiempo, el periodo de vacaciones escolares ha sido visto como un tiempo de desconexi\u00f3n. Para alumnos y profesores, era una pausa necesaria. Sin embargo, las redes sociales han generado un nuevo escenario. Hoy, muchos docentes contin\u00faan compartiendo contenido pedag\u00f3gico desde sus casas, la playa o la monta\u00f1a, convirtiendo cada espacio en una posible aula abierta.<\/p>\n<p class=\"\" style=\"text-align: justify;\" data-start=\"1825\" data-end=\"2272\">Este es el caso de <strong data-start=\"1844\" data-end=\"1864\">Priscilla Cepeda<\/strong>, profesora de Ciencias Naturales y Biolog\u00eda, conocida en Instagram como <strong data-start=\"1937\" data-end=\"1961\">@mitocondriasfelices<\/strong>, donde suma m\u00e1s de 141.000 seguidores. Desde que abri\u00f3 su cuenta en 2016, cuando a\u00fan era estudiante, Priscilla ha transformado conceptos complejos en ilustraciones atractivas, memes y curiosidades cient\u00edficas que hacen que la biolog\u00eda sea accesible y entretenida para estudiantes de todo Chile y Latinoam\u00e9rica.<\/p>\n<p class=\"\" style=\"text-align: justify;\" data-start=\"2274\" data-end=\"2556\">\u201cNo busco reemplazar el aprendizaje escolar\u201d, comenta Cepeda, \u201csino mantener el conocimiento vivo a trav\u00e9s de la curiosidad. Si alguien recuerda un concepto porque lo expliqu\u00e9 con un dibujo divertido o una historia graciosa, entonces ya es un paso contra la p\u00e9rdida de aprendizaje\u201d.<\/p>\n<p class=\"\" style=\"text-align: justify;\" data-start=\"2558\" data-end=\"2976\">Priscilla no est\u00e1 sola. Otros docentes han encontrado en las plataformas digitales un espacio para seguir ense\u00f1ando y, a la vez, humanizar su rol. En sus redes, comparten rutinas personales, momentos familiares y reflexiones profesionales. Esto genera un efecto pedag\u00f3gico y emocional: acercan la figura del profesor a la vida real, rompiendo la barrera de autoridad distante que muchas veces se le impone al educador.<\/p>\n<h2 class=\"\" style=\"text-align: left;\" data-start=\"2978\" data-end=\"3019\"><strong>Pablo Ram\u00edrez\u00a0<\/strong><\/h2>\n<p class=\"\" style=\"text-align: justify;\" data-start=\"3021\" data-end=\"3470\">Un caso emblem\u00e1tico es el del profesor <strong data-start=\"3060\" data-end=\"3077\">Pablo Ram\u00edrez<\/strong>, docente de F\u00edsica y finalista del <em data-start=\"3113\" data-end=\"3140\">Global Teacher Prize 2023<\/em>. En su cuenta de Instagram <strong data-start=\"3168\" data-end=\"3190\">@profepabloramirez<\/strong>, donde lo siguen m\u00e1s de 262.000 personas, Pablo adapta sus contenidos para hacerlos m\u00e1s l\u00fadicos y relajados durante las vacaciones. A trav\u00e9s de videos, juegos y explicaciones de fen\u00f3menos cotidianos, demuestra que la f\u00edsica no es aburrida ni complicada, sino parte del d\u00eda a d\u00eda.<\/p>\n<p class=\"\" style=\"text-align: justify;\" data-start=\"3472\" data-end=\"3753\">En uno de sus reels, utiliza un video de Cristiano Ronaldo sumergi\u00e9ndose en agua helada para hablar sobre vasoconstricci\u00f3n, endorfinas y los efectos antiinflamatorios del fr\u00edo. Con esta estrategia, conecta saberes escolares con referentes populares y cercanos para los estudiantes.<\/p>\n<p class=\"\" style=\"text-align: justify;\" data-start=\"3755\" data-end=\"4084\">Su propuesta pedag\u00f3gica no solo rompe esquemas tradicionales, tambi\u00e9n promueve un aprendizaje sin presi\u00f3n. \u201cAprovecho el ambiente relajado de las vacaciones para que los escolares aprendan sin sentirse presionados por tareas o pruebas\u201d, explica Ram\u00edrez. As\u00ed, el aprendizaje se transforma en una experiencia, no en una obligaci\u00f3n.<\/p>\n<h2 class=\"\" style=\"text-align: left;\" data-start=\"4086\" data-end=\"4131\"><strong>Contenido para docentes\u00a0<\/strong><\/h2>\n<p class=\"\" style=\"text-align: justify;\" data-start=\"4133\" data-end=\"4493\">La influencia de estos profesores no se limita a los estudiantes. Muchos tambi\u00e9n generan contenido dirigido a colegas y futuros educadores. Es el caso de <strong data-start=\"4287\" data-end=\"4303\">Paola Garc\u00eda<\/strong>, profesora diferencial, que en su cuenta <strong data-start=\"4345\" data-end=\"4362\">@_profepaopao<\/strong> (77,5 mil seguidores) ofrece recursos para innovar en el aula, integrar la tecnolog\u00eda y fortalecer el v\u00ednculo con los estudiantes.<\/p>\n<p class=\"\" style=\"text-align: justify;\" data-start=\"4495\" data-end=\"4780\">Paola destaca que el verano es un momento ideal para compartir experiencias y reconectar con otros docentes: \u201cDurante el a\u00f1o, los profesores estamos desbordados con actividades y trabajo administrativo, pero en vacaciones podemos escribirnos, intercambiar ideas y construir comunidad\u201d.<\/p>\n<p class=\"\" style=\"text-align: justify;\" data-start=\"4782\" data-end=\"5074\">Entre sus publicaciones m\u00e1s comentadas est\u00e1 la t\u00e9cnica de recuperaci\u00f3n y evocaci\u00f3n, que consiste en pedir a los estudiantes que resuman un tema en tres palabras clave sin mirar sus apuntes. Esta pr\u00e1ctica refuerza la comprensi\u00f3n y la retenci\u00f3n, adem\u00e1s de fomentar la autonom\u00eda del aprendizaje.<\/p>\n<h2 class=\"\" style=\"text-align: left;\" data-start=\"5076\" data-end=\"5128\"><strong>Aprender jugando\u00a0<\/strong><\/h2>\n<p class=\"\" style=\"text-align: justify;\" data-start=\"5130\" data-end=\"5440\">Otro caso destacado es el de <strong data-start=\"5159\" data-end=\"5178\">Fabiola V\u00e1squez<\/strong>, profesora generalista con menci\u00f3n en Lenguaje y Comunicaci\u00f3n. En su Instagram <strong data-start=\"5258\" data-end=\"5274\">@profe__faby<\/strong>, con 58,5 mil seguidores, comparte estrategias para ni\u00f1os de primero y segundo b\u00e1sico, combinando juegos, actividades art\u00edsticas y consejos para docentes y familias.<\/p>\n<p class=\"\" style=\"text-align: justify;\" data-start=\"5442\" data-end=\"5791\">Fabiola defiende con fuerza el rol del arte en el desarrollo del lenguaje. \u201cA veces, en nuestra misi\u00f3n por ense\u00f1ar a leer y escribir r\u00e1pido, dejamos de lado las asignaturas art\u00edsticas. Pero el arte potencia el desarrollo del lenguaje: el dibujo mejora la motricidad fina, la m\u00fasica fortalece la memoria y la expresi\u00f3n creativa impulsa la escritura\u201d.<\/p>\n<p class=\"\" style=\"text-align: justify;\" data-start=\"5793\" data-end=\"6009\">Lo que comenz\u00f3 como un espacio para compartir sus clases, se convirti\u00f3 en una comunidad de aprendizaje colaborativo. \u201cLa gente lo recibi\u00f3 muy bien. Tambi\u00e9n el humor docente. Eso me motiva a seguir creando\u201d, confiesa.<\/p>\n<h2 class=\"\" style=\"text-align: left;\" data-start=\"6011\" data-end=\"6063\"><strong>El aburrimiento<\/strong><\/h2>\n<p class=\"\" style=\"text-align: justify;\" data-start=\"6065\" data-end=\"6501\">En la otra cara de la moneda, mientras algunos docentes buscan mantener el aprendizaje activo durante las vacaciones, otros expertos advierten sobre la importancia de respetar el ocio y el tiempo sin est\u00edmulos. \u00bfEs malo que los ni\u00f1os se aburran? \u00bfDeben los adultos intervenir cada vez que escuchan \u201cestoy aburrido\u201d? Para la psic\u00f3loga <strong data-start=\"6399\" data-end=\"6420\">Magdalena S\u00e1nchez<\/strong>, de la Fundaci\u00f3n CAP, la respuesta es clara: el aburrimiento puede ser virtuoso.<\/p>\n<p class=\"\" style=\"text-align: justify;\" data-start=\"6503\" data-end=\"6701\">\u201cEl aburrimiento favorece el desarrollo del mundo interno de los ni\u00f1os \u2014y de los adultos tambi\u00e9n\u2014, en un mundo lleno de pantallas y est\u00edmulos externos, cada vez m\u00e1s dif\u00edcil de desarrollar\u201d, explica.<\/p>\n<p class=\"\" style=\"text-align: justify;\" data-start=\"6703\" data-end=\"6952\">S\u00e1nchez enfatiza que este tiempo sin tareas programadas impulsa la creatividad, la paciencia y la toma de decisiones. Pero muchos padres se sienten culpables cuando sus hijos est\u00e1n sin hacer nada y recurren r\u00e1pidamente a las pantallas como soluci\u00f3n.<\/p>\n<h2 class=\"\" style=\"text-align: left;\" data-start=\"6954\" data-end=\"7014\"><strong>\u00bfOcio o aburrimiento?\u00a0<\/strong><\/h2>\n<p class=\"\" style=\"text-align: justify;\" data-start=\"7016\" data-end=\"7308\">Para la neurocient\u00edfica <strong data-start=\"7040\" data-end=\"7060\">Florencia \u00c1lamos<\/strong>, directora ejecutiva de la Fundaci\u00f3n Kiri, es m\u00e1s apropiado hablar de <strong data-start=\"7131\" data-end=\"7149\">tiempo de ocio<\/strong> en lugar de aburrimiento. Mientras este \u00faltimo se asocia a insatisfacci\u00f3n o desinter\u00e9s, el ocio puede ser un momento f\u00e9rtil para imaginar, divagar o recordar.<\/p>\n<p class=\"\" style=\"text-align: justify;\" data-start=\"7310\" data-end=\"7561\">Durante estos espacios de calma se activa una red cerebral conocida como <strong data-start=\"7383\" data-end=\"7407\">\u201cla red por defecto\u201d<\/strong>, descubierta en 1997. Esta red est\u00e1 involucrada en procesos como la introspecci\u00f3n, la empat\u00eda, la memoria autobiogr\u00e1fica y la generaci\u00f3n de nuevas ideas.<\/p>\n<p class=\"\" style=\"text-align: justify;\" data-start=\"7563\" data-end=\"7844\">\u00c1lamos insiste en que la alternancia entre actividad concreta y ocio es lo que estimula la creatividad. Es decir, no se trata de llenar todo el tiempo con tareas ni de dejar a los ni\u00f1os completamente sin gu\u00eda. Se trata de encontrar un equilibrio que respete los ritmos del cerebro.<\/p>\n<h2 class=\"\" style=\"text-align: left;\" data-start=\"7846\" data-end=\"7888\"><strong>La experiencia en casa<\/strong><\/h2>\n<p class=\"\" style=\"text-align: justify;\" data-start=\"7890\" data-end=\"8185\"><strong data-start=\"7890\" data-end=\"7907\">Lorena Z\u00fa\u00f1iga<\/strong>, madre de dos ni\u00f1os peque\u00f1os, cuenta c\u00f3mo implement\u00f3 en su hogar la estrategia del \u201c<strong data-start=\"7992\" data-end=\"8011\">tiempo de calma<\/strong>\u201d, inspirada en lo que vio en colegios de Nueva York. Durante una hora diaria, sus hijos deben entretenerse solos sin pantallas. Pueden leer, dibujar o simplemente descansar.<\/p>\n<p class=\"\" style=\"text-align: justify;\" data-start=\"8187\" data-end=\"8506\">\u201cHoy no solo aprovechan ese espacio, sino que lo esperan. Aprenden a estar con ellos mismos y a buscar su propia diversi\u00f3n\u201d, comenta. Esta experiencia demuestra que no es necesario programar constantemente a los ni\u00f1os para estimular su desarrollo; muchas veces, es mejor dejar que ellos exploren y creen desde la calma.<\/p>\n<h2 class=\"\" style=\"text-align: left;\" data-start=\"8508\" data-end=\"8543\"><strong>Diferentes tipos de aburrimiento<\/strong><\/h2>\n<p class=\"\" style=\"text-align: justify;\" data-start=\"8545\" data-end=\"8851\">Para <strong data-start=\"8550\" data-end=\"8565\">Jaime Faur\u00e9<\/strong>, acad\u00e9mico de Psicopedagog\u00eda de la Universidad Andr\u00e9s Bello, es crucial distinguir entre el aburrimiento pasivo y el activo. El primero, ligado a actividades impuestas sin inter\u00e9s, puede bloquear el aprendizaje. El segundo, en cambio, promueve la exploraci\u00f3n personal y la creatividad.<\/p>\n<p class=\"\" style=\"text-align: justify;\" data-start=\"8853\" data-end=\"9067\">\u201cCuando un ni\u00f1o se aburre en clases, probablemente el problema sea la metodolog\u00eda o la falta de motivaci\u00f3n. Pero el aburrimiento que lleva a descubrir intereses propios puede ser una fuente de aprendizaje\u201d, se\u00f1ala.<\/p>\n<p class=\"\" style=\"text-align: justify;\" data-start=\"9069\" data-end=\"9269\">Este concepto de \u201c<strong data-start=\"9087\" data-end=\"9114\">aburrimiento productivo<\/strong>\u201d cambia la forma en que vemos el tiempo libre. Lejos de ser una p\u00e9rdida, puede convertirse en una ganancia si se le da el espacio y el contexto adecuados.<\/p>\n<h2 class=\"\" style=\"text-align: left;\" data-start=\"9271\" data-end=\"9326\"><strong>Una nueva pedagog\u00eda para un nuevo tiempo<\/strong><\/h2>\n<p class=\"\" style=\"text-align: justify;\" data-start=\"9328\" data-end=\"9551\">La transformaci\u00f3n educativa no se da solo en reformas curriculares o cambios estructurales. Tambi\u00e9n se manifiesta en acciones cotidianas, en el aula o fuera de ella, a trav\u00e9s de plataformas digitales o momentos de silencio.<\/p>\n<p class=\"\" style=\"text-align: justify;\" data-start=\"9553\" data-end=\"9819\">Los <strong data-start=\"9557\" data-end=\"9583\">profesores influencers<\/strong> representan una nueva generaci\u00f3n de educadores comprometidos con ense\u00f1ar desde donde est\u00e9n, utilizando el lenguaje de las redes para mantener vivo el conocimiento. Su labor, lejos de banalizar la educaci\u00f3n, la resignifica y la expande.<\/p>\n<p class=\"\" style=\"text-align: justify;\" data-start=\"9821\" data-end=\"10083\">En paralelo, los especialistas nos invitan a dejar de temerle al <strong data-start=\"9886\" data-end=\"9902\">aburrimiento<\/strong> y a redescubrir su potencial formativo. En tiempos donde la inmediatez y la hiperconexi\u00f3n nos dominan, recuperar el valor del ocio y la calma es un acto revolucionario y necesario.<\/p>\n<p class=\"\" style=\"text-align: justify;\" data-start=\"10085\" data-end=\"10378\">La educaci\u00f3n no es solo un proceso formal y planificado. Es tambi\u00e9n una experiencia humana, emocional y social. Y en ese sentido, cualquier espacio \u2014una cuenta de Instagram o un momento de aburrimiento\u2014 puede convertirse en una poderosa herramienta para aprender a pensar, crear y vivir mejor.<\/p>\n<p data-start=\"10085\" data-end=\"10378\"><strong>Fuente:<\/strong> Secci\u00f3n Educaci\u00f3n, El Mercurio, p\u00e1g. 9. Por: Elaborado a partir del reportaje de Constanza Menares y Mar\u00eda Florencia Polanco, publicado en El Mercurio el 17 de febrero de 2025.<\/p>\n<p data-start=\"10085\" data-end=\"10378\">\t\t<div class=\"pk-inline-posts\">\n\t\t\t\n\t\t\t<div class=\"pk-inline-posts-container pk-inline-posts-template-list\"\n\t\t\t\tdata-columns=\"1\">\n\t\t\t\t\t\t<article id=\"post-118505\" class=\"post-118505 post type-post status-publish format-standard has-post-thumbnail category-noticias-internacionales tag-acoso-laboral-docente tag-clima-laboral-educativo tag-denuncia-laboral tag-derechos-laborales-docentes tag-ley-karin tag-maltrato-en-escuelas tag-salud-mental-docente tag-sistema-educativo-crisis tag-violencia-en-escuelas cs-entry cs-video-wrap\">\n\t\t\t<div class=\"pk-post-outer\">\n\n\t\t\t\t\t\t\t\t<div class=\"pk-post-inner\">\n\t\t\t\t\t<div class=\"entry-thumbnail\">\n\t\t\t\t\t\t<div class=\"pk-overlay pk-overlay-ratio pk-ratio-landscape\">\n\t\t\t\t\t\t\t<div class=\"pk-overlay-background\">\n\t\t\t\t\t\t\t\t<a href=\"https:\/\/webdelmaestrocmf.com\/portal\/maestra-consulta-que-hacer-tras-sufrir-acoso-laboral-por-parte-de-una-profesora-y-directora-teme-denunciar-y-quedar-vetada-de-por-vida-como-se-debe-de-proceder-en-estos-casos\/\" class=\"pk-overlay-link\">\n\t\t\t\t\t\t\t\t\t<img loading=\"lazy\" decoding=\"async\" width=\"300\" height=\"225\" src=\"https:\/\/webdelmaestrocmf.com\/portal\/wp-content\/uploads\/2026\/04\/1AA-Banner-1-portada-imagen-10-1-copia-4-4-300x225.webp\" class=\"attachment-pk-thumbnail size-pk-thumbnail wp-post-image\" alt=\"\" \/>\t\t\t\t\t\t\t\t<\/a>\n\t\t\t\t\t\t\t<\/div>\n\t\t\t\t\t\t<\/div>\n\t\t\t\t\t<\/div>\n\t\t\t\t<\/div>\n\t\t\t\t\n\t\t\t\t<div class=\"pk-post-inner\">\n\t\t\t\t\t<header>\n\t\t\t\t\t\t<h3 class=\"pk-title\"><a href=\"https:\/\/webdelmaestrocmf.com\/portal\/maestra-consulta-que-hacer-tras-sufrir-acoso-laboral-por-parte-de-una-profesora-y-directora-teme-denunciar-y-quedar-vetada-de-por-vida-como-se-debe-de-proceder-en-estos-casos\/\" rel=\"bookmark\">Maestra consulta qu\u00e9 hacer tras sufrir acoso laboral por parte de una profesora y directora, teme denunciar y quedar vetada de por vida \u00bfC\u00f3mo se debe de proceder en estos casos?<\/a><\/h3>\t\t\t\t\t<\/header><!-- .entry-header -->\n\t\t\t\t<\/div><!-- .post-inner -->\n\n\t\t\t<\/div><!-- .post-outer -->\n\t\t<\/article>\n\t\t\t<article id=\"post-118473\" class=\"post-118473 post type-post status-publish format-standard has-post-thumbnail category-noticias-internacionales tag-convivencia tag-docentes tag-educacion-3 tag-gestion-escolar-2 tag-protocolos tag-salud-mental tag-seguridad-escolar tag-simulacros tag-violencia-escolar cs-entry cs-video-wrap\">\n\t\t\t<div class=\"pk-post-outer\">\n\n\t\t\t\t\t\t\t\t<div class=\"pk-post-inner\">\n\t\t\t\t\t<div class=\"entry-thumbnail\">\n\t\t\t\t\t\t<div class=\"pk-overlay pk-overlay-ratio pk-ratio-landscape\">\n\t\t\t\t\t\t\t<div class=\"pk-overlay-background\">\n\t\t\t\t\t\t\t\t<a href=\"https:\/\/webdelmaestrocmf.com\/portal\/se-confirma-que-habra-simulacros-de-tiroteos-en-las-escuelas\/\" class=\"pk-overlay-link\">\n\t\t\t\t\t\t\t\t\t<img loading=\"lazy\" decoding=\"async\" width=\"300\" height=\"225\" src=\"https:\/\/webdelmaestrocmf.com\/portal\/wp-content\/uploads\/2026\/04\/1AA-Banner-1-portada-imagen-10-1-copia-1-11-300x225.webp\" class=\"attachment-pk-thumbnail size-pk-thumbnail wp-post-image\" alt=\"\" \/>\t\t\t\t\t\t\t\t<\/a>\n\t\t\t\t\t\t\t<\/div>\n\t\t\t\t\t\t<\/div>\n\t\t\t\t\t<\/div>\n\t\t\t\t<\/div>\n\t\t\t\t\n\t\t\t\t<div class=\"pk-post-inner\">\n\t\t\t\t\t<header>\n\t\t\t\t\t\t<h3 class=\"pk-title\"><a href=\"https:\/\/webdelmaestrocmf.com\/portal\/se-confirma-que-habra-simulacros-de-tiroteos-en-las-escuelas\/\" rel=\"bookmark\">Se confirma que habr\u00e1 simulacros de tiroteos en las escuelas<\/a><\/h3>\t\t\t\t\t<\/header><!-- .entry-header -->\n\t\t\t\t<\/div><!-- .post-inner -->\n\n\t\t\t<\/div><!-- .post-outer -->\n\t\t<\/article>\n\t\t\t<article id=\"post-118464\" class=\"post-118464 post type-post status-publish format-standard has-post-thumbnail category-noticias-internacionales tag-aula tag-convivencia-escolar tag-disciplina tag-docentes tag-educacion-3 tag-estudiantes tag-gestion-educativa-3 tag-normativa tag-pedagogia-3 tag-violencia-escolar cs-entry cs-video-wrap\">\n\t\t\t<div class=\"pk-post-outer\">\n\n\t\t\t\t\t\t\t\t<div class=\"pk-post-inner\">\n\t\t\t\t\t<div class=\"entry-thumbnail\">\n\t\t\t\t\t\t<div class=\"pk-overlay pk-overlay-ratio pk-ratio-landscape\">\n\t\t\t\t\t\t\t<div class=\"pk-overlay-background\">\n\t\t\t\t\t\t\t\t<a href=\"https:\/\/webdelmaestrocmf.com\/portal\/peru-pone-limites-estudiantes-violentos-podrian-salir-del-aula-presencial-y-pasar-a-otra-modalidad-educativa\/\" class=\"pk-overlay-link\">\n\t\t\t\t\t\t\t\t\t<img loading=\"lazy\" decoding=\"async\" width=\"300\" height=\"225\" src=\"https:\/\/webdelmaestrocmf.com\/portal\/wp-content\/uploads\/2026\/04\/1AA-Banner-1-portada-imagen-10-1-copia-38-300x225.webp\" class=\"attachment-pk-thumbnail size-pk-thumbnail wp-post-image\" alt=\"\" \/>\t\t\t\t\t\t\t\t<\/a>\n\t\t\t\t\t\t\t<\/div>\n\t\t\t\t\t\t<\/div>\n\t\t\t\t\t<\/div>\n\t\t\t\t<\/div>\n\t\t\t\t\n\t\t\t\t<div class=\"pk-post-inner\">\n\t\t\t\t\t<header>\n\t\t\t\t\t\t<h3 class=\"pk-title\"><a href=\"https:\/\/webdelmaestrocmf.com\/portal\/peru-pone-limites-estudiantes-violentos-podrian-salir-del-aula-presencial-y-pasar-a-otra-modalidad-educativa\/\" rel=\"bookmark\">Per\u00fa pone l\u00edmites: estudiantes violentos podr\u00edan salir del aula presencial y pasar a otra modalidad educativa<\/a><\/h3>\t\t\t\t\t<\/header><!-- .entry-header -->\n\t\t\t\t<\/div><!-- .post-inner -->\n\n\t\t\t<\/div><!-- .post-outer -->\n\t\t<\/article>\n\t\t\t\t<\/div>\n\t\t<\/div>\n\t\t<\/p>\n","protected":false},"excerpt":{"rendered":"En una era donde las redes sociales configuran una parte esencial de la vida cotidiana, incluso las vacaciones&hellip;","protected":false},"author":1,"featured_media":108744,"comment_status":"open","ping_status":"closed","sticky":false,"template":"","format":"standard","meta":{"csco_display_header_overlay":false,"csco_singular_sidebar":"","csco_page_header_type":"","csco_page_load_nextpost":"","csco_post_video_location":[],"csco_post_video_location_hash":"","csco_post_video_url":"","csco_post_video_bg_start_time":0,"csco_post_video_bg_end_time":0,"csco_post_video_bg_volume":false,"_jetpack_memberships_contains_paid_content":false,"footnotes":""},"categories":[23790],"tags":[1078,2786,73,3673,297,2165,13918],"class_list":{"0":"post-108743","1":"post","2":"type-post","3":"status-publish","4":"format-standard","5":"has-post-thumbnail","7":"category-noticias-internacionales","8":"tag-aburrirse","9":"tag-activar","10":"tag-creatividad","11":"tag-necesitan","12":"tag-ninos","13":"tag-pensamiento","14":"tag-reflexivo","15":"cs-entry","16":"cs-video-wrap"},"yoast_head":"<!-- This site is optimized with the Yoast SEO plugin v27.5 - https:\/\/yoast.com\/product\/yoast-seo-wordpress\/ -->\n<title>Los ni\u00f1os necesitan aburrirse para activar su creatividad y pensamiento reflexivo - 2026<\/title>\n<meta name=\"description\" content=\"En una era donde las redes sociales configuran una parte esencial de la vida cotidiana, incluso las vacaciones escolares se...\" \/>\n<meta name=\"robots\" content=\"index, follow, max-snippet:-1, max-image-preview:large, max-video-preview:-1\" \/>\n<link rel=\"canonical\" href=\"https:\/\/webdelmaestrocmf.com\/portal\/los-ninos-necesitan-aburrirse-para-activar-su-creatividad-y-pensamiento-reflexivo\/\" \/>\n<meta property=\"og:locale\" content=\"es_ES\" \/>\n<meta property=\"og:type\" content=\"article\" \/>\n<meta property=\"og:title\" content=\"Los ni\u00f1os necesitan aburrirse para activar su creatividad y pensamiento reflexivo - 2026\" \/>\n<meta property=\"og:description\" content=\"En una era donde las redes sociales configuran una parte esencial de la vida cotidiana, incluso las vacaciones escolares se...\" \/>\n<meta property=\"og:url\" content=\"https:\/\/webdelmaestrocmf.com\/portal\/los-ninos-necesitan-aburrirse-para-activar-su-creatividad-y-pensamiento-reflexivo\/\" \/>\n<meta property=\"og:site_name\" content=\"Web del Maestro CMF\" \/>\n<meta property=\"article:publisher\" content=\"https:\/\/www.facebook.com\/WebdelMaestroCMF\/\" \/>\n<meta property=\"article:author\" content=\"https:\/\/www.facebook.com\/WebdelMaestroCMF\/\" \/>\n<meta property=\"article:published_time\" content=\"2025-04-19T02:17:36+00:00\" \/>\n<meta property=\"article:modified_time\" content=\"2025-06-17T16:37:36+00:00\" \/>\n<meta property=\"og:image\" content=\"https:\/\/webdelmaestrocmf.com\/portal\/wp-content\/uploads\/2025\/04\/1A-Banner-1-portada-imagen-10-1-1-1.jpg\" \/>\n\t<meta property=\"og:image:width\" content=\"1024\" \/>\n\t<meta property=\"og:image:height\" content=\"1024\" \/>\n\t<meta property=\"og:image:type\" content=\"image\/jpeg\" \/>\n<meta name=\"author\" content=\"Web del Maestro CMF\" \/>\n<meta name=\"twitter:card\" content=\"summary_large_image\" \/>\n<meta name=\"twitter:creator\" content=\"@cmf_w\" \/>\n<meta name=\"twitter:site\" content=\"@cmf_w\" \/>\n<script type=\"application\/ld+json\" class=\"yoast-schema-graph\">{\"@context\":\"https:\\\/\\\/schema.org\",\"@graph\":[{\"@type\":\"ScholarlyArticle\",\"@id\":\"https:\\\/\\\/webdelmaestrocmf.com\\\/portal\\\/los-ninos-necesitan-aburrirse-para-activar-su-creatividad-y-pensamiento-reflexivo\\\/#article\",\"isPartOf\":{\"@id\":\"https:\\\/\\\/webdelmaestrocmf.com\\\/portal\\\/los-ninos-necesitan-aburrirse-para-activar-su-creatividad-y-pensamiento-reflexivo\\\/\"},\"author\":{\"name\":\"Web del Maestro CMF\",\"@id\":\"https:\\\/\\\/webdelmaestrocmf.com\\\/portal\\\/#\\\/schema\\\/person\\\/1072a2ed7bd960df8ef99a551fa35dc5\"},\"headline\":\"Los ni\u00f1os necesitan aburrirse para activar su creatividad y pensamiento reflexivo\",\"datePublished\":\"2025-04-19T02:17:36+00:00\",\"dateModified\":\"2025-06-17T16:37:36+00:00\",\"mainEntityOfPage\":{\"@id\":\"https:\\\/\\\/webdelmaestrocmf.com\\\/portal\\\/los-ninos-necesitan-aburrirse-para-activar-su-creatividad-y-pensamiento-reflexivo\\\/\"},\"wordCount\":1636,\"commentCount\":0,\"publisher\":{\"@id\":\"https:\\\/\\\/webdelmaestrocmf.com\\\/portal\\\/#organization\"},\"image\":{\"@id\":\"https:\\\/\\\/webdelmaestrocmf.com\\\/portal\\\/los-ninos-necesitan-aburrirse-para-activar-su-creatividad-y-pensamiento-reflexivo\\\/#primaryimage\"},\"thumbnailUrl\":\"https:\\\/\\\/webdelmaestrocmf.com\\\/portal\\\/wp-content\\\/uploads\\\/2025\\\/04\\\/1A-Banner-1-portada-imagen-10-1-1-1.jpg\",\"keywords\":[\"Aburrirse\",\"ACTIVAR\",\"creatividad\",\"NECESITAN\",\"Ni\u00f1os\",\"PENSAMIENTO\",\"reflexivo\"],\"articleSection\":[\"Noticias Internacionales\"],\"inLanguage\":\"es\",\"potentialAction\":[{\"@type\":\"CommentAction\",\"name\":\"Comment\",\"target\":[\"https:\\\/\\\/webdelmaestrocmf.com\\\/portal\\\/los-ninos-necesitan-aburrirse-para-activar-su-creatividad-y-pensamiento-reflexivo\\\/#respond\"]}]},{\"@type\":\"WebPage\",\"@id\":\"https:\\\/\\\/webdelmaestrocmf.com\\\/portal\\\/los-ninos-necesitan-aburrirse-para-activar-su-creatividad-y-pensamiento-reflexivo\\\/\",\"url\":\"https:\\\/\\\/webdelmaestrocmf.com\\\/portal\\\/los-ninos-necesitan-aburrirse-para-activar-su-creatividad-y-pensamiento-reflexivo\\\/\",\"name\":\"Los ni\u00f1os necesitan aburrirse para activar su creatividad y pensamiento reflexivo - 2026\",\"isPartOf\":{\"@id\":\"https:\\\/\\\/webdelmaestrocmf.com\\\/portal\\\/#website\"},\"primaryImageOfPage\":{\"@id\":\"https:\\\/\\\/webdelmaestrocmf.com\\\/portal\\\/los-ninos-necesitan-aburrirse-para-activar-su-creatividad-y-pensamiento-reflexivo\\\/#primaryimage\"},\"image\":{\"@id\":\"https:\\\/\\\/webdelmaestrocmf.com\\\/portal\\\/los-ninos-necesitan-aburrirse-para-activar-su-creatividad-y-pensamiento-reflexivo\\\/#primaryimage\"},\"thumbnailUrl\":\"https:\\\/\\\/webdelmaestrocmf.com\\\/portal\\\/wp-content\\\/uploads\\\/2025\\\/04\\\/1A-Banner-1-portada-imagen-10-1-1-1.jpg\",\"datePublished\":\"2025-04-19T02:17:36+00:00\",\"dateModified\":\"2025-06-17T16:37:36+00:00\",\"description\":\"En una era donde las redes sociales configuran una parte esencial de la vida cotidiana, incluso las vacaciones escolares se...\",\"breadcrumb\":{\"@id\":\"https:\\\/\\\/webdelmaestrocmf.com\\\/portal\\\/los-ninos-necesitan-aburrirse-para-activar-su-creatividad-y-pensamiento-reflexivo\\\/#breadcrumb\"},\"inLanguage\":\"es\",\"potentialAction\":[{\"@type\":\"ReadAction\",\"target\":[\"https:\\\/\\\/webdelmaestrocmf.com\\\/portal\\\/los-ninos-necesitan-aburrirse-para-activar-su-creatividad-y-pensamiento-reflexivo\\\/\"]}]},{\"@type\":\"ImageObject\",\"inLanguage\":\"es\",\"@id\":\"https:\\\/\\\/webdelmaestrocmf.com\\\/portal\\\/los-ninos-necesitan-aburrirse-para-activar-su-creatividad-y-pensamiento-reflexivo\\\/#primaryimage\",\"url\":\"https:\\\/\\\/webdelmaestrocmf.com\\\/portal\\\/wp-content\\\/uploads\\\/2025\\\/04\\\/1A-Banner-1-portada-imagen-10-1-1-1.jpg\",\"contentUrl\":\"https:\\\/\\\/webdelmaestrocmf.com\\\/portal\\\/wp-content\\\/uploads\\\/2025\\\/04\\\/1A-Banner-1-portada-imagen-10-1-1-1.jpg\",\"width\":1024,\"height\":1024},{\"@type\":\"BreadcrumbList\",\"@id\":\"https:\\\/\\\/webdelmaestrocmf.com\\\/portal\\\/los-ninos-necesitan-aburrirse-para-activar-su-creatividad-y-pensamiento-reflexivo\\\/#breadcrumb\",\"itemListElement\":[{\"@type\":\"ListItem\",\"position\":1,\"name\":\"Portada\",\"item\":\"https:\\\/\\\/webdelmaestrocmf.com\\\/portal\\\/\"},{\"@type\":\"ListItem\",\"position\":2,\"name\":\"Recursos\",\"item\":\"https:\\\/\\\/webdelmaestrocmf.com\\\/portal\\\/category\\\/pedagogia\\\/\"},{\"@type\":\"ListItem\",\"position\":3,\"name\":\"Los ni\u00f1os necesitan aburrirse para activar su creatividad y pensamiento reflexivo\"}]},{\"@type\":\"WebSite\",\"@id\":\"https:\\\/\\\/webdelmaestrocmf.com\\\/portal\\\/#website\",\"url\":\"https:\\\/\\\/webdelmaestrocmf.com\\\/portal\\\/\",\"name\":\"Web del Maestro CMF\",\"description\":\"Maestros al servicio de la educaci\u00f3n\",\"publisher\":{\"@id\":\"https:\\\/\\\/webdelmaestrocmf.com\\\/portal\\\/#organization\"},\"alternateName\":\"WMCMF\",\"potentialAction\":[{\"@type\":\"SearchAction\",\"target\":{\"@type\":\"EntryPoint\",\"urlTemplate\":\"https:\\\/\\\/webdelmaestrocmf.com\\\/portal\\\/?s={search_term_string}\"},\"query-input\":{\"@type\":\"PropertyValueSpecification\",\"valueRequired\":true,\"valueName\":\"search_term_string\"}}],\"inLanguage\":\"es\"},{\"@type\":\"Organization\",\"@id\":\"https:\\\/\\\/webdelmaestrocmf.com\\\/portal\\\/#organization\",\"name\":\"Web del Maestro CMF\",\"alternateName\":\"WMCMF\",\"url\":\"https:\\\/\\\/webdelmaestrocmf.com\\\/portal\\\/\",\"logo\":{\"@type\":\"ImageObject\",\"inLanguage\":\"es\",\"@id\":\"https:\\\/\\\/webdelmaestrocmf.com\\\/portal\\\/#\\\/schema\\\/logo\\\/image\\\/\",\"url\":\"https:\\\/\\\/webdelmaestrocmf.com\\\/portal\\\/wp-content\\\/uploads\\\/2023\\\/01\\\/logo-wmcmf-2.png\",\"contentUrl\":\"https:\\\/\\\/webdelmaestrocmf.com\\\/portal\\\/wp-content\\\/uploads\\\/2023\\\/01\\\/logo-wmcmf-2.png\",\"width\":200,\"height\":60,\"caption\":\"Web del Maestro CMF\"},\"image\":{\"@id\":\"https:\\\/\\\/webdelmaestrocmf.com\\\/portal\\\/#\\\/schema\\\/logo\\\/image\\\/\"},\"sameAs\":[\"https:\\\/\\\/www.facebook.com\\\/WebdelMaestroCMF\\\/\",\"https:\\\/\\\/x.com\\\/cmf_w\",\"https:\\\/\\\/www.pinterest.com\\\/WMCMF\\\/\",\"https:\\\/\\\/www.linkedin.com\\\/company\\\/web-del-maestro-cmf\\\/\",\"https:\\\/\\\/www.instagram.com\\\/wmcmf\\\/\",\"https:\\\/\\\/www.youtube.com\\\/channel\\\/UCDPSvjbdodE5sHnC3OxutHw\",\"https:\\\/\\\/mastodon.social\\\/@wmcmf\",\"https:\\\/\\\/www.tiktok.com\\\/@webdelmaestrocmf\"]},{\"@type\":\"Person\",\"@id\":\"https:\\\/\\\/webdelmaestrocmf.com\\\/portal\\\/#\\\/schema\\\/person\\\/1072a2ed7bd960df8ef99a551fa35dc5\",\"name\":\"Web del Maestro CMF\",\"image\":{\"@type\":\"ImageObject\",\"inLanguage\":\"es\",\"@id\":\"https:\\\/\\\/secure.gravatar.com\\\/avatar\\\/23291dd5b5ae1077dcff3dbb04c3e02bd28403fa75af6d8787d5e97c5bbbe30b?s=96&d=mm&r=g\",\"url\":\"https:\\\/\\\/secure.gravatar.com\\\/avatar\\\/23291dd5b5ae1077dcff3dbb04c3e02bd28403fa75af6d8787d5e97c5bbbe30b?s=96&d=mm&r=g\",\"contentUrl\":\"https:\\\/\\\/secure.gravatar.com\\\/avatar\\\/23291dd5b5ae1077dcff3dbb04c3e02bd28403fa75af6d8787d5e97c5bbbe30b?s=96&d=mm&r=g\",\"caption\":\"Web del Maestro CMF\"},\"description\":\"Esta Web se cre\u00f3 sin fines de lucro, con fines educativos, cient\u00edficos y acad\u00e9micos, para personas que tengan dificultades y\\\/o inconvenientes en visualizar el material original. El objetivo es entregar recursos, compartir experiencias y materiales que ayuden a los padres de familia, maestros y estudiantes en su actualizaci\u00f3n y formaci\u00f3n permanente, en bien de la Educaci\u00f3n.\",\"sameAs\":[\"http:\\\/\\\/webdelmaestrocmf.com\\\/portal\",\"https:\\\/\\\/www.facebook.com\\\/WebdelMaestroCMF\\\/\",\"https:\\\/\\\/www.instagram.com\\\/wmcmf\\\/\",\"https:\\\/\\\/cl.linkedin.com\\\/company\\\/web-del-maestro-cmf\",\"https:\\\/\\\/www.pinterest.com\\\/WMCMF\\\/publicaciones\\\/\",\"https:\\\/\\\/x.com\\\/cmf_w\",\"https:\\\/\\\/www.youtube.com\\\/@WMCMF\"]}]}<\/script>\n<!-- \/ Yoast SEO plugin. -->","yoast_head_json":{"title":"Los ni\u00f1os necesitan aburrirse para activar su creatividad y pensamiento reflexivo - 2026","description":"En una era donde las redes sociales configuran una parte esencial de la vida cotidiana, incluso las vacaciones escolares se...","robots":{"index":"index","follow":"follow","max-snippet":"max-snippet:-1","max-image-preview":"max-image-preview:large","max-video-preview":"max-video-preview:-1"},"canonical":"https:\/\/webdelmaestrocmf.com\/portal\/los-ninos-necesitan-aburrirse-para-activar-su-creatividad-y-pensamiento-reflexivo\/","og_locale":"es_ES","og_type":"article","og_title":"Los ni\u00f1os necesitan aburrirse para activar su creatividad y pensamiento reflexivo - 2026","og_description":"En una era donde las redes sociales configuran una parte esencial de la vida cotidiana, incluso las vacaciones escolares se...","og_url":"https:\/\/webdelmaestrocmf.com\/portal\/los-ninos-necesitan-aburrirse-para-activar-su-creatividad-y-pensamiento-reflexivo\/","og_site_name":"Web del Maestro CMF","article_publisher":"https:\/\/www.facebook.com\/WebdelMaestroCMF\/","article_author":"https:\/\/www.facebook.com\/WebdelMaestroCMF\/","article_published_time":"2025-04-19T02:17:36+00:00","article_modified_time":"2025-06-17T16:37:36+00:00","og_image":[{"width":1024,"height":1024,"url":"https:\/\/webdelmaestrocmf.com\/portal\/wp-content\/uploads\/2025\/04\/1A-Banner-1-portada-imagen-10-1-1-1.jpg","type":"image\/jpeg"}],"author":"Web del Maestro CMF","twitter_card":"summary_large_image","twitter_creator":"@cmf_w","twitter_site":"@cmf_w","schema":{"@context":"https:\/\/schema.org","@graph":[{"@type":"ScholarlyArticle","@id":"https:\/\/webdelmaestrocmf.com\/portal\/los-ninos-necesitan-aburrirse-para-activar-su-creatividad-y-pensamiento-reflexivo\/#article","isPartOf":{"@id":"https:\/\/webdelmaestrocmf.com\/portal\/los-ninos-necesitan-aburrirse-para-activar-su-creatividad-y-pensamiento-reflexivo\/"},"author":{"name":"Web del Maestro CMF","@id":"https:\/\/webdelmaestrocmf.com\/portal\/#\/schema\/person\/1072a2ed7bd960df8ef99a551fa35dc5"},"headline":"Los ni\u00f1os necesitan aburrirse para activar su creatividad y pensamiento reflexivo","datePublished":"2025-04-19T02:17:36+00:00","dateModified":"2025-06-17T16:37:36+00:00","mainEntityOfPage":{"@id":"https:\/\/webdelmaestrocmf.com\/portal\/los-ninos-necesitan-aburrirse-para-activar-su-creatividad-y-pensamiento-reflexivo\/"},"wordCount":1636,"commentCount":0,"publisher":{"@id":"https:\/\/webdelmaestrocmf.com\/portal\/#organization"},"image":{"@id":"https:\/\/webdelmaestrocmf.com\/portal\/los-ninos-necesitan-aburrirse-para-activar-su-creatividad-y-pensamiento-reflexivo\/#primaryimage"},"thumbnailUrl":"https:\/\/webdelmaestrocmf.com\/portal\/wp-content\/uploads\/2025\/04\/1A-Banner-1-portada-imagen-10-1-1-1.jpg","keywords":["Aburrirse","ACTIVAR","creatividad","NECESITAN","Ni\u00f1os","PENSAMIENTO","reflexivo"],"articleSection":["Noticias Internacionales"],"inLanguage":"es","potentialAction":[{"@type":"CommentAction","name":"Comment","target":["https:\/\/webdelmaestrocmf.com\/portal\/los-ninos-necesitan-aburrirse-para-activar-su-creatividad-y-pensamiento-reflexivo\/#respond"]}]},{"@type":"WebPage","@id":"https:\/\/webdelmaestrocmf.com\/portal\/los-ninos-necesitan-aburrirse-para-activar-su-creatividad-y-pensamiento-reflexivo\/","url":"https:\/\/webdelmaestrocmf.com\/portal\/los-ninos-necesitan-aburrirse-para-activar-su-creatividad-y-pensamiento-reflexivo\/","name":"Los ni\u00f1os necesitan aburrirse para activar su creatividad y pensamiento reflexivo - 2026","isPartOf":{"@id":"https:\/\/webdelmaestrocmf.com\/portal\/#website"},"primaryImageOfPage":{"@id":"https:\/\/webdelmaestrocmf.com\/portal\/los-ninos-necesitan-aburrirse-para-activar-su-creatividad-y-pensamiento-reflexivo\/#primaryimage"},"image":{"@id":"https:\/\/webdelmaestrocmf.com\/portal\/los-ninos-necesitan-aburrirse-para-activar-su-creatividad-y-pensamiento-reflexivo\/#primaryimage"},"thumbnailUrl":"https:\/\/webdelmaestrocmf.com\/portal\/wp-content\/uploads\/2025\/04\/1A-Banner-1-portada-imagen-10-1-1-1.jpg","datePublished":"2025-04-19T02:17:36+00:00","dateModified":"2025-06-17T16:37:36+00:00","description":"En una era donde las redes sociales configuran una parte esencial de la vida cotidiana, incluso las vacaciones escolares se...","breadcrumb":{"@id":"https:\/\/webdelmaestrocmf.com\/portal\/los-ninos-necesitan-aburrirse-para-activar-su-creatividad-y-pensamiento-reflexivo\/#breadcrumb"},"inLanguage":"es","potentialAction":[{"@type":"ReadAction","target":["https:\/\/webdelmaestrocmf.com\/portal\/los-ninos-necesitan-aburrirse-para-activar-su-creatividad-y-pensamiento-reflexivo\/"]}]},{"@type":"ImageObject","inLanguage":"es","@id":"https:\/\/webdelmaestrocmf.com\/portal\/los-ninos-necesitan-aburrirse-para-activar-su-creatividad-y-pensamiento-reflexivo\/#primaryimage","url":"https:\/\/webdelmaestrocmf.com\/portal\/wp-content\/uploads\/2025\/04\/1A-Banner-1-portada-imagen-10-1-1-1.jpg","contentUrl":"https:\/\/webdelmaestrocmf.com\/portal\/wp-content\/uploads\/2025\/04\/1A-Banner-1-portada-imagen-10-1-1-1.jpg","width":1024,"height":1024},{"@type":"BreadcrumbList","@id":"https:\/\/webdelmaestrocmf.com\/portal\/los-ninos-necesitan-aburrirse-para-activar-su-creatividad-y-pensamiento-reflexivo\/#breadcrumb","itemListElement":[{"@type":"ListItem","position":1,"name":"Portada","item":"https:\/\/webdelmaestrocmf.com\/portal\/"},{"@type":"ListItem","position":2,"name":"Recursos","item":"https:\/\/webdelmaestrocmf.com\/portal\/category\/pedagogia\/"},{"@type":"ListItem","position":3,"name":"Los ni\u00f1os necesitan aburrirse para activar su creatividad y pensamiento reflexivo"}]},{"@type":"WebSite","@id":"https:\/\/webdelmaestrocmf.com\/portal\/#website","url":"https:\/\/webdelmaestrocmf.com\/portal\/","name":"Web del Maestro CMF","description":"Maestros al servicio de la educaci\u00f3n","publisher":{"@id":"https:\/\/webdelmaestrocmf.com\/portal\/#organization"},"alternateName":"WMCMF","potentialAction":[{"@type":"SearchAction","target":{"@type":"EntryPoint","urlTemplate":"https:\/\/webdelmaestrocmf.com\/portal\/?s={search_term_string}"},"query-input":{"@type":"PropertyValueSpecification","valueRequired":true,"valueName":"search_term_string"}}],"inLanguage":"es"},{"@type":"Organization","@id":"https:\/\/webdelmaestrocmf.com\/portal\/#organization","name":"Web del Maestro CMF","alternateName":"WMCMF","url":"https:\/\/webdelmaestrocmf.com\/portal\/","logo":{"@type":"ImageObject","inLanguage":"es","@id":"https:\/\/webdelmaestrocmf.com\/portal\/#\/schema\/logo\/image\/","url":"https:\/\/webdelmaestrocmf.com\/portal\/wp-content\/uploads\/2023\/01\/logo-wmcmf-2.png","contentUrl":"https:\/\/webdelmaestrocmf.com\/portal\/wp-content\/uploads\/2023\/01\/logo-wmcmf-2.png","width":200,"height":60,"caption":"Web del Maestro CMF"},"image":{"@id":"https:\/\/webdelmaestrocmf.com\/portal\/#\/schema\/logo\/image\/"},"sameAs":["https:\/\/www.facebook.com\/WebdelMaestroCMF\/","https:\/\/x.com\/cmf_w","https:\/\/www.pinterest.com\/WMCMF\/","https:\/\/www.linkedin.com\/company\/web-del-maestro-cmf\/","https:\/\/www.instagram.com\/wmcmf\/","https:\/\/www.youtube.com\/channel\/UCDPSvjbdodE5sHnC3OxutHw","https:\/\/mastodon.social\/@wmcmf","https:\/\/www.tiktok.com\/@webdelmaestrocmf"]},{"@type":"Person","@id":"https:\/\/webdelmaestrocmf.com\/portal\/#\/schema\/person\/1072a2ed7bd960df8ef99a551fa35dc5","name":"Web del Maestro CMF","image":{"@type":"ImageObject","inLanguage":"es","@id":"https:\/\/secure.gravatar.com\/avatar\/23291dd5b5ae1077dcff3dbb04c3e02bd28403fa75af6d8787d5e97c5bbbe30b?s=96&d=mm&r=g","url":"https:\/\/secure.gravatar.com\/avatar\/23291dd5b5ae1077dcff3dbb04c3e02bd28403fa75af6d8787d5e97c5bbbe30b?s=96&d=mm&r=g","contentUrl":"https:\/\/secure.gravatar.com\/avatar\/23291dd5b5ae1077dcff3dbb04c3e02bd28403fa75af6d8787d5e97c5bbbe30b?s=96&d=mm&r=g","caption":"Web del Maestro CMF"},"description":"Esta Web se cre\u00f3 sin fines de lucro, con fines educativos, cient\u00edficos y acad\u00e9micos, para personas que tengan dificultades y\/o inconvenientes en visualizar el material original. El objetivo es entregar recursos, compartir experiencias y materiales que ayuden a los padres de familia, maestros y estudiantes en su actualizaci\u00f3n y formaci\u00f3n permanente, en bien de la Educaci\u00f3n.","sameAs":["http:\/\/webdelmaestrocmf.com\/portal","https:\/\/www.facebook.com\/WebdelMaestroCMF\/","https:\/\/www.instagram.com\/wmcmf\/","https:\/\/cl.linkedin.com\/company\/web-del-maestro-cmf","https:\/\/www.pinterest.com\/WMCMF\/publicaciones\/","https:\/\/x.com\/cmf_w","https:\/\/www.youtube.com\/@WMCMF"]}]}},"jetpack_featured_media_url":"https:\/\/webdelmaestrocmf.com\/portal\/wp-content\/uploads\/2025\/04\/1A-Banner-1-portada-imagen-10-1-1-1.jpg","jetpack_sharing_enabled":true,"jetpack-related-posts":[{"id":98572,"url":"https:\/\/webdelmaestrocmf.com\/portal\/los-9-tipos-de-pensamiento-que-los-ninos-necesitan-aprender\/","url_meta":{"origin":108743,"position":0},"title":"Los 9 tipos de pensamiento que los ni\u00f1os necesitan aprender","author":"Web del Maestro CMF","date":"23 junio, 2024","format":false,"excerpt":"El proceso del pensamiento es el cimiento de la educaci\u00f3n, un mundo intrincado que enriquece y despierta la mente de nuestros alumnos. Como docentes, somos los arquitectos de este proceso, y comprender los modelos y tipos de pensamiento es clave para guiar a nuestros estudiantes hacia un aprendizaje que va\u2026","rel":"","context":"En \u00abPensamiento\u00bb","block_context":{"text":"Pensamiento","link":"https:\/\/webdelmaestrocmf.com\/portal\/category\/pedagogia\/pensamiento\/"},"img":{"alt_text":"","src":"https:\/\/i0.wp.com\/webdelmaestrocmf.com\/portal\/wp-content\/uploads\/2023\/10\/Banner-1-portada-imagen-10-1-2024-06-23T184815.978.jpg?resize=350%2C200&ssl=1","width":350,"height":200,"srcset":"https:\/\/i0.wp.com\/webdelmaestrocmf.com\/portal\/wp-content\/uploads\/2023\/10\/Banner-1-portada-imagen-10-1-2024-06-23T184815.978.jpg?resize=350%2C200&ssl=1 1x, https:\/\/i0.wp.com\/webdelmaestrocmf.com\/portal\/wp-content\/uploads\/2023\/10\/Banner-1-portada-imagen-10-1-2024-06-23T184815.978.jpg?resize=525%2C300&ssl=1 1.5x, https:\/\/i0.wp.com\/webdelmaestrocmf.com\/portal\/wp-content\/uploads\/2023\/10\/Banner-1-portada-imagen-10-1-2024-06-23T184815.978.jpg?resize=700%2C400&ssl=1 2x"},"classes":[]},{"id":66166,"url":"https:\/\/webdelmaestrocmf.com\/portal\/libro-para-fomentar-el-pensamiento-reflexivo-critico-y-creativo-a-traves-de-la-lectura\/","url_meta":{"origin":108743,"position":1},"title":"Actividades para fomentar el pensamiento reflexivo, critico y creativo a trav\u00e9s de la lectura","author":"Web del Maestro CMF","date":"3 agosto, 2021","format":false,"excerpt":"Los ejercicios apoyan la acci\u00f3n directa del docente sobre el alumnado durante el proceso lector, a fin de asegurar a los ni\u00f1os la comprensi\u00f3n del texto e ir construyendo ideas sobre el contenido, extrayendo de \u00e9l cuanto les interesa. La comprensi\u00f3n se logra mediante una lectura reflexiva basada en avanzar\u2026","rel":"","context":"En \u00abLibros\u00bb","block_context":{"text":"Libros","link":"https:\/\/webdelmaestrocmf.com\/portal\/category\/pedagogia\/libros\/"},"img":{"alt_text":"lectura","src":"https:\/\/i0.wp.com\/webdelmaestrocmf.com\/portal\/wp-content\/uploads\/2021\/08\/1-31.jpg?resize=350%2C200&ssl=1","width":350,"height":200,"srcset":"https:\/\/i0.wp.com\/webdelmaestrocmf.com\/portal\/wp-content\/uploads\/2021\/08\/1-31.jpg?resize=350%2C200&ssl=1 1x, https:\/\/i0.wp.com\/webdelmaestrocmf.com\/portal\/wp-content\/uploads\/2021\/08\/1-31.jpg?resize=525%2C300&ssl=1 1.5x, https:\/\/i0.wp.com\/webdelmaestrocmf.com\/portal\/wp-content\/uploads\/2021\/08\/1-31.jpg?resize=700%2C400&ssl=1 2x, https:\/\/i0.wp.com\/webdelmaestrocmf.com\/portal\/wp-content\/uploads\/2021\/08\/1-31.jpg?resize=1050%2C600&ssl=1 3x"},"classes":[]},{"id":115352,"url":"https:\/\/webdelmaestrocmf.com\/portal\/ana-maria-arizti-si-quieres-perder-a-tu-hijo-dale-un-celular-si-quieres-dejar-de-convivir-con-el-el-celular-es-el-camino\/","url_meta":{"origin":108743,"position":2},"title":"Ana Mar\u00eda Arizti: \u00bfSi Quieres perder a tu hijo? Dale un celular. Si quieres dejar de convivir con \u00e9l, el celular es el camino","author":"Web del Maestro CMF","date":"14 febrero, 2026","format":false,"excerpt":"Empiezan a volverse muy ansiosos. Empiezan a volverse s\u00faper adictos. Lo que antes les emocionaba, ahora ya no. Dejan de ser ellos mismos por estar completamente inmersos.","rel":"","context":"En \u00abEntrevistas\u00bb","block_context":{"text":"Entrevistas","link":"https:\/\/webdelmaestrocmf.com\/portal\/category\/noticias\/entrevistas\/"},"img":{"alt_text":"","src":"https:\/\/i0.wp.com\/webdelmaestrocmf.com\/portal\/wp-content\/uploads\/2026\/02\/1A-Banner-1-portada-imagen-10-1-copia-14.webp?resize=350%2C200&ssl=1","width":350,"height":200,"srcset":"https:\/\/i0.wp.com\/webdelmaestrocmf.com\/portal\/wp-content\/uploads\/2026\/02\/1A-Banner-1-portada-imagen-10-1-copia-14.webp?resize=350%2C200&ssl=1 1x, https:\/\/i0.wp.com\/webdelmaestrocmf.com\/portal\/wp-content\/uploads\/2026\/02\/1A-Banner-1-portada-imagen-10-1-copia-14.webp?resize=525%2C300&ssl=1 1.5x, https:\/\/i0.wp.com\/webdelmaestrocmf.com\/portal\/wp-content\/uploads\/2026\/02\/1A-Banner-1-portada-imagen-10-1-copia-14.webp?resize=700%2C400&ssl=1 2x"},"classes":[]},{"id":74073,"url":"https:\/\/webdelmaestrocmf.com\/portal\/conoces-cuales-son-los-beneficios-de-las-actividades-extraescolares\/","url_meta":{"origin":108743,"position":3},"title":"Conoces cu\u00e1les son los beneficios de las actividades extraescolares","author":"Web del Maestro CMF","date":"27 mayo, 2022","format":false,"excerpt":"Deportes, teatro, m\u00fasica, idiomas... Las actividades extraescolares forman parte de la vida diaria de muchos ni\u00f1os en todo el mundo. Seg\u00fan el Instituto Nacional de Calidad y Evaluaci\u00f3n (INCE) m\u00e1s del 70% de los alumnos de Primaria y m\u00e1s del 60% de los de Secundaria realizan alguna actividad extraescolar despu\u00e9s\u2026","rel":"","context":"En \u00abEducaci\u00f3n y Familia\u00bb","block_context":{"text":"Educaci\u00f3n y Familia","link":"https:\/\/webdelmaestrocmf.com\/portal\/category\/pedagogia\/educacion-y-familia\/"},"img":{"alt_text":"","src":"https:\/\/i0.wp.com\/webdelmaestrocmf.com\/portal\/wp-content\/uploads\/2022\/02\/1-52.jpg?resize=350%2C200&ssl=1","width":350,"height":200,"srcset":"https:\/\/i0.wp.com\/webdelmaestrocmf.com\/portal\/wp-content\/uploads\/2022\/02\/1-52.jpg?resize=350%2C200&ssl=1 1x, https:\/\/i0.wp.com\/webdelmaestrocmf.com\/portal\/wp-content\/uploads\/2022\/02\/1-52.jpg?resize=525%2C300&ssl=1 1.5x, https:\/\/i0.wp.com\/webdelmaestrocmf.com\/portal\/wp-content\/uploads\/2022\/02\/1-52.jpg?resize=700%2C400&ssl=1 2x, https:\/\/i0.wp.com\/webdelmaestrocmf.com\/portal\/wp-content\/uploads\/2022\/02\/1-52.jpg?resize=1050%2C600&ssl=1 3x"},"classes":[]},{"id":72514,"url":"https:\/\/webdelmaestrocmf.com\/portal\/todos-los-ninos-aprenden-de-forma-diferente-y-esta-bien-no-los-compares-ningun-nino-aprende-por-igual\/","url_meta":{"origin":108743,"position":4},"title":"\u00bfLos ni\u00f1os aprenden al mismo ritmo? La importancia de respetar cada ritmo","author":"Web del Maestro CMF","date":"30 diciembre, 2021","format":false,"excerpt":"\u00bfNunca te has planteado alguna vez.... por qu\u00e9 dos ni\u00f1os con el mismo\u00a0cociente intelectual\u00a0y en la misma clase, aprenden de forma diferente?\u00a0\u00bfPor qu\u00e9 no aprendemos por igual?\u00a0Tal vez porque el aprendizaje dependa de muchos m\u00e1s factores que el simple hecho de tener cierta cantidad de materia gris. Entonces... \u00bfde qu\u00e9\u2026","rel":"","context":"En \u00abAprendizaje\u00bb","block_context":{"text":"Aprendizaje","link":"https:\/\/webdelmaestrocmf.com\/portal\/category\/pedagogia\/aprendizaje\/"},"img":{"alt_text":"","src":"https:\/\/i0.wp.com\/webdelmaestrocmf.com\/portal\/wp-content\/uploads\/2021\/12\/Banner-1-portada-imagen-10-1-2024-06-16T203854.530.jpg?resize=350%2C200&ssl=1","width":350,"height":200,"srcset":"https:\/\/i0.wp.com\/webdelmaestrocmf.com\/portal\/wp-content\/uploads\/2021\/12\/Banner-1-portada-imagen-10-1-2024-06-16T203854.530.jpg?resize=350%2C200&ssl=1 1x, https:\/\/i0.wp.com\/webdelmaestrocmf.com\/portal\/wp-content\/uploads\/2021\/12\/Banner-1-portada-imagen-10-1-2024-06-16T203854.530.jpg?resize=525%2C300&ssl=1 1.5x, https:\/\/i0.wp.com\/webdelmaestrocmf.com\/portal\/wp-content\/uploads\/2021\/12\/Banner-1-portada-imagen-10-1-2024-06-16T203854.530.jpg?resize=700%2C400&ssl=1 2x"},"classes":[]},{"id":114869,"url":"https:\/\/webdelmaestrocmf.com\/portal\/bill-gates-y-una-advertencia-incomoda-por-que-el-celular-esta-desplazando-al-juego-en-la-infancia\/","url_meta":{"origin":108743,"position":5},"title":"Bill Gates y una advertencia inc\u00f3moda: por qu\u00e9 el celular est\u00e1 desplazando al juego en la infancia","author":"Web del Maestro CMF","date":"19 enero, 2026","format":false,"excerpt":"Gates sostiene que entregar tel\u00e9fonos a los ni\u00f1os demasiado pronto les roba algo irrecuperable: creatividad, capacidad de concentraci\u00f3n, v\u00ednculos reales y aprendizaje profundo.","rel":"","context":"En \u00abNoticias Internacionales\u00bb","block_context":{"text":"Noticias Internacionales","link":"https:\/\/webdelmaestrocmf.com\/portal\/category\/noticias-internacionales\/"},"img":{"alt_text":"","src":"https:\/\/i0.wp.com\/webdelmaestrocmf.com\/portal\/wp-content\/uploads\/2026\/01\/1A-Banner-1-portada-imagen-10-1-copia-17.webp?resize=350%2C200&ssl=1","width":350,"height":200,"srcset":"https:\/\/i0.wp.com\/webdelmaestrocmf.com\/portal\/wp-content\/uploads\/2026\/01\/1A-Banner-1-portada-imagen-10-1-copia-17.webp?resize=350%2C200&ssl=1 1x, https:\/\/i0.wp.com\/webdelmaestrocmf.com\/portal\/wp-content\/uploads\/2026\/01\/1A-Banner-1-portada-imagen-10-1-copia-17.webp?resize=525%2C300&ssl=1 1.5x, https:\/\/i0.wp.com\/webdelmaestrocmf.com\/portal\/wp-content\/uploads\/2026\/01\/1A-Banner-1-portada-imagen-10-1-copia-17.webp?resize=700%2C400&ssl=1 2x"},"classes":[]}],"_links":{"self":[{"href":"https:\/\/webdelmaestrocmf.com\/portal\/wp-json\/wp\/v2\/posts\/108743","targetHints":{"allow":["GET"]}}],"collection":[{"href":"https:\/\/webdelmaestrocmf.com\/portal\/wp-json\/wp\/v2\/posts"}],"about":[{"href":"https:\/\/webdelmaestrocmf.com\/portal\/wp-json\/wp\/v2\/types\/post"}],"author":[{"embeddable":true,"href":"https:\/\/webdelmaestrocmf.com\/portal\/wp-json\/wp\/v2\/users\/1"}],"replies":[{"embeddable":true,"href":"https:\/\/webdelmaestrocmf.com\/portal\/wp-json\/wp\/v2\/comments?post=108743"}],"version-history":[{"count":1,"href":"https:\/\/webdelmaestrocmf.com\/portal\/wp-json\/wp\/v2\/posts\/108743\/revisions"}],"predecessor-version":[{"id":108745,"href":"https:\/\/webdelmaestrocmf.com\/portal\/wp-json\/wp\/v2\/posts\/108743\/revisions\/108745"}],"wp:featuredmedia":[{"embeddable":true,"href":"https:\/\/webdelmaestrocmf.com\/portal\/wp-json\/wp\/v2\/media\/108744"}],"wp:attachment":[{"href":"https:\/\/webdelmaestrocmf.com\/portal\/wp-json\/wp\/v2\/media?parent=108743"}],"wp:term":[{"taxonomy":"category","embeddable":true,"href":"https:\/\/webdelmaestrocmf.com\/portal\/wp-json\/wp\/v2\/categories?post=108743"},{"taxonomy":"post_tag","embeddable":true,"href":"https:\/\/webdelmaestrocmf.com\/portal\/wp-json\/wp\/v2\/tags?post=108743"}],"curies":[{"name":"wp","href":"https:\/\/api.w.org\/{rel}","templated":true}]}}