{"id":108700,"date":"2025-04-07T12:16:04","date_gmt":"2025-04-07T16:16:04","guid":{"rendered":"https:\/\/webdelmaestrocmf.com\/portal\/?p=108700"},"modified":"2025-04-07T12:26:59","modified_gmt":"2025-04-07T16:26:59","slug":"el-cerebro-en-meditacion-como-cambian-nuestras-redes-neuronales-segun-el-tipo-de-atencion","status":"publish","type":"post","link":"https:\/\/webdelmaestrocmf.com\/portal\/el-cerebro-en-meditacion-como-cambian-nuestras-redes-neuronales-segun-el-tipo-de-atencion\/","title":{"rendered":"El cerebro en meditaci\u00f3n: c\u00f3mo cambian nuestras redes neuronales seg\u00fan el tipo de atenci\u00f3n"},"content":{"rendered":"<p class=\"\" style=\"text-align: justify;\" data-start=\"367\" data-end=\"792\">Durante siglos, las pr\u00e1cticas contemplativas como la meditaci\u00f3n fueron vistas como t\u00e9cnicas espirituales o filos\u00f3ficas, dif\u00edciles de medir desde una perspectiva cient\u00edfica. Sin embargo, en las \u00faltimas d\u00e9cadas, los avances en neuroimagen han permitido abrir una ventana fascinante hacia el cerebro humano en estado meditativo. Hoy, la ciencia puede demostrar que meditar no solo cambia la mente\u2026 tambi\u00e9n transforma el cerebro.<!--more--><\/p>\n<h3 class=\"\" style=\"text-align: justify;\" data-start=\"794\" data-end=\"851\">Tres formas de meditaci\u00f3n, tres caminos en el cerebro<\/h3>\n<p class=\"\" style=\"text-align: justify;\" data-start=\"853\" data-end=\"978\">Los investigadores han identificado tres formas principales de meditaci\u00f3n budista que activan regiones cerebrales diferentes:<\/p>\n<h4 class=\"\" style=\"text-align: justify; padding-left: 40px;\" data-start=\"980\" data-end=\"1011\">1. <strong data-start=\"988\" data-end=\"1011\">Atenci\u00f3n focalizada<\/strong><\/h4>\n<p class=\"\" style=\"text-align: justify; padding-left: 40px;\" data-start=\"1012\" data-end=\"1327\">Es una pr\u00e1ctica en la que la persona concentra su atenci\u00f3n en un objeto espec\u00edfico, como la respiraci\u00f3n. Aunque suena simple, requiere entrenamiento: incluso meditadores experimentados se distraen. La ciencia ha demostrado que este tipo de meditaci\u00f3n involucra una secuencia de etapas cerebrales muy bien definidas:<\/p>\n<ul>\n<li style=\"list-style-type: none;\">\n<ul style=\"text-align: justify;\" data-start=\"1329\" data-end=\"2035\">\n<li class=\"\" data-start=\"1329\" data-end=\"1517\">\n<p class=\"\" data-start=\"1331\" data-end=\"1517\"><strong data-start=\"1331\" data-end=\"1350\">Mente distra\u00edda<\/strong>: Al perder el foco, se activa la red neuronal por defecto, que incluye el giro cingulado posterior y el prec\u00faneo, zonas asociadas con pensamientos vagos o divagantes.<\/p>\n<\/li>\n<li class=\"\" data-start=\"1518\" data-end=\"1693\">\n<p class=\"\" data-start=\"1520\" data-end=\"1693\"><strong data-start=\"1520\" data-end=\"1554\">Darse cuenta de la distracci\u00f3n<\/strong>: Gracias a la llamada \u201cred de saliencia\u201d (\u00ednsula anterior y giro cingulado anterior), el meditador toma consciencia del desv\u00edo atencional.<\/p>\n<\/li>\n<li class=\"\" data-start=\"1694\" data-end=\"1841\">\n<p class=\"\" data-start=\"1696\" data-end=\"1841\"><strong data-start=\"1696\" data-end=\"1730\">Reorientaci\u00f3n de la conciencia<\/strong>: El cerebro reubica la atenci\u00f3n con ayuda de la corteza prefrontal dorsolateral y el l\u00f3bulo parietal inferior.<\/p>\n<\/li>\n<li class=\"\" data-start=\"1842\" data-end=\"2035\">\n<p class=\"\" data-start=\"1844\" data-end=\"2035\"><strong data-start=\"1844\" data-end=\"1866\">Atenci\u00f3n sostenida<\/strong>: Cuando se logra mantener el foco por un tiempo prolongado, se mantiene activa la corteza prefrontal dorsolateral, responsable del control cognitivo y la concentraci\u00f3n.<\/p>\n<\/li>\n<\/ul>\n<\/li>\n<\/ul>\n<h4 class=\"\" style=\"text-align: justify; padding-left: 40px;\" data-start=\"2037\" data-end=\"2079\">2. <strong data-start=\"2045\" data-end=\"2079\">Conciencia plena o mindfulness<\/strong><\/h4>\n<p class=\"\" style=\"text-align: justify; padding-left: 40px;\" data-start=\"2080\" data-end=\"2481\">Tambi\u00e9n conocida como \u201catenci\u00f3n plena\u201d, esta forma de meditaci\u00f3n invita a observar pensamientos, sensaciones y emociones sin dejarse arrastrar por ellos. Las neuroim\u00e1genes muestran que este tipo de pr\u00e1ctica est\u00e1 vinculada con una menor actividad de la am\u00edgdala (relacionada con el miedo y la ansiedad) y una mayor activaci\u00f3n de la \u00ednsula anterior, una regi\u00f3n clave en la percepci\u00f3n interna del cuerpo.<\/p>\n<h4 class=\"\" style=\"text-align: justify; padding-left: 40px;\" data-start=\"2483\" data-end=\"2519\">3. <strong data-start=\"2491\" data-end=\"2519\">Compasi\u00f3n y benevolencia<\/strong><\/h4>\n<p class=\"\" style=\"text-align: justify; padding-left: 40px;\" data-start=\"2520\" data-end=\"2941\">Esta pr\u00e1ctica tiene como fin generar sentimientos positivos hacia uno mismo y hacia los dem\u00e1s. Estudios muestran que al cultivar activamente emociones como la compasi\u00f3n, se activan zonas cerebrales ligadas a la empat\u00eda y el sentido de pertenencia, especialmente en la uni\u00f3n temporoparietal. Tambi\u00e9n se observa una reducci\u00f3n en la actividad de la am\u00edgdala, lo que sugiere una disminuci\u00f3n del juicio y la cr\u00edtica emocional.<\/p>\n<p data-start=\"2520\" data-end=\"2941\"><img loading=\"lazy\" decoding=\"async\" class=\"alignnone size-large wp-image-108704\" src=\"https:\/\/webdelmaestrocmf.com\/portal\/wp-content\/uploads\/2025\/04\/Copia-de-Copia-de-Mapas-mentales-para-profesores-19-1-819x1024.webp\" alt=\"\" width=\"819\" height=\"1024\" srcset=\"https:\/\/webdelmaestrocmf.com\/portal\/wp-content\/uploads\/2025\/04\/Copia-de-Copia-de-Mapas-mentales-para-profesores-19-1-819x1024.webp 819w, https:\/\/webdelmaestrocmf.com\/portal\/wp-content\/uploads\/2025\/04\/Copia-de-Copia-de-Mapas-mentales-para-profesores-19-1-240x300.webp 240w, https:\/\/webdelmaestrocmf.com\/portal\/wp-content\/uploads\/2025\/04\/Copia-de-Copia-de-Mapas-mentales-para-profesores-19-1-768x960.webp 768w, https:\/\/webdelmaestrocmf.com\/portal\/wp-content\/uploads\/2025\/04\/Copia-de-Copia-de-Mapas-mentales-para-profesores-19-1-380x475.webp 380w, https:\/\/webdelmaestrocmf.com\/portal\/wp-content\/uploads\/2025\/04\/Copia-de-Copia-de-Mapas-mentales-para-profesores-19-1-550x688.webp 550w, https:\/\/webdelmaestrocmf.com\/portal\/wp-content\/uploads\/2025\/04\/Copia-de-Copia-de-Mapas-mentales-para-profesores-19-1-800x1000.webp 800w, https:\/\/webdelmaestrocmf.com\/portal\/wp-content\/uploads\/2025\/04\/Copia-de-Copia-de-Mapas-mentales-para-profesores-19-1.webp 1080w\" sizes=\"auto, (max-width: 819px) 100vw, 819px\" \/><\/p>\n<h3 class=\"\" style=\"text-align: justify;\" data-start=\"2943\" data-end=\"2973\">\u00bfQu\u00e9 demuestra la ciencia?<\/h3>\n<p class=\"\" style=\"text-align: justify;\" data-start=\"2975\" data-end=\"3204\">Gracias a herramientas como la resonancia magn\u00e9tica funcional (fMRI), hoy sabemos que meditar modifica la estructura y el funcionamiento del cerebro. Estas no son creencias ni intuiciones: son evidencias. Algunos hallazgos clave:<\/p>\n<ul style=\"text-align: justify;\" data-start=\"3206\" data-end=\"3679\">\n<li class=\"\" data-start=\"3206\" data-end=\"3338\">\n<p class=\"\" data-start=\"3208\" data-end=\"3338\"><strong data-start=\"3208\" data-end=\"3228\">Neuroplasticidad<\/strong>: La meditaci\u00f3n fortalece las conexiones neuronales y puede generar cambios f\u00edsicos en la estructura cerebral.<\/p>\n<\/li>\n<li class=\"\" data-start=\"3339\" data-end=\"3450\">\n<p class=\"\" data-start=\"3341\" data-end=\"3450\"><strong data-start=\"3341\" data-end=\"3365\">Regulaci\u00f3n emocional<\/strong>: Se reduce la reactividad emocional y aumenta la capacidad para enfrentar el estr\u00e9s.<\/p>\n<\/li>\n<li class=\"\" data-start=\"3451\" data-end=\"3582\">\n<p class=\"\" data-start=\"3453\" data-end=\"3582\"><strong data-start=\"3453\" data-end=\"3475\">Mejora del enfoque<\/strong>: Las personas que meditan con regularidad logran mantener la atenci\u00f3n por m\u00e1s tiempo y con menos esfuerzo.<\/p>\n<\/li>\n<li class=\"\" data-start=\"3583\" data-end=\"3679\">\n<p class=\"\" data-start=\"3585\" data-end=\"3679\"><strong data-start=\"3585\" data-end=\"3625\">Aumento de la empat\u00eda y la compasi\u00f3n<\/strong>: No solo se piensa en los dem\u00e1s, se siente con ellos.<\/p>\n<\/li>\n<\/ul>\n<h3 style=\"text-align: justify;\" data-start=\"280\" data-end=\"374\">\u00bfPor qu\u00e9 es importante que un docente entienda c\u00f3mo la meditaci\u00f3n impacta en el cerebro?<\/h3>\n<p class=\"\" style=\"text-align: justify;\" data-start=\"376\" data-end=\"757\">La neurociencia ha demostrado que pr\u00e1cticas como la meditaci\u00f3n no solo mejoran el bienestar, sino que <strong data-start=\"478\" data-end=\"514\">modifican activamente el cerebro<\/strong>, fortaleciendo funciones como la atenci\u00f3n, la regulaci\u00f3n emocional y la empat\u00eda. Para un docente, esto no es solo una curiosidad cient\u00edfica. Es <strong data-start=\"659\" data-end=\"687\">una herramienta poderosa<\/strong> que puede mejorar su desempe\u00f1o y el ambiente en el aula. Veamos c\u00f3mo:<\/p>\n<h3 class=\"\" style=\"text-align: justify; padding-left: 40px;\" data-start=\"759\" data-end=\"802\">1. <strong data-start=\"766\" data-end=\"802\">Para gestionar el estr\u00e9s docente<\/strong><\/h3>\n<p class=\"\" style=\"text-align: justify; padding-left: 40px;\" data-start=\"803\" data-end=\"1097\">La docencia es una de las profesiones m\u00e1s emocionalmente exigentes. Saber que la meditaci\u00f3n puede reducir la actividad de la am\u00edgdala (centro del miedo y la ansiedad) y fortalecer \u00e1reas del cerebro relacionadas con la calma y el autocontrol, permite al docente cuidar de su propia salud mental.<\/p>\n<blockquote style=\"padding-left: 40px;\" data-start=\"1099\" data-end=\"1222\">\n<p class=\"\" style=\"padding-left: 40px;\" data-start=\"1101\" data-end=\"1222\">Meditar no es perder el tiempo: es fortalecer tu cerebro para estar m\u00e1s presente, m\u00e1s sereno y m\u00e1s resiliente en el aula.<\/p>\n<\/blockquote>\n<h3 class=\"\" style=\"text-align: justify; padding-left: 40px;\" data-start=\"1224\" data-end=\"1272\">2. <strong data-start=\"1231\" data-end=\"1272\">Para mejorar la atenci\u00f3n y el enfoque<\/strong><\/h3>\n<p class=\"\" style=\"text-align: justify; padding-left: 40px;\" data-start=\"1273\" data-end=\"1536\">Al entender c\u00f3mo funciona la atenci\u00f3n focalizada y sostenida, el docente puede aplicar estrategias para <strong data-start=\"1377\" data-end=\"1413\">entrenar su propia concentraci\u00f3n<\/strong> y ayudar a los estudiantes a desarrollar la suya. Esto es especialmente \u00fatil en un mundo lleno de distracciones digitales.<\/p>\n<blockquote style=\"padding-left: 40px;\" data-start=\"1538\" data-end=\"1617\">\n<p class=\"\" style=\"padding-left: 40px;\" data-start=\"1540\" data-end=\"1617\">Un docente atento puede ense\u00f1ar mejor; un alumno atento puede aprender mejor.<\/p>\n<\/blockquote>\n<h3 class=\"\" style=\"text-align: justify; padding-left: 40px;\" data-start=\"1619\" data-end=\"1674\">3. <strong data-start=\"1626\" data-end=\"1674\">Para ense\u00f1ar desde la empat\u00eda y la compasi\u00f3n<\/strong><\/h3>\n<p class=\"\" style=\"text-align: justify; padding-left: 40px;\" data-start=\"1675\" data-end=\"1947\">La meditaci\u00f3n en compasi\u00f3n activa zonas cerebrales que favorecen la empat\u00eda. Comprender esto puede inspirar a los docentes a desarrollar una actitud m\u00e1s comprensiva frente a los estudiantes, especialmente frente a aquellos que presentan desaf\u00edos de conducta o aprendizaje.<\/p>\n<blockquote style=\"padding-left: 40px;\" data-start=\"1949\" data-end=\"2030\">\n<p class=\"\" style=\"padding-left: 40px;\" data-start=\"1951\" data-end=\"2030\">Un cerebro entrenado en la compasi\u00f3n responde con comprensi\u00f3n, no con reacci\u00f3n.<\/p>\n<\/blockquote>\n<h3 class=\"\" style=\"text-align: justify; padding-left: 40px;\" data-start=\"2032\" data-end=\"2076\">4. <strong data-start=\"2039\" data-end=\"2076\">Para dise\u00f1ar pr\u00e1cticas en el aula<\/strong><\/h3>\n<p class=\"\" style=\"text-align: justify; padding-left: 40px;\" data-start=\"2077\" data-end=\"2298\">Muchos docentes ya est\u00e1n incorporando ejercicios breves de respiraci\u00f3n consciente o pausas de atenci\u00f3n plena en sus clases. Conocer la base cient\u00edfica de estas pr\u00e1cticas <strong data-start=\"2247\" data-end=\"2297\">les da legitimidad y seguridad para aplicarlas<\/strong>.<\/p>\n<blockquote style=\"padding-left: 40px;\" data-start=\"2300\" data-end=\"2419\">\n<p class=\"\" style=\"padding-left: 40px;\" data-start=\"2302\" data-end=\"2419\">No se trata de hacer \u201ccosas raras\u201d, sino de aplicar estrategias con respaldo cient\u00edfico que mejoran el clima de aula.<\/p>\n<\/blockquote>\n<h3 class=\"\" style=\"text-align: justify; padding-left: 40px;\" data-start=\"2421\" data-end=\"2459\">5. <strong data-start=\"2428\" data-end=\"2459\">Para liderar con el ejemplo<\/strong><\/h3>\n<p class=\"\" style=\"text-align: justify; padding-left: 40px;\" data-start=\"2460\" data-end=\"2664\">El docente que cultiva la atenci\u00f3n, la calma y la presencia emocional no solo transmite contenidos: <strong data-start=\"2560\" data-end=\"2592\">ense\u00f1a con su forma de estar<\/strong>, modela una forma de habitar el aula m\u00e1s consciente, emp\u00e1tica y<\/p>\n<h3 class=\"\" style=\"text-align: justify;\" data-start=\"3681\" data-end=\"3695\">Conclusi\u00f3n<\/h3>\n<p class=\"\" style=\"text-align: justify;\" data-start=\"3697\" data-end=\"4143\">La ciencia ha confirmado lo que muchas tradiciones sab\u00edan desde hace siglos: que entrenar la mente transforma la experiencia humana. Meditar no es una simple pr\u00e1ctica de relajaci\u00f3n, sino un proceso profundo de autoconocimiento y cambio neurol\u00f3gico. No es necesario ser monje ni aislarse del mundo. Basta con unos minutos diarios para empezar a modificar las rutas neuronales que gobiernan nuestra atenci\u00f3n, nuestras emociones y nuestro bienestar.<\/p>\n<p class=\"\" style=\"text-align: justify;\" data-start=\"4145\" data-end=\"4226\">Porque hoy m\u00e1s que nunca, el verdadero poder est\u00e1 en aprender a dirigir la mente.<\/p>\n<p style=\"text-align: right;\" data-start=\"4145\" data-end=\"4226\"><strong>REDACCI\u00d3N WEB DEL MAESTRO CMF<\/strong><\/p>\n<p data-start=\"4145\" data-end=\"4226\">\t\t<div class=\"pk-inline-posts\">\n\t\t\t\n\t\t\t<div class=\"pk-inline-posts-container pk-inline-posts-template-list\"\n\t\t\t\tdata-columns=\"1\">\n\t\t\t\t\t\t<article id=\"post-86048\" class=\"post-86048 post type-post status-publish format-standard has-post-thumbnail category-atencion category-descargas-manuales-pdf category-pedagogia tag-academico tag-alumnado tag-alumnos tag-atencion tag-atencion-dividida tag-atencion-selectiva tag-atencion-sostenida tag-buen tag-clase tag-conducta tag-contenidos tag-desarrollar tag-desganados tag-despistados tag-distraccion tag-distraerse tag-docentes tag-ejercicios tag-entrenamiento tag-escolares tag-estimulo tag-estrategias tag-estudiantes tag-estudiar tag-funciones tag-hijas tag-hijos tag-humos tag-implementar tag-importancia tag-inconveniente tag-lectura tag-madres tag-mejorar tag-ninas tag-ninos tag-objetivos tag-padres tag-practicos tag-rendimiento cs-entry cs-video-wrap\">\n\t\t\t<div class=\"pk-post-outer\">\n\n\t\t\t\t\t\t\t\t<div class=\"pk-post-inner\">\n\t\t\t\t\t<div class=\"entry-thumbnail\">\n\t\t\t\t\t\t<div class=\"pk-overlay pk-overlay-ratio pk-ratio-landscape\">\n\t\t\t\t\t\t\t<div class=\"pk-overlay-background\">\n\t\t\t\t\t\t\t\t<a href=\"https:\/\/webdelmaestrocmf.com\/portal\/ejercicios-para-mejorar-la-atencion-de-los-estudiantes\/\" class=\"pk-overlay-link\">\n\t\t\t\t\t\t\t\t\t<img loading=\"lazy\" decoding=\"async\" width=\"300\" height=\"225\" src=\"https:\/\/webdelmaestrocmf.com\/portal\/wp-content\/uploads\/2023\/03\/1A-Banner-1-portada-imagen-10-1-copia-91-300x225.webp\" class=\"attachment-pk-thumbnail size-pk-thumbnail wp-post-image\" alt=\"\" \/>\t\t\t\t\t\t\t\t<\/a>\n\t\t\t\t\t\t\t<\/div>\n\t\t\t\t\t\t<\/div>\n\t\t\t\t\t<\/div>\n\t\t\t\t<\/div>\n\t\t\t\t\n\t\t\t\t<div class=\"pk-post-inner\">\n\t\t\t\t\t<header>\n\t\t\t\t\t\t<h3 class=\"pk-title\"><a href=\"https:\/\/webdelmaestrocmf.com\/portal\/ejercicios-para-mejorar-la-atencion-de-los-estudiantes\/\" rel=\"bookmark\">Ejercicios para mejorar la atenci\u00f3n de los estudiantes<\/a><\/h3>\t\t\t\t\t<\/header><!-- .entry-header -->\n\t\t\t\t<\/div><!-- .post-inner -->\n\n\t\t\t<\/div><!-- .post-outer -->\n\t\t<\/article>\n\t\t\t<article id=\"post-109087\" class=\"post-109087 post type-post status-publish format-standard has-post-thumbnail category-atencion category-pedagogia tag-atencion tag-aula tag-desarrollar tag-habitos cs-entry cs-video-wrap\">\n\t\t\t<div class=\"pk-post-outer\">\n\n\t\t\t\t\t\t\t\t<div class=\"pk-post-inner\">\n\t\t\t\t\t<div class=\"entry-thumbnail\">\n\t\t\t\t\t\t<div class=\"pk-overlay pk-overlay-ratio pk-ratio-landscape\">\n\t\t\t\t\t\t\t<div class=\"pk-overlay-background\">\n\t\t\t\t\t\t\t\t<a href=\"https:\/\/webdelmaestrocmf.com\/portal\/como-desarrollar-habitos-de-atencion-en-el-aula\/\" class=\"pk-overlay-link\">\n\t\t\t\t\t\t\t\t\t<img loading=\"lazy\" decoding=\"async\" width=\"300\" height=\"225\" src=\"https:\/\/webdelmaestrocmf.com\/portal\/wp-content\/uploads\/2025\/05\/1A-Banner-1-portada-imagen-10-1-90-300x225.jpg\" class=\"attachment-pk-thumbnail size-pk-thumbnail wp-post-image\" alt=\"\" \/>\t\t\t\t\t\t\t\t<\/a>\n\t\t\t\t\t\t\t<\/div>\n\t\t\t\t\t\t<\/div>\n\t\t\t\t\t<\/div>\n\t\t\t\t<\/div>\n\t\t\t\t\n\t\t\t\t<div class=\"pk-post-inner\">\n\t\t\t\t\t<header>\n\t\t\t\t\t\t<h3 class=\"pk-title\"><a href=\"https:\/\/webdelmaestrocmf.com\/portal\/como-desarrollar-habitos-de-atencion-en-el-aula\/\" rel=\"bookmark\">\u00bfC\u00f3mo desarrollar h\u00e1bitos de atenci\u00f3n en el aula?<\/a><\/h3>\t\t\t\t\t<\/header><!-- .entry-header -->\n\t\t\t\t<\/div><!-- .post-inner -->\n\n\t\t\t<\/div><!-- .post-outer -->\n\t\t<\/article>\n\t\t\t<article id=\"post-95274\" class=\"post-95274 post type-post status-publish format-standard has-post-thumbnail category-atencion category-memoria category-pedagogia tag-actividades-educativas tag-aprendizaje-infantil tag-aprendizaje-interactivo tag-aprendizaje-ludico tag-atencion tag-concentracion tag-creatividad-infantil tag-desarrollo-cognitivo tag-desarrollo-de-habilidades tag-desarrollo-de-la-atencion tag-educacion-preescolar tag-educacion-temprana tag-ejercicios-de-observacion tag-estimulacion-cerebral tag-estimulacion-cognitiva tag-estrategias-de-ensenanza tag-habilidades-cognitivas tag-habilidades-de-pensamiento tag-habilidades-de-procesamiento tag-juego-educativo tag-juegos-de-memoria tag-juegos-didacticos tag-memoria tag-memoria-a-corto-plazo tag-memoria-a-largo-plazo tag-memoria-auditiva tag-memoria-visual tag-narracion-de-cuentos tag-resolucion-de-problemas tag-rompecabezas cs-entry cs-video-wrap\">\n\t\t\t<div class=\"pk-post-outer\">\n\n\t\t\t\t\t\t\t\t<div class=\"pk-post-inner\">\n\t\t\t\t\t<div class=\"entry-thumbnail\">\n\t\t\t\t\t\t<div class=\"pk-overlay pk-overlay-ratio pk-ratio-landscape\">\n\t\t\t\t\t\t\t<div class=\"pk-overlay-background\">\n\t\t\t\t\t\t\t\t<a href=\"https:\/\/webdelmaestrocmf.com\/portal\/cuadernillo-y-actividades-para-mejorar-la-atencion-y-memoria-de-tus-alumnos\/\" class=\"pk-overlay-link\">\n\t\t\t\t\t\t\t\t\t<img loading=\"lazy\" decoding=\"async\" width=\"300\" height=\"225\" src=\"https:\/\/webdelmaestrocmf.com\/portal\/wp-content\/uploads\/2023\/09\/Banner-1-portada-imagen-10-1-2024-05-28T203502.742-300x225.jpg\" class=\"attachment-pk-thumbnail size-pk-thumbnail wp-post-image\" alt=\"atenci\u00f3n\" \/>\t\t\t\t\t\t\t\t<\/a>\n\t\t\t\t\t\t\t<\/div>\n\t\t\t\t\t\t<\/div>\n\t\t\t\t\t<\/div>\n\t\t\t\t<\/div>\n\t\t\t\t\n\t\t\t\t<div class=\"pk-post-inner\">\n\t\t\t\t\t<header>\n\t\t\t\t\t\t<h3 class=\"pk-title\"><a href=\"https:\/\/webdelmaestrocmf.com\/portal\/cuadernillo-y-actividades-para-mejorar-la-atencion-y-memoria-de-tus-alumnos\/\" rel=\"bookmark\">Cuadernillo y actividades para mejorar la atenci\u00f3n y memoria de tus alumnos<\/a><\/h3>\t\t\t\t\t<\/header><!-- .entry-header -->\n\t\t\t\t<\/div><!-- .post-inner -->\n\n\t\t\t<\/div><!-- .post-outer -->\n\t\t<\/article>\n\t\t\t\t<\/div>\n\t\t<\/div>\n\t\t<\/p>\n","protected":false},"excerpt":{"rendered":"Durante siglos, las pr\u00e1cticas contemplativas como la meditaci\u00f3n fueron vistas como t\u00e9cnicas espirituales o filos\u00f3ficas, dif\u00edciles de medir&hellip;","protected":false},"author":1,"featured_media":108702,"comment_status":"open","ping_status":"closed","sticky":false,"template":"","format":"standard","meta":{"csco_display_header_overlay":false,"csco_singular_sidebar":"","csco_page_header_type":"","csco_page_load_nextpost":"","csco_post_video_location":[],"csco_post_video_location_hash":"","csco_post_video_url":"","csco_post_video_bg_start_time":0,"csco_post_video_bg_end_time":0,"csco_post_video_bg_volume":false,"_jetpack_memberships_contains_paid_content":false,"footnotes":""},"categories":[15462,735],"tags":[662,419],"class_list":{"0":"post-108700","1":"post","2":"type-post","3":"status-publish","4":"format-standard","5":"has-post-thumbnail","7":"category-atencion","8":"category-pedagogia","9":"tag-cerebro","10":"tag-meditacion","11":"cs-entry","12":"cs-video-wrap"},"yoast_head":"<!-- This site is optimized with the Yoast SEO plugin v27.5 - https:\/\/yoast.com\/product\/yoast-seo-wordpress\/ -->\n<title>El cerebro en meditaci\u00f3n: c\u00f3mo cambian nuestras redes neuronales seg\u00fan el tipo de atenci\u00f3n - 2026<\/title>\n<meta name=\"description\" content=\"Durante siglos, las pr\u00e1cticas contemplativas como la meditaci\u00f3n fueron vistas como t\u00e9cnicas espirituales o filos\u00f3ficas, dif\u00edciles de medir...\" \/>\n<meta name=\"robots\" content=\"index, follow, max-snippet:-1, max-image-preview:large, max-video-preview:-1\" \/>\n<link rel=\"canonical\" href=\"https:\/\/webdelmaestrocmf.com\/portal\/el-cerebro-en-meditacion-como-cambian-nuestras-redes-neuronales-segun-el-tipo-de-atencion\/\" \/>\n<meta property=\"og:locale\" content=\"es_ES\" \/>\n<meta property=\"og:type\" content=\"article\" \/>\n<meta property=\"og:title\" content=\"El cerebro en meditaci\u00f3n: c\u00f3mo cambian nuestras redes neuronales seg\u00fan el tipo de atenci\u00f3n - 2026\" \/>\n<meta property=\"og:description\" content=\"Durante siglos, las pr\u00e1cticas contemplativas como la meditaci\u00f3n fueron vistas como t\u00e9cnicas espirituales o filos\u00f3ficas, dif\u00edciles de medir...\" \/>\n<meta property=\"og:url\" content=\"https:\/\/webdelmaestrocmf.com\/portal\/el-cerebro-en-meditacion-como-cambian-nuestras-redes-neuronales-segun-el-tipo-de-atencion\/\" \/>\n<meta property=\"og:site_name\" content=\"Web del Maestro CMF\" \/>\n<meta property=\"article:publisher\" content=\"https:\/\/www.facebook.com\/WebdelMaestroCMF\/\" \/>\n<meta property=\"article:author\" content=\"https:\/\/www.facebook.com\/WebdelMaestroCMF\/\" \/>\n<meta property=\"article:published_time\" content=\"2025-04-07T16:16:04+00:00\" \/>\n<meta property=\"article:modified_time\" content=\"2025-04-07T16:26:59+00:00\" \/>\n<meta property=\"og:image\" content=\"https:\/\/webdelmaestrocmf.com\/portal\/wp-content\/uploads\/2025\/04\/1A-Banner-1-portada-imagen-10-1-47.jpg\" \/>\n\t<meta property=\"og:image:width\" content=\"1024\" \/>\n\t<meta property=\"og:image:height\" content=\"1024\" \/>\n\t<meta property=\"og:image:type\" content=\"image\/jpeg\" \/>\n<meta name=\"author\" content=\"Web del Maestro CMF\" \/>\n<meta name=\"twitter:card\" content=\"summary_large_image\" \/>\n<meta name=\"twitter:creator\" content=\"@cmf_w\" \/>\n<meta name=\"twitter:site\" content=\"@cmf_w\" \/>\n<script type=\"application\/ld+json\" class=\"yoast-schema-graph\">{\"@context\":\"https:\\\/\\\/schema.org\",\"@graph\":[{\"@type\":\"ScholarlyArticle\",\"@id\":\"https:\\\/\\\/webdelmaestrocmf.com\\\/portal\\\/el-cerebro-en-meditacion-como-cambian-nuestras-redes-neuronales-segun-el-tipo-de-atencion\\\/#article\",\"isPartOf\":{\"@id\":\"https:\\\/\\\/webdelmaestrocmf.com\\\/portal\\\/el-cerebro-en-meditacion-como-cambian-nuestras-redes-neuronales-segun-el-tipo-de-atencion\\\/\"},\"author\":{\"name\":\"Web del Maestro CMF\",\"@id\":\"https:\\\/\\\/webdelmaestrocmf.com\\\/portal\\\/#\\\/schema\\\/person\\\/1072a2ed7bd960df8ef99a551fa35dc5\"},\"headline\":\"El cerebro en meditaci\u00f3n: c\u00f3mo cambian nuestras redes neuronales seg\u00fan el tipo de atenci\u00f3n\",\"datePublished\":\"2025-04-07T16:16:04+00:00\",\"dateModified\":\"2025-04-07T16:26:59+00:00\",\"mainEntityOfPage\":{\"@id\":\"https:\\\/\\\/webdelmaestrocmf.com\\\/portal\\\/el-cerebro-en-meditacion-como-cambian-nuestras-redes-neuronales-segun-el-tipo-de-atencion\\\/\"},\"wordCount\":1051,\"commentCount\":0,\"publisher\":{\"@id\":\"https:\\\/\\\/webdelmaestrocmf.com\\\/portal\\\/#organization\"},\"image\":{\"@id\":\"https:\\\/\\\/webdelmaestrocmf.com\\\/portal\\\/el-cerebro-en-meditacion-como-cambian-nuestras-redes-neuronales-segun-el-tipo-de-atencion\\\/#primaryimage\"},\"thumbnailUrl\":\"https:\\\/\\\/webdelmaestrocmf.com\\\/portal\\\/wp-content\\\/uploads\\\/2025\\\/04\\\/1A-Banner-1-portada-imagen-10-1-47.jpg\",\"keywords\":[\"Cerebro\",\"Meditaci\u00f3n\"],\"articleSection\":[\"Atenci\u00f3n\",\"Recursos\"],\"inLanguage\":\"es\",\"potentialAction\":[{\"@type\":\"CommentAction\",\"name\":\"Comment\",\"target\":[\"https:\\\/\\\/webdelmaestrocmf.com\\\/portal\\\/el-cerebro-en-meditacion-como-cambian-nuestras-redes-neuronales-segun-el-tipo-de-atencion\\\/#respond\"]}]},{\"@type\":\"WebPage\",\"@id\":\"https:\\\/\\\/webdelmaestrocmf.com\\\/portal\\\/el-cerebro-en-meditacion-como-cambian-nuestras-redes-neuronales-segun-el-tipo-de-atencion\\\/\",\"url\":\"https:\\\/\\\/webdelmaestrocmf.com\\\/portal\\\/el-cerebro-en-meditacion-como-cambian-nuestras-redes-neuronales-segun-el-tipo-de-atencion\\\/\",\"name\":\"El cerebro en meditaci\u00f3n: c\u00f3mo cambian nuestras redes neuronales seg\u00fan el tipo de atenci\u00f3n - 2026\",\"isPartOf\":{\"@id\":\"https:\\\/\\\/webdelmaestrocmf.com\\\/portal\\\/#website\"},\"primaryImageOfPage\":{\"@id\":\"https:\\\/\\\/webdelmaestrocmf.com\\\/portal\\\/el-cerebro-en-meditacion-como-cambian-nuestras-redes-neuronales-segun-el-tipo-de-atencion\\\/#primaryimage\"},\"image\":{\"@id\":\"https:\\\/\\\/webdelmaestrocmf.com\\\/portal\\\/el-cerebro-en-meditacion-como-cambian-nuestras-redes-neuronales-segun-el-tipo-de-atencion\\\/#primaryimage\"},\"thumbnailUrl\":\"https:\\\/\\\/webdelmaestrocmf.com\\\/portal\\\/wp-content\\\/uploads\\\/2025\\\/04\\\/1A-Banner-1-portada-imagen-10-1-47.jpg\",\"datePublished\":\"2025-04-07T16:16:04+00:00\",\"dateModified\":\"2025-04-07T16:26:59+00:00\",\"description\":\"Durante siglos, las pr\u00e1cticas contemplativas como la meditaci\u00f3n fueron vistas como t\u00e9cnicas espirituales o filos\u00f3ficas, dif\u00edciles de medir...\",\"breadcrumb\":{\"@id\":\"https:\\\/\\\/webdelmaestrocmf.com\\\/portal\\\/el-cerebro-en-meditacion-como-cambian-nuestras-redes-neuronales-segun-el-tipo-de-atencion\\\/#breadcrumb\"},\"inLanguage\":\"es\",\"potentialAction\":[{\"@type\":\"ReadAction\",\"target\":[\"https:\\\/\\\/webdelmaestrocmf.com\\\/portal\\\/el-cerebro-en-meditacion-como-cambian-nuestras-redes-neuronales-segun-el-tipo-de-atencion\\\/\"]}]},{\"@type\":\"ImageObject\",\"inLanguage\":\"es\",\"@id\":\"https:\\\/\\\/webdelmaestrocmf.com\\\/portal\\\/el-cerebro-en-meditacion-como-cambian-nuestras-redes-neuronales-segun-el-tipo-de-atencion\\\/#primaryimage\",\"url\":\"https:\\\/\\\/webdelmaestrocmf.com\\\/portal\\\/wp-content\\\/uploads\\\/2025\\\/04\\\/1A-Banner-1-portada-imagen-10-1-47.jpg\",\"contentUrl\":\"https:\\\/\\\/webdelmaestrocmf.com\\\/portal\\\/wp-content\\\/uploads\\\/2025\\\/04\\\/1A-Banner-1-portada-imagen-10-1-47.jpg\",\"width\":1024,\"height\":1024},{\"@type\":\"BreadcrumbList\",\"@id\":\"https:\\\/\\\/webdelmaestrocmf.com\\\/portal\\\/el-cerebro-en-meditacion-como-cambian-nuestras-redes-neuronales-segun-el-tipo-de-atencion\\\/#breadcrumb\",\"itemListElement\":[{\"@type\":\"ListItem\",\"position\":1,\"name\":\"Portada\",\"item\":\"https:\\\/\\\/webdelmaestrocmf.com\\\/portal\\\/\"},{\"@type\":\"ListItem\",\"position\":2,\"name\":\"Recursos\",\"item\":\"https:\\\/\\\/webdelmaestrocmf.com\\\/portal\\\/category\\\/pedagogia\\\/\"},{\"@type\":\"ListItem\",\"position\":3,\"name\":\"El cerebro en meditaci\u00f3n: c\u00f3mo cambian nuestras redes neuronales seg\u00fan el tipo de atenci\u00f3n\"}]},{\"@type\":\"WebSite\",\"@id\":\"https:\\\/\\\/webdelmaestrocmf.com\\\/portal\\\/#website\",\"url\":\"https:\\\/\\\/webdelmaestrocmf.com\\\/portal\\\/\",\"name\":\"Web del Maestro CMF\",\"description\":\"Maestros al servicio de la educaci\u00f3n\",\"publisher\":{\"@id\":\"https:\\\/\\\/webdelmaestrocmf.com\\\/portal\\\/#organization\"},\"alternateName\":\"WMCMF\",\"potentialAction\":[{\"@type\":\"SearchAction\",\"target\":{\"@type\":\"EntryPoint\",\"urlTemplate\":\"https:\\\/\\\/webdelmaestrocmf.com\\\/portal\\\/?s={search_term_string}\"},\"query-input\":{\"@type\":\"PropertyValueSpecification\",\"valueRequired\":true,\"valueName\":\"search_term_string\"}}],\"inLanguage\":\"es\"},{\"@type\":\"Organization\",\"@id\":\"https:\\\/\\\/webdelmaestrocmf.com\\\/portal\\\/#organization\",\"name\":\"Web del Maestro CMF\",\"alternateName\":\"WMCMF\",\"url\":\"https:\\\/\\\/webdelmaestrocmf.com\\\/portal\\\/\",\"logo\":{\"@type\":\"ImageObject\",\"inLanguage\":\"es\",\"@id\":\"https:\\\/\\\/webdelmaestrocmf.com\\\/portal\\\/#\\\/schema\\\/logo\\\/image\\\/\",\"url\":\"https:\\\/\\\/webdelmaestrocmf.com\\\/portal\\\/wp-content\\\/uploads\\\/2023\\\/01\\\/logo-wmcmf-2.png\",\"contentUrl\":\"https:\\\/\\\/webdelmaestrocmf.com\\\/portal\\\/wp-content\\\/uploads\\\/2023\\\/01\\\/logo-wmcmf-2.png\",\"width\":200,\"height\":60,\"caption\":\"Web del Maestro CMF\"},\"image\":{\"@id\":\"https:\\\/\\\/webdelmaestrocmf.com\\\/portal\\\/#\\\/schema\\\/logo\\\/image\\\/\"},\"sameAs\":[\"https:\\\/\\\/www.facebook.com\\\/WebdelMaestroCMF\\\/\",\"https:\\\/\\\/x.com\\\/cmf_w\",\"https:\\\/\\\/www.pinterest.com\\\/WMCMF\\\/\",\"https:\\\/\\\/www.linkedin.com\\\/company\\\/web-del-maestro-cmf\\\/\",\"https:\\\/\\\/www.instagram.com\\\/wmcmf\\\/\",\"https:\\\/\\\/www.youtube.com\\\/channel\\\/UCDPSvjbdodE5sHnC3OxutHw\",\"https:\\\/\\\/mastodon.social\\\/@wmcmf\",\"https:\\\/\\\/www.tiktok.com\\\/@webdelmaestrocmf\"]},{\"@type\":\"Person\",\"@id\":\"https:\\\/\\\/webdelmaestrocmf.com\\\/portal\\\/#\\\/schema\\\/person\\\/1072a2ed7bd960df8ef99a551fa35dc5\",\"name\":\"Web del Maestro CMF\",\"image\":{\"@type\":\"ImageObject\",\"inLanguage\":\"es\",\"@id\":\"https:\\\/\\\/secure.gravatar.com\\\/avatar\\\/23291dd5b5ae1077dcff3dbb04c3e02bd28403fa75af6d8787d5e97c5bbbe30b?s=96&d=mm&r=g\",\"url\":\"https:\\\/\\\/secure.gravatar.com\\\/avatar\\\/23291dd5b5ae1077dcff3dbb04c3e02bd28403fa75af6d8787d5e97c5bbbe30b?s=96&d=mm&r=g\",\"contentUrl\":\"https:\\\/\\\/secure.gravatar.com\\\/avatar\\\/23291dd5b5ae1077dcff3dbb04c3e02bd28403fa75af6d8787d5e97c5bbbe30b?s=96&d=mm&r=g\",\"caption\":\"Web del Maestro CMF\"},\"description\":\"Esta Web se cre\u00f3 sin fines de lucro, con fines educativos, cient\u00edficos y acad\u00e9micos, para personas que tengan dificultades y\\\/o inconvenientes en visualizar el material original. El objetivo es entregar recursos, compartir experiencias y materiales que ayuden a los padres de familia, maestros y estudiantes en su actualizaci\u00f3n y formaci\u00f3n permanente, en bien de la Educaci\u00f3n.\",\"sameAs\":[\"http:\\\/\\\/webdelmaestrocmf.com\\\/portal\",\"https:\\\/\\\/www.facebook.com\\\/WebdelMaestroCMF\\\/\",\"https:\\\/\\\/www.instagram.com\\\/wmcmf\\\/\",\"https:\\\/\\\/cl.linkedin.com\\\/company\\\/web-del-maestro-cmf\",\"https:\\\/\\\/www.pinterest.com\\\/WMCMF\\\/publicaciones\\\/\",\"https:\\\/\\\/x.com\\\/cmf_w\",\"https:\\\/\\\/www.youtube.com\\\/@WMCMF\"]}]}<\/script>\n<!-- \/ Yoast SEO plugin. -->","yoast_head_json":{"title":"El cerebro en meditaci\u00f3n: c\u00f3mo cambian nuestras redes neuronales seg\u00fan el tipo de atenci\u00f3n - 2026","description":"Durante siglos, las pr\u00e1cticas contemplativas como la meditaci\u00f3n fueron vistas como t\u00e9cnicas espirituales o filos\u00f3ficas, dif\u00edciles de medir...","robots":{"index":"index","follow":"follow","max-snippet":"max-snippet:-1","max-image-preview":"max-image-preview:large","max-video-preview":"max-video-preview:-1"},"canonical":"https:\/\/webdelmaestrocmf.com\/portal\/el-cerebro-en-meditacion-como-cambian-nuestras-redes-neuronales-segun-el-tipo-de-atencion\/","og_locale":"es_ES","og_type":"article","og_title":"El cerebro en meditaci\u00f3n: c\u00f3mo cambian nuestras redes neuronales seg\u00fan el tipo de atenci\u00f3n - 2026","og_description":"Durante siglos, las pr\u00e1cticas contemplativas como la meditaci\u00f3n fueron vistas como t\u00e9cnicas espirituales o filos\u00f3ficas, dif\u00edciles de medir...","og_url":"https:\/\/webdelmaestrocmf.com\/portal\/el-cerebro-en-meditacion-como-cambian-nuestras-redes-neuronales-segun-el-tipo-de-atencion\/","og_site_name":"Web del Maestro CMF","article_publisher":"https:\/\/www.facebook.com\/WebdelMaestroCMF\/","article_author":"https:\/\/www.facebook.com\/WebdelMaestroCMF\/","article_published_time":"2025-04-07T16:16:04+00:00","article_modified_time":"2025-04-07T16:26:59+00:00","og_image":[{"width":1024,"height":1024,"url":"https:\/\/webdelmaestrocmf.com\/portal\/wp-content\/uploads\/2025\/04\/1A-Banner-1-portada-imagen-10-1-47.jpg","type":"image\/jpeg"}],"author":"Web del Maestro CMF","twitter_card":"summary_large_image","twitter_creator":"@cmf_w","twitter_site":"@cmf_w","schema":{"@context":"https:\/\/schema.org","@graph":[{"@type":"ScholarlyArticle","@id":"https:\/\/webdelmaestrocmf.com\/portal\/el-cerebro-en-meditacion-como-cambian-nuestras-redes-neuronales-segun-el-tipo-de-atencion\/#article","isPartOf":{"@id":"https:\/\/webdelmaestrocmf.com\/portal\/el-cerebro-en-meditacion-como-cambian-nuestras-redes-neuronales-segun-el-tipo-de-atencion\/"},"author":{"name":"Web del Maestro CMF","@id":"https:\/\/webdelmaestrocmf.com\/portal\/#\/schema\/person\/1072a2ed7bd960df8ef99a551fa35dc5"},"headline":"El cerebro en meditaci\u00f3n: c\u00f3mo cambian nuestras redes neuronales seg\u00fan el tipo de atenci\u00f3n","datePublished":"2025-04-07T16:16:04+00:00","dateModified":"2025-04-07T16:26:59+00:00","mainEntityOfPage":{"@id":"https:\/\/webdelmaestrocmf.com\/portal\/el-cerebro-en-meditacion-como-cambian-nuestras-redes-neuronales-segun-el-tipo-de-atencion\/"},"wordCount":1051,"commentCount":0,"publisher":{"@id":"https:\/\/webdelmaestrocmf.com\/portal\/#organization"},"image":{"@id":"https:\/\/webdelmaestrocmf.com\/portal\/el-cerebro-en-meditacion-como-cambian-nuestras-redes-neuronales-segun-el-tipo-de-atencion\/#primaryimage"},"thumbnailUrl":"https:\/\/webdelmaestrocmf.com\/portal\/wp-content\/uploads\/2025\/04\/1A-Banner-1-portada-imagen-10-1-47.jpg","keywords":["Cerebro","Meditaci\u00f3n"],"articleSection":["Atenci\u00f3n","Recursos"],"inLanguage":"es","potentialAction":[{"@type":"CommentAction","name":"Comment","target":["https:\/\/webdelmaestrocmf.com\/portal\/el-cerebro-en-meditacion-como-cambian-nuestras-redes-neuronales-segun-el-tipo-de-atencion\/#respond"]}]},{"@type":"WebPage","@id":"https:\/\/webdelmaestrocmf.com\/portal\/el-cerebro-en-meditacion-como-cambian-nuestras-redes-neuronales-segun-el-tipo-de-atencion\/","url":"https:\/\/webdelmaestrocmf.com\/portal\/el-cerebro-en-meditacion-como-cambian-nuestras-redes-neuronales-segun-el-tipo-de-atencion\/","name":"El cerebro en meditaci\u00f3n: c\u00f3mo cambian nuestras redes neuronales seg\u00fan el tipo de atenci\u00f3n - 2026","isPartOf":{"@id":"https:\/\/webdelmaestrocmf.com\/portal\/#website"},"primaryImageOfPage":{"@id":"https:\/\/webdelmaestrocmf.com\/portal\/el-cerebro-en-meditacion-como-cambian-nuestras-redes-neuronales-segun-el-tipo-de-atencion\/#primaryimage"},"image":{"@id":"https:\/\/webdelmaestrocmf.com\/portal\/el-cerebro-en-meditacion-como-cambian-nuestras-redes-neuronales-segun-el-tipo-de-atencion\/#primaryimage"},"thumbnailUrl":"https:\/\/webdelmaestrocmf.com\/portal\/wp-content\/uploads\/2025\/04\/1A-Banner-1-portada-imagen-10-1-47.jpg","datePublished":"2025-04-07T16:16:04+00:00","dateModified":"2025-04-07T16:26:59+00:00","description":"Durante siglos, las pr\u00e1cticas contemplativas como la meditaci\u00f3n fueron vistas como t\u00e9cnicas espirituales o filos\u00f3ficas, dif\u00edciles de medir...","breadcrumb":{"@id":"https:\/\/webdelmaestrocmf.com\/portal\/el-cerebro-en-meditacion-como-cambian-nuestras-redes-neuronales-segun-el-tipo-de-atencion\/#breadcrumb"},"inLanguage":"es","potentialAction":[{"@type":"ReadAction","target":["https:\/\/webdelmaestrocmf.com\/portal\/el-cerebro-en-meditacion-como-cambian-nuestras-redes-neuronales-segun-el-tipo-de-atencion\/"]}]},{"@type":"ImageObject","inLanguage":"es","@id":"https:\/\/webdelmaestrocmf.com\/portal\/el-cerebro-en-meditacion-como-cambian-nuestras-redes-neuronales-segun-el-tipo-de-atencion\/#primaryimage","url":"https:\/\/webdelmaestrocmf.com\/portal\/wp-content\/uploads\/2025\/04\/1A-Banner-1-portada-imagen-10-1-47.jpg","contentUrl":"https:\/\/webdelmaestrocmf.com\/portal\/wp-content\/uploads\/2025\/04\/1A-Banner-1-portada-imagen-10-1-47.jpg","width":1024,"height":1024},{"@type":"BreadcrumbList","@id":"https:\/\/webdelmaestrocmf.com\/portal\/el-cerebro-en-meditacion-como-cambian-nuestras-redes-neuronales-segun-el-tipo-de-atencion\/#breadcrumb","itemListElement":[{"@type":"ListItem","position":1,"name":"Portada","item":"https:\/\/webdelmaestrocmf.com\/portal\/"},{"@type":"ListItem","position":2,"name":"Recursos","item":"https:\/\/webdelmaestrocmf.com\/portal\/category\/pedagogia\/"},{"@type":"ListItem","position":3,"name":"El cerebro en meditaci\u00f3n: c\u00f3mo cambian nuestras redes neuronales seg\u00fan el tipo de atenci\u00f3n"}]},{"@type":"WebSite","@id":"https:\/\/webdelmaestrocmf.com\/portal\/#website","url":"https:\/\/webdelmaestrocmf.com\/portal\/","name":"Web del Maestro CMF","description":"Maestros al servicio de la educaci\u00f3n","publisher":{"@id":"https:\/\/webdelmaestrocmf.com\/portal\/#organization"},"alternateName":"WMCMF","potentialAction":[{"@type":"SearchAction","target":{"@type":"EntryPoint","urlTemplate":"https:\/\/webdelmaestrocmf.com\/portal\/?s={search_term_string}"},"query-input":{"@type":"PropertyValueSpecification","valueRequired":true,"valueName":"search_term_string"}}],"inLanguage":"es"},{"@type":"Organization","@id":"https:\/\/webdelmaestrocmf.com\/portal\/#organization","name":"Web del Maestro CMF","alternateName":"WMCMF","url":"https:\/\/webdelmaestrocmf.com\/portal\/","logo":{"@type":"ImageObject","inLanguage":"es","@id":"https:\/\/webdelmaestrocmf.com\/portal\/#\/schema\/logo\/image\/","url":"https:\/\/webdelmaestrocmf.com\/portal\/wp-content\/uploads\/2023\/01\/logo-wmcmf-2.png","contentUrl":"https:\/\/webdelmaestrocmf.com\/portal\/wp-content\/uploads\/2023\/01\/logo-wmcmf-2.png","width":200,"height":60,"caption":"Web del Maestro CMF"},"image":{"@id":"https:\/\/webdelmaestrocmf.com\/portal\/#\/schema\/logo\/image\/"},"sameAs":["https:\/\/www.facebook.com\/WebdelMaestroCMF\/","https:\/\/x.com\/cmf_w","https:\/\/www.pinterest.com\/WMCMF\/","https:\/\/www.linkedin.com\/company\/web-del-maestro-cmf\/","https:\/\/www.instagram.com\/wmcmf\/","https:\/\/www.youtube.com\/channel\/UCDPSvjbdodE5sHnC3OxutHw","https:\/\/mastodon.social\/@wmcmf","https:\/\/www.tiktok.com\/@webdelmaestrocmf"]},{"@type":"Person","@id":"https:\/\/webdelmaestrocmf.com\/portal\/#\/schema\/person\/1072a2ed7bd960df8ef99a551fa35dc5","name":"Web del Maestro CMF","image":{"@type":"ImageObject","inLanguage":"es","@id":"https:\/\/secure.gravatar.com\/avatar\/23291dd5b5ae1077dcff3dbb04c3e02bd28403fa75af6d8787d5e97c5bbbe30b?s=96&d=mm&r=g","url":"https:\/\/secure.gravatar.com\/avatar\/23291dd5b5ae1077dcff3dbb04c3e02bd28403fa75af6d8787d5e97c5bbbe30b?s=96&d=mm&r=g","contentUrl":"https:\/\/secure.gravatar.com\/avatar\/23291dd5b5ae1077dcff3dbb04c3e02bd28403fa75af6d8787d5e97c5bbbe30b?s=96&d=mm&r=g","caption":"Web del Maestro CMF"},"description":"Esta Web se cre\u00f3 sin fines de lucro, con fines educativos, cient\u00edficos y acad\u00e9micos, para personas que tengan dificultades y\/o inconvenientes en visualizar el material original. El objetivo es entregar recursos, compartir experiencias y materiales que ayuden a los padres de familia, maestros y estudiantes en su actualizaci\u00f3n y formaci\u00f3n permanente, en bien de la Educaci\u00f3n.","sameAs":["http:\/\/webdelmaestrocmf.com\/portal","https:\/\/www.facebook.com\/WebdelMaestroCMF\/","https:\/\/www.instagram.com\/wmcmf\/","https:\/\/cl.linkedin.com\/company\/web-del-maestro-cmf","https:\/\/www.pinterest.com\/WMCMF\/publicaciones\/","https:\/\/x.com\/cmf_w","https:\/\/www.youtube.com\/@WMCMF"]}]}},"jetpack_featured_media_url":"https:\/\/webdelmaestrocmf.com\/portal\/wp-content\/uploads\/2025\/04\/1A-Banner-1-portada-imagen-10-1-47.jpg","jetpack_sharing_enabled":true,"jetpack-related-posts":[{"id":72604,"url":"https:\/\/webdelmaestrocmf.com\/portal\/nuestro-cerebro-tiene-ochenta-y-seis-mil-millones-de-neuronas-la-neurociencia-estudia-el-comportamiento-lo-que-hacen-conjuntos-de-millones-de-neuronas\/","url_meta":{"origin":108700,"position":0},"title":"Nuestro cerebro tiene ochenta y seis mil millones de neuronas. La neurociencia estudia el comportamiento, lo que hacen conjuntos de millones de neuronas","author":"Web del Maestro CMF","date":"2 enero, 2022","format":"video","excerpt":"La doctora Nazareth Castellanos se gradu\u00f3 en F\u00edsica te\u00f3rica y en Neurociencia por la Universidad Aut\u00f3noma de Madrid (Espa\u00f1a), y se ha especializado en los estudios sobre la relaci\u00f3n cerebro-cuerpo, los mecanismos neuronales implicados en la atenci\u00f3n, la regulaci\u00f3n emocional y la pr\u00e1ctica de la meditaci\u00f3n. Desde hace varios a\u00f1os\u2026","rel":"","context":"En \u00abCharlas\u00bb","block_context":{"text":"Charlas","link":"https:\/\/webdelmaestrocmf.com\/portal\/category\/charlas\/"},"img":{"alt_text":"","src":"https:\/\/i0.wp.com\/webdelmaestrocmf.com\/portal\/wp-content\/uploads\/2022\/01\/1-52.jpg?resize=350%2C200&ssl=1","width":350,"height":200,"srcset":"https:\/\/i0.wp.com\/webdelmaestrocmf.com\/portal\/wp-content\/uploads\/2022\/01\/1-52.jpg?resize=350%2C200&ssl=1 1x, https:\/\/i0.wp.com\/webdelmaestrocmf.com\/portal\/wp-content\/uploads\/2022\/01\/1-52.jpg?resize=525%2C300&ssl=1 1.5x, https:\/\/i0.wp.com\/webdelmaestrocmf.com\/portal\/wp-content\/uploads\/2022\/01\/1-52.jpg?resize=700%2C400&ssl=1 2x, https:\/\/i0.wp.com\/webdelmaestrocmf.com\/portal\/wp-content\/uploads\/2022\/01\/1-52.jpg?resize=1050%2C600&ssl=1 3x"},"classes":[]},{"id":33710,"url":"https:\/\/webdelmaestrocmf.com\/portal\/la-vida-emocional-de-los-ninos-afecta-la-habilidad-para-aprender\/","url_meta":{"origin":108700,"position":1},"title":"Daniel Goleman: La vida emocional de los ni\u00f1os afecta la habilidad para aprender","author":"Web del Maestro CMF","date":"10 mayo, 2019","format":false,"excerpt":"El mindfulness se ha convertido, para algunos, en el \u00abremedio para todo\u00bb desde la salud f\u00edsica y espiritual, como el objetivo en la vida, pasando inevitablemente por la educaci\u00f3n, en la cual ha suscitado \u201chip\u00f3tesis acerca de su utilidad o beneficio tanto para aprender y memorizar mejor, como para ense\u00f1ar\u2026","rel":"","context":"En \u00abEntrevistas\u00bb","block_context":{"text":"Entrevistas","link":"https:\/\/webdelmaestrocmf.com\/portal\/category\/noticias\/entrevistas\/"},"img":{"alt_text":"","src":"https:\/\/i0.wp.com\/webdelmaestrocmf.com\/portal\/wp-content\/uploads\/2018\/12\/2-13.jpg?resize=350%2C200&ssl=1","width":350,"height":200,"srcset":"https:\/\/i0.wp.com\/webdelmaestrocmf.com\/portal\/wp-content\/uploads\/2018\/12\/2-13.jpg?resize=350%2C200&ssl=1 1x, https:\/\/i0.wp.com\/webdelmaestrocmf.com\/portal\/wp-content\/uploads\/2018\/12\/2-13.jpg?resize=525%2C300&ssl=1 1.5x, https:\/\/i0.wp.com\/webdelmaestrocmf.com\/portal\/wp-content\/uploads\/2018\/12\/2-13.jpg?resize=700%2C400&ssl=1 2x, https:\/\/i0.wp.com\/webdelmaestrocmf.com\/portal\/wp-content\/uploads\/2018\/12\/2-13.jpg?resize=1050%2C600&ssl=1 3x"},"classes":[]},{"id":62927,"url":"https:\/\/webdelmaestrocmf.com\/portal\/alexander-ortiz-como-vivir-una-vida-plena\/","url_meta":{"origin":108700,"position":2},"title":"[Alexander Ortiz] C\u00f3mo vivir una vida plena","author":"Web del Maestro CMF","date":"13 mayo, 2021","format":false,"excerpt":"\u00bfTe gustar\u00eda vivir una vida plena, sin dolor ni sufrimiento? L\u00e9eme. Para vivir una vida plena, sin dolor ni sufrimiento es necesario detener tu mente revoltosa. A esto llegar\u00e1s si te entrenas. Si no entrenas te puedes enga\u00f1ar. Mientras m\u00e1s entrenas a prestar atenci\u00f3n a los pensamientos y a cuestionarlos,\u2026","rel":"","context":"En \u00abZ-Colaboradores\u00bb","block_context":{"text":"Z-Colaboradores","link":"https:\/\/webdelmaestrocmf.com\/portal\/category\/colaborador\/"},"img":{"alt_text":"","src":"https:\/\/i0.wp.com\/webdelmaestrocmf.com\/portal\/wp-content\/uploads\/2021\/05\/1-copia-17.jpg?resize=350%2C200&ssl=1","width":350,"height":200,"srcset":"https:\/\/i0.wp.com\/webdelmaestrocmf.com\/portal\/wp-content\/uploads\/2021\/05\/1-copia-17.jpg?resize=350%2C200&ssl=1 1x, https:\/\/i0.wp.com\/webdelmaestrocmf.com\/portal\/wp-content\/uploads\/2021\/05\/1-copia-17.jpg?resize=525%2C300&ssl=1 1.5x, https:\/\/i0.wp.com\/webdelmaestrocmf.com\/portal\/wp-content\/uploads\/2021\/05\/1-copia-17.jpg?resize=700%2C400&ssl=1 2x, https:\/\/i0.wp.com\/webdelmaestrocmf.com\/portal\/wp-content\/uploads\/2021\/05\/1-copia-17.jpg?resize=1050%2C600&ssl=1 3x"},"classes":[]},{"id":110945,"url":"https:\/\/webdelmaestrocmf.com\/portal\/mario-alonso-puig-por-que-y-para-que-sirve-la-meditacion\/","url_meta":{"origin":108700,"position":3},"title":"Mario Alonso Puig: \u00bfPor qu\u00e9 y para qu\u00e9 sirve la meditaci\u00f3n?","author":"Web del Maestro CMF","date":"6 julio, 2025","format":"video","excerpt":"Un viaje al silencio que transforma la mente, el cuerpo y el coraz\u00f3n","rel":"","context":"En \u00abCharlas\u00bb","block_context":{"text":"Charlas","link":"https:\/\/webdelmaestrocmf.com\/portal\/category\/charlas\/"},"img":{"alt_text":"","src":"https:\/\/i0.wp.com\/webdelmaestrocmf.com\/portal\/wp-content\/uploads\/2025\/07\/1A-Banner-1-portada-imagen-10-1-copia-31.webp?resize=350%2C200&ssl=1","width":350,"height":200,"srcset":"https:\/\/i0.wp.com\/webdelmaestrocmf.com\/portal\/wp-content\/uploads\/2025\/07\/1A-Banner-1-portada-imagen-10-1-copia-31.webp?resize=350%2C200&ssl=1 1x, https:\/\/i0.wp.com\/webdelmaestrocmf.com\/portal\/wp-content\/uploads\/2025\/07\/1A-Banner-1-portada-imagen-10-1-copia-31.webp?resize=525%2C300&ssl=1 1.5x, https:\/\/i0.wp.com\/webdelmaestrocmf.com\/portal\/wp-content\/uploads\/2025\/07\/1A-Banner-1-portada-imagen-10-1-copia-31.webp?resize=700%2C400&ssl=1 2x"},"classes":[]},{"id":62279,"url":"https:\/\/webdelmaestrocmf.com\/portal\/atencion-maestros-y-alumnos-usan-zoom-google-meet-o-teams-no-se-imaginan-lo-que-le-hace-las-videoconferencias-las-clases-online-y-las-reuniones-virtuales-a-sus-cerebros\/","url_meta":{"origin":108700,"position":4},"title":"Atenci\u00f3n maestros y alumnos: \u00bfUsan Zoom, Google Meet o Teams? No se imaginan lo que le hace las videoconferencias, las clases online y las reuniones virtuales a sus cerebros","author":"Web del Maestro CMF","date":"26 abril, 2021","format":false,"excerpt":"De video llamada en video llamada y tiro porque me toca. Acabar una y empezar otra. Desde que la pandemia irrumpiera en nuestras vidas, muchos profesionales se encuentran, casi a diario, con una concatenaci\u00f3n de reuniones virtuales que se acaban prolongando durante horas. Incluso los hay que se tienen que\u00a0bloquear\u2026","rel":"","context":"En \u00abSoftware\u00bb","block_context":{"text":"Software","link":"https:\/\/webdelmaestrocmf.com\/portal\/category\/tecnologia\/software\/"},"img":{"alt_text":"","src":"https:\/\/i0.wp.com\/webdelmaestrocmf.com\/portal\/wp-content\/uploads\/2021\/04\/1-44-1.jpg?resize=350%2C200&ssl=1","width":350,"height":200,"srcset":"https:\/\/i0.wp.com\/webdelmaestrocmf.com\/portal\/wp-content\/uploads\/2021\/04\/1-44-1.jpg?resize=350%2C200&ssl=1 1x, https:\/\/i0.wp.com\/webdelmaestrocmf.com\/portal\/wp-content\/uploads\/2021\/04\/1-44-1.jpg?resize=525%2C300&ssl=1 1.5x, https:\/\/i0.wp.com\/webdelmaestrocmf.com\/portal\/wp-content\/uploads\/2021\/04\/1-44-1.jpg?resize=700%2C400&ssl=1 2x, https:\/\/i0.wp.com\/webdelmaestrocmf.com\/portal\/wp-content\/uploads\/2021\/04\/1-44-1.jpg?resize=1050%2C600&ssl=1 3x"},"classes":[]},{"id":71444,"url":"https:\/\/webdelmaestrocmf.com\/portal\/normalmente-vivimos-aturdidos-por-tantos-mensajes-palabras-sonidos-imagenes-y-necesitamos-un-tiempo-de-digestion\/","url_meta":{"origin":108700,"position":5},"title":"Normalmente vivimos aturdidos por tantos mensajes, palabras, sonidos, im\u00e1genes\u2026 Y necesitamos un tiempo de digesti\u00f3n","author":"Web del Maestro CMF","date":"5 febrero, 2022","format":"video","excerpt":"Pablo d\u00b4Ors (Madrid, 1963) es escritor, sacerdote y fundador de la red de meditadores \u201cAmigos del desierto\u201d. Estudi\u00f3 Filosof\u00eda y Teolog\u00eda en Roma, Praga y Viena.\u00a0 y en 1991 Ha compaginado su trabajo pastoral con su labor docente y con una prol\u00edfica carrera como escritor. Es autor de once t\u00edtulos:\u2026","rel":"","context":"En \u00abCharlas\u00bb","block_context":{"text":"Charlas","link":"https:\/\/webdelmaestrocmf.com\/portal\/category\/charlas\/"},"img":{"alt_text":"","src":"https:\/\/i0.wp.com\/webdelmaestrocmf.com\/portal\/wp-content\/uploads\/2021\/11\/1-50.jpg?resize=350%2C200&ssl=1","width":350,"height":200,"srcset":"https:\/\/i0.wp.com\/webdelmaestrocmf.com\/portal\/wp-content\/uploads\/2021\/11\/1-50.jpg?resize=350%2C200&ssl=1 1x, https:\/\/i0.wp.com\/webdelmaestrocmf.com\/portal\/wp-content\/uploads\/2021\/11\/1-50.jpg?resize=525%2C300&ssl=1 1.5x, https:\/\/i0.wp.com\/webdelmaestrocmf.com\/portal\/wp-content\/uploads\/2021\/11\/1-50.jpg?resize=700%2C400&ssl=1 2x, https:\/\/i0.wp.com\/webdelmaestrocmf.com\/portal\/wp-content\/uploads\/2021\/11\/1-50.jpg?resize=1050%2C600&ssl=1 3x"},"classes":[]}],"_links":{"self":[{"href":"https:\/\/webdelmaestrocmf.com\/portal\/wp-json\/wp\/v2\/posts\/108700","targetHints":{"allow":["GET"]}}],"collection":[{"href":"https:\/\/webdelmaestrocmf.com\/portal\/wp-json\/wp\/v2\/posts"}],"about":[{"href":"https:\/\/webdelmaestrocmf.com\/portal\/wp-json\/wp\/v2\/types\/post"}],"author":[{"embeddable":true,"href":"https:\/\/webdelmaestrocmf.com\/portal\/wp-json\/wp\/v2\/users\/1"}],"replies":[{"embeddable":true,"href":"https:\/\/webdelmaestrocmf.com\/portal\/wp-json\/wp\/v2\/comments?post=108700"}],"version-history":[{"count":2,"href":"https:\/\/webdelmaestrocmf.com\/portal\/wp-json\/wp\/v2\/posts\/108700\/revisions"}],"predecessor-version":[{"id":108705,"href":"https:\/\/webdelmaestrocmf.com\/portal\/wp-json\/wp\/v2\/posts\/108700\/revisions\/108705"}],"wp:featuredmedia":[{"embeddable":true,"href":"https:\/\/webdelmaestrocmf.com\/portal\/wp-json\/wp\/v2\/media\/108702"}],"wp:attachment":[{"href":"https:\/\/webdelmaestrocmf.com\/portal\/wp-json\/wp\/v2\/media?parent=108700"}],"wp:term":[{"taxonomy":"category","embeddable":true,"href":"https:\/\/webdelmaestrocmf.com\/portal\/wp-json\/wp\/v2\/categories?post=108700"},{"taxonomy":"post_tag","embeddable":true,"href":"https:\/\/webdelmaestrocmf.com\/portal\/wp-json\/wp\/v2\/tags?post=108700"}],"curies":[{"name":"wp","href":"https:\/\/api.w.org\/{rel}","templated":true}]}}