{"id":108692,"date":"2025-04-06T23:20:50","date_gmt":"2025-04-07T03:20:50","guid":{"rendered":"https:\/\/webdelmaestrocmf.com\/portal\/?p=108692"},"modified":"2025-06-17T12:37:37","modified_gmt":"2025-06-17T16:37:37","slug":"lo-que-revelo-la-serie-adolescencia-los-10-emojis-que-ya-no-significan-lo-que-creias","status":"publish","type":"post","link":"https:\/\/webdelmaestrocmf.com\/portal\/lo-que-revelo-la-serie-adolescencia-los-10-emojis-que-ya-no-significan-lo-que-creias\/","title":{"rendered":"Lo que revel\u00f3 la serie \u00abAdolescencia\u00bb: los 10 emojis que ya no significan lo que cre\u00edas"},"content":{"rendered":"<p class=\"\" style=\"text-align: justify;\" data-start=\"238\" data-end=\"531\">La serie <strong data-start=\"247\" data-end=\"265\">\u201cAdolescencia\u201d<\/strong> abri\u00f3 una conversaci\u00f3n clave sobre algo que muchos adultos a\u00fan no logran entender: el verdadero significado de los emojis en las redes sociales, especialmente entre los j\u00f3venes nacidos entre <strong data-start=\"457\" data-end=\"472\">1997 y 2012<\/strong>, tambi\u00e9n conocidos como <strong data-start=\"497\" data-end=\"513\">Generaci\u00f3n Z<\/strong> o <em data-start=\"516\" data-end=\"529\">centennials<\/em>.<!--more--><\/p>\n<p class=\"\" style=\"text-align: justify;\" data-start=\"533\" data-end=\"729\">Hoy, los emojis ya no se usan como antes. Lo que para un adulto puede ser una simple carita feliz o una l\u00e1grima, para los adolescentes puede implicar sarcasmo, iron\u00eda, incomodidad o incluso burla.<\/p>\n<h3 style=\"text-align: left;\" data-start=\"731\" data-end=\"768\"><strong>\u00bfPor qu\u00e9 es importante entender esto?<\/strong><\/h3>\n<p class=\"\" style=\"text-align: justify;\" data-start=\"770\" data-end=\"1177\">Los emojis se han convertido en un nuevo lenguaje emocional y social, que les permite a los j\u00f3venes expresarse, agruparse y diferenciarse de los adultos. Como explica el acad\u00e9mico <strong data-start=\"950\" data-end=\"974\">Guillermo Bustamante<\/strong>, \u201cestos \u00edconos generan identidad, sentido de pertenencia y libertad\u201d. Por eso, comprenderlos puede ser clave tanto en la familia como en la escuela para mejorar la comunicaci\u00f3n y prevenir malentendidos.<\/p>\n<p><iframe loading=\"lazy\" title=\"YouTube video player\" src=\"https:\/\/www.youtube.com\/embed\/j6hklLo_y9c?si=9WPnptzeVEz88DqA\" width=\"100%\" height=\"315\" frameborder=\"0\" allowfullscreen=\"allowfullscreen\"><span data-mce-type=\"bookmark\" style=\"display: inline-block; width: 0px; overflow: hidden; line-height: 0;\" class=\"mce_SELRES_start\">\ufeff<\/span><\/iframe><\/p>\n<p class=\"\" style=\"text-align: justify;\" data-start=\"1179\" data-end=\"1298\">Aqu\u00ed te dejamos una gu\u00eda para entender 10 de los emojis m\u00e1s usados hoy por los Gen Z\u2026 y lo que realmente quieren decir:<\/p>\n<ol style=\"text-align: justify;\" data-start=\"1300\" data-end=\"3308\">\n<li class=\"\" data-start=\"1300\" data-end=\"1547\">\n<p class=\"\" data-start=\"1303\" data-end=\"1547\"><strong data-start=\"1303\" data-end=\"1318\">\ud83d\udc80 Calavera<\/strong><br data-start=\"1318\" data-end=\"1321\" \/>Ya no representa peligro ni muerte. Hoy significa: \u201cme mor\u00ed de la risa\u201d. Se usa cuando algo fue tan gracioso que no hay emoji cl\u00e1sico que lo exprese mejor. Tambi\u00e9n sirve para reaccionar ante humor negro o situaciones ir\u00f3nicas.<\/p>\n<\/li>\n<li class=\"\" data-start=\"1549\" data-end=\"1725\">\n<p class=\"\" data-start=\"1552\" data-end=\"1725\"><strong data-start=\"1552\" data-end=\"1572\">\ud83d\udc4d Pulgar arriba<\/strong><br data-start=\"1572\" data-end=\"1575\" \/>Para los adultos es aprobaci\u00f3n. Para los Gen Z, puede ser pasivo-agresivo, como un \u201cok\u201d fr\u00edo y cortante. Se usa para responder con desgano o sarcasmo.<\/p>\n<\/li>\n<li class=\"\" data-start=\"1727\" data-end=\"1962\">\n<p class=\"\" data-start=\"1730\" data-end=\"1962\"><strong data-start=\"1730\" data-end=\"1772\">\ud83d\udc49\ud83d\udc48 Dos dedos apuntando hacia adentro<\/strong><br data-start=\"1772\" data-end=\"1775\" \/>No tiene un significado oficial, pero los j\u00f3venes lo usan para expresar timidez fingida, inseguridad o coqueteo inocente. Tambi\u00e9n puede denotar arrepentimiento: \u201cperd\u00f3n por llegar tarde\u201d.<\/p>\n<\/li>\n<li class=\"\" data-start=\"1964\" data-end=\"2173\">\n<p class=\"\" data-start=\"1967\" data-end=\"2173\"><strong data-start=\"1967\" data-end=\"2002\">\ud83e\uddcd Hombre (o mujer) parado solo<\/strong><br data-start=\"2002\" data-end=\"2005\" \/>Se utiliza para reaccionar ante situaciones inc\u00f3modas o desafortunadas. Ejemplos: \u201cse me pas\u00f3 la micro\u201d o \u201cse me llovi\u00f3 la casa\u201d. Refleja el t\u00edpico humor ir\u00f3nico Gen Z.<\/p>\n<\/li>\n<li class=\"\" data-start=\"2175\" data-end=\"2343\">\n<p class=\"\" data-start=\"2178\" data-end=\"2343\"><strong data-start=\"2178\" data-end=\"2198\">\ud83d\ude2d Cara llorando<\/strong><br data-start=\"2198\" data-end=\"2201\" \/>No significa tristeza. Es iron\u00eda pura. Sirve para decir \u201cme estoy riendo demasiado\u201d o para pedir algo con exageraci\u00f3n: \u201cYa po, porfis \ud83d\ude2d\ud83d\ude2d\ud83d\ude2d\u201d.<\/p>\n<\/li>\n<li class=\"\" data-start=\"2345\" data-end=\"2514\">\n<p class=\"\" data-start=\"2348\" data-end=\"2514\"><strong data-start=\"2348\" data-end=\"2369\">\ud83e\udd27 Cara son\u00e1ndose<\/strong><br data-start=\"2369\" data-end=\"2372\" \/>No representa resfriado. Se usa cuando una publicaci\u00f3n genera ternura o emoci\u00f3n extrema. Literalmente: \u201cme limpio las l\u00e1grimas de la emoci\u00f3n\u201d.<\/p>\n<\/li>\n<li class=\"\" data-start=\"2516\" data-end=\"2712\">\n<p class=\"\" data-start=\"2519\" data-end=\"2712\"><strong data-start=\"2519\" data-end=\"2538\">\ud83d\udea9 Bandera roja<\/strong><br data-start=\"2538\" data-end=\"2541\" \/>Antes significaba peligro. Hoy es una forma de alertar sobre personas o situaciones problem\u00e1ticas. Tambi\u00e9n se ocupa para mostrar que algo \u201cno es tan inocente como parece\u201d.<\/p>\n<\/li>\n<li class=\"\" data-start=\"2714\" data-end=\"2890\">\n<p class=\"\" data-start=\"2717\" data-end=\"2890\"><strong data-start=\"2717\" data-end=\"2740\">\ud83d\udc41\ud83d\udc44\ud83d\udc41 Ojo-boca-ojo<\/strong><br data-start=\"2740\" data-end=\"2743\" \/>Representa sorpresa, incomodidad o confusi\u00f3n. Se usa cuando algo es tan raro o inesperado que no hay palabras. Es el nuevo \u201cme qued\u00e9 sin reacci\u00f3n\u201d.<\/p>\n<\/li>\n<li class=\"\" data-start=\"2892\" data-end=\"3087\">\n<p class=\"\" data-start=\"2895\" data-end=\"3087\"><strong data-start=\"2895\" data-end=\"2916\">\ud83e\udee0 Cara derretida<\/strong><br data-start=\"2916\" data-end=\"2919\" \/>Expresa verg\u00fcenza, incomodidad extrema o cansancio emocional. Tambi\u00e9n es una forma de decir \u201cqu\u00e9 cringe\u201d o \u201ctierra, tr\u00e1game\u201d. Ejemplo: \u201ctengo que trabajar el lunes \ud83e\udee0\u201d.<\/p>\n<\/li>\n<li class=\"\" data-start=\"3089\" data-end=\"3308\">\n<p class=\"\" data-start=\"3093\" data-end=\"3308\"><strong data-start=\"3093\" data-end=\"3119\">\u2764\ufe0f\ud83e\udde1\ud83d\udc9b\ud83d\udc9a\ud83d\udc99\ud83d\udc9c Corazones<\/strong><br data-start=\"3119\" data-end=\"3122\" \/>Cada color tiene su propio c\u00f3digo. El rojo significa \u201camor\u201d, el amarillo \u201cme interesas\u201d, y el rosado \u201cme gustas, pero no para algo sexual\u201d. Todo tiene un significado. Absolutamente todo.<\/p>\n<\/li>\n<\/ol>\n<h3 style=\"text-align: left;\" data-start=\"3310\" data-end=\"3340\"><strong>\u00bfQu\u00e9 podemos aprender de esto?<\/strong><\/h3>\n<p class=\"\" style=\"text-align: justify;\" data-start=\"3342\" data-end=\"3689\">Este lenguaje emoji, \u00e1gil, emocional y muchas veces cr\u00edptico, revela c\u00f3mo los j\u00f3venes se apropian del mundo digital para expresarse, marcar identidad y construir comunidad. Como adultos, no se trata de usar todos los emojis de moda, sino de aprender a reconocer sus claves para acompa\u00f1ar, entender y comunicarnos mejor con las nuevas generaciones.<\/p>\n<p class=\"\" style=\"text-align: justify;\" data-start=\"3691\" data-end=\"3804\">\u00bfY t\u00fa, cu\u00e1ntos de estos significados conoc\u00edas? \u00a1Comp\u00e1rtelo con alguien que necesite una gu\u00eda urgente de emojis!<\/p>\n<p style=\"text-align: right;\" data-start=\"3691\" data-end=\"3804\"><strong>REDACCU\u00d3N WEB DEL MAESTRO CMF\u00a0<\/strong><\/p>\n<p data-start=\"3691\" data-end=\"3804\">\t\t<div class=\"pk-inline-posts\">\n\t\t\t\n\t\t\t<div class=\"pk-inline-posts-container pk-inline-posts-template-list\"\n\t\t\t\tdata-columns=\"1\">\n\t\t\t\t\t\t<article id=\"post-118464\" class=\"post-118464 post type-post status-publish format-standard has-post-thumbnail category-noticias-internacionales tag-aula tag-convivencia-escolar tag-disciplina tag-docentes tag-educacion-3 tag-estudiantes tag-gestion-educativa-3 tag-normativa tag-pedagogia-3 tag-violencia-escolar cs-entry cs-video-wrap\">\n\t\t\t<div class=\"pk-post-outer\">\n\n\t\t\t\t\t\t\t\t<div class=\"pk-post-inner\">\n\t\t\t\t\t<div class=\"entry-thumbnail\">\n\t\t\t\t\t\t<div class=\"pk-overlay pk-overlay-ratio pk-ratio-landscape\">\n\t\t\t\t\t\t\t<div class=\"pk-overlay-background\">\n\t\t\t\t\t\t\t\t<a href=\"https:\/\/webdelmaestrocmf.com\/portal\/peru-pone-limites-estudiantes-violentos-podrian-salir-del-aula-presencial-y-pasar-a-otra-modalidad-educativa\/\" class=\"pk-overlay-link\">\n\t\t\t\t\t\t\t\t\t<img loading=\"lazy\" decoding=\"async\" width=\"300\" height=\"225\" src=\"https:\/\/webdelmaestrocmf.com\/portal\/wp-content\/uploads\/2026\/04\/1AA-Banner-1-portada-imagen-10-1-copia-38-300x225.webp\" class=\"attachment-pk-thumbnail size-pk-thumbnail wp-post-image\" alt=\"\" \/>\t\t\t\t\t\t\t\t<\/a>\n\t\t\t\t\t\t\t<\/div>\n\t\t\t\t\t\t<\/div>\n\t\t\t\t\t<\/div>\n\t\t\t\t<\/div>\n\t\t\t\t\n\t\t\t\t<div class=\"pk-post-inner\">\n\t\t\t\t\t<header>\n\t\t\t\t\t\t<h3 class=\"pk-title\"><a href=\"https:\/\/webdelmaestrocmf.com\/portal\/peru-pone-limites-estudiantes-violentos-podrian-salir-del-aula-presencial-y-pasar-a-otra-modalidad-educativa\/\" rel=\"bookmark\">Per\u00fa pone l\u00edmites: estudiantes violentos podr\u00edan salir del aula presencial y pasar a otra modalidad educativa<\/a><\/h3>\t\t\t\t\t<\/header><!-- .entry-header -->\n\t\t\t\t<\/div><!-- .post-inner -->\n\n\t\t\t<\/div><!-- .post-outer -->\n\t\t<\/article>\n\t\t\t<article id=\"post-118433\" class=\"post-118433 post type-post status-publish format-standard has-post-thumbnail category-noticias-internacionales tag-aprendizaje tag-atencion-en-el-aula-2 tag-docentes tag-educacion-3 tag-estrategias-didacticas-2 tag-innovacion-educativa-3 tag-motivacion-escolar-2 tag-neuroeducacion-2 tag-pedagogia-3 tag-tecnologia-educativa-3 cs-entry cs-video-wrap\">\n\t\t\t<div class=\"pk-post-outer\">\n\n\t\t\t\t\t\t\t\t<div class=\"pk-post-inner\">\n\t\t\t\t\t<div class=\"entry-thumbnail\">\n\t\t\t\t\t\t<div class=\"pk-overlay pk-overlay-ratio pk-ratio-landscape\">\n\t\t\t\t\t\t\t<div class=\"pk-overlay-background\">\n\t\t\t\t\t\t\t\t<a href=\"https:\/\/webdelmaestrocmf.com\/portal\/9-de-cada-10-maestros-confirman-que-los-alumnos-ya-no-prestan-atencion-en-clase\/\" class=\"pk-overlay-link\">\n\t\t\t\t\t\t\t\t\t<img loading=\"lazy\" decoding=\"async\" width=\"300\" height=\"225\" src=\"https:\/\/webdelmaestrocmf.com\/portal\/wp-content\/uploads\/2026\/04\/1AA-Banner-1-portada-imagen-10-1-copia-1-10-300x225.webp\" class=\"attachment-pk-thumbnail size-pk-thumbnail wp-post-image\" alt=\"\" \/>\t\t\t\t\t\t\t\t<\/a>\n\t\t\t\t\t\t\t<\/div>\n\t\t\t\t\t\t<\/div>\n\t\t\t\t\t<\/div>\n\t\t\t\t<\/div>\n\t\t\t\t\n\t\t\t\t<div class=\"pk-post-inner\">\n\t\t\t\t\t<header>\n\t\t\t\t\t\t<h3 class=\"pk-title\"><a href=\"https:\/\/webdelmaestrocmf.com\/portal\/9-de-cada-10-maestros-confirman-que-los-alumnos-ya-no-prestan-atencion-en-clase\/\" rel=\"bookmark\">9 de cada 10 maestros confirman que los alumnos ya no prestan atenci\u00f3n en clase<\/a><\/h3>\t\t\t\t\t<\/header><!-- .entry-header -->\n\t\t\t\t<\/div><!-- .post-inner -->\n\n\t\t\t<\/div><!-- .post-outer -->\n\t\t<\/article>\n\t\t\t<article id=\"post-118385\" class=\"post-118385 post type-post status-publish format-standard has-post-thumbnail category-noticias-internacionales tag-accidente-escolar tag-comunidad-escolar tag-cuidado-infantil tag-derechos-del-nino tag-educacion-segura tag-gestion-educativa-3 tag-prevencion-riesgos tag-responsabilidad-educativa tag-seguridad-escolar tag-supervision-docente cs-entry cs-video-wrap\">\n\t\t\t<div class=\"pk-post-outer\">\n\n\t\t\t\t\t\t\t\t<div class=\"pk-post-inner\">\n\t\t\t\t\t<div class=\"entry-thumbnail\">\n\t\t\t\t\t\t<div class=\"pk-overlay pk-overlay-ratio pk-ratio-landscape\">\n\t\t\t\t\t\t\t<div class=\"pk-overlay-background\">\n\t\t\t\t\t\t\t\t<a href=\"https:\/\/webdelmaestrocmf.com\/portal\/nina-fallece-tras-presunto-tropiezo-en-escuela-pero-su-padre-desmiente-la-version-me-encontre-a-mi-hija-toda-ensangrentada\/\" class=\"pk-overlay-link\">\n\t\t\t\t\t\t\t\t\t<img loading=\"lazy\" decoding=\"async\" width=\"300\" height=\"225\" src=\"https:\/\/webdelmaestrocmf.com\/portal\/wp-content\/uploads\/2026\/04\/1AA-Banner-1-portada-imagen-10-1-copia-4-3-300x225.webp\" class=\"attachment-pk-thumbnail size-pk-thumbnail wp-post-image\" alt=\"\" \/>\t\t\t\t\t\t\t\t<\/a>\n\t\t\t\t\t\t\t<\/div>\n\t\t\t\t\t\t<\/div>\n\t\t\t\t\t<\/div>\n\t\t\t\t<\/div>\n\t\t\t\t\n\t\t\t\t<div class=\"pk-post-inner\">\n\t\t\t\t\t<header>\n\t\t\t\t\t\t<h3 class=\"pk-title\"><a href=\"https:\/\/webdelmaestrocmf.com\/portal\/nina-fallece-tras-presunto-tropiezo-en-escuela-pero-su-padre-desmiente-la-version-me-encontre-a-mi-hija-toda-ensangrentada\/\" rel=\"bookmark\">Ni\u00f1a fallece tras presunto tropiezo en escuela, pero su padre desmiente la versi\u00f3n: \u201cMe encontr\u00e9 a mi hija toda ensangrentada\u201d<\/a><\/h3>\t\t\t\t\t<\/header><!-- .entry-header -->\n\t\t\t\t<\/div><!-- .post-inner -->\n\n\t\t\t<\/div><!-- .post-outer -->\n\t\t<\/article>\n\t\t\t\t<\/div>\n\t\t<\/div>\n\t\t<\/p>\n","protected":false},"excerpt":{"rendered":"La serie \u201cAdolescencia\u201d abri\u00f3 una conversaci\u00f3n clave sobre algo que muchos adultos a\u00fan no logran entender: el verdadero&hellip;","protected":false},"author":1,"featured_media":108693,"comment_status":"open","ping_status":"closed","sticky":false,"template":"","format":"standard","meta":{"csco_display_header_overlay":false,"csco_singular_sidebar":"","csco_page_header_type":"","csco_page_load_nextpost":"","csco_post_video_location":[],"csco_post_video_location_hash":"","csco_post_video_url":"","csco_post_video_bg_start_time":0,"csco_post_video_bg_end_time":0,"csco_post_video_bg_volume":false,"_jetpack_memberships_contains_paid_content":false,"footnotes":""},"categories":[23790],"tags":[242,23605,5803,3454,23604],"class_list":{"0":"post-108692","1":"post","2":"type-post","3":"status-publish","4":"format-standard","5":"has-post-thumbnail","7":"category-noticias-internacionales","8":"tag-adolescencia","9":"tag-creias","10":"tag-emojis","11":"tag-serie","12":"tag-significan","13":"cs-entry","14":"cs-video-wrap"},"yoast_head":"<!-- This site is optimized with the Yoast SEO plugin v27.5 - https:\/\/yoast.com\/product\/yoast-seo-wordpress\/ -->\n<title>Lo que revel\u00f3 la serie &quot;Adolescencia&quot;: los 10 emojis que ya no significan lo que cre\u00edas - 2026<\/title>\n<meta name=\"description\" content=\"La serie \u201cAdolescencia\u201d abri\u00f3 una conversaci\u00f3n clave sobre algo que muchos adultos a\u00fan no logran entender: el verdadero significado de los emojis...\" \/>\n<meta name=\"robots\" content=\"index, follow, max-snippet:-1, max-image-preview:large, max-video-preview:-1\" \/>\n<link rel=\"canonical\" href=\"https:\/\/webdelmaestrocmf.com\/portal\/lo-que-revelo-la-serie-adolescencia-los-10-emojis-que-ya-no-significan-lo-que-creias\/\" \/>\n<meta property=\"og:locale\" content=\"es_ES\" \/>\n<meta property=\"og:type\" content=\"article\" \/>\n<meta property=\"og:title\" content=\"Lo que revel\u00f3 la serie &quot;Adolescencia&quot;: los 10 emojis que ya no significan lo que cre\u00edas - 2026\" \/>\n<meta property=\"og:description\" content=\"La serie \u201cAdolescencia\u201d abri\u00f3 una conversaci\u00f3n clave sobre algo que muchos adultos a\u00fan no logran entender: el verdadero significado de los emojis...\" \/>\n<meta property=\"og:url\" content=\"https:\/\/webdelmaestrocmf.com\/portal\/lo-que-revelo-la-serie-adolescencia-los-10-emojis-que-ya-no-significan-lo-que-creias\/\" \/>\n<meta property=\"og:site_name\" content=\"Web del Maestro CMF\" \/>\n<meta property=\"article:publisher\" content=\"https:\/\/www.facebook.com\/WebdelMaestroCMF\/\" \/>\n<meta property=\"article:author\" content=\"https:\/\/www.facebook.com\/WebdelMaestroCMF\/\" \/>\n<meta property=\"article:published_time\" content=\"2025-04-07T03:20:50+00:00\" \/>\n<meta property=\"article:modified_time\" content=\"2025-06-17T16:37:37+00:00\" \/>\n<meta property=\"og:image\" content=\"https:\/\/webdelmaestrocmf.com\/portal\/wp-content\/uploads\/2025\/04\/1A-Banner-1-portada-imagen-10-1-3.jpg\" \/>\n\t<meta property=\"og:image:width\" content=\"1024\" \/>\n\t<meta property=\"og:image:height\" content=\"1024\" \/>\n\t<meta property=\"og:image:type\" content=\"image\/jpeg\" \/>\n<meta name=\"author\" content=\"Web del Maestro CMF\" \/>\n<meta name=\"twitter:card\" content=\"summary_large_image\" \/>\n<meta name=\"twitter:creator\" content=\"@cmf_w\" \/>\n<meta name=\"twitter:site\" content=\"@cmf_w\" \/>\n<script type=\"application\/ld+json\" class=\"yoast-schema-graph\">{\"@context\":\"https:\\\/\\\/schema.org\",\"@graph\":[{\"@type\":\"ScholarlyArticle\",\"@id\":\"https:\\\/\\\/webdelmaestrocmf.com\\\/portal\\\/lo-que-revelo-la-serie-adolescencia-los-10-emojis-que-ya-no-significan-lo-que-creias\\\/#article\",\"isPartOf\":{\"@id\":\"https:\\\/\\\/webdelmaestrocmf.com\\\/portal\\\/lo-que-revelo-la-serie-adolescencia-los-10-emojis-que-ya-no-significan-lo-que-creias\\\/\"},\"author\":{\"name\":\"Web del Maestro CMF\",\"@id\":\"https:\\\/\\\/webdelmaestrocmf.com\\\/portal\\\/#\\\/schema\\\/person\\\/1072a2ed7bd960df8ef99a551fa35dc5\"},\"headline\":\"Lo que revel\u00f3 la serie \u00abAdolescencia\u00bb: los 10 emojis que ya no significan lo que cre\u00edas\",\"datePublished\":\"2025-04-07T03:20:50+00:00\",\"dateModified\":\"2025-06-17T16:37:37+00:00\",\"mainEntityOfPage\":{\"@id\":\"https:\\\/\\\/webdelmaestrocmf.com\\\/portal\\\/lo-que-revelo-la-serie-adolescencia-los-10-emojis-que-ya-no-significan-lo-que-creias\\\/\"},\"wordCount\":602,\"commentCount\":0,\"publisher\":{\"@id\":\"https:\\\/\\\/webdelmaestrocmf.com\\\/portal\\\/#organization\"},\"image\":{\"@id\":\"https:\\\/\\\/webdelmaestrocmf.com\\\/portal\\\/lo-que-revelo-la-serie-adolescencia-los-10-emojis-que-ya-no-significan-lo-que-creias\\\/#primaryimage\"},\"thumbnailUrl\":\"https:\\\/\\\/webdelmaestrocmf.com\\\/portal\\\/wp-content\\\/uploads\\\/2025\\\/04\\\/1A-Banner-1-portada-imagen-10-1-3.jpg\",\"keywords\":[\"adolescencia\",\"cre\u00edas\",\"Emojis\",\"SERIE\",\"significan\"],\"articleSection\":[\"Noticias Internacionales\"],\"inLanguage\":\"es\",\"potentialAction\":[{\"@type\":\"CommentAction\",\"name\":\"Comment\",\"target\":[\"https:\\\/\\\/webdelmaestrocmf.com\\\/portal\\\/lo-que-revelo-la-serie-adolescencia-los-10-emojis-que-ya-no-significan-lo-que-creias\\\/#respond\"]}]},{\"@type\":\"WebPage\",\"@id\":\"https:\\\/\\\/webdelmaestrocmf.com\\\/portal\\\/lo-que-revelo-la-serie-adolescencia-los-10-emojis-que-ya-no-significan-lo-que-creias\\\/\",\"url\":\"https:\\\/\\\/webdelmaestrocmf.com\\\/portal\\\/lo-que-revelo-la-serie-adolescencia-los-10-emojis-que-ya-no-significan-lo-que-creias\\\/\",\"name\":\"Lo que revel\u00f3 la serie \\\"Adolescencia\\\": los 10 emojis que ya no significan lo que cre\u00edas - 2026\",\"isPartOf\":{\"@id\":\"https:\\\/\\\/webdelmaestrocmf.com\\\/portal\\\/#website\"},\"primaryImageOfPage\":{\"@id\":\"https:\\\/\\\/webdelmaestrocmf.com\\\/portal\\\/lo-que-revelo-la-serie-adolescencia-los-10-emojis-que-ya-no-significan-lo-que-creias\\\/#primaryimage\"},\"image\":{\"@id\":\"https:\\\/\\\/webdelmaestrocmf.com\\\/portal\\\/lo-que-revelo-la-serie-adolescencia-los-10-emojis-que-ya-no-significan-lo-que-creias\\\/#primaryimage\"},\"thumbnailUrl\":\"https:\\\/\\\/webdelmaestrocmf.com\\\/portal\\\/wp-content\\\/uploads\\\/2025\\\/04\\\/1A-Banner-1-portada-imagen-10-1-3.jpg\",\"datePublished\":\"2025-04-07T03:20:50+00:00\",\"dateModified\":\"2025-06-17T16:37:37+00:00\",\"description\":\"La serie \u201cAdolescencia\u201d abri\u00f3 una conversaci\u00f3n clave sobre algo que muchos adultos a\u00fan no logran entender: el verdadero significado de los emojis...\",\"breadcrumb\":{\"@id\":\"https:\\\/\\\/webdelmaestrocmf.com\\\/portal\\\/lo-que-revelo-la-serie-adolescencia-los-10-emojis-que-ya-no-significan-lo-que-creias\\\/#breadcrumb\"},\"inLanguage\":\"es\",\"potentialAction\":[{\"@type\":\"ReadAction\",\"target\":[\"https:\\\/\\\/webdelmaestrocmf.com\\\/portal\\\/lo-que-revelo-la-serie-adolescencia-los-10-emojis-que-ya-no-significan-lo-que-creias\\\/\"]}]},{\"@type\":\"ImageObject\",\"inLanguage\":\"es\",\"@id\":\"https:\\\/\\\/webdelmaestrocmf.com\\\/portal\\\/lo-que-revelo-la-serie-adolescencia-los-10-emojis-que-ya-no-significan-lo-que-creias\\\/#primaryimage\",\"url\":\"https:\\\/\\\/webdelmaestrocmf.com\\\/portal\\\/wp-content\\\/uploads\\\/2025\\\/04\\\/1A-Banner-1-portada-imagen-10-1-3.jpg\",\"contentUrl\":\"https:\\\/\\\/webdelmaestrocmf.com\\\/portal\\\/wp-content\\\/uploads\\\/2025\\\/04\\\/1A-Banner-1-portada-imagen-10-1-3.jpg\",\"width\":1024,\"height\":1024},{\"@type\":\"BreadcrumbList\",\"@id\":\"https:\\\/\\\/webdelmaestrocmf.com\\\/portal\\\/lo-que-revelo-la-serie-adolescencia-los-10-emojis-que-ya-no-significan-lo-que-creias\\\/#breadcrumb\",\"itemListElement\":[{\"@type\":\"ListItem\",\"position\":1,\"name\":\"Portada\",\"item\":\"https:\\\/\\\/webdelmaestrocmf.com\\\/portal\\\/\"},{\"@type\":\"ListItem\",\"position\":2,\"name\":\"Recursos\",\"item\":\"https:\\\/\\\/webdelmaestrocmf.com\\\/portal\\\/category\\\/pedagogia\\\/\"},{\"@type\":\"ListItem\",\"position\":3,\"name\":\"Lo que revel\u00f3 la serie \u00abAdolescencia\u00bb: los 10 emojis que ya no significan lo que cre\u00edas\"}]},{\"@type\":\"WebSite\",\"@id\":\"https:\\\/\\\/webdelmaestrocmf.com\\\/portal\\\/#website\",\"url\":\"https:\\\/\\\/webdelmaestrocmf.com\\\/portal\\\/\",\"name\":\"Web del Maestro CMF\",\"description\":\"Maestros al servicio de la educaci\u00f3n\",\"publisher\":{\"@id\":\"https:\\\/\\\/webdelmaestrocmf.com\\\/portal\\\/#organization\"},\"alternateName\":\"WMCMF\",\"potentialAction\":[{\"@type\":\"SearchAction\",\"target\":{\"@type\":\"EntryPoint\",\"urlTemplate\":\"https:\\\/\\\/webdelmaestrocmf.com\\\/portal\\\/?s={search_term_string}\"},\"query-input\":{\"@type\":\"PropertyValueSpecification\",\"valueRequired\":true,\"valueName\":\"search_term_string\"}}],\"inLanguage\":\"es\"},{\"@type\":\"Organization\",\"@id\":\"https:\\\/\\\/webdelmaestrocmf.com\\\/portal\\\/#organization\",\"name\":\"Web del Maestro CMF\",\"alternateName\":\"WMCMF\",\"url\":\"https:\\\/\\\/webdelmaestrocmf.com\\\/portal\\\/\",\"logo\":{\"@type\":\"ImageObject\",\"inLanguage\":\"es\",\"@id\":\"https:\\\/\\\/webdelmaestrocmf.com\\\/portal\\\/#\\\/schema\\\/logo\\\/image\\\/\",\"url\":\"https:\\\/\\\/webdelmaestrocmf.com\\\/portal\\\/wp-content\\\/uploads\\\/2023\\\/01\\\/logo-wmcmf-2.png\",\"contentUrl\":\"https:\\\/\\\/webdelmaestrocmf.com\\\/portal\\\/wp-content\\\/uploads\\\/2023\\\/01\\\/logo-wmcmf-2.png\",\"width\":200,\"height\":60,\"caption\":\"Web del Maestro CMF\"},\"image\":{\"@id\":\"https:\\\/\\\/webdelmaestrocmf.com\\\/portal\\\/#\\\/schema\\\/logo\\\/image\\\/\"},\"sameAs\":[\"https:\\\/\\\/www.facebook.com\\\/WebdelMaestroCMF\\\/\",\"https:\\\/\\\/x.com\\\/cmf_w\",\"https:\\\/\\\/www.pinterest.com\\\/WMCMF\\\/\",\"https:\\\/\\\/www.linkedin.com\\\/company\\\/web-del-maestro-cmf\\\/\",\"https:\\\/\\\/www.instagram.com\\\/wmcmf\\\/\",\"https:\\\/\\\/www.youtube.com\\\/channel\\\/UCDPSvjbdodE5sHnC3OxutHw\",\"https:\\\/\\\/mastodon.social\\\/@wmcmf\",\"https:\\\/\\\/www.tiktok.com\\\/@webdelmaestrocmf\"]},{\"@type\":\"Person\",\"@id\":\"https:\\\/\\\/webdelmaestrocmf.com\\\/portal\\\/#\\\/schema\\\/person\\\/1072a2ed7bd960df8ef99a551fa35dc5\",\"name\":\"Web del Maestro CMF\",\"image\":{\"@type\":\"ImageObject\",\"inLanguage\":\"es\",\"@id\":\"https:\\\/\\\/secure.gravatar.com\\\/avatar\\\/23291dd5b5ae1077dcff3dbb04c3e02bd28403fa75af6d8787d5e97c5bbbe30b?s=96&d=mm&r=g\",\"url\":\"https:\\\/\\\/secure.gravatar.com\\\/avatar\\\/23291dd5b5ae1077dcff3dbb04c3e02bd28403fa75af6d8787d5e97c5bbbe30b?s=96&d=mm&r=g\",\"contentUrl\":\"https:\\\/\\\/secure.gravatar.com\\\/avatar\\\/23291dd5b5ae1077dcff3dbb04c3e02bd28403fa75af6d8787d5e97c5bbbe30b?s=96&d=mm&r=g\",\"caption\":\"Web del Maestro CMF\"},\"description\":\"Esta Web se cre\u00f3 sin fines de lucro, con fines educativos, cient\u00edficos y acad\u00e9micos, para personas que tengan dificultades y\\\/o inconvenientes en visualizar el material original. El objetivo es entregar recursos, compartir experiencias y materiales que ayuden a los padres de familia, maestros y estudiantes en su actualizaci\u00f3n y formaci\u00f3n permanente, en bien de la Educaci\u00f3n.\",\"sameAs\":[\"http:\\\/\\\/webdelmaestrocmf.com\\\/portal\",\"https:\\\/\\\/www.facebook.com\\\/WebdelMaestroCMF\\\/\",\"https:\\\/\\\/www.instagram.com\\\/wmcmf\\\/\",\"https:\\\/\\\/cl.linkedin.com\\\/company\\\/web-del-maestro-cmf\",\"https:\\\/\\\/www.pinterest.com\\\/WMCMF\\\/publicaciones\\\/\",\"https:\\\/\\\/x.com\\\/cmf_w\",\"https:\\\/\\\/www.youtube.com\\\/@WMCMF\"]}]}<\/script>\n<!-- \/ Yoast SEO plugin. -->","yoast_head_json":{"title":"Lo que revel\u00f3 la serie \"Adolescencia\": los 10 emojis que ya no significan lo que cre\u00edas - 2026","description":"La serie \u201cAdolescencia\u201d abri\u00f3 una conversaci\u00f3n clave sobre algo que muchos adultos a\u00fan no logran entender: el verdadero significado de los emojis...","robots":{"index":"index","follow":"follow","max-snippet":"max-snippet:-1","max-image-preview":"max-image-preview:large","max-video-preview":"max-video-preview:-1"},"canonical":"https:\/\/webdelmaestrocmf.com\/portal\/lo-que-revelo-la-serie-adolescencia-los-10-emojis-que-ya-no-significan-lo-que-creias\/","og_locale":"es_ES","og_type":"article","og_title":"Lo que revel\u00f3 la serie \"Adolescencia\": los 10 emojis que ya no significan lo que cre\u00edas - 2026","og_description":"La serie \u201cAdolescencia\u201d abri\u00f3 una conversaci\u00f3n clave sobre algo que muchos adultos a\u00fan no logran entender: el verdadero significado de los emojis...","og_url":"https:\/\/webdelmaestrocmf.com\/portal\/lo-que-revelo-la-serie-adolescencia-los-10-emojis-que-ya-no-significan-lo-que-creias\/","og_site_name":"Web del Maestro CMF","article_publisher":"https:\/\/www.facebook.com\/WebdelMaestroCMF\/","article_author":"https:\/\/www.facebook.com\/WebdelMaestroCMF\/","article_published_time":"2025-04-07T03:20:50+00:00","article_modified_time":"2025-06-17T16:37:37+00:00","og_image":[{"width":1024,"height":1024,"url":"https:\/\/webdelmaestrocmf.com\/portal\/wp-content\/uploads\/2025\/04\/1A-Banner-1-portada-imagen-10-1-3.jpg","type":"image\/jpeg"}],"author":"Web del Maestro CMF","twitter_card":"summary_large_image","twitter_creator":"@cmf_w","twitter_site":"@cmf_w","schema":{"@context":"https:\/\/schema.org","@graph":[{"@type":"ScholarlyArticle","@id":"https:\/\/webdelmaestrocmf.com\/portal\/lo-que-revelo-la-serie-adolescencia-los-10-emojis-que-ya-no-significan-lo-que-creias\/#article","isPartOf":{"@id":"https:\/\/webdelmaestrocmf.com\/portal\/lo-que-revelo-la-serie-adolescencia-los-10-emojis-que-ya-no-significan-lo-que-creias\/"},"author":{"name":"Web del Maestro CMF","@id":"https:\/\/webdelmaestrocmf.com\/portal\/#\/schema\/person\/1072a2ed7bd960df8ef99a551fa35dc5"},"headline":"Lo que revel\u00f3 la serie \u00abAdolescencia\u00bb: los 10 emojis que ya no significan lo que cre\u00edas","datePublished":"2025-04-07T03:20:50+00:00","dateModified":"2025-06-17T16:37:37+00:00","mainEntityOfPage":{"@id":"https:\/\/webdelmaestrocmf.com\/portal\/lo-que-revelo-la-serie-adolescencia-los-10-emojis-que-ya-no-significan-lo-que-creias\/"},"wordCount":602,"commentCount":0,"publisher":{"@id":"https:\/\/webdelmaestrocmf.com\/portal\/#organization"},"image":{"@id":"https:\/\/webdelmaestrocmf.com\/portal\/lo-que-revelo-la-serie-adolescencia-los-10-emojis-que-ya-no-significan-lo-que-creias\/#primaryimage"},"thumbnailUrl":"https:\/\/webdelmaestrocmf.com\/portal\/wp-content\/uploads\/2025\/04\/1A-Banner-1-portada-imagen-10-1-3.jpg","keywords":["adolescencia","cre\u00edas","Emojis","SERIE","significan"],"articleSection":["Noticias Internacionales"],"inLanguage":"es","potentialAction":[{"@type":"CommentAction","name":"Comment","target":["https:\/\/webdelmaestrocmf.com\/portal\/lo-que-revelo-la-serie-adolescencia-los-10-emojis-que-ya-no-significan-lo-que-creias\/#respond"]}]},{"@type":"WebPage","@id":"https:\/\/webdelmaestrocmf.com\/portal\/lo-que-revelo-la-serie-adolescencia-los-10-emojis-que-ya-no-significan-lo-que-creias\/","url":"https:\/\/webdelmaestrocmf.com\/portal\/lo-que-revelo-la-serie-adolescencia-los-10-emojis-que-ya-no-significan-lo-que-creias\/","name":"Lo que revel\u00f3 la serie \"Adolescencia\": los 10 emojis que ya no significan lo que cre\u00edas - 2026","isPartOf":{"@id":"https:\/\/webdelmaestrocmf.com\/portal\/#website"},"primaryImageOfPage":{"@id":"https:\/\/webdelmaestrocmf.com\/portal\/lo-que-revelo-la-serie-adolescencia-los-10-emojis-que-ya-no-significan-lo-que-creias\/#primaryimage"},"image":{"@id":"https:\/\/webdelmaestrocmf.com\/portal\/lo-que-revelo-la-serie-adolescencia-los-10-emojis-que-ya-no-significan-lo-que-creias\/#primaryimage"},"thumbnailUrl":"https:\/\/webdelmaestrocmf.com\/portal\/wp-content\/uploads\/2025\/04\/1A-Banner-1-portada-imagen-10-1-3.jpg","datePublished":"2025-04-07T03:20:50+00:00","dateModified":"2025-06-17T16:37:37+00:00","description":"La serie \u201cAdolescencia\u201d abri\u00f3 una conversaci\u00f3n clave sobre algo que muchos adultos a\u00fan no logran entender: el verdadero significado de los emojis...","breadcrumb":{"@id":"https:\/\/webdelmaestrocmf.com\/portal\/lo-que-revelo-la-serie-adolescencia-los-10-emojis-que-ya-no-significan-lo-que-creias\/#breadcrumb"},"inLanguage":"es","potentialAction":[{"@type":"ReadAction","target":["https:\/\/webdelmaestrocmf.com\/portal\/lo-que-revelo-la-serie-adolescencia-los-10-emojis-que-ya-no-significan-lo-que-creias\/"]}]},{"@type":"ImageObject","inLanguage":"es","@id":"https:\/\/webdelmaestrocmf.com\/portal\/lo-que-revelo-la-serie-adolescencia-los-10-emojis-que-ya-no-significan-lo-que-creias\/#primaryimage","url":"https:\/\/webdelmaestrocmf.com\/portal\/wp-content\/uploads\/2025\/04\/1A-Banner-1-portada-imagen-10-1-3.jpg","contentUrl":"https:\/\/webdelmaestrocmf.com\/portal\/wp-content\/uploads\/2025\/04\/1A-Banner-1-portada-imagen-10-1-3.jpg","width":1024,"height":1024},{"@type":"BreadcrumbList","@id":"https:\/\/webdelmaestrocmf.com\/portal\/lo-que-revelo-la-serie-adolescencia-los-10-emojis-que-ya-no-significan-lo-que-creias\/#breadcrumb","itemListElement":[{"@type":"ListItem","position":1,"name":"Portada","item":"https:\/\/webdelmaestrocmf.com\/portal\/"},{"@type":"ListItem","position":2,"name":"Recursos","item":"https:\/\/webdelmaestrocmf.com\/portal\/category\/pedagogia\/"},{"@type":"ListItem","position":3,"name":"Lo que revel\u00f3 la serie \u00abAdolescencia\u00bb: los 10 emojis que ya no significan lo que cre\u00edas"}]},{"@type":"WebSite","@id":"https:\/\/webdelmaestrocmf.com\/portal\/#website","url":"https:\/\/webdelmaestrocmf.com\/portal\/","name":"Web del Maestro CMF","description":"Maestros al servicio de la educaci\u00f3n","publisher":{"@id":"https:\/\/webdelmaestrocmf.com\/portal\/#organization"},"alternateName":"WMCMF","potentialAction":[{"@type":"SearchAction","target":{"@type":"EntryPoint","urlTemplate":"https:\/\/webdelmaestrocmf.com\/portal\/?s={search_term_string}"},"query-input":{"@type":"PropertyValueSpecification","valueRequired":true,"valueName":"search_term_string"}}],"inLanguage":"es"},{"@type":"Organization","@id":"https:\/\/webdelmaestrocmf.com\/portal\/#organization","name":"Web del Maestro CMF","alternateName":"WMCMF","url":"https:\/\/webdelmaestrocmf.com\/portal\/","logo":{"@type":"ImageObject","inLanguage":"es","@id":"https:\/\/webdelmaestrocmf.com\/portal\/#\/schema\/logo\/image\/","url":"https:\/\/webdelmaestrocmf.com\/portal\/wp-content\/uploads\/2023\/01\/logo-wmcmf-2.png","contentUrl":"https:\/\/webdelmaestrocmf.com\/portal\/wp-content\/uploads\/2023\/01\/logo-wmcmf-2.png","width":200,"height":60,"caption":"Web del Maestro CMF"},"image":{"@id":"https:\/\/webdelmaestrocmf.com\/portal\/#\/schema\/logo\/image\/"},"sameAs":["https:\/\/www.facebook.com\/WebdelMaestroCMF\/","https:\/\/x.com\/cmf_w","https:\/\/www.pinterest.com\/WMCMF\/","https:\/\/www.linkedin.com\/company\/web-del-maestro-cmf\/","https:\/\/www.instagram.com\/wmcmf\/","https:\/\/www.youtube.com\/channel\/UCDPSvjbdodE5sHnC3OxutHw","https:\/\/mastodon.social\/@wmcmf","https:\/\/www.tiktok.com\/@webdelmaestrocmf"]},{"@type":"Person","@id":"https:\/\/webdelmaestrocmf.com\/portal\/#\/schema\/person\/1072a2ed7bd960df8ef99a551fa35dc5","name":"Web del Maestro CMF","image":{"@type":"ImageObject","inLanguage":"es","@id":"https:\/\/secure.gravatar.com\/avatar\/23291dd5b5ae1077dcff3dbb04c3e02bd28403fa75af6d8787d5e97c5bbbe30b?s=96&d=mm&r=g","url":"https:\/\/secure.gravatar.com\/avatar\/23291dd5b5ae1077dcff3dbb04c3e02bd28403fa75af6d8787d5e97c5bbbe30b?s=96&d=mm&r=g","contentUrl":"https:\/\/secure.gravatar.com\/avatar\/23291dd5b5ae1077dcff3dbb04c3e02bd28403fa75af6d8787d5e97c5bbbe30b?s=96&d=mm&r=g","caption":"Web del Maestro CMF"},"description":"Esta Web se cre\u00f3 sin fines de lucro, con fines educativos, cient\u00edficos y acad\u00e9micos, para personas que tengan dificultades y\/o inconvenientes en visualizar el material original. El objetivo es entregar recursos, compartir experiencias y materiales que ayuden a los padres de familia, maestros y estudiantes en su actualizaci\u00f3n y formaci\u00f3n permanente, en bien de la Educaci\u00f3n.","sameAs":["http:\/\/webdelmaestrocmf.com\/portal","https:\/\/www.facebook.com\/WebdelMaestroCMF\/","https:\/\/www.instagram.com\/wmcmf\/","https:\/\/cl.linkedin.com\/company\/web-del-maestro-cmf","https:\/\/www.pinterest.com\/WMCMF\/publicaciones\/","https:\/\/x.com\/cmf_w","https:\/\/www.youtube.com\/@WMCMF"]}]}},"jetpack_featured_media_url":"https:\/\/webdelmaestrocmf.com\/portal\/wp-content\/uploads\/2025\/04\/1A-Banner-1-portada-imagen-10-1-3.jpg","jetpack_sharing_enabled":true,"jetpack-related-posts":[{"id":53007,"url":"https:\/\/webdelmaestrocmf.com\/portal\/una-tabla-que-describe-todo-lo-que-pueden-significar-los-emoticonos\/","url_meta":{"origin":108692,"position":0},"title":"Tabla de las emociones \u00abemojis\u00bb, describe todo lo que pueden significar los emoticonos","author":"Web del Maestro CMF","date":"25 mayo, 2024","format":false,"excerpt":"La comprensi\u00f3n y el manejo de las emociones desempe\u00f1an un papel crucial en la ense\u00f1anza y el aprendizaje. Para los docentes, conocer el significado y la interpretaci\u00f3n de los emoticonos en una \"Tabla de las emociones\" o \"emoji emotions\" es una herramienta valiosa que puede enriquecer la comunicaci\u00f3n y la\u2026","rel":"","context":"En \u00abEmociones\u00bb","block_context":{"text":"Emociones","link":"https:\/\/webdelmaestrocmf.com\/portal\/category\/pedagogia\/emociones\/"},"img":{"alt_text":"","src":"https:\/\/i0.wp.com\/webdelmaestrocmf.com\/portal\/wp-content\/uploads\/2020\/10\/Banner-1-portada-imagen-10-1-2024-05-25T131854.186.jpg?resize=350%2C200&ssl=1","width":350,"height":200,"srcset":"https:\/\/i0.wp.com\/webdelmaestrocmf.com\/portal\/wp-content\/uploads\/2020\/10\/Banner-1-portada-imagen-10-1-2024-05-25T131854.186.jpg?resize=350%2C200&ssl=1 1x, https:\/\/i0.wp.com\/webdelmaestrocmf.com\/portal\/wp-content\/uploads\/2020\/10\/Banner-1-portada-imagen-10-1-2024-05-25T131854.186.jpg?resize=525%2C300&ssl=1 1.5x, https:\/\/i0.wp.com\/webdelmaestrocmf.com\/portal\/wp-content\/uploads\/2020\/10\/Banner-1-portada-imagen-10-1-2024-05-25T131854.186.jpg?resize=700%2C400&ssl=1 2x"},"classes":[]},{"id":70132,"url":"https:\/\/webdelmaestrocmf.com\/portal\/apps-para-crear-avatares-y-emojis-con-tu-rostro-y-usarlos-en-clases\/","url_meta":{"origin":108692,"position":1},"title":"Apps para crear avatares y emojis con tu rostro y usarlos en clases","author":"Web del Maestro CMF","date":"27 octubre, 2021","format":false,"excerpt":"Si necesitas\u00a0crear un avatar\u00a0para usar en las redes sociales, y est\u00e1s buscando un servicio original, innovador y diferenciado, desde donde crearlo, entonces est\u00e1 lista te puede resultar \u00fatil. En la lista vas a encontrar doce de los mejores servicios para\u00a0crear avatares y de calidad. Con estos servicios podr\u00e1s crear una\u2026","rel":"","context":"En \u00abSoftware\u00bb","block_context":{"text":"Software","link":"https:\/\/webdelmaestrocmf.com\/portal\/category\/tecnologia\/software\/"},"img":{"alt_text":"","src":"https:\/\/i0.wp.com\/webdelmaestrocmf.com\/portal\/wp-content\/uploads\/2021\/10\/1-125.jpg?resize=350%2C200&ssl=1","width":350,"height":200,"srcset":"https:\/\/i0.wp.com\/webdelmaestrocmf.com\/portal\/wp-content\/uploads\/2021\/10\/1-125.jpg?resize=350%2C200&ssl=1 1x, https:\/\/i0.wp.com\/webdelmaestrocmf.com\/portal\/wp-content\/uploads\/2021\/10\/1-125.jpg?resize=525%2C300&ssl=1 1.5x, https:\/\/i0.wp.com\/webdelmaestrocmf.com\/portal\/wp-content\/uploads\/2021\/10\/1-125.jpg?resize=700%2C400&ssl=1 2x, https:\/\/i0.wp.com\/webdelmaestrocmf.com\/portal\/wp-content\/uploads\/2021\/10\/1-125.jpg?resize=1050%2C600&ssl=1 3x"},"classes":[]},{"id":52561,"url":"https:\/\/webdelmaestrocmf.com\/portal\/como-activar-reacciones-en-google-meet-emojis-y-gifs\/","url_meta":{"origin":108692,"position":2},"title":"C\u00f3mo activar reacciones en Google Meet: Emojis y Gifs","author":"Web del Maestro CMF","date":"6 octubre, 2020","format":false,"excerpt":"Utilizar Google Meet es extremadamente sencillo. Sin embargo, vamos a ense\u00f1arte unos trucos que te facilitar\u00e1n el manejo de la herramienta y que deber\u00eda conocer. En esta oportunidad les mostraremos dos extensiones para Google Chrome, con ellas implementar\u00e1 en sus clases virtuales los Emojis y los Gifs animados y la\u2026","rel":"","context":"En \u00abSoftware\u00bb","block_context":{"text":"Software","link":"https:\/\/webdelmaestrocmf.com\/portal\/category\/tecnologia\/software\/"},"img":{"alt_text":"","src":"https:\/\/i0.wp.com\/webdelmaestrocmf.com\/portal\/wp-content\/uploads\/2020\/10\/1-copia-17.jpg?resize=350%2C200&ssl=1","width":350,"height":200,"srcset":"https:\/\/i0.wp.com\/webdelmaestrocmf.com\/portal\/wp-content\/uploads\/2020\/10\/1-copia-17.jpg?resize=350%2C200&ssl=1 1x, https:\/\/i0.wp.com\/webdelmaestrocmf.com\/portal\/wp-content\/uploads\/2020\/10\/1-copia-17.jpg?resize=525%2C300&ssl=1 1.5x, https:\/\/i0.wp.com\/webdelmaestrocmf.com\/portal\/wp-content\/uploads\/2020\/10\/1-copia-17.jpg?resize=700%2C400&ssl=1 2x, https:\/\/i0.wp.com\/webdelmaestrocmf.com\/portal\/wp-content\/uploads\/2020\/10\/1-copia-17.jpg?resize=1050%2C600&ssl=1 3x"},"classes":[]},{"id":62514,"url":"https:\/\/webdelmaestrocmf.com\/portal\/como-usar-iconos-en-temas-de-google-classroom-para-personaliza-tus-clases\/","url_meta":{"origin":108692,"position":3},"title":"C\u00f3mo usar iconos en temas de Google Classroom para personaliza tus clases","author":"Web del Maestro CMF","date":"3 mayo, 2021","format":false,"excerpt":"Podemos colocar\u00a0peque\u00f1os Emoji o iconos\u00a0dentro Google Classroom, para facilitar que los usuarios encontrar los recursos y hacer la clase m\u00e1s atractiva visualmente: En la p\u00e1gina web getemoji.com\u00a0puede encontrar una colecci\u00f3n de Emoji para poder utilizar en Google Classroom, tanto a los t\u00edtulos de tareas y materiales, como las unidades did\u00e1cticas.\u2026","rel":"","context":"En \u00abSoftware\u00bb","block_context":{"text":"Software","link":"https:\/\/webdelmaestrocmf.com\/portal\/category\/tecnologia\/software\/"},"img":{"alt_text":"","src":"https:\/\/i0.wp.com\/webdelmaestrocmf.com\/portal\/wp-content\/uploads\/2021\/05\/1-24.jpg?resize=350%2C200&ssl=1","width":350,"height":200,"srcset":"https:\/\/i0.wp.com\/webdelmaestrocmf.com\/portal\/wp-content\/uploads\/2021\/05\/1-24.jpg?resize=350%2C200&ssl=1 1x, https:\/\/i0.wp.com\/webdelmaestrocmf.com\/portal\/wp-content\/uploads\/2021\/05\/1-24.jpg?resize=525%2C300&ssl=1 1.5x, https:\/\/i0.wp.com\/webdelmaestrocmf.com\/portal\/wp-content\/uploads\/2021\/05\/1-24.jpg?resize=700%2C400&ssl=1 2x, https:\/\/i0.wp.com\/webdelmaestrocmf.com\/portal\/wp-content\/uploads\/2021\/05\/1-24.jpg?resize=1050%2C600&ssl=1 3x"},"classes":[]},{"id":62144,"url":"https:\/\/webdelmaestrocmf.com\/portal\/estas-son-las-nuevas-funciones-de-zoom-actualizacion-abril-2021-tomar-anotaciones-en-pantalla-nuevas-reacciones-y-mas\/","url_meta":{"origin":108692,"position":4},"title":"Estas son las Nuevas funciones de Zoom (Actualizaci\u00f3n Abril 2021): Tomar anotaciones en pantalla, nuevas reacciones y m\u00e1s","author":"Web del Maestro CMF","date":"24 abril, 2021","format":false,"excerpt":"La aplicaci\u00f3n de v\u00eddeollamadas Zoom ha introducido una nueva caracter\u00edstica que permite a sus usuarios tomar anotaciones en pantalla en tiempo real durante las llamadas, a\u00f1adiendo l\u00edneas y destacando texto mientras se comparte pantalla. Como parte de una nueva actualizaci\u00f3n de las aplicaciones Zoom Meeting y Zoom Video Webinars, la\u2026","rel":"","context":"En \u00abSoftware\u00bb","block_context":{"text":"Software","link":"https:\/\/webdelmaestrocmf.com\/portal\/category\/tecnologia\/software\/"},"img":{"alt_text":"","src":"https:\/\/i0.wp.com\/webdelmaestrocmf.com\/portal\/wp-content\/uploads\/2021\/04\/1-117.jpg?resize=350%2C200&ssl=1","width":350,"height":200,"srcset":"https:\/\/i0.wp.com\/webdelmaestrocmf.com\/portal\/wp-content\/uploads\/2021\/04\/1-117.jpg?resize=350%2C200&ssl=1 1x, https:\/\/i0.wp.com\/webdelmaestrocmf.com\/portal\/wp-content\/uploads\/2021\/04\/1-117.jpg?resize=525%2C300&ssl=1 1.5x, https:\/\/i0.wp.com\/webdelmaestrocmf.com\/portal\/wp-content\/uploads\/2021\/04\/1-117.jpg?resize=700%2C400&ssl=1 2x, https:\/\/i0.wp.com\/webdelmaestrocmf.com\/portal\/wp-content\/uploads\/2021\/04\/1-117.jpg?resize=1050%2C600&ssl=1 3x"},"classes":[]},{"id":49674,"url":"https:\/\/webdelmaestrocmf.com\/portal\/si-quieres-pasar-un-rato-agradable-con-tu-hijo-adolescente-preguntale-que-le-apetece-hacer\/","url_meta":{"origin":108692,"position":5},"title":"Si quieres pasar un rato agradable con tu hijo adolescente, preg\u00fantale qu\u00e9 le apetece hacer","author":"Web del Maestro CMF","date":"2 agosto, 2020","format":"video","excerpt":"Lisa Kendall Damour (USA, 1970) es una psic\u00f3loga cl\u00ednica, especializada en el desarrollo de adolescentes y mujeres j\u00f3venes. \u201cSe gradu\u00f3 de la Escuela Secundaria Manual de Denver en 1988 antes de asistir a la Universidad de Yale. Despu\u00e9s de graduarse con honores de Yale, Damour trabaj\u00f3 para el Yale Child\u2026","rel":"","context":"En \u00abCharlas\u00bb","block_context":{"text":"Charlas","link":"https:\/\/webdelmaestrocmf.com\/portal\/category\/charlas\/"},"img":{"alt_text":"","src":"https:\/\/i0.wp.com\/webdelmaestrocmf.com\/portal\/wp-content\/uploads\/2020\/08\/1-copia-2.jpg?resize=350%2C200&ssl=1","width":350,"height":200,"srcset":"https:\/\/i0.wp.com\/webdelmaestrocmf.com\/portal\/wp-content\/uploads\/2020\/08\/1-copia-2.jpg?resize=350%2C200&ssl=1 1x, https:\/\/i0.wp.com\/webdelmaestrocmf.com\/portal\/wp-content\/uploads\/2020\/08\/1-copia-2.jpg?resize=525%2C300&ssl=1 1.5x, https:\/\/i0.wp.com\/webdelmaestrocmf.com\/portal\/wp-content\/uploads\/2020\/08\/1-copia-2.jpg?resize=700%2C400&ssl=1 2x, https:\/\/i0.wp.com\/webdelmaestrocmf.com\/portal\/wp-content\/uploads\/2020\/08\/1-copia-2.jpg?resize=1050%2C600&ssl=1 3x"},"classes":[]}],"_links":{"self":[{"href":"https:\/\/webdelmaestrocmf.com\/portal\/wp-json\/wp\/v2\/posts\/108692","targetHints":{"allow":["GET"]}}],"collection":[{"href":"https:\/\/webdelmaestrocmf.com\/portal\/wp-json\/wp\/v2\/posts"}],"about":[{"href":"https:\/\/webdelmaestrocmf.com\/portal\/wp-json\/wp\/v2\/types\/post"}],"author":[{"embeddable":true,"href":"https:\/\/webdelmaestrocmf.com\/portal\/wp-json\/wp\/v2\/users\/1"}],"replies":[{"embeddable":true,"href":"https:\/\/webdelmaestrocmf.com\/portal\/wp-json\/wp\/v2\/comments?post=108692"}],"version-history":[{"count":1,"href":"https:\/\/webdelmaestrocmf.com\/portal\/wp-json\/wp\/v2\/posts\/108692\/revisions"}],"predecessor-version":[{"id":108694,"href":"https:\/\/webdelmaestrocmf.com\/portal\/wp-json\/wp\/v2\/posts\/108692\/revisions\/108694"}],"wp:featuredmedia":[{"embeddable":true,"href":"https:\/\/webdelmaestrocmf.com\/portal\/wp-json\/wp\/v2\/media\/108693"}],"wp:attachment":[{"href":"https:\/\/webdelmaestrocmf.com\/portal\/wp-json\/wp\/v2\/media?parent=108692"}],"wp:term":[{"taxonomy":"category","embeddable":true,"href":"https:\/\/webdelmaestrocmf.com\/portal\/wp-json\/wp\/v2\/categories?post=108692"},{"taxonomy":"post_tag","embeddable":true,"href":"https:\/\/webdelmaestrocmf.com\/portal\/wp-json\/wp\/v2\/tags?post=108692"}],"curies":[{"name":"wp","href":"https:\/\/api.w.org\/{rel}","templated":true}]}}