{"id":108616,"date":"2026-03-10T01:40:00","date_gmt":"2026-03-10T04:40:00","guid":{"rendered":"https:\/\/webdelmaestrocmf.com\/portal\/?p=108616"},"modified":"2026-03-10T10:35:24","modified_gmt":"2026-03-10T13:35:24","slug":"autoevaluacion-del-desempeno-de-padres-de-familia","status":"publish","type":"post","link":"https:\/\/webdelmaestrocmf.com\/portal\/autoevaluacion-del-desempeno-de-padres-de-familia\/","title":{"rendered":"Autoevaluaci\u00f3n del desempe\u00f1o de Padres de Familia"},"content":{"rendered":"\n<p>La participaci\u00f3n activa de las madres y los padres en la educaci\u00f3n de sus hijos es un pilar fundamental para el logro acad\u00e9mico. Con el objetivo de fortalecer este v\u00ednculo, se propone utilizar una herramienta sencilla pero poderosa: la <strong data-start=\"443\" data-end=\"504\">autoevaluaci\u00f3n del desempe\u00f1o del padre o madre de familia<\/strong>.<\/p>\n\n\n\n<!--more-->\n\n\n\n<p>Este formato, dise\u00f1ado en forma de cuestionario, permite a los tutores reflexionar sobre su implicaci\u00f3n en aspectos clave del proceso escolar de sus hijos. Entre los indicadores evaluados se encuentran temas como:<\/p>\n\n\n\n<ul class=\"wp-block-list\">\n<li><p class=\"\" data-start=\"724\" data-end=\"766\">La asistencia puntual del alumno a clases.<\/p><\/li>\n\n\n\n<li><p class=\"\" data-start=\"769\" data-end=\"829\">El cumplimiento con el uso del uniforme escolar y deportivo.<\/p><\/li>\n\n\n\n<li><p class=\"\" data-start=\"832\" data-end=\"890\">La presentaci\u00f3n personal del ni\u00f1o o ni\u00f1a (aseo y peinado).<\/p><\/li>\n\n\n\n<li><p class=\"\" data-start=\"893\" data-end=\"928\">La supervisi\u00f3n de tareas escolares.<\/p><\/li>\n\n\n\n<li><p class=\"\" data-start=\"931\" data-end=\"981\">La provisi\u00f3n de materiales para trabajar en clase.<\/p><\/li>\n\n\n\n<li><p class=\"\" data-start=\"984\" data-end=\"1027\">La nutrici\u00f3n antes de asistir a la escuela.<\/p><\/li>\n\n\n\n<li><p class=\"\" data-start=\"1030\" data-end=\"1083\">El seguimiento del desempe\u00f1o acad\u00e9mico y la conducta.<\/p><\/li>\n\n\n\n<li><p class=\"\" data-start=\"1086\" data-end=\"1164\">La participaci\u00f3n en reuniones escolares y atenci\u00f3n a indicaciones del maestro.<\/p><\/li>\n<\/ul>\n\n\n\n<p>Cada \u00edtem puede ser valorado con opciones que van desde \u201cNunca\u201d hasta \u201cSiempre\u201d, brindando un panorama claro sobre los h\u00e1bitos y el nivel de compromiso familiar.<\/p>\n\n\n\n<p>Se recomienda aplicar este documento durante una <strong data-start=\"1378\" data-end=\"1411\">reuni\u00f3n con padres de familia<\/strong>, no como una forma de evaluaci\u00f3n externa, sino como una <strong data-start=\"1468\" data-end=\"1501\">estrategia de concientizaci\u00f3n<\/strong>. A trav\u00e9s de este ejercicio reflexivo, los padres pueden identificar \u00e1reas de mejora y establecer compromisos concretos que respalden el desarrollo acad\u00e9mico, emocional y social de sus hijos.<\/p>\n\n\n\n<p>Al finalizar la autoevaluaci\u00f3n, se sugiere abrir un espacio de di\u00e1logo donde las familias compartan sus experiencias, inquietudes y propuestas. Este tipo de din\u00e1micas no solo promueve una mayor corresponsabilidad educativa, sino que fortalece el v\u00ednculo entre la escuela y el hogar.<\/p>\n\n\n\n<iframe loading=\"lazy\" src=\"https:\/\/drive.google.com\/file\/d\/1e7u7XFQVlKxx5OmpIR7hHimsqgjVyTfV\/preview\" width=\"100%\" height=\"600\"><\/iframe>\n\n\n\n<p class=\"has-text-align-right\"><strong>Redacci\u00f3n | Web del Maestro CMF<\/strong><\/p>\n\n\n\n<p class=\"has-text-align-center\">MATERIAL DE DESCARGA: <a href=\"https:\/\/drive.google.com\/drive\/folders\/1r743wlqHyxi-bxAmukztQtNaBVCaQ3QQ?usp=sharing\" target=\"_blank\" rel=\"noreferrer noopener\">AUTOEVALUACI\u00d3N DEL DESEMPE\u00d1O DE PADRES DE FAMILIA<\/a><\/p>\n\n\n\t\t<div class=\"pk-inline-posts\">\n\t\t\t\t\t\t\t<h5 class=\"pk-inline-posts-title pk-title pk-font-block\">\n\t\t\t\t\t\u00daltimas entradas\t\t\t\t<\/h5>\n\t\t\t\n\t\t\t<div class=\"pk-inline-posts-container pk-inline-posts-template-list\"\n\t\t\t\tdata-columns=\"1\">\n\t\t\t\t\t\t<article id=\"post-118365\" class=\"post-118365 post type-post status-publish format-standard has-post-thumbnail category-descarga category-pedagogia category-secuencia-didactica tag-aprendizaje tag-aula tag-creatividad tag-dia-del-nino tag-docentes tag-educacion tag-educacion-emocional tag-planificacion tag-secuencia-didactica cs-entry cs-video-wrap\">\n\t\t\t<div class=\"pk-post-outer\">\n\n\t\t\t\t\t\t\t\t<div class=\"pk-post-inner\">\n\t\t\t\t\t<div class=\"entry-thumbnail\">\n\t\t\t\t\t\t<div class=\"pk-overlay pk-overlay-ratio pk-ratio-landscape\">\n\t\t\t\t\t\t\t<div class=\"pk-overlay-background\">\n\t\t\t\t\t\t\t\t<a href=\"https:\/\/webdelmaestrocmf.com\/portal\/descarga-la-secuencia-de-aprendizaje-semana-loca-del-dia-del-nino-para-desarrollar-creatividad-emociones-e-identidad-en-el-aula\/\" class=\"pk-overlay-link\">\n\t\t\t\t\t\t\t\t\t<img loading=\"lazy\" decoding=\"async\" width=\"300\" height=\"225\" src=\"https:\/\/webdelmaestrocmf.com\/portal\/wp-content\/uploads\/2026\/04\/1AA-Banner-1-portada-imagen-10-1-copia-37-300x225.webp\" class=\"attachment-pk-thumbnail size-pk-thumbnail wp-post-image\" alt=\"\" \/>\t\t\t\t\t\t\t\t<\/a>\n\t\t\t\t\t\t\t<\/div>\n\t\t\t\t\t\t<\/div>\n\t\t\t\t\t<\/div>\n\t\t\t\t<\/div>\n\t\t\t\t\n\t\t\t\t<div class=\"pk-post-inner\">\n\t\t\t\t\t<header>\n\t\t\t\t\t\t<h3 class=\"pk-title\"><a href=\"https:\/\/webdelmaestrocmf.com\/portal\/descarga-la-secuencia-de-aprendizaje-semana-loca-del-dia-del-nino-para-desarrollar-creatividad-emociones-e-identidad-en-el-aula\/\" rel=\"bookmark\">Descarga la Secuencia de aprendizaje: \u00abSemana loca del D\u00eda del Ni\u00f1o\u00bb para desarrollar creatividad, emociones e identidad en el aula<\/a><\/h3>\t\t\t\t\t<\/header><!-- .entry-header -->\n\t\t\t\t<\/div><!-- .post-inner -->\n\n\t\t\t<\/div><!-- .post-outer -->\n\t\t<\/article>\n\t\t\t<article id=\"post-118355\" class=\"post-118355 post type-post status-publish format-standard has-post-thumbnail category-descarga category-ninos category-pedagogia tag-aprendizaje tag-comprension-lectora tag-dia-del-nino tag-docentes tag-educacion tag-infancia tag-lectura-infantil tag-pensamiento-critico tag-recursos-educativos cs-entry cs-video-wrap\">\n\t\t\t<div class=\"pk-post-outer\">\n\n\t\t\t\t\t\t\t\t<div class=\"pk-post-inner\">\n\t\t\t\t\t<div class=\"entry-thumbnail\">\n\t\t\t\t\t\t<div class=\"pk-overlay pk-overlay-ratio pk-ratio-landscape\">\n\t\t\t\t\t\t\t<div class=\"pk-overlay-background\">\n\t\t\t\t\t\t\t\t<a href=\"https:\/\/webdelmaestrocmf.com\/portal\/dia-del-nino-aprende-reflexiona-y-fortalece-la-comprension-lectora-descarga-el-cuadernillo-listo-para-usar\/\" class=\"pk-overlay-link\">\n\t\t\t\t\t\t\t\t\t<img loading=\"lazy\" decoding=\"async\" width=\"300\" height=\"225\" src=\"https:\/\/webdelmaestrocmf.com\/portal\/wp-content\/uploads\/2026\/04\/1AA-Banner-1-portada-imagen-10-1-copia-35-300x225.webp\" class=\"attachment-pk-thumbnail size-pk-thumbnail wp-post-image\" alt=\"\" \/>\t\t\t\t\t\t\t\t<\/a>\n\t\t\t\t\t\t\t<\/div>\n\t\t\t\t\t\t<\/div>\n\t\t\t\t\t<\/div>\n\t\t\t\t<\/div>\n\t\t\t\t\n\t\t\t\t<div class=\"pk-post-inner\">\n\t\t\t\t\t<header>\n\t\t\t\t\t\t<h3 class=\"pk-title\"><a href=\"https:\/\/webdelmaestrocmf.com\/portal\/dia-del-nino-aprende-reflexiona-y-fortalece-la-comprension-lectora-descarga-el-cuadernillo-listo-para-usar\/\" rel=\"bookmark\">D\u00eda del Ni\u00f1o: aprende, reflexiona y fortalece la comprensi\u00f3n lectora | Descarga el cuadernillo sobre el \u00abD\u00eda del ni\u00f1o\u00bb listo para usar<\/a><\/h3>\t\t\t\t\t<\/header><!-- .entry-header -->\n\t\t\t\t<\/div><!-- .post-inner -->\n\n\t\t\t<\/div><!-- .post-outer -->\n\t\t<\/article>\n\t\t\t<article id=\"post-20592\" class=\"post-20592 post type-post status-publish format-standard has-post-thumbnail category-descarga category-descargas-manuales-pdf category-estres category-pedagogia tag-docentes tag-educadores tag-guia tag-mindfulness tag-practica cs-entry cs-video-wrap\">\n\t\t\t<div class=\"pk-post-outer\">\n\n\t\t\t\t\t\t\t\t<div class=\"pk-post-inner\">\n\t\t\t\t\t<div class=\"entry-thumbnail\">\n\t\t\t\t\t\t<div class=\"pk-overlay pk-overlay-ratio pk-ratio-landscape\">\n\t\t\t\t\t\t\t<div class=\"pk-overlay-background\">\n\t\t\t\t\t\t\t\t<a href=\"https:\/\/webdelmaestrocmf.com\/portal\/mindfulness-guia-practica-docentes-educadores\/\" class=\"pk-overlay-link\">\n\t\t\t\t\t\t\t\t\t<img loading=\"lazy\" decoding=\"async\" width=\"300\" height=\"225\" src=\"https:\/\/webdelmaestrocmf.com\/portal\/wp-content\/uploads\/2020\/03\/1AA-Banner-1-portada-imagen-10-1-copia-4-300x225.webp\" class=\"attachment-pk-thumbnail size-pk-thumbnail wp-post-image\" alt=\"\" \/>\t\t\t\t\t\t\t\t<\/a>\n\t\t\t\t\t\t\t<\/div>\n\t\t\t\t\t\t<\/div>\n\t\t\t\t\t<\/div>\n\t\t\t\t<\/div>\n\t\t\t\t\n\t\t\t\t<div class=\"pk-post-inner\">\n\t\t\t\t\t<header>\n\t\t\t\t\t\t<h3 class=\"pk-title\"><a href=\"https:\/\/webdelmaestrocmf.com\/portal\/mindfulness-guia-practica-docentes-educadores\/\" rel=\"bookmark\">Mindfulness: Gu\u00eda pr\u00e1ctica para docentes y educadores<\/a><\/h3>\t\t\t\t\t<\/header><!-- .entry-header -->\n\t\t\t\t<\/div><!-- .post-inner -->\n\n\t\t\t<\/div><!-- .post-outer -->\n\t\t<\/article>\n\t\t\t\t<\/div>\n\t\t<\/div>\n\t\t\n","protected":false},"excerpt":{"rendered":"La autoevaluaci\u00f3n de padres fortalece el compromiso familiar, mejora el seguimiento escolar y promueve una colaboraci\u00f3n efectiva entre familia y escuela.","protected":false},"author":1,"featured_media":108618,"comment_status":"open","ping_status":"closed","sticky":false,"template":"","format":"standard","meta":{"csco_display_header_overlay":false,"csco_singular_sidebar":"","csco_page_header_type":"","csco_page_load_nextpost":"","csco_post_video_location":[],"csco_post_video_location_hash":"","csco_post_video_url":"","csco_post_video_bg_start_time":0,"csco_post_video_bg_end_time":0,"csco_post_video_bg_volume":false,"_jetpack_memberships_contains_paid_content":false,"footnotes":""},"categories":[23408],"tags":[5174,2335,97,184],"class_list":{"0":"post-108616","1":"post","2":"type-post","3":"status-publish","4":"format-standard","5":"has-post-thumbnail","7":"category-descarga","8":"tag-autoevaluacion","9":"tag-desempeno","10":"tag-familia","11":"tag-padres","12":"cs-entry","13":"cs-video-wrap"},"yoast_head":"<!-- This site is optimized with the Yoast SEO plugin v27.5 - https:\/\/yoast.com\/product\/yoast-seo-wordpress\/ -->\n<title>Autoevaluaci\u00f3n del desempe\u00f1o de Padres de Familia - 2026<\/title>\n<meta name=\"description\" content=\"La participaci\u00f3n activa de las madres y los padres en la educaci\u00f3n de sus hijos es un pilar fundamental para el logro acad\u00e9mico.\" \/>\n<meta name=\"robots\" content=\"index, follow, max-snippet:-1, max-image-preview:large, max-video-preview:-1\" \/>\n<link rel=\"canonical\" href=\"https:\/\/webdelmaestrocmf.com\/portal\/autoevaluacion-del-desempeno-de-padres-de-familia\/\" \/>\n<meta property=\"og:locale\" content=\"es_ES\" \/>\n<meta property=\"og:type\" content=\"article\" \/>\n<meta property=\"og:title\" content=\"Autoevaluaci\u00f3n del desempe\u00f1o de Padres de Familia - 2026\" \/>\n<meta property=\"og:description\" content=\"La participaci\u00f3n activa de las madres y los padres en la educaci\u00f3n de sus hijos es un pilar fundamental para el logro acad\u00e9mico.\" \/>\n<meta property=\"og:url\" content=\"https:\/\/webdelmaestrocmf.com\/portal\/autoevaluacion-del-desempeno-de-padres-de-familia\/\" \/>\n<meta property=\"og:site_name\" content=\"Web del Maestro CMF\" \/>\n<meta property=\"article:publisher\" content=\"https:\/\/www.facebook.com\/WebdelMaestroCMF\/\" \/>\n<meta property=\"article:author\" content=\"https:\/\/www.facebook.com\/WebdelMaestroCMF\/\" \/>\n<meta property=\"article:published_time\" content=\"2026-03-10T04:40:00+00:00\" \/>\n<meta property=\"article:modified_time\" content=\"2026-03-10T13:35:24+00:00\" \/>\n<meta property=\"og:image\" content=\"https:\/\/webdelmaestrocmf.com\/portal\/wp-content\/uploads\/2025\/04\/1A-Banner-1-portada-imagen-10-1-33.jpg\" \/>\n\t<meta property=\"og:image:width\" content=\"1024\" \/>\n\t<meta property=\"og:image:height\" content=\"1024\" \/>\n\t<meta property=\"og:image:type\" content=\"image\/jpeg\" \/>\n<meta name=\"author\" content=\"Web del Maestro CMF\" \/>\n<meta name=\"twitter:card\" content=\"summary_large_image\" \/>\n<meta name=\"twitter:creator\" content=\"@cmf_w\" \/>\n<meta name=\"twitter:site\" content=\"@cmf_w\" \/>\n<script type=\"application\/ld+json\" class=\"yoast-schema-graph\">{\"@context\":\"https:\\\/\\\/schema.org\",\"@graph\":[{\"@type\":\"ScholarlyArticle\",\"@id\":\"https:\\\/\\\/webdelmaestrocmf.com\\\/portal\\\/autoevaluacion-del-desempeno-de-padres-de-familia\\\/#article\",\"isPartOf\":{\"@id\":\"https:\\\/\\\/webdelmaestrocmf.com\\\/portal\\\/autoevaluacion-del-desempeno-de-padres-de-familia\\\/\"},\"author\":{\"name\":\"Web del Maestro CMF\",\"@id\":\"https:\\\/\\\/webdelmaestrocmf.com\\\/portal\\\/#\\\/schema\\\/person\\\/1072a2ed7bd960df8ef99a551fa35dc5\"},\"headline\":\"Autoevaluaci\u00f3n del desempe\u00f1o de Padres de Familia\",\"datePublished\":\"2026-03-10T04:40:00+00:00\",\"dateModified\":\"2026-03-10T13:35:24+00:00\",\"mainEntityOfPage\":{\"@id\":\"https:\\\/\\\/webdelmaestrocmf.com\\\/portal\\\/autoevaluacion-del-desempeno-de-padres-de-familia\\\/\"},\"wordCount\":341,\"commentCount\":0,\"publisher\":{\"@id\":\"https:\\\/\\\/webdelmaestrocmf.com\\\/portal\\\/#organization\"},\"image\":{\"@id\":\"https:\\\/\\\/webdelmaestrocmf.com\\\/portal\\\/autoevaluacion-del-desempeno-de-padres-de-familia\\\/#primaryimage\"},\"thumbnailUrl\":\"https:\\\/\\\/webdelmaestrocmf.com\\\/portal\\\/wp-content\\\/uploads\\\/2025\\\/04\\\/1A-Banner-1-portada-imagen-10-1-33.jpg\",\"keywords\":[\"Autoevaluaci\u00f3n\",\"DESEMPE\u00d1O\",\"familia\",\"padres\"],\"articleSection\":[\"Descarga\"],\"inLanguage\":\"es\",\"potentialAction\":[{\"@type\":\"CommentAction\",\"name\":\"Comment\",\"target\":[\"https:\\\/\\\/webdelmaestrocmf.com\\\/portal\\\/autoevaluacion-del-desempeno-de-padres-de-familia\\\/#respond\"]}]},{\"@type\":\"WebPage\",\"@id\":\"https:\\\/\\\/webdelmaestrocmf.com\\\/portal\\\/autoevaluacion-del-desempeno-de-padres-de-familia\\\/\",\"url\":\"https:\\\/\\\/webdelmaestrocmf.com\\\/portal\\\/autoevaluacion-del-desempeno-de-padres-de-familia\\\/\",\"name\":\"Autoevaluaci\u00f3n del desempe\u00f1o de Padres de Familia - 2026\",\"isPartOf\":{\"@id\":\"https:\\\/\\\/webdelmaestrocmf.com\\\/portal\\\/#website\"},\"primaryImageOfPage\":{\"@id\":\"https:\\\/\\\/webdelmaestrocmf.com\\\/portal\\\/autoevaluacion-del-desempeno-de-padres-de-familia\\\/#primaryimage\"},\"image\":{\"@id\":\"https:\\\/\\\/webdelmaestrocmf.com\\\/portal\\\/autoevaluacion-del-desempeno-de-padres-de-familia\\\/#primaryimage\"},\"thumbnailUrl\":\"https:\\\/\\\/webdelmaestrocmf.com\\\/portal\\\/wp-content\\\/uploads\\\/2025\\\/04\\\/1A-Banner-1-portada-imagen-10-1-33.jpg\",\"datePublished\":\"2026-03-10T04:40:00+00:00\",\"dateModified\":\"2026-03-10T13:35:24+00:00\",\"description\":\"La participaci\u00f3n activa de las madres y los padres en la educaci\u00f3n de sus hijos es un pilar fundamental para el logro acad\u00e9mico.\",\"breadcrumb\":{\"@id\":\"https:\\\/\\\/webdelmaestrocmf.com\\\/portal\\\/autoevaluacion-del-desempeno-de-padres-de-familia\\\/#breadcrumb\"},\"inLanguage\":\"es\",\"potentialAction\":[{\"@type\":\"ReadAction\",\"target\":[\"https:\\\/\\\/webdelmaestrocmf.com\\\/portal\\\/autoevaluacion-del-desempeno-de-padres-de-familia\\\/\"]}]},{\"@type\":\"ImageObject\",\"inLanguage\":\"es\",\"@id\":\"https:\\\/\\\/webdelmaestrocmf.com\\\/portal\\\/autoevaluacion-del-desempeno-de-padres-de-familia\\\/#primaryimage\",\"url\":\"https:\\\/\\\/webdelmaestrocmf.com\\\/portal\\\/wp-content\\\/uploads\\\/2025\\\/04\\\/1A-Banner-1-portada-imagen-10-1-33.jpg\",\"contentUrl\":\"https:\\\/\\\/webdelmaestrocmf.com\\\/portal\\\/wp-content\\\/uploads\\\/2025\\\/04\\\/1A-Banner-1-portada-imagen-10-1-33.jpg\",\"width\":1024,\"height\":1024},{\"@type\":\"BreadcrumbList\",\"@id\":\"https:\\\/\\\/webdelmaestrocmf.com\\\/portal\\\/autoevaluacion-del-desempeno-de-padres-de-familia\\\/#breadcrumb\",\"itemListElement\":[{\"@type\":\"ListItem\",\"position\":1,\"name\":\"Portada\",\"item\":\"https:\\\/\\\/webdelmaestrocmf.com\\\/portal\\\/\"},{\"@type\":\"ListItem\",\"position\":2,\"name\":\"Descarga\",\"item\":\"https:\\\/\\\/webdelmaestrocmf.com\\\/portal\\\/category\\\/descarga\\\/\"},{\"@type\":\"ListItem\",\"position\":3,\"name\":\"Autoevaluaci\u00f3n del desempe\u00f1o de Padres de Familia\"}]},{\"@type\":\"WebSite\",\"@id\":\"https:\\\/\\\/webdelmaestrocmf.com\\\/portal\\\/#website\",\"url\":\"https:\\\/\\\/webdelmaestrocmf.com\\\/portal\\\/\",\"name\":\"Web del Maestro CMF\",\"description\":\"Maestros al servicio de la educaci\u00f3n\",\"publisher\":{\"@id\":\"https:\\\/\\\/webdelmaestrocmf.com\\\/portal\\\/#organization\"},\"alternateName\":\"WMCMF\",\"potentialAction\":[{\"@type\":\"SearchAction\",\"target\":{\"@type\":\"EntryPoint\",\"urlTemplate\":\"https:\\\/\\\/webdelmaestrocmf.com\\\/portal\\\/?s={search_term_string}\"},\"query-input\":{\"@type\":\"PropertyValueSpecification\",\"valueRequired\":true,\"valueName\":\"search_term_string\"}}],\"inLanguage\":\"es\"},{\"@type\":\"Organization\",\"@id\":\"https:\\\/\\\/webdelmaestrocmf.com\\\/portal\\\/#organization\",\"name\":\"Web del Maestro CMF\",\"alternateName\":\"WMCMF\",\"url\":\"https:\\\/\\\/webdelmaestrocmf.com\\\/portal\\\/\",\"logo\":{\"@type\":\"ImageObject\",\"inLanguage\":\"es\",\"@id\":\"https:\\\/\\\/webdelmaestrocmf.com\\\/portal\\\/#\\\/schema\\\/logo\\\/image\\\/\",\"url\":\"https:\\\/\\\/webdelmaestrocmf.com\\\/portal\\\/wp-content\\\/uploads\\\/2023\\\/01\\\/logo-wmcmf-2.png\",\"contentUrl\":\"https:\\\/\\\/webdelmaestrocmf.com\\\/portal\\\/wp-content\\\/uploads\\\/2023\\\/01\\\/logo-wmcmf-2.png\",\"width\":200,\"height\":60,\"caption\":\"Web del Maestro CMF\"},\"image\":{\"@id\":\"https:\\\/\\\/webdelmaestrocmf.com\\\/portal\\\/#\\\/schema\\\/logo\\\/image\\\/\"},\"sameAs\":[\"https:\\\/\\\/www.facebook.com\\\/WebdelMaestroCMF\\\/\",\"https:\\\/\\\/x.com\\\/cmf_w\",\"https:\\\/\\\/www.pinterest.com\\\/WMCMF\\\/\",\"https:\\\/\\\/www.linkedin.com\\\/company\\\/web-del-maestro-cmf\\\/\",\"https:\\\/\\\/www.instagram.com\\\/wmcmf\\\/\",\"https:\\\/\\\/www.youtube.com\\\/channel\\\/UCDPSvjbdodE5sHnC3OxutHw\",\"https:\\\/\\\/mastodon.social\\\/@wmcmf\",\"https:\\\/\\\/www.tiktok.com\\\/@webdelmaestrocmf\"]},{\"@type\":\"Person\",\"@id\":\"https:\\\/\\\/webdelmaestrocmf.com\\\/portal\\\/#\\\/schema\\\/person\\\/1072a2ed7bd960df8ef99a551fa35dc5\",\"name\":\"Web del Maestro CMF\",\"image\":{\"@type\":\"ImageObject\",\"inLanguage\":\"es\",\"@id\":\"https:\\\/\\\/secure.gravatar.com\\\/avatar\\\/23291dd5b5ae1077dcff3dbb04c3e02bd28403fa75af6d8787d5e97c5bbbe30b?s=96&d=mm&r=g\",\"url\":\"https:\\\/\\\/secure.gravatar.com\\\/avatar\\\/23291dd5b5ae1077dcff3dbb04c3e02bd28403fa75af6d8787d5e97c5bbbe30b?s=96&d=mm&r=g\",\"contentUrl\":\"https:\\\/\\\/secure.gravatar.com\\\/avatar\\\/23291dd5b5ae1077dcff3dbb04c3e02bd28403fa75af6d8787d5e97c5bbbe30b?s=96&d=mm&r=g\",\"caption\":\"Web del Maestro CMF\"},\"description\":\"Esta Web se cre\u00f3 sin fines de lucro, con fines educativos, cient\u00edficos y acad\u00e9micos, para personas que tengan dificultades y\\\/o inconvenientes en visualizar el material original. El objetivo es entregar recursos, compartir experiencias y materiales que ayuden a los padres de familia, maestros y estudiantes en su actualizaci\u00f3n y formaci\u00f3n permanente, en bien de la Educaci\u00f3n.\",\"sameAs\":[\"http:\\\/\\\/webdelmaestrocmf.com\\\/portal\",\"https:\\\/\\\/www.facebook.com\\\/WebdelMaestroCMF\\\/\",\"https:\\\/\\\/www.instagram.com\\\/wmcmf\\\/\",\"https:\\\/\\\/cl.linkedin.com\\\/company\\\/web-del-maestro-cmf\",\"https:\\\/\\\/www.pinterest.com\\\/WMCMF\\\/publicaciones\\\/\",\"https:\\\/\\\/x.com\\\/cmf_w\",\"https:\\\/\\\/www.youtube.com\\\/@WMCMF\"]}]}<\/script>\n<!-- \/ Yoast SEO plugin. -->","yoast_head_json":{"title":"Autoevaluaci\u00f3n del desempe\u00f1o de Padres de Familia - 2026","description":"La participaci\u00f3n activa de las madres y los padres en la educaci\u00f3n de sus hijos es un pilar fundamental para el logro acad\u00e9mico.","robots":{"index":"index","follow":"follow","max-snippet":"max-snippet:-1","max-image-preview":"max-image-preview:large","max-video-preview":"max-video-preview:-1"},"canonical":"https:\/\/webdelmaestrocmf.com\/portal\/autoevaluacion-del-desempeno-de-padres-de-familia\/","og_locale":"es_ES","og_type":"article","og_title":"Autoevaluaci\u00f3n del desempe\u00f1o de Padres de Familia - 2026","og_description":"La participaci\u00f3n activa de las madres y los padres en la educaci\u00f3n de sus hijos es un pilar fundamental para el logro acad\u00e9mico.","og_url":"https:\/\/webdelmaestrocmf.com\/portal\/autoevaluacion-del-desempeno-de-padres-de-familia\/","og_site_name":"Web del Maestro CMF","article_publisher":"https:\/\/www.facebook.com\/WebdelMaestroCMF\/","article_author":"https:\/\/www.facebook.com\/WebdelMaestroCMF\/","article_published_time":"2026-03-10T04:40:00+00:00","article_modified_time":"2026-03-10T13:35:24+00:00","og_image":[{"width":1024,"height":1024,"url":"https:\/\/webdelmaestrocmf.com\/portal\/wp-content\/uploads\/2025\/04\/1A-Banner-1-portada-imagen-10-1-33.jpg","type":"image\/jpeg"}],"author":"Web del Maestro CMF","twitter_card":"summary_large_image","twitter_creator":"@cmf_w","twitter_site":"@cmf_w","schema":{"@context":"https:\/\/schema.org","@graph":[{"@type":"ScholarlyArticle","@id":"https:\/\/webdelmaestrocmf.com\/portal\/autoevaluacion-del-desempeno-de-padres-de-familia\/#article","isPartOf":{"@id":"https:\/\/webdelmaestrocmf.com\/portal\/autoevaluacion-del-desempeno-de-padres-de-familia\/"},"author":{"name":"Web del Maestro CMF","@id":"https:\/\/webdelmaestrocmf.com\/portal\/#\/schema\/person\/1072a2ed7bd960df8ef99a551fa35dc5"},"headline":"Autoevaluaci\u00f3n del desempe\u00f1o de Padres de Familia","datePublished":"2026-03-10T04:40:00+00:00","dateModified":"2026-03-10T13:35:24+00:00","mainEntityOfPage":{"@id":"https:\/\/webdelmaestrocmf.com\/portal\/autoevaluacion-del-desempeno-de-padres-de-familia\/"},"wordCount":341,"commentCount":0,"publisher":{"@id":"https:\/\/webdelmaestrocmf.com\/portal\/#organization"},"image":{"@id":"https:\/\/webdelmaestrocmf.com\/portal\/autoevaluacion-del-desempeno-de-padres-de-familia\/#primaryimage"},"thumbnailUrl":"https:\/\/webdelmaestrocmf.com\/portal\/wp-content\/uploads\/2025\/04\/1A-Banner-1-portada-imagen-10-1-33.jpg","keywords":["Autoevaluaci\u00f3n","DESEMPE\u00d1O","familia","padres"],"articleSection":["Descarga"],"inLanguage":"es","potentialAction":[{"@type":"CommentAction","name":"Comment","target":["https:\/\/webdelmaestrocmf.com\/portal\/autoevaluacion-del-desempeno-de-padres-de-familia\/#respond"]}]},{"@type":"WebPage","@id":"https:\/\/webdelmaestrocmf.com\/portal\/autoevaluacion-del-desempeno-de-padres-de-familia\/","url":"https:\/\/webdelmaestrocmf.com\/portal\/autoevaluacion-del-desempeno-de-padres-de-familia\/","name":"Autoevaluaci\u00f3n del desempe\u00f1o de Padres de Familia - 2026","isPartOf":{"@id":"https:\/\/webdelmaestrocmf.com\/portal\/#website"},"primaryImageOfPage":{"@id":"https:\/\/webdelmaestrocmf.com\/portal\/autoevaluacion-del-desempeno-de-padres-de-familia\/#primaryimage"},"image":{"@id":"https:\/\/webdelmaestrocmf.com\/portal\/autoevaluacion-del-desempeno-de-padres-de-familia\/#primaryimage"},"thumbnailUrl":"https:\/\/webdelmaestrocmf.com\/portal\/wp-content\/uploads\/2025\/04\/1A-Banner-1-portada-imagen-10-1-33.jpg","datePublished":"2026-03-10T04:40:00+00:00","dateModified":"2026-03-10T13:35:24+00:00","description":"La participaci\u00f3n activa de las madres y los padres en la educaci\u00f3n de sus hijos es un pilar fundamental para el logro acad\u00e9mico.","breadcrumb":{"@id":"https:\/\/webdelmaestrocmf.com\/portal\/autoevaluacion-del-desempeno-de-padres-de-familia\/#breadcrumb"},"inLanguage":"es","potentialAction":[{"@type":"ReadAction","target":["https:\/\/webdelmaestrocmf.com\/portal\/autoevaluacion-del-desempeno-de-padres-de-familia\/"]}]},{"@type":"ImageObject","inLanguage":"es","@id":"https:\/\/webdelmaestrocmf.com\/portal\/autoevaluacion-del-desempeno-de-padres-de-familia\/#primaryimage","url":"https:\/\/webdelmaestrocmf.com\/portal\/wp-content\/uploads\/2025\/04\/1A-Banner-1-portada-imagen-10-1-33.jpg","contentUrl":"https:\/\/webdelmaestrocmf.com\/portal\/wp-content\/uploads\/2025\/04\/1A-Banner-1-portada-imagen-10-1-33.jpg","width":1024,"height":1024},{"@type":"BreadcrumbList","@id":"https:\/\/webdelmaestrocmf.com\/portal\/autoevaluacion-del-desempeno-de-padres-de-familia\/#breadcrumb","itemListElement":[{"@type":"ListItem","position":1,"name":"Portada","item":"https:\/\/webdelmaestrocmf.com\/portal\/"},{"@type":"ListItem","position":2,"name":"Descarga","item":"https:\/\/webdelmaestrocmf.com\/portal\/category\/descarga\/"},{"@type":"ListItem","position":3,"name":"Autoevaluaci\u00f3n del desempe\u00f1o de Padres de Familia"}]},{"@type":"WebSite","@id":"https:\/\/webdelmaestrocmf.com\/portal\/#website","url":"https:\/\/webdelmaestrocmf.com\/portal\/","name":"Web del Maestro CMF","description":"Maestros al servicio de la educaci\u00f3n","publisher":{"@id":"https:\/\/webdelmaestrocmf.com\/portal\/#organization"},"alternateName":"WMCMF","potentialAction":[{"@type":"SearchAction","target":{"@type":"EntryPoint","urlTemplate":"https:\/\/webdelmaestrocmf.com\/portal\/?s={search_term_string}"},"query-input":{"@type":"PropertyValueSpecification","valueRequired":true,"valueName":"search_term_string"}}],"inLanguage":"es"},{"@type":"Organization","@id":"https:\/\/webdelmaestrocmf.com\/portal\/#organization","name":"Web del Maestro CMF","alternateName":"WMCMF","url":"https:\/\/webdelmaestrocmf.com\/portal\/","logo":{"@type":"ImageObject","inLanguage":"es","@id":"https:\/\/webdelmaestrocmf.com\/portal\/#\/schema\/logo\/image\/","url":"https:\/\/webdelmaestrocmf.com\/portal\/wp-content\/uploads\/2023\/01\/logo-wmcmf-2.png","contentUrl":"https:\/\/webdelmaestrocmf.com\/portal\/wp-content\/uploads\/2023\/01\/logo-wmcmf-2.png","width":200,"height":60,"caption":"Web del Maestro CMF"},"image":{"@id":"https:\/\/webdelmaestrocmf.com\/portal\/#\/schema\/logo\/image\/"},"sameAs":["https:\/\/www.facebook.com\/WebdelMaestroCMF\/","https:\/\/x.com\/cmf_w","https:\/\/www.pinterest.com\/WMCMF\/","https:\/\/www.linkedin.com\/company\/web-del-maestro-cmf\/","https:\/\/www.instagram.com\/wmcmf\/","https:\/\/www.youtube.com\/channel\/UCDPSvjbdodE5sHnC3OxutHw","https:\/\/mastodon.social\/@wmcmf","https:\/\/www.tiktok.com\/@webdelmaestrocmf"]},{"@type":"Person","@id":"https:\/\/webdelmaestrocmf.com\/portal\/#\/schema\/person\/1072a2ed7bd960df8ef99a551fa35dc5","name":"Web del Maestro CMF","image":{"@type":"ImageObject","inLanguage":"es","@id":"https:\/\/secure.gravatar.com\/avatar\/23291dd5b5ae1077dcff3dbb04c3e02bd28403fa75af6d8787d5e97c5bbbe30b?s=96&d=mm&r=g","url":"https:\/\/secure.gravatar.com\/avatar\/23291dd5b5ae1077dcff3dbb04c3e02bd28403fa75af6d8787d5e97c5bbbe30b?s=96&d=mm&r=g","contentUrl":"https:\/\/secure.gravatar.com\/avatar\/23291dd5b5ae1077dcff3dbb04c3e02bd28403fa75af6d8787d5e97c5bbbe30b?s=96&d=mm&r=g","caption":"Web del Maestro CMF"},"description":"Esta Web se cre\u00f3 sin fines de lucro, con fines educativos, cient\u00edficos y acad\u00e9micos, para personas que tengan dificultades y\/o inconvenientes en visualizar el material original. El objetivo es entregar recursos, compartir experiencias y materiales que ayuden a los padres de familia, maestros y estudiantes en su actualizaci\u00f3n y formaci\u00f3n permanente, en bien de la Educaci\u00f3n.","sameAs":["http:\/\/webdelmaestrocmf.com\/portal","https:\/\/www.facebook.com\/WebdelMaestroCMF\/","https:\/\/www.instagram.com\/wmcmf\/","https:\/\/cl.linkedin.com\/company\/web-del-maestro-cmf","https:\/\/www.pinterest.com\/WMCMF\/publicaciones\/","https:\/\/x.com\/cmf_w","https:\/\/www.youtube.com\/@WMCMF"]}]}},"jetpack_featured_media_url":"https:\/\/webdelmaestrocmf.com\/portal\/wp-content\/uploads\/2025\/04\/1A-Banner-1-portada-imagen-10-1-33.jpg","jetpack_sharing_enabled":true,"jetpack-related-posts":[{"id":114907,"url":"https:\/\/webdelmaestrocmf.com\/portal\/descarga-la-boleta-de-autoevaluacion-para-padres-de-familia-una-herramienta-clave-para-fortalecer-el-vinculo-escuela-familia\/","url_meta":{"origin":108616,"position":0},"title":"Descarga la Boleta de autoevaluaci\u00f3n para padres de familia: una herramienta clave para fortalecer el v\u00ednculo escuela\u2013familia","author":"Web del Maestro CMF","date":"21 enero, 2026","format":false,"excerpt":"Herramienta pedag\u00f3gica que invita a los padres a reflexionar sobre su compromiso educativo y fortalecer la corresponsabilidad familia escuela hogar.","rel":"","context":"En \u00abDescargas Manuales PDF\u00bb","block_context":{"text":"Descargas Manuales PDF","link":"https:\/\/webdelmaestrocmf.com\/portal\/category\/pedagogia\/descargas-manuales-pdf\/"},"img":{"alt_text":"","src":"https:\/\/i0.wp.com\/webdelmaestrocmf.com\/portal\/wp-content\/uploads\/2026\/01\/1A-Banner-1-portada-imagen-10-1-copia-1-10.webp?resize=350%2C200&ssl=1","width":350,"height":200,"srcset":"https:\/\/i0.wp.com\/webdelmaestrocmf.com\/portal\/wp-content\/uploads\/2026\/01\/1A-Banner-1-portada-imagen-10-1-copia-1-10.webp?resize=350%2C200&ssl=1 1x, https:\/\/i0.wp.com\/webdelmaestrocmf.com\/portal\/wp-content\/uploads\/2026\/01\/1A-Banner-1-portada-imagen-10-1-copia-1-10.webp?resize=525%2C300&ssl=1 1.5x, https:\/\/i0.wp.com\/webdelmaestrocmf.com\/portal\/wp-content\/uploads\/2026\/01\/1A-Banner-1-portada-imagen-10-1-copia-1-10.webp?resize=700%2C400&ssl=1 2x"},"classes":[]},{"id":90996,"url":"https:\/\/webdelmaestrocmf.com\/portal\/cuales-son-los-elementos-de-la-evaluacion\/","url_meta":{"origin":108616,"position":1},"title":"Cu\u00e1les son los elementos de la evaluaci\u00f3n","author":"Web del Maestro CMF","date":"25 julio, 2023","format":false,"excerpt":"Cuando se eval\u00faa desde el enfoque formativo se debe tener presente una serie de elementos para el dise\u00f1o, el desarrollo y la reflexi\u00f3n del proceso evaluativo, que se refieren a las siguientes preguntas: \u00bfQu\u00e9 se eval\u00faa? \u00bfPara qu\u00e9 se eval\u00faa? \u00bfQui\u00e9nes eval\u00faan? \u00bfCu\u00e1ndo se eval\u00faa? \u00bfC\u00f3mo se eval\u00faa? \u00bfC\u00f3mo se\u2026","rel":"","context":"En \u00abEvaluar\u00bb","block_context":{"text":"Evaluar","link":"https:\/\/webdelmaestrocmf.com\/portal\/category\/pedagogia\/evaluar\/"},"img":{"alt_text":"","src":"https:\/\/i0.wp.com\/webdelmaestrocmf.com\/portal\/wp-content\/uploads\/2023\/07\/A12B3C4D-3-1.jpg?resize=350%2C200&ssl=1","width":350,"height":200,"srcset":"https:\/\/i0.wp.com\/webdelmaestrocmf.com\/portal\/wp-content\/uploads\/2023\/07\/A12B3C4D-3-1.jpg?resize=350%2C200&ssl=1 1x, https:\/\/i0.wp.com\/webdelmaestrocmf.com\/portal\/wp-content\/uploads\/2023\/07\/A12B3C4D-3-1.jpg?resize=525%2C300&ssl=1 1.5x, https:\/\/i0.wp.com\/webdelmaestrocmf.com\/portal\/wp-content\/uploads\/2023\/07\/A12B3C4D-3-1.jpg?resize=700%2C400&ssl=1 2x"},"classes":[]},{"id":107746,"url":"https:\/\/webdelmaestrocmf.com\/portal\/la-clave-del-exito-escolar-es-involucrar-a-las-familias-en-el-aprendizaje\/","url_meta":{"origin":108616,"position":2},"title":"La clave del \u00e9xito escolar es involucrar a las familias en el aprendizaje","author":"Web del Maestro CMF","date":"29 enero, 2025","format":false,"excerpt":"La participaci\u00f3n activa de los padres de familia en la educaci\u00f3n de sus hijos es un factor determinante para su \u00e9xito acad\u00e9mico. Sin embargo, muchas familias, especialmente en la etapa de la adolescencia, tienden a disminuir su involucramiento bajo la creencia de que sus hijos ya no necesitan su apoyo.\u2026","rel":"","context":"En \u00abEducaci\u00f3n y Familia\u00bb","block_context":{"text":"Educaci\u00f3n y Familia","link":"https:\/\/webdelmaestrocmf.com\/portal\/category\/pedagogia\/educacion-y-familia\/"},"img":{"alt_text":"","src":"https:\/\/i0.wp.com\/webdelmaestrocmf.com\/portal\/wp-content\/uploads\/2025\/01\/1A-Banner-1-portada-imagen-10-1-44.jpg?resize=350%2C200&ssl=1","width":350,"height":200,"srcset":"https:\/\/i0.wp.com\/webdelmaestrocmf.com\/portal\/wp-content\/uploads\/2025\/01\/1A-Banner-1-portada-imagen-10-1-44.jpg?resize=350%2C200&ssl=1 1x, https:\/\/i0.wp.com\/webdelmaestrocmf.com\/portal\/wp-content\/uploads\/2025\/01\/1A-Banner-1-portada-imagen-10-1-44.jpg?resize=525%2C300&ssl=1 1.5x, https:\/\/i0.wp.com\/webdelmaestrocmf.com\/portal\/wp-content\/uploads\/2025\/01\/1A-Banner-1-portada-imagen-10-1-44.jpg?resize=700%2C400&ssl=1 2x"},"classes":[]},{"id":80140,"url":"https:\/\/webdelmaestrocmf.com\/portal\/la-autoevaluacion-como-herramienta-para-la-concienciacion-del-aprendizaje\/","url_meta":{"origin":108616,"position":3},"title":"La autoevaluaci\u00f3n como herramienta para la concienciaci\u00f3n del aprendizaje. Descarga las fichas de Ejercicio de Autoevaluaci\u00f3n.","author":"Web del Maestro CMF","date":"4 noviembre, 2025","format":false,"excerpt":"La autoevaluaci\u00f3n permite a los estudiantes reflexionar sobre sus aprendizajes, identificar avances y dificultades, asumir responsabilidad, ajustar su desempe\u00f1o y desarrollar capacidad cr\u00edtica mediante pr\u00e1ctica guiada progresiva en el aula.","rel":"","context":"En \u00abEvaluar\u00bb","block_context":{"text":"Evaluar","link":"https:\/\/webdelmaestrocmf.com\/portal\/category\/pedagogia\/evaluar\/"},"img":{"alt_text":"","src":"https:\/\/i0.wp.com\/webdelmaestrocmf.com\/portal\/wp-content\/uploads\/2022\/09\/Descarga-gratis-las-Actividades-de-Estimulacion-Cognitiva-con-Fichas.-2.jpg?resize=350%2C200&ssl=1","width":350,"height":200,"srcset":"https:\/\/i0.wp.com\/webdelmaestrocmf.com\/portal\/wp-content\/uploads\/2022\/09\/Descarga-gratis-las-Actividades-de-Estimulacion-Cognitiva-con-Fichas.-2.jpg?resize=350%2C200&ssl=1 1x, https:\/\/i0.wp.com\/webdelmaestrocmf.com\/portal\/wp-content\/uploads\/2022\/09\/Descarga-gratis-las-Actividades-de-Estimulacion-Cognitiva-con-Fichas.-2.jpg?resize=525%2C300&ssl=1 1.5x, https:\/\/i0.wp.com\/webdelmaestrocmf.com\/portal\/wp-content\/uploads\/2022\/09\/Descarga-gratis-las-Actividades-de-Estimulacion-Cognitiva-con-Fichas.-2.jpg?resize=700%2C400&ssl=1 2x"},"classes":[]},{"id":15506,"url":"https:\/\/webdelmaestrocmf.com\/portal\/el-conflicto-con-los-padres-de-familia-por-el-bajo-rendimiento-escolar\/","url_meta":{"origin":108616,"position":4},"title":"[Heriberto Prieto] El conflicto con los padres de familia por el bajo rendimiento escolar","author":"Web del Maestro CMF","date":"2 marzo, 2017","format":false,"excerpt":"El conflicto con los padres de familia ante los resultados del bajo rendimiento escolar es una de las causantes del desinter\u00e9s de los alumnos por mejorar su aprovechamiento y desempe\u00f1o escolar. Al t\u00e9rmino de cada periodo de evaluaci\u00f3n educativa, se evidencian momentos de mucha inquietud por parte de los padres\u2026","rel":"","context":"En \u00abZ-Colaborador-Heriberto-Prieto\u00bb","block_context":{"text":"Z-Colaborador-Heriberto-Prieto","link":"https:\/\/webdelmaestrocmf.com\/portal\/category\/colaborador\/z-colaborador-heriberto-prieto\/"},"img":{"alt_text":"","src":"https:\/\/i0.wp.com\/webdelmaestrocmf.com\/portal\/wp-content\/uploads\/2023\/06\/A12B3C4D-1.jpg?resize=350%2C200&ssl=1","width":350,"height":200,"srcset":"https:\/\/i0.wp.com\/webdelmaestrocmf.com\/portal\/wp-content\/uploads\/2023\/06\/A12B3C4D-1.jpg?resize=350%2C200&ssl=1 1x, https:\/\/i0.wp.com\/webdelmaestrocmf.com\/portal\/wp-content\/uploads\/2023\/06\/A12B3C4D-1.jpg?resize=525%2C300&ssl=1 1.5x, https:\/\/i0.wp.com\/webdelmaestrocmf.com\/portal\/wp-content\/uploads\/2023\/06\/A12B3C4D-1.jpg?resize=700%2C400&ssl=1 2x"},"classes":[]},{"id":103124,"url":"https:\/\/webdelmaestrocmf.com\/portal\/13-nuevos-modelos-de-acta-de-compromiso-del-padre-de-familia\/","url_meta":{"origin":108616,"position":5},"title":"13 nuevos modelos de Acta de compromiso del padre de familia","author":"Web del Maestro CMF","date":"2 julio, 2025","format":false,"excerpt":"\u00a1Aprovecha! Compartimos hoy 13 modelos de formatos editables en Word, teniendo como modelo el Acta de Compromiso del Padre de Familia","rel":"","context":"En \u00abDescarga\u00bb","block_context":{"text":"Descarga","link":"https:\/\/webdelmaestrocmf.com\/portal\/category\/descarga\/"},"img":{"alt_text":"Acta de compromiso","src":"https:\/\/i0.wp.com\/webdelmaestrocmf.com\/portal\/wp-content\/uploads\/2024\/01\/Banner-1-portada-imagen-10-11-1.jpg?resize=350%2C200&ssl=1","width":350,"height":200,"srcset":"https:\/\/i0.wp.com\/webdelmaestrocmf.com\/portal\/wp-content\/uploads\/2024\/01\/Banner-1-portada-imagen-10-11-1.jpg?resize=350%2C200&ssl=1 1x, https:\/\/i0.wp.com\/webdelmaestrocmf.com\/portal\/wp-content\/uploads\/2024\/01\/Banner-1-portada-imagen-10-11-1.jpg?resize=525%2C300&ssl=1 1.5x, https:\/\/i0.wp.com\/webdelmaestrocmf.com\/portal\/wp-content\/uploads\/2024\/01\/Banner-1-portada-imagen-10-11-1.jpg?resize=700%2C400&ssl=1 2x"},"classes":[]}],"_links":{"self":[{"href":"https:\/\/webdelmaestrocmf.com\/portal\/wp-json\/wp\/v2\/posts\/108616","targetHints":{"allow":["GET"]}}],"collection":[{"href":"https:\/\/webdelmaestrocmf.com\/portal\/wp-json\/wp\/v2\/posts"}],"about":[{"href":"https:\/\/webdelmaestrocmf.com\/portal\/wp-json\/wp\/v2\/types\/post"}],"author":[{"embeddable":true,"href":"https:\/\/webdelmaestrocmf.com\/portal\/wp-json\/wp\/v2\/users\/1"}],"replies":[{"embeddable":true,"href":"https:\/\/webdelmaestrocmf.com\/portal\/wp-json\/wp\/v2\/comments?post=108616"}],"version-history":[{"count":6,"href":"https:\/\/webdelmaestrocmf.com\/portal\/wp-json\/wp\/v2\/posts\/108616\/revisions"}],"predecessor-version":[{"id":116251,"href":"https:\/\/webdelmaestrocmf.com\/portal\/wp-json\/wp\/v2\/posts\/108616\/revisions\/116251"}],"wp:featuredmedia":[{"embeddable":true,"href":"https:\/\/webdelmaestrocmf.com\/portal\/wp-json\/wp\/v2\/media\/108618"}],"wp:attachment":[{"href":"https:\/\/webdelmaestrocmf.com\/portal\/wp-json\/wp\/v2\/media?parent=108616"}],"wp:term":[{"taxonomy":"category","embeddable":true,"href":"https:\/\/webdelmaestrocmf.com\/portal\/wp-json\/wp\/v2\/categories?post=108616"},{"taxonomy":"post_tag","embeddable":true,"href":"https:\/\/webdelmaestrocmf.com\/portal\/wp-json\/wp\/v2\/tags?post=108616"}],"curies":[{"name":"wp","href":"https:\/\/api.w.org\/{rel}","templated":true}]}}