{"id":108600,"date":"2025-04-03T11:56:24","date_gmt":"2025-04-03T14:56:24","guid":{"rendered":"https:\/\/webdelmaestrocmf.com\/portal\/?p=108600"},"modified":"2025-06-17T12:37:39","modified_gmt":"2025-06-17T16:37:39","slug":"una-nina-de-11-anos-se-quito-la-vida-tras-encerrarse-en-el-bano-luego-de-que-sus-padres-le-quitaran-el-celular","status":"publish","type":"post","link":"https:\/\/webdelmaestrocmf.com\/portal\/una-nina-de-11-anos-se-quito-la-vida-tras-encerrarse-en-el-bano-luego-de-que-sus-padres-le-quitaran-el-celular\/","title":{"rendered":"Una ni\u00f1a de 11 a\u00f1os se quit\u00f3 la vida tras encerrarse en el ba\u00f1o, luego de que sus padres le quitaran el celular"},"content":{"rendered":"<p class=\"\" style=\"text-align: justify;\" data-start=\"0\" data-end=\"126\">\u200b<span class=\"relative -mx-px my-[-0.2rem] rounded-sm px-px py-[0.2rem]\">El pasado martes 7 de enero de 2025, la comunidad de Tucacas, en el estado Falc\u00f3n, Venezuela, fue sacudida por una tr\u00e1gica noticia: una ni\u00f1a de 11 a\u00f1os se quit\u00f3 la vida en su hogar tras una medida disciplinaria impuesta por sus padres, quienes le restringieron el uso de su tel\u00e9fono celular.<\/span> \u200b<!--more--><\/p>\n<p class=\"\" style=\"text-align: justify;\" data-start=\"128\" data-end=\"361\"><span class=\"relative -mx-px my-[-0.2rem] rounded-sm px-px py-[0.2rem]\">El incidente tuvo lugar en la calle 5 del sector La Invasi\u00f3n, una zona conocida por su densidad poblacional y recursos limitados.<\/span> <span class=\"relative -mx-px my-[-0.2rem] rounded-sm px-px py-[0.2rem]\">Seg\u00fan informes de medios locales, la menor, tras recibir la sanci\u00f3n, manifest\u00f3 su intenci\u00f3n de ducharse y se dirigi\u00f3 al ba\u00f1o, donde se encerr\u00f3.<\/span> <span class=\"relative -mx-px my-[-0.2rem] rounded-sm px-px py-[0.2rem]\">Al notar que tardaba m\u00e1s de lo habitual, su madre intent\u00f3 ingresar y la encontr\u00f3 suspendida con una cuerda atada a un tubo estructural.<\/span> <span class=\"relative -mx-px my-[-0.2rem] rounded-sm px-px py-[0.2rem]\">A pesar de ser trasladada de inmediato al hospital de Tucacas, la ni\u00f1a falleci\u00f3 poco despu\u00e9s de su ingreso.<\/span> \u200b<\/p>\n<div style=\"position: relative; padding-bottom: 56.25%; height: 0; overflow: hidden;\"><iframe style=\"width: 100%; height: 100%; position: absolute; left: 0px; top: 0px; overflow: hidden; border: none;\" title=\"Dailymotion Video Player\" src=\"https:\/\/geo.dailymotion.com\/player.html?video=x9h9fhy\" allowfullscreen=\"allowfullscreen\"><br \/>\n<\/iframe><\/div>\n<p class=\"\" style=\"text-align: justify;\" data-start=\"363\" data-end=\"526\"><span class=\"relative -mx-px my-[-0.2rem] rounded-sm px-px py-[0.2rem]\">Este lamentable suceso ha generado una profunda reflexi\u00f3n en la comunidad sobre la salud mental de los ni\u00f1os y adolescentes, as\u00ed como sobre el manejo del uso de dispositivos electr\u00f3nicos en el hogar.<\/span> <span class=\"relative -mx-px my-[-0.2rem] rounded-sm px-px py-[0.2rem]\">Expertos en psicolog\u00eda infantil se\u00f1alan que la dependencia excesiva de la tecnolog\u00eda puede derivar en una condici\u00f3n conocida como nomofobia, caracterizada por el miedo irracional a estar sin un dispositivo m\u00f3vil.<\/span> <span class=\"relative -mx-px my-[-0.2rem] rounded-sm px-px py-[0.2rem]\">Esta adicci\u00f3n puede afectar negativamente el desarrollo emocional y social de los menores, aumentando el riesgo de depresi\u00f3n y ansiedad.<\/span>\u200b<\/p>\n<p class=\"\" style=\"text-align: justify;\" data-start=\"528\" data-end=\"653\"><span class=\"relative -mx-px my-[-0.2rem] rounded-sm px-px py-[0.2rem]\">La Organizaci\u00f3n Mundial de la Salud (OMS) ha advertido sobre el incremento de trastornos mentales en j\u00f3venes, enfatizando la necesidad de prestar atenci\u00f3n a las se\u00f1ales de alerta, como cambios dr\u00e1sticos en el comportamiento, aislamiento social y expresiones de desesperanza.<\/span> <span class=\"relative -mx-px my-[-0.2rem] rounded-sm px-px py-[0.2rem]\">En este contexto, es esencial que los padres establezcan l\u00edmites claros y saludables respecto al uso de la tecnolog\u00eda, fomentando actividades recreativas fuera de l\u00ednea y promoviendo una comunicaci\u00f3n abierta y constante con sus hijos.<\/span>\u200b<\/p>\n<p class=\"\" style=\"text-align: justify;\" data-start=\"655\" data-end=\"780\"><span class=\"relative -mx-px my-[-0.2rem] rounded-sm px-px py-[0.2rem]\">Adem\u00e1s, las instituciones educativas y comunitarias desempe\u00f1an un papel crucial en la promoci\u00f3n de la salud mental.<\/span> <span class=\"relative -mx-px my-[-0.2rem] rounded-sm px-px py-[0.2rem]\">Implementar programas de educaci\u00f3n emocional y talleres sobre el uso responsable de la tecnolog\u00eda puede equipar a los j\u00f3venes con herramientas para manejar el estr\u00e9s y las frustraciones de manera saludable.<\/span><\/p>\n<p class=\"\" style=\"text-align: justify;\" data-start=\"655\" data-end=\"780\">Art\u00edculo relacionado: <a href=\"https:\/\/webdelmaestrocmf.com\/portal\/nomofobia-en-la-infancia-cuando-el-miedo-a-estar-sin-el-celular-se-vuelve-un-riesgo\">Nomofobia en la infancia: cuando el miedo a estar sin el celular se vuelve un riesgo.\u00a0<\/a><\/p>\n<blockquote class=\"wp-embedded-content\" data-secret=\"MnJBcey6pp\"><p><a href=\"https:\/\/webdelmaestrocmf.com\/portal\/nomofobia-en-la-infancia-cuando-el-miedo-a-estar-sin-el-celular-se-vuelve-un-riesgo\/\">Nomofobia en la infancia: cuando el miedo a estar sin el celular se vuelve un riesgo<\/a><\/p><\/blockquote>\n<p><iframe loading=\"lazy\" class=\"wp-embedded-content\" sandbox=\"allow-scripts\" security=\"restricted\" style=\"position: absolute; visibility: hidden;\" title=\"\u00abNomofobia en la infancia: cuando el miedo a estar sin el celular se vuelve un riesgo\u00bb \u2014 Web del Maestro CMF\" src=\"https:\/\/webdelmaestrocmf.com\/portal\/nomofobia-en-la-infancia-cuando-el-miedo-a-estar-sin-el-celular-se-vuelve-un-riesgo\/embed\/#?secret=kq6q0CVTaj#?secret=MnJBcey6pp\" data-secret=\"MnJBcey6pp\" width=\"600\" height=\"338\" frameborder=\"0\" marginwidth=\"0\" marginheight=\"0\" scrolling=\"no\"><\/iframe><\/p>\n<p class=\"\" style=\"text-align: justify;\" data-start=\"782\" data-end=\"987\"><span class=\"relative -mx-px my-[-0.2rem] rounded-sm px-px py-[0.2rem]\">Es fundamental recordar que el suicidio es una problem\u00e1tica compleja y multifactorial.<\/span> <span class=\"relative -mx-px my-[-0.2rem] rounded-sm px-px py-[0.2rem]\">Si usted o alguien que conoce est\u00e1 atravesando momentos dif\u00edciles o experimenta pensamientos suicidas, es vital buscar ayuda profesional.<\/span> <span class=\"relative -mx-px my-[-0.2rem] rounded-sm px-px py-[0.2rem]\">En Venezuela, existen organizaciones y l\u00edneas de atenci\u00f3n especializadas que brindan apoyo en situaciones de crisis.<\/span> <span class=\"relative -mx-px my-[-0.2rem] rounded-sm px-px py-[0.2rem]\">No dude en comunicarse con profesionales de la salud mental o acudir a centros de atenci\u00f3n cercanos.<\/span><\/p>\n<h2 data-start=\"782\" data-end=\"987\"><strong>Reflexiones:\u00a0<\/strong><\/h2>\n<p class=\"\" style=\"text-align: justify;\" data-start=\"0\" data-end=\"87\">Este tr\u00e1gico suceso nos deja una reflexi\u00f3n profunda y urgente sobre varios temas clave:<\/p>\n<p class=\"\" style=\"padding-left: 40px; text-align: justify;\" data-start=\"94\" data-end=\"471\"><strong data-start=\"94\" data-end=\"159\">1. La salud mental infantil no puede seguir siendo invisible.<\/strong><br data-start=\"159\" data-end=\"162\" \/>A menudo pensamos que la ni\u00f1ez es sin\u00f3nimo de felicidad, pero olvidamos que los ni\u00f1os tambi\u00e9n experimentan angustia, frustraci\u00f3n y dolor emocional. Esta tragedia nos recuerda que debemos prestar m\u00e1s atenci\u00f3n al estado emocional de los menores y no minimizar sus problemas, por m\u00e1s \u00abpeque\u00f1os\u00bb que nos parezcan.<\/p>\n<p class=\"\" style=\"padding-left: 40px; text-align: justify;\" data-start=\"478\" data-end=\"860\"><strong data-start=\"478\" data-end=\"545\">2. El v\u00ednculo con la tecnolog\u00eda es m\u00e1s serio de lo que creemos.<\/strong><br data-start=\"545\" data-end=\"548\" \/>El celular para muchos ni\u00f1os no es solo un aparato: es su ventana al mundo, su espacio de socializaci\u00f3n, su refugio emocional. Retirarlo sin acompa\u00f1amiento puede ser interpretado como una p\u00e9rdida abrumadora, especialmente si el ni\u00f1o no ha desarrollado otras formas de manejar sus emociones o sentirse acompa\u00f1ado.<\/p>\n<p class=\"\" style=\"padding-left: 40px; text-align: justify;\" data-start=\"867\" data-end=\"1214\"><strong data-start=\"867\" data-end=\"932\">3. Los l\u00edmites son necesarios, pero tambi\u00e9n lo es la empat\u00eda.<\/strong><br data-start=\"932\" data-end=\"935\" \/>Poner normas es parte esencial de la crianza, pero no se trata solo de decir \u201cno\u201d. Es igual de importante explicar, contener, y acompa\u00f1ar. A veces, detr\u00e1s de una reacci\u00f3n exagerada, hay un grito silencioso que pide ayuda. Castigar sin comprender puede romper m\u00e1s de lo que educa.<\/p>\n<p class=\"\" style=\"padding-left: 40px; text-align: justify;\" data-start=\"1221\" data-end=\"1535\"><strong data-start=\"1221\" data-end=\"1291\">4. Necesitamos hablar m\u00e1s en casa y en la escuela sobre emociones.<\/strong><br data-start=\"1291\" data-end=\"1294\" \/>Educar emocionalmente es tan importante como ense\u00f1ar a leer. Ense\u00f1arles a los ni\u00f1os que est\u00e1 bien sentirse mal, que hay formas de expresar la tristeza, la rabia o el miedo, y que siempre hay adultos dispuestos a escuchar, puede salvar vidas.<\/p>\n<p class=\"\" style=\"padding-left: 40px; text-align: justify;\" data-start=\"1542\" data-end=\"1877\"><strong data-start=\"1542\" data-end=\"1606\">5. No podemos esperar a que sea demasiado tarde para actuar.<\/strong><br data-start=\"1606\" data-end=\"1609\" \/>Los peque\u00f1os cambios en el comportamiento de un ni\u00f1o pueden ser se\u00f1ales de alarma. Aislamiento, irritabilidad, cambios en el sue\u00f1o o el apetito, frases como \u201cya no quiero estar aqu\u00ed\u201d deben ser tomadas en serio. La prevenci\u00f3n empieza con observar, escuchar y acompa\u00f1ar.<\/p>\n<p class=\"\" style=\"text-align: justify;\" data-start=\"1884\" data-end=\"2205\">Esta dolorosa noticia no puede ser solo eso: una noticia m\u00e1s. Debe ser un llamado a todos \u2014padres, docentes, autoridades y sociedad\u2014 para construir entornos m\u00e1s atentos, m\u00e1s humanos, m\u00e1s conscientes del valor de cada vida. Porque cada ni\u00f1o merece sentirse escuchado, contenido y, sobre todo, amado.<\/p>\n<p data-start=\"1884\" data-end=\"2205\"><strong>REDACCI\u00d3N WEB DEL MAESTRO CMF<\/strong><\/p>\n<p data-start=\"1884\" data-end=\"2205\">\t\t<div class=\"pk-inline-posts\">\n\t\t\t\n\t\t\t<div class=\"pk-inline-posts-container pk-inline-posts-template-list\"\n\t\t\t\tdata-columns=\"1\">\n\t\t\t\t\t\t<article id=\"post-118473\" class=\"post-118473 post type-post status-publish format-standard has-post-thumbnail category-noticias-internacionales tag-convivencia tag-docentes tag-educacion-3 tag-gestion-escolar-2 tag-protocolos tag-salud-mental tag-seguridad-escolar tag-simulacros tag-violencia-escolar cs-entry cs-video-wrap\">\n\t\t\t<div class=\"pk-post-outer\">\n\n\t\t\t\t\t\t\t\t<div class=\"pk-post-inner\">\n\t\t\t\t\t<div class=\"entry-thumbnail\">\n\t\t\t\t\t\t<div class=\"pk-overlay pk-overlay-ratio pk-ratio-landscape\">\n\t\t\t\t\t\t\t<div class=\"pk-overlay-background\">\n\t\t\t\t\t\t\t\t<a href=\"https:\/\/webdelmaestrocmf.com\/portal\/se-confirma-que-habra-simulacros-de-tiroteos-en-las-escuelas\/\" class=\"pk-overlay-link\">\n\t\t\t\t\t\t\t\t\t<img loading=\"lazy\" decoding=\"async\" width=\"300\" height=\"225\" src=\"https:\/\/webdelmaestrocmf.com\/portal\/wp-content\/uploads\/2026\/04\/1AA-Banner-1-portada-imagen-10-1-copia-1-11-300x225.webp\" class=\"attachment-pk-thumbnail size-pk-thumbnail wp-post-image\" alt=\"\" \/>\t\t\t\t\t\t\t\t<\/a>\n\t\t\t\t\t\t\t<\/div>\n\t\t\t\t\t\t<\/div>\n\t\t\t\t\t<\/div>\n\t\t\t\t<\/div>\n\t\t\t\t\n\t\t\t\t<div class=\"pk-post-inner\">\n\t\t\t\t\t<header>\n\t\t\t\t\t\t<h3 class=\"pk-title\"><a href=\"https:\/\/webdelmaestrocmf.com\/portal\/se-confirma-que-habra-simulacros-de-tiroteos-en-las-escuelas\/\" rel=\"bookmark\">Se confirma que habr\u00e1 simulacros de tiroteos en las escuelas<\/a><\/h3>\t\t\t\t\t<\/header><!-- .entry-header -->\n\t\t\t\t<\/div><!-- .post-inner -->\n\n\t\t\t<\/div><!-- .post-outer -->\n\t\t<\/article>\n\t\t\t<article id=\"post-118464\" class=\"post-118464 post type-post status-publish format-standard has-post-thumbnail category-noticias-internacionales tag-aula tag-convivencia-escolar tag-disciplina tag-docentes tag-educacion-3 tag-estudiantes tag-gestion-educativa-3 tag-normativa tag-pedagogia-3 tag-violencia-escolar cs-entry cs-video-wrap\">\n\t\t\t<div class=\"pk-post-outer\">\n\n\t\t\t\t\t\t\t\t<div class=\"pk-post-inner\">\n\t\t\t\t\t<div class=\"entry-thumbnail\">\n\t\t\t\t\t\t<div class=\"pk-overlay pk-overlay-ratio pk-ratio-landscape\">\n\t\t\t\t\t\t\t<div class=\"pk-overlay-background\">\n\t\t\t\t\t\t\t\t<a href=\"https:\/\/webdelmaestrocmf.com\/portal\/peru-pone-limites-estudiantes-violentos-podrian-salir-del-aula-presencial-y-pasar-a-otra-modalidad-educativa\/\" class=\"pk-overlay-link\">\n\t\t\t\t\t\t\t\t\t<img loading=\"lazy\" decoding=\"async\" width=\"300\" height=\"225\" src=\"https:\/\/webdelmaestrocmf.com\/portal\/wp-content\/uploads\/2026\/04\/1AA-Banner-1-portada-imagen-10-1-copia-38-300x225.webp\" class=\"attachment-pk-thumbnail size-pk-thumbnail wp-post-image\" alt=\"\" \/>\t\t\t\t\t\t\t\t<\/a>\n\t\t\t\t\t\t\t<\/div>\n\t\t\t\t\t\t<\/div>\n\t\t\t\t\t<\/div>\n\t\t\t\t<\/div>\n\t\t\t\t\n\t\t\t\t<div class=\"pk-post-inner\">\n\t\t\t\t\t<header>\n\t\t\t\t\t\t<h3 class=\"pk-title\"><a href=\"https:\/\/webdelmaestrocmf.com\/portal\/peru-pone-limites-estudiantes-violentos-podrian-salir-del-aula-presencial-y-pasar-a-otra-modalidad-educativa\/\" rel=\"bookmark\">Per\u00fa pone l\u00edmites: estudiantes violentos podr\u00edan salir del aula presencial y pasar a otra modalidad educativa<\/a><\/h3>\t\t\t\t\t<\/header><!-- .entry-header -->\n\t\t\t\t<\/div><!-- .post-inner -->\n\n\t\t\t<\/div><!-- .post-outer -->\n\t\t<\/article>\n\t\t\t<article id=\"post-118433\" class=\"post-118433 post type-post status-publish format-standard has-post-thumbnail category-noticias-internacionales tag-aprendizaje tag-atencion-en-el-aula-2 tag-docentes tag-educacion-3 tag-estrategias-didacticas-2 tag-innovacion-educativa-3 tag-motivacion-escolar-2 tag-neuroeducacion-2 tag-pedagogia-3 tag-tecnologia-educativa-3 cs-entry cs-video-wrap\">\n\t\t\t<div class=\"pk-post-outer\">\n\n\t\t\t\t\t\t\t\t<div class=\"pk-post-inner\">\n\t\t\t\t\t<div class=\"entry-thumbnail\">\n\t\t\t\t\t\t<div class=\"pk-overlay pk-overlay-ratio pk-ratio-landscape\">\n\t\t\t\t\t\t\t<div class=\"pk-overlay-background\">\n\t\t\t\t\t\t\t\t<a href=\"https:\/\/webdelmaestrocmf.com\/portal\/9-de-cada-10-maestros-confirman-que-los-alumnos-ya-no-prestan-atencion-en-clase\/\" class=\"pk-overlay-link\">\n\t\t\t\t\t\t\t\t\t<img loading=\"lazy\" decoding=\"async\" width=\"300\" height=\"225\" src=\"https:\/\/webdelmaestrocmf.com\/portal\/wp-content\/uploads\/2026\/04\/1AA-Banner-1-portada-imagen-10-1-copia-1-10-300x225.webp\" class=\"attachment-pk-thumbnail size-pk-thumbnail wp-post-image\" alt=\"\" \/>\t\t\t\t\t\t\t\t<\/a>\n\t\t\t\t\t\t\t<\/div>\n\t\t\t\t\t\t<\/div>\n\t\t\t\t\t<\/div>\n\t\t\t\t<\/div>\n\t\t\t\t\n\t\t\t\t<div class=\"pk-post-inner\">\n\t\t\t\t\t<header>\n\t\t\t\t\t\t<h3 class=\"pk-title\"><a href=\"https:\/\/webdelmaestrocmf.com\/portal\/9-de-cada-10-maestros-confirman-que-los-alumnos-ya-no-prestan-atencion-en-clase\/\" rel=\"bookmark\">9 de cada 10 maestros confirman que los alumnos ya no prestan atenci\u00f3n en clase<\/a><\/h3>\t\t\t\t\t<\/header><!-- .entry-header -->\n\t\t\t\t<\/div><!-- .post-inner -->\n\n\t\t\t<\/div><!-- .post-outer -->\n\t\t<\/article>\n\t\t\t\t<\/div>\n\t\t<\/div>\n\t\t<\/p>\n","protected":false},"excerpt":{"rendered":"\u200bEl pasado martes 7 de enero de 2025, la comunidad de Tucacas, en el estado Falc\u00f3n, Venezuela, fue&hellip;","protected":false},"author":1,"featured_media":108601,"comment_status":"open","ping_status":"closed","sticky":false,"template":"","format":"standard","meta":{"csco_display_header_overlay":false,"csco_singular_sidebar":"","csco_page_header_type":"","csco_page_load_nextpost":"","csco_post_video_location":[],"csco_post_video_location_hash":"","csco_post_video_url":"","csco_post_video_bg_start_time":0,"csco_post_video_bg_end_time":0,"csco_post_video_bg_volume":false,"_jetpack_memberships_contains_paid_content":false,"footnotes":""},"categories":[23790],"tags":[740,3528,184,23589,23588,1015],"class_list":{"0":"post-108600","1":"post","2":"type-post","3":"status-publish","4":"format-standard","5":"has-post-thumbnail","7":"category-noticias-internacionales","8":"tag-celular","9":"tag-nina","10":"tag-padres","11":"tag-quitaran","12":"tag-quito","13":"tag-vida","14":"cs-entry","15":"cs-video-wrap"},"yoast_head":"<!-- This site is optimized with the Yoast SEO plugin v27.5 - https:\/\/yoast.com\/product\/yoast-seo-wordpress\/ -->\n<title>Una ni\u00f1a de 11 a\u00f1os se quit\u00f3 la vida tras encerrarse en el ba\u00f1o, luego de que sus padres le quitaran el celular - 2026<\/title>\n<meta name=\"description\" content=\"\u200bEl pasado martes 7 de enero de 2025, la comunidad de Tucacas, en el estado Falc\u00f3n, Venezuela, fue sacudida por una tr\u00e1gica noticia: ni\u00f1a...\" \/>\n<meta name=\"robots\" content=\"index, follow, max-snippet:-1, max-image-preview:large, max-video-preview:-1\" \/>\n<link rel=\"canonical\" href=\"https:\/\/webdelmaestrocmf.com\/portal\/una-nina-de-11-anos-se-quito-la-vida-tras-encerrarse-en-el-bano-luego-de-que-sus-padres-le-quitaran-el-celular\/\" \/>\n<meta property=\"og:locale\" content=\"es_ES\" \/>\n<meta property=\"og:type\" content=\"article\" \/>\n<meta property=\"og:title\" content=\"Una ni\u00f1a de 11 a\u00f1os se quit\u00f3 la vida tras encerrarse en el ba\u00f1o, luego de que sus padres le quitaran el celular - 2026\" \/>\n<meta property=\"og:description\" content=\"\u200bEl pasado martes 7 de enero de 2025, la comunidad de Tucacas, en el estado Falc\u00f3n, Venezuela, fue sacudida por una tr\u00e1gica noticia: ni\u00f1a...\" \/>\n<meta property=\"og:url\" content=\"https:\/\/webdelmaestrocmf.com\/portal\/una-nina-de-11-anos-se-quito-la-vida-tras-encerrarse-en-el-bano-luego-de-que-sus-padres-le-quitaran-el-celular\/\" \/>\n<meta property=\"og:site_name\" content=\"Web del Maestro CMF\" \/>\n<meta property=\"article:publisher\" content=\"https:\/\/www.facebook.com\/WebdelMaestroCMF\/\" \/>\n<meta property=\"article:author\" content=\"https:\/\/www.facebook.com\/WebdelMaestroCMF\/\" \/>\n<meta property=\"article:published_time\" content=\"2025-04-03T14:56:24+00:00\" \/>\n<meta property=\"article:modified_time\" content=\"2025-06-17T16:37:39+00:00\" \/>\n<meta property=\"og:image\" content=\"https:\/\/webdelmaestrocmf.com\/portal\/wp-content\/uploads\/2025\/04\/luto.jpg\" \/>\n\t<meta property=\"og:image:width\" content=\"1024\" \/>\n\t<meta property=\"og:image:height\" content=\"1024\" \/>\n\t<meta property=\"og:image:type\" content=\"image\/jpeg\" \/>\n<meta name=\"author\" content=\"Web del Maestro CMF\" \/>\n<meta name=\"twitter:card\" content=\"summary_large_image\" \/>\n<meta name=\"twitter:creator\" content=\"@cmf_w\" \/>\n<meta name=\"twitter:site\" content=\"@cmf_w\" \/>\n<script type=\"application\/ld+json\" class=\"yoast-schema-graph\">{\"@context\":\"https:\\\/\\\/schema.org\",\"@graph\":[{\"@type\":\"ScholarlyArticle\",\"@id\":\"https:\\\/\\\/webdelmaestrocmf.com\\\/portal\\\/una-nina-de-11-anos-se-quito-la-vida-tras-encerrarse-en-el-bano-luego-de-que-sus-padres-le-quitaran-el-celular\\\/#article\",\"isPartOf\":{\"@id\":\"https:\\\/\\\/webdelmaestrocmf.com\\\/portal\\\/una-nina-de-11-anos-se-quito-la-vida-tras-encerrarse-en-el-bano-luego-de-que-sus-padres-le-quitaran-el-celular\\\/\"},\"author\":{\"name\":\"Web del Maestro CMF\",\"@id\":\"https:\\\/\\\/webdelmaestrocmf.com\\\/portal\\\/#\\\/schema\\\/person\\\/1072a2ed7bd960df8ef99a551fa35dc5\"},\"headline\":\"Una ni\u00f1a de 11 a\u00f1os se quit\u00f3 la vida tras encerrarse en el ba\u00f1o, luego de que sus padres le quitaran el celular\",\"datePublished\":\"2025-04-03T14:56:24+00:00\",\"dateModified\":\"2025-06-17T16:37:39+00:00\",\"mainEntityOfPage\":{\"@id\":\"https:\\\/\\\/webdelmaestrocmf.com\\\/portal\\\/una-nina-de-11-anos-se-quito-la-vida-tras-encerrarse-en-el-bano-luego-de-que-sus-padres-le-quitaran-el-celular\\\/\"},\"wordCount\":894,\"commentCount\":2,\"publisher\":{\"@id\":\"https:\\\/\\\/webdelmaestrocmf.com\\\/portal\\\/#organization\"},\"image\":{\"@id\":\"https:\\\/\\\/webdelmaestrocmf.com\\\/portal\\\/una-nina-de-11-anos-se-quito-la-vida-tras-encerrarse-en-el-bano-luego-de-que-sus-padres-le-quitaran-el-celular\\\/#primaryimage\"},\"thumbnailUrl\":\"https:\\\/\\\/webdelmaestrocmf.com\\\/portal\\\/wp-content\\\/uploads\\\/2025\\\/04\\\/luto.jpg\",\"keywords\":[\"celular\",\"NI\u00d1A\",\"padres\",\"quitaran\",\"quit\u00f3\",\"vida\"],\"articleSection\":[\"Noticias Internacionales\"],\"inLanguage\":\"es\",\"potentialAction\":[{\"@type\":\"CommentAction\",\"name\":\"Comment\",\"target\":[\"https:\\\/\\\/webdelmaestrocmf.com\\\/portal\\\/una-nina-de-11-anos-se-quito-la-vida-tras-encerrarse-en-el-bano-luego-de-que-sus-padres-le-quitaran-el-celular\\\/#respond\"]}]},{\"@type\":\"WebPage\",\"@id\":\"https:\\\/\\\/webdelmaestrocmf.com\\\/portal\\\/una-nina-de-11-anos-se-quito-la-vida-tras-encerrarse-en-el-bano-luego-de-que-sus-padres-le-quitaran-el-celular\\\/\",\"url\":\"https:\\\/\\\/webdelmaestrocmf.com\\\/portal\\\/una-nina-de-11-anos-se-quito-la-vida-tras-encerrarse-en-el-bano-luego-de-que-sus-padres-le-quitaran-el-celular\\\/\",\"name\":\"Una ni\u00f1a de 11 a\u00f1os se quit\u00f3 la vida tras encerrarse en el ba\u00f1o, luego de que sus padres le quitaran el celular - 2026\",\"isPartOf\":{\"@id\":\"https:\\\/\\\/webdelmaestrocmf.com\\\/portal\\\/#website\"},\"primaryImageOfPage\":{\"@id\":\"https:\\\/\\\/webdelmaestrocmf.com\\\/portal\\\/una-nina-de-11-anos-se-quito-la-vida-tras-encerrarse-en-el-bano-luego-de-que-sus-padres-le-quitaran-el-celular\\\/#primaryimage\"},\"image\":{\"@id\":\"https:\\\/\\\/webdelmaestrocmf.com\\\/portal\\\/una-nina-de-11-anos-se-quito-la-vida-tras-encerrarse-en-el-bano-luego-de-que-sus-padres-le-quitaran-el-celular\\\/#primaryimage\"},\"thumbnailUrl\":\"https:\\\/\\\/webdelmaestrocmf.com\\\/portal\\\/wp-content\\\/uploads\\\/2025\\\/04\\\/luto.jpg\",\"datePublished\":\"2025-04-03T14:56:24+00:00\",\"dateModified\":\"2025-06-17T16:37:39+00:00\",\"description\":\"\u200bEl pasado martes 7 de enero de 2025, la comunidad de Tucacas, en el estado Falc\u00f3n, Venezuela, fue sacudida por una tr\u00e1gica noticia: ni\u00f1a...\",\"breadcrumb\":{\"@id\":\"https:\\\/\\\/webdelmaestrocmf.com\\\/portal\\\/una-nina-de-11-anos-se-quito-la-vida-tras-encerrarse-en-el-bano-luego-de-que-sus-padres-le-quitaran-el-celular\\\/#breadcrumb\"},\"inLanguage\":\"es\",\"potentialAction\":[{\"@type\":\"ReadAction\",\"target\":[\"https:\\\/\\\/webdelmaestrocmf.com\\\/portal\\\/una-nina-de-11-anos-se-quito-la-vida-tras-encerrarse-en-el-bano-luego-de-que-sus-padres-le-quitaran-el-celular\\\/\"]}]},{\"@type\":\"ImageObject\",\"inLanguage\":\"es\",\"@id\":\"https:\\\/\\\/webdelmaestrocmf.com\\\/portal\\\/una-nina-de-11-anos-se-quito-la-vida-tras-encerrarse-en-el-bano-luego-de-que-sus-padres-le-quitaran-el-celular\\\/#primaryimage\",\"url\":\"https:\\\/\\\/webdelmaestrocmf.com\\\/portal\\\/wp-content\\\/uploads\\\/2025\\\/04\\\/luto.jpg\",\"contentUrl\":\"https:\\\/\\\/webdelmaestrocmf.com\\\/portal\\\/wp-content\\\/uploads\\\/2025\\\/04\\\/luto.jpg\",\"width\":1024,\"height\":1024},{\"@type\":\"BreadcrumbList\",\"@id\":\"https:\\\/\\\/webdelmaestrocmf.com\\\/portal\\\/una-nina-de-11-anos-se-quito-la-vida-tras-encerrarse-en-el-bano-luego-de-que-sus-padres-le-quitaran-el-celular\\\/#breadcrumb\",\"itemListElement\":[{\"@type\":\"ListItem\",\"position\":1,\"name\":\"Portada\",\"item\":\"https:\\\/\\\/webdelmaestrocmf.com\\\/portal\\\/\"},{\"@type\":\"ListItem\",\"position\":2,\"name\":\"Recursos\",\"item\":\"https:\\\/\\\/webdelmaestrocmf.com\\\/portal\\\/category\\\/pedagogia\\\/\"},{\"@type\":\"ListItem\",\"position\":3,\"name\":\"Una ni\u00f1a de 11 a\u00f1os se quit\u00f3 la vida tras encerrarse en el ba\u00f1o, luego de que sus padres le quitaran el celular\"}]},{\"@type\":\"WebSite\",\"@id\":\"https:\\\/\\\/webdelmaestrocmf.com\\\/portal\\\/#website\",\"url\":\"https:\\\/\\\/webdelmaestrocmf.com\\\/portal\\\/\",\"name\":\"Web del Maestro CMF\",\"description\":\"Maestros al servicio de la educaci\u00f3n\",\"publisher\":{\"@id\":\"https:\\\/\\\/webdelmaestrocmf.com\\\/portal\\\/#organization\"},\"alternateName\":\"WMCMF\",\"potentialAction\":[{\"@type\":\"SearchAction\",\"target\":{\"@type\":\"EntryPoint\",\"urlTemplate\":\"https:\\\/\\\/webdelmaestrocmf.com\\\/portal\\\/?s={search_term_string}\"},\"query-input\":{\"@type\":\"PropertyValueSpecification\",\"valueRequired\":true,\"valueName\":\"search_term_string\"}}],\"inLanguage\":\"es\"},{\"@type\":\"Organization\",\"@id\":\"https:\\\/\\\/webdelmaestrocmf.com\\\/portal\\\/#organization\",\"name\":\"Web del Maestro CMF\",\"alternateName\":\"WMCMF\",\"url\":\"https:\\\/\\\/webdelmaestrocmf.com\\\/portal\\\/\",\"logo\":{\"@type\":\"ImageObject\",\"inLanguage\":\"es\",\"@id\":\"https:\\\/\\\/webdelmaestrocmf.com\\\/portal\\\/#\\\/schema\\\/logo\\\/image\\\/\",\"url\":\"https:\\\/\\\/webdelmaestrocmf.com\\\/portal\\\/wp-content\\\/uploads\\\/2023\\\/01\\\/logo-wmcmf-2.png\",\"contentUrl\":\"https:\\\/\\\/webdelmaestrocmf.com\\\/portal\\\/wp-content\\\/uploads\\\/2023\\\/01\\\/logo-wmcmf-2.png\",\"width\":200,\"height\":60,\"caption\":\"Web del Maestro CMF\"},\"image\":{\"@id\":\"https:\\\/\\\/webdelmaestrocmf.com\\\/portal\\\/#\\\/schema\\\/logo\\\/image\\\/\"},\"sameAs\":[\"https:\\\/\\\/www.facebook.com\\\/WebdelMaestroCMF\\\/\",\"https:\\\/\\\/x.com\\\/cmf_w\",\"https:\\\/\\\/www.pinterest.com\\\/WMCMF\\\/\",\"https:\\\/\\\/www.linkedin.com\\\/company\\\/web-del-maestro-cmf\\\/\",\"https:\\\/\\\/www.instagram.com\\\/wmcmf\\\/\",\"https:\\\/\\\/www.youtube.com\\\/channel\\\/UCDPSvjbdodE5sHnC3OxutHw\",\"https:\\\/\\\/mastodon.social\\\/@wmcmf\",\"https:\\\/\\\/www.tiktok.com\\\/@webdelmaestrocmf\"]},{\"@type\":\"Person\",\"@id\":\"https:\\\/\\\/webdelmaestrocmf.com\\\/portal\\\/#\\\/schema\\\/person\\\/1072a2ed7bd960df8ef99a551fa35dc5\",\"name\":\"Web del Maestro CMF\",\"image\":{\"@type\":\"ImageObject\",\"inLanguage\":\"es\",\"@id\":\"https:\\\/\\\/secure.gravatar.com\\\/avatar\\\/23291dd5b5ae1077dcff3dbb04c3e02bd28403fa75af6d8787d5e97c5bbbe30b?s=96&d=mm&r=g\",\"url\":\"https:\\\/\\\/secure.gravatar.com\\\/avatar\\\/23291dd5b5ae1077dcff3dbb04c3e02bd28403fa75af6d8787d5e97c5bbbe30b?s=96&d=mm&r=g\",\"contentUrl\":\"https:\\\/\\\/secure.gravatar.com\\\/avatar\\\/23291dd5b5ae1077dcff3dbb04c3e02bd28403fa75af6d8787d5e97c5bbbe30b?s=96&d=mm&r=g\",\"caption\":\"Web del Maestro CMF\"},\"description\":\"Esta Web se cre\u00f3 sin fines de lucro, con fines educativos, cient\u00edficos y acad\u00e9micos, para personas que tengan dificultades y\\\/o inconvenientes en visualizar el material original. El objetivo es entregar recursos, compartir experiencias y materiales que ayuden a los padres de familia, maestros y estudiantes en su actualizaci\u00f3n y formaci\u00f3n permanente, en bien de la Educaci\u00f3n.\",\"sameAs\":[\"http:\\\/\\\/webdelmaestrocmf.com\\\/portal\",\"https:\\\/\\\/www.facebook.com\\\/WebdelMaestroCMF\\\/\",\"https:\\\/\\\/www.instagram.com\\\/wmcmf\\\/\",\"https:\\\/\\\/cl.linkedin.com\\\/company\\\/web-del-maestro-cmf\",\"https:\\\/\\\/www.pinterest.com\\\/WMCMF\\\/publicaciones\\\/\",\"https:\\\/\\\/x.com\\\/cmf_w\",\"https:\\\/\\\/www.youtube.com\\\/@WMCMF\"]}]}<\/script>\n<!-- \/ Yoast SEO plugin. -->","yoast_head_json":{"title":"Una ni\u00f1a de 11 a\u00f1os se quit\u00f3 la vida tras encerrarse en el ba\u00f1o, luego de que sus padres le quitaran el celular - 2026","description":"\u200bEl pasado martes 7 de enero de 2025, la comunidad de Tucacas, en el estado Falc\u00f3n, Venezuela, fue sacudida por una tr\u00e1gica noticia: ni\u00f1a...","robots":{"index":"index","follow":"follow","max-snippet":"max-snippet:-1","max-image-preview":"max-image-preview:large","max-video-preview":"max-video-preview:-1"},"canonical":"https:\/\/webdelmaestrocmf.com\/portal\/una-nina-de-11-anos-se-quito-la-vida-tras-encerrarse-en-el-bano-luego-de-que-sus-padres-le-quitaran-el-celular\/","og_locale":"es_ES","og_type":"article","og_title":"Una ni\u00f1a de 11 a\u00f1os se quit\u00f3 la vida tras encerrarse en el ba\u00f1o, luego de que sus padres le quitaran el celular - 2026","og_description":"\u200bEl pasado martes 7 de enero de 2025, la comunidad de Tucacas, en el estado Falc\u00f3n, Venezuela, fue sacudida por una tr\u00e1gica noticia: ni\u00f1a...","og_url":"https:\/\/webdelmaestrocmf.com\/portal\/una-nina-de-11-anos-se-quito-la-vida-tras-encerrarse-en-el-bano-luego-de-que-sus-padres-le-quitaran-el-celular\/","og_site_name":"Web del Maestro CMF","article_publisher":"https:\/\/www.facebook.com\/WebdelMaestroCMF\/","article_author":"https:\/\/www.facebook.com\/WebdelMaestroCMF\/","article_published_time":"2025-04-03T14:56:24+00:00","article_modified_time":"2025-06-17T16:37:39+00:00","og_image":[{"width":1024,"height":1024,"url":"https:\/\/webdelmaestrocmf.com\/portal\/wp-content\/uploads\/2025\/04\/luto.jpg","type":"image\/jpeg"}],"author":"Web del Maestro CMF","twitter_card":"summary_large_image","twitter_creator":"@cmf_w","twitter_site":"@cmf_w","schema":{"@context":"https:\/\/schema.org","@graph":[{"@type":"ScholarlyArticle","@id":"https:\/\/webdelmaestrocmf.com\/portal\/una-nina-de-11-anos-se-quito-la-vida-tras-encerrarse-en-el-bano-luego-de-que-sus-padres-le-quitaran-el-celular\/#article","isPartOf":{"@id":"https:\/\/webdelmaestrocmf.com\/portal\/una-nina-de-11-anos-se-quito-la-vida-tras-encerrarse-en-el-bano-luego-de-que-sus-padres-le-quitaran-el-celular\/"},"author":{"name":"Web del Maestro CMF","@id":"https:\/\/webdelmaestrocmf.com\/portal\/#\/schema\/person\/1072a2ed7bd960df8ef99a551fa35dc5"},"headline":"Una ni\u00f1a de 11 a\u00f1os se quit\u00f3 la vida tras encerrarse en el ba\u00f1o, luego de que sus padres le quitaran el celular","datePublished":"2025-04-03T14:56:24+00:00","dateModified":"2025-06-17T16:37:39+00:00","mainEntityOfPage":{"@id":"https:\/\/webdelmaestrocmf.com\/portal\/una-nina-de-11-anos-se-quito-la-vida-tras-encerrarse-en-el-bano-luego-de-que-sus-padres-le-quitaran-el-celular\/"},"wordCount":894,"commentCount":2,"publisher":{"@id":"https:\/\/webdelmaestrocmf.com\/portal\/#organization"},"image":{"@id":"https:\/\/webdelmaestrocmf.com\/portal\/una-nina-de-11-anos-se-quito-la-vida-tras-encerrarse-en-el-bano-luego-de-que-sus-padres-le-quitaran-el-celular\/#primaryimage"},"thumbnailUrl":"https:\/\/webdelmaestrocmf.com\/portal\/wp-content\/uploads\/2025\/04\/luto.jpg","keywords":["celular","NI\u00d1A","padres","quitaran","quit\u00f3","vida"],"articleSection":["Noticias Internacionales"],"inLanguage":"es","potentialAction":[{"@type":"CommentAction","name":"Comment","target":["https:\/\/webdelmaestrocmf.com\/portal\/una-nina-de-11-anos-se-quito-la-vida-tras-encerrarse-en-el-bano-luego-de-que-sus-padres-le-quitaran-el-celular\/#respond"]}]},{"@type":"WebPage","@id":"https:\/\/webdelmaestrocmf.com\/portal\/una-nina-de-11-anos-se-quito-la-vida-tras-encerrarse-en-el-bano-luego-de-que-sus-padres-le-quitaran-el-celular\/","url":"https:\/\/webdelmaestrocmf.com\/portal\/una-nina-de-11-anos-se-quito-la-vida-tras-encerrarse-en-el-bano-luego-de-que-sus-padres-le-quitaran-el-celular\/","name":"Una ni\u00f1a de 11 a\u00f1os se quit\u00f3 la vida tras encerrarse en el ba\u00f1o, luego de que sus padres le quitaran el celular - 2026","isPartOf":{"@id":"https:\/\/webdelmaestrocmf.com\/portal\/#website"},"primaryImageOfPage":{"@id":"https:\/\/webdelmaestrocmf.com\/portal\/una-nina-de-11-anos-se-quito-la-vida-tras-encerrarse-en-el-bano-luego-de-que-sus-padres-le-quitaran-el-celular\/#primaryimage"},"image":{"@id":"https:\/\/webdelmaestrocmf.com\/portal\/una-nina-de-11-anos-se-quito-la-vida-tras-encerrarse-en-el-bano-luego-de-que-sus-padres-le-quitaran-el-celular\/#primaryimage"},"thumbnailUrl":"https:\/\/webdelmaestrocmf.com\/portal\/wp-content\/uploads\/2025\/04\/luto.jpg","datePublished":"2025-04-03T14:56:24+00:00","dateModified":"2025-06-17T16:37:39+00:00","description":"\u200bEl pasado martes 7 de enero de 2025, la comunidad de Tucacas, en el estado Falc\u00f3n, Venezuela, fue sacudida por una tr\u00e1gica noticia: ni\u00f1a...","breadcrumb":{"@id":"https:\/\/webdelmaestrocmf.com\/portal\/una-nina-de-11-anos-se-quito-la-vida-tras-encerrarse-en-el-bano-luego-de-que-sus-padres-le-quitaran-el-celular\/#breadcrumb"},"inLanguage":"es","potentialAction":[{"@type":"ReadAction","target":["https:\/\/webdelmaestrocmf.com\/portal\/una-nina-de-11-anos-se-quito-la-vida-tras-encerrarse-en-el-bano-luego-de-que-sus-padres-le-quitaran-el-celular\/"]}]},{"@type":"ImageObject","inLanguage":"es","@id":"https:\/\/webdelmaestrocmf.com\/portal\/una-nina-de-11-anos-se-quito-la-vida-tras-encerrarse-en-el-bano-luego-de-que-sus-padres-le-quitaran-el-celular\/#primaryimage","url":"https:\/\/webdelmaestrocmf.com\/portal\/wp-content\/uploads\/2025\/04\/luto.jpg","contentUrl":"https:\/\/webdelmaestrocmf.com\/portal\/wp-content\/uploads\/2025\/04\/luto.jpg","width":1024,"height":1024},{"@type":"BreadcrumbList","@id":"https:\/\/webdelmaestrocmf.com\/portal\/una-nina-de-11-anos-se-quito-la-vida-tras-encerrarse-en-el-bano-luego-de-que-sus-padres-le-quitaran-el-celular\/#breadcrumb","itemListElement":[{"@type":"ListItem","position":1,"name":"Portada","item":"https:\/\/webdelmaestrocmf.com\/portal\/"},{"@type":"ListItem","position":2,"name":"Recursos","item":"https:\/\/webdelmaestrocmf.com\/portal\/category\/pedagogia\/"},{"@type":"ListItem","position":3,"name":"Una ni\u00f1a de 11 a\u00f1os se quit\u00f3 la vida tras encerrarse en el ba\u00f1o, luego de que sus padres le quitaran el celular"}]},{"@type":"WebSite","@id":"https:\/\/webdelmaestrocmf.com\/portal\/#website","url":"https:\/\/webdelmaestrocmf.com\/portal\/","name":"Web del Maestro CMF","description":"Maestros al servicio de la educaci\u00f3n","publisher":{"@id":"https:\/\/webdelmaestrocmf.com\/portal\/#organization"},"alternateName":"WMCMF","potentialAction":[{"@type":"SearchAction","target":{"@type":"EntryPoint","urlTemplate":"https:\/\/webdelmaestrocmf.com\/portal\/?s={search_term_string}"},"query-input":{"@type":"PropertyValueSpecification","valueRequired":true,"valueName":"search_term_string"}}],"inLanguage":"es"},{"@type":"Organization","@id":"https:\/\/webdelmaestrocmf.com\/portal\/#organization","name":"Web del Maestro CMF","alternateName":"WMCMF","url":"https:\/\/webdelmaestrocmf.com\/portal\/","logo":{"@type":"ImageObject","inLanguage":"es","@id":"https:\/\/webdelmaestrocmf.com\/portal\/#\/schema\/logo\/image\/","url":"https:\/\/webdelmaestrocmf.com\/portal\/wp-content\/uploads\/2023\/01\/logo-wmcmf-2.png","contentUrl":"https:\/\/webdelmaestrocmf.com\/portal\/wp-content\/uploads\/2023\/01\/logo-wmcmf-2.png","width":200,"height":60,"caption":"Web del Maestro CMF"},"image":{"@id":"https:\/\/webdelmaestrocmf.com\/portal\/#\/schema\/logo\/image\/"},"sameAs":["https:\/\/www.facebook.com\/WebdelMaestroCMF\/","https:\/\/x.com\/cmf_w","https:\/\/www.pinterest.com\/WMCMF\/","https:\/\/www.linkedin.com\/company\/web-del-maestro-cmf\/","https:\/\/www.instagram.com\/wmcmf\/","https:\/\/www.youtube.com\/channel\/UCDPSvjbdodE5sHnC3OxutHw","https:\/\/mastodon.social\/@wmcmf","https:\/\/www.tiktok.com\/@webdelmaestrocmf"]},{"@type":"Person","@id":"https:\/\/webdelmaestrocmf.com\/portal\/#\/schema\/person\/1072a2ed7bd960df8ef99a551fa35dc5","name":"Web del Maestro CMF","image":{"@type":"ImageObject","inLanguage":"es","@id":"https:\/\/secure.gravatar.com\/avatar\/23291dd5b5ae1077dcff3dbb04c3e02bd28403fa75af6d8787d5e97c5bbbe30b?s=96&d=mm&r=g","url":"https:\/\/secure.gravatar.com\/avatar\/23291dd5b5ae1077dcff3dbb04c3e02bd28403fa75af6d8787d5e97c5bbbe30b?s=96&d=mm&r=g","contentUrl":"https:\/\/secure.gravatar.com\/avatar\/23291dd5b5ae1077dcff3dbb04c3e02bd28403fa75af6d8787d5e97c5bbbe30b?s=96&d=mm&r=g","caption":"Web del Maestro CMF"},"description":"Esta Web se cre\u00f3 sin fines de lucro, con fines educativos, cient\u00edficos y acad\u00e9micos, para personas que tengan dificultades y\/o inconvenientes en visualizar el material original. El objetivo es entregar recursos, compartir experiencias y materiales que ayuden a los padres de familia, maestros y estudiantes en su actualizaci\u00f3n y formaci\u00f3n permanente, en bien de la Educaci\u00f3n.","sameAs":["http:\/\/webdelmaestrocmf.com\/portal","https:\/\/www.facebook.com\/WebdelMaestroCMF\/","https:\/\/www.instagram.com\/wmcmf\/","https:\/\/cl.linkedin.com\/company\/web-del-maestro-cmf","https:\/\/www.pinterest.com\/WMCMF\/publicaciones\/","https:\/\/x.com\/cmf_w","https:\/\/www.youtube.com\/@WMCMF"]}]}},"jetpack_featured_media_url":"https:\/\/webdelmaestrocmf.com\/portal\/wp-content\/uploads\/2025\/04\/luto.jpg","jetpack_sharing_enabled":true,"jetpack-related-posts":[{"id":108604,"url":"https:\/\/webdelmaestrocmf.com\/portal\/nomofobia-en-la-infancia-cuando-el-miedo-a-estar-sin-el-celular-se-vuelve-un-riesgo\/","url_meta":{"origin":108600,"position":0},"title":"Nomofobia en la infancia: cuando el miedo a estar sin el celular se vuelve un riesgo","author":"Web del Maestro CMF","date":"3 abril, 2025","format":false,"excerpt":"Es com\u00fan ver a ni\u00f1os con celulares en la mano desde muy temprana edad. Lo que empez\u00f3 como una herramienta de comunicaci\u00f3n o entretenimiento puede convertirse en una necesidad emocional, y en casos m\u00e1s graves, en una dependencia peligrosa. Es ah\u00ed donde aparece la nomofobia: el miedo irracional a estar\u2026","rel":"","context":"En \u00abBienestar Familiar\u00bb","block_context":{"text":"Bienestar Familiar","link":"https:\/\/webdelmaestrocmf.com\/portal\/category\/pedagogia\/bienestar-familiar\/"},"img":{"alt_text":"","src":"https:\/\/i0.wp.com\/webdelmaestrocmf.com\/portal\/wp-content\/uploads\/2025\/04\/1A-Banner-1-portada-imagen-10-1-32.jpg?resize=350%2C200&ssl=1","width":350,"height":200,"srcset":"https:\/\/i0.wp.com\/webdelmaestrocmf.com\/portal\/wp-content\/uploads\/2025\/04\/1A-Banner-1-portada-imagen-10-1-32.jpg?resize=350%2C200&ssl=1 1x, https:\/\/i0.wp.com\/webdelmaestrocmf.com\/portal\/wp-content\/uploads\/2025\/04\/1A-Banner-1-portada-imagen-10-1-32.jpg?resize=525%2C300&ssl=1 1.5x, https:\/\/i0.wp.com\/webdelmaestrocmf.com\/portal\/wp-content\/uploads\/2025\/04\/1A-Banner-1-portada-imagen-10-1-32.jpg?resize=700%2C400&ssl=1 2x"},"classes":[]},{"id":113561,"url":"https:\/\/webdelmaestrocmf.com\/portal\/adolescente-de-13-anos-le-dispara-a-su-madre-en-la-mandibula-luego-de-que-ella-le-quitara-el-celular\/","url_meta":{"origin":108600,"position":1},"title":"Adolescente de 13 a\u00f1os le dispara a su madre en la mand\u00edbula, luego de que ella le quitara el celular","author":"Web del Maestro CMF","date":"22 noviembre, 2025","format":false,"excerpt":"Adolescente de 13 a\u00f1os dispar\u00f3 a su madre en la mand\u00edbula tras quitarle el celular por consumir alcohol; fue liberado y sigue investigado.","rel":"","context":"En \u00abNoticias Internacionales\u00bb","block_context":{"text":"Noticias Internacionales","link":"https:\/\/webdelmaestrocmf.com\/portal\/category\/noticias-internacionales\/"},"img":{"alt_text":"","src":"https:\/\/i0.wp.com\/webdelmaestrocmf.com\/portal\/wp-content\/uploads\/2025\/11\/1A-Banner-1-portada-imagen-10-1-copia-16.webp?resize=350%2C200&ssl=1","width":350,"height":200,"srcset":"https:\/\/i0.wp.com\/webdelmaestrocmf.com\/portal\/wp-content\/uploads\/2025\/11\/1A-Banner-1-portada-imagen-10-1-copia-16.webp?resize=350%2C200&ssl=1 1x, https:\/\/i0.wp.com\/webdelmaestrocmf.com\/portal\/wp-content\/uploads\/2025\/11\/1A-Banner-1-portada-imagen-10-1-copia-16.webp?resize=525%2C300&ssl=1 1.5x, https:\/\/i0.wp.com\/webdelmaestrocmf.com\/portal\/wp-content\/uploads\/2025\/11\/1A-Banner-1-portada-imagen-10-1-copia-16.webp?resize=700%2C400&ssl=1 2x"},"classes":[]},{"id":115217,"url":"https:\/\/webdelmaestrocmf.com\/portal\/nino-es-acusado-de-matar-a-su-padre-por-quitarle-el-nintendo-switch-un-crimen-que-obliga-a-mirar-de-frente-la-crianza-los-limites-y-la-responsabilidad-adulta\/","url_meta":{"origin":108600,"position":2},"title":"Ni\u00f1o es acusado de matar a su padre por quitarle el Nintendo switch. Un crimen que obliga a mirar de frente la crianza, los l\u00edmites y la responsabilidad adulta.","author":"Web del Maestro CMF","date":"9 febrero, 2026","format":false,"excerpt":"La reciente noticia ocurrida en Pensilvania, donde un ni\u00f1o de 11 a\u00f1os fue acusado de asesinar a su padre tras una discusi\u00f3n dom\u00e9stica relacionada con el retiro de una consola de videojuegos, ha provocado conmoci\u00f3n social y un debate profundo que va mucho m\u00e1s all\u00e1 del hecho policial. No se\u2026","rel":"","context":"En \u00abNoticias Internacionales\u00bb","block_context":{"text":"Noticias Internacionales","link":"https:\/\/webdelmaestrocmf.com\/portal\/category\/noticias-internacionales\/"},"img":{"alt_text":"","src":"https:\/\/i0.wp.com\/webdelmaestrocmf.com\/portal\/wp-content\/uploads\/2026\/02\/1A-Banner-1-portada-imagen-10-1-copia-1-3.webp?resize=350%2C200&ssl=1","width":350,"height":200,"srcset":"https:\/\/i0.wp.com\/webdelmaestrocmf.com\/portal\/wp-content\/uploads\/2026\/02\/1A-Banner-1-portada-imagen-10-1-copia-1-3.webp?resize=350%2C200&ssl=1 1x, https:\/\/i0.wp.com\/webdelmaestrocmf.com\/portal\/wp-content\/uploads\/2026\/02\/1A-Banner-1-portada-imagen-10-1-copia-1-3.webp?resize=525%2C300&ssl=1 1.5x, https:\/\/i0.wp.com\/webdelmaestrocmf.com\/portal\/wp-content\/uploads\/2026\/02\/1A-Banner-1-portada-imagen-10-1-copia-1-3.webp?resize=700%2C400&ssl=1 2x"},"classes":[]},{"id":105184,"url":"https:\/\/webdelmaestrocmf.com\/portal\/la-solucion-no-es-quitarle-pantallas-a-los-ninos-sino-a-los-padres\/","url_meta":{"origin":108600,"position":3},"title":"Carlos Gonz\u00e1lez: La soluci\u00f3n no es quitarle pantallas a los ni\u00f1os, sino a los padres","author":"Web del Maestro CMF","date":"6 agosto, 2025","format":false,"excerpt":"Con pantallas, los objetos no siguen las leyes\u00a0de la f\u00edsica, el ni\u00f1o no puede aprender c\u00f3mo funciona el mundo.","rel":"","context":"En \u00abEntrevistas\u00bb","block_context":{"text":"Entrevistas","link":"https:\/\/webdelmaestrocmf.com\/portal\/category\/noticias\/entrevistas\/"},"img":{"alt_text":"","src":"https:\/\/i0.wp.com\/webdelmaestrocmf.com\/portal\/wp-content\/uploads\/2024\/04\/1A-Banner-1-portada-imagen-10-1-copia-2025-08-06T153218.200.webp?resize=350%2C200&ssl=1","width":350,"height":200,"srcset":"https:\/\/i0.wp.com\/webdelmaestrocmf.com\/portal\/wp-content\/uploads\/2024\/04\/1A-Banner-1-portada-imagen-10-1-copia-2025-08-06T153218.200.webp?resize=350%2C200&ssl=1 1x, https:\/\/i0.wp.com\/webdelmaestrocmf.com\/portal\/wp-content\/uploads\/2024\/04\/1A-Banner-1-portada-imagen-10-1-copia-2025-08-06T153218.200.webp?resize=525%2C300&ssl=1 1.5x, https:\/\/i0.wp.com\/webdelmaestrocmf.com\/portal\/wp-content\/uploads\/2024\/04\/1A-Banner-1-portada-imagen-10-1-copia-2025-08-06T153218.200.webp?resize=700%2C400&ssl=1 2x"},"classes":[]},{"id":113760,"url":"https:\/\/webdelmaestrocmf.com\/portal\/tres-estudiantes-de-la-secundaria-tecnica-108-se-quitan-la-vida-en-menos-de-un-ano-padres-senalan-a-maestros-y-directivos\/","url_meta":{"origin":108600,"position":4},"title":"Tres estudiantes de la Secundaria T\u00e9cnica 108 se quitaron la vida en menos de un a\u00f1o: padres se\u00f1alan a maestros y directivos","author":"Web del Maestro CMF","date":"1 diciembre, 2025","format":false,"excerpt":"Padres acusan humillaciones, gritos y falta de apoyo emocional en la T\u00e9cnica 108, tras el suicidio de tres alumnos en menos de un a\u00f1o.","rel":"","context":"En \u00abNoticias Internacionales\u00bb","block_context":{"text":"Noticias Internacionales","link":"https:\/\/webdelmaestrocmf.com\/portal\/category\/noticias-internacionales\/"},"img":{"alt_text":"","src":"https:\/\/i0.wp.com\/webdelmaestrocmf.com\/portal\/wp-content\/uploads\/2025\/12\/1A-Banner-1-portada-imagen-10-1-copia-1.jpg?resize=350%2C200&ssl=1","width":350,"height":200,"srcset":"https:\/\/i0.wp.com\/webdelmaestrocmf.com\/portal\/wp-content\/uploads\/2025\/12\/1A-Banner-1-portada-imagen-10-1-copia-1.jpg?resize=350%2C200&ssl=1 1x, https:\/\/i0.wp.com\/webdelmaestrocmf.com\/portal\/wp-content\/uploads\/2025\/12\/1A-Banner-1-portada-imagen-10-1-copia-1.jpg?resize=525%2C300&ssl=1 1.5x, https:\/\/i0.wp.com\/webdelmaestrocmf.com\/portal\/wp-content\/uploads\/2025\/12\/1A-Banner-1-portada-imagen-10-1-copia-1.jpg?resize=700%2C400&ssl=1 2x"},"classes":[]},{"id":114625,"url":"https:\/\/webdelmaestrocmf.com\/portal\/madre-de-familia-se-declara-en-contra-de-las-tareas-escolares-las-tareas-escolares-les-quitan-tiempo-a-los-ninos-para-jugar-y-pasar-tiempo-con-sus-padres\/","url_meta":{"origin":108600,"position":5},"title":"Madre de familia se declara en contra de las tareas escolares: \u201cLas tareas escolares les quitan tiempo a los ni\u00f1os para jugar y pasar tiempo con sus padres\u201d","author":"Web del Maestro CMF","date":"7 enero, 2026","format":false,"excerpt":"Madre cuestiona la carga de tareas escolares y reabre el debate sobre el tiempo infantil","rel":"","context":"En \u00abNoticias Internacionales\u00bb","block_context":{"text":"Noticias Internacionales","link":"https:\/\/webdelmaestrocmf.com\/portal\/category\/noticias-internacionales\/"},"img":{"alt_text":"","src":"https:\/\/i0.wp.com\/webdelmaestrocmf.com\/portal\/wp-content\/uploads\/2026\/01\/1AA-Banner-1-portada-imagen-10-1-copia-18.webp?resize=350%2C200&ssl=1","width":350,"height":200,"srcset":"https:\/\/i0.wp.com\/webdelmaestrocmf.com\/portal\/wp-content\/uploads\/2026\/01\/1AA-Banner-1-portada-imagen-10-1-copia-18.webp?resize=350%2C200&ssl=1 1x, https:\/\/i0.wp.com\/webdelmaestrocmf.com\/portal\/wp-content\/uploads\/2026\/01\/1AA-Banner-1-portada-imagen-10-1-copia-18.webp?resize=525%2C300&ssl=1 1.5x, https:\/\/i0.wp.com\/webdelmaestrocmf.com\/portal\/wp-content\/uploads\/2026\/01\/1AA-Banner-1-portada-imagen-10-1-copia-18.webp?resize=700%2C400&ssl=1 2x, https:\/\/i0.wp.com\/webdelmaestrocmf.com\/portal\/wp-content\/uploads\/2026\/01\/1AA-Banner-1-portada-imagen-10-1-copia-18.webp?resize=1050%2C600&ssl=1 3x"},"classes":[]}],"_links":{"self":[{"href":"https:\/\/webdelmaestrocmf.com\/portal\/wp-json\/wp\/v2\/posts\/108600","targetHints":{"allow":["GET"]}}],"collection":[{"href":"https:\/\/webdelmaestrocmf.com\/portal\/wp-json\/wp\/v2\/posts"}],"about":[{"href":"https:\/\/webdelmaestrocmf.com\/portal\/wp-json\/wp\/v2\/types\/post"}],"author":[{"embeddable":true,"href":"https:\/\/webdelmaestrocmf.com\/portal\/wp-json\/wp\/v2\/users\/1"}],"replies":[{"embeddable":true,"href":"https:\/\/webdelmaestrocmf.com\/portal\/wp-json\/wp\/v2\/comments?post=108600"}],"version-history":[{"count":4,"href":"https:\/\/webdelmaestrocmf.com\/portal\/wp-json\/wp\/v2\/posts\/108600\/revisions"}],"predecessor-version":[{"id":108613,"href":"https:\/\/webdelmaestrocmf.com\/portal\/wp-json\/wp\/v2\/posts\/108600\/revisions\/108613"}],"wp:featuredmedia":[{"embeddable":true,"href":"https:\/\/webdelmaestrocmf.com\/portal\/wp-json\/wp\/v2\/media\/108601"}],"wp:attachment":[{"href":"https:\/\/webdelmaestrocmf.com\/portal\/wp-json\/wp\/v2\/media?parent=108600"}],"wp:term":[{"taxonomy":"category","embeddable":true,"href":"https:\/\/webdelmaestrocmf.com\/portal\/wp-json\/wp\/v2\/categories?post=108600"},{"taxonomy":"post_tag","embeddable":true,"href":"https:\/\/webdelmaestrocmf.com\/portal\/wp-json\/wp\/v2\/tags?post=108600"}],"curies":[{"name":"wp","href":"https:\/\/api.w.org\/{rel}","templated":true}]}}