{"id":108349,"date":"2026-03-24T13:26:00","date_gmt":"2026-03-24T16:26:00","guid":{"rendered":"https:\/\/webdelmaestrocmf.com\/portal\/?p=108349"},"modified":"2026-03-24T14:07:47","modified_gmt":"2026-03-24T17:07:47","slug":"claves-para-tus-primeras-clases-como-docente","status":"publish","type":"post","link":"https:\/\/webdelmaestrocmf.com\/portal\/claves-para-tus-primeras-clases-como-docente\/","title":{"rendered":"Claves para tus primeras clases como docente"},"content":{"rendered":"\n<p>Los primeros d\u00edas de clases son determinantes en la construcci\u00f3n del clima de aula, en la relaci\u00f3n entre docente y estudiantes, y en el establecimiento de las bases para un aprendizaje significativo. Una planificaci\u00f3n cuidadosa y una actitud abierta y emp\u00e1tica pueden marcar la diferencia en el desarrollo del curso.<\/p>\n\n\n\n<!--more-->\n\n\n\n<p>A continuaci\u00f3n, se presentan estrategias detalladas para garantizar un inicio de clases exitoso.<\/p>\n\n\n\n<h2 class=\"wp-block-heading\">1. Planificaci\u00f3n y Preparaci\u00f3n<\/h2>\n\n\n\n<p>El primer paso hacia un comienzo exitoso es una preparaci\u00f3n minuciosa. Esto no solo implica organizar los contenidos, sino tambi\u00e9n crear un entorno propicio para el aprendizaje y la participaci\u00f3n.<\/p>\n\n\n\n<ul class=\"wp-block-list\">\n<li><strong>Define tus objetivos:<\/strong> Antes de iniciar la clase, es fundamental preguntarse: \u00bfQu\u00e9 quiero que mis estudiantes aprendan o se lleven de esta primera sesi\u00f3n? Esto guiar\u00e1 el dise\u00f1o de actividades y metodolog\u00edas.<\/li>\n\n\n\n<li><strong>Dise\u00f1a una lecci\u00f3n atractiva:<\/strong> Evita una primera clase puramente te\u00f3rica. Combina la introducci\u00f3n a la materia con actividades pr\u00e1cticas y participativas que enganchen a los estudiantes desde el inicio.<\/li>\n\n\n\n<li><strong>Prepara materiales:<\/strong> Tener listos los recursos necesarios evita imprevistos y facilita la ejecuci\u00f3n de la clase. Aseg\u00farate de contar con presentaciones, copias, marcadores, tarjetas y otros elementos requeridos.<\/li>\n\n\n\n<li><strong>Conoce tu espacio:<\/strong> Familiarizarse con el aula permite organizar mejor la distribuci\u00f3n del mobiliario, el uso de recursos tecnol\u00f3gicos y el desplazamiento dentro del espacio.<\/li>\n\n\n\n<li><strong>Revisa tu programaci\u00f3n y cronograma:<\/strong> Es importante tener claridad sobre el plan de estudio, la secuencia de contenidos y las fechas clave del curso.<\/li>\n\n\n\n<li><strong>Presentaci\u00f3n personal:<\/strong> Lleva preparada una introducci\u00f3n sobre qui\u00e9n eres, tu experiencia y qu\u00e9 esperas del curso. Esto ayuda a generar confianza y conexi\u00f3n con los estudiantes.<\/li>\n\n\n\n<li><strong>Recuerda respirar profundo:<\/strong> No necesitas ser perfecto, sino aut\u00e9ntico. Los estudiantes valoran la cercan\u00eda y la naturalidad del docente.<\/li>\n<\/ul>\n\n\n\n<h2 class=\"wp-block-heading\">2. Conexi\u00f3n y Comunicaci\u00f3n<\/h2>\n\n\n\n<p>Un ambiente de confianza y respeto es clave para que los estudiantes se sientan c\u00f3modos y motivados a participar. La comunicaci\u00f3n clara y la empat\u00eda contribuyen a fortalecer esta conexi\u00f3n.<\/p>\n\n\n\n<ul class=\"wp-block-list\">\n<li><strong>Pres\u00e9ntate con entusiasmo:<\/strong> Tu actitud influye en la percepci\u00f3n de los estudiantes sobre la materia y sobre ti como docente. Si muestras pasi\u00f3n por ense\u00f1ar, ellos lo notar\u00e1n.<\/li>\n\n\n\n<li><strong>Aprende sus nombres:<\/strong> Hacer un esfuerzo por recordar los nombres desde el principio demuestra inter\u00e9s y ayuda a generar un v\u00ednculo m\u00e1s cercano.<\/li>\n\n\n\n<li><strong>Crea un ambiente de confianza:<\/strong> Fomenta la participaci\u00f3n y el respeto mediante normas de convivencia claras y el reconocimiento de las opiniones de los estudiantes.<\/li>\n\n\n\n<li><strong>Comunica expectativas:<\/strong> Explica las reglas del curso, los objetivos de aprendizaje y la metodolog\u00eda que se utilizar\u00e1. Esto reduce la incertidumbre y organiza el trabajo desde el inicio.<\/li>\n\n\n\n<li><strong>Escucha activamente:<\/strong> Presta atenci\u00f3n a sus dudas, comentarios y necesidades. Un docente que escucha es un docente que aprende a ense\u00f1ar mejor.<\/li>\n\n\n\n<li><strong>Realiza una din\u00e1mica rompehielos:<\/strong> Una actividad sencilla, como una pregunta divertida o un ejercicio con tarjetas, puede ayudar a relajar el ambiente y facilitar la interacci\u00f3n.<\/li>\n\n\n\n<li><strong>Establece normas de convivencia:<\/strong> Puedes pactarlas con el grupo o sugerirlas. Un aula con normas claras es un aula donde se favorece el respeto y la colaboraci\u00f3n.<\/li>\n<\/ul>\n\n\n\n<h2 class=\"wp-block-heading\">3. Desarrollo de la Clase<\/h2>\n\n\n\n<p>El desarrollo de la primera clase debe ser din\u00e1mico y estructurado para captar la atenci\u00f3n de los estudiantes y generar inter\u00e9s en la materia.<\/p>\n\n\n\n<ul class=\"wp-block-list\">\n<li><strong>Comienza con una actividad rompehielos:<\/strong> Esto ayuda a crear un ambiente relajado y a que los estudiantes se conozcan.<\/li>\n\n\n\n<li><strong>Presenta el contenido de forma clara y organizada:<\/strong> Utiliza ejemplos, analog\u00edas y recursos visuales para facilitar la comprensi\u00f3n.<\/li>\n\n\n\n<li><strong>Var\u00eda las actividades:<\/strong> Alterna entre explicaciones, debates, trabajos en grupo y ejercicios individuales para mantener la atenci\u00f3n.<\/li>\n\n\n\n<li><strong>Fomenta la participaci\u00f3n:<\/strong> Anima a los estudiantes a compartir sus ideas y opiniones.<\/li>\n\n\n\n<li><strong>Gestiona el tiempo:<\/strong> Mant\u00e9n un ritmo adecuado y aseg\u00farate de cubrir los puntos clave de la lecci\u00f3n.<\/li>\n\n\n\n<li><strong>Motiva desde el principio:<\/strong> Explica por qu\u00e9 el contenido del curso es relevante para su vida acad\u00e9mica y profesional.<\/li>\n\n\n\n<li><strong>Aplica metodolog\u00edas activas:<\/strong> Aprendizaje basado en problemas, debates, estudio de casos y trabajo en equipo pueden hacer que la clase sea m\u00e1s din\u00e1mica y enriquecedora.<\/li>\n\n\n\n<li><strong>Eval\u00faa la comprensi\u00f3n:<\/strong> Una lluvia de ideas, un ejercicio pr\u00e1ctico o una reflexi\u00f3n escrita pueden ayudar a verificar si han entendido lo trabajado.<\/li>\n<\/ul>\n\n\n\n<h2 class=\"wp-block-heading\">4. Cierre y Evaluaci\u00f3n<\/h2>\n\n\n\n<p>Finalizar la primera clase con un cierre estructurado permite consolidar los aprendizajes y preparar el camino para la siguiente sesi\u00f3n.<\/p>\n\n\n\n<ul class=\"wp-block-list\">\n<li><strong>Resume los puntos clave:<\/strong> Repasa los conceptos principales y refu\u00e9rzalos con ejemplos.<\/li>\n\n\n\n<li><strong>Asigna una tarea:<\/strong> Puede ser una lectura breve, una reflexi\u00f3n o un ejercicio pr\u00e1ctico que ayude a reforzar lo aprendido.<\/li>\n\n\n\n<li><strong>Pide retroalimentaci\u00f3n:<\/strong> Pregunta qu\u00e9 les pareci\u00f3 la clase y si tienen sugerencias para mejorar.<\/li>\n\n\n\n<li><strong>Eval\u00faa tu desempe\u00f1o:<\/strong> Reflexiona sobre qu\u00e9 funcion\u00f3 bien, qu\u00e9 se puede mejorar y c\u00f3mo podr\u00e1s ajustar tu enfoque en las siguientes clases.<\/li>\n\n\n\n<li><strong>Cierra con una frase motivadora:<\/strong> Un mensaje inspirador o una pregunta desafiante pueden generar expectativas positivas para la pr\u00f3xima clase.<\/li>\n<\/ul>\n\n\n\n<h2 class=\"wp-block-heading\">Consejos Adicionales<\/h2>\n\n\n\n<ul class=\"wp-block-list\">\n<li><strong>S\u00e9 t\u00fa mismo:<\/strong> La autenticidad genera conexi\u00f3n y confianza.<\/li>\n\n\n\n<li><strong>Mant\u00e9n la calma:<\/strong> Los nervios son normales, pero la preparaci\u00f3n te dar\u00e1 seguridad.<\/li>\n\n\n\n<li><strong>S\u00e9 flexible:<\/strong> Adapta tu plan seg\u00fan las necesidades del grupo.<\/li>\n\n\n\n<li><strong>Observa a tus estudiantes:<\/strong> Ajusta el ritmo y las actividades seg\u00fan su respuesta.<\/li>\n\n\n\n<li><strong>Disfruta el momento:<\/strong> La docencia es una profesi\u00f3n gratificante. Aprovecha cada clase para aprender y crecer como docente.<\/li>\n<\/ul>\n\n\n\n<p>La primera clase es solo el comienzo de una gran aventura educativa. A medida que adquieras experiencia, te sentir\u00e1s m\u00e1s seguro y tus clases ser\u00e1n cada vez m\u00e1s efectivas y enriquecedoras. \u00a1Mucho \u00e9xito!<\/p>\n\n\n\n<p><iframe loading=\"lazy\" src=\"https:\/\/drive.google.com\/file\/d\/1wuDWrfLLyEY453Mx42mv9XJ_nf0KsWRc\/preview\" width=\"100%\" height=\"600\"><span data-mce-type=\"bookmark\" style=\"display: inline-block; width: 0px; overflow: hidden; line-height: 0;\" class=\"mce_SELRES_start\">\ufeff<\/span><\/iframe><\/p>\n\n\n\n<p class=\"has-text-align-right\"><strong>Redacci\u00f3n | Web del Maestro CMF<\/strong><\/p>\n\n\n\n<p style=\"display:block; background:#e5e7eb; color:#333; padding:10px 18px; border-radius:6px; font-size:16px; text-align:center; width:fit-content; margin:20px auto;\">\nMATERIAL DE DESCARGA: <a href=\"https:\/\/drive.google.com\/file\/d\/1wuDWrfLLyEY453Mx42mv9XJ_nf0KsWRc\/view\" target=\"_blank\" rel=\"noopener noreferrer\" style=\"text-decoration:none; color:#333;\"> DIN\u00c1MICAS Y CONSEJOS: PRIMER D\u00cdA DE CLASES<\/a>\n<\/p>\n\n\n\n<p style=\"display:block; background:#e5e7eb; color:#333; padding:10px 18px; border-radius:6px; font-size:16px; text-align:center; width:fit-content; margin:20px auto;\">\nMATERIAL DE DESCARGA: <a href=\"https:\/\/drive.google.com\/drive\/u\/2\/folders\/13DXzbY9Km5L9IdFbFrJh89r0J2ujb0NK\" target=\"_blank\" rel=\"noopener noreferrer\" style=\"text-decoration:none; color:#333;\"> METODOLOG\u00cdAS ACTIVAS PARA EL APRENDIZAJE<\/a>\n<\/p>\n\n\n\n\t\t<div class=\"pk-inline-posts\">\n\t\t\t\t\t\t\t<h5 class=\"pk-inline-posts-title pk-title pk-font-block\">\n\t\t\t\t\t\u00daltimas entradas\t\t\t\t<\/h5>\n\t\t\t\n\t\t\t<div class=\"pk-inline-posts-container pk-inline-posts-template-list\"\n\t\t\t\tdata-columns=\"1\">\n\t\t\t\t\t\t<article id=\"post-28153\" class=\"post-28153 post type-post status-publish format-standard has-post-thumbnail category-consejos category-docentes category-pedagogia tag-adaptacion-a-diversidad tag-adaptacion-curricular tag-aprendizaje-activo tag-clases tag-diseno-curricular tag-diseno-de-actividades tag-diseno-de-lecciones tag-diseno-de-unidades-didacticas tag-eficiente tag-enfoque-centrado-en-el-estudiante tag-estrategias-de-ensenanza tag-estrategias-de-ensenanza-efectiva tag-estrategias-de-instruccion tag-estrategias-de-participacion tag-evaluacion-autentica tag-evaluacion-del-aprendizaje tag-evaluacion-formativa tag-evaluacion-sumativa tag-instruccion-diferenciada tag-manera tag-medicion-del-progreso tag-metodologia-educativa tag-motivacion-del-estudiante tag-objetivos-de-aprendizaje tag-planificacion-a-corto-plazo tag-planificacion-a-largo-plazo tag-planificacion-de-clases tag-planificar tag-recursos-didacticos tag-retroalimentacion-formativa tag-secuencia-didactica tag-taxonomia-de-bloom tag-tecnicas-de-organizacion tag-uso-de-tecnologia-educativa cs-entry cs-video-wrap\">\n\t\t\t<div class=\"pk-post-outer\">\n\n\t\t\t\t\t\t\t\t<div class=\"pk-post-inner\">\n\t\t\t\t\t<div class=\"entry-thumbnail\">\n\t\t\t\t\t\t<div class=\"pk-overlay pk-overlay-ratio pk-ratio-landscape\">\n\t\t\t\t\t\t\t<div class=\"pk-overlay-background\">\n\t\t\t\t\t\t\t\t<a href=\"https:\/\/webdelmaestrocmf.com\/portal\/como-planificar-las-clases-de-manera-eficiente\/\" class=\"pk-overlay-link\">\n\t\t\t\t\t\t\t\t\t<img loading=\"lazy\" decoding=\"async\" width=\"300\" height=\"225\" src=\"https:\/\/webdelmaestrocmf.com\/portal\/wp-content\/uploads\/2026\/02\/1AA-Banner-1-portada-imagen-10-1-copia-16-300x225.webp\" class=\"attachment-pk-thumbnail size-pk-thumbnail wp-post-image\" alt=\"\" \/>\t\t\t\t\t\t\t\t<\/a>\n\t\t\t\t\t\t\t<\/div>\n\t\t\t\t\t\t<\/div>\n\t\t\t\t\t<\/div>\n\t\t\t\t<\/div>\n\t\t\t\t\n\t\t\t\t<div class=\"pk-post-inner\">\n\t\t\t\t\t<header>\n\t\t\t\t\t\t<h3 class=\"pk-title\"><a href=\"https:\/\/webdelmaestrocmf.com\/portal\/como-planificar-las-clases-de-manera-eficiente\/\" rel=\"bookmark\">C\u00f3mo planificar las clases de manera eficiente: descarga las mejores plantillas de planificaci\u00f3n de clases<\/a><\/h3>\t\t\t\t\t<\/header><!-- .entry-header -->\n\t\t\t\t<\/div><!-- .post-inner -->\n\n\t\t\t<\/div><!-- .post-outer -->\n\t\t<\/article>\n\t\t\t<article id=\"post-117746\" class=\"post-117746 post type-post status-publish format-standard has-post-thumbnail category-docentes category-pedagogia tag-bienestar-docente tag-clima-escolar tag-docentes tag-educacion-3 tag-gestion-educativa-3 tag-salud-mental-docente tag-sistema-educativo tag-sobrecarga-laboral tag-trabajo-docente tag-vocacion-docente-2 cs-entry cs-video-wrap\">\n\t\t\t<div class=\"pk-post-outer\">\n\n\t\t\t\t\t\t\t\t<div class=\"pk-post-inner\">\n\t\t\t\t\t<div class=\"entry-thumbnail\">\n\t\t\t\t\t\t<div class=\"pk-overlay pk-overlay-ratio pk-ratio-landscape\">\n\t\t\t\t\t\t\t<div class=\"pk-overlay-background\">\n\t\t\t\t\t\t\t\t<a href=\"https:\/\/webdelmaestrocmf.com\/portal\/la-mochila-invisible-del-docente-una-carga-que-el-sistema-aun-no-logra-ver\/\" class=\"pk-overlay-link\">\n\t\t\t\t\t\t\t\t\t<img loading=\"lazy\" decoding=\"async\" width=\"300\" height=\"225\" src=\"https:\/\/webdelmaestrocmf.com\/portal\/wp-content\/uploads\/2026\/04\/1AA-Banner-1-portada-imagen-10-1-copia-14-1-300x225.webp\" class=\"attachment-pk-thumbnail size-pk-thumbnail wp-post-image\" alt=\"\" \/>\t\t\t\t\t\t\t\t<\/a>\n\t\t\t\t\t\t\t<\/div>\n\t\t\t\t\t\t<\/div>\n\t\t\t\t\t<\/div>\n\t\t\t\t<\/div>\n\t\t\t\t\n\t\t\t\t<div class=\"pk-post-inner\">\n\t\t\t\t\t<header>\n\t\t\t\t\t\t<h3 class=\"pk-title\"><a href=\"https:\/\/webdelmaestrocmf.com\/portal\/la-mochila-invisible-del-docente-una-carga-que-el-sistema-aun-no-logra-ver\/\" rel=\"bookmark\">La mochila invisible del docente: una carga que el sistema a\u00fan no logra ver<\/a><\/h3>\t\t\t\t\t<\/header><!-- .entry-header -->\n\t\t\t\t<\/div><!-- .post-inner -->\n\n\t\t\t<\/div><!-- .post-outer -->\n\t\t<\/article>\n\t\t\t<article id=\"post-117526\" class=\"post-117526 post type-post status-publish format-standard has-post-thumbnail category-docentes category-pedagogia tag-aula tag-convivencia-escolar tag-docentes tag-educacion-2 tag-educacion-socioemocional tag-espacio-personal tag-limites tag-pedagogia-2 tag-vinculo-educativo cs-entry cs-video-wrap\">\n\t\t\t<div class=\"pk-post-outer\">\n\n\t\t\t\t\t\t\t\t<div class=\"pk-post-inner\">\n\t\t\t\t\t<div class=\"entry-thumbnail\">\n\t\t\t\t\t\t<div class=\"pk-overlay pk-overlay-ratio pk-ratio-landscape\">\n\t\t\t\t\t\t\t<div class=\"pk-overlay-background\">\n\t\t\t\t\t\t\t\t<a href=\"https:\/\/webdelmaestrocmf.com\/portal\/el-dilema-del-contacto-fisico-en-la-escuela-entre-el-vinculo-humano-y-la-responsabilidad-profesional-que-debe-hacer-el-docente\/\" class=\"pk-overlay-link\">\n\t\t\t\t\t\t\t\t\t<img loading=\"lazy\" decoding=\"async\" width=\"300\" height=\"225\" src=\"https:\/\/webdelmaestrocmf.com\/portal\/wp-content\/uploads\/2026\/04\/1AA-Banner-1-portada-imagen-10-1-copia-6-1-300x225.webp\" class=\"attachment-pk-thumbnail size-pk-thumbnail wp-post-image\" alt=\"\" \/>\t\t\t\t\t\t\t\t<\/a>\n\t\t\t\t\t\t\t<\/div>\n\t\t\t\t\t\t<\/div>\n\t\t\t\t\t<\/div>\n\t\t\t\t<\/div>\n\t\t\t\t\n\t\t\t\t<div class=\"pk-post-inner\">\n\t\t\t\t\t<header>\n\t\t\t\t\t\t<h3 class=\"pk-title\"><a href=\"https:\/\/webdelmaestrocmf.com\/portal\/el-dilema-del-contacto-fisico-en-la-escuela-entre-el-vinculo-humano-y-la-responsabilidad-profesional-que-debe-hacer-el-docente\/\" rel=\"bookmark\">El dilema del contacto f\u00edsico en la escuela: entre el v\u00ednculo humano y la responsabilidad profesional \u00bfQu\u00e9 debe hacer el docente?<\/a><\/h3>\t\t\t\t\t<\/header><!-- .entry-header -->\n\t\t\t\t<\/div><!-- .post-inner -->\n\n\t\t\t<\/div><!-- .post-outer -->\n\t\t<\/article>\n\t\t\t\t<\/div>\n\t\t<\/div>\n\t\t\n","protected":false},"excerpt":{"rendered":"Planificar clases atractivas, establecer normas claras, generar confianza con los estudiantes y promover participaci\u00f3n activa son claves para iniciar con \u00e9xito, evitando clases te\u00f3ricas y priorizando actividades din\u00e1micas y significativas.","protected":false},"author":1,"featured_media":108350,"comment_status":"open","ping_status":"closed","sticky":false,"template":"","format":"standard","meta":{"csco_display_header_overlay":false,"csco_singular_sidebar":"","csco_page_header_type":"","csco_page_load_nextpost":"","csco_post_video_location":[],"csco_post_video_location_hash":"","csco_post_video_url":"","csco_post_video_bg_start_time":0,"csco_post_video_bg_end_time":0,"csco_post_video_bg_volume":false,"_jetpack_memberships_contains_paid_content":false,"footnotes":""},"categories":[570,735],"tags":[634,618,52,13998],"class_list":{"0":"post-108349","1":"post","2":"type-post","3":"status-publish","4":"format-standard","5":"has-post-thumbnail","7":"category-docentes","8":"category-pedagogia","9":"tag-clases","10":"tag-claves","11":"tag-docente","12":"tag-primeras","13":"cs-entry","14":"cs-video-wrap"},"yoast_head":"<!-- This site is optimized with the Yoast SEO plugin v27.5 - https:\/\/yoast.com\/product\/yoast-seo-wordpress\/ -->\n<title>Claves para tus primeras clases como docente - 2026<\/title>\n<meta name=\"description\" content=\"Los primeros d\u00edas de clases son determinantes en la construcci\u00f3n del clima de aula, en la relaci\u00f3n entre docente y estudiantes...\" \/>\n<meta name=\"robots\" content=\"index, follow, max-snippet:-1, max-image-preview:large, max-video-preview:-1\" \/>\n<link rel=\"canonical\" href=\"https:\/\/webdelmaestrocmf.com\/portal\/claves-para-tus-primeras-clases-como-docente\/\" \/>\n<meta property=\"og:locale\" content=\"es_ES\" \/>\n<meta property=\"og:type\" content=\"article\" \/>\n<meta property=\"og:title\" content=\"Claves para tus primeras clases como docente - 2026\" \/>\n<meta property=\"og:description\" content=\"Los primeros d\u00edas de clases son determinantes en la construcci\u00f3n del clima de aula, en la relaci\u00f3n entre docente y estudiantes...\" \/>\n<meta property=\"og:url\" content=\"https:\/\/webdelmaestrocmf.com\/portal\/claves-para-tus-primeras-clases-como-docente\/\" \/>\n<meta property=\"og:site_name\" content=\"Web del Maestro CMF\" \/>\n<meta property=\"article:publisher\" content=\"https:\/\/www.facebook.com\/WebdelMaestroCMF\/\" \/>\n<meta property=\"article:author\" content=\"https:\/\/www.facebook.com\/WebdelMaestroCMF\/\" \/>\n<meta property=\"article:published_time\" content=\"2026-03-24T16:26:00+00:00\" \/>\n<meta property=\"article:modified_time\" content=\"2026-03-24T17:07:47+00:00\" \/>\n<meta property=\"og:image\" content=\"https:\/\/webdelmaestrocmf.com\/portal\/wp-content\/uploads\/2025\/03\/1A-Banner-1-portada-imagen-10-1-6.jpg\" \/>\n\t<meta property=\"og:image:width\" content=\"1024\" \/>\n\t<meta property=\"og:image:height\" content=\"1024\" \/>\n\t<meta property=\"og:image:type\" content=\"image\/jpeg\" \/>\n<meta name=\"author\" content=\"Web del Maestro CMF\" \/>\n<meta name=\"twitter:card\" content=\"summary_large_image\" \/>\n<meta name=\"twitter:creator\" content=\"@cmf_w\" \/>\n<meta name=\"twitter:site\" content=\"@cmf_w\" \/>\n<script type=\"application\/ld+json\" class=\"yoast-schema-graph\">{\"@context\":\"https:\\\/\\\/schema.org\",\"@graph\":[{\"@type\":\"ScholarlyArticle\",\"@id\":\"https:\\\/\\\/webdelmaestrocmf.com\\\/portal\\\/claves-para-tus-primeras-clases-como-docente\\\/#article\",\"isPartOf\":{\"@id\":\"https:\\\/\\\/webdelmaestrocmf.com\\\/portal\\\/claves-para-tus-primeras-clases-como-docente\\\/\"},\"author\":{\"name\":\"Web del Maestro CMF\",\"@id\":\"https:\\\/\\\/webdelmaestrocmf.com\\\/portal\\\/#\\\/schema\\\/person\\\/1072a2ed7bd960df8ef99a551fa35dc5\"},\"headline\":\"Claves para tus primeras clases como docente\",\"datePublished\":\"2026-03-24T16:26:00+00:00\",\"dateModified\":\"2026-03-24T17:07:47+00:00\",\"mainEntityOfPage\":{\"@id\":\"https:\\\/\\\/webdelmaestrocmf.com\\\/portal\\\/claves-para-tus-primeras-clases-como-docente\\\/\"},\"wordCount\":1022,\"commentCount\":0,\"publisher\":{\"@id\":\"https:\\\/\\\/webdelmaestrocmf.com\\\/portal\\\/#organization\"},\"image\":{\"@id\":\"https:\\\/\\\/webdelmaestrocmf.com\\\/portal\\\/claves-para-tus-primeras-clases-como-docente\\\/#primaryimage\"},\"thumbnailUrl\":\"https:\\\/\\\/webdelmaestrocmf.com\\\/portal\\\/wp-content\\\/uploads\\\/2025\\\/03\\\/1A-Banner-1-portada-imagen-10-1-6.jpg\",\"keywords\":[\"clases\",\"CLAVES\",\"DOCENTE\",\"primeras\"],\"articleSection\":[\"Docentes\",\"Recursos\"],\"inLanguage\":\"es\",\"potentialAction\":[{\"@type\":\"CommentAction\",\"name\":\"Comment\",\"target\":[\"https:\\\/\\\/webdelmaestrocmf.com\\\/portal\\\/claves-para-tus-primeras-clases-como-docente\\\/#respond\"]}]},{\"@type\":\"WebPage\",\"@id\":\"https:\\\/\\\/webdelmaestrocmf.com\\\/portal\\\/claves-para-tus-primeras-clases-como-docente\\\/\",\"url\":\"https:\\\/\\\/webdelmaestrocmf.com\\\/portal\\\/claves-para-tus-primeras-clases-como-docente\\\/\",\"name\":\"Claves para tus primeras clases como docente - 2026\",\"isPartOf\":{\"@id\":\"https:\\\/\\\/webdelmaestrocmf.com\\\/portal\\\/#website\"},\"primaryImageOfPage\":{\"@id\":\"https:\\\/\\\/webdelmaestrocmf.com\\\/portal\\\/claves-para-tus-primeras-clases-como-docente\\\/#primaryimage\"},\"image\":{\"@id\":\"https:\\\/\\\/webdelmaestrocmf.com\\\/portal\\\/claves-para-tus-primeras-clases-como-docente\\\/#primaryimage\"},\"thumbnailUrl\":\"https:\\\/\\\/webdelmaestrocmf.com\\\/portal\\\/wp-content\\\/uploads\\\/2025\\\/03\\\/1A-Banner-1-portada-imagen-10-1-6.jpg\",\"datePublished\":\"2026-03-24T16:26:00+00:00\",\"dateModified\":\"2026-03-24T17:07:47+00:00\",\"description\":\"Los primeros d\u00edas de clases son determinantes en la construcci\u00f3n del clima de aula, en la relaci\u00f3n entre docente y estudiantes...\",\"breadcrumb\":{\"@id\":\"https:\\\/\\\/webdelmaestrocmf.com\\\/portal\\\/claves-para-tus-primeras-clases-como-docente\\\/#breadcrumb\"},\"inLanguage\":\"es\",\"potentialAction\":[{\"@type\":\"ReadAction\",\"target\":[\"https:\\\/\\\/webdelmaestrocmf.com\\\/portal\\\/claves-para-tus-primeras-clases-como-docente\\\/\"]}]},{\"@type\":\"ImageObject\",\"inLanguage\":\"es\",\"@id\":\"https:\\\/\\\/webdelmaestrocmf.com\\\/portal\\\/claves-para-tus-primeras-clases-como-docente\\\/#primaryimage\",\"url\":\"https:\\\/\\\/webdelmaestrocmf.com\\\/portal\\\/wp-content\\\/uploads\\\/2025\\\/03\\\/1A-Banner-1-portada-imagen-10-1-6.jpg\",\"contentUrl\":\"https:\\\/\\\/webdelmaestrocmf.com\\\/portal\\\/wp-content\\\/uploads\\\/2025\\\/03\\\/1A-Banner-1-portada-imagen-10-1-6.jpg\",\"width\":1024,\"height\":1024},{\"@type\":\"BreadcrumbList\",\"@id\":\"https:\\\/\\\/webdelmaestrocmf.com\\\/portal\\\/claves-para-tus-primeras-clases-como-docente\\\/#breadcrumb\",\"itemListElement\":[{\"@type\":\"ListItem\",\"position\":1,\"name\":\"Portada\",\"item\":\"https:\\\/\\\/webdelmaestrocmf.com\\\/portal\\\/\"},{\"@type\":\"ListItem\",\"position\":2,\"name\":\"Recursos\",\"item\":\"https:\\\/\\\/webdelmaestrocmf.com\\\/portal\\\/category\\\/pedagogia\\\/\"},{\"@type\":\"ListItem\",\"position\":3,\"name\":\"Claves para tus primeras clases como docente\"}]},{\"@type\":\"WebSite\",\"@id\":\"https:\\\/\\\/webdelmaestrocmf.com\\\/portal\\\/#website\",\"url\":\"https:\\\/\\\/webdelmaestrocmf.com\\\/portal\\\/\",\"name\":\"Web del Maestro CMF\",\"description\":\"Maestros al servicio de la educaci\u00f3n\",\"publisher\":{\"@id\":\"https:\\\/\\\/webdelmaestrocmf.com\\\/portal\\\/#organization\"},\"alternateName\":\"WMCMF\",\"potentialAction\":[{\"@type\":\"SearchAction\",\"target\":{\"@type\":\"EntryPoint\",\"urlTemplate\":\"https:\\\/\\\/webdelmaestrocmf.com\\\/portal\\\/?s={search_term_string}\"},\"query-input\":{\"@type\":\"PropertyValueSpecification\",\"valueRequired\":true,\"valueName\":\"search_term_string\"}}],\"inLanguage\":\"es\"},{\"@type\":\"Organization\",\"@id\":\"https:\\\/\\\/webdelmaestrocmf.com\\\/portal\\\/#organization\",\"name\":\"Web del Maestro CMF\",\"alternateName\":\"WMCMF\",\"url\":\"https:\\\/\\\/webdelmaestrocmf.com\\\/portal\\\/\",\"logo\":{\"@type\":\"ImageObject\",\"inLanguage\":\"es\",\"@id\":\"https:\\\/\\\/webdelmaestrocmf.com\\\/portal\\\/#\\\/schema\\\/logo\\\/image\\\/\",\"url\":\"https:\\\/\\\/webdelmaestrocmf.com\\\/portal\\\/wp-content\\\/uploads\\\/2023\\\/01\\\/logo-wmcmf-2.png\",\"contentUrl\":\"https:\\\/\\\/webdelmaestrocmf.com\\\/portal\\\/wp-content\\\/uploads\\\/2023\\\/01\\\/logo-wmcmf-2.png\",\"width\":200,\"height\":60,\"caption\":\"Web del Maestro CMF\"},\"image\":{\"@id\":\"https:\\\/\\\/webdelmaestrocmf.com\\\/portal\\\/#\\\/schema\\\/logo\\\/image\\\/\"},\"sameAs\":[\"https:\\\/\\\/www.facebook.com\\\/WebdelMaestroCMF\\\/\",\"https:\\\/\\\/x.com\\\/cmf_w\",\"https:\\\/\\\/www.pinterest.com\\\/WMCMF\\\/\",\"https:\\\/\\\/www.linkedin.com\\\/company\\\/web-del-maestro-cmf\\\/\",\"https:\\\/\\\/www.instagram.com\\\/wmcmf\\\/\",\"https:\\\/\\\/www.youtube.com\\\/channel\\\/UCDPSvjbdodE5sHnC3OxutHw\",\"https:\\\/\\\/mastodon.social\\\/@wmcmf\",\"https:\\\/\\\/www.tiktok.com\\\/@webdelmaestrocmf\"]},{\"@type\":\"Person\",\"@id\":\"https:\\\/\\\/webdelmaestrocmf.com\\\/portal\\\/#\\\/schema\\\/person\\\/1072a2ed7bd960df8ef99a551fa35dc5\",\"name\":\"Web del Maestro CMF\",\"image\":{\"@type\":\"ImageObject\",\"inLanguage\":\"es\",\"@id\":\"https:\\\/\\\/secure.gravatar.com\\\/avatar\\\/23291dd5b5ae1077dcff3dbb04c3e02bd28403fa75af6d8787d5e97c5bbbe30b?s=96&d=mm&r=g\",\"url\":\"https:\\\/\\\/secure.gravatar.com\\\/avatar\\\/23291dd5b5ae1077dcff3dbb04c3e02bd28403fa75af6d8787d5e97c5bbbe30b?s=96&d=mm&r=g\",\"contentUrl\":\"https:\\\/\\\/secure.gravatar.com\\\/avatar\\\/23291dd5b5ae1077dcff3dbb04c3e02bd28403fa75af6d8787d5e97c5bbbe30b?s=96&d=mm&r=g\",\"caption\":\"Web del Maestro CMF\"},\"description\":\"Esta Web se cre\u00f3 sin fines de lucro, con fines educativos, cient\u00edficos y acad\u00e9micos, para personas que tengan dificultades y\\\/o inconvenientes en visualizar el material original. El objetivo es entregar recursos, compartir experiencias y materiales que ayuden a los padres de familia, maestros y estudiantes en su actualizaci\u00f3n y formaci\u00f3n permanente, en bien de la Educaci\u00f3n.\",\"sameAs\":[\"http:\\\/\\\/webdelmaestrocmf.com\\\/portal\",\"https:\\\/\\\/www.facebook.com\\\/WebdelMaestroCMF\\\/\",\"https:\\\/\\\/www.instagram.com\\\/wmcmf\\\/\",\"https:\\\/\\\/cl.linkedin.com\\\/company\\\/web-del-maestro-cmf\",\"https:\\\/\\\/www.pinterest.com\\\/WMCMF\\\/publicaciones\\\/\",\"https:\\\/\\\/x.com\\\/cmf_w\",\"https:\\\/\\\/www.youtube.com\\\/@WMCMF\"]}]}<\/script>\n<!-- \/ Yoast SEO plugin. -->","yoast_head_json":{"title":"Claves para tus primeras clases como docente - 2026","description":"Los primeros d\u00edas de clases son determinantes en la construcci\u00f3n del clima de aula, en la relaci\u00f3n entre docente y estudiantes...","robots":{"index":"index","follow":"follow","max-snippet":"max-snippet:-1","max-image-preview":"max-image-preview:large","max-video-preview":"max-video-preview:-1"},"canonical":"https:\/\/webdelmaestrocmf.com\/portal\/claves-para-tus-primeras-clases-como-docente\/","og_locale":"es_ES","og_type":"article","og_title":"Claves para tus primeras clases como docente - 2026","og_description":"Los primeros d\u00edas de clases son determinantes en la construcci\u00f3n del clima de aula, en la relaci\u00f3n entre docente y estudiantes...","og_url":"https:\/\/webdelmaestrocmf.com\/portal\/claves-para-tus-primeras-clases-como-docente\/","og_site_name":"Web del Maestro CMF","article_publisher":"https:\/\/www.facebook.com\/WebdelMaestroCMF\/","article_author":"https:\/\/www.facebook.com\/WebdelMaestroCMF\/","article_published_time":"2026-03-24T16:26:00+00:00","article_modified_time":"2026-03-24T17:07:47+00:00","og_image":[{"width":1024,"height":1024,"url":"https:\/\/webdelmaestrocmf.com\/portal\/wp-content\/uploads\/2025\/03\/1A-Banner-1-portada-imagen-10-1-6.jpg","type":"image\/jpeg"}],"author":"Web del Maestro CMF","twitter_card":"summary_large_image","twitter_creator":"@cmf_w","twitter_site":"@cmf_w","schema":{"@context":"https:\/\/schema.org","@graph":[{"@type":"ScholarlyArticle","@id":"https:\/\/webdelmaestrocmf.com\/portal\/claves-para-tus-primeras-clases-como-docente\/#article","isPartOf":{"@id":"https:\/\/webdelmaestrocmf.com\/portal\/claves-para-tus-primeras-clases-como-docente\/"},"author":{"name":"Web del Maestro CMF","@id":"https:\/\/webdelmaestrocmf.com\/portal\/#\/schema\/person\/1072a2ed7bd960df8ef99a551fa35dc5"},"headline":"Claves para tus primeras clases como docente","datePublished":"2026-03-24T16:26:00+00:00","dateModified":"2026-03-24T17:07:47+00:00","mainEntityOfPage":{"@id":"https:\/\/webdelmaestrocmf.com\/portal\/claves-para-tus-primeras-clases-como-docente\/"},"wordCount":1022,"commentCount":0,"publisher":{"@id":"https:\/\/webdelmaestrocmf.com\/portal\/#organization"},"image":{"@id":"https:\/\/webdelmaestrocmf.com\/portal\/claves-para-tus-primeras-clases-como-docente\/#primaryimage"},"thumbnailUrl":"https:\/\/webdelmaestrocmf.com\/portal\/wp-content\/uploads\/2025\/03\/1A-Banner-1-portada-imagen-10-1-6.jpg","keywords":["clases","CLAVES","DOCENTE","primeras"],"articleSection":["Docentes","Recursos"],"inLanguage":"es","potentialAction":[{"@type":"CommentAction","name":"Comment","target":["https:\/\/webdelmaestrocmf.com\/portal\/claves-para-tus-primeras-clases-como-docente\/#respond"]}]},{"@type":"WebPage","@id":"https:\/\/webdelmaestrocmf.com\/portal\/claves-para-tus-primeras-clases-como-docente\/","url":"https:\/\/webdelmaestrocmf.com\/portal\/claves-para-tus-primeras-clases-como-docente\/","name":"Claves para tus primeras clases como docente - 2026","isPartOf":{"@id":"https:\/\/webdelmaestrocmf.com\/portal\/#website"},"primaryImageOfPage":{"@id":"https:\/\/webdelmaestrocmf.com\/portal\/claves-para-tus-primeras-clases-como-docente\/#primaryimage"},"image":{"@id":"https:\/\/webdelmaestrocmf.com\/portal\/claves-para-tus-primeras-clases-como-docente\/#primaryimage"},"thumbnailUrl":"https:\/\/webdelmaestrocmf.com\/portal\/wp-content\/uploads\/2025\/03\/1A-Banner-1-portada-imagen-10-1-6.jpg","datePublished":"2026-03-24T16:26:00+00:00","dateModified":"2026-03-24T17:07:47+00:00","description":"Los primeros d\u00edas de clases son determinantes en la construcci\u00f3n del clima de aula, en la relaci\u00f3n entre docente y estudiantes...","breadcrumb":{"@id":"https:\/\/webdelmaestrocmf.com\/portal\/claves-para-tus-primeras-clases-como-docente\/#breadcrumb"},"inLanguage":"es","potentialAction":[{"@type":"ReadAction","target":["https:\/\/webdelmaestrocmf.com\/portal\/claves-para-tus-primeras-clases-como-docente\/"]}]},{"@type":"ImageObject","inLanguage":"es","@id":"https:\/\/webdelmaestrocmf.com\/portal\/claves-para-tus-primeras-clases-como-docente\/#primaryimage","url":"https:\/\/webdelmaestrocmf.com\/portal\/wp-content\/uploads\/2025\/03\/1A-Banner-1-portada-imagen-10-1-6.jpg","contentUrl":"https:\/\/webdelmaestrocmf.com\/portal\/wp-content\/uploads\/2025\/03\/1A-Banner-1-portada-imagen-10-1-6.jpg","width":1024,"height":1024},{"@type":"BreadcrumbList","@id":"https:\/\/webdelmaestrocmf.com\/portal\/claves-para-tus-primeras-clases-como-docente\/#breadcrumb","itemListElement":[{"@type":"ListItem","position":1,"name":"Portada","item":"https:\/\/webdelmaestrocmf.com\/portal\/"},{"@type":"ListItem","position":2,"name":"Recursos","item":"https:\/\/webdelmaestrocmf.com\/portal\/category\/pedagogia\/"},{"@type":"ListItem","position":3,"name":"Claves para tus primeras clases como docente"}]},{"@type":"WebSite","@id":"https:\/\/webdelmaestrocmf.com\/portal\/#website","url":"https:\/\/webdelmaestrocmf.com\/portal\/","name":"Web del Maestro CMF","description":"Maestros al servicio de la educaci\u00f3n","publisher":{"@id":"https:\/\/webdelmaestrocmf.com\/portal\/#organization"},"alternateName":"WMCMF","potentialAction":[{"@type":"SearchAction","target":{"@type":"EntryPoint","urlTemplate":"https:\/\/webdelmaestrocmf.com\/portal\/?s={search_term_string}"},"query-input":{"@type":"PropertyValueSpecification","valueRequired":true,"valueName":"search_term_string"}}],"inLanguage":"es"},{"@type":"Organization","@id":"https:\/\/webdelmaestrocmf.com\/portal\/#organization","name":"Web del Maestro CMF","alternateName":"WMCMF","url":"https:\/\/webdelmaestrocmf.com\/portal\/","logo":{"@type":"ImageObject","inLanguage":"es","@id":"https:\/\/webdelmaestrocmf.com\/portal\/#\/schema\/logo\/image\/","url":"https:\/\/webdelmaestrocmf.com\/portal\/wp-content\/uploads\/2023\/01\/logo-wmcmf-2.png","contentUrl":"https:\/\/webdelmaestrocmf.com\/portal\/wp-content\/uploads\/2023\/01\/logo-wmcmf-2.png","width":200,"height":60,"caption":"Web del Maestro CMF"},"image":{"@id":"https:\/\/webdelmaestrocmf.com\/portal\/#\/schema\/logo\/image\/"},"sameAs":["https:\/\/www.facebook.com\/WebdelMaestroCMF\/","https:\/\/x.com\/cmf_w","https:\/\/www.pinterest.com\/WMCMF\/","https:\/\/www.linkedin.com\/company\/web-del-maestro-cmf\/","https:\/\/www.instagram.com\/wmcmf\/","https:\/\/www.youtube.com\/channel\/UCDPSvjbdodE5sHnC3OxutHw","https:\/\/mastodon.social\/@wmcmf","https:\/\/www.tiktok.com\/@webdelmaestrocmf"]},{"@type":"Person","@id":"https:\/\/webdelmaestrocmf.com\/portal\/#\/schema\/person\/1072a2ed7bd960df8ef99a551fa35dc5","name":"Web del Maestro CMF","image":{"@type":"ImageObject","inLanguage":"es","@id":"https:\/\/secure.gravatar.com\/avatar\/23291dd5b5ae1077dcff3dbb04c3e02bd28403fa75af6d8787d5e97c5bbbe30b?s=96&d=mm&r=g","url":"https:\/\/secure.gravatar.com\/avatar\/23291dd5b5ae1077dcff3dbb04c3e02bd28403fa75af6d8787d5e97c5bbbe30b?s=96&d=mm&r=g","contentUrl":"https:\/\/secure.gravatar.com\/avatar\/23291dd5b5ae1077dcff3dbb04c3e02bd28403fa75af6d8787d5e97c5bbbe30b?s=96&d=mm&r=g","caption":"Web del Maestro CMF"},"description":"Esta Web se cre\u00f3 sin fines de lucro, con fines educativos, cient\u00edficos y acad\u00e9micos, para personas que tengan dificultades y\/o inconvenientes en visualizar el material original. El objetivo es entregar recursos, compartir experiencias y materiales que ayuden a los padres de familia, maestros y estudiantes en su actualizaci\u00f3n y formaci\u00f3n permanente, en bien de la Educaci\u00f3n.","sameAs":["http:\/\/webdelmaestrocmf.com\/portal","https:\/\/www.facebook.com\/WebdelMaestroCMF\/","https:\/\/www.instagram.com\/wmcmf\/","https:\/\/cl.linkedin.com\/company\/web-del-maestro-cmf","https:\/\/www.pinterest.com\/WMCMF\/publicaciones\/","https:\/\/x.com\/cmf_w","https:\/\/www.youtube.com\/@WMCMF"]}]}},"jetpack_featured_media_url":"https:\/\/webdelmaestrocmf.com\/portal\/wp-content\/uploads\/2025\/03\/1A-Banner-1-portada-imagen-10-1-6.jpg","jetpack_sharing_enabled":true,"jetpack-related-posts":[{"id":102696,"url":"https:\/\/webdelmaestrocmf.com\/portal\/como-dar-una-clase-efectiva-consejos-para-docentes\/","url_meta":{"origin":108349,"position":0},"title":"C\u00f3mo dar una clase efectiva: consejos para docentes","author":"Web del Maestro CMF","date":"19 junio, 2025","format":false,"excerpt":"Planear y dar una clase efectiva no es una tarea sencilla; implica considerar numerosos aspectos que van desde las caracter\u00edsticas de los alumnos hasta el contexto y los recursos disponibles. Ya seas un experimentado docente o te est\u00e9s iniciando en esta noble profesi\u00f3n, siempre surgir\u00e1n dudas acerca de c\u00f3mo abordar\u2026","rel":"","context":"En \u00abClases\u00bb","block_context":{"text":"Clases","link":"https:\/\/webdelmaestrocmf.com\/portal\/category\/pedagogia\/clases\/"},"img":{"alt_text":"clase efectiva","src":"https:\/\/i0.wp.com\/webdelmaestrocmf.com\/portal\/wp-content\/uploads\/2024\/01\/Banner-1-portada-imagen-10-8.jpg?resize=350%2C200&ssl=1","width":350,"height":200,"srcset":"https:\/\/i0.wp.com\/webdelmaestrocmf.com\/portal\/wp-content\/uploads\/2024\/01\/Banner-1-portada-imagen-10-8.jpg?resize=350%2C200&ssl=1 1x, https:\/\/i0.wp.com\/webdelmaestrocmf.com\/portal\/wp-content\/uploads\/2024\/01\/Banner-1-portada-imagen-10-8.jpg?resize=525%2C300&ssl=1 1.5x, https:\/\/i0.wp.com\/webdelmaestrocmf.com\/portal\/wp-content\/uploads\/2024\/01\/Banner-1-portada-imagen-10-8.jpg?resize=700%2C400&ssl=1 2x"},"classes":[]},{"id":102569,"url":"https:\/\/webdelmaestrocmf.com\/portal\/libro-para-docentes-el-arte-de-dar-clase\/","url_meta":{"origin":108349,"position":1},"title":"Libro para docentes: El arte de dar clase","author":"Web del Maestro CMF","date":"14 enero, 2024","format":false,"excerpt":"La ense\u00f1anza es un arte que requiere habilidades espec\u00edficas y un enfoque cuidadoso para lograr resultados efectivos. En su obra \"El Arte de Dar Clase\", Daniel Cassany ofrece un valioso manual destinado a docentes, repleto de consejos pr\u00e1cticos que abarcan desde la planificaci\u00f3n de clases hasta el desarrollo profesional continuo.\u2026","rel":"","context":"En \u00abLibros\u00bb","block_context":{"text":"Libros","link":"https:\/\/webdelmaestrocmf.com\/portal\/category\/pedagogia\/libros\/"},"img":{"alt_text":"","src":"https:\/\/i0.wp.com\/webdelmaestrocmf.com\/portal\/wp-content\/uploads\/2024\/01\/Banner-1-portada-imagen-10.jpg?resize=350%2C200&ssl=1","width":350,"height":200,"srcset":"https:\/\/i0.wp.com\/webdelmaestrocmf.com\/portal\/wp-content\/uploads\/2024\/01\/Banner-1-portada-imagen-10.jpg?resize=350%2C200&ssl=1 1x, https:\/\/i0.wp.com\/webdelmaestrocmf.com\/portal\/wp-content\/uploads\/2024\/01\/Banner-1-portada-imagen-10.jpg?resize=525%2C300&ssl=1 1.5x, https:\/\/i0.wp.com\/webdelmaestrocmf.com\/portal\/wp-content\/uploads\/2024\/01\/Banner-1-portada-imagen-10.jpg?resize=700%2C400&ssl=1 2x"},"classes":[]},{"id":108416,"url":"https:\/\/webdelmaestrocmf.com\/portal\/descubre-200-prompts-para-docentes-una-guia-para-profes-innovadores\/","url_meta":{"origin":108349,"position":2},"title":"Descarga la gu\u00eda de 200 Prompts para docentes: una gu\u00eda para \u00abProfes\u00bb innovadores","author":"Web del Maestro CMF","date":"25 marzo, 2026","format":false,"excerpt":"Gu\u00eda con 200 prompts para docentes que facilita planificar clases, evaluar, motivar estudiantes e innovar en el aula, optimizando el uso de inteligencia artificial con criterios claros y aplicables.","rel":"","context":"En \u00abIA\u00bb","block_context":{"text":"IA","link":"https:\/\/webdelmaestrocmf.com\/portal\/category\/tecnologia\/ia\/"},"img":{"alt_text":"","src":"https:\/\/i0.wp.com\/webdelmaestrocmf.com\/portal\/wp-content\/uploads\/2025\/12\/1AA-Banner-1-portada-imagen-10-1-copia-1.webp?resize=350%2C200&ssl=1","width":350,"height":200,"srcset":"https:\/\/i0.wp.com\/webdelmaestrocmf.com\/portal\/wp-content\/uploads\/2025\/12\/1AA-Banner-1-portada-imagen-10-1-copia-1.webp?resize=350%2C200&ssl=1 1x, https:\/\/i0.wp.com\/webdelmaestrocmf.com\/portal\/wp-content\/uploads\/2025\/12\/1AA-Banner-1-portada-imagen-10-1-copia-1.webp?resize=525%2C300&ssl=1 1.5x, https:\/\/i0.wp.com\/webdelmaestrocmf.com\/portal\/wp-content\/uploads\/2025\/12\/1AA-Banner-1-portada-imagen-10-1-copia-1.webp?resize=700%2C400&ssl=1 2x, https:\/\/i0.wp.com\/webdelmaestrocmf.com\/portal\/wp-content\/uploads\/2025\/12\/1AA-Banner-1-portada-imagen-10-1-copia-1.webp?resize=1050%2C600&ssl=1 3x"},"classes":[]},{"id":102154,"url":"https:\/\/webdelmaestrocmf.com\/portal\/documentos-que-todo-docente-debe-tener\/","url_meta":{"origin":108349,"position":3},"title":"Documentos que todo docente debe tener","author":"Web del Maestro CMF","date":"15 enero, 2024","format":false,"excerpt":"En el universo desafiante de la ense\u00f1anza, la planificaci\u00f3n efectiva y la organizaci\u00f3n son claves. Este a\u00f1o, destacamos documentos esenciales que todo docente necesita. Desde modelos de actas hasta formatos de experiencias de aprendizaje, estas herramientas simplifican la gesti\u00f3n educativa. Al final de este art\u00edculo, encontrar\u00e1 enlaces de descarga para\u2026","rel":"","context":"En \u00abDescargas Manuales PDF\u00bb","block_context":{"text":"Descargas Manuales PDF","link":"https:\/\/webdelmaestrocmf.com\/portal\/category\/pedagogia\/descargas-manuales-pdf\/"},"img":{"alt_text":"Documentos que todo docente debe tener","src":"https:\/\/i0.wp.com\/webdelmaestrocmf.com\/portal\/wp-content\/uploads\/2024\/01\/Banner-1-portada-imagen-10-20.jpg?resize=350%2C200&ssl=1","width":350,"height":200,"srcset":"https:\/\/i0.wp.com\/webdelmaestrocmf.com\/portal\/wp-content\/uploads\/2024\/01\/Banner-1-portada-imagen-10-20.jpg?resize=350%2C200&ssl=1 1x, https:\/\/i0.wp.com\/webdelmaestrocmf.com\/portal\/wp-content\/uploads\/2024\/01\/Banner-1-portada-imagen-10-20.jpg?resize=525%2C300&ssl=1 1.5x, https:\/\/i0.wp.com\/webdelmaestrocmf.com\/portal\/wp-content\/uploads\/2024\/01\/Banner-1-portada-imagen-10-20.jpg?resize=700%2C400&ssl=1 2x"},"classes":[]},{"id":28153,"url":"https:\/\/webdelmaestrocmf.com\/portal\/como-planificar-las-clases-de-manera-eficiente\/","url_meta":{"origin":108349,"position":4},"title":"C\u00f3mo planificar las clases de manera eficiente: descarga las mejores plantillas de planificaci\u00f3n de clases","author":"Web del Maestro CMF","date":"15 abril, 2026","format":false,"excerpt":"La planificaci\u00f3n de clases es fundamental para garantizar aprendizajes efectivos, optimizar el tiempo y organizar estrategias, recursos y evaluaci\u00f3n, evitando la improvisaci\u00f3n y favoreciendo una ense\u00f1anza estructurada, din\u00e1mica y centrada en el estudiante.","rel":"","context":"En \u00abConsejos\u00bb","block_context":{"text":"Consejos","link":"https:\/\/webdelmaestrocmf.com\/portal\/category\/pedagogia\/consejos\/"},"img":{"alt_text":"","src":"https:\/\/i0.wp.com\/webdelmaestrocmf.com\/portal\/wp-content\/uploads\/2026\/02\/1AA-Banner-1-portada-imagen-10-1-copia-16.webp?resize=350%2C200&ssl=1","width":350,"height":200,"srcset":"https:\/\/i0.wp.com\/webdelmaestrocmf.com\/portal\/wp-content\/uploads\/2026\/02\/1AA-Banner-1-portada-imagen-10-1-copia-16.webp?resize=350%2C200&ssl=1 1x, https:\/\/i0.wp.com\/webdelmaestrocmf.com\/portal\/wp-content\/uploads\/2026\/02\/1AA-Banner-1-portada-imagen-10-1-copia-16.webp?resize=525%2C300&ssl=1 1.5x, https:\/\/i0.wp.com\/webdelmaestrocmf.com\/portal\/wp-content\/uploads\/2026\/02\/1AA-Banner-1-portada-imagen-10-1-copia-16.webp?resize=700%2C400&ssl=1 2x, https:\/\/i0.wp.com\/webdelmaestrocmf.com\/portal\/wp-content\/uploads\/2026\/02\/1AA-Banner-1-portada-imagen-10-1-copia-16.webp?resize=1050%2C600&ssl=1 3x"},"classes":[]},{"id":102359,"url":"https:\/\/webdelmaestrocmf.com\/portal\/como-hacer-una-clase-amena-y-entendible\/","url_meta":{"origin":108349,"position":5},"title":"C\u00f3mo hacer una clase amena y entendible","author":"Web del Maestro CMF","date":"10 enero, 2024","format":false,"excerpt":"\u00bfTe preguntas c\u00f3mo lograr que tus clases sean m\u00e1s amenas y comprensibles? No te preocupes, \u00a1en este art\u00edculo te daremos algunos consejos pr\u00e1cticos que har\u00e1n la diferencia! Una clase amena y entendible es aquella en la que los alumnos est\u00e1n interesados en aprender y se sienten capaces de hacerlo. Art\u00edculo\u2026","rel":"","context":"En \u00abClases\u00bb","block_context":{"text":"Clases","link":"https:\/\/webdelmaestrocmf.com\/portal\/category\/pedagogia\/clases\/"},"img":{"alt_text":"","src":"https:\/\/i0.wp.com\/webdelmaestrocmf.com\/portal\/wp-content\/uploads\/2024\/01\/A-cuadrado-nuevo-ffonso-13.jpg?resize=350%2C200&ssl=1","width":350,"height":200,"srcset":"https:\/\/i0.wp.com\/webdelmaestrocmf.com\/portal\/wp-content\/uploads\/2024\/01\/A-cuadrado-nuevo-ffonso-13.jpg?resize=350%2C200&ssl=1 1x, https:\/\/i0.wp.com\/webdelmaestrocmf.com\/portal\/wp-content\/uploads\/2024\/01\/A-cuadrado-nuevo-ffonso-13.jpg?resize=525%2C300&ssl=1 1.5x, https:\/\/i0.wp.com\/webdelmaestrocmf.com\/portal\/wp-content\/uploads\/2024\/01\/A-cuadrado-nuevo-ffonso-13.jpg?resize=700%2C400&ssl=1 2x"},"classes":[]}],"_links":{"self":[{"href":"https:\/\/webdelmaestrocmf.com\/portal\/wp-json\/wp\/v2\/posts\/108349","targetHints":{"allow":["GET"]}}],"collection":[{"href":"https:\/\/webdelmaestrocmf.com\/portal\/wp-json\/wp\/v2\/posts"}],"about":[{"href":"https:\/\/webdelmaestrocmf.com\/portal\/wp-json\/wp\/v2\/types\/post"}],"author":[{"embeddable":true,"href":"https:\/\/webdelmaestrocmf.com\/portal\/wp-json\/wp\/v2\/users\/1"}],"replies":[{"embeddable":true,"href":"https:\/\/webdelmaestrocmf.com\/portal\/wp-json\/wp\/v2\/comments?post=108349"}],"version-history":[{"count":13,"href":"https:\/\/webdelmaestrocmf.com\/portal\/wp-json\/wp\/v2\/posts\/108349\/revisions"}],"predecessor-version":[{"id":116869,"href":"https:\/\/webdelmaestrocmf.com\/portal\/wp-json\/wp\/v2\/posts\/108349\/revisions\/116869"}],"wp:featuredmedia":[{"embeddable":true,"href":"https:\/\/webdelmaestrocmf.com\/portal\/wp-json\/wp\/v2\/media\/108350"}],"wp:attachment":[{"href":"https:\/\/webdelmaestrocmf.com\/portal\/wp-json\/wp\/v2\/media?parent=108349"}],"wp:term":[{"taxonomy":"category","embeddable":true,"href":"https:\/\/webdelmaestrocmf.com\/portal\/wp-json\/wp\/v2\/categories?post=108349"},{"taxonomy":"post_tag","embeddable":true,"href":"https:\/\/webdelmaestrocmf.com\/portal\/wp-json\/wp\/v2\/tags?post=108349"}],"curies":[{"name":"wp","href":"https:\/\/api.w.org\/{rel}","templated":true}]}}