{"id":108331,"date":"2025-03-11T21:19:43","date_gmt":"2025-03-12T00:19:43","guid":{"rendered":"https:\/\/webdelmaestrocmf.com\/portal\/?p=108331"},"modified":"2025-03-11T21:19:43","modified_gmt":"2025-03-12T00:19:43","slug":"si-el-alumno-no-quiere-aprender-no-hay-nada-que-hacer","status":"publish","type":"post","link":"https:\/\/webdelmaestrocmf.com\/portal\/si-el-alumno-no-quiere-aprender-no-hay-nada-que-hacer\/","title":{"rendered":"Si el alumno no quiere aprender, \u00bfno hay nada que hacer?"},"content":{"rendered":"<p style=\"text-align: justify;\" data-pm-slice=\"1 1 []\">Juan Vaello Orts, psicopedagogo, orientador y experto en educaci\u00f3n, ha dedicado su trayectoria a explorar estrategias efectivas para la ense\u00f1anza. En su intervenci\u00f3n en el III Congreso Excelencia, abord\u00f3 una de las preguntas m\u00e1s recurrentes entre los docentes: \u201cSi el alumno no quiere aprender, \u00bfrealmente no hay nada que hacer?\u201d<!--more--><\/p>\n<p style=\"text-align: justify;\">Seg\u00fan Vaello, la falta de inter\u00e9s en aprender puede tener m\u00faltiples causas: desconexi\u00f3n con el contenido, problemas emocionales, dificultades familiares o un ambiente poco estimulante. No obstante, rechaza la idea de que el docente deba resignarse. En su libro <em>C\u00f3mo dar clase a los que no quieren<\/em>, sostiene que el aula debe ser un espacio de contagio inevitable de ideas, conocimientos y emociones, al igual que un vag\u00f3n de metro lleno de interacci\u00f3n constante. Para \u00e9l, cada elemento en el aula puede modificarse y mejorarse para hacer de la educaci\u00f3n una experiencia integral.<\/p>\n<p style=\"text-align: center;\"><iframe loading=\"lazy\" style=\"border: none; overflow: hidden;\" src=\"https:\/\/www.facebook.com\/plugins\/video.php?height=476&amp;href=https%3A%2F%2Fwww.facebook.com%2FMC.Podcast.Educativos%2Fvideos%2F2036115130139280%2F&amp;show_text=false&amp;width=357&amp;t=0\" width=\"357\" height=\"476\" frameborder=\"0\" scrolling=\"no\" allowfullscreen=\"allowfullscreen\"><\/iframe><\/p>\n<h3 style=\"text-align: justify;\">Estrategias para generar inter\u00e9s en el aprendizaje<\/h3>\n<ol style=\"text-align: justify;\" start=\"1\" data-spread=\"true\">\n<li><strong>Cambio de enfoque del docente<\/strong> Antes de exigir esfuerzo y atenci\u00f3n al alumnado, el profesor debe preguntarse: \u201c\u00bfQu\u00e9 puedo ofrecerles yo a ellos?\u201d. Una clase debe ser atractiva, organizada y \u00fatil. Vaello propone un bolet\u00edn de evaluaci\u00f3n docente basado en cinco aspectos esenciales:\n<ul data-spread=\"false\">\n<li><strong>Atenci\u00f3n<\/strong>: \u00bfEl alumnado est\u00e1 concentrado?<\/li>\n<li><strong>Empat\u00eda<\/strong>: \u00bfHay un v\u00ednculo emocional con la clase?<\/li>\n<li><strong>Inter\u00e9s<\/strong>: \u00bfLa materia resulta motivadora?<\/li>\n<li><strong>Orden<\/strong>: \u00bfSe mantiene un ambiente estructurado y funcional?<\/li>\n<li><strong>Utilidad<\/strong>: \u00bfLo que aprenden les resulta significativo?<\/li>\n<\/ul>\n<\/li>\n<li><strong>Trabajo en equipo<\/strong> La educaci\u00f3n es un reto colectivo. Para mejorar la convivencia, la motivaci\u00f3n y el rendimiento, el profesorado debe actuar como un equipo sincronizado, evitando esfuerzos aislados y descoordinados. Un modelo colaborativo permite que cada clase contribuya positivamente a la siguiente y fortalezca los avances previos.<\/li>\n<li><strong>Proactividad y simplicidad<\/strong> Vaello resalta la importancia de la proactividad frente a la reactividad. En lugar de lamentarse por lo que no funciona, los docentes deben centrarse en qu\u00e9 soluciones pueden implementar con los recursos disponibles. Adem\u00e1s, insiste en la econom\u00eda de esfuerzos: los procesos educativos deben ser simples y efectivos, reduciendo burocracia y optimizando el tiempo.<\/li>\n<li><strong>Poder de influencia del docente<\/strong> No todas las estrategias funcionan en todos los contextos porque su \u00e9xito depende del poder de influencia del profesor. Una misma t\u00e9cnica aplicada por dos docentes puede dar resultados distintos, dependiendo de su carisma, autoridad y conexi\u00f3n con los alumnos. Cuando un profesor tiene poca ascendencia sobre un estudiante, puede reforzar su mensaje con el apoyo de otro docente con mayor impacto.<\/li>\n<li><strong>Evaluaci\u00f3n anticipada y cultura de soluciones<\/strong> En lugar de esperar al final del trimestre para detectar problemas, los docentes deben anticipar dificultades desde el inicio del curso. Reunirse en septiembre para prever conflictos y aplicar soluciones de manera sistem\u00e1tica aumenta la eficacia de las estrategias y reduce la frustraci\u00f3n.<\/li>\n<\/ol>\n<p><iframe loading=\"lazy\" title=\"YouTube video player\" src=\"https:\/\/www.youtube.com\/embed\/vd_a9YzEL6w?si=zSEjcZq_Iq6UCaIe\" width=\"100%\" height=\"315\" frameborder=\"0\" allowfullscreen=\"allowfullscreen\"><\/iframe><\/p>\n<h3 style=\"text-align: justify;\">Ense\u00f1ar a querer aprender<\/h3>\n<p style=\"text-align: justify;\">Para Vaello, el aprendizaje efectivo no solo implica conocimientos, sino tambi\u00e9n voluntad y autoestima. Es fundamental que los alumnos experimenten el \u00e9xito y el reconocimiento para reforzar su confianza. Adem\u00e1s, destaca la combinaci\u00f3n de motivaci\u00f3n intr\u00ednseca (inter\u00e9s por lo que les gusta) con fuerza de voluntad (capacidad de hacer lo que no les agrada pero es necesario).<\/p>\n<p style=\"text-align: justify;\">Finalmente, el docente debe proteger su bienestar emocional. Aceptar que no todo est\u00e1 bajo su control y centrarse en lo que s\u00ed puede cambiar es clave para evitar la frustraci\u00f3n y el desgaste profesional. La educaci\u00f3n debe ser un espacio para disfrutar y hacer disfrutar, transformando la ense\u00f1anza en un proceso gratificante tanto para alumnos como para profesores.<\/p>\n<p style=\"text-align: right;\"><strong>REDACCI\u00d3N WEB DEL MAESTRO CMF<\/strong><\/p>\n\t\t<div class=\"pk-inline-posts\">\n\t\t\t\n\t\t\t<div class=\"pk-inline-posts-container pk-inline-posts-template-list\"\n\t\t\t\tdata-columns=\"1\">\n\t\t\t\t\t\t<article id=\"post-112108\" class=\"post-112108 post type-post status-publish format-standard has-post-thumbnail category-aprendizaje category-pedagogia tag-aprender tag-digital tag-ensenar tag-era tag-microlearning tag-nanolearning cs-entry cs-video-wrap\">\n\t\t\t<div class=\"pk-post-outer\">\n\n\t\t\t\t\t\t\t\t<div class=\"pk-post-inner\">\n\t\t\t\t\t<div class=\"entry-thumbnail\">\n\t\t\t\t\t\t<div class=\"pk-overlay pk-overlay-ratio pk-ratio-landscape\">\n\t\t\t\t\t\t\t<div class=\"pk-overlay-background\">\n\t\t\t\t\t\t\t\t<a href=\"https:\/\/webdelmaestrocmf.com\/portal\/microlearning-vs-nanolearning-nuevas-rutas-para-ensenar-y-aprender-en-la-era-digital\/\" class=\"pk-overlay-link\">\n\t\t\t\t\t\t\t\t\t<img loading=\"lazy\" decoding=\"async\" width=\"300\" height=\"225\" src=\"https:\/\/webdelmaestrocmf.com\/portal\/wp-content\/uploads\/2025\/09\/1A-Banner-1-portada-imagen-10-1-copia-2025-09-12T204727.639-300x225.webp\" class=\"attachment-pk-thumbnail size-pk-thumbnail wp-post-image\" alt=\"\" \/>\t\t\t\t\t\t\t\t<\/a>\n\t\t\t\t\t\t\t<\/div>\n\t\t\t\t\t\t<\/div>\n\t\t\t\t\t<\/div>\n\t\t\t\t<\/div>\n\t\t\t\t\n\t\t\t\t<div class=\"pk-post-inner\">\n\t\t\t\t\t<header>\n\t\t\t\t\t\t<h3 class=\"pk-title\"><a href=\"https:\/\/webdelmaestrocmf.com\/portal\/microlearning-vs-nanolearning-nuevas-rutas-para-ensenar-y-aprender-en-la-era-digital\/\" rel=\"bookmark\">Microlearning vs Nanolearning: nuevas rutas para ense\u00f1ar y aprender en la era digital<\/a><\/h3>\t\t\t\t\t<\/header><!-- .entry-header -->\n\t\t\t\t<\/div><!-- .post-inner -->\n\n\t\t\t<\/div><!-- .post-outer -->\n\t\t<\/article>\n\t\t\t<article id=\"post-110041\" class=\"post-110041 post type-post status-publish format-standard has-post-thumbnail category-aprendizaje category-pedagogia tag-aprendizaje tag-curricular tag-innovacion-2 cs-entry cs-video-wrap\">\n\t\t\t<div class=\"pk-post-outer\">\n\n\t\t\t\t\t\t\t\t<div class=\"pk-post-inner\">\n\t\t\t\t\t<div class=\"entry-thumbnail\">\n\t\t\t\t\t\t<div class=\"pk-overlay pk-overlay-ratio pk-ratio-landscape\">\n\t\t\t\t\t\t\t<div class=\"pk-overlay-background\">\n\t\t\t\t\t\t\t\t<a href=\"https:\/\/webdelmaestrocmf.com\/portal\/rueda-de-la-innovacion-curricular-transformar-el-aprendizaje-desde-la-raiz\/\" class=\"pk-overlay-link\">\n\t\t\t\t\t\t\t\t\t<img loading=\"lazy\" decoding=\"async\" width=\"300\" height=\"225\" src=\"https:\/\/webdelmaestrocmf.com\/portal\/wp-content\/uploads\/2025\/06\/1A-Banner-1-portada-imagen-10-1-copia-3-1-300x225.jpg\" class=\"attachment-pk-thumbnail size-pk-thumbnail wp-post-image\" alt=\"\" \/>\t\t\t\t\t\t\t\t<\/a>\n\t\t\t\t\t\t\t<\/div>\n\t\t\t\t\t\t<\/div>\n\t\t\t\t\t<\/div>\n\t\t\t\t<\/div>\n\t\t\t\t\n\t\t\t\t<div class=\"pk-post-inner\">\n\t\t\t\t\t<header>\n\t\t\t\t\t\t<h3 class=\"pk-title\"><a href=\"https:\/\/webdelmaestrocmf.com\/portal\/rueda-de-la-innovacion-curricular-transformar-el-aprendizaje-desde-la-raiz\/\" rel=\"bookmark\">Rueda de la innovaci\u00f3n curricular: transformar el aprendizaje desde la ra\u00edz<\/a><\/h3>\t\t\t\t\t<\/header><!-- .entry-header -->\n\t\t\t\t<\/div><!-- .post-inner -->\n\n\t\t\t<\/div><!-- .post-outer -->\n\t\t<\/article>\n\t\t\t<article id=\"post-107749\" class=\"post-107749 post type-post status-publish format-standard has-post-thumbnail category-aprendizaje category-metodologias category-pedagogia tag-aprendizaje tag-periodica tag-tabla cs-entry cs-video-wrap\">\n\t\t\t<div class=\"pk-post-outer\">\n\n\t\t\t\t\t\t\t\t<div class=\"pk-post-inner\">\n\t\t\t\t\t<div class=\"entry-thumbnail\">\n\t\t\t\t\t\t<div class=\"pk-overlay pk-overlay-ratio pk-ratio-landscape\">\n\t\t\t\t\t\t\t<div class=\"pk-overlay-background\">\n\t\t\t\t\t\t\t\t<a href=\"https:\/\/webdelmaestrocmf.com\/portal\/la-tabla-periodica-del-aprendizaje\/\" class=\"pk-overlay-link\">\n\t\t\t\t\t\t\t\t\t<img loading=\"lazy\" decoding=\"async\" width=\"300\" height=\"225\" src=\"https:\/\/webdelmaestrocmf.com\/portal\/wp-content\/uploads\/2025\/01\/1A-Banner-1-portada-imagen-10-1-6-300x225.jpg\" class=\"attachment-pk-thumbnail size-pk-thumbnail wp-post-image\" alt=\"\" \/>\t\t\t\t\t\t\t\t<\/a>\n\t\t\t\t\t\t\t<\/div>\n\t\t\t\t\t\t<\/div>\n\t\t\t\t\t<\/div>\n\t\t\t\t<\/div>\n\t\t\t\t\n\t\t\t\t<div class=\"pk-post-inner\">\n\t\t\t\t\t<header>\n\t\t\t\t\t\t<h3 class=\"pk-title\"><a href=\"https:\/\/webdelmaestrocmf.com\/portal\/la-tabla-periodica-del-aprendizaje\/\" rel=\"bookmark\">La tabla peri\u00f3dica del aprendizaje que todo docente debe conocer<\/a><\/h3>\t\t\t\t\t<\/header><!-- .entry-header -->\n\t\t\t\t<\/div><!-- .post-inner -->\n\n\t\t\t<\/div><!-- .post-outer -->\n\t\t<\/article>\n\t\t\t\t<\/div>\n\t\t<\/div>\n\t\t\n","protected":false},"excerpt":{"rendered":"Juan Vaello Orts, psicopedagogo, orientador y experto en educaci\u00f3n, ha dedicado su trayectoria a explorar estrategias efectivas para&hellip;","protected":false},"author":1,"featured_media":108332,"comment_status":"open","ping_status":"closed","sticky":false,"template":"","format":"standard","meta":{"csco_display_header_overlay":false,"csco_singular_sidebar":"","csco_page_header_type":"","csco_page_load_nextpost":"","csco_post_video_location":[],"csco_post_video_location_hash":"","csco_post_video_url":"","csco_post_video_bg_start_time":0,"csco_post_video_bg_end_time":0,"csco_post_video_bg_volume":false,"_jetpack_memberships_contains_paid_content":false,"footnotes":""},"categories":[14284,2176,6775,735],"tags":[288,188,23560],"class_list":{"0":"post-108331","1":"post","2":"type-post","3":"status-publish","4":"format-standard","5":"has-post-thumbnail","7":"category-aprendizaje","8":"category-aprendizaje-actvio","9":"category-aprendizaje-clave","10":"category-pedagogia","11":"tag-alumno","12":"tag-aprender","13":"tag-no-quiere","14":"cs-entry","15":"cs-video-wrap"},"yoast_head":"<!-- This site is optimized with the Yoast SEO plugin v27.5 - https:\/\/yoast.com\/product\/yoast-seo-wordpress\/ -->\n<title>Si el alumno no quiere aprender, \u00bfno hay nada que hacer? - 2026<\/title>\n<meta name=\"description\" content=\"Juan Vaello Orts, psicopedagogo, orientador y experto en educaci\u00f3n, ha dedicado su trayectoria a explorar estrategias efectivas para la...\" \/>\n<meta name=\"robots\" content=\"index, follow, max-snippet:-1, max-image-preview:large, max-video-preview:-1\" \/>\n<link rel=\"canonical\" href=\"https:\/\/webdelmaestrocmf.com\/portal\/si-el-alumno-no-quiere-aprender-no-hay-nada-que-hacer\/\" \/>\n<meta property=\"og:locale\" content=\"es_ES\" \/>\n<meta property=\"og:type\" content=\"article\" \/>\n<meta property=\"og:title\" content=\"Si el alumno no quiere aprender, \u00bfno hay nada que hacer? - 2026\" \/>\n<meta property=\"og:description\" content=\"Juan Vaello Orts, psicopedagogo, orientador y experto en educaci\u00f3n, ha dedicado su trayectoria a explorar estrategias efectivas para la...\" \/>\n<meta property=\"og:url\" content=\"https:\/\/webdelmaestrocmf.com\/portal\/si-el-alumno-no-quiere-aprender-no-hay-nada-que-hacer\/\" \/>\n<meta property=\"og:site_name\" content=\"Web del Maestro CMF\" \/>\n<meta property=\"article:publisher\" content=\"https:\/\/www.facebook.com\/WebdelMaestroCMF\/\" \/>\n<meta property=\"article:author\" content=\"https:\/\/www.facebook.com\/WebdelMaestroCMF\/\" \/>\n<meta property=\"article:published_time\" content=\"2025-03-12T00:19:43+00:00\" \/>\n<meta property=\"og:image\" content=\"https:\/\/webdelmaestrocmf.com\/portal\/wp-content\/uploads\/2025\/03\/1A-Banner-1-portada-imagen-10-1-2-1.jpg\" \/>\n\t<meta property=\"og:image:width\" content=\"1024\" \/>\n\t<meta property=\"og:image:height\" content=\"1024\" \/>\n\t<meta property=\"og:image:type\" content=\"image\/jpeg\" \/>\n<meta name=\"author\" content=\"Web del Maestro CMF\" \/>\n<meta name=\"twitter:card\" content=\"summary_large_image\" \/>\n<meta name=\"twitter:creator\" content=\"@cmf_w\" \/>\n<meta name=\"twitter:site\" content=\"@cmf_w\" \/>\n<script type=\"application\/ld+json\" class=\"yoast-schema-graph\">{\"@context\":\"https:\\\/\\\/schema.org\",\"@graph\":[{\"@type\":\"ScholarlyArticle\",\"@id\":\"https:\\\/\\\/webdelmaestrocmf.com\\\/portal\\\/si-el-alumno-no-quiere-aprender-no-hay-nada-que-hacer\\\/#article\",\"isPartOf\":{\"@id\":\"https:\\\/\\\/webdelmaestrocmf.com\\\/portal\\\/si-el-alumno-no-quiere-aprender-no-hay-nada-que-hacer\\\/\"},\"author\":{\"name\":\"Web del Maestro CMF\",\"@id\":\"https:\\\/\\\/webdelmaestrocmf.com\\\/portal\\\/#\\\/schema\\\/person\\\/1072a2ed7bd960df8ef99a551fa35dc5\"},\"headline\":\"Si el alumno no quiere aprender, \u00bfno hay nada que hacer?\",\"datePublished\":\"2025-03-12T00:19:43+00:00\",\"mainEntityOfPage\":{\"@id\":\"https:\\\/\\\/webdelmaestrocmf.com\\\/portal\\\/si-el-alumno-no-quiere-aprender-no-hay-nada-que-hacer\\\/\"},\"wordCount\":625,\"commentCount\":0,\"publisher\":{\"@id\":\"https:\\\/\\\/webdelmaestrocmf.com\\\/portal\\\/#organization\"},\"image\":{\"@id\":\"https:\\\/\\\/webdelmaestrocmf.com\\\/portal\\\/si-el-alumno-no-quiere-aprender-no-hay-nada-que-hacer\\\/#primaryimage\"},\"thumbnailUrl\":\"https:\\\/\\\/webdelmaestrocmf.com\\\/portal\\\/wp-content\\\/uploads\\\/2025\\\/03\\\/1A-Banner-1-portada-imagen-10-1-2-1.jpg\",\"keywords\":[\"alumno\",\"Aprender\",\"no quiere\"],\"articleSection\":[\"Aprendizaje\",\"Aprendizaje actvio\",\"Aprendizaje clave\",\"Recursos\"],\"inLanguage\":\"es\",\"potentialAction\":[{\"@type\":\"CommentAction\",\"name\":\"Comment\",\"target\":[\"https:\\\/\\\/webdelmaestrocmf.com\\\/portal\\\/si-el-alumno-no-quiere-aprender-no-hay-nada-que-hacer\\\/#respond\"]}]},{\"@type\":\"WebPage\",\"@id\":\"https:\\\/\\\/webdelmaestrocmf.com\\\/portal\\\/si-el-alumno-no-quiere-aprender-no-hay-nada-que-hacer\\\/\",\"url\":\"https:\\\/\\\/webdelmaestrocmf.com\\\/portal\\\/si-el-alumno-no-quiere-aprender-no-hay-nada-que-hacer\\\/\",\"name\":\"Si el alumno no quiere aprender, \u00bfno hay nada que hacer? - 2026\",\"isPartOf\":{\"@id\":\"https:\\\/\\\/webdelmaestrocmf.com\\\/portal\\\/#website\"},\"primaryImageOfPage\":{\"@id\":\"https:\\\/\\\/webdelmaestrocmf.com\\\/portal\\\/si-el-alumno-no-quiere-aprender-no-hay-nada-que-hacer\\\/#primaryimage\"},\"image\":{\"@id\":\"https:\\\/\\\/webdelmaestrocmf.com\\\/portal\\\/si-el-alumno-no-quiere-aprender-no-hay-nada-que-hacer\\\/#primaryimage\"},\"thumbnailUrl\":\"https:\\\/\\\/webdelmaestrocmf.com\\\/portal\\\/wp-content\\\/uploads\\\/2025\\\/03\\\/1A-Banner-1-portada-imagen-10-1-2-1.jpg\",\"datePublished\":\"2025-03-12T00:19:43+00:00\",\"description\":\"Juan Vaello Orts, psicopedagogo, orientador y experto en educaci\u00f3n, ha dedicado su trayectoria a explorar estrategias efectivas para la...\",\"breadcrumb\":{\"@id\":\"https:\\\/\\\/webdelmaestrocmf.com\\\/portal\\\/si-el-alumno-no-quiere-aprender-no-hay-nada-que-hacer\\\/#breadcrumb\"},\"inLanguage\":\"es\",\"potentialAction\":[{\"@type\":\"ReadAction\",\"target\":[\"https:\\\/\\\/webdelmaestrocmf.com\\\/portal\\\/si-el-alumno-no-quiere-aprender-no-hay-nada-que-hacer\\\/\"]}]},{\"@type\":\"ImageObject\",\"inLanguage\":\"es\",\"@id\":\"https:\\\/\\\/webdelmaestrocmf.com\\\/portal\\\/si-el-alumno-no-quiere-aprender-no-hay-nada-que-hacer\\\/#primaryimage\",\"url\":\"https:\\\/\\\/webdelmaestrocmf.com\\\/portal\\\/wp-content\\\/uploads\\\/2025\\\/03\\\/1A-Banner-1-portada-imagen-10-1-2-1.jpg\",\"contentUrl\":\"https:\\\/\\\/webdelmaestrocmf.com\\\/portal\\\/wp-content\\\/uploads\\\/2025\\\/03\\\/1A-Banner-1-portada-imagen-10-1-2-1.jpg\",\"width\":1024,\"height\":1024},{\"@type\":\"BreadcrumbList\",\"@id\":\"https:\\\/\\\/webdelmaestrocmf.com\\\/portal\\\/si-el-alumno-no-quiere-aprender-no-hay-nada-que-hacer\\\/#breadcrumb\",\"itemListElement\":[{\"@type\":\"ListItem\",\"position\":1,\"name\":\"Portada\",\"item\":\"https:\\\/\\\/webdelmaestrocmf.com\\\/portal\\\/\"},{\"@type\":\"ListItem\",\"position\":2,\"name\":\"Recursos\",\"item\":\"https:\\\/\\\/webdelmaestrocmf.com\\\/portal\\\/category\\\/pedagogia\\\/\"},{\"@type\":\"ListItem\",\"position\":3,\"name\":\"Si el alumno no quiere aprender, \u00bfno hay nada que hacer?\"}]},{\"@type\":\"WebSite\",\"@id\":\"https:\\\/\\\/webdelmaestrocmf.com\\\/portal\\\/#website\",\"url\":\"https:\\\/\\\/webdelmaestrocmf.com\\\/portal\\\/\",\"name\":\"Web del Maestro CMF\",\"description\":\"Maestros al servicio de la educaci\u00f3n\",\"publisher\":{\"@id\":\"https:\\\/\\\/webdelmaestrocmf.com\\\/portal\\\/#organization\"},\"alternateName\":\"WMCMF\",\"potentialAction\":[{\"@type\":\"SearchAction\",\"target\":{\"@type\":\"EntryPoint\",\"urlTemplate\":\"https:\\\/\\\/webdelmaestrocmf.com\\\/portal\\\/?s={search_term_string}\"},\"query-input\":{\"@type\":\"PropertyValueSpecification\",\"valueRequired\":true,\"valueName\":\"search_term_string\"}}],\"inLanguage\":\"es\"},{\"@type\":\"Organization\",\"@id\":\"https:\\\/\\\/webdelmaestrocmf.com\\\/portal\\\/#organization\",\"name\":\"Web del Maestro CMF\",\"alternateName\":\"WMCMF\",\"url\":\"https:\\\/\\\/webdelmaestrocmf.com\\\/portal\\\/\",\"logo\":{\"@type\":\"ImageObject\",\"inLanguage\":\"es\",\"@id\":\"https:\\\/\\\/webdelmaestrocmf.com\\\/portal\\\/#\\\/schema\\\/logo\\\/image\\\/\",\"url\":\"https:\\\/\\\/webdelmaestrocmf.com\\\/portal\\\/wp-content\\\/uploads\\\/2023\\\/01\\\/logo-wmcmf-2.png\",\"contentUrl\":\"https:\\\/\\\/webdelmaestrocmf.com\\\/portal\\\/wp-content\\\/uploads\\\/2023\\\/01\\\/logo-wmcmf-2.png\",\"width\":200,\"height\":60,\"caption\":\"Web del Maestro CMF\"},\"image\":{\"@id\":\"https:\\\/\\\/webdelmaestrocmf.com\\\/portal\\\/#\\\/schema\\\/logo\\\/image\\\/\"},\"sameAs\":[\"https:\\\/\\\/www.facebook.com\\\/WebdelMaestroCMF\\\/\",\"https:\\\/\\\/x.com\\\/cmf_w\",\"https:\\\/\\\/www.pinterest.com\\\/WMCMF\\\/\",\"https:\\\/\\\/www.linkedin.com\\\/company\\\/web-del-maestro-cmf\\\/\",\"https:\\\/\\\/www.instagram.com\\\/wmcmf\\\/\",\"https:\\\/\\\/www.youtube.com\\\/channel\\\/UCDPSvjbdodE5sHnC3OxutHw\",\"https:\\\/\\\/mastodon.social\\\/@wmcmf\",\"https:\\\/\\\/www.tiktok.com\\\/@webdelmaestrocmf\"]},{\"@type\":\"Person\",\"@id\":\"https:\\\/\\\/webdelmaestrocmf.com\\\/portal\\\/#\\\/schema\\\/person\\\/1072a2ed7bd960df8ef99a551fa35dc5\",\"name\":\"Web del Maestro CMF\",\"image\":{\"@type\":\"ImageObject\",\"inLanguage\":\"es\",\"@id\":\"https:\\\/\\\/secure.gravatar.com\\\/avatar\\\/23291dd5b5ae1077dcff3dbb04c3e02bd28403fa75af6d8787d5e97c5bbbe30b?s=96&d=mm&r=g\",\"url\":\"https:\\\/\\\/secure.gravatar.com\\\/avatar\\\/23291dd5b5ae1077dcff3dbb04c3e02bd28403fa75af6d8787d5e97c5bbbe30b?s=96&d=mm&r=g\",\"contentUrl\":\"https:\\\/\\\/secure.gravatar.com\\\/avatar\\\/23291dd5b5ae1077dcff3dbb04c3e02bd28403fa75af6d8787d5e97c5bbbe30b?s=96&d=mm&r=g\",\"caption\":\"Web del Maestro CMF\"},\"description\":\"Esta Web se cre\u00f3 sin fines de lucro, con fines educativos, cient\u00edficos y acad\u00e9micos, para personas que tengan dificultades y\\\/o inconvenientes en visualizar el material original. El objetivo es entregar recursos, compartir experiencias y materiales que ayuden a los padres de familia, maestros y estudiantes en su actualizaci\u00f3n y formaci\u00f3n permanente, en bien de la Educaci\u00f3n.\",\"sameAs\":[\"http:\\\/\\\/webdelmaestrocmf.com\\\/portal\",\"https:\\\/\\\/www.facebook.com\\\/WebdelMaestroCMF\\\/\",\"https:\\\/\\\/www.instagram.com\\\/wmcmf\\\/\",\"https:\\\/\\\/cl.linkedin.com\\\/company\\\/web-del-maestro-cmf\",\"https:\\\/\\\/www.pinterest.com\\\/WMCMF\\\/publicaciones\\\/\",\"https:\\\/\\\/x.com\\\/cmf_w\",\"https:\\\/\\\/www.youtube.com\\\/@WMCMF\"]}]}<\/script>\n<!-- \/ Yoast SEO plugin. -->","yoast_head_json":{"title":"Si el alumno no quiere aprender, \u00bfno hay nada que hacer? - 2026","description":"Juan Vaello Orts, psicopedagogo, orientador y experto en educaci\u00f3n, ha dedicado su trayectoria a explorar estrategias efectivas para la...","robots":{"index":"index","follow":"follow","max-snippet":"max-snippet:-1","max-image-preview":"max-image-preview:large","max-video-preview":"max-video-preview:-1"},"canonical":"https:\/\/webdelmaestrocmf.com\/portal\/si-el-alumno-no-quiere-aprender-no-hay-nada-que-hacer\/","og_locale":"es_ES","og_type":"article","og_title":"Si el alumno no quiere aprender, \u00bfno hay nada que hacer? - 2026","og_description":"Juan Vaello Orts, psicopedagogo, orientador y experto en educaci\u00f3n, ha dedicado su trayectoria a explorar estrategias efectivas para la...","og_url":"https:\/\/webdelmaestrocmf.com\/portal\/si-el-alumno-no-quiere-aprender-no-hay-nada-que-hacer\/","og_site_name":"Web del Maestro CMF","article_publisher":"https:\/\/www.facebook.com\/WebdelMaestroCMF\/","article_author":"https:\/\/www.facebook.com\/WebdelMaestroCMF\/","article_published_time":"2025-03-12T00:19:43+00:00","og_image":[{"width":1024,"height":1024,"url":"https:\/\/webdelmaestrocmf.com\/portal\/wp-content\/uploads\/2025\/03\/1A-Banner-1-portada-imagen-10-1-2-1.jpg","type":"image\/jpeg"}],"author":"Web del Maestro CMF","twitter_card":"summary_large_image","twitter_creator":"@cmf_w","twitter_site":"@cmf_w","schema":{"@context":"https:\/\/schema.org","@graph":[{"@type":"ScholarlyArticle","@id":"https:\/\/webdelmaestrocmf.com\/portal\/si-el-alumno-no-quiere-aprender-no-hay-nada-que-hacer\/#article","isPartOf":{"@id":"https:\/\/webdelmaestrocmf.com\/portal\/si-el-alumno-no-quiere-aprender-no-hay-nada-que-hacer\/"},"author":{"name":"Web del Maestro CMF","@id":"https:\/\/webdelmaestrocmf.com\/portal\/#\/schema\/person\/1072a2ed7bd960df8ef99a551fa35dc5"},"headline":"Si el alumno no quiere aprender, \u00bfno hay nada que hacer?","datePublished":"2025-03-12T00:19:43+00:00","mainEntityOfPage":{"@id":"https:\/\/webdelmaestrocmf.com\/portal\/si-el-alumno-no-quiere-aprender-no-hay-nada-que-hacer\/"},"wordCount":625,"commentCount":0,"publisher":{"@id":"https:\/\/webdelmaestrocmf.com\/portal\/#organization"},"image":{"@id":"https:\/\/webdelmaestrocmf.com\/portal\/si-el-alumno-no-quiere-aprender-no-hay-nada-que-hacer\/#primaryimage"},"thumbnailUrl":"https:\/\/webdelmaestrocmf.com\/portal\/wp-content\/uploads\/2025\/03\/1A-Banner-1-portada-imagen-10-1-2-1.jpg","keywords":["alumno","Aprender","no quiere"],"articleSection":["Aprendizaje","Aprendizaje actvio","Aprendizaje clave","Recursos"],"inLanguage":"es","potentialAction":[{"@type":"CommentAction","name":"Comment","target":["https:\/\/webdelmaestrocmf.com\/portal\/si-el-alumno-no-quiere-aprender-no-hay-nada-que-hacer\/#respond"]}]},{"@type":"WebPage","@id":"https:\/\/webdelmaestrocmf.com\/portal\/si-el-alumno-no-quiere-aprender-no-hay-nada-que-hacer\/","url":"https:\/\/webdelmaestrocmf.com\/portal\/si-el-alumno-no-quiere-aprender-no-hay-nada-que-hacer\/","name":"Si el alumno no quiere aprender, \u00bfno hay nada que hacer? - 2026","isPartOf":{"@id":"https:\/\/webdelmaestrocmf.com\/portal\/#website"},"primaryImageOfPage":{"@id":"https:\/\/webdelmaestrocmf.com\/portal\/si-el-alumno-no-quiere-aprender-no-hay-nada-que-hacer\/#primaryimage"},"image":{"@id":"https:\/\/webdelmaestrocmf.com\/portal\/si-el-alumno-no-quiere-aprender-no-hay-nada-que-hacer\/#primaryimage"},"thumbnailUrl":"https:\/\/webdelmaestrocmf.com\/portal\/wp-content\/uploads\/2025\/03\/1A-Banner-1-portada-imagen-10-1-2-1.jpg","datePublished":"2025-03-12T00:19:43+00:00","description":"Juan Vaello Orts, psicopedagogo, orientador y experto en educaci\u00f3n, ha dedicado su trayectoria a explorar estrategias efectivas para la...","breadcrumb":{"@id":"https:\/\/webdelmaestrocmf.com\/portal\/si-el-alumno-no-quiere-aprender-no-hay-nada-que-hacer\/#breadcrumb"},"inLanguage":"es","potentialAction":[{"@type":"ReadAction","target":["https:\/\/webdelmaestrocmf.com\/portal\/si-el-alumno-no-quiere-aprender-no-hay-nada-que-hacer\/"]}]},{"@type":"ImageObject","inLanguage":"es","@id":"https:\/\/webdelmaestrocmf.com\/portal\/si-el-alumno-no-quiere-aprender-no-hay-nada-que-hacer\/#primaryimage","url":"https:\/\/webdelmaestrocmf.com\/portal\/wp-content\/uploads\/2025\/03\/1A-Banner-1-portada-imagen-10-1-2-1.jpg","contentUrl":"https:\/\/webdelmaestrocmf.com\/portal\/wp-content\/uploads\/2025\/03\/1A-Banner-1-portada-imagen-10-1-2-1.jpg","width":1024,"height":1024},{"@type":"BreadcrumbList","@id":"https:\/\/webdelmaestrocmf.com\/portal\/si-el-alumno-no-quiere-aprender-no-hay-nada-que-hacer\/#breadcrumb","itemListElement":[{"@type":"ListItem","position":1,"name":"Portada","item":"https:\/\/webdelmaestrocmf.com\/portal\/"},{"@type":"ListItem","position":2,"name":"Recursos","item":"https:\/\/webdelmaestrocmf.com\/portal\/category\/pedagogia\/"},{"@type":"ListItem","position":3,"name":"Si el alumno no quiere aprender, \u00bfno hay nada que hacer?"}]},{"@type":"WebSite","@id":"https:\/\/webdelmaestrocmf.com\/portal\/#website","url":"https:\/\/webdelmaestrocmf.com\/portal\/","name":"Web del Maestro CMF","description":"Maestros al servicio de la educaci\u00f3n","publisher":{"@id":"https:\/\/webdelmaestrocmf.com\/portal\/#organization"},"alternateName":"WMCMF","potentialAction":[{"@type":"SearchAction","target":{"@type":"EntryPoint","urlTemplate":"https:\/\/webdelmaestrocmf.com\/portal\/?s={search_term_string}"},"query-input":{"@type":"PropertyValueSpecification","valueRequired":true,"valueName":"search_term_string"}}],"inLanguage":"es"},{"@type":"Organization","@id":"https:\/\/webdelmaestrocmf.com\/portal\/#organization","name":"Web del Maestro CMF","alternateName":"WMCMF","url":"https:\/\/webdelmaestrocmf.com\/portal\/","logo":{"@type":"ImageObject","inLanguage":"es","@id":"https:\/\/webdelmaestrocmf.com\/portal\/#\/schema\/logo\/image\/","url":"https:\/\/webdelmaestrocmf.com\/portal\/wp-content\/uploads\/2023\/01\/logo-wmcmf-2.png","contentUrl":"https:\/\/webdelmaestrocmf.com\/portal\/wp-content\/uploads\/2023\/01\/logo-wmcmf-2.png","width":200,"height":60,"caption":"Web del Maestro CMF"},"image":{"@id":"https:\/\/webdelmaestrocmf.com\/portal\/#\/schema\/logo\/image\/"},"sameAs":["https:\/\/www.facebook.com\/WebdelMaestroCMF\/","https:\/\/x.com\/cmf_w","https:\/\/www.pinterest.com\/WMCMF\/","https:\/\/www.linkedin.com\/company\/web-del-maestro-cmf\/","https:\/\/www.instagram.com\/wmcmf\/","https:\/\/www.youtube.com\/channel\/UCDPSvjbdodE5sHnC3OxutHw","https:\/\/mastodon.social\/@wmcmf","https:\/\/www.tiktok.com\/@webdelmaestrocmf"]},{"@type":"Person","@id":"https:\/\/webdelmaestrocmf.com\/portal\/#\/schema\/person\/1072a2ed7bd960df8ef99a551fa35dc5","name":"Web del Maestro CMF","image":{"@type":"ImageObject","inLanguage":"es","@id":"https:\/\/secure.gravatar.com\/avatar\/23291dd5b5ae1077dcff3dbb04c3e02bd28403fa75af6d8787d5e97c5bbbe30b?s=96&d=mm&r=g","url":"https:\/\/secure.gravatar.com\/avatar\/23291dd5b5ae1077dcff3dbb04c3e02bd28403fa75af6d8787d5e97c5bbbe30b?s=96&d=mm&r=g","contentUrl":"https:\/\/secure.gravatar.com\/avatar\/23291dd5b5ae1077dcff3dbb04c3e02bd28403fa75af6d8787d5e97c5bbbe30b?s=96&d=mm&r=g","caption":"Web del Maestro CMF"},"description":"Esta Web se cre\u00f3 sin fines de lucro, con fines educativos, cient\u00edficos y acad\u00e9micos, para personas que tengan dificultades y\/o inconvenientes en visualizar el material original. El objetivo es entregar recursos, compartir experiencias y materiales que ayuden a los padres de familia, maestros y estudiantes en su actualizaci\u00f3n y formaci\u00f3n permanente, en bien de la Educaci\u00f3n.","sameAs":["http:\/\/webdelmaestrocmf.com\/portal","https:\/\/www.facebook.com\/WebdelMaestroCMF\/","https:\/\/www.instagram.com\/wmcmf\/","https:\/\/cl.linkedin.com\/company\/web-del-maestro-cmf","https:\/\/www.pinterest.com\/WMCMF\/publicaciones\/","https:\/\/x.com\/cmf_w","https:\/\/www.youtube.com\/@WMCMF"]}]}},"jetpack_featured_media_url":"https:\/\/webdelmaestrocmf.com\/portal\/wp-content\/uploads\/2025\/03\/1A-Banner-1-portada-imagen-10-1-2-1.jpg","jetpack_sharing_enabled":true,"jetpack-related-posts":[{"id":102967,"url":"https:\/\/webdelmaestrocmf.com\/portal\/la-escuela-que-aprende-libro-para-docentes\/","url_meta":{"origin":108331,"position":0},"title":"La escuela que aprende | Libro para docentes","author":"Web del Maestro CMF","date":"22 enero, 2024","format":false,"excerpt":"La escuela que aprende es un libro del pedagogo espa\u00f1ol Miguel \u00c1ngel Santos Guerra, publicado en 2000. En el libro, el autor plantea la necesidad de que la escuela sea una organizaci\u00f3n que aprende, y no solo un lugar donde los alumnos reciben conocimientos. Santos Guerra sostiene que la escuela\u2026","rel":"","context":"En \u00abLibros\u00bb","block_context":{"text":"Libros","link":"https:\/\/webdelmaestrocmf.com\/portal\/category\/pedagogia\/libros\/"},"img":{"alt_text":"la escuela que aprende","src":"https:\/\/i0.wp.com\/webdelmaestrocmf.com\/portal\/wp-content\/uploads\/2024\/01\/Banner-1-portada-imagen-10-18-1.jpg?resize=350%2C200&ssl=1","width":350,"height":200,"srcset":"https:\/\/i0.wp.com\/webdelmaestrocmf.com\/portal\/wp-content\/uploads\/2024\/01\/Banner-1-portada-imagen-10-18-1.jpg?resize=350%2C200&ssl=1 1x, https:\/\/i0.wp.com\/webdelmaestrocmf.com\/portal\/wp-content\/uploads\/2024\/01\/Banner-1-portada-imagen-10-18-1.jpg?resize=525%2C300&ssl=1 1.5x, https:\/\/i0.wp.com\/webdelmaestrocmf.com\/portal\/wp-content\/uploads\/2024\/01\/Banner-1-portada-imagen-10-18-1.jpg?resize=700%2C400&ssl=1 2x"},"classes":[]},{"id":113225,"url":"https:\/\/webdelmaestrocmf.com\/portal\/hernan-aldana-los-maestros-somos-culpables-de-que-los-ninos-ninas-adolescentes-no-quieran-aprender\/","url_meta":{"origin":108331,"position":1},"title":"Hern\u00e1n Aldana: \u00bfLos maestros somos culpables de que los ni\u00f1os, ni\u00f1as, adolescentes no quieran aprender?","author":"Web del Maestro CMF","date":"6 noviembre, 2025","format":false,"excerpt":"\u201cLos maestros no somos culpables: el sistema educativo s\u00ed. Ense\u00f1ar no es repetir, es poner cuerpo, mente y emoci\u00f3n para inspirar.\u201d","rel":"","context":"En \u00abEntrevistas\u00bb","block_context":{"text":"Entrevistas","link":"https:\/\/webdelmaestrocmf.com\/portal\/category\/noticias\/entrevistas\/"},"img":{"alt_text":"","src":"https:\/\/i0.wp.com\/webdelmaestrocmf.com\/portal\/wp-content\/uploads\/2025\/11\/Portada-articulos-1-3.jpg?resize=350%2C200&ssl=1","width":350,"height":200,"srcset":"https:\/\/i0.wp.com\/webdelmaestrocmf.com\/portal\/wp-content\/uploads\/2025\/11\/Portada-articulos-1-3.jpg?resize=350%2C200&ssl=1 1x, https:\/\/i0.wp.com\/webdelmaestrocmf.com\/portal\/wp-content\/uploads\/2025\/11\/Portada-articulos-1-3.jpg?resize=525%2C300&ssl=1 1.5x, https:\/\/i0.wp.com\/webdelmaestrocmf.com\/portal\/wp-content\/uploads\/2025\/11\/Portada-articulos-1-3.jpg?resize=700%2C400&ssl=1 2x"},"classes":[]},{"id":114369,"url":"https:\/\/webdelmaestrocmf.com\/portal\/el-aprendizaje-situado-frente-a-la-ensenanza-tradicional\/","url_meta":{"origin":108331,"position":2},"title":"El aprendizaje situado frente a la ense\u00f1anza tradicional","author":"Web del Maestro CMF","date":"29 diciembre, 2025","format":false,"excerpt":"El aprendizaje situado se fundamenta en Vygotsky y su teor\u00eda sociocultural, donde entorno social y colaboraci\u00f3n posibilitan adquirir cultura humana.","rel":"","context":"En \u00abAprendizaje situado\u00bb","block_context":{"text":"Aprendizaje situado","link":"https:\/\/webdelmaestrocmf.com\/portal\/category\/pedagogia\/aprendizaje-situado\/"},"img":{"alt_text":"","src":"https:\/\/i0.wp.com\/webdelmaestrocmf.com\/portal\/wp-content\/uploads\/2025\/12\/1A-Banner-1-portada-imagen-10-1-copia-5-2.webp?resize=350%2C200&ssl=1","width":350,"height":200,"srcset":"https:\/\/i0.wp.com\/webdelmaestrocmf.com\/portal\/wp-content\/uploads\/2025\/12\/1A-Banner-1-portada-imagen-10-1-copia-5-2.webp?resize=350%2C200&ssl=1 1x, https:\/\/i0.wp.com\/webdelmaestrocmf.com\/portal\/wp-content\/uploads\/2025\/12\/1A-Banner-1-portada-imagen-10-1-copia-5-2.webp?resize=525%2C300&ssl=1 1.5x, https:\/\/i0.wp.com\/webdelmaestrocmf.com\/portal\/wp-content\/uploads\/2025\/12\/1A-Banner-1-portada-imagen-10-1-copia-5-2.webp?resize=700%2C400&ssl=1 2x"},"classes":[]},{"id":110781,"url":"https:\/\/webdelmaestrocmf.com\/portal\/los-7-principios-del-aprendizaje-significativo-de-david-ausubel-guia-para-docentes\/","url_meta":{"origin":108331,"position":3},"title":"Los 7 Principios del Aprendizaje Significativo de David Ausubel: Gu\u00eda para Docentes","author":"Web del Maestro CMF","date":"1 julio, 2025","format":false,"excerpt":"\u00bfC\u00f3mo lograr que lo que ense\u00f1amos\u2026realmente se aprenda?","rel":"","context":"En \u00abAprendizaje Significativo\u00bb","block_context":{"text":"Aprendizaje Significativo","link":"https:\/\/webdelmaestrocmf.com\/portal\/category\/pedagogia\/aprendizaje-significativo\/"},"img":{"alt_text":"","src":"https:\/\/i0.wp.com\/webdelmaestrocmf.com\/portal\/wp-content\/uploads\/2025\/07\/1A-Banner-1-portada-imagen-10-1-copia-43.jpg?resize=350%2C200&ssl=1","width":350,"height":200,"srcset":"https:\/\/i0.wp.com\/webdelmaestrocmf.com\/portal\/wp-content\/uploads\/2025\/07\/1A-Banner-1-portada-imagen-10-1-copia-43.jpg?resize=350%2C200&ssl=1 1x, https:\/\/i0.wp.com\/webdelmaestrocmf.com\/portal\/wp-content\/uploads\/2025\/07\/1A-Banner-1-portada-imagen-10-1-copia-43.jpg?resize=525%2C300&ssl=1 1.5x, https:\/\/i0.wp.com\/webdelmaestrocmf.com\/portal\/wp-content\/uploads\/2025\/07\/1A-Banner-1-portada-imagen-10-1-copia-43.jpg?resize=700%2C400&ssl=1 2x"},"classes":[]},{"id":102159,"url":"https:\/\/webdelmaestrocmf.com\/portal\/inger-inkvest-como-puede-ser-responsable-el-docente-si-se-le-quita-la-autoridad-para-organizar-el-trabajo\/","url_meta":{"origin":108331,"position":4},"title":"Inger Enkvist: \u00bfC\u00f3mo puede ser responsable el docente si se le quita la autoridad para organizar el trabajo?","author":"Web del Maestro CMF","date":"9 abril, 2026","format":false,"excerpt":"Sin autoridad para organizar el aula, el docente queda desarmado. La exigencia sin herramientas solo ahuyenta a los mejores.","rel":"","context":"En \u00abEntrevistas\u00bb","block_context":{"text":"Entrevistas","link":"https:\/\/webdelmaestrocmf.com\/portal\/category\/noticias\/entrevistas\/"},"img":{"alt_text":"","src":"https:\/\/i0.wp.com\/webdelmaestrocmf.com\/portal\/wp-content\/uploads\/2024\/01\/1A-Banner-1-portada-imagen-10-1-copia-7.webp?resize=350%2C200&ssl=1","width":350,"height":200,"srcset":"https:\/\/i0.wp.com\/webdelmaestrocmf.com\/portal\/wp-content\/uploads\/2024\/01\/1A-Banner-1-portada-imagen-10-1-copia-7.webp?resize=350%2C200&ssl=1 1x, https:\/\/i0.wp.com\/webdelmaestrocmf.com\/portal\/wp-content\/uploads\/2024\/01\/1A-Banner-1-portada-imagen-10-1-copia-7.webp?resize=525%2C300&ssl=1 1.5x, https:\/\/i0.wp.com\/webdelmaestrocmf.com\/portal\/wp-content\/uploads\/2024\/01\/1A-Banner-1-portada-imagen-10-1-copia-7.webp?resize=700%2C400&ssl=1 2x"},"classes":[]},{"id":105290,"url":"https:\/\/webdelmaestrocmf.com\/portal\/preguntas-abiertas-y-poderosas-dentro-del-aula\/","url_meta":{"origin":108331,"position":5},"title":"Preguntas abiertas y \u00abpoderosas\u00bb dentro del aula","author":"Web del Maestro CMF","date":"6 octubre, 2024","format":false,"excerpt":"Las preguntas son el coraz\u00f3n del proceso de ense\u00f1anza y aprendizaje. A trav\u00e9s de ellas, los docentes pueden guiar a sus alumnos hacia la comprensi\u00f3n de conceptos, el desarrollo del pensamiento cr\u00edtico y la expresi\u00f3n de sus ideas. Sin embargo, no todas las preguntas son creadas iguales. En este art\u00edculo,\u2026","rel":"","context":"En \u00abDescargas Manuales PDF\u00bb","block_context":{"text":"Descargas Manuales PDF","link":"https:\/\/webdelmaestrocmf.com\/portal\/category\/pedagogia\/descargas-manuales-pdf\/"},"img":{"alt_text":"","src":"https:\/\/i0.wp.com\/webdelmaestrocmf.com\/portal\/wp-content\/uploads\/2024\/05\/Banner-1-portada-imagen-10-1-70.jpg?resize=350%2C200&ssl=1","width":350,"height":200,"srcset":"https:\/\/i0.wp.com\/webdelmaestrocmf.com\/portal\/wp-content\/uploads\/2024\/05\/Banner-1-portada-imagen-10-1-70.jpg?resize=350%2C200&ssl=1 1x, https:\/\/i0.wp.com\/webdelmaestrocmf.com\/portal\/wp-content\/uploads\/2024\/05\/Banner-1-portada-imagen-10-1-70.jpg?resize=525%2C300&ssl=1 1.5x, https:\/\/i0.wp.com\/webdelmaestrocmf.com\/portal\/wp-content\/uploads\/2024\/05\/Banner-1-portada-imagen-10-1-70.jpg?resize=700%2C400&ssl=1 2x"},"classes":[]}],"_links":{"self":[{"href":"https:\/\/webdelmaestrocmf.com\/portal\/wp-json\/wp\/v2\/posts\/108331","targetHints":{"allow":["GET"]}}],"collection":[{"href":"https:\/\/webdelmaestrocmf.com\/portal\/wp-json\/wp\/v2\/posts"}],"about":[{"href":"https:\/\/webdelmaestrocmf.com\/portal\/wp-json\/wp\/v2\/types\/post"}],"author":[{"embeddable":true,"href":"https:\/\/webdelmaestrocmf.com\/portal\/wp-json\/wp\/v2\/users\/1"}],"replies":[{"embeddable":true,"href":"https:\/\/webdelmaestrocmf.com\/portal\/wp-json\/wp\/v2\/comments?post=108331"}],"version-history":[{"count":1,"href":"https:\/\/webdelmaestrocmf.com\/portal\/wp-json\/wp\/v2\/posts\/108331\/revisions"}],"predecessor-version":[{"id":108333,"href":"https:\/\/webdelmaestrocmf.com\/portal\/wp-json\/wp\/v2\/posts\/108331\/revisions\/108333"}],"wp:featuredmedia":[{"embeddable":true,"href":"https:\/\/webdelmaestrocmf.com\/portal\/wp-json\/wp\/v2\/media\/108332"}],"wp:attachment":[{"href":"https:\/\/webdelmaestrocmf.com\/portal\/wp-json\/wp\/v2\/media?parent=108331"}],"wp:term":[{"taxonomy":"category","embeddable":true,"href":"https:\/\/webdelmaestrocmf.com\/portal\/wp-json\/wp\/v2\/categories?post=108331"},{"taxonomy":"post_tag","embeddable":true,"href":"https:\/\/webdelmaestrocmf.com\/portal\/wp-json\/wp\/v2\/tags?post=108331"}],"curies":[{"name":"wp","href":"https:\/\/api.w.org\/{rel}","templated":true}]}}