{"id":108094,"date":"2025-02-23T20:05:03","date_gmt":"2025-02-23T23:05:03","guid":{"rendered":"https:\/\/webdelmaestrocmf.com\/portal\/?p=108094"},"modified":"2026-04-24T09:50:09","modified_gmt":"2026-04-24T13:50:09","slug":"asi-deben-fomentar-los-docentes-la-educacion-emocional","status":"publish","type":"post","link":"https:\/\/webdelmaestrocmf.com\/portal\/asi-deben-fomentar-los-docentes-la-educacion-emocional\/","title":{"rendered":"La inteligencia emocional se forma, se ense\u00f1a y se moldea en casa, y se fortalece en la escuela"},"content":{"rendered":"\n<p>La infancia no es solo una etapa de adquisici\u00f3n de conocimientos, sino un periodo decisivo en la construcci\u00f3n de habilidades emocionales. Cuando un ni\u00f1o no identifica sus emociones, reacciona con berrinches, se frustra con facilidad, culpa a otros o muestra escasa empat\u00eda, no estamos ante un problema de car\u00e1cter, sino ante una <strong>carencia en el desarrollo de su inteligencia emocional<\/strong>. Esta capacidad no es innata en su totalidad, se aprende progresivamente mediante la interacci\u00f3n con adultos significativos. Por ello, <strong>la familia inicia este proceso y la escuela lo consolida y profundiza<\/strong>.<\/p>\n\n\n\n<h2 class=\"wp-block-heading\"><strong>El rol de los padres: el origen del aprendizaje emocional<\/strong><\/h2>\n\n\n\n<p>En el entorno familiar se establecen las primeras bases del desarrollo emocional. Los ni\u00f1os aprenden a reconocer, expresar y regular sus emociones observando e imitando. Por eso, <strong>el comportamiento emocional de los padres act\u00faa como modelo directo<\/strong>. Un adulto que nombra sus emociones, que regula su conducta ante el estr\u00e9s y que valida lo que el ni\u00f1o siente, est\u00e1 ense\u00f1ando sin necesidad de discursos.<\/p>\n\n\n\n<p>Una de las tareas m\u00e1s relevantes es ayudar al ni\u00f1o a identificar lo que le ocurre. Cuando un adulto dice \u201cest\u00e1s enojado porque no sali\u00f3 como quer\u00edas\u201d, no solo est\u00e1 calmando una reacci\u00f3n, est\u00e1 construyendo conciencia emocional. Esta pr\u00e1ctica constante permite que el ni\u00f1o desarrolle un vocabulario emocional y, con ello, mayor control sobre sus respuestas.<\/p>\n\n\n\n<p>Tambi\u00e9n es fundamental establecer l\u00edmites claros. La inteligencia emocional no implica permitir cualquier conducta, sino ense\u00f1ar que <strong>todas las emociones son v\u00e1lidas, pero no todas las conductas lo son<\/strong>. Un ni\u00f1o que aprende que puede sentir enojo, pero no golpear, comienza a diferenciar entre emoci\u00f3n y acci\u00f3n.<\/p>\n\n\n\n<p>Asimismo, los padres deben fomentar la tolerancia a la frustraci\u00f3n. Evitar que el ni\u00f1o experimente dificultades o resolverle todo de inmediato limita su desarrollo emocional. Por el contrario, <strong>acompa\u00f1ar sin intervenir de forma excesiva fortalece la autonom\u00eda y la resiliencia<\/strong>.<\/p>\n\n\n\n<h2 class=\"wp-block-heading\"><strong>La continuidad en la escuela: el docente como formador emocional<\/strong><\/h2>\n\n\n\n<p>La escuela no solo transmite contenidos acad\u00e9micos, tambi\u00e9n cumple una funci\u00f3n clave en el desarrollo socioemocional. En el aula, el ni\u00f1o se enfrenta a normas, interacci\u00f3n con pares, retos cognitivos y situaciones de cooperaci\u00f3n o conflicto. Este contexto permite al docente intervenir de manera intencionada.<\/p>\n\n\n\n<p>El profesor act\u00faa como un regulador externo que gu\u00eda progresivamente hacia la autorregulaci\u00f3n. Cuando el docente ayuda a un estudiante a reflexionar sobre lo ocurrido en un conflicto, est\u00e1 promoviendo pensamiento emocional. No se trata solo de sancionar conductas, sino de ense\u00f1ar a comprenderlas.<\/p>\n\n\n\n<p>La gesti\u00f3n del aula es un espacio privilegiado para desarrollar estas habilidades. Un clima estructurado, predecible y respetuoso favorece la seguridad emocional. En este entorno, el error deja de ser una amenaza y se convierte en una oportunidad de aprendizaje. Esto es esencial, ya que <strong>la relaci\u00f3n entre emoci\u00f3n y aprendizaje es directa<\/strong>. Un ni\u00f1o emocionalmente desbordado no logra concentrarse ni procesar informaci\u00f3n de manera eficaz.<\/p>\n\n\n\n<p>Adem\u00e1s, el docente debe incorporar estrategias que promuevan la empat\u00eda y la cooperaci\u00f3n. Actividades grupales, resoluci\u00f3n de problemas en equipo y espacios de di\u00e1logo permiten que los estudiantes desarrollen habilidades sociales fundamentales. As\u00ed, <strong>la inteligencia emocional deja de ser un concepto abstracto y se convierte en una pr\u00e1ctica cotidiana<\/strong>.<\/p>\n\n\n\n<h2 class=\"wp-block-heading\"><strong>Recomendaciones pr\u00e1cticas para los padres<\/strong><\/h2>\n\n\n\n<p>Los padres no necesitan t\u00e9cnicas complejas, necesitan constancia y coherencia. <strong>Hablar de emociones todos los d\u00edas<\/strong> es el primer paso. Nombrarlas, explicarlas y relacionarlas con situaciones reales permite que el ni\u00f1o las comprenda.<\/p>\n\n\n\n<p>Tambi\u00e9n es clave <strong>modelar autocontrol<\/strong>. Los ni\u00f1os aprenden m\u00e1s de lo que ven que de lo que se les dice. Si el adulto grita, el ni\u00f1o grita; si el adulto regula, el ni\u00f1o aprende a regular.<\/p>\n\n\n\n<p>Otra recomendaci\u00f3n es <strong>validar sin justificar conductas inadecuadas<\/strong>. Decir \u201centiendo que est\u00e1s enojado\u201d no implica permitir agresiones. Esta diferenciaci\u00f3n es esencial para el aprendizaje emocional.<\/p>\n\n\n\n<p>Finalmente, <strong>dar tiempo para que el ni\u00f1o intente resolver por s\u00ed mismo<\/strong> fortalece la tolerancia a la frustraci\u00f3n. No intervenir de inmediato permite que desarrolle recursos internos.<\/p>\n\n\n\n<h2 class=\"wp-block-heading\"><strong>Recomendaciones para el adolescente<\/strong><\/h2>\n\n\n\n<p>Durante la adolescencia, las emociones se intensifican y requieren mayor conciencia. Es importante <strong>aprender a poner nombre a lo que se siente<\/strong>. Identificar si es enojo, tristeza o frustraci\u00f3n cambia la forma de reaccionar.<\/p>\n\n\n\n<p>Tambi\u00e9n es fundamental <strong>hacer una pausa antes de actuar<\/strong>. Respirar, alejarse unos minutos o escribir lo que se siente ayuda a evitar decisiones impulsivas.<\/p>\n\n\n\n<p>El adolescente debe asumir un rol activo en su desarrollo. <strong>Reconocer errores sin culpar a otros<\/strong> es una habilidad clave para crecer emocionalmente.<\/p>\n\n\n\n<p>Adem\u00e1s, <strong>buscar apoyo cuando sea necesario<\/strong> no es debilidad, es una estrategia de autocuidado. Hablar con un adulto de confianza o un docente puede marcar la diferencia.<\/p>\n\n\n\n<h2 class=\"wp-block-heading\"><strong>Recomendaciones para el docente<\/strong><\/h2>\n\n\n\n<p>El docente debe comprender que ense\u00f1ar emociones no es una tarea adicional, es parte del aprendizaje. <strong>Integrar la educaci\u00f3n emocional en la rutina diaria<\/strong> permite abordarla de forma natural y constante.<\/p>\n\n\n\n<p>Es esencial <strong>intervenir desde la reflexi\u00f3n y no solo desde la sanci\u00f3n<\/strong>. Ante un conflicto, el objetivo no es castigar, sino ense\u00f1ar a comprender lo ocurrido.<\/p>\n\n\n\n<p>Otra acci\u00f3n clave es <strong>crear un clima de aula seguro y predecible<\/strong>. Las normas claras y el respeto mutuo favorecen la regulaci\u00f3n emocional.<\/p>\n\n\n\n<p>Finalmente, el docente debe <strong>observar m\u00e1s all\u00e1 de la conducta<\/strong>. Detr\u00e1s de un estudiante disruptivo hay, muchas veces, una dificultad emocional no resuelta. Identificarla permite intervenir con mayor eficacia.<\/p>\n\n\n\n<h2 class=\"wp-block-heading\"><strong>As\u00ed deben fomentar los docentes la educaci\u00f3n emocional<\/strong><\/h2>\n\n\n\n<p>Los docentes deben fomentar la educaci\u00f3n emocional en el aula de diversas maneras, como:<\/p>\n\n\n\n<ol class=\"wp-block-list\">\n<li><p data-start=\"106\" data-end=\"396\"><strong data-start=\"106\" data-end=\"147\">Creando un ambiente seguro y emp\u00e1tico<\/strong>: Es fundamental establecer un espacio donde los ni\u00f1os se sientan c\u00f3modos para expresar sus emociones sin miedo a ser juzgados. Este ambiente promueve la confianza y permite a los estudiantes desarrollar su inteligencia emocional de manera efectiva.<\/p><\/li>\n\n\n\n<li><p data-start=\"401\" data-end=\"723\"><strong data-start=\"401\" data-end=\"492\">Implementando ejercicios de reflexi\u00f3n emocional y din\u00e1micas de resoluci\u00f3n de conflictos<\/strong>: Estas actividades deben incorporarse en la planificaci\u00f3n diaria de las clases. A trav\u00e9s de estas din\u00e1micas, los estudiantes aprenden a manejar sus emociones y a resolver desaf\u00edos interpersonales de manera pac\u00edfica y constructiva.<\/p><\/li>\n\n\n\n<li><p data-start=\"728\" data-end=\"1010\"><strong data-start=\"728\" data-end=\"781\">Demostrando habilidades de inteligencia emocional<\/strong>: Los profesores deben ejemplificar el manejo adecuado de emociones a trav\u00e9s de su comportamiento. Esto incluye manejar el estr\u00e9s, resolver conflictos de forma pac\u00edfica y mostrar empat\u00eda hacia los alumnos en diversas situaciones.<\/p><\/li>\n\n\n\n<li><p data-start=\"1015\" data-end=\"1345\"><strong data-start=\"1015\" data-end=\"1074\">Ense\u00f1anza de la expresi\u00f3n de sentimientos y necesidades<\/strong>: Es crucial que los docentes ense\u00f1en a los estudiantes a expresar sus sentimientos y necesidades de manera clara y respetuosa. Utilizar un lenguaje positivo y estrategias para gestionar la frustraci\u00f3n sin recurrir a la violencia verbal o f\u00edsica son pr\u00e1cticas esenciales.<\/p><\/li>\n\n\n\n<li><p data-start=\"1350\" data-end=\"1693\"><strong data-start=\"1350\" data-end=\"1399\">Integraci\u00f3n transversal en todas las materias<\/strong>: La educaci\u00f3n emocional no debe tratarse como una asignatura independiente, sino como un elemento fundamental integrado en todas las \u00e1reas del conocimiento. Esto permite que el aprendizaje emocional se entrelace con otros aprendizajes acad\u00e9micos, reforzando as\u00ed su importancia y aplicabilidad.<\/p><\/li>\n<\/ol>\n\n\n\n<p>Estas estrategias subrayan que fomentar la inteligencia emocional en los colegios no es solo una opci\u00f3n, sino una necesidad en la formaci\u00f3n de individuos capaces de enfrentar desaf\u00edos personales y profesionales de manera efectiva y emocionalmente saludable.<\/p>\n\n\n\n<h2 class=\"wp-block-heading\"><strong>Conclusi\u00f3n: formar antes que corregir<\/strong><\/h2>\n\n\n\n<p>La inteligencia emocional no se desarrolla de forma espont\u00e1nea ni se corrige mediante castigos. Requiere ense\u00f1anza intencionada, modelamiento constante y acompa\u00f1amiento progresivo. <strong>Un ni\u00f1o que no gestiona sus emociones no necesita ser etiquetado, necesita ser educado emocionalmente<\/strong>.<\/p>\n\n\n\n<p>Formar en inteligencia emocional implica anticiparse, no reaccionar tarde. Significa comprender que detr\u00e1s de cada conducta desajustada hay una habilidad no desarrollada. Padres y docentes comparten esta responsabilidad, no como una carga, sino como una oportunidad para construir individuos m\u00e1s equilibrados, emp\u00e1ticos y capaces de enfrentar la vida con herramientas reales.<\/p>\n\n\n\n<p><iframe loading=\"lazy\" src=\"https:\/\/drive.google.com\/file\/d\/1DRGA__qTea_f1_FLvIqkoaLgWeoJNc5f\/preview\" width=\"100%\" height=\"400\"><span data-mce-type=\"bookmark\" style=\"display: inline-block; width: 0px; overflow: hidden; line-height: 0;\" class=\"mce_SELRES_start\">\ufeff<\/span><\/iframe><\/p>\n\n\n\n<p class=\"has-text-align-right\"><strong>REDACCI\u00d3N WEB DEL MAESTRO CMF<\/strong><\/p>\n\n\n\n<p class=\"has-text-align-center\">MATERIAL DE LECTURA: <a href=\"https:\/\/drive.google.com\/drive\/folders\/11attO36m0mbGzaZez-O8ZWedbz0hU9fW?usp=sharing\" target=\"_blank\" rel=\"noopener\">DESCARGA LAS GU\u00cdAS<\/a><\/p>\n\n\n\t\t<div class=\"pk-inline-posts\">\n\t\t\t\t\t\t\t<h5 class=\"pk-inline-posts-title pk-title pk-font-block\">\n\t\t\t\t\t\u00daltimas entradas\t\t\t\t<\/h5>\n\t\t\t\n\t\t\t<div class=\"pk-inline-posts-container pk-inline-posts-template-list\"\n\t\t\t\tdata-columns=\"1\">\n\t\t\t\t\t\t<article id=\"post-30494\" class=\"post-30494 post type-post status-publish format-standard has-post-thumbnail category-inteligencia-emocional-educacion-y-familia category-libros category-pedagogia tag-bellos tag-cuentos tag-educacion tag-emocional cs-entry cs-video-wrap\">\n\t\t\t<div class=\"pk-post-outer\">\n\n\t\t\t\t\t\t\t\t<div class=\"pk-post-inner\">\n\t\t\t\t\t<div class=\"entry-thumbnail\">\n\t\t\t\t\t\t<div class=\"pk-overlay pk-overlay-ratio pk-ratio-landscape\">\n\t\t\t\t\t\t\t<div class=\"pk-overlay-background\">\n\t\t\t\t\t\t\t\t<a href=\"https:\/\/webdelmaestrocmf.com\/portal\/100-bellos-cuentos-de-educacion-emocional-lista-descargable\/\" class=\"pk-overlay-link\">\n\t\t\t\t\t\t\t\t\t<img loading=\"lazy\" decoding=\"async\" width=\"300\" height=\"225\" src=\"https:\/\/webdelmaestrocmf.com\/portal\/wp-content\/uploads\/2020\/04\/Banner-1-portada-imagen-10-1-56-300x225.jpg\" class=\"attachment-pk-thumbnail size-pk-thumbnail wp-post-image\" alt=\"\" \/>\t\t\t\t\t\t\t\t<\/a>\n\t\t\t\t\t\t\t<\/div>\n\t\t\t\t\t\t<\/div>\n\t\t\t\t\t<\/div>\n\t\t\t\t<\/div>\n\t\t\t\t\n\t\t\t\t<div class=\"pk-post-inner\">\n\t\t\t\t\t<header>\n\t\t\t\t\t\t<h3 class=\"pk-title\"><a href=\"https:\/\/webdelmaestrocmf.com\/portal\/100-bellos-cuentos-de-educacion-emocional-lista-descargable\/\" rel=\"bookmark\">600 bellos cuentos sobre educaci\u00f3n emocional<\/a><\/h3>\t\t\t\t\t<\/header><!-- .entry-header -->\n\t\t\t\t<\/div><!-- .post-inner -->\n\n\t\t\t<\/div><!-- .post-outer -->\n\t\t<\/article>\n\t\t\t\t<\/div>\n\t\t<\/div>\n\t\t\n","protected":false},"excerpt":{"rendered":"La inteligencia emocional se forma en casa y se fortalece en la escuela. Sin gu\u00eda, el ni\u00f1o no regula emociones. Padres y docentes deben ense\u00f1ar, modelar y acompa\u00f1ar su desarrollo emocional continuo.","protected":false},"author":1,"featured_media":118254,"comment_status":"open","ping_status":"closed","sticky":false,"template":"","format":"standard","meta":{"csco_display_header_overlay":false,"csco_singular_sidebar":"","csco_page_header_type":"","csco_page_load_nextpost":"","csco_post_video_location":[],"csco_post_video_location_hash":"","csco_post_video_url":"","csco_post_video_bg_start_time":0,"csco_post_video_bg_end_time":0,"csco_post_video_bg_volume":false,"_jetpack_memberships_contains_paid_content":false,"footnotes":""},"categories":[599,735],"tags":[58,305,1303],"class_list":{"0":"post-108094","1":"post","2":"type-post","3":"status-publish","4":"format-standard","5":"has-post-thumbnail","7":"category-inteligencia-emocional-educacion-y-familia","8":"category-pedagogia","9":"tag-docentes","10":"tag-educacion-emocional","11":"tag-fomentar","12":"cs-entry","13":"cs-video-wrap"},"yoast_head":"<!-- This site is optimized with the Yoast SEO plugin v27.5 - https:\/\/yoast.com\/product\/yoast-seo-wordpress\/ -->\n<title>La inteligencia emocional se forma, se ense\u00f1a y se moldea en casa, y se fortalece en la escuela - 2026<\/title>\n<meta name=\"description\" content=\"Para muchos expertos, la importancia de fomentar la inteligencia emocional desde los primeros a\u00f1os de vida es algo sobre lo que no se...\" \/>\n<meta name=\"robots\" content=\"index, follow, max-snippet:-1, max-image-preview:large, max-video-preview:-1\" \/>\n<link rel=\"canonical\" href=\"https:\/\/webdelmaestrocmf.com\/portal\/asi-deben-fomentar-los-docentes-la-educacion-emocional\/\" \/>\n<meta property=\"og:locale\" content=\"es_ES\" \/>\n<meta property=\"og:type\" content=\"article\" \/>\n<meta property=\"og:title\" content=\"La inteligencia emocional se forma, se ense\u00f1a y se moldea en casa, y se fortalece en la escuela - 2026\" \/>\n<meta property=\"og:description\" content=\"Para muchos expertos, la importancia de fomentar la inteligencia emocional desde los primeros a\u00f1os de vida es algo sobre lo que no se...\" \/>\n<meta property=\"og:url\" content=\"https:\/\/webdelmaestrocmf.com\/portal\/asi-deben-fomentar-los-docentes-la-educacion-emocional\/\" \/>\n<meta property=\"og:site_name\" content=\"Web del Maestro CMF\" \/>\n<meta property=\"article:publisher\" content=\"https:\/\/www.facebook.com\/WebdelMaestroCMF\/\" \/>\n<meta property=\"article:author\" content=\"https:\/\/www.facebook.com\/WebdelMaestroCMF\/\" \/>\n<meta property=\"article:published_time\" content=\"2025-02-23T23:05:03+00:00\" \/>\n<meta property=\"article:modified_time\" content=\"2026-04-24T13:50:09+00:00\" \/>\n<meta property=\"og:image\" content=\"https:\/\/webdelmaestrocmf.com\/portal\/wp-content\/uploads\/2025\/02\/1-3.jpg\" \/>\n\t<meta property=\"og:image:width\" content=\"1080\" \/>\n\t<meta property=\"og:image:height\" content=\"1350\" \/>\n\t<meta property=\"og:image:type\" content=\"image\/jpeg\" \/>\n<meta name=\"author\" content=\"Web del Maestro CMF\" \/>\n<meta name=\"twitter:card\" content=\"summary_large_image\" \/>\n<meta name=\"twitter:creator\" content=\"@cmf_w\" \/>\n<meta name=\"twitter:site\" content=\"@cmf_w\" \/>\n<script type=\"application\/ld+json\" class=\"yoast-schema-graph\">{\"@context\":\"https:\\\/\\\/schema.org\",\"@graph\":[{\"@type\":\"ScholarlyArticle\",\"@id\":\"https:\\\/\\\/webdelmaestrocmf.com\\\/portal\\\/asi-deben-fomentar-los-docentes-la-educacion-emocional\\\/#article\",\"isPartOf\":{\"@id\":\"https:\\\/\\\/webdelmaestrocmf.com\\\/portal\\\/asi-deben-fomentar-los-docentes-la-educacion-emocional\\\/\"},\"author\":{\"name\":\"Web del Maestro CMF\",\"@id\":\"https:\\\/\\\/webdelmaestrocmf.com\\\/portal\\\/#\\\/schema\\\/person\\\/1072a2ed7bd960df8ef99a551fa35dc5\"},\"headline\":\"La inteligencia emocional se forma, se ense\u00f1a y se moldea en casa, y se fortalece en la escuela\",\"datePublished\":\"2025-02-23T23:05:03+00:00\",\"dateModified\":\"2026-04-24T13:50:09+00:00\",\"mainEntityOfPage\":{\"@id\":\"https:\\\/\\\/webdelmaestrocmf.com\\\/portal\\\/asi-deben-fomentar-los-docentes-la-educacion-emocional\\\/\"},\"wordCount\":1408,\"commentCount\":0,\"publisher\":{\"@id\":\"https:\\\/\\\/webdelmaestrocmf.com\\\/portal\\\/#organization\"},\"image\":{\"@id\":\"https:\\\/\\\/webdelmaestrocmf.com\\\/portal\\\/asi-deben-fomentar-los-docentes-la-educacion-emocional\\\/#primaryimage\"},\"thumbnailUrl\":\"https:\\\/\\\/webdelmaestrocmf.com\\\/portal\\\/wp-content\\\/uploads\\\/2025\\\/02\\\/1-3.jpg\",\"keywords\":[\"DOCENTES\",\"EDUCACI\u00d3N EMOCIONAL\",\"FOMENTAR\"],\"articleSection\":[\"Inteligencia Emocional\",\"Recursos\"],\"inLanguage\":\"es\",\"potentialAction\":[{\"@type\":\"CommentAction\",\"name\":\"Comment\",\"target\":[\"https:\\\/\\\/webdelmaestrocmf.com\\\/portal\\\/asi-deben-fomentar-los-docentes-la-educacion-emocional\\\/#respond\"]}]},{\"@type\":\"WebPage\",\"@id\":\"https:\\\/\\\/webdelmaestrocmf.com\\\/portal\\\/asi-deben-fomentar-los-docentes-la-educacion-emocional\\\/\",\"url\":\"https:\\\/\\\/webdelmaestrocmf.com\\\/portal\\\/asi-deben-fomentar-los-docentes-la-educacion-emocional\\\/\",\"name\":\"La inteligencia emocional se forma, se ense\u00f1a y se moldea en casa, y se fortalece en la escuela - 2026\",\"isPartOf\":{\"@id\":\"https:\\\/\\\/webdelmaestrocmf.com\\\/portal\\\/#website\"},\"primaryImageOfPage\":{\"@id\":\"https:\\\/\\\/webdelmaestrocmf.com\\\/portal\\\/asi-deben-fomentar-los-docentes-la-educacion-emocional\\\/#primaryimage\"},\"image\":{\"@id\":\"https:\\\/\\\/webdelmaestrocmf.com\\\/portal\\\/asi-deben-fomentar-los-docentes-la-educacion-emocional\\\/#primaryimage\"},\"thumbnailUrl\":\"https:\\\/\\\/webdelmaestrocmf.com\\\/portal\\\/wp-content\\\/uploads\\\/2025\\\/02\\\/1-3.jpg\",\"datePublished\":\"2025-02-23T23:05:03+00:00\",\"dateModified\":\"2026-04-24T13:50:09+00:00\",\"description\":\"Para muchos expertos, la importancia de fomentar la inteligencia emocional desde los primeros a\u00f1os de vida es algo sobre lo que no se...\",\"breadcrumb\":{\"@id\":\"https:\\\/\\\/webdelmaestrocmf.com\\\/portal\\\/asi-deben-fomentar-los-docentes-la-educacion-emocional\\\/#breadcrumb\"},\"inLanguage\":\"es\",\"potentialAction\":[{\"@type\":\"ReadAction\",\"target\":[\"https:\\\/\\\/webdelmaestrocmf.com\\\/portal\\\/asi-deben-fomentar-los-docentes-la-educacion-emocional\\\/\"]}]},{\"@type\":\"ImageObject\",\"inLanguage\":\"es\",\"@id\":\"https:\\\/\\\/webdelmaestrocmf.com\\\/portal\\\/asi-deben-fomentar-los-docentes-la-educacion-emocional\\\/#primaryimage\",\"url\":\"https:\\\/\\\/webdelmaestrocmf.com\\\/portal\\\/wp-content\\\/uploads\\\/2025\\\/02\\\/1-3.jpg\",\"contentUrl\":\"https:\\\/\\\/webdelmaestrocmf.com\\\/portal\\\/wp-content\\\/uploads\\\/2025\\\/02\\\/1-3.jpg\",\"width\":1080,\"height\":1350},{\"@type\":\"BreadcrumbList\",\"@id\":\"https:\\\/\\\/webdelmaestrocmf.com\\\/portal\\\/asi-deben-fomentar-los-docentes-la-educacion-emocional\\\/#breadcrumb\",\"itemListElement\":[{\"@type\":\"ListItem\",\"position\":1,\"name\":\"Portada\",\"item\":\"https:\\\/\\\/webdelmaestrocmf.com\\\/portal\\\/\"},{\"@type\":\"ListItem\",\"position\":2,\"name\":\"Recursos\",\"item\":\"https:\\\/\\\/webdelmaestrocmf.com\\\/portal\\\/category\\\/pedagogia\\\/\"},{\"@type\":\"ListItem\",\"position\":3,\"name\":\"La inteligencia emocional se forma, se ense\u00f1a y se moldea en casa, y se fortalece en la escuela\"}]},{\"@type\":\"WebSite\",\"@id\":\"https:\\\/\\\/webdelmaestrocmf.com\\\/portal\\\/#website\",\"url\":\"https:\\\/\\\/webdelmaestrocmf.com\\\/portal\\\/\",\"name\":\"Web del Maestro CMF\",\"description\":\"Maestros al servicio de la educaci\u00f3n\",\"publisher\":{\"@id\":\"https:\\\/\\\/webdelmaestrocmf.com\\\/portal\\\/#organization\"},\"alternateName\":\"WMCMF\",\"potentialAction\":[{\"@type\":\"SearchAction\",\"target\":{\"@type\":\"EntryPoint\",\"urlTemplate\":\"https:\\\/\\\/webdelmaestrocmf.com\\\/portal\\\/?s={search_term_string}\"},\"query-input\":{\"@type\":\"PropertyValueSpecification\",\"valueRequired\":true,\"valueName\":\"search_term_string\"}}],\"inLanguage\":\"es\"},{\"@type\":\"Organization\",\"@id\":\"https:\\\/\\\/webdelmaestrocmf.com\\\/portal\\\/#organization\",\"name\":\"Web del Maestro CMF\",\"alternateName\":\"WMCMF\",\"url\":\"https:\\\/\\\/webdelmaestrocmf.com\\\/portal\\\/\",\"logo\":{\"@type\":\"ImageObject\",\"inLanguage\":\"es\",\"@id\":\"https:\\\/\\\/webdelmaestrocmf.com\\\/portal\\\/#\\\/schema\\\/logo\\\/image\\\/\",\"url\":\"https:\\\/\\\/webdelmaestrocmf.com\\\/portal\\\/wp-content\\\/uploads\\\/2023\\\/01\\\/logo-wmcmf-2.png\",\"contentUrl\":\"https:\\\/\\\/webdelmaestrocmf.com\\\/portal\\\/wp-content\\\/uploads\\\/2023\\\/01\\\/logo-wmcmf-2.png\",\"width\":200,\"height\":60,\"caption\":\"Web del Maestro CMF\"},\"image\":{\"@id\":\"https:\\\/\\\/webdelmaestrocmf.com\\\/portal\\\/#\\\/schema\\\/logo\\\/image\\\/\"},\"sameAs\":[\"https:\\\/\\\/www.facebook.com\\\/WebdelMaestroCMF\\\/\",\"https:\\\/\\\/x.com\\\/cmf_w\",\"https:\\\/\\\/www.pinterest.com\\\/WMCMF\\\/\",\"https:\\\/\\\/www.linkedin.com\\\/company\\\/web-del-maestro-cmf\\\/\",\"https:\\\/\\\/www.instagram.com\\\/wmcmf\\\/\",\"https:\\\/\\\/www.youtube.com\\\/channel\\\/UCDPSvjbdodE5sHnC3OxutHw\",\"https:\\\/\\\/mastodon.social\\\/@wmcmf\",\"https:\\\/\\\/www.tiktok.com\\\/@webdelmaestrocmf\"]},{\"@type\":\"Person\",\"@id\":\"https:\\\/\\\/webdelmaestrocmf.com\\\/portal\\\/#\\\/schema\\\/person\\\/1072a2ed7bd960df8ef99a551fa35dc5\",\"name\":\"Web del Maestro CMF\",\"image\":{\"@type\":\"ImageObject\",\"inLanguage\":\"es\",\"@id\":\"https:\\\/\\\/secure.gravatar.com\\\/avatar\\\/23291dd5b5ae1077dcff3dbb04c3e02bd28403fa75af6d8787d5e97c5bbbe30b?s=96&d=mm&r=g\",\"url\":\"https:\\\/\\\/secure.gravatar.com\\\/avatar\\\/23291dd5b5ae1077dcff3dbb04c3e02bd28403fa75af6d8787d5e97c5bbbe30b?s=96&d=mm&r=g\",\"contentUrl\":\"https:\\\/\\\/secure.gravatar.com\\\/avatar\\\/23291dd5b5ae1077dcff3dbb04c3e02bd28403fa75af6d8787d5e97c5bbbe30b?s=96&d=mm&r=g\",\"caption\":\"Web del Maestro CMF\"},\"description\":\"Esta Web se cre\u00f3 sin fines de lucro, con fines educativos, cient\u00edficos y acad\u00e9micos, para personas que tengan dificultades y\\\/o inconvenientes en visualizar el material original. El objetivo es entregar recursos, compartir experiencias y materiales que ayuden a los padres de familia, maestros y estudiantes en su actualizaci\u00f3n y formaci\u00f3n permanente, en bien de la Educaci\u00f3n.\",\"sameAs\":[\"http:\\\/\\\/webdelmaestrocmf.com\\\/portal\",\"https:\\\/\\\/www.facebook.com\\\/WebdelMaestroCMF\\\/\",\"https:\\\/\\\/www.instagram.com\\\/wmcmf\\\/\",\"https:\\\/\\\/cl.linkedin.com\\\/company\\\/web-del-maestro-cmf\",\"https:\\\/\\\/www.pinterest.com\\\/WMCMF\\\/publicaciones\\\/\",\"https:\\\/\\\/x.com\\\/cmf_w\",\"https:\\\/\\\/www.youtube.com\\\/@WMCMF\"]}]}<\/script>\n<!-- \/ Yoast SEO plugin. -->","yoast_head_json":{"title":"La inteligencia emocional se forma, se ense\u00f1a y se moldea en casa, y se fortalece en la escuela - 2026","description":"Para muchos expertos, la importancia de fomentar la inteligencia emocional desde los primeros a\u00f1os de vida es algo sobre lo que no se...","robots":{"index":"index","follow":"follow","max-snippet":"max-snippet:-1","max-image-preview":"max-image-preview:large","max-video-preview":"max-video-preview:-1"},"canonical":"https:\/\/webdelmaestrocmf.com\/portal\/asi-deben-fomentar-los-docentes-la-educacion-emocional\/","og_locale":"es_ES","og_type":"article","og_title":"La inteligencia emocional se forma, se ense\u00f1a y se moldea en casa, y se fortalece en la escuela - 2026","og_description":"Para muchos expertos, la importancia de fomentar la inteligencia emocional desde los primeros a\u00f1os de vida es algo sobre lo que no se...","og_url":"https:\/\/webdelmaestrocmf.com\/portal\/asi-deben-fomentar-los-docentes-la-educacion-emocional\/","og_site_name":"Web del Maestro CMF","article_publisher":"https:\/\/www.facebook.com\/WebdelMaestroCMF\/","article_author":"https:\/\/www.facebook.com\/WebdelMaestroCMF\/","article_published_time":"2025-02-23T23:05:03+00:00","article_modified_time":"2026-04-24T13:50:09+00:00","og_image":[{"width":1080,"height":1350,"url":"https:\/\/webdelmaestrocmf.com\/portal\/wp-content\/uploads\/2025\/02\/1-3.jpg","type":"image\/jpeg"}],"author":"Web del Maestro CMF","twitter_card":"summary_large_image","twitter_creator":"@cmf_w","twitter_site":"@cmf_w","schema":{"@context":"https:\/\/schema.org","@graph":[{"@type":"ScholarlyArticle","@id":"https:\/\/webdelmaestrocmf.com\/portal\/asi-deben-fomentar-los-docentes-la-educacion-emocional\/#article","isPartOf":{"@id":"https:\/\/webdelmaestrocmf.com\/portal\/asi-deben-fomentar-los-docentes-la-educacion-emocional\/"},"author":{"name":"Web del Maestro CMF","@id":"https:\/\/webdelmaestrocmf.com\/portal\/#\/schema\/person\/1072a2ed7bd960df8ef99a551fa35dc5"},"headline":"La inteligencia emocional se forma, se ense\u00f1a y se moldea en casa, y se fortalece en la escuela","datePublished":"2025-02-23T23:05:03+00:00","dateModified":"2026-04-24T13:50:09+00:00","mainEntityOfPage":{"@id":"https:\/\/webdelmaestrocmf.com\/portal\/asi-deben-fomentar-los-docentes-la-educacion-emocional\/"},"wordCount":1408,"commentCount":0,"publisher":{"@id":"https:\/\/webdelmaestrocmf.com\/portal\/#organization"},"image":{"@id":"https:\/\/webdelmaestrocmf.com\/portal\/asi-deben-fomentar-los-docentes-la-educacion-emocional\/#primaryimage"},"thumbnailUrl":"https:\/\/webdelmaestrocmf.com\/portal\/wp-content\/uploads\/2025\/02\/1-3.jpg","keywords":["DOCENTES","EDUCACI\u00d3N EMOCIONAL","FOMENTAR"],"articleSection":["Inteligencia Emocional","Recursos"],"inLanguage":"es","potentialAction":[{"@type":"CommentAction","name":"Comment","target":["https:\/\/webdelmaestrocmf.com\/portal\/asi-deben-fomentar-los-docentes-la-educacion-emocional\/#respond"]}]},{"@type":"WebPage","@id":"https:\/\/webdelmaestrocmf.com\/portal\/asi-deben-fomentar-los-docentes-la-educacion-emocional\/","url":"https:\/\/webdelmaestrocmf.com\/portal\/asi-deben-fomentar-los-docentes-la-educacion-emocional\/","name":"La inteligencia emocional se forma, se ense\u00f1a y se moldea en casa, y se fortalece en la escuela - 2026","isPartOf":{"@id":"https:\/\/webdelmaestrocmf.com\/portal\/#website"},"primaryImageOfPage":{"@id":"https:\/\/webdelmaestrocmf.com\/portal\/asi-deben-fomentar-los-docentes-la-educacion-emocional\/#primaryimage"},"image":{"@id":"https:\/\/webdelmaestrocmf.com\/portal\/asi-deben-fomentar-los-docentes-la-educacion-emocional\/#primaryimage"},"thumbnailUrl":"https:\/\/webdelmaestrocmf.com\/portal\/wp-content\/uploads\/2025\/02\/1-3.jpg","datePublished":"2025-02-23T23:05:03+00:00","dateModified":"2026-04-24T13:50:09+00:00","description":"Para muchos expertos, la importancia de fomentar la inteligencia emocional desde los primeros a\u00f1os de vida es algo sobre lo que no se...","breadcrumb":{"@id":"https:\/\/webdelmaestrocmf.com\/portal\/asi-deben-fomentar-los-docentes-la-educacion-emocional\/#breadcrumb"},"inLanguage":"es","potentialAction":[{"@type":"ReadAction","target":["https:\/\/webdelmaestrocmf.com\/portal\/asi-deben-fomentar-los-docentes-la-educacion-emocional\/"]}]},{"@type":"ImageObject","inLanguage":"es","@id":"https:\/\/webdelmaestrocmf.com\/portal\/asi-deben-fomentar-los-docentes-la-educacion-emocional\/#primaryimage","url":"https:\/\/webdelmaestrocmf.com\/portal\/wp-content\/uploads\/2025\/02\/1-3.jpg","contentUrl":"https:\/\/webdelmaestrocmf.com\/portal\/wp-content\/uploads\/2025\/02\/1-3.jpg","width":1080,"height":1350},{"@type":"BreadcrumbList","@id":"https:\/\/webdelmaestrocmf.com\/portal\/asi-deben-fomentar-los-docentes-la-educacion-emocional\/#breadcrumb","itemListElement":[{"@type":"ListItem","position":1,"name":"Portada","item":"https:\/\/webdelmaestrocmf.com\/portal\/"},{"@type":"ListItem","position":2,"name":"Recursos","item":"https:\/\/webdelmaestrocmf.com\/portal\/category\/pedagogia\/"},{"@type":"ListItem","position":3,"name":"La inteligencia emocional se forma, se ense\u00f1a y se moldea en casa, y se fortalece en la escuela"}]},{"@type":"WebSite","@id":"https:\/\/webdelmaestrocmf.com\/portal\/#website","url":"https:\/\/webdelmaestrocmf.com\/portal\/","name":"Web del Maestro CMF","description":"Maestros al servicio de la educaci\u00f3n","publisher":{"@id":"https:\/\/webdelmaestrocmf.com\/portal\/#organization"},"alternateName":"WMCMF","potentialAction":[{"@type":"SearchAction","target":{"@type":"EntryPoint","urlTemplate":"https:\/\/webdelmaestrocmf.com\/portal\/?s={search_term_string}"},"query-input":{"@type":"PropertyValueSpecification","valueRequired":true,"valueName":"search_term_string"}}],"inLanguage":"es"},{"@type":"Organization","@id":"https:\/\/webdelmaestrocmf.com\/portal\/#organization","name":"Web del Maestro CMF","alternateName":"WMCMF","url":"https:\/\/webdelmaestrocmf.com\/portal\/","logo":{"@type":"ImageObject","inLanguage":"es","@id":"https:\/\/webdelmaestrocmf.com\/portal\/#\/schema\/logo\/image\/","url":"https:\/\/webdelmaestrocmf.com\/portal\/wp-content\/uploads\/2023\/01\/logo-wmcmf-2.png","contentUrl":"https:\/\/webdelmaestrocmf.com\/portal\/wp-content\/uploads\/2023\/01\/logo-wmcmf-2.png","width":200,"height":60,"caption":"Web del Maestro CMF"},"image":{"@id":"https:\/\/webdelmaestrocmf.com\/portal\/#\/schema\/logo\/image\/"},"sameAs":["https:\/\/www.facebook.com\/WebdelMaestroCMF\/","https:\/\/x.com\/cmf_w","https:\/\/www.pinterest.com\/WMCMF\/","https:\/\/www.linkedin.com\/company\/web-del-maestro-cmf\/","https:\/\/www.instagram.com\/wmcmf\/","https:\/\/www.youtube.com\/channel\/UCDPSvjbdodE5sHnC3OxutHw","https:\/\/mastodon.social\/@wmcmf","https:\/\/www.tiktok.com\/@webdelmaestrocmf"]},{"@type":"Person","@id":"https:\/\/webdelmaestrocmf.com\/portal\/#\/schema\/person\/1072a2ed7bd960df8ef99a551fa35dc5","name":"Web del Maestro CMF","image":{"@type":"ImageObject","inLanguage":"es","@id":"https:\/\/secure.gravatar.com\/avatar\/23291dd5b5ae1077dcff3dbb04c3e02bd28403fa75af6d8787d5e97c5bbbe30b?s=96&d=mm&r=g","url":"https:\/\/secure.gravatar.com\/avatar\/23291dd5b5ae1077dcff3dbb04c3e02bd28403fa75af6d8787d5e97c5bbbe30b?s=96&d=mm&r=g","contentUrl":"https:\/\/secure.gravatar.com\/avatar\/23291dd5b5ae1077dcff3dbb04c3e02bd28403fa75af6d8787d5e97c5bbbe30b?s=96&d=mm&r=g","caption":"Web del Maestro CMF"},"description":"Esta Web se cre\u00f3 sin fines de lucro, con fines educativos, cient\u00edficos y acad\u00e9micos, para personas que tengan dificultades y\/o inconvenientes en visualizar el material original. El objetivo es entregar recursos, compartir experiencias y materiales que ayuden a los padres de familia, maestros y estudiantes en su actualizaci\u00f3n y formaci\u00f3n permanente, en bien de la Educaci\u00f3n.","sameAs":["http:\/\/webdelmaestrocmf.com\/portal","https:\/\/www.facebook.com\/WebdelMaestroCMF\/","https:\/\/www.instagram.com\/wmcmf\/","https:\/\/cl.linkedin.com\/company\/web-del-maestro-cmf","https:\/\/www.pinterest.com\/WMCMF\/publicaciones\/","https:\/\/x.com\/cmf_w","https:\/\/www.youtube.com\/@WMCMF"]}]}},"jetpack_featured_media_url":"https:\/\/webdelmaestrocmf.com\/portal\/wp-content\/uploads\/2025\/02\/1-3.jpg","jetpack_sharing_enabled":true,"jetpack-related-posts":[{"id":74281,"url":"https:\/\/webdelmaestrocmf.com\/portal\/inteligencia-emocional-y-ambientes-escolares-una-propuesta-psicopedagogica\/","url_meta":{"origin":108094,"position":0},"title":"Inteligencia emocional y ambientes escolares: una propuesta psicopedag\u00f3gica","author":"Web del Maestro CMF","date":"13 febrero, 2022","format":false,"excerpt":"El presente documento destaca el inter\u00e9s por estudiar las caracter\u00edsticas emocionales de ni\u00f1os que se hallan en contextos escolares desfavorecidos y con carencias marcadas, tales como falta de afecto y contenci\u00f3n, escasa capacidad para interactuar positivamente con otros y para manejar los impulsos emocionales, poca motivaci\u00f3n y marcada problem\u00e1tica familiar\u2026","rel":"","context":"En \u00abInfraestructura\u00bb","block_context":{"text":"Infraestructura","link":"https:\/\/webdelmaestrocmf.com\/portal\/category\/pedagogia\/infraestructura\/"},"img":{"alt_text":"","src":"https:\/\/i0.wp.com\/webdelmaestrocmf.com\/portal\/wp-content\/uploads\/2022\/02\/1-75.jpg?resize=350%2C200&ssl=1","width":350,"height":200,"srcset":"https:\/\/i0.wp.com\/webdelmaestrocmf.com\/portal\/wp-content\/uploads\/2022\/02\/1-75.jpg?resize=350%2C200&ssl=1 1x, https:\/\/i0.wp.com\/webdelmaestrocmf.com\/portal\/wp-content\/uploads\/2022\/02\/1-75.jpg?resize=525%2C300&ssl=1 1.5x, https:\/\/i0.wp.com\/webdelmaestrocmf.com\/portal\/wp-content\/uploads\/2022\/02\/1-75.jpg?resize=700%2C400&ssl=1 2x, https:\/\/i0.wp.com\/webdelmaestrocmf.com\/portal\/wp-content\/uploads\/2022\/02\/1-75.jpg?resize=1050%2C600&ssl=1 3x"},"classes":[]},{"id":42076,"url":"https:\/\/webdelmaestrocmf.com\/portal\/tiene-usted-como-profesor-una-inteligencia-emocional-desarrollada-cuatro-indicadores-de-su-posesion-o-carencia\/","url_meta":{"origin":108094,"position":1},"title":"\u00bfTiene usted, como profesor, una inteligencia emocional desarrollada? Cuatro indicadores de su posesi\u00f3n o carencia","author":"Web del Maestro CMF","date":"7 octubre, 2024","format":false,"excerpt":"El rol y la imagen del maestro \u201cfue hace tiempo fuente de autoridad y el docente estaba investido as\u00ed de una autoridad instituida, pero actualmente, el rol del docente es cuestionado y as\u00ed tambi\u00e9n su autoridad. Es as\u00ed que los docentes, deben ahora demostrar idoneidad y justificar su autoridad, necesitan\u2026","rel":"","context":"En \u00abYo opino - WMCMF\u00bb","block_context":{"text":"Yo opino - WMCMF","link":"https:\/\/webdelmaestrocmf.com\/portal\/category\/jamb\/"},"img":{"alt_text":"","src":"https:\/\/i0.wp.com\/webdelmaestrocmf.com\/portal\/wp-content\/uploads\/2019\/11\/Banner-1-portada-imagen-10-1-24.jpg?resize=350%2C200&ssl=1","width":350,"height":200,"srcset":"https:\/\/i0.wp.com\/webdelmaestrocmf.com\/portal\/wp-content\/uploads\/2019\/11\/Banner-1-portada-imagen-10-1-24.jpg?resize=350%2C200&ssl=1 1x, https:\/\/i0.wp.com\/webdelmaestrocmf.com\/portal\/wp-content\/uploads\/2019\/11\/Banner-1-portada-imagen-10-1-24.jpg?resize=525%2C300&ssl=1 1.5x, https:\/\/i0.wp.com\/webdelmaestrocmf.com\/portal\/wp-content\/uploads\/2019\/11\/Banner-1-portada-imagen-10-1-24.jpg?resize=700%2C400&ssl=1 2x"},"classes":[]},{"id":34810,"url":"https:\/\/webdelmaestrocmf.com\/portal\/dirigir-y-educar-con-inteligencia-emocional\/","url_meta":{"origin":108094,"position":2},"title":"Bego\u00f1a Ibarrola: Dirigir y educar con inteligencia emocional","author":"Web del Maestro CMF","date":"1 mayo, 2019","format":false,"excerpt":"Bego\u00f1a Ibarrola naci\u00f3 en Bilbao en 1954, aunque reside en Madrid desde hace muchos a\u00f1os. Licenciada en Psicolog\u00eda por la Universidad Complutense de Madrid en 1977, ejerci\u00f3 como terapeuta infantil durante quince a\u00f1os y su trabajo ha estado siempre vinculado al mundo de las emociones. Hasta 1996 trabaj\u00f3 con ni\u00f1os\u2026","rel":"","context":"En \u00abEntrevistas\u00bb","block_context":{"text":"Entrevistas","link":"https:\/\/webdelmaestrocmf.com\/portal\/category\/noticias\/entrevistas\/"},"img":{"alt_text":"","src":"https:\/\/i0.wp.com\/webdelmaestrocmf.com\/portal\/wp-content\/uploads\/2019\/05\/2.jpg?resize=350%2C200&ssl=1","width":350,"height":200,"srcset":"https:\/\/i0.wp.com\/webdelmaestrocmf.com\/portal\/wp-content\/uploads\/2019\/05\/2.jpg?resize=350%2C200&ssl=1 1x, https:\/\/i0.wp.com\/webdelmaestrocmf.com\/portal\/wp-content\/uploads\/2019\/05\/2.jpg?resize=525%2C300&ssl=1 1.5x, https:\/\/i0.wp.com\/webdelmaestrocmf.com\/portal\/wp-content\/uploads\/2019\/05\/2.jpg?resize=700%2C400&ssl=1 2x, https:\/\/i0.wp.com\/webdelmaestrocmf.com\/portal\/wp-content\/uploads\/2019\/05\/2.jpg?resize=1050%2C600&ssl=1 3x"},"classes":[]},{"id":89703,"url":"https:\/\/webdelmaestrocmf.com\/portal\/la-sostenibilidad-emocional-en-la-escuela-frente-al-proceso-cognitivo-la-memoria-la-inteligencia-y-las-cualidades-racionales\/","url_meta":{"origin":108094,"position":3},"title":"La sostenibilidad emocional en la escuela, frente al proceso cognitivo, la memoria, la inteligencia y las cualidades racionales","author":"Web del Maestro CMF","date":"31 mayo, 2023","format":false,"excerpt":"El t\u00e9rmino sostenibilidad, entendido como adjetivo indica que algo que se puede mantener durante largo tiempo sin agotar los recursos o causar grave da\u00f1o, y aunque mayormente est\u00e1n referidos al medio ambiente, tambi\u00e9n podemos usarlo con una visi\u00f3n educativa a nivel personal, relacionado \u201ca un cambio interior que determine un\u2026","rel":"","context":"En \u00abYo opino - WMCMF\u00bb","block_context":{"text":"Yo opino - WMCMF","link":"https:\/\/webdelmaestrocmf.com\/portal\/category\/jamb\/"},"img":{"alt_text":"","src":"https:\/\/i0.wp.com\/webdelmaestrocmf.com\/portal\/wp-content\/uploads\/2023\/05\/A12B3C4D-2023-05-31T230229.240.jpg?resize=350%2C200&ssl=1","width":350,"height":200,"srcset":"https:\/\/i0.wp.com\/webdelmaestrocmf.com\/portal\/wp-content\/uploads\/2023\/05\/A12B3C4D-2023-05-31T230229.240.jpg?resize=350%2C200&ssl=1 1x, https:\/\/i0.wp.com\/webdelmaestrocmf.com\/portal\/wp-content\/uploads\/2023\/05\/A12B3C4D-2023-05-31T230229.240.jpg?resize=525%2C300&ssl=1 1.5x, https:\/\/i0.wp.com\/webdelmaestrocmf.com\/portal\/wp-content\/uploads\/2023\/05\/A12B3C4D-2023-05-31T230229.240.jpg?resize=700%2C400&ssl=1 2x"},"classes":[]},{"id":10206,"url":"https:\/\/webdelmaestrocmf.com\/portal\/10-consejos-para-educar-con-inteligenica-emocional\/","url_meta":{"origin":108094,"position":4},"title":"10 consejos para educar con inteligencia emocional","author":"Web del Maestro CMF","date":"13 marzo, 2019","format":false,"excerpt":"Si educamos\u00a0para el bienestar, no solo debemos educar las cabezas, sino tambi\u00e9n los corazones. En el mundo actual en el que vivimos resulta fundamental educar las emociones de los peque\u00f1os. El aprendizaje emocional es esencial para el desarrollo y el bienestar de las personas, tener la capacidad de reconocer las\u2026","rel":"","context":"En \u00abEducaci\u00f3n y Familia\u00bb","block_context":{"text":"Educaci\u00f3n y Familia","link":"https:\/\/webdelmaestrocmf.com\/portal\/category\/pedagogia\/educacion-y-familia\/"},"img":{"alt_text":"","src":"https:\/\/i0.wp.com\/webdelmaestrocmf.com\/portal\/wp-content\/uploads\/2019\/03\/1-105.jpg?resize=350%2C200&ssl=1","width":350,"height":200,"srcset":"https:\/\/i0.wp.com\/webdelmaestrocmf.com\/portal\/wp-content\/uploads\/2019\/03\/1-105.jpg?resize=350%2C200&ssl=1 1x, https:\/\/i0.wp.com\/webdelmaestrocmf.com\/portal\/wp-content\/uploads\/2019\/03\/1-105.jpg?resize=525%2C300&ssl=1 1.5x, https:\/\/i0.wp.com\/webdelmaestrocmf.com\/portal\/wp-content\/uploads\/2019\/03\/1-105.jpg?resize=700%2C400&ssl=1 2x, https:\/\/i0.wp.com\/webdelmaestrocmf.com\/portal\/wp-content\/uploads\/2019\/03\/1-105.jpg?resize=1050%2C600&ssl=1 3x"},"classes":[]},{"id":108673,"url":"https:\/\/webdelmaestrocmf.com\/portal\/es-un-peligro-poner-a-analfabetos-emocionales-al-mando-de-una-institucion-sobre-todo-si-es-educativa\/","url_meta":{"origin":108094,"position":5},"title":"Es un peligro poner a \u00abanalfabetos emocionales\u00bb al mando de una instituci\u00f3n, sobre todo si es educativa","author":"Web del Maestro CMF","date":"6 abril, 2025","format":false,"excerpt":"Se habla con frecuencia de competencias curriculares, planificaci\u00f3n estrat\u00e9gica y liderazgo pedag\u00f3gico, existe una amenaza silenciosa que rara vez se aborda con la seriedad que merece: el analfabetismo emocional en cargos directivos. Esta carencia representa un riesgo real para las comunidades escolares, ya que impacta directamente en el clima institucional,\u2026","rel":"","context":"En \u00abEmociones\u00bb","block_context":{"text":"Emociones","link":"https:\/\/webdelmaestrocmf.com\/portal\/category\/pedagogia\/emociones\/"},"img":{"alt_text":"","src":"https:\/\/i0.wp.com\/webdelmaestrocmf.com\/portal\/wp-content\/uploads\/2025\/04\/1A-Banner-1-portada-imagen-10-1-42.jpg?resize=350%2C200&ssl=1","width":350,"height":200,"srcset":"https:\/\/i0.wp.com\/webdelmaestrocmf.com\/portal\/wp-content\/uploads\/2025\/04\/1A-Banner-1-portada-imagen-10-1-42.jpg?resize=350%2C200&ssl=1 1x, https:\/\/i0.wp.com\/webdelmaestrocmf.com\/portal\/wp-content\/uploads\/2025\/04\/1A-Banner-1-portada-imagen-10-1-42.jpg?resize=525%2C300&ssl=1 1.5x, https:\/\/i0.wp.com\/webdelmaestrocmf.com\/portal\/wp-content\/uploads\/2025\/04\/1A-Banner-1-portada-imagen-10-1-42.jpg?resize=700%2C400&ssl=1 2x"},"classes":[]}],"_links":{"self":[{"href":"https:\/\/webdelmaestrocmf.com\/portal\/wp-json\/wp\/v2\/posts\/108094","targetHints":{"allow":["GET"]}}],"collection":[{"href":"https:\/\/webdelmaestrocmf.com\/portal\/wp-json\/wp\/v2\/posts"}],"about":[{"href":"https:\/\/webdelmaestrocmf.com\/portal\/wp-json\/wp\/v2\/types\/post"}],"author":[{"embeddable":true,"href":"https:\/\/webdelmaestrocmf.com\/portal\/wp-json\/wp\/v2\/users\/1"}],"replies":[{"embeddable":true,"href":"https:\/\/webdelmaestrocmf.com\/portal\/wp-json\/wp\/v2\/comments?post=108094"}],"version-history":[{"count":12,"href":"https:\/\/webdelmaestrocmf.com\/portal\/wp-json\/wp\/v2\/posts\/108094\/revisions"}],"predecessor-version":[{"id":118253,"href":"https:\/\/webdelmaestrocmf.com\/portal\/wp-json\/wp\/v2\/posts\/108094\/revisions\/118253"}],"wp:featuredmedia":[{"embeddable":true,"href":"https:\/\/webdelmaestrocmf.com\/portal\/wp-json\/wp\/v2\/media\/118254"}],"wp:attachment":[{"href":"https:\/\/webdelmaestrocmf.com\/portal\/wp-json\/wp\/v2\/media?parent=108094"}],"wp:term":[{"taxonomy":"category","embeddable":true,"href":"https:\/\/webdelmaestrocmf.com\/portal\/wp-json\/wp\/v2\/categories?post=108094"},{"taxonomy":"post_tag","embeddable":true,"href":"https:\/\/webdelmaestrocmf.com\/portal\/wp-json\/wp\/v2\/tags?post=108094"}],"curies":[{"name":"wp","href":"https:\/\/api.w.org\/{rel}","templated":true}]}}