{"id":108066,"date":"2025-02-20T11:53:58","date_gmt":"2025-02-20T14:53:58","guid":{"rendered":"https:\/\/webdelmaestrocmf.com\/portal\/?p=108066"},"modified":"2025-02-20T11:53:58","modified_gmt":"2025-02-20T14:53:58","slug":"el-calendario-unicef-2025-sobre-los-derechos-de-ninos-y-ninas","status":"publish","type":"post","link":"https:\/\/webdelmaestrocmf.com\/portal\/el-calendario-unicef-2025-sobre-los-derechos-de-ninos-y-ninas\/","title":{"rendered":"El Calendario UNICEF 2025 sobre los derechos de ni\u00f1os y ni\u00f1as"},"content":{"rendered":"<p>Cada a\u00f1o, UNICEF presenta su calendario tem\u00e1tico con el prop\u00f3sito de visibilizar y promover los derechos de los ni\u00f1os, ni\u00f1as y adolescentes.<!--more--><\/p>\n<p>La edici\u00f3n de 2025, ilustrada por Pedro Prado, no solo funciona como una herramienta organizativa, sino como un recordatorio constante de los derechos fundamentales que deben garantizarse para la infancia en todo el mundo.<\/p>\n<h2 style=\"text-align: left;\"><strong>Un calendario con prop\u00f3sito<\/strong><\/h2>\n<p>El Calendario UNICEF 2025 se estructura mes a mes, destacando fechas relevantes y promoviendo la importancia de la protecci\u00f3n, educaci\u00f3n y bienestar de la infancia. Cada mes est\u00e1 dedicado a un derecho fundamental de los ni\u00f1os, reforzando el compromiso con su desarrollo integral.<\/p>\n<h2 style=\"text-align: left;\"><strong>Derechos destacados en el calendario<\/strong><\/h2>\n<p>A lo largo del a\u00f1o, el calendario enfatiza derechos esenciales de la infancia, tales como:<\/p>\n<ul data-spread=\"false\">\n<li><strong>Enero:<\/strong> Derecho a una vida saludable.<\/li>\n<li><strong>Febrero:<\/strong> Derecho a jugar y hacer deporte.<\/li>\n<li><strong>Marzo:<\/strong> Derecho a estudiar en un entorno de respeto y bienestar.<\/li>\n<li><strong>Abril:<\/strong> Derecho a recibir atenci\u00f3n m\u00e9dica y vacunas.<\/li>\n<li><strong>Mayo:<\/strong> Derecho a crecer en una familia que brinde amor y cuidados.<\/li>\n<li><strong>Junio:<\/strong> Derecho a una crianza responsable y bienestar.<\/li>\n<li><strong>Julio:<\/strong> Derecho a una vida plena y feliz.<\/li>\n<li><strong>Agosto:<\/strong> Derecho a ser tratados con respeto y cari\u00f1o.<\/li>\n<li><strong>Septiembre:<\/strong> Derecho a compartir y disfrutar con la familia.<\/li>\n<li><strong>Octubre:<\/strong> Derecho a la protecci\u00f3n y al bienestar de quienes los cuidan.<\/li>\n<li><strong>Noviembre:<\/strong> Derecho a recibir educaci\u00f3n y orientaci\u00f3n adecuada.<\/li>\n<li><strong>Diciembre:<\/strong> Derecho a la protecci\u00f3n y resguardo de sus derechos fundamentales.<\/li>\n<\/ul>\n<h2 style=\"text-align: left;\"><strong>Fechas clave para la infancia<\/strong><\/h2>\n<p>El calendario tambi\u00e9n resalta efem\u00e9rides de importancia global y regional que buscan generar conciencia sobre los derechos y desaf\u00edos que enfrenta la infancia. Algunas de estas fechas incluyen:<\/p>\n<ul data-spread=\"false\">\n<li>D\u00eda Mundial de la Educaci\u00f3n Ambiental (26 de enero).<\/li>\n<li>D\u00eda Internacional del Internet Seguro (6 de febrero).<\/li>\n<li>D\u00eda Internacional contra el Ciberacoso (14 de marzo).<\/li>\n<li>D\u00eda Internacional de la Eliminaci\u00f3n de la Discriminaci\u00f3n Racial (21 de marzo).<\/li>\n<li>D\u00eda Mundial del Agua (22 de marzo).<\/li>\n<li>D\u00eda Internacional contra el Acoso Escolar (2 de mayo).<\/li>\n<li>D\u00eda Mundial de la Infancia (20 de noviembre).<\/li>\n<li>D\u00eda Internacional de los Derechos Humanos (10 de diciembre).<\/li>\n<\/ul>\n<h2 style=\"text-align: left;\"><strong>Compromiso con la Convenci\u00f3n sobre los Derechos del Ni\u00f1o<\/strong><\/h2>\n<p>El calendario refuerza los principios de la Convenci\u00f3n sobre los Derechos del Ni\u00f1o, destacando art\u00edculos clave que garantizan la protecci\u00f3n, desarrollo y participaci\u00f3n de la infancia. Entre ellos:<\/p>\n<ul data-spread=\"false\">\n<li><strong>Art\u00edculo 3:<\/strong> Inter\u00e9s superior del ni\u00f1o en todas las decisiones que los afecten.<\/li>\n<li><strong>Art\u00edculo 18:<\/strong> Apoyo a los padres y cuidadores en la crianza y educaci\u00f3n de los ni\u00f1os.<\/li>\n<li><strong>Art\u00edculo 24:<\/strong> Acceso a la salud y nutrici\u00f3n adecuada.<\/li>\n<li><strong>Art\u00edculo 27:<\/strong> Derecho a un nivel de vida adecuado para el desarrollo integral.<\/li>\n<li><strong>Art\u00edculo 31:<\/strong> Derecho al descanso, recreaci\u00f3n y participaci\u00f3n cultural.<\/li>\n<\/ul>\n<h2 style=\"text-align: left;\"><strong>Un recordatorio para todos<\/strong><\/h2>\n<p>El Calendario UNICEF 2025 es m\u00e1s que un conjunto de fechas y efem\u00e9rides. Es una herramienta de sensibilizaci\u00f3n que busca fortalecer la responsabilidad de la sociedad en la protecci\u00f3n y promoci\u00f3n de los derechos de la infancia. Desde las aulas hasta los hogares, su mensaje es claro: todos los ni\u00f1os, ni\u00f1as y adolescentes merecen crecer en un entorno seguro, saludable y lleno de oportunidades.<br \/>\n<iframe loading=\"lazy\" src=\"https:\/\/drive.google.com\/file\/d\/1qIg6XzrMIQj7688lZmnlB6aNII8FSYlM\/preview\" width=\"100%\" height=\"600\"><span data-mce-type=\"bookmark\" style=\"display: inline-block; width: 0px; overflow: hidden; line-height: 0;\" class=\"mce_SELRES_start\">\ufeff<\/span><\/iframe><\/p>\n<p>A trav\u00e9s de esta iniciativa, UNICEF reafirma su compromiso con la infancia y hace un llamado a gobiernos, comunidades y familias a trabajar juntos para garantizar el respeto y cumplimiento de estos derechos esenciales.<\/p>\n<p style=\"text-align: right;\"><strong>REDACCI\u00d3N WEB DEL MAESTRO CMF<\/strong><\/p>\n<p style=\"text-align: center;\">MATERIAL DE LETURA: <a href=\"https:\/\/drive.google.com\/drive\/folders\/1qj47qj8K5ynCvrYpa5AIjWbzTVX5y65Q?usp=sharing\" target=\"_blank\" rel=\"noopener\">CALENDARIO UNICEF 2025 DE LOS DERECHOS DE LOS NI\u00d1OS<\/a><\/p>\n\t\t<div class=\"pk-inline-posts\">\n\t\t\t\n\t\t\t<div class=\"pk-inline-posts-container pk-inline-posts-template-list\"\n\t\t\t\tdata-columns=\"1\">\n\t\t\t\t\t\t<article id=\"post-115017\" class=\"post-115017 post type-post status-publish format-standard has-post-thumbnail category-calendario category-descarga category-pedagogia tag-calendario-2026 tag-calendario-de-escritorio tag-calendario-para-imprimir tag-herramientas-docentes tag-material-imprimible tag-organizacion-del-tiempo tag-planificacion-anual tag-productividad tag-recursos-educativos cs-entry cs-video-wrap\">\n\t\t\t<div class=\"pk-post-outer\">\n\n\t\t\t\t\t\t\t\t<div class=\"pk-post-inner\">\n\t\t\t\t\t<div class=\"entry-thumbnail\">\n\t\t\t\t\t\t<div class=\"pk-overlay pk-overlay-ratio pk-ratio-landscape\">\n\t\t\t\t\t\t\t<div class=\"pk-overlay-background\">\n\t\t\t\t\t\t\t\t<a href=\"https:\/\/webdelmaestrocmf.com\/portal\/calendario-de-escritorio-2026-para-imprimir-organizacion-visual-y-funcional-todo-el-ano\/\" class=\"pk-overlay-link\">\n\t\t\t\t\t\t\t\t\t<img loading=\"lazy\" decoding=\"async\" width=\"300\" height=\"225\" src=\"https:\/\/webdelmaestrocmf.com\/portal\/wp-content\/uploads\/2026\/01\/1A-Banner-1-portada-imagen-10-1-copia-1-12-300x225.webp\" class=\"attachment-pk-thumbnail size-pk-thumbnail wp-post-image\" alt=\"\" \/>\t\t\t\t\t\t\t\t<\/a>\n\t\t\t\t\t\t\t<\/div>\n\t\t\t\t\t\t<\/div>\n\t\t\t\t\t<\/div>\n\t\t\t\t<\/div>\n\t\t\t\t\n\t\t\t\t<div class=\"pk-post-inner\">\n\t\t\t\t\t<header>\n\t\t\t\t\t\t<h3 class=\"pk-title\"><a href=\"https:\/\/webdelmaestrocmf.com\/portal\/calendario-de-escritorio-2026-para-imprimir-organizacion-visual-y-funcional-todo-el-ano\/\" rel=\"bookmark\">Calendario de Escritorio 2026 para Imprimir: Organizaci\u00f3n Visual y Funcional Todo el A\u00f1o<\/a><\/h3>\t\t\t\t\t<\/header><!-- .entry-header -->\n\t\t\t\t<\/div><!-- .post-inner -->\n\n\t\t\t<\/div><!-- .post-outer -->\n\t\t<\/article>\n\t\t\t<article id=\"post-114761\" class=\"post-114761 post type-post status-publish format-standard has-post-thumbnail category-calendario category-pedagogia tag-calendario-escolar tag-calendario-sep tag-ciclo-escolar tag-docentes tag-educacion-basica tag-material-docente tag-organizacion-escolar tag-planificacion-educativa tag-recursos-educativos cs-entry cs-video-wrap\">\n\t\t\t<div class=\"pk-post-outer\">\n\n\t\t\t\t\t\t\t\t<div class=\"pk-post-inner\">\n\t\t\t\t\t<div class=\"entry-thumbnail\">\n\t\t\t\t\t\t<div class=\"pk-overlay pk-overlay-ratio pk-ratio-landscape\">\n\t\t\t\t\t\t\t<div class=\"pk-overlay-background\">\n\t\t\t\t\t\t\t\t<a href=\"https:\/\/webdelmaestrocmf.com\/portal\/descarga-el-calendario-escolar-sep-2025-2026-una-herramienta-clave-para-la-organizacion-docente-y-escolar\/\" class=\"pk-overlay-link\">\n\t\t\t\t\t\t\t\t\t<img loading=\"lazy\" decoding=\"async\" width=\"300\" height=\"225\" src=\"https:\/\/webdelmaestrocmf.com\/portal\/wp-content\/uploads\/2026\/01\/1A-Banner-1-portada-imagen-10-1-copia-1-300x225.jpg\" class=\"attachment-pk-thumbnail size-pk-thumbnail wp-post-image\" alt=\"\" \/>\t\t\t\t\t\t\t\t<\/a>\n\t\t\t\t\t\t\t<\/div>\n\t\t\t\t\t\t<\/div>\n\t\t\t\t\t<\/div>\n\t\t\t\t<\/div>\n\t\t\t\t\n\t\t\t\t<div class=\"pk-post-inner\">\n\t\t\t\t\t<header>\n\t\t\t\t\t\t<h3 class=\"pk-title\"><a href=\"https:\/\/webdelmaestrocmf.com\/portal\/descarga-el-calendario-escolar-sep-2025-2026-una-herramienta-clave-para-la-organizacion-docente-y-escolar\/\" rel=\"bookmark\">Descarga el Calendario Escolar SEP 2025-2026: una herramienta clave para la organizaci\u00f3n docente y escolar<\/a><\/h3>\t\t\t\t\t<\/header><!-- .entry-header -->\n\t\t\t\t<\/div><!-- .post-inner -->\n\n\t\t\t<\/div><!-- .post-outer -->\n\t\t<\/article>\n\t\t\t<article id=\"post-114428\" class=\"post-114428 post type-post status-publish format-standard has-post-thumbnail category-calendario category-pedagogia tag-calendario-2026 tag-calendario-escolar tag-educacion-2 tag-escritorio-docente tag-imprimibles-educativos tag-material-educativo tag-organizacion-docente tag-planificacion-docente tag-recursos-para-docentes cs-entry cs-video-wrap\">\n\t\t\t<div class=\"pk-post-outer\">\n\n\t\t\t\t\t\t\t\t<div class=\"pk-post-inner\">\n\t\t\t\t\t<div class=\"entry-thumbnail\">\n\t\t\t\t\t\t<div class=\"pk-overlay pk-overlay-ratio pk-ratio-landscape\">\n\t\t\t\t\t\t\t<div class=\"pk-overlay-background\">\n\t\t\t\t\t\t\t\t<a href=\"https:\/\/webdelmaestrocmf.com\/portal\/calendario-de-escritorio-triangular-2026-un-recurso-practico-y-editable-al-servicio-del-docente\/\" class=\"pk-overlay-link\">\n\t\t\t\t\t\t\t\t\t<img loading=\"lazy\" decoding=\"async\" width=\"300\" height=\"225\" src=\"https:\/\/webdelmaestrocmf.com\/portal\/wp-content\/uploads\/2026\/01\/1A-Banner-1-portada-imagen-10-1-copia-2-300x225.webp\" class=\"attachment-pk-thumbnail size-pk-thumbnail wp-post-image\" alt=\"\" \/>\t\t\t\t\t\t\t\t<\/a>\n\t\t\t\t\t\t\t<\/div>\n\t\t\t\t\t\t<\/div>\n\t\t\t\t\t<\/div>\n\t\t\t\t<\/div>\n\t\t\t\t\n\t\t\t\t<div class=\"pk-post-inner\">\n\t\t\t\t\t<header>\n\t\t\t\t\t\t<h3 class=\"pk-title\"><a href=\"https:\/\/webdelmaestrocmf.com\/portal\/calendario-de-escritorio-triangular-2026-un-recurso-practico-y-editable-al-servicio-del-docente\/\" rel=\"bookmark\">Calendario de escritorio triangular 2026: un recurso pr\u00e1ctico y editable al servicio del docente<\/a><\/h3>\t\t\t\t\t<\/header><!-- .entry-header -->\n\t\t\t\t<\/div><!-- .post-inner -->\n\n\t\t\t<\/div><!-- .post-outer -->\n\t\t<\/article>\n\t\t\t\t<\/div>\n\t\t<\/div>\n\t\t\n","protected":false},"excerpt":{"rendered":"Cada a\u00f1o, UNICEF presenta su calendario tem\u00e1tico con el prop\u00f3sito de visibilizar y promover los derechos de los&hellip;","protected":false},"author":1,"featured_media":108067,"comment_status":"open","ping_status":"closed","sticky":false,"template":"","format":"standard","meta":{"csco_display_header_overlay":false,"csco_singular_sidebar":"","csco_page_header_type":"","csco_page_load_nextpost":"","csco_post_video_location":[],"csco_post_video_location_hash":"","csco_post_video_url":"","csco_post_video_bg_start_time":0,"csco_post_video_bg_end_time":0,"csco_post_video_bg_volume":false,"_jetpack_memberships_contains_paid_content":false,"footnotes":""},"categories":[16009,735],"tags":[14474,4764,3009,297,2712],"class_list":{"0":"post-108066","1":"post","2":"type-post","3":"status-publish","4":"format-standard","5":"has-post-thumbnail","7":"category-calendario","8":"category-pedagogia","9":"tag-14474","10":"tag-calendario","11":"tag-derechos","12":"tag-ninos","13":"tag-unicef","14":"cs-entry","15":"cs-video-wrap"},"yoast_head":"<!-- This site is optimized with the Yoast SEO plugin v27.5 - https:\/\/yoast.com\/product\/yoast-seo-wordpress\/ -->\n<title>El Calendario UNICEF 2025 sobre los derechos de ni\u00f1os y ni\u00f1as - 2026<\/title>\n<meta name=\"description\" content=\"Comunidad de Maestros, Docentes y Profesores, en donde encontrar\u00e1s material, informaci\u00f3n y notiCada a\u00f1o, UNICEF presenta su calendario...\" \/>\n<meta name=\"robots\" content=\"index, follow, max-snippet:-1, max-image-preview:large, max-video-preview:-1\" \/>\n<link rel=\"canonical\" href=\"https:\/\/webdelmaestrocmf.com\/portal\/el-calendario-unicef-2025-sobre-los-derechos-de-ninos-y-ninas\/\" \/>\n<meta property=\"og:locale\" content=\"es_ES\" \/>\n<meta property=\"og:type\" content=\"article\" \/>\n<meta property=\"og:title\" content=\"El Calendario UNICEF 2025 sobre los derechos de ni\u00f1os y ni\u00f1as - 2026\" \/>\n<meta property=\"og:description\" content=\"Comunidad de Maestros, Docentes y Profesores, en donde encontrar\u00e1s material, informaci\u00f3n y notiCada a\u00f1o, UNICEF presenta su calendario...\" \/>\n<meta property=\"og:url\" content=\"https:\/\/webdelmaestrocmf.com\/portal\/el-calendario-unicef-2025-sobre-los-derechos-de-ninos-y-ninas\/\" \/>\n<meta property=\"og:site_name\" content=\"Web del Maestro CMF\" \/>\n<meta property=\"article:publisher\" content=\"https:\/\/www.facebook.com\/WebdelMaestroCMF\/\" \/>\n<meta property=\"article:author\" content=\"https:\/\/www.facebook.com\/WebdelMaestroCMF\/\" \/>\n<meta property=\"article:published_time\" content=\"2025-02-20T14:53:58+00:00\" \/>\n<meta property=\"og:image\" content=\"https:\/\/webdelmaestrocmf.com\/portal\/wp-content\/uploads\/2025\/02\/1A-Banner-1-portada-imagen-10-1-86.jpg\" \/>\n\t<meta property=\"og:image:width\" content=\"1024\" \/>\n\t<meta property=\"og:image:height\" content=\"1024\" \/>\n\t<meta property=\"og:image:type\" content=\"image\/jpeg\" \/>\n<meta name=\"author\" content=\"Web del Maestro CMF\" \/>\n<meta name=\"twitter:card\" content=\"summary_large_image\" \/>\n<meta name=\"twitter:creator\" content=\"@cmf_w\" \/>\n<meta name=\"twitter:site\" content=\"@cmf_w\" \/>\n<script type=\"application\/ld+json\" class=\"yoast-schema-graph\">{\"@context\":\"https:\\\/\\\/schema.org\",\"@graph\":[{\"@type\":\"ScholarlyArticle\",\"@id\":\"https:\\\/\\\/webdelmaestrocmf.com\\\/portal\\\/el-calendario-unicef-2025-sobre-los-derechos-de-ninos-y-ninas\\\/#article\",\"isPartOf\":{\"@id\":\"https:\\\/\\\/webdelmaestrocmf.com\\\/portal\\\/el-calendario-unicef-2025-sobre-los-derechos-de-ninos-y-ninas\\\/\"},\"author\":{\"name\":\"Web del Maestro CMF\",\"@id\":\"https:\\\/\\\/webdelmaestrocmf.com\\\/portal\\\/#\\\/schema\\\/person\\\/1072a2ed7bd960df8ef99a551fa35dc5\"},\"headline\":\"El Calendario UNICEF 2025 sobre los derechos de ni\u00f1os y ni\u00f1as\",\"datePublished\":\"2025-02-20T14:53:58+00:00\",\"mainEntityOfPage\":{\"@id\":\"https:\\\/\\\/webdelmaestrocmf.com\\\/portal\\\/el-calendario-unicef-2025-sobre-los-derechos-de-ninos-y-ninas\\\/\"},\"wordCount\":610,\"commentCount\":0,\"publisher\":{\"@id\":\"https:\\\/\\\/webdelmaestrocmf.com\\\/portal\\\/#organization\"},\"image\":{\"@id\":\"https:\\\/\\\/webdelmaestrocmf.com\\\/portal\\\/el-calendario-unicef-2025-sobre-los-derechos-de-ninos-y-ninas\\\/#primaryimage\"},\"thumbnailUrl\":\"https:\\\/\\\/webdelmaestrocmf.com\\\/portal\\\/wp-content\\\/uploads\\\/2025\\\/02\\\/1A-Banner-1-portada-imagen-10-1-86.jpg\",\"keywords\":[\"2025\",\"Calendario\",\"DERECHOS\",\"Ni\u00f1os\",\"UNICEF\"],\"articleSection\":[\"Calendario\",\"Recursos\"],\"inLanguage\":\"es\",\"potentialAction\":[{\"@type\":\"CommentAction\",\"name\":\"Comment\",\"target\":[\"https:\\\/\\\/webdelmaestrocmf.com\\\/portal\\\/el-calendario-unicef-2025-sobre-los-derechos-de-ninos-y-ninas\\\/#respond\"]}]},{\"@type\":\"WebPage\",\"@id\":\"https:\\\/\\\/webdelmaestrocmf.com\\\/portal\\\/el-calendario-unicef-2025-sobre-los-derechos-de-ninos-y-ninas\\\/\",\"url\":\"https:\\\/\\\/webdelmaestrocmf.com\\\/portal\\\/el-calendario-unicef-2025-sobre-los-derechos-de-ninos-y-ninas\\\/\",\"name\":\"El Calendario UNICEF 2025 sobre los derechos de ni\u00f1os y ni\u00f1as - 2026\",\"isPartOf\":{\"@id\":\"https:\\\/\\\/webdelmaestrocmf.com\\\/portal\\\/#website\"},\"primaryImageOfPage\":{\"@id\":\"https:\\\/\\\/webdelmaestrocmf.com\\\/portal\\\/el-calendario-unicef-2025-sobre-los-derechos-de-ninos-y-ninas\\\/#primaryimage\"},\"image\":{\"@id\":\"https:\\\/\\\/webdelmaestrocmf.com\\\/portal\\\/el-calendario-unicef-2025-sobre-los-derechos-de-ninos-y-ninas\\\/#primaryimage\"},\"thumbnailUrl\":\"https:\\\/\\\/webdelmaestrocmf.com\\\/portal\\\/wp-content\\\/uploads\\\/2025\\\/02\\\/1A-Banner-1-portada-imagen-10-1-86.jpg\",\"datePublished\":\"2025-02-20T14:53:58+00:00\",\"description\":\"Comunidad de Maestros, Docentes y Profesores, en donde encontrar\u00e1s material, informaci\u00f3n y notiCada a\u00f1o, UNICEF presenta su calendario...\",\"breadcrumb\":{\"@id\":\"https:\\\/\\\/webdelmaestrocmf.com\\\/portal\\\/el-calendario-unicef-2025-sobre-los-derechos-de-ninos-y-ninas\\\/#breadcrumb\"},\"inLanguage\":\"es\",\"potentialAction\":[{\"@type\":\"ReadAction\",\"target\":[\"https:\\\/\\\/webdelmaestrocmf.com\\\/portal\\\/el-calendario-unicef-2025-sobre-los-derechos-de-ninos-y-ninas\\\/\"]}]},{\"@type\":\"ImageObject\",\"inLanguage\":\"es\",\"@id\":\"https:\\\/\\\/webdelmaestrocmf.com\\\/portal\\\/el-calendario-unicef-2025-sobre-los-derechos-de-ninos-y-ninas\\\/#primaryimage\",\"url\":\"https:\\\/\\\/webdelmaestrocmf.com\\\/portal\\\/wp-content\\\/uploads\\\/2025\\\/02\\\/1A-Banner-1-portada-imagen-10-1-86.jpg\",\"contentUrl\":\"https:\\\/\\\/webdelmaestrocmf.com\\\/portal\\\/wp-content\\\/uploads\\\/2025\\\/02\\\/1A-Banner-1-portada-imagen-10-1-86.jpg\",\"width\":1024,\"height\":1024},{\"@type\":\"BreadcrumbList\",\"@id\":\"https:\\\/\\\/webdelmaestrocmf.com\\\/portal\\\/el-calendario-unicef-2025-sobre-los-derechos-de-ninos-y-ninas\\\/#breadcrumb\",\"itemListElement\":[{\"@type\":\"ListItem\",\"position\":1,\"name\":\"Portada\",\"item\":\"https:\\\/\\\/webdelmaestrocmf.com\\\/portal\\\/\"},{\"@type\":\"ListItem\",\"position\":2,\"name\":\"Recursos\",\"item\":\"https:\\\/\\\/webdelmaestrocmf.com\\\/portal\\\/category\\\/pedagogia\\\/\"},{\"@type\":\"ListItem\",\"position\":3,\"name\":\"El Calendario UNICEF 2025 sobre los derechos de ni\u00f1os y ni\u00f1as\"}]},{\"@type\":\"WebSite\",\"@id\":\"https:\\\/\\\/webdelmaestrocmf.com\\\/portal\\\/#website\",\"url\":\"https:\\\/\\\/webdelmaestrocmf.com\\\/portal\\\/\",\"name\":\"Web del Maestro CMF\",\"description\":\"Maestros al servicio de la educaci\u00f3n\",\"publisher\":{\"@id\":\"https:\\\/\\\/webdelmaestrocmf.com\\\/portal\\\/#organization\"},\"alternateName\":\"WMCMF\",\"potentialAction\":[{\"@type\":\"SearchAction\",\"target\":{\"@type\":\"EntryPoint\",\"urlTemplate\":\"https:\\\/\\\/webdelmaestrocmf.com\\\/portal\\\/?s={search_term_string}\"},\"query-input\":{\"@type\":\"PropertyValueSpecification\",\"valueRequired\":true,\"valueName\":\"search_term_string\"}}],\"inLanguage\":\"es\"},{\"@type\":\"Organization\",\"@id\":\"https:\\\/\\\/webdelmaestrocmf.com\\\/portal\\\/#organization\",\"name\":\"Web del Maestro CMF\",\"alternateName\":\"WMCMF\",\"url\":\"https:\\\/\\\/webdelmaestrocmf.com\\\/portal\\\/\",\"logo\":{\"@type\":\"ImageObject\",\"inLanguage\":\"es\",\"@id\":\"https:\\\/\\\/webdelmaestrocmf.com\\\/portal\\\/#\\\/schema\\\/logo\\\/image\\\/\",\"url\":\"https:\\\/\\\/webdelmaestrocmf.com\\\/portal\\\/wp-content\\\/uploads\\\/2023\\\/01\\\/logo-wmcmf-2.png\",\"contentUrl\":\"https:\\\/\\\/webdelmaestrocmf.com\\\/portal\\\/wp-content\\\/uploads\\\/2023\\\/01\\\/logo-wmcmf-2.png\",\"width\":200,\"height\":60,\"caption\":\"Web del Maestro CMF\"},\"image\":{\"@id\":\"https:\\\/\\\/webdelmaestrocmf.com\\\/portal\\\/#\\\/schema\\\/logo\\\/image\\\/\"},\"sameAs\":[\"https:\\\/\\\/www.facebook.com\\\/WebdelMaestroCMF\\\/\",\"https:\\\/\\\/x.com\\\/cmf_w\",\"https:\\\/\\\/www.pinterest.com\\\/WMCMF\\\/\",\"https:\\\/\\\/www.linkedin.com\\\/company\\\/web-del-maestro-cmf\\\/\",\"https:\\\/\\\/www.instagram.com\\\/wmcmf\\\/\",\"https:\\\/\\\/www.youtube.com\\\/channel\\\/UCDPSvjbdodE5sHnC3OxutHw\",\"https:\\\/\\\/mastodon.social\\\/@wmcmf\",\"https:\\\/\\\/www.tiktok.com\\\/@webdelmaestrocmf\"]},{\"@type\":\"Person\",\"@id\":\"https:\\\/\\\/webdelmaestrocmf.com\\\/portal\\\/#\\\/schema\\\/person\\\/1072a2ed7bd960df8ef99a551fa35dc5\",\"name\":\"Web del Maestro CMF\",\"image\":{\"@type\":\"ImageObject\",\"inLanguage\":\"es\",\"@id\":\"https:\\\/\\\/secure.gravatar.com\\\/avatar\\\/23291dd5b5ae1077dcff3dbb04c3e02bd28403fa75af6d8787d5e97c5bbbe30b?s=96&d=mm&r=g\",\"url\":\"https:\\\/\\\/secure.gravatar.com\\\/avatar\\\/23291dd5b5ae1077dcff3dbb04c3e02bd28403fa75af6d8787d5e97c5bbbe30b?s=96&d=mm&r=g\",\"contentUrl\":\"https:\\\/\\\/secure.gravatar.com\\\/avatar\\\/23291dd5b5ae1077dcff3dbb04c3e02bd28403fa75af6d8787d5e97c5bbbe30b?s=96&d=mm&r=g\",\"caption\":\"Web del Maestro CMF\"},\"description\":\"Esta Web se cre\u00f3 sin fines de lucro, con fines educativos, cient\u00edficos y acad\u00e9micos, para personas que tengan dificultades y\\\/o inconvenientes en visualizar el material original. El objetivo es entregar recursos, compartir experiencias y materiales que ayuden a los padres de familia, maestros y estudiantes en su actualizaci\u00f3n y formaci\u00f3n permanente, en bien de la Educaci\u00f3n.\",\"sameAs\":[\"http:\\\/\\\/webdelmaestrocmf.com\\\/portal\",\"https:\\\/\\\/www.facebook.com\\\/WebdelMaestroCMF\\\/\",\"https:\\\/\\\/www.instagram.com\\\/wmcmf\\\/\",\"https:\\\/\\\/cl.linkedin.com\\\/company\\\/web-del-maestro-cmf\",\"https:\\\/\\\/www.pinterest.com\\\/WMCMF\\\/publicaciones\\\/\",\"https:\\\/\\\/x.com\\\/cmf_w\",\"https:\\\/\\\/www.youtube.com\\\/@WMCMF\"]}]}<\/script>\n<!-- \/ Yoast SEO plugin. -->","yoast_head_json":{"title":"El Calendario UNICEF 2025 sobre los derechos de ni\u00f1os y ni\u00f1as - 2026","description":"Comunidad de Maestros, Docentes y Profesores, en donde encontrar\u00e1s material, informaci\u00f3n y notiCada a\u00f1o, UNICEF presenta su calendario...","robots":{"index":"index","follow":"follow","max-snippet":"max-snippet:-1","max-image-preview":"max-image-preview:large","max-video-preview":"max-video-preview:-1"},"canonical":"https:\/\/webdelmaestrocmf.com\/portal\/el-calendario-unicef-2025-sobre-los-derechos-de-ninos-y-ninas\/","og_locale":"es_ES","og_type":"article","og_title":"El Calendario UNICEF 2025 sobre los derechos de ni\u00f1os y ni\u00f1as - 2026","og_description":"Comunidad de Maestros, Docentes y Profesores, en donde encontrar\u00e1s material, informaci\u00f3n y notiCada a\u00f1o, UNICEF presenta su calendario...","og_url":"https:\/\/webdelmaestrocmf.com\/portal\/el-calendario-unicef-2025-sobre-los-derechos-de-ninos-y-ninas\/","og_site_name":"Web del Maestro CMF","article_publisher":"https:\/\/www.facebook.com\/WebdelMaestroCMF\/","article_author":"https:\/\/www.facebook.com\/WebdelMaestroCMF\/","article_published_time":"2025-02-20T14:53:58+00:00","og_image":[{"width":1024,"height":1024,"url":"https:\/\/webdelmaestrocmf.com\/portal\/wp-content\/uploads\/2025\/02\/1A-Banner-1-portada-imagen-10-1-86.jpg","type":"image\/jpeg"}],"author":"Web del Maestro CMF","twitter_card":"summary_large_image","twitter_creator":"@cmf_w","twitter_site":"@cmf_w","schema":{"@context":"https:\/\/schema.org","@graph":[{"@type":"ScholarlyArticle","@id":"https:\/\/webdelmaestrocmf.com\/portal\/el-calendario-unicef-2025-sobre-los-derechos-de-ninos-y-ninas\/#article","isPartOf":{"@id":"https:\/\/webdelmaestrocmf.com\/portal\/el-calendario-unicef-2025-sobre-los-derechos-de-ninos-y-ninas\/"},"author":{"name":"Web del Maestro CMF","@id":"https:\/\/webdelmaestrocmf.com\/portal\/#\/schema\/person\/1072a2ed7bd960df8ef99a551fa35dc5"},"headline":"El Calendario UNICEF 2025 sobre los derechos de ni\u00f1os y ni\u00f1as","datePublished":"2025-02-20T14:53:58+00:00","mainEntityOfPage":{"@id":"https:\/\/webdelmaestrocmf.com\/portal\/el-calendario-unicef-2025-sobre-los-derechos-de-ninos-y-ninas\/"},"wordCount":610,"commentCount":0,"publisher":{"@id":"https:\/\/webdelmaestrocmf.com\/portal\/#organization"},"image":{"@id":"https:\/\/webdelmaestrocmf.com\/portal\/el-calendario-unicef-2025-sobre-los-derechos-de-ninos-y-ninas\/#primaryimage"},"thumbnailUrl":"https:\/\/webdelmaestrocmf.com\/portal\/wp-content\/uploads\/2025\/02\/1A-Banner-1-portada-imagen-10-1-86.jpg","keywords":["2025","Calendario","DERECHOS","Ni\u00f1os","UNICEF"],"articleSection":["Calendario","Recursos"],"inLanguage":"es","potentialAction":[{"@type":"CommentAction","name":"Comment","target":["https:\/\/webdelmaestrocmf.com\/portal\/el-calendario-unicef-2025-sobre-los-derechos-de-ninos-y-ninas\/#respond"]}]},{"@type":"WebPage","@id":"https:\/\/webdelmaestrocmf.com\/portal\/el-calendario-unicef-2025-sobre-los-derechos-de-ninos-y-ninas\/","url":"https:\/\/webdelmaestrocmf.com\/portal\/el-calendario-unicef-2025-sobre-los-derechos-de-ninos-y-ninas\/","name":"El Calendario UNICEF 2025 sobre los derechos de ni\u00f1os y ni\u00f1as - 2026","isPartOf":{"@id":"https:\/\/webdelmaestrocmf.com\/portal\/#website"},"primaryImageOfPage":{"@id":"https:\/\/webdelmaestrocmf.com\/portal\/el-calendario-unicef-2025-sobre-los-derechos-de-ninos-y-ninas\/#primaryimage"},"image":{"@id":"https:\/\/webdelmaestrocmf.com\/portal\/el-calendario-unicef-2025-sobre-los-derechos-de-ninos-y-ninas\/#primaryimage"},"thumbnailUrl":"https:\/\/webdelmaestrocmf.com\/portal\/wp-content\/uploads\/2025\/02\/1A-Banner-1-portada-imagen-10-1-86.jpg","datePublished":"2025-02-20T14:53:58+00:00","description":"Comunidad de Maestros, Docentes y Profesores, en donde encontrar\u00e1s material, informaci\u00f3n y notiCada a\u00f1o, UNICEF presenta su calendario...","breadcrumb":{"@id":"https:\/\/webdelmaestrocmf.com\/portal\/el-calendario-unicef-2025-sobre-los-derechos-de-ninos-y-ninas\/#breadcrumb"},"inLanguage":"es","potentialAction":[{"@type":"ReadAction","target":["https:\/\/webdelmaestrocmf.com\/portal\/el-calendario-unicef-2025-sobre-los-derechos-de-ninos-y-ninas\/"]}]},{"@type":"ImageObject","inLanguage":"es","@id":"https:\/\/webdelmaestrocmf.com\/portal\/el-calendario-unicef-2025-sobre-los-derechos-de-ninos-y-ninas\/#primaryimage","url":"https:\/\/webdelmaestrocmf.com\/portal\/wp-content\/uploads\/2025\/02\/1A-Banner-1-portada-imagen-10-1-86.jpg","contentUrl":"https:\/\/webdelmaestrocmf.com\/portal\/wp-content\/uploads\/2025\/02\/1A-Banner-1-portada-imagen-10-1-86.jpg","width":1024,"height":1024},{"@type":"BreadcrumbList","@id":"https:\/\/webdelmaestrocmf.com\/portal\/el-calendario-unicef-2025-sobre-los-derechos-de-ninos-y-ninas\/#breadcrumb","itemListElement":[{"@type":"ListItem","position":1,"name":"Portada","item":"https:\/\/webdelmaestrocmf.com\/portal\/"},{"@type":"ListItem","position":2,"name":"Recursos","item":"https:\/\/webdelmaestrocmf.com\/portal\/category\/pedagogia\/"},{"@type":"ListItem","position":3,"name":"El Calendario UNICEF 2025 sobre los derechos de ni\u00f1os y ni\u00f1as"}]},{"@type":"WebSite","@id":"https:\/\/webdelmaestrocmf.com\/portal\/#website","url":"https:\/\/webdelmaestrocmf.com\/portal\/","name":"Web del Maestro CMF","description":"Maestros al servicio de la educaci\u00f3n","publisher":{"@id":"https:\/\/webdelmaestrocmf.com\/portal\/#organization"},"alternateName":"WMCMF","potentialAction":[{"@type":"SearchAction","target":{"@type":"EntryPoint","urlTemplate":"https:\/\/webdelmaestrocmf.com\/portal\/?s={search_term_string}"},"query-input":{"@type":"PropertyValueSpecification","valueRequired":true,"valueName":"search_term_string"}}],"inLanguage":"es"},{"@type":"Organization","@id":"https:\/\/webdelmaestrocmf.com\/portal\/#organization","name":"Web del Maestro CMF","alternateName":"WMCMF","url":"https:\/\/webdelmaestrocmf.com\/portal\/","logo":{"@type":"ImageObject","inLanguage":"es","@id":"https:\/\/webdelmaestrocmf.com\/portal\/#\/schema\/logo\/image\/","url":"https:\/\/webdelmaestrocmf.com\/portal\/wp-content\/uploads\/2023\/01\/logo-wmcmf-2.png","contentUrl":"https:\/\/webdelmaestrocmf.com\/portal\/wp-content\/uploads\/2023\/01\/logo-wmcmf-2.png","width":200,"height":60,"caption":"Web del Maestro CMF"},"image":{"@id":"https:\/\/webdelmaestrocmf.com\/portal\/#\/schema\/logo\/image\/"},"sameAs":["https:\/\/www.facebook.com\/WebdelMaestroCMF\/","https:\/\/x.com\/cmf_w","https:\/\/www.pinterest.com\/WMCMF\/","https:\/\/www.linkedin.com\/company\/web-del-maestro-cmf\/","https:\/\/www.instagram.com\/wmcmf\/","https:\/\/www.youtube.com\/channel\/UCDPSvjbdodE5sHnC3OxutHw","https:\/\/mastodon.social\/@wmcmf","https:\/\/www.tiktok.com\/@webdelmaestrocmf"]},{"@type":"Person","@id":"https:\/\/webdelmaestrocmf.com\/portal\/#\/schema\/person\/1072a2ed7bd960df8ef99a551fa35dc5","name":"Web del Maestro CMF","image":{"@type":"ImageObject","inLanguage":"es","@id":"https:\/\/secure.gravatar.com\/avatar\/23291dd5b5ae1077dcff3dbb04c3e02bd28403fa75af6d8787d5e97c5bbbe30b?s=96&d=mm&r=g","url":"https:\/\/secure.gravatar.com\/avatar\/23291dd5b5ae1077dcff3dbb04c3e02bd28403fa75af6d8787d5e97c5bbbe30b?s=96&d=mm&r=g","contentUrl":"https:\/\/secure.gravatar.com\/avatar\/23291dd5b5ae1077dcff3dbb04c3e02bd28403fa75af6d8787d5e97c5bbbe30b?s=96&d=mm&r=g","caption":"Web del Maestro CMF"},"description":"Esta Web se cre\u00f3 sin fines de lucro, con fines educativos, cient\u00edficos y acad\u00e9micos, para personas que tengan dificultades y\/o inconvenientes en visualizar el material original. El objetivo es entregar recursos, compartir experiencias y materiales que ayuden a los padres de familia, maestros y estudiantes en su actualizaci\u00f3n y formaci\u00f3n permanente, en bien de la Educaci\u00f3n.","sameAs":["http:\/\/webdelmaestrocmf.com\/portal","https:\/\/www.facebook.com\/WebdelMaestroCMF\/","https:\/\/www.instagram.com\/wmcmf\/","https:\/\/cl.linkedin.com\/company\/web-del-maestro-cmf","https:\/\/www.pinterest.com\/WMCMF\/publicaciones\/","https:\/\/x.com\/cmf_w","https:\/\/www.youtube.com\/@WMCMF"]}]}},"jetpack_featured_media_url":"https:\/\/webdelmaestrocmf.com\/portal\/wp-content\/uploads\/2025\/02\/1A-Banner-1-portada-imagen-10-1-86.jpg","jetpack_sharing_enabled":true,"jetpack-related-posts":[{"id":107346,"url":"https:\/\/webdelmaestrocmf.com\/portal\/calendario-2025-una-herramienta-gratuita-y-colorida-para-docentes-y-ninos\/","url_meta":{"origin":108066,"position":0},"title":"Calendario forma de l\u00e1piz 2026: una herramienta gratuita y colorida para docentes y ni\u00f1os","author":"Web del Maestro CMF","date":"28 diciembre, 2025","format":false,"excerpt":"La propuesta de Materual educativo para el a\u00f1o 2026 incluye el hermoso Calendario en forma de l\u00e1piz, una herramienta gratuita dise\u00f1ada especialmente para docentes, padres y ni\u00f1os. Este calendario, modelo 1, destaca por sus ilustraciones vibrantes a todo color, inspiradas en los queridos personajes de la serie infantil Bluey. Ideal\u2026","rel":"","context":"En \u00abDescargas Manuales PDF\u00bb","block_context":{"text":"Descargas Manuales PDF","link":"https:\/\/webdelmaestrocmf.com\/portal\/category\/pedagogia\/descargas-manuales-pdf\/"},"img":{"alt_text":"","src":"https:\/\/i0.wp.com\/webdelmaestrocmf.com\/portal\/wp-content\/uploads\/2025\/12\/1A-Banner-1-portada-imagen-10-1-copia-1-17.webp?resize=350%2C200&ssl=1","width":350,"height":200,"srcset":"https:\/\/i0.wp.com\/webdelmaestrocmf.com\/portal\/wp-content\/uploads\/2025\/12\/1A-Banner-1-portada-imagen-10-1-copia-1-17.webp?resize=350%2C200&ssl=1 1x, https:\/\/i0.wp.com\/webdelmaestrocmf.com\/portal\/wp-content\/uploads\/2025\/12\/1A-Banner-1-portada-imagen-10-1-copia-1-17.webp?resize=525%2C300&ssl=1 1.5x, https:\/\/i0.wp.com\/webdelmaestrocmf.com\/portal\/wp-content\/uploads\/2025\/12\/1A-Banner-1-portada-imagen-10-1-copia-1-17.webp?resize=700%2C400&ssl=1 2x"},"classes":[]},{"id":105656,"url":"https:\/\/webdelmaestrocmf.com\/portal\/abecedario-astronomico-gratuito-de-la-unicef\/","url_meta":{"origin":108066,"position":1},"title":"Abecedario astron\u00f3mico gratuito de la UNICEF","author":"Web del Maestro CMF","date":"22 mayo, 2024","format":false,"excerpt":"La UNICEF ha lanzado una herramienta educativa espacial: el Abecedario Astron\u00f3mico, un recurso gratuito que invita a los ni\u00f1os a embarcarse en un viaje intergal\u00e1ctico por el conocimiento. Cada letra del alfabeto se asocia con una imagen de un objeto celestial, desde la majestuosidad de un agujero negro hasta el\u2026","rel":"","context":"En \u00abCalendario\u00bb","block_context":{"text":"Calendario","link":"https:\/\/webdelmaestrocmf.com\/portal\/category\/pedagogia\/calendario\/"},"img":{"alt_text":"","src":"https:\/\/i0.wp.com\/webdelmaestrocmf.com\/portal\/wp-content\/uploads\/2024\/05\/Banner-1-portada-imagen-10-1-2024-05-22T121551.636.jpg?resize=350%2C200&ssl=1","width":350,"height":200,"srcset":"https:\/\/i0.wp.com\/webdelmaestrocmf.com\/portal\/wp-content\/uploads\/2024\/05\/Banner-1-portada-imagen-10-1-2024-05-22T121551.636.jpg?resize=350%2C200&ssl=1 1x, https:\/\/i0.wp.com\/webdelmaestrocmf.com\/portal\/wp-content\/uploads\/2024\/05\/Banner-1-portada-imagen-10-1-2024-05-22T121551.636.jpg?resize=525%2C300&ssl=1 1.5x, https:\/\/i0.wp.com\/webdelmaestrocmf.com\/portal\/wp-content\/uploads\/2024\/05\/Banner-1-portada-imagen-10-1-2024-05-22T121551.636.jpg?resize=700%2C400&ssl=1 2x"},"classes":[]},{"id":105974,"url":"https:\/\/webdelmaestrocmf.com\/portal\/calendario-escolar-oficial-del-ciclo-escolar-2024-2025\/","url_meta":{"origin":108066,"position":2},"title":"Calendario escolar oficial del ciclo escolar 2024 \u2013 2025","author":"Web del Maestro CMF","date":"11 junio, 2024","format":false,"excerpt":"Es un placer para nosotros compartir con todos ustedes el Calendario Escolar Oficial del Ciclo Escolar 2024 \u2013 2025, el cual ha sido publicado en el Diario Oficial de la Federaci\u00f3n (DOF). Este calendario es fundamental para la organizaci\u00f3n y planificaci\u00f3n de nuestras actividades educativas durante el pr\u00f3ximo a\u00f1o escolar.\u2026","rel":"","context":"En \u00abCalendario\u00bb","block_context":{"text":"Calendario","link":"https:\/\/webdelmaestrocmf.com\/portal\/category\/pedagogia\/calendario\/"},"img":{"alt_text":"","src":"https:\/\/i0.wp.com\/webdelmaestrocmf.com\/portal\/wp-content\/uploads\/2024\/06\/Banner-1-portada-imagen-10-1-2024-06-11T114426.418.jpg?resize=350%2C200&ssl=1","width":350,"height":200,"srcset":"https:\/\/i0.wp.com\/webdelmaestrocmf.com\/portal\/wp-content\/uploads\/2024\/06\/Banner-1-portada-imagen-10-1-2024-06-11T114426.418.jpg?resize=350%2C200&ssl=1 1x, https:\/\/i0.wp.com\/webdelmaestrocmf.com\/portal\/wp-content\/uploads\/2024\/06\/Banner-1-portada-imagen-10-1-2024-06-11T114426.418.jpg?resize=525%2C300&ssl=1 1.5x, https:\/\/i0.wp.com\/webdelmaestrocmf.com\/portal\/wp-content\/uploads\/2024\/06\/Banner-1-portada-imagen-10-1-2024-06-11T114426.418.jpg?resize=700%2C400&ssl=1 2x"},"classes":[]},{"id":102014,"url":"https:\/\/webdelmaestrocmf.com\/portal\/calendario-para-ninos-de-harry-potter\/","url_meta":{"origin":108066,"position":3},"title":"Calendario para ni\u00f1os de Harry Potter","author":"Web del Maestro CMF","date":"1 enero, 2024","format":false,"excerpt":"Si eres un apasionado fan\u00e1tico del universo de Harry Potter, est\u00e1s de enhorabuena. Nos complace presentarte un regalo m\u00e1gico: el Calendario de Harry Potter 2024, dise\u00f1ado con esmero y dedicaci\u00f3n para satisfacer los gustos m\u00e1s exigentes de los seguidores de esta ic\u00f3nica saga. En este calendario, no solo encontrar\u00e1s los\u2026","rel":"","context":"En \u00abCalendario\u00bb","block_context":{"text":"Calendario","link":"https:\/\/webdelmaestrocmf.com\/portal\/category\/pedagogia\/calendario\/"},"img":{"alt_text":"Calendario","src":"https:\/\/i0.wp.com\/webdelmaestrocmf.com\/portal\/wp-content\/uploads\/2024\/01\/A12B3C4D-1.jpg?resize=350%2C200&ssl=1","width":350,"height":200,"srcset":"https:\/\/i0.wp.com\/webdelmaestrocmf.com\/portal\/wp-content\/uploads\/2024\/01\/A12B3C4D-1.jpg?resize=350%2C200&ssl=1 1x, https:\/\/i0.wp.com\/webdelmaestrocmf.com\/portal\/wp-content\/uploads\/2024\/01\/A12B3C4D-1.jpg?resize=525%2C300&ssl=1 1.5x, https:\/\/i0.wp.com\/webdelmaestrocmf.com\/portal\/wp-content\/uploads\/2024\/01\/A12B3C4D-1.jpg?resize=700%2C400&ssl=1 2x"},"classes":[]},{"id":84060,"url":"https:\/\/webdelmaestrocmf.com\/portal\/juegos-para-ensenar-a-los-ninos-los-dias-de-la-semana-y-los-meses-del-ano\/","url_meta":{"origin":108066,"position":4},"title":"Actividades para aprender los d\u00edas de la semana y meses del a\u00f1o","author":"Web del Maestro CMF","date":"9 febrero, 2023","format":false,"excerpt":"En el fascinante mundo del aprendizaje, la creatividad y la diversi\u00f3n se entrelazan para hacer que la absorci\u00f3n de conocimientos sea una experiencia memorable. Cuando se trata de ense\u00f1ar conceptos como los d\u00edas de la semana y los meses del a\u00f1o, los juegos se convierten en aliados valiosos. Estos no\u2026","rel":"","context":"En \u00abDescargas Manuales PDF\u00bb","block_context":{"text":"Descargas Manuales PDF","link":"https:\/\/webdelmaestrocmf.com\/portal\/category\/pedagogia\/descargas-manuales-pdf\/"},"img":{"alt_text":"d\u00edas de la semana y los meses del a\u00f1o","src":"https:\/\/i0.wp.com\/webdelmaestrocmf.com\/portal\/wp-content\/uploads\/2023\/02\/Banner-1-portada-imagen-10-1-21.jpg?resize=350%2C200&ssl=1","width":350,"height":200,"srcset":"https:\/\/i0.wp.com\/webdelmaestrocmf.com\/portal\/wp-content\/uploads\/2023\/02\/Banner-1-portada-imagen-10-1-21.jpg?resize=350%2C200&ssl=1 1x, https:\/\/i0.wp.com\/webdelmaestrocmf.com\/portal\/wp-content\/uploads\/2023\/02\/Banner-1-portada-imagen-10-1-21.jpg?resize=525%2C300&ssl=1 1.5x, https:\/\/i0.wp.com\/webdelmaestrocmf.com\/portal\/wp-content\/uploads\/2023\/02\/Banner-1-portada-imagen-10-1-21.jpg?resize=700%2C400&ssl=1 2x"},"classes":[]},{"id":114085,"url":"https:\/\/webdelmaestrocmf.com\/portal\/estudio-de-unicef-revela-que-padres-y-madres-recurren-a-la-violencia-porque-carecen-de-apoyo-y-de-herramientas-para-ejercer-una-crianza-positiva\/","url_meta":{"origin":108066,"position":5},"title":"Estudio de UNICEF revela que padres y madres recurren a la violencia porque carecen de apoyo y de herramientas para ejercer una crianza positiva","author":"Web del Maestro CMF","date":"15 diciembre, 2025","format":false,"excerpt":"Investigaci\u00f3n entrega informaci\u00f3n sobre el rol que cumplen los conocimientos, actitudes y pr\u00e1cticas de los cuidadores en la prevenci\u00f3n de violencia","rel":"","context":"En \u00abNoticias Internacionales\u00bb","block_context":{"text":"Noticias Internacionales","link":"https:\/\/webdelmaestrocmf.com\/portal\/category\/noticias-internacionales\/"},"img":{"alt_text":"","src":"https:\/\/i0.wp.com\/webdelmaestrocmf.com\/portal\/wp-content\/uploads\/2025\/12\/1A-Banner-1-portada-imagen-10-1-copia-4.jpg?resize=350%2C200&ssl=1","width":350,"height":200,"srcset":"https:\/\/i0.wp.com\/webdelmaestrocmf.com\/portal\/wp-content\/uploads\/2025\/12\/1A-Banner-1-portada-imagen-10-1-copia-4.jpg?resize=350%2C200&ssl=1 1x, https:\/\/i0.wp.com\/webdelmaestrocmf.com\/portal\/wp-content\/uploads\/2025\/12\/1A-Banner-1-portada-imagen-10-1-copia-4.jpg?resize=525%2C300&ssl=1 1.5x, https:\/\/i0.wp.com\/webdelmaestrocmf.com\/portal\/wp-content\/uploads\/2025\/12\/1A-Banner-1-portada-imagen-10-1-copia-4.jpg?resize=700%2C400&ssl=1 2x"},"classes":[]}],"_links":{"self":[{"href":"https:\/\/webdelmaestrocmf.com\/portal\/wp-json\/wp\/v2\/posts\/108066","targetHints":{"allow":["GET"]}}],"collection":[{"href":"https:\/\/webdelmaestrocmf.com\/portal\/wp-json\/wp\/v2\/posts"}],"about":[{"href":"https:\/\/webdelmaestrocmf.com\/portal\/wp-json\/wp\/v2\/types\/post"}],"author":[{"embeddable":true,"href":"https:\/\/webdelmaestrocmf.com\/portal\/wp-json\/wp\/v2\/users\/1"}],"replies":[{"embeddable":true,"href":"https:\/\/webdelmaestrocmf.com\/portal\/wp-json\/wp\/v2\/comments?post=108066"}],"version-history":[{"count":1,"href":"https:\/\/webdelmaestrocmf.com\/portal\/wp-json\/wp\/v2\/posts\/108066\/revisions"}],"predecessor-version":[{"id":108068,"href":"https:\/\/webdelmaestrocmf.com\/portal\/wp-json\/wp\/v2\/posts\/108066\/revisions\/108068"}],"wp:featuredmedia":[{"embeddable":true,"href":"https:\/\/webdelmaestrocmf.com\/portal\/wp-json\/wp\/v2\/media\/108067"}],"wp:attachment":[{"href":"https:\/\/webdelmaestrocmf.com\/portal\/wp-json\/wp\/v2\/media?parent=108066"}],"wp:term":[{"taxonomy":"category","embeddable":true,"href":"https:\/\/webdelmaestrocmf.com\/portal\/wp-json\/wp\/v2\/categories?post=108066"},{"taxonomy":"post_tag","embeddable":true,"href":"https:\/\/webdelmaestrocmf.com\/portal\/wp-json\/wp\/v2\/tags?post=108066"}],"curies":[{"name":"wp","href":"https:\/\/api.w.org\/{rel}","templated":true}]}}