{"id":107799,"date":"2025-02-01T21:21:27","date_gmt":"2025-02-02T00:21:27","guid":{"rendered":"https:\/\/webdelmaestrocmf.com\/portal\/?p=107799"},"modified":"2025-07-19T19:40:23","modified_gmt":"2025-07-19T23:40:23","slug":"la-inteligencia-humana-vs-inteligencia-artificial-nadie-reemplazara-al-maestro","status":"publish","type":"post","link":"https:\/\/webdelmaestrocmf.com\/portal\/la-inteligencia-humana-vs-inteligencia-artificial-nadie-reemplazara-al-maestro\/","title":{"rendered":"La inteligencia humana VS inteligencia artificial: nadie reemplazar\u00e1 al Maestro\u00a0"},"content":{"rendered":"<p style=\"text-align: justify;\">La inteligencia en la IA ha evolucionado con el tiempo, tomando ideas de varias disciplinas. Un punto clave fue en 1956, cuando John McCarthy organiz\u00f3 un congreso en Dartmouth y defini\u00f3 la IA como <strong>la capacidad de una m\u00e1quina para mostrar un comportamiento inteligente similar al humano.<\/strong> Desde entonces, la IA ha avanzado r\u00e1pidamente, desarrollando sistemas capaces de realizar tareas espec\u00edficas como traducci\u00f3n, predicci\u00f3n clim\u00e1tica y an\u00e1lisis de datos.<!--more--><\/p>\n<p style=\"text-align: justify;\">La mayor\u00eda de los sistemas actuales, basados \u200b\u200ben aprendizaje autom\u00e1tico, <strong>analizan grandes vol\u00famenes de datos para identificar patrones y hacer predicciones.<\/strong> Aunque la IA \u00abd\u00e9bil\u00bb solo ejecuta tareas concretas, algunos investigadores buscan desarrollar una <strong>\u00abInteligencia Artificial General\u00bb<\/strong> que pueda igualar la capacidad cognitiva humana. Sin embargo, existe un debate sobre si la IA podr\u00eda superar la inteligencia humana y qu\u00e9 impacto tendr\u00eda en la sociedad, especialmente en la tarea de los docentes y en los planes y programas de los sistemas educativos.<\/p>\n<h2 style=\"text-align: left;\"><strong>Uso de la IA mejorar\u00e1 las clases<\/strong><\/h2>\n<p style=\"text-align: center;\"><iframe loading=\"lazy\" style=\"border: none; overflow: hidden;\" src=\"https:\/\/www.facebook.com\/plugins\/video.php?height=476&amp;href=https%3A%2F%2Fwww.facebook.com%2FMC.Podcast.Educativos%2Fvideos%2F478011215286788%2F&amp;show_text=false&amp;width=357&amp;t=0\" width=\"357\" height=\"476\" frameborder=\"0\" scrolling=\"no\" allowfullscreen=\"allowfullscreen\"><\/iframe><\/p>\n<p style=\"text-align: justify;\">A pesar de sus capacidades avanzadas, <strong>la IA no piensa como los humanos<\/strong>, ya que su inteligencia es funcional y no abarca aspectos como la creatividad, la emoci\u00f3n o la moral. Esto resalta la diferencia entre la inteligencia humana y la artificial, influyendo en c\u00f3mo se entiende su papel en la sociedad y la tecnolog\u00eda, y de manera directa c\u00f3mo est\u00e1 introduci\u00e9ndose en las aulas y obligando a los profesores a actualizarse a una velocidad que hace unos a\u00f1os no era tan necesaria.<\/p>\n<p style=\"text-align: justify;\">Por lo tanto, \u201c<strong>la inteligencia humana<\/strong> se muestra m\u00e1s claramente como una <strong>facultad que es parte integrante del modo en el que toda la persona se involucra en la realidad.<\/strong> Un aut\u00e9ntico involucrarse implica abarcar la totalidad del ser: espiritual, cognitivo, corporal y relacional. Y que la Educaci\u00f3n debe considerar en todos sus planes y programas a futuro. La UNESCO exige intr\u00ednsecamente un enfoque de la IA, pero sin olvidar que debe estar centrado en el ser humano. \u201c<em>Su objetivo es incluir el papel desempe\u00f1ado por la IA en la soluci\u00f3n de las desigualdades actuales en materia de acceso al conocimiento, la investigaci\u00f3n y la diversidad de las expresiones culturales, y garantizar que la IA no se ampl\u00ede la brecha tecnol\u00f3gica dentro de los pa\u00edses y entre ellos. La promesa de la \u201cIA para todos\u201d debe permitir que cada cual pueda sacar provecho de la revoluci\u00f3n tecnol\u00f3gica en curso y acceder a sus frutos, fundamentalmente en t\u00e9rminos de innovaciones y conocimientos.\u201d<\/em><\/p>\n<p style=\"text-align: justify;\">Este inter\u00e9s al afrontar la realidad <strong>se manifiesta de varios modos<\/strong>, en cuanto que cada persona, en su unicidad multiforme, busca <strong>comprender el mundo, se relaciona con los otros, resuelve problemas, expresa su creatividad y busca el bienestar integral a trav\u00e9s de la sinergia de las diferentes dimensiones de la inteligencia<\/strong>. Esto implica capacidades l\u00f3gicas y ling\u00fc\u00edsticas, pero tambi\u00e9n puede incluir otras formas de interactuar con la realidad. Pensemos en <strong>el trabajo del artesano<\/strong>, que \u00abdebe ser capaz de discernir en la materia inerte una forma particular que los dem\u00e1s no pueden reconocer\u00bb y sacarla a la luz a trav\u00e9s de su intuici\u00f3n y experiencia. <strong>Los pueblos ind\u00edgenas<\/strong>, que viven cerca de la tierra, suelen tener un profundo sentido de la naturaleza y sus ciclos. Del mismo modo, <strong>el amigo que sabe encontrar la palabra adecuada<\/strong> o la persona que sabe <strong>gestionar bien las relaciones humanas<\/strong> ejemplifican una inteligencia que es \u00abproducto de la reflexi\u00f3n, del di\u00e1logo y del encuentro generoso entre las personas\u00bb [lo que nos obliga a tener en cuenta que] \u00aben el tiempo de la inteligencia artificial no podemos olvidar que para salvar lo humano hacen falta la poes\u00eda y el amor\u00bb.<\/p>\n<p style=\"text-align: justify;\"><strong>Art\u00edculo relacionado:\u00a0<\/strong><a href=\"https:\/\/webdelmaestrocmf.com\/portal\/cuidado-los-errores-mas-comunes-al-usar-la-inteligencia-artificial-en-la-ensenanza-y-como-evitarlos\/\" target=\"_top\">\u00a1Cuidado! Los errores m\u00e1s comunes al usar la Inteligencia Artificial en la ense\u00f1anza, y c\u00f3mo evitarlos<\/a><\/p>\n<p style=\"text-align: justify;\"><strong>La inteligencia humana no se limita a acumular conocimientos o realizar tareas, sino que busca comprender la vida en su totalidad,<\/strong> orient\u00e1ndose hacia la verdad y la bondad, m\u00e1s all\u00e1 de cualquier utilidad pr\u00e1ctica. (cf ANTIQUA ET NOVA, 26-29).<\/p>\n<h2 style=\"text-align: left;\"><strong>La inteligencia humana y la IA son esencialmente diferentes<\/strong><\/h2>\n<p style=\"text-align: justify;\">Mientras que <strong>la IA es una herramienta poderosa para procesar datos<\/strong>, resolver problemas y mejorar la colaboraci\u00f3n interdisciplinaria, su capacidad se limita al \u00e1mbito l\u00f3gico-matem\u00e1tico. <strong>No puede experimentar el crecimiento org\u00e1nico ni las vivencias emocionales y sensoriales<\/strong> que moldean el desarrollo humano.<\/p>\n<p style=\"text-align: justify;\">Aunque la IA <strong>puede imitar algunas funciones del pensamiento humano<\/strong>, <strong>carece de discernimiento moral y de la capacidad de establecer relaciones aut\u00e9nticas.<\/strong> La inteligencia humana abarca dimensiones f\u00edsicas, emocionales, sociales y espirituales, lo que permite una comprensi\u00f3n profunda de la realidad, algo imposible para la IA, que <strong>solo opera con datos. <\/strong>Y esto debe interesarnos a los profesores de manera especial, sobre todo al elaborar las tareas en equipo o que demande la reflexi\u00f3n personal del estudiante.<\/p>\n<p style=\"text-align: justify;\"><strong>Equipar la IA a la inteligencia humana puede llevar a una visi\u00f3n funcionalista de la persona, reduciendo su valor a sus capacidades y logros.<\/strong> Sin embargo, la dignidad humana es inherente y no depende de su rendimiento.<\/p>\n<p style=\"text-align: justify;\">Es preciso remarcar en las aulas que la IA no es una forma de inteligencia, sino un producto de ella, y su desarrollo debe guiarse por principios \u00e9ticos que protejan la esencia y los derechos humanos. <strong>El pensamiento cr\u00edtico es vital<\/strong> para no dar con verdadero todo o que aparece en las redes sociales.<\/p>\n<p style=\"text-align: justify;\"><strong>Art\u00edculos relacionados:<\/strong><\/p>\n<ul>\n<li class=\"wp-embed-heading\"><a href=\"https:\/\/webdelmaestrocmf.com\/portal\/docencia-en-la-era-de-la-inteligencia-artificial-descarga-el-manual-para-docentes\/\" target=\"_top\">Docencia en la Era de la Inteligencia Artificial: descarga el manual para docentes<\/a><\/li>\n<li class=\"wp-embed-heading\"><a href=\"https:\/\/webdelmaestrocmf.com\/portal\/kai-fu-lee-si-se-integra-la-inteligencia-artificial-en-las-aulas-el-profesor-podria-ahorrar-hasta-un-cuarenta-o-un-cincuenta-por-ciento-de-su-tiempo\/\" target=\"_top\">Kai Fu Lee: Si se integra la inteligencia artificial en las aulas, el profesor podr\u00eda ahorrar hasta un cuarenta o un cincuenta por ciento de su tiempo<\/a><\/li>\n<\/ul>\n<p style=\"text-align: justify;\"><strong>La tecnolog\u00eda ha mejorado muchas \u00e1reas de la vida humana<\/strong>, pero no todo avance es sin\u00f3nimo de verdadero progreso. En el caso de la inteligencia artificial (IA), <strong>su impacto depende del uso que le den los seres humanos<\/strong>, quienes son los \u00fanicos agentes morales responsables. La IA debe ser dise\u00f1ada y empleada con criterios \u00e9ticos, ya que <strong>puede servir tanto para el bien como para el mal.<\/strong> No solo los fines, sino tambi\u00e9n los medios y la visi\u00f3n global que gu\u00eda su desarrollo, deben evaluarse para garantizar que respetan la dignidad humana y el bien com\u00fan.<\/p>\n<p style=\"text-align: justify;\"><strong>La inteligencia humana es clave no solo en la creaci\u00f3n de la IA, sino en su uso responsable,<\/strong> lo que requiere una gesti\u00f3n sabia en todos los niveles de la sociedad, guiada por principios \u00e9ticos y de justicia. Esto nos exige tener profesores que manejen la IA y la tecnolog\u00eda digital tanto o mejor que sus estudiantes, Aunque la IA tambi\u00e9n ha demostrado ser una <strong>herramienta poderosa para mejorar el desarrollo profesional docente<\/strong>, pues es muy \u00fatil para analizar los contenidos acad\u00e9mico en el aula y ofrecer retroalimentaci\u00f3n personalizada. La reflexi\u00f3n personal del profesor se hace necesaria en su pr\u00e1ctica pedag\u00f3gica y tener la disposici\u00f3n de mejorarla de manera continua.<\/p>\n<h2 style=\"text-align: left;\"><strong>La IA, la educaci\u00f3n y las amenazas de algoritmos dicten el destino de las personas<\/strong><\/h2>\n<p style=\"text-align: justify;\"><strong>\u00a0<\/strong><strong>Entendemos que la educaci\u00f3n no es solo la transmisi\u00f3n de conocimientos, sino la formaci\u00f3n integral de la persona<\/strong> en sus dimensiones intelectual, cultural y espiritual. No se trata solo de llenar la mente de informaci\u00f3n, sino de <strong>desarrollar la raz\u00f3n, el coraz\u00f3n y la acci\u00f3n en armon\u00eda.<\/strong> La relaci\u00f3n entre maestro y alumno es clave en este proceso, ya que el docente no solo ense\u00f1a, sino que inspira y motiva.<\/p>\n<ul>\n<li class=\"wp-embed-heading\"><a href=\"https:\/\/webdelmaestrocmf.com\/portal\/como-las-herramientas-de-video-con-ia-transformaran-la-educacion\/\" target=\"_top\">C\u00f3mo las herramientas de video con IA transformar\u00e1n la educaci\u00f3n<\/a><\/li>\n<\/ul>\n<p style=\"text-align: justify;\">La inteligencia artificial (IA) <strong>puede ser una herramienta \u00fatil en la educaci\u00f3n si se usa con prudencia, mejorando el acceso y personalizaci\u00f3n del aprendizaje.<\/strong> Sin embargo, su uso excesivo puede generar <strong>dependencia tecnol\u00f3gica,<\/strong> <strong>limitar la autonom\u00eda del pensamiento<\/strong> y <strong>dificultar el desarrollo del pensamiento cr\u00edtico.<\/strong> En lugar de solo proporcionar respuestas, la educaci\u00f3n debe fomentar la reflexi\u00f3n y el discernimiento, por eso es fundamental <strong>garantizar que la informaci\u00f3n proporcionada por estos sistemas sea precisa y no contribuya a la desinformaci\u00f3n.<\/strong> El uso de la IA en educaci\u00f3n debe ser transparente y \u00e9ticamente responsable.<\/p>\n<p style=\"text-align: justify;\">La inteligencia artificial (IA) puede ser una herramienta valiosa para comprender hechos complejos y buscar la verdad, pero tambi\u00e9n puede ser una amenaza a la Verdad, pues <strong>plantea riesgos graves, como la difusi\u00f3n de informaci\u00f3n falsa y la manipulaci\u00f3n mediante deepfakes<\/strong>. Esto puede debilitar la confianza en la sociedad y aumentar la polarizaci\u00f3n. Es necesario un compromiso con la veracidad y <strong>una regulaci\u00f3n adecuada para evitar estos peligros<\/strong>.<\/p>\n<p style=\"text-align: justify;\"><strong>Publicaci\u00f3n relacionada:\u00a0<\/strong><a href=\"https:\/\/webdelmaestrocmf.com\/portal\/cuanto-saben-los-profesores-sobre-los-recursos-educativos-creados-para-despertar-estimulos-rapidos-incesantes-y-crear-potencial-adictivo-parte-i\/\" target=\"_top\">\u00bfCu\u00e1nto saben los profesores sobre los recursos educativos creados para despertar est\u00edmulos r\u00e1pidos, incesantes y crear potencial adictivo? (Parte I)<\/a><\/p>\n<p style=\"text-align: justify;\"><strong>La privacidad <\/strong>es fundamental en la era digital, ya que los datos reflejan la identidad y las relaciones de las personas. La IA no debe utilizarse para el control o la restricci\u00f3n de libertades, sino que <strong>debe garantizarse su uso \u00e9tico y transparente.<\/strong> La vigilancia excesiva y el cr\u00e9dito social <strong>pueden comprometer la dignidad humana<\/strong>, por lo que es esencial <strong>evitar que los algoritmos dicten el destino de las personas sin considerar su capacidad de cambio y crecimiento<\/strong>.<\/p>\n<h2 style=\"text-align: left;\"><strong>Consideraciones finales<\/strong><\/h2>\n<p style=\"text-align: justify;\">De otro lado, <strong>es imprescindible desarrollar soluciones tecnol\u00f3gicas sostenibles y adoptar un enfoque \u00e9tico que priorice el respeto por la naturaleza y la dignidad humana<\/strong>, contribuya a la sostenibilidad del medio ambiente y el consumo medido y racional de los recursos naturales.<\/p>\n<p style=\"text-align: justify;\">La IA debe contribuir a un desarrollo tecnol\u00f3gico responsable, basado en valores y conciencia, <strong>para que el progreso no comprometa la dignidad humana<\/strong>. Finalmente, la clave es preguntarse si la humanidad mejora con estos avances, volvi\u00e9ndose m\u00e1s solidaria y consciente de su responsabilidad hacia los dem\u00e1s.<\/p>\n<p style=\"text-align: justify;\">Es fundamental <strong>evaluar cr\u00edticamente el impacto de la IA y garantizar que su uso promueva el bien com\u00fan.<\/strong> Esto requiere la participaci\u00f3n de todos los sectores de la sociedad para que la tecnolog\u00eda sirva al bienestar general sin reemplazar la inteligencia humana. Y uno de los espacios m\u00e1s importantes es la Educaci\u00f3n, para advertir<strong> el riesgo del \u00abreduccionismo digital\u00bb,<\/strong> que podr\u00eda hacer que las personas dependan \u00fanicamente de lo que las m\u00e1quinas pueden ofrecer.<\/p>\n<p style=\"text-align: left;\"><strong>Nadie Reemplazar\u00e1 al Maestro\u00a0<\/strong><\/p>\n<p style=\"text-align: center;\"><iframe loading=\"lazy\" style=\"border: none; overflow: hidden;\" src=\"https:\/\/www.facebook.com\/plugins\/video.php?height=476&amp;href=https%3A%2F%2Fwww.facebook.com%2FMC.Podcast.Educativos%2Fvideos%2F1758105771593560%2F&amp;show_text=false&amp;width=476&amp;t=0\" width=\"476\" height=\"476\" frameborder=\"0\" scrolling=\"no\" allowfullscreen=\"allowfullscreen\"><\/iframe><\/p>\n<p style=\"text-align: justify;\">La IA <strong>debe ser una herramienta complementaria<\/strong>, sin sustituir la riqueza de la experiencia humana. Para afrontar estos desaf\u00edos, es necesario fortalecer la formaci\u00f3n inicial docente, la actualizaci\u00f3n permanente de los profesores y el di\u00e1logo entre todos los agentes del proceso ense\u00f1anza \u2013 aprendizaje sobre los valores que nos hacen verdaderamente humanos.<\/p>\n<p style=\"text-align: justify;\">(<em>Este art\u00edculo tiene como fuente el documento: \u201cNota sobre la relaci\u00f3n entre la inteligencia artificial y la inteligencia humana\u201d ANTIQUA ET NOVA, cuya lectura completa la recomendamos<\/em>).<\/p>\n<p style=\"text-align: right;\"><strong>REDACCI\u00d3N WEB DEL MAESTRO CMF<\/strong><\/p>\n\t\t<div class=\"pk-inline-posts\">\n\t\t\t\n\t\t\t<div class=\"pk-inline-posts-container pk-inline-posts-template-list\"\n\t\t\t\tdata-columns=\"1\">\n\t\t\t\t\t\t<article id=\"post-120744\" class=\"post-120744 post type-post status-publish format-standard has-post-thumbnail category-jamb tag-docencia tag-educacion-2 tag-escuela tag-familia tag-formacion-integral tag-humanismo tag-inteligencia-artificial tag-pensamiento-critico-2 tag-tecnologia-educativa-2 tag-vocacion-docente cs-entry cs-video-wrap\">\n\t\t\t<div class=\"pk-post-outer\">\n\n\t\t\t\t\t\t\t\t<div class=\"pk-post-inner\">\n\t\t\t\t\t<div class=\"entry-thumbnail\">\n\t\t\t\t\t\t<div class=\"pk-overlay pk-overlay-ratio pk-ratio-landscape\">\n\t\t\t\t\t\t\t<div class=\"pk-overlay-background\">\n\t\t\t\t\t\t\t\t<a href=\"https:\/\/webdelmaestrocmf.com\/portal\/gracias-maestro-por-dar-rostro-humano-a-la-educacion-en-la-era-digital\/\" class=\"pk-overlay-link\">\n\t\t\t\t\t\t\t\t\t<img loading=\"lazy\" decoding=\"async\" width=\"300\" height=\"225\" src=\"https:\/\/webdelmaestrocmf.com\/portal\/wp-content\/uploads\/2026\/07\/1AA-Banner-1-portada-imagen-10-1-copia-16-300x225.webp\" class=\"attachment-pk-thumbnail size-pk-thumbnail wp-post-image\" alt=\"\" \/>\t\t\t\t\t\t\t\t<\/a>\n\t\t\t\t\t\t\t<\/div>\n\t\t\t\t\t\t<\/div>\n\t\t\t\t\t<\/div>\n\t\t\t\t<\/div>\n\t\t\t\t\n\t\t\t\t<div class=\"pk-post-inner\">\n\t\t\t\t\t<header>\n\t\t\t\t\t\t<h3 class=\"pk-title\"><a href=\"https:\/\/webdelmaestrocmf.com\/portal\/gracias-maestro-por-dar-rostro-humano-a-la-educacion-en-la-era-digital\/\" rel=\"bookmark\">Gracias maestro, por dar rostro humano a la educaci\u00f3n en la era digital<\/a><\/h3>\t\t\t\t\t<\/header><!-- .entry-header -->\n\t\t\t\t<\/div><!-- .post-inner -->\n\n\t\t\t<\/div><!-- .post-outer -->\n\t\t<\/article>\n\t\t\t<article id=\"post-90388\" class=\"post-90388 post type-post status-publish format-standard has-post-thumbnail category-descarga category-pedagogia category-jamb tag-acoso-escolar tag-acoso-escolar-en-la-escuela tag-acoso-escolar-en-la-familia tag-bullying tag-educacion tag-familia tag-guias-orientadoras tag-guias-orientadoras-para-docentes tag-guias-orientadoras-para-estudiantes tag-guias-orientadoras-para-padres tag-prevencion-del-acoso-escolar cs-entry cs-video-wrap\">\n\t\t\t<div class=\"pk-post-outer\">\n\n\t\t\t\t\t\t\t\t<div class=\"pk-post-inner\">\n\t\t\t\t\t<div class=\"entry-thumbnail\">\n\t\t\t\t\t\t<div class=\"pk-overlay pk-overlay-ratio pk-ratio-landscape\">\n\t\t\t\t\t\t\t<div class=\"pk-overlay-background\">\n\t\t\t\t\t\t\t\t<a href=\"https:\/\/webdelmaestrocmf.com\/portal\/12-guias-orientadoras-para-prevenir-el-acoso-escolar-descargas-gratuitas\/\" class=\"pk-overlay-link\">\n\t\t\t\t\t\t\t\t\t<img loading=\"lazy\" decoding=\"async\" width=\"300\" height=\"225\" src=\"https:\/\/webdelmaestrocmf.com\/portal\/wp-content\/uploads\/2023\/10\/Banner-1-portada-imagen-10-31-300x225.jpg\" class=\"attachment-pk-thumbnail size-pk-thumbnail wp-post-image\" alt=\"acoso escolar\" \/>\t\t\t\t\t\t\t\t<\/a>\n\t\t\t\t\t\t\t<\/div>\n\t\t\t\t\t\t<\/div>\n\t\t\t\t\t<\/div>\n\t\t\t\t<\/div>\n\t\t\t\t\n\t\t\t\t<div class=\"pk-post-inner\">\n\t\t\t\t\t<header>\n\t\t\t\t\t\t<h3 class=\"pk-title\"><a href=\"https:\/\/webdelmaestrocmf.com\/portal\/12-guias-orientadoras-para-prevenir-el-acoso-escolar-descargas-gratuitas\/\" rel=\"bookmark\">12 gu\u00edas orientadoras para prevenir el acoso escolar: Descargas gratuitas<\/a><\/h3>\t\t\t\t\t<\/header><!-- .entry-header -->\n\t\t\t\t<\/div><!-- .post-inner -->\n\n\t\t\t<\/div><!-- .post-outer -->\n\t\t<\/article>\n\t\t\t<article id=\"post-120161\" class=\"post-120161 post type-post status-publish format-standard has-post-thumbnail category-jamb tag-convivencia-escolar tag-crianza tag-desarrollo-infantil tag-disciplina tag-docentes tag-educacion-2 tag-familia tag-formacion-integral tag-limites tag-responsabilidad cs-entry cs-video-wrap\">\n\t\t\t<div class=\"pk-post-outer\">\n\n\t\t\t\t\t\t\t\t<div class=\"pk-post-inner\">\n\t\t\t\t\t<div class=\"entry-thumbnail\">\n\t\t\t\t\t\t<div class=\"pk-overlay pk-overlay-ratio pk-ratio-landscape\">\n\t\t\t\t\t\t\t<div class=\"pk-overlay-background\">\n\t\t\t\t\t\t\t\t<a href=\"https:\/\/webdelmaestrocmf.com\/portal\/los-padres-no-son-ni-de-algodon-ni-de-cristal-son-idiotas-toda-esa-permisidad-que-ni-ellos-mismos-pueden-hacerse-cargo-ya-los-revaso\/\" class=\"pk-overlay-link\">\n\t\t\t\t\t\t\t\t\t<img loading=\"lazy\" decoding=\"async\" width=\"300\" height=\"225\" src=\"https:\/\/webdelmaestrocmf.com\/portal\/wp-content\/uploads\/2026\/06\/1AA-Banner-1-portada-imagen-10-1-copia-1-3-300x225.webp\" class=\"attachment-pk-thumbnail size-pk-thumbnail wp-post-image\" alt=\"\" \/>\t\t\t\t\t\t\t\t<\/a>\n\t\t\t\t\t\t\t<\/div>\n\t\t\t\t\t\t<\/div>\n\t\t\t\t\t<\/div>\n\t\t\t\t<\/div>\n\t\t\t\t\n\t\t\t\t<div class=\"pk-post-inner\">\n\t\t\t\t\t<header>\n\t\t\t\t\t\t<h3 class=\"pk-title\"><a href=\"https:\/\/webdelmaestrocmf.com\/portal\/los-padres-no-son-ni-de-algodon-ni-de-cristal-son-idiotas-toda-esa-permisidad-que-ni-ellos-mismos-pueden-hacerse-cargo-ya-los-revaso\/\" rel=\"bookmark\">Los padres no son ni de algod\u00f3n ni de cristal, son idiotas. Toda esa permisividad que ni ellos mismos pueden hacerse cargo, ya los rebas\u00f3<\/a><\/h3>\t\t\t\t\t<\/header><!-- .entry-header -->\n\t\t\t\t<\/div><!-- .post-inner -->\n\n\t\t\t<\/div><!-- .post-outer -->\n\t\t<\/article>\n\t\t\t\t<\/div>\n\t\t<\/div>\n\t\t\n","protected":false},"excerpt":{"rendered":"La inteligencia en la IA ha evolucionado con el tiempo, tomando ideas de varias disciplinas. Un punto clave&hellip;","protected":false},"author":1,"featured_media":107800,"comment_status":"open","ping_status":"closed","sticky":false,"template":"","format":"standard","meta":{"_jetpack_newsletter_access":"","_jetpack_dont_email_post_to_subs":false,"_jetpack_newsletter_tier_id":0,"_jetpack_memberships_contains_paywalled_content":false,"csco_display_header_overlay":false,"csco_singular_sidebar":"","csco_page_header_type":"","csco_page_load_nextpost":"","csco_post_video_location":[],"csco_post_video_location_hash":"","csco_post_video_url":"","csco_post_video_bg_start_time":0,"csco_post_video_bg_end_time":0,"csco_post_video_bg_volume":false,"_jetpack_feature_clip_id":0,"_jetpack_memberships_contains_paid_content":false,"footnotes":"","jetpack_post_was_ever_published":false},"categories":[61],"tags":[5779,23528,216,16004],"class_list":["post-107799","post","type-post","status-publish","format-standard","has-post-thumbnail","category-jamb","tag-inteligencia-artificial","tag-inteligencia-humana","tag-maestro","tag-reemplazara","cs-entry","cs-video-wrap"],"yoast_head":"<!-- This site is optimized with the Yoast SEO plugin v28.4 - https:\/\/yoast.com\/product\/yoast-seo-wordpress\/ -->\n<title>La inteligencia humana VS inteligencia artificial: nadie reemplazar\u00e1 al Maestro\u00a0 - 2026<\/title>\n<meta name=\"description\" content=\"La inteligencia en la IA ha evolucionado con el tiempo, tomando ideas de varias disciplinas. Un punto clave fue en 1956, cuando...\" \/>\n<meta name=\"robots\" content=\"index, follow, max-snippet:-1, max-image-preview:large, max-video-preview:-1\" \/>\n<link rel=\"canonical\" href=\"https:\/\/webdelmaestrocmf.com\/portal\/la-inteligencia-humana-vs-inteligencia-artificial-nadie-reemplazara-al-maestro\/\" \/>\n<meta property=\"og:locale\" content=\"es_ES\" \/>\n<meta property=\"og:type\" content=\"article\" \/>\n<meta property=\"og:title\" content=\"La inteligencia humana VS inteligencia artificial: nadie reemplazar\u00e1 al Maestro\u00a0 - 2026\" \/>\n<meta property=\"og:description\" content=\"La inteligencia en la IA ha evolucionado con el tiempo, tomando ideas de varias disciplinas. Un punto clave fue en 1956, cuando...\" \/>\n<meta property=\"og:url\" content=\"https:\/\/webdelmaestrocmf.com\/portal\/la-inteligencia-humana-vs-inteligencia-artificial-nadie-reemplazara-al-maestro\/\" \/>\n<meta property=\"og:site_name\" content=\"Web del Maestro CMF\" \/>\n<meta property=\"article:publisher\" content=\"https:\/\/www.facebook.com\/WebdelMaestroCMF\/\" \/>\n<meta property=\"article:author\" content=\"https:\/\/www.facebook.com\/WebdelMaestroCMF\/\" \/>\n<meta property=\"article:published_time\" content=\"2025-02-02T00:21:27+00:00\" \/>\n<meta property=\"article:modified_time\" content=\"2025-07-19T23:40:23+00:00\" \/>\n<meta property=\"og:image\" content=\"https:\/\/webdelmaestrocmf.com\/portal\/wp-content\/uploads\/2025\/02\/1A-Banner-1-portada-imagen-10-1-49.jpg\" \/>\n\t<meta property=\"og:image:width\" content=\"1024\" \/>\n\t<meta property=\"og:image:height\" content=\"1024\" \/>\n\t<meta property=\"og:image:type\" content=\"image\/jpeg\" \/>\n<meta name=\"author\" content=\"Web del Maestro CMF\" \/>\n<meta name=\"twitter:card\" content=\"summary_large_image\" \/>\n<meta name=\"twitter:creator\" content=\"@cmf_w\" \/>\n<meta name=\"twitter:site\" content=\"@cmf_w\" \/>\n<script type=\"application\/ld+json\" class=\"yoast-schema-graph\">{\"@context\":\"https:\\\/\\\/schema.org\",\"@graph\":[{\"@type\":\"ScholarlyArticle\",\"@id\":\"https:\\\/\\\/webdelmaestrocmf.com\\\/portal\\\/la-inteligencia-humana-vs-inteligencia-artificial-nadie-reemplazara-al-maestro\\\/#article\",\"isPartOf\":{\"@id\":\"https:\\\/\\\/webdelmaestrocmf.com\\\/portal\\\/la-inteligencia-humana-vs-inteligencia-artificial-nadie-reemplazara-al-maestro\\\/\"},\"author\":{\"name\":\"Web del Maestro CMF\",\"@id\":\"https:\\\/\\\/webdelmaestrocmf.com\\\/portal\\\/#\\\/schema\\\/person\\\/1072a2ed7bd960df8ef99a551fa35dc5\"},\"headline\":\"La inteligencia humana VS inteligencia artificial: nadie reemplazar\u00e1 al Maestro\u00a0\",\"datePublished\":\"2025-02-02T00:21:27+00:00\",\"dateModified\":\"2025-07-19T23:40:23+00:00\",\"mainEntityOfPage\":{\"@id\":\"https:\\\/\\\/webdelmaestrocmf.com\\\/portal\\\/la-inteligencia-humana-vs-inteligencia-artificial-nadie-reemplazara-al-maestro\\\/\"},\"wordCount\":1877,\"commentCount\":0,\"publisher\":{\"@id\":\"https:\\\/\\\/webdelmaestrocmf.com\\\/portal\\\/#organization\"},\"image\":{\"@id\":\"https:\\\/\\\/webdelmaestrocmf.com\\\/portal\\\/la-inteligencia-humana-vs-inteligencia-artificial-nadie-reemplazara-al-maestro\\\/#primaryimage\"},\"thumbnailUrl\":\"https:\\\/\\\/webdelmaestrocmf.com\\\/portal\\\/wp-content\\\/uploads\\\/2025\\\/02\\\/1A-Banner-1-portada-imagen-10-1-49.jpg\",\"keywords\":[\"INTELIGENCIA ARTIFICIAL\",\"inteligencia humana\",\"Maestro\",\"reemplazar\u00e1\"],\"articleSection\":[\"Yo opino - WMCMF\"],\"inLanguage\":\"es\",\"potentialAction\":[{\"@type\":\"CommentAction\",\"name\":\"Comment\",\"target\":[\"https:\\\/\\\/webdelmaestrocmf.com\\\/portal\\\/la-inteligencia-humana-vs-inteligencia-artificial-nadie-reemplazara-al-maestro\\\/#respond\"]}]},{\"@type\":\"WebPage\",\"@id\":\"https:\\\/\\\/webdelmaestrocmf.com\\\/portal\\\/la-inteligencia-humana-vs-inteligencia-artificial-nadie-reemplazara-al-maestro\\\/\",\"url\":\"https:\\\/\\\/webdelmaestrocmf.com\\\/portal\\\/la-inteligencia-humana-vs-inteligencia-artificial-nadie-reemplazara-al-maestro\\\/\",\"name\":\"La inteligencia humana VS inteligencia artificial: nadie reemplazar\u00e1 al Maestro\u00a0 - 2026\",\"isPartOf\":{\"@id\":\"https:\\\/\\\/webdelmaestrocmf.com\\\/portal\\\/#website\"},\"primaryImageOfPage\":{\"@id\":\"https:\\\/\\\/webdelmaestrocmf.com\\\/portal\\\/la-inteligencia-humana-vs-inteligencia-artificial-nadie-reemplazara-al-maestro\\\/#primaryimage\"},\"image\":{\"@id\":\"https:\\\/\\\/webdelmaestrocmf.com\\\/portal\\\/la-inteligencia-humana-vs-inteligencia-artificial-nadie-reemplazara-al-maestro\\\/#primaryimage\"},\"thumbnailUrl\":\"https:\\\/\\\/webdelmaestrocmf.com\\\/portal\\\/wp-content\\\/uploads\\\/2025\\\/02\\\/1A-Banner-1-portada-imagen-10-1-49.jpg\",\"datePublished\":\"2025-02-02T00:21:27+00:00\",\"dateModified\":\"2025-07-19T23:40:23+00:00\",\"description\":\"La inteligencia en la IA ha evolucionado con el tiempo, tomando ideas de varias disciplinas. Un punto clave fue en 1956, cuando...\",\"breadcrumb\":{\"@id\":\"https:\\\/\\\/webdelmaestrocmf.com\\\/portal\\\/la-inteligencia-humana-vs-inteligencia-artificial-nadie-reemplazara-al-maestro\\\/#breadcrumb\"},\"inLanguage\":\"es\",\"potentialAction\":[{\"@type\":\"ReadAction\",\"target\":[\"https:\\\/\\\/webdelmaestrocmf.com\\\/portal\\\/la-inteligencia-humana-vs-inteligencia-artificial-nadie-reemplazara-al-maestro\\\/\"]}]},{\"@type\":\"ImageObject\",\"inLanguage\":\"es\",\"@id\":\"https:\\\/\\\/webdelmaestrocmf.com\\\/portal\\\/la-inteligencia-humana-vs-inteligencia-artificial-nadie-reemplazara-al-maestro\\\/#primaryimage\",\"url\":\"https:\\\/\\\/webdelmaestrocmf.com\\\/portal\\\/wp-content\\\/uploads\\\/2025\\\/02\\\/1A-Banner-1-portada-imagen-10-1-49.jpg\",\"contentUrl\":\"https:\\\/\\\/webdelmaestrocmf.com\\\/portal\\\/wp-content\\\/uploads\\\/2025\\\/02\\\/1A-Banner-1-portada-imagen-10-1-49.jpg\",\"width\":1024,\"height\":1024},{\"@type\":\"BreadcrumbList\",\"@id\":\"https:\\\/\\\/webdelmaestrocmf.com\\\/portal\\\/la-inteligencia-humana-vs-inteligencia-artificial-nadie-reemplazara-al-maestro\\\/#breadcrumb\",\"itemListElement\":[{\"@type\":\"ListItem\",\"position\":1,\"name\":\"Portada\",\"item\":\"https:\\\/\\\/webdelmaestrocmf.com\\\/portal\\\/\"},{\"@type\":\"ListItem\",\"position\":2,\"name\":\"Yo opino - WMCMF\",\"item\":\"https:\\\/\\\/webdelmaestrocmf.com\\\/portal\\\/category\\\/jamb\\\/\"},{\"@type\":\"ListItem\",\"position\":3,\"name\":\"La inteligencia humana VS inteligencia artificial: nadie reemplazar\u00e1 al Maestro\u00a0\"}]},{\"@type\":\"WebSite\",\"@id\":\"https:\\\/\\\/webdelmaestrocmf.com\\\/portal\\\/#website\",\"url\":\"https:\\\/\\\/webdelmaestrocmf.com\\\/portal\\\/\",\"name\":\"Web del Maestro CMF\",\"description\":\"Maestros al servicio de la educaci\u00f3n\",\"publisher\":{\"@id\":\"https:\\\/\\\/webdelmaestrocmf.com\\\/portal\\\/#organization\"},\"alternateName\":\"WMCMF\",\"potentialAction\":[{\"@type\":\"SearchAction\",\"target\":{\"@type\":\"EntryPoint\",\"urlTemplate\":\"https:\\\/\\\/webdelmaestrocmf.com\\\/portal\\\/?s={search_term_string}\"},\"query-input\":{\"@type\":\"PropertyValueSpecification\",\"valueRequired\":true,\"valueName\":\"search_term_string\"}}],\"inLanguage\":\"es\"},{\"@type\":\"Organization\",\"@id\":\"https:\\\/\\\/webdelmaestrocmf.com\\\/portal\\\/#organization\",\"name\":\"Web del Maestro CMF\",\"alternateName\":\"WMCMF\",\"url\":\"https:\\\/\\\/webdelmaestrocmf.com\\\/portal\\\/\",\"logo\":{\"@type\":\"ImageObject\",\"inLanguage\":\"es\",\"@id\":\"https:\\\/\\\/webdelmaestrocmf.com\\\/portal\\\/#\\\/schema\\\/logo\\\/image\\\/\",\"url\":\"https:\\\/\\\/webdelmaestrocmf.com\\\/portal\\\/wp-content\\\/uploads\\\/2023\\\/01\\\/logo-wmcmf-2.png\",\"contentUrl\":\"https:\\\/\\\/webdelmaestrocmf.com\\\/portal\\\/wp-content\\\/uploads\\\/2023\\\/01\\\/logo-wmcmf-2.png\",\"width\":200,\"height\":60,\"caption\":\"Web del Maestro CMF\"},\"image\":{\"@id\":\"https:\\\/\\\/webdelmaestrocmf.com\\\/portal\\\/#\\\/schema\\\/logo\\\/image\\\/\"},\"sameAs\":[\"https:\\\/\\\/www.facebook.com\\\/WebdelMaestroCMF\\\/\",\"https:\\\/\\\/x.com\\\/cmf_w\",\"https:\\\/\\\/www.pinterest.com\\\/WMCMF\\\/\",\"https:\\\/\\\/www.linkedin.com\\\/company\\\/web-del-maestro-cmf\\\/\",\"https:\\\/\\\/www.instagram.com\\\/wmcmf\\\/\",\"https:\\\/\\\/www.youtube.com\\\/channel\\\/UCDPSvjbdodE5sHnC3OxutHw\",\"https:\\\/\\\/mastodon.social\\\/@wmcmf\",\"https:\\\/\\\/www.tiktok.com\\\/@webdelmaestrocmf\"]},{\"@type\":\"Person\",\"@id\":\"https:\\\/\\\/webdelmaestrocmf.com\\\/portal\\\/#\\\/schema\\\/person\\\/1072a2ed7bd960df8ef99a551fa35dc5\",\"name\":\"Web del Maestro CMF\",\"image\":{\"@type\":\"ImageObject\",\"inLanguage\":\"es\",\"@id\":\"https:\\\/\\\/secure.gravatar.com\\\/avatar\\\/23291dd5b5ae1077dcff3dbb04c3e02bd28403fa75af6d8787d5e97c5bbbe30b?s=96&d=mm&r=g\",\"url\":\"https:\\\/\\\/secure.gravatar.com\\\/avatar\\\/23291dd5b5ae1077dcff3dbb04c3e02bd28403fa75af6d8787d5e97c5bbbe30b?s=96&d=mm&r=g\",\"contentUrl\":\"https:\\\/\\\/secure.gravatar.com\\\/avatar\\\/23291dd5b5ae1077dcff3dbb04c3e02bd28403fa75af6d8787d5e97c5bbbe30b?s=96&d=mm&r=g\",\"caption\":\"Web del Maestro CMF\"},\"description\":\"Esta Web se cre\u00f3 sin fines de lucro, con fines educativos, cient\u00edficos y acad\u00e9micos, para personas que tengan dificultades y\\\/o inconvenientes en visualizar el material original. El objetivo es entregar recursos, compartir experiencias y materiales que ayuden a los padres de familia, maestros y estudiantes en su actualizaci\u00f3n y formaci\u00f3n permanente, en bien de la Educaci\u00f3n.\",\"sameAs\":[\"http:\\\/\\\/webdelmaestrocmf.com\\\/portal\",\"https:\\\/\\\/www.facebook.com\\\/WebdelMaestroCMF\\\/\",\"https:\\\/\\\/www.instagram.com\\\/wmcmf\\\/\",\"https:\\\/\\\/cl.linkedin.com\\\/company\\\/web-del-maestro-cmf\",\"https:\\\/\\\/www.pinterest.com\\\/WMCMF\\\/publicaciones\\\/\",\"https:\\\/\\\/x.com\\\/cmf_w\",\"https:\\\/\\\/www.youtube.com\\\/@WMCMF\"]}]}<\/script>\n<!-- \/ Yoast SEO plugin. -->","yoast_head_json":{"title":"La inteligencia humana VS inteligencia artificial: nadie reemplazar\u00e1 al Maestro\u00a0 - 2026","description":"La inteligencia en la IA ha evolucionado con el tiempo, tomando ideas de varias disciplinas. Un punto clave fue en 1956, cuando...","robots":{"index":"index","follow":"follow","max-snippet":"max-snippet:-1","max-image-preview":"max-image-preview:large","max-video-preview":"max-video-preview:-1"},"canonical":"https:\/\/webdelmaestrocmf.com\/portal\/la-inteligencia-humana-vs-inteligencia-artificial-nadie-reemplazara-al-maestro\/","og_locale":"es_ES","og_type":"article","og_title":"La inteligencia humana VS inteligencia artificial: nadie reemplazar\u00e1 al Maestro\u00a0 - 2026","og_description":"La inteligencia en la IA ha evolucionado con el tiempo, tomando ideas de varias disciplinas. Un punto clave fue en 1956, cuando...","og_url":"https:\/\/webdelmaestrocmf.com\/portal\/la-inteligencia-humana-vs-inteligencia-artificial-nadie-reemplazara-al-maestro\/","og_site_name":"Web del Maestro CMF","article_publisher":"https:\/\/www.facebook.com\/WebdelMaestroCMF\/","article_author":"https:\/\/www.facebook.com\/WebdelMaestroCMF\/","article_published_time":"2025-02-02T00:21:27+00:00","article_modified_time":"2025-07-19T23:40:23+00:00","og_image":[{"width":1024,"height":1024,"url":"https:\/\/webdelmaestrocmf.com\/portal\/wp-content\/uploads\/2025\/02\/1A-Banner-1-portada-imagen-10-1-49.jpg","type":"image\/jpeg"}],"author":"Web del Maestro CMF","twitter_card":"summary_large_image","twitter_creator":"@cmf_w","twitter_site":"@cmf_w","schema":{"@context":"https:\/\/schema.org","@graph":[{"@type":"ScholarlyArticle","@id":"https:\/\/webdelmaestrocmf.com\/portal\/la-inteligencia-humana-vs-inteligencia-artificial-nadie-reemplazara-al-maestro\/#article","isPartOf":{"@id":"https:\/\/webdelmaestrocmf.com\/portal\/la-inteligencia-humana-vs-inteligencia-artificial-nadie-reemplazara-al-maestro\/"},"author":{"name":"Web del Maestro CMF","@id":"https:\/\/webdelmaestrocmf.com\/portal\/#\/schema\/person\/1072a2ed7bd960df8ef99a551fa35dc5"},"headline":"La inteligencia humana VS inteligencia artificial: nadie reemplazar\u00e1 al Maestro\u00a0","datePublished":"2025-02-02T00:21:27+00:00","dateModified":"2025-07-19T23:40:23+00:00","mainEntityOfPage":{"@id":"https:\/\/webdelmaestrocmf.com\/portal\/la-inteligencia-humana-vs-inteligencia-artificial-nadie-reemplazara-al-maestro\/"},"wordCount":1877,"commentCount":0,"publisher":{"@id":"https:\/\/webdelmaestrocmf.com\/portal\/#organization"},"image":{"@id":"https:\/\/webdelmaestrocmf.com\/portal\/la-inteligencia-humana-vs-inteligencia-artificial-nadie-reemplazara-al-maestro\/#primaryimage"},"thumbnailUrl":"https:\/\/webdelmaestrocmf.com\/portal\/wp-content\/uploads\/2025\/02\/1A-Banner-1-portada-imagen-10-1-49.jpg","keywords":["INTELIGENCIA ARTIFICIAL","inteligencia humana","Maestro","reemplazar\u00e1"],"articleSection":["Yo opino - WMCMF"],"inLanguage":"es","potentialAction":[{"@type":"CommentAction","name":"Comment","target":["https:\/\/webdelmaestrocmf.com\/portal\/la-inteligencia-humana-vs-inteligencia-artificial-nadie-reemplazara-al-maestro\/#respond"]}]},{"@type":"WebPage","@id":"https:\/\/webdelmaestrocmf.com\/portal\/la-inteligencia-humana-vs-inteligencia-artificial-nadie-reemplazara-al-maestro\/","url":"https:\/\/webdelmaestrocmf.com\/portal\/la-inteligencia-humana-vs-inteligencia-artificial-nadie-reemplazara-al-maestro\/","name":"La inteligencia humana VS inteligencia artificial: nadie reemplazar\u00e1 al Maestro\u00a0 - 2026","isPartOf":{"@id":"https:\/\/webdelmaestrocmf.com\/portal\/#website"},"primaryImageOfPage":{"@id":"https:\/\/webdelmaestrocmf.com\/portal\/la-inteligencia-humana-vs-inteligencia-artificial-nadie-reemplazara-al-maestro\/#primaryimage"},"image":{"@id":"https:\/\/webdelmaestrocmf.com\/portal\/la-inteligencia-humana-vs-inteligencia-artificial-nadie-reemplazara-al-maestro\/#primaryimage"},"thumbnailUrl":"https:\/\/webdelmaestrocmf.com\/portal\/wp-content\/uploads\/2025\/02\/1A-Banner-1-portada-imagen-10-1-49.jpg","datePublished":"2025-02-02T00:21:27+00:00","dateModified":"2025-07-19T23:40:23+00:00","description":"La inteligencia en la IA ha evolucionado con el tiempo, tomando ideas de varias disciplinas. Un punto clave fue en 1956, cuando...","breadcrumb":{"@id":"https:\/\/webdelmaestrocmf.com\/portal\/la-inteligencia-humana-vs-inteligencia-artificial-nadie-reemplazara-al-maestro\/#breadcrumb"},"inLanguage":"es","potentialAction":[{"@type":"ReadAction","target":["https:\/\/webdelmaestrocmf.com\/portal\/la-inteligencia-humana-vs-inteligencia-artificial-nadie-reemplazara-al-maestro\/"]}]},{"@type":"ImageObject","inLanguage":"es","@id":"https:\/\/webdelmaestrocmf.com\/portal\/la-inteligencia-humana-vs-inteligencia-artificial-nadie-reemplazara-al-maestro\/#primaryimage","url":"https:\/\/webdelmaestrocmf.com\/portal\/wp-content\/uploads\/2025\/02\/1A-Banner-1-portada-imagen-10-1-49.jpg","contentUrl":"https:\/\/webdelmaestrocmf.com\/portal\/wp-content\/uploads\/2025\/02\/1A-Banner-1-portada-imagen-10-1-49.jpg","width":1024,"height":1024},{"@type":"BreadcrumbList","@id":"https:\/\/webdelmaestrocmf.com\/portal\/la-inteligencia-humana-vs-inteligencia-artificial-nadie-reemplazara-al-maestro\/#breadcrumb","itemListElement":[{"@type":"ListItem","position":1,"name":"Portada","item":"https:\/\/webdelmaestrocmf.com\/portal\/"},{"@type":"ListItem","position":2,"name":"Yo opino - WMCMF","item":"https:\/\/webdelmaestrocmf.com\/portal\/category\/jamb\/"},{"@type":"ListItem","position":3,"name":"La inteligencia humana VS inteligencia artificial: nadie reemplazar\u00e1 al Maestro\u00a0"}]},{"@type":"WebSite","@id":"https:\/\/webdelmaestrocmf.com\/portal\/#website","url":"https:\/\/webdelmaestrocmf.com\/portal\/","name":"Web del Maestro CMF","description":"Maestros al servicio de la educaci\u00f3n","publisher":{"@id":"https:\/\/webdelmaestrocmf.com\/portal\/#organization"},"alternateName":"WMCMF","potentialAction":[{"@type":"SearchAction","target":{"@type":"EntryPoint","urlTemplate":"https:\/\/webdelmaestrocmf.com\/portal\/?s={search_term_string}"},"query-input":{"@type":"PropertyValueSpecification","valueRequired":true,"valueName":"search_term_string"}}],"inLanguage":"es"},{"@type":"Organization","@id":"https:\/\/webdelmaestrocmf.com\/portal\/#organization","name":"Web del Maestro CMF","alternateName":"WMCMF","url":"https:\/\/webdelmaestrocmf.com\/portal\/","logo":{"@type":"ImageObject","inLanguage":"es","@id":"https:\/\/webdelmaestrocmf.com\/portal\/#\/schema\/logo\/image\/","url":"https:\/\/webdelmaestrocmf.com\/portal\/wp-content\/uploads\/2023\/01\/logo-wmcmf-2.png","contentUrl":"https:\/\/webdelmaestrocmf.com\/portal\/wp-content\/uploads\/2023\/01\/logo-wmcmf-2.png","width":200,"height":60,"caption":"Web del Maestro CMF"},"image":{"@id":"https:\/\/webdelmaestrocmf.com\/portal\/#\/schema\/logo\/image\/"},"sameAs":["https:\/\/www.facebook.com\/WebdelMaestroCMF\/","https:\/\/x.com\/cmf_w","https:\/\/www.pinterest.com\/WMCMF\/","https:\/\/www.linkedin.com\/company\/web-del-maestro-cmf\/","https:\/\/www.instagram.com\/wmcmf\/","https:\/\/www.youtube.com\/channel\/UCDPSvjbdodE5sHnC3OxutHw","https:\/\/mastodon.social\/@wmcmf","https:\/\/www.tiktok.com\/@webdelmaestrocmf"]},{"@type":"Person","@id":"https:\/\/webdelmaestrocmf.com\/portal\/#\/schema\/person\/1072a2ed7bd960df8ef99a551fa35dc5","name":"Web del Maestro CMF","image":{"@type":"ImageObject","inLanguage":"es","@id":"https:\/\/secure.gravatar.com\/avatar\/23291dd5b5ae1077dcff3dbb04c3e02bd28403fa75af6d8787d5e97c5bbbe30b?s=96&d=mm&r=g","url":"https:\/\/secure.gravatar.com\/avatar\/23291dd5b5ae1077dcff3dbb04c3e02bd28403fa75af6d8787d5e97c5bbbe30b?s=96&d=mm&r=g","contentUrl":"https:\/\/secure.gravatar.com\/avatar\/23291dd5b5ae1077dcff3dbb04c3e02bd28403fa75af6d8787d5e97c5bbbe30b?s=96&d=mm&r=g","caption":"Web del Maestro CMF"},"description":"Esta Web se cre\u00f3 sin fines de lucro, con fines educativos, cient\u00edficos y acad\u00e9micos, para personas que tengan dificultades y\/o inconvenientes en visualizar el material original. El objetivo es entregar recursos, compartir experiencias y materiales que ayuden a los padres de familia, maestros y estudiantes en su actualizaci\u00f3n y formaci\u00f3n permanente, en bien de la Educaci\u00f3n.","sameAs":["http:\/\/webdelmaestrocmf.com\/portal","https:\/\/www.facebook.com\/WebdelMaestroCMF\/","https:\/\/www.instagram.com\/wmcmf\/","https:\/\/cl.linkedin.com\/company\/web-del-maestro-cmf","https:\/\/www.pinterest.com\/WMCMF\/publicaciones\/","https:\/\/x.com\/cmf_w","https:\/\/www.youtube.com\/@WMCMF"]}]}},"jetpack_sharing_enabled":true,"jetpack-related-posts":[{"id":86467,"url":"https:\/\/webdelmaestrocmf.com\/portal\/estos-son-los-20-trabajos-que-seran-reemplazados-por-la-inteligencia-artificial-profesores-psicologos-sociologos-politologos-jueces-y-magistrados\/","url_meta":{"origin":107799,"position":0},"title":"Estos son los 20 trabajos que ser\u00e1n reemplazados por la Inteligencia Artificial: Profesores, Psic\u00f3logos, Soci\u00f3logos, Polit\u00f3logos, Jueces y magistrados","author":"Web del Maestro CMF","date":"30 marzo, 2023","format":false,"excerpt":"En la era digital, hay un mundo de posibilidades disponibles con la Inteligencia Artificial (IA). Todos los d\u00edas, ya sea que le pida a Siri que reproduzca una canci\u00f3n, que se acurruque alrededor de un computador port\u00e1til para usar con amigos, o que se desplace por Instagram durante horas, se\u2026","rel":"","context":"En \u00abNoticias\u00bb","block_context":{"text":"Noticias","link":"https:\/\/webdelmaestrocmf.com\/portal\/category\/pedagogia\/noticias-pedagogia\/"},"img":{"alt_text":"","src":"https:\/\/i0.wp.com\/webdelmaestrocmf.com\/portal\/wp-content\/uploads\/2023\/03\/A12B3C4D-61.jpg?resize=350%2C200&ssl=1","width":350,"height":200,"srcset":"https:\/\/i0.wp.com\/webdelmaestrocmf.com\/portal\/wp-content\/uploads\/2023\/03\/A12B3C4D-61.jpg?resize=350%2C200&ssl=1 1x, https:\/\/i0.wp.com\/webdelmaestrocmf.com\/portal\/wp-content\/uploads\/2023\/03\/A12B3C4D-61.jpg?resize=525%2C300&ssl=1 1.5x, https:\/\/i0.wp.com\/webdelmaestrocmf.com\/portal\/wp-content\/uploads\/2023\/03\/A12B3C4D-61.jpg?resize=700%2C400&ssl=1 2x"},"classes":[]},{"id":89928,"url":"https:\/\/webdelmaestrocmf.com\/portal\/si-como-docente-no-cree-importante-entender-que-es-o-como-funciona-la-ia-considera-seriamente-la-opcion-de-no-impartir-clases\/","url_meta":{"origin":107799,"position":1},"title":"Si como docente no cree importante entender \u00abqu\u00e9 es\u00bb o \u00abc\u00f3mo funciona\u00bb la IA \u00bfHa considerado seriamente la opci\u00f3n de no impartir clases?","author":"Web del Maestro CMF","date":"8 junio, 2023","format":false,"excerpt":"La inteligencia artificial (IA) se est\u00e1 volviendo cada vez m\u00e1s relevante en diversas \u00e1reas de la sociedad, incluida la educaci\u00f3n. Comprender qu\u00e9 es y c\u00f3mo funciona la IA puede ser beneficioso para los docentes, puesto que les permite estar mejor preparados para ense\u00f1ar a los estudiantes sobre esta tecnolog\u00eda emergente.\u2026","rel":"","context":"En \u00abChatGPT\u00bb","block_context":{"text":"ChatGPT","link":"https:\/\/webdelmaestrocmf.com\/portal\/category\/tecnologia\/chatgpt\/"},"img":{"alt_text":"","src":"https:\/\/i0.wp.com\/webdelmaestrocmf.com\/portal\/wp-content\/uploads\/2023\/06\/A12B3C4D-2023-06-08T123022.991.jpg?resize=350%2C200&ssl=1","width":350,"height":200,"srcset":"https:\/\/i0.wp.com\/webdelmaestrocmf.com\/portal\/wp-content\/uploads\/2023\/06\/A12B3C4D-2023-06-08T123022.991.jpg?resize=350%2C200&ssl=1 1x, https:\/\/i0.wp.com\/webdelmaestrocmf.com\/portal\/wp-content\/uploads\/2023\/06\/A12B3C4D-2023-06-08T123022.991.jpg?resize=525%2C300&ssl=1 1.5x, https:\/\/i0.wp.com\/webdelmaestrocmf.com\/portal\/wp-content\/uploads\/2023\/06\/A12B3C4D-2023-06-08T123022.991.jpg?resize=700%2C400&ssl=1 2x"},"classes":[]},{"id":88649,"url":"https:\/\/webdelmaestrocmf.com\/portal\/recomendaciones-sobre-la-etica-de-la-inteligencia-artificial-propuesta-por-la-unesco\/","url_meta":{"origin":107799,"position":2},"title":"Recomendaciones sobre la \u00c9tica de la Inteligencia Artificial propuesta por la UNESCO","author":"Web del Maestro CMF","date":"7 mayo, 2023","format":false,"excerpt":"La educaci\u00f3n entendida como un proceso que facilita el perfeccionamiento de habilidades o capacidades propias del individuo, \u201cmediante el aprendizaje o la construcci\u00f3n de conocimientos, as\u00ed como tambi\u00e9n de las virtudes, creencias, h\u00e1bitos, u otras caracter\u00edsticas del ser\u201d, siempre ha estado atenta a las tecnolog\u00edas en desarrollo como la rob\u00f3tica,\u2026","rel":"","context":"En \u00abYo opino - WMCMF\u00bb","block_context":{"text":"Yo opino - WMCMF","link":"https:\/\/webdelmaestrocmf.com\/portal\/category\/jamb\/"},"img":{"alt_text":"","src":"https:\/\/i0.wp.com\/webdelmaestrocmf.com\/portal\/wp-content\/uploads\/2023\/05\/A12B3C4D-64.jpg?resize=350%2C200&ssl=1","width":350,"height":200,"srcset":"https:\/\/i0.wp.com\/webdelmaestrocmf.com\/portal\/wp-content\/uploads\/2023\/05\/A12B3C4D-64.jpg?resize=350%2C200&ssl=1 1x, https:\/\/i0.wp.com\/webdelmaestrocmf.com\/portal\/wp-content\/uploads\/2023\/05\/A12B3C4D-64.jpg?resize=525%2C300&ssl=1 1.5x, https:\/\/i0.wp.com\/webdelmaestrocmf.com\/portal\/wp-content\/uploads\/2023\/05\/A12B3C4D-64.jpg?resize=700%2C400&ssl=1 2x"},"classes":[]},{"id":89581,"url":"https:\/\/webdelmaestrocmf.com\/portal\/que-trabajos-no-podran-ser-reemplazados-por-la-inteligencia-artificial\/","url_meta":{"origin":107799,"position":3},"title":"Trabajos que no podr\u00e1n ser reemplazados por la IA","author":"Web del Maestro CMF","date":"30 mayo, 2023","format":false,"excerpt":"La Inteligencia Artificial (IA) ha demostrado un gran avance en diversas \u00e1reas y ha sido capaz de automatizar muchas tareas que antes eran realizadas por humanos. Sin embargo, hay ciertos trabajos en los que la IA todav\u00eda enfrenta dificultades para reemplazar completamente el papel de los seres humanos. Estos trabajos\u2026","rel":"","context":"En \u00abChatGPT\u00bb","block_context":{"text":"ChatGPT","link":"https:\/\/webdelmaestrocmf.com\/portal\/category\/tecnologia\/chatgpt\/"},"img":{"alt_text":"trabajo que reemplazar\u00e1 la ia","src":"https:\/\/i0.wp.com\/webdelmaestrocmf.com\/portal\/wp-content\/uploads\/2023\/05\/A12B3C4D-21-1.jpg?resize=350%2C200&ssl=1","width":350,"height":200,"srcset":"https:\/\/i0.wp.com\/webdelmaestrocmf.com\/portal\/wp-content\/uploads\/2023\/05\/A12B3C4D-21-1.jpg?resize=350%2C200&ssl=1 1x, https:\/\/i0.wp.com\/webdelmaestrocmf.com\/portal\/wp-content\/uploads\/2023\/05\/A12B3C4D-21-1.jpg?resize=525%2C300&ssl=1 1.5x, https:\/\/i0.wp.com\/webdelmaestrocmf.com\/portal\/wp-content\/uploads\/2023\/05\/A12B3C4D-21-1.jpg?resize=700%2C400&ssl=1 2x"},"classes":[]},{"id":88325,"url":"https:\/\/webdelmaestrocmf.com\/portal\/margaret-boden-la-emocion-puede-resultar-lo-mas-ajeno-a-la-inteligencia-emocional\/","url_meta":{"origin":107799,"position":4},"title":"Margaret Boden: La emoci\u00f3n puede resultar lo m\u00e1s ajeno a la inteligencia emocional","author":"Web del Maestro CMF","date":"1 mayo, 2023","format":false,"excerpt":"La profesora de nacionalidad brit\u00e1nica Margaret Ann Boden (Londres 1936) -Maggie para los amigos- es una especialista sobre investigaci\u00f3n de ciencia cognitiva en el departamento de inform\u00e1tica en la Universidad de Sussex (Reino Unido), trabaja muy cercana a los campos de inteligencia artificial, psicolog\u00eda, filosof\u00eda, ciencia cognitiva e inform\u00e1tica, y\u2026","rel":"","context":"En \u00abEntrevistas\u00bb","block_context":{"text":"Entrevistas","link":"https:\/\/webdelmaestrocmf.com\/portal\/category\/noticias\/entrevistas\/"},"img":{"alt_text":"","src":"https:\/\/i0.wp.com\/webdelmaestrocmf.com\/portal\/wp-content\/uploads\/2023\/05\/A12B3C4D-23.jpg?resize=350%2C200&ssl=1","width":350,"height":200,"srcset":"https:\/\/i0.wp.com\/webdelmaestrocmf.com\/portal\/wp-content\/uploads\/2023\/05\/A12B3C4D-23.jpg?resize=350%2C200&ssl=1 1x, https:\/\/i0.wp.com\/webdelmaestrocmf.com\/portal\/wp-content\/uploads\/2023\/05\/A12B3C4D-23.jpg?resize=525%2C300&ssl=1 1.5x, https:\/\/i0.wp.com\/webdelmaestrocmf.com\/portal\/wp-content\/uploads\/2023\/05\/A12B3C4D-23.jpg?resize=700%2C400&ssl=1 2x"},"classes":[]},{"id":88213,"url":"https:\/\/webdelmaestrocmf.com\/portal\/bill-gates-la-ia-mejorara-pero-nunca-sustituira-el-trabajo-que-alumnos-y-profesores-realizan-juntos-en-el-aula-usted-que-opina\/","url_meta":{"origin":107799,"position":5},"title":"Bill Gates: La IA mejorar\u00e1, pero nunca sustituir\u00e1, el trabajo que alumnos y profesores realizan juntos en el aula \u00bfUsted qu\u00e9 opina?","author":"Web del Maestro CMF","date":"30 abril, 2023","format":false,"excerpt":"William Henry Gates III (Seattle, Washington, 1955) conocido en el mundo como Bill Gates estudi\u00f3 en centros de \u00e9lite como la Escuela de Lakeside (1967-73) y la Universidad de Harvard (1973-77), es un Inform\u00e1tico y empresario estadounidense, fundador de Microsoft, que ha contribuido con m\u00faltiples programas inform\u00e1ticos, con criterios heterodoxos\u2026","rel":"","context":"En \u00abYo opino - WMCMF\u00bb","block_context":{"text":"Yo opino - WMCMF","link":"https:\/\/webdelmaestrocmf.com\/portal\/category\/jamb\/"},"img":{"alt_text":"","src":"https:\/\/i0.wp.com\/webdelmaestrocmf.com\/portal\/wp-content\/uploads\/2023\/04\/A12B3C4D-19-1.jpg?resize=350%2C200&ssl=1","width":350,"height":200,"srcset":"https:\/\/i0.wp.com\/webdelmaestrocmf.com\/portal\/wp-content\/uploads\/2023\/04\/A12B3C4D-19-1.jpg?resize=350%2C200&ssl=1 1x, https:\/\/i0.wp.com\/webdelmaestrocmf.com\/portal\/wp-content\/uploads\/2023\/04\/A12B3C4D-19-1.jpg?resize=525%2C300&ssl=1 1.5x, https:\/\/i0.wp.com\/webdelmaestrocmf.com\/portal\/wp-content\/uploads\/2023\/04\/A12B3C4D-19-1.jpg?resize=700%2C400&ssl=1 2x"},"classes":[]}],"jetpack_featured_media_url":"https:\/\/webdelmaestrocmf.com\/portal\/wp-content\/uploads\/2025\/02\/1A-Banner-1-portada-imagen-10-1-49.jpg","_links":{"self":[{"href":"https:\/\/webdelmaestrocmf.com\/portal\/wp-json\/wp\/v2\/posts\/107799","targetHints":{"allow":["GET"]}}],"collection":[{"href":"https:\/\/webdelmaestrocmf.com\/portal\/wp-json\/wp\/v2\/posts"}],"about":[{"href":"https:\/\/webdelmaestrocmf.com\/portal\/wp-json\/wp\/v2\/types\/post"}],"author":[{"embeddable":true,"href":"https:\/\/webdelmaestrocmf.com\/portal\/wp-json\/wp\/v2\/users\/1"}],"replies":[{"embeddable":true,"href":"https:\/\/webdelmaestrocmf.com\/portal\/wp-json\/wp\/v2\/comments?post=107799"}],"version-history":[{"count":1,"href":"https:\/\/webdelmaestrocmf.com\/portal\/wp-json\/wp\/v2\/posts\/107799\/revisions"}],"predecessor-version":[{"id":111321,"href":"https:\/\/webdelmaestrocmf.com\/portal\/wp-json\/wp\/v2\/posts\/107799\/revisions\/111321"}],"wp:featuredmedia":[{"embeddable":true,"href":"https:\/\/webdelmaestrocmf.com\/portal\/wp-json\/wp\/v2\/media\/107800"}],"wp:attachment":[{"href":"https:\/\/webdelmaestrocmf.com\/portal\/wp-json\/wp\/v2\/media?parent=107799"}],"wp:term":[{"taxonomy":"category","embeddable":true,"href":"https:\/\/webdelmaestrocmf.com\/portal\/wp-json\/wp\/v2\/categories?post=107799"},{"taxonomy":"post_tag","embeddable":true,"href":"https:\/\/webdelmaestrocmf.com\/portal\/wp-json\/wp\/v2\/tags?post=107799"}],"curies":[{"name":"wp","href":"https:\/\/api.w.org\/{rel}","templated":true}]}}