{"id":107749,"date":"2025-01-29T15:05:51","date_gmt":"2025-01-29T18:05:51","guid":{"rendered":"https:\/\/webdelmaestrocmf.com\/portal\/?p=107749"},"modified":"2025-01-29T15:14:15","modified_gmt":"2025-01-29T18:14:15","slug":"la-tabla-periodica-del-aprendizaje","status":"publish","type":"post","link":"https:\/\/webdelmaestrocmf.com\/portal\/la-tabla-periodica-del-aprendizaje\/","title":{"rendered":"La tabla peri\u00f3dica del aprendizaje que todo docente debe conocer"},"content":{"rendered":"<p style=\"text-align: justify;\" data-pm-slice=\"1 1 []\">La educaci\u00f3n evoluciona constantemente y, como docentes, es fundamental adaptarnos a las nuevas demandas de este siglo. La \u00abTabla Peri\u00f3dica del Aprendizaje\u00bb nos ofrece una gu\u00eda clara y estructurada para entender y aplicar metodolog\u00edas, frameworks, recursos y conceptos clave que pueden transformar la experiencia educativa.<!--more--><\/p>\n<p style=\"text-align: justify;\" data-pm-slice=\"1 1 []\">En este art\u00edculo, exploraremos cada elemento, explicando por qu\u00e9 son esenciales para el \u00e9xito docente y c\u00f3mo pueden beneficiar tanto a los educadores como a los estudiantes, con ejemplos concretos de aplicaci\u00f3n en el aula.<\/p>\n<h2 style=\"text-align: justify;\"><strong>Metodolog\u00edas<\/strong><\/h2>\n<h3 style=\"padding-left: 40px; text-align: justify;\">1. <strong>Aprendizaje Activo (Aa)<\/strong><\/h3>\n<p style=\"padding-left: 40px; text-align: justify;\">Participar activamente en el proceso de aprendizaje fomenta la comprensi\u00f3n profunda y la retenci\u00f3n del conocimiento. Actividades como debates, proyectos y ejercicios pr\u00e1cticos permiten a los estudiantes ser protagonistas de su aprendizaje, desarrollando habilidades cr\u00edticas y colaborativas.<\/p>\n<ul style=\"text-align: justify;\">\n<li style=\"list-style-type: none;\">\n<ul>\n<li><strong>Importancia:<\/strong> Estudios de neurociencia educativa demuestran que la participaci\u00f3n activa incrementa la plasticidad cerebral y mejora el aprendizaje a largo plazo.<\/li>\n<li><strong>Ejemplo:<\/strong> En una clase de historia, los estudiantes pueden realizar un debate sobre las causas de una guerra hist\u00f3rica, investigando y argumentando desde diferentes perspectivas.<\/li>\n<\/ul>\n<\/li>\n<\/ul>\n<h3 style=\"padding-left: 40px; text-align: justify;\">2. <strong>Aprendizaje Visual (Av)<\/strong><\/h3>\n<p style=\"padding-left: 40px; text-align: justify;\">El uso de gr\u00e1ficos, diagramas y mapas conceptuales facilita la comprensi\u00f3n de informaci\u00f3n compleja al vincular ideas abstractas con representaciones visuales.<\/p>\n<ul style=\"text-align: justify;\">\n<li style=\"list-style-type: none;\">\n<ul>\n<li><strong>Importancia:<\/strong> Seg\u00fan investigaciones, la informaci\u00f3n visual se procesa 60,000 veces m\u00e1s r\u00e1pido que el texto, mejorando la retenci\u00f3n y la comprensi\u00f3n.<\/li>\n<li><strong>Ejemplo:<\/strong> En una clase de ciencias, se pueden utilizar diagramas del ciclo del agua para explicar sus etapas de forma clara y visual.<\/li>\n<\/ul>\n<\/li>\n<\/ul>\n<h3 style=\"padding-left: 40px; text-align: justify;\">3. <strong>Aprendizaje Experiencial (Ae)<\/strong><\/h3>\n<p style=\"padding-left: 40px; text-align: justify;\">Aprender a trav\u00e9s de la experimentaci\u00f3n y la aplicaci\u00f3n pr\u00e1ctica conecta el conocimiento te\u00f3rico con la realidad, promoviendo habilidades resolutivas.<\/p>\n<ul style=\"text-align: justify;\">\n<li style=\"list-style-type: none;\">\n<ul>\n<li><strong>Importancia:<\/strong> David Kolb subraya que el aprendizaje significativo ocurre cuando los estudiantes \u00abhacen\u00bb y reflexionan sobre sus experiencias.<\/li>\n<li><strong>Ejemplo:<\/strong> En una clase de biolog\u00eda, los estudiantes pueden diseccionar una flor para entender su estructura y funciones.<\/li>\n<\/ul>\n<\/li>\n<\/ul>\n<h3 style=\"padding-left: 40px; text-align: justify;\">4. <strong>Aprendizaje Colaborativo (Ac)<\/strong><\/h3>\n<p style=\"padding-left: 40px; text-align: justify;\">Trabajar en equipo para resolver problemas y compartir conocimientos fomenta la comunicaci\u00f3n, la creatividad y el pensamiento cr\u00edtico.<\/p>\n<ul style=\"text-align: justify;\">\n<li style=\"list-style-type: none;\">\n<ul>\n<li><strong>Importancia:<\/strong> La colaboraci\u00f3n fortalece las conexiones neuronales asociadas con la empat\u00eda y la resoluci\u00f3n de problemas, seg\u00fan estudios de neurociencia social.<\/li>\n<li><strong>Ejemplo:<\/strong> En matem\u00e1ticas, los estudiantes pueden trabajar juntos para resolver problemas complejos, discutiendo estrategias y soluciones.<\/li>\n<\/ul>\n<\/li>\n<\/ul>\n<h3 style=\"padding-left: 40px; text-align: justify;\">5. <strong>Aprendizaje Basado en Proyectos (Abp)<\/strong><\/h3>\n<p style=\"padding-left: 40px; text-align: justify;\">Enfrentar retos del mundo real a trav\u00e9s de proyectos fomenta el pensamiento cr\u00edtico, la investigaci\u00f3n y la creatividad.<\/p>\n<ul style=\"text-align: justify;\">\n<li style=\"list-style-type: none;\">\n<ul>\n<li><strong>Importancia:<\/strong> Seg\u00fan la pedagog\u00eda constructivista, este enfoque promueve un aprendizaje profundo y contextualizado.<\/li>\n<li><strong>Ejemplo:<\/strong> Los estudiantes podr\u00edan dise\u00f1ar una campa\u00f1a de conciencia ambiental para la comunidad, aplicando conocimientos de ciencias, comunicaci\u00f3n y arte.<\/li>\n<\/ul>\n<\/li>\n<\/ul>\n<h2 style=\"text-align: left;\" data-pm-slice=\"1 1 []\"><strong>Frameworks (Fr)<\/strong><\/h2>\n<h3 style=\"padding-left: 40px; text-align: justify;\">6. <strong>Andragog\u00eda (An)<\/strong><\/h3>\n<p style=\"padding-left: 40px; text-align: justify;\">Centrada en adultos, la andragog\u00eda enfatiza la autonom\u00eda y la experiencia previa como base para el aprendizaje significativo.<\/p>\n<ul style=\"text-align: justify;\">\n<li style=\"list-style-type: none;\">\n<ul>\n<li><strong>Importancia:<\/strong> Para docentes, entender las necesidades de los aprendices adultos mejora la efectividad de la formaci\u00f3n continua.<\/li>\n<li><strong>Ejemplo:<\/strong> En capacitaciones para docentes, se pueden incluir discusiones sobre experiencias previas y c\u00f3mo estas influyen en su pr\u00e1ctica educativa.<\/li>\n<\/ul>\n<\/li>\n<\/ul>\n<h3 style=\"padding-left: 40px; text-align: justify;\">7. <strong>Pedagog\u00eda (Pe)<\/strong><\/h3>\n<p style=\"padding-left: 40px; text-align: justify;\">Las pr\u00e1cticas de ense\u00f1anza centradas en ni\u00f1os y adolescentes aseguran un desarrollo \u00edntegro y equilibrado.<\/p>\n<ul style=\"text-align: justify;\">\n<li style=\"list-style-type: none;\">\n<ul>\n<li><strong>Importancia:<\/strong> Un enfoque pedag\u00f3gico adecuado es clave para el desarrollo emocional y cognitivo en los primeros a\u00f1os.<\/li>\n<li><strong>Ejemplo:<\/strong> Dise\u00f1ar actividades l\u00fadicas en preescolar para ense\u00f1ar conceptos matem\u00e1ticos b\u00e1sicos como contar y clasificar.<\/li>\n<\/ul>\n<\/li>\n<\/ul>\n<h3 style=\"padding-left: 40px; text-align: justify;\">8. <strong>Heutagog\u00eda (He)<\/strong><\/h3>\n<p style=\"padding-left: 40px; text-align: justify;\">Este enfoque promueve el aprendizaje autodirigido, donde los estudiantes asumen responsabilidad por su proceso.<\/p>\n<ul style=\"text-align: justify;\">\n<li style=\"list-style-type: none;\">\n<ul>\n<li><strong>Importancia:<\/strong> Desarrolla habilidades para el aprendizaje continuo, esenciales en un mundo en constante cambio.<\/li>\n<li><strong>Ejemplo:<\/strong> En secundaria, los estudiantes pueden planificar y ejecutar un proyecto de investigaci\u00f3n sobre un tema de inter\u00e9s personal.<\/li>\n<\/ul>\n<\/li>\n<\/ul>\n<h3 style=\"padding-left: 40px; text-align: justify;\">9. <strong>Marco de Aprendizaje Invertido (Ai)<\/strong><\/h3>\n<p style=\"padding-left: 40px; text-align: justify;\">Involucrar el aprendizaje fuera del aula (como videos o lecturas) permite usar el tiempo de clase para actividades m\u00e1s significativas.<\/p>\n<ul style=\"text-align: justify;\">\n<li style=\"list-style-type: none;\">\n<ul>\n<li><strong>Importancia:<\/strong> Optimiza el tiempo y fomenta un aprendizaje m\u00e1s activo y participativo en el aula.<\/li>\n<li><strong>Ejemplo:<\/strong> Los estudiantes ven un video explicativo sobre ecuaciones antes de la clase, y durante la sesi\u00f3n resuelven problemas con la ayuda del docente.<\/li>\n<\/ul>\n<\/li>\n<\/ul>\n<h2 style=\"text-align: left;\"><strong>Recursos (Re)<\/strong><\/h2>\n<h3 style=\"padding-left: 40px; text-align: justify;\">10. <strong>Bibliotecas Digitales (Bd)<\/strong><\/h3>\n<p style=\"padding-left: 40px; text-align: justify;\">Acceder a una amplia gama de libros electr\u00f3nicos y recursos en l\u00ednea democratiza el acceso al conocimiento.<\/p>\n<ul style=\"text-align: justify;\">\n<li style=\"list-style-type: none;\">\n<ul>\n<li><strong>Importancia:<\/strong> Ampl\u00eda las oportunidades de aprendizaje independiente y continuo.<\/li>\n<li><strong>Ejemplo:<\/strong> Los estudiantes pueden usar plataformas como Project Gutenberg para investigar cl\u00e1sicos literarios.<\/li>\n<\/ul>\n<\/li>\n<\/ul>\n<h3 style=\"padding-left: 40px; text-align: justify;\">11. <strong>Plataformas de E-Learning (PeL)<\/strong><\/h3>\n<p style=\"padding-left: 40px; text-align: justify;\">Herramientas como Udemy o Coursera ofrecen acceso a cursos especializados.<\/p>\n<ul style=\"text-align: justify;\">\n<li style=\"list-style-type: none;\">\n<ul>\n<li><strong>Importancia:<\/strong> Permiten la formaci\u00f3n flexible y personalizada para docentes y estudiantes.<\/li>\n<li><strong>Ejemplo:<\/strong> Los docentes pueden tomar un curso sobre tecnolog\u00eda educativa para integrar nuevas herramientas en sus clases.<\/li>\n<\/ul>\n<\/li>\n<\/ul>\n<h3 style=\"padding-left: 40px; text-align: justify;\">12. <strong>Podcasts Educativos (Pod)<\/strong><\/h3>\n<p style=\"padding-left: 40px; text-align: justify;\">Programas como TED Talks Education ofrecen contenido de calidad que enriquece la ense\u00f1anza.<\/p>\n<ul style=\"text-align: justify;\">\n<li style=\"list-style-type: none;\">\n<ul>\n<li><strong>Importancia:<\/strong> Facilitan el aprendizaje en cualquier lugar y momento.<\/li>\n<li><strong>Ejemplo:<\/strong> Incorporar episodios de podcasts relacionados con temas de clase y discutirlos posteriormente.<\/li>\n<\/ul>\n<\/li>\n<\/ul>\n<h3 style=\"padding-left: 40px; text-align: justify;\">13. <strong>Blogs Educativos (Be)<\/strong><\/h3>\n<p style=\"padding-left: 40px; text-align: justify;\">Explorar blogs especializados mantiene a los docentes actualizados en tendencias y estrategias.<\/p>\n<ul style=\"text-align: justify;\">\n<li style=\"list-style-type: none;\">\n<ul>\n<li><strong>Importancia:<\/strong> Proveen ideas frescas y recursos innovadores para el aula.<\/li>\n<li><strong>Ejemplo:<\/strong> Consultar blogs sobre aprendizaje gamificado para dise\u00f1ar actividades motivadoras.<\/li>\n<\/ul>\n<\/li>\n<\/ul>\n<h3 style=\"padding-left: 40px; text-align: justify;\">14. <strong>Repositorios de Investigaci\u00f3n (Ri)<\/strong><\/h3>\n<p style=\"padding-left: 40px; text-align: justify;\">Plataformas como Google Scholar facilitan el acceso a estudios acad\u00e9micos actualizados.<\/p>\n<ul style=\"text-align: justify;\">\n<li style=\"list-style-type: none;\">\n<ul>\n<li><strong>Importancia:<\/strong> Fortalecen la ense\u00f1anza basada en evidencia.<\/li>\n<li><strong>Ejemplo:<\/strong> Utilizar investigaciones recientes para fundamentar proyectos o debates en clase.<\/li>\n<\/ul>\n<\/li>\n<\/ul>\n<h2 style=\"text-align: left;\" data-pm-slice=\"1 1 []\"><strong>Conceptos Clave (Cc)<\/strong><\/h2>\n<h3 style=\"padding-left: 40px; text-align: justify;\">15. <strong>Metacognici\u00f3n (Mc)<\/strong><\/h3>\n<p style=\"padding-left: 40px; text-align: justify;\">Reflexionar sobre c\u00f3mo aprendemos mejora nuestra capacidad de aprender.<\/p>\n<ul style=\"text-align: justify;\">\n<li style=\"list-style-type: none;\">\n<ul>\n<li><strong>Importancia:<\/strong> Ayuda a los estudiantes a ser m\u00e1s conscientes y efectivos en su aprendizaje.<\/li>\n<li><strong>Ejemplo:<\/strong> Proponer a los estudiantes que lleven un diario de aprendizaje donde analicen sus fortalezas y \u00e1reas de mejora.<\/li>\n<\/ul>\n<\/li>\n<\/ul>\n<h3 style=\"padding-left: 40px; text-align: justify;\">16. <strong>Resiliencia (Re)<\/strong><\/h3>\n<p style=\"padding-left: 40px; text-align: justify;\">Superar obst\u00e1culos con determinaci\u00f3n prepara a los estudiantes para afrontar desaf\u00edos.<\/p>\n<ul style=\"text-align: justify;\">\n<li style=\"list-style-type: none;\">\n<ul>\n<li><strong>Importancia:<\/strong> Fomenta la estabilidad emocional y la perseverancia.<\/li>\n<li><strong>Ejemplo:<\/strong> En una clase de educaci\u00f3n f\u00edsica, incentivar a los estudiantes a seguir intentando hasta superar un reto deportivo.<\/li>\n<\/ul>\n<\/li>\n<\/ul>\n<h3 style=\"padding-left: 40px; text-align: justify;\">17. <strong>Mentalidad de Crecimiento (Mg)<\/strong><\/h3>\n<p style=\"padding-left: 40px; text-align: justify;\">Creer en la capacidad de mejora continua transforma la forma en que los estudiantes enfrentan los errores.<\/p>\n<ul style=\"text-align: justify;\">\n<li style=\"list-style-type: none;\">\n<ul>\n<li><strong>Importancia:<\/strong> Carol Dweck demost\u00f3 que esta mentalidad potencia el aprendizaje y la motivaci\u00f3n.<\/li>\n<li><strong>Ejemplo:<\/strong> Reconocer y celebrar los esfuerzos de los estudiantes, incluso si no alcanzan el \u00e9xito inmediato.<\/li>\n<\/ul>\n<\/li>\n<\/ul>\n<h3 style=\"padding-left: 40px; text-align: justify;\">18. <strong>Zona de Desarrollo Pr\u00f3ximo (Zd)<\/strong><\/h3>\n<p style=\"padding-left: 40px; text-align: justify;\">Identificar el espacio entre lo que un estudiante puede hacer por s\u00ed mismo y con ayuda maximiza su potencial.<\/p>\n<ul style=\"text-align: justify;\">\n<li style=\"list-style-type: none;\">\n<ul>\n<li><strong>Importancia:<\/strong> Lev Vygotsky resalt\u00f3 la importancia de este concepto para personalizar la ense\u00f1anza.<\/li>\n<li><strong>Ejemplo:<\/strong> En una clase de idiomas, guiar a un estudiante para que complete una oraci\u00f3n utilizando vocabulario nuevo con apoyo inicial.<\/li>\n<\/ul>\n<\/li>\n<\/ul>\n<h3 style=\"padding-left: 40px; text-align: justify;\">19. <strong>Pensamiento Cr\u00edtico (Pc)<\/strong><\/h3>\n<p style=\"padding-left: 40px; text-align: justify;\">Evaluar informaci\u00f3n de manera objetiva y argumentada es esencial en un mundo lleno de datos.<\/p>\n<ul style=\"text-align: justify;\">\n<li style=\"list-style-type: none;\">\n<ul>\n<li><strong>Importancia:<\/strong> Fortalece la toma de decisiones fundamentadas y el razonamiento l\u00f3gico.<\/li>\n<li><strong>Ejemplo:<\/strong> Proponer que los estudiantes analicen noticias desde diferentes fuentes para detectar sesgos y contrastar informaci\u00f3n.<\/li>\n<\/ul>\n<\/li>\n<\/ul>\n<p><img loading=\"lazy\" decoding=\"async\" class=\"alignnone size-large wp-image-107756\" src=\"https:\/\/webdelmaestrocmf.com\/portal\/wp-content\/uploads\/2025\/01\/Cream-Minimal-Illustrative-Things-to-Avoid-Poster-724x1024.webp\" alt=\"\" width=\"724\" height=\"1024\" srcset=\"https:\/\/webdelmaestrocmf.com\/portal\/wp-content\/uploads\/2025\/01\/Cream-Minimal-Illustrative-Things-to-Avoid-Poster-724x1024.webp 724w, https:\/\/webdelmaestrocmf.com\/portal\/wp-content\/uploads\/2025\/01\/Cream-Minimal-Illustrative-Things-to-Avoid-Poster-212x300.webp 212w, https:\/\/webdelmaestrocmf.com\/portal\/wp-content\/uploads\/2025\/01\/Cream-Minimal-Illustrative-Things-to-Avoid-Poster-768x1086.webp 768w, https:\/\/webdelmaestrocmf.com\/portal\/wp-content\/uploads\/2025\/01\/Cream-Minimal-Illustrative-Things-to-Avoid-Poster-1086x1536.webp 1086w, https:\/\/webdelmaestrocmf.com\/portal\/wp-content\/uploads\/2025\/01\/Cream-Minimal-Illustrative-Things-to-Avoid-Poster-1448x2048.webp 1448w, https:\/\/webdelmaestrocmf.com\/portal\/wp-content\/uploads\/2025\/01\/Cream-Minimal-Illustrative-Things-to-Avoid-Poster-380x537.webp 380w, https:\/\/webdelmaestrocmf.com\/portal\/wp-content\/uploads\/2025\/01\/Cream-Minimal-Illustrative-Things-to-Avoid-Poster-550x778.webp 550w, https:\/\/webdelmaestrocmf.com\/portal\/wp-content\/uploads\/2025\/01\/Cream-Minimal-Illustrative-Things-to-Avoid-Poster-800x1131.webp 800w, https:\/\/webdelmaestrocmf.com\/portal\/wp-content\/uploads\/2025\/01\/Cream-Minimal-Illustrative-Things-to-Avoid-Poster-1160x1640.webp 1160w, https:\/\/webdelmaestrocmf.com\/portal\/wp-content\/uploads\/2025\/01\/Cream-Minimal-Illustrative-Things-to-Avoid-Poster.webp 1768w\" sizes=\"auto, (max-width: 724px) 100vw, 724px\" \/><\/p>\n<p style=\"text-align: justify;\">Esta tabla peri\u00f3dica del aprendizaje no es solo un recurso visual, sino una gu\u00eda para que los docentes transformen su pr\u00e1ctica educativa y empoderen a sus estudiantes para enfrentar los retos del presente y el futuro.<\/p>\n<p style=\"text-align: right;\"><strong>REDACCI\u00d3N WEB DEL MAESTRO CMF\u00a0<\/strong><\/p>\n\t\t<div class=\"pk-inline-posts\">\n\t\t\t\n\t\t\t<div class=\"pk-inline-posts-container pk-inline-posts-template-list\"\n\t\t\t\tdata-columns=\"1\">\n\t\t\t\t\t\t<article id=\"post-102922\" class=\"post-102922 post type-post status-publish format-standard has-post-thumbnail category-metodologias category-pedagogia tag-activas tag-aprendizaje tag-metodologias tag-principios tag-siete cs-entry cs-video-wrap\">\n\t\t\t<div class=\"pk-post-outer\">\n\n\t\t\t\t\t\t\t\t<div class=\"pk-post-inner\">\n\t\t\t\t\t<div class=\"entry-thumbnail\">\n\t\t\t\t\t\t<div class=\"pk-overlay pk-overlay-ratio pk-ratio-landscape\">\n\t\t\t\t\t\t\t<div class=\"pk-overlay-background\">\n\t\t\t\t\t\t\t\t<a href=\"https:\/\/webdelmaestrocmf.com\/portal\/metodologias-activas-los-siete-principios-del-aprendizaje\/\" class=\"pk-overlay-link\">\n\t\t\t\t\t\t\t\t\t<img loading=\"lazy\" decoding=\"async\" width=\"300\" height=\"225\" src=\"https:\/\/webdelmaestrocmf.com\/portal\/wp-content\/uploads\/2024\/01\/Banner-1-portada-imagen-10-4-300x225.jpg\" class=\"attachment-pk-thumbnail size-pk-thumbnail wp-post-image\" alt=\"Metodolog\u00edas activas\" \/>\t\t\t\t\t\t\t\t<\/a>\n\t\t\t\t\t\t\t<\/div>\n\t\t\t\t\t\t<\/div>\n\t\t\t\t\t<\/div>\n\t\t\t\t<\/div>\n\t\t\t\t\n\t\t\t\t<div class=\"pk-post-inner\">\n\t\t\t\t\t<header>\n\t\t\t\t\t\t<h3 class=\"pk-title\"><a href=\"https:\/\/webdelmaestrocmf.com\/portal\/metodologias-activas-los-siete-principios-del-aprendizaje\/\" rel=\"bookmark\">Descarga los Manuales metodolog\u00edas activas: 7 principios del aprendizaje<\/a><\/h3>\t\t\t\t\t<\/header><!-- .entry-header -->\n\t\t\t\t<\/div><!-- .post-inner -->\n\n\t\t\t<\/div><!-- .post-outer -->\n\t\t<\/article>\n\t\t\t<article id=\"post-112108\" class=\"post-112108 post type-post status-publish format-standard has-post-thumbnail category-aprendizaje category-pedagogia tag-aprender tag-digital tag-ensenar tag-era tag-microlearning tag-nanolearning cs-entry cs-video-wrap\">\n\t\t\t<div class=\"pk-post-outer\">\n\n\t\t\t\t\t\t\t\t<div class=\"pk-post-inner\">\n\t\t\t\t\t<div class=\"entry-thumbnail\">\n\t\t\t\t\t\t<div class=\"pk-overlay pk-overlay-ratio pk-ratio-landscape\">\n\t\t\t\t\t\t\t<div class=\"pk-overlay-background\">\n\t\t\t\t\t\t\t\t<a href=\"https:\/\/webdelmaestrocmf.com\/portal\/microlearning-vs-nanolearning-nuevas-rutas-para-ensenar-y-aprender-en-la-era-digital\/\" class=\"pk-overlay-link\">\n\t\t\t\t\t\t\t\t\t<img loading=\"lazy\" decoding=\"async\" width=\"300\" height=\"225\" src=\"https:\/\/webdelmaestrocmf.com\/portal\/wp-content\/uploads\/2025\/09\/1A-Banner-1-portada-imagen-10-1-copia-2025-09-12T204727.639-300x225.webp\" class=\"attachment-pk-thumbnail size-pk-thumbnail wp-post-image\" alt=\"\" \/>\t\t\t\t\t\t\t\t<\/a>\n\t\t\t\t\t\t\t<\/div>\n\t\t\t\t\t\t<\/div>\n\t\t\t\t\t<\/div>\n\t\t\t\t<\/div>\n\t\t\t\t\n\t\t\t\t<div class=\"pk-post-inner\">\n\t\t\t\t\t<header>\n\t\t\t\t\t\t<h3 class=\"pk-title\"><a href=\"https:\/\/webdelmaestrocmf.com\/portal\/microlearning-vs-nanolearning-nuevas-rutas-para-ensenar-y-aprender-en-la-era-digital\/\" rel=\"bookmark\">Microlearning vs Nanolearning: nuevas rutas para ense\u00f1ar y aprender en la era digital<\/a><\/h3>\t\t\t\t\t<\/header><!-- .entry-header -->\n\t\t\t\t<\/div><!-- .post-inner -->\n\n\t\t\t<\/div><!-- .post-outer -->\n\t\t<\/article>\n\t\t\t<article id=\"post-110041\" class=\"post-110041 post type-post status-publish format-standard has-post-thumbnail category-aprendizaje category-pedagogia tag-aprendizaje tag-curricular tag-innovacion-2 cs-entry cs-video-wrap\">\n\t\t\t<div class=\"pk-post-outer\">\n\n\t\t\t\t\t\t\t\t<div class=\"pk-post-inner\">\n\t\t\t\t\t<div class=\"entry-thumbnail\">\n\t\t\t\t\t\t<div class=\"pk-overlay pk-overlay-ratio pk-ratio-landscape\">\n\t\t\t\t\t\t\t<div class=\"pk-overlay-background\">\n\t\t\t\t\t\t\t\t<a href=\"https:\/\/webdelmaestrocmf.com\/portal\/rueda-de-la-innovacion-curricular-transformar-el-aprendizaje-desde-la-raiz\/\" class=\"pk-overlay-link\">\n\t\t\t\t\t\t\t\t\t<img loading=\"lazy\" decoding=\"async\" width=\"300\" height=\"225\" src=\"https:\/\/webdelmaestrocmf.com\/portal\/wp-content\/uploads\/2025\/06\/1A-Banner-1-portada-imagen-10-1-copia-3-1-300x225.jpg\" class=\"attachment-pk-thumbnail size-pk-thumbnail wp-post-image\" alt=\"\" \/>\t\t\t\t\t\t\t\t<\/a>\n\t\t\t\t\t\t\t<\/div>\n\t\t\t\t\t\t<\/div>\n\t\t\t\t\t<\/div>\n\t\t\t\t<\/div>\n\t\t\t\t\n\t\t\t\t<div class=\"pk-post-inner\">\n\t\t\t\t\t<header>\n\t\t\t\t\t\t<h3 class=\"pk-title\"><a href=\"https:\/\/webdelmaestrocmf.com\/portal\/rueda-de-la-innovacion-curricular-transformar-el-aprendizaje-desde-la-raiz\/\" rel=\"bookmark\">Rueda de la innovaci\u00f3n curricular: transformar el aprendizaje desde la ra\u00edz<\/a><\/h3>\t\t\t\t\t<\/header><!-- .entry-header -->\n\t\t\t\t<\/div><!-- .post-inner -->\n\n\t\t\t<\/div><!-- .post-outer -->\n\t\t<\/article>\n\t\t\t\t<\/div>\n\t\t<\/div>\n\t\t\n","protected":false},"excerpt":{"rendered":"La educaci\u00f3n evoluciona constantemente y, como docentes, es fundamental adaptarnos a las nuevas demandas de este siglo. La&hellip;","protected":false},"author":1,"featured_media":107751,"comment_status":"open","ping_status":"closed","sticky":false,"template":"","format":"standard","meta":{"csco_display_header_overlay":false,"csco_singular_sidebar":"","csco_page_header_type":"","csco_page_load_nextpost":"","csco_post_video_location":[],"csco_post_video_location_hash":"","csco_post_video_url":"","csco_post_video_bg_start_time":0,"csco_post_video_bg_end_time":0,"csco_post_video_bg_volume":false,"_jetpack_memberships_contains_paid_content":false,"footnotes":""},"categories":[14284,16306,735],"tags":[77,4343,1963],"class_list":{"0":"post-107749","1":"post","2":"type-post","3":"status-publish","4":"format-standard","5":"has-post-thumbnail","7":"category-aprendizaje","8":"category-metodologias","9":"category-pedagogia","10":"tag-aprendizaje","11":"tag-periodica","12":"tag-tabla","13":"cs-entry","14":"cs-video-wrap"},"yoast_head":"<!-- This site is optimized with the Yoast SEO plugin v27.5 - https:\/\/yoast.com\/product\/yoast-seo-wordpress\/ -->\n<title>La tabla peri\u00f3dica del aprendizaje que todo docente debe conocer - 2026<\/title>\n<meta name=\"description\" content=\"La &quot;Tabla Peri\u00f3dica del Aprendizaje&quot; nos ofrece una gu\u00eda clara y estructurada para entender y aplicar metodolog\u00edas, frameworks, recursos....\" \/>\n<meta name=\"robots\" content=\"index, follow, max-snippet:-1, max-image-preview:large, max-video-preview:-1\" \/>\n<link rel=\"canonical\" href=\"https:\/\/webdelmaestrocmf.com\/portal\/la-tabla-periodica-del-aprendizaje\/\" \/>\n<meta property=\"og:locale\" content=\"es_ES\" \/>\n<meta property=\"og:type\" content=\"article\" \/>\n<meta property=\"og:title\" content=\"La tabla peri\u00f3dica del aprendizaje que todo docente debe conocer - 2026\" \/>\n<meta property=\"og:description\" content=\"La &quot;Tabla Peri\u00f3dica del Aprendizaje&quot; nos ofrece una gu\u00eda clara y estructurada para entender y aplicar metodolog\u00edas, frameworks, recursos....\" \/>\n<meta property=\"og:url\" content=\"https:\/\/webdelmaestrocmf.com\/portal\/la-tabla-periodica-del-aprendizaje\/\" \/>\n<meta property=\"og:site_name\" content=\"Web del Maestro CMF\" \/>\n<meta property=\"article:publisher\" content=\"https:\/\/www.facebook.com\/WebdelMaestroCMF\/\" \/>\n<meta property=\"article:author\" content=\"https:\/\/www.facebook.com\/WebdelMaestroCMF\/\" \/>\n<meta property=\"article:published_time\" content=\"2025-01-29T18:05:51+00:00\" \/>\n<meta property=\"article:modified_time\" content=\"2025-01-29T18:14:15+00:00\" \/>\n<meta property=\"og:image\" content=\"https:\/\/webdelmaestrocmf.com\/portal\/wp-content\/uploads\/2025\/01\/1A-Banner-1-portada-imagen-10-1-6.jpg\" \/>\n\t<meta property=\"og:image:width\" content=\"1024\" \/>\n\t<meta property=\"og:image:height\" content=\"1024\" \/>\n\t<meta property=\"og:image:type\" content=\"image\/jpeg\" \/>\n<meta name=\"author\" content=\"Web del Maestro CMF\" \/>\n<meta name=\"twitter:card\" content=\"summary_large_image\" \/>\n<meta name=\"twitter:creator\" content=\"@cmf_w\" \/>\n<meta name=\"twitter:site\" content=\"@cmf_w\" \/>\n<script type=\"application\/ld+json\" class=\"yoast-schema-graph\">{\"@context\":\"https:\\\/\\\/schema.org\",\"@graph\":[{\"@type\":\"ScholarlyArticle\",\"@id\":\"https:\\\/\\\/webdelmaestrocmf.com\\\/portal\\\/la-tabla-periodica-del-aprendizaje\\\/#article\",\"isPartOf\":{\"@id\":\"https:\\\/\\\/webdelmaestrocmf.com\\\/portal\\\/la-tabla-periodica-del-aprendizaje\\\/\"},\"author\":{\"name\":\"Web del Maestro CMF\",\"@id\":\"https:\\\/\\\/webdelmaestrocmf.com\\\/portal\\\/#\\\/schema\\\/person\\\/1072a2ed7bd960df8ef99a551fa35dc5\"},\"headline\":\"La tabla peri\u00f3dica del aprendizaje que todo docente debe conocer\",\"datePublished\":\"2025-01-29T18:05:51+00:00\",\"dateModified\":\"2025-01-29T18:14:15+00:00\",\"mainEntityOfPage\":{\"@id\":\"https:\\\/\\\/webdelmaestrocmf.com\\\/portal\\\/la-tabla-periodica-del-aprendizaje\\\/\"},\"wordCount\":1214,\"commentCount\":0,\"publisher\":{\"@id\":\"https:\\\/\\\/webdelmaestrocmf.com\\\/portal\\\/#organization\"},\"image\":{\"@id\":\"https:\\\/\\\/webdelmaestrocmf.com\\\/portal\\\/la-tabla-periodica-del-aprendizaje\\\/#primaryimage\"},\"thumbnailUrl\":\"https:\\\/\\\/webdelmaestrocmf.com\\\/portal\\\/wp-content\\\/uploads\\\/2025\\\/01\\\/1A-Banner-1-portada-imagen-10-1-6.jpg\",\"keywords\":[\"aprendizaje\",\"PERI\u00d3DICA\",\"TABLA\"],\"articleSection\":[\"Aprendizaje\",\"Metodolog\u00edas\",\"Recursos\"],\"inLanguage\":\"es\",\"potentialAction\":[{\"@type\":\"CommentAction\",\"name\":\"Comment\",\"target\":[\"https:\\\/\\\/webdelmaestrocmf.com\\\/portal\\\/la-tabla-periodica-del-aprendizaje\\\/#respond\"]}]},{\"@type\":\"WebPage\",\"@id\":\"https:\\\/\\\/webdelmaestrocmf.com\\\/portal\\\/la-tabla-periodica-del-aprendizaje\\\/\",\"url\":\"https:\\\/\\\/webdelmaestrocmf.com\\\/portal\\\/la-tabla-periodica-del-aprendizaje\\\/\",\"name\":\"La tabla peri\u00f3dica del aprendizaje que todo docente debe conocer - 2026\",\"isPartOf\":{\"@id\":\"https:\\\/\\\/webdelmaestrocmf.com\\\/portal\\\/#website\"},\"primaryImageOfPage\":{\"@id\":\"https:\\\/\\\/webdelmaestrocmf.com\\\/portal\\\/la-tabla-periodica-del-aprendizaje\\\/#primaryimage\"},\"image\":{\"@id\":\"https:\\\/\\\/webdelmaestrocmf.com\\\/portal\\\/la-tabla-periodica-del-aprendizaje\\\/#primaryimage\"},\"thumbnailUrl\":\"https:\\\/\\\/webdelmaestrocmf.com\\\/portal\\\/wp-content\\\/uploads\\\/2025\\\/01\\\/1A-Banner-1-portada-imagen-10-1-6.jpg\",\"datePublished\":\"2025-01-29T18:05:51+00:00\",\"dateModified\":\"2025-01-29T18:14:15+00:00\",\"description\":\"La \\\"Tabla Peri\u00f3dica del Aprendizaje\\\" nos ofrece una gu\u00eda clara y estructurada para entender y aplicar metodolog\u00edas, frameworks, recursos....\",\"breadcrumb\":{\"@id\":\"https:\\\/\\\/webdelmaestrocmf.com\\\/portal\\\/la-tabla-periodica-del-aprendizaje\\\/#breadcrumb\"},\"inLanguage\":\"es\",\"potentialAction\":[{\"@type\":\"ReadAction\",\"target\":[\"https:\\\/\\\/webdelmaestrocmf.com\\\/portal\\\/la-tabla-periodica-del-aprendizaje\\\/\"]}]},{\"@type\":\"ImageObject\",\"inLanguage\":\"es\",\"@id\":\"https:\\\/\\\/webdelmaestrocmf.com\\\/portal\\\/la-tabla-periodica-del-aprendizaje\\\/#primaryimage\",\"url\":\"https:\\\/\\\/webdelmaestrocmf.com\\\/portal\\\/wp-content\\\/uploads\\\/2025\\\/01\\\/1A-Banner-1-portada-imagen-10-1-6.jpg\",\"contentUrl\":\"https:\\\/\\\/webdelmaestrocmf.com\\\/portal\\\/wp-content\\\/uploads\\\/2025\\\/01\\\/1A-Banner-1-portada-imagen-10-1-6.jpg\",\"width\":1024,\"height\":1024},{\"@type\":\"BreadcrumbList\",\"@id\":\"https:\\\/\\\/webdelmaestrocmf.com\\\/portal\\\/la-tabla-periodica-del-aprendizaje\\\/#breadcrumb\",\"itemListElement\":[{\"@type\":\"ListItem\",\"position\":1,\"name\":\"Portada\",\"item\":\"https:\\\/\\\/webdelmaestrocmf.com\\\/portal\\\/\"},{\"@type\":\"ListItem\",\"position\":2,\"name\":\"Recursos\",\"item\":\"https:\\\/\\\/webdelmaestrocmf.com\\\/portal\\\/category\\\/pedagogia\\\/\"},{\"@type\":\"ListItem\",\"position\":3,\"name\":\"La tabla peri\u00f3dica del aprendizaje que todo docente debe conocer\"}]},{\"@type\":\"WebSite\",\"@id\":\"https:\\\/\\\/webdelmaestrocmf.com\\\/portal\\\/#website\",\"url\":\"https:\\\/\\\/webdelmaestrocmf.com\\\/portal\\\/\",\"name\":\"Web del Maestro CMF\",\"description\":\"Maestros al servicio de la educaci\u00f3n\",\"publisher\":{\"@id\":\"https:\\\/\\\/webdelmaestrocmf.com\\\/portal\\\/#organization\"},\"alternateName\":\"WMCMF\",\"potentialAction\":[{\"@type\":\"SearchAction\",\"target\":{\"@type\":\"EntryPoint\",\"urlTemplate\":\"https:\\\/\\\/webdelmaestrocmf.com\\\/portal\\\/?s={search_term_string}\"},\"query-input\":{\"@type\":\"PropertyValueSpecification\",\"valueRequired\":true,\"valueName\":\"search_term_string\"}}],\"inLanguage\":\"es\"},{\"@type\":\"Organization\",\"@id\":\"https:\\\/\\\/webdelmaestrocmf.com\\\/portal\\\/#organization\",\"name\":\"Web del Maestro CMF\",\"alternateName\":\"WMCMF\",\"url\":\"https:\\\/\\\/webdelmaestrocmf.com\\\/portal\\\/\",\"logo\":{\"@type\":\"ImageObject\",\"inLanguage\":\"es\",\"@id\":\"https:\\\/\\\/webdelmaestrocmf.com\\\/portal\\\/#\\\/schema\\\/logo\\\/image\\\/\",\"url\":\"https:\\\/\\\/webdelmaestrocmf.com\\\/portal\\\/wp-content\\\/uploads\\\/2023\\\/01\\\/logo-wmcmf-2.png\",\"contentUrl\":\"https:\\\/\\\/webdelmaestrocmf.com\\\/portal\\\/wp-content\\\/uploads\\\/2023\\\/01\\\/logo-wmcmf-2.png\",\"width\":200,\"height\":60,\"caption\":\"Web del Maestro CMF\"},\"image\":{\"@id\":\"https:\\\/\\\/webdelmaestrocmf.com\\\/portal\\\/#\\\/schema\\\/logo\\\/image\\\/\"},\"sameAs\":[\"https:\\\/\\\/www.facebook.com\\\/WebdelMaestroCMF\\\/\",\"https:\\\/\\\/x.com\\\/cmf_w\",\"https:\\\/\\\/www.pinterest.com\\\/WMCMF\\\/\",\"https:\\\/\\\/www.linkedin.com\\\/company\\\/web-del-maestro-cmf\\\/\",\"https:\\\/\\\/www.instagram.com\\\/wmcmf\\\/\",\"https:\\\/\\\/www.youtube.com\\\/channel\\\/UCDPSvjbdodE5sHnC3OxutHw\",\"https:\\\/\\\/mastodon.social\\\/@wmcmf\",\"https:\\\/\\\/www.tiktok.com\\\/@webdelmaestrocmf\"]},{\"@type\":\"Person\",\"@id\":\"https:\\\/\\\/webdelmaestrocmf.com\\\/portal\\\/#\\\/schema\\\/person\\\/1072a2ed7bd960df8ef99a551fa35dc5\",\"name\":\"Web del Maestro CMF\",\"image\":{\"@type\":\"ImageObject\",\"inLanguage\":\"es\",\"@id\":\"https:\\\/\\\/secure.gravatar.com\\\/avatar\\\/23291dd5b5ae1077dcff3dbb04c3e02bd28403fa75af6d8787d5e97c5bbbe30b?s=96&d=mm&r=g\",\"url\":\"https:\\\/\\\/secure.gravatar.com\\\/avatar\\\/23291dd5b5ae1077dcff3dbb04c3e02bd28403fa75af6d8787d5e97c5bbbe30b?s=96&d=mm&r=g\",\"contentUrl\":\"https:\\\/\\\/secure.gravatar.com\\\/avatar\\\/23291dd5b5ae1077dcff3dbb04c3e02bd28403fa75af6d8787d5e97c5bbbe30b?s=96&d=mm&r=g\",\"caption\":\"Web del Maestro CMF\"},\"description\":\"Esta Web se cre\u00f3 sin fines de lucro, con fines educativos, cient\u00edficos y acad\u00e9micos, para personas que tengan dificultades y\\\/o inconvenientes en visualizar el material original. El objetivo es entregar recursos, compartir experiencias y materiales que ayuden a los padres de familia, maestros y estudiantes en su actualizaci\u00f3n y formaci\u00f3n permanente, en bien de la Educaci\u00f3n.\",\"sameAs\":[\"http:\\\/\\\/webdelmaestrocmf.com\\\/portal\",\"https:\\\/\\\/www.facebook.com\\\/WebdelMaestroCMF\\\/\",\"https:\\\/\\\/www.instagram.com\\\/wmcmf\\\/\",\"https:\\\/\\\/cl.linkedin.com\\\/company\\\/web-del-maestro-cmf\",\"https:\\\/\\\/www.pinterest.com\\\/WMCMF\\\/publicaciones\\\/\",\"https:\\\/\\\/x.com\\\/cmf_w\",\"https:\\\/\\\/www.youtube.com\\\/@WMCMF\"]}]}<\/script>\n<!-- \/ Yoast SEO plugin. -->","yoast_head_json":{"title":"La tabla peri\u00f3dica del aprendizaje que todo docente debe conocer - 2026","description":"La \"Tabla Peri\u00f3dica del Aprendizaje\" nos ofrece una gu\u00eda clara y estructurada para entender y aplicar metodolog\u00edas, frameworks, recursos....","robots":{"index":"index","follow":"follow","max-snippet":"max-snippet:-1","max-image-preview":"max-image-preview:large","max-video-preview":"max-video-preview:-1"},"canonical":"https:\/\/webdelmaestrocmf.com\/portal\/la-tabla-periodica-del-aprendizaje\/","og_locale":"es_ES","og_type":"article","og_title":"La tabla peri\u00f3dica del aprendizaje que todo docente debe conocer - 2026","og_description":"La \"Tabla Peri\u00f3dica del Aprendizaje\" nos ofrece una gu\u00eda clara y estructurada para entender y aplicar metodolog\u00edas, frameworks, recursos....","og_url":"https:\/\/webdelmaestrocmf.com\/portal\/la-tabla-periodica-del-aprendizaje\/","og_site_name":"Web del Maestro CMF","article_publisher":"https:\/\/www.facebook.com\/WebdelMaestroCMF\/","article_author":"https:\/\/www.facebook.com\/WebdelMaestroCMF\/","article_published_time":"2025-01-29T18:05:51+00:00","article_modified_time":"2025-01-29T18:14:15+00:00","og_image":[{"width":1024,"height":1024,"url":"https:\/\/webdelmaestrocmf.com\/portal\/wp-content\/uploads\/2025\/01\/1A-Banner-1-portada-imagen-10-1-6.jpg","type":"image\/jpeg"}],"author":"Web del Maestro CMF","twitter_card":"summary_large_image","twitter_creator":"@cmf_w","twitter_site":"@cmf_w","schema":{"@context":"https:\/\/schema.org","@graph":[{"@type":"ScholarlyArticle","@id":"https:\/\/webdelmaestrocmf.com\/portal\/la-tabla-periodica-del-aprendizaje\/#article","isPartOf":{"@id":"https:\/\/webdelmaestrocmf.com\/portal\/la-tabla-periodica-del-aprendizaje\/"},"author":{"name":"Web del Maestro CMF","@id":"https:\/\/webdelmaestrocmf.com\/portal\/#\/schema\/person\/1072a2ed7bd960df8ef99a551fa35dc5"},"headline":"La tabla peri\u00f3dica del aprendizaje que todo docente debe conocer","datePublished":"2025-01-29T18:05:51+00:00","dateModified":"2025-01-29T18:14:15+00:00","mainEntityOfPage":{"@id":"https:\/\/webdelmaestrocmf.com\/portal\/la-tabla-periodica-del-aprendizaje\/"},"wordCount":1214,"commentCount":0,"publisher":{"@id":"https:\/\/webdelmaestrocmf.com\/portal\/#organization"},"image":{"@id":"https:\/\/webdelmaestrocmf.com\/portal\/la-tabla-periodica-del-aprendizaje\/#primaryimage"},"thumbnailUrl":"https:\/\/webdelmaestrocmf.com\/portal\/wp-content\/uploads\/2025\/01\/1A-Banner-1-portada-imagen-10-1-6.jpg","keywords":["aprendizaje","PERI\u00d3DICA","TABLA"],"articleSection":["Aprendizaje","Metodolog\u00edas","Recursos"],"inLanguage":"es","potentialAction":[{"@type":"CommentAction","name":"Comment","target":["https:\/\/webdelmaestrocmf.com\/portal\/la-tabla-periodica-del-aprendizaje\/#respond"]}]},{"@type":"WebPage","@id":"https:\/\/webdelmaestrocmf.com\/portal\/la-tabla-periodica-del-aprendizaje\/","url":"https:\/\/webdelmaestrocmf.com\/portal\/la-tabla-periodica-del-aprendizaje\/","name":"La tabla peri\u00f3dica del aprendizaje que todo docente debe conocer - 2026","isPartOf":{"@id":"https:\/\/webdelmaestrocmf.com\/portal\/#website"},"primaryImageOfPage":{"@id":"https:\/\/webdelmaestrocmf.com\/portal\/la-tabla-periodica-del-aprendizaje\/#primaryimage"},"image":{"@id":"https:\/\/webdelmaestrocmf.com\/portal\/la-tabla-periodica-del-aprendizaje\/#primaryimage"},"thumbnailUrl":"https:\/\/webdelmaestrocmf.com\/portal\/wp-content\/uploads\/2025\/01\/1A-Banner-1-portada-imagen-10-1-6.jpg","datePublished":"2025-01-29T18:05:51+00:00","dateModified":"2025-01-29T18:14:15+00:00","description":"La \"Tabla Peri\u00f3dica del Aprendizaje\" nos ofrece una gu\u00eda clara y estructurada para entender y aplicar metodolog\u00edas, frameworks, recursos....","breadcrumb":{"@id":"https:\/\/webdelmaestrocmf.com\/portal\/la-tabla-periodica-del-aprendizaje\/#breadcrumb"},"inLanguage":"es","potentialAction":[{"@type":"ReadAction","target":["https:\/\/webdelmaestrocmf.com\/portal\/la-tabla-periodica-del-aprendizaje\/"]}]},{"@type":"ImageObject","inLanguage":"es","@id":"https:\/\/webdelmaestrocmf.com\/portal\/la-tabla-periodica-del-aprendizaje\/#primaryimage","url":"https:\/\/webdelmaestrocmf.com\/portal\/wp-content\/uploads\/2025\/01\/1A-Banner-1-portada-imagen-10-1-6.jpg","contentUrl":"https:\/\/webdelmaestrocmf.com\/portal\/wp-content\/uploads\/2025\/01\/1A-Banner-1-portada-imagen-10-1-6.jpg","width":1024,"height":1024},{"@type":"BreadcrumbList","@id":"https:\/\/webdelmaestrocmf.com\/portal\/la-tabla-periodica-del-aprendizaje\/#breadcrumb","itemListElement":[{"@type":"ListItem","position":1,"name":"Portada","item":"https:\/\/webdelmaestrocmf.com\/portal\/"},{"@type":"ListItem","position":2,"name":"Recursos","item":"https:\/\/webdelmaestrocmf.com\/portal\/category\/pedagogia\/"},{"@type":"ListItem","position":3,"name":"La tabla peri\u00f3dica del aprendizaje que todo docente debe conocer"}]},{"@type":"WebSite","@id":"https:\/\/webdelmaestrocmf.com\/portal\/#website","url":"https:\/\/webdelmaestrocmf.com\/portal\/","name":"Web del Maestro CMF","description":"Maestros al servicio de la educaci\u00f3n","publisher":{"@id":"https:\/\/webdelmaestrocmf.com\/portal\/#organization"},"alternateName":"WMCMF","potentialAction":[{"@type":"SearchAction","target":{"@type":"EntryPoint","urlTemplate":"https:\/\/webdelmaestrocmf.com\/portal\/?s={search_term_string}"},"query-input":{"@type":"PropertyValueSpecification","valueRequired":true,"valueName":"search_term_string"}}],"inLanguage":"es"},{"@type":"Organization","@id":"https:\/\/webdelmaestrocmf.com\/portal\/#organization","name":"Web del Maestro CMF","alternateName":"WMCMF","url":"https:\/\/webdelmaestrocmf.com\/portal\/","logo":{"@type":"ImageObject","inLanguage":"es","@id":"https:\/\/webdelmaestrocmf.com\/portal\/#\/schema\/logo\/image\/","url":"https:\/\/webdelmaestrocmf.com\/portal\/wp-content\/uploads\/2023\/01\/logo-wmcmf-2.png","contentUrl":"https:\/\/webdelmaestrocmf.com\/portal\/wp-content\/uploads\/2023\/01\/logo-wmcmf-2.png","width":200,"height":60,"caption":"Web del Maestro CMF"},"image":{"@id":"https:\/\/webdelmaestrocmf.com\/portal\/#\/schema\/logo\/image\/"},"sameAs":["https:\/\/www.facebook.com\/WebdelMaestroCMF\/","https:\/\/x.com\/cmf_w","https:\/\/www.pinterest.com\/WMCMF\/","https:\/\/www.linkedin.com\/company\/web-del-maestro-cmf\/","https:\/\/www.instagram.com\/wmcmf\/","https:\/\/www.youtube.com\/channel\/UCDPSvjbdodE5sHnC3OxutHw","https:\/\/mastodon.social\/@wmcmf","https:\/\/www.tiktok.com\/@webdelmaestrocmf"]},{"@type":"Person","@id":"https:\/\/webdelmaestrocmf.com\/portal\/#\/schema\/person\/1072a2ed7bd960df8ef99a551fa35dc5","name":"Web del Maestro CMF","image":{"@type":"ImageObject","inLanguage":"es","@id":"https:\/\/secure.gravatar.com\/avatar\/23291dd5b5ae1077dcff3dbb04c3e02bd28403fa75af6d8787d5e97c5bbbe30b?s=96&d=mm&r=g","url":"https:\/\/secure.gravatar.com\/avatar\/23291dd5b5ae1077dcff3dbb04c3e02bd28403fa75af6d8787d5e97c5bbbe30b?s=96&d=mm&r=g","contentUrl":"https:\/\/secure.gravatar.com\/avatar\/23291dd5b5ae1077dcff3dbb04c3e02bd28403fa75af6d8787d5e97c5bbbe30b?s=96&d=mm&r=g","caption":"Web del Maestro CMF"},"description":"Esta Web se cre\u00f3 sin fines de lucro, con fines educativos, cient\u00edficos y acad\u00e9micos, para personas que tengan dificultades y\/o inconvenientes en visualizar el material original. El objetivo es entregar recursos, compartir experiencias y materiales que ayuden a los padres de familia, maestros y estudiantes en su actualizaci\u00f3n y formaci\u00f3n permanente, en bien de la Educaci\u00f3n.","sameAs":["http:\/\/webdelmaestrocmf.com\/portal","https:\/\/www.facebook.com\/WebdelMaestroCMF\/","https:\/\/www.instagram.com\/wmcmf\/","https:\/\/cl.linkedin.com\/company\/web-del-maestro-cmf","https:\/\/www.pinterest.com\/WMCMF\/publicaciones\/","https:\/\/x.com\/cmf_w","https:\/\/www.youtube.com\/@WMCMF"]}]}},"jetpack_featured_media_url":"https:\/\/webdelmaestrocmf.com\/portal\/wp-content\/uploads\/2025\/01\/1A-Banner-1-portada-imagen-10-1-6.jpg","jetpack_sharing_enabled":true,"jetpack-related-posts":[{"id":102922,"url":"https:\/\/webdelmaestrocmf.com\/portal\/metodologias-activas-los-siete-principios-del-aprendizaje\/","url_meta":{"origin":107749,"position":0},"title":"Descarga los Manuales metodolog\u00edas activas: 7 principios del aprendizaje","author":"Web del Maestro CMF","date":"24 marzo, 2026","format":false,"excerpt":"Las metodolog\u00edas activas destacan que el aprendizaje depende del conocimiento previo, la organizaci\u00f3n del saber, la motivaci\u00f3n, la pr\u00e1ctica con retroalimentaci\u00f3n, el clima del aula y la autorregulaci\u00f3n del estudiante.","rel":"","context":"En \u00abMetodolog\u00edas\u00bb","block_context":{"text":"Metodolog\u00edas","link":"https:\/\/webdelmaestrocmf.com\/portal\/category\/pedagogia\/metodologias\/"},"img":{"alt_text":"Metodolog\u00edas activas","src":"https:\/\/i0.wp.com\/webdelmaestrocmf.com\/portal\/wp-content\/uploads\/2024\/01\/Banner-1-portada-imagen-10-4.jpg?resize=350%2C200&ssl=1","width":350,"height":200,"srcset":"https:\/\/i0.wp.com\/webdelmaestrocmf.com\/portal\/wp-content\/uploads\/2024\/01\/Banner-1-portada-imagen-10-4.jpg?resize=350%2C200&ssl=1 1x, https:\/\/i0.wp.com\/webdelmaestrocmf.com\/portal\/wp-content\/uploads\/2024\/01\/Banner-1-portada-imagen-10-4.jpg?resize=525%2C300&ssl=1 1.5x, https:\/\/i0.wp.com\/webdelmaestrocmf.com\/portal\/wp-content\/uploads\/2024\/01\/Banner-1-portada-imagen-10-4.jpg?resize=700%2C400&ssl=1 2x"},"classes":[]},{"id":112567,"url":"https:\/\/webdelmaestrocmf.com\/portal\/aprendizaje-basado-en-retos-una-metodologia-para-formar-solucionadores-del-futuro-descarga-el-manual-en-pdf\/","url_meta":{"origin":107749,"position":1},"title":"Aprendizaje Basado en Retos: una metodolog\u00eda para formar solucionadores del futuro. Descarga el manual en PDF","author":"Web del Maestro CMF","date":"13 octubre, 2025","format":false,"excerpt":"El Aprendizaje Basado en Retos (ABR) es una metodolog\u00eda activa que se alinea con los principios del Aprendizaje Basado en Problemas y Proyectos, ambos descritos detalladamente en el Manual de Metodolog\u00edas Activas de Ense\u00f1anza y Aprendizaje de la Universidad Alberto Hurtado. Su esencia radica en que los estudiantes aprenden resolviendo\u2026","rel":"","context":"En \u00abLibros\u00bb","block_context":{"text":"Libros","link":"https:\/\/webdelmaestrocmf.com\/portal\/category\/pedagogia\/libros\/"},"img":{"alt_text":"","src":"https:\/\/i0.wp.com\/webdelmaestrocmf.com\/portal\/wp-content\/uploads\/2025\/10\/1A-Banner-1-portada-imagen-10-1-copia-4-1.jpg?resize=350%2C200&ssl=1","width":350,"height":200,"srcset":"https:\/\/i0.wp.com\/webdelmaestrocmf.com\/portal\/wp-content\/uploads\/2025\/10\/1A-Banner-1-portada-imagen-10-1-copia-4-1.jpg?resize=350%2C200&ssl=1 1x, https:\/\/i0.wp.com\/webdelmaestrocmf.com\/portal\/wp-content\/uploads\/2025\/10\/1A-Banner-1-portada-imagen-10-1-copia-4-1.jpg?resize=525%2C300&ssl=1 1.5x, https:\/\/i0.wp.com\/webdelmaestrocmf.com\/portal\/wp-content\/uploads\/2025\/10\/1A-Banner-1-portada-imagen-10-1-copia-4-1.jpg?resize=700%2C400&ssl=1 2x"},"classes":[]},{"id":107204,"url":"https:\/\/webdelmaestrocmf.com\/portal\/que-debe-tener-en-cuenta-un-docente-para-capacitarse-en-este-nuevo-periodo-2025\/","url_meta":{"origin":107749,"position":2},"title":"Qu\u00e9 debe tener en cuenta un docente para capacitarse en este nuevo periodo 2026","author":"Web del Maestro CMF","date":"21 diciembre, 2025","format":false,"excerpt":"La formaci\u00f3n docente se ha convertido en una necesidad estrat\u00e9gica para enfrentar los retos del aula del futuro. El a\u00f1o 2026 marca un periodo crucial, caracterizado por la integraci\u00f3n de tecnolog\u00edas emergentes, el cambio en las din\u00e1micas de aprendizaje y las crecientes demandas de las comunidades escolares. Para mantenerse a\u2026","rel":"","context":"En \u00abCapacitaci\u00f3n\u00bb","block_context":{"text":"Capacitaci\u00f3n","link":"https:\/\/webdelmaestrocmf.com\/portal\/category\/pedagogia\/capacitacion\/"},"img":{"alt_text":"","src":"https:\/\/i0.wp.com\/webdelmaestrocmf.com\/portal\/wp-content\/uploads\/2024\/12\/Banner-1-portada-imagen-10-1-31.jpg?resize=350%2C200&ssl=1","width":350,"height":200,"srcset":"https:\/\/i0.wp.com\/webdelmaestrocmf.com\/portal\/wp-content\/uploads\/2024\/12\/Banner-1-portada-imagen-10-1-31.jpg?resize=350%2C200&ssl=1 1x, https:\/\/i0.wp.com\/webdelmaestrocmf.com\/portal\/wp-content\/uploads\/2024\/12\/Banner-1-portada-imagen-10-1-31.jpg?resize=525%2C300&ssl=1 1.5x, https:\/\/i0.wp.com\/webdelmaestrocmf.com\/portal\/wp-content\/uploads\/2024\/12\/Banner-1-portada-imagen-10-1-31.jpg?resize=700%2C400&ssl=1 2x"},"classes":[]},{"id":116578,"url":"https:\/\/webdelmaestrocmf.com\/portal\/apps-gratuitas-de-inteligencia-artificial-una-oportunidad-real-para-transformar-la-ensenanza\/","url_meta":{"origin":107749,"position":3},"title":"Apps gratuitas de Inteligencia Artificial: una oportunidad real para transformar la ense\u00f1anza","author":"Web del Maestro CMF","date":"18 marzo, 2026","format":false,"excerpt":"La inteligencia artificial no reemplaza al docente, pero redefine su rol. Bien utilizada, permite ense\u00f1ar mejor, personalizar el aprendizaje y transformar la evaluaci\u00f3n en un proceso continuo, m\u00e1s humano y efectivo.","rel":"","context":"En \u00abIA\u00bb","block_context":{"text":"IA","link":"https:\/\/webdelmaestrocmf.com\/portal\/category\/tecnologia\/ia\/"},"img":{"alt_text":"","src":"https:\/\/i0.wp.com\/webdelmaestrocmf.com\/portal\/wp-content\/uploads\/2026\/03\/1AA-Banner-1-portada-imagen-10-1-copia-9.webp?resize=350%2C200&ssl=1","width":350,"height":200,"srcset":"https:\/\/i0.wp.com\/webdelmaestrocmf.com\/portal\/wp-content\/uploads\/2026\/03\/1AA-Banner-1-portada-imagen-10-1-copia-9.webp?resize=350%2C200&ssl=1 1x, https:\/\/i0.wp.com\/webdelmaestrocmf.com\/portal\/wp-content\/uploads\/2026\/03\/1AA-Banner-1-portada-imagen-10-1-copia-9.webp?resize=525%2C300&ssl=1 1.5x, https:\/\/i0.wp.com\/webdelmaestrocmf.com\/portal\/wp-content\/uploads\/2026\/03\/1AA-Banner-1-portada-imagen-10-1-copia-9.webp?resize=700%2C400&ssl=1 2x, https:\/\/i0.wp.com\/webdelmaestrocmf.com\/portal\/wp-content\/uploads\/2026\/03\/1AA-Banner-1-portada-imagen-10-1-copia-9.webp?resize=1050%2C600&ssl=1 3x"},"classes":[]},{"id":103694,"url":"https:\/\/webdelmaestrocmf.com\/portal\/3-plantillas-de-carpeta-pedagogica-para-educacion-primaria\/","url_meta":{"origin":107749,"position":4},"title":"3 plantillas de Carpeta Pedag\u00f3gica para Educaci\u00f3n Primaria","author":"Web del Maestro CMF","date":"11 febrero, 2024","format":false,"excerpt":"La carpeta pedag\u00f3gica es un instrumento fundamental para la planificaci\u00f3n y organizaci\u00f3n del proceso educativo en el nivel primario. Se trata de un repositorio que re\u00fane informaci\u00f3n vital sobre la planificaci\u00f3n curricular, las estrategias de ense\u00f1anza, el seguimiento del aprendizaje de los alumnos y la evaluaci\u00f3n de su progreso. Esta\u2026","rel":"","context":"En \u00abCarpeta\u00bb","block_context":{"text":"Carpeta","link":"https:\/\/webdelmaestrocmf.com\/portal\/category\/pedagogia\/carpeta\/"},"img":{"alt_text":"carpeta pedag\u00f3gica primaria","src":"https:\/\/i0.wp.com\/webdelmaestrocmf.com\/portal\/wp-content\/uploads\/2024\/02\/Banner-1-portada-imagen-10-1-11.jpg?resize=350%2C200&ssl=1","width":350,"height":200,"srcset":"https:\/\/i0.wp.com\/webdelmaestrocmf.com\/portal\/wp-content\/uploads\/2024\/02\/Banner-1-portada-imagen-10-1-11.jpg?resize=350%2C200&ssl=1 1x, https:\/\/i0.wp.com\/webdelmaestrocmf.com\/portal\/wp-content\/uploads\/2024\/02\/Banner-1-portada-imagen-10-1-11.jpg?resize=525%2C300&ssl=1 1.5x, https:\/\/i0.wp.com\/webdelmaestrocmf.com\/portal\/wp-content\/uploads\/2024\/02\/Banner-1-portada-imagen-10-1-11.jpg?resize=700%2C400&ssl=1 2x"},"classes":[]},{"id":107426,"url":"https:\/\/webdelmaestrocmf.com\/portal\/el-nuevo-rol-del-docente-en-la-era-digital-de-transmisor-a-sisenador-de-experiencias\/","url_meta":{"origin":107749,"position":5},"title":"El nuevo rol del docente en la Era Digital: de transmisor a dise\u00f1ador de experiencias","author":"Web del Maestro CMF","date":"10 enero, 2025","format":false,"excerpt":"La educaci\u00f3n est\u00e1 viviendo una revoluci\u00f3n sin precedentes, y en el coraz\u00f3n de este cambio est\u00e1n los docentes. Hoy, su misi\u00f3n trasciende la simple transmisi\u00f3n de conocimientos: se trata de inspirar, conectar y dise\u00f1ar experiencias de aprendizaje que marquen vidas. Cada aula es una oportunidad para preparar a los estudiantes\u2026","rel":"","context":"En \u00abDesempe\u00f1o docente\u00bb","block_context":{"text":"Desempe\u00f1o docente","link":"https:\/\/webdelmaestrocmf.com\/portal\/category\/pedagogia\/desempeno-docente\/"},"img":{"alt_text":"","src":"https:\/\/i0.wp.com\/webdelmaestrocmf.com\/portal\/wp-content\/uploads\/2025\/01\/1A-Banner-1-portada-imagen-10-1-14.jpg?resize=350%2C200&ssl=1","width":350,"height":200,"srcset":"https:\/\/i0.wp.com\/webdelmaestrocmf.com\/portal\/wp-content\/uploads\/2025\/01\/1A-Banner-1-portada-imagen-10-1-14.jpg?resize=350%2C200&ssl=1 1x, https:\/\/i0.wp.com\/webdelmaestrocmf.com\/portal\/wp-content\/uploads\/2025\/01\/1A-Banner-1-portada-imagen-10-1-14.jpg?resize=525%2C300&ssl=1 1.5x, https:\/\/i0.wp.com\/webdelmaestrocmf.com\/portal\/wp-content\/uploads\/2025\/01\/1A-Banner-1-portada-imagen-10-1-14.jpg?resize=700%2C400&ssl=1 2x"},"classes":[]}],"_links":{"self":[{"href":"https:\/\/webdelmaestrocmf.com\/portal\/wp-json\/wp\/v2\/posts\/107749","targetHints":{"allow":["GET"]}}],"collection":[{"href":"https:\/\/webdelmaestrocmf.com\/portal\/wp-json\/wp\/v2\/posts"}],"about":[{"href":"https:\/\/webdelmaestrocmf.com\/portal\/wp-json\/wp\/v2\/types\/post"}],"author":[{"embeddable":true,"href":"https:\/\/webdelmaestrocmf.com\/portal\/wp-json\/wp\/v2\/users\/1"}],"replies":[{"embeddable":true,"href":"https:\/\/webdelmaestrocmf.com\/portal\/wp-json\/wp\/v2\/comments?post=107749"}],"version-history":[{"count":0,"href":"https:\/\/webdelmaestrocmf.com\/portal\/wp-json\/wp\/v2\/posts\/107749\/revisions"}],"wp:featuredmedia":[{"embeddable":true,"href":"https:\/\/webdelmaestrocmf.com\/portal\/wp-json\/wp\/v2\/media\/107751"}],"wp:attachment":[{"href":"https:\/\/webdelmaestrocmf.com\/portal\/wp-json\/wp\/v2\/media?parent=107749"}],"wp:term":[{"taxonomy":"category","embeddable":true,"href":"https:\/\/webdelmaestrocmf.com\/portal\/wp-json\/wp\/v2\/categories?post=107749"},{"taxonomy":"post_tag","embeddable":true,"href":"https:\/\/webdelmaestrocmf.com\/portal\/wp-json\/wp\/v2\/tags?post=107749"}],"curies":[{"name":"wp","href":"https:\/\/api.w.org\/{rel}","templated":true}]}}