{"id":107699,"date":"2025-01-27T11:48:20","date_gmt":"2025-01-27T14:48:20","guid":{"rendered":"https:\/\/webdelmaestrocmf.com\/portal\/?p=107699"},"modified":"2025-09-13T13:23:22","modified_gmt":"2025-09-13T16:23:22","slug":"el-secuestro-amigdalar-cuando-las-emociones-superan-la-razon","status":"publish","type":"post","link":"https:\/\/webdelmaestrocmf.com\/portal\/el-secuestro-amigdalar-cuando-las-emociones-superan-la-razon\/","title":{"rendered":"Lo que los docentes y padres deben saber sobre el secuestro amigdalar: cuando las emociones superan la raz\u00f3n"},"content":{"rendered":"<p style=\"text-align: justify;\">En nuestro cerebro, la am\u00edgdala act\u00faa como una alarma emocional, lista para activar respuestas r\u00e1pidas y autom\u00e1ticas en situaciones que percibe como amenazantes.<!--more--><\/p>\n<p style=\"text-align: justify;\">Este mecanismo, conocido como <strong>secuestro amigdalar<\/strong>, se produce cuando la am\u00edgdala domina la corteza prefrontal, la regi\u00f3n encargada del pensamiento l\u00f3gico y el control racional. Como resultado, las emociones toman el control y las respuestas impulsivas se apoderan de nosotros.<\/p>\n<h3 style=\"text-align: left;\"><strong>\u00bfPor qu\u00e9 ocurre esto?<\/strong><\/h3>\n<p style=\"text-align: justify;\">El secuestro amigdalar tiene ra\u00edces evolutivas. En tiempos remotos, si un humano ve\u00eda un depredador, no pod\u00eda detenerse a reflexionar; la am\u00edgdala activaba una respuesta instant\u00e1nea de lucha o huida para garantizar la supervivencia. Sin embargo, en la actualidad, la am\u00edgdala puede interpretar situaciones cotidianas \u2013como una cr\u00edtica o un desacuerdo\u2013 como amenazas, desatando una reacci\u00f3n desproporcionada.<\/p>\n<h3 style=\"text-align: left;\"><strong>El cerebro adolescente y el secuestro amigdalar<\/strong><\/h3>\n<p style=\"text-align: justify;\">Durante la adolescencia, la vulnerabilidad al secuestro amigdalar es mayor debido al desarrollo incompleto de la corteza prefrontal y a una hiperactividad de la am\u00edgdala. Esta combinaci\u00f3n crea un terreno f\u00e9rtil para respuestas emocionales intensas e impulsivas.<\/p>\n<p style=\"text-align: justify;\">Un ejemplo t\u00edpico: un padre o maestro pide al adolescente que realice una tarea sencilla, como ordenar su espacio. Aunque la intenci\u00f3n sea constructiva, el adolescente puede interpretarlo como un ataque personal, activando una respuesta emocional desproporcionada como gritar, retirarse o responder de manera desafiante. A menudo, esta din\u00e1mica genera un c\u00edrculo de reacciones emocionales intensas, donde ambos (adolescente y adulto) terminan atrapados en el secuestro amigdalar.<\/p>\n<h3 style=\"text-align: left;\"><strong>Estrategias para manejar el secuestro amigdalar<\/strong><\/h3>\n<p style=\"text-align: justify;\">Tanto padres como docentes pueden implementar estrategias para desactivar este mecanismo y fortalecer las relaciones:<\/p>\n<h4 style=\"padding-left: 40px; text-align: left;\"><strong>1. Reconocer las se\u00f1ales tempranas<\/strong><\/h4>\n<p style=\"text-align: justify; padding-left: 40px;\">Prestar atenci\u00f3n a las se\u00f1ales f\u00edsicas como aumento del ritmo card\u00edaco, respiraci\u00f3n acelerada o una sensaci\u00f3n de amenaza ayuda a detectar cu\u00e1ndo comienza el secuestro amigdalar. Este paso es esencial para evitar reacciones impulsivas.<\/p>\n<h4 style=\"padding-left: 40px; text-align: left;\"><strong>2. Hacer una pausa reflexiva<\/strong><\/h4>\n<p style=\"text-align: justify; padding-left: 40px;\">Ense\u00f1ar a los adolescentes (y record\u00e1rselo a uno mismo) a detenerse antes de reaccionar puede marcar la diferencia. Respirar profundamente, contar hasta diez o tomar un breve paseo son formas efectivas de calmar la am\u00edgdala y devolver el control a la corteza prefrontal.<\/p>\n<h4 style=\"padding-left: 40px; text-align: left;\"><strong>3. Regular las emociones<\/strong><\/h4>\n<p style=\"text-align: justify; padding-left: 40px;\">Actividades como escuchar m\u00fasica relajante, practicar t\u00e9cnicas de respiraci\u00f3n o simplemente salir a caminar pueden ayudar a disminuir la intensidad emocional. Estas herramientas deben practicarse y normalizarse para que sean accesibles en momentos de tensi\u00f3n.<\/p>\n<h4 style=\"padding-left: 40px; text-align: left;\"><strong>4. Comunicaci\u00f3n emp\u00e1tica y consciente<\/strong><\/h4>\n<p style=\"text-align: justify; padding-left: 40px;\">Un enfoque calmado y emp\u00e1tico evita la escalada de conflictos. Frases como: <em>\u00abEntiendo que te sientes frustrado\/a, tomemos un momento para calmarnos y luego hablemos\u00bb<\/em> pueden desactivar una reacci\u00f3n emocional y generar un ambiente de di\u00e1logo.<\/p>\n<h4 style=\"padding-left: 40px; text-align: left;\"><strong>5. Validaci\u00f3n emocional<\/strong><\/h4>\n<p style=\"text-align: justify; padding-left: 40px;\">Reconocer las emociones del otro, incluso si no compartimos su perspectiva, es clave. Frases como: <em>\u00abPuedo ver que esto te molesta, hablemos sobre c\u00f3mo podemos resolverlo\u00bb<\/em> fortalecen la conexi\u00f3n emocional y reducen la percepci\u00f3n de amenaza.<\/p>\n<h3 style=\"text-align: left;\"><strong>\u00bfQu\u00e9 deben saber los docentes?<\/strong><\/h3>\n<ol>\n<li>\n<p style=\"text-align: justify;\"><strong>Crear un entorno seguro<\/strong>: Evita frases que puedan percibirse como cr\u00edticas o ataques. En lugar de decir: \u00abNunca prestas atenci\u00f3n\u00bb, intenta algo como: \u00abMe gustar\u00eda ayudarte a mantener la concentraci\u00f3n, \u00bfc\u00f3mo podemos hacerlo juntos?\u00bb.<\/p>\n<\/li>\n<li style=\"text-align: justify;\"><strong>Ser emp\u00e1ticos<\/strong>: Recuerda que los estudiantes, especialmente los adolescentes, son m\u00e1s propensos al secuestro amigdalar. Reconocer sus emociones sin juzgarlas puede evitar reacciones impulsivas. Usa frases como: \u00abEntiendo que esto te frustre, hablemos despu\u00e9s de calmarnos\u00bb.<\/li>\n<li style=\"text-align: justify;\"><strong>Ofrecer opciones<\/strong>: Dar a los estudiantes cierto control sobre la situaci\u00f3n puede reducir su percepci\u00f3n de amenaza. Por ejemplo, en lugar de exigir: \u00abEntrega el trabajo ahora mismo\u00bb, puedes decir: \u00ab\u00bfPrefieres entregarlo hoy o ma\u00f1ana temprano?\u00bb.<\/li>\n<li style=\"text-align: justify;\"><strong>Fomentar pausas reflexivas en el aula<\/strong>: Ense\u00f1a a los estudiantes t\u00e9cnicas de regulaci\u00f3n emocional, como tomar respiraciones profundas o contar hasta diez antes de responder.<\/li>\n<li>\n<p style=\"text-align: justify;\"><strong>Modelar el autocontrol<\/strong>: Los estudiantes observan constantemente las reacciones de los adultos. Si un docente mantiene la calma en situaciones tensas, ense\u00f1a con el ejemplo c\u00f3mo manejar las emociones.<\/p>\n<\/li>\n<\/ol>\n<h3 style=\"text-align: left;\"><strong>\u00bfQu\u00e9 deben hacer los padres de familia para comprender esto y darle soluci\u00f3n?<\/strong><\/h3>\n<ol>\n<li>\n<p style=\"text-align: justify;\"><strong>Comprender el cerebro adolescente<\/strong>: Acepta que tu hijo\/a adolescente est\u00e1 en una etapa donde su corteza prefrontal est\u00e1 en desarrollo y su am\u00edgdala es m\u00e1s activa. Esto significa que las reacciones emocionales intensas son biol\u00f3gicamente normales, no una falta de respeto intencionada.<\/p>\n<\/li>\n<li style=\"text-align: justify;\"><strong>Evitar cr\u00edticas y amenazas<\/strong>: Frases como \u00abSiempre haces lo mismo\u00bb o \u00abEres un desastre\u00bb pueden desencadenar el secuestro amigdalar. Cambia el enfoque hacia comentarios constructivos como: \u00ab\u00bfQu\u00e9 podr\u00edas hacer diferente la pr\u00f3xima vez?\u00bb.<\/li>\n<li style=\"text-align: justify;\"><strong>Escuchar antes de reaccionar<\/strong>: Cuando tu hijo\/a est\u00e9 molesto\/a, escucha activamente antes de ofrecer soluciones. Validar sus emociones con frases como \u00abEntiendo que esto sea dif\u00edcil para ti\u00bb puede calmar la situaci\u00f3n.<\/li>\n<li style=\"text-align: justify;\"><strong>Ofrecer estrategias para regularse<\/strong>: Ense\u00f1a t\u00e9cnicas como respirar profundamente, escribir en un diario o escuchar m\u00fasica relajante. Tambi\u00e9n puedes modelar estas estrategias cuando te sientas alterado\/a.<\/li>\n<li style=\"text-align: justify;\"><strong>Establecer l\u00edmites con amor<\/strong>: Es importante que los adolescentes sepan que hay reglas claras, pero que estas se comunican desde la calma y la empat\u00eda. Por ejemplo: \u00abS\u00e9 que est\u00e1s enojado\/a, pero hablar con gritos no nos ayudar\u00e1 a resolver esto. Vamos a calmarnos y seguimos hablando\u00bb.<\/li>\n<li>\n<p style=\"text-align: justify;\"><strong>Reparar despu\u00e9s del conflicto<\/strong>: Si hubo un enfrentamiento, t\u00f3mate el tiempo para hablar con calma y explicar tus emociones. Esto no solo fortalece la relaci\u00f3n, sino que tambi\u00e9n ense\u00f1a a tu hijo\/a que es posible resolver conflictos de manera constructiva.<\/p>\n<\/li>\n<\/ol>\n<h3 style=\"text-align: left;\"><strong>Para construir relaciones m\u00e1s fuertes<\/strong><\/h3>\n<p style=\"text-align: justify;\">El secuestro amigdalar puede ser un desaf\u00edo, pero con comprensi\u00f3n, empat\u00eda y estrategias claras, podemos evitar que las emociones controlen nuestras relaciones. Ya sea en casa, en el aula o en la vida diaria, reconocer nuestras emociones y responder con calma fortalece los v\u00ednculos y mejora nuestra calidad de vida.<\/p>\n<p style=\"text-align: justify;\">Ense\u00f1ar a manejar estas reacciones no solo beneficia a quienes nos rodean, sino que tambi\u00e9n nos convierte en mejores versiones de nosotros mismos. <strong>El cambio comienza con el autocontrol y la empat\u00eda.<\/strong><\/p>\n<p style=\"text-align: justify;\">El desaf\u00edo no est\u00e1 en evitar las emociones intensas, sino en aprender a navegarlas con inteligencia y humanidad.<\/p>\n<p style=\"text-align: right;\"><strong>REDACCI\u00d3N WEB DEL MAESTRO CMF<\/strong><\/p>\n<p style=\"text-align: center;\">MATERIAL DE LECTURA: <a href=\"https:\/\/drive.google.com\/drive\/folders\/1yImcRAiQWgqBt5Ei3xgw95UZTI_pC2J4?usp=drive_link\" target=\"_blank\" rel=\"noopener\">NEUROCIENCIA NEUROAPRENDIZAJE<\/a><\/p>\n\t\t<div class=\"pk-inline-posts\">\n\t\t\t\n\t\t\t<div class=\"pk-inline-posts-container pk-inline-posts-template-list\"\n\t\t\t\tdata-columns=\"1\">\n\t\t\t\t\t\t<article id=\"post-74079\" class=\"post-74079 post type-post status-publish format-standard has-post-thumbnail category-neurociencia category-pedagogia tag-clave tag-educativo tag-modelo tag-neuroeducacion tag-nuevo cs-entry cs-video-wrap\">\n\t\t\t<div class=\"pk-post-outer\">\n\n\t\t\t\t\t\t\t\t<div class=\"pk-post-inner\">\n\t\t\t\t\t<div class=\"entry-thumbnail\">\n\t\t\t\t\t\t<div class=\"pk-overlay pk-overlay-ratio pk-ratio-landscape\">\n\t\t\t\t\t\t\t<div class=\"pk-overlay-background\">\n\t\t\t\t\t\t\t\t<a href=\"https:\/\/webdelmaestrocmf.com\/portal\/es-la-neuroeducacion-la-clave-de-un-nuevo-modelo-educativo\/\" class=\"pk-overlay-link\">\n\t\t\t\t\t\t\t\t\t<img loading=\"lazy\" decoding=\"async\" width=\"300\" height=\"225\" src=\"https:\/\/webdelmaestrocmf.com\/portal\/wp-content\/uploads\/2022\/02\/1AA-Banner-1-portada-imagen-10-1-copia-1-300x225.webp\" class=\"attachment-pk-thumbnail size-pk-thumbnail wp-post-image\" alt=\"\" \/>\t\t\t\t\t\t\t\t<\/a>\n\t\t\t\t\t\t\t<\/div>\n\t\t\t\t\t\t<\/div>\n\t\t\t\t\t<\/div>\n\t\t\t\t<\/div>\n\t\t\t\t\n\t\t\t\t<div class=\"pk-post-inner\">\n\t\t\t\t\t<header>\n\t\t\t\t\t\t<h3 class=\"pk-title\"><a href=\"https:\/\/webdelmaestrocmf.com\/portal\/es-la-neuroeducacion-la-clave-de-un-nuevo-modelo-educativo\/\" rel=\"bookmark\">\u00bfEs la neuroeducaci\u00f3n la clave de un nuevo modelo educativo?<\/a><\/h3>\t\t\t\t\t<\/header><!-- .entry-header -->\n\t\t\t\t<\/div><!-- .post-inner -->\n\n\t\t\t<\/div><!-- .post-outer -->\n\t\t<\/article>\n\t\t\t<article id=\"post-22146\" class=\"post-22146 post type-post status-publish format-standard has-post-thumbnail category-neurociencia category-pedagogia tag-descarga tag-manual tag-neuroeducacion tag-pdf tag-practica tag-teoria cs-entry cs-video-wrap\">\n\t\t\t<div class=\"pk-post-outer\">\n\n\t\t\t\t\t\t\t\t<div class=\"pk-post-inner\">\n\t\t\t\t\t<div class=\"entry-thumbnail\">\n\t\t\t\t\t\t<div class=\"pk-overlay pk-overlay-ratio pk-ratio-landscape\">\n\t\t\t\t\t\t\t<div class=\"pk-overlay-background\">\n\t\t\t\t\t\t\t\t<a href=\"https:\/\/webdelmaestrocmf.com\/portal\/neuroeducacion-en-el-aula-de-la-teoria-a-la-practica\/\" class=\"pk-overlay-link\">\n\t\t\t\t\t\t\t\t\t<img loading=\"lazy\" decoding=\"async\" width=\"300\" height=\"225\" src=\"https:\/\/webdelmaestrocmf.com\/portal\/wp-content\/uploads\/2026\/03\/1AA-Banner-1-portada-imagen-10-1-copia-8-4-300x225.webp\" class=\"attachment-pk-thumbnail size-pk-thumbnail wp-post-image\" alt=\"\" \/>\t\t\t\t\t\t\t\t<\/a>\n\t\t\t\t\t\t\t<\/div>\n\t\t\t\t\t\t<\/div>\n\t\t\t\t\t<\/div>\n\t\t\t\t<\/div>\n\t\t\t\t\n\t\t\t\t<div class=\"pk-post-inner\">\n\t\t\t\t\t<header>\n\t\t\t\t\t\t<h3 class=\"pk-title\"><a href=\"https:\/\/webdelmaestrocmf.com\/portal\/neuroeducacion-en-el-aula-de-la-teoria-a-la-practica\/\" rel=\"bookmark\">Neuroeducaci\u00f3n en el aula: de la teor\u00eda a la pr\u00e1ctica. Actividades para estimulaci\u00f3n cognitiva con fichas | Libro PDF gratis<\/a><\/h3>\t\t\t\t\t<\/header><!-- .entry-header -->\n\t\t\t\t<\/div><!-- .post-inner -->\n\n\t\t\t<\/div><!-- .post-outer -->\n\t\t<\/article>\n\t\t\t<article id=\"post-115241\" class=\"post-115241 post type-post status-publish format-standard has-post-thumbnail category-neurociencia category-pedagogia tag-aprendizaje tag-atencion-2 tag-aula tag-autorregulacion tag-didactica-2 tag-neurociencia tag-neuroeducacion tag-practica-docente tag-redes-cerebrales cs-entry cs-video-wrap\">\n\t\t\t<div class=\"pk-post-outer\">\n\n\t\t\t\t\t\t\t\t<div class=\"pk-post-inner\">\n\t\t\t\t\t<div class=\"entry-thumbnail\">\n\t\t\t\t\t\t<div class=\"pk-overlay pk-overlay-ratio pk-ratio-landscape\">\n\t\t\t\t\t\t\t<div class=\"pk-overlay-background\">\n\t\t\t\t\t\t\t\t<a href=\"https:\/\/webdelmaestrocmf.com\/portal\/que-estamos-pidiendo-realmente-cuando-pedimos-atencion-en-el-aula\/\" class=\"pk-overlay-link\">\n\t\t\t\t\t\t\t\t\t<img loading=\"lazy\" decoding=\"async\" width=\"300\" height=\"225\" src=\"https:\/\/webdelmaestrocmf.com\/portal\/wp-content\/uploads\/2026\/02\/1A-Banner-1-portada-imagen-10-1-copia-300x225.jpg\" class=\"attachment-pk-thumbnail size-pk-thumbnail wp-post-image\" alt=\"\" \/>\t\t\t\t\t\t\t\t<\/a>\n\t\t\t\t\t\t\t<\/div>\n\t\t\t\t\t\t<\/div>\n\t\t\t\t\t<\/div>\n\t\t\t\t<\/div>\n\t\t\t\t\n\t\t\t\t<div class=\"pk-post-inner\">\n\t\t\t\t\t<header>\n\t\t\t\t\t\t<h3 class=\"pk-title\"><a href=\"https:\/\/webdelmaestrocmf.com\/portal\/que-estamos-pidiendo-realmente-cuando-pedimos-atencion-en-el-aula\/\" rel=\"bookmark\">\u00bfQu\u00e9 estamos pidiendo realmente cuando pedimos atenci\u00f3n en el aula?<\/a><\/h3>\t\t\t\t\t<\/header><!-- .entry-header -->\n\t\t\t\t<\/div><!-- .post-inner -->\n\n\t\t\t<\/div><!-- .post-outer -->\n\t\t<\/article>\n\t\t\t\t<\/div>\n\t\t<\/div>\n\t\t\n","protected":false},"excerpt":{"rendered":"En nuestro cerebro, la am\u00edgdala act\u00faa como una alarma emocional, lista para activar respuestas r\u00e1pidas y autom\u00e1ticas en&hellip;","protected":false},"author":1,"featured_media":107708,"comment_status":"open","ping_status":"closed","sticky":false,"template":"","format":"standard","meta":{"csco_display_header_overlay":false,"csco_singular_sidebar":"","csco_page_header_type":"","csco_page_load_nextpost":"","csco_post_video_location":[],"csco_post_video_location_hash":"","csco_post_video_url":"","csco_post_video_bg_start_time":0,"csco_post_video_bg_end_time":0,"csco_post_video_bg_volume":false,"_jetpack_memberships_contains_paid_content":false,"footnotes":""},"categories":[1249,735],"tags":[23525,276,6210,23524],"class_list":{"0":"post-107699","1":"post","2":"type-post","3":"status-publish","4":"format-standard","5":"has-post-thumbnail","7":"category-neurociencia","8":"category-pedagogia","9":"tag-amigdalar","10":"tag-emociones","11":"tag-razon","12":"tag-secuestro","13":"cs-entry","14":"cs-video-wrap"},"yoast_head":"<!-- This site is optimized with the Yoast SEO plugin v27.5 - https:\/\/yoast.com\/product\/yoast-seo-wordpress\/ -->\n<title>Lo que los docentes y padres deben saber sobre el secuestro amigdalar: cuando las emociones superan la raz\u00f3n - 2026<\/title>\n<meta name=\"description\" content=\"En nuestro cerebro, la am\u00edgdala act\u00faa como una alarma emocional, lista para activar respuestas r\u00e1pidas y autom\u00e1ticas en situaciones que percibe...\" \/>\n<meta name=\"robots\" content=\"index, follow, max-snippet:-1, max-image-preview:large, max-video-preview:-1\" \/>\n<link rel=\"canonical\" href=\"https:\/\/webdelmaestrocmf.com\/portal\/el-secuestro-amigdalar-cuando-las-emociones-superan-la-razon\/\" \/>\n<meta property=\"og:locale\" content=\"es_ES\" \/>\n<meta property=\"og:type\" content=\"article\" \/>\n<meta property=\"og:title\" content=\"Lo que los docentes y padres deben saber sobre el secuestro amigdalar: cuando las emociones superan la raz\u00f3n - 2026\" \/>\n<meta property=\"og:description\" content=\"En nuestro cerebro, la am\u00edgdala act\u00faa como una alarma emocional, lista para activar respuestas r\u00e1pidas y autom\u00e1ticas en situaciones que percibe...\" \/>\n<meta property=\"og:url\" content=\"https:\/\/webdelmaestrocmf.com\/portal\/el-secuestro-amigdalar-cuando-las-emociones-superan-la-razon\/\" \/>\n<meta property=\"og:site_name\" content=\"Web del Maestro CMF\" \/>\n<meta property=\"article:publisher\" content=\"https:\/\/www.facebook.com\/WebdelMaestroCMF\/\" \/>\n<meta property=\"article:author\" content=\"https:\/\/www.facebook.com\/WebdelMaestroCMF\/\" \/>\n<meta property=\"article:published_time\" content=\"2025-01-27T14:48:20+00:00\" \/>\n<meta property=\"article:modified_time\" content=\"2025-09-13T16:23:22+00:00\" \/>\n<meta property=\"og:image\" content=\"https:\/\/webdelmaestrocmf.com\/portal\/wp-content\/uploads\/2025\/01\/1A-Banner-1-portada-imagen-10-1-41.jpg\" \/>\n\t<meta property=\"og:image:width\" content=\"1024\" \/>\n\t<meta property=\"og:image:height\" content=\"1024\" \/>\n\t<meta property=\"og:image:type\" content=\"image\/jpeg\" \/>\n<meta name=\"author\" content=\"Web del Maestro CMF\" \/>\n<meta name=\"twitter:card\" content=\"summary_large_image\" \/>\n<meta name=\"twitter:creator\" content=\"@cmf_w\" \/>\n<meta name=\"twitter:site\" content=\"@cmf_w\" \/>\n<script type=\"application\/ld+json\" class=\"yoast-schema-graph\">{\"@context\":\"https:\\\/\\\/schema.org\",\"@graph\":[{\"@type\":\"ScholarlyArticle\",\"@id\":\"https:\\\/\\\/webdelmaestrocmf.com\\\/portal\\\/el-secuestro-amigdalar-cuando-las-emociones-superan-la-razon\\\/#article\",\"isPartOf\":{\"@id\":\"https:\\\/\\\/webdelmaestrocmf.com\\\/portal\\\/el-secuestro-amigdalar-cuando-las-emociones-superan-la-razon\\\/\"},\"author\":{\"name\":\"Web del Maestro CMF\",\"@id\":\"https:\\\/\\\/webdelmaestrocmf.com\\\/portal\\\/#\\\/schema\\\/person\\\/1072a2ed7bd960df8ef99a551fa35dc5\"},\"headline\":\"Lo que los docentes y padres deben saber sobre el secuestro amigdalar: cuando las emociones superan la raz\u00f3n\",\"datePublished\":\"2025-01-27T14:48:20+00:00\",\"dateModified\":\"2025-09-13T16:23:22+00:00\",\"mainEntityOfPage\":{\"@id\":\"https:\\\/\\\/webdelmaestrocmf.com\\\/portal\\\/el-secuestro-amigdalar-cuando-las-emociones-superan-la-razon\\\/\"},\"wordCount\":1092,\"commentCount\":0,\"publisher\":{\"@id\":\"https:\\\/\\\/webdelmaestrocmf.com\\\/portal\\\/#organization\"},\"image\":{\"@id\":\"https:\\\/\\\/webdelmaestrocmf.com\\\/portal\\\/el-secuestro-amigdalar-cuando-las-emociones-superan-la-razon\\\/#primaryimage\"},\"thumbnailUrl\":\"https:\\\/\\\/webdelmaestrocmf.com\\\/portal\\\/wp-content\\\/uploads\\\/2025\\\/01\\\/1A-Banner-1-portada-imagen-10-1-41.jpg\",\"keywords\":[\"amigdalar\",\"EMOCIONES\",\"raz\u00f3n\",\"secuestro\"],\"articleSection\":[\"Neurociencia\",\"Recursos\"],\"inLanguage\":\"es\",\"potentialAction\":[{\"@type\":\"CommentAction\",\"name\":\"Comment\",\"target\":[\"https:\\\/\\\/webdelmaestrocmf.com\\\/portal\\\/el-secuestro-amigdalar-cuando-las-emociones-superan-la-razon\\\/#respond\"]}]},{\"@type\":\"WebPage\",\"@id\":\"https:\\\/\\\/webdelmaestrocmf.com\\\/portal\\\/el-secuestro-amigdalar-cuando-las-emociones-superan-la-razon\\\/\",\"url\":\"https:\\\/\\\/webdelmaestrocmf.com\\\/portal\\\/el-secuestro-amigdalar-cuando-las-emociones-superan-la-razon\\\/\",\"name\":\"Lo que los docentes y padres deben saber sobre el secuestro amigdalar: cuando las emociones superan la raz\u00f3n - 2026\",\"isPartOf\":{\"@id\":\"https:\\\/\\\/webdelmaestrocmf.com\\\/portal\\\/#website\"},\"primaryImageOfPage\":{\"@id\":\"https:\\\/\\\/webdelmaestrocmf.com\\\/portal\\\/el-secuestro-amigdalar-cuando-las-emociones-superan-la-razon\\\/#primaryimage\"},\"image\":{\"@id\":\"https:\\\/\\\/webdelmaestrocmf.com\\\/portal\\\/el-secuestro-amigdalar-cuando-las-emociones-superan-la-razon\\\/#primaryimage\"},\"thumbnailUrl\":\"https:\\\/\\\/webdelmaestrocmf.com\\\/portal\\\/wp-content\\\/uploads\\\/2025\\\/01\\\/1A-Banner-1-portada-imagen-10-1-41.jpg\",\"datePublished\":\"2025-01-27T14:48:20+00:00\",\"dateModified\":\"2025-09-13T16:23:22+00:00\",\"description\":\"En nuestro cerebro, la am\u00edgdala act\u00faa como una alarma emocional, lista para activar respuestas r\u00e1pidas y autom\u00e1ticas en situaciones que percibe...\",\"breadcrumb\":{\"@id\":\"https:\\\/\\\/webdelmaestrocmf.com\\\/portal\\\/el-secuestro-amigdalar-cuando-las-emociones-superan-la-razon\\\/#breadcrumb\"},\"inLanguage\":\"es\",\"potentialAction\":[{\"@type\":\"ReadAction\",\"target\":[\"https:\\\/\\\/webdelmaestrocmf.com\\\/portal\\\/el-secuestro-amigdalar-cuando-las-emociones-superan-la-razon\\\/\"]}]},{\"@type\":\"ImageObject\",\"inLanguage\":\"es\",\"@id\":\"https:\\\/\\\/webdelmaestrocmf.com\\\/portal\\\/el-secuestro-amigdalar-cuando-las-emociones-superan-la-razon\\\/#primaryimage\",\"url\":\"https:\\\/\\\/webdelmaestrocmf.com\\\/portal\\\/wp-content\\\/uploads\\\/2025\\\/01\\\/1A-Banner-1-portada-imagen-10-1-41.jpg\",\"contentUrl\":\"https:\\\/\\\/webdelmaestrocmf.com\\\/portal\\\/wp-content\\\/uploads\\\/2025\\\/01\\\/1A-Banner-1-portada-imagen-10-1-41.jpg\",\"width\":1024,\"height\":1024},{\"@type\":\"BreadcrumbList\",\"@id\":\"https:\\\/\\\/webdelmaestrocmf.com\\\/portal\\\/el-secuestro-amigdalar-cuando-las-emociones-superan-la-razon\\\/#breadcrumb\",\"itemListElement\":[{\"@type\":\"ListItem\",\"position\":1,\"name\":\"Portada\",\"item\":\"https:\\\/\\\/webdelmaestrocmf.com\\\/portal\\\/\"},{\"@type\":\"ListItem\",\"position\":2,\"name\":\"Recursos\",\"item\":\"https:\\\/\\\/webdelmaestrocmf.com\\\/portal\\\/category\\\/pedagogia\\\/\"},{\"@type\":\"ListItem\",\"position\":3,\"name\":\"Lo que los docentes y padres deben saber sobre el secuestro amigdalar: cuando las emociones superan la raz\u00f3n\"}]},{\"@type\":\"WebSite\",\"@id\":\"https:\\\/\\\/webdelmaestrocmf.com\\\/portal\\\/#website\",\"url\":\"https:\\\/\\\/webdelmaestrocmf.com\\\/portal\\\/\",\"name\":\"Web del Maestro CMF\",\"description\":\"Maestros al servicio de la educaci\u00f3n\",\"publisher\":{\"@id\":\"https:\\\/\\\/webdelmaestrocmf.com\\\/portal\\\/#organization\"},\"alternateName\":\"WMCMF\",\"potentialAction\":[{\"@type\":\"SearchAction\",\"target\":{\"@type\":\"EntryPoint\",\"urlTemplate\":\"https:\\\/\\\/webdelmaestrocmf.com\\\/portal\\\/?s={search_term_string}\"},\"query-input\":{\"@type\":\"PropertyValueSpecification\",\"valueRequired\":true,\"valueName\":\"search_term_string\"}}],\"inLanguage\":\"es\"},{\"@type\":\"Organization\",\"@id\":\"https:\\\/\\\/webdelmaestrocmf.com\\\/portal\\\/#organization\",\"name\":\"Web del Maestro CMF\",\"alternateName\":\"WMCMF\",\"url\":\"https:\\\/\\\/webdelmaestrocmf.com\\\/portal\\\/\",\"logo\":{\"@type\":\"ImageObject\",\"inLanguage\":\"es\",\"@id\":\"https:\\\/\\\/webdelmaestrocmf.com\\\/portal\\\/#\\\/schema\\\/logo\\\/image\\\/\",\"url\":\"https:\\\/\\\/webdelmaestrocmf.com\\\/portal\\\/wp-content\\\/uploads\\\/2023\\\/01\\\/logo-wmcmf-2.png\",\"contentUrl\":\"https:\\\/\\\/webdelmaestrocmf.com\\\/portal\\\/wp-content\\\/uploads\\\/2023\\\/01\\\/logo-wmcmf-2.png\",\"width\":200,\"height\":60,\"caption\":\"Web del Maestro CMF\"},\"image\":{\"@id\":\"https:\\\/\\\/webdelmaestrocmf.com\\\/portal\\\/#\\\/schema\\\/logo\\\/image\\\/\"},\"sameAs\":[\"https:\\\/\\\/www.facebook.com\\\/WebdelMaestroCMF\\\/\",\"https:\\\/\\\/x.com\\\/cmf_w\",\"https:\\\/\\\/www.pinterest.com\\\/WMCMF\\\/\",\"https:\\\/\\\/www.linkedin.com\\\/company\\\/web-del-maestro-cmf\\\/\",\"https:\\\/\\\/www.instagram.com\\\/wmcmf\\\/\",\"https:\\\/\\\/www.youtube.com\\\/channel\\\/UCDPSvjbdodE5sHnC3OxutHw\",\"https:\\\/\\\/mastodon.social\\\/@wmcmf\",\"https:\\\/\\\/www.tiktok.com\\\/@webdelmaestrocmf\"]},{\"@type\":\"Person\",\"@id\":\"https:\\\/\\\/webdelmaestrocmf.com\\\/portal\\\/#\\\/schema\\\/person\\\/1072a2ed7bd960df8ef99a551fa35dc5\",\"name\":\"Web del Maestro CMF\",\"image\":{\"@type\":\"ImageObject\",\"inLanguage\":\"es\",\"@id\":\"https:\\\/\\\/secure.gravatar.com\\\/avatar\\\/23291dd5b5ae1077dcff3dbb04c3e02bd28403fa75af6d8787d5e97c5bbbe30b?s=96&d=mm&r=g\",\"url\":\"https:\\\/\\\/secure.gravatar.com\\\/avatar\\\/23291dd5b5ae1077dcff3dbb04c3e02bd28403fa75af6d8787d5e97c5bbbe30b?s=96&d=mm&r=g\",\"contentUrl\":\"https:\\\/\\\/secure.gravatar.com\\\/avatar\\\/23291dd5b5ae1077dcff3dbb04c3e02bd28403fa75af6d8787d5e97c5bbbe30b?s=96&d=mm&r=g\",\"caption\":\"Web del Maestro CMF\"},\"description\":\"Esta Web se cre\u00f3 sin fines de lucro, con fines educativos, cient\u00edficos y acad\u00e9micos, para personas que tengan dificultades y\\\/o inconvenientes en visualizar el material original. El objetivo es entregar recursos, compartir experiencias y materiales que ayuden a los padres de familia, maestros y estudiantes en su actualizaci\u00f3n y formaci\u00f3n permanente, en bien de la Educaci\u00f3n.\",\"sameAs\":[\"http:\\\/\\\/webdelmaestrocmf.com\\\/portal\",\"https:\\\/\\\/www.facebook.com\\\/WebdelMaestroCMF\\\/\",\"https:\\\/\\\/www.instagram.com\\\/wmcmf\\\/\",\"https:\\\/\\\/cl.linkedin.com\\\/company\\\/web-del-maestro-cmf\",\"https:\\\/\\\/www.pinterest.com\\\/WMCMF\\\/publicaciones\\\/\",\"https:\\\/\\\/x.com\\\/cmf_w\",\"https:\\\/\\\/www.youtube.com\\\/@WMCMF\"]}]}<\/script>\n<!-- \/ Yoast SEO plugin. -->","yoast_head_json":{"title":"Lo que los docentes y padres deben saber sobre el secuestro amigdalar: cuando las emociones superan la raz\u00f3n - 2026","description":"En nuestro cerebro, la am\u00edgdala act\u00faa como una alarma emocional, lista para activar respuestas r\u00e1pidas y autom\u00e1ticas en situaciones que percibe...","robots":{"index":"index","follow":"follow","max-snippet":"max-snippet:-1","max-image-preview":"max-image-preview:large","max-video-preview":"max-video-preview:-1"},"canonical":"https:\/\/webdelmaestrocmf.com\/portal\/el-secuestro-amigdalar-cuando-las-emociones-superan-la-razon\/","og_locale":"es_ES","og_type":"article","og_title":"Lo que los docentes y padres deben saber sobre el secuestro amigdalar: cuando las emociones superan la raz\u00f3n - 2026","og_description":"En nuestro cerebro, la am\u00edgdala act\u00faa como una alarma emocional, lista para activar respuestas r\u00e1pidas y autom\u00e1ticas en situaciones que percibe...","og_url":"https:\/\/webdelmaestrocmf.com\/portal\/el-secuestro-amigdalar-cuando-las-emociones-superan-la-razon\/","og_site_name":"Web del Maestro CMF","article_publisher":"https:\/\/www.facebook.com\/WebdelMaestroCMF\/","article_author":"https:\/\/www.facebook.com\/WebdelMaestroCMF\/","article_published_time":"2025-01-27T14:48:20+00:00","article_modified_time":"2025-09-13T16:23:22+00:00","og_image":[{"width":1024,"height":1024,"url":"https:\/\/webdelmaestrocmf.com\/portal\/wp-content\/uploads\/2025\/01\/1A-Banner-1-portada-imagen-10-1-41.jpg","type":"image\/jpeg"}],"author":"Web del Maestro CMF","twitter_card":"summary_large_image","twitter_creator":"@cmf_w","twitter_site":"@cmf_w","schema":{"@context":"https:\/\/schema.org","@graph":[{"@type":"ScholarlyArticle","@id":"https:\/\/webdelmaestrocmf.com\/portal\/el-secuestro-amigdalar-cuando-las-emociones-superan-la-razon\/#article","isPartOf":{"@id":"https:\/\/webdelmaestrocmf.com\/portal\/el-secuestro-amigdalar-cuando-las-emociones-superan-la-razon\/"},"author":{"name":"Web del Maestro CMF","@id":"https:\/\/webdelmaestrocmf.com\/portal\/#\/schema\/person\/1072a2ed7bd960df8ef99a551fa35dc5"},"headline":"Lo que los docentes y padres deben saber sobre el secuestro amigdalar: cuando las emociones superan la raz\u00f3n","datePublished":"2025-01-27T14:48:20+00:00","dateModified":"2025-09-13T16:23:22+00:00","mainEntityOfPage":{"@id":"https:\/\/webdelmaestrocmf.com\/portal\/el-secuestro-amigdalar-cuando-las-emociones-superan-la-razon\/"},"wordCount":1092,"commentCount":0,"publisher":{"@id":"https:\/\/webdelmaestrocmf.com\/portal\/#organization"},"image":{"@id":"https:\/\/webdelmaestrocmf.com\/portal\/el-secuestro-amigdalar-cuando-las-emociones-superan-la-razon\/#primaryimage"},"thumbnailUrl":"https:\/\/webdelmaestrocmf.com\/portal\/wp-content\/uploads\/2025\/01\/1A-Banner-1-portada-imagen-10-1-41.jpg","keywords":["amigdalar","EMOCIONES","raz\u00f3n","secuestro"],"articleSection":["Neurociencia","Recursos"],"inLanguage":"es","potentialAction":[{"@type":"CommentAction","name":"Comment","target":["https:\/\/webdelmaestrocmf.com\/portal\/el-secuestro-amigdalar-cuando-las-emociones-superan-la-razon\/#respond"]}]},{"@type":"WebPage","@id":"https:\/\/webdelmaestrocmf.com\/portal\/el-secuestro-amigdalar-cuando-las-emociones-superan-la-razon\/","url":"https:\/\/webdelmaestrocmf.com\/portal\/el-secuestro-amigdalar-cuando-las-emociones-superan-la-razon\/","name":"Lo que los docentes y padres deben saber sobre el secuestro amigdalar: cuando las emociones superan la raz\u00f3n - 2026","isPartOf":{"@id":"https:\/\/webdelmaestrocmf.com\/portal\/#website"},"primaryImageOfPage":{"@id":"https:\/\/webdelmaestrocmf.com\/portal\/el-secuestro-amigdalar-cuando-las-emociones-superan-la-razon\/#primaryimage"},"image":{"@id":"https:\/\/webdelmaestrocmf.com\/portal\/el-secuestro-amigdalar-cuando-las-emociones-superan-la-razon\/#primaryimage"},"thumbnailUrl":"https:\/\/webdelmaestrocmf.com\/portal\/wp-content\/uploads\/2025\/01\/1A-Banner-1-portada-imagen-10-1-41.jpg","datePublished":"2025-01-27T14:48:20+00:00","dateModified":"2025-09-13T16:23:22+00:00","description":"En nuestro cerebro, la am\u00edgdala act\u00faa como una alarma emocional, lista para activar respuestas r\u00e1pidas y autom\u00e1ticas en situaciones que percibe...","breadcrumb":{"@id":"https:\/\/webdelmaestrocmf.com\/portal\/el-secuestro-amigdalar-cuando-las-emociones-superan-la-razon\/#breadcrumb"},"inLanguage":"es","potentialAction":[{"@type":"ReadAction","target":["https:\/\/webdelmaestrocmf.com\/portal\/el-secuestro-amigdalar-cuando-las-emociones-superan-la-razon\/"]}]},{"@type":"ImageObject","inLanguage":"es","@id":"https:\/\/webdelmaestrocmf.com\/portal\/el-secuestro-amigdalar-cuando-las-emociones-superan-la-razon\/#primaryimage","url":"https:\/\/webdelmaestrocmf.com\/portal\/wp-content\/uploads\/2025\/01\/1A-Banner-1-portada-imagen-10-1-41.jpg","contentUrl":"https:\/\/webdelmaestrocmf.com\/portal\/wp-content\/uploads\/2025\/01\/1A-Banner-1-portada-imagen-10-1-41.jpg","width":1024,"height":1024},{"@type":"BreadcrumbList","@id":"https:\/\/webdelmaestrocmf.com\/portal\/el-secuestro-amigdalar-cuando-las-emociones-superan-la-razon\/#breadcrumb","itemListElement":[{"@type":"ListItem","position":1,"name":"Portada","item":"https:\/\/webdelmaestrocmf.com\/portal\/"},{"@type":"ListItem","position":2,"name":"Recursos","item":"https:\/\/webdelmaestrocmf.com\/portal\/category\/pedagogia\/"},{"@type":"ListItem","position":3,"name":"Lo que los docentes y padres deben saber sobre el secuestro amigdalar: cuando las emociones superan la raz\u00f3n"}]},{"@type":"WebSite","@id":"https:\/\/webdelmaestrocmf.com\/portal\/#website","url":"https:\/\/webdelmaestrocmf.com\/portal\/","name":"Web del Maestro CMF","description":"Maestros al servicio de la educaci\u00f3n","publisher":{"@id":"https:\/\/webdelmaestrocmf.com\/portal\/#organization"},"alternateName":"WMCMF","potentialAction":[{"@type":"SearchAction","target":{"@type":"EntryPoint","urlTemplate":"https:\/\/webdelmaestrocmf.com\/portal\/?s={search_term_string}"},"query-input":{"@type":"PropertyValueSpecification","valueRequired":true,"valueName":"search_term_string"}}],"inLanguage":"es"},{"@type":"Organization","@id":"https:\/\/webdelmaestrocmf.com\/portal\/#organization","name":"Web del Maestro CMF","alternateName":"WMCMF","url":"https:\/\/webdelmaestrocmf.com\/portal\/","logo":{"@type":"ImageObject","inLanguage":"es","@id":"https:\/\/webdelmaestrocmf.com\/portal\/#\/schema\/logo\/image\/","url":"https:\/\/webdelmaestrocmf.com\/portal\/wp-content\/uploads\/2023\/01\/logo-wmcmf-2.png","contentUrl":"https:\/\/webdelmaestrocmf.com\/portal\/wp-content\/uploads\/2023\/01\/logo-wmcmf-2.png","width":200,"height":60,"caption":"Web del Maestro CMF"},"image":{"@id":"https:\/\/webdelmaestrocmf.com\/portal\/#\/schema\/logo\/image\/"},"sameAs":["https:\/\/www.facebook.com\/WebdelMaestroCMF\/","https:\/\/x.com\/cmf_w","https:\/\/www.pinterest.com\/WMCMF\/","https:\/\/www.linkedin.com\/company\/web-del-maestro-cmf\/","https:\/\/www.instagram.com\/wmcmf\/","https:\/\/www.youtube.com\/channel\/UCDPSvjbdodE5sHnC3OxutHw","https:\/\/mastodon.social\/@wmcmf","https:\/\/www.tiktok.com\/@webdelmaestrocmf"]},{"@type":"Person","@id":"https:\/\/webdelmaestrocmf.com\/portal\/#\/schema\/person\/1072a2ed7bd960df8ef99a551fa35dc5","name":"Web del Maestro CMF","image":{"@type":"ImageObject","inLanguage":"es","@id":"https:\/\/secure.gravatar.com\/avatar\/23291dd5b5ae1077dcff3dbb04c3e02bd28403fa75af6d8787d5e97c5bbbe30b?s=96&d=mm&r=g","url":"https:\/\/secure.gravatar.com\/avatar\/23291dd5b5ae1077dcff3dbb04c3e02bd28403fa75af6d8787d5e97c5bbbe30b?s=96&d=mm&r=g","contentUrl":"https:\/\/secure.gravatar.com\/avatar\/23291dd5b5ae1077dcff3dbb04c3e02bd28403fa75af6d8787d5e97c5bbbe30b?s=96&d=mm&r=g","caption":"Web del Maestro CMF"},"description":"Esta Web se cre\u00f3 sin fines de lucro, con fines educativos, cient\u00edficos y acad\u00e9micos, para personas que tengan dificultades y\/o inconvenientes en visualizar el material original. El objetivo es entregar recursos, compartir experiencias y materiales que ayuden a los padres de familia, maestros y estudiantes en su actualizaci\u00f3n y formaci\u00f3n permanente, en bien de la Educaci\u00f3n.","sameAs":["http:\/\/webdelmaestrocmf.com\/portal","https:\/\/www.facebook.com\/WebdelMaestroCMF\/","https:\/\/www.instagram.com\/wmcmf\/","https:\/\/cl.linkedin.com\/company\/web-del-maestro-cmf","https:\/\/www.pinterest.com\/WMCMF\/publicaciones\/","https:\/\/x.com\/cmf_w","https:\/\/www.youtube.com\/@WMCMF"]}]}},"jetpack_featured_media_url":"https:\/\/webdelmaestrocmf.com\/portal\/wp-content\/uploads\/2025\/01\/1A-Banner-1-portada-imagen-10-1-41.jpg","jetpack_sharing_enabled":true,"jetpack-related-posts":[{"id":88527,"url":"https:\/\/webdelmaestrocmf.com\/portal\/maria-esclapez-las-personas-toxicas-como-tal-no-existen-existen-las-relaciones-toxicas-los-vinculos-toxicos\/","url_meta":{"origin":107699,"position":0},"title":"Mar\u00eda Esclapez: Las personas t\u00f3xicas, como tal, no existen. Existen las relaciones t\u00f3xicas, los v\u00ednculos t\u00f3xicos","author":"Web del Maestro CMF","date":"4 mayo, 2023","format":"video","excerpt":"Mar\u00eda Esclapez Cartagena (1990) es una escritora y psic\u00f3loga espa\u00f1ola, licenciada por la Universidad Miguel Hern\u00e1ndez de Elche (Espa\u00f1a) y el Instituto Superior de Estudios psicol\u00f3gicos (ISEP). Ha colaborado con diversos medios como Cosmopolitan, Glamour, Mujer Hoy, Elle, S Moda, La Vanguardia o El Pa\u00eds. Tambi\u00e9n se ha mantenido muy\u2026","rel":"","context":"En \u00abCharlas\u00bb","block_context":{"text":"Charlas","link":"https:\/\/webdelmaestrocmf.com\/portal\/category\/charlas\/"},"img":{"alt_text":"","src":"https:\/\/i0.wp.com\/webdelmaestrocmf.com\/portal\/wp-content\/uploads\/2023\/05\/A12B3C4D-27.jpg?resize=350%2C200&ssl=1","width":350,"height":200,"srcset":"https:\/\/i0.wp.com\/webdelmaestrocmf.com\/portal\/wp-content\/uploads\/2023\/05\/A12B3C4D-27.jpg?resize=350%2C200&ssl=1 1x, https:\/\/i0.wp.com\/webdelmaestrocmf.com\/portal\/wp-content\/uploads\/2023\/05\/A12B3C4D-27.jpg?resize=525%2C300&ssl=1 1.5x, https:\/\/i0.wp.com\/webdelmaestrocmf.com\/portal\/wp-content\/uploads\/2023\/05\/A12B3C4D-27.jpg?resize=700%2C400&ssl=1 2x"},"classes":[]},{"id":112492,"url":"https:\/\/webdelmaestrocmf.com\/portal\/cuando-el-estres-apaga-la-razon-lo-que-todo-maestro-debe-saber-sobre-el-control-emocional\/","url_meta":{"origin":107699,"position":1},"title":"Cuando el estr\u00e9s apaga la raz\u00f3n: lo que todo maestro debe saber sobre el control emocional","author":"Web del Maestro CMF","date":"7 octubre, 2025","format":false,"excerpt":"Cuando el estr\u00e9s sube, la corteza prefrontal \u2014responsable del autocontrol y la toma de decisiones\u2014 se debilita, y la am\u00edgdala toma el mando. El cerebro deja de razonar y comienza a reaccionar.","rel":"","context":"En \u00abInteligencia Emocional\u00bb","block_context":{"text":"Inteligencia Emocional","link":"https:\/\/webdelmaestrocmf.com\/portal\/category\/pedagogia\/inteligencia-emocional-educacion-y-familia\/"},"img":{"alt_text":"","src":"https:\/\/i0.wp.com\/webdelmaestrocmf.com\/portal\/wp-content\/uploads\/2025\/10\/1A-Banner-1-portada-imagen-10-1-copia-7.jpg?resize=350%2C200&ssl=1","width":350,"height":200,"srcset":"https:\/\/i0.wp.com\/webdelmaestrocmf.com\/portal\/wp-content\/uploads\/2025\/10\/1A-Banner-1-portada-imagen-10-1-copia-7.jpg?resize=350%2C200&ssl=1 1x, https:\/\/i0.wp.com\/webdelmaestrocmf.com\/portal\/wp-content\/uploads\/2025\/10\/1A-Banner-1-portada-imagen-10-1-copia-7.jpg?resize=525%2C300&ssl=1 1.5x, https:\/\/i0.wp.com\/webdelmaestrocmf.com\/portal\/wp-content\/uploads\/2025\/10\/1A-Banner-1-portada-imagen-10-1-copia-7.jpg?resize=700%2C400&ssl=1 2x"},"classes":[]},{"id":27696,"url":"https:\/\/webdelmaestrocmf.com\/portal\/estrategias-de-neuroeducacion-para-el-aula-de-clases\/","url_meta":{"origin":107699,"position":2},"title":"Estrategias de Neuroeducaci\u00f3n para el aula de clases","author":"Web del Maestro CMF","date":"18 noviembre, 2019","format":false,"excerpt":"En el din\u00e1mico y evolutivo campo de la educaci\u00f3n, la Neuroeducaci\u00f3n emerge como un faro de conocimiento que ilumina el camino hacia un aprendizaje m\u00e1s efectivo y significativo. En este viaje, exploraremos las estrategias de Neuroeducaci\u00f3n dise\u00f1adas para el aula de clases, descubriendo c\u00f3mo la comprensi\u00f3n de los procesos cerebrales\u2026","rel":"","context":"En \u00abNeurociencia\u00bb","block_context":{"text":"Neurociencia","link":"https:\/\/webdelmaestrocmf.com\/portal\/category\/pedagogia\/neurociencia\/"},"img":{"alt_text":"Estrategias de Neuroeducaci\u00f3n","src":"https:\/\/i0.wp.com\/webdelmaestrocmf.com\/portal\/wp-content\/uploads\/2019\/11\/1-71.jpg?resize=350%2C200&ssl=1","width":350,"height":200,"srcset":"https:\/\/i0.wp.com\/webdelmaestrocmf.com\/portal\/wp-content\/uploads\/2019\/11\/1-71.jpg?resize=350%2C200&ssl=1 1x, https:\/\/i0.wp.com\/webdelmaestrocmf.com\/portal\/wp-content\/uploads\/2019\/11\/1-71.jpg?resize=525%2C300&ssl=1 1.5x, https:\/\/i0.wp.com\/webdelmaestrocmf.com\/portal\/wp-content\/uploads\/2019\/11\/1-71.jpg?resize=700%2C400&ssl=1 2x, https:\/\/i0.wp.com\/webdelmaestrocmf.com\/portal\/wp-content\/uploads\/2019\/11\/1-71.jpg?resize=1050%2C600&ssl=1 3x"},"classes":[]},{"id":86556,"url":"https:\/\/webdelmaestrocmf.com\/portal\/neurociencia-y-neuroaprendizaje-nivelar-estados-emocionales-y-crear-un-aula-con-cerebro\/","url_meta":{"origin":107699,"position":3},"title":"Neurociencia y Neuroaprendizaje: Nivelar estados emocionales y crear un aula con cerebro","author":"Web del Maestro CMF","date":"2 abril, 2023","format":false,"excerpt":"Nivelar estados emocionales y crear un aula con cerebro es una danza constante entre las emociones y el aprendizaje. En este libro te encontrar\u00e1s con concepciones de las neurociencias y el neuroaprendizaje que te acercar\u00e1n a comprender de una manera m\u00e1s clara y sencilla por qu\u00e9, a veces, nuestros alumnos\u2026","rel":"","context":"En \u00abLibros\u00bb","block_context":{"text":"Libros","link":"https:\/\/webdelmaestrocmf.com\/portal\/category\/pedagogia\/libros\/"},"img":{"alt_text":"","src":"https:\/\/i0.wp.com\/webdelmaestrocmf.com\/portal\/wp-content\/uploads\/2023\/04\/A12B3C4D-67.jpg?resize=350%2C200&ssl=1","width":350,"height":200,"srcset":"https:\/\/i0.wp.com\/webdelmaestrocmf.com\/portal\/wp-content\/uploads\/2023\/04\/A12B3C4D-67.jpg?resize=350%2C200&ssl=1 1x, https:\/\/i0.wp.com\/webdelmaestrocmf.com\/portal\/wp-content\/uploads\/2023\/04\/A12B3C4D-67.jpg?resize=525%2C300&ssl=1 1.5x, https:\/\/i0.wp.com\/webdelmaestrocmf.com\/portal\/wp-content\/uploads\/2023\/04\/A12B3C4D-67.jpg?resize=700%2C400&ssl=1 2x"},"classes":[]},{"id":109187,"url":"https:\/\/webdelmaestrocmf.com\/portal\/erica-komisar-un-padre-sano-tiene-autoestima-controla-sus-emociones-es-empatico-y-cria-hijos-sanos\/","url_meta":{"origin":107699,"position":4},"title":"Erica Komisar: \u00abUn padre sano tiene autoestima, controla sus emociones, es emp\u00e1tico y cr\u00eda hijos sanos\u00bb","author":"Web del Maestro CMF","date":"5 junio, 2025","format":false,"excerpt":"\u00bfQu\u00e9 significa realmente ser un padre sano? \u00bfPor qu\u00e9 los problemas emocionales de los adultos impactan tan profundamente en los hijos? \u00bfQu\u00e9 relaci\u00f3n existe entre el estr\u00e9s, el TDAH y la crianza? Erica Komisar, psic\u00f3loga y psicoanalista con m\u00e1s de 40 a\u00f1os de experiencia cl\u00ednica, lleva d\u00e9cadas abordando estas preguntas.\u2026","rel":"","context":"En \u00abEntrevistas\u00bb","block_context":{"text":"Entrevistas","link":"https:\/\/webdelmaestrocmf.com\/portal\/category\/noticias\/entrevistas\/"},"img":{"alt_text":"","src":"https:\/\/i0.wp.com\/webdelmaestrocmf.com\/portal\/wp-content\/uploads\/2025\/06\/1A-Banner-1-portada-imagen-10-1-1-1.jpg?resize=350%2C200&ssl=1","width":350,"height":200,"srcset":"https:\/\/i0.wp.com\/webdelmaestrocmf.com\/portal\/wp-content\/uploads\/2025\/06\/1A-Banner-1-portada-imagen-10-1-1-1.jpg?resize=350%2C200&ssl=1 1x, https:\/\/i0.wp.com\/webdelmaestrocmf.com\/portal\/wp-content\/uploads\/2025\/06\/1A-Banner-1-portada-imagen-10-1-1-1.jpg?resize=525%2C300&ssl=1 1.5x, https:\/\/i0.wp.com\/webdelmaestrocmf.com\/portal\/wp-content\/uploads\/2025\/06\/1A-Banner-1-portada-imagen-10-1-1-1.jpg?resize=700%2C400&ssl=1 2x"},"classes":[]},{"id":108700,"url":"https:\/\/webdelmaestrocmf.com\/portal\/el-cerebro-en-meditacion-como-cambian-nuestras-redes-neuronales-segun-el-tipo-de-atencion\/","url_meta":{"origin":107699,"position":5},"title":"El cerebro en meditaci\u00f3n: c\u00f3mo cambian nuestras redes neuronales seg\u00fan el tipo de atenci\u00f3n","author":"Web del Maestro CMF","date":"7 abril, 2025","format":false,"excerpt":"Durante siglos, las pr\u00e1cticas contemplativas como la meditaci\u00f3n fueron vistas como t\u00e9cnicas espirituales o filos\u00f3ficas, dif\u00edciles de medir desde una perspectiva cient\u00edfica. Sin embargo, en las \u00faltimas d\u00e9cadas, los avances en neuroimagen han permitido abrir una ventana fascinante hacia el cerebro humano en estado meditativo. Hoy, la ciencia puede demostrar\u2026","rel":"","context":"En \u00abAtenci\u00f3n\u00bb","block_context":{"text":"Atenci\u00f3n","link":"https:\/\/webdelmaestrocmf.com\/portal\/category\/pedagogia\/atencion\/"},"img":{"alt_text":"","src":"https:\/\/i0.wp.com\/webdelmaestrocmf.com\/portal\/wp-content\/uploads\/2025\/04\/1A-Banner-1-portada-imagen-10-1-47.jpg?resize=350%2C200&ssl=1","width":350,"height":200,"srcset":"https:\/\/i0.wp.com\/webdelmaestrocmf.com\/portal\/wp-content\/uploads\/2025\/04\/1A-Banner-1-portada-imagen-10-1-47.jpg?resize=350%2C200&ssl=1 1x, https:\/\/i0.wp.com\/webdelmaestrocmf.com\/portal\/wp-content\/uploads\/2025\/04\/1A-Banner-1-portada-imagen-10-1-47.jpg?resize=525%2C300&ssl=1 1.5x, https:\/\/i0.wp.com\/webdelmaestrocmf.com\/portal\/wp-content\/uploads\/2025\/04\/1A-Banner-1-portada-imagen-10-1-47.jpg?resize=700%2C400&ssl=1 2x"},"classes":[]}],"_links":{"self":[{"href":"https:\/\/webdelmaestrocmf.com\/portal\/wp-json\/wp\/v2\/posts\/107699","targetHints":{"allow":["GET"]}}],"collection":[{"href":"https:\/\/webdelmaestrocmf.com\/portal\/wp-json\/wp\/v2\/posts"}],"about":[{"href":"https:\/\/webdelmaestrocmf.com\/portal\/wp-json\/wp\/v2\/types\/post"}],"author":[{"embeddable":true,"href":"https:\/\/webdelmaestrocmf.com\/portal\/wp-json\/wp\/v2\/users\/1"}],"replies":[{"embeddable":true,"href":"https:\/\/webdelmaestrocmf.com\/portal\/wp-json\/wp\/v2\/comments?post=107699"}],"version-history":[{"count":3,"href":"https:\/\/webdelmaestrocmf.com\/portal\/wp-json\/wp\/v2\/posts\/107699\/revisions"}],"predecessor-version":[{"id":107989,"href":"https:\/\/webdelmaestrocmf.com\/portal\/wp-json\/wp\/v2\/posts\/107699\/revisions\/107989"}],"wp:featuredmedia":[{"embeddable":true,"href":"https:\/\/webdelmaestrocmf.com\/portal\/wp-json\/wp\/v2\/media\/107708"}],"wp:attachment":[{"href":"https:\/\/webdelmaestrocmf.com\/portal\/wp-json\/wp\/v2\/media?parent=107699"}],"wp:term":[{"taxonomy":"category","embeddable":true,"href":"https:\/\/webdelmaestrocmf.com\/portal\/wp-json\/wp\/v2\/categories?post=107699"},{"taxonomy":"post_tag","embeddable":true,"href":"https:\/\/webdelmaestrocmf.com\/portal\/wp-json\/wp\/v2\/tags?post=107699"}],"curies":[{"name":"wp","href":"https:\/\/api.w.org\/{rel}","templated":true}]}}