{"id":107684,"date":"2025-01-25T14:07:47","date_gmt":"2025-01-25T17:07:47","guid":{"rendered":"https:\/\/webdelmaestrocmf.com\/portal\/?p=107684"},"modified":"2025-01-25T14:07:47","modified_gmt":"2025-01-25T17:07:47","slug":"que-deben-saber-los-docentes-sobre-la-memoria-de-los-adolescentes","status":"publish","type":"post","link":"https:\/\/webdelmaestrocmf.com\/portal\/que-deben-saber-los-docentes-sobre-la-memoria-de-los-adolescentes\/","title":{"rendered":"Qu\u00e9 deben saber los docentes sobre la memoria de los adolescentes"},"content":{"rendered":"<p style=\"text-align: justify;\">La adolescencia es una etapa crucial en el desarrollo del cerebro, y la memoria, en sus m\u00faltiples formas, desempe\u00f1a un papel esencial en este proceso. Comprender c\u00f3mo funciona la memoria en esta etapa y c\u00f3mo se relaciona con las funciones ejecutivas y emocionales puede ayudar a los docentes a dise\u00f1ar estrategias m\u00e1s efectivas para el aprendizaje y la interacci\u00f3n con sus estudiantes.<!--more--><\/p>\n<p style=\"text-align: justify;\">Este art\u00edculo explora los principales tipos de memoria y su relevancia en el contexto educativo, respaldado por evidencia cient\u00edfica y recomendaciones pr\u00e1cticas.<\/p>\n<h2 style=\"text-align: left;\"><strong>1. Memoria de trabajo: El motor del pensamiento activo<\/strong><\/h2>\n<p style=\"padding-left: 40px; text-align: justify;\"><strong>Qu\u00e9 es:<\/strong> La memoria de trabajo es una funci\u00f3n cognitiva que permite retener y manipular informaci\u00f3n de manera temporal mientras se realizan tareas complejas. Es la base para procesar informaci\u00f3n en tiempo real y se utiliza en actividades como resolver problemas matem\u00e1ticos, recordar instrucciones, planificar tareas y realizar m\u00faltiples actividades al mismo tiempo. Este tipo de memoria es crucial para el pensamiento abstracto y la toma de decisiones, ya que act\u00faa como un \u00abbloc de notas mental\u00bb donde almacenamos y procesamos informaci\u00f3n mientras se desarrolla una actividad.<\/p>\n<p style=\"padding-left: 40px; text-align: justify;\"><strong>Desarrollo en la adolescencia:<\/strong> Durante esta etapa, el c\u00f3rtex prefrontal, responsable de la memoria de trabajo, se encuentra en desarrollo. Esto significa que los adolescentes pueden ser m\u00e1s impulsivos y distraerse f\u00e1cilmente, ya que su capacidad para controlar impulsos y planificar a\u00fan no est\u00e1 completamente madura.<\/p>\n<p style=\"padding-left: 40px; text-align: justify;\"><strong>Evidencia cient\u00edfica:<\/strong> Estudios han demostrado que la memoria de trabajo mejora con la pr\u00e1ctica de actividades que exigen planificaci\u00f3n y resoluci\u00f3n de problemas (Klingberg, 2010). Adem\u00e1s, dormir bien es fundamental para su \u00f3ptimo funcionamiento.<\/p>\n<p style=\"padding-left: 40px; text-align: justify;\"><strong>Rol en el aula:<\/strong> La memoria de trabajo permite a los estudiantes realizar tareas complejas como resolver problemas matem\u00e1ticos o redactar ensayos. Sin embargo, puede verse afectada por sobrecarga cognitiva.<\/p>\n<p style=\"padding-left: 40px; text-align: justify;\"><strong>C\u00f3mo potenciarla:<\/strong><\/p>\n<ul style=\"text-align: justify;\">\n<li style=\"list-style-type: none;\">\n<ul style=\"text-align: justify;\">\n<li>Introducir juegos de memoria y actividades que dividan las tareas en pasos peque\u00f1os.<\/li>\n<li>Proveer herramientas visuales (mapas conceptuales, esquemas).<\/li>\n<li>Fomentar pausas y momentos de descanso para evitar la fatiga mental.<\/li>\n<\/ul>\n<\/li>\n<\/ul>\n<h2 style=\"text-align: left;\"><strong>2. Memoria a largo plazo: El almac\u00e9n del aprendizaje<\/strong><\/h2>\n<p style=\"padding-left: 40px; text-align: justify;\"><strong>Qu\u00e9 es:<\/strong> La memoria a largo plazo es la capacidad del cerebro para almacenar informaci\u00f3n de forma permanente, permitiendo su recuperaci\u00f3n cuando sea necesario. Se divide en dos categor\u00edas principales:<\/p>\n<ul style=\"text-align: justify;\">\n<li style=\"list-style-type: none;\">\n<ul style=\"text-align: justify;\">\n<li><strong>Memoria declarativa:<\/strong> Incluye la memoria epis\u00f3dica (recuerdos de eventos personales con una dimensi\u00f3n emocional) y la memoria sem\u00e1ntica (conocimientos generales como hechos, conceptos y vocabulario).<\/li>\n<li><strong>Memoria no declarativa:<\/strong> Incluye la memoria procedimental, que almacena habilidades motoras y h\u00e1bitos aprendidos, como andar en bicicleta o escribir en un teclado.<\/li>\n<\/ul>\n<\/li>\n<\/ul>\n<p style=\"padding-left: 40px; text-align: justify;\">La memoria a largo plazo no solo permite acumular conocimientos, sino tambi\u00e9n conectar nueva informaci\u00f3n con conocimientos previos, lo que facilita el aprendizaje significativo y la comprensi\u00f3n m\u00e1s profunda.<\/p>\n<p style=\"padding-left: 40px; text-align: justify;\"><strong>Desarrollo en la adolescencia:<\/strong> La memoria epis\u00f3dica suele ser rica y detallada en esta etapa debido a la alta carga emocional de las experiencias vividas. Sin embargo, la calidad del sue\u00f1o es fundamental para consolidar esta memoria, y el d\u00e9ficit de sue\u00f1o, com\u00fan en adolescentes, puede afectar negativamente este proceso.<\/p>\n<p style=\"padding-left: 40px; text-align: justify;\"><strong>Evidencia cient\u00edfica:<\/strong> La investigaci\u00f3n ha demostrado que la memoria epis\u00f3dica se refuerza mediante la emoci\u00f3n, gracias a la activaci\u00f3n de la am\u00edgdala (McGaugh, 2013). Asimismo, el aprendizaje activo y significativo estimula la memoria sem\u00e1ntica.<\/p>\n<p style=\"padding-left: 40px; text-align: justify;\"><strong>Rol en el aula:<\/strong><\/p>\n<ul style=\"text-align: justify;\">\n<li style=\"list-style-type: none;\">\n<ul style=\"text-align: justify;\">\n<li>La memoria a largo plazo permite a los estudiantes adquirir conocimientos duraderos.<\/li>\n<li>Los recuerdos emocionales (como una clase inspiradora o una experiencia de aprendizaje significativa) pueden motivar el aprendizaje.<\/li>\n<\/ul>\n<\/li>\n<\/ul>\n<p style=\"padding-left: 40px; text-align: justify;\"><strong>C\u00f3mo potenciarla:<\/strong><\/p>\n<ul style=\"text-align: justify;\">\n<li style=\"list-style-type: none;\">\n<ul style=\"text-align: justify;\">\n<li>Dise\u00f1ar lecciones significativas y conectadas con la vida cotidiana de los estudiantes.<\/li>\n<li>Incluir narrativas, ejemplos y experiencias pr\u00e1cticas para reforzar el aprendizaje.<\/li>\n<\/ul>\n<\/li>\n<\/ul>\n<h2 style=\"text-align: left;\"><strong>3. Memoria emocional: El impacto de las emociones en el aprendizaje<\/strong><\/h2>\n<p style=\"padding-left: 40px; text-align: justify;\"><strong>Qu\u00e9 es:<\/strong> La memoria emocional se refiere a los recuerdos asociados a eventos con alta carga afectiva, como momentos de felicidad, tristeza o miedo. Esta memoria est\u00e1 impulsada por el sistema l\u00edmbico, en particular la am\u00edgdala, que es el centro cerebral encargado de procesar emociones. La memoria emocional tiene un impacto profundo, ya que los recuerdos asociados a emociones intensas tienden a ser m\u00e1s duraderos y a influir en el comportamiento y la toma de decisiones futuras.<\/p>\n<p style=\"padding-left: 40px; text-align: justify;\"><strong>Desarrollo en la adolescencia:<\/strong> En esta etapa, el sistema l\u00edmbico es especialmente activo, lo que hace que los adolescentes recuerden mejor los eventos con un fuerte impacto emocional, pero tambi\u00e9n pueden ser m\u00e1s susceptibles a experiencias negativas.<\/p>\n<p style=\"padding-left: 40px; text-align: justify;\"><strong>Evidencia cient\u00edfica:<\/strong> La memoria emocional influye en la toma de decisiones y el comportamiento futuro. Las emociones positivas asociadas al aprendizaje favorecen la retenci\u00f3n (Immordino-Yang &amp; Damasio, 2007).<\/p>\n<p style=\"padding-left: 40px; text-align: justify;\"><strong>Rol en el aula:<\/strong><\/p>\n<ul style=\"text-align: justify;\">\n<li style=\"list-style-type: none;\">\n<ul style=\"text-align: justify;\">\n<li>Las emociones pueden ser un motor poderoso para el aprendizaje. Una clase que sorprenda, inspire o genere curiosidad tiene m\u00e1s probabilidades de ser recordada.<\/li>\n<\/ul>\n<\/li>\n<\/ul>\n<p style=\"padding-left: 40px; text-align: justify;\"><strong>C\u00f3mo potenciarla:<\/strong><\/p>\n<ul style=\"text-align: justify;\">\n<li style=\"list-style-type: none;\">\n<ul style=\"text-align: justify;\">\n<li>Usar actividades din\u00e1micas, juegos y debates para despertar inter\u00e9s.<\/li>\n<li>Evitar generar estr\u00e9s innecesario, ya que las emociones negativas tambi\u00e9n pueden interferir en el aprendizaje.<\/li>\n<\/ul>\n<\/li>\n<\/ul>\n<h2 style=\"text-align: left;\"><strong>4. Memoria prospectiva: Recordar para el futuro<\/strong><\/h2>\n<p style=\"padding-left: 40px; text-align: justify;\"><strong>Qu\u00e9 es:<\/strong> La memoria prospectiva es la habilidad de recordar hacer algo en el futuro, como entregar tareas, asistir a reuniones o realizar una actividad planeada. A diferencia de otros tipos de memoria, esta se centra en la intenci\u00f3n de realizar una acci\u00f3n en un momento posterior. Su funcionamiento est\u00e1 estrechamente relacionado con las funciones ejecutivas y el desarrollo de la corteza prefrontal, que se encarga de planificar, organizar y priorizar.<\/p>\n<p style=\"padding-left: 40px; text-align: justify;\"><strong>Desarrollo en la adolescencia:<\/strong> La memoria prospectiva depende de la corteza prefrontal, que a\u00fan est\u00e1 en desarrollo. Esto puede explicar por qu\u00e9 los adolescentes suelen olvidarse de tareas importantes, especialmente si no cuentan con recordatorios externos.<\/p>\n<p style=\"padding-left: 40px; text-align: justify;\"><strong>Evidencia cient\u00edfica:<\/strong> Se ha encontrado que las funciones ejecutivas y la memoria prospectiva mejoran con la pr\u00e1ctica de planificaci\u00f3n y organizaci\u00f3n (Mahy et al., 2014).<\/p>\n<p style=\"padding-left: 40px; text-align: justify;\"><strong>Rol en el aula:<\/strong><\/p>\n<ul style=\"text-align: justify;\">\n<li style=\"list-style-type: none;\">\n<ul style=\"text-align: justify;\">\n<li>Facilita el cumplimiento de tareas y el manejo del tiempo.<\/li>\n<li>Los docentes pueden ayudar a los estudiantes a desarrollar esta habilidad.<\/li>\n<\/ul>\n<\/li>\n<\/ul>\n<p style=\"padding-left: 40px; text-align: justify;\"><strong>C\u00f3mo potenciarla:<\/strong><\/p>\n<ul style=\"text-align: justify;\">\n<li style=\"list-style-type: none;\">\n<ul style=\"text-align: justify;\">\n<li>Proporcionar recordatorios visuales o digitales.<\/li>\n<li>Ense\u00f1ar t\u00e9cnicas de gesti\u00f3n del tiempo, como listas de tareas o calendarios.<\/li>\n<li>Introducir rutinas predecibles que los ayuden a internalizar h\u00e1bitos.<\/li>\n<\/ul>\n<\/li>\n<\/ul>\n<h3 style=\"padding-left: 40px; text-align: justify;\">\u00bfC\u00f3mo puede ayudar esta informaci\u00f3n al docente?<\/h3>\n<ol style=\"text-align: justify;\">\n<li style=\"list-style-type: none;\">\n<ol style=\"text-align: justify;\">\n<li><strong>Dise\u00f1o de estrategias pedag\u00f3gicas:<\/strong> Conocer c\u00f3mo funciona la memoria en los adolescentes permite a los docentes adaptar sus estrategias de ense\u00f1anza para potenciar el aprendizaje y la retenci\u00f3n.<\/li>\n<li><strong>Fomentar un ambiente positivo:<\/strong> Las emociones juegan un papel clave en el aprendizaje. Un aula que genere emociones positivas favorece la memoria y, por ende, el \u00e9xito acad\u00e9mico.<\/li>\n<li><strong>Individualizaci\u00f3n del aprendizaje:<\/strong> Entender las diferencias en el desarrollo de la memoria puede ayudar a identificar dificultades espec\u00edficas y ofrecer apoyos personalizados.<\/li>\n<li><strong>Promoci\u00f3n del bienestar:<\/strong> Ense\u00f1ar a los estudiantes la importancia del sue\u00f1o, la planificaci\u00f3n y el manejo de emociones no solo mejora su memoria, sino tambi\u00e9n su bienestar general.<\/li>\n<\/ol>\n<\/li>\n<\/ol>\n<h2 style=\"text-align: left;\"><strong>\u00bfC\u00f3mo puede ayudar esta informaci\u00f3n al docente?<\/strong><\/h2>\n<p style=\"text-align: justify;\"><strong>1. Dise\u00f1o de estrategias pedag\u00f3gicas<\/strong><br \/>\nConocer c\u00f3mo funciona la memoria en los adolescentes es fundamental para crear estrategias de ense\u00f1anza m\u00e1s efectivas. Esto implica:<\/p>\n<ul style=\"text-align: justify;\">\n<li><strong>Ajustar la carga cognitiva:<\/strong> Los docentes pueden dividir la informaci\u00f3n en fragmentos manejables para que la memoria de trabajo no se sobrecargue, usando t\u00e9cnicas como el <em>chunking<\/em> (agrupaci\u00f3n de informaci\u00f3n) o el aprendizaje escalonado.<\/li>\n<li><strong>Reforzar el aprendizaje significativo:<\/strong> Relacionar los contenidos con ejemplos pr\u00e1cticos o experiencias personales de los estudiantes mejora la retenci\u00f3n en la memoria a largo plazo.<\/li>\n<li><strong>Incorporar actividades multisensoriales:<\/strong> Incluir im\u00e1genes, sonidos y movimiento facilita la activaci\u00f3n de diferentes tipos de memoria, como la procedimental y la sem\u00e1ntica.<\/li>\n<li><strong>Planificar revisiones peri\u00f3dicas:<\/strong> El uso de t\u00e9cnicas como el repaso espaciado puede ayudar a consolidar la informaci\u00f3n en la memoria a largo plazo.<\/li>\n<\/ul>\n<p style=\"text-align: justify;\"><strong>2. Fomentar un ambiente positivo<\/strong><br \/>\nLas emociones tienen un impacto directo en la memoria, ya que eventos con alta carga emocional tienden a ser m\u00e1s recordados. Para aprovechar esto:<\/p>\n<ul style=\"text-align: justify;\">\n<li><strong>Generar curiosidad y sorpresa:<\/strong> Usar narrativas, juegos o experimentos inesperados activa la atenci\u00f3n y fortalece la memoria emocional.<\/li>\n<li><strong>Evitar ambientes estresantes:<\/strong> El estr\u00e9s cr\u00f3nico puede afectar negativamente la memoria de trabajo y la consolidaci\u00f3n de recuerdos. Crear un ambiente seguro y de apoyo es esencial para maximizar el aprendizaje.<\/li>\n<li><strong>Celebrar los logros:<\/strong> Reconocer los avances y esfuerzos de los estudiantes fomenta emociones positivas, lo que refuerza la retenci\u00f3n de experiencias educativas satisfactorias.<\/li>\n<li><strong>Integrar el humor:<\/strong> Incorporar el humor en el aula no solo mejora la atenci\u00f3n, sino que tambi\u00e9n estimula el sistema l\u00edmbico, favoreciendo el aprendizaje.<\/li>\n<\/ul>\n<p style=\"text-align: justify;\"><strong>3. Individualizaci\u00f3n del aprendizaje<\/strong><br \/>\nEntender que cada estudiante desarrolla sus capacidades de memoria a un ritmo diferente permite:<\/p>\n<ul style=\"text-align: justify;\">\n<li><strong>Detectar dificultades espec\u00edficas:<\/strong> Por ejemplo, algunos estudiantes pueden tener problemas con la memoria de trabajo y necesitar instrucciones m\u00e1s claras y repetitivas. Otros pueden beneficiarse de ayudas visuales o tecnol\u00f3gicas.<\/li>\n<li><strong>Personalizar las tareas:<\/strong> Adaptar las actividades seg\u00fan las necesidades individuales asegura que cada estudiante avance a su propio ritmo, maximizando su potencial.<\/li>\n<li><strong>Fomentar fortalezas espec\u00edficas:<\/strong> Un estudiante con una memoria emocional fuerte puede beneficiarse de proyectos relacionados con sus intereses o de actividades que conecten los contenidos con emociones positivas.<\/li>\n<li><strong>Promover la autoevaluaci\u00f3n:<\/strong> Ense\u00f1ar a los estudiantes a reflexionar sobre sus propias capacidades de memoria les ayuda a identificar qu\u00e9 m\u00e9todos de estudio les funcionan mejor.<\/li>\n<\/ul>\n<p style=\"text-align: justify;\"><strong>4. Promoci\u00f3n del bienestar<\/strong><br \/>\nLa memoria no opera de manera aislada; est\u00e1 profundamente influenciada por factores como el sue\u00f1o, las emociones y la salud general. Los docentes pueden:<\/p>\n<ul style=\"text-align: justify;\">\n<li><strong>Educar sobre la importancia del sue\u00f1o:<\/strong> Ense\u00f1ar a los adolescentes que un sue\u00f1o insuficiente no solo afecta su energ\u00eda, sino tambi\u00e9n su capacidad para consolidar recuerdos y aprender.<\/li>\n<li><strong>Impulsar la planificaci\u00f3n y organizaci\u00f3n:<\/strong> Ayudar a los estudiantes a desarrollar habilidades para gestionar su tiempo, como el uso de agendas o calendarios, mejora la memoria prospectiva y les ense\u00f1a a cumplir con tareas a futuro.<\/li>\n<li><strong>Fomentar la gesti\u00f3n emocional:<\/strong> Ense\u00f1ar t\u00e9cnicas de regulaci\u00f3n emocional (como la respiraci\u00f3n profunda o el mindfulness) puede reducir el impacto negativo del estr\u00e9s en la memoria y favorecer un mejor aprendizaje.<\/li>\n<li><strong>Establecer rutinas saludables:<\/strong> Promover h\u00e1bitos como una dieta balanceada, actividad f\u00edsica regular y tiempo para desconectar de las pantallas contribuye a un funcionamiento \u00f3ptimo de la memoria y del cerebro en general.<\/li>\n<\/ul>\n<h3 style=\"text-align: justify;\">Conclusi\u00f3n<\/h3>\n<p style=\"text-align: justify;\">La memoria no es solo un componente aislado del aprendizaje, sino un proceso complejo y din\u00e1mico que refleja el desarrollo cognitivo, emocional y social del adolescente. Como docentes, comprender estos procesos nos permite no solo ense\u00f1ar con mayor eficacia, sino tambi\u00e9n acompa\u00f1ar a nuestros estudiantes en su crecimiento personal. Al final, un docente que entienda la memoria tiene las herramientas para transformar el aula en un espacio donde el aprendizaje sea significativo, memorable y relevante para la vida de los estudiantes.<\/p>\n","protected":false},"excerpt":{"rendered":"La adolescencia es una etapa crucial en el desarrollo del cerebro, y la memoria, en sus m\u00faltiples formas,&hellip;","protected":false},"author":1,"featured_media":107685,"comment_status":"open","ping_status":"closed","sticky":false,"template":"","format":"standard","meta":{"csco_display_header_overlay":false,"csco_singular_sidebar":"","csco_page_header_type":"","csco_page_load_nextpost":"","csco_post_video_location":[],"csco_post_video_location_hash":"","csco_post_video_url":"","csco_post_video_bg_start_time":0,"csco_post_video_bg_end_time":0,"csco_post_video_bg_volume":false,"_jetpack_memberships_contains_paid_content":false,"footnotes":""},"categories":[4062,735],"tags":[441,58,388],"class_list":{"0":"post-107684","1":"post","2":"type-post","3":"status-publish","4":"format-standard","5":"has-post-thumbnail","7":"category-memoria","8":"category-pedagogia","9":"tag-adolescentes","10":"tag-docentes","11":"tag-memoria","12":"cs-entry","13":"cs-video-wrap"},"yoast_head":"<!-- This site is optimized with the Yoast SEO plugin v27.5 - https:\/\/yoast.com\/product\/yoast-seo-wordpress\/ -->\n<title>Qu\u00e9 deben saber los docentes sobre la memoria de los adolescentes - 2026<\/title>\n<meta name=\"description\" content=\"La adolescencia es una etapa crucial en el desarrollo del cerebro, y la memoria, en sus m\u00faltiples formas, desempe\u00f1a un papel esencial...\" \/>\n<meta name=\"robots\" content=\"index, follow, max-snippet:-1, max-image-preview:large, max-video-preview:-1\" \/>\n<link rel=\"canonical\" href=\"https:\/\/webdelmaestrocmf.com\/portal\/que-deben-saber-los-docentes-sobre-la-memoria-de-los-adolescentes\/\" \/>\n<meta property=\"og:locale\" content=\"es_ES\" \/>\n<meta property=\"og:type\" content=\"article\" \/>\n<meta property=\"og:title\" content=\"Qu\u00e9 deben saber los docentes sobre la memoria de los adolescentes - 2026\" \/>\n<meta property=\"og:description\" content=\"La adolescencia es una etapa crucial en el desarrollo del cerebro, y la memoria, en sus m\u00faltiples formas, desempe\u00f1a un papel esencial...\" \/>\n<meta property=\"og:url\" content=\"https:\/\/webdelmaestrocmf.com\/portal\/que-deben-saber-los-docentes-sobre-la-memoria-de-los-adolescentes\/\" \/>\n<meta property=\"og:site_name\" content=\"Web del Maestro CMF\" \/>\n<meta property=\"article:publisher\" content=\"https:\/\/www.facebook.com\/WebdelMaestroCMF\/\" \/>\n<meta property=\"article:author\" content=\"https:\/\/www.facebook.com\/WebdelMaestroCMF\/\" \/>\n<meta property=\"article:published_time\" content=\"2025-01-25T17:07:47+00:00\" \/>\n<meta property=\"og:image\" content=\"https:\/\/webdelmaestrocmf.com\/portal\/wp-content\/uploads\/2025\/01\/1A-Banner-1-portada-imagen-10-1-37.jpg\" \/>\n\t<meta property=\"og:image:width\" content=\"1024\" \/>\n\t<meta property=\"og:image:height\" content=\"1024\" \/>\n\t<meta property=\"og:image:type\" content=\"image\/jpeg\" \/>\n<meta name=\"author\" content=\"Web del Maestro CMF\" \/>\n<meta name=\"twitter:card\" content=\"summary_large_image\" \/>\n<meta name=\"twitter:creator\" content=\"@cmf_w\" \/>\n<meta name=\"twitter:site\" content=\"@cmf_w\" \/>\n<script type=\"application\/ld+json\" class=\"yoast-schema-graph\">{\"@context\":\"https:\\\/\\\/schema.org\",\"@graph\":[{\"@type\":\"ScholarlyArticle\",\"@id\":\"https:\\\/\\\/webdelmaestrocmf.com\\\/portal\\\/que-deben-saber-los-docentes-sobre-la-memoria-de-los-adolescentes\\\/#article\",\"isPartOf\":{\"@id\":\"https:\\\/\\\/webdelmaestrocmf.com\\\/portal\\\/que-deben-saber-los-docentes-sobre-la-memoria-de-los-adolescentes\\\/\"},\"author\":{\"name\":\"Web del Maestro CMF\",\"@id\":\"https:\\\/\\\/webdelmaestrocmf.com\\\/portal\\\/#\\\/schema\\\/person\\\/1072a2ed7bd960df8ef99a551fa35dc5\"},\"headline\":\"Qu\u00e9 deben saber los docentes sobre la memoria de los adolescentes\",\"datePublished\":\"2025-01-25T17:07:47+00:00\",\"mainEntityOfPage\":{\"@id\":\"https:\\\/\\\/webdelmaestrocmf.com\\\/portal\\\/que-deben-saber-los-docentes-sobre-la-memoria-de-los-adolescentes\\\/\"},\"wordCount\":1868,\"commentCount\":0,\"publisher\":{\"@id\":\"https:\\\/\\\/webdelmaestrocmf.com\\\/portal\\\/#organization\"},\"image\":{\"@id\":\"https:\\\/\\\/webdelmaestrocmf.com\\\/portal\\\/que-deben-saber-los-docentes-sobre-la-memoria-de-los-adolescentes\\\/#primaryimage\"},\"thumbnailUrl\":\"https:\\\/\\\/webdelmaestrocmf.com\\\/portal\\\/wp-content\\\/uploads\\\/2025\\\/01\\\/1A-Banner-1-portada-imagen-10-1-37.jpg\",\"keywords\":[\"adolescentes\",\"DOCENTES\",\"MEMORIA\"],\"articleSection\":[\"Memoria\",\"Recursos\"],\"inLanguage\":\"es\",\"potentialAction\":[{\"@type\":\"CommentAction\",\"name\":\"Comment\",\"target\":[\"https:\\\/\\\/webdelmaestrocmf.com\\\/portal\\\/que-deben-saber-los-docentes-sobre-la-memoria-de-los-adolescentes\\\/#respond\"]}]},{\"@type\":\"WebPage\",\"@id\":\"https:\\\/\\\/webdelmaestrocmf.com\\\/portal\\\/que-deben-saber-los-docentes-sobre-la-memoria-de-los-adolescentes\\\/\",\"url\":\"https:\\\/\\\/webdelmaestrocmf.com\\\/portal\\\/que-deben-saber-los-docentes-sobre-la-memoria-de-los-adolescentes\\\/\",\"name\":\"Qu\u00e9 deben saber los docentes sobre la memoria de los adolescentes - 2026\",\"isPartOf\":{\"@id\":\"https:\\\/\\\/webdelmaestrocmf.com\\\/portal\\\/#website\"},\"primaryImageOfPage\":{\"@id\":\"https:\\\/\\\/webdelmaestrocmf.com\\\/portal\\\/que-deben-saber-los-docentes-sobre-la-memoria-de-los-adolescentes\\\/#primaryimage\"},\"image\":{\"@id\":\"https:\\\/\\\/webdelmaestrocmf.com\\\/portal\\\/que-deben-saber-los-docentes-sobre-la-memoria-de-los-adolescentes\\\/#primaryimage\"},\"thumbnailUrl\":\"https:\\\/\\\/webdelmaestrocmf.com\\\/portal\\\/wp-content\\\/uploads\\\/2025\\\/01\\\/1A-Banner-1-portada-imagen-10-1-37.jpg\",\"datePublished\":\"2025-01-25T17:07:47+00:00\",\"description\":\"La adolescencia es una etapa crucial en el desarrollo del cerebro, y la memoria, en sus m\u00faltiples formas, desempe\u00f1a un papel esencial...\",\"breadcrumb\":{\"@id\":\"https:\\\/\\\/webdelmaestrocmf.com\\\/portal\\\/que-deben-saber-los-docentes-sobre-la-memoria-de-los-adolescentes\\\/#breadcrumb\"},\"inLanguage\":\"es\",\"potentialAction\":[{\"@type\":\"ReadAction\",\"target\":[\"https:\\\/\\\/webdelmaestrocmf.com\\\/portal\\\/que-deben-saber-los-docentes-sobre-la-memoria-de-los-adolescentes\\\/\"]}]},{\"@type\":\"ImageObject\",\"inLanguage\":\"es\",\"@id\":\"https:\\\/\\\/webdelmaestrocmf.com\\\/portal\\\/que-deben-saber-los-docentes-sobre-la-memoria-de-los-adolescentes\\\/#primaryimage\",\"url\":\"https:\\\/\\\/webdelmaestrocmf.com\\\/portal\\\/wp-content\\\/uploads\\\/2025\\\/01\\\/1A-Banner-1-portada-imagen-10-1-37.jpg\",\"contentUrl\":\"https:\\\/\\\/webdelmaestrocmf.com\\\/portal\\\/wp-content\\\/uploads\\\/2025\\\/01\\\/1A-Banner-1-portada-imagen-10-1-37.jpg\",\"width\":1024,\"height\":1024},{\"@type\":\"BreadcrumbList\",\"@id\":\"https:\\\/\\\/webdelmaestrocmf.com\\\/portal\\\/que-deben-saber-los-docentes-sobre-la-memoria-de-los-adolescentes\\\/#breadcrumb\",\"itemListElement\":[{\"@type\":\"ListItem\",\"position\":1,\"name\":\"Portada\",\"item\":\"https:\\\/\\\/webdelmaestrocmf.com\\\/portal\\\/\"},{\"@type\":\"ListItem\",\"position\":2,\"name\":\"Recursos\",\"item\":\"https:\\\/\\\/webdelmaestrocmf.com\\\/portal\\\/category\\\/pedagogia\\\/\"},{\"@type\":\"ListItem\",\"position\":3,\"name\":\"Qu\u00e9 deben saber los docentes sobre la memoria de los adolescentes\"}]},{\"@type\":\"WebSite\",\"@id\":\"https:\\\/\\\/webdelmaestrocmf.com\\\/portal\\\/#website\",\"url\":\"https:\\\/\\\/webdelmaestrocmf.com\\\/portal\\\/\",\"name\":\"Web del Maestro CMF\",\"description\":\"Maestros al servicio de la educaci\u00f3n\",\"publisher\":{\"@id\":\"https:\\\/\\\/webdelmaestrocmf.com\\\/portal\\\/#organization\"},\"alternateName\":\"WMCMF\",\"potentialAction\":[{\"@type\":\"SearchAction\",\"target\":{\"@type\":\"EntryPoint\",\"urlTemplate\":\"https:\\\/\\\/webdelmaestrocmf.com\\\/portal\\\/?s={search_term_string}\"},\"query-input\":{\"@type\":\"PropertyValueSpecification\",\"valueRequired\":true,\"valueName\":\"search_term_string\"}}],\"inLanguage\":\"es\"},{\"@type\":\"Organization\",\"@id\":\"https:\\\/\\\/webdelmaestrocmf.com\\\/portal\\\/#organization\",\"name\":\"Web del Maestro CMF\",\"alternateName\":\"WMCMF\",\"url\":\"https:\\\/\\\/webdelmaestrocmf.com\\\/portal\\\/\",\"logo\":{\"@type\":\"ImageObject\",\"inLanguage\":\"es\",\"@id\":\"https:\\\/\\\/webdelmaestrocmf.com\\\/portal\\\/#\\\/schema\\\/logo\\\/image\\\/\",\"url\":\"https:\\\/\\\/webdelmaestrocmf.com\\\/portal\\\/wp-content\\\/uploads\\\/2023\\\/01\\\/logo-wmcmf-2.png\",\"contentUrl\":\"https:\\\/\\\/webdelmaestrocmf.com\\\/portal\\\/wp-content\\\/uploads\\\/2023\\\/01\\\/logo-wmcmf-2.png\",\"width\":200,\"height\":60,\"caption\":\"Web del Maestro CMF\"},\"image\":{\"@id\":\"https:\\\/\\\/webdelmaestrocmf.com\\\/portal\\\/#\\\/schema\\\/logo\\\/image\\\/\"},\"sameAs\":[\"https:\\\/\\\/www.facebook.com\\\/WebdelMaestroCMF\\\/\",\"https:\\\/\\\/x.com\\\/cmf_w\",\"https:\\\/\\\/www.pinterest.com\\\/WMCMF\\\/\",\"https:\\\/\\\/www.linkedin.com\\\/company\\\/web-del-maestro-cmf\\\/\",\"https:\\\/\\\/www.instagram.com\\\/wmcmf\\\/\",\"https:\\\/\\\/www.youtube.com\\\/channel\\\/UCDPSvjbdodE5sHnC3OxutHw\",\"https:\\\/\\\/mastodon.social\\\/@wmcmf\",\"https:\\\/\\\/www.tiktok.com\\\/@webdelmaestrocmf\"]},{\"@type\":\"Person\",\"@id\":\"https:\\\/\\\/webdelmaestrocmf.com\\\/portal\\\/#\\\/schema\\\/person\\\/1072a2ed7bd960df8ef99a551fa35dc5\",\"name\":\"Web del Maestro CMF\",\"image\":{\"@type\":\"ImageObject\",\"inLanguage\":\"es\",\"@id\":\"https:\\\/\\\/secure.gravatar.com\\\/avatar\\\/23291dd5b5ae1077dcff3dbb04c3e02bd28403fa75af6d8787d5e97c5bbbe30b?s=96&d=mm&r=g\",\"url\":\"https:\\\/\\\/secure.gravatar.com\\\/avatar\\\/23291dd5b5ae1077dcff3dbb04c3e02bd28403fa75af6d8787d5e97c5bbbe30b?s=96&d=mm&r=g\",\"contentUrl\":\"https:\\\/\\\/secure.gravatar.com\\\/avatar\\\/23291dd5b5ae1077dcff3dbb04c3e02bd28403fa75af6d8787d5e97c5bbbe30b?s=96&d=mm&r=g\",\"caption\":\"Web del Maestro CMF\"},\"description\":\"Esta Web se cre\u00f3 sin fines de lucro, con fines educativos, cient\u00edficos y acad\u00e9micos, para personas que tengan dificultades y\\\/o inconvenientes en visualizar el material original. El objetivo es entregar recursos, compartir experiencias y materiales que ayuden a los padres de familia, maestros y estudiantes en su actualizaci\u00f3n y formaci\u00f3n permanente, en bien de la Educaci\u00f3n.\",\"sameAs\":[\"http:\\\/\\\/webdelmaestrocmf.com\\\/portal\",\"https:\\\/\\\/www.facebook.com\\\/WebdelMaestroCMF\\\/\",\"https:\\\/\\\/www.instagram.com\\\/wmcmf\\\/\",\"https:\\\/\\\/cl.linkedin.com\\\/company\\\/web-del-maestro-cmf\",\"https:\\\/\\\/www.pinterest.com\\\/WMCMF\\\/publicaciones\\\/\",\"https:\\\/\\\/x.com\\\/cmf_w\",\"https:\\\/\\\/www.youtube.com\\\/@WMCMF\"]}]}<\/script>\n<!-- \/ Yoast SEO plugin. -->","yoast_head_json":{"title":"Qu\u00e9 deben saber los docentes sobre la memoria de los adolescentes - 2026","description":"La adolescencia es una etapa crucial en el desarrollo del cerebro, y la memoria, en sus m\u00faltiples formas, desempe\u00f1a un papel esencial...","robots":{"index":"index","follow":"follow","max-snippet":"max-snippet:-1","max-image-preview":"max-image-preview:large","max-video-preview":"max-video-preview:-1"},"canonical":"https:\/\/webdelmaestrocmf.com\/portal\/que-deben-saber-los-docentes-sobre-la-memoria-de-los-adolescentes\/","og_locale":"es_ES","og_type":"article","og_title":"Qu\u00e9 deben saber los docentes sobre la memoria de los adolescentes - 2026","og_description":"La adolescencia es una etapa crucial en el desarrollo del cerebro, y la memoria, en sus m\u00faltiples formas, desempe\u00f1a un papel esencial...","og_url":"https:\/\/webdelmaestrocmf.com\/portal\/que-deben-saber-los-docentes-sobre-la-memoria-de-los-adolescentes\/","og_site_name":"Web del Maestro CMF","article_publisher":"https:\/\/www.facebook.com\/WebdelMaestroCMF\/","article_author":"https:\/\/www.facebook.com\/WebdelMaestroCMF\/","article_published_time":"2025-01-25T17:07:47+00:00","og_image":[{"width":1024,"height":1024,"url":"https:\/\/webdelmaestrocmf.com\/portal\/wp-content\/uploads\/2025\/01\/1A-Banner-1-portada-imagen-10-1-37.jpg","type":"image\/jpeg"}],"author":"Web del Maestro CMF","twitter_card":"summary_large_image","twitter_creator":"@cmf_w","twitter_site":"@cmf_w","schema":{"@context":"https:\/\/schema.org","@graph":[{"@type":"ScholarlyArticle","@id":"https:\/\/webdelmaestrocmf.com\/portal\/que-deben-saber-los-docentes-sobre-la-memoria-de-los-adolescentes\/#article","isPartOf":{"@id":"https:\/\/webdelmaestrocmf.com\/portal\/que-deben-saber-los-docentes-sobre-la-memoria-de-los-adolescentes\/"},"author":{"name":"Web del Maestro CMF","@id":"https:\/\/webdelmaestrocmf.com\/portal\/#\/schema\/person\/1072a2ed7bd960df8ef99a551fa35dc5"},"headline":"Qu\u00e9 deben saber los docentes sobre la memoria de los adolescentes","datePublished":"2025-01-25T17:07:47+00:00","mainEntityOfPage":{"@id":"https:\/\/webdelmaestrocmf.com\/portal\/que-deben-saber-los-docentes-sobre-la-memoria-de-los-adolescentes\/"},"wordCount":1868,"commentCount":0,"publisher":{"@id":"https:\/\/webdelmaestrocmf.com\/portal\/#organization"},"image":{"@id":"https:\/\/webdelmaestrocmf.com\/portal\/que-deben-saber-los-docentes-sobre-la-memoria-de-los-adolescentes\/#primaryimage"},"thumbnailUrl":"https:\/\/webdelmaestrocmf.com\/portal\/wp-content\/uploads\/2025\/01\/1A-Banner-1-portada-imagen-10-1-37.jpg","keywords":["adolescentes","DOCENTES","MEMORIA"],"articleSection":["Memoria","Recursos"],"inLanguage":"es","potentialAction":[{"@type":"CommentAction","name":"Comment","target":["https:\/\/webdelmaestrocmf.com\/portal\/que-deben-saber-los-docentes-sobre-la-memoria-de-los-adolescentes\/#respond"]}]},{"@type":"WebPage","@id":"https:\/\/webdelmaestrocmf.com\/portal\/que-deben-saber-los-docentes-sobre-la-memoria-de-los-adolescentes\/","url":"https:\/\/webdelmaestrocmf.com\/portal\/que-deben-saber-los-docentes-sobre-la-memoria-de-los-adolescentes\/","name":"Qu\u00e9 deben saber los docentes sobre la memoria de los adolescentes - 2026","isPartOf":{"@id":"https:\/\/webdelmaestrocmf.com\/portal\/#website"},"primaryImageOfPage":{"@id":"https:\/\/webdelmaestrocmf.com\/portal\/que-deben-saber-los-docentes-sobre-la-memoria-de-los-adolescentes\/#primaryimage"},"image":{"@id":"https:\/\/webdelmaestrocmf.com\/portal\/que-deben-saber-los-docentes-sobre-la-memoria-de-los-adolescentes\/#primaryimage"},"thumbnailUrl":"https:\/\/webdelmaestrocmf.com\/portal\/wp-content\/uploads\/2025\/01\/1A-Banner-1-portada-imagen-10-1-37.jpg","datePublished":"2025-01-25T17:07:47+00:00","description":"La adolescencia es una etapa crucial en el desarrollo del cerebro, y la memoria, en sus m\u00faltiples formas, desempe\u00f1a un papel esencial...","breadcrumb":{"@id":"https:\/\/webdelmaestrocmf.com\/portal\/que-deben-saber-los-docentes-sobre-la-memoria-de-los-adolescentes\/#breadcrumb"},"inLanguage":"es","potentialAction":[{"@type":"ReadAction","target":["https:\/\/webdelmaestrocmf.com\/portal\/que-deben-saber-los-docentes-sobre-la-memoria-de-los-adolescentes\/"]}]},{"@type":"ImageObject","inLanguage":"es","@id":"https:\/\/webdelmaestrocmf.com\/portal\/que-deben-saber-los-docentes-sobre-la-memoria-de-los-adolescentes\/#primaryimage","url":"https:\/\/webdelmaestrocmf.com\/portal\/wp-content\/uploads\/2025\/01\/1A-Banner-1-portada-imagen-10-1-37.jpg","contentUrl":"https:\/\/webdelmaestrocmf.com\/portal\/wp-content\/uploads\/2025\/01\/1A-Banner-1-portada-imagen-10-1-37.jpg","width":1024,"height":1024},{"@type":"BreadcrumbList","@id":"https:\/\/webdelmaestrocmf.com\/portal\/que-deben-saber-los-docentes-sobre-la-memoria-de-los-adolescentes\/#breadcrumb","itemListElement":[{"@type":"ListItem","position":1,"name":"Portada","item":"https:\/\/webdelmaestrocmf.com\/portal\/"},{"@type":"ListItem","position":2,"name":"Recursos","item":"https:\/\/webdelmaestrocmf.com\/portal\/category\/pedagogia\/"},{"@type":"ListItem","position":3,"name":"Qu\u00e9 deben saber los docentes sobre la memoria de los adolescentes"}]},{"@type":"WebSite","@id":"https:\/\/webdelmaestrocmf.com\/portal\/#website","url":"https:\/\/webdelmaestrocmf.com\/portal\/","name":"Web del Maestro CMF","description":"Maestros al servicio de la educaci\u00f3n","publisher":{"@id":"https:\/\/webdelmaestrocmf.com\/portal\/#organization"},"alternateName":"WMCMF","potentialAction":[{"@type":"SearchAction","target":{"@type":"EntryPoint","urlTemplate":"https:\/\/webdelmaestrocmf.com\/portal\/?s={search_term_string}"},"query-input":{"@type":"PropertyValueSpecification","valueRequired":true,"valueName":"search_term_string"}}],"inLanguage":"es"},{"@type":"Organization","@id":"https:\/\/webdelmaestrocmf.com\/portal\/#organization","name":"Web del Maestro CMF","alternateName":"WMCMF","url":"https:\/\/webdelmaestrocmf.com\/portal\/","logo":{"@type":"ImageObject","inLanguage":"es","@id":"https:\/\/webdelmaestrocmf.com\/portal\/#\/schema\/logo\/image\/","url":"https:\/\/webdelmaestrocmf.com\/portal\/wp-content\/uploads\/2023\/01\/logo-wmcmf-2.png","contentUrl":"https:\/\/webdelmaestrocmf.com\/portal\/wp-content\/uploads\/2023\/01\/logo-wmcmf-2.png","width":200,"height":60,"caption":"Web del Maestro CMF"},"image":{"@id":"https:\/\/webdelmaestrocmf.com\/portal\/#\/schema\/logo\/image\/"},"sameAs":["https:\/\/www.facebook.com\/WebdelMaestroCMF\/","https:\/\/x.com\/cmf_w","https:\/\/www.pinterest.com\/WMCMF\/","https:\/\/www.linkedin.com\/company\/web-del-maestro-cmf\/","https:\/\/www.instagram.com\/wmcmf\/","https:\/\/www.youtube.com\/channel\/UCDPSvjbdodE5sHnC3OxutHw","https:\/\/mastodon.social\/@wmcmf","https:\/\/www.tiktok.com\/@webdelmaestrocmf"]},{"@type":"Person","@id":"https:\/\/webdelmaestrocmf.com\/portal\/#\/schema\/person\/1072a2ed7bd960df8ef99a551fa35dc5","name":"Web del Maestro CMF","image":{"@type":"ImageObject","inLanguage":"es","@id":"https:\/\/secure.gravatar.com\/avatar\/23291dd5b5ae1077dcff3dbb04c3e02bd28403fa75af6d8787d5e97c5bbbe30b?s=96&d=mm&r=g","url":"https:\/\/secure.gravatar.com\/avatar\/23291dd5b5ae1077dcff3dbb04c3e02bd28403fa75af6d8787d5e97c5bbbe30b?s=96&d=mm&r=g","contentUrl":"https:\/\/secure.gravatar.com\/avatar\/23291dd5b5ae1077dcff3dbb04c3e02bd28403fa75af6d8787d5e97c5bbbe30b?s=96&d=mm&r=g","caption":"Web del Maestro CMF"},"description":"Esta Web se cre\u00f3 sin fines de lucro, con fines educativos, cient\u00edficos y acad\u00e9micos, para personas que tengan dificultades y\/o inconvenientes en visualizar el material original. El objetivo es entregar recursos, compartir experiencias y materiales que ayuden a los padres de familia, maestros y estudiantes en su actualizaci\u00f3n y formaci\u00f3n permanente, en bien de la Educaci\u00f3n.","sameAs":["http:\/\/webdelmaestrocmf.com\/portal","https:\/\/www.facebook.com\/WebdelMaestroCMF\/","https:\/\/www.instagram.com\/wmcmf\/","https:\/\/cl.linkedin.com\/company\/web-del-maestro-cmf","https:\/\/www.pinterest.com\/WMCMF\/publicaciones\/","https:\/\/x.com\/cmf_w","https:\/\/www.youtube.com\/@WMCMF"]}]}},"jetpack_featured_media_url":"https:\/\/webdelmaestrocmf.com\/portal\/wp-content\/uploads\/2025\/01\/1A-Banner-1-portada-imagen-10-1-37.jpg","jetpack_sharing_enabled":true,"jetpack-related-posts":[{"id":45068,"url":"https:\/\/webdelmaestrocmf.com\/portal\/al-docente-hay-que-respetarlo-hay-que-prestigiarlo-hay-que-pagarle-bien-pero-ademas-hay-que-reinventarlo\/","url_meta":{"origin":107684,"position":0},"title":"Facundo Manes: Al docente hay que respetarlo, hay que prestigiarlo, hay que pagarle bien, pero, adem\u00e1s, hay que reinventarlo","author":"Web del Maestro CMF","date":"13 abril, 2021","format":"video","excerpt":"El \u00a0neur\u00f3logo, neurocient\u00edfico y pol\u00edtico argentino Facundo Manes (1969), creador del Instituto de Neurolog\u00eda Cognitiva (INECO), presidente honor\u00edfico de la Fundaci\u00f3n INECO, ex rector de la Universidad Favaloro\u200b y director del Instituto de Neurociencias de la Fundaci\u00f3n Favaloro, con estudios en la Universidad de Buenos Aires, (Argentina) y la Universidad\u2026","rel":"","context":"En \u00abCharlas\u00bb","block_context":{"text":"Charlas","link":"https:\/\/webdelmaestrocmf.com\/portal\/category\/charlas\/"},"img":{"alt_text":"","src":"https:\/\/i0.wp.com\/webdelmaestrocmf.com\/portal\/wp-content\/uploads\/2021\/04\/1A-Banner-1-portada-imagen-10-1-3.jpg?resize=350%2C200&ssl=1","width":350,"height":200,"srcset":"https:\/\/i0.wp.com\/webdelmaestrocmf.com\/portal\/wp-content\/uploads\/2021\/04\/1A-Banner-1-portada-imagen-10-1-3.jpg?resize=350%2C200&ssl=1 1x, https:\/\/i0.wp.com\/webdelmaestrocmf.com\/portal\/wp-content\/uploads\/2021\/04\/1A-Banner-1-portada-imagen-10-1-3.jpg?resize=525%2C300&ssl=1 1.5x, https:\/\/i0.wp.com\/webdelmaestrocmf.com\/portal\/wp-content\/uploads\/2021\/04\/1A-Banner-1-portada-imagen-10-1-3.jpg?resize=700%2C400&ssl=1 2x"},"classes":[]},{"id":68069,"url":"https:\/\/webdelmaestrocmf.com\/portal\/estos-son-los-tres-tipos-de-carga-cognitiva-que-los-docentes-deben-conocer\/","url_meta":{"origin":107684,"position":1},"title":"Estos son los tres tipos de carga cognitiva que los docentes deben conocer","author":"Web del Maestro CMF","date":"26 octubre, 2022","format":false,"excerpt":"Para comprender esta imagen interactiva mejor, quiz\u00e1 sea interesante recordar algunas ideas. La teor\u00eda de la carga cognitiva\u00a0propone que el aprendizaje ser\u00e1 mejor cuando se produzca en condiciones coherentes con la estructura cognitiva de las personas. As\u00ed, hablamos\u00a0memoria de trabajo u operativa\u00a0(antes de saber de los trabajos de\u00a0Baddeley, utiliz\u00e1bamos el\u2026","rel":"","context":"En \u00abPedagog\u00eda\u00bb","block_context":{"text":"Pedagog\u00eda","link":"https:\/\/webdelmaestrocmf.com\/portal\/category\/pedagogia\/educacion-pedagogia\/"},"img":{"alt_text":"","src":"https:\/\/i0.wp.com\/webdelmaestrocmf.com\/portal\/wp-content\/uploads\/2021\/09\/1-105.jpg?resize=350%2C200&ssl=1","width":350,"height":200,"srcset":"https:\/\/i0.wp.com\/webdelmaestrocmf.com\/portal\/wp-content\/uploads\/2021\/09\/1-105.jpg?resize=350%2C200&ssl=1 1x, https:\/\/i0.wp.com\/webdelmaestrocmf.com\/portal\/wp-content\/uploads\/2021\/09\/1-105.jpg?resize=525%2C300&ssl=1 1.5x, https:\/\/i0.wp.com\/webdelmaestrocmf.com\/portal\/wp-content\/uploads\/2021\/09\/1-105.jpg?resize=700%2C400&ssl=1 2x, https:\/\/i0.wp.com\/webdelmaestrocmf.com\/portal\/wp-content\/uploads\/2021\/09\/1-105.jpg?resize=1050%2C600&ssl=1 3x"},"classes":[]},{"id":112165,"url":"https:\/\/webdelmaestrocmf.com\/portal\/el-movimiento-la-emocion-y-la-memoria-tres-aliados-cerebrales-para-el-docente\/","url_meta":{"origin":107684,"position":2},"title":"El movimiento, la emoci\u00f3n y la memoria: tres aliados cerebrales para el docente","author":"Web del Maestro CMF","date":"16 septiembre, 2025","format":false,"excerpt":"Comprender el cerebro permite al docente dise\u00f1ar clases inclusivas, conectar con emociones, activar aprendizajes significativos y transformar la ense\u00f1anza.","rel":"","context":"En \u00abNeurociencia\u00bb","block_context":{"text":"Neurociencia","link":"https:\/\/webdelmaestrocmf.com\/portal\/category\/pedagogia\/neurociencia\/"},"img":{"alt_text":"","src":"https:\/\/i0.wp.com\/webdelmaestrocmf.com\/portal\/wp-content\/uploads\/2025\/09\/1A-Banner-1-portada-imagen-10-1-copia-2025-09-16T113414.045.webp?resize=350%2C200&ssl=1","width":350,"height":200,"srcset":"https:\/\/i0.wp.com\/webdelmaestrocmf.com\/portal\/wp-content\/uploads\/2025\/09\/1A-Banner-1-portada-imagen-10-1-copia-2025-09-16T113414.045.webp?resize=350%2C200&ssl=1 1x, https:\/\/i0.wp.com\/webdelmaestrocmf.com\/portal\/wp-content\/uploads\/2025\/09\/1A-Banner-1-portada-imagen-10-1-copia-2025-09-16T113414.045.webp?resize=525%2C300&ssl=1 1.5x, https:\/\/i0.wp.com\/webdelmaestrocmf.com\/portal\/wp-content\/uploads\/2025\/09\/1A-Banner-1-portada-imagen-10-1-copia-2025-09-16T113414.045.webp?resize=700%2C400&ssl=1 2x"},"classes":[]},{"id":72881,"url":"https:\/\/webdelmaestrocmf.com\/portal\/memoria-de-trabajo-en-el-aula\/","url_meta":{"origin":107684,"position":3},"title":"Memoria de trabajo en el aula","author":"Web del Maestro CMF","date":"6 agosto, 2022","format":false,"excerpt":"Imaginemos que hemos de multiplicar mentalmente los n\u00fameros 43 y 27. Para que este c\u00e1lculo lo podamos realizar deberemos recordar los dos n\u00fameros, aplicar las reglas propias de la multiplicaci\u00f3n, almacenar la informaci\u00f3n correspondiente a los productos intermedios e ir proces\u00e1ndola atentamente para evitar las distracciones que perjudicar\u00edan la secuencia\u2026","rel":"","context":"En \u00abMemoria\u00bb","block_context":{"text":"Memoria","link":"https:\/\/webdelmaestrocmf.com\/portal\/category\/pedagogia\/memoria\/"},"img":{"alt_text":"Memoria","src":"https:\/\/i0.wp.com\/webdelmaestrocmf.com\/portal\/wp-content\/uploads\/2022\/01\/1-50.jpg?resize=350%2C200&ssl=1","width":350,"height":200,"srcset":"https:\/\/i0.wp.com\/webdelmaestrocmf.com\/portal\/wp-content\/uploads\/2022\/01\/1-50.jpg?resize=350%2C200&ssl=1 1x, https:\/\/i0.wp.com\/webdelmaestrocmf.com\/portal\/wp-content\/uploads\/2022\/01\/1-50.jpg?resize=525%2C300&ssl=1 1.5x, https:\/\/i0.wp.com\/webdelmaestrocmf.com\/portal\/wp-content\/uploads\/2022\/01\/1-50.jpg?resize=700%2C400&ssl=1 2x, https:\/\/i0.wp.com\/webdelmaestrocmf.com\/portal\/wp-content\/uploads\/2022\/01\/1-50.jpg?resize=1050%2C600&ssl=1 3x"},"classes":[]},{"id":109079,"url":"https:\/\/webdelmaestrocmf.com\/portal\/3-funciones-ejecutivas-mas-importantes-para-la-ensenanza-y-el-aprendizaje\/","url_meta":{"origin":107684,"position":4},"title":"Descarga la gu\u00eda PDF: Funciones ejecutivas m\u00e1s importantes para la ense\u00f1anza y el aprendizaje","author":"Web del Maestro CMF","date":"23 noviembre, 2025","format":false,"excerpt":"Una gu\u00eda gratuita para integrar funciones ejecutivas en el aula con evidencia cient\u00edfica, estrategias pr\u00e1cticas y enfoque pedag\u00f3gico claro.","rel":"","context":"En \u00abNeurociencia\u00bb","block_context":{"text":"Neurociencia","link":"https:\/\/webdelmaestrocmf.com\/portal\/category\/pedagogia\/neurociencia\/"},"img":{"alt_text":"","src":"https:\/\/i0.wp.com\/webdelmaestrocmf.com\/portal\/wp-content\/uploads\/2025\/11\/Portada-descarga-3-1.jpg?resize=350%2C200&ssl=1","width":350,"height":200,"srcset":"https:\/\/i0.wp.com\/webdelmaestrocmf.com\/portal\/wp-content\/uploads\/2025\/11\/Portada-descarga-3-1.jpg?resize=350%2C200&ssl=1 1x, https:\/\/i0.wp.com\/webdelmaestrocmf.com\/portal\/wp-content\/uploads\/2025\/11\/Portada-descarga-3-1.jpg?resize=525%2C300&ssl=1 1.5x, https:\/\/i0.wp.com\/webdelmaestrocmf.com\/portal\/wp-content\/uploads\/2025\/11\/Portada-descarga-3-1.jpg?resize=700%2C400&ssl=1 2x"},"classes":[]},{"id":77265,"url":"https:\/\/webdelmaestrocmf.com\/portal\/los-principios-cognitivos-del-aprendizaje-tras-el-modelo-de-ensenanza-5e-empezamos-exploramos-explicamos-elaboramos-y-evaluamos\/","url_meta":{"origin":107684,"position":5},"title":"Los principios y procesos cognitivos del aprendizaje","author":"Web del Maestro CMF","date":"22 septiembre, 2022","format":false,"excerpt":"El\u00a0International Journal of STEM Education\u00a0publica en el mes de marzo\u00a0\u2018The cognitive principles of learning underlying the 5E Model of Instruction\u2019, un art\u00edculo elaborado por\u00a0H\u00e9ctor Ruiz Mart\u00edn, director de la International Science Teaching Foundation, y\u00a0Rodger W. Bybee, director del equipo que desarroll\u00f3 el Modelo de las 5E. En \u00e9l, los autores\u2026","rel":"","context":"En \u00abDocentes\u00bb","block_context":{"text":"Docentes","link":"https:\/\/webdelmaestrocmf.com\/portal\/category\/pedagogia\/docentes\/"},"img":{"alt_text":"principios","src":"https:\/\/i0.wp.com\/webdelmaestrocmf.com\/portal\/wp-content\/uploads\/2022\/06\/0-6.jpg?resize=350%2C200&ssl=1","width":350,"height":200,"srcset":"https:\/\/i0.wp.com\/webdelmaestrocmf.com\/portal\/wp-content\/uploads\/2022\/06\/0-6.jpg?resize=350%2C200&ssl=1 1x, https:\/\/i0.wp.com\/webdelmaestrocmf.com\/portal\/wp-content\/uploads\/2022\/06\/0-6.jpg?resize=525%2C300&ssl=1 1.5x, https:\/\/i0.wp.com\/webdelmaestrocmf.com\/portal\/wp-content\/uploads\/2022\/06\/0-6.jpg?resize=700%2C400&ssl=1 2x, https:\/\/i0.wp.com\/webdelmaestrocmf.com\/portal\/wp-content\/uploads\/2022\/06\/0-6.jpg?resize=1050%2C600&ssl=1 3x"},"classes":[]}],"_links":{"self":[{"href":"https:\/\/webdelmaestrocmf.com\/portal\/wp-json\/wp\/v2\/posts\/107684","targetHints":{"allow":["GET"]}}],"collection":[{"href":"https:\/\/webdelmaestrocmf.com\/portal\/wp-json\/wp\/v2\/posts"}],"about":[{"href":"https:\/\/webdelmaestrocmf.com\/portal\/wp-json\/wp\/v2\/types\/post"}],"author":[{"embeddable":true,"href":"https:\/\/webdelmaestrocmf.com\/portal\/wp-json\/wp\/v2\/users\/1"}],"replies":[{"embeddable":true,"href":"https:\/\/webdelmaestrocmf.com\/portal\/wp-json\/wp\/v2\/comments?post=107684"}],"version-history":[{"count":0,"href":"https:\/\/webdelmaestrocmf.com\/portal\/wp-json\/wp\/v2\/posts\/107684\/revisions"}],"wp:featuredmedia":[{"embeddable":true,"href":"https:\/\/webdelmaestrocmf.com\/portal\/wp-json\/wp\/v2\/media\/107685"}],"wp:attachment":[{"href":"https:\/\/webdelmaestrocmf.com\/portal\/wp-json\/wp\/v2\/media?parent=107684"}],"wp:term":[{"taxonomy":"category","embeddable":true,"href":"https:\/\/webdelmaestrocmf.com\/portal\/wp-json\/wp\/v2\/categories?post=107684"},{"taxonomy":"post_tag","embeddable":true,"href":"https:\/\/webdelmaestrocmf.com\/portal\/wp-json\/wp\/v2\/tags?post=107684"}],"curies":[{"name":"wp","href":"https:\/\/api.w.org\/{rel}","templated":true}]}}