{"id":107448,"date":"2025-01-11T17:55:27","date_gmt":"2025-01-11T20:55:27","guid":{"rendered":"https:\/\/webdelmaestrocmf.com\/portal\/?p=107448"},"modified":"2025-07-06T11:51:35","modified_gmt":"2025-07-06T15:51:35","slug":"jose-antonio-marina-el-pensamiento-critico-es-nuestra-defensa-contra-la-manipulacion-y-el-fanatismo","status":"publish","type":"post","link":"https:\/\/webdelmaestrocmf.com\/portal\/jose-antonio-marina-el-pensamiento-critico-es-nuestra-defensa-contra-la-manipulacion-y-el-fanatismo\/","title":{"rendered":"Jos\u00e9 Antonio Marina: El pensamiento cr\u00edtico es nuestra defensa contra la manipulaci\u00f3n y el fanatismo"},"content":{"rendered":"<p class=\"\" style=\"text-align: justify;\">\u201cSoy fil\u00f3sofo, y hoy me lo tengo que pensar dos veces antes de afirmar que todos deber\u00edan estudiar Filosof\u00eda\u201d. La frase, pronunciada por el pensador, ensayista y pedagogo Jos\u00e9 Antonio Marina (Toledo, 1939) durante una entrevista en su domicilio madrile\u00f1o, cobra sentido dentro de una reflexi\u00f3n sobre la p\u00e9rdida de importancia de las humanidades frente a las materias STEM (Ciencia, Tecnolog\u00eda, Ingenier\u00eda y Matem\u00e1ticas).<!--more--><\/p>\n<p class=\"\" style=\"text-align: justify;\">\u201cLos fil\u00f3sofos no podemos quejarnos porque no estamos defendiendo bien la importancia de las humanidades; tenemos que retomar el discurso antes de culpar a los dem\u00e1s\u201d.<\/p>\n<p class=\"\" style=\"text-align: justify;\">En realidad, y como es l\u00f3gico, Marina no alberga dudas sobre la\u00a0importancia de la Filosof\u00eda, pero s\u00ed discrepa (y mucho) con la forma en que esta se ense\u00f1a en los centros escolares. \u201cEn este preciso momento de gigantesca y maravillosa celebraci\u00f3n de las tecnolog\u00edas, debemos recuperar un nuevo tipo de humanidades, un humanismo de \u201ctercera generaci\u00f3n\u201d. Porque estamos convencidos de que el buen pa\u00f1o en el arca se vende, y no es as\u00ed: el buen pa\u00f1o, en el arca se apolilla. Y las humanidades se han apolillado\u201d, se\u00f1ala. Marina recibi\u00f3 recientemente\u00a0el premio Fundaci\u00f3n m\u00e1shumano\u00a0al Pensamiento Humanista 2023.<\/p>\n<h3 style=\"text-align: left;\"><b>Pregunta.<\/b>\u00a0\u00bfEn qu\u00e9 consiste ese humanismo de tercera generaci\u00f3n?<\/h3>\n<p class=\"\" style=\"text-align: justify;\"><b>Respuesta.<\/b>\u00a0Lo llamo as\u00ed porque la primera generaci\u00f3n fue la del Renacimiento, que separ\u00f3 las letras humanas de las divinas (la Teolog\u00eda). En el XIX, ese bloque de las letras humanas se dividi\u00f3 entre las ciencias puras y las de humanidades; una fractura en la que ha existido una especie de desd\u00e9n mutuo. Y el humanismo de tercera generaci\u00f3n aborda la idea de que las creaciones humanas, complejas, quieren resolver problemas que unas veces solucionar\u00e1 la ciencia y otras las humanidades.<\/p>\n<p class=\"\" style=\"text-align: justify;\">La inteligencia humana hace ciencia, inventa religiones, crea sistemas pol\u00edticos, literatura, arte&#8230; Tenemos que comprenderlas para luego poder evaluarlas. Una persona no tiene por qu\u00e9 saber muchas matem\u00e1ticas, pero s\u00ed saber por qu\u00e9 hacemos matem\u00e1ticas. Yo no soy un tecn\u00f3logo, pero tengo que comprender lo que va a pasar con la tecnolog\u00eda y por suerte entenderla. Y aunque\u00a0la inteligencia artificial\u00a0nos est\u00e1 permitiendo comprender la inteligencia humana de una manera que no lo hab\u00edan conseguido ni la psicolog\u00eda ni la filosof\u00eda, no tiene la capacidad reflexiva para comprender qu\u00e9 es lo que est\u00e1 haciendo.<\/p>\n<p><img loading=\"lazy\" decoding=\"async\" class=\"alignnone size-full wp-image-107449\" src=\"https:\/\/webdelmaestrocmf.com\/portal\/wp-content\/uploads\/2025\/01\/1A-Banner-1-portada-imagen-10-1-16.jpg\" alt=\"\" width=\"1024\" height=\"1024\" srcset=\"https:\/\/webdelmaestrocmf.com\/portal\/wp-content\/uploads\/2025\/01\/1A-Banner-1-portada-imagen-10-1-16.jpg 1024w, https:\/\/webdelmaestrocmf.com\/portal\/wp-content\/uploads\/2025\/01\/1A-Banner-1-portada-imagen-10-1-16-300x300.jpg 300w, https:\/\/webdelmaestrocmf.com\/portal\/wp-content\/uploads\/2025\/01\/1A-Banner-1-portada-imagen-10-1-16-150x150.jpg 150w, https:\/\/webdelmaestrocmf.com\/portal\/wp-content\/uploads\/2025\/01\/1A-Banner-1-portada-imagen-10-1-16-768x768.jpg 768w, https:\/\/webdelmaestrocmf.com\/portal\/wp-content\/uploads\/2025\/01\/1A-Banner-1-portada-imagen-10-1-16-80x80.jpg 80w, https:\/\/webdelmaestrocmf.com\/portal\/wp-content\/uploads\/2025\/01\/1A-Banner-1-portada-imagen-10-1-16-110x110.jpg 110w, https:\/\/webdelmaestrocmf.com\/portal\/wp-content\/uploads\/2025\/01\/1A-Banner-1-portada-imagen-10-1-16-380x380.jpg 380w, https:\/\/webdelmaestrocmf.com\/portal\/wp-content\/uploads\/2025\/01\/1A-Banner-1-portada-imagen-10-1-16-550x550.jpg 550w, https:\/\/webdelmaestrocmf.com\/portal\/wp-content\/uploads\/2025\/01\/1A-Banner-1-portada-imagen-10-1-16-800x800.jpg 800w\" sizes=\"auto, (max-width: 1024px) 100vw, 1024px\" \/><\/p>\n<h3 style=\"text-align: left;\"><b>P.<\/b>\u00a0\u00bfCu\u00e1l es la clave de este nuevo tipo de humanismo?<\/h3>\n<p class=\"\" style=\"text-align: justify;\"><b>R.<\/b>\u00a0Es necesario introducir en los curr\u00edculos una Filosof\u00eda que fomente de verdad\u00a0el pensamiento cr\u00edtico, porque es nuestra defensa contra la manipulaci\u00f3n, contra el fanatismo y el adoctrinamiento; y porque es nuestra defensa sobre un poder tecnol\u00f3gico que lo que quiere es persuadirnos de muchas cosas. Porque las nuevas tecnolog\u00edas son t\u00e9cnicas de persuasi\u00f3n, y con los sistemas de inteligencia artificial, pueden saber m\u00e1s de tus preferencias que t\u00fa mismo.<\/p>\n<p class=\"\" style=\"text-align: justify;\">Cuando hablamos de \u201cla verdad\u201d, hablamos de niveles de verificaci\u00f3n, de grados de verosimilitud, de probabilidad&#8230; La forma m\u00e1s elemental de educar el pensamiento cr\u00edtico deber\u00eda introducirse ya en Primaria. Que cuando alguien te diga algo, t\u00fa le puedas preguntar: \u201cEso, \u00bfc\u00f3mo lo sabes?\u201d Y a ver qu\u00e9 te responde y c\u00f3mo lo razona. Necesitamos dar herramientas intelectuales, emocionales y \u00e9ticas a nuestros alumnos, para que est\u00e9n en buenas condiciones de tomar decisiones&#8230; Tienen que tener habilidades de comprensi\u00f3n, de argumentaci\u00f3n y de percepci\u00f3n de las cosas. Y luego tambi\u00e9n habilidades emocionales, de empat\u00eda hacia el otro, de compasi\u00f3n y de esfuerzo.<\/p>\n<p class=\"\" style=\"text-align: justify;\">El pensamiento cr\u00edtico es dif\u00edcil; te lo tienes que currar y muchas veces no es la opci\u00f3n f\u00e1cil.<\/p>\n<h3 style=\"text-align: left;\"><b>P.<\/b>\u00a0\u00bfEste tipo de ense\u00f1anza no est\u00e1 incluida en los curr\u00edculos?<\/h3>\n<p class=\"\" style=\"text-align: justify;\"><b>R.<\/b>\u00a0Ni en los de Secundaria ni en los universitarios. El mundo entero est\u00e1 en estado de emergencia educativa y en estado de pobreza te\u00f3rica. La literatura psicopedag\u00f3gica que estamos haciendo es de baj\u00edsima calidad, anticuada y viej\u00edsima; no entiende lo que est\u00e1 pasando y eso lleva a que estemos haciendo una educaci\u00f3n de aficionados.<\/p>\n<p class=\"\" style=\"text-align: justify;\">Mi discurso educativo es muy radical y muy cr\u00edtico, porque la situaci\u00f3n cultural del mundo evoluciona muy r\u00e1pido y los sistemas educativos van muy lentos. Ahora, la investigaci\u00f3n en aprendizaje m\u00e1s potente est\u00e1 en manos de las grandes compa\u00f1\u00edas digitales: Google, Microsoft, Samsung, Apple, Facebook, Twitter&#8230; Se est\u00e1n gastando verdaderas millonadas en sistemas de aprendizaje, y lo est\u00e1n haciendo muy bien. Pero su inter\u00e9s no es educativo, sino comercial. Y luego mira lo r\u00e1pido que ha surgido el ChatGPT, en solo un a\u00f1o: ha sido una sorpresa para todos.<\/p>\n<h3 style=\"text-align: left;\"><b>P.<\/b>\u00a0Y eso que se llevaba estudiando a\u00f1os, aunque fuera desconocido para el p\u00fablico.<\/h3>\n<p class=\"\" style=\"text-align: justify;\"><b>R.\u00a0<\/b>Pero nadie pensaba que iba a suceder tan r\u00e1pido. As\u00ed que hay que analizarlo: \u00bfqu\u00e9 importancia va a tener en el mundo de la educaci\u00f3n? Uno de los cambios m\u00e1s espectaculares que hemos tenido sucedi\u00f3 a partir del 2008, cuando el m\u00f3vil se conecta a internet. Eso cambi\u00f3 nuestra forma de trabajar, de relacionarnos, de comunicarnos. Y como la aceleraci\u00f3n va a ser cada vez m\u00e1s r\u00e1pida, alguien tendr\u00e1 que pensar qu\u00e9 puede provocar esto en nuestros j\u00f3venes y adultos.<\/p>\n<p class=\"\" style=\"text-align: justify;\">\u00bfPor qu\u00e9, por ejemplo, se est\u00e1 perdiendo la capacidad de comprender textos largos? Cuidado, que esto es un problema social y pol\u00edtico de primera magnitud, porque en los textos cortos est\u00e1n los esl\u00f3ganes, los clips publicitarios, los insultos&#8230; pero no los argumentos; estos necesitan textos m\u00e1s largos. En una vi\u00f1eta de\u00a0<i>The New Yorker,<\/i>\u00a0hay un juez en lo alto de un estrado, y abajo est\u00e1n los abogados defensores. Y les dice: \u201cMiren ustedes, para acelerar el procedimiento, vamos a prescindir de las pruebas y pasar directamente a la sentencia\u201d. Bien, eso es lo que estamos haciendo en pol\u00edtica. Vamos a quitarnos lo pesado, que son las pruebas, los datos, los argumentos&#8230; y vamos directamente a insultar y descalificar. Todo eso tiene su historia.<\/p>\n<h3 style=\"text-align: left;\"><b>P.<\/b>\u00a0\u00bfC\u00f3mo ha de ser el aprendizaje en la era de las nuevas tecnolog\u00edas?<\/h3>\n<p class=\"\" style=\"text-align: justify;\"><b>R.<\/b>\u00a0A m\u00ed me gustar\u00eda que la sociedad comprendiera que no es verdad que hayamos entrado en la sociedad de la tecnolog\u00eda o en la sociedad digital. Donde hemos entrado es en\u00a0la sociedad del aprendizaje, que se rige por una ley absolutamente implacable: toda persona, toda organizaci\u00f3n, toda empresa o toda sociedad necesita, para sobrevivir, aprender al menos a la misma velocidad con la que cambia el entorno. Y si quiere progresar, a m\u00e1s velocidad. Y eso es implacable. Si aprendes a la velocidad que van las cosas, sobrevivir\u00e1s; y si no, pues te quedar\u00e1s marginado. Y se acab\u00f3.<\/p>\n<p class=\"\" style=\"text-align: justify;\">A ninguno nos preguntaron si quer\u00edamos aprender a manejar un ordenador: pero t\u00fa aprend\u00edas o te quedabas fuera. Como el entorno est\u00e1 cambiando a una velocidad cada vez m\u00e1s acelerada, el aprendizaje tiene que ser cada vez m\u00e1s acelerado. Y adem\u00e1s, a todos los niveles. F\u00edjate en un detalle: la India afirma estar formando a 500.000 ingenieros, y su primer ministro acaba de recibir a los jefes de todas las empresas inform\u00e1ticas que tienen origen indio: y all\u00ed estaban el presidente de Google, de Microsoft, de Adobe Systems, de IBM&#8230; Eso da que pensar.<\/p>\n<h3 style=\"text-align: left;\"><b>P.<\/b>\u00a0\u00bfNo se fomentan lo suficiente, en la escuela actual, el desarrollo de las habilidades emocionales, cognitivas o \u00e9ticas?<\/h3>\n<p class=\"\" style=\"text-align: justify;\"><b>R.<\/b>\u00a0No, porque las horas de docencia son limitadas y porque hay demasiadas asignaturas y demasiados alumnos por aula. Me parece que el olvido de la Historia es una cat\u00e1strofe educativa, como tambi\u00e9n lo es el olvido de la Filosof\u00eda, si se hiciera bien. Pero adem\u00e1s hay una cosa m\u00e1s grave: tenemos unos curr\u00edculums atestados en materia y carecemos de tiempo para desarrollar no ya las habilidades emocionales, sino las cognitivas. En realidad, lo que estas intentan hacer es crear h\u00e1bitos de razonamiento, h\u00e1bitos emocionales, de disciplina, de resistencia a la frustraci\u00f3n&#8230; Y eso se hace con el ejercicio, dedicando tiempo a repetir cosas.<\/p>\n<p class=\"\" style=\"text-align: justify;\">Habr\u00eda que empezar por podar dr\u00e1sticamente los programas para poder introducir actividades que tengan que ver con la utilizaci\u00f3n de esos programas. Y dar importancia a una serie de habilidades blandas enormemente trascendentes. Un ejemplo: aunque para resolver un problema matem\u00e1tico tienes que saber Matem\u00e1ticas, tambi\u00e9n tienes que tener constancia, soportar el esfuerzo, tener tenacidad, no decepcionarte a la primera&#8230; Y eso son habilidades cognitivas.<\/p>\n<h3 style=\"text-align: left;\"><b>P.\u00a0<\/b>\u00bfCu\u00e1l es la formaci\u00f3n de los docentes en el \u00e1mbito de las humanidades?<\/h3>\n<p class=\"\" style=\"text-align: justify;\"><b>R.\u00a0<\/b>Me parece que los docentes tienen, en general, una formaci\u00f3n muy mala. En Espa\u00f1a hay buenos docentes, pero todos ellos son autodidactas: no se trata solo de saber cosas sino de saber ense\u00f1arlas. F\u00edjate en esta frase con trampa: \u201cYo ense\u00f1\u00e9 Matem\u00e1ticas a mis alumnos, pero ellos no las aprendieron\u201d. Eso no es correcto, porque ense\u00f1ar implica que alguien aprenda. Y, si no han aprendido, yo no he ense\u00f1ado, sino que habr\u00e9 hecho otra cosa: he explicado, he expuesto, he contado&#8230;<\/p>\n<p class=\"\" style=\"text-align: justify;\">Los docentes somos expertos en conseguir que aprendan, y eso es muy complicado. Y ah\u00ed, en la educaci\u00f3n (y sobre todo en la obligatoria), es donde nos lo jugamos todo. Necesitamos subir un nivel y que, por ejemplo, t\u00fa me expliques cu\u00e1les son las grandes creaciones emocionales e ideol\u00f3gicas que provienen de la cultura romana y que todav\u00eda est\u00e1n vigentes, como la historia de los derechos.<\/p>\n<p class=\"\" style=\"text-align: justify;\">\u00bfPor qu\u00e9 seguimos prohibiendo la poligamia? \u00bfHay alguna raz\u00f3n, no la hay&#8230;? Tenemos que contar la historia, porque si no, no vas a comprender por qu\u00e9 algunas de las cosas que decimos tienen sentido y otras no. Tendr\u00e1s que comprenderlo porque, si no, vas a adoptar una postura fan\u00e1tica, una postura en la que no te doy razones (porque no las tengo), pero tampoco voy a atender a las tuyas.<\/p>\n<h3 style=\"text-align: left;\"><b>P.<\/b>\u00a0Adem\u00e1s, en la ense\u00f1anza obligatoria es donde un buen docente puede despertar las ganas de aprender.<\/h3>\n<p class=\"\" style=\"text-align: justify;\"><b>R.<\/b>\u00a0Todos los ni\u00f1os entran en la escuela con ganas de aprender y salen de la escuela con ganas de aprobar. En ese intervalo se ha perdido lo fundamental, porque no estamos fomentando la alegr\u00eda de aprender, que recupera despu\u00e9s mucha gente mayor cuando vuelve a las universidades de la tercera edad.<\/p>\n<p class=\"\" style=\"text-align: justify;\">De repente les metemos dentro que lo importante es que apruebes el examen. Y hay quienes repiten cursos en Primaria. Pero \u00bfqu\u00e9 disparate es este? Todos los ni\u00f1os tienen capacidad de aprender, y el talento docente es ver c\u00f3mo me las arreglo para que todo el mundo aprenda.<\/p>\n<h3 style=\"text-align: left;\"><b>P.<\/b>\u00a0\u00bfCrees que la falta de atenci\u00f3n hacia las humanidades en el sistema educativo ha llevado a una p\u00e9rdida de empat\u00eda y de comprensi\u00f3n en la sociedad?<\/h3>\n<p class=\"\" style=\"text-align: justify;\"><b>R.\u00a0<\/b>S\u00ed, a una falta de comprensi\u00f3n. Y dentro de ella est\u00e1n la empat\u00eda; la capacidad de comunicaci\u00f3n y de entendimiento; el comprender c\u00f3mo funciona nuestra inteligencia y la de los dem\u00e1s&#8230; Y eso s\u00ed es espec\u00edfico de las humanidades. Y eso podemos hacerlo, por supuesto, a trav\u00e9s de la literatura, que ha sido la gran educadora de las emociones. Y en ello han estado tambi\u00e9n la Psicolog\u00eda, la Filosof\u00eda y la Historia.<\/p>\n<p class=\"\" style=\"text-align: justify;\">Y tambi\u00e9n se trata de entender lo que significa la democracia, que lleg\u00f3 tras un largo trayecto de ensayo y error. A ver c\u00f3mo resolvemos la violencia; c\u00f3mo superamos el poder dictatorial; c\u00f3mo creamos la noci\u00f3n de derechos y c\u00f3mo se protegen; c\u00f3mo reconocemos que la universalidad fue una gran creaci\u00f3n ilustrada&#8230; Todo eso lo tenemos que saber.<\/p>\n<h3 style=\"text-align: left;\"><b>P.<\/b>\u00a0\u00bfC\u00f3mo se deja ver esto en la pol\u00edtica?<\/h3>\n<p class=\"\" style=\"text-align: justify;\"><b>R.<\/b>\u00a0Los problemas pol\u00edticos o de intereses van a existir siempre, pero a la hora de plantearlos se puede hacer de dos maneras: una, en formato conflicto, donde hay vencedores y vencidos; y otra, en formato problema, donde se identifica un problema y se trata de ver c\u00f3mo lo resolvemos. De la primera forma, se acaba en guerras o problemas insolubles: mira las guerras que ha habido en el siglo XX, o el conflicto actual de Ucrania. Y en Espa\u00f1a tenemos el problema de que parte de los catalanes quieren ser independientes, pero otra parte no. Desde luego, no se resolver\u00e1 con un \u201ca ver si acabo con los catalanistas\u201d, o \u201ca ver si acabo con los espa\u00f1olistas\u201d. Habr\u00e1 que intentar comprenderse.<\/p>\n<p class=\"\" style=\"text-align: justify;\">Mi ideal del humanismo de la tercera generaci\u00f3n es que se organice a trav\u00e9s de una asignatura \u00fanica a la que yo llamo Ciencia de la Evoluci\u00f3n de las Culturas. Porque hemos llegado hasta aqu\u00ed despu\u00e9s de una evoluci\u00f3n biol\u00f3gica y de la inteligencia humana, y que tiene unos momentos decisivos, porque aparece el lenguaje; la escritura; las ciudades; las normas que regulan la convivencia; cuando, para dar sentido a la vida, se inventan las religiones&#8230;<\/p>\n<h3 style=\"text-align: left;\"><b>P.<\/b>\u00a0Hay quienes argumentan que las humanidades no tienen un retorno econ\u00f3mico directo en t\u00e9rminos de empleabilidad.<\/h3>\n<p class=\"\" style=\"text-align: justify;\"><b>R.\u00a0<\/b>Es como si me dices que la paz tampoco tiene un retorno econ\u00f3mico porque hay una industria de guerra que est\u00e1 estimulando la educaci\u00f3n. De lo que se trata es de que, a trav\u00e9s de los sistemas educativos, facilitemos lo que llamamos los ilustrados la felicidad pol\u00edtica, que es tener un modo de vida donde la posibilidad de cada persona de desarrollar su proyecto privado de felicidad est\u00e9 lo m\u00e1s acompa\u00f1ada posible. Y eso no significa que solo haya que subir el nivel econ\u00f3mico; habr\u00e1 que subir tambi\u00e9n el capital social, habr\u00e1 que mejorar la forma de relacionarse; la manera de resolver conflictos; la eficiencia y el contenido de las instituciones&#8230; Pensar que todos los problemas se resuelven econ\u00f3micamente es un disparate.<\/p>\n<p class=\"\" style=\"text-align: justify;\">No hay que pensar si acaso el humanismo va a mejorar nuestra productividad econ\u00f3mica, sino nuestra calidad social y pol\u00edtica; nuestra manera de resolver los conflictos y de redistribuir la riqueza. Ya es bastante. Hay productividades mucho m\u00e1s eficientes y mucho m\u00e1s importantes que la econ\u00f3mica, que por supuesto que es una base necesaria.<\/p>\n<p>Fuente: <a href=\"https:\/\/elpais.com\/economia\/formacion\/2023-08-24\/jose-antonio-marina-filosofo-el-pensamiento-critico-es-nuestra-defensa-contra-la-manipulacion-y-el-fanatismo.html?fbclid=IwY2xjawHs2JRleHRuA2FlbQIxMAABHc6JbO1IQr6KLgaHtbT71a5uUvZNZeEQMfyUAa8rNr0RBJXnU-Da9BDtFQ_aem_9-XZz4U_XNFywflsCzWYuQ\" target=\"_blank\" rel=\"noopener\">El pa\u00eds<\/a> | Entrevista hecha por: Nacho Meneses<\/p>\n\t\t<div class=\"pk-inline-posts\">\n\t\t\t\n\t\t\t<div class=\"pk-inline-posts-container pk-inline-posts-template-list\"\n\t\t\t\tdata-columns=\"1\">\n\t\t\t\t\t\t<article id=\"post-118480\" class=\"post-118480 post type-post status-publish format-standard has-post-thumbnail category-entrevistas category-noticias tag-aprendizaje tag-autonomia-3 tag-desarrollo tag-docentes tag-educacion-2 tag-ensenanza-2 tag-escuela tag-infancia tag-juego tag-pedagogia-2 cs-entry cs-video-wrap\">\n\t\t\t<div class=\"pk-post-outer\">\n\n\t\t\t\t\t\t\t\t<div class=\"pk-post-inner\">\n\t\t\t\t\t<div class=\"entry-thumbnail\">\n\t\t\t\t\t\t<div class=\"pk-overlay pk-overlay-ratio pk-ratio-landscape\">\n\t\t\t\t\t\t\t<div class=\"pk-overlay-background\">\n\t\t\t\t\t\t\t\t<a href=\"https:\/\/webdelmaestrocmf.com\/portal\/francesco-tonucci-hoy-la-escuela-esta-asumiendo-un-error-fatal-que-es-hacer-mas-un-papel-de-ninera-que-de-estructura-educativa\/\" class=\"pk-overlay-link\">\n\t\t\t\t\t\t\t\t\t<img loading=\"lazy\" decoding=\"async\" width=\"300\" height=\"225\" src=\"https:\/\/webdelmaestrocmf.com\/portal\/wp-content\/uploads\/2026\/04\/1AA-Banner-1-portada-imagen-10-1-copia-2-9-300x225.webp\" class=\"attachment-pk-thumbnail size-pk-thumbnail wp-post-image\" alt=\"\" \/>\t\t\t\t\t\t\t\t<\/a>\n\t\t\t\t\t\t\t<\/div>\n\t\t\t\t\t\t<\/div>\n\t\t\t\t\t<\/div>\n\t\t\t\t<\/div>\n\t\t\t\t\n\t\t\t\t<div class=\"pk-post-inner\">\n\t\t\t\t\t<header>\n\t\t\t\t\t\t<h3 class=\"pk-title\"><a href=\"https:\/\/webdelmaestrocmf.com\/portal\/francesco-tonucci-hoy-la-escuela-esta-asumiendo-un-error-fatal-que-es-hacer-mas-un-papel-de-ninera-que-de-estructura-educativa\/\" rel=\"bookmark\">Francesco Tonucci: Hoy la escuela est\u00e1 asumiendo un error fatal que es hacer m\u00e1s un papel de ni\u00f1era que de estructura educativa<\/a><\/h3>\t\t\t\t\t<\/header><!-- .entry-header -->\n\t\t\t\t<\/div><!-- .post-inner -->\n\n\t\t\t<\/div><!-- .post-outer -->\n\t\t<\/article>\n\t\t\t<article id=\"post-37424\" class=\"post-37424 post type-post status-publish format-standard has-post-thumbnail category-entrevistas category-noticias tag-desarrollo tag-heckman tag-james tag-leer tag-ninos cs-entry cs-video-wrap\">\n\t\t\t<div class=\"pk-post-outer\">\n\n\t\t\t\t\t\t\t\t<div class=\"pk-post-inner\">\n\t\t\t\t\t<div class=\"entry-thumbnail\">\n\t\t\t\t\t\t<div class=\"pk-overlay pk-overlay-ratio pk-ratio-landscape\">\n\t\t\t\t\t\t\t<div class=\"pk-overlay-background\">\n\t\t\t\t\t\t\t\t<a href=\"https:\/\/webdelmaestrocmf.com\/portal\/james-heckman-leerles-a-los-ninos-tiene-un-impacto-enorme-en-su-desarrollo\/\" class=\"pk-overlay-link\">\n\t\t\t\t\t\t\t\t\t<img loading=\"lazy\" decoding=\"async\" width=\"300\" height=\"225\" src=\"https:\/\/webdelmaestrocmf.com\/portal\/wp-content\/uploads\/2023\/01\/1AA-Banner-1-portada-imagen-10-1-copia-3-300x225.webp\" class=\"attachment-pk-thumbnail size-pk-thumbnail wp-post-image\" alt=\"\" \/>\t\t\t\t\t\t\t\t<\/a>\n\t\t\t\t\t\t\t<\/div>\n\t\t\t\t\t\t<\/div>\n\t\t\t\t\t<\/div>\n\t\t\t\t<\/div>\n\t\t\t\t\n\t\t\t\t<div class=\"pk-post-inner\">\n\t\t\t\t\t<header>\n\t\t\t\t\t\t<h3 class=\"pk-title\"><a href=\"https:\/\/webdelmaestrocmf.com\/portal\/james-heckman-leerles-a-los-ninos-tiene-un-impacto-enorme-en-su-desarrollo\/\" rel=\"bookmark\">James Heckman: Leerles a los ni\u00f1os tiene un impacto enorme en su desarrollo<\/a><\/h3>\t\t\t\t\t<\/header><!-- .entry-header -->\n\t\t\t\t<\/div><!-- .post-inner -->\n\n\t\t\t<\/div><!-- .post-outer -->\n\t\t<\/article>\n\t\t\t<article id=\"post-55421\" class=\"post-55421 post type-post status-publish format-standard has-post-thumbnail category-entrevistas category-noticias tag-ayudar tag-buena tag-debe tag-lider tag-pasion tag-persona tag-tener tag-victor-kuppers cs-entry cs-video-wrap\">\n\t\t\t<div class=\"pk-post-outer\">\n\n\t\t\t\t\t\t\t\t<div class=\"pk-post-inner\">\n\t\t\t\t\t<div class=\"entry-thumbnail\">\n\t\t\t\t\t\t<div class=\"pk-overlay pk-overlay-ratio pk-ratio-landscape\">\n\t\t\t\t\t\t\t<div class=\"pk-overlay-background\">\n\t\t\t\t\t\t\t\t<a href=\"https:\/\/webdelmaestrocmf.com\/portal\/victor-kuppers-un-lider-debe-ser-buena-persona-y-tener-pasion-por-ayudar\/\" class=\"pk-overlay-link\">\n\t\t\t\t\t\t\t\t\t<img loading=\"lazy\" decoding=\"async\" width=\"300\" height=\"225\" src=\"https:\/\/webdelmaestrocmf.com\/portal\/wp-content\/uploads\/2020\/12\/1AA-Banner-1-portada-imagen-10-1-copia-3-300x225.webp\" class=\"attachment-pk-thumbnail size-pk-thumbnail wp-post-image\" alt=\"\" \/>\t\t\t\t\t\t\t\t<\/a>\n\t\t\t\t\t\t\t<\/div>\n\t\t\t\t\t\t<\/div>\n\t\t\t\t\t<\/div>\n\t\t\t\t<\/div>\n\t\t\t\t\n\t\t\t\t<div class=\"pk-post-inner\">\n\t\t\t\t\t<header>\n\t\t\t\t\t\t<h3 class=\"pk-title\"><a href=\"https:\/\/webdelmaestrocmf.com\/portal\/victor-kuppers-un-lider-debe-ser-buena-persona-y-tener-pasion-por-ayudar\/\" rel=\"bookmark\">V\u00edctor K\u00fcppers: Un l\u00edder debe ser buena persona y tener pasi\u00f3n por ayudar<\/a><\/h3>\t\t\t\t\t<\/header><!-- .entry-header -->\n\t\t\t\t<\/div><!-- .post-inner -->\n\n\t\t\t<\/div><!-- .post-outer -->\n\t\t<\/article>\n\t\t\t\t<\/div>\n\t\t<\/div>\n\t\t\n","protected":false},"excerpt":{"rendered":"\u201cSoy fil\u00f3sofo, y hoy me lo tengo que pensar dos veces antes de afirmar que todos deber\u00edan estudiar&hellip;","protected":false},"author":1,"featured_media":107449,"comment_status":"open","ping_status":"closed","sticky":false,"template":"","format":"standard","meta":{"csco_display_header_overlay":false,"csco_singular_sidebar":"","csco_page_header_type":"","csco_page_load_nextpost":"","csco_post_video_location":[],"csco_post_video_location_hash":"","csco_post_video_url":"","csco_post_video_bg_start_time":0,"csco_post_video_bg_end_time":0,"csco_post_video_bg_volume":false,"_jetpack_memberships_contains_paid_content":false,"footnotes":""},"categories":[48,47],"tags":[244,3988],"class_list":{"0":"post-107448","1":"post","2":"type-post","3":"status-publish","4":"format-standard","5":"has-post-thumbnail","7":"category-entrevistas","8":"category-noticias","9":"tag-jose-antonio-marina","10":"tag-pensamiento-critico","11":"cs-entry","12":"cs-video-wrap"},"yoast_head":"<!-- This site is optimized with the Yoast SEO plugin v27.5 - https:\/\/yoast.com\/product\/yoast-seo-wordpress\/ -->\n<title>Jos\u00e9 Antonio Marina: El pensamiento cr\u00edtico es nuestra defensa contra la manipulaci\u00f3n y el fanatismo - 2026<\/title>\n<meta name=\"description\" content=\"\u201cSoy fil\u00f3sofo, y hoy me lo tengo que pensar dos veces antes de afirmar que todos deber\u00edan estudiar Filosof\u00eda\u201d.\" \/>\n<meta name=\"robots\" content=\"index, follow, max-snippet:-1, max-image-preview:large, max-video-preview:-1\" \/>\n<link rel=\"canonical\" href=\"https:\/\/webdelmaestrocmf.com\/portal\/jose-antonio-marina-el-pensamiento-critico-es-nuestra-defensa-contra-la-manipulacion-y-el-fanatismo\/\" \/>\n<meta property=\"og:locale\" content=\"es_ES\" \/>\n<meta property=\"og:type\" content=\"article\" \/>\n<meta property=\"og:title\" content=\"Jos\u00e9 Antonio Marina: El pensamiento cr\u00edtico es nuestra defensa contra la manipulaci\u00f3n y el fanatismo - 2026\" \/>\n<meta property=\"og:description\" content=\"\u201cSoy fil\u00f3sofo, y hoy me lo tengo que pensar dos veces antes de afirmar que todos deber\u00edan estudiar Filosof\u00eda\u201d.\" \/>\n<meta property=\"og:url\" content=\"https:\/\/webdelmaestrocmf.com\/portal\/jose-antonio-marina-el-pensamiento-critico-es-nuestra-defensa-contra-la-manipulacion-y-el-fanatismo\/\" \/>\n<meta property=\"og:site_name\" content=\"Web del Maestro CMF\" \/>\n<meta property=\"article:publisher\" content=\"https:\/\/www.facebook.com\/WebdelMaestroCMF\/\" \/>\n<meta property=\"article:author\" content=\"https:\/\/www.facebook.com\/WebdelMaestroCMF\/\" \/>\n<meta property=\"article:published_time\" content=\"2025-01-11T20:55:27+00:00\" \/>\n<meta property=\"article:modified_time\" content=\"2025-07-06T15:51:35+00:00\" \/>\n<meta property=\"og:image\" content=\"https:\/\/webdelmaestrocmf.com\/portal\/wp-content\/uploads\/2025\/01\/1A-Banner-1-portada-imagen-10-1-16.jpg\" \/>\n\t<meta property=\"og:image:width\" content=\"1024\" \/>\n\t<meta property=\"og:image:height\" content=\"1024\" \/>\n\t<meta property=\"og:image:type\" content=\"image\/jpeg\" \/>\n<meta name=\"author\" content=\"Web del Maestro CMF\" \/>\n<meta name=\"twitter:card\" content=\"summary_large_image\" \/>\n<meta name=\"twitter:creator\" content=\"@cmf_w\" \/>\n<meta name=\"twitter:site\" content=\"@cmf_w\" \/>\n<script type=\"application\/ld+json\" class=\"yoast-schema-graph\">{\"@context\":\"https:\\\/\\\/schema.org\",\"@graph\":[{\"@type\":\"ScholarlyArticle\",\"@id\":\"https:\\\/\\\/webdelmaestrocmf.com\\\/portal\\\/jose-antonio-marina-el-pensamiento-critico-es-nuestra-defensa-contra-la-manipulacion-y-el-fanatismo\\\/#article\",\"isPartOf\":{\"@id\":\"https:\\\/\\\/webdelmaestrocmf.com\\\/portal\\\/jose-antonio-marina-el-pensamiento-critico-es-nuestra-defensa-contra-la-manipulacion-y-el-fanatismo\\\/\"},\"author\":{\"name\":\"Web del Maestro CMF\",\"@id\":\"https:\\\/\\\/webdelmaestrocmf.com\\\/portal\\\/#\\\/schema\\\/person\\\/1072a2ed7bd960df8ef99a551fa35dc5\"},\"headline\":\"Jos\u00e9 Antonio Marina: El pensamiento cr\u00edtico es nuestra defensa contra la manipulaci\u00f3n y el fanatismo\",\"datePublished\":\"2025-01-11T20:55:27+00:00\",\"dateModified\":\"2025-07-06T15:51:35+00:00\",\"mainEntityOfPage\":{\"@id\":\"https:\\\/\\\/webdelmaestrocmf.com\\\/portal\\\/jose-antonio-marina-el-pensamiento-critico-es-nuestra-defensa-contra-la-manipulacion-y-el-fanatismo\\\/\"},\"wordCount\":2482,\"commentCount\":0,\"publisher\":{\"@id\":\"https:\\\/\\\/webdelmaestrocmf.com\\\/portal\\\/#organization\"},\"image\":{\"@id\":\"https:\\\/\\\/webdelmaestrocmf.com\\\/portal\\\/jose-antonio-marina-el-pensamiento-critico-es-nuestra-defensa-contra-la-manipulacion-y-el-fanatismo\\\/#primaryimage\"},\"thumbnailUrl\":\"https:\\\/\\\/webdelmaestrocmf.com\\\/portal\\\/wp-content\\\/uploads\\\/2025\\\/01\\\/1A-Banner-1-portada-imagen-10-1-16.jpg\",\"keywords\":[\"Jos\u00e9 Antonio Marina\",\"PENSAMIENTO CR\u00cdTICO\"],\"articleSection\":[\"Entrevistas\",\"Noticias\"],\"inLanguage\":\"es\",\"potentialAction\":[{\"@type\":\"CommentAction\",\"name\":\"Comment\",\"target\":[\"https:\\\/\\\/webdelmaestrocmf.com\\\/portal\\\/jose-antonio-marina-el-pensamiento-critico-es-nuestra-defensa-contra-la-manipulacion-y-el-fanatismo\\\/#respond\"]}]},{\"@type\":\"WebPage\",\"@id\":\"https:\\\/\\\/webdelmaestrocmf.com\\\/portal\\\/jose-antonio-marina-el-pensamiento-critico-es-nuestra-defensa-contra-la-manipulacion-y-el-fanatismo\\\/\",\"url\":\"https:\\\/\\\/webdelmaestrocmf.com\\\/portal\\\/jose-antonio-marina-el-pensamiento-critico-es-nuestra-defensa-contra-la-manipulacion-y-el-fanatismo\\\/\",\"name\":\"Jos\u00e9 Antonio Marina: El pensamiento cr\u00edtico es nuestra defensa contra la manipulaci\u00f3n y el fanatismo - 2026\",\"isPartOf\":{\"@id\":\"https:\\\/\\\/webdelmaestrocmf.com\\\/portal\\\/#website\"},\"primaryImageOfPage\":{\"@id\":\"https:\\\/\\\/webdelmaestrocmf.com\\\/portal\\\/jose-antonio-marina-el-pensamiento-critico-es-nuestra-defensa-contra-la-manipulacion-y-el-fanatismo\\\/#primaryimage\"},\"image\":{\"@id\":\"https:\\\/\\\/webdelmaestrocmf.com\\\/portal\\\/jose-antonio-marina-el-pensamiento-critico-es-nuestra-defensa-contra-la-manipulacion-y-el-fanatismo\\\/#primaryimage\"},\"thumbnailUrl\":\"https:\\\/\\\/webdelmaestrocmf.com\\\/portal\\\/wp-content\\\/uploads\\\/2025\\\/01\\\/1A-Banner-1-portada-imagen-10-1-16.jpg\",\"datePublished\":\"2025-01-11T20:55:27+00:00\",\"dateModified\":\"2025-07-06T15:51:35+00:00\",\"description\":\"\u201cSoy fil\u00f3sofo, y hoy me lo tengo que pensar dos veces antes de afirmar que todos deber\u00edan estudiar Filosof\u00eda\u201d.\",\"breadcrumb\":{\"@id\":\"https:\\\/\\\/webdelmaestrocmf.com\\\/portal\\\/jose-antonio-marina-el-pensamiento-critico-es-nuestra-defensa-contra-la-manipulacion-y-el-fanatismo\\\/#breadcrumb\"},\"inLanguage\":\"es\",\"potentialAction\":[{\"@type\":\"ReadAction\",\"target\":[\"https:\\\/\\\/webdelmaestrocmf.com\\\/portal\\\/jose-antonio-marina-el-pensamiento-critico-es-nuestra-defensa-contra-la-manipulacion-y-el-fanatismo\\\/\"]}]},{\"@type\":\"ImageObject\",\"inLanguage\":\"es\",\"@id\":\"https:\\\/\\\/webdelmaestrocmf.com\\\/portal\\\/jose-antonio-marina-el-pensamiento-critico-es-nuestra-defensa-contra-la-manipulacion-y-el-fanatismo\\\/#primaryimage\",\"url\":\"https:\\\/\\\/webdelmaestrocmf.com\\\/portal\\\/wp-content\\\/uploads\\\/2025\\\/01\\\/1A-Banner-1-portada-imagen-10-1-16.jpg\",\"contentUrl\":\"https:\\\/\\\/webdelmaestrocmf.com\\\/portal\\\/wp-content\\\/uploads\\\/2025\\\/01\\\/1A-Banner-1-portada-imagen-10-1-16.jpg\",\"width\":1024,\"height\":1024},{\"@type\":\"BreadcrumbList\",\"@id\":\"https:\\\/\\\/webdelmaestrocmf.com\\\/portal\\\/jose-antonio-marina-el-pensamiento-critico-es-nuestra-defensa-contra-la-manipulacion-y-el-fanatismo\\\/#breadcrumb\",\"itemListElement\":[{\"@type\":\"ListItem\",\"position\":1,\"name\":\"Portada\",\"item\":\"https:\\\/\\\/webdelmaestrocmf.com\\\/portal\\\/\"},{\"@type\":\"ListItem\",\"position\":2,\"name\":\"Noticias\",\"item\":\"https:\\\/\\\/webdelmaestrocmf.com\\\/portal\\\/category\\\/noticias\\\/\"},{\"@type\":\"ListItem\",\"position\":3,\"name\":\"Jos\u00e9 Antonio Marina: El pensamiento cr\u00edtico es nuestra defensa contra la manipulaci\u00f3n y el fanatismo\"}]},{\"@type\":\"WebSite\",\"@id\":\"https:\\\/\\\/webdelmaestrocmf.com\\\/portal\\\/#website\",\"url\":\"https:\\\/\\\/webdelmaestrocmf.com\\\/portal\\\/\",\"name\":\"Web del Maestro CMF\",\"description\":\"Maestros al servicio de la educaci\u00f3n\",\"publisher\":{\"@id\":\"https:\\\/\\\/webdelmaestrocmf.com\\\/portal\\\/#organization\"},\"alternateName\":\"WMCMF\",\"potentialAction\":[{\"@type\":\"SearchAction\",\"target\":{\"@type\":\"EntryPoint\",\"urlTemplate\":\"https:\\\/\\\/webdelmaestrocmf.com\\\/portal\\\/?s={search_term_string}\"},\"query-input\":{\"@type\":\"PropertyValueSpecification\",\"valueRequired\":true,\"valueName\":\"search_term_string\"}}],\"inLanguage\":\"es\"},{\"@type\":\"Organization\",\"@id\":\"https:\\\/\\\/webdelmaestrocmf.com\\\/portal\\\/#organization\",\"name\":\"Web del Maestro CMF\",\"alternateName\":\"WMCMF\",\"url\":\"https:\\\/\\\/webdelmaestrocmf.com\\\/portal\\\/\",\"logo\":{\"@type\":\"ImageObject\",\"inLanguage\":\"es\",\"@id\":\"https:\\\/\\\/webdelmaestrocmf.com\\\/portal\\\/#\\\/schema\\\/logo\\\/image\\\/\",\"url\":\"https:\\\/\\\/webdelmaestrocmf.com\\\/portal\\\/wp-content\\\/uploads\\\/2023\\\/01\\\/logo-wmcmf-2.png\",\"contentUrl\":\"https:\\\/\\\/webdelmaestrocmf.com\\\/portal\\\/wp-content\\\/uploads\\\/2023\\\/01\\\/logo-wmcmf-2.png\",\"width\":200,\"height\":60,\"caption\":\"Web del Maestro CMF\"},\"image\":{\"@id\":\"https:\\\/\\\/webdelmaestrocmf.com\\\/portal\\\/#\\\/schema\\\/logo\\\/image\\\/\"},\"sameAs\":[\"https:\\\/\\\/www.facebook.com\\\/WebdelMaestroCMF\\\/\",\"https:\\\/\\\/x.com\\\/cmf_w\",\"https:\\\/\\\/www.pinterest.com\\\/WMCMF\\\/\",\"https:\\\/\\\/www.linkedin.com\\\/company\\\/web-del-maestro-cmf\\\/\",\"https:\\\/\\\/www.instagram.com\\\/wmcmf\\\/\",\"https:\\\/\\\/www.youtube.com\\\/channel\\\/UCDPSvjbdodE5sHnC3OxutHw\",\"https:\\\/\\\/mastodon.social\\\/@wmcmf\",\"https:\\\/\\\/www.tiktok.com\\\/@webdelmaestrocmf\"]},{\"@type\":\"Person\",\"@id\":\"https:\\\/\\\/webdelmaestrocmf.com\\\/portal\\\/#\\\/schema\\\/person\\\/1072a2ed7bd960df8ef99a551fa35dc5\",\"name\":\"Web del Maestro CMF\",\"image\":{\"@type\":\"ImageObject\",\"inLanguage\":\"es\",\"@id\":\"https:\\\/\\\/secure.gravatar.com\\\/avatar\\\/23291dd5b5ae1077dcff3dbb04c3e02bd28403fa75af6d8787d5e97c5bbbe30b?s=96&d=mm&r=g\",\"url\":\"https:\\\/\\\/secure.gravatar.com\\\/avatar\\\/23291dd5b5ae1077dcff3dbb04c3e02bd28403fa75af6d8787d5e97c5bbbe30b?s=96&d=mm&r=g\",\"contentUrl\":\"https:\\\/\\\/secure.gravatar.com\\\/avatar\\\/23291dd5b5ae1077dcff3dbb04c3e02bd28403fa75af6d8787d5e97c5bbbe30b?s=96&d=mm&r=g\",\"caption\":\"Web del Maestro CMF\"},\"description\":\"Esta Web se cre\u00f3 sin fines de lucro, con fines educativos, cient\u00edficos y acad\u00e9micos, para personas que tengan dificultades y\\\/o inconvenientes en visualizar el material original. El objetivo es entregar recursos, compartir experiencias y materiales que ayuden a los padres de familia, maestros y estudiantes en su actualizaci\u00f3n y formaci\u00f3n permanente, en bien de la Educaci\u00f3n.\",\"sameAs\":[\"http:\\\/\\\/webdelmaestrocmf.com\\\/portal\",\"https:\\\/\\\/www.facebook.com\\\/WebdelMaestroCMF\\\/\",\"https:\\\/\\\/www.instagram.com\\\/wmcmf\\\/\",\"https:\\\/\\\/cl.linkedin.com\\\/company\\\/web-del-maestro-cmf\",\"https:\\\/\\\/www.pinterest.com\\\/WMCMF\\\/publicaciones\\\/\",\"https:\\\/\\\/x.com\\\/cmf_w\",\"https:\\\/\\\/www.youtube.com\\\/@WMCMF\"]}]}<\/script>\n<!-- \/ Yoast SEO plugin. -->","yoast_head_json":{"title":"Jos\u00e9 Antonio Marina: El pensamiento cr\u00edtico es nuestra defensa contra la manipulaci\u00f3n y el fanatismo - 2026","description":"\u201cSoy fil\u00f3sofo, y hoy me lo tengo que pensar dos veces antes de afirmar que todos deber\u00edan estudiar Filosof\u00eda\u201d.","robots":{"index":"index","follow":"follow","max-snippet":"max-snippet:-1","max-image-preview":"max-image-preview:large","max-video-preview":"max-video-preview:-1"},"canonical":"https:\/\/webdelmaestrocmf.com\/portal\/jose-antonio-marina-el-pensamiento-critico-es-nuestra-defensa-contra-la-manipulacion-y-el-fanatismo\/","og_locale":"es_ES","og_type":"article","og_title":"Jos\u00e9 Antonio Marina: El pensamiento cr\u00edtico es nuestra defensa contra la manipulaci\u00f3n y el fanatismo - 2026","og_description":"\u201cSoy fil\u00f3sofo, y hoy me lo tengo que pensar dos veces antes de afirmar que todos deber\u00edan estudiar Filosof\u00eda\u201d.","og_url":"https:\/\/webdelmaestrocmf.com\/portal\/jose-antonio-marina-el-pensamiento-critico-es-nuestra-defensa-contra-la-manipulacion-y-el-fanatismo\/","og_site_name":"Web del Maestro CMF","article_publisher":"https:\/\/www.facebook.com\/WebdelMaestroCMF\/","article_author":"https:\/\/www.facebook.com\/WebdelMaestroCMF\/","article_published_time":"2025-01-11T20:55:27+00:00","article_modified_time":"2025-07-06T15:51:35+00:00","og_image":[{"width":1024,"height":1024,"url":"https:\/\/webdelmaestrocmf.com\/portal\/wp-content\/uploads\/2025\/01\/1A-Banner-1-portada-imagen-10-1-16.jpg","type":"image\/jpeg"}],"author":"Web del Maestro CMF","twitter_card":"summary_large_image","twitter_creator":"@cmf_w","twitter_site":"@cmf_w","schema":{"@context":"https:\/\/schema.org","@graph":[{"@type":"ScholarlyArticle","@id":"https:\/\/webdelmaestrocmf.com\/portal\/jose-antonio-marina-el-pensamiento-critico-es-nuestra-defensa-contra-la-manipulacion-y-el-fanatismo\/#article","isPartOf":{"@id":"https:\/\/webdelmaestrocmf.com\/portal\/jose-antonio-marina-el-pensamiento-critico-es-nuestra-defensa-contra-la-manipulacion-y-el-fanatismo\/"},"author":{"name":"Web del Maestro CMF","@id":"https:\/\/webdelmaestrocmf.com\/portal\/#\/schema\/person\/1072a2ed7bd960df8ef99a551fa35dc5"},"headline":"Jos\u00e9 Antonio Marina: El pensamiento cr\u00edtico es nuestra defensa contra la manipulaci\u00f3n y el fanatismo","datePublished":"2025-01-11T20:55:27+00:00","dateModified":"2025-07-06T15:51:35+00:00","mainEntityOfPage":{"@id":"https:\/\/webdelmaestrocmf.com\/portal\/jose-antonio-marina-el-pensamiento-critico-es-nuestra-defensa-contra-la-manipulacion-y-el-fanatismo\/"},"wordCount":2482,"commentCount":0,"publisher":{"@id":"https:\/\/webdelmaestrocmf.com\/portal\/#organization"},"image":{"@id":"https:\/\/webdelmaestrocmf.com\/portal\/jose-antonio-marina-el-pensamiento-critico-es-nuestra-defensa-contra-la-manipulacion-y-el-fanatismo\/#primaryimage"},"thumbnailUrl":"https:\/\/webdelmaestrocmf.com\/portal\/wp-content\/uploads\/2025\/01\/1A-Banner-1-portada-imagen-10-1-16.jpg","keywords":["Jos\u00e9 Antonio Marina","PENSAMIENTO CR\u00cdTICO"],"articleSection":["Entrevistas","Noticias"],"inLanguage":"es","potentialAction":[{"@type":"CommentAction","name":"Comment","target":["https:\/\/webdelmaestrocmf.com\/portal\/jose-antonio-marina-el-pensamiento-critico-es-nuestra-defensa-contra-la-manipulacion-y-el-fanatismo\/#respond"]}]},{"@type":"WebPage","@id":"https:\/\/webdelmaestrocmf.com\/portal\/jose-antonio-marina-el-pensamiento-critico-es-nuestra-defensa-contra-la-manipulacion-y-el-fanatismo\/","url":"https:\/\/webdelmaestrocmf.com\/portal\/jose-antonio-marina-el-pensamiento-critico-es-nuestra-defensa-contra-la-manipulacion-y-el-fanatismo\/","name":"Jos\u00e9 Antonio Marina: El pensamiento cr\u00edtico es nuestra defensa contra la manipulaci\u00f3n y el fanatismo - 2026","isPartOf":{"@id":"https:\/\/webdelmaestrocmf.com\/portal\/#website"},"primaryImageOfPage":{"@id":"https:\/\/webdelmaestrocmf.com\/portal\/jose-antonio-marina-el-pensamiento-critico-es-nuestra-defensa-contra-la-manipulacion-y-el-fanatismo\/#primaryimage"},"image":{"@id":"https:\/\/webdelmaestrocmf.com\/portal\/jose-antonio-marina-el-pensamiento-critico-es-nuestra-defensa-contra-la-manipulacion-y-el-fanatismo\/#primaryimage"},"thumbnailUrl":"https:\/\/webdelmaestrocmf.com\/portal\/wp-content\/uploads\/2025\/01\/1A-Banner-1-portada-imagen-10-1-16.jpg","datePublished":"2025-01-11T20:55:27+00:00","dateModified":"2025-07-06T15:51:35+00:00","description":"\u201cSoy fil\u00f3sofo, y hoy me lo tengo que pensar dos veces antes de afirmar que todos deber\u00edan estudiar Filosof\u00eda\u201d.","breadcrumb":{"@id":"https:\/\/webdelmaestrocmf.com\/portal\/jose-antonio-marina-el-pensamiento-critico-es-nuestra-defensa-contra-la-manipulacion-y-el-fanatismo\/#breadcrumb"},"inLanguage":"es","potentialAction":[{"@type":"ReadAction","target":["https:\/\/webdelmaestrocmf.com\/portal\/jose-antonio-marina-el-pensamiento-critico-es-nuestra-defensa-contra-la-manipulacion-y-el-fanatismo\/"]}]},{"@type":"ImageObject","inLanguage":"es","@id":"https:\/\/webdelmaestrocmf.com\/portal\/jose-antonio-marina-el-pensamiento-critico-es-nuestra-defensa-contra-la-manipulacion-y-el-fanatismo\/#primaryimage","url":"https:\/\/webdelmaestrocmf.com\/portal\/wp-content\/uploads\/2025\/01\/1A-Banner-1-portada-imagen-10-1-16.jpg","contentUrl":"https:\/\/webdelmaestrocmf.com\/portal\/wp-content\/uploads\/2025\/01\/1A-Banner-1-portada-imagen-10-1-16.jpg","width":1024,"height":1024},{"@type":"BreadcrumbList","@id":"https:\/\/webdelmaestrocmf.com\/portal\/jose-antonio-marina-el-pensamiento-critico-es-nuestra-defensa-contra-la-manipulacion-y-el-fanatismo\/#breadcrumb","itemListElement":[{"@type":"ListItem","position":1,"name":"Portada","item":"https:\/\/webdelmaestrocmf.com\/portal\/"},{"@type":"ListItem","position":2,"name":"Noticias","item":"https:\/\/webdelmaestrocmf.com\/portal\/category\/noticias\/"},{"@type":"ListItem","position":3,"name":"Jos\u00e9 Antonio Marina: El pensamiento cr\u00edtico es nuestra defensa contra la manipulaci\u00f3n y el fanatismo"}]},{"@type":"WebSite","@id":"https:\/\/webdelmaestrocmf.com\/portal\/#website","url":"https:\/\/webdelmaestrocmf.com\/portal\/","name":"Web del Maestro CMF","description":"Maestros al servicio de la educaci\u00f3n","publisher":{"@id":"https:\/\/webdelmaestrocmf.com\/portal\/#organization"},"alternateName":"WMCMF","potentialAction":[{"@type":"SearchAction","target":{"@type":"EntryPoint","urlTemplate":"https:\/\/webdelmaestrocmf.com\/portal\/?s={search_term_string}"},"query-input":{"@type":"PropertyValueSpecification","valueRequired":true,"valueName":"search_term_string"}}],"inLanguage":"es"},{"@type":"Organization","@id":"https:\/\/webdelmaestrocmf.com\/portal\/#organization","name":"Web del Maestro CMF","alternateName":"WMCMF","url":"https:\/\/webdelmaestrocmf.com\/portal\/","logo":{"@type":"ImageObject","inLanguage":"es","@id":"https:\/\/webdelmaestrocmf.com\/portal\/#\/schema\/logo\/image\/","url":"https:\/\/webdelmaestrocmf.com\/portal\/wp-content\/uploads\/2023\/01\/logo-wmcmf-2.png","contentUrl":"https:\/\/webdelmaestrocmf.com\/portal\/wp-content\/uploads\/2023\/01\/logo-wmcmf-2.png","width":200,"height":60,"caption":"Web del Maestro CMF"},"image":{"@id":"https:\/\/webdelmaestrocmf.com\/portal\/#\/schema\/logo\/image\/"},"sameAs":["https:\/\/www.facebook.com\/WebdelMaestroCMF\/","https:\/\/x.com\/cmf_w","https:\/\/www.pinterest.com\/WMCMF\/","https:\/\/www.linkedin.com\/company\/web-del-maestro-cmf\/","https:\/\/www.instagram.com\/wmcmf\/","https:\/\/www.youtube.com\/channel\/UCDPSvjbdodE5sHnC3OxutHw","https:\/\/mastodon.social\/@wmcmf","https:\/\/www.tiktok.com\/@webdelmaestrocmf"]},{"@type":"Person","@id":"https:\/\/webdelmaestrocmf.com\/portal\/#\/schema\/person\/1072a2ed7bd960df8ef99a551fa35dc5","name":"Web del Maestro CMF","image":{"@type":"ImageObject","inLanguage":"es","@id":"https:\/\/secure.gravatar.com\/avatar\/23291dd5b5ae1077dcff3dbb04c3e02bd28403fa75af6d8787d5e97c5bbbe30b?s=96&d=mm&r=g","url":"https:\/\/secure.gravatar.com\/avatar\/23291dd5b5ae1077dcff3dbb04c3e02bd28403fa75af6d8787d5e97c5bbbe30b?s=96&d=mm&r=g","contentUrl":"https:\/\/secure.gravatar.com\/avatar\/23291dd5b5ae1077dcff3dbb04c3e02bd28403fa75af6d8787d5e97c5bbbe30b?s=96&d=mm&r=g","caption":"Web del Maestro CMF"},"description":"Esta Web se cre\u00f3 sin fines de lucro, con fines educativos, cient\u00edficos y acad\u00e9micos, para personas que tengan dificultades y\/o inconvenientes en visualizar el material original. El objetivo es entregar recursos, compartir experiencias y materiales que ayuden a los padres de familia, maestros y estudiantes en su actualizaci\u00f3n y formaci\u00f3n permanente, en bien de la Educaci\u00f3n.","sameAs":["http:\/\/webdelmaestrocmf.com\/portal","https:\/\/www.facebook.com\/WebdelMaestroCMF\/","https:\/\/www.instagram.com\/wmcmf\/","https:\/\/cl.linkedin.com\/company\/web-del-maestro-cmf","https:\/\/www.pinterest.com\/WMCMF\/publicaciones\/","https:\/\/x.com\/cmf_w","https:\/\/www.youtube.com\/@WMCMF"]}]}},"jetpack_featured_media_url":"https:\/\/webdelmaestrocmf.com\/portal\/wp-content\/uploads\/2025\/01\/1A-Banner-1-portada-imagen-10-1-16.jpg","jetpack_sharing_enabled":true,"jetpack-related-posts":[{"id":116450,"url":"https:\/\/webdelmaestrocmf.com\/portal\/jose-antonio-marina-en-cinco-anos-podriamos-tener-una-escuela-sin-valores-humanisticos\/","url_meta":{"origin":107448,"position":0},"title":"Jos\u00e9 Antonio Marina: En cinco a\u00f1os podr\u00edamos tener una escuela sin valores human\u00edsticos","author":"Web del Maestro CMF","date":"14 marzo, 2026","format":false,"excerpt":"Jos\u00e9 Antonio Marina advierte que la escuela podr\u00eda perder los valores human\u00edsticos si prioriza solo tecnolog\u00eda y ciencia. Defiende integrar \u00e9tica, pensamiento cr\u00edtico, memoria, deber y formaci\u00f3n del car\u00e1cter.","rel":"","context":"En \u00abEntrevistas\u00bb","block_context":{"text":"Entrevistas","link":"https:\/\/webdelmaestrocmf.com\/portal\/category\/noticias\/entrevistas\/"},"img":{"alt_text":"","src":"https:\/\/i0.wp.com\/webdelmaestrocmf.com\/portal\/wp-content\/uploads\/2026\/03\/1AA-Banner-1-portada-imagen-10-1-copia-2-2.webp?resize=350%2C200&ssl=1","width":350,"height":200,"srcset":"https:\/\/i0.wp.com\/webdelmaestrocmf.com\/portal\/wp-content\/uploads\/2026\/03\/1AA-Banner-1-portada-imagen-10-1-copia-2-2.webp?resize=350%2C200&ssl=1 1x, https:\/\/i0.wp.com\/webdelmaestrocmf.com\/portal\/wp-content\/uploads\/2026\/03\/1AA-Banner-1-portada-imagen-10-1-copia-2-2.webp?resize=525%2C300&ssl=1 1.5x, https:\/\/i0.wp.com\/webdelmaestrocmf.com\/portal\/wp-content\/uploads\/2026\/03\/1AA-Banner-1-portada-imagen-10-1-copia-2-2.webp?resize=700%2C400&ssl=1 2x, https:\/\/i0.wp.com\/webdelmaestrocmf.com\/portal\/wp-content\/uploads\/2026\/03\/1AA-Banner-1-portada-imagen-10-1-copia-2-2.webp?resize=1050%2C600&ssl=1 3x"},"classes":[]},{"id":96305,"url":"https:\/\/webdelmaestrocmf.com\/portal\/jose-antonio-marina-el-buen-maestro-no-puede-cobrar-lo-mismo-que-el-malo\/","url_meta":{"origin":107448,"position":1},"title":"Jos\u00e9 Antonio Marina: El buen maestro no puede cobrar lo mismo que el malo","author":"Web del Maestro CMF","date":"30 septiembre, 2023","format":false,"excerpt":"un sistema educativo justo debe reconocer el m\u00e9rito, la calidad profesional y el impacto real que cada docente tiene en el aprendizaje de sus estudiantes.","rel":"","context":"En \u00abEntrevistas\u00bb","block_context":{"text":"Entrevistas","link":"https:\/\/webdelmaestrocmf.com\/portal\/category\/noticias\/entrevistas\/"},"img":{"alt_text":"Jos\u00e9 Antonio Marina","src":"https:\/\/i0.wp.com\/webdelmaestrocmf.com\/portal\/wp-content\/uploads\/2023\/09\/A12B3C4D-55.jpg?resize=350%2C200&ssl=1","width":350,"height":200,"srcset":"https:\/\/i0.wp.com\/webdelmaestrocmf.com\/portal\/wp-content\/uploads\/2023\/09\/A12B3C4D-55.jpg?resize=350%2C200&ssl=1 1x, https:\/\/i0.wp.com\/webdelmaestrocmf.com\/portal\/wp-content\/uploads\/2023\/09\/A12B3C4D-55.jpg?resize=525%2C300&ssl=1 1.5x, https:\/\/i0.wp.com\/webdelmaestrocmf.com\/portal\/wp-content\/uploads\/2023\/09\/A12B3C4D-55.jpg?resize=700%2C400&ssl=1 2x"},"classes":[]},{"id":115073,"url":"https:\/\/webdelmaestrocmf.com\/portal\/jose-anotnio-marina-no-se-esta-educando-a-los-ninos-en-la-atencion-debido-a-teorias-psicologicas-que-priorizan-la-motivacion-sobre-la-voluntad-y-la-responsabilidad\/","url_meta":{"origin":107448,"position":2},"title":"Jos\u00e9 Antonio Marina: No se est\u00e1 educando a los ni\u00f1os en la atenci\u00f3n debido a teor\u00edas psicol\u00f3gicas que priorizan la motivaci\u00f3n sobre la voluntad y la responsabilidad","author":"Web del Maestro CMF","date":"1 febrero, 2026","format":false,"excerpt":"Jos\u00e9 Antonio Marina advierte que sin deber, voluntad y memoria, escuela debilita atenci\u00f3n, empobrece la inteligencia y limita libertad humana.","rel":"","context":"En \u00abEntrevistas\u00bb","block_context":{"text":"Entrevistas","link":"https:\/\/webdelmaestrocmf.com\/portal\/category\/noticias\/entrevistas\/"},"img":{"alt_text":"","src":"https:\/\/i0.wp.com\/webdelmaestrocmf.com\/portal\/wp-content\/uploads\/2026\/02\/1A-Banner-1-portada-imagen-10-1-copia-2.webp?resize=350%2C200&ssl=1","width":350,"height":200,"srcset":"https:\/\/i0.wp.com\/webdelmaestrocmf.com\/portal\/wp-content\/uploads\/2026\/02\/1A-Banner-1-portada-imagen-10-1-copia-2.webp?resize=350%2C200&ssl=1 1x, https:\/\/i0.wp.com\/webdelmaestrocmf.com\/portal\/wp-content\/uploads\/2026\/02\/1A-Banner-1-portada-imagen-10-1-copia-2.webp?resize=525%2C300&ssl=1 1.5x, https:\/\/i0.wp.com\/webdelmaestrocmf.com\/portal\/wp-content\/uploads\/2026\/02\/1A-Banner-1-portada-imagen-10-1-copia-2.webp?resize=700%2C400&ssl=1 2x"},"classes":[]},{"id":94404,"url":"https:\/\/webdelmaestrocmf.com\/portal\/jose-antonio-marina-los-docentes-somos-expertos-en-conseguir-que-aprendan-y-eso-es-muy-complicado\/","url_meta":{"origin":107448,"position":3},"title":"Jos\u00e9 Antonio Marina: Me parece que los docentes tienen, en general, una formaci\u00f3n muy mala","author":"Web del Maestro CMF","date":"24 octubre, 2024","format":false,"excerpt":"\u201cSoy fil\u00f3sofo, y hoy me lo tengo que pensar dos veces antes de afirmar que todos deber\u00edan estudiar Filosof\u00eda\u201d. La frase, pronunciada por el pensador, ensayista y pedagogo Jos\u00e9 Antonio Marina (Toledo, 1939) durante una entrevista en su domicilio madrile\u00f1o, cobra sentido dentro de una reflexi\u00f3n sobre la p\u00e9rdida de\u2026","rel":"","context":"En \u00abEntrevistas\u00bb","block_context":{"text":"Entrevistas","link":"https:\/\/webdelmaestrocmf.com\/portal\/category\/noticias\/entrevistas\/"},"img":{"alt_text":"","src":"https:\/\/i0.wp.com\/webdelmaestrocmf.com\/portal\/wp-content\/uploads\/2023\/09\/Banner-1-portada-imagen-10-1-1-1.jpg?resize=350%2C200&ssl=1","width":350,"height":200,"srcset":"https:\/\/i0.wp.com\/webdelmaestrocmf.com\/portal\/wp-content\/uploads\/2023\/09\/Banner-1-portada-imagen-10-1-1-1.jpg?resize=350%2C200&ssl=1 1x, https:\/\/i0.wp.com\/webdelmaestrocmf.com\/portal\/wp-content\/uploads\/2023\/09\/Banner-1-portada-imagen-10-1-1-1.jpg?resize=525%2C300&ssl=1 1.5x, https:\/\/i0.wp.com\/webdelmaestrocmf.com\/portal\/wp-content\/uploads\/2023\/09\/Banner-1-portada-imagen-10-1-1-1.jpg?resize=700%2C400&ssl=1 2x"},"classes":[]},{"id":53947,"url":"https:\/\/webdelmaestrocmf.com\/portal\/el-mejor-aliado-del-miedo-es-el-silencio\/","url_meta":{"origin":107448,"position":4},"title":"El mejor aliado del miedo es el silencio","author":"Web del Maestro CMF","date":"3 noviembre, 2020","format":"video","excerpt":"Durante las \u00faltimas d\u00e9cadas el reconocido fil\u00f3sofo y pedagogo Jos\u00e9 Antonio Marina (1939) ha desarrollado una corriente de pensamiento que resume en su propuesta de \u201cPacto Educativo\u201d. Sus investigaciones abarcan campos del conocimiento humano tan distintos como la literatura, la filosof\u00eda o el lenguaje, y especialmente la educaci\u00f3n y la\u2026","rel":"","context":"En \u00abAdolescente\u00bb","block_context":{"text":"Adolescente","link":"https:\/\/webdelmaestrocmf.com\/portal\/category\/adolescente\/"},"img":{"alt_text":"","src":"https:\/\/i0.wp.com\/webdelmaestrocmf.com\/portal\/wp-content\/uploads\/2020\/11\/1-27.jpg?resize=350%2C200&ssl=1","width":350,"height":200,"srcset":"https:\/\/i0.wp.com\/webdelmaestrocmf.com\/portal\/wp-content\/uploads\/2020\/11\/1-27.jpg?resize=350%2C200&ssl=1 1x, https:\/\/i0.wp.com\/webdelmaestrocmf.com\/portal\/wp-content\/uploads\/2020\/11\/1-27.jpg?resize=525%2C300&ssl=1 1.5x, https:\/\/i0.wp.com\/webdelmaestrocmf.com\/portal\/wp-content\/uploads\/2020\/11\/1-27.jpg?resize=700%2C400&ssl=1 2x, https:\/\/i0.wp.com\/webdelmaestrocmf.com\/portal\/wp-content\/uploads\/2020\/11\/1-27.jpg?resize=1050%2C600&ssl=1 3x"},"classes":[]},{"id":10333,"url":"https:\/\/webdelmaestrocmf.com\/portal\/jose-antonio-marina-defiende-una-educacion-que-refuerce-la-capacidad-critica-ante-los-medios-y-ensene-a-explotar-las-tic\/","url_meta":{"origin":107448,"position":5},"title":"Una educaci\u00f3n que refuerce la capacidad cr\u00edtica ante los medios y ense\u00f1e a explotar las TIC","author":"Web del Maestro CMF","date":"8 mayo, 2017","format":false,"excerpt":"El fil\u00f3sofo, ensayista y pedagogo Jos\u00e9 Antonio Marina ha defendido este martes la necesidad de que el sistema educativo fortalezca la capacidad cr\u00edtica de los individuos ante la informaci\u00f3n que difunden los medios de comunicaci\u00f3n y ense\u00f1e a usar de forma adecuada las posibilidades que brindan los medios y las\u2026","rel":"","context":"En \u00abEntrevistas\u00bb","block_context":{"text":"Entrevistas","link":"https:\/\/webdelmaestrocmf.com\/portal\/category\/noticias\/entrevistas\/"},"img":{"alt_text":"","src":"https:\/\/i0.wp.com\/webdelmaestrocmf.com\/portal\/wp-content\/uploads\/2021\/09\/2-17.jpg?resize=350%2C200&ssl=1","width":350,"height":200,"srcset":"https:\/\/i0.wp.com\/webdelmaestrocmf.com\/portal\/wp-content\/uploads\/2021\/09\/2-17.jpg?resize=350%2C200&ssl=1 1x, https:\/\/i0.wp.com\/webdelmaestrocmf.com\/portal\/wp-content\/uploads\/2021\/09\/2-17.jpg?resize=525%2C300&ssl=1 1.5x, https:\/\/i0.wp.com\/webdelmaestrocmf.com\/portal\/wp-content\/uploads\/2021\/09\/2-17.jpg?resize=700%2C400&ssl=1 2x, https:\/\/i0.wp.com\/webdelmaestrocmf.com\/portal\/wp-content\/uploads\/2021\/09\/2-17.jpg?resize=1050%2C600&ssl=1 3x"},"classes":[]}],"_links":{"self":[{"href":"https:\/\/webdelmaestrocmf.com\/portal\/wp-json\/wp\/v2\/posts\/107448","targetHints":{"allow":["GET"]}}],"collection":[{"href":"https:\/\/webdelmaestrocmf.com\/portal\/wp-json\/wp\/v2\/posts"}],"about":[{"href":"https:\/\/webdelmaestrocmf.com\/portal\/wp-json\/wp\/v2\/types\/post"}],"author":[{"embeddable":true,"href":"https:\/\/webdelmaestrocmf.com\/portal\/wp-json\/wp\/v2\/users\/1"}],"replies":[{"embeddable":true,"href":"https:\/\/webdelmaestrocmf.com\/portal\/wp-json\/wp\/v2\/comments?post=107448"}],"version-history":[{"count":1,"href":"https:\/\/webdelmaestrocmf.com\/portal\/wp-json\/wp\/v2\/posts\/107448\/revisions"}],"predecessor-version":[{"id":110921,"href":"https:\/\/webdelmaestrocmf.com\/portal\/wp-json\/wp\/v2\/posts\/107448\/revisions\/110921"}],"wp:featuredmedia":[{"embeddable":true,"href":"https:\/\/webdelmaestrocmf.com\/portal\/wp-json\/wp\/v2\/media\/107449"}],"wp:attachment":[{"href":"https:\/\/webdelmaestrocmf.com\/portal\/wp-json\/wp\/v2\/media?parent=107448"}],"wp:term":[{"taxonomy":"category","embeddable":true,"href":"https:\/\/webdelmaestrocmf.com\/portal\/wp-json\/wp\/v2\/categories?post=107448"},{"taxonomy":"post_tag","embeddable":true,"href":"https:\/\/webdelmaestrocmf.com\/portal\/wp-json\/wp\/v2\/tags?post=107448"}],"curies":[{"name":"wp","href":"https:\/\/api.w.org\/{rel}","templated":true}]}}