{"id":107390,"date":"2025-01-06T13:01:32","date_gmt":"2025-01-06T16:01:32","guid":{"rendered":"https:\/\/webdelmaestrocmf.com\/portal\/?p=107390"},"modified":"2025-01-06T13:09:30","modified_gmt":"2025-01-06T16:09:30","slug":"el-marco-metodologico-en-la-investigacion-educativa","status":"publish","type":"post","link":"https:\/\/webdelmaestrocmf.com\/portal\/el-marco-metodologico-en-la-investigacion-educativa\/","title":{"rendered":"El marco metodol\u00f3gico en la investigaci\u00f3n educativa"},"content":{"rendered":"<p style=\"text-align: justify;\">El <strong>marco metodol\u00f3gico<\/strong> es uno de los pilares fundamentales en cualquier investigaci\u00f3n. Para los docentes, su importancia radica en que permite estructurar el estudio de manera l\u00f3gica y ordenada, facilitando la comprensi\u00f3n de c\u00f3mo se llevar\u00e1 a cabo y garantizando la confiabilidad de los resultados.<!--more--><\/p>\n<p style=\"text-align: justify;\">Este art\u00edculo detalla los componentes esenciales del marco metodol\u00f3gico, su utilidad y c\u00f3mo aplicarlo en investigaciones educativas.<\/p>\n<h2 style=\"text-align: left;\"><strong>\u00bfQu\u00e9 es el Marco Metodol\u00f3gico?<\/strong><\/h2>\n<p style=\"text-align: justify;\">El marco metodol\u00f3gico es el cap\u00edtulo de una investigaci\u00f3n que explica <strong>c\u00f3mo se realizar\u00e1 el estudio<\/strong>. Si el planteamiento del problema define el \u00abqu\u00e9\u00bb y el marco te\u00f3rico aborda el \u00abpor qu\u00e9\u00bb, el marco metodol\u00f3gico responde al <strong>\u00abc\u00f3mo\u00bb<\/strong>. Es, en esencia, el plan detallado que guiar\u00e1 cada paso del proceso investigativo.<\/p>\n<p style=\"text-align: justify;\">En el contexto docente, este cap\u00edtulo es crucial para investigaciones relacionadas con pr\u00e1cticas pedag\u00f3gicas, evaluaciones curriculares, impacto de metodolog\u00edas o an\u00e1lisis del aprendizaje, ya que asegura que los resultados sean v\u00e1lidos, fiables y aplicables.<\/p>\n<h2 style=\"text-align: left;\"><strong>Elementos clave del Marco Metodol\u00f3gico<\/strong><\/h2>\n<h4 style=\"text-align: justify; padding-left: 40px;\"><strong>1. Tipo de Investigaci\u00f3n<\/strong><\/h4>\n<p style=\"text-align: justify; padding-left: 40px;\">Define el prop\u00f3sito general del estudio:<\/p>\n<ul>\n<li style=\"list-style-type: none;\">\n<ul style=\"text-align: justify;\">\n<li><strong>Exploratoria<\/strong>: Cuando se investiga un tema poco conocido.<\/li>\n<li><strong>Descriptiva<\/strong>: Para detallar caracter\u00edsticas de un fen\u00f3meno.<\/li>\n<li><strong>Correlacional<\/strong>: Estudia relaciones entre variables (e.g., impacto de la motivaci\u00f3n en el desempe\u00f1o escolar).<\/li>\n<li><strong>Explicativa<\/strong>: Busca causas y efectos.<\/li>\n<\/ul>\n<\/li>\n<\/ul>\n<p style=\"text-align: justify; padding-left: 40px;\"><strong>Ejemplo aplicado<\/strong>: Si un docente quiere analizar c\u00f3mo la gamificaci\u00f3n influye en el aprendizaje, podr\u00eda optar por un dise\u00f1o correlacional para estudiar la relaci\u00f3n entre ambas variables.<\/p>\n<h4 style=\"text-align: justify; padding-left: 40px;\"><strong>2. Nivel de Investigaci\u00f3n<\/strong><\/h4>\n<p style=\"text-align: justify; padding-left: 40px;\">Refleja la profundidad del estudio:<\/p>\n<ul>\n<li style=\"list-style-type: none;\">\n<ul style=\"text-align: justify;\">\n<li><strong>B\u00e1sico<\/strong>: Desarrolla teor\u00eda o conceptos.<\/li>\n<li><strong>Aplicado<\/strong>: Busca resolver problemas pr\u00e1cticos en el aula.<\/li>\n<\/ul>\n<\/li>\n<\/ul>\n<p style=\"text-align: justify; padding-left: 40px;\"><strong>Ejemplo aplicado<\/strong>: Un nivel aplicado ser\u00eda ideal si se busca implementar y evaluar una nueva t\u00e9cnica de ense\u00f1anza en estudiantes de primaria.<\/p>\n<h4 style=\"text-align: justify; padding-left: 40px;\"><strong>3. M\u00e9todo<\/strong><\/h4>\n<p style=\"text-align: justify; padding-left: 40px;\">Indica c\u00f3mo se abordar\u00e1 el problema:<\/p>\n<ul>\n<li style=\"list-style-type: none;\">\n<ul style=\"text-align: justify;\">\n<li><strong>Cualitativo<\/strong>: Para comprender significados, percepciones y experiencias.<\/li>\n<li><strong>Cuantitativo<\/strong>: Para medir y analizar datos num\u00e9ricos.<\/li>\n<li><strong>Mixto<\/strong>: Combina ambos m\u00e9todos.<\/li>\n<\/ul>\n<\/li>\n<\/ul>\n<p style=\"text-align: justify; padding-left: 40px;\"><strong>Ejemplo aplicado<\/strong>: Una investigaci\u00f3n mixta podr\u00eda incluir observaciones cualitativas de interacciones en clase y encuestas cuantitativas sobre satisfacci\u00f3n estudiantil.<\/p>\n<h4 style=\"text-align: justify; padding-left: 40px;\"><strong>4. Enfoque<\/strong><\/h4>\n<p style=\"text-align: justify; padding-left: 40px;\">Perspectiva del estudio:<\/p>\n<ul>\n<li style=\"list-style-type: none;\">\n<ul style=\"text-align: justify;\">\n<li><strong>Cualitativo<\/strong>: Describe y analiza fen\u00f3menos a profundidad.<\/li>\n<li><strong>Cuantitativo<\/strong>: Busca patrones y tendencias medibles.<\/li>\n<li><strong>Mixto<\/strong>: Integra ambos para enriquecer los hallazgos.<\/li>\n<\/ul>\n<\/li>\n<\/ul>\n<p style=\"text-align: justify; padding-left: 40px;\"><strong>Ejemplo aplicado<\/strong>: Un enfoque mixto ser\u00eda \u00fatil para un docente que investiga el impacto del uso de TIC, combinando an\u00e1lisis estad\u00edstico de resultados y entrevistas con estudiantes.<\/p>\n<h4 style=\"text-align: justify; padding-left: 40px;\"><strong>5. Dise\u00f1o<\/strong><\/h4>\n<p style=\"text-align: justify; padding-left: 40px;\">Estructura el proceso:<\/p>\n<ul>\n<li style=\"list-style-type: none;\">\n<ul style=\"text-align: justify;\">\n<li><strong>Experimental<\/strong>: Manipula variables independientes.<\/li>\n<li><strong>No experimental<\/strong>: Observa fen\u00f3menos sin intervenci\u00f3n.<\/li>\n<li><strong>Transversal<\/strong>: Datos recolectados en un momento dado.<\/li>\n<li><strong>Longitudinal<\/strong>: Datos recolectados a lo largo del tiempo.<\/li>\n<\/ul>\n<\/li>\n<\/ul>\n<p style=\"text-align: justify; padding-left: 40px;\"><strong>Ejemplo aplicado<\/strong>: Un dise\u00f1o transversal ser\u00eda adecuado para medir el nivel de estr\u00e9s en los estudiantes antes y despu\u00e9s de ex\u00e1menes finales.<\/p>\n<h4 style=\"text-align: justify; padding-left: 40px;\"><strong>6. Poblaci\u00f3n y Muestra<\/strong><\/h4>\n<p style=\"text-align: justify; padding-left: 40px;\">Define el grupo de estudio:<\/p>\n<ul>\n<li style=\"list-style-type: none;\">\n<ul style=\"text-align: justify;\">\n<li><strong>Poblaci\u00f3n<\/strong>: Conjunto total de inter\u00e9s (e.g., todos los estudiantes de secundaria de una regi\u00f3n).<\/li>\n<li><strong>Muestra<\/strong>: Subgrupo representativo de la poblaci\u00f3n.\n<ul>\n<li><strong>Probabil\u00edstica<\/strong>: Selecci\u00f3n aleatoria.<\/li>\n<li><strong>No probabil\u00edstica<\/strong>: Selecci\u00f3n por conveniencia.<\/li>\n<\/ul>\n<\/li>\n<\/ul>\n<\/li>\n<\/ul>\n<p style=\"text-align: justify; padding-left: 40px;\"><strong>Ejemplo aplicado<\/strong>: Si un docente quiere estudiar el uso de metodolog\u00edas activas, podr\u00eda seleccionar una muestra de estudiantes de una escuela representativa.<\/p>\n<h4 style=\"text-align: justify; padding-left: 40px;\"><strong>7. Recolecci\u00f3n de Datos<\/strong><\/h4>\n<p style=\"text-align: justify; padding-left: 40px;\">Describe las herramientas y t\u00e9cnicas:<\/p>\n<ul>\n<li style=\"list-style-type: none;\">\n<ul style=\"text-align: justify;\">\n<li><strong>Instrumentos<\/strong>: Cuestionarios, entrevistas, observaciones.<\/li>\n<li><strong>T\u00e9cnicas<\/strong>: Aplicaci\u00f3n presencial, virtual, individual o grupal.<\/li>\n<\/ul>\n<\/li>\n<\/ul>\n<p style=\"text-align: justify; padding-left: 40px;\"><strong>Ejemplo aplicado<\/strong>: Un docente podr\u00eda utilizar encuestas en l\u00ednea para medir la percepci\u00f3n de los estudiantes sobre el uso de juegos en clase.<\/p>\n<h4 style=\"text-align: justify; padding-left: 40px;\"><strong>8. Operacionalizaci\u00f3n de Variables<\/strong><\/h4>\n<p style=\"text-align: justify; padding-left: 40px;\">Define c\u00f3mo medir conceptos abstractos:<\/p>\n<ul>\n<li style=\"list-style-type: none;\">\n<ul style=\"text-align: justify;\">\n<li><strong>Variables<\/strong>:\n<ul>\n<li><strong>Independiente<\/strong>: Lo que se manipula o analiza.<\/li>\n<li><strong>Dependiente<\/strong>: Lo que se mide.<\/li>\n<\/ul>\n<\/li>\n<\/ul>\n<\/li>\n<\/ul>\n<table style=\"margin-left: 40px;\">\n<thead style=\"padding-left: 40px;\">\n<tr style=\"padding-left: 40px;\">\n<th style=\"padding-left: 40px;\"><strong>Variable<\/strong><\/th>\n<th style=\"padding-left: 40px;\"><strong>Dimensi\u00f3n<\/strong><\/th>\n<th style=\"padding-left: 40px;\"><strong>Indicador<\/strong><\/th>\n<th style=\"padding-left: 40px;\"><strong>Instrumento<\/strong><\/th>\n<\/tr>\n<\/thead>\n<tbody style=\"padding-left: 40px;\">\n<tr style=\"padding-left: 40px;\">\n<td style=\"padding-left: 40px;\">Estrategia de gamificaci\u00f3n<\/td>\n<td style=\"padding-left: 40px;\">Motivaci\u00f3n<\/td>\n<td style=\"padding-left: 40px;\">Frecuencia de participaci\u00f3n<\/td>\n<td style=\"padding-left: 40px;\">Encuestas estructuradas<\/td>\n<\/tr>\n<tr style=\"padding-left: 40px;\">\n<td style=\"padding-left: 40px;\">Rendimiento acad\u00e9mico<\/td>\n<td style=\"padding-left: 40px;\">Cognitiva<\/td>\n<td style=\"padding-left: 40px;\">Promedio de notas<\/td>\n<td style=\"padding-left: 40px;\">Registro escolar<\/td>\n<\/tr>\n<\/tbody>\n<\/table>\n<h4 style=\"text-align: justify; padding-left: 40px;\"><strong>9. Procedimiento<\/strong><\/h4>\n<p style=\"text-align: justify; padding-left: 40px;\">Detalla los pasos a seguir:<\/p>\n<ol>\n<li style=\"list-style-type: none;\">\n<ol style=\"text-align: justify;\">\n<li>Dise\u00f1o del instrumento de recolecci\u00f3n de datos.<\/li>\n<li>Validaci\u00f3n de instrumentos mediante expertos.<\/li>\n<li>Selecci\u00f3n de muestra.<\/li>\n<li>Aplicaci\u00f3n de encuestas, entrevistas u observaciones.<\/li>\n<li>An\u00e1lisis e interpretaci\u00f3n de resultados.<\/li>\n<\/ol>\n<\/li>\n<\/ol>\n<p><img loading=\"lazy\" decoding=\"async\" class=\"alignnone size-large wp-image-107391\" src=\"https:\/\/webdelmaestrocmf.com\/portal\/wp-content\/uploads\/2025\/01\/1-1024x708.png\" alt=\"\" width=\"1024\" height=\"708\" srcset=\"https:\/\/webdelmaestrocmf.com\/portal\/wp-content\/uploads\/2025\/01\/1-1024x708.png 1024w, https:\/\/webdelmaestrocmf.com\/portal\/wp-content\/uploads\/2025\/01\/1-300x208.png 300w, https:\/\/webdelmaestrocmf.com\/portal\/wp-content\/uploads\/2025\/01\/1-768x531.png 768w, https:\/\/webdelmaestrocmf.com\/portal\/wp-content\/uploads\/2025\/01\/1-380x263.png 380w, https:\/\/webdelmaestrocmf.com\/portal\/wp-content\/uploads\/2025\/01\/1-550x380.png 550w, https:\/\/webdelmaestrocmf.com\/portal\/wp-content\/uploads\/2025\/01\/1-800x553.png 800w, https:\/\/webdelmaestrocmf.com\/portal\/wp-content\/uploads\/2025\/01\/1-1160x802.png 1160w, https:\/\/webdelmaestrocmf.com\/portal\/wp-content\/uploads\/2025\/01\/1.png 1366w\" sizes=\"auto, (max-width: 1024px) 100vw, 1024px\" \/><\/p>\n<h2 style=\"text-align: left;\"><strong>\u00bfPor qu\u00e9 es Importante para los docentes?<\/strong><\/h2>\n<p style=\"text-align: justify;\">El marco metodol\u00f3gico es una herramienta clave para los docentes porque les permite estructurar, analizar y mejorar sus pr\u00e1cticas educativas con base en evidencia. Su importancia radica en los siguientes aspectos:<\/p>\n<p style=\"padding-left: 40px; text-align: justify;\"><strong>Organizaci\u00f3n de los estudios:<\/strong> El marco metodol\u00f3gico brinda un plan detallado y l\u00f3gico para llevar a cabo investigaciones. Esto ayuda a los docentes a definir objetivos claros, seleccionar las t\u00e9cnicas adecuadas y establecer un cronograma para recopilar y analizar datos. Al tener un esquema bien estructurado, se evita la improvisaci\u00f3n y se garantiza un proceso investigativo riguroso y eficiente.<\/p>\n<p style=\"padding-left: 40px; text-align: justify;\"><strong>Evaluaci\u00f3n de las pr\u00e1cticas pedag\u00f3gicas:<\/strong> Este marco permite a los docentes examinar el impacto de sus estrategias de ense\u00f1anza. Por ejemplo, pueden medir la eficacia de una metodolog\u00eda activa, analizar c\u00f3mo influye en el aprendizaje y determinar qu\u00e9 ajustes son necesarios. Al evaluar las pr\u00e1cticas con precisi\u00f3n, se obtienen datos objetivos que respaldan decisiones fundamentadas.<\/p>\n<p style=\"padding-left: 40px; text-align: justify;\"><strong>Mejora de la ense\u00f1anza:<\/strong> Con los hallazgos obtenidos a trav\u00e9s de un marco metodol\u00f3gico bien dise\u00f1ado, los docentes pueden implementar cambios significativos en sus pr\u00e1cticas. Por ejemplo, si una investigaci\u00f3n demuestra que los estudiantes aprenden mejor mediante el uso de recursos tecnol\u00f3gicos espec\u00edficos, el docente puede integrarlos de manera sistem\u00e1tica en su planificaci\u00f3n.<\/p>\n<p style=\"padding-left: 40px; text-align: justify;\"><strong>Validaci\u00f3n de cambios curriculares:<\/strong> En un contexto educativo din\u00e1mico, los docentes necesitan justificar la incorporaci\u00f3n de nuevas metodolog\u00edas, contenidos o enfoques. El marco metodol\u00f3gico proporciona datos s\u00f3lidos y replicables que sustentan propuestas de mejora curricular. Esto es especialmente \u00fatil cuando se requiere presentar argumentos t\u00e9cnicos ante directivos o instituciones educativas.<\/p>\n<p style=\"text-align: justify;\">El marco metodol\u00f3gico no solo es una gu\u00eda para desarrollar investigaciones educativas, sino tambi\u00e9n una herramienta pr\u00e1ctica para reflexionar sobre el propio quehacer docente, optimizarlo y contribuir al avance del sistema educativo con decisiones informadas y basadas en evidencia.<\/p>\n<h2 style=\"text-align: left;\"><strong>C\u00f3mo aplicarlo en la docencia<\/strong><\/h2>\n<ol>\n<li style=\"text-align: justify;\"><strong>Definir un problema concreto: <\/strong>Identificar una situaci\u00f3n o desaf\u00edo espec\u00edfico relacionado con la ense\u00f1anza o el aprendizaje. Este paso implica observar el entorno educativo, detectar \u00e1reas de mejora o innovaci\u00f3n, y formular una pregunta clara. Por ejemplo: \u00bfDe qu\u00e9 manera el uso de dispositivos electr\u00f3nicos en el aula influye en el rendimiento acad\u00e9mico de los estudiantes? Esta pregunta debe ser espec\u00edfica, medible y relevante para el contexto docente.<\/li>\n<li style=\"text-align: justify;\"><strong>Seleccionar un dise\u00f1o adecuado: <\/strong>Una vez definido el problema, se debe determinar el dise\u00f1o de la investigaci\u00f3n m\u00e1s apropiado para responder a la pregunta planteada. Si el inter\u00e9s est\u00e1 en recopilar datos en un \u00fanico momento, se optar\u00e1 por un dise\u00f1o transversal; si se busca observar cambios a lo largo del tiempo, ser\u00e1 necesario un dise\u00f1o longitudinal. Para el ejemplo propuesto, un dise\u00f1o transversal podr\u00eda implicar encuestar a estudiantes en un momento espec\u00edfico sobre su uso de dispositivos electr\u00f3nicos y analizar sus calificaciones en el mismo periodo.<\/li>\n<li style=\"text-align: justify;\"><strong>Aplicar los resultados: <\/strong>Tras la recolecci\u00f3n y an\u00e1lisis de los datos, los resultados deben traducirse en acciones concretas dentro del aula. Si el an\u00e1lisis revela que el uso moderado y guiado de dispositivos electr\u00f3nicos mejora el rendimiento acad\u00e9mico, el docente puede dise\u00f1ar estrategias que incorporen actividades con tecnolog\u00eda de manera estructurada. Este paso es clave para cerrar el ciclo de investigaci\u00f3n y generar impacto tangible, mejorando las pr\u00e1cticas pedag\u00f3gicas y el aprendizaje estudiantil.<\/li>\n<\/ol>\n<p style=\"text-align: justify;\">El marco metodol\u00f3gico es m\u00e1s que un cap\u00edtulo en una investigaci\u00f3n: es la br\u00fajula que orienta al docente-investigador hacia conclusiones v\u00e1lidas y \u00fatiles, potenciando su impacto en el \u00e1mbito educativo.<\/p>\n<p style=\"text-align: right;\"><strong>REDACCI\u00d3N WEB DEL MAESTRO CMF\u00a0<\/strong><\/p>\n\t\t<div class=\"pk-inline-posts\">\n\t\t\t\n\t\t\t<div class=\"pk-inline-posts-container pk-inline-posts-template-list\"\n\t\t\t\tdata-columns=\"1\">\n\t\t\t\t\t\t<article id=\"post-28153\" class=\"post-28153 post type-post status-publish format-standard has-post-thumbnail category-consejos category-docentes category-pedagogia tag-adaptacion-a-diversidad tag-adaptacion-curricular tag-aprendizaje-activo tag-clases tag-diseno-curricular tag-diseno-de-actividades tag-diseno-de-lecciones tag-diseno-de-unidades-didacticas tag-eficiente tag-enfoque-centrado-en-el-estudiante tag-estrategias-de-ensenanza tag-estrategias-de-ensenanza-efectiva tag-estrategias-de-instruccion tag-estrategias-de-participacion tag-evaluacion-autentica tag-evaluacion-del-aprendizaje tag-evaluacion-formativa tag-evaluacion-sumativa tag-instruccion-diferenciada tag-manera tag-medicion-del-progreso tag-metodologia-educativa tag-motivacion-del-estudiante tag-objetivos-de-aprendizaje tag-planificacion-a-corto-plazo tag-planificacion-a-largo-plazo tag-planificacion-de-clases tag-planificar tag-recursos-didacticos tag-retroalimentacion-formativa tag-secuencia-didactica tag-taxonomia-de-bloom tag-tecnicas-de-organizacion tag-uso-de-tecnologia-educativa cs-entry cs-video-wrap\">\n\t\t\t<div class=\"pk-post-outer\">\n\n\t\t\t\t\t\t\t\t<div class=\"pk-post-inner\">\n\t\t\t\t\t<div class=\"entry-thumbnail\">\n\t\t\t\t\t\t<div class=\"pk-overlay pk-overlay-ratio pk-ratio-landscape\">\n\t\t\t\t\t\t\t<div class=\"pk-overlay-background\">\n\t\t\t\t\t\t\t\t<a href=\"https:\/\/webdelmaestrocmf.com\/portal\/como-planificar-las-clases-de-manera-eficiente\/\" class=\"pk-overlay-link\">\n\t\t\t\t\t\t\t\t\t<img loading=\"lazy\" decoding=\"async\" width=\"300\" height=\"225\" src=\"https:\/\/webdelmaestrocmf.com\/portal\/wp-content\/uploads\/2026\/02\/1AA-Banner-1-portada-imagen-10-1-copia-16-300x225.webp\" class=\"attachment-pk-thumbnail size-pk-thumbnail wp-post-image\" alt=\"\" \/>\t\t\t\t\t\t\t\t<\/a>\n\t\t\t\t\t\t\t<\/div>\n\t\t\t\t\t\t<\/div>\n\t\t\t\t\t<\/div>\n\t\t\t\t<\/div>\n\t\t\t\t\n\t\t\t\t<div class=\"pk-post-inner\">\n\t\t\t\t\t<header>\n\t\t\t\t\t\t<h3 class=\"pk-title\"><a href=\"https:\/\/webdelmaestrocmf.com\/portal\/como-planificar-las-clases-de-manera-eficiente\/\" rel=\"bookmark\">C\u00f3mo planificar las clases de manera eficiente: descarga las mejores plantillas de planificaci\u00f3n de clases<\/a><\/h3>\t\t\t\t\t<\/header><!-- .entry-header -->\n\t\t\t\t<\/div><!-- .post-inner -->\n\n\t\t\t<\/div><!-- .post-outer -->\n\t\t<\/article>\n\t\t\t<article id=\"post-117746\" class=\"post-117746 post type-post status-publish format-standard has-post-thumbnail category-docentes category-pedagogia tag-bienestar-docente tag-clima-escolar tag-docentes tag-educacion-3 tag-gestion-educativa-3 tag-salud-mental-docente tag-sistema-educativo tag-sobrecarga-laboral tag-trabajo-docente tag-vocacion-docente-2 cs-entry cs-video-wrap\">\n\t\t\t<div class=\"pk-post-outer\">\n\n\t\t\t\t\t\t\t\t<div class=\"pk-post-inner\">\n\t\t\t\t\t<div class=\"entry-thumbnail\">\n\t\t\t\t\t\t<div class=\"pk-overlay pk-overlay-ratio pk-ratio-landscape\">\n\t\t\t\t\t\t\t<div class=\"pk-overlay-background\">\n\t\t\t\t\t\t\t\t<a href=\"https:\/\/webdelmaestrocmf.com\/portal\/la-mochila-invisible-del-docente-una-carga-que-el-sistema-aun-no-logra-ver\/\" class=\"pk-overlay-link\">\n\t\t\t\t\t\t\t\t\t<img loading=\"lazy\" decoding=\"async\" width=\"300\" height=\"225\" src=\"https:\/\/webdelmaestrocmf.com\/portal\/wp-content\/uploads\/2026\/04\/1AA-Banner-1-portada-imagen-10-1-copia-14-1-300x225.webp\" class=\"attachment-pk-thumbnail size-pk-thumbnail wp-post-image\" alt=\"\" \/>\t\t\t\t\t\t\t\t<\/a>\n\t\t\t\t\t\t\t<\/div>\n\t\t\t\t\t\t<\/div>\n\t\t\t\t\t<\/div>\n\t\t\t\t<\/div>\n\t\t\t\t\n\t\t\t\t<div class=\"pk-post-inner\">\n\t\t\t\t\t<header>\n\t\t\t\t\t\t<h3 class=\"pk-title\"><a href=\"https:\/\/webdelmaestrocmf.com\/portal\/la-mochila-invisible-del-docente-una-carga-que-el-sistema-aun-no-logra-ver\/\" rel=\"bookmark\">La mochila invisible del docente: una carga que el sistema a\u00fan no logra ver<\/a><\/h3>\t\t\t\t\t<\/header><!-- .entry-header -->\n\t\t\t\t<\/div><!-- .post-inner -->\n\n\t\t\t<\/div><!-- .post-outer -->\n\t\t<\/article>\n\t\t\t<article id=\"post-117526\" class=\"post-117526 post type-post status-publish format-standard has-post-thumbnail category-docentes category-pedagogia tag-aula tag-convivencia-escolar tag-docentes tag-educacion-2 tag-educacion-socioemocional tag-espacio-personal tag-limites tag-pedagogia-2 tag-vinculo-educativo cs-entry cs-video-wrap\">\n\t\t\t<div class=\"pk-post-outer\">\n\n\t\t\t\t\t\t\t\t<div class=\"pk-post-inner\">\n\t\t\t\t\t<div class=\"entry-thumbnail\">\n\t\t\t\t\t\t<div class=\"pk-overlay pk-overlay-ratio pk-ratio-landscape\">\n\t\t\t\t\t\t\t<div class=\"pk-overlay-background\">\n\t\t\t\t\t\t\t\t<a href=\"https:\/\/webdelmaestrocmf.com\/portal\/el-dilema-del-contacto-fisico-en-la-escuela-entre-el-vinculo-humano-y-la-responsabilidad-profesional-que-debe-hacer-el-docente\/\" class=\"pk-overlay-link\">\n\t\t\t\t\t\t\t\t\t<img loading=\"lazy\" decoding=\"async\" width=\"300\" height=\"225\" src=\"https:\/\/webdelmaestrocmf.com\/portal\/wp-content\/uploads\/2026\/04\/1AA-Banner-1-portada-imagen-10-1-copia-6-1-300x225.webp\" class=\"attachment-pk-thumbnail size-pk-thumbnail wp-post-image\" alt=\"\" \/>\t\t\t\t\t\t\t\t<\/a>\n\t\t\t\t\t\t\t<\/div>\n\t\t\t\t\t\t<\/div>\n\t\t\t\t\t<\/div>\n\t\t\t\t<\/div>\n\t\t\t\t\n\t\t\t\t<div class=\"pk-post-inner\">\n\t\t\t\t\t<header>\n\t\t\t\t\t\t<h3 class=\"pk-title\"><a href=\"https:\/\/webdelmaestrocmf.com\/portal\/el-dilema-del-contacto-fisico-en-la-escuela-entre-el-vinculo-humano-y-la-responsabilidad-profesional-que-debe-hacer-el-docente\/\" rel=\"bookmark\">El dilema del contacto f\u00edsico en la escuela: entre el v\u00ednculo humano y la responsabilidad profesional \u00bfQu\u00e9 debe hacer el docente?<\/a><\/h3>\t\t\t\t\t<\/header><!-- .entry-header -->\n\t\t\t\t<\/div><!-- .post-inner -->\n\n\t\t\t<\/div><!-- .post-outer -->\n\t\t<\/article>\n\t\t\t\t<\/div>\n\t\t<\/div>\n\t\t\n","protected":false},"excerpt":{"rendered":"El marco metodol\u00f3gico es uno de los pilares fundamentales en cualquier investigaci\u00f3n. Para los docentes, su importancia radica&hellip;","protected":false},"author":1,"featured_media":107392,"comment_status":"open","ping_status":"closed","sticky":false,"template":"","format":"standard","meta":{"csco_display_header_overlay":false,"csco_singular_sidebar":"","csco_page_header_type":"","csco_page_load_nextpost":"","csco_post_video_location":[],"csco_post_video_location_hash":"","csco_post_video_url":"","csco_post_video_bg_start_time":0,"csco_post_video_bg_end_time":0,"csco_post_video_bg_volume":false,"_jetpack_memberships_contains_paid_content":false,"footnotes":""},"categories":[570,735],"tags":[22628],"class_list":{"0":"post-107390","1":"post","2":"type-post","3":"status-publish","4":"format-standard","5":"has-post-thumbnail","7":"category-docentes","8":"category-pedagogia","9":"tag-marco-metodologico","10":"cs-entry","11":"cs-video-wrap"},"yoast_head":"<!-- This site is optimized with the Yoast SEO plugin v27.5 - https:\/\/yoast.com\/product\/yoast-seo-wordpress\/ -->\n<title>El marco metodol\u00f3gico en la investigaci\u00f3n educativa - 2026<\/title>\n<meta name=\"description\" content=\"El marco metodol\u00f3gico es uno de los pilares fundamentales en cualquier investigaci\u00f3n. Para los docentes, su importancia radica en que...\" \/>\n<meta name=\"robots\" content=\"index, follow, max-snippet:-1, max-image-preview:large, max-video-preview:-1\" \/>\n<link rel=\"canonical\" href=\"https:\/\/webdelmaestrocmf.com\/portal\/el-marco-metodologico-en-la-investigacion-educativa\/\" \/>\n<meta property=\"og:locale\" content=\"es_ES\" \/>\n<meta property=\"og:type\" content=\"article\" \/>\n<meta property=\"og:title\" content=\"El marco metodol\u00f3gico en la investigaci\u00f3n educativa - 2026\" \/>\n<meta property=\"og:description\" content=\"El marco metodol\u00f3gico es uno de los pilares fundamentales en cualquier investigaci\u00f3n. Para los docentes, su importancia radica en que...\" \/>\n<meta property=\"og:url\" content=\"https:\/\/webdelmaestrocmf.com\/portal\/el-marco-metodologico-en-la-investigacion-educativa\/\" \/>\n<meta property=\"og:site_name\" content=\"Web del Maestro CMF\" \/>\n<meta property=\"article:publisher\" content=\"https:\/\/www.facebook.com\/WebdelMaestroCMF\/\" \/>\n<meta property=\"article:author\" content=\"https:\/\/www.facebook.com\/WebdelMaestroCMF\/\" \/>\n<meta property=\"article:published_time\" content=\"2025-01-06T16:01:32+00:00\" \/>\n<meta property=\"article:modified_time\" content=\"2025-01-06T16:09:30+00:00\" \/>\n<meta property=\"og:image\" content=\"https:\/\/webdelmaestrocmf.com\/portal\/wp-content\/uploads\/2025\/01\/1A-Banner-1-portada-imagen-10-1-9.jpg\" \/>\n\t<meta property=\"og:image:width\" content=\"1024\" \/>\n\t<meta property=\"og:image:height\" content=\"1024\" \/>\n\t<meta property=\"og:image:type\" content=\"image\/jpeg\" \/>\n<meta name=\"author\" content=\"Web del Maestro CMF\" \/>\n<meta name=\"twitter:card\" content=\"summary_large_image\" \/>\n<meta name=\"twitter:creator\" content=\"@cmf_w\" \/>\n<meta name=\"twitter:site\" content=\"@cmf_w\" \/>\n<script type=\"application\/ld+json\" class=\"yoast-schema-graph\">{\"@context\":\"https:\\\/\\\/schema.org\",\"@graph\":[{\"@type\":\"ScholarlyArticle\",\"@id\":\"https:\\\/\\\/webdelmaestrocmf.com\\\/portal\\\/el-marco-metodologico-en-la-investigacion-educativa\\\/#article\",\"isPartOf\":{\"@id\":\"https:\\\/\\\/webdelmaestrocmf.com\\\/portal\\\/el-marco-metodologico-en-la-investigacion-educativa\\\/\"},\"author\":{\"name\":\"Web del Maestro CMF\",\"@id\":\"https:\\\/\\\/webdelmaestrocmf.com\\\/portal\\\/#\\\/schema\\\/person\\\/1072a2ed7bd960df8ef99a551fa35dc5\"},\"headline\":\"El marco metodol\u00f3gico en la investigaci\u00f3n educativa\",\"datePublished\":\"2025-01-06T16:01:32+00:00\",\"dateModified\":\"2025-01-06T16:09:30+00:00\",\"mainEntityOfPage\":{\"@id\":\"https:\\\/\\\/webdelmaestrocmf.com\\\/portal\\\/el-marco-metodologico-en-la-investigacion-educativa\\\/\"},\"wordCount\":1331,\"commentCount\":0,\"publisher\":{\"@id\":\"https:\\\/\\\/webdelmaestrocmf.com\\\/portal\\\/#organization\"},\"image\":{\"@id\":\"https:\\\/\\\/webdelmaestrocmf.com\\\/portal\\\/el-marco-metodologico-en-la-investigacion-educativa\\\/#primaryimage\"},\"thumbnailUrl\":\"https:\\\/\\\/webdelmaestrocmf.com\\\/portal\\\/wp-content\\\/uploads\\\/2025\\\/01\\\/1A-Banner-1-portada-imagen-10-1-9.jpg\",\"keywords\":[\"Marco metodol\u00f3gico\"],\"articleSection\":[\"Docentes\",\"Recursos\"],\"inLanguage\":\"es\",\"potentialAction\":[{\"@type\":\"CommentAction\",\"name\":\"Comment\",\"target\":[\"https:\\\/\\\/webdelmaestrocmf.com\\\/portal\\\/el-marco-metodologico-en-la-investigacion-educativa\\\/#respond\"]}]},{\"@type\":\"WebPage\",\"@id\":\"https:\\\/\\\/webdelmaestrocmf.com\\\/portal\\\/el-marco-metodologico-en-la-investigacion-educativa\\\/\",\"url\":\"https:\\\/\\\/webdelmaestrocmf.com\\\/portal\\\/el-marco-metodologico-en-la-investigacion-educativa\\\/\",\"name\":\"El marco metodol\u00f3gico en la investigaci\u00f3n educativa - 2026\",\"isPartOf\":{\"@id\":\"https:\\\/\\\/webdelmaestrocmf.com\\\/portal\\\/#website\"},\"primaryImageOfPage\":{\"@id\":\"https:\\\/\\\/webdelmaestrocmf.com\\\/portal\\\/el-marco-metodologico-en-la-investigacion-educativa\\\/#primaryimage\"},\"image\":{\"@id\":\"https:\\\/\\\/webdelmaestrocmf.com\\\/portal\\\/el-marco-metodologico-en-la-investigacion-educativa\\\/#primaryimage\"},\"thumbnailUrl\":\"https:\\\/\\\/webdelmaestrocmf.com\\\/portal\\\/wp-content\\\/uploads\\\/2025\\\/01\\\/1A-Banner-1-portada-imagen-10-1-9.jpg\",\"datePublished\":\"2025-01-06T16:01:32+00:00\",\"dateModified\":\"2025-01-06T16:09:30+00:00\",\"description\":\"El marco metodol\u00f3gico es uno de los pilares fundamentales en cualquier investigaci\u00f3n. Para los docentes, su importancia radica en que...\",\"breadcrumb\":{\"@id\":\"https:\\\/\\\/webdelmaestrocmf.com\\\/portal\\\/el-marco-metodologico-en-la-investigacion-educativa\\\/#breadcrumb\"},\"inLanguage\":\"es\",\"potentialAction\":[{\"@type\":\"ReadAction\",\"target\":[\"https:\\\/\\\/webdelmaestrocmf.com\\\/portal\\\/el-marco-metodologico-en-la-investigacion-educativa\\\/\"]}]},{\"@type\":\"ImageObject\",\"inLanguage\":\"es\",\"@id\":\"https:\\\/\\\/webdelmaestrocmf.com\\\/portal\\\/el-marco-metodologico-en-la-investigacion-educativa\\\/#primaryimage\",\"url\":\"https:\\\/\\\/webdelmaestrocmf.com\\\/portal\\\/wp-content\\\/uploads\\\/2025\\\/01\\\/1A-Banner-1-portada-imagen-10-1-9.jpg\",\"contentUrl\":\"https:\\\/\\\/webdelmaestrocmf.com\\\/portal\\\/wp-content\\\/uploads\\\/2025\\\/01\\\/1A-Banner-1-portada-imagen-10-1-9.jpg\",\"width\":1024,\"height\":1024},{\"@type\":\"BreadcrumbList\",\"@id\":\"https:\\\/\\\/webdelmaestrocmf.com\\\/portal\\\/el-marco-metodologico-en-la-investigacion-educativa\\\/#breadcrumb\",\"itemListElement\":[{\"@type\":\"ListItem\",\"position\":1,\"name\":\"Portada\",\"item\":\"https:\\\/\\\/webdelmaestrocmf.com\\\/portal\\\/\"},{\"@type\":\"ListItem\",\"position\":2,\"name\":\"Recursos\",\"item\":\"https:\\\/\\\/webdelmaestrocmf.com\\\/portal\\\/category\\\/pedagogia\\\/\"},{\"@type\":\"ListItem\",\"position\":3,\"name\":\"El marco metodol\u00f3gico en la investigaci\u00f3n educativa\"}]},{\"@type\":\"WebSite\",\"@id\":\"https:\\\/\\\/webdelmaestrocmf.com\\\/portal\\\/#website\",\"url\":\"https:\\\/\\\/webdelmaestrocmf.com\\\/portal\\\/\",\"name\":\"Web del Maestro CMF\",\"description\":\"Maestros al servicio de la educaci\u00f3n\",\"publisher\":{\"@id\":\"https:\\\/\\\/webdelmaestrocmf.com\\\/portal\\\/#organization\"},\"alternateName\":\"WMCMF\",\"potentialAction\":[{\"@type\":\"SearchAction\",\"target\":{\"@type\":\"EntryPoint\",\"urlTemplate\":\"https:\\\/\\\/webdelmaestrocmf.com\\\/portal\\\/?s={search_term_string}\"},\"query-input\":{\"@type\":\"PropertyValueSpecification\",\"valueRequired\":true,\"valueName\":\"search_term_string\"}}],\"inLanguage\":\"es\"},{\"@type\":\"Organization\",\"@id\":\"https:\\\/\\\/webdelmaestrocmf.com\\\/portal\\\/#organization\",\"name\":\"Web del Maestro CMF\",\"alternateName\":\"WMCMF\",\"url\":\"https:\\\/\\\/webdelmaestrocmf.com\\\/portal\\\/\",\"logo\":{\"@type\":\"ImageObject\",\"inLanguage\":\"es\",\"@id\":\"https:\\\/\\\/webdelmaestrocmf.com\\\/portal\\\/#\\\/schema\\\/logo\\\/image\\\/\",\"url\":\"https:\\\/\\\/webdelmaestrocmf.com\\\/portal\\\/wp-content\\\/uploads\\\/2023\\\/01\\\/logo-wmcmf-2.png\",\"contentUrl\":\"https:\\\/\\\/webdelmaestrocmf.com\\\/portal\\\/wp-content\\\/uploads\\\/2023\\\/01\\\/logo-wmcmf-2.png\",\"width\":200,\"height\":60,\"caption\":\"Web del Maestro CMF\"},\"image\":{\"@id\":\"https:\\\/\\\/webdelmaestrocmf.com\\\/portal\\\/#\\\/schema\\\/logo\\\/image\\\/\"},\"sameAs\":[\"https:\\\/\\\/www.facebook.com\\\/WebdelMaestroCMF\\\/\",\"https:\\\/\\\/x.com\\\/cmf_w\",\"https:\\\/\\\/www.pinterest.com\\\/WMCMF\\\/\",\"https:\\\/\\\/www.linkedin.com\\\/company\\\/web-del-maestro-cmf\\\/\",\"https:\\\/\\\/www.instagram.com\\\/wmcmf\\\/\",\"https:\\\/\\\/www.youtube.com\\\/channel\\\/UCDPSvjbdodE5sHnC3OxutHw\",\"https:\\\/\\\/mastodon.social\\\/@wmcmf\",\"https:\\\/\\\/www.tiktok.com\\\/@webdelmaestrocmf\"]},{\"@type\":\"Person\",\"@id\":\"https:\\\/\\\/webdelmaestrocmf.com\\\/portal\\\/#\\\/schema\\\/person\\\/1072a2ed7bd960df8ef99a551fa35dc5\",\"name\":\"Web del Maestro CMF\",\"image\":{\"@type\":\"ImageObject\",\"inLanguage\":\"es\",\"@id\":\"https:\\\/\\\/secure.gravatar.com\\\/avatar\\\/23291dd5b5ae1077dcff3dbb04c3e02bd28403fa75af6d8787d5e97c5bbbe30b?s=96&d=mm&r=g\",\"url\":\"https:\\\/\\\/secure.gravatar.com\\\/avatar\\\/23291dd5b5ae1077dcff3dbb04c3e02bd28403fa75af6d8787d5e97c5bbbe30b?s=96&d=mm&r=g\",\"contentUrl\":\"https:\\\/\\\/secure.gravatar.com\\\/avatar\\\/23291dd5b5ae1077dcff3dbb04c3e02bd28403fa75af6d8787d5e97c5bbbe30b?s=96&d=mm&r=g\",\"caption\":\"Web del Maestro CMF\"},\"description\":\"Esta Web se cre\u00f3 sin fines de lucro, con fines educativos, cient\u00edficos y acad\u00e9micos, para personas que tengan dificultades y\\\/o inconvenientes en visualizar el material original. El objetivo es entregar recursos, compartir experiencias y materiales que ayuden a los padres de familia, maestros y estudiantes en su actualizaci\u00f3n y formaci\u00f3n permanente, en bien de la Educaci\u00f3n.\",\"sameAs\":[\"http:\\\/\\\/webdelmaestrocmf.com\\\/portal\",\"https:\\\/\\\/www.facebook.com\\\/WebdelMaestroCMF\\\/\",\"https:\\\/\\\/www.instagram.com\\\/wmcmf\\\/\",\"https:\\\/\\\/cl.linkedin.com\\\/company\\\/web-del-maestro-cmf\",\"https:\\\/\\\/www.pinterest.com\\\/WMCMF\\\/publicaciones\\\/\",\"https:\\\/\\\/x.com\\\/cmf_w\",\"https:\\\/\\\/www.youtube.com\\\/@WMCMF\"]}]}<\/script>\n<!-- \/ Yoast SEO plugin. -->","yoast_head_json":{"title":"El marco metodol\u00f3gico en la investigaci\u00f3n educativa - 2026","description":"El marco metodol\u00f3gico es uno de los pilares fundamentales en cualquier investigaci\u00f3n. Para los docentes, su importancia radica en que...","robots":{"index":"index","follow":"follow","max-snippet":"max-snippet:-1","max-image-preview":"max-image-preview:large","max-video-preview":"max-video-preview:-1"},"canonical":"https:\/\/webdelmaestrocmf.com\/portal\/el-marco-metodologico-en-la-investigacion-educativa\/","og_locale":"es_ES","og_type":"article","og_title":"El marco metodol\u00f3gico en la investigaci\u00f3n educativa - 2026","og_description":"El marco metodol\u00f3gico es uno de los pilares fundamentales en cualquier investigaci\u00f3n. Para los docentes, su importancia radica en que...","og_url":"https:\/\/webdelmaestrocmf.com\/portal\/el-marco-metodologico-en-la-investigacion-educativa\/","og_site_name":"Web del Maestro CMF","article_publisher":"https:\/\/www.facebook.com\/WebdelMaestroCMF\/","article_author":"https:\/\/www.facebook.com\/WebdelMaestroCMF\/","article_published_time":"2025-01-06T16:01:32+00:00","article_modified_time":"2025-01-06T16:09:30+00:00","og_image":[{"width":1024,"height":1024,"url":"https:\/\/webdelmaestrocmf.com\/portal\/wp-content\/uploads\/2025\/01\/1A-Banner-1-portada-imagen-10-1-9.jpg","type":"image\/jpeg"}],"author":"Web del Maestro CMF","twitter_card":"summary_large_image","twitter_creator":"@cmf_w","twitter_site":"@cmf_w","schema":{"@context":"https:\/\/schema.org","@graph":[{"@type":"ScholarlyArticle","@id":"https:\/\/webdelmaestrocmf.com\/portal\/el-marco-metodologico-en-la-investigacion-educativa\/#article","isPartOf":{"@id":"https:\/\/webdelmaestrocmf.com\/portal\/el-marco-metodologico-en-la-investigacion-educativa\/"},"author":{"name":"Web del Maestro CMF","@id":"https:\/\/webdelmaestrocmf.com\/portal\/#\/schema\/person\/1072a2ed7bd960df8ef99a551fa35dc5"},"headline":"El marco metodol\u00f3gico en la investigaci\u00f3n educativa","datePublished":"2025-01-06T16:01:32+00:00","dateModified":"2025-01-06T16:09:30+00:00","mainEntityOfPage":{"@id":"https:\/\/webdelmaestrocmf.com\/portal\/el-marco-metodologico-en-la-investigacion-educativa\/"},"wordCount":1331,"commentCount":0,"publisher":{"@id":"https:\/\/webdelmaestrocmf.com\/portal\/#organization"},"image":{"@id":"https:\/\/webdelmaestrocmf.com\/portal\/el-marco-metodologico-en-la-investigacion-educativa\/#primaryimage"},"thumbnailUrl":"https:\/\/webdelmaestrocmf.com\/portal\/wp-content\/uploads\/2025\/01\/1A-Banner-1-portada-imagen-10-1-9.jpg","keywords":["Marco metodol\u00f3gico"],"articleSection":["Docentes","Recursos"],"inLanguage":"es","potentialAction":[{"@type":"CommentAction","name":"Comment","target":["https:\/\/webdelmaestrocmf.com\/portal\/el-marco-metodologico-en-la-investigacion-educativa\/#respond"]}]},{"@type":"WebPage","@id":"https:\/\/webdelmaestrocmf.com\/portal\/el-marco-metodologico-en-la-investigacion-educativa\/","url":"https:\/\/webdelmaestrocmf.com\/portal\/el-marco-metodologico-en-la-investigacion-educativa\/","name":"El marco metodol\u00f3gico en la investigaci\u00f3n educativa - 2026","isPartOf":{"@id":"https:\/\/webdelmaestrocmf.com\/portal\/#website"},"primaryImageOfPage":{"@id":"https:\/\/webdelmaestrocmf.com\/portal\/el-marco-metodologico-en-la-investigacion-educativa\/#primaryimage"},"image":{"@id":"https:\/\/webdelmaestrocmf.com\/portal\/el-marco-metodologico-en-la-investigacion-educativa\/#primaryimage"},"thumbnailUrl":"https:\/\/webdelmaestrocmf.com\/portal\/wp-content\/uploads\/2025\/01\/1A-Banner-1-portada-imagen-10-1-9.jpg","datePublished":"2025-01-06T16:01:32+00:00","dateModified":"2025-01-06T16:09:30+00:00","description":"El marco metodol\u00f3gico es uno de los pilares fundamentales en cualquier investigaci\u00f3n. Para los docentes, su importancia radica en que...","breadcrumb":{"@id":"https:\/\/webdelmaestrocmf.com\/portal\/el-marco-metodologico-en-la-investigacion-educativa\/#breadcrumb"},"inLanguage":"es","potentialAction":[{"@type":"ReadAction","target":["https:\/\/webdelmaestrocmf.com\/portal\/el-marco-metodologico-en-la-investigacion-educativa\/"]}]},{"@type":"ImageObject","inLanguage":"es","@id":"https:\/\/webdelmaestrocmf.com\/portal\/el-marco-metodologico-en-la-investigacion-educativa\/#primaryimage","url":"https:\/\/webdelmaestrocmf.com\/portal\/wp-content\/uploads\/2025\/01\/1A-Banner-1-portada-imagen-10-1-9.jpg","contentUrl":"https:\/\/webdelmaestrocmf.com\/portal\/wp-content\/uploads\/2025\/01\/1A-Banner-1-portada-imagen-10-1-9.jpg","width":1024,"height":1024},{"@type":"BreadcrumbList","@id":"https:\/\/webdelmaestrocmf.com\/portal\/el-marco-metodologico-en-la-investigacion-educativa\/#breadcrumb","itemListElement":[{"@type":"ListItem","position":1,"name":"Portada","item":"https:\/\/webdelmaestrocmf.com\/portal\/"},{"@type":"ListItem","position":2,"name":"Recursos","item":"https:\/\/webdelmaestrocmf.com\/portal\/category\/pedagogia\/"},{"@type":"ListItem","position":3,"name":"El marco metodol\u00f3gico en la investigaci\u00f3n educativa"}]},{"@type":"WebSite","@id":"https:\/\/webdelmaestrocmf.com\/portal\/#website","url":"https:\/\/webdelmaestrocmf.com\/portal\/","name":"Web del Maestro CMF","description":"Maestros al servicio de la educaci\u00f3n","publisher":{"@id":"https:\/\/webdelmaestrocmf.com\/portal\/#organization"},"alternateName":"WMCMF","potentialAction":[{"@type":"SearchAction","target":{"@type":"EntryPoint","urlTemplate":"https:\/\/webdelmaestrocmf.com\/portal\/?s={search_term_string}"},"query-input":{"@type":"PropertyValueSpecification","valueRequired":true,"valueName":"search_term_string"}}],"inLanguage":"es"},{"@type":"Organization","@id":"https:\/\/webdelmaestrocmf.com\/portal\/#organization","name":"Web del Maestro CMF","alternateName":"WMCMF","url":"https:\/\/webdelmaestrocmf.com\/portal\/","logo":{"@type":"ImageObject","inLanguage":"es","@id":"https:\/\/webdelmaestrocmf.com\/portal\/#\/schema\/logo\/image\/","url":"https:\/\/webdelmaestrocmf.com\/portal\/wp-content\/uploads\/2023\/01\/logo-wmcmf-2.png","contentUrl":"https:\/\/webdelmaestrocmf.com\/portal\/wp-content\/uploads\/2023\/01\/logo-wmcmf-2.png","width":200,"height":60,"caption":"Web del Maestro CMF"},"image":{"@id":"https:\/\/webdelmaestrocmf.com\/portal\/#\/schema\/logo\/image\/"},"sameAs":["https:\/\/www.facebook.com\/WebdelMaestroCMF\/","https:\/\/x.com\/cmf_w","https:\/\/www.pinterest.com\/WMCMF\/","https:\/\/www.linkedin.com\/company\/web-del-maestro-cmf\/","https:\/\/www.instagram.com\/wmcmf\/","https:\/\/www.youtube.com\/channel\/UCDPSvjbdodE5sHnC3OxutHw","https:\/\/mastodon.social\/@wmcmf","https:\/\/www.tiktok.com\/@webdelmaestrocmf"]},{"@type":"Person","@id":"https:\/\/webdelmaestrocmf.com\/portal\/#\/schema\/person\/1072a2ed7bd960df8ef99a551fa35dc5","name":"Web del Maestro CMF","image":{"@type":"ImageObject","inLanguage":"es","@id":"https:\/\/secure.gravatar.com\/avatar\/23291dd5b5ae1077dcff3dbb04c3e02bd28403fa75af6d8787d5e97c5bbbe30b?s=96&d=mm&r=g","url":"https:\/\/secure.gravatar.com\/avatar\/23291dd5b5ae1077dcff3dbb04c3e02bd28403fa75af6d8787d5e97c5bbbe30b?s=96&d=mm&r=g","contentUrl":"https:\/\/secure.gravatar.com\/avatar\/23291dd5b5ae1077dcff3dbb04c3e02bd28403fa75af6d8787d5e97c5bbbe30b?s=96&d=mm&r=g","caption":"Web del Maestro CMF"},"description":"Esta Web se cre\u00f3 sin fines de lucro, con fines educativos, cient\u00edficos y acad\u00e9micos, para personas que tengan dificultades y\/o inconvenientes en visualizar el material original. El objetivo es entregar recursos, compartir experiencias y materiales que ayuden a los padres de familia, maestros y estudiantes en su actualizaci\u00f3n y formaci\u00f3n permanente, en bien de la Educaci\u00f3n.","sameAs":["http:\/\/webdelmaestrocmf.com\/portal","https:\/\/www.facebook.com\/WebdelMaestroCMF\/","https:\/\/www.instagram.com\/wmcmf\/","https:\/\/cl.linkedin.com\/company\/web-del-maestro-cmf","https:\/\/www.pinterest.com\/WMCMF\/publicaciones\/","https:\/\/x.com\/cmf_w","https:\/\/www.youtube.com\/@WMCMF"]}]}},"jetpack_featured_media_url":"https:\/\/webdelmaestrocmf.com\/portal\/wp-content\/uploads\/2025\/01\/1A-Banner-1-portada-imagen-10-1-9.jpg","jetpack_sharing_enabled":true,"jetpack-related-posts":[{"id":114229,"url":"https:\/\/webdelmaestrocmf.com\/portal\/curso-gratuito-de-metodologia-de-la-investigacion-una-base-solida-para-investigar-con-rigor\/","url_meta":{"origin":107390,"position":0},"title":"Curso Gratuito de Metodolog\u00eda de la Investigaci\u00f3n: una base s\u00f3lida para investigar con rigor | 2026","author":"Web del Maestro CMF","date":"21 diciembre, 2025","format":false,"excerpt":"La investigaci\u00f3n cient\u00edfica es una competencia clave en el \u00e1mbito universitario, profesional y acad\u00e9mico. Saber formular problemas, analizar datos y sustentar resultados con bases te\u00f3ricas s\u00f3lidas no solo es una exigencia para tesistas o investigadores, sino tambi\u00e9n una habilidad transversal para docentes, profesionales y estudiantes de todas las \u00e1reas. En\u2026","rel":"","context":"En \u00abCursos\u00bb","block_context":{"text":"Cursos","link":"https:\/\/webdelmaestrocmf.com\/portal\/category\/cursos\/"},"img":{"alt_text":"","src":"https:\/\/i0.wp.com\/webdelmaestrocmf.com\/portal\/wp-content\/uploads\/2025\/12\/1A-Banner-1-portada-imagen-10-1-copia-1-13.webp?resize=350%2C200&ssl=1","width":350,"height":200,"srcset":"https:\/\/i0.wp.com\/webdelmaestrocmf.com\/portal\/wp-content\/uploads\/2025\/12\/1A-Banner-1-portada-imagen-10-1-copia-1-13.webp?resize=350%2C200&ssl=1 1x, https:\/\/i0.wp.com\/webdelmaestrocmf.com\/portal\/wp-content\/uploads\/2025\/12\/1A-Banner-1-portada-imagen-10-1-copia-1-13.webp?resize=525%2C300&ssl=1 1.5x, https:\/\/i0.wp.com\/webdelmaestrocmf.com\/portal\/wp-content\/uploads\/2025\/12\/1A-Banner-1-portada-imagen-10-1-copia-1-13.webp?resize=700%2C400&ssl=1 2x"},"classes":[]},{"id":110266,"url":"https:\/\/webdelmaestrocmf.com\/portal\/guia-practica-para-desarrollar-una-tesis-cuantitativa\/","url_meta":{"origin":107390,"position":1},"title":"Descraga la gu\u00eda pr\u00e1ctica para desarrollar una Tesis cuantitativa y cualitativa","author":"Web del Maestro CMF","date":"21 junio, 2025","format":false,"excerpt":"Una herramienta indispensable para investigadores","rel":"","context":"En \u00abDescarga\u00bb","block_context":{"text":"Descarga","link":"https:\/\/webdelmaestrocmf.com\/portal\/category\/descarga\/"},"img":{"alt_text":"","src":"https:\/\/i0.wp.com\/webdelmaestrocmf.com\/portal\/wp-content\/uploads\/2025\/06\/1A-Banner-1-portada-imagen-10-1-copia-19.jpg?resize=350%2C200&ssl=1","width":350,"height":200,"srcset":"https:\/\/i0.wp.com\/webdelmaestrocmf.com\/portal\/wp-content\/uploads\/2025\/06\/1A-Banner-1-portada-imagen-10-1-copia-19.jpg?resize=350%2C200&ssl=1 1x, https:\/\/i0.wp.com\/webdelmaestrocmf.com\/portal\/wp-content\/uploads\/2025\/06\/1A-Banner-1-portada-imagen-10-1-copia-19.jpg?resize=525%2C300&ssl=1 1.5x, https:\/\/i0.wp.com\/webdelmaestrocmf.com\/portal\/wp-content\/uploads\/2025\/06\/1A-Banner-1-portada-imagen-10-1-copia-19.jpg?resize=700%2C400&ssl=1 2x"},"classes":[]},{"id":111817,"url":"https:\/\/webdelmaestrocmf.com\/portal\/proceso-de-investigacion-docente\/","url_meta":{"origin":107390,"position":2},"title":"Proceso de investigaci\u00f3n docente","author":"Web del Maestro CMF","date":"8 agosto, 2025","format":false,"excerpt":"Investigar desde el aula permite transformar la educaci\u00f3n, mejorar la pr\u00e1ctica docente y construir conocimiento pedag\u00f3gico desde la experiencia diaria.","rel":"","context":"En \u00abInvestigaci\u00f3n\u00bb","block_context":{"text":"Investigaci\u00f3n","link":"https:\/\/webdelmaestrocmf.com\/portal\/category\/pedagogia\/investigacion\/"},"img":{"alt_text":"","src":"https:\/\/i0.wp.com\/webdelmaestrocmf.com\/portal\/wp-content\/uploads\/2025\/08\/1A-Banner-1-portada-imagen-10-1-copia-70.jpg?resize=350%2C200&ssl=1","width":350,"height":200,"srcset":"https:\/\/i0.wp.com\/webdelmaestrocmf.com\/portal\/wp-content\/uploads\/2025\/08\/1A-Banner-1-portada-imagen-10-1-copia-70.jpg?resize=350%2C200&ssl=1 1x, https:\/\/i0.wp.com\/webdelmaestrocmf.com\/portal\/wp-content\/uploads\/2025\/08\/1A-Banner-1-portada-imagen-10-1-copia-70.jpg?resize=525%2C300&ssl=1 1.5x, https:\/\/i0.wp.com\/webdelmaestrocmf.com\/portal\/wp-content\/uploads\/2025\/08\/1A-Banner-1-portada-imagen-10-1-copia-70.jpg?resize=700%2C400&ssl=1 2x"},"classes":[]},{"id":17549,"url":"https:\/\/webdelmaestrocmf.com\/portal\/aprende-a-disenar-un-proyecto-de-investigacion-cualitativo\/","url_meta":{"origin":107390,"position":3},"title":"C\u00f3mo dise\u00f1ar un proyecto de investigaci\u00f3n cualitativa","author":"Web del Maestro CMF","date":"26 mayo, 2024","format":false,"excerpt":"El proyecto de investigaci\u00f3n cualitativo es un sistema abierto, flexible y en espiral en el que se explicita la articulaci\u00f3n de los elementos constitutivos del dise\u00f1o, que a la vez, \u00a0permite asumir modificaciones en la medida que se va investigando.\u00a0 Los cambios que se van a requerir, deben ser explicados\u2026","rel":"","context":"En \u00abDescargas Manuales PDF\u00bb","block_context":{"text":"Descargas Manuales PDF","link":"https:\/\/webdelmaestrocmf.com\/portal\/category\/pedagogia\/descargas-manuales-pdf\/"},"img":{"alt_text":"","src":"https:\/\/i0.wp.com\/webdelmaestrocmf.com\/portal\/wp-content\/uploads\/2021\/10\/Banner-1-portada-imagen-10-1-2024-05-26T211935.005.jpg?resize=350%2C200&ssl=1","width":350,"height":200,"srcset":"https:\/\/i0.wp.com\/webdelmaestrocmf.com\/portal\/wp-content\/uploads\/2021\/10\/Banner-1-portada-imagen-10-1-2024-05-26T211935.005.jpg?resize=350%2C200&ssl=1 1x, https:\/\/i0.wp.com\/webdelmaestrocmf.com\/portal\/wp-content\/uploads\/2021\/10\/Banner-1-portada-imagen-10-1-2024-05-26T211935.005.jpg?resize=525%2C300&ssl=1 1.5x, https:\/\/i0.wp.com\/webdelmaestrocmf.com\/portal\/wp-content\/uploads\/2021\/10\/Banner-1-portada-imagen-10-1-2024-05-26T211935.005.jpg?resize=700%2C400&ssl=1 2x"},"classes":[]},{"id":62138,"url":"https:\/\/webdelmaestrocmf.com\/portal\/como-disenar-un-trabajo-de-investigacion-en-classroom\/","url_meta":{"origin":107390,"position":4},"title":"C\u00f3mo dise\u00f1ar un trabajo de investigaci\u00f3n en Classroom","author":"Web del Maestro CMF","date":"24 abril, 2021","format":false,"excerpt":"Con el af\u00e1n de alentar los trabajos de investigaci\u00f3n educativa se presenta este art\u00edculo, cuyo objetivo principal es dar una propuesta de estrategia metodol\u00f3gica que apoye a los profesores que se inician en la planeaci\u00f3n y presentaci\u00f3n de proyectos en investigaci\u00f3n educativa. Estas estrategias fueron escritas con el deseo de\u2026","rel":"","context":"En \u00abSoftware\u00bb","block_context":{"text":"Software","link":"https:\/\/webdelmaestrocmf.com\/portal\/category\/tecnologia\/software\/"},"img":{"alt_text":"","src":"https:\/\/i0.wp.com\/webdelmaestrocmf.com\/portal\/wp-content\/uploads\/2021\/04\/1-115.jpg?resize=350%2C200&ssl=1","width":350,"height":200,"srcset":"https:\/\/i0.wp.com\/webdelmaestrocmf.com\/portal\/wp-content\/uploads\/2021\/04\/1-115.jpg?resize=350%2C200&ssl=1 1x, https:\/\/i0.wp.com\/webdelmaestrocmf.com\/portal\/wp-content\/uploads\/2021\/04\/1-115.jpg?resize=525%2C300&ssl=1 1.5x, https:\/\/i0.wp.com\/webdelmaestrocmf.com\/portal\/wp-content\/uploads\/2021\/04\/1-115.jpg?resize=700%2C400&ssl=1 2x, https:\/\/i0.wp.com\/webdelmaestrocmf.com\/portal\/wp-content\/uploads\/2021\/04\/1-115.jpg?resize=1050%2C600&ssl=1 3x"},"classes":[]},{"id":38731,"url":"https:\/\/webdelmaestrocmf.com\/portal\/proyecto-para-incentivar-la-lectura-en-los-ninos-de-5-a-8-anos\/","url_meta":{"origin":107390,"position":5},"title":"Proyectos para incentivar la lectura en los ni\u00f1os","author":"Web del Maestro CMF","date":"16 enero, 2024","format":false,"excerpt":"Teniendo en cuenta la incidencia de la lectura en el proceso de aprendizaje, se hace imperativa la intervenci\u00f3n para que sucesivas generaciones mejoren las estad\u00edsticas en cuanto a promedios de lectura en la etapa adulta, lo que redundar\u00e1 en su aprendizaje y en sus oportunidades laborales y personales. Es por\u2026","rel":"","context":"En \u00abLeer\u00bb","block_context":{"text":"Leer","link":"https:\/\/webdelmaestrocmf.com\/portal\/category\/pedagogia\/leer\/"},"img":{"alt_text":"","src":"https:\/\/i0.wp.com\/webdelmaestrocmf.com\/portal\/wp-content\/uploads\/2019\/08\/Banner-1-portada-imagen-10-1.jpg?resize=350%2C200&ssl=1","width":350,"height":200,"srcset":"https:\/\/i0.wp.com\/webdelmaestrocmf.com\/portal\/wp-content\/uploads\/2019\/08\/Banner-1-portada-imagen-10-1.jpg?resize=350%2C200&ssl=1 1x, https:\/\/i0.wp.com\/webdelmaestrocmf.com\/portal\/wp-content\/uploads\/2019\/08\/Banner-1-portada-imagen-10-1.jpg?resize=525%2C300&ssl=1 1.5x, https:\/\/i0.wp.com\/webdelmaestrocmf.com\/portal\/wp-content\/uploads\/2019\/08\/Banner-1-portada-imagen-10-1.jpg?resize=700%2C400&ssl=1 2x"},"classes":[]}],"_links":{"self":[{"href":"https:\/\/webdelmaestrocmf.com\/portal\/wp-json\/wp\/v2\/posts\/107390","targetHints":{"allow":["GET"]}}],"collection":[{"href":"https:\/\/webdelmaestrocmf.com\/portal\/wp-json\/wp\/v2\/posts"}],"about":[{"href":"https:\/\/webdelmaestrocmf.com\/portal\/wp-json\/wp\/v2\/types\/post"}],"author":[{"embeddable":true,"href":"https:\/\/webdelmaestrocmf.com\/portal\/wp-json\/wp\/v2\/users\/1"}],"replies":[{"embeddable":true,"href":"https:\/\/webdelmaestrocmf.com\/portal\/wp-json\/wp\/v2\/comments?post=107390"}],"version-history":[{"count":0,"href":"https:\/\/webdelmaestrocmf.com\/portal\/wp-json\/wp\/v2\/posts\/107390\/revisions"}],"wp:featuredmedia":[{"embeddable":true,"href":"https:\/\/webdelmaestrocmf.com\/portal\/wp-json\/wp\/v2\/media\/107392"}],"wp:attachment":[{"href":"https:\/\/webdelmaestrocmf.com\/portal\/wp-json\/wp\/v2\/media?parent=107390"}],"wp:term":[{"taxonomy":"category","embeddable":true,"href":"https:\/\/webdelmaestrocmf.com\/portal\/wp-json\/wp\/v2\/categories?post=107390"},{"taxonomy":"post_tag","embeddable":true,"href":"https:\/\/webdelmaestrocmf.com\/portal\/wp-json\/wp\/v2\/tags?post=107390"}],"curies":[{"name":"wp","href":"https:\/\/api.w.org\/{rel}","templated":true}]}}