{"id":106903,"date":"2024-11-12T18:24:10","date_gmt":"2024-11-12T21:24:10","guid":{"rendered":"https:\/\/webdelmaestrocmf.com\/portal\/?p=106903"},"modified":"2024-11-14T10:33:38","modified_gmt":"2024-11-14T13:33:38","slug":"mihael-kovac-quienes-mejor-usan-los-ordenadores-son-grandes-lectores-de-libros","status":"publish","type":"post","link":"https:\/\/webdelmaestrocmf.com\/portal\/mihael-kovac-quienes-mejor-usan-los-ordenadores-son-grandes-lectores-de-libros\/","title":{"rendered":"Mihael Kova\u010d: Quienes mejor usan los ordenadores son grandes lectores de libros"},"content":{"rendered":"<p style=\"text-align: justify;\">El acad\u00e9mico esloveno Mihael Kova\u010d, profesor del Departamento de Biblioteconom\u00eda, Ciencias de la Informaci\u00f3n y Estudios del Libro en la Universidad de Liubliana, alerta sobre el impacto de la tecnolog\u00eda en las habilidades lectoras y de concentraci\u00f3n de las nuevas generaciones.<!--more--><\/p>\n<p style=\"text-align: justify;\">Firmante del <em>Manifiesto Liubliana<\/em>, Kova\u010d destaca la relevancia de promover una lectura compleja y profunda para el desarrollo del pensamiento cr\u00edtico y la empat\u00eda en una sociedad donde predomina el contenido digital.<\/p>\n<h2 style=\"text-align: left;\"><strong>Pregunta: \u00bfEn qu\u00e9 consiste el Manifiesto Liubliana y cu\u00e1l es su prop\u00f3sito?<\/strong><\/h2>\n<p style=\"text-align: justify;\">Respuesta: El manifiesto es un llamado a promover la lectura de textos largos y complejos, que requieren atenci\u00f3n y concentraci\u00f3n para profundizar en conocimientos. Este tipo de lectura nos permite ampliar el vocabulario y adquirir estructuras gramaticales complejas, esenciales para el pensamiento cr\u00edtico. Si solo conocemos palabras y conceptos b\u00e1sicos, nos limitamos y nos alejamos de la comprensi\u00f3n de sistemas complejos, lo cual es vital en un mundo que a menudo ofrece soluciones simplistas a problemas profundos.<\/p>\n<h2 style=\"text-align: left;\"><strong>\u00bfCu\u00e1les fueron las principales razones para crear este manifiesto?<\/strong><\/h2>\n<p style=\"text-align: justify;\">El manifiesto surge de estudios que analizan c\u00f3mo leemos en papel frente a pantallas. Encontramos que, incluso en j\u00f3venes habituados a los dispositivos digitales, la lectura en papel favorece una mejor retenci\u00f3n de la informaci\u00f3n y una concentraci\u00f3n m\u00e1s profunda. La <em>Declaraci\u00f3n de Stavanger<\/em>, por ejemplo, advierte a las autoridades educativas que la digitalizaci\u00f3n no resuelve todos los problemas y resalta la necesidad de recuperar el papel para mejorar habilidades lectoras.<\/p>\n<h2 style=\"text-align: left;\"><strong>\u00bfCu\u00e1l es la meta que desean alcanzar con esta iniciativa?<\/strong><\/h2>\n<p style=\"text-align: justify;\">Buscamos que los ministros de Educaci\u00f3n tambi\u00e9n firmen este manifiesto, como ya lo hicieron varios ministros de Cultura. Nos inspira el caso de Suecia, donde se regres\u00f3 al uso de libros en papel tras los resultados de PISA, que mostraron una correlaci\u00f3n entre la comprensi\u00f3n lectora y el rendimiento en competencia digital. Es probable que los lectores asiduos de libros sean tambi\u00e9n mejores usuarios de tecnolog\u00eda, ya que la lectura desarrolla concentraci\u00f3n e imaginaci\u00f3n, cualidades necesarias para la competencia digital. Necesitamos equilibrar ambas herramientas, pues limitarse solo al papel o solo a lo digital ser\u00eda un error.<\/p>\n<p><img loading=\"lazy\" decoding=\"async\" class=\"alignnone size-large wp-image-106904\" src=\"https:\/\/webdelmaestrocmf.com\/portal\/wp-content\/uploads\/2024\/11\/1-1-1024x576.jpg\" alt=\"\" width=\"1024\" height=\"576\" srcset=\"https:\/\/webdelmaestrocmf.com\/portal\/wp-content\/uploads\/2024\/11\/1-1-1024x576.jpg 1024w, https:\/\/webdelmaestrocmf.com\/portal\/wp-content\/uploads\/2024\/11\/1-1-300x169.jpg 300w, https:\/\/webdelmaestrocmf.com\/portal\/wp-content\/uploads\/2024\/11\/1-1-768x432.jpg 768w, https:\/\/webdelmaestrocmf.com\/portal\/wp-content\/uploads\/2024\/11\/1-1-380x214.jpg 380w, https:\/\/webdelmaestrocmf.com\/portal\/wp-content\/uploads\/2024\/11\/1-1-550x309.jpg 550w, https:\/\/webdelmaestrocmf.com\/portal\/wp-content\/uploads\/2024\/11\/1-1-800x450.jpg 800w, https:\/\/webdelmaestrocmf.com\/portal\/wp-content\/uploads\/2024\/11\/1-1-1160x653.jpg 1160w, https:\/\/webdelmaestrocmf.com\/portal\/wp-content\/uploads\/2024\/11\/1-1.jpg 1200w\" sizes=\"auto, (max-width: 1024px) 100vw, 1024px\" \/><\/p>\n<h2 style=\"text-align: left;\"><strong>\u00bfEs contrario al uso de libros electr\u00f3nicos?<\/strong><\/h2>\n<p style=\"text-align: justify;\">En absoluto. Utilizo libros electr\u00f3nicos para ciertos g\u00e9neros, como novela policiaca o fantas\u00eda. Sin embargo, prefiero el papel para textos m\u00e1s complejos, ya que permite una lectura m\u00e1s reflexiva y sin tantas distracciones.<\/p>\n<h2 style=\"text-align: left;\"><strong>\u00bfQu\u00e9 efectos tienen las pantallas en el aprendizaje de los m\u00e1s j\u00f3venes?<\/strong><\/h2>\n<p style=\"text-align: justify;\">La lectura en libros nos entrena en la paciencia y la capacidad de concentrarnos en un solo tema durante un periodo extendido, mientras que las pantallas fomentan un cambio constante y una concentraci\u00f3n breve. Me preocupa que si los ni\u00f1os usan dispositivos desde muy peque\u00f1os, puedan perder la capacidad de sentarse y reflexionar sin interrupciones. Por eso, creo que no es adecuado dar tel\u00e9fonos inteligentes a ni\u00f1os muy peque\u00f1os.<\/p>\n<h2 style=\"text-align: left;\"><strong>\u00bfConsidera que deber\u00edamos limitar el uso de ordenadores en las escuelas?<\/strong><\/h2>\n<p style=\"text-align: justify;\">El uso de ordenadores puede ser positivo si se emplea con fines pedag\u00f3gicos y bajo la supervisi\u00f3n docente. Sin embargo, en muchos casos, la entrega de dispositivos a los estudiantes ha acentuado las desigualdades, ya que no todos cuentan con apoyo en casa para aprovecharlos. En lugar de usarlos para aprender, algunos estudiantes terminan emple\u00e1ndolos para actividades poco productivas o incluso perjudiciales, como el ciberacoso.<\/p>\n<p><img loading=\"lazy\" decoding=\"async\" class=\"alignnone size-full wp-image-106905\" src=\"https:\/\/webdelmaestrocmf.com\/portal\/wp-content\/uploads\/2024\/11\/Banner-1-portada-imagen-10-1-4.jpg\" alt=\"\" width=\"1024\" height=\"1024\" srcset=\"https:\/\/webdelmaestrocmf.com\/portal\/wp-content\/uploads\/2024\/11\/Banner-1-portada-imagen-10-1-4.jpg 1024w, https:\/\/webdelmaestrocmf.com\/portal\/wp-content\/uploads\/2024\/11\/Banner-1-portada-imagen-10-1-4-300x300.jpg 300w, https:\/\/webdelmaestrocmf.com\/portal\/wp-content\/uploads\/2024\/11\/Banner-1-portada-imagen-10-1-4-150x150.jpg 150w, https:\/\/webdelmaestrocmf.com\/portal\/wp-content\/uploads\/2024\/11\/Banner-1-portada-imagen-10-1-4-768x768.jpg 768w, https:\/\/webdelmaestrocmf.com\/portal\/wp-content\/uploads\/2024\/11\/Banner-1-portada-imagen-10-1-4-80x80.jpg 80w, https:\/\/webdelmaestrocmf.com\/portal\/wp-content\/uploads\/2024\/11\/Banner-1-portada-imagen-10-1-4-110x110.jpg 110w, https:\/\/webdelmaestrocmf.com\/portal\/wp-content\/uploads\/2024\/11\/Banner-1-portada-imagen-10-1-4-380x380.jpg 380w, https:\/\/webdelmaestrocmf.com\/portal\/wp-content\/uploads\/2024\/11\/Banner-1-portada-imagen-10-1-4-550x550.jpg 550w, https:\/\/webdelmaestrocmf.com\/portal\/wp-content\/uploads\/2024\/11\/Banner-1-portada-imagen-10-1-4-800x800.jpg 800w\" sizes=\"auto, (max-width: 1024px) 100vw, 1024px\" \/><\/p>\n<h2 style=\"text-align: left;\"><strong>\u00bfQu\u00e9 opina sobre la prohibici\u00f3n de los tel\u00e9fonos m\u00f3viles en las aulas?<\/strong><\/h2>\n<p style=\"text-align: justify;\">Es una medida acertada. En mi pa\u00eds, las escuelas pueden prohibir su uso durante el horario escolar, y los resultados son positivos. Es comprensible que algunos padres quieran mantener el control sobre sus hijos, pero si el estudiante est\u00e1 en la escuela, esa preocupaci\u00f3n deber\u00eda relajarse.<\/p>\n<h2 style=\"text-align: left;\"><strong>En Espa\u00f1a, se observan dificultades de comprensi\u00f3n lectora. \u00bfCu\u00e1l podr\u00eda ser la causa?<\/strong><\/h2>\n<p style=\"text-align: justify;\">Este problema no es exclusivo de Espa\u00f1a; afecta a muchos pa\u00edses y deber\u00eda ser motivo de alerta. Si los estudiantes no desarrollan habilidades lectoras s\u00f3lidas, no solo les ser\u00e1 dif\u00edcil comprender problemas matem\u00e1ticos, sino tambi\u00e9n procesar informaci\u00f3n compleja en general. Las causas pueden incluir la falta de un buen vocabulario y la presencia de textos digitales que fragmentan la atenci\u00f3n. Sin embargo, para identificar con certeza los factores, se requiere un estudio profundo.<\/p>\n<h2 style=\"text-align: left;\"><strong>\u00bfQu\u00e9 propone para fomentar el h\u00e1bito de la lectura en la poblaci\u00f3n?<\/strong><\/h2>\n<p style=\"text-align: justify;\">As\u00ed como en los a\u00f1os 40 se impulsaron campa\u00f1as para reducir el tabaquismo o promover h\u00e1bitos saludables, necesitamos campa\u00f1as que expliquen los beneficios de la lectura. Si no leemos, perdemos habilidades para pensar cr\u00edticamente y para empatizar con los dem\u00e1s.<\/p>\n<h2 style=\"text-align: left;\"><strong>Algunas personas consideran que leer no es una actividad placentera. \u00bfQu\u00e9 opina?<\/strong><\/h2>\n<p style=\"text-align: justify;\">Es cierto que leer exige m\u00e1s esfuerzo que ver videos en redes sociales, pero el esfuerzo vale la pena. La lectura es como un ejercicio; al principio cuesta, pero con pr\u00e1ctica se vuelven posibles lecturas m\u00e1s complejas. Con el tiempo, existe una satisfacci\u00f3n en comprender temas profundos y resolver problemas complejos, ya sea en el \u00e1mbito social, pol\u00edtico o ambiental.<\/p>\n<h2 style=\"text-align: left;\"><strong>\u00bfQu\u00e9 retos considera que enfrentaremos en el equilibrio entre tecnolog\u00eda y lectura?<\/strong><\/h2>\n<p style=\"text-align: justify;\">El gran reto es integrar la inteligencia artificial y la tecnolog\u00eda con la sabidur\u00eda humana. Las m\u00e1quinas pueden procesar informaci\u00f3n a gran velocidad, pero no tienen sabidur\u00eda. Nuestra meta como sociedad debe ser encontrar un equilibrio, aprovechar la tecnolog\u00eda sin renunciar a los beneficios de la lectura. Una civilizaci\u00f3n equilibrada entre libros y tecnolog\u00eda ser\u00e1 m\u00e1s rica e interesante.<\/p>\n<p style=\"text-align: right;\"><strong>REDACCI\u00d3N WEB DEL MAESTRO CMF<\/strong><\/p>\n\t\t<div class=\"pk-inline-posts\">\n\t\t\t\n\t\t\t<div class=\"pk-inline-posts-container pk-inline-posts-template-list\"\n\t\t\t\tdata-columns=\"1\">\n\t\t\t\t\t\t<article id=\"post-118510\" class=\"post-118510 post type-post status-publish format-standard has-post-thumbnail category-entrevistas category-noticias tag-aprendizaje tag-aula tag-docentes tag-educacion-2 tag-estudiantes tag-filosofia-2 tag-formacion-2 tag-inteligencia tag-jose-antonio-marina tag-pedagogia-2 tag-pensamiento-critico-2 cs-entry cs-video-wrap\">\n\t\t\t<div class=\"pk-post-outer\">\n\n\t\t\t\t\t\t\t\t<div class=\"pk-post-inner\">\n\t\t\t\t\t<div class=\"entry-thumbnail\">\n\t\t\t\t\t\t<div class=\"pk-overlay pk-overlay-ratio pk-ratio-landscape\">\n\t\t\t\t\t\t\t<div class=\"pk-overlay-background\">\n\t\t\t\t\t\t\t\t<a href=\"https:\/\/webdelmaestrocmf.com\/portal\/jose-antonio-marina-si-no-teneis-pensamiento-critico-o-si-no-hay-pensamiento-critico-la-manipulacion-va-a-ser-muy-sencilla\/\" class=\"pk-overlay-link\">\n\t\t\t\t\t\t\t\t\t<img loading=\"lazy\" decoding=\"async\" width=\"300\" height=\"225\" src=\"https:\/\/webdelmaestrocmf.com\/portal\/wp-content\/uploads\/2026\/04\/1AA-Banner-1-portada-imagen-10-1-copia-5-6-300x225.webp\" class=\"attachment-pk-thumbnail size-pk-thumbnail wp-post-image\" alt=\"\" \/>\t\t\t\t\t\t\t\t<\/a>\n\t\t\t\t\t\t\t<\/div>\n\t\t\t\t\t\t<\/div>\n\t\t\t\t\t<\/div>\n\t\t\t\t<\/div>\n\t\t\t\t\n\t\t\t\t<div class=\"pk-post-inner\">\n\t\t\t\t\t<header>\n\t\t\t\t\t\t<h3 class=\"pk-title\"><a href=\"https:\/\/webdelmaestrocmf.com\/portal\/jose-antonio-marina-si-no-teneis-pensamiento-critico-o-si-no-hay-pensamiento-critico-la-manipulacion-va-a-ser-muy-sencilla\/\" rel=\"bookmark\">Jos\u00e9 Antonio Marina: Si no ten\u00e9is pensamiento cr\u00edtico, o si no hay pensamiento cr\u00edtico, la manipulaci\u00f3n va a ser muy sencilla<\/a><\/h3>\t\t\t\t\t<\/header><!-- .entry-header -->\n\t\t\t\t<\/div><!-- .post-inner -->\n\n\t\t\t<\/div><!-- .post-outer -->\n\t\t<\/article>\n\t\t\t<article id=\"post-113504\" class=\"post-113504 post type-post status-publish format-standard has-post-thumbnail category-entrevistas category-noticias tag-alumno tag-begona-ibarrola-2 tag-desmotivado tag-vago cs-entry cs-video-wrap\">\n\t\t\t<div class=\"pk-post-outer\">\n\n\t\t\t\t\t\t\t\t<div class=\"pk-post-inner\">\n\t\t\t\t\t<div class=\"entry-thumbnail\">\n\t\t\t\t\t\t<div class=\"pk-overlay pk-overlay-ratio pk-ratio-landscape\">\n\t\t\t\t\t\t\t<div class=\"pk-overlay-background\">\n\t\t\t\t\t\t\t\t<a href=\"https:\/\/webdelmaestrocmf.com\/portal\/begona-ibarrola-debemos-distinguir-entre-un-alumno-verdaderamente-vago-y-uno-que-esta-desmotivado-porque-anticipa-el-fracaso\/\" class=\"pk-overlay-link\">\n\t\t\t\t\t\t\t\t\t<img loading=\"lazy\" decoding=\"async\" width=\"300\" height=\"225\" src=\"https:\/\/webdelmaestrocmf.com\/portal\/wp-content\/uploads\/2025\/11\/1AA-Banner-1-portada-imagen-10-1-copia-3-300x225.webp\" class=\"attachment-pk-thumbnail size-pk-thumbnail wp-post-image\" alt=\"\" \/>\t\t\t\t\t\t\t\t<\/a>\n\t\t\t\t\t\t\t<\/div>\n\t\t\t\t\t\t<\/div>\n\t\t\t\t\t<\/div>\n\t\t\t\t<\/div>\n\t\t\t\t\n\t\t\t\t<div class=\"pk-post-inner\">\n\t\t\t\t\t<header>\n\t\t\t\t\t\t<h3 class=\"pk-title\"><a href=\"https:\/\/webdelmaestrocmf.com\/portal\/begona-ibarrola-debemos-distinguir-entre-un-alumno-verdaderamente-vago-y-uno-que-esta-desmotivado-porque-anticipa-el-fracaso\/\" rel=\"bookmark\">Bego\u00f1a Ibarrola: Debemos distinguir entre un alumno verdaderamente vago y uno que est\u00e1 desmotivado porque anticipa el fracaso<\/a><\/h3>\t\t\t\t\t<\/header><!-- .entry-header -->\n\t\t\t\t<\/div><!-- .post-inner -->\n\n\t\t\t<\/div><!-- .post-outer -->\n\t\t<\/article>\n\t\t\t<article id=\"post-118480\" class=\"post-118480 post type-post status-publish format-standard has-post-thumbnail category-entrevistas category-noticias tag-aprendizaje tag-autonomia-3 tag-desarrollo tag-docentes tag-educacion-2 tag-ensenanza-2 tag-escuela tag-infancia tag-juego tag-pedagogia-2 cs-entry cs-video-wrap\">\n\t\t\t<div class=\"pk-post-outer\">\n\n\t\t\t\t\t\t\t\t<div class=\"pk-post-inner\">\n\t\t\t\t\t<div class=\"entry-thumbnail\">\n\t\t\t\t\t\t<div class=\"pk-overlay pk-overlay-ratio pk-ratio-landscape\">\n\t\t\t\t\t\t\t<div class=\"pk-overlay-background\">\n\t\t\t\t\t\t\t\t<a href=\"https:\/\/webdelmaestrocmf.com\/portal\/francesco-tonucci-hoy-la-escuela-esta-asumiendo-un-error-fatal-que-es-hacer-mas-un-papel-de-ninera-que-de-estructura-educativa\/\" class=\"pk-overlay-link\">\n\t\t\t\t\t\t\t\t\t<img loading=\"lazy\" decoding=\"async\" width=\"300\" height=\"225\" src=\"https:\/\/webdelmaestrocmf.com\/portal\/wp-content\/uploads\/2026\/04\/1AA-Banner-1-portada-imagen-10-1-copia-2-9-300x225.webp\" class=\"attachment-pk-thumbnail size-pk-thumbnail wp-post-image\" alt=\"\" \/>\t\t\t\t\t\t\t\t<\/a>\n\t\t\t\t\t\t\t<\/div>\n\t\t\t\t\t\t<\/div>\n\t\t\t\t\t<\/div>\n\t\t\t\t<\/div>\n\t\t\t\t\n\t\t\t\t<div class=\"pk-post-inner\">\n\t\t\t\t\t<header>\n\t\t\t\t\t\t<h3 class=\"pk-title\"><a href=\"https:\/\/webdelmaestrocmf.com\/portal\/francesco-tonucci-hoy-la-escuela-esta-asumiendo-un-error-fatal-que-es-hacer-mas-un-papel-de-ninera-que-de-estructura-educativa\/\" rel=\"bookmark\">Francesco Tonucci: Hoy la escuela est\u00e1 asumiendo un error fatal que es hacer m\u00e1s un papel de ni\u00f1era que de estructura educativa<\/a><\/h3>\t\t\t\t\t<\/header><!-- .entry-header -->\n\t\t\t\t<\/div><!-- .post-inner -->\n\n\t\t\t<\/div><!-- .post-outer -->\n\t\t<\/article>\n\t\t\t\t<\/div>\n\t\t<\/div>\n\t\t\n","protected":false},"excerpt":{"rendered":"El acad\u00e9mico esloveno Mihael Kova\u010d, profesor del Departamento de Biblioteconom\u00eda, Ciencias de la Informaci\u00f3n y Estudios del Libro&hellip;","protected":false},"author":1,"featured_media":106905,"comment_status":"open","ping_status":"closed","sticky":false,"template":"","format":"standard","meta":{"csco_display_header_overlay":false,"csco_singular_sidebar":"disabled","csco_page_header_type":"large","csco_page_load_nextpost":"","csco_post_video_location":[],"csco_post_video_location_hash":"","csco_post_video_url":"","csco_post_video_bg_start_time":0,"csco_post_video_bg_end_time":0,"csco_post_video_bg_volume":false,"_jetpack_memberships_contains_paid_content":false,"footnotes":""},"categories":[48,47],"tags":[2554,546,629,23484,413,16331],"class_list":{"0":"post-106903","1":"post","2":"type-post","3":"status-publish","4":"format-standard","5":"has-post-thumbnail","7":"category-entrevistas","8":"category-noticias","9":"tag-grandes","10":"tag-lectores","11":"tag-libros","12":"tag-mihael-kovac","13":"tag-ordenadores","14":"tag-usan","15":"cs-entry","16":"cs-video-wrap"},"yoast_head":"<!-- This site is optimized with the Yoast SEO plugin v27.5 - https:\/\/yoast.com\/product\/yoast-seo-wordpress\/ -->\n<title>Mihael Kova\u010d: Quienes mejor usan los ordenadores son grandes lectores de libros - 2026<\/title>\n<meta name=\"description\" content=\"El acad\u00e9mico esloveno Mihael Kova\u010d, profesor del Departamento de Biblioteconom\u00eda, Ciencias de la Informaci\u00f3n y Estudios del Libro...\" \/>\n<meta name=\"robots\" content=\"index, follow, max-snippet:-1, max-image-preview:large, max-video-preview:-1\" \/>\n<link rel=\"canonical\" href=\"https:\/\/webdelmaestrocmf.com\/portal\/mihael-kovac-quienes-mejor-usan-los-ordenadores-son-grandes-lectores-de-libros\/\" \/>\n<meta property=\"og:locale\" content=\"es_ES\" \/>\n<meta property=\"og:type\" content=\"article\" \/>\n<meta property=\"og:title\" content=\"Mihael Kova\u010d: Quienes mejor usan los ordenadores son grandes lectores de libros - 2026\" \/>\n<meta property=\"og:description\" content=\"El acad\u00e9mico esloveno Mihael Kova\u010d, profesor del Departamento de Biblioteconom\u00eda, Ciencias de la Informaci\u00f3n y Estudios del Libro...\" \/>\n<meta property=\"og:url\" content=\"https:\/\/webdelmaestrocmf.com\/portal\/mihael-kovac-quienes-mejor-usan-los-ordenadores-son-grandes-lectores-de-libros\/\" \/>\n<meta property=\"og:site_name\" content=\"Web del Maestro CMF\" \/>\n<meta property=\"article:publisher\" content=\"https:\/\/www.facebook.com\/WebdelMaestroCMF\/\" \/>\n<meta property=\"article:author\" content=\"https:\/\/www.facebook.com\/WebdelMaestroCMF\/\" \/>\n<meta property=\"article:published_time\" content=\"2024-11-12T21:24:10+00:00\" \/>\n<meta property=\"article:modified_time\" content=\"2024-11-14T13:33:38+00:00\" \/>\n<meta property=\"og:image\" content=\"https:\/\/webdelmaestrocmf.com\/portal\/wp-content\/uploads\/2024\/11\/Banner-1-portada-imagen-10-1-4.jpg\" \/>\n\t<meta property=\"og:image:width\" content=\"1024\" \/>\n\t<meta property=\"og:image:height\" content=\"1024\" \/>\n\t<meta property=\"og:image:type\" content=\"image\/jpeg\" \/>\n<meta name=\"author\" content=\"Web del Maestro CMF\" \/>\n<meta name=\"twitter:card\" content=\"summary_large_image\" \/>\n<meta name=\"twitter:creator\" content=\"@cmf_w\" \/>\n<meta name=\"twitter:site\" content=\"@cmf_w\" \/>\n<script type=\"application\/ld+json\" class=\"yoast-schema-graph\">{\"@context\":\"https:\\\/\\\/schema.org\",\"@graph\":[{\"@type\":\"ScholarlyArticle\",\"@id\":\"https:\\\/\\\/webdelmaestrocmf.com\\\/portal\\\/mihael-kovac-quienes-mejor-usan-los-ordenadores-son-grandes-lectores-de-libros\\\/#article\",\"isPartOf\":{\"@id\":\"https:\\\/\\\/webdelmaestrocmf.com\\\/portal\\\/mihael-kovac-quienes-mejor-usan-los-ordenadores-son-grandes-lectores-de-libros\\\/\"},\"author\":{\"name\":\"Web del Maestro CMF\",\"@id\":\"https:\\\/\\\/webdelmaestrocmf.com\\\/portal\\\/#\\\/schema\\\/person\\\/1072a2ed7bd960df8ef99a551fa35dc5\"},\"headline\":\"Mihael Kova\u010d: Quienes mejor usan los ordenadores son grandes lectores de libros\",\"datePublished\":\"2024-11-12T21:24:10+00:00\",\"dateModified\":\"2024-11-14T13:33:38+00:00\",\"mainEntityOfPage\":{\"@id\":\"https:\\\/\\\/webdelmaestrocmf.com\\\/portal\\\/mihael-kovac-quienes-mejor-usan-los-ordenadores-son-grandes-lectores-de-libros\\\/\"},\"wordCount\":998,\"commentCount\":0,\"publisher\":{\"@id\":\"https:\\\/\\\/webdelmaestrocmf.com\\\/portal\\\/#organization\"},\"image\":{\"@id\":\"https:\\\/\\\/webdelmaestrocmf.com\\\/portal\\\/mihael-kovac-quienes-mejor-usan-los-ordenadores-son-grandes-lectores-de-libros\\\/#primaryimage\"},\"thumbnailUrl\":\"https:\\\/\\\/webdelmaestrocmf.com\\\/portal\\\/wp-content\\\/uploads\\\/2024\\\/11\\\/Banner-1-portada-imagen-10-1-4.jpg\",\"keywords\":[\"GRANDES\",\"LECTORES\",\"Libros\",\"Mihael Kova\u010d\",\"ordenadores\",\"usan\"],\"articleSection\":[\"Entrevistas\",\"Noticias\"],\"inLanguage\":\"es\",\"potentialAction\":[{\"@type\":\"CommentAction\",\"name\":\"Comment\",\"target\":[\"https:\\\/\\\/webdelmaestrocmf.com\\\/portal\\\/mihael-kovac-quienes-mejor-usan-los-ordenadores-son-grandes-lectores-de-libros\\\/#respond\"]}]},{\"@type\":\"WebPage\",\"@id\":\"https:\\\/\\\/webdelmaestrocmf.com\\\/portal\\\/mihael-kovac-quienes-mejor-usan-los-ordenadores-son-grandes-lectores-de-libros\\\/\",\"url\":\"https:\\\/\\\/webdelmaestrocmf.com\\\/portal\\\/mihael-kovac-quienes-mejor-usan-los-ordenadores-son-grandes-lectores-de-libros\\\/\",\"name\":\"Mihael Kova\u010d: Quienes mejor usan los ordenadores son grandes lectores de libros - 2026\",\"isPartOf\":{\"@id\":\"https:\\\/\\\/webdelmaestrocmf.com\\\/portal\\\/#website\"},\"primaryImageOfPage\":{\"@id\":\"https:\\\/\\\/webdelmaestrocmf.com\\\/portal\\\/mihael-kovac-quienes-mejor-usan-los-ordenadores-son-grandes-lectores-de-libros\\\/#primaryimage\"},\"image\":{\"@id\":\"https:\\\/\\\/webdelmaestrocmf.com\\\/portal\\\/mihael-kovac-quienes-mejor-usan-los-ordenadores-son-grandes-lectores-de-libros\\\/#primaryimage\"},\"thumbnailUrl\":\"https:\\\/\\\/webdelmaestrocmf.com\\\/portal\\\/wp-content\\\/uploads\\\/2024\\\/11\\\/Banner-1-portada-imagen-10-1-4.jpg\",\"datePublished\":\"2024-11-12T21:24:10+00:00\",\"dateModified\":\"2024-11-14T13:33:38+00:00\",\"description\":\"El acad\u00e9mico esloveno Mihael Kova\u010d, profesor del Departamento de Biblioteconom\u00eda, Ciencias de la Informaci\u00f3n y Estudios del Libro...\",\"breadcrumb\":{\"@id\":\"https:\\\/\\\/webdelmaestrocmf.com\\\/portal\\\/mihael-kovac-quienes-mejor-usan-los-ordenadores-son-grandes-lectores-de-libros\\\/#breadcrumb\"},\"inLanguage\":\"es\",\"potentialAction\":[{\"@type\":\"ReadAction\",\"target\":[\"https:\\\/\\\/webdelmaestrocmf.com\\\/portal\\\/mihael-kovac-quienes-mejor-usan-los-ordenadores-son-grandes-lectores-de-libros\\\/\"]}]},{\"@type\":\"ImageObject\",\"inLanguage\":\"es\",\"@id\":\"https:\\\/\\\/webdelmaestrocmf.com\\\/portal\\\/mihael-kovac-quienes-mejor-usan-los-ordenadores-son-grandes-lectores-de-libros\\\/#primaryimage\",\"url\":\"https:\\\/\\\/webdelmaestrocmf.com\\\/portal\\\/wp-content\\\/uploads\\\/2024\\\/11\\\/Banner-1-portada-imagen-10-1-4.jpg\",\"contentUrl\":\"https:\\\/\\\/webdelmaestrocmf.com\\\/portal\\\/wp-content\\\/uploads\\\/2024\\\/11\\\/Banner-1-portada-imagen-10-1-4.jpg\",\"width\":1024,\"height\":1024},{\"@type\":\"BreadcrumbList\",\"@id\":\"https:\\\/\\\/webdelmaestrocmf.com\\\/portal\\\/mihael-kovac-quienes-mejor-usan-los-ordenadores-son-grandes-lectores-de-libros\\\/#breadcrumb\",\"itemListElement\":[{\"@type\":\"ListItem\",\"position\":1,\"name\":\"Portada\",\"item\":\"https:\\\/\\\/webdelmaestrocmf.com\\\/portal\\\/\"},{\"@type\":\"ListItem\",\"position\":2,\"name\":\"Noticias\",\"item\":\"https:\\\/\\\/webdelmaestrocmf.com\\\/portal\\\/category\\\/noticias\\\/\"},{\"@type\":\"ListItem\",\"position\":3,\"name\":\"Mihael Kova\u010d: Quienes mejor usan los ordenadores son grandes lectores de libros\"}]},{\"@type\":\"WebSite\",\"@id\":\"https:\\\/\\\/webdelmaestrocmf.com\\\/portal\\\/#website\",\"url\":\"https:\\\/\\\/webdelmaestrocmf.com\\\/portal\\\/\",\"name\":\"Web del Maestro CMF\",\"description\":\"Maestros al servicio de la educaci\u00f3n\",\"publisher\":{\"@id\":\"https:\\\/\\\/webdelmaestrocmf.com\\\/portal\\\/#organization\"},\"alternateName\":\"WMCMF\",\"potentialAction\":[{\"@type\":\"SearchAction\",\"target\":{\"@type\":\"EntryPoint\",\"urlTemplate\":\"https:\\\/\\\/webdelmaestrocmf.com\\\/portal\\\/?s={search_term_string}\"},\"query-input\":{\"@type\":\"PropertyValueSpecification\",\"valueRequired\":true,\"valueName\":\"search_term_string\"}}],\"inLanguage\":\"es\"},{\"@type\":\"Organization\",\"@id\":\"https:\\\/\\\/webdelmaestrocmf.com\\\/portal\\\/#organization\",\"name\":\"Web del Maestro CMF\",\"alternateName\":\"WMCMF\",\"url\":\"https:\\\/\\\/webdelmaestrocmf.com\\\/portal\\\/\",\"logo\":{\"@type\":\"ImageObject\",\"inLanguage\":\"es\",\"@id\":\"https:\\\/\\\/webdelmaestrocmf.com\\\/portal\\\/#\\\/schema\\\/logo\\\/image\\\/\",\"url\":\"https:\\\/\\\/webdelmaestrocmf.com\\\/portal\\\/wp-content\\\/uploads\\\/2023\\\/01\\\/logo-wmcmf-2.png\",\"contentUrl\":\"https:\\\/\\\/webdelmaestrocmf.com\\\/portal\\\/wp-content\\\/uploads\\\/2023\\\/01\\\/logo-wmcmf-2.png\",\"width\":200,\"height\":60,\"caption\":\"Web del Maestro CMF\"},\"image\":{\"@id\":\"https:\\\/\\\/webdelmaestrocmf.com\\\/portal\\\/#\\\/schema\\\/logo\\\/image\\\/\"},\"sameAs\":[\"https:\\\/\\\/www.facebook.com\\\/WebdelMaestroCMF\\\/\",\"https:\\\/\\\/x.com\\\/cmf_w\",\"https:\\\/\\\/www.pinterest.com\\\/WMCMF\\\/\",\"https:\\\/\\\/www.linkedin.com\\\/company\\\/web-del-maestro-cmf\\\/\",\"https:\\\/\\\/www.instagram.com\\\/wmcmf\\\/\",\"https:\\\/\\\/www.youtube.com\\\/channel\\\/UCDPSvjbdodE5sHnC3OxutHw\",\"https:\\\/\\\/mastodon.social\\\/@wmcmf\",\"https:\\\/\\\/www.tiktok.com\\\/@webdelmaestrocmf\"]},{\"@type\":\"Person\",\"@id\":\"https:\\\/\\\/webdelmaestrocmf.com\\\/portal\\\/#\\\/schema\\\/person\\\/1072a2ed7bd960df8ef99a551fa35dc5\",\"name\":\"Web del Maestro CMF\",\"image\":{\"@type\":\"ImageObject\",\"inLanguage\":\"es\",\"@id\":\"https:\\\/\\\/secure.gravatar.com\\\/avatar\\\/23291dd5b5ae1077dcff3dbb04c3e02bd28403fa75af6d8787d5e97c5bbbe30b?s=96&d=mm&r=g\",\"url\":\"https:\\\/\\\/secure.gravatar.com\\\/avatar\\\/23291dd5b5ae1077dcff3dbb04c3e02bd28403fa75af6d8787d5e97c5bbbe30b?s=96&d=mm&r=g\",\"contentUrl\":\"https:\\\/\\\/secure.gravatar.com\\\/avatar\\\/23291dd5b5ae1077dcff3dbb04c3e02bd28403fa75af6d8787d5e97c5bbbe30b?s=96&d=mm&r=g\",\"caption\":\"Web del Maestro CMF\"},\"description\":\"Esta Web se cre\u00f3 sin fines de lucro, con fines educativos, cient\u00edficos y acad\u00e9micos, para personas que tengan dificultades y\\\/o inconvenientes en visualizar el material original. El objetivo es entregar recursos, compartir experiencias y materiales que ayuden a los padres de familia, maestros y estudiantes en su actualizaci\u00f3n y formaci\u00f3n permanente, en bien de la Educaci\u00f3n.\",\"sameAs\":[\"http:\\\/\\\/webdelmaestrocmf.com\\\/portal\",\"https:\\\/\\\/www.facebook.com\\\/WebdelMaestroCMF\\\/\",\"https:\\\/\\\/www.instagram.com\\\/wmcmf\\\/\",\"https:\\\/\\\/cl.linkedin.com\\\/company\\\/web-del-maestro-cmf\",\"https:\\\/\\\/www.pinterest.com\\\/WMCMF\\\/publicaciones\\\/\",\"https:\\\/\\\/x.com\\\/cmf_w\",\"https:\\\/\\\/www.youtube.com\\\/@WMCMF\"]}]}<\/script>\n<!-- \/ Yoast SEO plugin. -->","yoast_head_json":{"title":"Mihael Kova\u010d: Quienes mejor usan los ordenadores son grandes lectores de libros - 2026","description":"El acad\u00e9mico esloveno Mihael Kova\u010d, profesor del Departamento de Biblioteconom\u00eda, Ciencias de la Informaci\u00f3n y Estudios del Libro...","robots":{"index":"index","follow":"follow","max-snippet":"max-snippet:-1","max-image-preview":"max-image-preview:large","max-video-preview":"max-video-preview:-1"},"canonical":"https:\/\/webdelmaestrocmf.com\/portal\/mihael-kovac-quienes-mejor-usan-los-ordenadores-son-grandes-lectores-de-libros\/","og_locale":"es_ES","og_type":"article","og_title":"Mihael Kova\u010d: Quienes mejor usan los ordenadores son grandes lectores de libros - 2026","og_description":"El acad\u00e9mico esloveno Mihael Kova\u010d, profesor del Departamento de Biblioteconom\u00eda, Ciencias de la Informaci\u00f3n y Estudios del Libro...","og_url":"https:\/\/webdelmaestrocmf.com\/portal\/mihael-kovac-quienes-mejor-usan-los-ordenadores-son-grandes-lectores-de-libros\/","og_site_name":"Web del Maestro CMF","article_publisher":"https:\/\/www.facebook.com\/WebdelMaestroCMF\/","article_author":"https:\/\/www.facebook.com\/WebdelMaestroCMF\/","article_published_time":"2024-11-12T21:24:10+00:00","article_modified_time":"2024-11-14T13:33:38+00:00","og_image":[{"width":1024,"height":1024,"url":"https:\/\/webdelmaestrocmf.com\/portal\/wp-content\/uploads\/2024\/11\/Banner-1-portada-imagen-10-1-4.jpg","type":"image\/jpeg"}],"author":"Web del Maestro CMF","twitter_card":"summary_large_image","twitter_creator":"@cmf_w","twitter_site":"@cmf_w","schema":{"@context":"https:\/\/schema.org","@graph":[{"@type":"ScholarlyArticle","@id":"https:\/\/webdelmaestrocmf.com\/portal\/mihael-kovac-quienes-mejor-usan-los-ordenadores-son-grandes-lectores-de-libros\/#article","isPartOf":{"@id":"https:\/\/webdelmaestrocmf.com\/portal\/mihael-kovac-quienes-mejor-usan-los-ordenadores-son-grandes-lectores-de-libros\/"},"author":{"name":"Web del Maestro CMF","@id":"https:\/\/webdelmaestrocmf.com\/portal\/#\/schema\/person\/1072a2ed7bd960df8ef99a551fa35dc5"},"headline":"Mihael Kova\u010d: Quienes mejor usan los ordenadores son grandes lectores de libros","datePublished":"2024-11-12T21:24:10+00:00","dateModified":"2024-11-14T13:33:38+00:00","mainEntityOfPage":{"@id":"https:\/\/webdelmaestrocmf.com\/portal\/mihael-kovac-quienes-mejor-usan-los-ordenadores-son-grandes-lectores-de-libros\/"},"wordCount":998,"commentCount":0,"publisher":{"@id":"https:\/\/webdelmaestrocmf.com\/portal\/#organization"},"image":{"@id":"https:\/\/webdelmaestrocmf.com\/portal\/mihael-kovac-quienes-mejor-usan-los-ordenadores-son-grandes-lectores-de-libros\/#primaryimage"},"thumbnailUrl":"https:\/\/webdelmaestrocmf.com\/portal\/wp-content\/uploads\/2024\/11\/Banner-1-portada-imagen-10-1-4.jpg","keywords":["GRANDES","LECTORES","Libros","Mihael Kova\u010d","ordenadores","usan"],"articleSection":["Entrevistas","Noticias"],"inLanguage":"es","potentialAction":[{"@type":"CommentAction","name":"Comment","target":["https:\/\/webdelmaestrocmf.com\/portal\/mihael-kovac-quienes-mejor-usan-los-ordenadores-son-grandes-lectores-de-libros\/#respond"]}]},{"@type":"WebPage","@id":"https:\/\/webdelmaestrocmf.com\/portal\/mihael-kovac-quienes-mejor-usan-los-ordenadores-son-grandes-lectores-de-libros\/","url":"https:\/\/webdelmaestrocmf.com\/portal\/mihael-kovac-quienes-mejor-usan-los-ordenadores-son-grandes-lectores-de-libros\/","name":"Mihael Kova\u010d: Quienes mejor usan los ordenadores son grandes lectores de libros - 2026","isPartOf":{"@id":"https:\/\/webdelmaestrocmf.com\/portal\/#website"},"primaryImageOfPage":{"@id":"https:\/\/webdelmaestrocmf.com\/portal\/mihael-kovac-quienes-mejor-usan-los-ordenadores-son-grandes-lectores-de-libros\/#primaryimage"},"image":{"@id":"https:\/\/webdelmaestrocmf.com\/portal\/mihael-kovac-quienes-mejor-usan-los-ordenadores-son-grandes-lectores-de-libros\/#primaryimage"},"thumbnailUrl":"https:\/\/webdelmaestrocmf.com\/portal\/wp-content\/uploads\/2024\/11\/Banner-1-portada-imagen-10-1-4.jpg","datePublished":"2024-11-12T21:24:10+00:00","dateModified":"2024-11-14T13:33:38+00:00","description":"El acad\u00e9mico esloveno Mihael Kova\u010d, profesor del Departamento de Biblioteconom\u00eda, Ciencias de la Informaci\u00f3n y Estudios del Libro...","breadcrumb":{"@id":"https:\/\/webdelmaestrocmf.com\/portal\/mihael-kovac-quienes-mejor-usan-los-ordenadores-son-grandes-lectores-de-libros\/#breadcrumb"},"inLanguage":"es","potentialAction":[{"@type":"ReadAction","target":["https:\/\/webdelmaestrocmf.com\/portal\/mihael-kovac-quienes-mejor-usan-los-ordenadores-son-grandes-lectores-de-libros\/"]}]},{"@type":"ImageObject","inLanguage":"es","@id":"https:\/\/webdelmaestrocmf.com\/portal\/mihael-kovac-quienes-mejor-usan-los-ordenadores-son-grandes-lectores-de-libros\/#primaryimage","url":"https:\/\/webdelmaestrocmf.com\/portal\/wp-content\/uploads\/2024\/11\/Banner-1-portada-imagen-10-1-4.jpg","contentUrl":"https:\/\/webdelmaestrocmf.com\/portal\/wp-content\/uploads\/2024\/11\/Banner-1-portada-imagen-10-1-4.jpg","width":1024,"height":1024},{"@type":"BreadcrumbList","@id":"https:\/\/webdelmaestrocmf.com\/portal\/mihael-kovac-quienes-mejor-usan-los-ordenadores-son-grandes-lectores-de-libros\/#breadcrumb","itemListElement":[{"@type":"ListItem","position":1,"name":"Portada","item":"https:\/\/webdelmaestrocmf.com\/portal\/"},{"@type":"ListItem","position":2,"name":"Noticias","item":"https:\/\/webdelmaestrocmf.com\/portal\/category\/noticias\/"},{"@type":"ListItem","position":3,"name":"Mihael Kova\u010d: Quienes mejor usan los ordenadores son grandes lectores de libros"}]},{"@type":"WebSite","@id":"https:\/\/webdelmaestrocmf.com\/portal\/#website","url":"https:\/\/webdelmaestrocmf.com\/portal\/","name":"Web del Maestro CMF","description":"Maestros al servicio de la educaci\u00f3n","publisher":{"@id":"https:\/\/webdelmaestrocmf.com\/portal\/#organization"},"alternateName":"WMCMF","potentialAction":[{"@type":"SearchAction","target":{"@type":"EntryPoint","urlTemplate":"https:\/\/webdelmaestrocmf.com\/portal\/?s={search_term_string}"},"query-input":{"@type":"PropertyValueSpecification","valueRequired":true,"valueName":"search_term_string"}}],"inLanguage":"es"},{"@type":"Organization","@id":"https:\/\/webdelmaestrocmf.com\/portal\/#organization","name":"Web del Maestro CMF","alternateName":"WMCMF","url":"https:\/\/webdelmaestrocmf.com\/portal\/","logo":{"@type":"ImageObject","inLanguage":"es","@id":"https:\/\/webdelmaestrocmf.com\/portal\/#\/schema\/logo\/image\/","url":"https:\/\/webdelmaestrocmf.com\/portal\/wp-content\/uploads\/2023\/01\/logo-wmcmf-2.png","contentUrl":"https:\/\/webdelmaestrocmf.com\/portal\/wp-content\/uploads\/2023\/01\/logo-wmcmf-2.png","width":200,"height":60,"caption":"Web del Maestro CMF"},"image":{"@id":"https:\/\/webdelmaestrocmf.com\/portal\/#\/schema\/logo\/image\/"},"sameAs":["https:\/\/www.facebook.com\/WebdelMaestroCMF\/","https:\/\/x.com\/cmf_w","https:\/\/www.pinterest.com\/WMCMF\/","https:\/\/www.linkedin.com\/company\/web-del-maestro-cmf\/","https:\/\/www.instagram.com\/wmcmf\/","https:\/\/www.youtube.com\/channel\/UCDPSvjbdodE5sHnC3OxutHw","https:\/\/mastodon.social\/@wmcmf","https:\/\/www.tiktok.com\/@webdelmaestrocmf"]},{"@type":"Person","@id":"https:\/\/webdelmaestrocmf.com\/portal\/#\/schema\/person\/1072a2ed7bd960df8ef99a551fa35dc5","name":"Web del Maestro CMF","image":{"@type":"ImageObject","inLanguage":"es","@id":"https:\/\/secure.gravatar.com\/avatar\/23291dd5b5ae1077dcff3dbb04c3e02bd28403fa75af6d8787d5e97c5bbbe30b?s=96&d=mm&r=g","url":"https:\/\/secure.gravatar.com\/avatar\/23291dd5b5ae1077dcff3dbb04c3e02bd28403fa75af6d8787d5e97c5bbbe30b?s=96&d=mm&r=g","contentUrl":"https:\/\/secure.gravatar.com\/avatar\/23291dd5b5ae1077dcff3dbb04c3e02bd28403fa75af6d8787d5e97c5bbbe30b?s=96&d=mm&r=g","caption":"Web del Maestro CMF"},"description":"Esta Web se cre\u00f3 sin fines de lucro, con fines educativos, cient\u00edficos y acad\u00e9micos, para personas que tengan dificultades y\/o inconvenientes en visualizar el material original. El objetivo es entregar recursos, compartir experiencias y materiales que ayuden a los padres de familia, maestros y estudiantes en su actualizaci\u00f3n y formaci\u00f3n permanente, en bien de la Educaci\u00f3n.","sameAs":["http:\/\/webdelmaestrocmf.com\/portal","https:\/\/www.facebook.com\/WebdelMaestroCMF\/","https:\/\/www.instagram.com\/wmcmf\/","https:\/\/cl.linkedin.com\/company\/web-del-maestro-cmf","https:\/\/www.pinterest.com\/WMCMF\/publicaciones\/","https:\/\/x.com\/cmf_w","https:\/\/www.youtube.com\/@WMCMF"]}]}},"jetpack_featured_media_url":"https:\/\/webdelmaestrocmf.com\/portal\/wp-content\/uploads\/2024\/11\/Banner-1-portada-imagen-10-1-4.jpg","jetpack_sharing_enabled":true,"jetpack-related-posts":[{"id":95284,"url":"https:\/\/webdelmaestrocmf.com\/portal\/actividades-divertidas-para-promover-la-comprension-lectora-en-primaria-y-secundaria\/","url_meta":{"origin":106903,"position":0},"title":"Actividades divertidas para promover la comprensi\u00f3n lectora en Primaria y Secundaria","author":"Web del Maestro CMF","date":"19 septiembre, 2023","format":false,"excerpt":"La comprensi\u00f3n lectora es una habilidad esencial que permite a los individuos entender e interpretar adecuadamente el contenido de un texto. Esta capacidad va m\u00e1s all\u00e1 de simplemente decodificar palabras; implica la comprensi\u00f3n de las ideas, conceptos y mensajes clave que se presentan a lo largo de una lectura. Sin\u2026","rel":"","context":"En \u00abComprensi\u00f3n lectora\u00bb","block_context":{"text":"Comprensi\u00f3n lectora","link":"https:\/\/webdelmaestrocmf.com\/portal\/category\/pedagogia\/comprension-lectora\/"},"img":{"alt_text":"comprensi\u00f3n lectora","src":"https:\/\/i0.wp.com\/webdelmaestrocmf.com\/portal\/wp-content\/uploads\/2023\/09\/A12B3C4D-13-2.jpg?resize=350%2C200&ssl=1","width":350,"height":200,"srcset":"https:\/\/i0.wp.com\/webdelmaestrocmf.com\/portal\/wp-content\/uploads\/2023\/09\/A12B3C4D-13-2.jpg?resize=350%2C200&ssl=1 1x, https:\/\/i0.wp.com\/webdelmaestrocmf.com\/portal\/wp-content\/uploads\/2023\/09\/A12B3C4D-13-2.jpg?resize=525%2C300&ssl=1 1.5x, https:\/\/i0.wp.com\/webdelmaestrocmf.com\/portal\/wp-content\/uploads\/2023\/09\/A12B3C4D-13-2.jpg?resize=700%2C400&ssl=1 2x"},"classes":[]},{"id":86563,"url":"https:\/\/webdelmaestrocmf.com\/portal\/momentos-de-la-lectura-antes-durante-y-despues\/","url_meta":{"origin":106903,"position":1},"title":"Momentos de la lectura: antes, durante y despu\u00e9s","author":"Web del Maestro CMF","date":"2 abril, 2023","format":false,"excerpt":"El acto de leer puede dividirse en tres grandes momentos: la preparaci\u00f3n, la lectura y la reflexi\u00f3n. En la preparaci\u00f3n, el lector selecciona el texto que va a leer, se familiariza con \u00e9l y lo contextualiza. Durante la lectura, el lector atiende al texto de forma activa, buscando comprenderlo y\u2026","rel":"","context":"En \u00abLectoescritura\u00bb","block_context":{"text":"Lectoescritura","link":"https:\/\/webdelmaestrocmf.com\/portal\/category\/pedagogia\/lectoescritura\/"},"img":{"alt_text":"Momentos de la lectura","src":"https:\/\/i0.wp.com\/webdelmaestrocmf.com\/portal\/wp-content\/uploads\/2023\/04\/A12B3C4D-68.jpg?resize=350%2C200&ssl=1","width":350,"height":200,"srcset":"https:\/\/i0.wp.com\/webdelmaestrocmf.com\/portal\/wp-content\/uploads\/2023\/04\/A12B3C4D-68.jpg?resize=350%2C200&ssl=1 1x, https:\/\/i0.wp.com\/webdelmaestrocmf.com\/portal\/wp-content\/uploads\/2023\/04\/A12B3C4D-68.jpg?resize=525%2C300&ssl=1 1.5x, https:\/\/i0.wp.com\/webdelmaestrocmf.com\/portal\/wp-content\/uploads\/2023\/04\/A12B3C4D-68.jpg?resize=700%2C400&ssl=1 2x"},"classes":[]},{"id":89444,"url":"https:\/\/webdelmaestrocmf.com\/portal\/detectando-incomprension-lectora-10-indicadores-de-alerta-sobre-la-incomprension-de-la-lectura\/","url_meta":{"origin":106903,"position":2},"title":"Detectando Incomprensi\u00f3n Lectora: 10 indicadores de ALERTA sobre la incomprensi\u00f3n de la lectura","author":"Web del Maestro CMF","date":"25 mayo, 2023","format":false,"excerpt":"La incomprensi\u00f3n lectora se refiere a la dificultad o incapacidad de comprender de manera adecuada y significativa el contenido de un texto. Es la falta de comprensi\u00f3n o la dificultad para extraer el significado, relacionar ideas, inferir informaci\u00f3n impl\u00edcita y realizar un an\u00e1lisis cr\u00edtico del texto le\u00eddo. La incomprensi\u00f3n lectora\u2026","rel":"","context":"En \u00abComprensi\u00f3n lectora\u00bb","block_context":{"text":"Comprensi\u00f3n lectora","link":"https:\/\/webdelmaestrocmf.com\/portal\/category\/pedagogia\/comprension-lectora\/"},"img":{"alt_text":"","src":"https:\/\/i0.wp.com\/webdelmaestrocmf.com\/portal\/wp-content\/uploads\/2023\/05\/A12B3C4D-2023-05-25T200809.527.jpg?resize=350%2C200&ssl=1","width":350,"height":200,"srcset":"https:\/\/i0.wp.com\/webdelmaestrocmf.com\/portal\/wp-content\/uploads\/2023\/05\/A12B3C4D-2023-05-25T200809.527.jpg?resize=350%2C200&ssl=1 1x, https:\/\/i0.wp.com\/webdelmaestrocmf.com\/portal\/wp-content\/uploads\/2023\/05\/A12B3C4D-2023-05-25T200809.527.jpg?resize=525%2C300&ssl=1 1.5x, https:\/\/i0.wp.com\/webdelmaestrocmf.com\/portal\/wp-content\/uploads\/2023\/05\/A12B3C4D-2023-05-25T200809.527.jpg?resize=700%2C400&ssl=1 2x"},"classes":[]},{"id":90584,"url":"https:\/\/webdelmaestrocmf.com\/portal\/estimulacion-lectora-para-ninos-con-diagnostico-de-tdah-edad-6-8-anos\/","url_meta":{"origin":106903,"position":3},"title":"Estimulaci\u00f3n lectora para ni\u00f1os con diagn\u00f3stico de TDAH edad 6 &#8211; 8 a\u00f1os","author":"Web del Maestro CMF","date":"15 julio, 2023","format":false,"excerpt":"La estimulaci\u00f3n lectora para ni\u00f1os con diagn\u00f3stico de TDAH (Trastorno por D\u00e9ficit de Atenci\u00f3n e Hiperactividad) en edades comprendidas entre los 6 y 8 a\u00f1os es de vital importancia para promover el desarrollo de habilidades cognitivas y mejorar la comprensi\u00f3n lectora. Los ni\u00f1os con TDAH a menudo enfrentan desaf\u00edos en\u2026","rel":"","context":"En \u00abRecursos\u00bb","block_context":{"text":"Recursos","link":"https:\/\/webdelmaestrocmf.com\/portal\/category\/pedagogia\/"},"img":{"alt_text":"","src":"https:\/\/i0.wp.com\/webdelmaestrocmf.com\/portal\/wp-content\/uploads\/2023\/07\/A12B3C4D.jpg?resize=350%2C200&ssl=1","width":350,"height":200,"srcset":"https:\/\/i0.wp.com\/webdelmaestrocmf.com\/portal\/wp-content\/uploads\/2023\/07\/A12B3C4D.jpg?resize=350%2C200&ssl=1 1x, https:\/\/i0.wp.com\/webdelmaestrocmf.com\/portal\/wp-content\/uploads\/2023\/07\/A12B3C4D.jpg?resize=525%2C300&ssl=1 1.5x, https:\/\/i0.wp.com\/webdelmaestrocmf.com\/portal\/wp-content\/uploads\/2023\/07\/A12B3C4D.jpg?resize=700%2C400&ssl=1 2x"},"classes":[]},{"id":111568,"url":"https:\/\/webdelmaestrocmf.com\/portal\/michel-desmurget-si-un-alumno-espanol-o-frances-de-primer-ano-de-instituto-fuera-a-estudiar-a-singapur-o-japon-lo-mandarian-de-vuelta-a-primaria-por-su-nivel-de-lectura\/","url_meta":{"origin":106903,"position":4},"title":"Michel Desmurget: Si un alumno espa\u00f1ol o franc\u00e9s de primer a\u00f1o de instituto fuera a estudiar a Singapur o Jap\u00f3n, lo mandar\u00edan de vuelta a primaria por su nivel de lectura","author":"Web del Maestro CMF","date":"28 julio, 2025","format":false,"excerpt":"\"No necesitamos mucha gente inteligente. Que el resto trabaje en McDonalds\"","rel":"","context":"En \u00abEntrevistas\u00bb","block_context":{"text":"Entrevistas","link":"https:\/\/webdelmaestrocmf.com\/portal\/category\/noticias\/entrevistas\/"},"img":{"alt_text":"","src":"https:\/\/i0.wp.com\/webdelmaestrocmf.com\/portal\/wp-content\/uploads\/2025\/07\/1A-Banner-1-portada-imagen-10-1-copia-1-2.webp?resize=350%2C200&ssl=1","width":350,"height":200,"srcset":"https:\/\/i0.wp.com\/webdelmaestrocmf.com\/portal\/wp-content\/uploads\/2025\/07\/1A-Banner-1-portada-imagen-10-1-copia-1-2.webp?resize=350%2C200&ssl=1 1x, https:\/\/i0.wp.com\/webdelmaestrocmf.com\/portal\/wp-content\/uploads\/2025\/07\/1A-Banner-1-portada-imagen-10-1-copia-1-2.webp?resize=525%2C300&ssl=1 1.5x, https:\/\/i0.wp.com\/webdelmaestrocmf.com\/portal\/wp-content\/uploads\/2025\/07\/1A-Banner-1-portada-imagen-10-1-copia-1-2.webp?resize=700%2C400&ssl=1 2x"},"classes":[]},{"id":89669,"url":"https:\/\/webdelmaestrocmf.com\/portal\/225-cuentos-cortos-para-ninos-para-aplicarlos-en-el-aula\/","url_meta":{"origin":106903,"position":5},"title":"295 cuentos cortos para descargar y aplicarlos en el aula","author":"Web del Maestro CMF","date":"14 febrero, 2024","format":false,"excerpt":"Los cuentos cortos han sido una fuente de entretenimiento y aprendizaje para ni\u00f1os de todas las culturas y generaciones. Estas peque\u00f1as historias han capturado la imaginaci\u00f3n de los m\u00e1s j\u00f3venes y los han transportado a mundos m\u00e1gicos y emocionantes. Sin embargo, m\u00e1s all\u00e1 de su encanto narrativo, los cuentos cortos\u2026","rel":"","context":"En \u00abCuentos\u00bb","block_context":{"text":"Cuentos","link":"https:\/\/webdelmaestrocmf.com\/portal\/category\/pedagogia\/cuentos\/"},"img":{"alt_text":"Cuentos cortos","src":"https:\/\/i0.wp.com\/webdelmaestrocmf.com\/portal\/wp-content\/uploads\/2023\/05\/Banner-1-portada-imagen-10-1.jpg?resize=350%2C200&ssl=1","width":350,"height":200,"srcset":"https:\/\/i0.wp.com\/webdelmaestrocmf.com\/portal\/wp-content\/uploads\/2023\/05\/Banner-1-portada-imagen-10-1.jpg?resize=350%2C200&ssl=1 1x, https:\/\/i0.wp.com\/webdelmaestrocmf.com\/portal\/wp-content\/uploads\/2023\/05\/Banner-1-portada-imagen-10-1.jpg?resize=525%2C300&ssl=1 1.5x, https:\/\/i0.wp.com\/webdelmaestrocmf.com\/portal\/wp-content\/uploads\/2023\/05\/Banner-1-portada-imagen-10-1.jpg?resize=700%2C400&ssl=1 2x"},"classes":[]}],"_links":{"self":[{"href":"https:\/\/webdelmaestrocmf.com\/portal\/wp-json\/wp\/v2\/posts\/106903","targetHints":{"allow":["GET"]}}],"collection":[{"href":"https:\/\/webdelmaestrocmf.com\/portal\/wp-json\/wp\/v2\/posts"}],"about":[{"href":"https:\/\/webdelmaestrocmf.com\/portal\/wp-json\/wp\/v2\/types\/post"}],"author":[{"embeddable":true,"href":"https:\/\/webdelmaestrocmf.com\/portal\/wp-json\/wp\/v2\/users\/1"}],"replies":[{"embeddable":true,"href":"https:\/\/webdelmaestrocmf.com\/portal\/wp-json\/wp\/v2\/comments?post=106903"}],"version-history":[{"count":0,"href":"https:\/\/webdelmaestrocmf.com\/portal\/wp-json\/wp\/v2\/posts\/106903\/revisions"}],"wp:featuredmedia":[{"embeddable":true,"href":"https:\/\/webdelmaestrocmf.com\/portal\/wp-json\/wp\/v2\/media\/106905"}],"wp:attachment":[{"href":"https:\/\/webdelmaestrocmf.com\/portal\/wp-json\/wp\/v2\/media?parent=106903"}],"wp:term":[{"taxonomy":"category","embeddable":true,"href":"https:\/\/webdelmaestrocmf.com\/portal\/wp-json\/wp\/v2\/categories?post=106903"},{"taxonomy":"post_tag","embeddable":true,"href":"https:\/\/webdelmaestrocmf.com\/portal\/wp-json\/wp\/v2\/tags?post=106903"}],"curies":[{"name":"wp","href":"https:\/\/api.w.org\/{rel}","templated":true}]}}