{"id":106856,"date":"2024-11-07T18:35:24","date_gmt":"2024-11-07T21:35:24","guid":{"rendered":"https:\/\/webdelmaestrocmf.com\/portal\/?p=106856"},"modified":"2025-06-17T12:40:46","modified_gmt":"2025-06-17T16:40:46","slug":"proponen-prohiben-el-uso-de-redes-sociales-a-menores-de-16-anos","status":"publish","type":"post","link":"https:\/\/webdelmaestrocmf.com\/portal\/proponen-prohiben-el-uso-de-redes-sociales-a-menores-de-16-anos\/","title":{"rendered":"Proponen prohibir el uso de redes sociales a menores de 16 a\u00f1os"},"content":{"rendered":"<p style=\"text-align: justify;\">Recientemente, el gobierno de Australia ha anunciado un ambicioso proyecto de ley para prohibir el uso de redes sociales a menores de 16 a\u00f1os. La iniciativa, impulsada por el primer ministro Anthony Albanese, busca proteger a los adolescentes de los efectos nocivos de redes como TikTok, Instagram y Facebook, argumentando que estas plataformas han impactado negativamente en la juventud, causando problemas de salud f\u00edsica y mental.<!--more--><\/p>\n<p style=\"text-align: justify;\">Entre estos, el gobierno destaca la presi\u00f3n por la imagen corporal, la exposici\u00f3n a contenido mis\u00f3gino y el riesgo de dependencia. Este marco legal, que prev\u00e9 el uso de controles biom\u00e9tricos y de documentos oficiales para verificar la edad, podr\u00eda convertirse en uno de los m\u00e1s rigurosos a nivel mundial si se aprueba en 2025.<\/p>\n<p style=\"text-align: justify;\">Sin embargo, para padres y educadores, esta propuesta plantea varios retos y preguntas sobre sus posibles beneficios y limitaciones. Aunque los riesgos que menciona el gobierno australiano son conocidos, expertos en salud mental y neurociencia subrayan que una prohibici\u00f3n total no resuelve los problemas de fondo.<\/p>\n<p style=\"text-align: justify;\">A continuaci\u00f3n, analizamos los efectos que el uso de redes sociales tiene en los adolescentes, as\u00ed como enfoques alternativos para abordar estos desaf\u00edos.<\/p>\n<h2 style=\"text-align: left;\"><strong>1. Impacto en el Desarrollo Cerebral y Emocional<\/strong><\/h2>\n<p style=\"text-align: justify;\">La adolescencia es una etapa clave para el desarrollo cerebral, especialmente en \u00e1reas relacionadas con la regulaci\u00f3n emocional y la toma de decisiones. Las redes sociales, al ofrecer gratificaci\u00f3n inmediata a trav\u00e9s de \u00abme gusta\u00bb y comentarios, pueden impactar el desarrollo de estas habilidades, pues el cerebro adolescente es m\u00e1s sensible a las recompensas inmediatas. Seg\u00fan investigaciones, esta exposici\u00f3n constante a recompensas digitales puede reforzar una dependencia emocional y afectar su habilidad para gestionar la frustraci\u00f3n. La dopamina, un neurotransmisor asociado al placer, se activa cada vez que un adolescente recibe validaci\u00f3n en redes, lo que contribuye a una relaci\u00f3n emocional dependiente.<\/p>\n<h2 style=\"text-align: left;\"><strong>2. Aumento de Ansiedad y Depresi\u00f3n<\/strong><\/h2>\n<p style=\"text-align: justify;\">La American Psychological Association (APA) ha documentado que el uso excesivo de redes sociales puede estar relacionado con altos niveles de ansiedad y depresi\u00f3n en adolescentes, especialmente en aquellos que comparan su vida con las im\u00e1genes idealizadas que ven en l\u00ednea. La exposici\u00f3n prolongada a contenido que promueve ideales de belleza poco realistas y la presi\u00f3n de mantener una \u00abimagen perfecta\u00bb en redes puede afectar profundamente la autoestima de los j\u00f3venes. Estudios confirman que el fen\u00f3meno de \u00abcomparaci\u00f3n social\u00bb puede llevar a los adolescentes a desarrollar inseguridades y s\u00edntomas de ansiedad y depresi\u00f3n. Este efecto es particularmente com\u00fan en aquellos que pasan m\u00e1s de dos horas diarias en redes sociales.<\/p>\n<h2 style=\"text-align: left;\"><strong>3. Riesgos de Exposici\u00f3n a Contenidos Inapropiados y Peligrosos<\/strong><\/h2>\n<p style=\"text-align: justify;\">Las redes sociales permiten el acceso a todo tipo de contenido sin filtros adecuados, lo que aumenta el riesgo de que los adolescentes se expongan a temas sensibles como violencia, acoso y desinformaci\u00f3n. Esta exposici\u00f3n temprana puede llevar a una insensibilizaci\u00f3n a la violencia y la normalizaci\u00f3n de conductas peligrosas. Tambi\u00e9n eleva el riesgo de exposici\u00f3n a amenazas online, como el grooming, o la presi\u00f3n social hacia comportamientos da\u00f1inos. Investigaciones sobre el impacto de la exposici\u00f3n a contenido riesgoso indican que los adolescentes, al no haber desarrollado del todo su capacidad cr\u00edtica, son especialmente vulnerables a imitar conductas que observan en l\u00ednea.<\/p>\n<h2 style=\"text-align: left;\"><strong>4. Acompa\u00f1amiento Parental y Educaci\u00f3n Digital como Alternativa<\/strong><\/h2>\n<p style=\"text-align: justify;\">En lugar de solo prohibir el acceso, muchos expertos recomiendan que el acompa\u00f1amiento parental y la educaci\u00f3n digital sean fundamentales para ayudar a los adolescentes a desarrollar una relaci\u00f3n saludable con la tecnolog\u00eda. Ense\u00f1arles a gestionar su tiempo en l\u00ednea, a identificar contenido riesgoso y a entender c\u00f3mo funcionan los algoritmos puede resultar m\u00e1s efectivo que la prohibici\u00f3n total. Tambi\u00e9n es esencial que los padres mantengan una comunicaci\u00f3n abierta sobre los riesgos de las redes sociales y creen un ambiente de confianza para que los j\u00f3venes puedan compartir sus experiencias en l\u00ednea. La educaci\u00f3n en alfabetizaci\u00f3n digital ayuda a los adolescentes a desarrollar habilidades cr\u00edticas y les permite usar las redes de manera m\u00e1s consciente y equilibrada.<\/p>\n<h2 style=\"text-align: left;\"><strong>5. Conclusi\u00f3n: Un Balance entre Regulaci\u00f3n y Educaci\u00f3n<\/strong><\/h2>\n<p style=\"text-align: justify;\">La prohibici\u00f3n total es una respuesta contundente a un problema complejo, pero la evidencia cient\u00edfica sugiere que un enfoque equilibrado puede ser m\u00e1s efectivo. La combinaci\u00f3n de una regulaci\u00f3n razonable, educaci\u00f3n en competencias digitales y una mayor participaci\u00f3n de los padres permite a los adolescentes desarrollar herramientas s\u00f3lidas para enfrentarse al mundo digital de manera consciente y segura. Este enfoque no solo reduce los riesgos asociados a las redes, sino que tambi\u00e9n prepara a los j\u00f3venes para navegar en un entorno en l\u00ednea que seguir\u00e1 evolucionando.<\/p>\n<p style=\"text-align: justify;\">Para padres y maestros, este debate resalta la importancia de acompa\u00f1ar a los j\u00f3venes en su uso digital y promover una relaci\u00f3n saludable con las redes, considerando tanto los riesgos como las oportunidades que ofrecen. La educaci\u00f3n digital y el acompa\u00f1amiento familiar pueden ser clave para que esta generaci\u00f3n no solo est\u00e9 protegida, sino tambi\u00e9n capacitada para hacer un uso seguro y positivo de las redes sociales.<\/p>\n<p><img loading=\"lazy\" decoding=\"async\" class=\"alignnone wp-image-106858\" src=\"https:\/\/webdelmaestrocmf.com\/portal\/wp-content\/uploads\/2024\/11\/1-649x1024.jpg\" alt=\"\" width=\"867\" height=\"1368\" srcset=\"https:\/\/webdelmaestrocmf.com\/portal\/wp-content\/uploads\/2024\/11\/1-649x1024.jpg 649w, https:\/\/webdelmaestrocmf.com\/portal\/wp-content\/uploads\/2024\/11\/1-190x300.jpg 190w, https:\/\/webdelmaestrocmf.com\/portal\/wp-content\/uploads\/2024\/11\/1-380x600.jpg 380w, https:\/\/webdelmaestrocmf.com\/portal\/wp-content\/uploads\/2024\/11\/1-550x868.jpg 550w, https:\/\/webdelmaestrocmf.com\/portal\/wp-content\/uploads\/2024\/11\/1.jpg 736w\" sizes=\"auto, (max-width: 867px) 100vw, 867px\" \/><\/p>\n<h3><strong>Preguntas de Reflexi\u00f3n<\/strong><\/h3>\n<ul>\n<li>\u00bfQu\u00e9 impacto crees que tendr\u00eda una prohibici\u00f3n de redes sociales en la vida social de los adolescentes?<\/li>\n<li>\u00bfConsideras que es posible educar a los j\u00f3venes en el uso responsable de las redes sin recurrir a prohibiciones estrictas?<\/li>\n<li>\u00bfDe qu\u00e9 manera podr\u00edas contribuir como padre o docente a que los adolescentes comprendan los riesgos y beneficios de las redes sociales?<\/li>\n<li>\u00bfQu\u00e9 tipo de herramientas o habilidades digitales podr\u00edan necesitar los adolescentes para enfrentar los riesgos de las redes sociales?<\/li>\n<li>\u00bfCrees que una prohibici\u00f3n como la propuesta en Australia ser\u00eda viable y efectiva en tu comunidad? \u00bfPor qu\u00e9?<\/li>\n<\/ul>\n<p style=\"text-align: right;\"><strong>REDACCI\u00d3N WEB DEL MAESTRO CMF<\/strong><\/p>\n\t\t<div class=\"pk-inline-posts\">\n\t\t\t\n\t\t\t<div class=\"pk-inline-posts-container pk-inline-posts-template-list\"\n\t\t\t\tdata-columns=\"1\">\n\t\t\t\t\t\t<article id=\"post-118473\" class=\"post-118473 post type-post status-publish format-standard has-post-thumbnail category-noticias-internacionales tag-convivencia tag-docentes tag-educacion-3 tag-gestion-escolar-2 tag-protocolos tag-salud-mental tag-seguridad-escolar tag-simulacros tag-violencia-escolar cs-entry cs-video-wrap\">\n\t\t\t<div class=\"pk-post-outer\">\n\n\t\t\t\t\t\t\t\t<div class=\"pk-post-inner\">\n\t\t\t\t\t<div class=\"entry-thumbnail\">\n\t\t\t\t\t\t<div class=\"pk-overlay pk-overlay-ratio pk-ratio-landscape\">\n\t\t\t\t\t\t\t<div class=\"pk-overlay-background\">\n\t\t\t\t\t\t\t\t<a href=\"https:\/\/webdelmaestrocmf.com\/portal\/se-confirma-que-habra-simulacros-de-tiroteos-en-las-escuelas\/\" class=\"pk-overlay-link\">\n\t\t\t\t\t\t\t\t\t<img loading=\"lazy\" decoding=\"async\" width=\"300\" height=\"225\" src=\"https:\/\/webdelmaestrocmf.com\/portal\/wp-content\/uploads\/2026\/04\/1AA-Banner-1-portada-imagen-10-1-copia-1-11-300x225.webp\" class=\"attachment-pk-thumbnail size-pk-thumbnail wp-post-image\" alt=\"\" \/>\t\t\t\t\t\t\t\t<\/a>\n\t\t\t\t\t\t\t<\/div>\n\t\t\t\t\t\t<\/div>\n\t\t\t\t\t<\/div>\n\t\t\t\t<\/div>\n\t\t\t\t\n\t\t\t\t<div class=\"pk-post-inner\">\n\t\t\t\t\t<header>\n\t\t\t\t\t\t<h3 class=\"pk-title\"><a href=\"https:\/\/webdelmaestrocmf.com\/portal\/se-confirma-que-habra-simulacros-de-tiroteos-en-las-escuelas\/\" rel=\"bookmark\">Se confirma que habr\u00e1 simulacros de tiroteos en las escuelas<\/a><\/h3>\t\t\t\t\t<\/header><!-- .entry-header -->\n\t\t\t\t<\/div><!-- .post-inner -->\n\n\t\t\t<\/div><!-- .post-outer -->\n\t\t<\/article>\n\t\t\t<article id=\"post-118464\" class=\"post-118464 post type-post status-publish format-standard has-post-thumbnail category-noticias-internacionales tag-aula tag-convivencia-escolar tag-disciplina tag-docentes tag-educacion-3 tag-estudiantes tag-gestion-educativa-3 tag-normativa tag-pedagogia-3 tag-violencia-escolar cs-entry cs-video-wrap\">\n\t\t\t<div class=\"pk-post-outer\">\n\n\t\t\t\t\t\t\t\t<div class=\"pk-post-inner\">\n\t\t\t\t\t<div class=\"entry-thumbnail\">\n\t\t\t\t\t\t<div class=\"pk-overlay pk-overlay-ratio pk-ratio-landscape\">\n\t\t\t\t\t\t\t<div class=\"pk-overlay-background\">\n\t\t\t\t\t\t\t\t<a href=\"https:\/\/webdelmaestrocmf.com\/portal\/peru-pone-limites-estudiantes-violentos-podrian-salir-del-aula-presencial-y-pasar-a-otra-modalidad-educativa\/\" class=\"pk-overlay-link\">\n\t\t\t\t\t\t\t\t\t<img loading=\"lazy\" decoding=\"async\" width=\"300\" height=\"225\" src=\"https:\/\/webdelmaestrocmf.com\/portal\/wp-content\/uploads\/2026\/04\/1AA-Banner-1-portada-imagen-10-1-copia-38-300x225.webp\" class=\"attachment-pk-thumbnail size-pk-thumbnail wp-post-image\" alt=\"\" \/>\t\t\t\t\t\t\t\t<\/a>\n\t\t\t\t\t\t\t<\/div>\n\t\t\t\t\t\t<\/div>\n\t\t\t\t\t<\/div>\n\t\t\t\t<\/div>\n\t\t\t\t\n\t\t\t\t<div class=\"pk-post-inner\">\n\t\t\t\t\t<header>\n\t\t\t\t\t\t<h3 class=\"pk-title\"><a href=\"https:\/\/webdelmaestrocmf.com\/portal\/peru-pone-limites-estudiantes-violentos-podrian-salir-del-aula-presencial-y-pasar-a-otra-modalidad-educativa\/\" rel=\"bookmark\">Per\u00fa pone l\u00edmites: estudiantes violentos podr\u00edan salir del aula presencial y pasar a otra modalidad educativa<\/a><\/h3>\t\t\t\t\t<\/header><!-- .entry-header -->\n\t\t\t\t<\/div><!-- .post-inner -->\n\n\t\t\t<\/div><!-- .post-outer -->\n\t\t<\/article>\n\t\t\t<article id=\"post-118433\" class=\"post-118433 post type-post status-publish format-standard has-post-thumbnail category-noticias-internacionales tag-aprendizaje tag-atencion-en-el-aula-2 tag-docentes tag-educacion-3 tag-estrategias-didacticas-2 tag-innovacion-educativa-3 tag-motivacion-escolar-2 tag-neuroeducacion-2 tag-pedagogia-3 tag-tecnologia-educativa-3 cs-entry cs-video-wrap\">\n\t\t\t<div class=\"pk-post-outer\">\n\n\t\t\t\t\t\t\t\t<div class=\"pk-post-inner\">\n\t\t\t\t\t<div class=\"entry-thumbnail\">\n\t\t\t\t\t\t<div class=\"pk-overlay pk-overlay-ratio pk-ratio-landscape\">\n\t\t\t\t\t\t\t<div class=\"pk-overlay-background\">\n\t\t\t\t\t\t\t\t<a href=\"https:\/\/webdelmaestrocmf.com\/portal\/9-de-cada-10-maestros-confirman-que-los-alumnos-ya-no-prestan-atencion-en-clase\/\" class=\"pk-overlay-link\">\n\t\t\t\t\t\t\t\t\t<img loading=\"lazy\" decoding=\"async\" width=\"300\" height=\"225\" src=\"https:\/\/webdelmaestrocmf.com\/portal\/wp-content\/uploads\/2026\/04\/1AA-Banner-1-portada-imagen-10-1-copia-1-10-300x225.webp\" class=\"attachment-pk-thumbnail size-pk-thumbnail wp-post-image\" alt=\"\" \/>\t\t\t\t\t\t\t\t<\/a>\n\t\t\t\t\t\t\t<\/div>\n\t\t\t\t\t\t<\/div>\n\t\t\t\t\t<\/div>\n\t\t\t\t<\/div>\n\t\t\t\t\n\t\t\t\t<div class=\"pk-post-inner\">\n\t\t\t\t\t<header>\n\t\t\t\t\t\t<h3 class=\"pk-title\"><a href=\"https:\/\/webdelmaestrocmf.com\/portal\/9-de-cada-10-maestros-confirman-que-los-alumnos-ya-no-prestan-atencion-en-clase\/\" rel=\"bookmark\">9 de cada 10 maestros confirman que los alumnos ya no prestan atenci\u00f3n en clase<\/a><\/h3>\t\t\t\t\t<\/header><!-- .entry-header -->\n\t\t\t\t<\/div><!-- .post-inner -->\n\n\t\t\t<\/div><!-- .post-outer -->\n\t\t<\/article>\n\t\t\t\t<\/div>\n\t\t<\/div>\n\t\t\n","protected":false},"excerpt":{"rendered":"Recientemente, el gobierno de Australia ha anunciado un ambicioso proyecto de ley para prohibir el uso de redes&hellip;","protected":false},"author":1,"featured_media":106857,"comment_status":"open","ping_status":"closed","sticky":false,"template":"","format":"standard","meta":{"csco_display_header_overlay":false,"csco_singular_sidebar":"","csco_page_header_type":"","csco_page_load_nextpost":"","csco_post_video_location":[],"csco_post_video_location_hash":"","csco_post_video_url":"","csco_post_video_bg_start_time":0,"csco_post_video_bg_end_time":0,"csco_post_video_bg_volume":false,"_jetpack_memberships_contains_paid_content":false,"footnotes":""},"categories":[23790,1548],"tags":[6003,23482,903],"class_list":{"0":"post-106856","1":"post","2":"type-post","3":"status-publish","4":"format-standard","5":"has-post-thumbnail","7":"category-noticias-internacionales","8":"category-redes-sociales","9":"tag-menores","10":"tag-prohiben","11":"tag-redes-sociales","12":"cs-entry","13":"cs-video-wrap"},"yoast_head":"<!-- This site is optimized with the Yoast SEO plugin v27.5 - https:\/\/yoast.com\/product\/yoast-seo-wordpress\/ -->\n<title>Proponen prohibir el uso de redes sociales a menores de 16 a\u00f1os - 2026<\/title>\n<meta name=\"description\" content=\"Recientemente, el gobierno de Australia ha anunciado un ambicioso proyecto de ley para prohibir el uso de redes sociales a menores de 16 a\u00f1os.\" \/>\n<meta name=\"robots\" content=\"index, follow, max-snippet:-1, max-image-preview:large, max-video-preview:-1\" \/>\n<link rel=\"canonical\" href=\"https:\/\/webdelmaestrocmf.com\/portal\/proponen-prohiben-el-uso-de-redes-sociales-a-menores-de-16-anos\/\" \/>\n<meta property=\"og:locale\" content=\"es_ES\" \/>\n<meta property=\"og:type\" content=\"article\" \/>\n<meta property=\"og:title\" content=\"Proponen prohibir el uso de redes sociales a menores de 16 a\u00f1os - 2026\" \/>\n<meta property=\"og:description\" content=\"Recientemente, el gobierno de Australia ha anunciado un ambicioso proyecto de ley para prohibir el uso de redes sociales a menores de 16 a\u00f1os.\" \/>\n<meta property=\"og:url\" content=\"https:\/\/webdelmaestrocmf.com\/portal\/proponen-prohiben-el-uso-de-redes-sociales-a-menores-de-16-anos\/\" \/>\n<meta property=\"og:site_name\" content=\"Web del Maestro CMF\" \/>\n<meta property=\"article:publisher\" content=\"https:\/\/www.facebook.com\/WebdelMaestroCMF\/\" \/>\n<meta property=\"article:author\" content=\"https:\/\/www.facebook.com\/WebdelMaestroCMF\/\" \/>\n<meta property=\"article:published_time\" content=\"2024-11-07T21:35:24+00:00\" \/>\n<meta property=\"article:modified_time\" content=\"2025-06-17T16:40:46+00:00\" \/>\n<meta property=\"og:image\" content=\"https:\/\/webdelmaestrocmf.com\/portal\/wp-content\/uploads\/2024\/11\/Banner-1-portada-imagen-10-1-29.jpg\" \/>\n\t<meta property=\"og:image:width\" content=\"1024\" \/>\n\t<meta property=\"og:image:height\" content=\"1024\" \/>\n\t<meta property=\"og:image:type\" content=\"image\/jpeg\" \/>\n<meta name=\"author\" content=\"Web del Maestro CMF\" \/>\n<meta name=\"twitter:card\" content=\"summary_large_image\" \/>\n<meta name=\"twitter:creator\" content=\"@cmf_w\" \/>\n<meta name=\"twitter:site\" content=\"@cmf_w\" \/>\n<script type=\"application\/ld+json\" class=\"yoast-schema-graph\">{\"@context\":\"https:\\\/\\\/schema.org\",\"@graph\":[{\"@type\":\"ScholarlyArticle\",\"@id\":\"https:\\\/\\\/webdelmaestrocmf.com\\\/portal\\\/proponen-prohiben-el-uso-de-redes-sociales-a-menores-de-16-anos\\\/#article\",\"isPartOf\":{\"@id\":\"https:\\\/\\\/webdelmaestrocmf.com\\\/portal\\\/proponen-prohiben-el-uso-de-redes-sociales-a-menores-de-16-anos\\\/\"},\"author\":{\"name\":\"Web del Maestro CMF\",\"@id\":\"https:\\\/\\\/webdelmaestrocmf.com\\\/portal\\\/#\\\/schema\\\/person\\\/1072a2ed7bd960df8ef99a551fa35dc5\"},\"headline\":\"Proponen prohibir el uso de redes sociales a menores de 16 a\u00f1os\",\"datePublished\":\"2024-11-07T21:35:24+00:00\",\"dateModified\":\"2025-06-17T16:40:46+00:00\",\"mainEntityOfPage\":{\"@id\":\"https:\\\/\\\/webdelmaestrocmf.com\\\/portal\\\/proponen-prohiben-el-uso-de-redes-sociales-a-menores-de-16-anos\\\/\"},\"wordCount\":1019,\"commentCount\":0,\"publisher\":{\"@id\":\"https:\\\/\\\/webdelmaestrocmf.com\\\/portal\\\/#organization\"},\"image\":{\"@id\":\"https:\\\/\\\/webdelmaestrocmf.com\\\/portal\\\/proponen-prohiben-el-uso-de-redes-sociales-a-menores-de-16-anos\\\/#primaryimage\"},\"thumbnailUrl\":\"https:\\\/\\\/webdelmaestrocmf.com\\\/portal\\\/wp-content\\\/uploads\\\/2024\\\/11\\\/Banner-1-portada-imagen-10-1-29.jpg\",\"keywords\":[\"menores\",\"proh\u00edben\",\"redes sociales\"],\"articleSection\":[\"Noticias Internacionales\",\"Redes Sociales\"],\"inLanguage\":\"es\",\"potentialAction\":[{\"@type\":\"CommentAction\",\"name\":\"Comment\",\"target\":[\"https:\\\/\\\/webdelmaestrocmf.com\\\/portal\\\/proponen-prohiben-el-uso-de-redes-sociales-a-menores-de-16-anos\\\/#respond\"]}]},{\"@type\":\"WebPage\",\"@id\":\"https:\\\/\\\/webdelmaestrocmf.com\\\/portal\\\/proponen-prohiben-el-uso-de-redes-sociales-a-menores-de-16-anos\\\/\",\"url\":\"https:\\\/\\\/webdelmaestrocmf.com\\\/portal\\\/proponen-prohiben-el-uso-de-redes-sociales-a-menores-de-16-anos\\\/\",\"name\":\"Proponen prohibir el uso de redes sociales a menores de 16 a\u00f1os - 2026\",\"isPartOf\":{\"@id\":\"https:\\\/\\\/webdelmaestrocmf.com\\\/portal\\\/#website\"},\"primaryImageOfPage\":{\"@id\":\"https:\\\/\\\/webdelmaestrocmf.com\\\/portal\\\/proponen-prohiben-el-uso-de-redes-sociales-a-menores-de-16-anos\\\/#primaryimage\"},\"image\":{\"@id\":\"https:\\\/\\\/webdelmaestrocmf.com\\\/portal\\\/proponen-prohiben-el-uso-de-redes-sociales-a-menores-de-16-anos\\\/#primaryimage\"},\"thumbnailUrl\":\"https:\\\/\\\/webdelmaestrocmf.com\\\/portal\\\/wp-content\\\/uploads\\\/2024\\\/11\\\/Banner-1-portada-imagen-10-1-29.jpg\",\"datePublished\":\"2024-11-07T21:35:24+00:00\",\"dateModified\":\"2025-06-17T16:40:46+00:00\",\"description\":\"Recientemente, el gobierno de Australia ha anunciado un ambicioso proyecto de ley para prohibir el uso de redes sociales a menores de 16 a\u00f1os.\",\"breadcrumb\":{\"@id\":\"https:\\\/\\\/webdelmaestrocmf.com\\\/portal\\\/proponen-prohiben-el-uso-de-redes-sociales-a-menores-de-16-anos\\\/#breadcrumb\"},\"inLanguage\":\"es\",\"potentialAction\":[{\"@type\":\"ReadAction\",\"target\":[\"https:\\\/\\\/webdelmaestrocmf.com\\\/portal\\\/proponen-prohiben-el-uso-de-redes-sociales-a-menores-de-16-anos\\\/\"]}]},{\"@type\":\"ImageObject\",\"inLanguage\":\"es\",\"@id\":\"https:\\\/\\\/webdelmaestrocmf.com\\\/portal\\\/proponen-prohiben-el-uso-de-redes-sociales-a-menores-de-16-anos\\\/#primaryimage\",\"url\":\"https:\\\/\\\/webdelmaestrocmf.com\\\/portal\\\/wp-content\\\/uploads\\\/2024\\\/11\\\/Banner-1-portada-imagen-10-1-29.jpg\",\"contentUrl\":\"https:\\\/\\\/webdelmaestrocmf.com\\\/portal\\\/wp-content\\\/uploads\\\/2024\\\/11\\\/Banner-1-portada-imagen-10-1-29.jpg\",\"width\":1024,\"height\":1024},{\"@type\":\"BreadcrumbList\",\"@id\":\"https:\\\/\\\/webdelmaestrocmf.com\\\/portal\\\/proponen-prohiben-el-uso-de-redes-sociales-a-menores-de-16-anos\\\/#breadcrumb\",\"itemListElement\":[{\"@type\":\"ListItem\",\"position\":1,\"name\":\"Portada\",\"item\":\"https:\\\/\\\/webdelmaestrocmf.com\\\/portal\\\/\"},{\"@type\":\"ListItem\",\"position\":2,\"name\":\"Tecnolog\u00eda\",\"item\":\"https:\\\/\\\/webdelmaestrocmf.com\\\/portal\\\/category\\\/tecnologia\\\/\"},{\"@type\":\"ListItem\",\"position\":3,\"name\":\"Redes Sociales\",\"item\":\"https:\\\/\\\/webdelmaestrocmf.com\\\/portal\\\/category\\\/tecnologia\\\/redes-sociales\\\/\"},{\"@type\":\"ListItem\",\"position\":4,\"name\":\"Proponen prohibir el uso de redes sociales a menores de 16 a\u00f1os\"}]},{\"@type\":\"WebSite\",\"@id\":\"https:\\\/\\\/webdelmaestrocmf.com\\\/portal\\\/#website\",\"url\":\"https:\\\/\\\/webdelmaestrocmf.com\\\/portal\\\/\",\"name\":\"Web del Maestro CMF\",\"description\":\"Maestros al servicio de la educaci\u00f3n\",\"publisher\":{\"@id\":\"https:\\\/\\\/webdelmaestrocmf.com\\\/portal\\\/#organization\"},\"alternateName\":\"WMCMF\",\"potentialAction\":[{\"@type\":\"SearchAction\",\"target\":{\"@type\":\"EntryPoint\",\"urlTemplate\":\"https:\\\/\\\/webdelmaestrocmf.com\\\/portal\\\/?s={search_term_string}\"},\"query-input\":{\"@type\":\"PropertyValueSpecification\",\"valueRequired\":true,\"valueName\":\"search_term_string\"}}],\"inLanguage\":\"es\"},{\"@type\":\"Organization\",\"@id\":\"https:\\\/\\\/webdelmaestrocmf.com\\\/portal\\\/#organization\",\"name\":\"Web del Maestro CMF\",\"alternateName\":\"WMCMF\",\"url\":\"https:\\\/\\\/webdelmaestrocmf.com\\\/portal\\\/\",\"logo\":{\"@type\":\"ImageObject\",\"inLanguage\":\"es\",\"@id\":\"https:\\\/\\\/webdelmaestrocmf.com\\\/portal\\\/#\\\/schema\\\/logo\\\/image\\\/\",\"url\":\"https:\\\/\\\/webdelmaestrocmf.com\\\/portal\\\/wp-content\\\/uploads\\\/2023\\\/01\\\/logo-wmcmf-2.png\",\"contentUrl\":\"https:\\\/\\\/webdelmaestrocmf.com\\\/portal\\\/wp-content\\\/uploads\\\/2023\\\/01\\\/logo-wmcmf-2.png\",\"width\":200,\"height\":60,\"caption\":\"Web del Maestro CMF\"},\"image\":{\"@id\":\"https:\\\/\\\/webdelmaestrocmf.com\\\/portal\\\/#\\\/schema\\\/logo\\\/image\\\/\"},\"sameAs\":[\"https:\\\/\\\/www.facebook.com\\\/WebdelMaestroCMF\\\/\",\"https:\\\/\\\/x.com\\\/cmf_w\",\"https:\\\/\\\/www.pinterest.com\\\/WMCMF\\\/\",\"https:\\\/\\\/www.linkedin.com\\\/company\\\/web-del-maestro-cmf\\\/\",\"https:\\\/\\\/www.instagram.com\\\/wmcmf\\\/\",\"https:\\\/\\\/www.youtube.com\\\/channel\\\/UCDPSvjbdodE5sHnC3OxutHw\",\"https:\\\/\\\/mastodon.social\\\/@wmcmf\",\"https:\\\/\\\/www.tiktok.com\\\/@webdelmaestrocmf\"]},{\"@type\":\"Person\",\"@id\":\"https:\\\/\\\/webdelmaestrocmf.com\\\/portal\\\/#\\\/schema\\\/person\\\/1072a2ed7bd960df8ef99a551fa35dc5\",\"name\":\"Web del Maestro CMF\",\"image\":{\"@type\":\"ImageObject\",\"inLanguage\":\"es\",\"@id\":\"https:\\\/\\\/secure.gravatar.com\\\/avatar\\\/23291dd5b5ae1077dcff3dbb04c3e02bd28403fa75af6d8787d5e97c5bbbe30b?s=96&d=mm&r=g\",\"url\":\"https:\\\/\\\/secure.gravatar.com\\\/avatar\\\/23291dd5b5ae1077dcff3dbb04c3e02bd28403fa75af6d8787d5e97c5bbbe30b?s=96&d=mm&r=g\",\"contentUrl\":\"https:\\\/\\\/secure.gravatar.com\\\/avatar\\\/23291dd5b5ae1077dcff3dbb04c3e02bd28403fa75af6d8787d5e97c5bbbe30b?s=96&d=mm&r=g\",\"caption\":\"Web del Maestro CMF\"},\"description\":\"Esta Web se cre\u00f3 sin fines de lucro, con fines educativos, cient\u00edficos y acad\u00e9micos, para personas que tengan dificultades y\\\/o inconvenientes en visualizar el material original. El objetivo es entregar recursos, compartir experiencias y materiales que ayuden a los padres de familia, maestros y estudiantes en su actualizaci\u00f3n y formaci\u00f3n permanente, en bien de la Educaci\u00f3n.\",\"sameAs\":[\"http:\\\/\\\/webdelmaestrocmf.com\\\/portal\",\"https:\\\/\\\/www.facebook.com\\\/WebdelMaestroCMF\\\/\",\"https:\\\/\\\/www.instagram.com\\\/wmcmf\\\/\",\"https:\\\/\\\/cl.linkedin.com\\\/company\\\/web-del-maestro-cmf\",\"https:\\\/\\\/www.pinterest.com\\\/WMCMF\\\/publicaciones\\\/\",\"https:\\\/\\\/x.com\\\/cmf_w\",\"https:\\\/\\\/www.youtube.com\\\/@WMCMF\"]}]}<\/script>\n<!-- \/ Yoast SEO plugin. -->","yoast_head_json":{"title":"Proponen prohibir el uso de redes sociales a menores de 16 a\u00f1os - 2026","description":"Recientemente, el gobierno de Australia ha anunciado un ambicioso proyecto de ley para prohibir el uso de redes sociales a menores de 16 a\u00f1os.","robots":{"index":"index","follow":"follow","max-snippet":"max-snippet:-1","max-image-preview":"max-image-preview:large","max-video-preview":"max-video-preview:-1"},"canonical":"https:\/\/webdelmaestrocmf.com\/portal\/proponen-prohiben-el-uso-de-redes-sociales-a-menores-de-16-anos\/","og_locale":"es_ES","og_type":"article","og_title":"Proponen prohibir el uso de redes sociales a menores de 16 a\u00f1os - 2026","og_description":"Recientemente, el gobierno de Australia ha anunciado un ambicioso proyecto de ley para prohibir el uso de redes sociales a menores de 16 a\u00f1os.","og_url":"https:\/\/webdelmaestrocmf.com\/portal\/proponen-prohiben-el-uso-de-redes-sociales-a-menores-de-16-anos\/","og_site_name":"Web del Maestro CMF","article_publisher":"https:\/\/www.facebook.com\/WebdelMaestroCMF\/","article_author":"https:\/\/www.facebook.com\/WebdelMaestroCMF\/","article_published_time":"2024-11-07T21:35:24+00:00","article_modified_time":"2025-06-17T16:40:46+00:00","og_image":[{"width":1024,"height":1024,"url":"https:\/\/webdelmaestrocmf.com\/portal\/wp-content\/uploads\/2024\/11\/Banner-1-portada-imagen-10-1-29.jpg","type":"image\/jpeg"}],"author":"Web del Maestro CMF","twitter_card":"summary_large_image","twitter_creator":"@cmf_w","twitter_site":"@cmf_w","schema":{"@context":"https:\/\/schema.org","@graph":[{"@type":"ScholarlyArticle","@id":"https:\/\/webdelmaestrocmf.com\/portal\/proponen-prohiben-el-uso-de-redes-sociales-a-menores-de-16-anos\/#article","isPartOf":{"@id":"https:\/\/webdelmaestrocmf.com\/portal\/proponen-prohiben-el-uso-de-redes-sociales-a-menores-de-16-anos\/"},"author":{"name":"Web del Maestro CMF","@id":"https:\/\/webdelmaestrocmf.com\/portal\/#\/schema\/person\/1072a2ed7bd960df8ef99a551fa35dc5"},"headline":"Proponen prohibir el uso de redes sociales a menores de 16 a\u00f1os","datePublished":"2024-11-07T21:35:24+00:00","dateModified":"2025-06-17T16:40:46+00:00","mainEntityOfPage":{"@id":"https:\/\/webdelmaestrocmf.com\/portal\/proponen-prohiben-el-uso-de-redes-sociales-a-menores-de-16-anos\/"},"wordCount":1019,"commentCount":0,"publisher":{"@id":"https:\/\/webdelmaestrocmf.com\/portal\/#organization"},"image":{"@id":"https:\/\/webdelmaestrocmf.com\/portal\/proponen-prohiben-el-uso-de-redes-sociales-a-menores-de-16-anos\/#primaryimage"},"thumbnailUrl":"https:\/\/webdelmaestrocmf.com\/portal\/wp-content\/uploads\/2024\/11\/Banner-1-portada-imagen-10-1-29.jpg","keywords":["menores","proh\u00edben","redes sociales"],"articleSection":["Noticias Internacionales","Redes Sociales"],"inLanguage":"es","potentialAction":[{"@type":"CommentAction","name":"Comment","target":["https:\/\/webdelmaestrocmf.com\/portal\/proponen-prohiben-el-uso-de-redes-sociales-a-menores-de-16-anos\/#respond"]}]},{"@type":"WebPage","@id":"https:\/\/webdelmaestrocmf.com\/portal\/proponen-prohiben-el-uso-de-redes-sociales-a-menores-de-16-anos\/","url":"https:\/\/webdelmaestrocmf.com\/portal\/proponen-prohiben-el-uso-de-redes-sociales-a-menores-de-16-anos\/","name":"Proponen prohibir el uso de redes sociales a menores de 16 a\u00f1os - 2026","isPartOf":{"@id":"https:\/\/webdelmaestrocmf.com\/portal\/#website"},"primaryImageOfPage":{"@id":"https:\/\/webdelmaestrocmf.com\/portal\/proponen-prohiben-el-uso-de-redes-sociales-a-menores-de-16-anos\/#primaryimage"},"image":{"@id":"https:\/\/webdelmaestrocmf.com\/portal\/proponen-prohiben-el-uso-de-redes-sociales-a-menores-de-16-anos\/#primaryimage"},"thumbnailUrl":"https:\/\/webdelmaestrocmf.com\/portal\/wp-content\/uploads\/2024\/11\/Banner-1-portada-imagen-10-1-29.jpg","datePublished":"2024-11-07T21:35:24+00:00","dateModified":"2025-06-17T16:40:46+00:00","description":"Recientemente, el gobierno de Australia ha anunciado un ambicioso proyecto de ley para prohibir el uso de redes sociales a menores de 16 a\u00f1os.","breadcrumb":{"@id":"https:\/\/webdelmaestrocmf.com\/portal\/proponen-prohiben-el-uso-de-redes-sociales-a-menores-de-16-anos\/#breadcrumb"},"inLanguage":"es","potentialAction":[{"@type":"ReadAction","target":["https:\/\/webdelmaestrocmf.com\/portal\/proponen-prohiben-el-uso-de-redes-sociales-a-menores-de-16-anos\/"]}]},{"@type":"ImageObject","inLanguage":"es","@id":"https:\/\/webdelmaestrocmf.com\/portal\/proponen-prohiben-el-uso-de-redes-sociales-a-menores-de-16-anos\/#primaryimage","url":"https:\/\/webdelmaestrocmf.com\/portal\/wp-content\/uploads\/2024\/11\/Banner-1-portada-imagen-10-1-29.jpg","contentUrl":"https:\/\/webdelmaestrocmf.com\/portal\/wp-content\/uploads\/2024\/11\/Banner-1-portada-imagen-10-1-29.jpg","width":1024,"height":1024},{"@type":"BreadcrumbList","@id":"https:\/\/webdelmaestrocmf.com\/portal\/proponen-prohiben-el-uso-de-redes-sociales-a-menores-de-16-anos\/#breadcrumb","itemListElement":[{"@type":"ListItem","position":1,"name":"Portada","item":"https:\/\/webdelmaestrocmf.com\/portal\/"},{"@type":"ListItem","position":2,"name":"Tecnolog\u00eda","item":"https:\/\/webdelmaestrocmf.com\/portal\/category\/tecnologia\/"},{"@type":"ListItem","position":3,"name":"Redes Sociales","item":"https:\/\/webdelmaestrocmf.com\/portal\/category\/tecnologia\/redes-sociales\/"},{"@type":"ListItem","position":4,"name":"Proponen prohibir el uso de redes sociales a menores de 16 a\u00f1os"}]},{"@type":"WebSite","@id":"https:\/\/webdelmaestrocmf.com\/portal\/#website","url":"https:\/\/webdelmaestrocmf.com\/portal\/","name":"Web del Maestro CMF","description":"Maestros al servicio de la educaci\u00f3n","publisher":{"@id":"https:\/\/webdelmaestrocmf.com\/portal\/#organization"},"alternateName":"WMCMF","potentialAction":[{"@type":"SearchAction","target":{"@type":"EntryPoint","urlTemplate":"https:\/\/webdelmaestrocmf.com\/portal\/?s={search_term_string}"},"query-input":{"@type":"PropertyValueSpecification","valueRequired":true,"valueName":"search_term_string"}}],"inLanguage":"es"},{"@type":"Organization","@id":"https:\/\/webdelmaestrocmf.com\/portal\/#organization","name":"Web del Maestro CMF","alternateName":"WMCMF","url":"https:\/\/webdelmaestrocmf.com\/portal\/","logo":{"@type":"ImageObject","inLanguage":"es","@id":"https:\/\/webdelmaestrocmf.com\/portal\/#\/schema\/logo\/image\/","url":"https:\/\/webdelmaestrocmf.com\/portal\/wp-content\/uploads\/2023\/01\/logo-wmcmf-2.png","contentUrl":"https:\/\/webdelmaestrocmf.com\/portal\/wp-content\/uploads\/2023\/01\/logo-wmcmf-2.png","width":200,"height":60,"caption":"Web del Maestro CMF"},"image":{"@id":"https:\/\/webdelmaestrocmf.com\/portal\/#\/schema\/logo\/image\/"},"sameAs":["https:\/\/www.facebook.com\/WebdelMaestroCMF\/","https:\/\/x.com\/cmf_w","https:\/\/www.pinterest.com\/WMCMF\/","https:\/\/www.linkedin.com\/company\/web-del-maestro-cmf\/","https:\/\/www.instagram.com\/wmcmf\/","https:\/\/www.youtube.com\/channel\/UCDPSvjbdodE5sHnC3OxutHw","https:\/\/mastodon.social\/@wmcmf","https:\/\/www.tiktok.com\/@webdelmaestrocmf"]},{"@type":"Person","@id":"https:\/\/webdelmaestrocmf.com\/portal\/#\/schema\/person\/1072a2ed7bd960df8ef99a551fa35dc5","name":"Web del Maestro CMF","image":{"@type":"ImageObject","inLanguage":"es","@id":"https:\/\/secure.gravatar.com\/avatar\/23291dd5b5ae1077dcff3dbb04c3e02bd28403fa75af6d8787d5e97c5bbbe30b?s=96&d=mm&r=g","url":"https:\/\/secure.gravatar.com\/avatar\/23291dd5b5ae1077dcff3dbb04c3e02bd28403fa75af6d8787d5e97c5bbbe30b?s=96&d=mm&r=g","contentUrl":"https:\/\/secure.gravatar.com\/avatar\/23291dd5b5ae1077dcff3dbb04c3e02bd28403fa75af6d8787d5e97c5bbbe30b?s=96&d=mm&r=g","caption":"Web del Maestro CMF"},"description":"Esta Web se cre\u00f3 sin fines de lucro, con fines educativos, cient\u00edficos y acad\u00e9micos, para personas que tengan dificultades y\/o inconvenientes en visualizar el material original. El objetivo es entregar recursos, compartir experiencias y materiales que ayuden a los padres de familia, maestros y estudiantes en su actualizaci\u00f3n y formaci\u00f3n permanente, en bien de la Educaci\u00f3n.","sameAs":["http:\/\/webdelmaestrocmf.com\/portal","https:\/\/www.facebook.com\/WebdelMaestroCMF\/","https:\/\/www.instagram.com\/wmcmf\/","https:\/\/cl.linkedin.com\/company\/web-del-maestro-cmf","https:\/\/www.pinterest.com\/WMCMF\/publicaciones\/","https:\/\/x.com\/cmf_w","https:\/\/www.youtube.com\/@WMCMF"]}]}},"jetpack_featured_media_url":"https:\/\/webdelmaestrocmf.com\/portal\/wp-content\/uploads\/2024\/11\/Banner-1-portada-imagen-10-1-29.jpg","jetpack_sharing_enabled":true,"jetpack-related-posts":[{"id":107034,"url":"https:\/\/webdelmaestrocmf.com\/portal\/australia-el-primer-pais-en-aprobar-una-ley-que-prohibe-el-acceso-a-redes-sociales-a-adolescentes\/","url_meta":{"origin":106856,"position":0},"title":"Australia, el primer pa\u00eds en aprobar una ley que proh\u00edbe el acceso a redes sociales a adolescentes","author":"Web del Maestro CMF","date":"29 noviembre, 2024","format":false,"excerpt":"Australia se ha convertido en el primer pa\u00eds del mundo en implementar una legislaci\u00f3n que proh\u00edbe a los menores de 16 a\u00f1os acceder a las redes sociales sin restricciones. La ley, aprobada con amplio respaldo parlamentario, busca abordar los impactos negativos que estas plataformas tienen en la salud mental de\u2026","rel":"","context":"En \u00abNoticias Internacionales\u00bb","block_context":{"text":"Noticias Internacionales","link":"https:\/\/webdelmaestrocmf.com\/portal\/category\/noticias-internacionales\/"},"img":{"alt_text":"","src":"https:\/\/i0.wp.com\/webdelmaestrocmf.com\/portal\/wp-content\/uploads\/2024\/11\/Banner-1-portada-imagen-10-1-5.jpg?resize=350%2C200&ssl=1","width":350,"height":200,"srcset":"https:\/\/i0.wp.com\/webdelmaestrocmf.com\/portal\/wp-content\/uploads\/2024\/11\/Banner-1-portada-imagen-10-1-5.jpg?resize=350%2C200&ssl=1 1x, https:\/\/i0.wp.com\/webdelmaestrocmf.com\/portal\/wp-content\/uploads\/2024\/11\/Banner-1-portada-imagen-10-1-5.jpg?resize=525%2C300&ssl=1 1.5x, https:\/\/i0.wp.com\/webdelmaestrocmf.com\/portal\/wp-content\/uploads\/2024\/11\/Banner-1-portada-imagen-10-1-5.jpg?resize=700%2C400&ssl=1 2x"},"classes":[]},{"id":112013,"url":"https:\/\/webdelmaestrocmf.com\/portal\/australia-marca-un-precedente-mundial-prohibicion-del-acceso-a-redes-sociales-a-menores-de-16-anos\/","url_meta":{"origin":106856,"position":1},"title":"Australia marca un precedente mundial: prohibici\u00f3n del acceso a redes sociales a menores de 16 a\u00f1os","author":"Web del Maestro CMF","date":"26 agosto, 2025","format":false,"excerpt":"Australia proh\u00edbe desde diciembre de 2025 que menores de 16 a\u00f1os accedan a redes sociales, priorizando salud mental y protecci\u00f3n infantil.","rel":"","context":"En \u00abNoticias Internacionales\u00bb","block_context":{"text":"Noticias Internacionales","link":"https:\/\/webdelmaestrocmf.com\/portal\/category\/noticias-internacionales\/"},"img":{"alt_text":"","src":"https:\/\/i0.wp.com\/webdelmaestrocmf.com\/portal\/wp-content\/uploads\/2025\/08\/1A-Banner-1-portada-imagen-10-1-copia-3.jpg?resize=350%2C200&ssl=1","width":350,"height":200,"srcset":"https:\/\/i0.wp.com\/webdelmaestrocmf.com\/portal\/wp-content\/uploads\/2025\/08\/1A-Banner-1-portada-imagen-10-1-copia-3.jpg?resize=350%2C200&ssl=1 1x, https:\/\/i0.wp.com\/webdelmaestrocmf.com\/portal\/wp-content\/uploads\/2025\/08\/1A-Banner-1-portada-imagen-10-1-copia-3.jpg?resize=525%2C300&ssl=1 1.5x, https:\/\/i0.wp.com\/webdelmaestrocmf.com\/portal\/wp-content\/uploads\/2025\/08\/1A-Banner-1-portada-imagen-10-1-copia-3.jpg?resize=700%2C400&ssl=1 2x"},"classes":[]},{"id":115021,"url":"https:\/\/webdelmaestrocmf.com\/portal\/francia-prohibe-las-redes-sociales-a-menores-de-15-anos-y-refuerza-la-restriccion-del-uso-de-celulares-en-colegios\/","url_meta":{"origin":106856,"position":2},"title":"Francia proh\u00edbe las redes sociales a menores de 15 a\u00f1os y refuerza la restricci\u00f3n del uso de celulares en colegios","author":"Web del Maestro CMF","date":"28 enero, 2026","format":false,"excerpt":"Francia proh\u00edbe redes sociales a menores de 15 a\u00f1os y limita celulares escolares para proteger salud mental y aprendizaje infantil.","rel":"","context":"En \u00abNoticias Internacionales\u00bb","block_context":{"text":"Noticias Internacionales","link":"https:\/\/webdelmaestrocmf.com\/portal\/category\/noticias-internacionales\/"},"img":{"alt_text":"","src":"https:\/\/i0.wp.com\/webdelmaestrocmf.com\/portal\/wp-content\/uploads\/2026\/01\/1A-Banner-1-portada-imagen-10-1-copia-5-4.webp?resize=350%2C200&ssl=1","width":350,"height":200,"srcset":"https:\/\/i0.wp.com\/webdelmaestrocmf.com\/portal\/wp-content\/uploads\/2026\/01\/1A-Banner-1-portada-imagen-10-1-copia-5-4.webp?resize=350%2C200&ssl=1 1x, https:\/\/i0.wp.com\/webdelmaestrocmf.com\/portal\/wp-content\/uploads\/2026\/01\/1A-Banner-1-portada-imagen-10-1-copia-5-4.webp?resize=525%2C300&ssl=1 1.5x, https:\/\/i0.wp.com\/webdelmaestrocmf.com\/portal\/wp-content\/uploads\/2026\/01\/1A-Banner-1-portada-imagen-10-1-copia-5-4.webp?resize=700%2C400&ssl=1 2x"},"classes":[]},{"id":115284,"url":"https:\/\/webdelmaestrocmf.com\/portal\/carlos-garcia-miranda-no-vale-con-prohibir-las-redes-hay-que-quitar-el-movil-a-los-ninos\/","url_meta":{"origin":106856,"position":3},"title":"Carlos Garc\u00eda Miranda: No vale con prohibir las redes, hay que quitar el m\u00f3vil a los ni\u00f1os","author":"Web del Maestro CMF","date":"11 febrero, 2026","format":false,"excerpt":"No basta prohibir redes sociales: sin educaci\u00f3n digital y responsabilidad familiar, los m\u00f3viles seguir\u00e1n afectando desarrollo y bienestar infantil.","rel":"","context":"En \u00abEntrevistas\u00bb","block_context":{"text":"Entrevistas","link":"https:\/\/webdelmaestrocmf.com\/portal\/category\/noticias\/entrevistas\/"},"img":{"alt_text":"","src":"https:\/\/i0.wp.com\/webdelmaestrocmf.com\/portal\/wp-content\/uploads\/2024\/03\/1A-Banner-1-portada-imagen-10-1-copia-8.webp?resize=350%2C200&ssl=1","width":350,"height":200,"srcset":"https:\/\/i0.wp.com\/webdelmaestrocmf.com\/portal\/wp-content\/uploads\/2024\/03\/1A-Banner-1-portada-imagen-10-1-copia-8.webp?resize=350%2C200&ssl=1 1x, https:\/\/i0.wp.com\/webdelmaestrocmf.com\/portal\/wp-content\/uploads\/2024\/03\/1A-Banner-1-portada-imagen-10-1-copia-8.webp?resize=525%2C300&ssl=1 1.5x, https:\/\/i0.wp.com\/webdelmaestrocmf.com\/portal\/wp-content\/uploads\/2024\/03\/1A-Banner-1-portada-imagen-10-1-copia-8.webp?resize=700%2C400&ssl=1 2x"},"classes":[]},{"id":115342,"url":"https:\/\/webdelmaestrocmf.com\/portal\/un-estudio-cientifico-pionero-en-espana-confirma-el-impacto-de-las-redes-sociales-en-la-ansiedad-adolescente\/","url_meta":{"origin":106856,"position":4},"title":"Un estudio cient\u00edfico pionero en Espa\u00f1a confirma el impacto de las redes sociales en la ansiedad adolescente","author":"Web del Maestro CMF","date":"14 febrero, 2026","format":false,"excerpt":"El estudio revela que el 76,5% de las adolescentes sufre ansiedad por las redes sociales y el 98,5% de los adolescentes se siente \u201cperdido\u201d sin internet.","rel":"","context":"En \u00abNoticias Internacionales\u00bb","block_context":{"text":"Noticias Internacionales","link":"https:\/\/webdelmaestrocmf.com\/portal\/category\/noticias-internacionales\/"},"img":{"alt_text":"","src":"https:\/\/i0.wp.com\/webdelmaestrocmf.com\/portal\/wp-content\/uploads\/2026\/02\/1A-Banner-1-portada-imagen-10-1-copia-13.webp?resize=350%2C200&ssl=1","width":350,"height":200,"srcset":"https:\/\/i0.wp.com\/webdelmaestrocmf.com\/portal\/wp-content\/uploads\/2026\/02\/1A-Banner-1-portada-imagen-10-1-copia-13.webp?resize=350%2C200&ssl=1 1x, https:\/\/i0.wp.com\/webdelmaestrocmf.com\/portal\/wp-content\/uploads\/2026\/02\/1A-Banner-1-portada-imagen-10-1-copia-13.webp?resize=525%2C300&ssl=1 1.5x, https:\/\/i0.wp.com\/webdelmaestrocmf.com\/portal\/wp-content\/uploads\/2026\/02\/1A-Banner-1-portada-imagen-10-1-copia-13.webp?resize=700%2C400&ssl=1 2x"},"classes":[]},{"id":111873,"url":"https:\/\/webdelmaestrocmf.com\/portal\/chile-avanza-en-proyecto-para-prohibir-celulares-en-colegios-un-debate-urgente-sobre-la-salud-y-el-aprendizaje-infantil\/","url_meta":{"origin":106856,"position":5},"title":"Chile avanza en proyecto para prohibir celulares en colegios: un debate urgente sobre la salud y el aprendizaje infantil","author":"Web del Maestro CMF","date":"13 agosto, 2025","format":false,"excerpt":"Chile discute ley para prohibir celulares en colegios, buscando proteger salud mental infantil y priorizar el aprendizaje y la socializaci\u00f3n escolar.","rel":"","context":"En \u00abNoticias Internacionales\u00bb","block_context":{"text":"Noticias Internacionales","link":"https:\/\/webdelmaestrocmf.com\/portal\/category\/noticias-internacionales\/"},"img":{"alt_text":"","src":"https:\/\/i0.wp.com\/webdelmaestrocmf.com\/portal\/wp-content\/uploads\/2025\/08\/1A-Banner-1-portada-imagen-10-1-copia-3-2.webp?resize=350%2C200&ssl=1","width":350,"height":200,"srcset":"https:\/\/i0.wp.com\/webdelmaestrocmf.com\/portal\/wp-content\/uploads\/2025\/08\/1A-Banner-1-portada-imagen-10-1-copia-3-2.webp?resize=350%2C200&ssl=1 1x, https:\/\/i0.wp.com\/webdelmaestrocmf.com\/portal\/wp-content\/uploads\/2025\/08\/1A-Banner-1-portada-imagen-10-1-copia-3-2.webp?resize=525%2C300&ssl=1 1.5x, https:\/\/i0.wp.com\/webdelmaestrocmf.com\/portal\/wp-content\/uploads\/2025\/08\/1A-Banner-1-portada-imagen-10-1-copia-3-2.webp?resize=700%2C400&ssl=1 2x"},"classes":[]}],"_links":{"self":[{"href":"https:\/\/webdelmaestrocmf.com\/portal\/wp-json\/wp\/v2\/posts\/106856","targetHints":{"allow":["GET"]}}],"collection":[{"href":"https:\/\/webdelmaestrocmf.com\/portal\/wp-json\/wp\/v2\/posts"}],"about":[{"href":"https:\/\/webdelmaestrocmf.com\/portal\/wp-json\/wp\/v2\/types\/post"}],"author":[{"embeddable":true,"href":"https:\/\/webdelmaestrocmf.com\/portal\/wp-json\/wp\/v2\/users\/1"}],"replies":[{"embeddable":true,"href":"https:\/\/webdelmaestrocmf.com\/portal\/wp-json\/wp\/v2\/comments?post=106856"}],"version-history":[{"count":1,"href":"https:\/\/webdelmaestrocmf.com\/portal\/wp-json\/wp\/v2\/posts\/106856\/revisions"}],"predecessor-version":[{"id":109913,"href":"https:\/\/webdelmaestrocmf.com\/portal\/wp-json\/wp\/v2\/posts\/106856\/revisions\/109913"}],"wp:featuredmedia":[{"embeddable":true,"href":"https:\/\/webdelmaestrocmf.com\/portal\/wp-json\/wp\/v2\/media\/106857"}],"wp:attachment":[{"href":"https:\/\/webdelmaestrocmf.com\/portal\/wp-json\/wp\/v2\/media?parent=106856"}],"wp:term":[{"taxonomy":"category","embeddable":true,"href":"https:\/\/webdelmaestrocmf.com\/portal\/wp-json\/wp\/v2\/categories?post=106856"},{"taxonomy":"post_tag","embeddable":true,"href":"https:\/\/webdelmaestrocmf.com\/portal\/wp-json\/wp\/v2\/tags?post=106856"}],"curies":[{"name":"wp","href":"https:\/\/api.w.org\/{rel}","templated":true}]}}