{"id":105820,"date":"2024-05-31T21:17:56","date_gmt":"2024-06-01T01:17:56","guid":{"rendered":"https:\/\/webdelmaestrocmf.com\/portal\/?p=105820"},"modified":"2024-05-31T21:17:56","modified_gmt":"2024-06-01T01:17:56","slug":"duilio-bompadre-los-vinculos-interpersonales-y-la-creacion-de-lazos","status":"publish","type":"post","link":"https:\/\/webdelmaestrocmf.com\/portal\/duilio-bompadre-los-vinculos-interpersonales-y-la-creacion-de-lazos\/","title":{"rendered":"[Duilio Bompadre] Los v\u00ednculos interpersonales y la creaci\u00f3n de lazos"},"content":{"rendered":"<p style=\"text-align: justify;\"><strong><em>\u201cEn este v\u00ednculo encontramos afectos, cuidados, impulsos y determinado grado de identidad institucional; sentirse miembro, sentirse parte, ser \u201cperteneciente\u201d, que se relaciona con niveles de autoestima o desvalorizaci\u00f3n derivados de la pertenencia.\u201d \u00a0(<\/em>Lidia Fern\u00e1ndez)<\/strong><!--more--><\/p>\n<p style=\"text-align: justify;\">Los v\u00ednculos interpersonales se dan en todas las oportunidades que tienen los actores directivos, docentes, alumnos, padres, personal no docente, de interactuar entre s\u00ed. La escuela promueve un espacio para estar con otros, para intercambiar ideas y sentimientos, para estar juntos; y ese estar juntos puede fomentar valores como cooperaci\u00f3n, respeto, paciencia, di\u00e1logo, sensibilidad para con los dem\u00e1s, entre otros.<\/p>\n<p style=\"text-align: justify;\">Los v\u00ednculos entrelazan e identifican a los seres humanos, y expresan lo que tenemos en com\u00fan. No hay vida humana sin v\u00ednculos con los otros. No podemos ser humanos plenamente si estamos aislados del contacto con otras personas. Todo ser humano est\u00e1 dentro de una compleja red.<\/p>\n<p style=\"text-align: justify;\">El tejido de nuestra vida se construye con los hilos que otros nos han dejado. Somos gracias a los otros. Ser persona es ser <em>con<\/em> otros, pero tambi\u00e9n <em>desde<\/em> otros y <em>para<\/em> otros. La vida es relaci\u00f3n. Vivir es conectarse: sostener relaciones, construirlas, revisarlas, modificarlas, deshacerlas, reconstruirlas, sufrirlas, quererlas, desearlas, rechazarlas, evitarlas, buscarlas.<\/p>\n<p style=\"text-align: justify;\">El relato del Principito y su <strong>encuentro<\/strong> con el Zorro puede ayudarnos a reflexionar sobre la necesidad de desarrollar valores a fin de promover una cultura de lazos en la escuela (Saint-Ex\u00fapery, Antoine de (1951). El Principito. Buenos Aires: Emec\u00e9).<\/p>\n<p style=\"text-align: justify;\">Leamos este fragmento.<\/p>\n<p style=\"text-align: justify;\">Dice el Zorro:<\/p>\n<p style=\"text-align: justify;\"><em>Mi vida es algo aburrida. [\u2026] Estoy seguro de que&#8230;, si me domesticas <strong>mi vida se ver\u00e1 envuelta por un gran sol<\/strong>. <strong>Podr\u00e9 conocer un ruido de pasos que ser\u00e1 bien diferente<\/strong> a todos los dem\u00e1s. [\u2026] Pero el tuyo, sin embargo, <strong>me llamar\u00e1<\/strong> fuera de la madriguera, <strong>como una m\u00fasica<\/strong>. Cuando me hayas por fin domesticado, el trigo dorado me recordar\u00e1 a ti. Y amar\u00e9 el sonido del viento en el trigo&#8230;<\/em><\/p>\n<p style=\"text-align: justify;\"><em>\u00bfQu\u00e9 significa\u00a0domesticar<\/em><em>? Es una cosa demasiado olvidada \u2500dijo el Zorro\u2500. Significa crear lazos.<\/em><\/p>\n<p style=\"text-align: justify;\">\u201cDomesticar es crear lazos de encuentro\u201d. En principio, es\u00a0crear una relaci\u00f3n de encuentro, acercarse al otro con <strong>cuidado<\/strong> para relacionarse; en la instituci\u00f3n educativa, para <strong>entrar en el territorio sagrado<\/strong> de cada alumna\/o o de cada compa\u00f1era\/o de trabajo.<\/p>\n<p style=\"text-align: justify;\">Nuestro \u201coficio del lazo\u201d tanto como directivo o docente, se resuelve mientras se est\u00e1 haciendo, y que no es inmutable, implica un saber que no siempre es previo, sino que se construye en el hacer, que requiere <strong>pensar con otros<\/strong> para generar una <strong>potencia reflexiva<\/strong> que acompa\u00f1e a la acci\u00f3n.<\/p>\n<p style=\"text-align: justify;\">Mientras tejemos la trama sost\u00e9n, al mismo tiempo, pensamos y probamos nuevas formas de hacer la escuela. La trama de base se va modificando a ese ritmo, y as\u00ed siempre.<\/p>\n<p style=\"text-align: justify;\">Escuchamos, acompa\u00f1amos, sostenemos, encauzamos, anudamos, desanudamos y volvemos a proponer anudar, y con un car\u00e1cter de inacabado que nos desaf\u00eda a cada momento\u00a0y en cada tiempo.<\/p>\n<p style=\"text-align: justify;\">La escuela es fundamentalmente una comunidad de relaciones y de interacciones orientadas al aprendizaje, que depende principalmente del tipo de relaciones que se establezcan en todos los espacios. La educaci\u00f3n es una tarea de encuentro, de creaci\u00f3n de lazos entre todos los actores, pero sobre todo entre el docente y el alumno.<\/p>\n<h2 style=\"text-align: justify;\">Practicando la reflexi\u00f3n<\/h2>\n<p style=\"text-align: justify;\">\u00bfLa creaci\u00f3n de lazos en nuestra organizaci\u00f3n educativa es algo a lo que le damos importancia? \u00bfDescubrimos en ello un valor formativo?<\/p>\n<p style=\"text-align: justify;\">Por ejemplo, en la gesti\u00f3n de nuestras clases y en nuestros encuentros con colegas y directivos, \u00bfcultivamos lazos? \u00bfQu\u00e9 estrategias utilizamos?<\/p>\n<p style=\"text-align: justify;\"><strong>NOTA DE REDACCI\u00d3N:<\/strong> La Web del Maestro CMF publica los textos originales de su autor, no necesariamente coincide con lo expuesto en el tema, no se hace responsable de las opiniones expresadas, y no promociona ning\u00fan producto, servicio, marca o empresa. Sugerimos a nuestros lectores conocer la identidad de la fuente o de su autor o autores, para tener mayores elementos de juicio y la pertinencia a su realidad educativa.<\/p>\n<table border=\"0\" width=\"100%\" cellspacing=\"10\" cellpadding=\"10\">\n<tbody>\n<tr>\n<td width=\"30%\"><img loading=\"lazy\" decoding=\"async\" class=\"size-full wp-image-73181 aligncenter\" src=\"https:\/\/webdelmaestrocmf.com\/portal\/wp-content\/uploads\/2021\/01\/1-198.jpg\" alt=\"\" width=\"200\" height=\"200\" srcset=\"https:\/\/webdelmaestrocmf.com\/portal\/wp-content\/uploads\/2021\/01\/1-198.jpg 200w, https:\/\/webdelmaestrocmf.com\/portal\/wp-content\/uploads\/2021\/01\/1-198-150x150.jpg 150w, https:\/\/webdelmaestrocmf.com\/portal\/wp-content\/uploads\/2021\/01\/1-198-80x80.jpg 80w, https:\/\/webdelmaestrocmf.com\/portal\/wp-content\/uploads\/2021\/01\/1-198-110x110.jpg 110w\" sizes=\"auto, (max-width: 200px) 100vw, 200px\" \/><\/p>\n<p style=\"text-align: center;\"><strong>Autor: <\/strong>Duilio Bompadre, ciudadano argentino, nacido en Buenos Aires, Argentina.<br \/>\n<strong>Experiencia laboral:<\/strong> Doctor y Lic. en Ciencias de la Educaci\u00f3n (UCALP). Especializaci\u00f3n en EVA (UCA\/OEI). Bachiller universitario y profesor en Teolog\u00eda (UCA). 35 a\u00f1os de experiencia en la gesti\u00f3n docente en los niveles de educaci\u00f3n media y superior y 13 a\u00f1os en la gesti\u00f3n como directivo y supervisor de nivel superior. Cursos de posgrado propios de la especialidad; Evaluador y director de tesis.<br \/>\nAutor del libro \u201cSentirnos bien en la escuela\u201d, Edit. Stella y de varias publicaciones.<br \/>\n<strong>Correo electr\u00f3nico:<\/strong> <a href=\"mailto:duiliobompadre@yahoo.com.ar\">duiliobompadre@yahoo.com.ar<\/a><br \/>\n<strong>Cuenta de Twitter:<\/strong> <a href=\"https:\/\/twitter.com\/dbompadre\" target=\"_blank\" rel=\"noopener\">@dbompadre<\/a><strong><a href=\"mailto:duiliobompadre@yahoo.com.ar\" target=\"_blank\" rel=\"noopener noreferrer\"><br \/>\n<\/a><\/strong><\/p>\n<\/td>\n<\/tr>\n<\/tbody>\n<\/table>\n\t\t<div class=\"pk-inline-posts\">\n\t\t\t\n\t\t\t<div class=\"pk-inline-posts-container pk-inline-posts-template-list\"\n\t\t\t\tdata-columns=\"1\">\n\t\t\t\t\t\t<article id=\"post-105954\" class=\"post-105954 post type-post status-publish format-standard has-post-thumbnail category-z-colaborador-dulio-bompadre category-colaborador tag-armonia tag-bompadre tag-buen tag-cabeza tag-corazon tag-ejercicio tag-liderazgo tag-manos cs-entry cs-video-wrap\">\n\t\t\t<div class=\"pk-post-outer\">\n\n\t\t\t\t\t\t\t\t<div class=\"pk-post-inner\">\n\t\t\t\t\t<div class=\"entry-thumbnail\">\n\t\t\t\t\t\t<div class=\"pk-overlay pk-overlay-ratio pk-ratio-landscape\">\n\t\t\t\t\t\t\t<div class=\"pk-overlay-background\">\n\t\t\t\t\t\t\t\t<a href=\"https:\/\/webdelmaestrocmf.com\/portal\/duilio-bompadre-la-armonia-de-la-cabeza-del-corazon-y-de-las-manos-en-el-buen-ejercicio-del-liderazgo\/\" class=\"pk-overlay-link\">\n\t\t\t\t\t\t\t\t\t<img loading=\"lazy\" decoding=\"async\" width=\"300\" height=\"225\" src=\"https:\/\/webdelmaestrocmf.com\/portal\/wp-content\/uploads\/2024\/06\/1-2-300x225.jpg\" class=\"attachment-pk-thumbnail size-pk-thumbnail wp-post-image\" alt=\"\" \/>\t\t\t\t\t\t\t\t<\/a>\n\t\t\t\t\t\t\t<\/div>\n\t\t\t\t\t\t<\/div>\n\t\t\t\t\t<\/div>\n\t\t\t\t<\/div>\n\t\t\t\t\n\t\t\t\t<div class=\"pk-post-inner\">\n\t\t\t\t\t<header>\n\t\t\t\t\t\t<h3 class=\"pk-title\"><a href=\"https:\/\/webdelmaestrocmf.com\/portal\/duilio-bompadre-la-armonia-de-la-cabeza-del-corazon-y-de-las-manos-en-el-buen-ejercicio-del-liderazgo\/\" rel=\"bookmark\">[Duilio Bompadre] La armon\u00eda de la cabeza, del coraz\u00f3n y de las manos en el buen ejercicio del liderazgo<\/a><\/h3>\t\t\t\t\t<\/header><!-- .entry-header -->\n\t\t\t\t<\/div><!-- .post-inner -->\n\n\t\t\t<\/div><!-- .post-outer -->\n\t\t<\/article>\n\t\t\t<article id=\"post-99484\" class=\"post-99484 post type-post status-publish format-standard has-post-thumbnail category-z-colaborador-dulio-bompadre tag-duilio-bompadre tag-escucha tag-interior tag-practica cs-entry cs-video-wrap\">\n\t\t\t<div class=\"pk-post-outer\">\n\n\t\t\t\t\t\t\t\t<div class=\"pk-post-inner\">\n\t\t\t\t\t<div class=\"entry-thumbnail\">\n\t\t\t\t\t\t<div class=\"pk-overlay pk-overlay-ratio pk-ratio-landscape\">\n\t\t\t\t\t\t\t<div class=\"pk-overlay-background\">\n\t\t\t\t\t\t\t\t<a href=\"https:\/\/webdelmaestrocmf.com\/portal\/duilio-bompadre-la-practica-de-la-escucha-interior\/\" class=\"pk-overlay-link\">\n\t\t\t\t\t\t\t\t\t<img loading=\"lazy\" decoding=\"async\" width=\"300\" height=\"225\" src=\"https:\/\/webdelmaestrocmf.com\/portal\/wp-content\/uploads\/2023\/11\/A12B3C4D-7-300x225.jpg\" class=\"attachment-pk-thumbnail size-pk-thumbnail wp-post-image\" alt=\"\" \/>\t\t\t\t\t\t\t\t<\/a>\n\t\t\t\t\t\t\t<\/div>\n\t\t\t\t\t\t<\/div>\n\t\t\t\t\t<\/div>\n\t\t\t\t<\/div>\n\t\t\t\t\n\t\t\t\t<div class=\"pk-post-inner\">\n\t\t\t\t\t<header>\n\t\t\t\t\t\t<h3 class=\"pk-title\"><a href=\"https:\/\/webdelmaestrocmf.com\/portal\/duilio-bompadre-la-practica-de-la-escucha-interior\/\" rel=\"bookmark\">[Duilio Bompadre] La pr\u00e1ctica de la escucha interior<\/a><\/h3>\t\t\t\t\t<\/header><!-- .entry-header -->\n\t\t\t\t<\/div><!-- .post-inner -->\n\n\t\t\t<\/div><!-- .post-outer -->\n\t\t<\/article>\n\t\t\t<article id=\"post-97229\" class=\"post-97229 post type-post status-publish format-standard has-post-thumbnail category-z-colaborador-dulio-bompadre tag-duilio-bompadre tag-escucha tag-practica cs-entry cs-video-wrap\">\n\t\t\t<div class=\"pk-post-outer\">\n\n\t\t\t\t\t\t\t\t<div class=\"pk-post-inner\">\n\t\t\t\t\t<div class=\"entry-thumbnail\">\n\t\t\t\t\t\t<div class=\"pk-overlay pk-overlay-ratio pk-ratio-landscape\">\n\t\t\t\t\t\t\t<div class=\"pk-overlay-background\">\n\t\t\t\t\t\t\t\t<a href=\"https:\/\/webdelmaestrocmf.com\/portal\/duilio-bompadre-la-practica-de-la-escucha\/\" class=\"pk-overlay-link\">\n\t\t\t\t\t\t\t\t\t<img loading=\"lazy\" decoding=\"async\" width=\"300\" height=\"225\" src=\"https:\/\/webdelmaestrocmf.com\/portal\/wp-content\/uploads\/2023\/10\/A12B3C4D-1-3-300x225.jpg\" class=\"attachment-pk-thumbnail size-pk-thumbnail wp-post-image\" alt=\"\" \/>\t\t\t\t\t\t\t\t<\/a>\n\t\t\t\t\t\t\t<\/div>\n\t\t\t\t\t\t<\/div>\n\t\t\t\t\t<\/div>\n\t\t\t\t<\/div>\n\t\t\t\t\n\t\t\t\t<div class=\"pk-post-inner\">\n\t\t\t\t\t<header>\n\t\t\t\t\t\t<h3 class=\"pk-title\"><a href=\"https:\/\/webdelmaestrocmf.com\/portal\/duilio-bompadre-la-practica-de-la-escucha\/\" rel=\"bookmark\">[Duilio Bompadre] La pr\u00e1ctica de la escucha<\/a><\/h3>\t\t\t\t\t<\/header><!-- .entry-header -->\n\t\t\t\t<\/div><!-- .post-inner -->\n\n\t\t\t<\/div><!-- .post-outer -->\n\t\t<\/article>\n\t\t\t\t<\/div>\n\t\t<\/div>\n\t\t\n","protected":false},"excerpt":{"rendered":"\u201cEn este v\u00ednculo encontramos afectos, cuidados, impulsos y determinado grado de identidad institucional; sentirse miembro, sentirse parte, ser&hellip;","protected":false},"author":1,"featured_media":105822,"comment_status":"open","ping_status":"closed","sticky":false,"template":"","format":"standard","meta":{"csco_display_header_overlay":false,"csco_singular_sidebar":"","csco_page_header_type":"","csco_page_load_nextpost":"","csco_post_video_location":[],"csco_post_video_location_hash":"","csco_post_video_url":"","csco_post_video_bg_start_time":0,"csco_post_video_bg_end_time":0,"csco_post_video_bg_volume":false,"_jetpack_memberships_contains_paid_content":false,"footnotes":""},"categories":[2274,1790],"tags":[5916,2275,4436,23455,16191],"class_list":{"0":"post-105820","1":"post","2":"type-post","3":"status-publish","4":"format-standard","5":"has-post-thumbnail","7":"category-z-colaborador-dulio-bompadre","8":"category-colaborador","9":"tag-creacion","10":"tag-duilio-bompadre","11":"tag-interpersonales","12":"tag-lazos","13":"tag-vinculos","14":"cs-entry","15":"cs-video-wrap"},"yoast_head":"<!-- This site is optimized with the Yoast SEO plugin v27.5 - https:\/\/yoast.com\/product\/yoast-seo-wordpress\/ -->\n<title>[Duilio Bompadre] Los v\u00ednculos interpersonales y la creaci\u00f3n de lazos - 2026<\/title>\n<meta name=\"description\" content=\"Descubre la importancia de los v\u00ednculos interpersonales. Los v\u00ednculos nos conectan, nos identifican y nos permiten crecer como seres humanos.\" \/>\n<meta name=\"robots\" content=\"index, follow, max-snippet:-1, max-image-preview:large, max-video-preview:-1\" \/>\n<link rel=\"canonical\" href=\"https:\/\/webdelmaestrocmf.com\/portal\/duilio-bompadre-los-vinculos-interpersonales-y-la-creacion-de-lazos\/\" \/>\n<meta property=\"og:locale\" content=\"es_ES\" \/>\n<meta property=\"og:type\" content=\"article\" \/>\n<meta property=\"og:title\" content=\"[Duilio Bompadre] Los v\u00ednculos interpersonales y la creaci\u00f3n de lazos - 2026\" \/>\n<meta property=\"og:description\" content=\"Descubre la importancia de los v\u00ednculos interpersonales. Los v\u00ednculos nos conectan, nos identifican y nos permiten crecer como seres humanos.\" \/>\n<meta property=\"og:url\" content=\"https:\/\/webdelmaestrocmf.com\/portal\/duilio-bompadre-los-vinculos-interpersonales-y-la-creacion-de-lazos\/\" \/>\n<meta property=\"og:site_name\" content=\"Web del Maestro CMF\" \/>\n<meta property=\"article:publisher\" content=\"https:\/\/www.facebook.com\/WebdelMaestroCMF\/\" \/>\n<meta property=\"article:author\" content=\"https:\/\/www.facebook.com\/WebdelMaestroCMF\/\" \/>\n<meta property=\"article:published_time\" content=\"2024-06-01T01:17:56+00:00\" \/>\n<meta property=\"og:image\" content=\"https:\/\/webdelmaestrocmf.com\/portal\/wp-content\/uploads\/2024\/05\/Banner-1-portada-imagen-10-1-2024-05-31T211731.897.jpg\" \/>\n\t<meta property=\"og:image:width\" content=\"1024\" \/>\n\t<meta property=\"og:image:height\" content=\"1024\" \/>\n\t<meta property=\"og:image:type\" content=\"image\/jpeg\" \/>\n<meta name=\"author\" content=\"Web del Maestro CMF\" \/>\n<meta name=\"twitter:card\" content=\"summary_large_image\" \/>\n<meta name=\"twitter:creator\" content=\"@cmf_w\" \/>\n<meta name=\"twitter:site\" content=\"@cmf_w\" \/>\n<script type=\"application\/ld+json\" class=\"yoast-schema-graph\">{\"@context\":\"https:\\\/\\\/schema.org\",\"@graph\":[{\"@type\":\"ScholarlyArticle\",\"@id\":\"https:\\\/\\\/webdelmaestrocmf.com\\\/portal\\\/duilio-bompadre-los-vinculos-interpersonales-y-la-creacion-de-lazos\\\/#article\",\"isPartOf\":{\"@id\":\"https:\\\/\\\/webdelmaestrocmf.com\\\/portal\\\/duilio-bompadre-los-vinculos-interpersonales-y-la-creacion-de-lazos\\\/\"},\"author\":{\"name\":\"Web del Maestro CMF\",\"@id\":\"https:\\\/\\\/webdelmaestrocmf.com\\\/portal\\\/#\\\/schema\\\/person\\\/1072a2ed7bd960df8ef99a551fa35dc5\"},\"headline\":\"[Duilio Bompadre] Los v\u00ednculos interpersonales y la creaci\u00f3n de lazos\",\"datePublished\":\"2024-06-01T01:17:56+00:00\",\"mainEntityOfPage\":{\"@id\":\"https:\\\/\\\/webdelmaestrocmf.com\\\/portal\\\/duilio-bompadre-los-vinculos-interpersonales-y-la-creacion-de-lazos\\\/\"},\"wordCount\":793,\"commentCount\":0,\"publisher\":{\"@id\":\"https:\\\/\\\/webdelmaestrocmf.com\\\/portal\\\/#organization\"},\"image\":{\"@id\":\"https:\\\/\\\/webdelmaestrocmf.com\\\/portal\\\/duilio-bompadre-los-vinculos-interpersonales-y-la-creacion-de-lazos\\\/#primaryimage\"},\"thumbnailUrl\":\"https:\\\/\\\/webdelmaestrocmf.com\\\/portal\\\/wp-content\\\/uploads\\\/2024\\\/05\\\/Banner-1-portada-imagen-10-1-2024-05-31T211731.897.jpg\",\"keywords\":[\"creaci\u00f3n\",\"DUILIO BOMPADRE\",\"interpersonales\",\"lazos\",\"v\u00ednculos\"],\"articleSection\":[\"Z-Colaborador-Dulio-Bompadre\",\"Z-Colaboradores\"],\"inLanguage\":\"es\",\"potentialAction\":[{\"@type\":\"CommentAction\",\"name\":\"Comment\",\"target\":[\"https:\\\/\\\/webdelmaestrocmf.com\\\/portal\\\/duilio-bompadre-los-vinculos-interpersonales-y-la-creacion-de-lazos\\\/#respond\"]}]},{\"@type\":\"WebPage\",\"@id\":\"https:\\\/\\\/webdelmaestrocmf.com\\\/portal\\\/duilio-bompadre-los-vinculos-interpersonales-y-la-creacion-de-lazos\\\/\",\"url\":\"https:\\\/\\\/webdelmaestrocmf.com\\\/portal\\\/duilio-bompadre-los-vinculos-interpersonales-y-la-creacion-de-lazos\\\/\",\"name\":\"[Duilio Bompadre] Los v\u00ednculos interpersonales y la creaci\u00f3n de lazos - 2026\",\"isPartOf\":{\"@id\":\"https:\\\/\\\/webdelmaestrocmf.com\\\/portal\\\/#website\"},\"primaryImageOfPage\":{\"@id\":\"https:\\\/\\\/webdelmaestrocmf.com\\\/portal\\\/duilio-bompadre-los-vinculos-interpersonales-y-la-creacion-de-lazos\\\/#primaryimage\"},\"image\":{\"@id\":\"https:\\\/\\\/webdelmaestrocmf.com\\\/portal\\\/duilio-bompadre-los-vinculos-interpersonales-y-la-creacion-de-lazos\\\/#primaryimage\"},\"thumbnailUrl\":\"https:\\\/\\\/webdelmaestrocmf.com\\\/portal\\\/wp-content\\\/uploads\\\/2024\\\/05\\\/Banner-1-portada-imagen-10-1-2024-05-31T211731.897.jpg\",\"datePublished\":\"2024-06-01T01:17:56+00:00\",\"description\":\"Descubre la importancia de los v\u00ednculos interpersonales. Los v\u00ednculos nos conectan, nos identifican y nos permiten crecer como seres humanos.\",\"breadcrumb\":{\"@id\":\"https:\\\/\\\/webdelmaestrocmf.com\\\/portal\\\/duilio-bompadre-los-vinculos-interpersonales-y-la-creacion-de-lazos\\\/#breadcrumb\"},\"inLanguage\":\"es\",\"potentialAction\":[{\"@type\":\"ReadAction\",\"target\":[\"https:\\\/\\\/webdelmaestrocmf.com\\\/portal\\\/duilio-bompadre-los-vinculos-interpersonales-y-la-creacion-de-lazos\\\/\"]}]},{\"@type\":\"ImageObject\",\"inLanguage\":\"es\",\"@id\":\"https:\\\/\\\/webdelmaestrocmf.com\\\/portal\\\/duilio-bompadre-los-vinculos-interpersonales-y-la-creacion-de-lazos\\\/#primaryimage\",\"url\":\"https:\\\/\\\/webdelmaestrocmf.com\\\/portal\\\/wp-content\\\/uploads\\\/2024\\\/05\\\/Banner-1-portada-imagen-10-1-2024-05-31T211731.897.jpg\",\"contentUrl\":\"https:\\\/\\\/webdelmaestrocmf.com\\\/portal\\\/wp-content\\\/uploads\\\/2024\\\/05\\\/Banner-1-portada-imagen-10-1-2024-05-31T211731.897.jpg\",\"width\":1024,\"height\":1024},{\"@type\":\"BreadcrumbList\",\"@id\":\"https:\\\/\\\/webdelmaestrocmf.com\\\/portal\\\/duilio-bompadre-los-vinculos-interpersonales-y-la-creacion-de-lazos\\\/#breadcrumb\",\"itemListElement\":[{\"@type\":\"ListItem\",\"position\":1,\"name\":\"Portada\",\"item\":\"https:\\\/\\\/webdelmaestrocmf.com\\\/portal\\\/\"},{\"@type\":\"ListItem\",\"position\":2,\"name\":\"Z-Colaboradores\",\"item\":\"https:\\\/\\\/webdelmaestrocmf.com\\\/portal\\\/category\\\/colaborador\\\/\"},{\"@type\":\"ListItem\",\"position\":3,\"name\":\"[Duilio Bompadre] Los v\u00ednculos interpersonales y la creaci\u00f3n de lazos\"}]},{\"@type\":\"WebSite\",\"@id\":\"https:\\\/\\\/webdelmaestrocmf.com\\\/portal\\\/#website\",\"url\":\"https:\\\/\\\/webdelmaestrocmf.com\\\/portal\\\/\",\"name\":\"Web del Maestro CMF\",\"description\":\"Maestros al servicio de la educaci\u00f3n\",\"publisher\":{\"@id\":\"https:\\\/\\\/webdelmaestrocmf.com\\\/portal\\\/#organization\"},\"alternateName\":\"WMCMF\",\"potentialAction\":[{\"@type\":\"SearchAction\",\"target\":{\"@type\":\"EntryPoint\",\"urlTemplate\":\"https:\\\/\\\/webdelmaestrocmf.com\\\/portal\\\/?s={search_term_string}\"},\"query-input\":{\"@type\":\"PropertyValueSpecification\",\"valueRequired\":true,\"valueName\":\"search_term_string\"}}],\"inLanguage\":\"es\"},{\"@type\":\"Organization\",\"@id\":\"https:\\\/\\\/webdelmaestrocmf.com\\\/portal\\\/#organization\",\"name\":\"Web del Maestro CMF\",\"alternateName\":\"WMCMF\",\"url\":\"https:\\\/\\\/webdelmaestrocmf.com\\\/portal\\\/\",\"logo\":{\"@type\":\"ImageObject\",\"inLanguage\":\"es\",\"@id\":\"https:\\\/\\\/webdelmaestrocmf.com\\\/portal\\\/#\\\/schema\\\/logo\\\/image\\\/\",\"url\":\"https:\\\/\\\/webdelmaestrocmf.com\\\/portal\\\/wp-content\\\/uploads\\\/2023\\\/01\\\/logo-wmcmf-2.png\",\"contentUrl\":\"https:\\\/\\\/webdelmaestrocmf.com\\\/portal\\\/wp-content\\\/uploads\\\/2023\\\/01\\\/logo-wmcmf-2.png\",\"width\":200,\"height\":60,\"caption\":\"Web del Maestro CMF\"},\"image\":{\"@id\":\"https:\\\/\\\/webdelmaestrocmf.com\\\/portal\\\/#\\\/schema\\\/logo\\\/image\\\/\"},\"sameAs\":[\"https:\\\/\\\/www.facebook.com\\\/WebdelMaestroCMF\\\/\",\"https:\\\/\\\/x.com\\\/cmf_w\",\"https:\\\/\\\/www.pinterest.com\\\/WMCMF\\\/\",\"https:\\\/\\\/www.linkedin.com\\\/company\\\/web-del-maestro-cmf\\\/\",\"https:\\\/\\\/www.instagram.com\\\/wmcmf\\\/\",\"https:\\\/\\\/www.youtube.com\\\/channel\\\/UCDPSvjbdodE5sHnC3OxutHw\",\"https:\\\/\\\/mastodon.social\\\/@wmcmf\",\"https:\\\/\\\/www.tiktok.com\\\/@webdelmaestrocmf\"]},{\"@type\":\"Person\",\"@id\":\"https:\\\/\\\/webdelmaestrocmf.com\\\/portal\\\/#\\\/schema\\\/person\\\/1072a2ed7bd960df8ef99a551fa35dc5\",\"name\":\"Web del Maestro CMF\",\"image\":{\"@type\":\"ImageObject\",\"inLanguage\":\"es\",\"@id\":\"https:\\\/\\\/secure.gravatar.com\\\/avatar\\\/23291dd5b5ae1077dcff3dbb04c3e02bd28403fa75af6d8787d5e97c5bbbe30b?s=96&d=mm&r=g\",\"url\":\"https:\\\/\\\/secure.gravatar.com\\\/avatar\\\/23291dd5b5ae1077dcff3dbb04c3e02bd28403fa75af6d8787d5e97c5bbbe30b?s=96&d=mm&r=g\",\"contentUrl\":\"https:\\\/\\\/secure.gravatar.com\\\/avatar\\\/23291dd5b5ae1077dcff3dbb04c3e02bd28403fa75af6d8787d5e97c5bbbe30b?s=96&d=mm&r=g\",\"caption\":\"Web del Maestro CMF\"},\"description\":\"Esta Web se cre\u00f3 sin fines de lucro, con fines educativos, cient\u00edficos y acad\u00e9micos, para personas que tengan dificultades y\\\/o inconvenientes en visualizar el material original. El objetivo es entregar recursos, compartir experiencias y materiales que ayuden a los padres de familia, maestros y estudiantes en su actualizaci\u00f3n y formaci\u00f3n permanente, en bien de la Educaci\u00f3n.\",\"sameAs\":[\"http:\\\/\\\/webdelmaestrocmf.com\\\/portal\",\"https:\\\/\\\/www.facebook.com\\\/WebdelMaestroCMF\\\/\",\"https:\\\/\\\/www.instagram.com\\\/wmcmf\\\/\",\"https:\\\/\\\/cl.linkedin.com\\\/company\\\/web-del-maestro-cmf\",\"https:\\\/\\\/www.pinterest.com\\\/WMCMF\\\/publicaciones\\\/\",\"https:\\\/\\\/x.com\\\/cmf_w\",\"https:\\\/\\\/www.youtube.com\\\/@WMCMF\"]}]}<\/script>\n<!-- \/ Yoast SEO plugin. -->","yoast_head_json":{"title":"[Duilio Bompadre] Los v\u00ednculos interpersonales y la creaci\u00f3n de lazos - 2026","description":"Descubre la importancia de los v\u00ednculos interpersonales. Los v\u00ednculos nos conectan, nos identifican y nos permiten crecer como seres humanos.","robots":{"index":"index","follow":"follow","max-snippet":"max-snippet:-1","max-image-preview":"max-image-preview:large","max-video-preview":"max-video-preview:-1"},"canonical":"https:\/\/webdelmaestrocmf.com\/portal\/duilio-bompadre-los-vinculos-interpersonales-y-la-creacion-de-lazos\/","og_locale":"es_ES","og_type":"article","og_title":"[Duilio Bompadre] Los v\u00ednculos interpersonales y la creaci\u00f3n de lazos - 2026","og_description":"Descubre la importancia de los v\u00ednculos interpersonales. Los v\u00ednculos nos conectan, nos identifican y nos permiten crecer como seres humanos.","og_url":"https:\/\/webdelmaestrocmf.com\/portal\/duilio-bompadre-los-vinculos-interpersonales-y-la-creacion-de-lazos\/","og_site_name":"Web del Maestro CMF","article_publisher":"https:\/\/www.facebook.com\/WebdelMaestroCMF\/","article_author":"https:\/\/www.facebook.com\/WebdelMaestroCMF\/","article_published_time":"2024-06-01T01:17:56+00:00","og_image":[{"width":1024,"height":1024,"url":"https:\/\/webdelmaestrocmf.com\/portal\/wp-content\/uploads\/2024\/05\/Banner-1-portada-imagen-10-1-2024-05-31T211731.897.jpg","type":"image\/jpeg"}],"author":"Web del Maestro CMF","twitter_card":"summary_large_image","twitter_creator":"@cmf_w","twitter_site":"@cmf_w","schema":{"@context":"https:\/\/schema.org","@graph":[{"@type":"ScholarlyArticle","@id":"https:\/\/webdelmaestrocmf.com\/portal\/duilio-bompadre-los-vinculos-interpersonales-y-la-creacion-de-lazos\/#article","isPartOf":{"@id":"https:\/\/webdelmaestrocmf.com\/portal\/duilio-bompadre-los-vinculos-interpersonales-y-la-creacion-de-lazos\/"},"author":{"name":"Web del Maestro CMF","@id":"https:\/\/webdelmaestrocmf.com\/portal\/#\/schema\/person\/1072a2ed7bd960df8ef99a551fa35dc5"},"headline":"[Duilio Bompadre] Los v\u00ednculos interpersonales y la creaci\u00f3n de lazos","datePublished":"2024-06-01T01:17:56+00:00","mainEntityOfPage":{"@id":"https:\/\/webdelmaestrocmf.com\/portal\/duilio-bompadre-los-vinculos-interpersonales-y-la-creacion-de-lazos\/"},"wordCount":793,"commentCount":0,"publisher":{"@id":"https:\/\/webdelmaestrocmf.com\/portal\/#organization"},"image":{"@id":"https:\/\/webdelmaestrocmf.com\/portal\/duilio-bompadre-los-vinculos-interpersonales-y-la-creacion-de-lazos\/#primaryimage"},"thumbnailUrl":"https:\/\/webdelmaestrocmf.com\/portal\/wp-content\/uploads\/2024\/05\/Banner-1-portada-imagen-10-1-2024-05-31T211731.897.jpg","keywords":["creaci\u00f3n","DUILIO BOMPADRE","interpersonales","lazos","v\u00ednculos"],"articleSection":["Z-Colaborador-Dulio-Bompadre","Z-Colaboradores"],"inLanguage":"es","potentialAction":[{"@type":"CommentAction","name":"Comment","target":["https:\/\/webdelmaestrocmf.com\/portal\/duilio-bompadre-los-vinculos-interpersonales-y-la-creacion-de-lazos\/#respond"]}]},{"@type":"WebPage","@id":"https:\/\/webdelmaestrocmf.com\/portal\/duilio-bompadre-los-vinculos-interpersonales-y-la-creacion-de-lazos\/","url":"https:\/\/webdelmaestrocmf.com\/portal\/duilio-bompadre-los-vinculos-interpersonales-y-la-creacion-de-lazos\/","name":"[Duilio Bompadre] Los v\u00ednculos interpersonales y la creaci\u00f3n de lazos - 2026","isPartOf":{"@id":"https:\/\/webdelmaestrocmf.com\/portal\/#website"},"primaryImageOfPage":{"@id":"https:\/\/webdelmaestrocmf.com\/portal\/duilio-bompadre-los-vinculos-interpersonales-y-la-creacion-de-lazos\/#primaryimage"},"image":{"@id":"https:\/\/webdelmaestrocmf.com\/portal\/duilio-bompadre-los-vinculos-interpersonales-y-la-creacion-de-lazos\/#primaryimage"},"thumbnailUrl":"https:\/\/webdelmaestrocmf.com\/portal\/wp-content\/uploads\/2024\/05\/Banner-1-portada-imagen-10-1-2024-05-31T211731.897.jpg","datePublished":"2024-06-01T01:17:56+00:00","description":"Descubre la importancia de los v\u00ednculos interpersonales. Los v\u00ednculos nos conectan, nos identifican y nos permiten crecer como seres humanos.","breadcrumb":{"@id":"https:\/\/webdelmaestrocmf.com\/portal\/duilio-bompadre-los-vinculos-interpersonales-y-la-creacion-de-lazos\/#breadcrumb"},"inLanguage":"es","potentialAction":[{"@type":"ReadAction","target":["https:\/\/webdelmaestrocmf.com\/portal\/duilio-bompadre-los-vinculos-interpersonales-y-la-creacion-de-lazos\/"]}]},{"@type":"ImageObject","inLanguage":"es","@id":"https:\/\/webdelmaestrocmf.com\/portal\/duilio-bompadre-los-vinculos-interpersonales-y-la-creacion-de-lazos\/#primaryimage","url":"https:\/\/webdelmaestrocmf.com\/portal\/wp-content\/uploads\/2024\/05\/Banner-1-portada-imagen-10-1-2024-05-31T211731.897.jpg","contentUrl":"https:\/\/webdelmaestrocmf.com\/portal\/wp-content\/uploads\/2024\/05\/Banner-1-portada-imagen-10-1-2024-05-31T211731.897.jpg","width":1024,"height":1024},{"@type":"BreadcrumbList","@id":"https:\/\/webdelmaestrocmf.com\/portal\/duilio-bompadre-los-vinculos-interpersonales-y-la-creacion-de-lazos\/#breadcrumb","itemListElement":[{"@type":"ListItem","position":1,"name":"Portada","item":"https:\/\/webdelmaestrocmf.com\/portal\/"},{"@type":"ListItem","position":2,"name":"Z-Colaboradores","item":"https:\/\/webdelmaestrocmf.com\/portal\/category\/colaborador\/"},{"@type":"ListItem","position":3,"name":"[Duilio Bompadre] Los v\u00ednculos interpersonales y la creaci\u00f3n de lazos"}]},{"@type":"WebSite","@id":"https:\/\/webdelmaestrocmf.com\/portal\/#website","url":"https:\/\/webdelmaestrocmf.com\/portal\/","name":"Web del Maestro CMF","description":"Maestros al servicio de la educaci\u00f3n","publisher":{"@id":"https:\/\/webdelmaestrocmf.com\/portal\/#organization"},"alternateName":"WMCMF","potentialAction":[{"@type":"SearchAction","target":{"@type":"EntryPoint","urlTemplate":"https:\/\/webdelmaestrocmf.com\/portal\/?s={search_term_string}"},"query-input":{"@type":"PropertyValueSpecification","valueRequired":true,"valueName":"search_term_string"}}],"inLanguage":"es"},{"@type":"Organization","@id":"https:\/\/webdelmaestrocmf.com\/portal\/#organization","name":"Web del Maestro CMF","alternateName":"WMCMF","url":"https:\/\/webdelmaestrocmf.com\/portal\/","logo":{"@type":"ImageObject","inLanguage":"es","@id":"https:\/\/webdelmaestrocmf.com\/portal\/#\/schema\/logo\/image\/","url":"https:\/\/webdelmaestrocmf.com\/portal\/wp-content\/uploads\/2023\/01\/logo-wmcmf-2.png","contentUrl":"https:\/\/webdelmaestrocmf.com\/portal\/wp-content\/uploads\/2023\/01\/logo-wmcmf-2.png","width":200,"height":60,"caption":"Web del Maestro CMF"},"image":{"@id":"https:\/\/webdelmaestrocmf.com\/portal\/#\/schema\/logo\/image\/"},"sameAs":["https:\/\/www.facebook.com\/WebdelMaestroCMF\/","https:\/\/x.com\/cmf_w","https:\/\/www.pinterest.com\/WMCMF\/","https:\/\/www.linkedin.com\/company\/web-del-maestro-cmf\/","https:\/\/www.instagram.com\/wmcmf\/","https:\/\/www.youtube.com\/channel\/UCDPSvjbdodE5sHnC3OxutHw","https:\/\/mastodon.social\/@wmcmf","https:\/\/www.tiktok.com\/@webdelmaestrocmf"]},{"@type":"Person","@id":"https:\/\/webdelmaestrocmf.com\/portal\/#\/schema\/person\/1072a2ed7bd960df8ef99a551fa35dc5","name":"Web del Maestro CMF","image":{"@type":"ImageObject","inLanguage":"es","@id":"https:\/\/secure.gravatar.com\/avatar\/23291dd5b5ae1077dcff3dbb04c3e02bd28403fa75af6d8787d5e97c5bbbe30b?s=96&d=mm&r=g","url":"https:\/\/secure.gravatar.com\/avatar\/23291dd5b5ae1077dcff3dbb04c3e02bd28403fa75af6d8787d5e97c5bbbe30b?s=96&d=mm&r=g","contentUrl":"https:\/\/secure.gravatar.com\/avatar\/23291dd5b5ae1077dcff3dbb04c3e02bd28403fa75af6d8787d5e97c5bbbe30b?s=96&d=mm&r=g","caption":"Web del Maestro CMF"},"description":"Esta Web se cre\u00f3 sin fines de lucro, con fines educativos, cient\u00edficos y acad\u00e9micos, para personas que tengan dificultades y\/o inconvenientes en visualizar el material original. El objetivo es entregar recursos, compartir experiencias y materiales que ayuden a los padres de familia, maestros y estudiantes en su actualizaci\u00f3n y formaci\u00f3n permanente, en bien de la Educaci\u00f3n.","sameAs":["http:\/\/webdelmaestrocmf.com\/portal","https:\/\/www.facebook.com\/WebdelMaestroCMF\/","https:\/\/www.instagram.com\/wmcmf\/","https:\/\/cl.linkedin.com\/company\/web-del-maestro-cmf","https:\/\/www.pinterest.com\/WMCMF\/publicaciones\/","https:\/\/x.com\/cmf_w","https:\/\/www.youtube.com\/@WMCMF"]}]}},"jetpack_featured_media_url":"https:\/\/webdelmaestrocmf.com\/portal\/wp-content\/uploads\/2024\/05\/Banner-1-portada-imagen-10-1-2024-05-31T211731.897.jpg","jetpack_sharing_enabled":true,"jetpack-related-posts":[{"id":73179,"url":"https:\/\/webdelmaestrocmf.com\/portal\/duilio-bompadre-cultura-del-encuentro-en-la-escuela\/","url_meta":{"origin":105820,"position":0},"title":"[Duilio Bompadre] Cultura del encuentro en la escuela","author":"Web del Maestro CMF","date":"17 enero, 2022","format":false,"excerpt":"Los ritos otorgan un sentido especial: lo esencial de la costumbre, el sabor que le dan a la vida, el sentido de la vida que crean. Son en el tiempo lo que el hogar es en el espacio. Pueden otorgarnos la posibilidad de constituirse en un tiempo de calor humano.\u2026","rel":"","context":"En \u00abZ-Colaborador-Dulio-Bompadre\u00bb","block_context":{"text":"Z-Colaborador-Dulio-Bompadre","link":"https:\/\/webdelmaestrocmf.com\/portal\/category\/colaborador\/z-colaborador-dulio-bompadre\/"},"img":{"alt_text":"","src":"https:\/\/i0.wp.com\/webdelmaestrocmf.com\/portal\/wp-content\/uploads\/2022\/01\/1-100.jpg?resize=350%2C200&ssl=1","width":350,"height":200,"srcset":"https:\/\/i0.wp.com\/webdelmaestrocmf.com\/portal\/wp-content\/uploads\/2022\/01\/1-100.jpg?resize=350%2C200&ssl=1 1x, https:\/\/i0.wp.com\/webdelmaestrocmf.com\/portal\/wp-content\/uploads\/2022\/01\/1-100.jpg?resize=525%2C300&ssl=1 1.5x, https:\/\/i0.wp.com\/webdelmaestrocmf.com\/portal\/wp-content\/uploads\/2022\/01\/1-100.jpg?resize=700%2C400&ssl=1 2x, https:\/\/i0.wp.com\/webdelmaestrocmf.com\/portal\/wp-content\/uploads\/2022\/01\/1-100.jpg?resize=1050%2C600&ssl=1 3x"},"classes":[]},{"id":99484,"url":"https:\/\/webdelmaestrocmf.com\/portal\/duilio-bompadre-la-practica-de-la-escucha-interior\/","url_meta":{"origin":105820,"position":1},"title":"[Duilio Bompadre] La pr\u00e1ctica de la escucha interior","author":"Web del Maestro CMF","date":"7 noviembre, 2023","format":false,"excerpt":"\u201cLa persona humana tiene un doble movimiento vital. Por un lado, un movimiento centr\u00edfugo en el que desarrolla sus capacidades participando como un ser en el mundo. El otro movimiento es el centr\u00edpeto, que expresa una funci\u00f3n interna, subjetiva, individual, la cual consiste en replegarse sobre s\u00ed mismo para discernir,\u2026","rel":"","context":"En \u00abZ-Colaborador-Dulio-Bompadre\u00bb","block_context":{"text":"Z-Colaborador-Dulio-Bompadre","link":"https:\/\/webdelmaestrocmf.com\/portal\/category\/colaborador\/z-colaborador-dulio-bompadre\/"},"img":{"alt_text":"","src":"https:\/\/i0.wp.com\/webdelmaestrocmf.com\/portal\/wp-content\/uploads\/2023\/11\/A12B3C4D-7.jpg?resize=350%2C200&ssl=1","width":350,"height":200,"srcset":"https:\/\/i0.wp.com\/webdelmaestrocmf.com\/portal\/wp-content\/uploads\/2023\/11\/A12B3C4D-7.jpg?resize=350%2C200&ssl=1 1x, https:\/\/i0.wp.com\/webdelmaestrocmf.com\/portal\/wp-content\/uploads\/2023\/11\/A12B3C4D-7.jpg?resize=525%2C300&ssl=1 1.5x, https:\/\/i0.wp.com\/webdelmaestrocmf.com\/portal\/wp-content\/uploads\/2023\/11\/A12B3C4D-7.jpg?resize=700%2C400&ssl=1 2x"},"classes":[]},{"id":97229,"url":"https:\/\/webdelmaestrocmf.com\/portal\/duilio-bompadre-la-practica-de-la-escucha\/","url_meta":{"origin":105820,"position":2},"title":"[Duilio Bompadre] La pr\u00e1ctica de la escucha","author":"Web del Maestro CMF","date":"12 octubre, 2023","format":false,"excerpt":"Necesito que me escuches\u2026 \u201cUna educaci\u00f3n integral otorga un particular relieve a la tarea de escuchar. Los alumnos llevan a la escuela algo m\u00e1s que sus libros y cuadernos. Cada vez con mayor frecuencia, acarrean dificultades, malos tratos, conflictos o malestares profundos provenientes de su familia. El tiempo que se\u2026","rel":"","context":"En \u00abZ-Colaborador-Dulio-Bompadre\u00bb","block_context":{"text":"Z-Colaborador-Dulio-Bompadre","link":"https:\/\/webdelmaestrocmf.com\/portal\/category\/colaborador\/z-colaborador-dulio-bompadre\/"},"img":{"alt_text":"","src":"https:\/\/i0.wp.com\/webdelmaestrocmf.com\/portal\/wp-content\/uploads\/2023\/10\/A12B3C4D-1-3.jpg?resize=350%2C200&ssl=1","width":350,"height":200,"srcset":"https:\/\/i0.wp.com\/webdelmaestrocmf.com\/portal\/wp-content\/uploads\/2023\/10\/A12B3C4D-1-3.jpg?resize=350%2C200&ssl=1 1x, https:\/\/i0.wp.com\/webdelmaestrocmf.com\/portal\/wp-content\/uploads\/2023\/10\/A12B3C4D-1-3.jpg?resize=525%2C300&ssl=1 1.5x, https:\/\/i0.wp.com\/webdelmaestrocmf.com\/portal\/wp-content\/uploads\/2023\/10\/A12B3C4D-1-3.jpg?resize=700%2C400&ssl=1 2x"},"classes":[]},{"id":19041,"url":"https:\/\/webdelmaestrocmf.com\/portal\/duilio-bompadre-el-docente-y-el-clima-escolar\/","url_meta":{"origin":105820,"position":3},"title":"[Duilio Bompadre] El docente y el clima escolar","author":"Web del Maestro CMF","date":"3 junio, 2017","format":false,"excerpt":"En los ambientes t\u00f3xicos, se puede gritar, pero no hablar; existe la queja, pero no la propuesta. Est\u00e1 instalado un malestar, pero de eso no se habla. \u00a0Bernardo Blejmar. Cuando entramos a una escuela, percibimos el ambiente que en ella circula con solo mirar, escuchar y hablar. Existen dos tipos\u2026","rel":"","context":"En \u00abZ-Colaborador-Dulio-Bompadre\u00bb","block_context":{"text":"Z-Colaborador-Dulio-Bompadre","link":"https:\/\/webdelmaestrocmf.com\/portal\/category\/colaborador\/z-colaborador-dulio-bompadre\/"},"img":{"alt_text":"","src":"https:\/\/i0.wp.com\/webdelmaestrocmf.com\/portal\/wp-content\/uploads\/2017\/06\/A12B3C4D-30.jpg?resize=350%2C200&ssl=1","width":350,"height":200,"srcset":"https:\/\/i0.wp.com\/webdelmaestrocmf.com\/portal\/wp-content\/uploads\/2017\/06\/A12B3C4D-30.jpg?resize=350%2C200&ssl=1 1x, https:\/\/i0.wp.com\/webdelmaestrocmf.com\/portal\/wp-content\/uploads\/2017\/06\/A12B3C4D-30.jpg?resize=525%2C300&ssl=1 1.5x, https:\/\/i0.wp.com\/webdelmaestrocmf.com\/portal\/wp-content\/uploads\/2017\/06\/A12B3C4D-30.jpg?resize=700%2C400&ssl=1 2x"},"classes":[]},{"id":57428,"url":"https:\/\/webdelmaestrocmf.com\/portal\/duilio-bompadre-la-practica-de-la-mirada\/","url_meta":{"origin":105820,"position":4},"title":"[Duilio Bompadre] La pr\u00e1ctica de la mirada","author":"Web del Maestro CMF","date":"11 enero, 2021","format":false,"excerpt":"\u201cEl verdadero viaje de descubrimiento no consiste en buscar nuevas tierras, sino en mirar con ojos nuevos\u201d. \u00a0(Marcel Proust). Mirar con ojos nuevos es un viaje de descubrimiento cotidiano en la instituci\u00f3n educativa. Nos abre posibilidades que a\u00fan no conocemos y a las que no se accede solo con el\u2026","rel":"","context":"En \u00abZ-Colaborador-Dulio-Bompadre\u00bb","block_context":{"text":"Z-Colaborador-Dulio-Bompadre","link":"https:\/\/webdelmaestrocmf.com\/portal\/category\/colaborador\/z-colaborador-dulio-bompadre\/"},"img":{"alt_text":"","src":"https:\/\/i0.wp.com\/webdelmaestrocmf.com\/portal\/wp-content\/uploads\/2021\/01\/1-copia-60.jpg?resize=350%2C200&ssl=1","width":350,"height":200,"srcset":"https:\/\/i0.wp.com\/webdelmaestrocmf.com\/portal\/wp-content\/uploads\/2021\/01\/1-copia-60.jpg?resize=350%2C200&ssl=1 1x, https:\/\/i0.wp.com\/webdelmaestrocmf.com\/portal\/wp-content\/uploads\/2021\/01\/1-copia-60.jpg?resize=525%2C300&ssl=1 1.5x, https:\/\/i0.wp.com\/webdelmaestrocmf.com\/portal\/wp-content\/uploads\/2021\/01\/1-copia-60.jpg?resize=700%2C400&ssl=1 2x, https:\/\/i0.wp.com\/webdelmaestrocmf.com\/portal\/wp-content\/uploads\/2021\/01\/1-copia-60.jpg?resize=1050%2C600&ssl=1 3x"},"classes":[]},{"id":105954,"url":"https:\/\/webdelmaestrocmf.com\/portal\/duilio-bompadre-la-armonia-de-la-cabeza-del-corazon-y-de-las-manos-en-el-buen-ejercicio-del-liderazgo\/","url_meta":{"origin":105820,"position":5},"title":"[Duilio Bompadre] La armon\u00eda de la cabeza, del coraz\u00f3n y de las manos en el buen ejercicio del liderazgo","author":"Web del Maestro CMF","date":"10 junio, 2024","format":false,"excerpt":"\u201cUn cambio en nuestra pr\u00e1ctica requiere un cambio en nuestro pensamiento.\u00a0 Nuestra pr\u00e1ctica de liderazgo no puede separarse de sus teor\u00edas subyacentes.\u201d (Thomas Sergiovanni). Puede suceder en la velocidad de situaciones que vivimos a diario en la instituci\u00f3n educativa, que ante un problema a resolver (tomar decisiones) nos \u201cabramos\u201d solamente\u2026","rel":"","context":"En \u00abZ-Colaborador-Dulio-Bompadre\u00bb","block_context":{"text":"Z-Colaborador-Dulio-Bompadre","link":"https:\/\/webdelmaestrocmf.com\/portal\/category\/colaborador\/z-colaborador-dulio-bompadre\/"},"img":{"alt_text":"","src":"https:\/\/i0.wp.com\/webdelmaestrocmf.com\/portal\/wp-content\/uploads\/2024\/06\/1-2.jpg?resize=350%2C200&ssl=1","width":350,"height":200,"srcset":"https:\/\/i0.wp.com\/webdelmaestrocmf.com\/portal\/wp-content\/uploads\/2024\/06\/1-2.jpg?resize=350%2C200&ssl=1 1x, https:\/\/i0.wp.com\/webdelmaestrocmf.com\/portal\/wp-content\/uploads\/2024\/06\/1-2.jpg?resize=525%2C300&ssl=1 1.5x, https:\/\/i0.wp.com\/webdelmaestrocmf.com\/portal\/wp-content\/uploads\/2024\/06\/1-2.jpg?resize=700%2C400&ssl=1 2x"},"classes":[]}],"_links":{"self":[{"href":"https:\/\/webdelmaestrocmf.com\/portal\/wp-json\/wp\/v2\/posts\/105820","targetHints":{"allow":["GET"]}}],"collection":[{"href":"https:\/\/webdelmaestrocmf.com\/portal\/wp-json\/wp\/v2\/posts"}],"about":[{"href":"https:\/\/webdelmaestrocmf.com\/portal\/wp-json\/wp\/v2\/types\/post"}],"author":[{"embeddable":true,"href":"https:\/\/webdelmaestrocmf.com\/portal\/wp-json\/wp\/v2\/users\/1"}],"replies":[{"embeddable":true,"href":"https:\/\/webdelmaestrocmf.com\/portal\/wp-json\/wp\/v2\/comments?post=105820"}],"version-history":[{"count":0,"href":"https:\/\/webdelmaestrocmf.com\/portal\/wp-json\/wp\/v2\/posts\/105820\/revisions"}],"wp:featuredmedia":[{"embeddable":true,"href":"https:\/\/webdelmaestrocmf.com\/portal\/wp-json\/wp\/v2\/media\/105822"}],"wp:attachment":[{"href":"https:\/\/webdelmaestrocmf.com\/portal\/wp-json\/wp\/v2\/media?parent=105820"}],"wp:term":[{"taxonomy":"category","embeddable":true,"href":"https:\/\/webdelmaestrocmf.com\/portal\/wp-json\/wp\/v2\/categories?post=105820"},{"taxonomy":"post_tag","embeddable":true,"href":"https:\/\/webdelmaestrocmf.com\/portal\/wp-json\/wp\/v2\/tags?post=105820"}],"curies":[{"name":"wp","href":"https:\/\/api.w.org\/{rel}","templated":true}]}}