{"id":10534,"date":"2021-11-11T15:15:45","date_gmt":"2021-11-11T18:15:45","guid":{"rendered":"http:\/\/webdelmaestrocmf.com\/inicio\/?p=10534"},"modified":"2025-12-15T08:49:11","modified_gmt":"2025-12-15T11:49:11","slug":"emilia-ferreiro-ni-piaget-imagino-los-desafios-de-los-chicos-contemporaneos","status":"publish","type":"post","link":"https:\/\/webdelmaestrocmf.com\/portal\/emilia-ferreiro-ni-piaget-imagino-los-desafios-de-los-chicos-contemporaneos\/","title":{"rendered":"Emilia Ferreiro: Los chicos ya vienen formados por la pantalla y reci\u00e9n en la escuela ingresan al papel escrito"},"content":{"rendered":"\n<p><span class=\"_5yl5\">La profesora argentina <\/span><span class=\"_5yl5\">Emilia Beatriz Mar\u00eda Ferreiro Schavi <\/span><span class=\"_5yl5\">(Buenos Aires, 1937) radicada en M\u00e9xico, ostenta el grado de Doctora en Psicolog\u00eda, con especializaci\u00f3n en psicolog\u00eda gen\u00e9tica, en la Universidad de Ginebra, Suiza; y redact\u00f3 su tesis bajo el asesoramiento de Jean Piaget.<\/span><\/p>\n\n\n\n<!--more-->\n\n\n\n<p class=\"_d97\"><span class=\"_5yl5\">En el di\u00e1logo con por Juan Pablo Csipka para <strong>P\u00e1gina 12, <\/strong>afirma que el profesor como la persona que es <em>\u201ccapaz de tomar decisiones que trasciendan en lo formaci\u00f3n del alumno; demostrar inter\u00e9s y habilidad en los avances educativos, que beneficien la educaci\u00f3n y formaci\u00f3n del estudiante, realizando un trabajo en el que se analice cualitativamente los objetivos y las estrategias de la alfabetizaci\u00f3n\u201d<\/em> (cf Blog Lamuneka).<\/span><\/p>\n\n\n\n<p class=\"_d97\"><span class=\"_5yl5\">Por motivos \u00fanicamente educativos y formaci\u00f3n permanente, compartimos partes de las preguntas y respuestas, cuyo enlace, para ingresar a la publicaci\u00f3n original difundido por <strong>Publicaciones Psicopedagog\u00eda<\/strong>, lo indicamos al final de este art\u00edculo. Algunos de los textos en negritas o en cursivas, son nuestras. Les invitamos a conocer este di\u00e1logo sobre temas como los valores de libertad de igualdad, solidaridad, de dignidad, de la persona humana, la tecnolog\u00eda, los medios de comunicaci\u00f3n actuales y su impacto en el lenguaje y la alfabetizaci\u00f3n, y sin duda la corresponsabilidad de todos los agentes del proceso ense\u00f1anza &#8211; aprendizaje.<\/span><\/p>\n\n\n\n<h2 class=\"wp-block-heading\">Juan Pablo Csipka: \u00bfC\u00f3mo fue el abordaje de la lengua escrita?<\/h2>\n\n\n\n<p><strong>Emilia Ferreiro:<\/strong> \u201cSe <strong>entiende a la escritura a trav\u00e9s de una forma muy simplificada, de correspondencias<\/strong>.&nbsp; La idea es que a cada sonido corresponde una letra, y no es as\u00ed, porque hay m\u00e1s de un sonido para una letra y viceversa. [&#8230;]&nbsp; Entonces <strong>no se puede hablar de c\u00f3digo tan f\u00e1cilmente,<\/strong> porque un c\u00f3digo debe ser riguroso, cono el c\u00f3digo de barras, sino no funciona. [&#8230;]\u201d.<\/p>\n\n\n\n<h2 class=\"wp-block-heading\">Juan Pablo Csipka: O sea que, como c\u00f3digo, el idioma escrito es imperfecto.<\/h2>\n\n\n\n<p><strong>Emilia Ferreiro: \u201c<\/strong>Exacto. <strong>Si se mantiene la idea simplificada de la escritura como c\u00f3digo, tenemos un c\u00f3digo imperfecto<\/strong>. Y si no es perfecto, no sirve en la realidad social. De ah\u00ed que yo discutiera el reduccionismo f\u00f3nico: uno de sus problemas serios es que <strong>la escritura dej\u00f3 de ser representaci\u00f3n de la lengua<\/strong> para pasar a serlo de sonidos elementales. <strong>La lengua es m\u00e1s que ruido<\/strong>, desde que Saussure habl\u00f3 del signo bif\u00e1sico, que tiene significado y significante\u201d.<\/p>\n\n\n\n<h2 class=\"wp-block-heading\">Juan Pablo Csipka: Y usted se plant\u00f3 contra esa concepci\u00f3n.<\/h2>\n\n\n\n<p><strong>Emilia Ferreiro: \u201c<\/strong>Lo que he defendido durante a\u00f1os es que para entender el proceso de alfabetizaci\u00f3n, tanto de ni\u00f1os como de adultos, <strong>hay que comprender la complejidad del fen\u00f3meno de la escritura,<\/strong> que no es menor que el de la lengua oral. Ambos son objetos complejos, no reducibles a c\u00f3digos. [&#8230;]&nbsp; Si algo no funciona se va hacia el otro extremo, y as\u00ed no se construye. <strong>El lenguaje no se reduce a lo sonoro, tambi\u00e9n es sintaxis<\/strong>, la combinaci\u00f3n de palabras es esencial. Las lenguas cambian en a su modo\u201d.<\/p>\n\n\n\n<h2 class=\"wp-block-heading\">Juan Pablo Csipka: \u00bfC\u00f3mo se produce ese cambio?<\/h2>\n\n\n\n<p><strong>Emilia Ferreiro: \u201c<\/strong>Nosotros creamos sustantivos todo el tiempo, <strong>vienen prestados de otros idiomas, incluso del lenguaje tecnol\u00f3gico, como hardware o software.<\/strong> Hay verbos que adoptan nuevos significados: \u201dbajar\u201d el programa, \u201cabrir\u201d el archivo. Son verbos que ampliaron su rango de significado. Tambi\u00e9n se crean verbos nuevos, como chatear. Los verbos nuevos son terminados en ar, <strong>pero no creamos los elementos sint\u00e1cticos fundamentales<\/strong>: art\u00edculos, conjunciones, nuevas desinencias verbales\u201d.<\/p>\n\n\n\n<p>Publicaci\u00f3n recomendada: <a href=\"https:\/\/webdelmaestrocmf.com\/portal\/si-los-docentes-no-leen-son-incapaces-de-transmitir-el-placer-de-la-lectura\/\" target=\"_top\" rel=\"noopener\">Emilia Ferreiro: Si los docentes no leen, son incapaces de transmitir el placer de la lectura<\/a><\/p>\n\n\n\n<h2 class=\"wp-block-heading\">Juan Pablo Csipka: \u00bfQu\u00e9 rol juega Internet en los cambios del idioma?<\/h2>\n\n\n\n<p><strong>Emilia Ferreiro: <\/strong>\u201c[&#8230;] <strong>Va a una velocidad impactante.<\/strong> Por la cantidad de usuarios de esos dispositivos, que aumentan en forma exponencial y afectan a todas las profesiones. Y porque <strong>la diseminaci\u00f3n fue espectacular<\/strong>, m\u00e1s r\u00e1pida que la de la TV. En su momento parec\u00eda que el fax era lo m\u00e1ximo, y de golpe llega algo superior. Y encima, lo que antes eran objetos separados ahora son funciones de un mismo objeto material: <strong>el celular permite hablar por tel\u00e9fono, pero tambi\u00e9n sacar fotos, mandar correos\u201d<\/strong>.<\/p>\n\n\n\n<h2 class=\"wp-block-heading\"><strong>Juan Pablo Csipka: \u00bfC\u00f3mo afectan estos cambios a la experiencia educativa?<\/strong><\/h2>\n\n\n\n<p><strong>Emilia Ferreiro: \u201c<\/strong>Son objetos muy atractivos para los chicos. Son la <strong>generaci\u00f3n de los botones<\/strong>, todo lo hacen apretando sobre un dispositivo. Para m\u00ed, <strong>el problema es que se vuelve dif\u00edcil construir nociones de tiempo y causalidad<\/strong>. [&#8230;] Ciertos usos tecnol\u00f3gicos confunden a los chicos respecto de la relaci\u00f3n de tiempo y espacio recorridos.Se pierde esa relaci\u00f3n, y eso desconcierta. <strong>Creo que ni Piaget imagin\u00f3 los desaf\u00edos de los chicos contempor\u00e1neos para construir nociones de tiempo y espacio\u201d<\/strong>.<\/p>\n\n\n\n<h2 class=\"wp-block-heading\">Juan Pablo Csipka:&nbsp; \u00bfC\u00f3mo ve la frontera entre el preescolar y la primaria?<\/h2>\n\n\n\n<p><strong>Emilia Ferreiro: \u201c<\/strong>Hoy se tiende a ver que <strong>no hay una frontera brutal entre ambos<\/strong>, y eso es afortunado. En una \u00e9poca el preescolar se defin\u00eda en t\u00e9rminos l\u00fadicos [&#8230;] Mientras que la primaria es la ruptura y ya no hay m\u00e1s juego. [&#8230;]&nbsp; El preescolar tiene ahora contenidos de aprendizaje [&#8230;] Hoy se comprende que <strong>los aprendizajes fundamentales aparecen entre los 4 y los 7 a\u00f1os<\/strong>. No hay que inquietarse&nbsp; si algunos empiezan a los 5 ni angustiarse porque a los 6 no se lee\u201d.<\/p>\n\n\n\n<h2 class=\"wp-block-heading\">Juan Pablo Csipka:&nbsp; \u00bfLa escuela&nbsp; incorpora la experiencia previa de aprendizaje?<\/h2>\n\n\n\n<p><strong>Emilia Ferreiro: \u201c<\/strong>Por lo general la desde\u00f1a. Hoy tiene mucho que ver con los nuevos dispositivos, eso hace que todo cambie. Las maestras vienen de la cultura libresca y hoy se amoldan a las pantallas. Los chicos ya vienen formados por la pantalla y reci\u00e9n en la escuela ingresan al papel escrito. Esto va a ir cambiando, en diez a\u00f1os veremos c\u00f3mo evoluciona. Es un per\u00edodo corto en t\u00e9rminos institucionales, pero extenso en vidas individuales, con chicos m\u00e1s expertos en pantallas que sus maestros\u201d.<\/p>\n\n\n\n<h2 class=\"wp-block-heading\">Juan Pablo Csipka:&nbsp; Cuando un chico repite de grado, \u00bfcu\u00e1nto de ese fracaso corresponde a la escuela?<\/h2>\n\n\n\n<p><strong>Emilia Ferreiro: \u201cEs muy f\u00e1cil delegar en el chico el fracaso<\/strong>. El maestro debe asumir con convicci\u00f3n que en el curso todos van a aprender. El problema es que, lamentablemente, y esto est\u00e1 comprobado que sucede en muchos pa\u00edses, <strong>el maestro hace una tipolog\u00eda del alumnado en su cabeza: estos son los que estudian, aquellos los m\u00e1s rezagados, los otros son los revoltosos.<\/strong> Lo que uno hace como adulto ante un chico cuando est\u00e1 convencido de que va a aprender no es lo mismo que hace con el preconcepto de que el alumno va a fracasar\u201d.<\/p>\n\n\n\n<p>Art\u00edculo relacionado: <a href=\"https:\/\/webdelmaestrocmf.com\/portal\/miguel-angel-santos-es-importante-que-no-se-confunda-la-evaluacion-con-la-calificacion\/\" target=\"_top\" rel=\"noopener\">Miguel \u00c1ngel Santos: Es importante que no se confunda la evaluaci\u00f3n con la calificaci\u00f3n<\/a><\/p>\n\n\n\n<h2 class=\"wp-block-heading\">Juan Pablo Csipka: El gran desaf\u00edo parece ser la asimilaci\u00f3n de las nuevas tecnolog\u00edas<\/h2>\n\n\n\n<p><strong>Emilia Ferreiro: \u201c<\/strong>Aun <strong>no hemos asumido las consecuencias de la revoluci\u00f3n tecnol\u00f3gica,<\/strong>&nbsp; [&#8230;] Todos andan con celulares, todos, en cada profesi\u00f3n. A nivel de la escuela el tema es saber trabajar con los materiales. <strong>Un libro es un objeto al que se le da entidad de fuente seria.<\/strong> Eso hay que saber entenderlo en la web. <strong>Los j\u00f3venes leen m\u00e1s que antes, pero hay nuevos modos de lectura<\/strong> y falta tener criterios de confiabilidad. Ese es un problema may\u00fasculo, porque uno puede creer cualquier cosa. <strong>La escuela deber\u00eda pensar c\u00f3mo trabajar eso, que es algo nuevo, que no estaba en la agenda escolar previa.<\/strong> No son criterios similares a los de la cultura libresca\u201d.<\/p>\n\n\n\n<p>La entrevista completa, que les sugerimos leer, la encuentra en este enlace: <a href=\"https:\/\/www.pagina12.com.ar\/4595-ni-piaget-imagino-los-desafios-de-los-chicos-contemporaneos\" target=\"_blank\" rel=\"noopener\"><strong>\u00abNI PIAGET IMAGIN\u00d3 LOS DESAF\u00cdOS DE LOS CHICOS CONTEMPOR\u00c1NEOS\u00bb.<\/strong><\/a><\/p>\n\n\n\n<p class=\"has-text-align-right\"><strong>REDACCI\u00d3N WEB DEL MAESTRO CMF<\/strong><\/p>\n\n\n\t\t<div class=\"pk-inline-posts\">\n\t\t\t\n\t\t\t<div class=\"pk-inline-posts-container pk-inline-posts-template-list\"\n\t\t\t\tdata-columns=\"1\">\n\t\t\t\t\t\t<article id=\"post-118590\" class=\"post-118590 post type-post status-publish format-standard has-post-thumbnail category-entrevistas category-noticias tag-adiccion-digital tag-aprendizaje tag-docentes tag-educacion-2 tag-estudiantes tag-inteligencia-artificial tag-miguel-martinez-gonzalez tag-neuroeducacion tag-pantallas tag-pensamiento-critico-2 tag-salud-mental cs-entry cs-video-wrap\">\n\t\t\t<div class=\"pk-post-outer\">\n\n\t\t\t\t\t\t\t\t<div class=\"pk-post-inner\">\n\t\t\t\t\t<div class=\"entry-thumbnail\">\n\t\t\t\t\t\t<div class=\"pk-overlay pk-overlay-ratio pk-ratio-landscape\">\n\t\t\t\t\t\t\t<div class=\"pk-overlay-background\">\n\t\t\t\t\t\t\t\t<a href=\"https:\/\/webdelmaestrocmf.com\/portal\/miguel-martinez-gonzalez-a-mis-alumnos-les-pongo-en-los-examenes-le-he-preguntado-esto-a-la-ia-y-me-ha-dado-esta-respuesta-donde-se-ha-equivocado\/\" class=\"pk-overlay-link\">\n\t\t\t\t\t\t\t\t\t<img loading=\"lazy\" decoding=\"async\" width=\"300\" height=\"225\" src=\"https:\/\/webdelmaestrocmf.com\/portal\/wp-content\/uploads\/2026\/05\/1AA-Banner-1-portada-imagen-10-1-copia-4-300x225.webp\" class=\"attachment-pk-thumbnail size-pk-thumbnail wp-post-image\" alt=\"\" \/>\t\t\t\t\t\t\t\t<\/a>\n\t\t\t\t\t\t\t<\/div>\n\t\t\t\t\t\t<\/div>\n\t\t\t\t\t<\/div>\n\t\t\t\t<\/div>\n\t\t\t\t\n\t\t\t\t<div class=\"pk-post-inner\">\n\t\t\t\t\t<header>\n\t\t\t\t\t\t<h3 class=\"pk-title\"><a href=\"https:\/\/webdelmaestrocmf.com\/portal\/miguel-martinez-gonzalez-a-mis-alumnos-les-pongo-en-los-examenes-le-he-preguntado-esto-a-la-ia-y-me-ha-dado-esta-respuesta-donde-se-ha-equivocado\/\" rel=\"bookmark\">Miguel Mart\u00ednez-Gonz\u00e1lez: A mis alumnos les pongo en los ex\u00e1menes: \u201cLe he preguntado esto a la IA y me ha dado esta respuesta. \u00bfD\u00f3nde se ha equivocado?\u201d<\/a><\/h3>\t\t\t\t\t<\/header><!-- .entry-header -->\n\t\t\t\t<\/div><!-- .post-inner -->\n\n\t\t\t<\/div><!-- .post-outer -->\n\t\t<\/article>\n\t\t\t<article id=\"post-118510\" class=\"post-118510 post type-post status-publish format-standard has-post-thumbnail category-entrevistas category-noticias tag-aprendizaje tag-aula tag-docentes tag-educacion-2 tag-estudiantes tag-filosofia-2 tag-formacion-2 tag-inteligencia tag-jose-antonio-marina tag-pedagogia-2 tag-pensamiento-critico-2 cs-entry cs-video-wrap\">\n\t\t\t<div class=\"pk-post-outer\">\n\n\t\t\t\t\t\t\t\t<div class=\"pk-post-inner\">\n\t\t\t\t\t<div class=\"entry-thumbnail\">\n\t\t\t\t\t\t<div class=\"pk-overlay pk-overlay-ratio pk-ratio-landscape\">\n\t\t\t\t\t\t\t<div class=\"pk-overlay-background\">\n\t\t\t\t\t\t\t\t<a href=\"https:\/\/webdelmaestrocmf.com\/portal\/jose-antonio-marina-si-no-teneis-pensamiento-critico-o-si-no-hay-pensamiento-critico-la-manipulacion-va-a-ser-muy-sencilla\/\" class=\"pk-overlay-link\">\n\t\t\t\t\t\t\t\t\t<img loading=\"lazy\" decoding=\"async\" width=\"300\" height=\"225\" src=\"https:\/\/webdelmaestrocmf.com\/portal\/wp-content\/uploads\/2026\/04\/1AA-Banner-1-portada-imagen-10-1-copia-5-6-300x225.webp\" class=\"attachment-pk-thumbnail size-pk-thumbnail wp-post-image\" alt=\"\" \/>\t\t\t\t\t\t\t\t<\/a>\n\t\t\t\t\t\t\t<\/div>\n\t\t\t\t\t\t<\/div>\n\t\t\t\t\t<\/div>\n\t\t\t\t<\/div>\n\t\t\t\t\n\t\t\t\t<div class=\"pk-post-inner\">\n\t\t\t\t\t<header>\n\t\t\t\t\t\t<h3 class=\"pk-title\"><a href=\"https:\/\/webdelmaestrocmf.com\/portal\/jose-antonio-marina-si-no-teneis-pensamiento-critico-o-si-no-hay-pensamiento-critico-la-manipulacion-va-a-ser-muy-sencilla\/\" rel=\"bookmark\">Jos\u00e9 Antonio Marina: Si no ten\u00e9is pensamiento cr\u00edtico, o si no hay pensamiento cr\u00edtico, la manipulaci\u00f3n va a ser muy sencilla<\/a><\/h3>\t\t\t\t\t<\/header><!-- .entry-header -->\n\t\t\t\t<\/div><!-- .post-inner -->\n\n\t\t\t<\/div><!-- .post-outer -->\n\t\t<\/article>\n\t\t\t<article id=\"post-113504\" class=\"post-113504 post type-post status-publish format-standard has-post-thumbnail category-entrevistas category-noticias tag-alumno tag-begona-ibarrola-2 tag-desmotivado tag-vago cs-entry cs-video-wrap\">\n\t\t\t<div class=\"pk-post-outer\">\n\n\t\t\t\t\t\t\t\t<div class=\"pk-post-inner\">\n\t\t\t\t\t<div class=\"entry-thumbnail\">\n\t\t\t\t\t\t<div class=\"pk-overlay pk-overlay-ratio pk-ratio-landscape\">\n\t\t\t\t\t\t\t<div class=\"pk-overlay-background\">\n\t\t\t\t\t\t\t\t<a href=\"https:\/\/webdelmaestrocmf.com\/portal\/begona-ibarrola-debemos-distinguir-entre-un-alumno-verdaderamente-vago-y-uno-que-esta-desmotivado-porque-anticipa-el-fracaso\/\" class=\"pk-overlay-link\">\n\t\t\t\t\t\t\t\t\t<img loading=\"lazy\" decoding=\"async\" width=\"300\" height=\"225\" src=\"https:\/\/webdelmaestrocmf.com\/portal\/wp-content\/uploads\/2025\/11\/1AA-Banner-1-portada-imagen-10-1-copia-3-300x225.webp\" class=\"attachment-pk-thumbnail size-pk-thumbnail wp-post-image\" alt=\"\" \/>\t\t\t\t\t\t\t\t<\/a>\n\t\t\t\t\t\t\t<\/div>\n\t\t\t\t\t\t<\/div>\n\t\t\t\t\t<\/div>\n\t\t\t\t<\/div>\n\t\t\t\t\n\t\t\t\t<div class=\"pk-post-inner\">\n\t\t\t\t\t<header>\n\t\t\t\t\t\t<h3 class=\"pk-title\"><a href=\"https:\/\/webdelmaestrocmf.com\/portal\/begona-ibarrola-debemos-distinguir-entre-un-alumno-verdaderamente-vago-y-uno-que-esta-desmotivado-porque-anticipa-el-fracaso\/\" rel=\"bookmark\">Bego\u00f1a Ibarrola: Debemos distinguir entre un alumno verdaderamente vago y uno que est\u00e1 desmotivado porque anticipa el fracaso<\/a><\/h3>\t\t\t\t\t<\/header><!-- .entry-header -->\n\t\t\t\t<\/div><!-- .post-inner -->\n\n\t\t\t<\/div><!-- .post-outer -->\n\t\t<\/article>\n\t\t\t\t<\/div>\n\t\t<\/div>\n\t\t\n","protected":false},"excerpt":{"rendered":"La profesora argentina Emilia Beatriz Mar\u00eda Ferreiro Schavi (Buenos Aires, 1937) radicada en M\u00e9xico, ostenta el grado de&hellip;","protected":false},"author":1,"featured_media":93469,"comment_status":"open","ping_status":"open","sticky":false,"template":"","format":"standard","meta":{"csco_display_header_overlay":false,"csco_singular_sidebar":"disabled","csco_page_header_type":"large","csco_page_load_nextpost":"default","csco_post_video_location":[],"csco_post_video_location_hash":"","csco_post_video_url":"","csco_post_video_bg_start_time":0,"csco_post_video_bg_end_time":0,"csco_post_video_bg_volume":false,"_jetpack_memberships_contains_paid_content":false,"footnotes":""},"categories":[48,47],"tags":[403,219,58,233,404,405,406],"class_list":{"0":"post-10534","1":"post","2":"type-post","3":"status-publish","4":"format-standard","5":"has-post-thumbnail","7":"category-entrevistas","8":"category-noticias","9":"tag-contemporaneos","10":"tag-desafios","11":"tag-docentes","12":"tag-emilia-ferreiro","13":"tag-facultad-de-humanidades","14":"tag-jean-piaget","15":"tag-lectura","16":"cs-entry","17":"cs-video-wrap"},"yoast_head":"<!-- This site is optimized with the Yoast SEO plugin v27.5 - https:\/\/yoast.com\/product\/yoast-seo-wordpress\/ -->\n<title>Emilia Ferreiro: Los chicos ya vienen formados por la pantalla y reci\u00e9n en la escuela ingresan al papel escrito<\/title>\n<meta name=\"description\" content=\"Emilia Ferreiro asever\u00f3 que \u201cSi los docentes no leen son incapaces de transmitir el placer de la lectura\u201d. Ella ostenta el grado de...\" \/>\n<meta name=\"robots\" content=\"index, follow, max-snippet:-1, max-image-preview:large, max-video-preview:-1\" \/>\n<link rel=\"canonical\" href=\"https:\/\/webdelmaestrocmf.com\/portal\/emilia-ferreiro-ni-piaget-imagino-los-desafios-de-los-chicos-contemporaneos\/\" \/>\n<meta property=\"og:locale\" content=\"es_ES\" \/>\n<meta property=\"og:type\" content=\"article\" \/>\n<meta property=\"og:title\" content=\"Emilia Ferreiro: Los chicos ya vienen formados por la pantalla y reci\u00e9n en la escuela ingresan al papel escrito\" \/>\n<meta property=\"og:description\" content=\"Emilia Ferreiro asever\u00f3 que \u201cSi los docentes no leen son incapaces de transmitir el placer de la lectura\u201d. Ella ostenta el grado de...\" \/>\n<meta property=\"og:url\" content=\"https:\/\/webdelmaestrocmf.com\/portal\/emilia-ferreiro-ni-piaget-imagino-los-desafios-de-los-chicos-contemporaneos\/\" \/>\n<meta property=\"og:site_name\" content=\"Web del Maestro CMF\" \/>\n<meta property=\"article:publisher\" content=\"https:\/\/www.facebook.com\/WebdelMaestroCMF\/\" \/>\n<meta property=\"article:author\" content=\"https:\/\/www.facebook.com\/WebdelMaestroCMF\/\" \/>\n<meta property=\"article:published_time\" content=\"2021-11-11T18:15:45+00:00\" \/>\n<meta property=\"article:modified_time\" content=\"2025-12-15T11:49:11+00:00\" \/>\n<meta property=\"og:image\" content=\"https:\/\/webdelmaestrocmf.com\/portal\/wp-content\/uploads\/2021\/11\/A12B3C4D-42.jpg\" \/>\n\t<meta property=\"og:image:width\" content=\"900\" \/>\n\t<meta property=\"og:image:height\" content=\"556\" \/>\n\t<meta property=\"og:image:type\" content=\"image\/jpeg\" \/>\n<meta name=\"author\" content=\"Web del Maestro CMF\" \/>\n<meta name=\"twitter:card\" content=\"summary_large_image\" \/>\n<meta name=\"twitter:creator\" content=\"@cmf_w\" \/>\n<meta name=\"twitter:site\" content=\"@cmf_w\" \/>\n<script type=\"application\/ld+json\" class=\"yoast-schema-graph\">{\"@context\":\"https:\\\/\\\/schema.org\",\"@graph\":[{\"@type\":\"ScholarlyArticle\",\"@id\":\"https:\\\/\\\/webdelmaestrocmf.com\\\/portal\\\/emilia-ferreiro-ni-piaget-imagino-los-desafios-de-los-chicos-contemporaneos\\\/#article\",\"isPartOf\":{\"@id\":\"https:\\\/\\\/webdelmaestrocmf.com\\\/portal\\\/emilia-ferreiro-ni-piaget-imagino-los-desafios-de-los-chicos-contemporaneos\\\/\"},\"author\":{\"name\":\"Web del Maestro CMF\",\"@id\":\"https:\\\/\\\/webdelmaestrocmf.com\\\/portal\\\/#\\\/schema\\\/person\\\/1072a2ed7bd960df8ef99a551fa35dc5\"},\"headline\":\"Emilia Ferreiro: Los chicos ya vienen formados por la pantalla y reci\u00e9n en la escuela ingresan al papel escrito\",\"datePublished\":\"2021-11-11T18:15:45+00:00\",\"dateModified\":\"2025-12-15T11:49:11+00:00\",\"mainEntityOfPage\":{\"@id\":\"https:\\\/\\\/webdelmaestrocmf.com\\\/portal\\\/emilia-ferreiro-ni-piaget-imagino-los-desafios-de-los-chicos-contemporaneos\\\/\"},\"wordCount\":1348,\"commentCount\":0,\"publisher\":{\"@id\":\"https:\\\/\\\/webdelmaestrocmf.com\\\/portal\\\/#organization\"},\"image\":{\"@id\":\"https:\\\/\\\/webdelmaestrocmf.com\\\/portal\\\/emilia-ferreiro-ni-piaget-imagino-los-desafios-de-los-chicos-contemporaneos\\\/#primaryimage\"},\"thumbnailUrl\":\"https:\\\/\\\/webdelmaestrocmf.com\\\/portal\\\/wp-content\\\/uploads\\\/2021\\\/11\\\/A12B3C4D-42.jpg\",\"keywords\":[\"CONTEMPOR\u00c1NEOS\",\"DESAF\u00cdOS\",\"DOCENTES\",\"Emilia Ferreiro\",\"Facultad de Humanidades\",\"Jean Piaget\",\"lectura\"],\"articleSection\":[\"Entrevistas\",\"Noticias\"],\"inLanguage\":\"es\",\"potentialAction\":[{\"@type\":\"CommentAction\",\"name\":\"Comment\",\"target\":[\"https:\\\/\\\/webdelmaestrocmf.com\\\/portal\\\/emilia-ferreiro-ni-piaget-imagino-los-desafios-de-los-chicos-contemporaneos\\\/#respond\"]}]},{\"@type\":\"WebPage\",\"@id\":\"https:\\\/\\\/webdelmaestrocmf.com\\\/portal\\\/emilia-ferreiro-ni-piaget-imagino-los-desafios-de-los-chicos-contemporaneos\\\/\",\"url\":\"https:\\\/\\\/webdelmaestrocmf.com\\\/portal\\\/emilia-ferreiro-ni-piaget-imagino-los-desafios-de-los-chicos-contemporaneos\\\/\",\"name\":\"Emilia Ferreiro: Los chicos ya vienen formados por la pantalla y reci\u00e9n en la escuela ingresan al papel escrito\",\"isPartOf\":{\"@id\":\"https:\\\/\\\/webdelmaestrocmf.com\\\/portal\\\/#website\"},\"primaryImageOfPage\":{\"@id\":\"https:\\\/\\\/webdelmaestrocmf.com\\\/portal\\\/emilia-ferreiro-ni-piaget-imagino-los-desafios-de-los-chicos-contemporaneos\\\/#primaryimage\"},\"image\":{\"@id\":\"https:\\\/\\\/webdelmaestrocmf.com\\\/portal\\\/emilia-ferreiro-ni-piaget-imagino-los-desafios-de-los-chicos-contemporaneos\\\/#primaryimage\"},\"thumbnailUrl\":\"https:\\\/\\\/webdelmaestrocmf.com\\\/portal\\\/wp-content\\\/uploads\\\/2021\\\/11\\\/A12B3C4D-42.jpg\",\"datePublished\":\"2021-11-11T18:15:45+00:00\",\"dateModified\":\"2025-12-15T11:49:11+00:00\",\"description\":\"Emilia Ferreiro asever\u00f3 que \u201cSi los docentes no leen son incapaces de transmitir el placer de la lectura\u201d. Ella ostenta el grado de...\",\"breadcrumb\":{\"@id\":\"https:\\\/\\\/webdelmaestrocmf.com\\\/portal\\\/emilia-ferreiro-ni-piaget-imagino-los-desafios-de-los-chicos-contemporaneos\\\/#breadcrumb\"},\"inLanguage\":\"es\",\"potentialAction\":[{\"@type\":\"ReadAction\",\"target\":[\"https:\\\/\\\/webdelmaestrocmf.com\\\/portal\\\/emilia-ferreiro-ni-piaget-imagino-los-desafios-de-los-chicos-contemporaneos\\\/\"]}]},{\"@type\":\"ImageObject\",\"inLanguage\":\"es\",\"@id\":\"https:\\\/\\\/webdelmaestrocmf.com\\\/portal\\\/emilia-ferreiro-ni-piaget-imagino-los-desafios-de-los-chicos-contemporaneos\\\/#primaryimage\",\"url\":\"https:\\\/\\\/webdelmaestrocmf.com\\\/portal\\\/wp-content\\\/uploads\\\/2021\\\/11\\\/A12B3C4D-42.jpg\",\"contentUrl\":\"https:\\\/\\\/webdelmaestrocmf.com\\\/portal\\\/wp-content\\\/uploads\\\/2021\\\/11\\\/A12B3C4D-42.jpg\",\"width\":900,\"height\":556},{\"@type\":\"BreadcrumbList\",\"@id\":\"https:\\\/\\\/webdelmaestrocmf.com\\\/portal\\\/emilia-ferreiro-ni-piaget-imagino-los-desafios-de-los-chicos-contemporaneos\\\/#breadcrumb\",\"itemListElement\":[{\"@type\":\"ListItem\",\"position\":1,\"name\":\"Portada\",\"item\":\"https:\\\/\\\/webdelmaestrocmf.com\\\/portal\\\/\"},{\"@type\":\"ListItem\",\"position\":2,\"name\":\"Noticias\",\"item\":\"https:\\\/\\\/webdelmaestrocmf.com\\\/portal\\\/category\\\/noticias\\\/\"},{\"@type\":\"ListItem\",\"position\":3,\"name\":\"Emilia Ferreiro: Los chicos ya vienen formados por la pantalla y reci\u00e9n en la escuela ingresan al papel escrito\"}]},{\"@type\":\"WebSite\",\"@id\":\"https:\\\/\\\/webdelmaestrocmf.com\\\/portal\\\/#website\",\"url\":\"https:\\\/\\\/webdelmaestrocmf.com\\\/portal\\\/\",\"name\":\"Web del Maestro CMF\",\"description\":\"Maestros al servicio de la educaci\u00f3n\",\"publisher\":{\"@id\":\"https:\\\/\\\/webdelmaestrocmf.com\\\/portal\\\/#organization\"},\"alternateName\":\"WMCMF\",\"potentialAction\":[{\"@type\":\"SearchAction\",\"target\":{\"@type\":\"EntryPoint\",\"urlTemplate\":\"https:\\\/\\\/webdelmaestrocmf.com\\\/portal\\\/?s={search_term_string}\"},\"query-input\":{\"@type\":\"PropertyValueSpecification\",\"valueRequired\":true,\"valueName\":\"search_term_string\"}}],\"inLanguage\":\"es\"},{\"@type\":\"Organization\",\"@id\":\"https:\\\/\\\/webdelmaestrocmf.com\\\/portal\\\/#organization\",\"name\":\"Web del Maestro CMF\",\"alternateName\":\"WMCMF\",\"url\":\"https:\\\/\\\/webdelmaestrocmf.com\\\/portal\\\/\",\"logo\":{\"@type\":\"ImageObject\",\"inLanguage\":\"es\",\"@id\":\"https:\\\/\\\/webdelmaestrocmf.com\\\/portal\\\/#\\\/schema\\\/logo\\\/image\\\/\",\"url\":\"https:\\\/\\\/webdelmaestrocmf.com\\\/portal\\\/wp-content\\\/uploads\\\/2023\\\/01\\\/logo-wmcmf-2.png\",\"contentUrl\":\"https:\\\/\\\/webdelmaestrocmf.com\\\/portal\\\/wp-content\\\/uploads\\\/2023\\\/01\\\/logo-wmcmf-2.png\",\"width\":200,\"height\":60,\"caption\":\"Web del Maestro CMF\"},\"image\":{\"@id\":\"https:\\\/\\\/webdelmaestrocmf.com\\\/portal\\\/#\\\/schema\\\/logo\\\/image\\\/\"},\"sameAs\":[\"https:\\\/\\\/www.facebook.com\\\/WebdelMaestroCMF\\\/\",\"https:\\\/\\\/x.com\\\/cmf_w\",\"https:\\\/\\\/www.pinterest.com\\\/WMCMF\\\/\",\"https:\\\/\\\/www.linkedin.com\\\/company\\\/web-del-maestro-cmf\\\/\",\"https:\\\/\\\/www.instagram.com\\\/wmcmf\\\/\",\"https:\\\/\\\/www.youtube.com\\\/channel\\\/UCDPSvjbdodE5sHnC3OxutHw\",\"https:\\\/\\\/mastodon.social\\\/@wmcmf\",\"https:\\\/\\\/www.tiktok.com\\\/@webdelmaestrocmf\"]},{\"@type\":\"Person\",\"@id\":\"https:\\\/\\\/webdelmaestrocmf.com\\\/portal\\\/#\\\/schema\\\/person\\\/1072a2ed7bd960df8ef99a551fa35dc5\",\"name\":\"Web del Maestro CMF\",\"image\":{\"@type\":\"ImageObject\",\"inLanguage\":\"es\",\"@id\":\"https:\\\/\\\/secure.gravatar.com\\\/avatar\\\/23291dd5b5ae1077dcff3dbb04c3e02bd28403fa75af6d8787d5e97c5bbbe30b?s=96&d=mm&r=g\",\"url\":\"https:\\\/\\\/secure.gravatar.com\\\/avatar\\\/23291dd5b5ae1077dcff3dbb04c3e02bd28403fa75af6d8787d5e97c5bbbe30b?s=96&d=mm&r=g\",\"contentUrl\":\"https:\\\/\\\/secure.gravatar.com\\\/avatar\\\/23291dd5b5ae1077dcff3dbb04c3e02bd28403fa75af6d8787d5e97c5bbbe30b?s=96&d=mm&r=g\",\"caption\":\"Web del Maestro CMF\"},\"description\":\"Esta Web se cre\u00f3 sin fines de lucro, con fines educativos, cient\u00edficos y acad\u00e9micos, para personas que tengan dificultades y\\\/o inconvenientes en visualizar el material original. El objetivo es entregar recursos, compartir experiencias y materiales que ayuden a los padres de familia, maestros y estudiantes en su actualizaci\u00f3n y formaci\u00f3n permanente, en bien de la Educaci\u00f3n.\",\"sameAs\":[\"http:\\\/\\\/webdelmaestrocmf.com\\\/portal\",\"https:\\\/\\\/www.facebook.com\\\/WebdelMaestroCMF\\\/\",\"https:\\\/\\\/www.instagram.com\\\/wmcmf\\\/\",\"https:\\\/\\\/cl.linkedin.com\\\/company\\\/web-del-maestro-cmf\",\"https:\\\/\\\/www.pinterest.com\\\/WMCMF\\\/publicaciones\\\/\",\"https:\\\/\\\/x.com\\\/cmf_w\",\"https:\\\/\\\/www.youtube.com\\\/@WMCMF\"]}]}<\/script>\n<!-- \/ Yoast SEO plugin. -->","yoast_head_json":{"title":"Emilia Ferreiro: Los chicos ya vienen formados por la pantalla y reci\u00e9n en la escuela ingresan al papel escrito","description":"Emilia Ferreiro asever\u00f3 que \u201cSi los docentes no leen son incapaces de transmitir el placer de la lectura\u201d. Ella ostenta el grado de...","robots":{"index":"index","follow":"follow","max-snippet":"max-snippet:-1","max-image-preview":"max-image-preview:large","max-video-preview":"max-video-preview:-1"},"canonical":"https:\/\/webdelmaestrocmf.com\/portal\/emilia-ferreiro-ni-piaget-imagino-los-desafios-de-los-chicos-contemporaneos\/","og_locale":"es_ES","og_type":"article","og_title":"Emilia Ferreiro: Los chicos ya vienen formados por la pantalla y reci\u00e9n en la escuela ingresan al papel escrito","og_description":"Emilia Ferreiro asever\u00f3 que \u201cSi los docentes no leen son incapaces de transmitir el placer de la lectura\u201d. Ella ostenta el grado de...","og_url":"https:\/\/webdelmaestrocmf.com\/portal\/emilia-ferreiro-ni-piaget-imagino-los-desafios-de-los-chicos-contemporaneos\/","og_site_name":"Web del Maestro CMF","article_publisher":"https:\/\/www.facebook.com\/WebdelMaestroCMF\/","article_author":"https:\/\/www.facebook.com\/WebdelMaestroCMF\/","article_published_time":"2021-11-11T18:15:45+00:00","article_modified_time":"2025-12-15T11:49:11+00:00","og_image":[{"width":900,"height":556,"url":"https:\/\/webdelmaestrocmf.com\/portal\/wp-content\/uploads\/2021\/11\/A12B3C4D-42.jpg","type":"image\/jpeg"}],"author":"Web del Maestro CMF","twitter_card":"summary_large_image","twitter_creator":"@cmf_w","twitter_site":"@cmf_w","schema":{"@context":"https:\/\/schema.org","@graph":[{"@type":"ScholarlyArticle","@id":"https:\/\/webdelmaestrocmf.com\/portal\/emilia-ferreiro-ni-piaget-imagino-los-desafios-de-los-chicos-contemporaneos\/#article","isPartOf":{"@id":"https:\/\/webdelmaestrocmf.com\/portal\/emilia-ferreiro-ni-piaget-imagino-los-desafios-de-los-chicos-contemporaneos\/"},"author":{"name":"Web del Maestro CMF","@id":"https:\/\/webdelmaestrocmf.com\/portal\/#\/schema\/person\/1072a2ed7bd960df8ef99a551fa35dc5"},"headline":"Emilia Ferreiro: Los chicos ya vienen formados por la pantalla y reci\u00e9n en la escuela ingresan al papel escrito","datePublished":"2021-11-11T18:15:45+00:00","dateModified":"2025-12-15T11:49:11+00:00","mainEntityOfPage":{"@id":"https:\/\/webdelmaestrocmf.com\/portal\/emilia-ferreiro-ni-piaget-imagino-los-desafios-de-los-chicos-contemporaneos\/"},"wordCount":1348,"commentCount":0,"publisher":{"@id":"https:\/\/webdelmaestrocmf.com\/portal\/#organization"},"image":{"@id":"https:\/\/webdelmaestrocmf.com\/portal\/emilia-ferreiro-ni-piaget-imagino-los-desafios-de-los-chicos-contemporaneos\/#primaryimage"},"thumbnailUrl":"https:\/\/webdelmaestrocmf.com\/portal\/wp-content\/uploads\/2021\/11\/A12B3C4D-42.jpg","keywords":["CONTEMPOR\u00c1NEOS","DESAF\u00cdOS","DOCENTES","Emilia Ferreiro","Facultad de Humanidades","Jean Piaget","lectura"],"articleSection":["Entrevistas","Noticias"],"inLanguage":"es","potentialAction":[{"@type":"CommentAction","name":"Comment","target":["https:\/\/webdelmaestrocmf.com\/portal\/emilia-ferreiro-ni-piaget-imagino-los-desafios-de-los-chicos-contemporaneos\/#respond"]}]},{"@type":"WebPage","@id":"https:\/\/webdelmaestrocmf.com\/portal\/emilia-ferreiro-ni-piaget-imagino-los-desafios-de-los-chicos-contemporaneos\/","url":"https:\/\/webdelmaestrocmf.com\/portal\/emilia-ferreiro-ni-piaget-imagino-los-desafios-de-los-chicos-contemporaneos\/","name":"Emilia Ferreiro: Los chicos ya vienen formados por la pantalla y reci\u00e9n en la escuela ingresan al papel escrito","isPartOf":{"@id":"https:\/\/webdelmaestrocmf.com\/portal\/#website"},"primaryImageOfPage":{"@id":"https:\/\/webdelmaestrocmf.com\/portal\/emilia-ferreiro-ni-piaget-imagino-los-desafios-de-los-chicos-contemporaneos\/#primaryimage"},"image":{"@id":"https:\/\/webdelmaestrocmf.com\/portal\/emilia-ferreiro-ni-piaget-imagino-los-desafios-de-los-chicos-contemporaneos\/#primaryimage"},"thumbnailUrl":"https:\/\/webdelmaestrocmf.com\/portal\/wp-content\/uploads\/2021\/11\/A12B3C4D-42.jpg","datePublished":"2021-11-11T18:15:45+00:00","dateModified":"2025-12-15T11:49:11+00:00","description":"Emilia Ferreiro asever\u00f3 que \u201cSi los docentes no leen son incapaces de transmitir el placer de la lectura\u201d. Ella ostenta el grado de...","breadcrumb":{"@id":"https:\/\/webdelmaestrocmf.com\/portal\/emilia-ferreiro-ni-piaget-imagino-los-desafios-de-los-chicos-contemporaneos\/#breadcrumb"},"inLanguage":"es","potentialAction":[{"@type":"ReadAction","target":["https:\/\/webdelmaestrocmf.com\/portal\/emilia-ferreiro-ni-piaget-imagino-los-desafios-de-los-chicos-contemporaneos\/"]}]},{"@type":"ImageObject","inLanguage":"es","@id":"https:\/\/webdelmaestrocmf.com\/portal\/emilia-ferreiro-ni-piaget-imagino-los-desafios-de-los-chicos-contemporaneos\/#primaryimage","url":"https:\/\/webdelmaestrocmf.com\/portal\/wp-content\/uploads\/2021\/11\/A12B3C4D-42.jpg","contentUrl":"https:\/\/webdelmaestrocmf.com\/portal\/wp-content\/uploads\/2021\/11\/A12B3C4D-42.jpg","width":900,"height":556},{"@type":"BreadcrumbList","@id":"https:\/\/webdelmaestrocmf.com\/portal\/emilia-ferreiro-ni-piaget-imagino-los-desafios-de-los-chicos-contemporaneos\/#breadcrumb","itemListElement":[{"@type":"ListItem","position":1,"name":"Portada","item":"https:\/\/webdelmaestrocmf.com\/portal\/"},{"@type":"ListItem","position":2,"name":"Noticias","item":"https:\/\/webdelmaestrocmf.com\/portal\/category\/noticias\/"},{"@type":"ListItem","position":3,"name":"Emilia Ferreiro: Los chicos ya vienen formados por la pantalla y reci\u00e9n en la escuela ingresan al papel escrito"}]},{"@type":"WebSite","@id":"https:\/\/webdelmaestrocmf.com\/portal\/#website","url":"https:\/\/webdelmaestrocmf.com\/portal\/","name":"Web del Maestro CMF","description":"Maestros al servicio de la educaci\u00f3n","publisher":{"@id":"https:\/\/webdelmaestrocmf.com\/portal\/#organization"},"alternateName":"WMCMF","potentialAction":[{"@type":"SearchAction","target":{"@type":"EntryPoint","urlTemplate":"https:\/\/webdelmaestrocmf.com\/portal\/?s={search_term_string}"},"query-input":{"@type":"PropertyValueSpecification","valueRequired":true,"valueName":"search_term_string"}}],"inLanguage":"es"},{"@type":"Organization","@id":"https:\/\/webdelmaestrocmf.com\/portal\/#organization","name":"Web del Maestro CMF","alternateName":"WMCMF","url":"https:\/\/webdelmaestrocmf.com\/portal\/","logo":{"@type":"ImageObject","inLanguage":"es","@id":"https:\/\/webdelmaestrocmf.com\/portal\/#\/schema\/logo\/image\/","url":"https:\/\/webdelmaestrocmf.com\/portal\/wp-content\/uploads\/2023\/01\/logo-wmcmf-2.png","contentUrl":"https:\/\/webdelmaestrocmf.com\/portal\/wp-content\/uploads\/2023\/01\/logo-wmcmf-2.png","width":200,"height":60,"caption":"Web del Maestro CMF"},"image":{"@id":"https:\/\/webdelmaestrocmf.com\/portal\/#\/schema\/logo\/image\/"},"sameAs":["https:\/\/www.facebook.com\/WebdelMaestroCMF\/","https:\/\/x.com\/cmf_w","https:\/\/www.pinterest.com\/WMCMF\/","https:\/\/www.linkedin.com\/company\/web-del-maestro-cmf\/","https:\/\/www.instagram.com\/wmcmf\/","https:\/\/www.youtube.com\/channel\/UCDPSvjbdodE5sHnC3OxutHw","https:\/\/mastodon.social\/@wmcmf","https:\/\/www.tiktok.com\/@webdelmaestrocmf"]},{"@type":"Person","@id":"https:\/\/webdelmaestrocmf.com\/portal\/#\/schema\/person\/1072a2ed7bd960df8ef99a551fa35dc5","name":"Web del Maestro CMF","image":{"@type":"ImageObject","inLanguage":"es","@id":"https:\/\/secure.gravatar.com\/avatar\/23291dd5b5ae1077dcff3dbb04c3e02bd28403fa75af6d8787d5e97c5bbbe30b?s=96&d=mm&r=g","url":"https:\/\/secure.gravatar.com\/avatar\/23291dd5b5ae1077dcff3dbb04c3e02bd28403fa75af6d8787d5e97c5bbbe30b?s=96&d=mm&r=g","contentUrl":"https:\/\/secure.gravatar.com\/avatar\/23291dd5b5ae1077dcff3dbb04c3e02bd28403fa75af6d8787d5e97c5bbbe30b?s=96&d=mm&r=g","caption":"Web del Maestro CMF"},"description":"Esta Web se cre\u00f3 sin fines de lucro, con fines educativos, cient\u00edficos y acad\u00e9micos, para personas que tengan dificultades y\/o inconvenientes en visualizar el material original. El objetivo es entregar recursos, compartir experiencias y materiales que ayuden a los padres de familia, maestros y estudiantes en su actualizaci\u00f3n y formaci\u00f3n permanente, en bien de la Educaci\u00f3n.","sameAs":["http:\/\/webdelmaestrocmf.com\/portal","https:\/\/www.facebook.com\/WebdelMaestroCMF\/","https:\/\/www.instagram.com\/wmcmf\/","https:\/\/cl.linkedin.com\/company\/web-del-maestro-cmf","https:\/\/www.pinterest.com\/WMCMF\/publicaciones\/","https:\/\/x.com\/cmf_w","https:\/\/www.youtube.com\/@WMCMF"]}]}},"jetpack_featured_media_url":"https:\/\/webdelmaestrocmf.com\/portal\/wp-content\/uploads\/2021\/11\/A12B3C4D-42.jpg","jetpack_sharing_enabled":true,"jetpack-related-posts":[{"id":93497,"url":"https:\/\/webdelmaestrocmf.com\/portal\/emilia-ferreiro-schiavi-1937-2023-nos-seguira-hablando-al-oido-maestro-tienes-que-decir-que-aprender-es-posible\/","url_meta":{"origin":10534,"position":0},"title":"Emilia Ferreiro Schiavi (1937 &#8211; 2023) nos seguir\u00e1 hablando al o\u00eddo: \u201cMaestro tienes que decir que aprender es posible\u201d","author":"Web del Maestro CMF","date":"29 agosto, 2023","format":false,"excerpt":"En muchas oportunidades hemos comenzado una publicaci\u00f3n compartiendo el perfil de la profesora Emilia Ferreiro, y ahora tenemos poner que se llam\u00f3 Emilia Beatriz Mar\u00eda Ferreiro Schavi (1937 - 2023), psic\u00f3loga, pedagoga, docente, escritora, conferencista. Graduada en la Universidad de Buenos Aires (Argentina) y la Universidad de Ginebra (Suiza), donde\u2026","rel":"","context":"En \u00abEntrevistas\u00bb","block_context":{"text":"Entrevistas","link":"https:\/\/webdelmaestrocmf.com\/portal\/category\/noticias\/entrevistas\/"},"img":{"alt_text":"Emilia Ferreiro Schiavi","src":"https:\/\/i0.wp.com\/webdelmaestrocmf.com\/portal\/wp-content\/uploads\/2023\/08\/A12B3C4D-45.jpg?resize=350%2C200&ssl=1","width":350,"height":200,"srcset":"https:\/\/i0.wp.com\/webdelmaestrocmf.com\/portal\/wp-content\/uploads\/2023\/08\/A12B3C4D-45.jpg?resize=350%2C200&ssl=1 1x, https:\/\/i0.wp.com\/webdelmaestrocmf.com\/portal\/wp-content\/uploads\/2023\/08\/A12B3C4D-45.jpg?resize=525%2C300&ssl=1 1.5x, https:\/\/i0.wp.com\/webdelmaestrocmf.com\/portal\/wp-content\/uploads\/2023\/08\/A12B3C4D-45.jpg?resize=700%2C400&ssl=1 2x"},"classes":[]},{"id":108358,"url":"https:\/\/webdelmaestrocmf.com\/portal\/emilia-ferreiro-la-alfabetizacion-no-es-un-lujo-es-un-derecho\/","url_meta":{"origin":10534,"position":1},"title":"Emilia Ferreiro: la alfabetizaci\u00f3n no es un lujo, es un derecho","author":"Web del Maestro CMF","date":"14 marzo, 2025","format":false,"excerpt":"La alfabetizaci\u00f3n no es un lujo, es un derecho. Esta afirmaci\u00f3n, que atraviesa el pensamiento de Emilia Ferreiro, nos recuerda que aprender a leer y escribir no debe ser un privilegio reservado para algunos, sino una garant\u00eda universal. Ferreiro dedic\u00f3 su vida a investigar y transformar la forma en que\u2026","rel":"","context":"En \u00abEntrevistas\u00bb","block_context":{"text":"Entrevistas","link":"https:\/\/webdelmaestrocmf.com\/portal\/category\/noticias\/entrevistas\/"},"img":{"alt_text":"","src":"https:\/\/i0.wp.com\/webdelmaestrocmf.com\/portal\/wp-content\/uploads\/2025\/03\/1A-Banner-1-portada-imagen-10-1-7.jpg?resize=350%2C200&ssl=1","width":350,"height":200,"srcset":"https:\/\/i0.wp.com\/webdelmaestrocmf.com\/portal\/wp-content\/uploads\/2025\/03\/1A-Banner-1-portada-imagen-10-1-7.jpg?resize=350%2C200&ssl=1 1x, https:\/\/i0.wp.com\/webdelmaestrocmf.com\/portal\/wp-content\/uploads\/2025\/03\/1A-Banner-1-portada-imagen-10-1-7.jpg?resize=525%2C300&ssl=1 1.5x, https:\/\/i0.wp.com\/webdelmaestrocmf.com\/portal\/wp-content\/uploads\/2025\/03\/1A-Banner-1-portada-imagen-10-1-7.jpg?resize=700%2C400&ssl=1 2x"},"classes":[]},{"id":94148,"url":"https:\/\/webdelmaestrocmf.com\/portal\/comceptualizacion-de-la-lectoescritura\/","url_meta":{"origin":10534,"position":2},"title":"Conceptualizaci\u00f3n de la lectoescritura","author":"Web del Maestro CMF","date":"5 septiembre, 2023","format":false,"excerpt":"Emilia Ferreiro, fue una reconocida psic\u00f3loga y pedagoga argentina, ha realizado importantes contribuciones al campo de la lectoescritura y la ense\u00f1anza de la misma. Su enfoque se basa en una concepci\u00f3n constructivista del aprendizaje, que difiere de las aproximaciones tradicionales en la ense\u00f1anza de la lectura y la escritura. La\u2026","rel":"","context":"En \u00abLectoescritura\u00bb","block_context":{"text":"Lectoescritura","link":"https:\/\/webdelmaestrocmf.com\/portal\/category\/pedagogia\/lectoescritura\/"},"img":{"alt_text":"","src":"https:\/\/i0.wp.com\/webdelmaestrocmf.com\/portal\/wp-content\/uploads\/2023\/09\/A12B3C4D-14.jpg?resize=350%2C200&ssl=1","width":350,"height":200,"srcset":"https:\/\/i0.wp.com\/webdelmaestrocmf.com\/portal\/wp-content\/uploads\/2023\/09\/A12B3C4D-14.jpg?resize=350%2C200&ssl=1 1x, https:\/\/i0.wp.com\/webdelmaestrocmf.com\/portal\/wp-content\/uploads\/2023\/09\/A12B3C4D-14.jpg?resize=525%2C300&ssl=1 1.5x, https:\/\/i0.wp.com\/webdelmaestrocmf.com\/portal\/wp-content\/uploads\/2023\/09\/A12B3C4D-14.jpg?resize=700%2C400&ssl=1 2x"},"classes":[]},{"id":94846,"url":"https:\/\/webdelmaestrocmf.com\/portal\/ensenar-a-leer-segun-emilia-ferreiro-una-metodologia-innovadora\/","url_meta":{"origin":10534,"position":3},"title":"Ense\u00f1ar a Leer seg\u00fan Emilia Ferreiro: Una Metodolog\u00eda Innovadora","author":"Web del Maestro CMF","date":"11 enero, 2024","format":false,"excerpt":"Emilia Ferreiro, fue una reconocida psic\u00f3loga y pedagoga argentina, ha revolucionado la forma en que se ense\u00f1a a leer y escribir. Inspirada en la teor\u00eda de Piaget, Ferreiro ha desarrollado un m\u00e9todo propio que se centra en el proceso integrado de aprendizaje del lenguaje escrito. Su enfoque no solo busca\u2026","rel":"","context":"En \u00abLectoescritura\u00bb","block_context":{"text":"Lectoescritura","link":"https:\/\/webdelmaestrocmf.com\/portal\/category\/pedagogia\/lectoescritura\/"},"img":{"alt_text":"Emilia Ferreiro","src":"https:\/\/i0.wp.com\/webdelmaestrocmf.com\/portal\/wp-content\/uploads\/2023\/09\/Banner-1-portada-imagen-2.jpg?resize=350%2C200&ssl=1","width":350,"height":200,"srcset":"https:\/\/i0.wp.com\/webdelmaestrocmf.com\/portal\/wp-content\/uploads\/2023\/09\/Banner-1-portada-imagen-2.jpg?resize=350%2C200&ssl=1 1x, https:\/\/i0.wp.com\/webdelmaestrocmf.com\/portal\/wp-content\/uploads\/2023\/09\/Banner-1-portada-imagen-2.jpg?resize=525%2C300&ssl=1 1.5x, https:\/\/i0.wp.com\/webdelmaestrocmf.com\/portal\/wp-content\/uploads\/2023\/09\/Banner-1-portada-imagen-2.jpg?resize=700%2C400&ssl=1 2x"},"classes":[]},{"id":2735,"url":"https:\/\/webdelmaestrocmf.com\/portal\/si-los-docentes-no-leen-son-incapaces-de-transmitir-el-placer-de-la-lectura\/","url_meta":{"origin":10534,"position":4},"title":"Emilia Ferreiro: Si los docentes no leen, son incapaces de transmitir el placer de la lectura","author":"Web del Maestro CMF","date":"8 enero, 2024","format":false,"excerpt":"Un docente que no lee no puede contagiar el gusto por la lectura. Ense\u00f1ar a leer no es solo t\u00e9cnica, es transmitir experiencia, emoci\u00f3n y sentido real hacia los textos.","rel":"","context":"En \u00abEntrevistas\u00bb","block_context":{"text":"Entrevistas","link":"https:\/\/webdelmaestrocmf.com\/portal\/category\/noticias\/entrevistas\/"},"img":{"alt_text":"","src":"https:\/\/i0.wp.com\/webdelmaestrocmf.com\/portal\/wp-content\/uploads\/2018\/05\/A12B3C4D-2.jpg?resize=350%2C200&ssl=1","width":350,"height":200,"srcset":"https:\/\/i0.wp.com\/webdelmaestrocmf.com\/portal\/wp-content\/uploads\/2018\/05\/A12B3C4D-2.jpg?resize=350%2C200&ssl=1 1x, https:\/\/i0.wp.com\/webdelmaestrocmf.com\/portal\/wp-content\/uploads\/2018\/05\/A12B3C4D-2.jpg?resize=525%2C300&ssl=1 1.5x, https:\/\/i0.wp.com\/webdelmaestrocmf.com\/portal\/wp-content\/uploads\/2018\/05\/A12B3C4D-2.jpg?resize=700%2C400&ssl=1 2x"},"classes":[]},{"id":95200,"url":"https:\/\/webdelmaestrocmf.com\/portal\/trabajando-el-reconocimiento-del-nombre-propio-segun-emilia-ferreiro-ideas-para-docentes\/","url_meta":{"origin":10534,"position":5},"title":"Trabajando el reconocimiento del nombre propio seg\u00fan Emilia Ferreiro: Ideas para Docentes","author":"Web del Maestro CMF","date":"18 septiembre, 2023","format":false,"excerpt":"Emilia Ferreiro, una destacada pedagoga argentina, ha dejado una huella significativa en el campo de la educaci\u00f3n, particularmente en el desarrollo del reconocimiento del nombre propio en los ni\u00f1os. Su enfoque se basa en la idea de que esta habilidad cognitiva es esencial y se desarrolla de manera gradual a\u2026","rel":"","context":"En \u00abInicial\u00bb","block_context":{"text":"Inicial","link":"https:\/\/webdelmaestrocmf.com\/portal\/category\/pedagogia\/inicial\/"},"img":{"alt_text":"nombre","src":"https:\/\/i0.wp.com\/webdelmaestrocmf.com\/portal\/wp-content\/uploads\/2023\/09\/A12B3C4D-5-3.jpg?resize=350%2C200&ssl=1","width":350,"height":200,"srcset":"https:\/\/i0.wp.com\/webdelmaestrocmf.com\/portal\/wp-content\/uploads\/2023\/09\/A12B3C4D-5-3.jpg?resize=350%2C200&ssl=1 1x, https:\/\/i0.wp.com\/webdelmaestrocmf.com\/portal\/wp-content\/uploads\/2023\/09\/A12B3C4D-5-3.jpg?resize=525%2C300&ssl=1 1.5x, https:\/\/i0.wp.com\/webdelmaestrocmf.com\/portal\/wp-content\/uploads\/2023\/09\/A12B3C4D-5-3.jpg?resize=700%2C400&ssl=1 2x"},"classes":[]}],"_links":{"self":[{"href":"https:\/\/webdelmaestrocmf.com\/portal\/wp-json\/wp\/v2\/posts\/10534","targetHints":{"allow":["GET"]}}],"collection":[{"href":"https:\/\/webdelmaestrocmf.com\/portal\/wp-json\/wp\/v2\/posts"}],"about":[{"href":"https:\/\/webdelmaestrocmf.com\/portal\/wp-json\/wp\/v2\/types\/post"}],"author":[{"embeddable":true,"href":"https:\/\/webdelmaestrocmf.com\/portal\/wp-json\/wp\/v2\/users\/1"}],"replies":[{"embeddable":true,"href":"https:\/\/webdelmaestrocmf.com\/portal\/wp-json\/wp\/v2\/comments?post=10534"}],"version-history":[{"count":1,"href":"https:\/\/webdelmaestrocmf.com\/portal\/wp-json\/wp\/v2\/posts\/10534\/revisions"}],"predecessor-version":[{"id":114059,"href":"https:\/\/webdelmaestrocmf.com\/portal\/wp-json\/wp\/v2\/posts\/10534\/revisions\/114059"}],"wp:featuredmedia":[{"embeddable":true,"href":"https:\/\/webdelmaestrocmf.com\/portal\/wp-json\/wp\/v2\/media\/93469"}],"wp:attachment":[{"href":"https:\/\/webdelmaestrocmf.com\/portal\/wp-json\/wp\/v2\/media?parent=10534"}],"wp:term":[{"taxonomy":"category","embeddable":true,"href":"https:\/\/webdelmaestrocmf.com\/portal\/wp-json\/wp\/v2\/categories?post=10534"},{"taxonomy":"post_tag","embeddable":true,"href":"https:\/\/webdelmaestrocmf.com\/portal\/wp-json\/wp\/v2\/tags?post=10534"}],"curies":[{"name":"wp","href":"https:\/\/api.w.org\/{rel}","templated":true}]}}