{"id":105184,"date":"2025-08-06T16:12:00","date_gmt":"2025-08-06T20:12:00","guid":{"rendered":"https:\/\/webdelmaestrocmf.com\/portal\/?p=105184"},"modified":"2025-11-20T11:23:29","modified_gmt":"2025-11-20T14:23:29","slug":"la-solucion-no-es-quitarle-pantallas-a-los-ninos-sino-a-los-padres","status":"publish","type":"post","link":"https:\/\/webdelmaestrocmf.com\/portal\/la-solucion-no-es-quitarle-pantallas-a-los-ninos-sino-a-los-padres\/","title":{"rendered":"Carlos Gonz\u00e1lez: La soluci\u00f3n no es quitarle pantallas a los ni\u00f1os, sino a los padres"},"content":{"rendered":"<p style=\"text-align: justify;\" data-sourcepos=\"3:1-3:399\">En la era digital, las pantallas o dispositivos m\u00f3viles se han convertido en una presencia constante en nuestras vidas. Desde los smartphones hasta las tablets y las televisiones, estos dispositivos nos ofrecen un sinf\u00edn de posibilidades para el entretenimiento, la comunicaci\u00f3n y el aprendizaje. Sin embargo, su uso excesivo, especialmente en los ni\u00f1os, ha generado gran preocupaci\u00f3n entre los expertos en salud infantil.<!--more--><\/p>\n<p style=\"text-align: justify;\" data-sourcepos=\"5:1-5:443\">El Dr. Carlos Gonz\u00e1lez, pediatra espa\u00f1ol y autor de reconocido prestigio, ha sido uno de los cr\u00edticos m\u00e1s vocales del impacto negativo que las pantallas pueden tener en el desarrollo de los ni\u00f1os. En una reciente entrevista, Gonz\u00e1lez afirm\u00f3 que la soluci\u00f3n al problema no reside en prohibir las pantallas a los ni\u00f1os, sino en que los padres tomen conciencia de su propio uso y establezcan l\u00edmites saludables para ellos mismos y para sus hijos.<\/p>\n<blockquote>\n<p style=\"text-align: center;\" data-sourcepos=\"5:1-5:443\">Gonz\u00e1lez advierte que las pantallas \u201cno son ni\u00f1eras\u201d y que el uso excesivo puede interferir con el desarrollo de la visi\u00f3n y con el aprendizaje pr\u00e1ctico que s\u00f3lo se logra a trav\u00e9s del contacto real con el mundo f\u00edsico: \u201cCon pantallas, l<strong>os objetos no siguen las leyes\u00a0<\/strong>de la f\u00edsica, el ni\u00f1o no puede aprender c\u00f3mo funciona el mundo\u201d.<\/p>\n<\/blockquote>\n<p data-sourcepos=\"5:1-5:443\">Art\u00ed ulo rela ionado: <a href=\"https:\/\/webdelmaestrocmf.com\/portal\/a-que-edad-debo-darle-a-mi-hijo-su-primer-celular\/\" target=\"_top\" rel=\"noopener\">\u00bfA qu\u00e9 edad debo darle a mi hijo su primer celular?<\/a><\/p>\n<h2 style=\"text-align: left;\" data-sourcepos=\"7:1-7:35\"><strong>El lado oscuro de las pantallas<\/strong><\/h2>\n<p style=\"text-align: justify;\" data-sourcepos=\"9:1-9:102\">La exposici\u00f3n prolongada a las pantallas se ha asociado con una serie de problemas en los ni\u00f1os, como:<\/p>\n<ul style=\"text-align: justify;\" data-sourcepos=\"11:1-16:0\">\n<li data-sourcepos=\"11:1-11:293\"><strong>Retraso en el desarrollo del habla y el lenguaje:<\/strong> La interacci\u00f3n social y la comunicaci\u00f3n cara a cara son esenciales para el desarrollo del lenguaje en los ni\u00f1os. El tiempo excesivo frente a las pantallas puede limitar estas interacciones y afectar negativamente el desarrollo del habla.<\/li>\n<li data-sourcepos=\"12:1-12:314\"><strong>Problemas de atenci\u00f3n e hiperactividad:<\/strong> La estimulaci\u00f3n constante y artificial que ofrecen las pantallas puede dificultar que los ni\u00f1os se concentren en tareas que requieren atenci\u00f3n sostenida, como leer o estudiar. Esto puede aumentar el riesgo de desarrollar trastornos de atenci\u00f3n e hiperactividad (TDAH).<\/li>\n<li data-sourcepos=\"13:1-13:237\"><strong>Dificultades para dormir:<\/strong> La luz azul emitida por las pantallas puede interferir con la producci\u00f3n de melatonina, una hormona que regula el sue\u00f1o. Esto puede provocar problemas para conciliar el sue\u00f1o y mantenerlo durante la noche.<\/li>\n<li data-sourcepos=\"14:1-14:269\"><strong>Obesidad y problemas de salud:<\/strong> La falta de actividad f\u00edsica y el consumo excesivo de alimentos poco saludables, dos h\u00e1bitos comunes entre los ni\u00f1os que pasan mucho tiempo frente a las pantallas, pueden aumentar el riesgo de obesidad y otras enfermedades cr\u00f3nicas.<\/li>\n<li data-sourcepos=\"15:1-16:0\"><strong>Adicci\u00f3n:<\/strong> Las pantallas pueden ser altamente adictivas, especialmente para los ni\u00f1os que a\u00fan no han desarrollado la capacidad de autorregulaci\u00f3n. Esto puede llevar a un uso compulsivo y a la negligencia de otras actividades importantes como la escuela, las relaciones sociales y el juego.<\/li>\n<\/ul>\n<p><img loading=\"lazy\" decoding=\"async\" class=\"alignnone wp-image-105186 size-large\" src=\"https:\/\/webdelmaestrocmf.com\/portal\/wp-content\/uploads\/2024\/04\/1-1024x1024.webp\" alt=\"pantallas\" width=\"1024\" height=\"1024\" srcset=\"https:\/\/webdelmaestrocmf.com\/portal\/wp-content\/uploads\/2024\/04\/1-1024x1024.webp 1024w, https:\/\/webdelmaestrocmf.com\/portal\/wp-content\/uploads\/2024\/04\/1-300x300.webp 300w, https:\/\/webdelmaestrocmf.com\/portal\/wp-content\/uploads\/2024\/04\/1-150x150.webp 150w, https:\/\/webdelmaestrocmf.com\/portal\/wp-content\/uploads\/2024\/04\/1-768x768.webp 768w, https:\/\/webdelmaestrocmf.com\/portal\/wp-content\/uploads\/2024\/04\/1-80x80.webp 80w, https:\/\/webdelmaestrocmf.com\/portal\/wp-content\/uploads\/2024\/04\/1-110x110.webp 110w, https:\/\/webdelmaestrocmf.com\/portal\/wp-content\/uploads\/2024\/04\/1-380x380.webp 380w, https:\/\/webdelmaestrocmf.com\/portal\/wp-content\/uploads\/2024\/04\/1-550x550.webp 550w, https:\/\/webdelmaestrocmf.com\/portal\/wp-content\/uploads\/2024\/04\/1-800x800.webp 800w, https:\/\/webdelmaestrocmf.com\/portal\/wp-content\/uploads\/2024\/04\/1.webp 1080w\" sizes=\"auto, (max-width: 1024px) 100vw, 1024px\" \/><\/p>\n<h2 style=\"text-align: left;\" data-sourcepos=\"17:1-17:38\"><strong>El papel fundamental de los padres<\/strong><\/h2>\n<p style=\"text-align: justify;\" data-sourcepos=\"19:1-19:292\">Los padres son los principales modelos a seguir para sus hijos, y su comportamiento en relaci\u00f3n con las pantallas tendr\u00e1 un impacto significativo en los h\u00e1bitos de sus hijos. Si los padres pasan ellos mismos demasiado tiempo frente a las pantallas, es probable que sus hijos tambi\u00e9n lo hagan.<\/p>\n<p style=\"text-align: justify;\" data-sourcepos=\"21:1-21:213\">Es importante que los padres establezcan l\u00edmites claros y consistentes para el uso de pantallas en el hogar. Estos l\u00edmites deben ser apropiados para la edad del ni\u00f1o y tener en cuenta sus necesidades individuales.<\/p>\n<h2 style=\"text-align: left;\" data-sourcepos=\"23:1-23:25\"><strong>Consejos para padres:<\/strong><\/h2>\n<ul style=\"text-align: justify;\" data-sourcepos=\"25:1-30:0\">\n<li data-sourcepos=\"25:1-25:165\"><strong>Predica con el ejemplo:<\/strong> Limita tu propio uso de pantallas y aseg\u00farate de no estar constantemente distra\u00eddo por tu tel\u00e9fono o tablet cuando est\u00e9s con tus hijos.<\/li>\n<li data-sourcepos=\"26:1-26:157\"><strong>Establece zonas libres de pantallas:<\/strong> Crea \u00e1reas en el hogar donde no se permita el uso de pantallas, como el dormitorio, el comedor y la sala de estar.<\/li>\n<li data-sourcepos=\"27:1-27:204\"><strong>Fomenta actividades alternativas:<\/strong> Anima a tus hijos a participar en actividades que no impliquen pantallas, como jugar al aire libre, leer, practicar deportes o pasar tiempo con la familia y amigos.<\/li>\n<li data-sourcepos=\"28:1-28:229\"><strong>Utiliza las pantallas de manera responsable:<\/strong> Cuando los ni\u00f1os usen pantallas, aseg\u00farate de que lo hagan con fines educativos o de entretenimiento adecuados para su edad. Supervisa su actividad y establece l\u00edmites de tiempo.<\/li>\n<li data-sourcepos=\"29:1-30:0\"><strong>Habla con tus hijos sobre las pantallas:<\/strong> Explica a tus hijos los riesgos y beneficios del uso de pantallas y ens\u00e9\u00f1ales a usarlas de manera responsable.<\/li>\n<\/ul>\n<p style=\"text-align: justify;\" data-sourcepos=\"33:1-33:407\">La batalla contra las pantallas no se trata de prohibirlas por completo, sino de encontrar un equilibrio saludable. Los padres juegan un papel fundamental en este proceso, modelando h\u00e1bitos saludables y estableciendo l\u00edmites claros para sus hijos. Al hacerlo, podemos ayudar a nuestros hijos a aprovechar al m\u00e1ximo los beneficios de la tecnolog\u00eda mientras evitamos los riesgos asociados con su uso excesivo.<\/p>\n<p style=\"text-align: justify;\" data-sourcepos=\"33:1-33:407\">\t\t<div class=\"pk-inline-posts\">\n\t\t\t\n\t\t\t<div class=\"pk-inline-posts-container pk-inline-posts-template-list\"\n\t\t\t\tdata-columns=\"1\">\n\t\t\t\t\t\t<article id=\"post-121133\" class=\"post-121133 post type-post status-publish format-standard has-post-thumbnail category-entrevistas category-noticias tag-aprendizaje tag-chatgpt-2 tag-docentes tag-educacion-superior tag-innovacion-educativa-2 tag-inteligencia-artificial tag-pensamiento-critico-2 tag-tecnologia-educativa-2 tag-universidad cs-entry cs-video-wrap\">\n\t\t\t<div class=\"pk-post-outer\">\n\n\t\t\t\t\t\t\t\t<div class=\"pk-post-inner\">\n\t\t\t\t\t<div class=\"entry-thumbnail\">\n\t\t\t\t\t\t<div class=\"pk-overlay pk-overlay-ratio pk-ratio-landscape\">\n\t\t\t\t\t\t\t<div class=\"pk-overlay-background\">\n\t\t\t\t\t\t\t\t<a href=\"https:\/\/webdelmaestrocmf.com\/portal\/ronald-purser-la-ia-esta-destruyendo-la-universidad-y-el-aprendizaje-mismo\/\" class=\"pk-overlay-link\">\n\t\t\t\t\t\t\t\t\t<img loading=\"lazy\" decoding=\"async\" width=\"300\" height=\"225\" src=\"https:\/\/webdelmaestrocmf.com\/portal\/wp-content\/uploads\/2026\/09\/1AA-Banner-1-portada-imagen-10-1-copia-18-300x225.webp\" class=\"attachment-pk-thumbnail size-pk-thumbnail wp-post-image\" alt=\"\" \/>\t\t\t\t\t\t\t\t<\/a>\n\t\t\t\t\t\t\t<\/div>\n\t\t\t\t\t\t<\/div>\n\t\t\t\t\t<\/div>\n\t\t\t\t<\/div>\n\t\t\t\t\n\t\t\t\t<div class=\"pk-post-inner\">\n\t\t\t\t\t<header>\n\t\t\t\t\t\t<h3 class=\"pk-title\"><a href=\"https:\/\/webdelmaestrocmf.com\/portal\/ronald-purser-la-ia-esta-destruyendo-la-universidad-y-el-aprendizaje-mismo\/\" rel=\"bookmark\">Ronald Purser: \u00abLa IA est\u00e1 destruyendo la universidad y el aprendizaje mismo. \u00bb<\/a><\/h3>\t\t\t\t\t<\/header><!-- .entry-header -->\n\t\t\t\t<\/div><!-- .post-inner -->\n\n\t\t\t<\/div><!-- .post-outer -->\n\t\t<\/article>\n\t\t\t<article id=\"post-120765\" class=\"post-120765 post type-post status-publish format-standard has-post-thumbnail category-entrevistas category-noticias tag-aprendizaje-permanente tag-competencias tag-docentes tag-educacion-2 tag-empleabilidad tag-formacion-profesional tag-futuro-del-trabajo tag-innovacion-educativa-2 tag-inteligencia-artificial tag-productividad tag-renzo-corona cs-entry cs-video-wrap\">\n\t\t\t<div class=\"pk-post-outer\">\n\n\t\t\t\t\t\t\t\t<div class=\"pk-post-inner\">\n\t\t\t\t\t<div class=\"entry-thumbnail\">\n\t\t\t\t\t\t<div class=\"pk-overlay pk-overlay-ratio pk-ratio-landscape\">\n\t\t\t\t\t\t\t<div class=\"pk-overlay-background\">\n\t\t\t\t\t\t\t\t<a href=\"https:\/\/webdelmaestrocmf.com\/portal\/renzo-corona-no-hay-buen-empleo-sin-buena-educacion-ni-productividad-real-sin-personas-preparadas-para-reinventarse\/\" class=\"pk-overlay-link\">\n\t\t\t\t\t\t\t\t\t<img loading=\"lazy\" decoding=\"async\" width=\"300\" height=\"225\" src=\"https:\/\/webdelmaestrocmf.com\/portal\/wp-content\/uploads\/2026\/07\/1AA-Banner-1-portada-imagen-10-1-copia-17-300x225.webp\" class=\"attachment-pk-thumbnail size-pk-thumbnail wp-post-image\" alt=\"\" \/>\t\t\t\t\t\t\t\t<\/a>\n\t\t\t\t\t\t\t<\/div>\n\t\t\t\t\t\t<\/div>\n\t\t\t\t\t<\/div>\n\t\t\t\t<\/div>\n\t\t\t\t\n\t\t\t\t<div class=\"pk-post-inner\">\n\t\t\t\t\t<header>\n\t\t\t\t\t\t<h3 class=\"pk-title\"><a href=\"https:\/\/webdelmaestrocmf.com\/portal\/renzo-corona-no-hay-buen-empleo-sin-buena-educacion-ni-productividad-real-sin-personas-preparadas-para-reinventarse\/\" rel=\"bookmark\">Renzo Corona: \u201cNo hay buen empleo sin buena educaci\u00f3n, ni productividad real sin personas preparadas para reinventarse\u201d<\/a><\/h3>\t\t\t\t\t<\/header><!-- .entry-header -->\n\t\t\t\t<\/div><!-- .post-inner -->\n\n\t\t\t<\/div><!-- .post-outer -->\n\t\t<\/article>\n\t\t\t<article id=\"post-120232\" class=\"post-120232 post type-post status-publish format-standard has-post-thumbnail category-entrevistas category-noticias tag-autonomia-3 tag-crianza tag-desarrollo-infantil tag-educacion-familiar tag-esfuerzo tag-fernando-alberca tag-fuerza-de-voluntad tag-habitos-2 tag-perseverancia tag-sobreproteccion-2 cs-entry cs-video-wrap\">\n\t\t\t<div class=\"pk-post-outer\">\n\n\t\t\t\t\t\t\t\t<div class=\"pk-post-inner\">\n\t\t\t\t\t<div class=\"entry-thumbnail\">\n\t\t\t\t\t\t<div class=\"pk-overlay pk-overlay-ratio pk-ratio-landscape\">\n\t\t\t\t\t\t\t<div class=\"pk-overlay-background\">\n\t\t\t\t\t\t\t\t<a href=\"https:\/\/webdelmaestrocmf.com\/portal\/fernando-alberca-hemos-alimentado-a-los-hijos-con-la-idea-de-que-si-la-vida-es-comoda-es-feliz-y-esto-es-mentira\/\" class=\"pk-overlay-link\">\n\t\t\t\t\t\t\t\t\t<img loading=\"lazy\" decoding=\"async\" width=\"300\" height=\"225\" src=\"https:\/\/webdelmaestrocmf.com\/portal\/wp-content\/uploads\/2026\/06\/1AA-Banner-1-portada-imagen-10-1-copia-25-300x225.webp\" class=\"attachment-pk-thumbnail size-pk-thumbnail wp-post-image\" alt=\"\" \/>\t\t\t\t\t\t\t\t<\/a>\n\t\t\t\t\t\t\t<\/div>\n\t\t\t\t\t\t<\/div>\n\t\t\t\t\t<\/div>\n\t\t\t\t<\/div>\n\t\t\t\t\n\t\t\t\t<div class=\"pk-post-inner\">\n\t\t\t\t\t<header>\n\t\t\t\t\t\t<h3 class=\"pk-title\"><a href=\"https:\/\/webdelmaestrocmf.com\/portal\/fernando-alberca-hemos-alimentado-a-los-hijos-con-la-idea-de-que-si-la-vida-es-comoda-es-feliz-y-esto-es-mentira\/\" rel=\"bookmark\">Fernando Alberca: \u201cHemos alimentado a los hijos con la idea de que si la vida es c\u00f3moda es feliz. Y esto es mentira\u201d<\/a><\/h3>\t\t\t\t\t<\/header><!-- .entry-header -->\n\t\t\t\t<\/div><!-- .post-inner -->\n\n\t\t\t<\/div><!-- .post-outer -->\n\t\t<\/article>\n\t\t\t\t<\/div>\n\t\t<\/div>\n\t\t<\/p>\n","protected":false},"excerpt":{"rendered":"Con pantallas, los objetos no siguen las leyes\u00a0de la f\u00edsica, el ni\u00f1o no puede aprender c\u00f3mo funciona el mundo.","protected":false},"author":1,"featured_media":111793,"comment_status":"open","ping_status":"closed","sticky":false,"template":"","format":"standard","meta":{"_jetpack_newsletter_access":"","_jetpack_dont_email_post_to_subs":false,"_jetpack_newsletter_tier_id":0,"_jetpack_memberships_contains_paywalled_content":false,"csco_display_header_overlay":false,"csco_singular_sidebar":"","csco_page_header_type":"","csco_page_load_nextpost":"","csco_post_video_location":[],"csco_post_video_location_hash":"","csco_post_video_url":"","csco_post_video_bg_start_time":0,"csco_post_video_bg_end_time":0,"csco_post_video_bg_volume":false,"_jetpack_feature_clip_id":0,"_jetpack_memberships_contains_paid_content":false,"footnotes":"","jetpack_post_was_ever_published":false},"categories":[48,47],"tags":[297,184,6012,23431,4155,2585],"class_list":["post-105184","post","type-post","status-publish","format-standard","has-post-thumbnail","category-entrevistas","category-noticias","tag-ninos","tag-padres","tag-pantallas","tag-quitarle","tag-sino","tag-solucion","cs-entry","cs-video-wrap"],"yoast_head":"<!-- This site is optimized with the Yoast SEO plugin v28.4 - https:\/\/yoast.com\/product\/yoast-seo-wordpress\/ -->\n<title>Carlos Gonz\u00e1lez: La soluci\u00f3n no es quitarle pantallas a los ni\u00f1os, sino a los padres - 2026<\/title>\n<meta name=\"description\" content=\"Descubre el impacto de las pantallas en la salud infantil. El pediatra Carlos Gonz\u00e1lez explica c\u00f3mo establecer l\u00edmites saludables.\" \/>\n<meta name=\"robots\" content=\"index, follow, max-snippet:-1, max-image-preview:large, max-video-preview:-1\" \/>\n<link rel=\"canonical\" href=\"https:\/\/webdelmaestrocmf.com\/portal\/la-solucion-no-es-quitarle-pantallas-a-los-ninos-sino-a-los-padres\/\" \/>\n<meta property=\"og:locale\" content=\"es_ES\" \/>\n<meta property=\"og:type\" content=\"article\" \/>\n<meta property=\"og:title\" content=\"Carlos Gonz\u00e1lez: La soluci\u00f3n no es quitarle pantallas a los ni\u00f1os, sino a los padres - 2026\" \/>\n<meta property=\"og:description\" content=\"Descubre el impacto de las pantallas en la salud infantil. El pediatra Carlos Gonz\u00e1lez explica c\u00f3mo establecer l\u00edmites saludables.\" \/>\n<meta property=\"og:url\" content=\"https:\/\/webdelmaestrocmf.com\/portal\/la-solucion-no-es-quitarle-pantallas-a-los-ninos-sino-a-los-padres\/\" \/>\n<meta property=\"og:site_name\" content=\"Web del Maestro CMF\" \/>\n<meta property=\"article:publisher\" content=\"https:\/\/www.facebook.com\/WebdelMaestroCMF\/\" \/>\n<meta property=\"article:author\" content=\"https:\/\/www.facebook.com\/WebdelMaestroCMF\/\" \/>\n<meta property=\"article:published_time\" content=\"2025-08-06T20:12:00+00:00\" \/>\n<meta property=\"article:modified_time\" content=\"2025-11-20T14:23:29+00:00\" \/>\n<meta property=\"og:image\" content=\"https:\/\/webdelmaestrocmf.com\/portal\/wp-content\/uploads\/2024\/04\/1A-Banner-1-portada-imagen-10-1-copia-2025-08-06T153218.200.webp\" \/>\n\t<meta property=\"og:image:width\" content=\"1003\" \/>\n\t<meta property=\"og:image:height\" content=\"667\" \/>\n\t<meta property=\"og:image:type\" content=\"image\/webp\" \/>\n<meta name=\"author\" content=\"Web del Maestro CMF\" \/>\n<meta name=\"twitter:card\" content=\"summary_large_image\" \/>\n<meta name=\"twitter:creator\" content=\"@cmf_w\" \/>\n<meta name=\"twitter:site\" content=\"@cmf_w\" \/>\n<script type=\"application\/ld+json\" class=\"yoast-schema-graph\">{\"@context\":\"https:\\\/\\\/schema.org\",\"@graph\":[{\"@type\":\"ScholarlyArticle\",\"@id\":\"https:\\\/\\\/webdelmaestrocmf.com\\\/portal\\\/la-solucion-no-es-quitarle-pantallas-a-los-ninos-sino-a-los-padres\\\/#article\",\"isPartOf\":{\"@id\":\"https:\\\/\\\/webdelmaestrocmf.com\\\/portal\\\/la-solucion-no-es-quitarle-pantallas-a-los-ninos-sino-a-los-padres\\\/\"},\"author\":{\"name\":\"Web del Maestro CMF\",\"@id\":\"https:\\\/\\\/webdelmaestrocmf.com\\\/portal\\\/#\\\/schema\\\/person\\\/1072a2ed7bd960df8ef99a551fa35dc5\"},\"headline\":\"Carlos Gonz\u00e1lez: La soluci\u00f3n no es quitarle pantallas a los ni\u00f1os, sino a los padres\",\"datePublished\":\"2025-08-06T20:12:00+00:00\",\"dateModified\":\"2025-11-20T14:23:29+00:00\",\"mainEntityOfPage\":{\"@id\":\"https:\\\/\\\/webdelmaestrocmf.com\\\/portal\\\/la-solucion-no-es-quitarle-pantallas-a-los-ninos-sino-a-los-padres\\\/\"},\"wordCount\":833,\"commentCount\":4,\"publisher\":{\"@id\":\"https:\\\/\\\/webdelmaestrocmf.com\\\/portal\\\/#organization\"},\"image\":{\"@id\":\"https:\\\/\\\/webdelmaestrocmf.com\\\/portal\\\/la-solucion-no-es-quitarle-pantallas-a-los-ninos-sino-a-los-padres\\\/#primaryimage\"},\"thumbnailUrl\":\"https:\\\/\\\/webdelmaestrocmf.com\\\/portal\\\/wp-content\\\/uploads\\\/2024\\\/04\\\/1A-Banner-1-portada-imagen-10-1-copia-2025-08-06T153218.200.webp\",\"keywords\":[\"Ni\u00f1os\",\"padres\",\"Pantallas\",\"quitarle\",\"SINO\",\"SOLUCI\u00d3N\"],\"articleSection\":[\"Entrevistas\",\"Noticias\"],\"inLanguage\":\"es\",\"potentialAction\":[{\"@type\":\"CommentAction\",\"name\":\"Comment\",\"target\":[\"https:\\\/\\\/webdelmaestrocmf.com\\\/portal\\\/la-solucion-no-es-quitarle-pantallas-a-los-ninos-sino-a-los-padres\\\/#respond\"]}]},{\"@type\":\"WebPage\",\"@id\":\"https:\\\/\\\/webdelmaestrocmf.com\\\/portal\\\/la-solucion-no-es-quitarle-pantallas-a-los-ninos-sino-a-los-padres\\\/\",\"url\":\"https:\\\/\\\/webdelmaestrocmf.com\\\/portal\\\/la-solucion-no-es-quitarle-pantallas-a-los-ninos-sino-a-los-padres\\\/\",\"name\":\"Carlos Gonz\u00e1lez: La soluci\u00f3n no es quitarle pantallas a los ni\u00f1os, sino a los padres - 2026\",\"isPartOf\":{\"@id\":\"https:\\\/\\\/webdelmaestrocmf.com\\\/portal\\\/#website\"},\"primaryImageOfPage\":{\"@id\":\"https:\\\/\\\/webdelmaestrocmf.com\\\/portal\\\/la-solucion-no-es-quitarle-pantallas-a-los-ninos-sino-a-los-padres\\\/#primaryimage\"},\"image\":{\"@id\":\"https:\\\/\\\/webdelmaestrocmf.com\\\/portal\\\/la-solucion-no-es-quitarle-pantallas-a-los-ninos-sino-a-los-padres\\\/#primaryimage\"},\"thumbnailUrl\":\"https:\\\/\\\/webdelmaestrocmf.com\\\/portal\\\/wp-content\\\/uploads\\\/2024\\\/04\\\/1A-Banner-1-portada-imagen-10-1-copia-2025-08-06T153218.200.webp\",\"datePublished\":\"2025-08-06T20:12:00+00:00\",\"dateModified\":\"2025-11-20T14:23:29+00:00\",\"description\":\"Descubre el impacto de las pantallas en la salud infantil. El pediatra Carlos Gonz\u00e1lez explica c\u00f3mo establecer l\u00edmites saludables.\",\"breadcrumb\":{\"@id\":\"https:\\\/\\\/webdelmaestrocmf.com\\\/portal\\\/la-solucion-no-es-quitarle-pantallas-a-los-ninos-sino-a-los-padres\\\/#breadcrumb\"},\"inLanguage\":\"es\",\"potentialAction\":[{\"@type\":\"ReadAction\",\"target\":[\"https:\\\/\\\/webdelmaestrocmf.com\\\/portal\\\/la-solucion-no-es-quitarle-pantallas-a-los-ninos-sino-a-los-padres\\\/\"]}]},{\"@type\":\"ImageObject\",\"inLanguage\":\"es\",\"@id\":\"https:\\\/\\\/webdelmaestrocmf.com\\\/portal\\\/la-solucion-no-es-quitarle-pantallas-a-los-ninos-sino-a-los-padres\\\/#primaryimage\",\"url\":\"https:\\\/\\\/webdelmaestrocmf.com\\\/portal\\\/wp-content\\\/uploads\\\/2024\\\/04\\\/1A-Banner-1-portada-imagen-10-1-copia-2025-08-06T153218.200.webp\",\"contentUrl\":\"https:\\\/\\\/webdelmaestrocmf.com\\\/portal\\\/wp-content\\\/uploads\\\/2024\\\/04\\\/1A-Banner-1-portada-imagen-10-1-copia-2025-08-06T153218.200.webp\",\"width\":1003,\"height\":667},{\"@type\":\"BreadcrumbList\",\"@id\":\"https:\\\/\\\/webdelmaestrocmf.com\\\/portal\\\/la-solucion-no-es-quitarle-pantallas-a-los-ninos-sino-a-los-padres\\\/#breadcrumb\",\"itemListElement\":[{\"@type\":\"ListItem\",\"position\":1,\"name\":\"Portada\",\"item\":\"https:\\\/\\\/webdelmaestrocmf.com\\\/portal\\\/\"},{\"@type\":\"ListItem\",\"position\":2,\"name\":\"Noticias\",\"item\":\"https:\\\/\\\/webdelmaestrocmf.com\\\/portal\\\/category\\\/noticias\\\/\"},{\"@type\":\"ListItem\",\"position\":3,\"name\":\"Carlos Gonz\u00e1lez: La soluci\u00f3n no es quitarle pantallas a los ni\u00f1os, sino a los padres\"}]},{\"@type\":\"WebSite\",\"@id\":\"https:\\\/\\\/webdelmaestrocmf.com\\\/portal\\\/#website\",\"url\":\"https:\\\/\\\/webdelmaestrocmf.com\\\/portal\\\/\",\"name\":\"Web del Maestro CMF\",\"description\":\"Maestros al servicio de la educaci\u00f3n\",\"publisher\":{\"@id\":\"https:\\\/\\\/webdelmaestrocmf.com\\\/portal\\\/#organization\"},\"alternateName\":\"WMCMF\",\"potentialAction\":[{\"@type\":\"SearchAction\",\"target\":{\"@type\":\"EntryPoint\",\"urlTemplate\":\"https:\\\/\\\/webdelmaestrocmf.com\\\/portal\\\/?s={search_term_string}\"},\"query-input\":{\"@type\":\"PropertyValueSpecification\",\"valueRequired\":true,\"valueName\":\"search_term_string\"}}],\"inLanguage\":\"es\"},{\"@type\":\"Organization\",\"@id\":\"https:\\\/\\\/webdelmaestrocmf.com\\\/portal\\\/#organization\",\"name\":\"Web del Maestro CMF\",\"alternateName\":\"WMCMF\",\"url\":\"https:\\\/\\\/webdelmaestrocmf.com\\\/portal\\\/\",\"logo\":{\"@type\":\"ImageObject\",\"inLanguage\":\"es\",\"@id\":\"https:\\\/\\\/webdelmaestrocmf.com\\\/portal\\\/#\\\/schema\\\/logo\\\/image\\\/\",\"url\":\"https:\\\/\\\/webdelmaestrocmf.com\\\/portal\\\/wp-content\\\/uploads\\\/2023\\\/01\\\/logo-wmcmf-2.png\",\"contentUrl\":\"https:\\\/\\\/webdelmaestrocmf.com\\\/portal\\\/wp-content\\\/uploads\\\/2023\\\/01\\\/logo-wmcmf-2.png\",\"width\":200,\"height\":60,\"caption\":\"Web del Maestro CMF\"},\"image\":{\"@id\":\"https:\\\/\\\/webdelmaestrocmf.com\\\/portal\\\/#\\\/schema\\\/logo\\\/image\\\/\"},\"sameAs\":[\"https:\\\/\\\/www.facebook.com\\\/WebdelMaestroCMF\\\/\",\"https:\\\/\\\/x.com\\\/cmf_w\",\"https:\\\/\\\/www.pinterest.com\\\/WMCMF\\\/\",\"https:\\\/\\\/www.linkedin.com\\\/company\\\/web-del-maestro-cmf\\\/\",\"https:\\\/\\\/www.instagram.com\\\/wmcmf\\\/\",\"https:\\\/\\\/www.youtube.com\\\/channel\\\/UCDPSvjbdodE5sHnC3OxutHw\",\"https:\\\/\\\/mastodon.social\\\/@wmcmf\",\"https:\\\/\\\/www.tiktok.com\\\/@webdelmaestrocmf\"]},{\"@type\":\"Person\",\"@id\":\"https:\\\/\\\/webdelmaestrocmf.com\\\/portal\\\/#\\\/schema\\\/person\\\/1072a2ed7bd960df8ef99a551fa35dc5\",\"name\":\"Web del Maestro CMF\",\"image\":{\"@type\":\"ImageObject\",\"inLanguage\":\"es\",\"@id\":\"https:\\\/\\\/secure.gravatar.com\\\/avatar\\\/23291dd5b5ae1077dcff3dbb04c3e02bd28403fa75af6d8787d5e97c5bbbe30b?s=96&d=mm&r=g\",\"url\":\"https:\\\/\\\/secure.gravatar.com\\\/avatar\\\/23291dd5b5ae1077dcff3dbb04c3e02bd28403fa75af6d8787d5e97c5bbbe30b?s=96&d=mm&r=g\",\"contentUrl\":\"https:\\\/\\\/secure.gravatar.com\\\/avatar\\\/23291dd5b5ae1077dcff3dbb04c3e02bd28403fa75af6d8787d5e97c5bbbe30b?s=96&d=mm&r=g\",\"caption\":\"Web del Maestro CMF\"},\"description\":\"Esta Web se cre\u00f3 sin fines de lucro, con fines educativos, cient\u00edficos y acad\u00e9micos, para personas que tengan dificultades y\\\/o inconvenientes en visualizar el material original. El objetivo es entregar recursos, compartir experiencias y materiales que ayuden a los padres de familia, maestros y estudiantes en su actualizaci\u00f3n y formaci\u00f3n permanente, en bien de la Educaci\u00f3n.\",\"sameAs\":[\"http:\\\/\\\/webdelmaestrocmf.com\\\/portal\",\"https:\\\/\\\/www.facebook.com\\\/WebdelMaestroCMF\\\/\",\"https:\\\/\\\/www.instagram.com\\\/wmcmf\\\/\",\"https:\\\/\\\/cl.linkedin.com\\\/company\\\/web-del-maestro-cmf\",\"https:\\\/\\\/www.pinterest.com\\\/WMCMF\\\/publicaciones\\\/\",\"https:\\\/\\\/x.com\\\/cmf_w\",\"https:\\\/\\\/www.youtube.com\\\/@WMCMF\"]}]}<\/script>\n<!-- \/ Yoast SEO plugin. -->","yoast_head_json":{"title":"Carlos Gonz\u00e1lez: La soluci\u00f3n no es quitarle pantallas a los ni\u00f1os, sino a los padres - 2026","description":"Descubre el impacto de las pantallas en la salud infantil. El pediatra Carlos Gonz\u00e1lez explica c\u00f3mo establecer l\u00edmites saludables.","robots":{"index":"index","follow":"follow","max-snippet":"max-snippet:-1","max-image-preview":"max-image-preview:large","max-video-preview":"max-video-preview:-1"},"canonical":"https:\/\/webdelmaestrocmf.com\/portal\/la-solucion-no-es-quitarle-pantallas-a-los-ninos-sino-a-los-padres\/","og_locale":"es_ES","og_type":"article","og_title":"Carlos Gonz\u00e1lez: La soluci\u00f3n no es quitarle pantallas a los ni\u00f1os, sino a los padres - 2026","og_description":"Descubre el impacto de las pantallas en la salud infantil. El pediatra Carlos Gonz\u00e1lez explica c\u00f3mo establecer l\u00edmites saludables.","og_url":"https:\/\/webdelmaestrocmf.com\/portal\/la-solucion-no-es-quitarle-pantallas-a-los-ninos-sino-a-los-padres\/","og_site_name":"Web del Maestro CMF","article_publisher":"https:\/\/www.facebook.com\/WebdelMaestroCMF\/","article_author":"https:\/\/www.facebook.com\/WebdelMaestroCMF\/","article_published_time":"2025-08-06T20:12:00+00:00","article_modified_time":"2025-11-20T14:23:29+00:00","og_image":[{"width":1003,"height":667,"url":"https:\/\/webdelmaestrocmf.com\/portal\/wp-content\/uploads\/2024\/04\/1A-Banner-1-portada-imagen-10-1-copia-2025-08-06T153218.200.webp","type":"image\/webp"}],"author":"Web del Maestro CMF","twitter_card":"summary_large_image","twitter_creator":"@cmf_w","twitter_site":"@cmf_w","schema":{"@context":"https:\/\/schema.org","@graph":[{"@type":"ScholarlyArticle","@id":"https:\/\/webdelmaestrocmf.com\/portal\/la-solucion-no-es-quitarle-pantallas-a-los-ninos-sino-a-los-padres\/#article","isPartOf":{"@id":"https:\/\/webdelmaestrocmf.com\/portal\/la-solucion-no-es-quitarle-pantallas-a-los-ninos-sino-a-los-padres\/"},"author":{"name":"Web del Maestro CMF","@id":"https:\/\/webdelmaestrocmf.com\/portal\/#\/schema\/person\/1072a2ed7bd960df8ef99a551fa35dc5"},"headline":"Carlos Gonz\u00e1lez: La soluci\u00f3n no es quitarle pantallas a los ni\u00f1os, sino a los padres","datePublished":"2025-08-06T20:12:00+00:00","dateModified":"2025-11-20T14:23:29+00:00","mainEntityOfPage":{"@id":"https:\/\/webdelmaestrocmf.com\/portal\/la-solucion-no-es-quitarle-pantallas-a-los-ninos-sino-a-los-padres\/"},"wordCount":833,"commentCount":4,"publisher":{"@id":"https:\/\/webdelmaestrocmf.com\/portal\/#organization"},"image":{"@id":"https:\/\/webdelmaestrocmf.com\/portal\/la-solucion-no-es-quitarle-pantallas-a-los-ninos-sino-a-los-padres\/#primaryimage"},"thumbnailUrl":"https:\/\/webdelmaestrocmf.com\/portal\/wp-content\/uploads\/2024\/04\/1A-Banner-1-portada-imagen-10-1-copia-2025-08-06T153218.200.webp","keywords":["Ni\u00f1os","padres","Pantallas","quitarle","SINO","SOLUCI\u00d3N"],"articleSection":["Entrevistas","Noticias"],"inLanguage":"es","potentialAction":[{"@type":"CommentAction","name":"Comment","target":["https:\/\/webdelmaestrocmf.com\/portal\/la-solucion-no-es-quitarle-pantallas-a-los-ninos-sino-a-los-padres\/#respond"]}]},{"@type":"WebPage","@id":"https:\/\/webdelmaestrocmf.com\/portal\/la-solucion-no-es-quitarle-pantallas-a-los-ninos-sino-a-los-padres\/","url":"https:\/\/webdelmaestrocmf.com\/portal\/la-solucion-no-es-quitarle-pantallas-a-los-ninos-sino-a-los-padres\/","name":"Carlos Gonz\u00e1lez: La soluci\u00f3n no es quitarle pantallas a los ni\u00f1os, sino a los padres - 2026","isPartOf":{"@id":"https:\/\/webdelmaestrocmf.com\/portal\/#website"},"primaryImageOfPage":{"@id":"https:\/\/webdelmaestrocmf.com\/portal\/la-solucion-no-es-quitarle-pantallas-a-los-ninos-sino-a-los-padres\/#primaryimage"},"image":{"@id":"https:\/\/webdelmaestrocmf.com\/portal\/la-solucion-no-es-quitarle-pantallas-a-los-ninos-sino-a-los-padres\/#primaryimage"},"thumbnailUrl":"https:\/\/webdelmaestrocmf.com\/portal\/wp-content\/uploads\/2024\/04\/1A-Banner-1-portada-imagen-10-1-copia-2025-08-06T153218.200.webp","datePublished":"2025-08-06T20:12:00+00:00","dateModified":"2025-11-20T14:23:29+00:00","description":"Descubre el impacto de las pantallas en la salud infantil. El pediatra Carlos Gonz\u00e1lez explica c\u00f3mo establecer l\u00edmites saludables.","breadcrumb":{"@id":"https:\/\/webdelmaestrocmf.com\/portal\/la-solucion-no-es-quitarle-pantallas-a-los-ninos-sino-a-los-padres\/#breadcrumb"},"inLanguage":"es","potentialAction":[{"@type":"ReadAction","target":["https:\/\/webdelmaestrocmf.com\/portal\/la-solucion-no-es-quitarle-pantallas-a-los-ninos-sino-a-los-padres\/"]}]},{"@type":"ImageObject","inLanguage":"es","@id":"https:\/\/webdelmaestrocmf.com\/portal\/la-solucion-no-es-quitarle-pantallas-a-los-ninos-sino-a-los-padres\/#primaryimage","url":"https:\/\/webdelmaestrocmf.com\/portal\/wp-content\/uploads\/2024\/04\/1A-Banner-1-portada-imagen-10-1-copia-2025-08-06T153218.200.webp","contentUrl":"https:\/\/webdelmaestrocmf.com\/portal\/wp-content\/uploads\/2024\/04\/1A-Banner-1-portada-imagen-10-1-copia-2025-08-06T153218.200.webp","width":1003,"height":667},{"@type":"BreadcrumbList","@id":"https:\/\/webdelmaestrocmf.com\/portal\/la-solucion-no-es-quitarle-pantallas-a-los-ninos-sino-a-los-padres\/#breadcrumb","itemListElement":[{"@type":"ListItem","position":1,"name":"Portada","item":"https:\/\/webdelmaestrocmf.com\/portal\/"},{"@type":"ListItem","position":2,"name":"Noticias","item":"https:\/\/webdelmaestrocmf.com\/portal\/category\/noticias\/"},{"@type":"ListItem","position":3,"name":"Carlos Gonz\u00e1lez: La soluci\u00f3n no es quitarle pantallas a los ni\u00f1os, sino a los padres"}]},{"@type":"WebSite","@id":"https:\/\/webdelmaestrocmf.com\/portal\/#website","url":"https:\/\/webdelmaestrocmf.com\/portal\/","name":"Web del Maestro CMF","description":"Maestros al servicio de la educaci\u00f3n","publisher":{"@id":"https:\/\/webdelmaestrocmf.com\/portal\/#organization"},"alternateName":"WMCMF","potentialAction":[{"@type":"SearchAction","target":{"@type":"EntryPoint","urlTemplate":"https:\/\/webdelmaestrocmf.com\/portal\/?s={search_term_string}"},"query-input":{"@type":"PropertyValueSpecification","valueRequired":true,"valueName":"search_term_string"}}],"inLanguage":"es"},{"@type":"Organization","@id":"https:\/\/webdelmaestrocmf.com\/portal\/#organization","name":"Web del Maestro CMF","alternateName":"WMCMF","url":"https:\/\/webdelmaestrocmf.com\/portal\/","logo":{"@type":"ImageObject","inLanguage":"es","@id":"https:\/\/webdelmaestrocmf.com\/portal\/#\/schema\/logo\/image\/","url":"https:\/\/webdelmaestrocmf.com\/portal\/wp-content\/uploads\/2023\/01\/logo-wmcmf-2.png","contentUrl":"https:\/\/webdelmaestrocmf.com\/portal\/wp-content\/uploads\/2023\/01\/logo-wmcmf-2.png","width":200,"height":60,"caption":"Web del Maestro CMF"},"image":{"@id":"https:\/\/webdelmaestrocmf.com\/portal\/#\/schema\/logo\/image\/"},"sameAs":["https:\/\/www.facebook.com\/WebdelMaestroCMF\/","https:\/\/x.com\/cmf_w","https:\/\/www.pinterest.com\/WMCMF\/","https:\/\/www.linkedin.com\/company\/web-del-maestro-cmf\/","https:\/\/www.instagram.com\/wmcmf\/","https:\/\/www.youtube.com\/channel\/UCDPSvjbdodE5sHnC3OxutHw","https:\/\/mastodon.social\/@wmcmf","https:\/\/www.tiktok.com\/@webdelmaestrocmf"]},{"@type":"Person","@id":"https:\/\/webdelmaestrocmf.com\/portal\/#\/schema\/person\/1072a2ed7bd960df8ef99a551fa35dc5","name":"Web del Maestro CMF","image":{"@type":"ImageObject","inLanguage":"es","@id":"https:\/\/secure.gravatar.com\/avatar\/23291dd5b5ae1077dcff3dbb04c3e02bd28403fa75af6d8787d5e97c5bbbe30b?s=96&d=mm&r=g","url":"https:\/\/secure.gravatar.com\/avatar\/23291dd5b5ae1077dcff3dbb04c3e02bd28403fa75af6d8787d5e97c5bbbe30b?s=96&d=mm&r=g","contentUrl":"https:\/\/secure.gravatar.com\/avatar\/23291dd5b5ae1077dcff3dbb04c3e02bd28403fa75af6d8787d5e97c5bbbe30b?s=96&d=mm&r=g","caption":"Web del Maestro CMF"},"description":"Esta Web se cre\u00f3 sin fines de lucro, con fines educativos, cient\u00edficos y acad\u00e9micos, para personas que tengan dificultades y\/o inconvenientes en visualizar el material original. El objetivo es entregar recursos, compartir experiencias y materiales que ayuden a los padres de familia, maestros y estudiantes en su actualizaci\u00f3n y formaci\u00f3n permanente, en bien de la Educaci\u00f3n.","sameAs":["http:\/\/webdelmaestrocmf.com\/portal","https:\/\/www.facebook.com\/WebdelMaestroCMF\/","https:\/\/www.instagram.com\/wmcmf\/","https:\/\/cl.linkedin.com\/company\/web-del-maestro-cmf","https:\/\/www.pinterest.com\/WMCMF\/publicaciones\/","https:\/\/x.com\/cmf_w","https:\/\/www.youtube.com\/@WMCMF"]}]}},"jetpack_sharing_enabled":true,"jetpack-related-posts":[{"id":115284,"url":"https:\/\/webdelmaestrocmf.com\/portal\/carlos-garcia-miranda-no-vale-con-prohibir-las-redes-hay-que-quitar-el-movil-a-los-ninos\/","url_meta":{"origin":105184,"position":0},"title":"Carlos Garc\u00eda Miranda: No vale con prohibir las redes, hay que quitar el m\u00f3vil a los ni\u00f1os","author":"Web del Maestro CMF","date":"11 febrero, 2026","format":false,"excerpt":"No basta prohibir redes sociales: sin educaci\u00f3n digital y responsabilidad familiar, los m\u00f3viles seguir\u00e1n afectando desarrollo y bienestar infantil.","rel":"","context":"En \u00abEntrevistas\u00bb","block_context":{"text":"Entrevistas","link":"https:\/\/webdelmaestrocmf.com\/portal\/category\/noticias\/entrevistas\/"},"img":{"alt_text":"","src":"https:\/\/i0.wp.com\/webdelmaestrocmf.com\/portal\/wp-content\/uploads\/2024\/03\/1A-Banner-1-portada-imagen-10-1-copia-8.webp?resize=350%2C200&ssl=1","width":350,"height":200,"srcset":"https:\/\/i0.wp.com\/webdelmaestrocmf.com\/portal\/wp-content\/uploads\/2024\/03\/1A-Banner-1-portada-imagen-10-1-copia-8.webp?resize=350%2C200&ssl=1 1x, https:\/\/i0.wp.com\/webdelmaestrocmf.com\/portal\/wp-content\/uploads\/2024\/03\/1A-Banner-1-portada-imagen-10-1-copia-8.webp?resize=525%2C300&ssl=1 1.5x, https:\/\/i0.wp.com\/webdelmaestrocmf.com\/portal\/wp-content\/uploads\/2024\/03\/1A-Banner-1-portada-imagen-10-1-copia-8.webp?resize=700%2C400&ssl=1 2x"},"classes":[]},{"id":109219,"url":"https:\/\/webdelmaestrocmf.com\/portal\/miguel-martinez-gonzalez-hay-una-epidemia-de-entontecimiento-masivo-por-las-pantallas\/","url_meta":{"origin":105184,"position":1},"title":"Miguel Mart\u00ednez-Gonz\u00e1lez: Hay una epidemia de entontecimiento masivo por las pantallas","author":"Web del Maestro CMF","date":"6 junio, 2025","format":false,"excerpt":"Miguel Mart\u00ednez-Gonz\u00e1lez, uno de los epidemi\u00f3logos m\u00e1s destacados de Espa\u00f1a, catedr\u00e1tico de Salud P\u00fablica de la Universidad de Navarra y profesor visitante en la Universidad de Harvard, lanza una seria advertencia sobre los efectos devastadores de las pantallas en la salud mental y cognitiva de las nuevas generaciones. En una\u2026","rel":"","context":"En \u00abEntrevistas\u00bb","block_context":{"text":"Entrevistas","link":"https:\/\/webdelmaestrocmf.com\/portal\/category\/noticias\/entrevistas\/"},"img":{"alt_text":"","src":"https:\/\/i0.wp.com\/webdelmaestrocmf.com\/portal\/wp-content\/uploads\/2025\/06\/1A-Banner-1-portada-imagen-10-1-17.jpg?resize=350%2C200&ssl=1","width":350,"height":200,"srcset":"https:\/\/i0.wp.com\/webdelmaestrocmf.com\/portal\/wp-content\/uploads\/2025\/06\/1A-Banner-1-portada-imagen-10-1-17.jpg?resize=350%2C200&ssl=1 1x, https:\/\/i0.wp.com\/webdelmaestrocmf.com\/portal\/wp-content\/uploads\/2025\/06\/1A-Banner-1-portada-imagen-10-1-17.jpg?resize=525%2C300&ssl=1 1.5x, https:\/\/i0.wp.com\/webdelmaestrocmf.com\/portal\/wp-content\/uploads\/2025\/06\/1A-Banner-1-portada-imagen-10-1-17.jpg?resize=700%2C400&ssl=1 2x"},"classes":[]},{"id":111529,"url":"https:\/\/webdelmaestrocmf.com\/portal\/carlos-magro-prohibir-los-moviles-no-protege-ni-educa\/","url_meta":{"origin":105184,"position":2},"title":"Carlos Magro: Prohibir los m\u00f3viles no protege ni educa","author":"Web del Maestro CMF","date":"26 julio, 2025","format":false,"excerpt":"La prohibici\u00f3n es una falsa soluci\u00f3n r\u00e1pida a una problem\u00e1tica compleja que debe abordarse con educaci\u00f3n, acompa\u00f1amiento y regulaci\u00f3n adecuada.","rel":"","context":"En \u00abEntrevistas\u00bb","block_context":{"text":"Entrevistas","link":"https:\/\/webdelmaestrocmf.com\/portal\/category\/noticias\/entrevistas\/"},"img":{"alt_text":"","src":"https:\/\/i0.wp.com\/webdelmaestrocmf.com\/portal\/wp-content\/uploads\/2025\/07\/1A-Banner-1-portada-imagen-10-1-copia-6.webp?resize=350%2C200&ssl=1","width":350,"height":200,"srcset":"https:\/\/i0.wp.com\/webdelmaestrocmf.com\/portal\/wp-content\/uploads\/2025\/07\/1A-Banner-1-portada-imagen-10-1-copia-6.webp?resize=350%2C200&ssl=1 1x, https:\/\/i0.wp.com\/webdelmaestrocmf.com\/portal\/wp-content\/uploads\/2025\/07\/1A-Banner-1-portada-imagen-10-1-copia-6.webp?resize=525%2C300&ssl=1 1.5x, https:\/\/i0.wp.com\/webdelmaestrocmf.com\/portal\/wp-content\/uploads\/2025\/07\/1A-Banner-1-portada-imagen-10-1-copia-6.webp?resize=700%2C400&ssl=1 2x"},"classes":[]},{"id":101574,"url":"https:\/\/webdelmaestrocmf.com\/portal\/carlos-gonzalez-la-clave-para-la-educacion-de-los-hijos-es-dedicarles-tiempo\/","url_meta":{"origin":105184,"position":3},"title":"Carlos Gonz\u00e1lez: La clave para la educaci\u00f3n de los hijos es dedicarles tiempo","author":"Web del Maestro CMF","date":"8 diciembre, 2023","format":false,"excerpt":"Carlos Gonz\u00e1lez, renombrado pediatra, prol\u00edfico escritor y l\u00edder de la Asociaci\u00f3n Catalana Pro Lactancia Materna (ACPAM), es una figura influyente que aborda la crianza desde una perspectiva \u00fanica. Con 11 libros publicados y conferencias impartidas en m\u00e1s de veinte pa\u00edses, su enfoque se distancia de las convenciones m\u00e9dicas al sostener\u2026","rel":"","context":"En \u00abEntrevistas\u00bb","block_context":{"text":"Entrevistas","link":"https:\/\/webdelmaestrocmf.com\/portal\/category\/noticias\/entrevistas\/"},"img":{"alt_text":"Carlos Gonz\u00e1lez","src":"https:\/\/i0.wp.com\/webdelmaestrocmf.com\/portal\/wp-content\/uploads\/2023\/12\/A12B3C4D-23.jpg?resize=350%2C200&ssl=1","width":350,"height":200,"srcset":"https:\/\/i0.wp.com\/webdelmaestrocmf.com\/portal\/wp-content\/uploads\/2023\/12\/A12B3C4D-23.jpg?resize=350%2C200&ssl=1 1x, https:\/\/i0.wp.com\/webdelmaestrocmf.com\/portal\/wp-content\/uploads\/2023\/12\/A12B3C4D-23.jpg?resize=525%2C300&ssl=1 1.5x, https:\/\/i0.wp.com\/webdelmaestrocmf.com\/portal\/wp-content\/uploads\/2023\/12\/A12B3C4D-23.jpg?resize=700%2C400&ssl=1 2x"},"classes":[]},{"id":92287,"url":"https:\/\/webdelmaestrocmf.com\/portal\/alvaro-bilbao-quiza-no-podemos-cambiar-la-sociedad-en-la-que-vivimos-pero-si-quitarle-el-movil-al-nino\/","url_meta":{"origin":105184,"position":4},"title":"\u00c1lvaro Bilbao: Quiz\u00e1 no podemos cambiar la sociedad en la que vivimos, pero si quitarle el m\u00f3vil al ni\u00f1o","author":"Web del Maestro CMF","date":"15 agosto, 2023","format":false,"excerpt":"El doctor en Psicolog\u00eda por la Universidad de Deusto y licenciado en Neuropsicolog\u00eda por el Hospital Johns Hopkins de Baltimore, \u00c1lvaro Bilbao (Bilbao, 1976), declara que se form\u00f3 en Programaci\u00f3n Neuroling\u00fc\u00edstica y en Disciplina Positiva, -que \u00e9l llama comunicaci\u00f3n y educaci\u00f3n positiva-, y que le ha ayudado conectar mejor con\u2026","rel":"","context":"En \u00abEntrevistas\u00bb","block_context":{"text":"Entrevistas","link":"https:\/\/webdelmaestrocmf.com\/portal\/category\/noticias\/entrevistas\/"},"img":{"alt_text":"\u00c1lvaro Bilbao","src":"https:\/\/i0.wp.com\/webdelmaestrocmf.com\/portal\/wp-content\/uploads\/2023\/08\/A12B3C4D-10-1.jpg?resize=350%2C200&ssl=1","width":350,"height":200,"srcset":"https:\/\/i0.wp.com\/webdelmaestrocmf.com\/portal\/wp-content\/uploads\/2023\/08\/A12B3C4D-10-1.jpg?resize=350%2C200&ssl=1 1x, https:\/\/i0.wp.com\/webdelmaestrocmf.com\/portal\/wp-content\/uploads\/2023\/08\/A12B3C4D-10-1.jpg?resize=525%2C300&ssl=1 1.5x, https:\/\/i0.wp.com\/webdelmaestrocmf.com\/portal\/wp-content\/uploads\/2023\/08\/A12B3C4D-10-1.jpg?resize=700%2C400&ssl=1 2x"},"classes":[]},{"id":113621,"url":"https:\/\/webdelmaestrocmf.com\/portal\/joseph-knobel-freud-los-ninos-dejaron-de-jugar-para-consumir-y-los-adultos-de-cuidar-para-mirar-pantallas\/","url_meta":{"origin":105184,"position":5},"title":"Joseph Knobel Freud: Los ni\u00f1os dejaron de jugar para consumir. Y los adultos, de cuidar para mirar pantallas","author":"Web del Maestro CMF","date":"24 noviembre, 2025","format":false,"excerpt":"Los ni\u00f1os hoy crecen m\u00e1s solos, consumiendo pantallas sin gu\u00eda, mientras los adultos se ausentan emocionalmente y renuncian a ejercer su rol de cuidado.","rel":"","context":"En \u00abEntrevistas\u00bb","block_context":{"text":"Entrevistas","link":"https:\/\/webdelmaestrocmf.com\/portal\/category\/noticias\/entrevistas\/"},"img":{"alt_text":"","src":"https:\/\/i0.wp.com\/webdelmaestrocmf.com\/portal\/wp-content\/uploads\/2025\/11\/1A-Banner-1-portada-imagen-10-1-copia-1-6.webp?resize=350%2C200&ssl=1","width":350,"height":200,"srcset":"https:\/\/i0.wp.com\/webdelmaestrocmf.com\/portal\/wp-content\/uploads\/2025\/11\/1A-Banner-1-portada-imagen-10-1-copia-1-6.webp?resize=350%2C200&ssl=1 1x, https:\/\/i0.wp.com\/webdelmaestrocmf.com\/portal\/wp-content\/uploads\/2025\/11\/1A-Banner-1-portada-imagen-10-1-copia-1-6.webp?resize=525%2C300&ssl=1 1.5x, https:\/\/i0.wp.com\/webdelmaestrocmf.com\/portal\/wp-content\/uploads\/2025\/11\/1A-Banner-1-portada-imagen-10-1-copia-1-6.webp?resize=700%2C400&ssl=1 2x"},"classes":[]}],"jetpack_featured_media_url":"https:\/\/webdelmaestrocmf.com\/portal\/wp-content\/uploads\/2024\/04\/1A-Banner-1-portada-imagen-10-1-copia-2025-08-06T153218.200.webp","_links":{"self":[{"href":"https:\/\/webdelmaestrocmf.com\/portal\/wp-json\/wp\/v2\/posts\/105184","targetHints":{"allow":["GET"]}}],"collection":[{"href":"https:\/\/webdelmaestrocmf.com\/portal\/wp-json\/wp\/v2\/posts"}],"about":[{"href":"https:\/\/webdelmaestrocmf.com\/portal\/wp-json\/wp\/v2\/types\/post"}],"author":[{"embeddable":true,"href":"https:\/\/webdelmaestrocmf.com\/portal\/wp-json\/wp\/v2\/users\/1"}],"replies":[{"embeddable":true,"href":"https:\/\/webdelmaestrocmf.com\/portal\/wp-json\/wp\/v2\/comments?post=105184"}],"version-history":[{"count":4,"href":"https:\/\/webdelmaestrocmf.com\/portal\/wp-json\/wp\/v2\/posts\/105184\/revisions"}],"predecessor-version":[{"id":111798,"href":"https:\/\/webdelmaestrocmf.com\/portal\/wp-json\/wp\/v2\/posts\/105184\/revisions\/111798"}],"wp:featuredmedia":[{"embeddable":true,"href":"https:\/\/webdelmaestrocmf.com\/portal\/wp-json\/wp\/v2\/media\/111793"}],"wp:attachment":[{"href":"https:\/\/webdelmaestrocmf.com\/portal\/wp-json\/wp\/v2\/media?parent=105184"}],"wp:term":[{"taxonomy":"category","embeddable":true,"href":"https:\/\/webdelmaestrocmf.com\/portal\/wp-json\/wp\/v2\/categories?post=105184"},{"taxonomy":"post_tag","embeddable":true,"href":"https:\/\/webdelmaestrocmf.com\/portal\/wp-json\/wp\/v2\/tags?post=105184"}],"curies":[{"name":"wp","href":"https:\/\/api.w.org\/{rel}","templated":true}]}}