{"id":104707,"date":"2024-03-07T20:11:31","date_gmt":"2024-03-07T23:11:31","guid":{"rendered":"https:\/\/webdelmaestrocmf.com\/portal\/?p=104707"},"modified":"2024-03-07T20:12:48","modified_gmt":"2024-03-07T23:12:48","slug":"descarga-el-calendario-civico-escolar-2024-fechas-segun-el-minedu","status":"publish","type":"post","link":"https:\/\/webdelmaestrocmf.com\/portal\/descarga-el-calendario-civico-escolar-2024-fechas-segun-el-minedu\/","title":{"rendered":"Descarga el Calendario C\u00edvico Escolar 2024: Fechas seg\u00fan el Minedu"},"content":{"rendered":"<p style=\"text-align: justify;\" data-sourcepos=\"3:1-3:352\"><strong>El Calendario C\u00edvico Escolar 2024 es una herramienta fundamental para que los estudiantes de Per\u00fa conozcan y comprendan la historia del pa\u00eds y del mundo. Este documento, publicado por el Ministerio de Educaci\u00f3n (Minedu), establece las fechas m\u00e1s importantes del a\u00f1o para conmemorar acontecimientos relevantes, tanto nacionales como internacionales.<\/strong><!--more--><\/p>\n<p style=\"text-align: justify;\" data-sourcepos=\"7:1-7:399\">El Calendario C\u00edvico Escolar no solo tiene como objetivo recordar hechos hist\u00f3ricos, sino tambi\u00e9n fomentar valores como la identidad nacional, la responsabilidad social y el respeto por la diversidad. A trav\u00e9s de las diferentes actividades que se realizan en las escuelas en torno a estas fechas, se busca que los estudiantes reflexionen sobre el pasado y se inspiren para construir un futuro mejor.<\/p>\n<p data-sourcepos=\"7:1-7:399\">Art\u00edculo relacionado:\u00a0<a href=\"https:\/\/webdelmaestrocmf.com\/portal\/calendario-escolar-2024-descarga-gratuita\/\" target=\"_top\" rel=\"noopener\">Calendario escolar 2024 | Descarga gratuita<\/a><\/p>\n<h2 style=\"text-align: left;\" data-sourcepos=\"9:1-9:78\"><strong>\u00bfCu\u00e1les son las fechas m\u00e1s importantes del Calendario C\u00edvico Escolar 2024?<\/strong><\/h2>\n<p style=\"text-align: justify;\" data-sourcepos=\"11:1-11:109\">El Calendario C\u00edvico Escolar 2024 incluye una gran cantidad de fechas importantes, algunas de las cuales son:<\/p>\n<h3 style=\"text-align: justify; padding-left: 40px;\" data-sourcepos=\"13:1-13:10\"><strong>Marzo:<\/strong><\/h3>\n<ul>\n<li style=\"list-style-type: none;\">\n<ul style=\"text-align: justify;\" data-sourcepos=\"15:1-20:0\">\n<li data-sourcepos=\"15:1-15:43\">8 de marzo: D\u00eda Internacional de la Mujer<\/li>\n<li data-sourcepos=\"16:1-16:44\">14 de marzo: Nacimiento de Albert Einstein<\/li>\n<li data-sourcepos=\"17:1-17:53\">21 de marzo: D\u00eda Internacional del S\u00edndrome de Down<\/li>\n<li data-sourcepos=\"18:1-18:35\">22 de marzo: D\u00eda Mundial del Agua<\/li>\n<li data-sourcepos=\"19:1-20:0\">28 de marzo: Nacimiento de Mario Vargas Llosa<\/li>\n<\/ul>\n<\/li>\n<\/ul>\n<h3 style=\"text-align: justify; padding-left: 40px;\" data-sourcepos=\"21:1-21:10\"><strong>Abril:<\/strong><\/h3>\n<ul>\n<li style=\"list-style-type: none;\">\n<ul style=\"text-align: justify;\" data-sourcepos=\"23:1-29:0\">\n<li data-sourcepos=\"23:1-23:33\">1 de abril: D\u00eda de la Educaci\u00f3n<\/li>\n<li data-sourcepos=\"24:1-24:44\">2 de abril: D\u00eda Mundial del Libro Infantil<\/li>\n<li data-sourcepos=\"25:1-25:37\">7 de abril: D\u00eda Mundial de la Salud<\/li>\n<li data-sourcepos=\"26:1-26:45\">15 de abril: Fallecimiento de C\u00e9sar Vallejo<\/li>\n<li data-sourcepos=\"27:1-27:31\">22 de abril: D\u00eda de la Tierra<\/li>\n<li data-sourcepos=\"28:1-29:0\">23 de abril: D\u00eda Mundial del Libro y del Derecho de Autor<\/li>\n<\/ul>\n<\/li>\n<\/ul>\n<h3 style=\"text-align: justify; padding-left: 40px;\" data-sourcepos=\"30:1-30:9\"><strong>Mayo:<\/strong><\/h3>\n<ul>\n<li style=\"list-style-type: none;\">\n<ul style=\"text-align: justify;\" data-sourcepos=\"32:1-39:0\">\n<li data-sourcepos=\"32:1-32:36\">1 de mayo: D\u00eda Mundial del Trabajo<\/li>\n<li data-sourcepos=\"33:1-33:52\">2 de mayo: Aniversario del Combate del Dos de Mayo<\/li>\n<li data-sourcepos=\"34:1-34:40\">8 de mayo: D\u00eda Mundial de la Cruz Roja<\/li>\n<li data-sourcepos=\"35:1-35:73\">11 de mayo: Aniversario de la acci\u00f3n heroica de Mar\u00eda Parado de Bellido<\/li>\n<li data-sourcepos=\"36:1-36:45\">18 de mayo: D\u00eda Internacional de los Museos<\/li>\n<li data-sourcepos=\"37:1-37:41\">25 de mayo: D\u00eda de la Educaci\u00f3n Inicial<\/li>\n<li data-sourcepos=\"38:1-39:0\">31 de mayo: D\u00eda del no Fumador<\/li>\n<\/ul>\n<\/li>\n<\/ul>\n<h3 style=\"text-align: justify; padding-left: 40px;\" data-sourcepos=\"40:1-40:10\"><strong>Junio:<\/strong><\/h3>\n<ul>\n<li style=\"list-style-type: none;\">\n<ul style=\"text-align: justify;\" data-sourcepos=\"42:1-45:0\">\n<li data-sourcepos=\"42:1-42:84\">7 de junio: Aniversario de la Batalla de Arica y D\u00eda del H\u00e9roe Francisco Bolognesi<\/li>\n<li data-sourcepos=\"43:1-43:52\">24 de junio: D\u00eda de la Fiesta del Sol o Inti Raymi<\/li>\n<li data-sourcepos=\"44:1-45:0\">29 de junio: D\u00eda del Sacrificio del M\u00e1rtir Jos\u00e9 Olaya Balandra<\/li>\n<\/ul>\n<\/li>\n<\/ul>\n<h3 style=\"text-align: justify; padding-left: 40px;\" data-sourcepos=\"46:1-46:10\"><strong>Julio:<\/strong><\/h3>\n<ul>\n<li style=\"list-style-type: none;\">\n<ul style=\"text-align: justify;\" data-sourcepos=\"48:1-51:0\">\n<li data-sourcepos=\"48:1-48:29\">6 de julio: D\u00eda del Maestro<\/li>\n<li data-sourcepos=\"49:1-49:44\">7 de julio: Descubrimiento de Machu Picchu<\/li>\n<li data-sourcepos=\"50:1-51:0\">28 de julio: D\u00eda de la Proclamaci\u00f3n de la Independencia del Per\u00fa<\/li>\n<\/ul>\n<\/li>\n<\/ul>\n<h3 style=\"text-align: justify; padding-left: 40px;\" data-sourcepos=\"52:1-52:11\"><strong>Agosto:<\/strong><\/h3>\n<ul>\n<li style=\"list-style-type: none;\">\n<ul style=\"text-align: justify;\" data-sourcepos=\"54:1-55:0\">\n<li data-sourcepos=\"54:1-55:0\">30 de agosto: D\u00eda de Santa Rosa de Lima<\/li>\n<\/ul>\n<\/li>\n<\/ul>\n<h3 style=\"text-align: justify; padding-left: 40px;\" data-sourcepos=\"56:1-56:14\"><strong>Setiembre:<\/strong><\/h3>\n<ul>\n<li style=\"list-style-type: none;\">\n<ul style=\"text-align: justify;\" data-sourcepos=\"58:1-60:0\">\n<li data-sourcepos=\"58:1-58:57\">7 de setiembre: D\u00eda de los Derechos C\u00edvicos de la Mujer<\/li>\n<li data-sourcepos=\"59:1-60:0\">23 de setiembre: D\u00eda de la primavera, de la juventud<\/li>\n<\/ul>\n<\/li>\n<\/ul>\n<h3 style=\"text-align: justify; padding-left: 40px;\" data-sourcepos=\"61:1-61:12\"><strong>Octubre:<\/strong><\/h3>\n<ul>\n<li style=\"list-style-type: none;\">\n<ul style=\"text-align: justify;\" data-sourcepos=\"63:1-66:0\">\n<li data-sourcepos=\"63:1-63:34\">1 de octubre: D\u00eda del Periodismo<\/li>\n<li data-sourcepos=\"64:1-64:42\">8 de octubre: D\u00eda del Combate de Angamos<\/li>\n<li data-sourcepos=\"65:1-66:0\">16 de octubre: D\u00eda Nacional de la Persona con Discapacidad<\/li>\n<\/ul>\n<\/li>\n<\/ul>\n<h3 style=\"text-align: justify; padding-left: 40px;\" data-sourcepos=\"67:1-67:14\"><strong>Noviembre:<\/strong><\/h3>\n<ul>\n<li style=\"list-style-type: none;\">\n<ul style=\"text-align: justify;\" data-sourcepos=\"69:1-70:0\">\n<li data-sourcepos=\"69:1-70:0\">4 de noviembre: Rebeli\u00f3n de T\u00fapac Amaru II<\/li>\n<\/ul>\n<\/li>\n<\/ul>\n<h3 style=\"text-align: justify; padding-left: 40px;\" data-sourcepos=\"71:1-71:14\"><strong>Diciembre:<\/strong><\/h3>\n<ul>\n<li style=\"list-style-type: none;\">\n<ul style=\"text-align: justify;\" data-sourcepos=\"73:1-76:0\">\n<li data-sourcepos=\"73:1-73:55\">9 de diciembre: Aniversario de la Batalla de Ayacucho<\/li>\n<li data-sourcepos=\"74:1-74:64\">10 de diciembre: Declaraci\u00f3n Universal de los Derechos Humanos<\/li>\n<li data-sourcepos=\"75:1-76:0\">25 de diciembre: Navidad<\/li>\n<\/ul>\n<\/li>\n<\/ul>\n<p><img loading=\"lazy\" decoding=\"async\" class=\"alignnone size-full wp-image-104709\" src=\"https:\/\/webdelmaestrocmf.com\/portal\/wp-content\/uploads\/2024\/03\/Banner-1-portada-imagen-10-1-17.jpg\" alt=\"\" width=\"1024\" height=\"1024\" srcset=\"https:\/\/webdelmaestrocmf.com\/portal\/wp-content\/uploads\/2024\/03\/Banner-1-portada-imagen-10-1-17.jpg 1024w, https:\/\/webdelmaestrocmf.com\/portal\/wp-content\/uploads\/2024\/03\/Banner-1-portada-imagen-10-1-17-300x300.jpg 300w, https:\/\/webdelmaestrocmf.com\/portal\/wp-content\/uploads\/2024\/03\/Banner-1-portada-imagen-10-1-17-150x150.jpg 150w, https:\/\/webdelmaestrocmf.com\/portal\/wp-content\/uploads\/2024\/03\/Banner-1-portada-imagen-10-1-17-768x768.jpg 768w, https:\/\/webdelmaestrocmf.com\/portal\/wp-content\/uploads\/2024\/03\/Banner-1-portada-imagen-10-1-17-80x80.jpg 80w, https:\/\/webdelmaestrocmf.com\/portal\/wp-content\/uploads\/2024\/03\/Banner-1-portada-imagen-10-1-17-110x110.jpg 110w, https:\/\/webdelmaestrocmf.com\/portal\/wp-content\/uploads\/2024\/03\/Banner-1-portada-imagen-10-1-17-380x380.jpg 380w, https:\/\/webdelmaestrocmf.com\/portal\/wp-content\/uploads\/2024\/03\/Banner-1-portada-imagen-10-1-17-550x550.jpg 550w, https:\/\/webdelmaestrocmf.com\/portal\/wp-content\/uploads\/2024\/03\/Banner-1-portada-imagen-10-1-17-800x800.jpg 800w\" sizes=\"auto, (max-width: 1024px) 100vw, 1024px\" \/><\/p>\n<h2 style=\"text-align: left;\" data-sourcepos=\"77:1-77:66\"><strong>\u00bfC\u00f3mo se utiliza el Calendario C\u00edvico Escolar en las escuelas?<\/strong><\/h2>\n<p style=\"text-align: justify;\" data-sourcepos=\"79:1-79:96\">Las escuelas pueden utilizar el Calendario C\u00edvico Escolar de diversas maneras, como por ejemplo:<\/p>\n<ul style=\"text-align: justify;\" data-sourcepos=\"81:1-84:0\">\n<li data-sourcepos=\"81:1-81:195\"><strong>Realizando actividades en el aula:<\/strong>\u00a0Los profesores pueden organizar debates, lecturas, exposiciones y otras actividades para que los estudiantes aprendan sobre las diferentes fechas c\u00edvicas.<\/li>\n<li data-sourcepos=\"82:1-82:168\"><strong>Organizando eventos especiales:<\/strong>\u00a0Las escuelas pueden organizar eventos como ferias, concursos y festivales para celebrar las fechas m\u00e1s importantes del calendario.<\/li>\n<li data-sourcepos=\"83:1-84:0\"><strong>Promoviendo la investigaci\u00f3n:<\/strong>\u00a0Los estudiantes pueden realizar investigaciones sobre las diferentes fechas c\u00edvicas y compartir sus hallazgos con sus compa\u00f1eros.<\/li>\n<\/ul>\n<p style=\"text-align: justify;\" data-sourcepos=\"85:1-85:356\"><strong>El Calendario C\u00edvico Escolar 2024 es una herramienta valiosa para que los estudiantes aprendan sobre la historia, la cultura y los valores de su pa\u00eds.<\/strong> Al participar en las actividades que se organizan en torno a estas fechas, los estudiantes pueden desarrollar una mayor comprensi\u00f3n del mundo que los rodea y convertirse en ciudadanos m\u00e1s responsables.<\/p>\n<p style=\"text-align: right;\" data-sourcepos=\"85:1-85:356\"><strong>REDACCI\u00d3N WEB DEL MAESTRO CMF<\/strong><\/p>\n<p style=\"text-align: center;\">ENLACE DE LECTURA:\u00a0<a href=\"https:\/\/webdelmaestrocmf.com\/portal\/descarga-descarga-el-calendario-civico-escolar-2024\/\" target=\"_blank\" rel=\"noopener\">CALENDARIO C\u00cdVICO ESCOLAR 2024 &#8211; PER\u00da<\/a><\/p>\n\t\t<div class=\"pk-inline-posts\">\n\t\t\t\n\t\t\t<div class=\"pk-inline-posts-container pk-inline-posts-template-list\"\n\t\t\t\tdata-columns=\"1\">\n\t\t\t\t\t\t<article id=\"post-115017\" class=\"post-115017 post type-post status-publish format-standard has-post-thumbnail category-calendario category-descarga category-pedagogia tag-calendario-2026 tag-calendario-de-escritorio tag-calendario-para-imprimir tag-herramientas-docentes tag-material-imprimible tag-organizacion-del-tiempo tag-planificacion-anual tag-productividad tag-recursos-educativos cs-entry cs-video-wrap\">\n\t\t\t<div class=\"pk-post-outer\">\n\n\t\t\t\t\t\t\t\t<div class=\"pk-post-inner\">\n\t\t\t\t\t<div class=\"entry-thumbnail\">\n\t\t\t\t\t\t<div class=\"pk-overlay pk-overlay-ratio pk-ratio-landscape\">\n\t\t\t\t\t\t\t<div class=\"pk-overlay-background\">\n\t\t\t\t\t\t\t\t<a href=\"https:\/\/webdelmaestrocmf.com\/portal\/calendario-de-escritorio-2026-para-imprimir-organizacion-visual-y-funcional-todo-el-ano\/\" class=\"pk-overlay-link\">\n\t\t\t\t\t\t\t\t\t<img loading=\"lazy\" decoding=\"async\" width=\"300\" height=\"225\" src=\"https:\/\/webdelmaestrocmf.com\/portal\/wp-content\/uploads\/2026\/01\/1A-Banner-1-portada-imagen-10-1-copia-1-12-300x225.webp\" class=\"attachment-pk-thumbnail size-pk-thumbnail wp-post-image\" alt=\"\" \/>\t\t\t\t\t\t\t\t<\/a>\n\t\t\t\t\t\t\t<\/div>\n\t\t\t\t\t\t<\/div>\n\t\t\t\t\t<\/div>\n\t\t\t\t<\/div>\n\t\t\t\t\n\t\t\t\t<div class=\"pk-post-inner\">\n\t\t\t\t\t<header>\n\t\t\t\t\t\t<h3 class=\"pk-title\"><a href=\"https:\/\/webdelmaestrocmf.com\/portal\/calendario-de-escritorio-2026-para-imprimir-organizacion-visual-y-funcional-todo-el-ano\/\" rel=\"bookmark\">Calendario de Escritorio 2026 para Imprimir: Organizaci\u00f3n Visual y Funcional Todo el A\u00f1o<\/a><\/h3>\t\t\t\t\t<\/header><!-- .entry-header -->\n\t\t\t\t<\/div><!-- .post-inner -->\n\n\t\t\t<\/div><!-- .post-outer -->\n\t\t<\/article>\n\t\t\t<article id=\"post-114761\" class=\"post-114761 post type-post status-publish format-standard has-post-thumbnail category-calendario category-pedagogia tag-calendario-escolar tag-calendario-sep tag-ciclo-escolar tag-docentes tag-educacion-basica tag-material-docente tag-organizacion-escolar tag-planificacion-educativa tag-recursos-educativos cs-entry cs-video-wrap\">\n\t\t\t<div class=\"pk-post-outer\">\n\n\t\t\t\t\t\t\t\t<div class=\"pk-post-inner\">\n\t\t\t\t\t<div class=\"entry-thumbnail\">\n\t\t\t\t\t\t<div class=\"pk-overlay pk-overlay-ratio pk-ratio-landscape\">\n\t\t\t\t\t\t\t<div class=\"pk-overlay-background\">\n\t\t\t\t\t\t\t\t<a href=\"https:\/\/webdelmaestrocmf.com\/portal\/descarga-el-calendario-escolar-sep-2025-2026-una-herramienta-clave-para-la-organizacion-docente-y-escolar\/\" class=\"pk-overlay-link\">\n\t\t\t\t\t\t\t\t\t<img loading=\"lazy\" decoding=\"async\" width=\"300\" height=\"225\" src=\"https:\/\/webdelmaestrocmf.com\/portal\/wp-content\/uploads\/2026\/01\/1A-Banner-1-portada-imagen-10-1-copia-1-300x225.jpg\" class=\"attachment-pk-thumbnail size-pk-thumbnail wp-post-image\" alt=\"\" \/>\t\t\t\t\t\t\t\t<\/a>\n\t\t\t\t\t\t\t<\/div>\n\t\t\t\t\t\t<\/div>\n\t\t\t\t\t<\/div>\n\t\t\t\t<\/div>\n\t\t\t\t\n\t\t\t\t<div class=\"pk-post-inner\">\n\t\t\t\t\t<header>\n\t\t\t\t\t\t<h3 class=\"pk-title\"><a href=\"https:\/\/webdelmaestrocmf.com\/portal\/descarga-el-calendario-escolar-sep-2025-2026-una-herramienta-clave-para-la-organizacion-docente-y-escolar\/\" rel=\"bookmark\">Descarga el Calendario Escolar SEP 2025-2026: una herramienta clave para la organizaci\u00f3n docente y escolar<\/a><\/h3>\t\t\t\t\t<\/header><!-- .entry-header -->\n\t\t\t\t<\/div><!-- .post-inner -->\n\n\t\t\t<\/div><!-- .post-outer -->\n\t\t<\/article>\n\t\t\t<article id=\"post-114428\" class=\"post-114428 post type-post status-publish format-standard has-post-thumbnail category-calendario category-pedagogia tag-calendario-2026 tag-calendario-escolar tag-educacion-2 tag-escritorio-docente tag-imprimibles-educativos tag-material-educativo tag-organizacion-docente tag-planificacion-docente tag-recursos-para-docentes cs-entry cs-video-wrap\">\n\t\t\t<div class=\"pk-post-outer\">\n\n\t\t\t\t\t\t\t\t<div class=\"pk-post-inner\">\n\t\t\t\t\t<div class=\"entry-thumbnail\">\n\t\t\t\t\t\t<div class=\"pk-overlay pk-overlay-ratio pk-ratio-landscape\">\n\t\t\t\t\t\t\t<div class=\"pk-overlay-background\">\n\t\t\t\t\t\t\t\t<a href=\"https:\/\/webdelmaestrocmf.com\/portal\/calendario-de-escritorio-triangular-2026-un-recurso-practico-y-editable-al-servicio-del-docente\/\" class=\"pk-overlay-link\">\n\t\t\t\t\t\t\t\t\t<img loading=\"lazy\" decoding=\"async\" width=\"300\" height=\"225\" src=\"https:\/\/webdelmaestrocmf.com\/portal\/wp-content\/uploads\/2026\/01\/1A-Banner-1-portada-imagen-10-1-copia-2-300x225.webp\" class=\"attachment-pk-thumbnail size-pk-thumbnail wp-post-image\" alt=\"\" \/>\t\t\t\t\t\t\t\t<\/a>\n\t\t\t\t\t\t\t<\/div>\n\t\t\t\t\t\t<\/div>\n\t\t\t\t\t<\/div>\n\t\t\t\t<\/div>\n\t\t\t\t\n\t\t\t\t<div class=\"pk-post-inner\">\n\t\t\t\t\t<header>\n\t\t\t\t\t\t<h3 class=\"pk-title\"><a href=\"https:\/\/webdelmaestrocmf.com\/portal\/calendario-de-escritorio-triangular-2026-un-recurso-practico-y-editable-al-servicio-del-docente\/\" rel=\"bookmark\">Calendario de escritorio triangular 2026: un recurso pr\u00e1ctico y editable al servicio del docente<\/a><\/h3>\t\t\t\t\t<\/header><!-- .entry-header -->\n\t\t\t\t<\/div><!-- .post-inner -->\n\n\t\t\t<\/div><!-- .post-outer -->\n\t\t<\/article>\n\t\t\t\t<\/div>\n\t\t<\/div>\n\t\t\n","protected":false},"excerpt":{"rendered":"El Calendario C\u00edvico Escolar 2024 es una herramienta fundamental para que los estudiantes de Per\u00fa conozcan y comprendan&hellip;","protected":false},"author":1,"featured_media":104709,"comment_status":"open","ping_status":"closed","sticky":false,"template":"","format":"standard","meta":{"csco_display_header_overlay":false,"csco_singular_sidebar":"","csco_page_header_type":"","csco_page_load_nextpost":"","csco_post_video_location":[],"csco_post_video_location_hash":"","csco_post_video_url":"","csco_post_video_bg_start_time":0,"csco_post_video_bg_end_time":0,"csco_post_video_bg_volume":false,"_jetpack_memberships_contains_paid_content":false,"footnotes":""},"categories":[16009,735],"tags":[4764,23413,1716,13884,752,3640],"class_list":{"0":"post-104707","1":"post","2":"type-post","3":"status-publish","4":"format-standard","5":"has-post-thumbnail","7":"category-calendario","8":"category-pedagogia","9":"tag-calendario","10":"tag-civico-escolar-2024","11":"tag-descarga","12":"tag-fechas","13":"tag-minedu","14":"tag-segun","15":"cs-entry","16":"cs-video-wrap"},"yoast_head":"<!-- This site is optimized with the Yoast SEO plugin v27.5 - https:\/\/yoast.com\/product\/yoast-seo-wordpress\/ -->\n<title>Descarga el Calendario C\u00edvico Escolar 2024: Fechas seg\u00fan el Minedu - 2026<\/title>\n<meta name=\"description\" content=\"El Calendario C\u00edvico Escolar 2024 es una herramienta fundamental para que los estudiantes de Per\u00fa conozcan y comprendan la...\" \/>\n<meta name=\"robots\" content=\"index, follow, max-snippet:-1, max-image-preview:large, max-video-preview:-1\" \/>\n<link rel=\"canonical\" href=\"https:\/\/webdelmaestrocmf.com\/portal\/descarga-el-calendario-civico-escolar-2024-fechas-segun-el-minedu\/\" \/>\n<meta property=\"og:locale\" content=\"es_ES\" \/>\n<meta property=\"og:type\" content=\"article\" \/>\n<meta property=\"og:title\" content=\"Descarga el Calendario C\u00edvico Escolar 2024: Fechas seg\u00fan el Minedu - 2026\" \/>\n<meta property=\"og:description\" content=\"El Calendario C\u00edvico Escolar 2024 es una herramienta fundamental para que los estudiantes de Per\u00fa conozcan y comprendan la...\" \/>\n<meta property=\"og:url\" content=\"https:\/\/webdelmaestrocmf.com\/portal\/descarga-el-calendario-civico-escolar-2024-fechas-segun-el-minedu\/\" \/>\n<meta property=\"og:site_name\" content=\"Web del Maestro CMF\" \/>\n<meta property=\"article:publisher\" content=\"https:\/\/www.facebook.com\/WebdelMaestroCMF\/\" \/>\n<meta property=\"article:author\" content=\"https:\/\/www.facebook.com\/WebdelMaestroCMF\/\" \/>\n<meta property=\"article:published_time\" content=\"2024-03-07T23:11:31+00:00\" \/>\n<meta property=\"article:modified_time\" content=\"2024-03-07T23:12:48+00:00\" \/>\n<meta property=\"og:image\" content=\"https:\/\/webdelmaestrocmf.com\/portal\/wp-content\/uploads\/2024\/03\/Banner-1-portada-imagen-10-1-17.jpg\" \/>\n\t<meta property=\"og:image:width\" content=\"1024\" \/>\n\t<meta property=\"og:image:height\" content=\"1024\" \/>\n\t<meta property=\"og:image:type\" content=\"image\/jpeg\" \/>\n<meta name=\"author\" content=\"Web del Maestro CMF\" \/>\n<meta name=\"twitter:card\" content=\"summary_large_image\" \/>\n<meta name=\"twitter:creator\" content=\"@cmf_w\" \/>\n<meta name=\"twitter:site\" content=\"@cmf_w\" \/>\n<script type=\"application\/ld+json\" class=\"yoast-schema-graph\">{\"@context\":\"https:\\\/\\\/schema.org\",\"@graph\":[{\"@type\":\"ScholarlyArticle\",\"@id\":\"https:\\\/\\\/webdelmaestrocmf.com\\\/portal\\\/descarga-el-calendario-civico-escolar-2024-fechas-segun-el-minedu\\\/#article\",\"isPartOf\":{\"@id\":\"https:\\\/\\\/webdelmaestrocmf.com\\\/portal\\\/descarga-el-calendario-civico-escolar-2024-fechas-segun-el-minedu\\\/\"},\"author\":{\"name\":\"Web del Maestro CMF\",\"@id\":\"https:\\\/\\\/webdelmaestrocmf.com\\\/portal\\\/#\\\/schema\\\/person\\\/1072a2ed7bd960df8ef99a551fa35dc5\"},\"headline\":\"Descarga el Calendario C\u00edvico Escolar 2024: Fechas seg\u00fan el Minedu\",\"datePublished\":\"2024-03-07T23:11:31+00:00\",\"dateModified\":\"2024-03-07T23:12:48+00:00\",\"mainEntityOfPage\":{\"@id\":\"https:\\\/\\\/webdelmaestrocmf.com\\\/portal\\\/descarga-el-calendario-civico-escolar-2024-fechas-segun-el-minedu\\\/\"},\"wordCount\":653,\"commentCount\":0,\"publisher\":{\"@id\":\"https:\\\/\\\/webdelmaestrocmf.com\\\/portal\\\/#organization\"},\"image\":{\"@id\":\"https:\\\/\\\/webdelmaestrocmf.com\\\/portal\\\/descarga-el-calendario-civico-escolar-2024-fechas-segun-el-minedu\\\/#primaryimage\"},\"thumbnailUrl\":\"https:\\\/\\\/webdelmaestrocmf.com\\\/portal\\\/wp-content\\\/uploads\\\/2024\\\/03\\\/Banner-1-portada-imagen-10-1-17.jpg\",\"keywords\":[\"Calendario\",\"C\u00edvico Escolar 2024\",\"DESCARGA\",\"fechas\",\"Minedu\",\"SEG\u00daN\"],\"articleSection\":[\"Calendario\",\"Recursos\"],\"inLanguage\":\"es\",\"potentialAction\":[{\"@type\":\"CommentAction\",\"name\":\"Comment\",\"target\":[\"https:\\\/\\\/webdelmaestrocmf.com\\\/portal\\\/descarga-el-calendario-civico-escolar-2024-fechas-segun-el-minedu\\\/#respond\"]}]},{\"@type\":\"WebPage\",\"@id\":\"https:\\\/\\\/webdelmaestrocmf.com\\\/portal\\\/descarga-el-calendario-civico-escolar-2024-fechas-segun-el-minedu\\\/\",\"url\":\"https:\\\/\\\/webdelmaestrocmf.com\\\/portal\\\/descarga-el-calendario-civico-escolar-2024-fechas-segun-el-minedu\\\/\",\"name\":\"Descarga el Calendario C\u00edvico Escolar 2024: Fechas seg\u00fan el Minedu - 2026\",\"isPartOf\":{\"@id\":\"https:\\\/\\\/webdelmaestrocmf.com\\\/portal\\\/#website\"},\"primaryImageOfPage\":{\"@id\":\"https:\\\/\\\/webdelmaestrocmf.com\\\/portal\\\/descarga-el-calendario-civico-escolar-2024-fechas-segun-el-minedu\\\/#primaryimage\"},\"image\":{\"@id\":\"https:\\\/\\\/webdelmaestrocmf.com\\\/portal\\\/descarga-el-calendario-civico-escolar-2024-fechas-segun-el-minedu\\\/#primaryimage\"},\"thumbnailUrl\":\"https:\\\/\\\/webdelmaestrocmf.com\\\/portal\\\/wp-content\\\/uploads\\\/2024\\\/03\\\/Banner-1-portada-imagen-10-1-17.jpg\",\"datePublished\":\"2024-03-07T23:11:31+00:00\",\"dateModified\":\"2024-03-07T23:12:48+00:00\",\"description\":\"El Calendario C\u00edvico Escolar 2024 es una herramienta fundamental para que los estudiantes de Per\u00fa conozcan y comprendan la...\",\"breadcrumb\":{\"@id\":\"https:\\\/\\\/webdelmaestrocmf.com\\\/portal\\\/descarga-el-calendario-civico-escolar-2024-fechas-segun-el-minedu\\\/#breadcrumb\"},\"inLanguage\":\"es\",\"potentialAction\":[{\"@type\":\"ReadAction\",\"target\":[\"https:\\\/\\\/webdelmaestrocmf.com\\\/portal\\\/descarga-el-calendario-civico-escolar-2024-fechas-segun-el-minedu\\\/\"]}]},{\"@type\":\"ImageObject\",\"inLanguage\":\"es\",\"@id\":\"https:\\\/\\\/webdelmaestrocmf.com\\\/portal\\\/descarga-el-calendario-civico-escolar-2024-fechas-segun-el-minedu\\\/#primaryimage\",\"url\":\"https:\\\/\\\/webdelmaestrocmf.com\\\/portal\\\/wp-content\\\/uploads\\\/2024\\\/03\\\/Banner-1-portada-imagen-10-1-17.jpg\",\"contentUrl\":\"https:\\\/\\\/webdelmaestrocmf.com\\\/portal\\\/wp-content\\\/uploads\\\/2024\\\/03\\\/Banner-1-portada-imagen-10-1-17.jpg\",\"width\":1024,\"height\":1024},{\"@type\":\"BreadcrumbList\",\"@id\":\"https:\\\/\\\/webdelmaestrocmf.com\\\/portal\\\/descarga-el-calendario-civico-escolar-2024-fechas-segun-el-minedu\\\/#breadcrumb\",\"itemListElement\":[{\"@type\":\"ListItem\",\"position\":1,\"name\":\"Portada\",\"item\":\"https:\\\/\\\/webdelmaestrocmf.com\\\/portal\\\/\"},{\"@type\":\"ListItem\",\"position\":2,\"name\":\"Recursos\",\"item\":\"https:\\\/\\\/webdelmaestrocmf.com\\\/portal\\\/category\\\/pedagogia\\\/\"},{\"@type\":\"ListItem\",\"position\":3,\"name\":\"Descarga el Calendario C\u00edvico Escolar 2024: Fechas seg\u00fan el Minedu\"}]},{\"@type\":\"WebSite\",\"@id\":\"https:\\\/\\\/webdelmaestrocmf.com\\\/portal\\\/#website\",\"url\":\"https:\\\/\\\/webdelmaestrocmf.com\\\/portal\\\/\",\"name\":\"Web del Maestro CMF\",\"description\":\"Maestros al servicio de la educaci\u00f3n\",\"publisher\":{\"@id\":\"https:\\\/\\\/webdelmaestrocmf.com\\\/portal\\\/#organization\"},\"alternateName\":\"WMCMF\",\"potentialAction\":[{\"@type\":\"SearchAction\",\"target\":{\"@type\":\"EntryPoint\",\"urlTemplate\":\"https:\\\/\\\/webdelmaestrocmf.com\\\/portal\\\/?s={search_term_string}\"},\"query-input\":{\"@type\":\"PropertyValueSpecification\",\"valueRequired\":true,\"valueName\":\"search_term_string\"}}],\"inLanguage\":\"es\"},{\"@type\":\"Organization\",\"@id\":\"https:\\\/\\\/webdelmaestrocmf.com\\\/portal\\\/#organization\",\"name\":\"Web del Maestro CMF\",\"alternateName\":\"WMCMF\",\"url\":\"https:\\\/\\\/webdelmaestrocmf.com\\\/portal\\\/\",\"logo\":{\"@type\":\"ImageObject\",\"inLanguage\":\"es\",\"@id\":\"https:\\\/\\\/webdelmaestrocmf.com\\\/portal\\\/#\\\/schema\\\/logo\\\/image\\\/\",\"url\":\"https:\\\/\\\/webdelmaestrocmf.com\\\/portal\\\/wp-content\\\/uploads\\\/2023\\\/01\\\/logo-wmcmf-2.png\",\"contentUrl\":\"https:\\\/\\\/webdelmaestrocmf.com\\\/portal\\\/wp-content\\\/uploads\\\/2023\\\/01\\\/logo-wmcmf-2.png\",\"width\":200,\"height\":60,\"caption\":\"Web del Maestro CMF\"},\"image\":{\"@id\":\"https:\\\/\\\/webdelmaestrocmf.com\\\/portal\\\/#\\\/schema\\\/logo\\\/image\\\/\"},\"sameAs\":[\"https:\\\/\\\/www.facebook.com\\\/WebdelMaestroCMF\\\/\",\"https:\\\/\\\/x.com\\\/cmf_w\",\"https:\\\/\\\/www.pinterest.com\\\/WMCMF\\\/\",\"https:\\\/\\\/www.linkedin.com\\\/company\\\/web-del-maestro-cmf\\\/\",\"https:\\\/\\\/www.instagram.com\\\/wmcmf\\\/\",\"https:\\\/\\\/www.youtube.com\\\/channel\\\/UCDPSvjbdodE5sHnC3OxutHw\",\"https:\\\/\\\/mastodon.social\\\/@wmcmf\",\"https:\\\/\\\/www.tiktok.com\\\/@webdelmaestrocmf\"]},{\"@type\":\"Person\",\"@id\":\"https:\\\/\\\/webdelmaestrocmf.com\\\/portal\\\/#\\\/schema\\\/person\\\/1072a2ed7bd960df8ef99a551fa35dc5\",\"name\":\"Web del Maestro CMF\",\"image\":{\"@type\":\"ImageObject\",\"inLanguage\":\"es\",\"@id\":\"https:\\\/\\\/secure.gravatar.com\\\/avatar\\\/23291dd5b5ae1077dcff3dbb04c3e02bd28403fa75af6d8787d5e97c5bbbe30b?s=96&d=mm&r=g\",\"url\":\"https:\\\/\\\/secure.gravatar.com\\\/avatar\\\/23291dd5b5ae1077dcff3dbb04c3e02bd28403fa75af6d8787d5e97c5bbbe30b?s=96&d=mm&r=g\",\"contentUrl\":\"https:\\\/\\\/secure.gravatar.com\\\/avatar\\\/23291dd5b5ae1077dcff3dbb04c3e02bd28403fa75af6d8787d5e97c5bbbe30b?s=96&d=mm&r=g\",\"caption\":\"Web del Maestro CMF\"},\"description\":\"Esta Web se cre\u00f3 sin fines de lucro, con fines educativos, cient\u00edficos y acad\u00e9micos, para personas que tengan dificultades y\\\/o inconvenientes en visualizar el material original. El objetivo es entregar recursos, compartir experiencias y materiales que ayuden a los padres de familia, maestros y estudiantes en su actualizaci\u00f3n y formaci\u00f3n permanente, en bien de la Educaci\u00f3n.\",\"sameAs\":[\"http:\\\/\\\/webdelmaestrocmf.com\\\/portal\",\"https:\\\/\\\/www.facebook.com\\\/WebdelMaestroCMF\\\/\",\"https:\\\/\\\/www.instagram.com\\\/wmcmf\\\/\",\"https:\\\/\\\/cl.linkedin.com\\\/company\\\/web-del-maestro-cmf\",\"https:\\\/\\\/www.pinterest.com\\\/WMCMF\\\/publicaciones\\\/\",\"https:\\\/\\\/x.com\\\/cmf_w\",\"https:\\\/\\\/www.youtube.com\\\/@WMCMF\"]}]}<\/script>\n<!-- \/ Yoast SEO plugin. -->","yoast_head_json":{"title":"Descarga el Calendario C\u00edvico Escolar 2024: Fechas seg\u00fan el Minedu - 2026","description":"El Calendario C\u00edvico Escolar 2024 es una herramienta fundamental para que los estudiantes de Per\u00fa conozcan y comprendan la...","robots":{"index":"index","follow":"follow","max-snippet":"max-snippet:-1","max-image-preview":"max-image-preview:large","max-video-preview":"max-video-preview:-1"},"canonical":"https:\/\/webdelmaestrocmf.com\/portal\/descarga-el-calendario-civico-escolar-2024-fechas-segun-el-minedu\/","og_locale":"es_ES","og_type":"article","og_title":"Descarga el Calendario C\u00edvico Escolar 2024: Fechas seg\u00fan el Minedu - 2026","og_description":"El Calendario C\u00edvico Escolar 2024 es una herramienta fundamental para que los estudiantes de Per\u00fa conozcan y comprendan la...","og_url":"https:\/\/webdelmaestrocmf.com\/portal\/descarga-el-calendario-civico-escolar-2024-fechas-segun-el-minedu\/","og_site_name":"Web del Maestro CMF","article_publisher":"https:\/\/www.facebook.com\/WebdelMaestroCMF\/","article_author":"https:\/\/www.facebook.com\/WebdelMaestroCMF\/","article_published_time":"2024-03-07T23:11:31+00:00","article_modified_time":"2024-03-07T23:12:48+00:00","og_image":[{"width":1024,"height":1024,"url":"https:\/\/webdelmaestrocmf.com\/portal\/wp-content\/uploads\/2024\/03\/Banner-1-portada-imagen-10-1-17.jpg","type":"image\/jpeg"}],"author":"Web del Maestro CMF","twitter_card":"summary_large_image","twitter_creator":"@cmf_w","twitter_site":"@cmf_w","schema":{"@context":"https:\/\/schema.org","@graph":[{"@type":"ScholarlyArticle","@id":"https:\/\/webdelmaestrocmf.com\/portal\/descarga-el-calendario-civico-escolar-2024-fechas-segun-el-minedu\/#article","isPartOf":{"@id":"https:\/\/webdelmaestrocmf.com\/portal\/descarga-el-calendario-civico-escolar-2024-fechas-segun-el-minedu\/"},"author":{"name":"Web del Maestro CMF","@id":"https:\/\/webdelmaestrocmf.com\/portal\/#\/schema\/person\/1072a2ed7bd960df8ef99a551fa35dc5"},"headline":"Descarga el Calendario C\u00edvico Escolar 2024: Fechas seg\u00fan el Minedu","datePublished":"2024-03-07T23:11:31+00:00","dateModified":"2024-03-07T23:12:48+00:00","mainEntityOfPage":{"@id":"https:\/\/webdelmaestrocmf.com\/portal\/descarga-el-calendario-civico-escolar-2024-fechas-segun-el-minedu\/"},"wordCount":653,"commentCount":0,"publisher":{"@id":"https:\/\/webdelmaestrocmf.com\/portal\/#organization"},"image":{"@id":"https:\/\/webdelmaestrocmf.com\/portal\/descarga-el-calendario-civico-escolar-2024-fechas-segun-el-minedu\/#primaryimage"},"thumbnailUrl":"https:\/\/webdelmaestrocmf.com\/portal\/wp-content\/uploads\/2024\/03\/Banner-1-portada-imagen-10-1-17.jpg","keywords":["Calendario","C\u00edvico Escolar 2024","DESCARGA","fechas","Minedu","SEG\u00daN"],"articleSection":["Calendario","Recursos"],"inLanguage":"es","potentialAction":[{"@type":"CommentAction","name":"Comment","target":["https:\/\/webdelmaestrocmf.com\/portal\/descarga-el-calendario-civico-escolar-2024-fechas-segun-el-minedu\/#respond"]}]},{"@type":"WebPage","@id":"https:\/\/webdelmaestrocmf.com\/portal\/descarga-el-calendario-civico-escolar-2024-fechas-segun-el-minedu\/","url":"https:\/\/webdelmaestrocmf.com\/portal\/descarga-el-calendario-civico-escolar-2024-fechas-segun-el-minedu\/","name":"Descarga el Calendario C\u00edvico Escolar 2024: Fechas seg\u00fan el Minedu - 2026","isPartOf":{"@id":"https:\/\/webdelmaestrocmf.com\/portal\/#website"},"primaryImageOfPage":{"@id":"https:\/\/webdelmaestrocmf.com\/portal\/descarga-el-calendario-civico-escolar-2024-fechas-segun-el-minedu\/#primaryimage"},"image":{"@id":"https:\/\/webdelmaestrocmf.com\/portal\/descarga-el-calendario-civico-escolar-2024-fechas-segun-el-minedu\/#primaryimage"},"thumbnailUrl":"https:\/\/webdelmaestrocmf.com\/portal\/wp-content\/uploads\/2024\/03\/Banner-1-portada-imagen-10-1-17.jpg","datePublished":"2024-03-07T23:11:31+00:00","dateModified":"2024-03-07T23:12:48+00:00","description":"El Calendario C\u00edvico Escolar 2024 es una herramienta fundamental para que los estudiantes de Per\u00fa conozcan y comprendan la...","breadcrumb":{"@id":"https:\/\/webdelmaestrocmf.com\/portal\/descarga-el-calendario-civico-escolar-2024-fechas-segun-el-minedu\/#breadcrumb"},"inLanguage":"es","potentialAction":[{"@type":"ReadAction","target":["https:\/\/webdelmaestrocmf.com\/portal\/descarga-el-calendario-civico-escolar-2024-fechas-segun-el-minedu\/"]}]},{"@type":"ImageObject","inLanguage":"es","@id":"https:\/\/webdelmaestrocmf.com\/portal\/descarga-el-calendario-civico-escolar-2024-fechas-segun-el-minedu\/#primaryimage","url":"https:\/\/webdelmaestrocmf.com\/portal\/wp-content\/uploads\/2024\/03\/Banner-1-portada-imagen-10-1-17.jpg","contentUrl":"https:\/\/webdelmaestrocmf.com\/portal\/wp-content\/uploads\/2024\/03\/Banner-1-portada-imagen-10-1-17.jpg","width":1024,"height":1024},{"@type":"BreadcrumbList","@id":"https:\/\/webdelmaestrocmf.com\/portal\/descarga-el-calendario-civico-escolar-2024-fechas-segun-el-minedu\/#breadcrumb","itemListElement":[{"@type":"ListItem","position":1,"name":"Portada","item":"https:\/\/webdelmaestrocmf.com\/portal\/"},{"@type":"ListItem","position":2,"name":"Recursos","item":"https:\/\/webdelmaestrocmf.com\/portal\/category\/pedagogia\/"},{"@type":"ListItem","position":3,"name":"Descarga el Calendario C\u00edvico Escolar 2024: Fechas seg\u00fan el Minedu"}]},{"@type":"WebSite","@id":"https:\/\/webdelmaestrocmf.com\/portal\/#website","url":"https:\/\/webdelmaestrocmf.com\/portal\/","name":"Web del Maestro CMF","description":"Maestros al servicio de la educaci\u00f3n","publisher":{"@id":"https:\/\/webdelmaestrocmf.com\/portal\/#organization"},"alternateName":"WMCMF","potentialAction":[{"@type":"SearchAction","target":{"@type":"EntryPoint","urlTemplate":"https:\/\/webdelmaestrocmf.com\/portal\/?s={search_term_string}"},"query-input":{"@type":"PropertyValueSpecification","valueRequired":true,"valueName":"search_term_string"}}],"inLanguage":"es"},{"@type":"Organization","@id":"https:\/\/webdelmaestrocmf.com\/portal\/#organization","name":"Web del Maestro CMF","alternateName":"WMCMF","url":"https:\/\/webdelmaestrocmf.com\/portal\/","logo":{"@type":"ImageObject","inLanguage":"es","@id":"https:\/\/webdelmaestrocmf.com\/portal\/#\/schema\/logo\/image\/","url":"https:\/\/webdelmaestrocmf.com\/portal\/wp-content\/uploads\/2023\/01\/logo-wmcmf-2.png","contentUrl":"https:\/\/webdelmaestrocmf.com\/portal\/wp-content\/uploads\/2023\/01\/logo-wmcmf-2.png","width":200,"height":60,"caption":"Web del Maestro CMF"},"image":{"@id":"https:\/\/webdelmaestrocmf.com\/portal\/#\/schema\/logo\/image\/"},"sameAs":["https:\/\/www.facebook.com\/WebdelMaestroCMF\/","https:\/\/x.com\/cmf_w","https:\/\/www.pinterest.com\/WMCMF\/","https:\/\/www.linkedin.com\/company\/web-del-maestro-cmf\/","https:\/\/www.instagram.com\/wmcmf\/","https:\/\/www.youtube.com\/channel\/UCDPSvjbdodE5sHnC3OxutHw","https:\/\/mastodon.social\/@wmcmf","https:\/\/www.tiktok.com\/@webdelmaestrocmf"]},{"@type":"Person","@id":"https:\/\/webdelmaestrocmf.com\/portal\/#\/schema\/person\/1072a2ed7bd960df8ef99a551fa35dc5","name":"Web del Maestro CMF","image":{"@type":"ImageObject","inLanguage":"es","@id":"https:\/\/secure.gravatar.com\/avatar\/23291dd5b5ae1077dcff3dbb04c3e02bd28403fa75af6d8787d5e97c5bbbe30b?s=96&d=mm&r=g","url":"https:\/\/secure.gravatar.com\/avatar\/23291dd5b5ae1077dcff3dbb04c3e02bd28403fa75af6d8787d5e97c5bbbe30b?s=96&d=mm&r=g","contentUrl":"https:\/\/secure.gravatar.com\/avatar\/23291dd5b5ae1077dcff3dbb04c3e02bd28403fa75af6d8787d5e97c5bbbe30b?s=96&d=mm&r=g","caption":"Web del Maestro CMF"},"description":"Esta Web se cre\u00f3 sin fines de lucro, con fines educativos, cient\u00edficos y acad\u00e9micos, para personas que tengan dificultades y\/o inconvenientes en visualizar el material original. El objetivo es entregar recursos, compartir experiencias y materiales que ayuden a los padres de familia, maestros y estudiantes en su actualizaci\u00f3n y formaci\u00f3n permanente, en bien de la Educaci\u00f3n.","sameAs":["http:\/\/webdelmaestrocmf.com\/portal","https:\/\/www.facebook.com\/WebdelMaestroCMF\/","https:\/\/www.instagram.com\/wmcmf\/","https:\/\/cl.linkedin.com\/company\/web-del-maestro-cmf","https:\/\/www.pinterest.com\/WMCMF\/publicaciones\/","https:\/\/x.com\/cmf_w","https:\/\/www.youtube.com\/@WMCMF"]}]}},"jetpack_featured_media_url":"https:\/\/webdelmaestrocmf.com\/portal\/wp-content\/uploads\/2024\/03\/Banner-1-portada-imagen-10-1-17.jpg","jetpack_sharing_enabled":true,"jetpack-related-posts":[{"id":104708,"url":"https:\/\/webdelmaestrocmf.com\/portal\/descarga-descarga-el-calendario-civico-escolar-2024\/","url_meta":{"origin":104707,"position":0},"title":"Descarga: El Calendario C\u00edvico Escolar 2024","author":"Web del Maestro CMF","date":"7 marzo, 2024","format":false,"excerpt":"Pulsa sobre el enlace para descargar el archivo: Descarga el Calendario C\u00edvico Escolar 2024: Fechas seg\u00fan el Minedu Si te sirvi\u00f3 el material, ap\u00f3yanos con un clic. Nos ayudar\u00e1 a mantener el servicio. \u00a1Comparte y as\u00ed m\u00e1s docentes utilizar\u00e1n estos recursos gratis! Muchas gracias.","rel":"","context":"En \u00abDescarga\u00bb","block_context":{"text":"Descarga","link":"https:\/\/webdelmaestrocmf.com\/portal\/category\/descarga\/"},"img":{"alt_text":"","src":"https:\/\/i0.wp.com\/webdelmaestrocmf.com\/portal\/wp-content\/uploads\/2024\/03\/Banner-1-portada-imagen-10-1-17.jpg?resize=350%2C200&ssl=1","width":350,"height":200,"srcset":"https:\/\/i0.wp.com\/webdelmaestrocmf.com\/portal\/wp-content\/uploads\/2024\/03\/Banner-1-portada-imagen-10-1-17.jpg?resize=350%2C200&ssl=1 1x, https:\/\/i0.wp.com\/webdelmaestrocmf.com\/portal\/wp-content\/uploads\/2024\/03\/Banner-1-portada-imagen-10-1-17.jpg?resize=525%2C300&ssl=1 1.5x, https:\/\/i0.wp.com\/webdelmaestrocmf.com\/portal\/wp-content\/uploads\/2024\/03\/Banner-1-portada-imagen-10-1-17.jpg?resize=700%2C400&ssl=1 2x"},"classes":[]},{"id":113345,"url":"https:\/\/webdelmaestrocmf.com\/portal\/descarga-el-aplicativo-en-excel-que-te-ayudara-a-planificar-organizar-y-gestionar-todo-el-ano-escolar-2026-de-forma-automatica-y-eficiente\/","url_meta":{"origin":104707,"position":1},"title":"Descarga el aplicativo en Excel que te ayudar\u00e1 a planificar, organizar y gestionar todo el a\u00f1o escolar 2026 de forma autom\u00e1tica y eficiente","author":"Web del Maestro CMF","date":"9 noviembre, 2025","format":false,"excerpt":"El aplicativo en Excel permite planificar, organizar y gestionar autom\u00e1ticamente el a\u00f1o escolar 2026, optimizando tiempo, feriados y semanas lectivas.","rel":"","context":"En \u00abDescarga\u00bb","block_context":{"text":"Descarga","link":"https:\/\/webdelmaestrocmf.com\/portal\/category\/descarga\/"},"img":{"alt_text":"","src":"https:\/\/i0.wp.com\/webdelmaestrocmf.com\/portal\/wp-content\/uploads\/2025\/11\/1A-Banner-1-portada-imagen-10-1-copia-1-1.jpg?resize=350%2C200&ssl=1","width":350,"height":200,"srcset":"https:\/\/i0.wp.com\/webdelmaestrocmf.com\/portal\/wp-content\/uploads\/2025\/11\/1A-Banner-1-portada-imagen-10-1-copia-1-1.jpg?resize=350%2C200&ssl=1 1x, https:\/\/i0.wp.com\/webdelmaestrocmf.com\/portal\/wp-content\/uploads\/2025\/11\/1A-Banner-1-portada-imagen-10-1-copia-1-1.jpg?resize=525%2C300&ssl=1 1.5x, https:\/\/i0.wp.com\/webdelmaestrocmf.com\/portal\/wp-content\/uploads\/2025\/11\/1A-Banner-1-portada-imagen-10-1-copia-1-1.jpg?resize=700%2C400&ssl=1 2x"},"classes":[]},{"id":102281,"url":"https:\/\/webdelmaestrocmf.com\/portal\/calendario-escolar-2024-descarga-gratuita\/","url_meta":{"origin":104707,"position":2},"title":"Calendario escolar 2024 | Descarga gratuita","author":"Web del Maestro CMF","date":"9 enero, 2024","format":false,"excerpt":"El nuevo a\u00f1o ha comenzado y con \u00e9l, una nueva oportunidad para organizar y planificar tu tiempo de manera eficiente. En este sentido, la descarga gratuita del calendario escolar para el a\u00f1o 2024 se presenta como una herramienta indispensable tanto para profesores como para estudiantes. Esta iniciativa busca facilitar la\u2026","rel":"","context":"En \u00abCalendario\u00bb","block_context":{"text":"Calendario","link":"https:\/\/webdelmaestrocmf.com\/portal\/category\/pedagogia\/calendario\/"},"img":{"alt_text":"calendario escolar","src":"https:\/\/i0.wp.com\/webdelmaestrocmf.com\/portal\/wp-content\/uploads\/2024\/01\/B-dibujos-1-2-1.jpg?resize=350%2C200&ssl=1","width":350,"height":200,"srcset":"https:\/\/i0.wp.com\/webdelmaestrocmf.com\/portal\/wp-content\/uploads\/2024\/01\/B-dibujos-1-2-1.jpg?resize=350%2C200&ssl=1 1x, https:\/\/i0.wp.com\/webdelmaestrocmf.com\/portal\/wp-content\/uploads\/2024\/01\/B-dibujos-1-2-1.jpg?resize=525%2C300&ssl=1 1.5x, https:\/\/i0.wp.com\/webdelmaestrocmf.com\/portal\/wp-content\/uploads\/2024\/01\/B-dibujos-1-2-1.jpg?resize=700%2C400&ssl=1 2x"},"classes":[]},{"id":103990,"url":"https:\/\/webdelmaestrocmf.com\/portal\/calendario-anual-2024-para-docentes-estudiantes\/","url_meta":{"origin":104707,"position":3},"title":"Calendario anual 2024 para docentes y estudiantes","author":"Web del Maestro CMF","date":"17 febrero, 2024","format":false,"excerpt":"La organizaci\u00f3n es un pilar fundamental para el \u00e9xito del proceso educativo. En este sentido, el calendario anual 2024 se convierte en una herramienta indispensable para la planificaci\u00f3n docente, permitiendo optimizar la gesti\u00f3n del tiempo, las tareas y el desarrollo de las clases. El calendario anual 2024 se alza como\u2026","rel":"","context":"En \u00abCalendario\u00bb","block_context":{"text":"Calendario","link":"https:\/\/webdelmaestrocmf.com\/portal\/category\/pedagogia\/calendario\/"},"img":{"alt_text":"Agenda","src":"https:\/\/i0.wp.com\/webdelmaestrocmf.com\/portal\/wp-content\/uploads\/2024\/02\/Banner-1-portada-imagen-10-1-6-1.jpg?resize=350%2C200&ssl=1","width":350,"height":200,"srcset":"https:\/\/i0.wp.com\/webdelmaestrocmf.com\/portal\/wp-content\/uploads\/2024\/02\/Banner-1-portada-imagen-10-1-6-1.jpg?resize=350%2C200&ssl=1 1x, https:\/\/i0.wp.com\/webdelmaestrocmf.com\/portal\/wp-content\/uploads\/2024\/02\/Banner-1-portada-imagen-10-1-6-1.jpg?resize=525%2C300&ssl=1 1.5x, https:\/\/i0.wp.com\/webdelmaestrocmf.com\/portal\/wp-content\/uploads\/2024\/02\/Banner-1-portada-imagen-10-1-6-1.jpg?resize=700%2C400&ssl=1 2x"},"classes":[]},{"id":105974,"url":"https:\/\/webdelmaestrocmf.com\/portal\/calendario-escolar-oficial-del-ciclo-escolar-2024-2025\/","url_meta":{"origin":104707,"position":4},"title":"Calendario escolar oficial del ciclo escolar 2024 \u2013 2025","author":"Web del Maestro CMF","date":"11 junio, 2024","format":false,"excerpt":"Es un placer para nosotros compartir con todos ustedes el Calendario Escolar Oficial del Ciclo Escolar 2024 \u2013 2025, el cual ha sido publicado en el Diario Oficial de la Federaci\u00f3n (DOF). Este calendario es fundamental para la organizaci\u00f3n y planificaci\u00f3n de nuestras actividades educativas durante el pr\u00f3ximo a\u00f1o escolar.\u2026","rel":"","context":"En \u00abCalendario\u00bb","block_context":{"text":"Calendario","link":"https:\/\/webdelmaestrocmf.com\/portal\/category\/pedagogia\/calendario\/"},"img":{"alt_text":"","src":"https:\/\/i0.wp.com\/webdelmaestrocmf.com\/portal\/wp-content\/uploads\/2024\/06\/Banner-1-portada-imagen-10-1-2024-06-11T114426.418.jpg?resize=350%2C200&ssl=1","width":350,"height":200,"srcset":"https:\/\/i0.wp.com\/webdelmaestrocmf.com\/portal\/wp-content\/uploads\/2024\/06\/Banner-1-portada-imagen-10-1-2024-06-11T114426.418.jpg?resize=350%2C200&ssl=1 1x, https:\/\/i0.wp.com\/webdelmaestrocmf.com\/portal\/wp-content\/uploads\/2024\/06\/Banner-1-portada-imagen-10-1-2024-06-11T114426.418.jpg?resize=525%2C300&ssl=1 1.5x, https:\/\/i0.wp.com\/webdelmaestrocmf.com\/portal\/wp-content\/uploads\/2024\/06\/Banner-1-portada-imagen-10-1-2024-06-11T114426.418.jpg?resize=700%2C400&ssl=1 2x"},"classes":[]},{"id":103602,"url":"https:\/\/webdelmaestrocmf.com\/portal\/calendario-cientifico-2024-para-docentes\/","url_meta":{"origin":104707,"position":5},"title":"Calendario cient\u00edfico 2024 para docentes","author":"Web del Maestro CMF","date":"8 febrero, 2024","format":false,"excerpt":"El a\u00f1o 2024 trae consigo una propuesta innovadora para acercar la ciencia a las generaciones m\u00e1s j\u00f3venes: el \"Calendario Cient\u00edfico Escolar\". Este proyecto, gestado por el Instituto de Ganader\u00eda de Monta\u00f1a (CSIC-Universidad de Le\u00f3n), no solo busca fomentar el inter\u00e9s por la ciencia entre los estudiantes, sino tambi\u00e9n crear v\u00ednculos\u2026","rel":"","context":"En \u00abAgenda\u00bb","block_context":{"text":"Agenda","link":"https:\/\/webdelmaestrocmf.com\/portal\/category\/pedagogia\/agenda\/"},"img":{"alt_text":"","src":"https:\/\/i0.wp.com\/webdelmaestrocmf.com\/portal\/wp-content\/uploads\/2024\/02\/Banner-1-portada-imagen-10-1-9-1.jpg?resize=350%2C200&ssl=1","width":350,"height":200,"srcset":"https:\/\/i0.wp.com\/webdelmaestrocmf.com\/portal\/wp-content\/uploads\/2024\/02\/Banner-1-portada-imagen-10-1-9-1.jpg?resize=350%2C200&ssl=1 1x, https:\/\/i0.wp.com\/webdelmaestrocmf.com\/portal\/wp-content\/uploads\/2024\/02\/Banner-1-portada-imagen-10-1-9-1.jpg?resize=525%2C300&ssl=1 1.5x, https:\/\/i0.wp.com\/webdelmaestrocmf.com\/portal\/wp-content\/uploads\/2024\/02\/Banner-1-portada-imagen-10-1-9-1.jpg?resize=700%2C400&ssl=1 2x"},"classes":[]}],"_links":{"self":[{"href":"https:\/\/webdelmaestrocmf.com\/portal\/wp-json\/wp\/v2\/posts\/104707","targetHints":{"allow":["GET"]}}],"collection":[{"href":"https:\/\/webdelmaestrocmf.com\/portal\/wp-json\/wp\/v2\/posts"}],"about":[{"href":"https:\/\/webdelmaestrocmf.com\/portal\/wp-json\/wp\/v2\/types\/post"}],"author":[{"embeddable":true,"href":"https:\/\/webdelmaestrocmf.com\/portal\/wp-json\/wp\/v2\/users\/1"}],"replies":[{"embeddable":true,"href":"https:\/\/webdelmaestrocmf.com\/portal\/wp-json\/wp\/v2\/comments?post=104707"}],"version-history":[{"count":0,"href":"https:\/\/webdelmaestrocmf.com\/portal\/wp-json\/wp\/v2\/posts\/104707\/revisions"}],"wp:featuredmedia":[{"embeddable":true,"href":"https:\/\/webdelmaestrocmf.com\/portal\/wp-json\/wp\/v2\/media\/104709"}],"wp:attachment":[{"href":"https:\/\/webdelmaestrocmf.com\/portal\/wp-json\/wp\/v2\/media?parent=104707"}],"wp:term":[{"taxonomy":"category","embeddable":true,"href":"https:\/\/webdelmaestrocmf.com\/portal\/wp-json\/wp\/v2\/categories?post=104707"},{"taxonomy":"post_tag","embeddable":true,"href":"https:\/\/webdelmaestrocmf.com\/portal\/wp-json\/wp\/v2\/tags?post=104707"}],"curies":[{"name":"wp","href":"https:\/\/api.w.org\/{rel}","templated":true}]}}