{"id":104452,"date":"2025-07-30T08:57:00","date_gmt":"2025-07-30T12:57:00","guid":{"rendered":"https:\/\/webdelmaestrocmf.com\/portal\/?p=104452"},"modified":"2025-07-30T11:30:20","modified_gmt":"2025-07-30T15:30:20","slug":"nueva-guia-del-minedu-pasos-para-gestionar-emociones","status":"publish","type":"post","link":"https:\/\/webdelmaestrocmf.com\/portal\/nueva-guia-del-minedu-pasos-para-gestionar-emociones\/","title":{"rendered":"Nueva gu\u00eda del MINEDU: Pasos para gestionar emociones"},"content":{"rendered":"<p style=\"text-align: justify;\">Un nuevo a\u00f1o escolar est\u00e1 en marcha, y con \u00e9l llegan una amalgama de emociones para docentes, directivos y estudiantes por igual. Es un tiempo de reencuentros, expectativas y desaf\u00edos, donde todos aspiramos a alcanzar nuestras metas y superar los obst\u00e1culos que se nos presenten. En este contexto, es fundamental equiparnos con las herramientas adecuadas para gestionar nuestras emociones y promover un entorno de bienestar tanto f\u00edsico como socioemocional.<!--more--><\/p>\n<p style=\"text-align: justify;\">Para abordar esta necesidad, hemos revisado y ajustado el recurso denominado \u00abMi Mochila de Herramientas para el Bienestar\u00bb. Este recurso ha sido dise\u00f1ado con el prop\u00f3sito de contribuir al fortalecimiento de la salud emocional y social de todos los involucrados en el \u00e1mbito educativo. Confiamos en que estas herramientas te acompa\u00f1ar\u00e1n y te ser\u00e1n de utilidad en tu camino hacia un encuentro fruct\u00edfero con tus estudiantes y colegas en la escuela.<\/p>\n<p style=\"text-align: justify;\"><strong>Saludos y Palabras Iniciales<\/strong><\/p>\n<p style=\"text-align: justify;\">Al iniciar este viaje educativo, es importante reconocer la diversidad de emociones que podemos experimentar. Desde la emoci\u00f3n del reencuentro con amigos y colegas hasta la ansiedad ante los desaf\u00edos que se avecinan, cada emoci\u00f3n tiene su lugar y su importancia en nuestro viaje. Es en este espacio de reconocimiento y aceptaci\u00f3n donde podemos comenzar a utilizar nuestras herramientas para el bienestar.<\/p>\n<p style=\"text-align: justify;\"><strong>C\u00f3mo Utilizar la Mochila de Herramientas para el Bienestar<\/strong><\/p>\n<p style=\"text-align: justify;\">La mochila de herramientas para el bienestar es un recurso valioso que nos brinda una gu\u00eda pr\u00e1ctica para navegar por las aguas turbulentas de nuestras emociones. A trav\u00e9s de sus diferentes secciones, podemos aprender a identificar, comprender y gestionar nuestras emociones de manera efectiva.<\/p>\n<p style=\"text-align: justify;\"><strong>Herramientas<\/strong><\/p>\n<ol style=\"text-align: justify;\">\n<li><strong>Gesti\u00f3n de Emociones:<\/strong> El primer paso para gestionar nuestras emociones es reconocerlas. A trav\u00e9s de pr\u00e1cticas como la meditaci\u00f3n, la respiraci\u00f3n consciente y el di\u00e1logo abierto, podemos aprender a identificar nuestras emociones y responder a ellas de manera saludable.<\/li>\n<li><strong>Establecimiento de L\u00edmites:<\/strong> Es fundamental aprender a establecer l\u00edmites claros y respetar los l\u00edmites de los dem\u00e1s. Esto nos permite proteger nuestra salud emocional y mantener relaciones saludables y respetuosas.<\/li>\n<li><strong>Fortalecimiento de Relaciones:<\/strong> Las relaciones humanas son fundamentales para nuestro bienestar emocional. A trav\u00e9s de la comunicaci\u00f3n efectiva, la empat\u00eda y el apoyo mutuo, podemos fortalecer nuestras relaciones con los dem\u00e1s y crear un entorno de confianza y colaboraci\u00f3n.<\/li>\n<li><strong>Fortalecimiento en el Trabajo:<\/strong> Por \u00faltimo, es importante dedicar tiempo y esfuerzo al desarrollo profesional y personal. A trav\u00e9s del aprendizaje continuo, la reflexi\u00f3n y la pr\u00e1ctica deliberada, podemos fortalecer nuestras habilidades y competencias en el trabajo y alcanzar nuestro m\u00e1ximo potencial como educadores.<\/li>\n<\/ol>\n<p style=\"text-align: justify;\">En resumen, gestionar nuestras emociones es un proceso continuo que requiere pr\u00e1ctica, paciencia y autocompasi\u00f3n. Con la mochila de herramientas para el bienestar como gu\u00eda, podemos cultivar una mayor conciencia emocional y promover un entorno de bienestar y crecimiento tanto en el aula como fuera de ella.<\/p>\n<p><iframe loading=\"lazy\" src=\"https:\/\/teescuchodocente.minedu.gob.pe\/meephowi\/2024\/02\/TED-cartilla-mochila-bienestar-090224.pdf\" width=\"100%\" height=\"577\" data-mce-fragment=\"1\"><span data-mce-type=\"bookmark\" style=\"display: inline-block; width: 0px; overflow: hidden; line-height: 0;\" class=\"mce_SELRES_start\">\ufeff<\/span><\/iframe><\/p>\n<p style=\"text-align: center;\">ENLACE DE LECTURA:<a href=\"https:\/\/drive.google.com\/drive\/folders\/14BNmZu5GmTackLS9Cq_AErPT28TZmKnw?usp=sharing\" target=\"_blank\" rel=\"noopener\">\u00a0MI MOCHILA DE HERRAMIENTAS PARA EL BIENESTAR<\/a> | <a href=\"https:\/\/teescuchodocente.minedu.gob.pe\/meephowi\/2024\/02\/TED-cartilla-mochila-bienestar-090224.pdf\" target=\"_blank\" rel=\"noopener\">MI MOCHILA DE HERRAMIENTAS PARA EL BIENESTAR<\/a><\/p>\n\t\t<div class=\"pk-inline-posts\">\n\t\t\t\n\t\t\t<div class=\"pk-inline-posts-container pk-inline-posts-template-list\"\n\t\t\t\tdata-columns=\"1\">\n\t\t\t\t\t\t<article id=\"post-101267\" class=\"post-101267 post type-post status-publish format-standard has-post-thumbnail category-calculo category-descargas-manuales-pdf category-pedagogia tag-calculo tag-desarrollar tag-guia tag-mental tag-ninos cs-entry cs-video-wrap\">\n\t\t\t<div class=\"pk-post-outer\">\n\n\t\t\t\t\t\t\t\t<div class=\"pk-post-inner\">\n\t\t\t\t\t<div class=\"entry-thumbnail\">\n\t\t\t\t\t\t<div class=\"pk-overlay pk-overlay-ratio pk-ratio-landscape\">\n\t\t\t\t\t\t\t<div class=\"pk-overlay-background\">\n\t\t\t\t\t\t\t\t<a href=\"https:\/\/webdelmaestrocmf.com\/portal\/guia-para-desarrollar-el-calculo-mental-en-ninos\/\" class=\"pk-overlay-link\">\n\t\t\t\t\t\t\t\t\t<img loading=\"lazy\" decoding=\"async\" width=\"300\" height=\"225\" src=\"https:\/\/webdelmaestrocmf.com\/portal\/wp-content\/uploads\/2023\/11\/1AA-Banner-1-portada-imagen-10-1-copia-1-300x225.webp\" class=\"attachment-pk-thumbnail size-pk-thumbnail wp-post-image\" alt=\"\" \/>\t\t\t\t\t\t\t\t<\/a>\n\t\t\t\t\t\t\t<\/div>\n\t\t\t\t\t\t<\/div>\n\t\t\t\t\t<\/div>\n\t\t\t\t<\/div>\n\t\t\t\t\n\t\t\t\t<div class=\"pk-post-inner\">\n\t\t\t\t\t<header>\n\t\t\t\t\t\t<h3 class=\"pk-title\"><a href=\"https:\/\/webdelmaestrocmf.com\/portal\/guia-para-desarrollar-el-calculo-mental-en-ninos\/\" rel=\"bookmark\">Gu\u00eda pr\u00e1ctica para desarrollar el c\u00e1lculo mental en ni\u00f1os: descarga los tres cuadernillos de c\u00e1lculo mental<\/a><\/h3>\t\t\t\t\t<\/header><!-- .entry-header -->\n\t\t\t\t<\/div><!-- .post-inner -->\n\n\t\t\t<\/div><!-- .post-outer -->\n\t\t<\/article>\n\t\t\t<article id=\"post-95551\" class=\"post-95551 post type-post status-publish format-standard has-post-thumbnail category-deficit-de-atencion category-descargas-manuales-pdf category-pedagogia tag-actividades-al-aire-libre tag-actividades-en-casa tag-actividades-escolares tag-ambiente-de-aprendizaje tag-atencion tag-atencion-plena tag-comprension-lectora tag-concentracion tag-desarrollo-cognitivo tag-educacion tag-ejercicios-de-atencion tag-ejercicios-de-respiracion tag-estrategias-educativas tag-habilidades-de-atencio tag-herramientas-visuales tag-juegos-de-atencion tag-juegos-de-mesa tag-lectura-conjunta tag-limitar-tiempo-de-pantalla tag-mindfulness tag-ninos-distraidos tag-organizacion tag-pausas-activas tag-rompecabezas tag-rutinas tag-tareas-domesticas tag-tdah tag-tecnicas-de-concentracion tag-tiempo-de-silencio cs-entry cs-video-wrap\">\n\t\t\t<div class=\"pk-post-outer\">\n\n\t\t\t\t\t\t\t\t<div class=\"pk-post-inner\">\n\t\t\t\t\t<div class=\"entry-thumbnail\">\n\t\t\t\t\t\t<div class=\"pk-overlay pk-overlay-ratio pk-ratio-landscape\">\n\t\t\t\t\t\t\t<div class=\"pk-overlay-background\">\n\t\t\t\t\t\t\t\t<a href=\"https:\/\/webdelmaestrocmf.com\/portal\/como-educar-a-ninos-distraidos-o-despistados-que-se-puede-hacer-en-clase\/\" class=\"pk-overlay-link\">\n\t\t\t\t\t\t\t\t\t<img loading=\"lazy\" decoding=\"async\" width=\"300\" height=\"225\" src=\"https:\/\/webdelmaestrocmf.com\/portal\/wp-content\/uploads\/2023\/09\/1A-Banner-1-portada-imagen-10-1-copia-1-300x225.jpg\" class=\"attachment-pk-thumbnail size-pk-thumbnail wp-post-image\" alt=\"\" \/>\t\t\t\t\t\t\t\t<\/a>\n\t\t\t\t\t\t\t<\/div>\n\t\t\t\t\t\t<\/div>\n\t\t\t\t\t<\/div>\n\t\t\t\t<\/div>\n\t\t\t\t\n\t\t\t\t<div class=\"pk-post-inner\">\n\t\t\t\t\t<header>\n\t\t\t\t\t\t<h3 class=\"pk-title\"><a href=\"https:\/\/webdelmaestrocmf.com\/portal\/como-educar-a-ninos-distraidos-o-despistados-que-se-puede-hacer-en-clase\/\" rel=\"bookmark\">C\u00f3mo educar a ni\u00f1os distra\u00eddos o despistados. \u00bfQu\u00e9 se puede hacer en clase? Descarga las 80 actividades para trabajar la atenci\u00f3n en clases<\/a><\/h3>\t\t\t\t\t<\/header><!-- .entry-header -->\n\t\t\t\t<\/div><!-- .post-inner -->\n\n\t\t\t<\/div><!-- .post-outer -->\n\t\t<\/article>\n\t\t\t<article id=\"post-20592\" class=\"post-20592 post type-post status-publish format-standard has-post-thumbnail category-descarga category-descargas-manuales-pdf category-estres category-pedagogia tag-docentes tag-educadores tag-guia tag-mindfulness tag-practica cs-entry cs-video-wrap\">\n\t\t\t<div class=\"pk-post-outer\">\n\n\t\t\t\t\t\t\t\t<div class=\"pk-post-inner\">\n\t\t\t\t\t<div class=\"entry-thumbnail\">\n\t\t\t\t\t\t<div class=\"pk-overlay pk-overlay-ratio pk-ratio-landscape\">\n\t\t\t\t\t\t\t<div class=\"pk-overlay-background\">\n\t\t\t\t\t\t\t\t<a href=\"https:\/\/webdelmaestrocmf.com\/portal\/mindfulness-guia-practica-docentes-educadores\/\" class=\"pk-overlay-link\">\n\t\t\t\t\t\t\t\t\t<img loading=\"lazy\" decoding=\"async\" width=\"300\" height=\"225\" src=\"https:\/\/webdelmaestrocmf.com\/portal\/wp-content\/uploads\/2020\/03\/1AA-Banner-1-portada-imagen-10-1-copia-4-300x225.webp\" class=\"attachment-pk-thumbnail size-pk-thumbnail wp-post-image\" alt=\"\" \/>\t\t\t\t\t\t\t\t<\/a>\n\t\t\t\t\t\t\t<\/div>\n\t\t\t\t\t\t<\/div>\n\t\t\t\t\t<\/div>\n\t\t\t\t<\/div>\n\t\t\t\t\n\t\t\t\t<div class=\"pk-post-inner\">\n\t\t\t\t\t<header>\n\t\t\t\t\t\t<h3 class=\"pk-title\"><a href=\"https:\/\/webdelmaestrocmf.com\/portal\/mindfulness-guia-practica-docentes-educadores\/\" rel=\"bookmark\">Mindfulness: Gu\u00eda pr\u00e1ctica para docentes y educadores<\/a><\/h3>\t\t\t\t\t<\/header><!-- .entry-header -->\n\t\t\t\t<\/div><!-- .post-inner -->\n\n\t\t\t<\/div><!-- .post-outer -->\n\t\t<\/article>\n\t\t\t\t<\/div>\n\t\t<\/div>\n\t\t\n","protected":false},"excerpt":{"rendered":"Mi mochila de herramientas para el bienestar, elaborada para contribuir al fortalecimiento de tu salud f\u00edsica y socioemocional.","protected":false},"author":1,"featured_media":104455,"comment_status":"open","ping_status":"closed","sticky":false,"template":"","format":"standard","meta":{"csco_display_header_overlay":false,"csco_singular_sidebar":"","csco_page_header_type":"","csco_page_load_nextpost":"","csco_post_video_location":[],"csco_post_video_location_hash":"","csco_post_video_url":"","csco_post_video_bg_start_time":0,"csco_post_video_bg_end_time":0,"csco_post_video_bg_volume":false,"_jetpack_memberships_contains_paid_content":false,"footnotes":""},"categories":[2004,3900,735],"tags":[276,5416,2121,752,5782,3521],"class_list":{"0":"post-104452","1":"post","2":"type-post","3":"status-publish","4":"format-standard","5":"has-post-thumbnail","7":"category-descargas-manuales-pdf","8":"category-emociones","9":"category-pedagogia","10":"tag-emociones","11":"tag-gestionar","12":"tag-guia","13":"tag-minedu","14":"tag-nueva","15":"tag-pasos","16":"cs-entry","17":"cs-video-wrap"},"yoast_head":"<!-- This site is optimized with the Yoast SEO plugin v27.5 - https:\/\/yoast.com\/product\/yoast-seo-wordpress\/ -->\n<title>Nueva gu\u00eda del MINEDU: Pasos para gestionar emociones - 2026<\/title>\n<meta name=\"description\" content=\"Un nuevo a\u00f1o escolar est\u00e1 en marcha, y con \u00e9l llegan una amalgama de emociones para docentes, directivos y estudiantes por igual.\" \/>\n<meta name=\"robots\" content=\"index, follow, max-snippet:-1, max-image-preview:large, max-video-preview:-1\" \/>\n<link rel=\"canonical\" href=\"https:\/\/webdelmaestrocmf.com\/portal\/nueva-guia-del-minedu-pasos-para-gestionar-emociones\/\" \/>\n<meta property=\"og:locale\" content=\"es_ES\" \/>\n<meta property=\"og:type\" content=\"article\" \/>\n<meta property=\"og:title\" content=\"Nueva gu\u00eda del MINEDU: Pasos para gestionar emociones - 2026\" \/>\n<meta property=\"og:description\" content=\"Un nuevo a\u00f1o escolar est\u00e1 en marcha, y con \u00e9l llegan una amalgama de emociones para docentes, directivos y estudiantes por igual.\" \/>\n<meta property=\"og:url\" content=\"https:\/\/webdelmaestrocmf.com\/portal\/nueva-guia-del-minedu-pasos-para-gestionar-emociones\/\" \/>\n<meta property=\"og:site_name\" content=\"Web del Maestro CMF\" \/>\n<meta property=\"article:publisher\" content=\"https:\/\/www.facebook.com\/WebdelMaestroCMF\/\" \/>\n<meta property=\"article:author\" content=\"https:\/\/www.facebook.com\/WebdelMaestroCMF\/\" \/>\n<meta property=\"article:published_time\" content=\"2025-07-30T12:57:00+00:00\" \/>\n<meta property=\"article:modified_time\" content=\"2025-07-30T15:30:20+00:00\" \/>\n<meta property=\"og:image\" content=\"https:\/\/webdelmaestrocmf.com\/portal\/wp-content\/uploads\/2024\/03\/Banner-1-portada-imagen-10-1-3.jpg\" \/>\n\t<meta property=\"og:image:width\" content=\"1024\" \/>\n\t<meta property=\"og:image:height\" content=\"1024\" \/>\n\t<meta property=\"og:image:type\" content=\"image\/jpeg\" \/>\n<meta name=\"author\" content=\"Web del Maestro CMF\" \/>\n<meta name=\"twitter:card\" content=\"summary_large_image\" \/>\n<meta name=\"twitter:creator\" content=\"@cmf_w\" \/>\n<meta name=\"twitter:site\" content=\"@cmf_w\" \/>\n<script type=\"application\/ld+json\" class=\"yoast-schema-graph\">{\"@context\":\"https:\\\/\\\/schema.org\",\"@graph\":[{\"@type\":\"ScholarlyArticle\",\"@id\":\"https:\\\/\\\/webdelmaestrocmf.com\\\/portal\\\/nueva-guia-del-minedu-pasos-para-gestionar-emociones\\\/#article\",\"isPartOf\":{\"@id\":\"https:\\\/\\\/webdelmaestrocmf.com\\\/portal\\\/nueva-guia-del-minedu-pasos-para-gestionar-emociones\\\/\"},\"author\":{\"name\":\"Web del Maestro CMF\",\"@id\":\"https:\\\/\\\/webdelmaestrocmf.com\\\/portal\\\/#\\\/schema\\\/person\\\/1072a2ed7bd960df8ef99a551fa35dc5\"},\"headline\":\"Nueva gu\u00eda del MINEDU: Pasos para gestionar emociones\",\"datePublished\":\"2025-07-30T12:57:00+00:00\",\"dateModified\":\"2025-07-30T15:30:20+00:00\",\"mainEntityOfPage\":{\"@id\":\"https:\\\/\\\/webdelmaestrocmf.com\\\/portal\\\/nueva-guia-del-minedu-pasos-para-gestionar-emociones\\\/\"},\"wordCount\":528,\"commentCount\":0,\"publisher\":{\"@id\":\"https:\\\/\\\/webdelmaestrocmf.com\\\/portal\\\/#organization\"},\"image\":{\"@id\":\"https:\\\/\\\/webdelmaestrocmf.com\\\/portal\\\/nueva-guia-del-minedu-pasos-para-gestionar-emociones\\\/#primaryimage\"},\"thumbnailUrl\":\"https:\\\/\\\/webdelmaestrocmf.com\\\/portal\\\/wp-content\\\/uploads\\\/2024\\\/03\\\/Banner-1-portada-imagen-10-1-3.jpg\",\"keywords\":[\"EMOCIONES\",\"gestionar\",\"GU\u00cdA\",\"Minedu\",\"nueva\",\"PASOS\"],\"articleSection\":[\"Descargas Manuales PDF\",\"Emociones\",\"Recursos\"],\"inLanguage\":\"es\",\"potentialAction\":[{\"@type\":\"CommentAction\",\"name\":\"Comment\",\"target\":[\"https:\\\/\\\/webdelmaestrocmf.com\\\/portal\\\/nueva-guia-del-minedu-pasos-para-gestionar-emociones\\\/#respond\"]}]},{\"@type\":\"WebPage\",\"@id\":\"https:\\\/\\\/webdelmaestrocmf.com\\\/portal\\\/nueva-guia-del-minedu-pasos-para-gestionar-emociones\\\/\",\"url\":\"https:\\\/\\\/webdelmaestrocmf.com\\\/portal\\\/nueva-guia-del-minedu-pasos-para-gestionar-emociones\\\/\",\"name\":\"Nueva gu\u00eda del MINEDU: Pasos para gestionar emociones - 2026\",\"isPartOf\":{\"@id\":\"https:\\\/\\\/webdelmaestrocmf.com\\\/portal\\\/#website\"},\"primaryImageOfPage\":{\"@id\":\"https:\\\/\\\/webdelmaestrocmf.com\\\/portal\\\/nueva-guia-del-minedu-pasos-para-gestionar-emociones\\\/#primaryimage\"},\"image\":{\"@id\":\"https:\\\/\\\/webdelmaestrocmf.com\\\/portal\\\/nueva-guia-del-minedu-pasos-para-gestionar-emociones\\\/#primaryimage\"},\"thumbnailUrl\":\"https:\\\/\\\/webdelmaestrocmf.com\\\/portal\\\/wp-content\\\/uploads\\\/2024\\\/03\\\/Banner-1-portada-imagen-10-1-3.jpg\",\"datePublished\":\"2025-07-30T12:57:00+00:00\",\"dateModified\":\"2025-07-30T15:30:20+00:00\",\"description\":\"Un nuevo a\u00f1o escolar est\u00e1 en marcha, y con \u00e9l llegan una amalgama de emociones para docentes, directivos y estudiantes por igual.\",\"breadcrumb\":{\"@id\":\"https:\\\/\\\/webdelmaestrocmf.com\\\/portal\\\/nueva-guia-del-minedu-pasos-para-gestionar-emociones\\\/#breadcrumb\"},\"inLanguage\":\"es\",\"potentialAction\":[{\"@type\":\"ReadAction\",\"target\":[\"https:\\\/\\\/webdelmaestrocmf.com\\\/portal\\\/nueva-guia-del-minedu-pasos-para-gestionar-emociones\\\/\"]}]},{\"@type\":\"ImageObject\",\"inLanguage\":\"es\",\"@id\":\"https:\\\/\\\/webdelmaestrocmf.com\\\/portal\\\/nueva-guia-del-minedu-pasos-para-gestionar-emociones\\\/#primaryimage\",\"url\":\"https:\\\/\\\/webdelmaestrocmf.com\\\/portal\\\/wp-content\\\/uploads\\\/2024\\\/03\\\/Banner-1-portada-imagen-10-1-3.jpg\",\"contentUrl\":\"https:\\\/\\\/webdelmaestrocmf.com\\\/portal\\\/wp-content\\\/uploads\\\/2024\\\/03\\\/Banner-1-portada-imagen-10-1-3.jpg\",\"width\":1024,\"height\":1024},{\"@type\":\"BreadcrumbList\",\"@id\":\"https:\\\/\\\/webdelmaestrocmf.com\\\/portal\\\/nueva-guia-del-minedu-pasos-para-gestionar-emociones\\\/#breadcrumb\",\"itemListElement\":[{\"@type\":\"ListItem\",\"position\":1,\"name\":\"Portada\",\"item\":\"https:\\\/\\\/webdelmaestrocmf.com\\\/portal\\\/\"},{\"@type\":\"ListItem\",\"position\":2,\"name\":\"Recursos\",\"item\":\"https:\\\/\\\/webdelmaestrocmf.com\\\/portal\\\/category\\\/pedagogia\\\/\"},{\"@type\":\"ListItem\",\"position\":3,\"name\":\"Nueva gu\u00eda del MINEDU: Pasos para gestionar emociones\"}]},{\"@type\":\"WebSite\",\"@id\":\"https:\\\/\\\/webdelmaestrocmf.com\\\/portal\\\/#website\",\"url\":\"https:\\\/\\\/webdelmaestrocmf.com\\\/portal\\\/\",\"name\":\"Web del Maestro CMF\",\"description\":\"Maestros al servicio de la educaci\u00f3n\",\"publisher\":{\"@id\":\"https:\\\/\\\/webdelmaestrocmf.com\\\/portal\\\/#organization\"},\"alternateName\":\"WMCMF\",\"potentialAction\":[{\"@type\":\"SearchAction\",\"target\":{\"@type\":\"EntryPoint\",\"urlTemplate\":\"https:\\\/\\\/webdelmaestrocmf.com\\\/portal\\\/?s={search_term_string}\"},\"query-input\":{\"@type\":\"PropertyValueSpecification\",\"valueRequired\":true,\"valueName\":\"search_term_string\"}}],\"inLanguage\":\"es\"},{\"@type\":\"Organization\",\"@id\":\"https:\\\/\\\/webdelmaestrocmf.com\\\/portal\\\/#organization\",\"name\":\"Web del Maestro CMF\",\"alternateName\":\"WMCMF\",\"url\":\"https:\\\/\\\/webdelmaestrocmf.com\\\/portal\\\/\",\"logo\":{\"@type\":\"ImageObject\",\"inLanguage\":\"es\",\"@id\":\"https:\\\/\\\/webdelmaestrocmf.com\\\/portal\\\/#\\\/schema\\\/logo\\\/image\\\/\",\"url\":\"https:\\\/\\\/webdelmaestrocmf.com\\\/portal\\\/wp-content\\\/uploads\\\/2023\\\/01\\\/logo-wmcmf-2.png\",\"contentUrl\":\"https:\\\/\\\/webdelmaestrocmf.com\\\/portal\\\/wp-content\\\/uploads\\\/2023\\\/01\\\/logo-wmcmf-2.png\",\"width\":200,\"height\":60,\"caption\":\"Web del Maestro CMF\"},\"image\":{\"@id\":\"https:\\\/\\\/webdelmaestrocmf.com\\\/portal\\\/#\\\/schema\\\/logo\\\/image\\\/\"},\"sameAs\":[\"https:\\\/\\\/www.facebook.com\\\/WebdelMaestroCMF\\\/\",\"https:\\\/\\\/x.com\\\/cmf_w\",\"https:\\\/\\\/www.pinterest.com\\\/WMCMF\\\/\",\"https:\\\/\\\/www.linkedin.com\\\/company\\\/web-del-maestro-cmf\\\/\",\"https:\\\/\\\/www.instagram.com\\\/wmcmf\\\/\",\"https:\\\/\\\/www.youtube.com\\\/channel\\\/UCDPSvjbdodE5sHnC3OxutHw\",\"https:\\\/\\\/mastodon.social\\\/@wmcmf\",\"https:\\\/\\\/www.tiktok.com\\\/@webdelmaestrocmf\"]},{\"@type\":\"Person\",\"@id\":\"https:\\\/\\\/webdelmaestrocmf.com\\\/portal\\\/#\\\/schema\\\/person\\\/1072a2ed7bd960df8ef99a551fa35dc5\",\"name\":\"Web del Maestro CMF\",\"image\":{\"@type\":\"ImageObject\",\"inLanguage\":\"es\",\"@id\":\"https:\\\/\\\/secure.gravatar.com\\\/avatar\\\/23291dd5b5ae1077dcff3dbb04c3e02bd28403fa75af6d8787d5e97c5bbbe30b?s=96&d=mm&r=g\",\"url\":\"https:\\\/\\\/secure.gravatar.com\\\/avatar\\\/23291dd5b5ae1077dcff3dbb04c3e02bd28403fa75af6d8787d5e97c5bbbe30b?s=96&d=mm&r=g\",\"contentUrl\":\"https:\\\/\\\/secure.gravatar.com\\\/avatar\\\/23291dd5b5ae1077dcff3dbb04c3e02bd28403fa75af6d8787d5e97c5bbbe30b?s=96&d=mm&r=g\",\"caption\":\"Web del Maestro CMF\"},\"description\":\"Esta Web se cre\u00f3 sin fines de lucro, con fines educativos, cient\u00edficos y acad\u00e9micos, para personas que tengan dificultades y\\\/o inconvenientes en visualizar el material original. El objetivo es entregar recursos, compartir experiencias y materiales que ayuden a los padres de familia, maestros y estudiantes en su actualizaci\u00f3n y formaci\u00f3n permanente, en bien de la Educaci\u00f3n.\",\"sameAs\":[\"http:\\\/\\\/webdelmaestrocmf.com\\\/portal\",\"https:\\\/\\\/www.facebook.com\\\/WebdelMaestroCMF\\\/\",\"https:\\\/\\\/www.instagram.com\\\/wmcmf\\\/\",\"https:\\\/\\\/cl.linkedin.com\\\/company\\\/web-del-maestro-cmf\",\"https:\\\/\\\/www.pinterest.com\\\/WMCMF\\\/publicaciones\\\/\",\"https:\\\/\\\/x.com\\\/cmf_w\",\"https:\\\/\\\/www.youtube.com\\\/@WMCMF\"]}]}<\/script>\n<!-- \/ Yoast SEO plugin. -->","yoast_head_json":{"title":"Nueva gu\u00eda del MINEDU: Pasos para gestionar emociones - 2026","description":"Un nuevo a\u00f1o escolar est\u00e1 en marcha, y con \u00e9l llegan una amalgama de emociones para docentes, directivos y estudiantes por igual.","robots":{"index":"index","follow":"follow","max-snippet":"max-snippet:-1","max-image-preview":"max-image-preview:large","max-video-preview":"max-video-preview:-1"},"canonical":"https:\/\/webdelmaestrocmf.com\/portal\/nueva-guia-del-minedu-pasos-para-gestionar-emociones\/","og_locale":"es_ES","og_type":"article","og_title":"Nueva gu\u00eda del MINEDU: Pasos para gestionar emociones - 2026","og_description":"Un nuevo a\u00f1o escolar est\u00e1 en marcha, y con \u00e9l llegan una amalgama de emociones para docentes, directivos y estudiantes por igual.","og_url":"https:\/\/webdelmaestrocmf.com\/portal\/nueva-guia-del-minedu-pasos-para-gestionar-emociones\/","og_site_name":"Web del Maestro CMF","article_publisher":"https:\/\/www.facebook.com\/WebdelMaestroCMF\/","article_author":"https:\/\/www.facebook.com\/WebdelMaestroCMF\/","article_published_time":"2025-07-30T12:57:00+00:00","article_modified_time":"2025-07-30T15:30:20+00:00","og_image":[{"width":1024,"height":1024,"url":"https:\/\/webdelmaestrocmf.com\/portal\/wp-content\/uploads\/2024\/03\/Banner-1-portada-imagen-10-1-3.jpg","type":"image\/jpeg"}],"author":"Web del Maestro CMF","twitter_card":"summary_large_image","twitter_creator":"@cmf_w","twitter_site":"@cmf_w","schema":{"@context":"https:\/\/schema.org","@graph":[{"@type":"ScholarlyArticle","@id":"https:\/\/webdelmaestrocmf.com\/portal\/nueva-guia-del-minedu-pasos-para-gestionar-emociones\/#article","isPartOf":{"@id":"https:\/\/webdelmaestrocmf.com\/portal\/nueva-guia-del-minedu-pasos-para-gestionar-emociones\/"},"author":{"name":"Web del Maestro CMF","@id":"https:\/\/webdelmaestrocmf.com\/portal\/#\/schema\/person\/1072a2ed7bd960df8ef99a551fa35dc5"},"headline":"Nueva gu\u00eda del MINEDU: Pasos para gestionar emociones","datePublished":"2025-07-30T12:57:00+00:00","dateModified":"2025-07-30T15:30:20+00:00","mainEntityOfPage":{"@id":"https:\/\/webdelmaestrocmf.com\/portal\/nueva-guia-del-minedu-pasos-para-gestionar-emociones\/"},"wordCount":528,"commentCount":0,"publisher":{"@id":"https:\/\/webdelmaestrocmf.com\/portal\/#organization"},"image":{"@id":"https:\/\/webdelmaestrocmf.com\/portal\/nueva-guia-del-minedu-pasos-para-gestionar-emociones\/#primaryimage"},"thumbnailUrl":"https:\/\/webdelmaestrocmf.com\/portal\/wp-content\/uploads\/2024\/03\/Banner-1-portada-imagen-10-1-3.jpg","keywords":["EMOCIONES","gestionar","GU\u00cdA","Minedu","nueva","PASOS"],"articleSection":["Descargas Manuales PDF","Emociones","Recursos"],"inLanguage":"es","potentialAction":[{"@type":"CommentAction","name":"Comment","target":["https:\/\/webdelmaestrocmf.com\/portal\/nueva-guia-del-minedu-pasos-para-gestionar-emociones\/#respond"]}]},{"@type":"WebPage","@id":"https:\/\/webdelmaestrocmf.com\/portal\/nueva-guia-del-minedu-pasos-para-gestionar-emociones\/","url":"https:\/\/webdelmaestrocmf.com\/portal\/nueva-guia-del-minedu-pasos-para-gestionar-emociones\/","name":"Nueva gu\u00eda del MINEDU: Pasos para gestionar emociones - 2026","isPartOf":{"@id":"https:\/\/webdelmaestrocmf.com\/portal\/#website"},"primaryImageOfPage":{"@id":"https:\/\/webdelmaestrocmf.com\/portal\/nueva-guia-del-minedu-pasos-para-gestionar-emociones\/#primaryimage"},"image":{"@id":"https:\/\/webdelmaestrocmf.com\/portal\/nueva-guia-del-minedu-pasos-para-gestionar-emociones\/#primaryimage"},"thumbnailUrl":"https:\/\/webdelmaestrocmf.com\/portal\/wp-content\/uploads\/2024\/03\/Banner-1-portada-imagen-10-1-3.jpg","datePublished":"2025-07-30T12:57:00+00:00","dateModified":"2025-07-30T15:30:20+00:00","description":"Un nuevo a\u00f1o escolar est\u00e1 en marcha, y con \u00e9l llegan una amalgama de emociones para docentes, directivos y estudiantes por igual.","breadcrumb":{"@id":"https:\/\/webdelmaestrocmf.com\/portal\/nueva-guia-del-minedu-pasos-para-gestionar-emociones\/#breadcrumb"},"inLanguage":"es","potentialAction":[{"@type":"ReadAction","target":["https:\/\/webdelmaestrocmf.com\/portal\/nueva-guia-del-minedu-pasos-para-gestionar-emociones\/"]}]},{"@type":"ImageObject","inLanguage":"es","@id":"https:\/\/webdelmaestrocmf.com\/portal\/nueva-guia-del-minedu-pasos-para-gestionar-emociones\/#primaryimage","url":"https:\/\/webdelmaestrocmf.com\/portal\/wp-content\/uploads\/2024\/03\/Banner-1-portada-imagen-10-1-3.jpg","contentUrl":"https:\/\/webdelmaestrocmf.com\/portal\/wp-content\/uploads\/2024\/03\/Banner-1-portada-imagen-10-1-3.jpg","width":1024,"height":1024},{"@type":"BreadcrumbList","@id":"https:\/\/webdelmaestrocmf.com\/portal\/nueva-guia-del-minedu-pasos-para-gestionar-emociones\/#breadcrumb","itemListElement":[{"@type":"ListItem","position":1,"name":"Portada","item":"https:\/\/webdelmaestrocmf.com\/portal\/"},{"@type":"ListItem","position":2,"name":"Recursos","item":"https:\/\/webdelmaestrocmf.com\/portal\/category\/pedagogia\/"},{"@type":"ListItem","position":3,"name":"Nueva gu\u00eda del MINEDU: Pasos para gestionar emociones"}]},{"@type":"WebSite","@id":"https:\/\/webdelmaestrocmf.com\/portal\/#website","url":"https:\/\/webdelmaestrocmf.com\/portal\/","name":"Web del Maestro CMF","description":"Maestros al servicio de la educaci\u00f3n","publisher":{"@id":"https:\/\/webdelmaestrocmf.com\/portal\/#organization"},"alternateName":"WMCMF","potentialAction":[{"@type":"SearchAction","target":{"@type":"EntryPoint","urlTemplate":"https:\/\/webdelmaestrocmf.com\/portal\/?s={search_term_string}"},"query-input":{"@type":"PropertyValueSpecification","valueRequired":true,"valueName":"search_term_string"}}],"inLanguage":"es"},{"@type":"Organization","@id":"https:\/\/webdelmaestrocmf.com\/portal\/#organization","name":"Web del Maestro CMF","alternateName":"WMCMF","url":"https:\/\/webdelmaestrocmf.com\/portal\/","logo":{"@type":"ImageObject","inLanguage":"es","@id":"https:\/\/webdelmaestrocmf.com\/portal\/#\/schema\/logo\/image\/","url":"https:\/\/webdelmaestrocmf.com\/portal\/wp-content\/uploads\/2023\/01\/logo-wmcmf-2.png","contentUrl":"https:\/\/webdelmaestrocmf.com\/portal\/wp-content\/uploads\/2023\/01\/logo-wmcmf-2.png","width":200,"height":60,"caption":"Web del Maestro CMF"},"image":{"@id":"https:\/\/webdelmaestrocmf.com\/portal\/#\/schema\/logo\/image\/"},"sameAs":["https:\/\/www.facebook.com\/WebdelMaestroCMF\/","https:\/\/x.com\/cmf_w","https:\/\/www.pinterest.com\/WMCMF\/","https:\/\/www.linkedin.com\/company\/web-del-maestro-cmf\/","https:\/\/www.instagram.com\/wmcmf\/","https:\/\/www.youtube.com\/channel\/UCDPSvjbdodE5sHnC3OxutHw","https:\/\/mastodon.social\/@wmcmf","https:\/\/www.tiktok.com\/@webdelmaestrocmf"]},{"@type":"Person","@id":"https:\/\/webdelmaestrocmf.com\/portal\/#\/schema\/person\/1072a2ed7bd960df8ef99a551fa35dc5","name":"Web del Maestro CMF","image":{"@type":"ImageObject","inLanguage":"es","@id":"https:\/\/secure.gravatar.com\/avatar\/23291dd5b5ae1077dcff3dbb04c3e02bd28403fa75af6d8787d5e97c5bbbe30b?s=96&d=mm&r=g","url":"https:\/\/secure.gravatar.com\/avatar\/23291dd5b5ae1077dcff3dbb04c3e02bd28403fa75af6d8787d5e97c5bbbe30b?s=96&d=mm&r=g","contentUrl":"https:\/\/secure.gravatar.com\/avatar\/23291dd5b5ae1077dcff3dbb04c3e02bd28403fa75af6d8787d5e97c5bbbe30b?s=96&d=mm&r=g","caption":"Web del Maestro CMF"},"description":"Esta Web se cre\u00f3 sin fines de lucro, con fines educativos, cient\u00edficos y acad\u00e9micos, para personas que tengan dificultades y\/o inconvenientes en visualizar el material original. El objetivo es entregar recursos, compartir experiencias y materiales que ayuden a los padres de familia, maestros y estudiantes en su actualizaci\u00f3n y formaci\u00f3n permanente, en bien de la Educaci\u00f3n.","sameAs":["http:\/\/webdelmaestrocmf.com\/portal","https:\/\/www.facebook.com\/WebdelMaestroCMF\/","https:\/\/www.instagram.com\/wmcmf\/","https:\/\/cl.linkedin.com\/company\/web-del-maestro-cmf","https:\/\/www.pinterest.com\/WMCMF\/publicaciones\/","https:\/\/x.com\/cmf_w","https:\/\/www.youtube.com\/@WMCMF"]}]}},"jetpack_featured_media_url":"https:\/\/webdelmaestrocmf.com\/portal\/wp-content\/uploads\/2024\/03\/Banner-1-portada-imagen-10-1-3.jpg","jetpack_sharing_enabled":true,"jetpack-related-posts":[{"id":116671,"url":"https:\/\/webdelmaestrocmf.com\/portal\/descarga-la-guia-practica-para-comprender-mejor-las-emociones-en-la-etapa-adolescente\/","url_meta":{"origin":104452,"position":0},"title":"Descarga la \u00abGu\u00eda pr\u00e1ctica para comprender mejor las emociones en la etapa adolescente\u00bb","author":"Web del Maestro CMF","date":"20 marzo, 2026","format":false,"excerpt":"Gu\u00eda pr\u00e1ctica que ayuda a docentes a comprender y gestionar las emociones adolescentes, promoviendo empat\u00eda, autorregulaci\u00f3n y bienestar emocional, claves para mejorar la convivencia y el aprendizaje significativo en el aula.","rel":"","context":"En \u00abLibros\u00bb","block_context":{"text":"Libros","link":"https:\/\/webdelmaestrocmf.com\/portal\/category\/pedagogia\/libros\/"},"img":{"alt_text":"","src":"https:\/\/i0.wp.com\/webdelmaestrocmf.com\/portal\/wp-content\/uploads\/2026\/03\/1AA-Banner-1-portada-imagen-10-1-copia-6-1.webp?resize=350%2C200&ssl=1","width":350,"height":200,"srcset":"https:\/\/i0.wp.com\/webdelmaestrocmf.com\/portal\/wp-content\/uploads\/2026\/03\/1AA-Banner-1-portada-imagen-10-1-copia-6-1.webp?resize=350%2C200&ssl=1 1x, https:\/\/i0.wp.com\/webdelmaestrocmf.com\/portal\/wp-content\/uploads\/2026\/03\/1AA-Banner-1-portada-imagen-10-1-copia-6-1.webp?resize=525%2C300&ssl=1 1.5x, https:\/\/i0.wp.com\/webdelmaestrocmf.com\/portal\/wp-content\/uploads\/2026\/03\/1AA-Banner-1-portada-imagen-10-1-copia-6-1.webp?resize=700%2C400&ssl=1 2x, https:\/\/i0.wp.com\/webdelmaestrocmf.com\/portal\/wp-content\/uploads\/2026\/03\/1AA-Banner-1-portada-imagen-10-1-copia-6-1.webp?resize=1050%2C600&ssl=1 3x"},"classes":[]},{"id":112054,"url":"https:\/\/webdelmaestrocmf.com\/portal\/docentes-descarguen-la-nueva-guia-practica-para-trabajar-las-emociones-en-el-aula\/","url_meta":{"origin":104452,"position":1},"title":"Docentes, descarguen la nueva gu\u00eda pr\u00e1ctica para trabajar las emociones en el aula","author":"Web del Maestro CMF","date":"11 septiembre, 2025","format":false,"excerpt":"La gu\u00eda propone actividades pr\u00e1cticas para reconocer, expresar y gestionar emociones, fortaleciendo autoestima, empat\u00eda, convivencia escolar y aprendizaje significativo.","rel":"","context":"En \u00abEmociones\u00bb","block_context":{"text":"Emociones","link":"https:\/\/webdelmaestrocmf.com\/portal\/category\/pedagogia\/emociones\/"},"img":{"alt_text":"","src":"https:\/\/i0.wp.com\/webdelmaestrocmf.com\/portal\/wp-content\/uploads\/2025\/09\/1A-Banner-1-portada-imagen-10-1-copia-2025-09-11T132059.065.webp?resize=350%2C200&ssl=1","width":350,"height":200,"srcset":"https:\/\/i0.wp.com\/webdelmaestrocmf.com\/portal\/wp-content\/uploads\/2025\/09\/1A-Banner-1-portada-imagen-10-1-copia-2025-09-11T132059.065.webp?resize=350%2C200&ssl=1 1x, https:\/\/i0.wp.com\/webdelmaestrocmf.com\/portal\/wp-content\/uploads\/2025\/09\/1A-Banner-1-portada-imagen-10-1-copia-2025-09-11T132059.065.webp?resize=525%2C300&ssl=1 1.5x, https:\/\/i0.wp.com\/webdelmaestrocmf.com\/portal\/wp-content\/uploads\/2025\/09\/1A-Banner-1-portada-imagen-10-1-copia-2025-09-11T132059.065.webp?resize=700%2C400&ssl=1 2x"},"classes":[]},{"id":112240,"url":"https:\/\/webdelmaestrocmf.com\/portal\/descarga-el-recurso-mi-registro-diario-de-emociones\/","url_meta":{"origin":104452,"position":2},"title":"Descarga el recurso: \u00abMi registro diario de emociones\u00bb y \u00abMejora tu comunicaci\u00f3n con el modelo de los cinco dedos\u00bb","author":"Web del Maestro CMF","date":"27 marzo, 2026","format":false,"excerpt":"El documento MI REGISTRO DIARIO DE EMOCIONES ayuda a los estudiantes a identificar, expresar y gestionar sus emociones, fortaleciendo su bienestar y aprendizaje.","rel":"","context":"En \u00abEmociones\u00bb","block_context":{"text":"Emociones","link":"https:\/\/webdelmaestrocmf.com\/portal\/category\/pedagogia\/emociones\/"},"img":{"alt_text":"","src":"https:\/\/i0.wp.com\/webdelmaestrocmf.com\/portal\/wp-content\/uploads\/2025\/09\/1A-Banner-1-portada-imagen-10-1-copia-3.jpg?resize=350%2C200&ssl=1","width":350,"height":200,"srcset":"https:\/\/i0.wp.com\/webdelmaestrocmf.com\/portal\/wp-content\/uploads\/2025\/09\/1A-Banner-1-portada-imagen-10-1-copia-3.jpg?resize=350%2C200&ssl=1 1x, https:\/\/i0.wp.com\/webdelmaestrocmf.com\/portal\/wp-content\/uploads\/2025\/09\/1A-Banner-1-portada-imagen-10-1-copia-3.jpg?resize=525%2C300&ssl=1 1.5x, https:\/\/i0.wp.com\/webdelmaestrocmf.com\/portal\/wp-content\/uploads\/2025\/09\/1A-Banner-1-portada-imagen-10-1-copia-3.jpg?resize=700%2C400&ssl=1 2x"},"classes":[]},{"id":113345,"url":"https:\/\/webdelmaestrocmf.com\/portal\/descarga-el-aplicativo-en-excel-que-te-ayudara-a-planificar-organizar-y-gestionar-todo-el-ano-escolar-2026-de-forma-automatica-y-eficiente\/","url_meta":{"origin":104452,"position":3},"title":"Descarga el aplicativo en Excel que te ayudar\u00e1 a planificar, organizar y gestionar todo el a\u00f1o escolar 2026 de forma autom\u00e1tica y eficiente","author":"Web del Maestro CMF","date":"9 noviembre, 2025","format":false,"excerpt":"El aplicativo en Excel permite planificar, organizar y gestionar autom\u00e1ticamente el a\u00f1o escolar 2026, optimizando tiempo, feriados y semanas lectivas.","rel":"","context":"En \u00abDescarga\u00bb","block_context":{"text":"Descarga","link":"https:\/\/webdelmaestrocmf.com\/portal\/category\/descarga\/"},"img":{"alt_text":"","src":"https:\/\/i0.wp.com\/webdelmaestrocmf.com\/portal\/wp-content\/uploads\/2025\/11\/1A-Banner-1-portada-imagen-10-1-copia-1-1.jpg?resize=350%2C200&ssl=1","width":350,"height":200,"srcset":"https:\/\/i0.wp.com\/webdelmaestrocmf.com\/portal\/wp-content\/uploads\/2025\/11\/1A-Banner-1-portada-imagen-10-1-copia-1-1.jpg?resize=350%2C200&ssl=1 1x, https:\/\/i0.wp.com\/webdelmaestrocmf.com\/portal\/wp-content\/uploads\/2025\/11\/1A-Banner-1-portada-imagen-10-1-copia-1-1.jpg?resize=525%2C300&ssl=1 1.5x, https:\/\/i0.wp.com\/webdelmaestrocmf.com\/portal\/wp-content\/uploads\/2025\/11\/1A-Banner-1-portada-imagen-10-1-copia-1-1.jpg?resize=700%2C400&ssl=1 2x"},"classes":[]},{"id":57487,"url":"https:\/\/webdelmaestrocmf.com\/portal\/proyecto-educativo-institucional-2021-minedu\/","url_meta":{"origin":104452,"position":4},"title":"Proyecto Educativo Institucional | MINEDU","author":"Web del Maestro CMF","date":"11 enero, 2021","format":false,"excerpt":"La presente gu\u00eda para elaborar el Proyecto Educativo Institucional (PEI) y el Plan Anual de Trabajo (PAT), busca brindar orientaciones para elaborar estos instrumentos de gesti\u00f3n (IIGG) que son claves para el buen funcionamiento de las IIEE. En la primera parte de la gu\u00eda se presentan las ideas claves sobre\u2026","rel":"","context":"En \u00abDescargas Manuales PDF\u00bb","block_context":{"text":"Descargas Manuales PDF","link":"https:\/\/webdelmaestrocmf.com\/portal\/category\/pedagogia\/descargas-manuales-pdf\/"},"img":{"alt_text":"","src":"https:\/\/i0.wp.com\/webdelmaestrocmf.com\/portal\/wp-content\/uploads\/2021\/01\/1-copia-68.jpg?resize=350%2C200&ssl=1","width":350,"height":200,"srcset":"https:\/\/i0.wp.com\/webdelmaestrocmf.com\/portal\/wp-content\/uploads\/2021\/01\/1-copia-68.jpg?resize=350%2C200&ssl=1 1x, https:\/\/i0.wp.com\/webdelmaestrocmf.com\/portal\/wp-content\/uploads\/2021\/01\/1-copia-68.jpg?resize=525%2C300&ssl=1 1.5x, https:\/\/i0.wp.com\/webdelmaestrocmf.com\/portal\/wp-content\/uploads\/2021\/01\/1-copia-68.jpg?resize=700%2C400&ssl=1 2x, https:\/\/i0.wp.com\/webdelmaestrocmf.com\/portal\/wp-content\/uploads\/2021\/01\/1-copia-68.jpg?resize=1050%2C600&ssl=1 3x"},"classes":[]},{"id":117708,"url":"https:\/\/webdelmaestrocmf.com\/portal\/que-es-la-terapia-cognitivo-conductual-y-por-que-es-una-herramienta-clave-para-el-docente-actual-descarga-el-manual-13-tecnicas-de-la-terapia-cognitivo-conductual-tcc\/","url_meta":{"origin":104452,"position":5},"title":"\u00bfQu\u00e9 es la Terapia Cognitivo-Conductual y por qu\u00e9 es una herramienta clave para el docente actual? Descarga el manual: 13 t\u00e9cnicas de la Terapia Cognitivo-Conductual (TCC)","author":"Web del Maestro CMF","date":"13 abril, 2026","format":false,"excerpt":"Gu\u00eda pr\u00e1ctica de Terapia Cognitivo-Conductual con 13 t\u00e9cnicas aplicables en el aula para mejorar conducta, aprendizaje y bienestar emocional, brindando al docente herramientas claras, efectivas y basadas en evidencia cient\u00edfica.","rel":"","context":"En \u00abDescarga\u00bb","block_context":{"text":"Descarga","link":"https:\/\/webdelmaestrocmf.com\/portal\/category\/descarga\/"},"img":{"alt_text":"","src":"https:\/\/i0.wp.com\/webdelmaestrocmf.com\/portal\/wp-content\/uploads\/2026\/04\/1AA-Banner-1-portada-imagen-10-1-copia.png?resize=350%2C200&ssl=1","width":350,"height":200,"srcset":"https:\/\/i0.wp.com\/webdelmaestrocmf.com\/portal\/wp-content\/uploads\/2026\/04\/1AA-Banner-1-portada-imagen-10-1-copia.png?resize=350%2C200&ssl=1 1x, https:\/\/i0.wp.com\/webdelmaestrocmf.com\/portal\/wp-content\/uploads\/2026\/04\/1AA-Banner-1-portada-imagen-10-1-copia.png?resize=525%2C300&ssl=1 1.5x, https:\/\/i0.wp.com\/webdelmaestrocmf.com\/portal\/wp-content\/uploads\/2026\/04\/1AA-Banner-1-portada-imagen-10-1-copia.png?resize=700%2C400&ssl=1 2x, https:\/\/i0.wp.com\/webdelmaestrocmf.com\/portal\/wp-content\/uploads\/2026\/04\/1AA-Banner-1-portada-imagen-10-1-copia.png?resize=1050%2C600&ssl=1 3x"},"classes":[]}],"_links":{"self":[{"href":"https:\/\/webdelmaestrocmf.com\/portal\/wp-json\/wp\/v2\/posts\/104452","targetHints":{"allow":["GET"]}}],"collection":[{"href":"https:\/\/webdelmaestrocmf.com\/portal\/wp-json\/wp\/v2\/posts"}],"about":[{"href":"https:\/\/webdelmaestrocmf.com\/portal\/wp-json\/wp\/v2\/types\/post"}],"author":[{"embeddable":true,"href":"https:\/\/webdelmaestrocmf.com\/portal\/wp-json\/wp\/v2\/users\/1"}],"replies":[{"embeddable":true,"href":"https:\/\/webdelmaestrocmf.com\/portal\/wp-json\/wp\/v2\/comments?post=104452"}],"version-history":[{"count":1,"href":"https:\/\/webdelmaestrocmf.com\/portal\/wp-json\/wp\/v2\/posts\/104452\/revisions"}],"predecessor-version":[{"id":111610,"href":"https:\/\/webdelmaestrocmf.com\/portal\/wp-json\/wp\/v2\/posts\/104452\/revisions\/111610"}],"wp:featuredmedia":[{"embeddable":true,"href":"https:\/\/webdelmaestrocmf.com\/portal\/wp-json\/wp\/v2\/media\/104455"}],"wp:attachment":[{"href":"https:\/\/webdelmaestrocmf.com\/portal\/wp-json\/wp\/v2\/media?parent=104452"}],"wp:term":[{"taxonomy":"category","embeddable":true,"href":"https:\/\/webdelmaestrocmf.com\/portal\/wp-json\/wp\/v2\/categories?post=104452"},{"taxonomy":"post_tag","embeddable":true,"href":"https:\/\/webdelmaestrocmf.com\/portal\/wp-json\/wp\/v2\/tags?post=104452"}],"curies":[{"name":"wp","href":"https:\/\/api.w.org\/{rel}","templated":true}]}}