{"id":10445,"date":"2018-12-29T00:12:37","date_gmt":"2018-12-29T03:12:37","guid":{"rendered":"http:\/\/webdelmaestrocmf.com\/inicio\/?p=10445"},"modified":"2023-10-19T01:14:30","modified_gmt":"2023-10-19T04:14:30","slug":"daniel-goleman-los-ninos-aprenden-la-inteligencia-emocional-en-la-vida-real","status":"publish","type":"post","link":"https:\/\/webdelmaestrocmf.com\/portal\/daniel-goleman-los-ninos-aprenden-la-inteligencia-emocional-en-la-vida-real\/","title":{"rendered":"Daniel Goleman: Los ni\u00f1os aprenden la inteligencia emocional en la vida real"},"content":{"rendered":"<p style=\"text-align: justify;\"><strong>Daniel Goleman\u00a0(Stockton,\u00a07 de marzo\u00a0de\u00a01946) es un\u00a0psic\u00f3logo,\u00a0periodista\u00a0y\u00a0escritor\u00a0estadounidense. Adquiri\u00f3 fama\u00a0mundial\u00a0a partir de la publicaci\u00f3n de su libro\u00a0Emotional Intelligence\u00a0(en espa\u00f1ol\u00a0Inteligencia emocional) en 1995.<\/strong><!--more--><\/p>\n<p style=\"text-align: justify;\">Editado por primera vez en 1995, el libro\u00a0Inteligencia emocional\u00a0se mantuvo durante un a\u00f1o y medio en la lista de los libros m\u00e1s vendidos del\u00a0The New York Times. Seg\u00fan la p\u00e1gina web oficial de Daniel Goleman, se han vendido, hasta 2006, alrededor de 5.000.000 de ejemplares en 30 idiomas, y ha sido\u00a0best seller\u00a0en muchos pa\u00edses. En 2009 se public\u00f3 en espa\u00f1ol su libro\u00a0Inteligencia emocional. Daniel Goleman posteriormente tambi\u00e9n escribi\u00f3\u00a0Inteligencia social, la segunda parte del libro\u00a0Inteligencia emocional.<\/p>\n<p style=\"text-align: justify;\">A continuaci\u00f3n compartimos con fines educativos y pastorales la publicaci\u00f3n del portal educativo <strong><a href=\"http:\/\/blog.tiching.com\" target=\"_blank\" rel=\"noopener noreferrer\">Tiching<\/a><\/strong> realizada al experimentado psic\u00f3logo<strong> Daniel Golman.<\/strong> Esperamos que la siguiente publicaci\u00f3n sea de ayuda para la comunidad docente.<\/p>\n<h5>Daniel Goleman: \u201cLos ni\u00f1os aprenden la inteligencia emocional en la vida real\u201d<\/h5>\n<p style=\"text-align: justify;\">Para que sean seres emocionalmente inteligentes. Los ni\u00f1os aprenden la inteligencia emocional en la vida real, especialmente cuando son j\u00f3venes.<\/p>\n<p style=\"text-align: justify;\">Es importante que aprendan a relacionarse y a manejar las emociones negativas a trav\u00e9s de sus padres, hermanos o amigos.<\/p>\n<h5 style=\"text-align: justify;\">\u00bfSufre nuestra sociedad de analfabetismo emocional?<\/h5>\n<p style=\"text-align: justify;\">En gran parte. La vida moderna nos hace estar m\u00e1s centrados en la tecnolog\u00eda, estar m\u00e1s presionados, y nos quita tiempo para estar tranquilos y reflexionar, un aspecto fundamental para potenciar la conciencia de uno mismo.<\/p>\n<h5 style=\"text-align: justify;\">\u00bfPerdemos mucho tiempo embobados con la tecnolog\u00eda?<\/h5>\n<p style=\"text-align: justify;\">Nos quita tiempo que podr\u00edamos destinar a estar con la gente que queremos y por la que nos preocupamos, y as\u00ed potenciar nuestra inteligencia social. Por este motivo, pienso que la sociedad est\u00e1 afectada por el analfabetismo emocional.<\/p>\n<h5 style=\"text-align: justify;\">\u00bfPor qu\u00e9 es tan importante que los ni\u00f1os aprendan a manejar sus emociones?<\/h5>\n<p style=\"text-align: justify;\">Para que sean seres emocionalmente inteligentes. Los ni\u00f1os aprenden la inteligencia emocional en la vida real, especialmente cuando son j\u00f3venes. Es importante que aprendan a relacionarse y a manejar las emociones negativas a trav\u00e9s de sus padres, hermanos o amigos.<\/p>\n<h5 style=\"text-align: justify;\">\u00bfEn qu\u00e9 consisten los programas de alfabetizaci\u00f3n emocional?<\/h5>\n<p style=\"text-align: justify;\">Lo que llamamos programas de aprendizaje emocional y social en los Estados Unidos es una manera de ayudar a los ni\u00f1os a recibir lecciones b\u00e1sicas sobre inteligencia emocional. Este conocimiento les ayudar\u00e1 tanto en el trabajo como en la vida, e incluye la \u00a0potenciaci\u00f3n de la autoconciencia, la autorregulaci\u00f3n, la empat\u00eda, las habilidades sociales\u2026<\/p>\n<h5 style=\"text-align: justify;\">Habilidades necesarias para relacionarse\u2026<\/h5>\n<p style=\"text-align: justify;\">Imprescindibles, pero que no se encuentran en un plan de estudio escola rordinario, aunque \u00a0a lo largo de la vida son cada vez m\u00e1s importantes para tener plenitud y \u00e9xito.<\/p>\n<h5 style=\"text-align: justify;\">\u00bfCu\u00e1ndo se deben empezar a ense\u00f1ar estas habilidades?<\/h5>\n<p style=\"text-align: justify;\">Los mejores cursos son los que se desarrollan desde muy peque\u00f1os y hasta que los estudiantes est\u00e1n listos para ir a la universidad. Estos aprendizajes se basan en estrategias de involucraci\u00f3n de los estudiantes y las familias, aunque tambi\u00e9n sirven de ayuda a los profesores para que incorporen estas habilidades.<\/p>\n<h5 style=\"text-align: justify;\">Si los programas de alfabetizaci\u00f3n social y emocional est\u00e1n obteniendo tan buenos resultados, \u00bfpor qu\u00e9 no se incluyen en los planes de estudios?<\/h5>\n<p style=\"text-align: justify;\">El mundo acad\u00e9mico ha estado siempre centrado en las capacidades intelectuales y de razonamiento, y la emoci\u00f3n se considera una interferencia, algo que no resulta \u00fatil para la comprensi\u00f3n de los contenidos acad\u00e9micos.<\/p>\n<h5 style=\"text-align: justify;\">Pero son igualmente importantes.<\/h5>\n<p style=\"text-align: justify;\">No incidir en las emociones es una percepci\u00f3n anticuada, ya que cuando mejor entendemos c\u00f3mo funciona el cerebro, obtenemos m\u00e1s informaci\u00f3n que corrobora \u00a0que el estado de nuestras emociones es, en realidad, \u00a0el que determina la capacidad para razonar y aprender.<\/p>\n<h5 style=\"text-align: justify;\">Por lo tanto, son indispensables para el aprendizaje de los estudiantes.<\/h5>\n<p style=\"text-align: justify;\">Ahora los especialistas cient\u00edficos sobre el cerebro nos dicen que tenemos que ayudar a los estudiantes a estar mejor preparados en el manejo de sus propias emociones, para conseguir mejores resultados de aprendizaje.<\/p>\n<h5 style=\"text-align: justify;\">\u00bfQu\u00e9 importancia tiene que los j\u00f3venes aprendan a focalizar?<\/h5>\n<p style=\"text-align: justify;\">Es absolutamente crucial, tal y como explico en el libro Focus. La capacidad b\u00e1sica es prestar atenci\u00f3n a lo que es importante e ignorar lo que es irrelevante. De esta manera podemos concentrarnos en una meta y seguir trabajando hacia ese objetivo, a pesar de los obst\u00e1culos y distracciones con las que nos encontramos.<\/p>\n<h5 style=\"text-align: justify;\">\u00bfCu\u00e1les son las ventajas de aprender a focalizar para la sociedad futura?<\/h5>\n<p style=\"text-align: justify;\">Hay un enorme desaf\u00edo para la sociedad en mantener agudas nuestras habilidades de atenci\u00f3n, incluso al sumergirnos en el mar de distracciones que suponen el entorno digital y sus dispositivos. Hace a\u00f1os, cuando nos adentr\u00e1bamos en una buena lectura y nos perd\u00edamos con las historias del libro era m\u00e1s f\u00e1cil concentrarnos.<\/p>\n<h5 style=\"text-align: justify;\">Nada consegu\u00eda distraernos ante las p\u00e1ginas de un buen libro\u2026<\/h5>\n<p style=\"text-align: justify;\">Ahora los ni\u00f1os tienen que enfrentarse a una distracci\u00f3n tras otra y creo que este es un argumento suficientemente potente para ayudarles a potenciar sus habilidades de atenci\u00f3n como parte fundamental de la educaci\u00f3n.<\/p>\n<p style=\"text-align: justify;\"><img loading=\"lazy\" decoding=\"async\" src=\"http:\/\/webdelmaestrocmf.com\/portal\/wp-content\/uploads\/2018\/03\/1-25.jpg\" alt=\"\" width=\"965\" height=\"643\" \/><\/p>\n<h5 style=\"text-align: justify;\">\u00bfC\u00f3mo pueden los profesores ense\u00f1ar a los ni\u00f1os a prestar atenci\u00f3n?<\/h5>\n<p style=\"text-align: justify;\">Existen muchos m\u00e9todos. Uno de ellos tiene que ver con una experiencia llevada a cabo con ni\u00f1os de 7 a\u00f1os de Harlem. Proced\u00edan de barrios muy pobres y circunstancias muy dram\u00e1ticas, \u00a0pero con una sesi\u00f3n diaria sobre \u201crespiraci\u00f3n\u201d, se acostaban boca arriba con su animal de peluche favorito en el vientre, contaban 1-2-3 al ritmo de su respiraci\u00f3n, y consegu\u00edan \u00a0fortalecer los circuitos cerebrales de la atenci\u00f3n. Cuantos m\u00e1s ejercicios de este tipo realicemos, m\u00e1s fuerte se hace la focalizaci\u00f3n.<\/p>\n<h5 style=\"text-align: justify;\">\u00bfCu\u00e1l debe ser la misi\u00f3n actual de un profesor?<\/h5>\n<p style=\"text-align: justify;\">La misi\u00f3n del profesor \u00a0consiste en ayudar a sus alumnos a convertirse en mejores estudiantes con el objetivo de \u00a0que aprendan mejor, ense\u00f1\u00e1ndoles las habilidades\u00a0b\u00e1sicas de la atenci\u00f3n, para \u00a0que puedan gestionar adecuadamente sus propias emociones destructivas y resistir las distracciones impulsivas.<\/p>\n<h5 style=\"text-align: justify;\">Objetivos antes olvidados\u2026<\/h5>\n<p style=\"text-align: justify;\">Esto quiere decir que el plan de estudios social y emocional debe formar parte de la misi\u00f3n de educar a los estudiantes por parte de los profesores.<\/p>\n<h5 style=\"text-align: left;\">\u00bfY qu\u00e9 papel deben jugar los padres en el proceso de aprendizaje emocional de sus hijos?<\/h5>\n<p style=\"text-align: justify;\">Los padres son los primeros tutores de sus hijos en cuanto a la inteligencia emocional se refiere. Los ni\u00f1os aprenden mucho de sus padres \u00a0y \u00a0este aprendizaje les sirve de base a lo largo de su vida. Lo mejor que los padres pueden hacen por sus hijos es ser seres emocionalmente inteligentes.<\/p>\n<p style=\"text-align: justify;\"><strong class=\"last-child first-child\"><span class=\"last-child first-child\">Este contenido ha sido publicado originalmente por El Blog de Tiching en el siguiente direcci\u00f3n:\u00a0<a href=\"http:\/\/blog.tiching.com\" target=\"_blank\" rel=\"noopener noreferrer\">blog.tiching.com<\/a>\u00a0<\/span><\/strong><\/p>\n\t\t<div class=\"pk-inline-posts\">\n\t\t\t\n\t\t\t<div class=\"pk-inline-posts-container pk-inline-posts-template-list\"\n\t\t\t\tdata-columns=\"1\">\n\t\t\t\t\t\t<article id=\"post-118510\" class=\"post-118510 post type-post status-publish format-standard has-post-thumbnail category-entrevistas category-noticias tag-aprendizaje tag-aula tag-docentes tag-educacion-2 tag-estudiantes tag-filosofia-2 tag-formacion-2 tag-inteligencia tag-jose-antonio-marina tag-pedagogia-2 tag-pensamiento-critico-2 cs-entry cs-video-wrap\">\n\t\t\t<div class=\"pk-post-outer\">\n\n\t\t\t\t\t\t\t\t<div class=\"pk-post-inner\">\n\t\t\t\t\t<div class=\"entry-thumbnail\">\n\t\t\t\t\t\t<div class=\"pk-overlay pk-overlay-ratio pk-ratio-landscape\">\n\t\t\t\t\t\t\t<div class=\"pk-overlay-background\">\n\t\t\t\t\t\t\t\t<a href=\"https:\/\/webdelmaestrocmf.com\/portal\/jose-antonio-marina-si-no-teneis-pensamiento-critico-o-si-no-hay-pensamiento-critico-la-manipulacion-va-a-ser-muy-sencilla\/\" class=\"pk-overlay-link\">\n\t\t\t\t\t\t\t\t\t<img loading=\"lazy\" decoding=\"async\" width=\"300\" height=\"225\" src=\"https:\/\/webdelmaestrocmf.com\/portal\/wp-content\/uploads\/2026\/04\/1AA-Banner-1-portada-imagen-10-1-copia-5-6-300x225.webp\" class=\"attachment-pk-thumbnail size-pk-thumbnail wp-post-image\" alt=\"\" \/>\t\t\t\t\t\t\t\t<\/a>\n\t\t\t\t\t\t\t<\/div>\n\t\t\t\t\t\t<\/div>\n\t\t\t\t\t<\/div>\n\t\t\t\t<\/div>\n\t\t\t\t\n\t\t\t\t<div class=\"pk-post-inner\">\n\t\t\t\t\t<header>\n\t\t\t\t\t\t<h3 class=\"pk-title\"><a href=\"https:\/\/webdelmaestrocmf.com\/portal\/jose-antonio-marina-si-no-teneis-pensamiento-critico-o-si-no-hay-pensamiento-critico-la-manipulacion-va-a-ser-muy-sencilla\/\" rel=\"bookmark\">Jos\u00e9 Antonio Marina: Si no ten\u00e9is pensamiento cr\u00edtico, o si no hay pensamiento cr\u00edtico, la manipulaci\u00f3n va a ser muy sencilla<\/a><\/h3>\t\t\t\t\t<\/header><!-- .entry-header -->\n\t\t\t\t<\/div><!-- .post-inner -->\n\n\t\t\t<\/div><!-- .post-outer -->\n\t\t<\/article>\n\t\t\t<article id=\"post-113504\" class=\"post-113504 post type-post status-publish format-standard has-post-thumbnail category-entrevistas category-noticias tag-alumno tag-begona-ibarrola-2 tag-desmotivado tag-vago cs-entry cs-video-wrap\">\n\t\t\t<div class=\"pk-post-outer\">\n\n\t\t\t\t\t\t\t\t<div class=\"pk-post-inner\">\n\t\t\t\t\t<div class=\"entry-thumbnail\">\n\t\t\t\t\t\t<div class=\"pk-overlay pk-overlay-ratio pk-ratio-landscape\">\n\t\t\t\t\t\t\t<div class=\"pk-overlay-background\">\n\t\t\t\t\t\t\t\t<a href=\"https:\/\/webdelmaestrocmf.com\/portal\/begona-ibarrola-debemos-distinguir-entre-un-alumno-verdaderamente-vago-y-uno-que-esta-desmotivado-porque-anticipa-el-fracaso\/\" class=\"pk-overlay-link\">\n\t\t\t\t\t\t\t\t\t<img loading=\"lazy\" decoding=\"async\" width=\"300\" height=\"225\" src=\"https:\/\/webdelmaestrocmf.com\/portal\/wp-content\/uploads\/2025\/11\/1AA-Banner-1-portada-imagen-10-1-copia-3-300x225.webp\" class=\"attachment-pk-thumbnail size-pk-thumbnail wp-post-image\" alt=\"\" \/>\t\t\t\t\t\t\t\t<\/a>\n\t\t\t\t\t\t\t<\/div>\n\t\t\t\t\t\t<\/div>\n\t\t\t\t\t<\/div>\n\t\t\t\t<\/div>\n\t\t\t\t\n\t\t\t\t<div class=\"pk-post-inner\">\n\t\t\t\t\t<header>\n\t\t\t\t\t\t<h3 class=\"pk-title\"><a href=\"https:\/\/webdelmaestrocmf.com\/portal\/begona-ibarrola-debemos-distinguir-entre-un-alumno-verdaderamente-vago-y-uno-que-esta-desmotivado-porque-anticipa-el-fracaso\/\" rel=\"bookmark\">Bego\u00f1a Ibarrola: Debemos distinguir entre un alumno verdaderamente vago y uno que est\u00e1 desmotivado porque anticipa el fracaso<\/a><\/h3>\t\t\t\t\t<\/header><!-- .entry-header -->\n\t\t\t\t<\/div><!-- .post-inner -->\n\n\t\t\t<\/div><!-- .post-outer -->\n\t\t<\/article>\n\t\t\t<article id=\"post-118480\" class=\"post-118480 post type-post status-publish format-standard has-post-thumbnail category-entrevistas category-noticias tag-aprendizaje tag-autonomia-3 tag-desarrollo tag-docentes tag-educacion-2 tag-ensenanza-2 tag-escuela tag-infancia tag-juego tag-pedagogia-2 cs-entry cs-video-wrap\">\n\t\t\t<div class=\"pk-post-outer\">\n\n\t\t\t\t\t\t\t\t<div class=\"pk-post-inner\">\n\t\t\t\t\t<div class=\"entry-thumbnail\">\n\t\t\t\t\t\t<div class=\"pk-overlay pk-overlay-ratio pk-ratio-landscape\">\n\t\t\t\t\t\t\t<div class=\"pk-overlay-background\">\n\t\t\t\t\t\t\t\t<a href=\"https:\/\/webdelmaestrocmf.com\/portal\/francesco-tonucci-hoy-la-escuela-esta-asumiendo-un-error-fatal-que-es-hacer-mas-un-papel-de-ninera-que-de-estructura-educativa\/\" class=\"pk-overlay-link\">\n\t\t\t\t\t\t\t\t\t<img loading=\"lazy\" decoding=\"async\" width=\"300\" height=\"225\" src=\"https:\/\/webdelmaestrocmf.com\/portal\/wp-content\/uploads\/2026\/04\/1AA-Banner-1-portada-imagen-10-1-copia-2-9-300x225.webp\" class=\"attachment-pk-thumbnail size-pk-thumbnail wp-post-image\" alt=\"\" \/>\t\t\t\t\t\t\t\t<\/a>\n\t\t\t\t\t\t\t<\/div>\n\t\t\t\t\t\t<\/div>\n\t\t\t\t\t<\/div>\n\t\t\t\t<\/div>\n\t\t\t\t\n\t\t\t\t<div class=\"pk-post-inner\">\n\t\t\t\t\t<header>\n\t\t\t\t\t\t<h3 class=\"pk-title\"><a href=\"https:\/\/webdelmaestrocmf.com\/portal\/francesco-tonucci-hoy-la-escuela-esta-asumiendo-un-error-fatal-que-es-hacer-mas-un-papel-de-ninera-que-de-estructura-educativa\/\" rel=\"bookmark\">Francesco Tonucci: Hoy la escuela est\u00e1 asumiendo un error fatal que es hacer m\u00e1s un papel de ni\u00f1era que de estructura educativa<\/a><\/h3>\t\t\t\t\t<\/header><!-- .entry-header -->\n\t\t\t\t<\/div><!-- .post-inner -->\n\n\t\t\t<\/div><!-- .post-outer -->\n\t\t<\/article>\n\t\t\t\t<\/div>\n\t\t<\/div>\n\t\t\n","protected":false},"excerpt":{"rendered":"Daniel Goleman\u00a0(Stockton,\u00a07 de marzo\u00a0de\u00a01946) es un\u00a0psic\u00f3logo,\u00a0periodista\u00a0y\u00a0escritor\u00a0estadounidense. Adquiri\u00f3 fama\u00a0mundial\u00a0a partir de la publicaci\u00f3n de su libro\u00a0Emotional Intelligence\u00a0(en espa\u00f1ol\u00a0Inteligencia emocional)&hellip;","protected":false},"author":1,"featured_media":29430,"comment_status":"open","ping_status":"open","sticky":false,"template":"","format":"standard","meta":{"csco_display_header_overlay":false,"csco_singular_sidebar":"disabled","csco_page_header_type":"large","csco_page_load_nextpost":"default","csco_post_video_location":[],"csco_post_video_location_hash":"","csco_post_video_url":"","csco_post_video_bg_start_time":0,"csco_post_video_bg_end_time":0,"csco_post_video_bg_volume":false,"_jetpack_memberships_contains_paid_content":false,"footnotes":""},"categories":[48,139,47],"tags":[397,398,399,387,308,297,381],"class_list":{"0":"post-10445","1":"post","2":"type-post","3":"status-publish","4":"format-standard","5":"has-post-thumbnail","7":"category-entrevistas","8":"category-visitadas","9":"category-noticias","10":"tag-aprenden","11":"tag-daniel-goleman","12":"tag-emocional","13":"tag-inteligencia","14":"tag-inteligencia-emocional","15":"tag-ninos","16":"tag-vida-real","17":"cs-entry","18":"cs-video-wrap"},"yoast_head":"<!-- This site is optimized with the Yoast SEO plugin v27.5 - https:\/\/yoast.com\/product\/yoast-seo-wordpress\/ -->\n<title>Daniel Goleman: Los ni\u00f1os aprenden la inteligencia emocional en la vida real<\/title>\n<meta name=\"description\" content=\"Para que sean seres emocionalmente inteligentes. Los ni\u00f1os aprenden la inteligencia emocional en la vida real, especialmente cuando...\" \/>\n<meta name=\"robots\" content=\"index, follow, max-snippet:-1, max-image-preview:large, max-video-preview:-1\" \/>\n<link rel=\"canonical\" href=\"https:\/\/webdelmaestrocmf.com\/portal\/daniel-goleman-los-ninos-aprenden-la-inteligencia-emocional-en-la-vida-real\/\" \/>\n<meta property=\"og:locale\" content=\"es_ES\" \/>\n<meta property=\"og:type\" content=\"article\" \/>\n<meta property=\"og:title\" content=\"Daniel Goleman: Los ni\u00f1os aprenden la inteligencia emocional en la vida real\" \/>\n<meta property=\"og:description\" content=\"Para que sean seres emocionalmente inteligentes. Los ni\u00f1os aprenden la inteligencia emocional en la vida real, especialmente cuando...\" \/>\n<meta property=\"og:url\" content=\"https:\/\/webdelmaestrocmf.com\/portal\/daniel-goleman-los-ninos-aprenden-la-inteligencia-emocional-en-la-vida-real\/\" \/>\n<meta property=\"og:site_name\" content=\"Web del Maestro CMF\" \/>\n<meta property=\"article:publisher\" content=\"https:\/\/www.facebook.com\/WebdelMaestroCMF\/\" \/>\n<meta property=\"article:author\" content=\"https:\/\/www.facebook.com\/WebdelMaestroCMF\/\" \/>\n<meta property=\"article:published_time\" content=\"2018-12-29T03:12:37+00:00\" \/>\n<meta property=\"article:modified_time\" content=\"2023-10-19T04:14:30+00:00\" \/>\n<meta property=\"og:image\" content=\"https:\/\/webdelmaestrocmf.com\/portal\/wp-content\/uploads\/2018\/03\/1-25.jpg\" \/>\n\t<meta property=\"og:image:width\" content=\"900\" \/>\n\t<meta property=\"og:image:height\" content=\"600\" \/>\n\t<meta property=\"og:image:type\" content=\"image\/jpeg\" \/>\n<meta name=\"author\" content=\"Web del Maestro CMF\" \/>\n<meta name=\"twitter:card\" content=\"summary_large_image\" \/>\n<meta name=\"twitter:creator\" content=\"@cmf_w\" \/>\n<meta name=\"twitter:site\" content=\"@cmf_w\" \/>\n<script type=\"application\/ld+json\" class=\"yoast-schema-graph\">{\"@context\":\"https:\\\/\\\/schema.org\",\"@graph\":[{\"@type\":\"ScholarlyArticle\",\"@id\":\"https:\\\/\\\/webdelmaestrocmf.com\\\/portal\\\/daniel-goleman-los-ninos-aprenden-la-inteligencia-emocional-en-la-vida-real\\\/#article\",\"isPartOf\":{\"@id\":\"https:\\\/\\\/webdelmaestrocmf.com\\\/portal\\\/daniel-goleman-los-ninos-aprenden-la-inteligencia-emocional-en-la-vida-real\\\/\"},\"author\":{\"name\":\"Web del Maestro CMF\",\"@id\":\"https:\\\/\\\/webdelmaestrocmf.com\\\/portal\\\/#\\\/schema\\\/person\\\/1072a2ed7bd960df8ef99a551fa35dc5\"},\"headline\":\"Daniel Goleman: Los ni\u00f1os aprenden la inteligencia emocional en la vida real\",\"datePublished\":\"2018-12-29T03:12:37+00:00\",\"dateModified\":\"2023-10-19T04:14:30+00:00\",\"mainEntityOfPage\":{\"@id\":\"https:\\\/\\\/webdelmaestrocmf.com\\\/portal\\\/daniel-goleman-los-ninos-aprenden-la-inteligencia-emocional-en-la-vida-real\\\/\"},\"wordCount\":1172,\"commentCount\":1,\"publisher\":{\"@id\":\"https:\\\/\\\/webdelmaestrocmf.com\\\/portal\\\/#organization\"},\"image\":{\"@id\":\"https:\\\/\\\/webdelmaestrocmf.com\\\/portal\\\/daniel-goleman-los-ninos-aprenden-la-inteligencia-emocional-en-la-vida-real\\\/#primaryimage\"},\"thumbnailUrl\":\"https:\\\/\\\/webdelmaestrocmf.com\\\/portal\\\/wp-content\\\/uploads\\\/2018\\\/03\\\/1-25.jpg\",\"keywords\":[\"APRENDEN\",\"DANIEL GOLEMAN\",\"EMOCIONAL\",\"INTELIGENCIA\",\"Inteligencia Emocional\",\"Ni\u00f1os\",\"VIDA REAL\"],\"articleSection\":[\"Entrevistas\",\"Las m\u00e1s vistas\",\"Noticias\"],\"inLanguage\":\"es\",\"potentialAction\":[{\"@type\":\"CommentAction\",\"name\":\"Comment\",\"target\":[\"https:\\\/\\\/webdelmaestrocmf.com\\\/portal\\\/daniel-goleman-los-ninos-aprenden-la-inteligencia-emocional-en-la-vida-real\\\/#respond\"]}]},{\"@type\":\"WebPage\",\"@id\":\"https:\\\/\\\/webdelmaestrocmf.com\\\/portal\\\/daniel-goleman-los-ninos-aprenden-la-inteligencia-emocional-en-la-vida-real\\\/\",\"url\":\"https:\\\/\\\/webdelmaestrocmf.com\\\/portal\\\/daniel-goleman-los-ninos-aprenden-la-inteligencia-emocional-en-la-vida-real\\\/\",\"name\":\"Daniel Goleman: Los ni\u00f1os aprenden la inteligencia emocional en la vida real\",\"isPartOf\":{\"@id\":\"https:\\\/\\\/webdelmaestrocmf.com\\\/portal\\\/#website\"},\"primaryImageOfPage\":{\"@id\":\"https:\\\/\\\/webdelmaestrocmf.com\\\/portal\\\/daniel-goleman-los-ninos-aprenden-la-inteligencia-emocional-en-la-vida-real\\\/#primaryimage\"},\"image\":{\"@id\":\"https:\\\/\\\/webdelmaestrocmf.com\\\/portal\\\/daniel-goleman-los-ninos-aprenden-la-inteligencia-emocional-en-la-vida-real\\\/#primaryimage\"},\"thumbnailUrl\":\"https:\\\/\\\/webdelmaestrocmf.com\\\/portal\\\/wp-content\\\/uploads\\\/2018\\\/03\\\/1-25.jpg\",\"datePublished\":\"2018-12-29T03:12:37+00:00\",\"dateModified\":\"2023-10-19T04:14:30+00:00\",\"description\":\"Para que sean seres emocionalmente inteligentes. Los ni\u00f1os aprenden la inteligencia emocional en la vida real, especialmente cuando...\",\"breadcrumb\":{\"@id\":\"https:\\\/\\\/webdelmaestrocmf.com\\\/portal\\\/daniel-goleman-los-ninos-aprenden-la-inteligencia-emocional-en-la-vida-real\\\/#breadcrumb\"},\"inLanguage\":\"es\",\"potentialAction\":[{\"@type\":\"ReadAction\",\"target\":[\"https:\\\/\\\/webdelmaestrocmf.com\\\/portal\\\/daniel-goleman-los-ninos-aprenden-la-inteligencia-emocional-en-la-vida-real\\\/\"]}]},{\"@type\":\"ImageObject\",\"inLanguage\":\"es\",\"@id\":\"https:\\\/\\\/webdelmaestrocmf.com\\\/portal\\\/daniel-goleman-los-ninos-aprenden-la-inteligencia-emocional-en-la-vida-real\\\/#primaryimage\",\"url\":\"https:\\\/\\\/webdelmaestrocmf.com\\\/portal\\\/wp-content\\\/uploads\\\/2018\\\/03\\\/1-25.jpg\",\"contentUrl\":\"https:\\\/\\\/webdelmaestrocmf.com\\\/portal\\\/wp-content\\\/uploads\\\/2018\\\/03\\\/1-25.jpg\",\"width\":900,\"height\":600},{\"@type\":\"BreadcrumbList\",\"@id\":\"https:\\\/\\\/webdelmaestrocmf.com\\\/portal\\\/daniel-goleman-los-ninos-aprenden-la-inteligencia-emocional-en-la-vida-real\\\/#breadcrumb\",\"itemListElement\":[{\"@type\":\"ListItem\",\"position\":1,\"name\":\"Portada\",\"item\":\"https:\\\/\\\/webdelmaestrocmf.com\\\/portal\\\/\"},{\"@type\":\"ListItem\",\"position\":2,\"name\":\"Noticias\",\"item\":\"https:\\\/\\\/webdelmaestrocmf.com\\\/portal\\\/category\\\/noticias\\\/\"},{\"@type\":\"ListItem\",\"position\":3,\"name\":\"Daniel Goleman: Los ni\u00f1os aprenden la inteligencia emocional en la vida real\"}]},{\"@type\":\"WebSite\",\"@id\":\"https:\\\/\\\/webdelmaestrocmf.com\\\/portal\\\/#website\",\"url\":\"https:\\\/\\\/webdelmaestrocmf.com\\\/portal\\\/\",\"name\":\"Web del Maestro CMF\",\"description\":\"Maestros al servicio de la educaci\u00f3n\",\"publisher\":{\"@id\":\"https:\\\/\\\/webdelmaestrocmf.com\\\/portal\\\/#organization\"},\"alternateName\":\"WMCMF\",\"potentialAction\":[{\"@type\":\"SearchAction\",\"target\":{\"@type\":\"EntryPoint\",\"urlTemplate\":\"https:\\\/\\\/webdelmaestrocmf.com\\\/portal\\\/?s={search_term_string}\"},\"query-input\":{\"@type\":\"PropertyValueSpecification\",\"valueRequired\":true,\"valueName\":\"search_term_string\"}}],\"inLanguage\":\"es\"},{\"@type\":\"Organization\",\"@id\":\"https:\\\/\\\/webdelmaestrocmf.com\\\/portal\\\/#organization\",\"name\":\"Web del Maestro CMF\",\"alternateName\":\"WMCMF\",\"url\":\"https:\\\/\\\/webdelmaestrocmf.com\\\/portal\\\/\",\"logo\":{\"@type\":\"ImageObject\",\"inLanguage\":\"es\",\"@id\":\"https:\\\/\\\/webdelmaestrocmf.com\\\/portal\\\/#\\\/schema\\\/logo\\\/image\\\/\",\"url\":\"https:\\\/\\\/webdelmaestrocmf.com\\\/portal\\\/wp-content\\\/uploads\\\/2023\\\/01\\\/logo-wmcmf-2.png\",\"contentUrl\":\"https:\\\/\\\/webdelmaestrocmf.com\\\/portal\\\/wp-content\\\/uploads\\\/2023\\\/01\\\/logo-wmcmf-2.png\",\"width\":200,\"height\":60,\"caption\":\"Web del Maestro CMF\"},\"image\":{\"@id\":\"https:\\\/\\\/webdelmaestrocmf.com\\\/portal\\\/#\\\/schema\\\/logo\\\/image\\\/\"},\"sameAs\":[\"https:\\\/\\\/www.facebook.com\\\/WebdelMaestroCMF\\\/\",\"https:\\\/\\\/x.com\\\/cmf_w\",\"https:\\\/\\\/www.pinterest.com\\\/WMCMF\\\/\",\"https:\\\/\\\/www.linkedin.com\\\/company\\\/web-del-maestro-cmf\\\/\",\"https:\\\/\\\/www.instagram.com\\\/wmcmf\\\/\",\"https:\\\/\\\/www.youtube.com\\\/channel\\\/UCDPSvjbdodE5sHnC3OxutHw\",\"https:\\\/\\\/mastodon.social\\\/@wmcmf\",\"https:\\\/\\\/www.tiktok.com\\\/@webdelmaestrocmf\"]},{\"@type\":\"Person\",\"@id\":\"https:\\\/\\\/webdelmaestrocmf.com\\\/portal\\\/#\\\/schema\\\/person\\\/1072a2ed7bd960df8ef99a551fa35dc5\",\"name\":\"Web del Maestro CMF\",\"image\":{\"@type\":\"ImageObject\",\"inLanguage\":\"es\",\"@id\":\"https:\\\/\\\/secure.gravatar.com\\\/avatar\\\/23291dd5b5ae1077dcff3dbb04c3e02bd28403fa75af6d8787d5e97c5bbbe30b?s=96&d=mm&r=g\",\"url\":\"https:\\\/\\\/secure.gravatar.com\\\/avatar\\\/23291dd5b5ae1077dcff3dbb04c3e02bd28403fa75af6d8787d5e97c5bbbe30b?s=96&d=mm&r=g\",\"contentUrl\":\"https:\\\/\\\/secure.gravatar.com\\\/avatar\\\/23291dd5b5ae1077dcff3dbb04c3e02bd28403fa75af6d8787d5e97c5bbbe30b?s=96&d=mm&r=g\",\"caption\":\"Web del Maestro CMF\"},\"description\":\"Esta Web se cre\u00f3 sin fines de lucro, con fines educativos, cient\u00edficos y acad\u00e9micos, para personas que tengan dificultades y\\\/o inconvenientes en visualizar el material original. El objetivo es entregar recursos, compartir experiencias y materiales que ayuden a los padres de familia, maestros y estudiantes en su actualizaci\u00f3n y formaci\u00f3n permanente, en bien de la Educaci\u00f3n.\",\"sameAs\":[\"http:\\\/\\\/webdelmaestrocmf.com\\\/portal\",\"https:\\\/\\\/www.facebook.com\\\/WebdelMaestroCMF\\\/\",\"https:\\\/\\\/www.instagram.com\\\/wmcmf\\\/\",\"https:\\\/\\\/cl.linkedin.com\\\/company\\\/web-del-maestro-cmf\",\"https:\\\/\\\/www.pinterest.com\\\/WMCMF\\\/publicaciones\\\/\",\"https:\\\/\\\/x.com\\\/cmf_w\",\"https:\\\/\\\/www.youtube.com\\\/@WMCMF\"]}]}<\/script>\n<!-- \/ Yoast SEO plugin. -->","yoast_head_json":{"title":"Daniel Goleman: Los ni\u00f1os aprenden la inteligencia emocional en la vida real","description":"Para que sean seres emocionalmente inteligentes. Los ni\u00f1os aprenden la inteligencia emocional en la vida real, especialmente cuando...","robots":{"index":"index","follow":"follow","max-snippet":"max-snippet:-1","max-image-preview":"max-image-preview:large","max-video-preview":"max-video-preview:-1"},"canonical":"https:\/\/webdelmaestrocmf.com\/portal\/daniel-goleman-los-ninos-aprenden-la-inteligencia-emocional-en-la-vida-real\/","og_locale":"es_ES","og_type":"article","og_title":"Daniel Goleman: Los ni\u00f1os aprenden la inteligencia emocional en la vida real","og_description":"Para que sean seres emocionalmente inteligentes. Los ni\u00f1os aprenden la inteligencia emocional en la vida real, especialmente cuando...","og_url":"https:\/\/webdelmaestrocmf.com\/portal\/daniel-goleman-los-ninos-aprenden-la-inteligencia-emocional-en-la-vida-real\/","og_site_name":"Web del Maestro CMF","article_publisher":"https:\/\/www.facebook.com\/WebdelMaestroCMF\/","article_author":"https:\/\/www.facebook.com\/WebdelMaestroCMF\/","article_published_time":"2018-12-29T03:12:37+00:00","article_modified_time":"2023-10-19T04:14:30+00:00","og_image":[{"width":900,"height":600,"url":"https:\/\/webdelmaestrocmf.com\/portal\/wp-content\/uploads\/2018\/03\/1-25.jpg","type":"image\/jpeg"}],"author":"Web del Maestro CMF","twitter_card":"summary_large_image","twitter_creator":"@cmf_w","twitter_site":"@cmf_w","schema":{"@context":"https:\/\/schema.org","@graph":[{"@type":"ScholarlyArticle","@id":"https:\/\/webdelmaestrocmf.com\/portal\/daniel-goleman-los-ninos-aprenden-la-inteligencia-emocional-en-la-vida-real\/#article","isPartOf":{"@id":"https:\/\/webdelmaestrocmf.com\/portal\/daniel-goleman-los-ninos-aprenden-la-inteligencia-emocional-en-la-vida-real\/"},"author":{"name":"Web del Maestro CMF","@id":"https:\/\/webdelmaestrocmf.com\/portal\/#\/schema\/person\/1072a2ed7bd960df8ef99a551fa35dc5"},"headline":"Daniel Goleman: Los ni\u00f1os aprenden la inteligencia emocional en la vida real","datePublished":"2018-12-29T03:12:37+00:00","dateModified":"2023-10-19T04:14:30+00:00","mainEntityOfPage":{"@id":"https:\/\/webdelmaestrocmf.com\/portal\/daniel-goleman-los-ninos-aprenden-la-inteligencia-emocional-en-la-vida-real\/"},"wordCount":1172,"commentCount":1,"publisher":{"@id":"https:\/\/webdelmaestrocmf.com\/portal\/#organization"},"image":{"@id":"https:\/\/webdelmaestrocmf.com\/portal\/daniel-goleman-los-ninos-aprenden-la-inteligencia-emocional-en-la-vida-real\/#primaryimage"},"thumbnailUrl":"https:\/\/webdelmaestrocmf.com\/portal\/wp-content\/uploads\/2018\/03\/1-25.jpg","keywords":["APRENDEN","DANIEL GOLEMAN","EMOCIONAL","INTELIGENCIA","Inteligencia Emocional","Ni\u00f1os","VIDA REAL"],"articleSection":["Entrevistas","Las m\u00e1s vistas","Noticias"],"inLanguage":"es","potentialAction":[{"@type":"CommentAction","name":"Comment","target":["https:\/\/webdelmaestrocmf.com\/portal\/daniel-goleman-los-ninos-aprenden-la-inteligencia-emocional-en-la-vida-real\/#respond"]}]},{"@type":"WebPage","@id":"https:\/\/webdelmaestrocmf.com\/portal\/daniel-goleman-los-ninos-aprenden-la-inteligencia-emocional-en-la-vida-real\/","url":"https:\/\/webdelmaestrocmf.com\/portal\/daniel-goleman-los-ninos-aprenden-la-inteligencia-emocional-en-la-vida-real\/","name":"Daniel Goleman: Los ni\u00f1os aprenden la inteligencia emocional en la vida real","isPartOf":{"@id":"https:\/\/webdelmaestrocmf.com\/portal\/#website"},"primaryImageOfPage":{"@id":"https:\/\/webdelmaestrocmf.com\/portal\/daniel-goleman-los-ninos-aprenden-la-inteligencia-emocional-en-la-vida-real\/#primaryimage"},"image":{"@id":"https:\/\/webdelmaestrocmf.com\/portal\/daniel-goleman-los-ninos-aprenden-la-inteligencia-emocional-en-la-vida-real\/#primaryimage"},"thumbnailUrl":"https:\/\/webdelmaestrocmf.com\/portal\/wp-content\/uploads\/2018\/03\/1-25.jpg","datePublished":"2018-12-29T03:12:37+00:00","dateModified":"2023-10-19T04:14:30+00:00","description":"Para que sean seres emocionalmente inteligentes. Los ni\u00f1os aprenden la inteligencia emocional en la vida real, especialmente cuando...","breadcrumb":{"@id":"https:\/\/webdelmaestrocmf.com\/portal\/daniel-goleman-los-ninos-aprenden-la-inteligencia-emocional-en-la-vida-real\/#breadcrumb"},"inLanguage":"es","potentialAction":[{"@type":"ReadAction","target":["https:\/\/webdelmaestrocmf.com\/portal\/daniel-goleman-los-ninos-aprenden-la-inteligencia-emocional-en-la-vida-real\/"]}]},{"@type":"ImageObject","inLanguage":"es","@id":"https:\/\/webdelmaestrocmf.com\/portal\/daniel-goleman-los-ninos-aprenden-la-inteligencia-emocional-en-la-vida-real\/#primaryimage","url":"https:\/\/webdelmaestrocmf.com\/portal\/wp-content\/uploads\/2018\/03\/1-25.jpg","contentUrl":"https:\/\/webdelmaestrocmf.com\/portal\/wp-content\/uploads\/2018\/03\/1-25.jpg","width":900,"height":600},{"@type":"BreadcrumbList","@id":"https:\/\/webdelmaestrocmf.com\/portal\/daniel-goleman-los-ninos-aprenden-la-inteligencia-emocional-en-la-vida-real\/#breadcrumb","itemListElement":[{"@type":"ListItem","position":1,"name":"Portada","item":"https:\/\/webdelmaestrocmf.com\/portal\/"},{"@type":"ListItem","position":2,"name":"Noticias","item":"https:\/\/webdelmaestrocmf.com\/portal\/category\/noticias\/"},{"@type":"ListItem","position":3,"name":"Daniel Goleman: Los ni\u00f1os aprenden la inteligencia emocional en la vida real"}]},{"@type":"WebSite","@id":"https:\/\/webdelmaestrocmf.com\/portal\/#website","url":"https:\/\/webdelmaestrocmf.com\/portal\/","name":"Web del Maestro CMF","description":"Maestros al servicio de la educaci\u00f3n","publisher":{"@id":"https:\/\/webdelmaestrocmf.com\/portal\/#organization"},"alternateName":"WMCMF","potentialAction":[{"@type":"SearchAction","target":{"@type":"EntryPoint","urlTemplate":"https:\/\/webdelmaestrocmf.com\/portal\/?s={search_term_string}"},"query-input":{"@type":"PropertyValueSpecification","valueRequired":true,"valueName":"search_term_string"}}],"inLanguage":"es"},{"@type":"Organization","@id":"https:\/\/webdelmaestrocmf.com\/portal\/#organization","name":"Web del Maestro CMF","alternateName":"WMCMF","url":"https:\/\/webdelmaestrocmf.com\/portal\/","logo":{"@type":"ImageObject","inLanguage":"es","@id":"https:\/\/webdelmaestrocmf.com\/portal\/#\/schema\/logo\/image\/","url":"https:\/\/webdelmaestrocmf.com\/portal\/wp-content\/uploads\/2023\/01\/logo-wmcmf-2.png","contentUrl":"https:\/\/webdelmaestrocmf.com\/portal\/wp-content\/uploads\/2023\/01\/logo-wmcmf-2.png","width":200,"height":60,"caption":"Web del Maestro CMF"},"image":{"@id":"https:\/\/webdelmaestrocmf.com\/portal\/#\/schema\/logo\/image\/"},"sameAs":["https:\/\/www.facebook.com\/WebdelMaestroCMF\/","https:\/\/x.com\/cmf_w","https:\/\/www.pinterest.com\/WMCMF\/","https:\/\/www.linkedin.com\/company\/web-del-maestro-cmf\/","https:\/\/www.instagram.com\/wmcmf\/","https:\/\/www.youtube.com\/channel\/UCDPSvjbdodE5sHnC3OxutHw","https:\/\/mastodon.social\/@wmcmf","https:\/\/www.tiktok.com\/@webdelmaestrocmf"]},{"@type":"Person","@id":"https:\/\/webdelmaestrocmf.com\/portal\/#\/schema\/person\/1072a2ed7bd960df8ef99a551fa35dc5","name":"Web del Maestro CMF","image":{"@type":"ImageObject","inLanguage":"es","@id":"https:\/\/secure.gravatar.com\/avatar\/23291dd5b5ae1077dcff3dbb04c3e02bd28403fa75af6d8787d5e97c5bbbe30b?s=96&d=mm&r=g","url":"https:\/\/secure.gravatar.com\/avatar\/23291dd5b5ae1077dcff3dbb04c3e02bd28403fa75af6d8787d5e97c5bbbe30b?s=96&d=mm&r=g","contentUrl":"https:\/\/secure.gravatar.com\/avatar\/23291dd5b5ae1077dcff3dbb04c3e02bd28403fa75af6d8787d5e97c5bbbe30b?s=96&d=mm&r=g","caption":"Web del Maestro CMF"},"description":"Esta Web se cre\u00f3 sin fines de lucro, con fines educativos, cient\u00edficos y acad\u00e9micos, para personas que tengan dificultades y\/o inconvenientes en visualizar el material original. El objetivo es entregar recursos, compartir experiencias y materiales que ayuden a los padres de familia, maestros y estudiantes en su actualizaci\u00f3n y formaci\u00f3n permanente, en bien de la Educaci\u00f3n.","sameAs":["http:\/\/webdelmaestrocmf.com\/portal","https:\/\/www.facebook.com\/WebdelMaestroCMF\/","https:\/\/www.instagram.com\/wmcmf\/","https:\/\/cl.linkedin.com\/company\/web-del-maestro-cmf","https:\/\/www.pinterest.com\/WMCMF\/publicaciones\/","https:\/\/x.com\/cmf_w","https:\/\/www.youtube.com\/@WMCMF"]}]}},"jetpack_featured_media_url":"https:\/\/webdelmaestrocmf.com\/portal\/wp-content\/uploads\/2018\/03\/1-25.jpg","jetpack_sharing_enabled":true,"jetpack-related-posts":[{"id":42381,"url":"https:\/\/webdelmaestrocmf.com\/portal\/el-aprendizaje-social-y-emocional-que-es-la-nueva-imagen-de-la-inteligencia-emocional\/","url_meta":{"origin":10445,"position":0},"title":"Daniel Goleman: El aprendizaje social y emocional, es la nueva imagen de la inteligencia emocional","author":"Web del Maestro CMF","date":"22 junio, 2021","format":"video","excerpt":"Daniel Goleman (Stockton, USA, 1946) es un psic\u00f3logo, periodista y escritor estadounidense, hijo de Fay Goleman, profesora de sociolog\u00eda en la Universidad del Pac\u00edfico e Irving Goleman, profesor de humanidades en el Stockton College. \u201cEstudi\u00f3 en la India utilizando una beca predoctoral de Harvard y una beca postdoctoral del Consejo\u2026","rel":"","context":"En \u00abCharlas\u00bb","block_context":{"text":"Charlas","link":"https:\/\/webdelmaestrocmf.com\/portal\/category\/charlas\/"},"img":{"alt_text":"Daniel Goleman","src":"https:\/\/i0.wp.com\/webdelmaestrocmf.com\/portal\/wp-content\/uploads\/2019\/12\/1-copia-16.jpg?resize=350%2C200&ssl=1","width":350,"height":200,"srcset":"https:\/\/i0.wp.com\/webdelmaestrocmf.com\/portal\/wp-content\/uploads\/2019\/12\/1-copia-16.jpg?resize=350%2C200&ssl=1 1x, https:\/\/i0.wp.com\/webdelmaestrocmf.com\/portal\/wp-content\/uploads\/2019\/12\/1-copia-16.jpg?resize=525%2C300&ssl=1 1.5x, https:\/\/i0.wp.com\/webdelmaestrocmf.com\/portal\/wp-content\/uploads\/2019\/12\/1-copia-16.jpg?resize=700%2C400&ssl=1 2x, https:\/\/i0.wp.com\/webdelmaestrocmf.com\/portal\/wp-content\/uploads\/2019\/12\/1-copia-16.jpg?resize=1050%2C600&ssl=1 3x"},"classes":[]},{"id":20697,"url":"https:\/\/webdelmaestrocmf.com\/portal\/libro-completo-la-inteligencia-emocional-daniel-goleman\/","url_meta":{"origin":10445,"position":1},"title":"Daniel Goleman: La inteligencia emocional","author":"Web del Maestro CMF","date":"18 mayo, 2019","format":false,"excerpt":"Inteligencia emocional \u2013 Daniel Goleman, excelente libro de este autor en donde explora una interesante idea y es que muchas personas piensa que nuestro destino y nuestro \u00e9xito est\u00e1 destinado en el coeficiente intelectual, y a pesar de que esto no es del todo falso olvida la importancia que tiene\u2026","rel":"","context":"En \u00abLas m\u00e1s vistas\u00bb","block_context":{"text":"Las m\u00e1s vistas","link":"https:\/\/webdelmaestrocmf.com\/portal\/category\/pedagogia\/visitadas\/"},"img":{"alt_text":"","src":"https:\/\/i0.wp.com\/webdelmaestrocmf.com\/portal\/wp-content\/uploads\/2019\/05\/Banner-1-portada-imagen-10-19.jpg?resize=350%2C200&ssl=1","width":350,"height":200,"srcset":"https:\/\/i0.wp.com\/webdelmaestrocmf.com\/portal\/wp-content\/uploads\/2019\/05\/Banner-1-portada-imagen-10-19.jpg?resize=350%2C200&ssl=1 1x, https:\/\/i0.wp.com\/webdelmaestrocmf.com\/portal\/wp-content\/uploads\/2019\/05\/Banner-1-portada-imagen-10-19.jpg?resize=525%2C300&ssl=1 1.5x, https:\/\/i0.wp.com\/webdelmaestrocmf.com\/portal\/wp-content\/uploads\/2019\/05\/Banner-1-portada-imagen-10-19.jpg?resize=700%2C400&ssl=1 2x"},"classes":[]},{"id":55904,"url":"https:\/\/webdelmaestrocmf.com\/portal\/daniel-goleman-una-forma-de-saber-que-no-eres-muy-resiliente-es-si-te-despiertas-preocupado\/","url_meta":{"origin":10445,"position":2},"title":"Daniel Goleman: Una forma de saber que no eres muy resiliente es si te despiertas preocupado","author":"Web del Maestro CMF","date":"14 diciembre, 2020","format":false,"excerpt":"El concepto de inteligencia emocional aparece en la literatura gracias a los psic\u00f3logos americanos Peter Salovey y John Mayer en el a\u00f1o 1990, pero fue Daniel Goleman (Stockton, California, USA, 1946) quien con la publicaci\u00f3n de su obra (best-seller) internacional Inteligencia Emocional (1995), hizo famoso el concepto en muchos campos\u2026","rel":"","context":"En \u00abEntrevistas\u00bb","block_context":{"text":"Entrevistas","link":"https:\/\/webdelmaestrocmf.com\/portal\/category\/noticias\/entrevistas\/"},"img":{"alt_text":"","src":"https:\/\/i0.wp.com\/webdelmaestrocmf.com\/portal\/wp-content\/uploads\/2020\/12\/2-copia-1.jpg?resize=350%2C200&ssl=1","width":350,"height":200,"srcset":"https:\/\/i0.wp.com\/webdelmaestrocmf.com\/portal\/wp-content\/uploads\/2020\/12\/2-copia-1.jpg?resize=350%2C200&ssl=1 1x, https:\/\/i0.wp.com\/webdelmaestrocmf.com\/portal\/wp-content\/uploads\/2020\/12\/2-copia-1.jpg?resize=525%2C300&ssl=1 1.5x, https:\/\/i0.wp.com\/webdelmaestrocmf.com\/portal\/wp-content\/uploads\/2020\/12\/2-copia-1.jpg?resize=700%2C400&ssl=1 2x, https:\/\/i0.wp.com\/webdelmaestrocmf.com\/portal\/wp-content\/uploads\/2020\/12\/2-copia-1.jpg?resize=1050%2C600&ssl=1 3x"},"classes":[]},{"id":40040,"url":"https:\/\/webdelmaestrocmf.com\/portal\/resumen-del-libro-la-practica-de-la-inteligencia-emocional-daniel-goleman\/","url_meta":{"origin":10445,"position":3},"title":"Resumen del libro \u00abLa pr\u00e1ctica de la inteligencia emocional\u00bb &#8211; Daniel Goleman","author":"Web del Maestro CMF","date":"6 septiembre, 2019","format":false,"excerpt":"Goleman\u00a0es uno de los psic\u00f3logos m\u00e1s famosos de los \u00faltimos a\u00f1os, debido al best-seller internacional de su libro:\u00a0Inteligencia Emocional (1995). A pesar de que el concepto de inteligencia emocional aparece en la literatura gracias a los psic\u00f3logos americanos Peter Salovey y John Mayer en el a\u00f1o 1990, fue Goleman quien,\u2026","rel":"","context":"En \u00abLibros\u00bb","block_context":{"text":"Libros","link":"https:\/\/webdelmaestrocmf.com\/portal\/category\/pedagogia\/libros\/"},"img":{"alt_text":"","src":"https:\/\/i0.wp.com\/webdelmaestrocmf.com\/portal\/wp-content\/uploads\/2019\/09\/1-17.jpg?resize=350%2C200&ssl=1","width":350,"height":200,"srcset":"https:\/\/i0.wp.com\/webdelmaestrocmf.com\/portal\/wp-content\/uploads\/2019\/09\/1-17.jpg?resize=350%2C200&ssl=1 1x, https:\/\/i0.wp.com\/webdelmaestrocmf.com\/portal\/wp-content\/uploads\/2019\/09\/1-17.jpg?resize=525%2C300&ssl=1 1.5x, https:\/\/i0.wp.com\/webdelmaestrocmf.com\/portal\/wp-content\/uploads\/2019\/09\/1-17.jpg?resize=700%2C400&ssl=1 2x, https:\/\/i0.wp.com\/webdelmaestrocmf.com\/portal\/wp-content\/uploads\/2019\/09\/1-17.jpg?resize=1050%2C600&ssl=1 3x"},"classes":[]},{"id":63748,"url":"https:\/\/webdelmaestrocmf.com\/portal\/libro-de-daniel-goleman-la-inteligencia-emocional-y-libro-de-robert-swartz-el-aprendizaje-basado-en-el-pensamiento\/","url_meta":{"origin":10445,"position":4},"title":"Resumen de los libros de Daniel Goleman y de Robert Swartz","author":"Web del Maestro CMF","date":"6 agosto, 2024","format":false,"excerpt":"La inteligencia emocional explica por qu\u00e9 el \u00e9xito no depende solo del coeficiente intelectual, destacando habilidades como autocontrol, empat\u00eda y motivaci\u00f3n, fundamentales para el desarrollo personal, social y profesional.","rel":"","context":"En \u00abLibros\u00bb","block_context":{"text":"Libros","link":"https:\/\/webdelmaestrocmf.com\/portal\/category\/pedagogia\/libros\/"},"img":{"alt_text":"","src":"https:\/\/i0.wp.com\/webdelmaestrocmf.com\/portal\/wp-content\/uploads\/2021\/06\/Banner-1-portada-imagen-10-1-1.png?resize=350%2C200&ssl=1","width":350,"height":200,"srcset":"https:\/\/i0.wp.com\/webdelmaestrocmf.com\/portal\/wp-content\/uploads\/2021\/06\/Banner-1-portada-imagen-10-1-1.png?resize=350%2C200&ssl=1 1x, https:\/\/i0.wp.com\/webdelmaestrocmf.com\/portal\/wp-content\/uploads\/2021\/06\/Banner-1-portada-imagen-10-1-1.png?resize=525%2C300&ssl=1 1.5x, https:\/\/i0.wp.com\/webdelmaestrocmf.com\/portal\/wp-content\/uploads\/2021\/06\/Banner-1-portada-imagen-10-1-1.png?resize=700%2C400&ssl=1 2x"},"classes":[]},{"id":51435,"url":"https:\/\/webdelmaestrocmf.com\/portal\/daniel-goleman-las-redes-sociales-no-han-ayudado-mucho-se-ve-ahi-mucha-desinformacion-pero-tambien-emociones-desbordadas-textos-irreflexivos-que-solo-aumentan-el-temor-y-la-ansiedad\/","url_meta":{"origin":10445,"position":5},"title":"Daniel Goleman: Las redes sociales no han ayudado mucho. Se ve ah\u00ed mucha desinformaci\u00f3n, pero tambi\u00e9n emociones desbordadas, textos irreflexivos, que solo aumentan el temor y la ansiedad","author":"Web del Maestro CMF","date":"14 septiembre, 2020","format":false,"excerpt":"Poco antes de contestar el tel\u00e9fono en su casa, cerca de Nueva York, para esta entrevista, Daniel Goleman les hab\u00eda estado leyendo a sus nietos, de 3 y 5 a\u00f1os, un libro de Dr. Seuss, el c\u00e9lebre creador de la serie ilustrada \u2018The Cat in the Hat\u2019. Leer cuentos es\u2026","rel":"","context":"En \u00abEntrevistas\u00bb","block_context":{"text":"Entrevistas","link":"https:\/\/webdelmaestrocmf.com\/portal\/category\/noticias\/entrevistas\/"},"img":{"alt_text":"","src":"https:\/\/i0.wp.com\/webdelmaestrocmf.com\/portal\/wp-content\/uploads\/2020\/09\/2-copia-2.jpg?resize=350%2C200&ssl=1","width":350,"height":200,"srcset":"https:\/\/i0.wp.com\/webdelmaestrocmf.com\/portal\/wp-content\/uploads\/2020\/09\/2-copia-2.jpg?resize=350%2C200&ssl=1 1x, https:\/\/i0.wp.com\/webdelmaestrocmf.com\/portal\/wp-content\/uploads\/2020\/09\/2-copia-2.jpg?resize=525%2C300&ssl=1 1.5x, https:\/\/i0.wp.com\/webdelmaestrocmf.com\/portal\/wp-content\/uploads\/2020\/09\/2-copia-2.jpg?resize=700%2C400&ssl=1 2x, https:\/\/i0.wp.com\/webdelmaestrocmf.com\/portal\/wp-content\/uploads\/2020\/09\/2-copia-2.jpg?resize=1050%2C600&ssl=1 3x"},"classes":[]}],"_links":{"self":[{"href":"https:\/\/webdelmaestrocmf.com\/portal\/wp-json\/wp\/v2\/posts\/10445","targetHints":{"allow":["GET"]}}],"collection":[{"href":"https:\/\/webdelmaestrocmf.com\/portal\/wp-json\/wp\/v2\/posts"}],"about":[{"href":"https:\/\/webdelmaestrocmf.com\/portal\/wp-json\/wp\/v2\/types\/post"}],"author":[{"embeddable":true,"href":"https:\/\/webdelmaestrocmf.com\/portal\/wp-json\/wp\/v2\/users\/1"}],"replies":[{"embeddable":true,"href":"https:\/\/webdelmaestrocmf.com\/portal\/wp-json\/wp\/v2\/comments?post=10445"}],"version-history":[{"count":0,"href":"https:\/\/webdelmaestrocmf.com\/portal\/wp-json\/wp\/v2\/posts\/10445\/revisions"}],"wp:featuredmedia":[{"embeddable":true,"href":"https:\/\/webdelmaestrocmf.com\/portal\/wp-json\/wp\/v2\/media\/29430"}],"wp:attachment":[{"href":"https:\/\/webdelmaestrocmf.com\/portal\/wp-json\/wp\/v2\/media?parent=10445"}],"wp:term":[{"taxonomy":"category","embeddable":true,"href":"https:\/\/webdelmaestrocmf.com\/portal\/wp-json\/wp\/v2\/categories?post=10445"},{"taxonomy":"post_tag","embeddable":true,"href":"https:\/\/webdelmaestrocmf.com\/portal\/wp-json\/wp\/v2\/tags?post=10445"}],"curies":[{"name":"wp","href":"https:\/\/api.w.org\/{rel}","templated":true}]}}