{"id":10435,"date":"2018-07-30T13:16:50","date_gmt":"2018-07-30T17:16:50","guid":{"rendered":"http:\/\/webdelmaestrocmf.com\/inicio\/?p=10435"},"modified":"2022-06-26T16:45:34","modified_gmt":"2022-06-26T20:45:34","slug":"el-cancer-de-nuestra-educacion","status":"publish","type":"post","link":"https:\/\/webdelmaestrocmf.com\/portal\/el-cancer-de-nuestra-educacion\/","title":{"rendered":"[Mat\u00edas M\u00e9ndez P\u00e9rez] El c\u00e1ncer de nuestra educaci\u00f3n"},"content":{"rendered":"<h5 style=\"text-align: justify;\">El pasado martes visit\u00f3 mi colegio <strong>D. Carlos Blanco<\/strong>, el afamado egipt\u00f3logo que apareci\u00f3 en su d\u00eda en \u201cCr\u00f3nicas Marcianas\u201d.<\/h5>\n<h5 style=\"text-align: justify;\">Empez\u00f3 la universidad con 15 a\u00f1os, <strong>Doctor en Filosof\u00eda y Doctor en Teolog\u00eda por Harvard<\/strong>. Con <strong>30 a\u00f1os ha publicado 16 libros<\/strong>. Es el miembro m\u00e1s joven del mundo de la <strong>World Academy of Art and Science\u00a0(WAAS)<\/strong><\/h5>\n<p><!--more--><\/p>\n<h5 style=\"text-align: justify;\">Al terminar la conferencia escuch\u00e9 comentarios de padres, profesores y alumnos admirados por la sabidur\u00eda de Carlos. Pero como me tem\u00eda escuch\u00e9 alguna cr\u00edtica de profesores, gracias a Dios no todos de mi colegio\u2026<\/h5>\n<p style=\"text-align: justify;\">Y pens\u00e9: \u00bfsi los que ense\u00f1an critican a los <strong>oasis intelectuales<\/strong> de nuestro pa\u00eds, qu\u00e9 ser\u00e1 de nuestros alumnos?<\/p>\n<p style=\"text-align: justify;\">Hoy d\u00eda <strong>se habla m\u00e1s de educaci\u00f3n que de f\u00fatbol<\/strong>. Ana Rosa Quintana, Jordi \u00c9vole, \u00cdker Jim\u00e9nez, Mercedes Mil\u00e1\u2026 Todos opinan y saben. Esperamos con expectaci\u00f3n que hable el foro de S\u00e1lvame Deluxe sobre nuestro sistema educativo.<\/p>\n<p style=\"text-align: justify;\">Todos tendremos responsabilidad, pero los <strong>padres son hijos de su historia, los alumnos \u201chijos espirituales\u201d de sus maestros y los maestros son hijos de su ignorancia<\/strong>.<\/p>\n<p style=\"text-align: justify;\">Los principales responsables somos nosotros y hay una vulgaridad entre el profesorado abrumadora, claro que hay excepciones. Quiero referirme hoy al <strong>cuerpo de maestros de la Etapa de Primaria<\/strong>.<\/p>\n<p style=\"text-align: justify;\"><strong>Los de Infantil son vocacionales, los de Secundaria supervivientes, universitarios de la p\u00fablica afortunados, de la privada mal pagadas pero en Primaria\u2026<\/strong> hay una amalgama de circunstancias que puede facilitar la llegada de profesores por un \u201cmal menor\u201d, por \u201ccarrera comod\u00edn\u201d, etc.<\/p>\n<p style=\"text-align: justify;\">Sin llegar a Finlandia, donde ingresan a la carrera de Magisterio quien tiene una media superior a 9 en el preuniversitario, los docentes debemos tener una cultura m\u00ednima, no podemos ense\u00f1ar si no sabemos, porque <strong>para leer de un libro podemos \u201ctirar\u201d de cualquier ciudadano.<\/strong><\/p>\n<p><strong>Examen de ingreso al Cuerpo de Maestros Primaria:<\/strong><\/p>\n<ol>\n<li>Indica 20 fechas importantes de la Historia de la Humanidad.<\/li>\n<li>Diferencias entre Teor\u00eda de la Relatividad y Mec\u00e1nica Cu\u00e1ntica.<\/li>\n<li>Enumera 5 presidentes republicanos y 5 presidentes dem\u00f3cratas de los EEUU.<\/li>\n<li>Cita 5 de los principales museos del mundo.<\/li>\n<li>Saber 120 capitales del mundo (2\/3 aprox. del total).<\/li>\n<li>Dominar el alfabeto griego.<\/li>\n<li>Saber el significado de etiolog\u00eda, melifluo e inefable.<\/li>\n<li>\u00bfQui\u00e9nes son los 7 Premios Nobel de Espa\u00f1a? (Vargas Llosa no lo es, sorry Preysler).<\/li>\n<li>\u00bfTodos los n\u00fameros primos son impares?<\/li>\n<li>\u00bfEducar y ense\u00f1ar es lo mismo?<\/li>\n<li>Contexto y teor\u00eda de 5 grandes fil\u00f3sofos.<\/li>\n<li>Sit\u00faa 3 de las grandes civilizaciones de la historia.<\/li>\n<li>Diferencia entre liberalismo y socialismo.<\/li>\n<li>T\u00edtulo y argumento de 10 grandes obras literarias universales.<\/li>\n<li>Se\u00f1ale los 3 \u00faltimos cursos de formaci\u00f3n a los que has asistido.<\/li>\n<\/ol>\n<table border=\"0\" width=\"100%\" cellspacing=\"10\" cellpadding=\"10\">\n<tbody>\n<tr>\n<td><img loading=\"lazy\" decoding=\"async\" class=\"wp-image-25772 aligncenter\" src=\"http:\/\/webdelmaestrocmf.com\/portal\/wp-content\/uploads\/2018\/01\/Mat\u00edas-m\u00e9ndez.jpg\" alt=\"\" width=\"200\" height=\"200\" srcset=\"https:\/\/webdelmaestrocmf.com\/portal\/wp-content\/uploads\/2018\/01\/Mat\u00edas-m\u00e9ndez.jpg 200w, https:\/\/webdelmaestrocmf.com\/portal\/wp-content\/uploads\/2018\/01\/Mat\u00edas-m\u00e9ndez-150x150.jpg 150w, https:\/\/webdelmaestrocmf.com\/portal\/wp-content\/uploads\/2018\/01\/Mat\u00edas-m\u00e9ndez-144x144.jpg 144w\" sizes=\"auto, (max-width: 200px) 100vw, 200px\" \/><\/p>\n<p style=\"text-align: center;\"><strong><br \/>\nAutor: Mat\u00edas M\u00e9ndez<br \/>\n<\/strong><strong>Localidad: <\/strong>Madrid, Espa\u00f1a.<br \/>\n<strong>Experiencia Acad\u00e9mica: <\/strong>Licenciado en Filolog\u00eda Hisp\u00e1nica\u00a0(Universidad de Valencia y Murcia).\u00a0Grado\u00a0en\u00a0Filosof\u00eda (Universidad de Navarra).<br \/>\nDoctorando\u00a0en\u00a0Periodismo\u00a0(Universidad Complutense de Madrid).<br \/>\nM\u00e1ster en\u00a0Direcci\u00f3n de Comunicaci\u00f3n\u00a0(Fundaci\u00f3n Coso-Universidad de Villanueva) y\u00a0Recursos Humanos (EFEM).<br \/>\n<strong>Emial: <a href=\"mailto:mendezperez.matias@gmail.com\">mendezperez.matias@gmail.com<\/a><\/strong><\/p>\n<\/td>\n<\/tr>\n<\/tbody>\n<\/table>\n\t\t<div class=\"pk-inline-posts\">\n\t\t\t\n\t\t\t<div class=\"pk-inline-posts-container pk-inline-posts-template-list\"\n\t\t\t\tdata-columns=\"1\">\n\t\t\t\t\t\t<article id=\"post-44134\" class=\"post-44134 post type-post status-publish format-standard has-post-thumbnail category-colaborador category-z-colaboradores-matias-medez tag-educacion tag-matias-mendez tag-muerto cs-entry cs-video-wrap\">\n\t\t\t<div class=\"pk-post-outer\">\n\n\t\t\t\t\t\t\t\t<div class=\"pk-post-inner\">\n\t\t\t\t\t<div class=\"entry-thumbnail\">\n\t\t\t\t\t\t<div class=\"pk-overlay pk-overlay-ratio pk-ratio-landscape\">\n\t\t\t\t\t\t\t<div class=\"pk-overlay-background\">\n\t\t\t\t\t\t\t\t<a href=\"https:\/\/webdelmaestrocmf.com\/portal\/matias-mendez-la-educacion-no-ha-muerto\/\" class=\"pk-overlay-link\">\n\t\t\t\t\t\t\t\t\t<img loading=\"lazy\" decoding=\"async\" width=\"300\" height=\"225\" src=\"https:\/\/webdelmaestrocmf.com\/portal\/wp-content\/uploads\/2020\/02\/1-25-300x225.jpg\" class=\"attachment-pk-thumbnail size-pk-thumbnail wp-post-image\" alt=\"\" \/>\t\t\t\t\t\t\t\t<\/a>\n\t\t\t\t\t\t\t<\/div>\n\t\t\t\t\t\t<\/div>\n\t\t\t\t\t<\/div>\n\t\t\t\t<\/div>\n\t\t\t\t\n\t\t\t\t<div class=\"pk-post-inner\">\n\t\t\t\t\t<header>\n\t\t\t\t\t\t<h3 class=\"pk-title\"><a href=\"https:\/\/webdelmaestrocmf.com\/portal\/matias-mendez-la-educacion-no-ha-muerto\/\" rel=\"bookmark\">[Mat\u00edas M\u00e9ndez] La educaci\u00f3n no ha muerto<\/a><\/h3>\t\t\t\t\t<\/header><!-- .entry-header -->\n\t\t\t\t<\/div><!-- .post-inner -->\n\n\t\t\t<\/div><!-- .post-outer -->\n\t\t<\/article>\n\t\t\t\t<\/div>\n\t\t<\/div>\n\t\t\n","protected":false},"excerpt":{"rendered":"El pasado martes visit\u00f3 mi colegio D. Carlos Blanco, el afamado egipt\u00f3logo que apareci\u00f3 en su d\u00eda en&hellip;","protected":false},"author":1,"featured_media":77941,"comment_status":"open","ping_status":"open","sticky":false,"template":"","format":"standard","meta":{"csco_display_header_overlay":false,"csco_singular_sidebar":"default","csco_page_header_type":"default","csco_page_load_nextpost":"default","csco_post_video_location":[],"csco_post_video_location_hash":"","csco_post_video_url":"","csco_post_video_bg_start_time":0,"csco_post_video_bg_end_time":0,"csco_post_video_bg_volume":false,"_jetpack_memberships_contains_paid_content":false,"footnotes":""},"categories":[1790,3280],"tags":[417,55,411],"class_list":{"0":"post-10435","1":"post","2":"type-post","3":"status-publish","4":"format-standard","5":"has-post-thumbnail","7":"category-colaborador","8":"category-z-colaboradores-matias-medez","9":"tag-cancer","10":"tag-educacion","11":"tag-matias-mendez-perez","12":"cs-entry","13":"cs-video-wrap"},"yoast_head":"<!-- This site is optimized with the Yoast SEO plugin v27.5 - https:\/\/yoast.com\/product\/yoast-seo-wordpress\/ -->\n<title>[Mat\u00edas M\u00e9ndez P\u00e9rez] El c\u00e1ncer de nuestra educaci\u00f3n<\/title>\n<meta name=\"description\" content=\"El pasado martes visit\u00f3 mi colegio D. Carlos Blanco, el afamado egipt\u00f3logo que apareci\u00f3 en su d\u00eda en \u201cCr\u00f3nicas Marcianas\u201d.\" \/>\n<meta name=\"robots\" content=\"index, follow, max-snippet:-1, max-image-preview:large, max-video-preview:-1\" \/>\n<link rel=\"canonical\" href=\"https:\/\/webdelmaestrocmf.com\/portal\/el-cancer-de-nuestra-educacion\/\" \/>\n<meta property=\"og:locale\" content=\"es_ES\" \/>\n<meta property=\"og:type\" content=\"article\" \/>\n<meta property=\"og:title\" content=\"[Mat\u00edas M\u00e9ndez P\u00e9rez] El c\u00e1ncer de nuestra educaci\u00f3n\" \/>\n<meta property=\"og:description\" content=\"El pasado martes visit\u00f3 mi colegio D. Carlos Blanco, el afamado egipt\u00f3logo que apareci\u00f3 en su d\u00eda en \u201cCr\u00f3nicas Marcianas\u201d.\" \/>\n<meta property=\"og:url\" content=\"https:\/\/webdelmaestrocmf.com\/portal\/el-cancer-de-nuestra-educacion\/\" \/>\n<meta property=\"og:site_name\" content=\"Web del Maestro CMF\" \/>\n<meta property=\"article:publisher\" content=\"https:\/\/www.facebook.com\/WebdelMaestroCMF\/\" \/>\n<meta property=\"article:author\" content=\"https:\/\/www.facebook.com\/WebdelMaestroCMF\/\" \/>\n<meta property=\"article:published_time\" content=\"2018-07-30T17:16:50+00:00\" \/>\n<meta property=\"article:modified_time\" content=\"2022-06-26T20:45:34+00:00\" \/>\n<meta property=\"og:image\" content=\"https:\/\/i0.wp.com\/webdelmaestrocmf.com\/portal\/wp-content\/uploads\/2018\/07\/1a.jpg?fit=900%2C556&ssl=1\" \/>\n\t<meta property=\"og:image:width\" content=\"900\" \/>\n\t<meta property=\"og:image:height\" content=\"556\" \/>\n\t<meta property=\"og:image:type\" content=\"image\/jpeg\" \/>\n<meta name=\"author\" content=\"Web del Maestro CMF\" \/>\n<meta name=\"twitter:card\" content=\"summary_large_image\" \/>\n<meta name=\"twitter:creator\" content=\"@cmf_w\" \/>\n<meta name=\"twitter:site\" content=\"@cmf_w\" \/>\n<script type=\"application\/ld+json\" class=\"yoast-schema-graph\">{\"@context\":\"https:\\\/\\\/schema.org\",\"@graph\":[{\"@type\":\"ScholarlyArticle\",\"@id\":\"https:\\\/\\\/webdelmaestrocmf.com\\\/portal\\\/el-cancer-de-nuestra-educacion\\\/#article\",\"isPartOf\":{\"@id\":\"https:\\\/\\\/webdelmaestrocmf.com\\\/portal\\\/el-cancer-de-nuestra-educacion\\\/\"},\"author\":{\"name\":\"Web del Maestro CMF\",\"@id\":\"https:\\\/\\\/webdelmaestrocmf.com\\\/portal\\\/#\\\/schema\\\/person\\\/1072a2ed7bd960df8ef99a551fa35dc5\"},\"headline\":\"[Mat\u00edas M\u00e9ndez P\u00e9rez] El c\u00e1ncer de nuestra educaci\u00f3n\",\"datePublished\":\"2018-07-30T17:16:50+00:00\",\"dateModified\":\"2022-06-26T20:45:34+00:00\",\"mainEntityOfPage\":{\"@id\":\"https:\\\/\\\/webdelmaestrocmf.com\\\/portal\\\/el-cancer-de-nuestra-educacion\\\/\"},\"wordCount\":524,\"commentCount\":0,\"publisher\":{\"@id\":\"https:\\\/\\\/webdelmaestrocmf.com\\\/portal\\\/#organization\"},\"image\":{\"@id\":\"https:\\\/\\\/webdelmaestrocmf.com\\\/portal\\\/el-cancer-de-nuestra-educacion\\\/#primaryimage\"},\"thumbnailUrl\":\"https:\\\/\\\/webdelmaestrocmf.com\\\/portal\\\/wp-content\\\/uploads\\\/2018\\\/07\\\/1a.jpg\",\"keywords\":[\"C\u00c1NCER\",\"EDUCACI\u00d3N\",\"MAT\u00cdAS M\u00c9NDEZ P\u00c9REZ\"],\"articleSection\":[\"Z-Colaboradores\",\"Z-Colaboradores-Matias-Medez\"],\"inLanguage\":\"es\",\"potentialAction\":[{\"@type\":\"CommentAction\",\"name\":\"Comment\",\"target\":[\"https:\\\/\\\/webdelmaestrocmf.com\\\/portal\\\/el-cancer-de-nuestra-educacion\\\/#respond\"]}]},{\"@type\":\"WebPage\",\"@id\":\"https:\\\/\\\/webdelmaestrocmf.com\\\/portal\\\/el-cancer-de-nuestra-educacion\\\/\",\"url\":\"https:\\\/\\\/webdelmaestrocmf.com\\\/portal\\\/el-cancer-de-nuestra-educacion\\\/\",\"name\":\"[Mat\u00edas M\u00e9ndez P\u00e9rez] El c\u00e1ncer de nuestra educaci\u00f3n\",\"isPartOf\":{\"@id\":\"https:\\\/\\\/webdelmaestrocmf.com\\\/portal\\\/#website\"},\"primaryImageOfPage\":{\"@id\":\"https:\\\/\\\/webdelmaestrocmf.com\\\/portal\\\/el-cancer-de-nuestra-educacion\\\/#primaryimage\"},\"image\":{\"@id\":\"https:\\\/\\\/webdelmaestrocmf.com\\\/portal\\\/el-cancer-de-nuestra-educacion\\\/#primaryimage\"},\"thumbnailUrl\":\"https:\\\/\\\/webdelmaestrocmf.com\\\/portal\\\/wp-content\\\/uploads\\\/2018\\\/07\\\/1a.jpg\",\"datePublished\":\"2018-07-30T17:16:50+00:00\",\"dateModified\":\"2022-06-26T20:45:34+00:00\",\"description\":\"El pasado martes visit\u00f3 mi colegio D. Carlos Blanco, el afamado egipt\u00f3logo que apareci\u00f3 en su d\u00eda en \u201cCr\u00f3nicas Marcianas\u201d.\",\"breadcrumb\":{\"@id\":\"https:\\\/\\\/webdelmaestrocmf.com\\\/portal\\\/el-cancer-de-nuestra-educacion\\\/#breadcrumb\"},\"inLanguage\":\"es\",\"potentialAction\":[{\"@type\":\"ReadAction\",\"target\":[\"https:\\\/\\\/webdelmaestrocmf.com\\\/portal\\\/el-cancer-de-nuestra-educacion\\\/\"]}]},{\"@type\":\"ImageObject\",\"inLanguage\":\"es\",\"@id\":\"https:\\\/\\\/webdelmaestrocmf.com\\\/portal\\\/el-cancer-de-nuestra-educacion\\\/#primaryimage\",\"url\":\"https:\\\/\\\/webdelmaestrocmf.com\\\/portal\\\/wp-content\\\/uploads\\\/2018\\\/07\\\/1a.jpg\",\"contentUrl\":\"https:\\\/\\\/webdelmaestrocmf.com\\\/portal\\\/wp-content\\\/uploads\\\/2018\\\/07\\\/1a.jpg\",\"width\":900,\"height\":556},{\"@type\":\"BreadcrumbList\",\"@id\":\"https:\\\/\\\/webdelmaestrocmf.com\\\/portal\\\/el-cancer-de-nuestra-educacion\\\/#breadcrumb\",\"itemListElement\":[{\"@type\":\"ListItem\",\"position\":1,\"name\":\"Portada\",\"item\":\"https:\\\/\\\/webdelmaestrocmf.com\\\/portal\\\/\"},{\"@type\":\"ListItem\",\"position\":2,\"name\":\"Z-Colaboradores\",\"item\":\"https:\\\/\\\/webdelmaestrocmf.com\\\/portal\\\/category\\\/colaborador\\\/\"},{\"@type\":\"ListItem\",\"position\":3,\"name\":\"[Mat\u00edas M\u00e9ndez P\u00e9rez] El c\u00e1ncer de nuestra educaci\u00f3n\"}]},{\"@type\":\"WebSite\",\"@id\":\"https:\\\/\\\/webdelmaestrocmf.com\\\/portal\\\/#website\",\"url\":\"https:\\\/\\\/webdelmaestrocmf.com\\\/portal\\\/\",\"name\":\"Web del Maestro CMF\",\"description\":\"Maestros al servicio de la educaci\u00f3n\",\"publisher\":{\"@id\":\"https:\\\/\\\/webdelmaestrocmf.com\\\/portal\\\/#organization\"},\"alternateName\":\"WMCMF\",\"potentialAction\":[{\"@type\":\"SearchAction\",\"target\":{\"@type\":\"EntryPoint\",\"urlTemplate\":\"https:\\\/\\\/webdelmaestrocmf.com\\\/portal\\\/?s={search_term_string}\"},\"query-input\":{\"@type\":\"PropertyValueSpecification\",\"valueRequired\":true,\"valueName\":\"search_term_string\"}}],\"inLanguage\":\"es\"},{\"@type\":\"Organization\",\"@id\":\"https:\\\/\\\/webdelmaestrocmf.com\\\/portal\\\/#organization\",\"name\":\"Web del Maestro CMF\",\"alternateName\":\"WMCMF\",\"url\":\"https:\\\/\\\/webdelmaestrocmf.com\\\/portal\\\/\",\"logo\":{\"@type\":\"ImageObject\",\"inLanguage\":\"es\",\"@id\":\"https:\\\/\\\/webdelmaestrocmf.com\\\/portal\\\/#\\\/schema\\\/logo\\\/image\\\/\",\"url\":\"https:\\\/\\\/webdelmaestrocmf.com\\\/portal\\\/wp-content\\\/uploads\\\/2023\\\/01\\\/logo-wmcmf-2.png\",\"contentUrl\":\"https:\\\/\\\/webdelmaestrocmf.com\\\/portal\\\/wp-content\\\/uploads\\\/2023\\\/01\\\/logo-wmcmf-2.png\",\"width\":200,\"height\":60,\"caption\":\"Web del Maestro CMF\"},\"image\":{\"@id\":\"https:\\\/\\\/webdelmaestrocmf.com\\\/portal\\\/#\\\/schema\\\/logo\\\/image\\\/\"},\"sameAs\":[\"https:\\\/\\\/www.facebook.com\\\/WebdelMaestroCMF\\\/\",\"https:\\\/\\\/x.com\\\/cmf_w\",\"https:\\\/\\\/www.pinterest.com\\\/WMCMF\\\/\",\"https:\\\/\\\/www.linkedin.com\\\/company\\\/web-del-maestro-cmf\\\/\",\"https:\\\/\\\/www.instagram.com\\\/wmcmf\\\/\",\"https:\\\/\\\/www.youtube.com\\\/channel\\\/UCDPSvjbdodE5sHnC3OxutHw\",\"https:\\\/\\\/mastodon.social\\\/@wmcmf\",\"https:\\\/\\\/www.tiktok.com\\\/@webdelmaestrocmf\"]},{\"@type\":\"Person\",\"@id\":\"https:\\\/\\\/webdelmaestrocmf.com\\\/portal\\\/#\\\/schema\\\/person\\\/1072a2ed7bd960df8ef99a551fa35dc5\",\"name\":\"Web del Maestro CMF\",\"image\":{\"@type\":\"ImageObject\",\"inLanguage\":\"es\",\"@id\":\"https:\\\/\\\/secure.gravatar.com\\\/avatar\\\/23291dd5b5ae1077dcff3dbb04c3e02bd28403fa75af6d8787d5e97c5bbbe30b?s=96&d=mm&r=g\",\"url\":\"https:\\\/\\\/secure.gravatar.com\\\/avatar\\\/23291dd5b5ae1077dcff3dbb04c3e02bd28403fa75af6d8787d5e97c5bbbe30b?s=96&d=mm&r=g\",\"contentUrl\":\"https:\\\/\\\/secure.gravatar.com\\\/avatar\\\/23291dd5b5ae1077dcff3dbb04c3e02bd28403fa75af6d8787d5e97c5bbbe30b?s=96&d=mm&r=g\",\"caption\":\"Web del Maestro CMF\"},\"description\":\"Esta Web se cre\u00f3 sin fines de lucro, con fines educativos, cient\u00edficos y acad\u00e9micos, para personas que tengan dificultades y\\\/o inconvenientes en visualizar el material original. El objetivo es entregar recursos, compartir experiencias y materiales que ayuden a los padres de familia, maestros y estudiantes en su actualizaci\u00f3n y formaci\u00f3n permanente, en bien de la Educaci\u00f3n.\",\"sameAs\":[\"http:\\\/\\\/webdelmaestrocmf.com\\\/portal\",\"https:\\\/\\\/www.facebook.com\\\/WebdelMaestroCMF\\\/\",\"https:\\\/\\\/www.instagram.com\\\/wmcmf\\\/\",\"https:\\\/\\\/cl.linkedin.com\\\/company\\\/web-del-maestro-cmf\",\"https:\\\/\\\/www.pinterest.com\\\/WMCMF\\\/publicaciones\\\/\",\"https:\\\/\\\/x.com\\\/cmf_w\",\"https:\\\/\\\/www.youtube.com\\\/@WMCMF\"]}]}<\/script>\n<!-- \/ Yoast SEO plugin. -->","yoast_head_json":{"title":"[Mat\u00edas M\u00e9ndez P\u00e9rez] El c\u00e1ncer de nuestra educaci\u00f3n","description":"El pasado martes visit\u00f3 mi colegio D. Carlos Blanco, el afamado egipt\u00f3logo que apareci\u00f3 en su d\u00eda en \u201cCr\u00f3nicas Marcianas\u201d.","robots":{"index":"index","follow":"follow","max-snippet":"max-snippet:-1","max-image-preview":"max-image-preview:large","max-video-preview":"max-video-preview:-1"},"canonical":"https:\/\/webdelmaestrocmf.com\/portal\/el-cancer-de-nuestra-educacion\/","og_locale":"es_ES","og_type":"article","og_title":"[Mat\u00edas M\u00e9ndez P\u00e9rez] El c\u00e1ncer de nuestra educaci\u00f3n","og_description":"El pasado martes visit\u00f3 mi colegio D. Carlos Blanco, el afamado egipt\u00f3logo que apareci\u00f3 en su d\u00eda en \u201cCr\u00f3nicas Marcianas\u201d.","og_url":"https:\/\/webdelmaestrocmf.com\/portal\/el-cancer-de-nuestra-educacion\/","og_site_name":"Web del Maestro CMF","article_publisher":"https:\/\/www.facebook.com\/WebdelMaestroCMF\/","article_author":"https:\/\/www.facebook.com\/WebdelMaestroCMF\/","article_published_time":"2018-07-30T17:16:50+00:00","article_modified_time":"2022-06-26T20:45:34+00:00","og_image":[{"width":900,"height":556,"url":"https:\/\/i0.wp.com\/webdelmaestrocmf.com\/portal\/wp-content\/uploads\/2018\/07\/1a.jpg?fit=900%2C556&ssl=1","type":"image\/jpeg"}],"author":"Web del Maestro CMF","twitter_card":"summary_large_image","twitter_creator":"@cmf_w","twitter_site":"@cmf_w","schema":{"@context":"https:\/\/schema.org","@graph":[{"@type":"ScholarlyArticle","@id":"https:\/\/webdelmaestrocmf.com\/portal\/el-cancer-de-nuestra-educacion\/#article","isPartOf":{"@id":"https:\/\/webdelmaestrocmf.com\/portal\/el-cancer-de-nuestra-educacion\/"},"author":{"name":"Web del Maestro CMF","@id":"https:\/\/webdelmaestrocmf.com\/portal\/#\/schema\/person\/1072a2ed7bd960df8ef99a551fa35dc5"},"headline":"[Mat\u00edas M\u00e9ndez P\u00e9rez] El c\u00e1ncer de nuestra educaci\u00f3n","datePublished":"2018-07-30T17:16:50+00:00","dateModified":"2022-06-26T20:45:34+00:00","mainEntityOfPage":{"@id":"https:\/\/webdelmaestrocmf.com\/portal\/el-cancer-de-nuestra-educacion\/"},"wordCount":524,"commentCount":0,"publisher":{"@id":"https:\/\/webdelmaestrocmf.com\/portal\/#organization"},"image":{"@id":"https:\/\/webdelmaestrocmf.com\/portal\/el-cancer-de-nuestra-educacion\/#primaryimage"},"thumbnailUrl":"https:\/\/webdelmaestrocmf.com\/portal\/wp-content\/uploads\/2018\/07\/1a.jpg","keywords":["C\u00c1NCER","EDUCACI\u00d3N","MAT\u00cdAS M\u00c9NDEZ P\u00c9REZ"],"articleSection":["Z-Colaboradores","Z-Colaboradores-Matias-Medez"],"inLanguage":"es","potentialAction":[{"@type":"CommentAction","name":"Comment","target":["https:\/\/webdelmaestrocmf.com\/portal\/el-cancer-de-nuestra-educacion\/#respond"]}]},{"@type":"WebPage","@id":"https:\/\/webdelmaestrocmf.com\/portal\/el-cancer-de-nuestra-educacion\/","url":"https:\/\/webdelmaestrocmf.com\/portal\/el-cancer-de-nuestra-educacion\/","name":"[Mat\u00edas M\u00e9ndez P\u00e9rez] El c\u00e1ncer de nuestra educaci\u00f3n","isPartOf":{"@id":"https:\/\/webdelmaestrocmf.com\/portal\/#website"},"primaryImageOfPage":{"@id":"https:\/\/webdelmaestrocmf.com\/portal\/el-cancer-de-nuestra-educacion\/#primaryimage"},"image":{"@id":"https:\/\/webdelmaestrocmf.com\/portal\/el-cancer-de-nuestra-educacion\/#primaryimage"},"thumbnailUrl":"https:\/\/webdelmaestrocmf.com\/portal\/wp-content\/uploads\/2018\/07\/1a.jpg","datePublished":"2018-07-30T17:16:50+00:00","dateModified":"2022-06-26T20:45:34+00:00","description":"El pasado martes visit\u00f3 mi colegio D. Carlos Blanco, el afamado egipt\u00f3logo que apareci\u00f3 en su d\u00eda en \u201cCr\u00f3nicas Marcianas\u201d.","breadcrumb":{"@id":"https:\/\/webdelmaestrocmf.com\/portal\/el-cancer-de-nuestra-educacion\/#breadcrumb"},"inLanguage":"es","potentialAction":[{"@type":"ReadAction","target":["https:\/\/webdelmaestrocmf.com\/portal\/el-cancer-de-nuestra-educacion\/"]}]},{"@type":"ImageObject","inLanguage":"es","@id":"https:\/\/webdelmaestrocmf.com\/portal\/el-cancer-de-nuestra-educacion\/#primaryimage","url":"https:\/\/webdelmaestrocmf.com\/portal\/wp-content\/uploads\/2018\/07\/1a.jpg","contentUrl":"https:\/\/webdelmaestrocmf.com\/portal\/wp-content\/uploads\/2018\/07\/1a.jpg","width":900,"height":556},{"@type":"BreadcrumbList","@id":"https:\/\/webdelmaestrocmf.com\/portal\/el-cancer-de-nuestra-educacion\/#breadcrumb","itemListElement":[{"@type":"ListItem","position":1,"name":"Portada","item":"https:\/\/webdelmaestrocmf.com\/portal\/"},{"@type":"ListItem","position":2,"name":"Z-Colaboradores","item":"https:\/\/webdelmaestrocmf.com\/portal\/category\/colaborador\/"},{"@type":"ListItem","position":3,"name":"[Mat\u00edas M\u00e9ndez P\u00e9rez] El c\u00e1ncer de nuestra educaci\u00f3n"}]},{"@type":"WebSite","@id":"https:\/\/webdelmaestrocmf.com\/portal\/#website","url":"https:\/\/webdelmaestrocmf.com\/portal\/","name":"Web del Maestro CMF","description":"Maestros al servicio de la educaci\u00f3n","publisher":{"@id":"https:\/\/webdelmaestrocmf.com\/portal\/#organization"},"alternateName":"WMCMF","potentialAction":[{"@type":"SearchAction","target":{"@type":"EntryPoint","urlTemplate":"https:\/\/webdelmaestrocmf.com\/portal\/?s={search_term_string}"},"query-input":{"@type":"PropertyValueSpecification","valueRequired":true,"valueName":"search_term_string"}}],"inLanguage":"es"},{"@type":"Organization","@id":"https:\/\/webdelmaestrocmf.com\/portal\/#organization","name":"Web del Maestro CMF","alternateName":"WMCMF","url":"https:\/\/webdelmaestrocmf.com\/portal\/","logo":{"@type":"ImageObject","inLanguage":"es","@id":"https:\/\/webdelmaestrocmf.com\/portal\/#\/schema\/logo\/image\/","url":"https:\/\/webdelmaestrocmf.com\/portal\/wp-content\/uploads\/2023\/01\/logo-wmcmf-2.png","contentUrl":"https:\/\/webdelmaestrocmf.com\/portal\/wp-content\/uploads\/2023\/01\/logo-wmcmf-2.png","width":200,"height":60,"caption":"Web del Maestro CMF"},"image":{"@id":"https:\/\/webdelmaestrocmf.com\/portal\/#\/schema\/logo\/image\/"},"sameAs":["https:\/\/www.facebook.com\/WebdelMaestroCMF\/","https:\/\/x.com\/cmf_w","https:\/\/www.pinterest.com\/WMCMF\/","https:\/\/www.linkedin.com\/company\/web-del-maestro-cmf\/","https:\/\/www.instagram.com\/wmcmf\/","https:\/\/www.youtube.com\/channel\/UCDPSvjbdodE5sHnC3OxutHw","https:\/\/mastodon.social\/@wmcmf","https:\/\/www.tiktok.com\/@webdelmaestrocmf"]},{"@type":"Person","@id":"https:\/\/webdelmaestrocmf.com\/portal\/#\/schema\/person\/1072a2ed7bd960df8ef99a551fa35dc5","name":"Web del Maestro CMF","image":{"@type":"ImageObject","inLanguage":"es","@id":"https:\/\/secure.gravatar.com\/avatar\/23291dd5b5ae1077dcff3dbb04c3e02bd28403fa75af6d8787d5e97c5bbbe30b?s=96&d=mm&r=g","url":"https:\/\/secure.gravatar.com\/avatar\/23291dd5b5ae1077dcff3dbb04c3e02bd28403fa75af6d8787d5e97c5bbbe30b?s=96&d=mm&r=g","contentUrl":"https:\/\/secure.gravatar.com\/avatar\/23291dd5b5ae1077dcff3dbb04c3e02bd28403fa75af6d8787d5e97c5bbbe30b?s=96&d=mm&r=g","caption":"Web del Maestro CMF"},"description":"Esta Web se cre\u00f3 sin fines de lucro, con fines educativos, cient\u00edficos y acad\u00e9micos, para personas que tengan dificultades y\/o inconvenientes en visualizar el material original. El objetivo es entregar recursos, compartir experiencias y materiales que ayuden a los padres de familia, maestros y estudiantes en su actualizaci\u00f3n y formaci\u00f3n permanente, en bien de la Educaci\u00f3n.","sameAs":["http:\/\/webdelmaestrocmf.com\/portal","https:\/\/www.facebook.com\/WebdelMaestroCMF\/","https:\/\/www.instagram.com\/wmcmf\/","https:\/\/cl.linkedin.com\/company\/web-del-maestro-cmf","https:\/\/www.pinterest.com\/WMCMF\/publicaciones\/","https:\/\/x.com\/cmf_w","https:\/\/www.youtube.com\/@WMCMF"]}]}},"jetpack_featured_media_url":"https:\/\/webdelmaestrocmf.com\/portal\/wp-content\/uploads\/2018\/07\/1a.jpg","jetpack_sharing_enabled":true,"jetpack-related-posts":[{"id":10287,"url":"https:\/\/webdelmaestrocmf.com\/portal\/orfandad-afectiva\/","url_meta":{"origin":10435,"position":0},"title":"[Mat\u00edas M\u00e9ndez P\u00e9rez] \u00abOrfandad afectiva\u00bb","author":"Web del Maestro CMF","date":"12 noviembre, 2016","format":false,"excerpt":"Asistimos a una efervescencia ante la incorporaci\u00f3n progresiva de\u00a0las nuevas tecnolog\u00edas en el mundo de la educaci\u00f3n. Al principio entraron los blogs sin llamar a la puerta, luego las webs, los ordenadores en clase, las primeras aplicaciones, pizarras digitales, ipads, centros pilotos... Se oye afirmaciones como:\u00a0\"en 20 a\u00f1os los alumnos\u2026","rel":"","context":"En \u00abZ-Colaboradores\u00bb","block_context":{"text":"Z-Colaboradores","link":"https:\/\/webdelmaestrocmf.com\/portal\/category\/colaborador\/"},"img":{"alt_text":"","src":"https:\/\/i0.wp.com\/webdelmaestrocmf.com\/portal\/wp-content\/uploads\/2016\/11\/1a.jpg?resize=350%2C200&ssl=1","width":350,"height":200,"srcset":"https:\/\/i0.wp.com\/webdelmaestrocmf.com\/portal\/wp-content\/uploads\/2016\/11\/1a.jpg?resize=350%2C200&ssl=1 1x, https:\/\/i0.wp.com\/webdelmaestrocmf.com\/portal\/wp-content\/uploads\/2016\/11\/1a.jpg?resize=525%2C300&ssl=1 1.5x, https:\/\/i0.wp.com\/webdelmaestrocmf.com\/portal\/wp-content\/uploads\/2016\/11\/1a.jpg?resize=700%2C400&ssl=1 2x"},"classes":[]},{"id":30849,"url":"https:\/\/webdelmaestrocmf.com\/portal\/se-calcula-que-se-ha-triplicado-el-trabajo-burocratico-del-profesor\/","url_meta":{"origin":10435,"position":1},"title":"Se calcula que se ha triplicado el trabajo burocr\u00e1tico del profesor","author":"Web del Maestro CMF","date":"29 agosto, 2018","format":false,"excerpt":"El Profesor Mat\u00edas M\u00e9ndez de nacionalidad espa\u00f1ola, formado en la Universidad Cat\u00f3lica San Antonio de Murcia (Espa\u00f1a), sostiene que \u201cse nos llena la boca de que nuestra crisis es una crisis de valores y no s\u00f3lo nos quedamos at\u00f3nitos ante esta realidad, sino que la fomentamos\u201d. Afirma tambi\u00e9n que el\u2026","rel":"","context":"En \u00abEntrevistas\u00bb","block_context":{"text":"Entrevistas","link":"https:\/\/webdelmaestrocmf.com\/portal\/category\/noticias\/entrevistas\/"},"img":{"alt_text":"","src":"https:\/\/i0.wp.com\/webdelmaestrocmf.com\/portal\/wp-content\/uploads\/2018\/08\/2-22.jpg?resize=350%2C200&ssl=1","width":350,"height":200,"srcset":"https:\/\/i0.wp.com\/webdelmaestrocmf.com\/portal\/wp-content\/uploads\/2018\/08\/2-22.jpg?resize=350%2C200&ssl=1 1x, https:\/\/i0.wp.com\/webdelmaestrocmf.com\/portal\/wp-content\/uploads\/2018\/08\/2-22.jpg?resize=525%2C300&ssl=1 1.5x, https:\/\/i0.wp.com\/webdelmaestrocmf.com\/portal\/wp-content\/uploads\/2018\/08\/2-22.jpg?resize=700%2C400&ssl=1 2x, https:\/\/i0.wp.com\/webdelmaestrocmf.com\/portal\/wp-content\/uploads\/2018\/08\/2-22.jpg?resize=1050%2C600&ssl=1 3x"},"classes":[]},{"id":44134,"url":"https:\/\/webdelmaestrocmf.com\/portal\/matias-mendez-la-educacion-no-ha-muerto\/","url_meta":{"origin":10435,"position":2},"title":"[Mat\u00edas M\u00e9ndez] La educaci\u00f3n no ha muerto","author":"Web del Maestro CMF","date":"10 febrero, 2020","format":false,"excerpt":"Escuchaba esta semana, al hilo del -Coronavirus-, que con cierta frecuencia, las noticias que nos llegan tienen\u00a0atisbos apocal\u00edpticos, claro que hay gravedad en ellas pero nos empe\u00f1amos en darles un acento terminal, vendemos\u00a0endorfinas marketinianas\u00a0hasta en lo que deber\u00eda ser el\u00a0altavoz de la verdad: la comunicaci\u00f3n. Otro sector que\u00a0perdi\u00f3 hace tiempo\u00a0el\u2026","rel":"","context":"En \u00abZ-Colaboradores\u00bb","block_context":{"text":"Z-Colaboradores","link":"https:\/\/webdelmaestrocmf.com\/portal\/category\/colaborador\/"},"img":{"alt_text":"","src":"https:\/\/i0.wp.com\/webdelmaestrocmf.com\/portal\/wp-content\/uploads\/2020\/02\/1-25.jpg?resize=350%2C200&ssl=1","width":350,"height":200,"srcset":"https:\/\/i0.wp.com\/webdelmaestrocmf.com\/portal\/wp-content\/uploads\/2020\/02\/1-25.jpg?resize=350%2C200&ssl=1 1x, https:\/\/i0.wp.com\/webdelmaestrocmf.com\/portal\/wp-content\/uploads\/2020\/02\/1-25.jpg?resize=525%2C300&ssl=1 1.5x, https:\/\/i0.wp.com\/webdelmaestrocmf.com\/portal\/wp-content\/uploads\/2020\/02\/1-25.jpg?resize=700%2C400&ssl=1 2x, https:\/\/i0.wp.com\/webdelmaestrocmf.com\/portal\/wp-content\/uploads\/2020\/02\/1-25.jpg?resize=1050%2C600&ssl=1 3x"},"classes":[]},{"id":33207,"url":"https:\/\/webdelmaestrocmf.com\/portal\/matias-mendez-perez-desespecializate\/","url_meta":{"origin":10435,"position":3},"title":"[Mat\u00edas M\u00e9ndez P\u00e9rez] Desespecial\u00edzate","author":"Web del Maestro CMF","date":"16 noviembre, 2018","format":false,"excerpt":"El libro\u00a0\u201cFocus\u201d de\u00a0Goleman\u00a0hac\u00eda hincapi\u00e9 en la necesidad de especializarse en una tem\u00e1tica, en un mundo donde\u00a0en un solo d\u00eda se genera m\u00e1s informaci\u00f3n de la que produjo toda la humanidad hasta el descubrimiento de la imprenta. Entiendo la postura de Goleman y los peligros de la infoxicaci\u00f3n. Tambi\u00e9n es de\u2026","rel":"","context":"En \u00abZ-Colaboradores\u00bb","block_context":{"text":"Z-Colaboradores","link":"https:\/\/webdelmaestrocmf.com\/portal\/category\/colaborador\/"},"img":{"alt_text":"","src":"https:\/\/i0.wp.com\/webdelmaestrocmf.com\/portal\/wp-content\/uploads\/2018\/11\/1-41.jpg?resize=350%2C200&ssl=1","width":350,"height":200,"srcset":"https:\/\/i0.wp.com\/webdelmaestrocmf.com\/portal\/wp-content\/uploads\/2018\/11\/1-41.jpg?resize=350%2C200&ssl=1 1x, https:\/\/i0.wp.com\/webdelmaestrocmf.com\/portal\/wp-content\/uploads\/2018\/11\/1-41.jpg?resize=525%2C300&ssl=1 1.5x, https:\/\/i0.wp.com\/webdelmaestrocmf.com\/portal\/wp-content\/uploads\/2018\/11\/1-41.jpg?resize=700%2C400&ssl=1 2x, https:\/\/i0.wp.com\/webdelmaestrocmf.com\/portal\/wp-content\/uploads\/2018\/11\/1-41.jpg?resize=1050%2C600&ssl=1 3x"},"classes":[]},{"id":25770,"url":"https:\/\/webdelmaestrocmf.com\/portal\/matias-mendez-conocimientos-pasajeros-y-eternos\/","url_meta":{"origin":10435,"position":4},"title":"[Mat\u00edas M\u00e9ndez P\u00e9rez] Conocimientos pasajeros y eternos","author":"Web del Maestro CMF","date":"14 enero, 2018","format":false,"excerpt":"Es inherente al ser humano\u00a0bajar a los abismos de lo ignoto\u00a0para vencerlos y volar con la libertad del conocimiento. Cada nuevo descubrimiento lleva parejo una serie de regiones desconocidas. El desconocimiento es infinito como lo es el Universo. Es plausible, l\u00edcito y honrado admitir que nunca vamos a conocer todo,\u00a0porque\u2026","rel":"","context":"En \u00abZ-Colaboradores\u00bb","block_context":{"text":"Z-Colaboradores","link":"https:\/\/webdelmaestrocmf.com\/portal\/category\/colaborador\/"},"img":{"alt_text":"","src":"https:\/\/i0.wp.com\/webdelmaestrocmf.com\/portal\/wp-content\/uploads\/2018\/01\/Humanidades.jpg?resize=350%2C200&ssl=1","width":350,"height":200,"srcset":"https:\/\/i0.wp.com\/webdelmaestrocmf.com\/portal\/wp-content\/uploads\/2018\/01\/Humanidades.jpg?resize=350%2C200&ssl=1 1x, https:\/\/i0.wp.com\/webdelmaestrocmf.com\/portal\/wp-content\/uploads\/2018\/01\/Humanidades.jpg?resize=525%2C300&ssl=1 1.5x, https:\/\/i0.wp.com\/webdelmaestrocmf.com\/portal\/wp-content\/uploads\/2018\/01\/Humanidades.jpg?resize=700%2C400&ssl=1 2x, https:\/\/i0.wp.com\/webdelmaestrocmf.com\/portal\/wp-content\/uploads\/2018\/01\/Humanidades.jpg?resize=1050%2C600&ssl=1 3x"},"classes":[]},{"id":47587,"url":"https:\/\/webdelmaestrocmf.com\/portal\/salma-khan-si-tuviera-que-escoger-entre-un-profesor-o-la-tecnologia-siempre-me-quedaria-con-el-profesor\/","url_meta":{"origin":10435,"position":5},"title":"Salma Khan: \u00bfQu\u00e9 necesitas para ayudar a tus estudiantes, para aprovechar mejor el tiempo?","author":"Web del Maestro CMF","date":"14 julio, 2022","format":false,"excerpt":"Salman Amin Khan (Nueva Orleans, USA,1976) es profesor, inform\u00e1tico, ingeniero el\u00e9ctrico y matem\u00e1tico estadounidense de ascendencia materna india y paterna banglades\u00ed. Creador de Academia Khan (2006), considerada un MOOC (Massive Open Online Course o Curso Online Masivo Abierto), recibi\u00f3 el a\u00f1o 2019 el Premio Princesa de Asturias de Cooperaci\u00f3n. Tiene\u2026","rel":"","context":"En \u00abEntrevistas\u00bb","block_context":{"text":"Entrevistas","link":"https:\/\/webdelmaestrocmf.com\/portal\/category\/noticias\/entrevistas\/"},"img":{"alt_text":"","src":"https:\/\/i0.wp.com\/webdelmaestrocmf.com\/portal\/wp-content\/uploads\/2020\/10\/2-copia.jpg?resize=350%2C200&ssl=1","width":350,"height":200,"srcset":"https:\/\/i0.wp.com\/webdelmaestrocmf.com\/portal\/wp-content\/uploads\/2020\/10\/2-copia.jpg?resize=350%2C200&ssl=1 1x, https:\/\/i0.wp.com\/webdelmaestrocmf.com\/portal\/wp-content\/uploads\/2020\/10\/2-copia.jpg?resize=525%2C300&ssl=1 1.5x, https:\/\/i0.wp.com\/webdelmaestrocmf.com\/portal\/wp-content\/uploads\/2020\/10\/2-copia.jpg?resize=700%2C400&ssl=1 2x, https:\/\/i0.wp.com\/webdelmaestrocmf.com\/portal\/wp-content\/uploads\/2020\/10\/2-copia.jpg?resize=1050%2C600&ssl=1 3x"},"classes":[]}],"_links":{"self":[{"href":"https:\/\/webdelmaestrocmf.com\/portal\/wp-json\/wp\/v2\/posts\/10435","targetHints":{"allow":["GET"]}}],"collection":[{"href":"https:\/\/webdelmaestrocmf.com\/portal\/wp-json\/wp\/v2\/posts"}],"about":[{"href":"https:\/\/webdelmaestrocmf.com\/portal\/wp-json\/wp\/v2\/types\/post"}],"author":[{"embeddable":true,"href":"https:\/\/webdelmaestrocmf.com\/portal\/wp-json\/wp\/v2\/users\/1"}],"replies":[{"embeddable":true,"href":"https:\/\/webdelmaestrocmf.com\/portal\/wp-json\/wp\/v2\/comments?post=10435"}],"version-history":[{"count":0,"href":"https:\/\/webdelmaestrocmf.com\/portal\/wp-json\/wp\/v2\/posts\/10435\/revisions"}],"wp:featuredmedia":[{"embeddable":true,"href":"https:\/\/webdelmaestrocmf.com\/portal\/wp-json\/wp\/v2\/media\/77941"}],"wp:attachment":[{"href":"https:\/\/webdelmaestrocmf.com\/portal\/wp-json\/wp\/v2\/media?parent=10435"}],"wp:term":[{"taxonomy":"category","embeddable":true,"href":"https:\/\/webdelmaestrocmf.com\/portal\/wp-json\/wp\/v2\/categories?post=10435"},{"taxonomy":"post_tag","embeddable":true,"href":"https:\/\/webdelmaestrocmf.com\/portal\/wp-json\/wp\/v2\/tags?post=10435"}],"curies":[{"name":"wp","href":"https:\/\/api.w.org\/{rel}","templated":true}]}}