{"id":104292,"date":"2024-02-25T12:19:05","date_gmt":"2024-02-25T15:19:05","guid":{"rendered":"https:\/\/webdelmaestrocmf.com\/portal\/?p=104292"},"modified":"2024-05-01T17:30:55","modified_gmt":"2024-05-01T21:30:55","slug":"david-auris-educacion-basica-para-una-justicia-social","status":"publish","type":"post","link":"https:\/\/webdelmaestrocmf.com\/portal\/david-auris-educacion-basica-para-una-justicia-social\/","title":{"rendered":"[David Auris] Educaci\u00f3n b\u00e1sica para una justicia social"},"content":{"rendered":"<p style=\"text-align: justify;\"><strong>Sin equidad en la educaci\u00f3n, no existe justicia social. No se trata de ideolog\u00edas pol\u00edticas. Se trata de desarrollar el capital humano, con el prop\u00f3sito de establecer una sociedad m\u00e1s sostenida que el mundo de hoy exige. La lucha por la justicia social desde la educaci\u00f3n requiere un compromiso colectivo, con el fin de garantizar un acceso equitativo a todos los estudiantes.<\/strong><!--more--><\/p>\n<p style=\"text-align: justify;\">A pocos d\u00edas de empezar el a\u00f1o escolar 2024, el panorama educativo est\u00e1 lejos de encontrar la justicia social para los menos favorecidos. El Dr. Guillermo Molinari, exviceministro del Ministerio de Educaci\u00f3n, dice que, 63 mil estudiantes han desertado durante el a\u00f1o 2023, existe desnutrici\u00f3n, dificultades de aprendizaje, poca condici\u00f3n de educabilidad y limitados recursos educativos. Asimismo, de las 55436 instituciones educativas p\u00fablicas del Per\u00fa, 30294 de ellas requieren ser demolidas y, solo 16187 disponen de agua, luz y alcantarillado, se\u00f1ala Paola del Carpio, economista de \u00abREDES\u00bb.<\/p>\n<p style=\"text-align: justify;\">Esta situaci\u00f3n es el triunfo de una larga pol\u00edtica educativa vegetativa, impulsadas por gobernantes corruptos y sin perspectivas de desarrollo. Priorizaron sus intereses pol\u00edticos en lugar de mejorar a la educaci\u00f3n y algunos expresidentes siempre culparon de nuestro infortunio a los pa\u00edses desarrollados o a los organismos mundiales. Un Ministerio de Educaci\u00f3n, colmado de funcionarios expertos, pero incapaces de liderar pol\u00edticas educativas de equidad, aunque no de calidad. Adem\u00e1s, la sociedad en su conjunto no juega un papel crucial, pues carecen de conciencia educativa para el progreso colectivo.<\/p>\n<p style=\"text-align: justify;\">Con el objetivo de construir una sociedad equitativa, el 20 de febrero se celebra el D\u00eda Mundial de la Justicia Social, promovida por Naciones Unidas, ONU, con su lema del 2023, \u201cSuperar barreras y desbloquear oportunidades para la justicia social\u00bb. La justicia social, seg\u00fan el Fondo de las Naciones Unidas para la Infancia, (Unicef), se basa en la igualdad de oportunidades como un derecho humano a la equidad para desarrollar su potencial mental. Esto significa que la educaci\u00f3n, contribuye a eliminar las disparidades, as\u00ed como lo est\u00e1 consiguiendo China, un pa\u00eds en desarrollo gracias a un manejo adecuado de sus recursos.<\/p>\n<p style=\"text-align: justify;\">En este siglo m\u00e1s interconectado de toda la historia de la humanidad, gracias a la internet, la justicia social es nuestro desaf\u00edo y posibilidad, ya que todos los individuos tienen derecho a realizarse como persona. Seg\u00fan Audrey Azoulay, directora de la Unesco, la educaci\u00f3n es un bien p\u00fablico, delicada, fr\u00e1gil y la mejor inversi\u00f3n que podemos hacer. En esencia, se trata de la b\u00fasqueda de un equilibrio social que promueva la equidad, la inclusi\u00f3n y el respeto a la dignidad humana.<\/p>\n<p style=\"text-align: justify;\">Para el experto, Javier Murillo, a fin de alcanzar la equidad y la inclusi\u00f3n en la educaci\u00f3n, indica que las escuelas para que contribuyan a la justicia social deben tener tres elementos fundamentales: escuelas de car\u00e1cter equitativo, cr\u00edtico y democr\u00e1tico.\u00a0 \u00a0Estos principios b\u00e1sicos pueden incorporarse en todo el curr\u00edculo nacional y as\u00ed garantizar el acceso igualitario a la educaci\u00f3n, especialmente en comunidades marginadas, mediante la inversi\u00f3n en infraestructuras que brinden todos los servicios b\u00e1sicos y programas de apoyo did\u00e1ctico.<\/p>\n<p style=\"text-align: justify;\">Asimismo, es hora de innovar la administraci\u00f3n del 4% del PBI destinado a educaci\u00f3n, con el fin de incrementar la productividad en beneficios de todos. De lo contrario, as\u00ed el Estado, asigne el 10% del PBI a este sector, y de continuar administr\u00e1ndose como en la actualidad, perpetuaremos esta crisis que, entre otras cosas, es el resultado de un irresponsable manejo de recursos con sobrecostos y despilfarros por parte de quienes tienen la capacidad de gasto.<\/p>\n<p style=\"text-align: justify;\">El hecho de que todas las instituciones educativas tengan servicios b\u00e1sicos, recursos pedag\u00f3gicos y profesores medianamente capacitados, es un gran paso hacia la justicia social que todos aspiramos.<\/p>\n<p><strong>NOTA DE REDACCI\u00d3N:<\/strong> La Web del Maestro CMF publica los textos originales de su autor, no necesariamente coincide con lo expuesto en el tema, no se hace responsable de las opiniones expresadas, y no promociona ning\u00fan producto, servicio, marca, grupo trabajador o empresa. Sugerimos a nuestros lectores conocer la identidad de su autor, para tener mayores elementos de juicio y la pertinencia a su realidad educativa.<\/p>\n<table class=\" alignleft\" border=\"0\" width=\"100%\" cellspacing=\"10\" cellpadding=\"10\">\n<tbody>\n<tr>\n<td style=\"text-align: center;\" width=\"30%\"><strong><img loading=\"lazy\" decoding=\"async\" class=\"size-full wp-image-77193 aligncenter\" src=\"https:\/\/webdelmaestrocmf.com\/portal\/wp-content\/uploads\/2022\/05\/0-1.jpg\" alt=\"\" width=\"200\" height=\"200\" srcset=\"https:\/\/webdelmaestrocmf.com\/portal\/wp-content\/uploads\/2022\/05\/0-1.jpg 200w, https:\/\/webdelmaestrocmf.com\/portal\/wp-content\/uploads\/2022\/05\/0-1-150x150.jpg 150w, https:\/\/webdelmaestrocmf.com\/portal\/wp-content\/uploads\/2022\/05\/0-1-80x80.jpg 80w, https:\/\/webdelmaestrocmf.com\/portal\/wp-content\/uploads\/2022\/05\/0-1-110x110.jpg 110w\" sizes=\"auto, (max-width: 200px) 100vw, 200px\" \/><br \/>\nAutor: <\/strong>David Auris Villegas (Per\u00fa, 1975) Escritor, pedagogo, editor, columnista, profesor universitario y te\u00f3rico de la pedagog\u00eda \u00e9tica, educaci\u00f3n ciudadana, cultura de paz. <strong><br \/>\nExperiencia laboral:<\/strong> Licenciado en educaci\u00f3n por la Universidad Nacional Mayor de San Marcos y m\u00e1ster en educaci\u00f3n por la Universidad de la Habana. Ha sido profesor capacitador en la Universidad Nacional Mayor de San Marcos y profesor de posgrado en varias universidades peruanas. Ha publicado: <em>\u201cCuentos de medianoche\u201d, \u201cMa\u00f1ana al despertar piensa en m\u00ed\u201d, \u00abEstrategias did\u00e1cticas de comprensi\u00f3n lectora para la vida\u00bb, \u00abC\u00f3mo redactar art\u00edculos cient\u00edficos\u00bb <\/em>y<em> \u201cMinicuentos para so\u00f1ar\u201d<\/em>. Antologado en: <em>A Orillas del r\u00edo Ichu<\/em> y en, <em>Palabras sin fronteras, fronteras sin palabras, <\/em>y ha aparecido en las revistas: <em>La Tortuga Ecuestre<\/em>, <em>N\u00e9mesis<\/em> y <em>Entre par\u00e9ntesis<\/em>. Publica sus art\u00edculos pedag\u00f3gicos cada semana en varios portales del mundo. <strong><br \/>\nCorreo electr\u00f3nico: <\/strong><a href=\"mailto:davidauris@gmail.com\">davidauris@gmail.com<\/a><br \/>\n<strong>Cuenta de Facebook:<\/strong> <a href=\"https:\/\/www.facebook.com\/david.aurisvillegas.77\" target=\"_blank\" rel=\"noopener noreferrer\">david.aurisvillegas.77<\/a><\/td>\n<\/tr>\n<\/tbody>\n<\/table>\n<p style=\"text-align: left;\">.<\/p>\n\t\t<div class=\"pk-inline-posts\">\n\t\t\t\n\t\t\t<div class=\"pk-inline-posts-container pk-inline-posts-template-list\"\n\t\t\t\tdata-columns=\"1\">\n\t\t\t\t\t\t<article id=\"post-31801\" class=\"post-31801 post type-post status-publish format-standard has-post-thumbnail category-inteligencias-multiples category-pedagogia tag-aula tag-estrategias-clave tag-guia-para-docentes tag-inteligencias tag-inteligencias-multiples tag-inteligencias-multiples-en-el-aula tag-multiples cs-entry cs-video-wrap\">\n\t\t\t<div class=\"pk-post-outer\">\n\n\t\t\t\t\t\t\t\t<div class=\"pk-post-inner\">\n\t\t\t\t\t<div class=\"entry-thumbnail\">\n\t\t\t\t\t\t<div class=\"pk-overlay pk-overlay-ratio pk-ratio-landscape\">\n\t\t\t\t\t\t\t<div class=\"pk-overlay-background\">\n\t\t\t\t\t\t\t\t<a href=\"https:\/\/webdelmaestrocmf.com\/portal\/guia-para-docentes-las-inteligencias-multiples-en-el-aula\/\" class=\"pk-overlay-link\">\n\t\t\t\t\t\t\t\t\t<img loading=\"lazy\" decoding=\"async\" width=\"300\" height=\"225\" src=\"https:\/\/webdelmaestrocmf.com\/portal\/wp-content\/uploads\/2020\/11\/Banner-1-portada-imagen-10-1-15-300x225.jpg\" class=\"attachment-pk-thumbnail size-pk-thumbnail wp-post-image\" alt=\"inteligencias m\u00faltiples\" \/>\t\t\t\t\t\t\t\t<\/a>\n\t\t\t\t\t\t\t<\/div>\n\t\t\t\t\t\t<\/div>\n\t\t\t\t\t<\/div>\n\t\t\t\t<\/div>\n\t\t\t\t\n\t\t\t\t<div class=\"pk-post-inner\">\n\t\t\t\t\t<header>\n\t\t\t\t\t\t<h3 class=\"pk-title\"><a href=\"https:\/\/webdelmaestrocmf.com\/portal\/guia-para-docentes-las-inteligencias-multiples-en-el-aula\/\" rel=\"bookmark\">Gu\u00eda para docentes sobre las inteligencias m\u00faltiples en el aula<\/a><\/h3>\t\t\t\t\t<\/header><!-- .entry-header -->\n\t\t\t\t<\/div><!-- .post-inner -->\n\n\t\t\t<\/div><!-- .post-outer -->\n\t\t<\/article>\n\t\t\t<article id=\"post-101267\" class=\"post-101267 post type-post status-publish format-standard has-post-thumbnail category-calculo category-descargas-manuales-pdf category-pedagogia tag-calculo tag-desarrollar tag-guia tag-mental tag-ninos cs-entry cs-video-wrap\">\n\t\t\t<div class=\"pk-post-outer\">\n\n\t\t\t\t\t\t\t\t<div class=\"pk-post-inner\">\n\t\t\t\t\t<div class=\"entry-thumbnail\">\n\t\t\t\t\t\t<div class=\"pk-overlay pk-overlay-ratio pk-ratio-landscape\">\n\t\t\t\t\t\t\t<div class=\"pk-overlay-background\">\n\t\t\t\t\t\t\t\t<a href=\"https:\/\/webdelmaestrocmf.com\/portal\/guia-para-desarrollar-el-calculo-mental-en-ninos\/\" class=\"pk-overlay-link\">\n\t\t\t\t\t\t\t\t\t<img loading=\"lazy\" decoding=\"async\" width=\"300\" height=\"225\" src=\"https:\/\/webdelmaestrocmf.com\/portal\/wp-content\/uploads\/2023\/11\/1AA-Banner-1-portada-imagen-10-1-copia-1-300x225.webp\" class=\"attachment-pk-thumbnail size-pk-thumbnail wp-post-image\" alt=\"\" \/>\t\t\t\t\t\t\t\t<\/a>\n\t\t\t\t\t\t\t<\/div>\n\t\t\t\t\t\t<\/div>\n\t\t\t\t\t<\/div>\n\t\t\t\t<\/div>\n\t\t\t\t\n\t\t\t\t<div class=\"pk-post-inner\">\n\t\t\t\t\t<header>\n\t\t\t\t\t\t<h3 class=\"pk-title\"><a href=\"https:\/\/webdelmaestrocmf.com\/portal\/guia-para-desarrollar-el-calculo-mental-en-ninos\/\" rel=\"bookmark\">Gu\u00eda pr\u00e1ctica para desarrollar el c\u00e1lculo mental en ni\u00f1os: descarga los tres cuadernillos de c\u00e1lculo mental<\/a><\/h3>\t\t\t\t\t<\/header><!-- .entry-header -->\n\t\t\t\t<\/div><!-- .post-inner -->\n\n\t\t\t<\/div><!-- .post-outer -->\n\t\t<\/article>\n\t\t\t<article id=\"post-118381\" class=\"post-118381 post type-post status-publish format-standard has-post-thumbnail category-bienestar-familiar category-pedagogia tag-aprendizaje tag-autonomia-3 tag-crianza-consciente tag-desarrollo-infantil tag-docentes tag-educacion-infantil tag-empatia-2 tag-funciones-ejecutivas tag-padres tag-responsabilidad cs-entry cs-video-wrap\">\n\t\t\t<div class=\"pk-post-outer\">\n\n\t\t\t\t\t\t\t\t<div class=\"pk-post-inner\">\n\t\t\t\t\t<div class=\"entry-thumbnail\">\n\t\t\t\t\t\t<div class=\"pk-overlay pk-overlay-ratio pk-ratio-landscape\">\n\t\t\t\t\t\t\t<div class=\"pk-overlay-background\">\n\t\t\t\t\t\t\t\t<a href=\"https:\/\/webdelmaestrocmf.com\/portal\/si-tu-hijo-hace-estas-3-cosas-felicidades-tienes-un-hijo-listo-para-toda-la-vida\/\" class=\"pk-overlay-link\">\n\t\t\t\t\t\t\t\t\t<img loading=\"lazy\" decoding=\"async\" width=\"300\" height=\"225\" src=\"https:\/\/webdelmaestrocmf.com\/portal\/wp-content\/uploads\/2026\/04\/1AA-Banner-1-portada-imagen-10-1-copia-3-7-300x225.webp\" class=\"attachment-pk-thumbnail size-pk-thumbnail wp-post-image\" alt=\"\" \/>\t\t\t\t\t\t\t\t<\/a>\n\t\t\t\t\t\t\t<\/div>\n\t\t\t\t\t\t<\/div>\n\t\t\t\t\t<\/div>\n\t\t\t\t<\/div>\n\t\t\t\t\n\t\t\t\t<div class=\"pk-post-inner\">\n\t\t\t\t\t<header>\n\t\t\t\t\t\t<h3 class=\"pk-title\"><a href=\"https:\/\/webdelmaestrocmf.com\/portal\/si-tu-hijo-hace-estas-3-cosas-felicidades-tienes-un-hijo-listo-para-toda-la-vida\/\" rel=\"bookmark\">Si tu hijo hace estas 3 cosas, felicidades: tienes un hijo listo para toda la vida<\/a><\/h3>\t\t\t\t\t<\/header><!-- .entry-header -->\n\t\t\t\t<\/div><!-- .post-inner -->\n\n\t\t\t<\/div><!-- .post-outer -->\n\t\t<\/article>\n\t\t\t\t<\/div>\n\t\t<\/div>\n\t\t\n","protected":false},"excerpt":{"rendered":"Sin equidad en la educaci\u00f3n, no existe justicia social. No se trata de ideolog\u00edas pol\u00edticas. Se trata de&hellip;","protected":false},"author":1,"featured_media":104293,"comment_status":"open","ping_status":"closed","sticky":false,"template":"","format":"standard","meta":{"csco_display_header_overlay":false,"csco_singular_sidebar":"","csco_page_header_type":"","csco_page_load_nextpost":"","csco_post_video_location":[],"csco_post_video_location_hash":"","csco_post_video_url":"","csco_post_video_bg_start_time":0,"csco_post_video_bg_end_time":0,"csco_post_video_bg_volume":false,"_jetpack_memberships_contains_paid_content":false,"footnotes":""},"categories":[735,5341],"tags":[1233,5342,55,4610,552],"class_list":{"0":"post-104292","1":"post","2":"type-post","3":"status-publish","4":"format-standard","5":"has-post-thumbnail","7":"category-pedagogia","8":"category-z-colaborador-david-auris","9":"tag-basica","10":"tag-david-auris","11":"tag-educacion","12":"tag-justicia","13":"tag-social","14":"cs-entry","15":"cs-video-wrap"},"yoast_head":"<!-- This site is optimized with the Yoast SEO plugin v27.5 - https:\/\/yoast.com\/product\/yoast-seo-wordpress\/ -->\n<title>[David Auris] Educaci\u00f3n b\u00e1sica para una justicia social - 2026<\/title>\n<meta name=\"description\" content=\"Sin equidad en la educaci\u00f3n, no existe justicia social. No se trata de ideolog\u00edas pol\u00edticas. Se trata de desarrollar el capital humano,...\" \/>\n<meta name=\"robots\" content=\"index, follow, max-snippet:-1, max-image-preview:large, max-video-preview:-1\" \/>\n<link rel=\"canonical\" href=\"https:\/\/webdelmaestrocmf.com\/portal\/david-auris-educacion-basica-para-una-justicia-social\/\" \/>\n<meta property=\"og:locale\" content=\"es_ES\" \/>\n<meta property=\"og:type\" content=\"article\" \/>\n<meta property=\"og:title\" content=\"[David Auris] Educaci\u00f3n b\u00e1sica para una justicia social - 2026\" \/>\n<meta property=\"og:description\" content=\"Sin equidad en la educaci\u00f3n, no existe justicia social. No se trata de ideolog\u00edas pol\u00edticas. Se trata de desarrollar el capital humano,...\" \/>\n<meta property=\"og:url\" content=\"https:\/\/webdelmaestrocmf.com\/portal\/david-auris-educacion-basica-para-una-justicia-social\/\" \/>\n<meta property=\"og:site_name\" content=\"Web del Maestro CMF\" \/>\n<meta property=\"article:publisher\" content=\"https:\/\/www.facebook.com\/WebdelMaestroCMF\/\" \/>\n<meta property=\"article:author\" content=\"https:\/\/www.facebook.com\/WebdelMaestroCMF\/\" \/>\n<meta property=\"article:published_time\" content=\"2024-02-25T15:19:05+00:00\" \/>\n<meta property=\"article:modified_time\" content=\"2024-05-01T21:30:55+00:00\" \/>\n<meta property=\"og:image\" content=\"https:\/\/webdelmaestrocmf.com\/portal\/wp-content\/uploads\/2024\/02\/Banner-1-portada-imagen-10-1-52.jpg\" \/>\n\t<meta property=\"og:image:width\" content=\"1024\" \/>\n\t<meta property=\"og:image:height\" content=\"1024\" \/>\n\t<meta property=\"og:image:type\" content=\"image\/jpeg\" \/>\n<meta name=\"author\" content=\"Web del Maestro CMF\" \/>\n<meta name=\"twitter:card\" content=\"summary_large_image\" \/>\n<meta name=\"twitter:creator\" content=\"@cmf_w\" \/>\n<meta name=\"twitter:site\" content=\"@cmf_w\" \/>\n<script type=\"application\/ld+json\" class=\"yoast-schema-graph\">{\"@context\":\"https:\\\/\\\/schema.org\",\"@graph\":[{\"@type\":\"ScholarlyArticle\",\"@id\":\"https:\\\/\\\/webdelmaestrocmf.com\\\/portal\\\/david-auris-educacion-basica-para-una-justicia-social\\\/#article\",\"isPartOf\":{\"@id\":\"https:\\\/\\\/webdelmaestrocmf.com\\\/portal\\\/david-auris-educacion-basica-para-una-justicia-social\\\/\"},\"author\":{\"name\":\"Web del Maestro CMF\",\"@id\":\"https:\\\/\\\/webdelmaestrocmf.com\\\/portal\\\/#\\\/schema\\\/person\\\/1072a2ed7bd960df8ef99a551fa35dc5\"},\"headline\":\"[David Auris] Educaci\u00f3n b\u00e1sica para una justicia social\",\"datePublished\":\"2024-02-25T15:19:05+00:00\",\"dateModified\":\"2024-05-01T21:30:55+00:00\",\"mainEntityOfPage\":{\"@id\":\"https:\\\/\\\/webdelmaestrocmf.com\\\/portal\\\/david-auris-educacion-basica-para-una-justicia-social\\\/\"},\"wordCount\":884,\"commentCount\":0,\"publisher\":{\"@id\":\"https:\\\/\\\/webdelmaestrocmf.com\\\/portal\\\/#organization\"},\"image\":{\"@id\":\"https:\\\/\\\/webdelmaestrocmf.com\\\/portal\\\/david-auris-educacion-basica-para-una-justicia-social\\\/#primaryimage\"},\"thumbnailUrl\":\"https:\\\/\\\/webdelmaestrocmf.com\\\/portal\\\/wp-content\\\/uploads\\\/2024\\\/02\\\/Banner-1-portada-imagen-10-1-52.jpg\",\"keywords\":[\"B\u00c1SICA\",\"David Auris\",\"EDUCACI\u00d3N\",\"justicia\",\"SOCIAL\"],\"articleSection\":[\"Recursos\",\"Z-Colaborador-David-Auris\"],\"inLanguage\":\"es\",\"potentialAction\":[{\"@type\":\"CommentAction\",\"name\":\"Comment\",\"target\":[\"https:\\\/\\\/webdelmaestrocmf.com\\\/portal\\\/david-auris-educacion-basica-para-una-justicia-social\\\/#respond\"]}]},{\"@type\":\"WebPage\",\"@id\":\"https:\\\/\\\/webdelmaestrocmf.com\\\/portal\\\/david-auris-educacion-basica-para-una-justicia-social\\\/\",\"url\":\"https:\\\/\\\/webdelmaestrocmf.com\\\/portal\\\/david-auris-educacion-basica-para-una-justicia-social\\\/\",\"name\":\"[David Auris] Educaci\u00f3n b\u00e1sica para una justicia social - 2026\",\"isPartOf\":{\"@id\":\"https:\\\/\\\/webdelmaestrocmf.com\\\/portal\\\/#website\"},\"primaryImageOfPage\":{\"@id\":\"https:\\\/\\\/webdelmaestrocmf.com\\\/portal\\\/david-auris-educacion-basica-para-una-justicia-social\\\/#primaryimage\"},\"image\":{\"@id\":\"https:\\\/\\\/webdelmaestrocmf.com\\\/portal\\\/david-auris-educacion-basica-para-una-justicia-social\\\/#primaryimage\"},\"thumbnailUrl\":\"https:\\\/\\\/webdelmaestrocmf.com\\\/portal\\\/wp-content\\\/uploads\\\/2024\\\/02\\\/Banner-1-portada-imagen-10-1-52.jpg\",\"datePublished\":\"2024-02-25T15:19:05+00:00\",\"dateModified\":\"2024-05-01T21:30:55+00:00\",\"description\":\"Sin equidad en la educaci\u00f3n, no existe justicia social. No se trata de ideolog\u00edas pol\u00edticas. Se trata de desarrollar el capital humano,...\",\"breadcrumb\":{\"@id\":\"https:\\\/\\\/webdelmaestrocmf.com\\\/portal\\\/david-auris-educacion-basica-para-una-justicia-social\\\/#breadcrumb\"},\"inLanguage\":\"es\",\"potentialAction\":[{\"@type\":\"ReadAction\",\"target\":[\"https:\\\/\\\/webdelmaestrocmf.com\\\/portal\\\/david-auris-educacion-basica-para-una-justicia-social\\\/\"]}]},{\"@type\":\"ImageObject\",\"inLanguage\":\"es\",\"@id\":\"https:\\\/\\\/webdelmaestrocmf.com\\\/portal\\\/david-auris-educacion-basica-para-una-justicia-social\\\/#primaryimage\",\"url\":\"https:\\\/\\\/webdelmaestrocmf.com\\\/portal\\\/wp-content\\\/uploads\\\/2024\\\/02\\\/Banner-1-portada-imagen-10-1-52.jpg\",\"contentUrl\":\"https:\\\/\\\/webdelmaestrocmf.com\\\/portal\\\/wp-content\\\/uploads\\\/2024\\\/02\\\/Banner-1-portada-imagen-10-1-52.jpg\",\"width\":1024,\"height\":1024},{\"@type\":\"BreadcrumbList\",\"@id\":\"https:\\\/\\\/webdelmaestrocmf.com\\\/portal\\\/david-auris-educacion-basica-para-una-justicia-social\\\/#breadcrumb\",\"itemListElement\":[{\"@type\":\"ListItem\",\"position\":1,\"name\":\"Portada\",\"item\":\"https:\\\/\\\/webdelmaestrocmf.com\\\/portal\\\/\"},{\"@type\":\"ListItem\",\"position\":2,\"name\":\"Recursos\",\"item\":\"https:\\\/\\\/webdelmaestrocmf.com\\\/portal\\\/category\\\/pedagogia\\\/\"},{\"@type\":\"ListItem\",\"position\":3,\"name\":\"[David Auris] Educaci\u00f3n b\u00e1sica para una justicia social\"}]},{\"@type\":\"WebSite\",\"@id\":\"https:\\\/\\\/webdelmaestrocmf.com\\\/portal\\\/#website\",\"url\":\"https:\\\/\\\/webdelmaestrocmf.com\\\/portal\\\/\",\"name\":\"Web del Maestro CMF\",\"description\":\"Maestros al servicio de la educaci\u00f3n\",\"publisher\":{\"@id\":\"https:\\\/\\\/webdelmaestrocmf.com\\\/portal\\\/#organization\"},\"alternateName\":\"WMCMF\",\"potentialAction\":[{\"@type\":\"SearchAction\",\"target\":{\"@type\":\"EntryPoint\",\"urlTemplate\":\"https:\\\/\\\/webdelmaestrocmf.com\\\/portal\\\/?s={search_term_string}\"},\"query-input\":{\"@type\":\"PropertyValueSpecification\",\"valueRequired\":true,\"valueName\":\"search_term_string\"}}],\"inLanguage\":\"es\"},{\"@type\":\"Organization\",\"@id\":\"https:\\\/\\\/webdelmaestrocmf.com\\\/portal\\\/#organization\",\"name\":\"Web del Maestro CMF\",\"alternateName\":\"WMCMF\",\"url\":\"https:\\\/\\\/webdelmaestrocmf.com\\\/portal\\\/\",\"logo\":{\"@type\":\"ImageObject\",\"inLanguage\":\"es\",\"@id\":\"https:\\\/\\\/webdelmaestrocmf.com\\\/portal\\\/#\\\/schema\\\/logo\\\/image\\\/\",\"url\":\"https:\\\/\\\/webdelmaestrocmf.com\\\/portal\\\/wp-content\\\/uploads\\\/2023\\\/01\\\/logo-wmcmf-2.png\",\"contentUrl\":\"https:\\\/\\\/webdelmaestrocmf.com\\\/portal\\\/wp-content\\\/uploads\\\/2023\\\/01\\\/logo-wmcmf-2.png\",\"width\":200,\"height\":60,\"caption\":\"Web del Maestro CMF\"},\"image\":{\"@id\":\"https:\\\/\\\/webdelmaestrocmf.com\\\/portal\\\/#\\\/schema\\\/logo\\\/image\\\/\"},\"sameAs\":[\"https:\\\/\\\/www.facebook.com\\\/WebdelMaestroCMF\\\/\",\"https:\\\/\\\/x.com\\\/cmf_w\",\"https:\\\/\\\/www.pinterest.com\\\/WMCMF\\\/\",\"https:\\\/\\\/www.linkedin.com\\\/company\\\/web-del-maestro-cmf\\\/\",\"https:\\\/\\\/www.instagram.com\\\/wmcmf\\\/\",\"https:\\\/\\\/www.youtube.com\\\/channel\\\/UCDPSvjbdodE5sHnC3OxutHw\",\"https:\\\/\\\/mastodon.social\\\/@wmcmf\",\"https:\\\/\\\/www.tiktok.com\\\/@webdelmaestrocmf\"]},{\"@type\":\"Person\",\"@id\":\"https:\\\/\\\/webdelmaestrocmf.com\\\/portal\\\/#\\\/schema\\\/person\\\/1072a2ed7bd960df8ef99a551fa35dc5\",\"name\":\"Web del Maestro CMF\",\"image\":{\"@type\":\"ImageObject\",\"inLanguage\":\"es\",\"@id\":\"https:\\\/\\\/secure.gravatar.com\\\/avatar\\\/23291dd5b5ae1077dcff3dbb04c3e02bd28403fa75af6d8787d5e97c5bbbe30b?s=96&d=mm&r=g\",\"url\":\"https:\\\/\\\/secure.gravatar.com\\\/avatar\\\/23291dd5b5ae1077dcff3dbb04c3e02bd28403fa75af6d8787d5e97c5bbbe30b?s=96&d=mm&r=g\",\"contentUrl\":\"https:\\\/\\\/secure.gravatar.com\\\/avatar\\\/23291dd5b5ae1077dcff3dbb04c3e02bd28403fa75af6d8787d5e97c5bbbe30b?s=96&d=mm&r=g\",\"caption\":\"Web del Maestro CMF\"},\"description\":\"Esta Web se cre\u00f3 sin fines de lucro, con fines educativos, cient\u00edficos y acad\u00e9micos, para personas que tengan dificultades y\\\/o inconvenientes en visualizar el material original. El objetivo es entregar recursos, compartir experiencias y materiales que ayuden a los padres de familia, maestros y estudiantes en su actualizaci\u00f3n y formaci\u00f3n permanente, en bien de la Educaci\u00f3n.\",\"sameAs\":[\"http:\\\/\\\/webdelmaestrocmf.com\\\/portal\",\"https:\\\/\\\/www.facebook.com\\\/WebdelMaestroCMF\\\/\",\"https:\\\/\\\/www.instagram.com\\\/wmcmf\\\/\",\"https:\\\/\\\/cl.linkedin.com\\\/company\\\/web-del-maestro-cmf\",\"https:\\\/\\\/www.pinterest.com\\\/WMCMF\\\/publicaciones\\\/\",\"https:\\\/\\\/x.com\\\/cmf_w\",\"https:\\\/\\\/www.youtube.com\\\/@WMCMF\"]}]}<\/script>\n<!-- \/ Yoast SEO plugin. -->","yoast_head_json":{"title":"[David Auris] Educaci\u00f3n b\u00e1sica para una justicia social - 2026","description":"Sin equidad en la educaci\u00f3n, no existe justicia social. No se trata de ideolog\u00edas pol\u00edticas. Se trata de desarrollar el capital humano,...","robots":{"index":"index","follow":"follow","max-snippet":"max-snippet:-1","max-image-preview":"max-image-preview:large","max-video-preview":"max-video-preview:-1"},"canonical":"https:\/\/webdelmaestrocmf.com\/portal\/david-auris-educacion-basica-para-una-justicia-social\/","og_locale":"es_ES","og_type":"article","og_title":"[David Auris] Educaci\u00f3n b\u00e1sica para una justicia social - 2026","og_description":"Sin equidad en la educaci\u00f3n, no existe justicia social. No se trata de ideolog\u00edas pol\u00edticas. Se trata de desarrollar el capital humano,...","og_url":"https:\/\/webdelmaestrocmf.com\/portal\/david-auris-educacion-basica-para-una-justicia-social\/","og_site_name":"Web del Maestro CMF","article_publisher":"https:\/\/www.facebook.com\/WebdelMaestroCMF\/","article_author":"https:\/\/www.facebook.com\/WebdelMaestroCMF\/","article_published_time":"2024-02-25T15:19:05+00:00","article_modified_time":"2024-05-01T21:30:55+00:00","og_image":[{"width":1024,"height":1024,"url":"https:\/\/webdelmaestrocmf.com\/portal\/wp-content\/uploads\/2024\/02\/Banner-1-portada-imagen-10-1-52.jpg","type":"image\/jpeg"}],"author":"Web del Maestro CMF","twitter_card":"summary_large_image","twitter_creator":"@cmf_w","twitter_site":"@cmf_w","schema":{"@context":"https:\/\/schema.org","@graph":[{"@type":"ScholarlyArticle","@id":"https:\/\/webdelmaestrocmf.com\/portal\/david-auris-educacion-basica-para-una-justicia-social\/#article","isPartOf":{"@id":"https:\/\/webdelmaestrocmf.com\/portal\/david-auris-educacion-basica-para-una-justicia-social\/"},"author":{"name":"Web del Maestro CMF","@id":"https:\/\/webdelmaestrocmf.com\/portal\/#\/schema\/person\/1072a2ed7bd960df8ef99a551fa35dc5"},"headline":"[David Auris] Educaci\u00f3n b\u00e1sica para una justicia social","datePublished":"2024-02-25T15:19:05+00:00","dateModified":"2024-05-01T21:30:55+00:00","mainEntityOfPage":{"@id":"https:\/\/webdelmaestrocmf.com\/portal\/david-auris-educacion-basica-para-una-justicia-social\/"},"wordCount":884,"commentCount":0,"publisher":{"@id":"https:\/\/webdelmaestrocmf.com\/portal\/#organization"},"image":{"@id":"https:\/\/webdelmaestrocmf.com\/portal\/david-auris-educacion-basica-para-una-justicia-social\/#primaryimage"},"thumbnailUrl":"https:\/\/webdelmaestrocmf.com\/portal\/wp-content\/uploads\/2024\/02\/Banner-1-portada-imagen-10-1-52.jpg","keywords":["B\u00c1SICA","David Auris","EDUCACI\u00d3N","justicia","SOCIAL"],"articleSection":["Recursos","Z-Colaborador-David-Auris"],"inLanguage":"es","potentialAction":[{"@type":"CommentAction","name":"Comment","target":["https:\/\/webdelmaestrocmf.com\/portal\/david-auris-educacion-basica-para-una-justicia-social\/#respond"]}]},{"@type":"WebPage","@id":"https:\/\/webdelmaestrocmf.com\/portal\/david-auris-educacion-basica-para-una-justicia-social\/","url":"https:\/\/webdelmaestrocmf.com\/portal\/david-auris-educacion-basica-para-una-justicia-social\/","name":"[David Auris] Educaci\u00f3n b\u00e1sica para una justicia social - 2026","isPartOf":{"@id":"https:\/\/webdelmaestrocmf.com\/portal\/#website"},"primaryImageOfPage":{"@id":"https:\/\/webdelmaestrocmf.com\/portal\/david-auris-educacion-basica-para-una-justicia-social\/#primaryimage"},"image":{"@id":"https:\/\/webdelmaestrocmf.com\/portal\/david-auris-educacion-basica-para-una-justicia-social\/#primaryimage"},"thumbnailUrl":"https:\/\/webdelmaestrocmf.com\/portal\/wp-content\/uploads\/2024\/02\/Banner-1-portada-imagen-10-1-52.jpg","datePublished":"2024-02-25T15:19:05+00:00","dateModified":"2024-05-01T21:30:55+00:00","description":"Sin equidad en la educaci\u00f3n, no existe justicia social. No se trata de ideolog\u00edas pol\u00edticas. Se trata de desarrollar el capital humano,...","breadcrumb":{"@id":"https:\/\/webdelmaestrocmf.com\/portal\/david-auris-educacion-basica-para-una-justicia-social\/#breadcrumb"},"inLanguage":"es","potentialAction":[{"@type":"ReadAction","target":["https:\/\/webdelmaestrocmf.com\/portal\/david-auris-educacion-basica-para-una-justicia-social\/"]}]},{"@type":"ImageObject","inLanguage":"es","@id":"https:\/\/webdelmaestrocmf.com\/portal\/david-auris-educacion-basica-para-una-justicia-social\/#primaryimage","url":"https:\/\/webdelmaestrocmf.com\/portal\/wp-content\/uploads\/2024\/02\/Banner-1-portada-imagen-10-1-52.jpg","contentUrl":"https:\/\/webdelmaestrocmf.com\/portal\/wp-content\/uploads\/2024\/02\/Banner-1-portada-imagen-10-1-52.jpg","width":1024,"height":1024},{"@type":"BreadcrumbList","@id":"https:\/\/webdelmaestrocmf.com\/portal\/david-auris-educacion-basica-para-una-justicia-social\/#breadcrumb","itemListElement":[{"@type":"ListItem","position":1,"name":"Portada","item":"https:\/\/webdelmaestrocmf.com\/portal\/"},{"@type":"ListItem","position":2,"name":"Recursos","item":"https:\/\/webdelmaestrocmf.com\/portal\/category\/pedagogia\/"},{"@type":"ListItem","position":3,"name":"[David Auris] Educaci\u00f3n b\u00e1sica para una justicia social"}]},{"@type":"WebSite","@id":"https:\/\/webdelmaestrocmf.com\/portal\/#website","url":"https:\/\/webdelmaestrocmf.com\/portal\/","name":"Web del Maestro CMF","description":"Maestros al servicio de la educaci\u00f3n","publisher":{"@id":"https:\/\/webdelmaestrocmf.com\/portal\/#organization"},"alternateName":"WMCMF","potentialAction":[{"@type":"SearchAction","target":{"@type":"EntryPoint","urlTemplate":"https:\/\/webdelmaestrocmf.com\/portal\/?s={search_term_string}"},"query-input":{"@type":"PropertyValueSpecification","valueRequired":true,"valueName":"search_term_string"}}],"inLanguage":"es"},{"@type":"Organization","@id":"https:\/\/webdelmaestrocmf.com\/portal\/#organization","name":"Web del Maestro CMF","alternateName":"WMCMF","url":"https:\/\/webdelmaestrocmf.com\/portal\/","logo":{"@type":"ImageObject","inLanguage":"es","@id":"https:\/\/webdelmaestrocmf.com\/portal\/#\/schema\/logo\/image\/","url":"https:\/\/webdelmaestrocmf.com\/portal\/wp-content\/uploads\/2023\/01\/logo-wmcmf-2.png","contentUrl":"https:\/\/webdelmaestrocmf.com\/portal\/wp-content\/uploads\/2023\/01\/logo-wmcmf-2.png","width":200,"height":60,"caption":"Web del Maestro CMF"},"image":{"@id":"https:\/\/webdelmaestrocmf.com\/portal\/#\/schema\/logo\/image\/"},"sameAs":["https:\/\/www.facebook.com\/WebdelMaestroCMF\/","https:\/\/x.com\/cmf_w","https:\/\/www.pinterest.com\/WMCMF\/","https:\/\/www.linkedin.com\/company\/web-del-maestro-cmf\/","https:\/\/www.instagram.com\/wmcmf\/","https:\/\/www.youtube.com\/channel\/UCDPSvjbdodE5sHnC3OxutHw","https:\/\/mastodon.social\/@wmcmf","https:\/\/www.tiktok.com\/@webdelmaestrocmf"]},{"@type":"Person","@id":"https:\/\/webdelmaestrocmf.com\/portal\/#\/schema\/person\/1072a2ed7bd960df8ef99a551fa35dc5","name":"Web del Maestro CMF","image":{"@type":"ImageObject","inLanguage":"es","@id":"https:\/\/secure.gravatar.com\/avatar\/23291dd5b5ae1077dcff3dbb04c3e02bd28403fa75af6d8787d5e97c5bbbe30b?s=96&d=mm&r=g","url":"https:\/\/secure.gravatar.com\/avatar\/23291dd5b5ae1077dcff3dbb04c3e02bd28403fa75af6d8787d5e97c5bbbe30b?s=96&d=mm&r=g","contentUrl":"https:\/\/secure.gravatar.com\/avatar\/23291dd5b5ae1077dcff3dbb04c3e02bd28403fa75af6d8787d5e97c5bbbe30b?s=96&d=mm&r=g","caption":"Web del Maestro CMF"},"description":"Esta Web se cre\u00f3 sin fines de lucro, con fines educativos, cient\u00edficos y acad\u00e9micos, para personas que tengan dificultades y\/o inconvenientes en visualizar el material original. El objetivo es entregar recursos, compartir experiencias y materiales que ayuden a los padres de familia, maestros y estudiantes en su actualizaci\u00f3n y formaci\u00f3n permanente, en bien de la Educaci\u00f3n.","sameAs":["http:\/\/webdelmaestrocmf.com\/portal","https:\/\/www.facebook.com\/WebdelMaestroCMF\/","https:\/\/www.instagram.com\/wmcmf\/","https:\/\/cl.linkedin.com\/company\/web-del-maestro-cmf","https:\/\/www.pinterest.com\/WMCMF\/publicaciones\/","https:\/\/x.com\/cmf_w","https:\/\/www.youtube.com\/@WMCMF"]}]}},"jetpack_featured_media_url":"https:\/\/webdelmaestrocmf.com\/portal\/wp-content\/uploads\/2024\/02\/Banner-1-portada-imagen-10-1-52.jpg","jetpack_sharing_enabled":true,"jetpack-related-posts":[{"id":89366,"url":"https:\/\/webdelmaestrocmf.com\/portal\/david-auris-tupac-amaru-ii-su-legado-educativo-para-la-transformacion-social\/","url_meta":{"origin":104292,"position":0},"title":"[David Auris] T\u00fapac Amaru II: su legado educativo para la transformaci\u00f3n social","author":"Web del Maestro CMF","date":"24 mayo, 2023","format":false,"excerpt":"Escribo este art\u00edculo, como homenaje a T\u00fapac Amaru II, el m\u00e1s grande revolucionario peruano que fue decapitado junto a su esposa, Micaela Bastidas, un 18 de mayo de 1781, por rebelarse contra la tiran\u00eda espa\u00f1ola diez a\u00f1os antes del estallido de la revoluci\u00f3n francesa, en busca de la justicia, la\u2026","rel":"","context":"En \u00abZ-Colaborador-David-Auris\u00bb","block_context":{"text":"Z-Colaborador-David-Auris","link":"https:\/\/webdelmaestrocmf.com\/portal\/category\/colaborador\/z-colaborador-david-auris\/"},"img":{"alt_text":"","src":"https:\/\/i0.wp.com\/webdelmaestrocmf.com\/portal\/wp-content\/uploads\/2023\/05\/A12B3C4D-17.jpg?resize=350%2C200&ssl=1","width":350,"height":200,"srcset":"https:\/\/i0.wp.com\/webdelmaestrocmf.com\/portal\/wp-content\/uploads\/2023\/05\/A12B3C4D-17.jpg?resize=350%2C200&ssl=1 1x, https:\/\/i0.wp.com\/webdelmaestrocmf.com\/portal\/wp-content\/uploads\/2023\/05\/A12B3C4D-17.jpg?resize=525%2C300&ssl=1 1.5x, https:\/\/i0.wp.com\/webdelmaestrocmf.com\/portal\/wp-content\/uploads\/2023\/05\/A12B3C4D-17.jpg?resize=700%2C400&ssl=1 2x"},"classes":[]},{"id":105562,"url":"https:\/\/webdelmaestrocmf.com\/portal\/david-auris-nombramiento-docente-meritocracia-o-justicia\/","url_meta":{"origin":104292,"position":1},"title":"[David Auris] Nombramiento docente: \u00bfmeritocracia o justicia?","author":"Web del Maestro CMF","date":"18 mayo, 2024","format":false,"excerpt":"La Ley N.\u00ba 31996, que promueve el acceso a la carrera p\u00fablica docente a los profesores interinos que fueron retirados el 31 de mayo de 2015, fue publicada este 9 de abril. Algunos expertos argumentan que esta ley es un golpe contra la calidad educativa y ciertos congresistas se\u00f1alan que\u2026","rel":"","context":"En \u00abZ-Colaborador-David-Auris\u00bb","block_context":{"text":"Z-Colaborador-David-Auris","link":"https:\/\/webdelmaestrocmf.com\/portal\/category\/colaborador\/z-colaborador-david-auris\/"},"img":{"alt_text":"","src":"https:\/\/i0.wp.com\/webdelmaestrocmf.com\/portal\/wp-content\/uploads\/2024\/05\/Banner-1-portada-imagen-10-1-2024-05-18T193616.909.jpg?resize=350%2C200&ssl=1","width":350,"height":200,"srcset":"https:\/\/i0.wp.com\/webdelmaestrocmf.com\/portal\/wp-content\/uploads\/2024\/05\/Banner-1-portada-imagen-10-1-2024-05-18T193616.909.jpg?resize=350%2C200&ssl=1 1x, https:\/\/i0.wp.com\/webdelmaestrocmf.com\/portal\/wp-content\/uploads\/2024\/05\/Banner-1-portada-imagen-10-1-2024-05-18T193616.909.jpg?resize=525%2C300&ssl=1 1.5x, https:\/\/i0.wp.com\/webdelmaestrocmf.com\/portal\/wp-content\/uploads\/2024\/05\/Banner-1-portada-imagen-10-1-2024-05-18T193616.909.jpg?resize=700%2C400&ssl=1 2x"},"classes":[]},{"id":101368,"url":"https:\/\/webdelmaestrocmf.com\/portal\/david-auris-poderosa-pedagogia-de-los-perversos-funcionarios-y-politicos-peruanos\/","url_meta":{"origin":104292,"position":2},"title":"[David Auris] Poderosa pedagog\u00eda de los perversos funcionarios y pol\u00edticos peruanos","author":"Web del Maestro CMF","date":"3 diciembre, 2023","format":false,"excerpt":"Algo compungido y pesimista, escribo este art\u00edculo, a pesar de mi fe en la humanidad. Es com\u00fan que las instituciones educativas eduquen al ser humano, sin embargo, la educaci\u00f3n m\u00e1s poderosa proviene de los malos funcionarios y pol\u00edticos de cualquier pa\u00eds. Con sus perversas acciones y torpes ejemplos que son\u2026","rel":"","context":"En \u00abZ-Colaborador-David-Auris\u00bb","block_context":{"text":"Z-Colaborador-David-Auris","link":"https:\/\/webdelmaestrocmf.com\/portal\/category\/colaborador\/z-colaborador-david-auris\/"},"img":{"alt_text":"","src":"https:\/\/i0.wp.com\/webdelmaestrocmf.com\/portal\/wp-content\/uploads\/2023\/12\/A12B3C4D-3.jpg?resize=350%2C200&ssl=1","width":350,"height":200,"srcset":"https:\/\/i0.wp.com\/webdelmaestrocmf.com\/portal\/wp-content\/uploads\/2023\/12\/A12B3C4D-3.jpg?resize=350%2C200&ssl=1 1x, https:\/\/i0.wp.com\/webdelmaestrocmf.com\/portal\/wp-content\/uploads\/2023\/12\/A12B3C4D-3.jpg?resize=525%2C300&ssl=1 1.5x, https:\/\/i0.wp.com\/webdelmaestrocmf.com\/portal\/wp-content\/uploads\/2023\/12\/A12B3C4D-3.jpg?resize=700%2C400&ssl=1 2x"},"classes":[]},{"id":102150,"url":"https:\/\/webdelmaestrocmf.com\/portal\/david-auris-reflexiones-y-compromisos-pedagogicos-para-el-2024\/","url_meta":{"origin":104292,"position":3},"title":"[David Auris] Reflexiones y compromisos pedag\u00f3gicos para el 2024","author":"Web del Maestro CMF","date":"5 enero, 2024","format":false,"excerpt":"A lo largo de estos d\u00edas, hab\u00eda escrito otro art\u00edculo, pero al leer el elogioso mensaje de la Dra. Juana Sancho, pionera en la introducci\u00f3n de la Inform\u00e1tica Educativa en Espa\u00f1a, cambi\u00e9 de opini\u00f3n.\u00a0 Ella me dese\u00f3 que tuviese una excelente salida del a\u00f1o 2023 y una fant\u00e1stica entrada al\u2026","rel":"","context":"En \u00abZ-Colaborador-David-Auris\u00bb","block_context":{"text":"Z-Colaborador-David-Auris","link":"https:\/\/webdelmaestrocmf.com\/portal\/category\/colaborador\/z-colaborador-david-auris\/"},"img":{"alt_text":"","src":"https:\/\/i0.wp.com\/webdelmaestrocmf.com\/portal\/wp-content\/uploads\/2024\/01\/A12B3C4D-2-3.jpg?resize=350%2C200&ssl=1","width":350,"height":200,"srcset":"https:\/\/i0.wp.com\/webdelmaestrocmf.com\/portal\/wp-content\/uploads\/2024\/01\/A12B3C4D-2-3.jpg?resize=350%2C200&ssl=1 1x, https:\/\/i0.wp.com\/webdelmaestrocmf.com\/portal\/wp-content\/uploads\/2024\/01\/A12B3C4D-2-3.jpg?resize=525%2C300&ssl=1 1.5x, https:\/\/i0.wp.com\/webdelmaestrocmf.com\/portal\/wp-content\/uploads\/2024\/01\/A12B3C4D-2-3.jpg?resize=700%2C400&ssl=1 2x"},"classes":[]},{"id":112061,"url":"https:\/\/webdelmaestrocmf.com\/portal\/david-auris-poderosa-pedagogia-de-los-perversos-funcionarios-y-politicos-peruanos-2\/","url_meta":{"origin":104292,"position":4},"title":"[David Auris] Poderosa pedagog\u00eda de los perversos funcionarios y pol\u00edticos peruanos\u00a0","author":"Web del Maestro CMF","date":"11 septiembre, 2025","format":false,"excerpt":"La corrupci\u00f3n de pol\u00edticos y funcionarios se ha vuelto un modelo perverso que educa negativamente a la sociedad entera.","rel":"","context":"En \u00abZ-Colaborador-David-Auris\u00bb","block_context":{"text":"Z-Colaborador-David-Auris","link":"https:\/\/webdelmaestrocmf.com\/portal\/category\/colaborador\/z-colaborador-david-auris\/"},"img":{"alt_text":"","src":"https:\/\/i0.wp.com\/webdelmaestrocmf.com\/portal\/wp-content\/uploads\/2025\/09\/1A-Banner-1-portada-imagen-10-1-copia-2025-09-11T183111.574.webp?resize=350%2C200&ssl=1","width":350,"height":200,"srcset":"https:\/\/i0.wp.com\/webdelmaestrocmf.com\/portal\/wp-content\/uploads\/2025\/09\/1A-Banner-1-portada-imagen-10-1-copia-2025-09-11T183111.574.webp?resize=350%2C200&ssl=1 1x, https:\/\/i0.wp.com\/webdelmaestrocmf.com\/portal\/wp-content\/uploads\/2025\/09\/1A-Banner-1-portada-imagen-10-1-copia-2025-09-11T183111.574.webp?resize=525%2C300&ssl=1 1.5x, https:\/\/i0.wp.com\/webdelmaestrocmf.com\/portal\/wp-content\/uploads\/2025\/09\/1A-Banner-1-portada-imagen-10-1-copia-2025-09-11T183111.574.webp?resize=700%2C400&ssl=1 2x"},"classes":[]},{"id":58382,"url":"https:\/\/webdelmaestrocmf.com\/portal\/david-auris-pedagogia-del-amor-para-una-vida-mejor\/","url_meta":{"origin":104292,"position":5},"title":"[David Auris] Pedagog\u00eda del amor para una vida mejor","author":"Web del Maestro CMF","date":"26 enero, 2021","format":false,"excerpt":"El amor es el verbo de todo acto pedag\u00f3gico. No existe educaci\u00f3n sin ternura, cognici\u00f3n y creatividad. Toda colectividad educativa est\u00e1 obligada a aceptar cada individualidad, para erigir una sociedad solidaria, sin ganadores ni perdedores. Nuestra sociedad posmoderna, sitiada por el Covid-19 y atrapado en la incertidumbre, violencia, exclusi\u00f3n e\u2026","rel":"","context":"En \u00abZ-Colaborador-David-Auris\u00bb","block_context":{"text":"Z-Colaborador-David-Auris","link":"https:\/\/webdelmaestrocmf.com\/portal\/category\/colaborador\/z-colaborador-david-auris\/"},"img":{"alt_text":"","src":"https:\/\/i0.wp.com\/webdelmaestrocmf.com\/portal\/wp-content\/uploads\/2021\/01\/2-43.jpg?resize=350%2C200&ssl=1","width":350,"height":200,"srcset":"https:\/\/i0.wp.com\/webdelmaestrocmf.com\/portal\/wp-content\/uploads\/2021\/01\/2-43.jpg?resize=350%2C200&ssl=1 1x, https:\/\/i0.wp.com\/webdelmaestrocmf.com\/portal\/wp-content\/uploads\/2021\/01\/2-43.jpg?resize=525%2C300&ssl=1 1.5x, https:\/\/i0.wp.com\/webdelmaestrocmf.com\/portal\/wp-content\/uploads\/2021\/01\/2-43.jpg?resize=700%2C400&ssl=1 2x, https:\/\/i0.wp.com\/webdelmaestrocmf.com\/portal\/wp-content\/uploads\/2021\/01\/2-43.jpg?resize=1050%2C600&ssl=1 3x"},"classes":[]}],"_links":{"self":[{"href":"https:\/\/webdelmaestrocmf.com\/portal\/wp-json\/wp\/v2\/posts\/104292","targetHints":{"allow":["GET"]}}],"collection":[{"href":"https:\/\/webdelmaestrocmf.com\/portal\/wp-json\/wp\/v2\/posts"}],"about":[{"href":"https:\/\/webdelmaestrocmf.com\/portal\/wp-json\/wp\/v2\/types\/post"}],"author":[{"embeddable":true,"href":"https:\/\/webdelmaestrocmf.com\/portal\/wp-json\/wp\/v2\/users\/1"}],"replies":[{"embeddable":true,"href":"https:\/\/webdelmaestrocmf.com\/portal\/wp-json\/wp\/v2\/comments?post=104292"}],"version-history":[{"count":0,"href":"https:\/\/webdelmaestrocmf.com\/portal\/wp-json\/wp\/v2\/posts\/104292\/revisions"}],"wp:featuredmedia":[{"embeddable":true,"href":"https:\/\/webdelmaestrocmf.com\/portal\/wp-json\/wp\/v2\/media\/104293"}],"wp:attachment":[{"href":"https:\/\/webdelmaestrocmf.com\/portal\/wp-json\/wp\/v2\/media?parent=104292"}],"wp:term":[{"taxonomy":"category","embeddable":true,"href":"https:\/\/webdelmaestrocmf.com\/portal\/wp-json\/wp\/v2\/categories?post=104292"},{"taxonomy":"post_tag","embeddable":true,"href":"https:\/\/webdelmaestrocmf.com\/portal\/wp-json\/wp\/v2\/tags?post=104292"}],"curies":[{"name":"wp","href":"https:\/\/api.w.org\/{rel}","templated":true}]}}