{"id":104057,"date":"2024-05-07T16:13:46","date_gmt":"2024-05-07T20:13:46","guid":{"rendered":"https:\/\/webdelmaestrocmf.com\/portal\/?p=104057"},"modified":"2024-05-08T15:41:50","modified_gmt":"2024-05-08T19:41:50","slug":"modelo-de-conformacion-de-comite-de-aula","status":"publish","type":"post","link":"https:\/\/webdelmaestrocmf.com\/portal\/modelo-de-conformacion-de-comite-de-aula\/","title":{"rendered":"Modelo de conformaci\u00f3n de Comit\u00e9 de Aula"},"content":{"rendered":"<p style=\"text-align: justify;\" data-sourcepos=\"3:1-3:111\"><strong>El Modelo de conformaci\u00f3n de Comit\u00e9 de Aula es una gu\u00eda que establece los pasos y requisitos para la creaci\u00f3n y organizaci\u00f3n de un comit\u00e9 en las instituciones educativas.<\/strong> <!--more--><\/p>\n<p style=\"text-align: justify;\" data-sourcepos=\"3:1-3:111\">Este modelo tiene como objetivo promover la participaci\u00f3n activa de los padres de familia en la gesti\u00f3n del aula, en colaboraci\u00f3n con el docente y la direcci\u00f3n escolar.<\/p>\n<p data-sourcepos=\"3:1-3:111\">Art\u00edculo relacionado:\u00a0<a href=\"https:\/\/webdelmaestrocmf.com\/portal\/como-organizar-nuestra-aula-para-este-nuevo-periodo\/\" target=\"_top\" rel=\"noopener\">\u00bfC\u00f3mo organizar nuestra aula para este nuevo periodo?<\/a><\/p>\n<h2 style=\"text-align: left;\" data-sourcepos=\"5:1-5:30\"><strong>\u00bfQu\u00e9 es el Comit\u00e9 de Aula?<\/strong><\/h2>\n<p style=\"text-align: justify;\" data-sourcepos=\"7:1-7:65\">El Comit\u00e9 de Aula es un \u00f3rgano de participaci\u00f3n y colaboraci\u00f3n de los padres de familia en la gesti\u00f3n del aula. Est\u00e1 conformado por un grupo de padres y madres de familia, elegidos por los dem\u00e1s padres del aula, que trabajan en conjunto con el docente para:<\/p>\n<ul style=\"text-align: justify;\" data-sourcepos=\"9:1-13:0\">\n<li data-sourcepos=\"9:1-9:53\">Apoyar el proceso educativo de los estudiantes.<\/li>\n<li data-sourcepos=\"10:1-10:71\">Mejorar la comunicaci\u00f3n entre la escuela y los padres de familia.<\/li>\n<li data-sourcepos=\"11:1-11:65\">Organizar actividades y eventos para el beneficio del aula.<\/li>\n<li data-sourcepos=\"12:1-13:0\">Colaborar en la resoluci\u00f3n de problemas y necesidades del aula.<\/li>\n<\/ul>\n<h2 style=\"text-align: left;\" data-sourcepos=\"14:1-14:41\"><strong>\u00bfQui\u00e9nes conforman el Comit\u00e9 de Aula?<\/strong><\/h2>\n<p style=\"text-align: justify;\" data-sourcepos=\"16:1-16:50\">El Comit\u00e9 de Aula generalmente est\u00e1 compuesto por:<\/p>\n<ul style=\"text-align: justify;\" data-sourcepos=\"18:1-20:66\">\n<li data-sourcepos=\"18:1-18:54\"><strong>Un presidente:<\/strong>\u00a0representante del Comit\u00e9 de Aula.<\/li>\n<li data-sourcepos=\"19:1-19:62\"><strong>Un vicepresidente:<\/strong>\u00a0apoya al presidente en sus funciones.<\/li>\n<li data-sourcepos=\"20:1-20:66\"><strong>Un secretario:<\/strong>\u00a0responsable de tomar notas y redactar las actas de las reuniones.<\/li>\n<li data-sourcepos=\"21:1-21:85\"><strong>Un tesorero:<\/strong>\u00a0responsable de la administraci\u00f3n de los fondos del Comit\u00e9 de Aula.<\/li>\n<li data-sourcepos=\"22:1-23:0\"><strong>Vocales:<\/strong>\u00a0miembros del Comit\u00e9 que apoyan en las diferentes actividades y tareas.<\/li>\n<\/ul>\n<h2 style=\"text-align: left;\" data-sourcepos=\"24:1-24:37\"><strong>\u00bfC\u00f3mo se elige al Comit\u00e9 de Aula?<\/strong><\/h2>\n<p style=\"text-align: justify;\" data-sourcepos=\"26:1-26:183\">La elecci\u00f3n del Comit\u00e9 de Aula se realiza mediante una asamblea de padres de familia del aula, donde se presentan los candidatos y se vota por los miembros que conformar\u00e1n el comit\u00e9.<\/p>\n<p style=\"text-align: justify;\" data-sourcepos=\"28:1-28:49\"><strong>\u00bfCu\u00e1les son las funciones del Comit\u00e9 de Aula?<\/strong><\/p>\n<p style=\"text-align: justify;\" data-sourcepos=\"30:1-30:127\">Las funciones del Comit\u00e9 de Aula pueden variar seg\u00fan las necesidades de cada instituci\u00f3n educativa, pero generalmente incluyen:<\/p>\n<ul style=\"text-align: justify;\" data-sourcepos=\"32:1-37:0\">\n<li data-sourcepos=\"32:1-32:69\">Colaborar en la elaboraci\u00f3n del Plan Anual de Trabajo del aula.<\/li>\n<li data-sourcepos=\"33:1-33:83\">Organizar y participar en actividades para el aprendizaje de los estudiantes.<\/li>\n<li data-sourcepos=\"34:1-34:52\">Apoyar en la gesti\u00f3n de recursos para el aula.<\/li>\n<li data-sourcepos=\"35:1-35:72\">Promover la comunicaci\u00f3n entre la escuela y los padres de familia.<\/li>\n<li data-sourcepos=\"36:1-37:0\">Colaborar en la resoluci\u00f3n de problemas y necesidades del aula.<\/li>\n<\/ul>\n<h2 style=\"text-align: left;\" data-sourcepos=\"38:1-38:50\"><strong>\u00bfCu\u00e1les son los beneficios del Comit\u00e9 de Aula?<\/strong><\/h2>\n<p style=\"text-align: justify;\" data-sourcepos=\"40:1-40:38\">Los beneficios del Comit\u00e9 de Aula son:<\/p>\n<ul data-sourcepos=\"42:1-43:35\">\n<li style=\"text-align: justify;\" data-sourcepos=\"42:1-42:84\">Mejora la participaci\u00f3n de los padres de familia en la educaci\u00f3n de sus hijos.<\/li>\n<li style=\"text-align: justify;\" data-sourcepos=\"43:1-43:35\">Fortalece la comunicaci\u00f3n entre la escuela y los padres de familia.<\/li>\n<li style=\"text-align: justify;\" data-sourcepos=\"44:1-44:64\">Contribuye a la mejora del aprendizaje de los estudiantes.<\/li>\n<li style=\"text-align: justify;\" data-sourcepos=\"45:1-46:0\">Crea un ambiente de colaboraci\u00f3n y participaci\u00f3n en el aula.<\/li>\n<\/ul>\n<p style=\"text-align: center;\">ENLACE DE LECTURA:\u00a0<a href=\"https:\/\/drive.google.com\/drive\/folders\/1TuZ4ffrZvGUmVKeqwS95eLDmtuKQdPeL?usp=sharing\" target=\"_blank\" rel=\"noopener\">MODELO DE CONFORMACI\u00d3N DE COMIT\u00c9 DE AULA<\/a><\/p>\n\t\t<div class=\"pk-inline-posts\">\n\t\t\t\n\t\t\t<div class=\"pk-inline-posts-container pk-inline-posts-template-list\"\n\t\t\t\tdata-columns=\"1\">\n\t\t\t\t\t\t<article id=\"post-101267\" class=\"post-101267 post type-post status-publish format-standard has-post-thumbnail category-calculo category-descargas-manuales-pdf category-pedagogia tag-calculo tag-desarrollar tag-guia tag-mental tag-ninos cs-entry cs-video-wrap\">\n\t\t\t<div class=\"pk-post-outer\">\n\n\t\t\t\t\t\t\t\t<div class=\"pk-post-inner\">\n\t\t\t\t\t<div class=\"entry-thumbnail\">\n\t\t\t\t\t\t<div class=\"pk-overlay pk-overlay-ratio pk-ratio-landscape\">\n\t\t\t\t\t\t\t<div class=\"pk-overlay-background\">\n\t\t\t\t\t\t\t\t<a href=\"https:\/\/webdelmaestrocmf.com\/portal\/guia-para-desarrollar-el-calculo-mental-en-ninos\/\" class=\"pk-overlay-link\">\n\t\t\t\t\t\t\t\t\t<img loading=\"lazy\" decoding=\"async\" width=\"300\" height=\"225\" src=\"https:\/\/webdelmaestrocmf.com\/portal\/wp-content\/uploads\/2023\/11\/1AA-Banner-1-portada-imagen-10-1-copia-1-300x225.webp\" class=\"attachment-pk-thumbnail size-pk-thumbnail wp-post-image\" alt=\"\" \/>\t\t\t\t\t\t\t\t<\/a>\n\t\t\t\t\t\t\t<\/div>\n\t\t\t\t\t\t<\/div>\n\t\t\t\t\t<\/div>\n\t\t\t\t<\/div>\n\t\t\t\t\n\t\t\t\t<div class=\"pk-post-inner\">\n\t\t\t\t\t<header>\n\t\t\t\t\t\t<h3 class=\"pk-title\"><a href=\"https:\/\/webdelmaestrocmf.com\/portal\/guia-para-desarrollar-el-calculo-mental-en-ninos\/\" rel=\"bookmark\">Gu\u00eda pr\u00e1ctica para desarrollar el c\u00e1lculo mental en ni\u00f1os: descarga los tres cuadernillos de c\u00e1lculo mental<\/a><\/h3>\t\t\t\t\t<\/header><!-- .entry-header -->\n\t\t\t\t<\/div><!-- .post-inner -->\n\n\t\t\t<\/div><!-- .post-outer -->\n\t\t<\/article>\n\t\t\t<article id=\"post-95551\" class=\"post-95551 post type-post status-publish format-standard has-post-thumbnail category-deficit-de-atencion category-descargas-manuales-pdf category-pedagogia tag-actividades-al-aire-libre tag-actividades-en-casa tag-actividades-escolares tag-ambiente-de-aprendizaje tag-atencion tag-atencion-plena tag-comprension-lectora tag-concentracion tag-desarrollo-cognitivo tag-educacion tag-ejercicios-de-atencion tag-ejercicios-de-respiracion tag-estrategias-educativas tag-habilidades-de-atencio tag-herramientas-visuales tag-juegos-de-atencion tag-juegos-de-mesa tag-lectura-conjunta tag-limitar-tiempo-de-pantalla tag-mindfulness tag-ninos-distraidos tag-organizacion tag-pausas-activas tag-rompecabezas tag-rutinas tag-tareas-domesticas tag-tdah tag-tecnicas-de-concentracion tag-tiempo-de-silencio cs-entry cs-video-wrap\">\n\t\t\t<div class=\"pk-post-outer\">\n\n\t\t\t\t\t\t\t\t<div class=\"pk-post-inner\">\n\t\t\t\t\t<div class=\"entry-thumbnail\">\n\t\t\t\t\t\t<div class=\"pk-overlay pk-overlay-ratio pk-ratio-landscape\">\n\t\t\t\t\t\t\t<div class=\"pk-overlay-background\">\n\t\t\t\t\t\t\t\t<a href=\"https:\/\/webdelmaestrocmf.com\/portal\/como-educar-a-ninos-distraidos-o-despistados-que-se-puede-hacer-en-clase\/\" class=\"pk-overlay-link\">\n\t\t\t\t\t\t\t\t\t<img loading=\"lazy\" decoding=\"async\" width=\"300\" height=\"225\" src=\"https:\/\/webdelmaestrocmf.com\/portal\/wp-content\/uploads\/2023\/09\/1A-Banner-1-portada-imagen-10-1-copia-1-300x225.jpg\" class=\"attachment-pk-thumbnail size-pk-thumbnail wp-post-image\" alt=\"\" \/>\t\t\t\t\t\t\t\t<\/a>\n\t\t\t\t\t\t\t<\/div>\n\t\t\t\t\t\t<\/div>\n\t\t\t\t\t<\/div>\n\t\t\t\t<\/div>\n\t\t\t\t\n\t\t\t\t<div class=\"pk-post-inner\">\n\t\t\t\t\t<header>\n\t\t\t\t\t\t<h3 class=\"pk-title\"><a href=\"https:\/\/webdelmaestrocmf.com\/portal\/como-educar-a-ninos-distraidos-o-despistados-que-se-puede-hacer-en-clase\/\" rel=\"bookmark\">C\u00f3mo educar a ni\u00f1os distra\u00eddos o despistados. \u00bfQu\u00e9 se puede hacer en clase? Descarga las 80 actividades para trabajar la atenci\u00f3n en clases<\/a><\/h3>\t\t\t\t\t<\/header><!-- .entry-header -->\n\t\t\t\t<\/div><!-- .post-inner -->\n\n\t\t\t<\/div><!-- .post-outer -->\n\t\t<\/article>\n\t\t\t<article id=\"post-20592\" class=\"post-20592 post type-post status-publish format-standard has-post-thumbnail category-descarga category-descargas-manuales-pdf category-estres category-pedagogia tag-docentes tag-educadores tag-guia tag-mindfulness tag-practica cs-entry cs-video-wrap\">\n\t\t\t<div class=\"pk-post-outer\">\n\n\t\t\t\t\t\t\t\t<div class=\"pk-post-inner\">\n\t\t\t\t\t<div class=\"entry-thumbnail\">\n\t\t\t\t\t\t<div class=\"pk-overlay pk-overlay-ratio pk-ratio-landscape\">\n\t\t\t\t\t\t\t<div class=\"pk-overlay-background\">\n\t\t\t\t\t\t\t\t<a href=\"https:\/\/webdelmaestrocmf.com\/portal\/mindfulness-guia-practica-docentes-educadores\/\" class=\"pk-overlay-link\">\n\t\t\t\t\t\t\t\t\t<img loading=\"lazy\" decoding=\"async\" width=\"300\" height=\"225\" src=\"https:\/\/webdelmaestrocmf.com\/portal\/wp-content\/uploads\/2020\/03\/1AA-Banner-1-portada-imagen-10-1-copia-4-300x225.webp\" class=\"attachment-pk-thumbnail size-pk-thumbnail wp-post-image\" alt=\"\" \/>\t\t\t\t\t\t\t\t<\/a>\n\t\t\t\t\t\t\t<\/div>\n\t\t\t\t\t\t<\/div>\n\t\t\t\t\t<\/div>\n\t\t\t\t<\/div>\n\t\t\t\t\n\t\t\t\t<div class=\"pk-post-inner\">\n\t\t\t\t\t<header>\n\t\t\t\t\t\t<h3 class=\"pk-title\"><a href=\"https:\/\/webdelmaestrocmf.com\/portal\/mindfulness-guia-practica-docentes-educadores\/\" rel=\"bookmark\">Mindfulness: Gu\u00eda pr\u00e1ctica para docentes y educadores<\/a><\/h3>\t\t\t\t\t<\/header><!-- .entry-header -->\n\t\t\t\t<\/div><!-- .post-inner -->\n\n\t\t\t<\/div><!-- .post-outer -->\n\t\t<\/article>\n\t\t\t\t<\/div>\n\t\t<\/div>\n\t\t\n","protected":false},"excerpt":{"rendered":"El Modelo de conformaci\u00f3n de Comit\u00e9 de Aula es una gu\u00eda que establece los pasos y requisitos para&hellip;","protected":false},"author":1,"featured_media":104058,"comment_status":"open","ping_status":"closed","sticky":false,"template":"","format":"standard","meta":{"csco_display_header_overlay":false,"csco_singular_sidebar":"","csco_page_header_type":"","csco_page_load_nextpost":"","csco_post_video_location":[],"csco_post_video_location_hash":"","csco_post_video_url":"","csco_post_video_bg_start_time":0,"csco_post_video_bg_end_time":0,"csco_post_video_bg_volume":false,"_jetpack_memberships_contains_paid_content":false,"footnotes":""},"categories":[2004,735],"tags":[596,23386,15205,1969],"class_list":{"0":"post-104057","1":"post","2":"type-post","3":"status-publish","4":"format-standard","5":"has-post-thumbnail","7":"category-descargas-manuales-pdf","8":"category-pedagogia","9":"tag-aula","10":"tag-comite","11":"tag-conformacion","12":"tag-modelo","13":"cs-entry","14":"cs-video-wrap"},"yoast_head":"<!-- This site is optimized with the Yoast SEO plugin v27.5 - https:\/\/yoast.com\/product\/yoast-seo-wordpress\/ -->\n<title>Modelo de conformaci\u00f3n de Comit\u00e9 de Aula - 2026<\/title>\n<meta name=\"description\" content=\"El Modelo de conformaci\u00f3n de Comit\u00e9 de Aula es una gu\u00eda que establece los pasos y requisitos para la creaci\u00f3n y organizaci\u00f3n del Comit\u00e9...\" \/>\n<meta name=\"robots\" content=\"index, follow, max-snippet:-1, max-image-preview:large, max-video-preview:-1\" \/>\n<link rel=\"canonical\" href=\"https:\/\/webdelmaestrocmf.com\/portal\/modelo-de-conformacion-de-comite-de-aula\/\" \/>\n<meta property=\"og:locale\" content=\"es_ES\" \/>\n<meta property=\"og:type\" content=\"article\" \/>\n<meta property=\"og:title\" content=\"Modelo de conformaci\u00f3n de Comit\u00e9 de Aula - 2026\" \/>\n<meta property=\"og:description\" content=\"El Modelo de conformaci\u00f3n de Comit\u00e9 de Aula es una gu\u00eda que establece los pasos y requisitos para la creaci\u00f3n y organizaci\u00f3n del Comit\u00e9...\" \/>\n<meta property=\"og:url\" content=\"https:\/\/webdelmaestrocmf.com\/portal\/modelo-de-conformacion-de-comite-de-aula\/\" \/>\n<meta property=\"og:site_name\" content=\"Web del Maestro CMF\" \/>\n<meta property=\"article:publisher\" content=\"https:\/\/www.facebook.com\/WebdelMaestroCMF\/\" \/>\n<meta property=\"article:author\" content=\"https:\/\/www.facebook.com\/WebdelMaestroCMF\/\" \/>\n<meta property=\"article:published_time\" content=\"2024-05-07T20:13:46+00:00\" \/>\n<meta property=\"article:modified_time\" content=\"2024-05-08T19:41:50+00:00\" \/>\n<meta property=\"og:image\" content=\"https:\/\/webdelmaestrocmf.com\/portal\/wp-content\/uploads\/2024\/02\/Banner-1-portada-imagen-10-1-14-3.jpg\" \/>\n\t<meta property=\"og:image:width\" content=\"1024\" \/>\n\t<meta property=\"og:image:height\" content=\"1024\" \/>\n\t<meta property=\"og:image:type\" content=\"image\/jpeg\" \/>\n<meta name=\"author\" content=\"Web del Maestro CMF\" \/>\n<meta name=\"twitter:card\" content=\"summary_large_image\" \/>\n<meta name=\"twitter:creator\" content=\"@cmf_w\" \/>\n<meta name=\"twitter:site\" content=\"@cmf_w\" \/>\n<script type=\"application\/ld+json\" class=\"yoast-schema-graph\">{\"@context\":\"https:\\\/\\\/schema.org\",\"@graph\":[{\"@type\":\"ScholarlyArticle\",\"@id\":\"https:\\\/\\\/webdelmaestrocmf.com\\\/portal\\\/modelo-de-conformacion-de-comite-de-aula\\\/#article\",\"isPartOf\":{\"@id\":\"https:\\\/\\\/webdelmaestrocmf.com\\\/portal\\\/modelo-de-conformacion-de-comite-de-aula\\\/\"},\"author\":{\"name\":\"Web del Maestro CMF\",\"@id\":\"https:\\\/\\\/webdelmaestrocmf.com\\\/portal\\\/#\\\/schema\\\/person\\\/1072a2ed7bd960df8ef99a551fa35dc5\"},\"headline\":\"Modelo de conformaci\u00f3n de Comit\u00e9 de Aula\",\"datePublished\":\"2024-05-07T20:13:46+00:00\",\"dateModified\":\"2024-05-08T19:41:50+00:00\",\"mainEntityOfPage\":{\"@id\":\"https:\\\/\\\/webdelmaestrocmf.com\\\/portal\\\/modelo-de-conformacion-de-comite-de-aula\\\/\"},\"wordCount\":456,\"commentCount\":0,\"publisher\":{\"@id\":\"https:\\\/\\\/webdelmaestrocmf.com\\\/portal\\\/#organization\"},\"image\":{\"@id\":\"https:\\\/\\\/webdelmaestrocmf.com\\\/portal\\\/modelo-de-conformacion-de-comite-de-aula\\\/#primaryimage\"},\"thumbnailUrl\":\"https:\\\/\\\/webdelmaestrocmf.com\\\/portal\\\/wp-content\\\/uploads\\\/2024\\\/02\\\/Banner-1-portada-imagen-10-1-14-3.jpg\",\"keywords\":[\"aula\",\"Comit\u00e9\",\"conformaci\u00f3n\",\"MODELO\"],\"articleSection\":[\"Descargas Manuales PDF\",\"Recursos\"],\"inLanguage\":\"es\",\"potentialAction\":[{\"@type\":\"CommentAction\",\"name\":\"Comment\",\"target\":[\"https:\\\/\\\/webdelmaestrocmf.com\\\/portal\\\/modelo-de-conformacion-de-comite-de-aula\\\/#respond\"]}]},{\"@type\":\"WebPage\",\"@id\":\"https:\\\/\\\/webdelmaestrocmf.com\\\/portal\\\/modelo-de-conformacion-de-comite-de-aula\\\/\",\"url\":\"https:\\\/\\\/webdelmaestrocmf.com\\\/portal\\\/modelo-de-conformacion-de-comite-de-aula\\\/\",\"name\":\"Modelo de conformaci\u00f3n de Comit\u00e9 de Aula - 2026\",\"isPartOf\":{\"@id\":\"https:\\\/\\\/webdelmaestrocmf.com\\\/portal\\\/#website\"},\"primaryImageOfPage\":{\"@id\":\"https:\\\/\\\/webdelmaestrocmf.com\\\/portal\\\/modelo-de-conformacion-de-comite-de-aula\\\/#primaryimage\"},\"image\":{\"@id\":\"https:\\\/\\\/webdelmaestrocmf.com\\\/portal\\\/modelo-de-conformacion-de-comite-de-aula\\\/#primaryimage\"},\"thumbnailUrl\":\"https:\\\/\\\/webdelmaestrocmf.com\\\/portal\\\/wp-content\\\/uploads\\\/2024\\\/02\\\/Banner-1-portada-imagen-10-1-14-3.jpg\",\"datePublished\":\"2024-05-07T20:13:46+00:00\",\"dateModified\":\"2024-05-08T19:41:50+00:00\",\"description\":\"El Modelo de conformaci\u00f3n de Comit\u00e9 de Aula es una gu\u00eda que establece los pasos y requisitos para la creaci\u00f3n y organizaci\u00f3n del Comit\u00e9...\",\"breadcrumb\":{\"@id\":\"https:\\\/\\\/webdelmaestrocmf.com\\\/portal\\\/modelo-de-conformacion-de-comite-de-aula\\\/#breadcrumb\"},\"inLanguage\":\"es\",\"potentialAction\":[{\"@type\":\"ReadAction\",\"target\":[\"https:\\\/\\\/webdelmaestrocmf.com\\\/portal\\\/modelo-de-conformacion-de-comite-de-aula\\\/\"]}]},{\"@type\":\"ImageObject\",\"inLanguage\":\"es\",\"@id\":\"https:\\\/\\\/webdelmaestrocmf.com\\\/portal\\\/modelo-de-conformacion-de-comite-de-aula\\\/#primaryimage\",\"url\":\"https:\\\/\\\/webdelmaestrocmf.com\\\/portal\\\/wp-content\\\/uploads\\\/2024\\\/02\\\/Banner-1-portada-imagen-10-1-14-3.jpg\",\"contentUrl\":\"https:\\\/\\\/webdelmaestrocmf.com\\\/portal\\\/wp-content\\\/uploads\\\/2024\\\/02\\\/Banner-1-portada-imagen-10-1-14-3.jpg\",\"width\":1024,\"height\":1024},{\"@type\":\"BreadcrumbList\",\"@id\":\"https:\\\/\\\/webdelmaestrocmf.com\\\/portal\\\/modelo-de-conformacion-de-comite-de-aula\\\/#breadcrumb\",\"itemListElement\":[{\"@type\":\"ListItem\",\"position\":1,\"name\":\"Portada\",\"item\":\"https:\\\/\\\/webdelmaestrocmf.com\\\/portal\\\/\"},{\"@type\":\"ListItem\",\"position\":2,\"name\":\"Recursos\",\"item\":\"https:\\\/\\\/webdelmaestrocmf.com\\\/portal\\\/category\\\/pedagogia\\\/\"},{\"@type\":\"ListItem\",\"position\":3,\"name\":\"Modelo de conformaci\u00f3n de Comit\u00e9 de Aula\"}]},{\"@type\":\"WebSite\",\"@id\":\"https:\\\/\\\/webdelmaestrocmf.com\\\/portal\\\/#website\",\"url\":\"https:\\\/\\\/webdelmaestrocmf.com\\\/portal\\\/\",\"name\":\"Web del Maestro CMF\",\"description\":\"Maestros al servicio de la educaci\u00f3n\",\"publisher\":{\"@id\":\"https:\\\/\\\/webdelmaestrocmf.com\\\/portal\\\/#organization\"},\"alternateName\":\"WMCMF\",\"potentialAction\":[{\"@type\":\"SearchAction\",\"target\":{\"@type\":\"EntryPoint\",\"urlTemplate\":\"https:\\\/\\\/webdelmaestrocmf.com\\\/portal\\\/?s={search_term_string}\"},\"query-input\":{\"@type\":\"PropertyValueSpecification\",\"valueRequired\":true,\"valueName\":\"search_term_string\"}}],\"inLanguage\":\"es\"},{\"@type\":\"Organization\",\"@id\":\"https:\\\/\\\/webdelmaestrocmf.com\\\/portal\\\/#organization\",\"name\":\"Web del Maestro CMF\",\"alternateName\":\"WMCMF\",\"url\":\"https:\\\/\\\/webdelmaestrocmf.com\\\/portal\\\/\",\"logo\":{\"@type\":\"ImageObject\",\"inLanguage\":\"es\",\"@id\":\"https:\\\/\\\/webdelmaestrocmf.com\\\/portal\\\/#\\\/schema\\\/logo\\\/image\\\/\",\"url\":\"https:\\\/\\\/webdelmaestrocmf.com\\\/portal\\\/wp-content\\\/uploads\\\/2023\\\/01\\\/logo-wmcmf-2.png\",\"contentUrl\":\"https:\\\/\\\/webdelmaestrocmf.com\\\/portal\\\/wp-content\\\/uploads\\\/2023\\\/01\\\/logo-wmcmf-2.png\",\"width\":200,\"height\":60,\"caption\":\"Web del Maestro CMF\"},\"image\":{\"@id\":\"https:\\\/\\\/webdelmaestrocmf.com\\\/portal\\\/#\\\/schema\\\/logo\\\/image\\\/\"},\"sameAs\":[\"https:\\\/\\\/www.facebook.com\\\/WebdelMaestroCMF\\\/\",\"https:\\\/\\\/x.com\\\/cmf_w\",\"https:\\\/\\\/www.pinterest.com\\\/WMCMF\\\/\",\"https:\\\/\\\/www.linkedin.com\\\/company\\\/web-del-maestro-cmf\\\/\",\"https:\\\/\\\/www.instagram.com\\\/wmcmf\\\/\",\"https:\\\/\\\/www.youtube.com\\\/channel\\\/UCDPSvjbdodE5sHnC3OxutHw\",\"https:\\\/\\\/mastodon.social\\\/@wmcmf\",\"https:\\\/\\\/www.tiktok.com\\\/@webdelmaestrocmf\"]},{\"@type\":\"Person\",\"@id\":\"https:\\\/\\\/webdelmaestrocmf.com\\\/portal\\\/#\\\/schema\\\/person\\\/1072a2ed7bd960df8ef99a551fa35dc5\",\"name\":\"Web del Maestro CMF\",\"image\":{\"@type\":\"ImageObject\",\"inLanguage\":\"es\",\"@id\":\"https:\\\/\\\/secure.gravatar.com\\\/avatar\\\/23291dd5b5ae1077dcff3dbb04c3e02bd28403fa75af6d8787d5e97c5bbbe30b?s=96&d=mm&r=g\",\"url\":\"https:\\\/\\\/secure.gravatar.com\\\/avatar\\\/23291dd5b5ae1077dcff3dbb04c3e02bd28403fa75af6d8787d5e97c5bbbe30b?s=96&d=mm&r=g\",\"contentUrl\":\"https:\\\/\\\/secure.gravatar.com\\\/avatar\\\/23291dd5b5ae1077dcff3dbb04c3e02bd28403fa75af6d8787d5e97c5bbbe30b?s=96&d=mm&r=g\",\"caption\":\"Web del Maestro CMF\"},\"description\":\"Esta Web se cre\u00f3 sin fines de lucro, con fines educativos, cient\u00edficos y acad\u00e9micos, para personas que tengan dificultades y\\\/o inconvenientes en visualizar el material original. El objetivo es entregar recursos, compartir experiencias y materiales que ayuden a los padres de familia, maestros y estudiantes en su actualizaci\u00f3n y formaci\u00f3n permanente, en bien de la Educaci\u00f3n.\",\"sameAs\":[\"http:\\\/\\\/webdelmaestrocmf.com\\\/portal\",\"https:\\\/\\\/www.facebook.com\\\/WebdelMaestroCMF\\\/\",\"https:\\\/\\\/www.instagram.com\\\/wmcmf\\\/\",\"https:\\\/\\\/cl.linkedin.com\\\/company\\\/web-del-maestro-cmf\",\"https:\\\/\\\/www.pinterest.com\\\/WMCMF\\\/publicaciones\\\/\",\"https:\\\/\\\/x.com\\\/cmf_w\",\"https:\\\/\\\/www.youtube.com\\\/@WMCMF\"]}]}<\/script>\n<!-- \/ Yoast SEO plugin. -->","yoast_head_json":{"title":"Modelo de conformaci\u00f3n de Comit\u00e9 de Aula - 2026","description":"El Modelo de conformaci\u00f3n de Comit\u00e9 de Aula es una gu\u00eda que establece los pasos y requisitos para la creaci\u00f3n y organizaci\u00f3n del Comit\u00e9...","robots":{"index":"index","follow":"follow","max-snippet":"max-snippet:-1","max-image-preview":"max-image-preview:large","max-video-preview":"max-video-preview:-1"},"canonical":"https:\/\/webdelmaestrocmf.com\/portal\/modelo-de-conformacion-de-comite-de-aula\/","og_locale":"es_ES","og_type":"article","og_title":"Modelo de conformaci\u00f3n de Comit\u00e9 de Aula - 2026","og_description":"El Modelo de conformaci\u00f3n de Comit\u00e9 de Aula es una gu\u00eda que establece los pasos y requisitos para la creaci\u00f3n y organizaci\u00f3n del Comit\u00e9...","og_url":"https:\/\/webdelmaestrocmf.com\/portal\/modelo-de-conformacion-de-comite-de-aula\/","og_site_name":"Web del Maestro CMF","article_publisher":"https:\/\/www.facebook.com\/WebdelMaestroCMF\/","article_author":"https:\/\/www.facebook.com\/WebdelMaestroCMF\/","article_published_time":"2024-05-07T20:13:46+00:00","article_modified_time":"2024-05-08T19:41:50+00:00","og_image":[{"width":1024,"height":1024,"url":"https:\/\/webdelmaestrocmf.com\/portal\/wp-content\/uploads\/2024\/02\/Banner-1-portada-imagen-10-1-14-3.jpg","type":"image\/jpeg"}],"author":"Web del Maestro CMF","twitter_card":"summary_large_image","twitter_creator":"@cmf_w","twitter_site":"@cmf_w","schema":{"@context":"https:\/\/schema.org","@graph":[{"@type":"ScholarlyArticle","@id":"https:\/\/webdelmaestrocmf.com\/portal\/modelo-de-conformacion-de-comite-de-aula\/#article","isPartOf":{"@id":"https:\/\/webdelmaestrocmf.com\/portal\/modelo-de-conformacion-de-comite-de-aula\/"},"author":{"name":"Web del Maestro CMF","@id":"https:\/\/webdelmaestrocmf.com\/portal\/#\/schema\/person\/1072a2ed7bd960df8ef99a551fa35dc5"},"headline":"Modelo de conformaci\u00f3n de Comit\u00e9 de Aula","datePublished":"2024-05-07T20:13:46+00:00","dateModified":"2024-05-08T19:41:50+00:00","mainEntityOfPage":{"@id":"https:\/\/webdelmaestrocmf.com\/portal\/modelo-de-conformacion-de-comite-de-aula\/"},"wordCount":456,"commentCount":0,"publisher":{"@id":"https:\/\/webdelmaestrocmf.com\/portal\/#organization"},"image":{"@id":"https:\/\/webdelmaestrocmf.com\/portal\/modelo-de-conformacion-de-comite-de-aula\/#primaryimage"},"thumbnailUrl":"https:\/\/webdelmaestrocmf.com\/portal\/wp-content\/uploads\/2024\/02\/Banner-1-portada-imagen-10-1-14-3.jpg","keywords":["aula","Comit\u00e9","conformaci\u00f3n","MODELO"],"articleSection":["Descargas Manuales PDF","Recursos"],"inLanguage":"es","potentialAction":[{"@type":"CommentAction","name":"Comment","target":["https:\/\/webdelmaestrocmf.com\/portal\/modelo-de-conformacion-de-comite-de-aula\/#respond"]}]},{"@type":"WebPage","@id":"https:\/\/webdelmaestrocmf.com\/portal\/modelo-de-conformacion-de-comite-de-aula\/","url":"https:\/\/webdelmaestrocmf.com\/portal\/modelo-de-conformacion-de-comite-de-aula\/","name":"Modelo de conformaci\u00f3n de Comit\u00e9 de Aula - 2026","isPartOf":{"@id":"https:\/\/webdelmaestrocmf.com\/portal\/#website"},"primaryImageOfPage":{"@id":"https:\/\/webdelmaestrocmf.com\/portal\/modelo-de-conformacion-de-comite-de-aula\/#primaryimage"},"image":{"@id":"https:\/\/webdelmaestrocmf.com\/portal\/modelo-de-conformacion-de-comite-de-aula\/#primaryimage"},"thumbnailUrl":"https:\/\/webdelmaestrocmf.com\/portal\/wp-content\/uploads\/2024\/02\/Banner-1-portada-imagen-10-1-14-3.jpg","datePublished":"2024-05-07T20:13:46+00:00","dateModified":"2024-05-08T19:41:50+00:00","description":"El Modelo de conformaci\u00f3n de Comit\u00e9 de Aula es una gu\u00eda que establece los pasos y requisitos para la creaci\u00f3n y organizaci\u00f3n del Comit\u00e9...","breadcrumb":{"@id":"https:\/\/webdelmaestrocmf.com\/portal\/modelo-de-conformacion-de-comite-de-aula\/#breadcrumb"},"inLanguage":"es","potentialAction":[{"@type":"ReadAction","target":["https:\/\/webdelmaestrocmf.com\/portal\/modelo-de-conformacion-de-comite-de-aula\/"]}]},{"@type":"ImageObject","inLanguage":"es","@id":"https:\/\/webdelmaestrocmf.com\/portal\/modelo-de-conformacion-de-comite-de-aula\/#primaryimage","url":"https:\/\/webdelmaestrocmf.com\/portal\/wp-content\/uploads\/2024\/02\/Banner-1-portada-imagen-10-1-14-3.jpg","contentUrl":"https:\/\/webdelmaestrocmf.com\/portal\/wp-content\/uploads\/2024\/02\/Banner-1-portada-imagen-10-1-14-3.jpg","width":1024,"height":1024},{"@type":"BreadcrumbList","@id":"https:\/\/webdelmaestrocmf.com\/portal\/modelo-de-conformacion-de-comite-de-aula\/#breadcrumb","itemListElement":[{"@type":"ListItem","position":1,"name":"Portada","item":"https:\/\/webdelmaestrocmf.com\/portal\/"},{"@type":"ListItem","position":2,"name":"Recursos","item":"https:\/\/webdelmaestrocmf.com\/portal\/category\/pedagogia\/"},{"@type":"ListItem","position":3,"name":"Modelo de conformaci\u00f3n de Comit\u00e9 de Aula"}]},{"@type":"WebSite","@id":"https:\/\/webdelmaestrocmf.com\/portal\/#website","url":"https:\/\/webdelmaestrocmf.com\/portal\/","name":"Web del Maestro CMF","description":"Maestros al servicio de la educaci\u00f3n","publisher":{"@id":"https:\/\/webdelmaestrocmf.com\/portal\/#organization"},"alternateName":"WMCMF","potentialAction":[{"@type":"SearchAction","target":{"@type":"EntryPoint","urlTemplate":"https:\/\/webdelmaestrocmf.com\/portal\/?s={search_term_string}"},"query-input":{"@type":"PropertyValueSpecification","valueRequired":true,"valueName":"search_term_string"}}],"inLanguage":"es"},{"@type":"Organization","@id":"https:\/\/webdelmaestrocmf.com\/portal\/#organization","name":"Web del Maestro CMF","alternateName":"WMCMF","url":"https:\/\/webdelmaestrocmf.com\/portal\/","logo":{"@type":"ImageObject","inLanguage":"es","@id":"https:\/\/webdelmaestrocmf.com\/portal\/#\/schema\/logo\/image\/","url":"https:\/\/webdelmaestrocmf.com\/portal\/wp-content\/uploads\/2023\/01\/logo-wmcmf-2.png","contentUrl":"https:\/\/webdelmaestrocmf.com\/portal\/wp-content\/uploads\/2023\/01\/logo-wmcmf-2.png","width":200,"height":60,"caption":"Web del Maestro CMF"},"image":{"@id":"https:\/\/webdelmaestrocmf.com\/portal\/#\/schema\/logo\/image\/"},"sameAs":["https:\/\/www.facebook.com\/WebdelMaestroCMF\/","https:\/\/x.com\/cmf_w","https:\/\/www.pinterest.com\/WMCMF\/","https:\/\/www.linkedin.com\/company\/web-del-maestro-cmf\/","https:\/\/www.instagram.com\/wmcmf\/","https:\/\/www.youtube.com\/channel\/UCDPSvjbdodE5sHnC3OxutHw","https:\/\/mastodon.social\/@wmcmf","https:\/\/www.tiktok.com\/@webdelmaestrocmf"]},{"@type":"Person","@id":"https:\/\/webdelmaestrocmf.com\/portal\/#\/schema\/person\/1072a2ed7bd960df8ef99a551fa35dc5","name":"Web del Maestro CMF","image":{"@type":"ImageObject","inLanguage":"es","@id":"https:\/\/secure.gravatar.com\/avatar\/23291dd5b5ae1077dcff3dbb04c3e02bd28403fa75af6d8787d5e97c5bbbe30b?s=96&d=mm&r=g","url":"https:\/\/secure.gravatar.com\/avatar\/23291dd5b5ae1077dcff3dbb04c3e02bd28403fa75af6d8787d5e97c5bbbe30b?s=96&d=mm&r=g","contentUrl":"https:\/\/secure.gravatar.com\/avatar\/23291dd5b5ae1077dcff3dbb04c3e02bd28403fa75af6d8787d5e97c5bbbe30b?s=96&d=mm&r=g","caption":"Web del Maestro CMF"},"description":"Esta Web se cre\u00f3 sin fines de lucro, con fines educativos, cient\u00edficos y acad\u00e9micos, para personas que tengan dificultades y\/o inconvenientes en visualizar el material original. El objetivo es entregar recursos, compartir experiencias y materiales que ayuden a los padres de familia, maestros y estudiantes en su actualizaci\u00f3n y formaci\u00f3n permanente, en bien de la Educaci\u00f3n.","sameAs":["http:\/\/webdelmaestrocmf.com\/portal","https:\/\/www.facebook.com\/WebdelMaestroCMF\/","https:\/\/www.instagram.com\/wmcmf\/","https:\/\/cl.linkedin.com\/company\/web-del-maestro-cmf","https:\/\/www.pinterest.com\/WMCMF\/publicaciones\/","https:\/\/x.com\/cmf_w","https:\/\/www.youtube.com\/@WMCMF"]}]}},"jetpack_featured_media_url":"https:\/\/webdelmaestrocmf.com\/portal\/wp-content\/uploads\/2024\/02\/Banner-1-portada-imagen-10-1-14-3.jpg","jetpack_sharing_enabled":true,"jetpack-related-posts":[{"id":102154,"url":"https:\/\/webdelmaestrocmf.com\/portal\/documentos-que-todo-docente-debe-tener\/","url_meta":{"origin":104057,"position":0},"title":"Documentos que todo docente debe tener","author":"Web del Maestro CMF","date":"15 enero, 2024","format":false,"excerpt":"En el universo desafiante de la ense\u00f1anza, la planificaci\u00f3n efectiva y la organizaci\u00f3n son claves. Este a\u00f1o, destacamos documentos esenciales que todo docente necesita. Desde modelos de actas hasta formatos de experiencias de aprendizaje, estas herramientas simplifican la gesti\u00f3n educativa. Al final de este art\u00edculo, encontrar\u00e1 enlaces de descarga para\u2026","rel":"","context":"En \u00abDescargas Manuales PDF\u00bb","block_context":{"text":"Descargas Manuales PDF","link":"https:\/\/webdelmaestrocmf.com\/portal\/category\/pedagogia\/descargas-manuales-pdf\/"},"img":{"alt_text":"Documentos que todo docente debe tener","src":"https:\/\/i0.wp.com\/webdelmaestrocmf.com\/portal\/wp-content\/uploads\/2024\/01\/Banner-1-portada-imagen-10-20.jpg?resize=350%2C200&ssl=1","width":350,"height":200,"srcset":"https:\/\/i0.wp.com\/webdelmaestrocmf.com\/portal\/wp-content\/uploads\/2024\/01\/Banner-1-portada-imagen-10-20.jpg?resize=350%2C200&ssl=1 1x, https:\/\/i0.wp.com\/webdelmaestrocmf.com\/portal\/wp-content\/uploads\/2024\/01\/Banner-1-portada-imagen-10-20.jpg?resize=525%2C300&ssl=1 1.5x, https:\/\/i0.wp.com\/webdelmaestrocmf.com\/portal\/wp-content\/uploads\/2024\/01\/Banner-1-portada-imagen-10-20.jpg?resize=700%2C400&ssl=1 2x"},"classes":[]},{"id":84880,"url":"https:\/\/webdelmaestrocmf.com\/portal\/modelo-oficial-de-rd-para-la-conformacion-de-comites-de-gestion-en-la-ie\/","url_meta":{"origin":104057,"position":1},"title":"Modelo Oficial de RD para la conformaci\u00f3n de Comit\u00e9s de Gesti\u00f3n en la IE","author":"Web del Maestro CMF","date":"27 febrero, 2023","format":false,"excerpt":"Estimados maestros y maestras,. en esta oportunidad les presentamos un excelente modelo de Resoluci\u00f3n Directoral para aprobar la conformaci\u00f3n de los comit\u00e9s de gesti\u00f3n escolar, en las Instituciones Educativas P\u00fablicas de la Educaci\u00f3n B\u00e1sica. \u00bfQu\u00e9 son los comit\u00e9s de gesti\u00f3n escolar? Son los \u00f3rganos que se conforman en las II.EE.\u2026","rel":"","context":"En \u00abDescargas Manuales PDF\u00bb","block_context":{"text":"Descargas Manuales PDF","link":"https:\/\/webdelmaestrocmf.com\/portal\/category\/pedagogia\/descargas-manuales-pdf\/"},"img":{"alt_text":"profesores inolvidables","src":"https:\/\/i0.wp.com\/webdelmaestrocmf.com\/portal\/wp-content\/uploads\/2023\/02\/1234.jpg?resize=350%2C200&ssl=1","width":350,"height":200,"srcset":"https:\/\/i0.wp.com\/webdelmaestrocmf.com\/portal\/wp-content\/uploads\/2023\/02\/1234.jpg?resize=350%2C200&ssl=1 1x, https:\/\/i0.wp.com\/webdelmaestrocmf.com\/portal\/wp-content\/uploads\/2023\/02\/1234.jpg?resize=525%2C300&ssl=1 1.5x, https:\/\/i0.wp.com\/webdelmaestrocmf.com\/portal\/wp-content\/uploads\/2023\/02\/1234.jpg?resize=700%2C400&ssl=1 2x"},"classes":[]},{"id":43844,"url":"https:\/\/webdelmaestrocmf.com\/portal\/modelo-de-carpeta-pedagogica-para-el-ano-lectivo-2020-inicial-primaria-y-secundaria\/","url_meta":{"origin":104057,"position":2},"title":"Modelo de carpeta pedag\u00f3gica para este a\u00f1o lectivo","author":"Web del Maestro CMF","date":"22 diciembre, 2023","format":false,"excerpt":"La carpeta pedag\u00f3gica es un instrumento de trabajo, primordial e imprescindible del docente, que permite viabilizar de manera adecuada y pertinente las acciones educativas. Es un documento normativo en la medida que contiene los lineamientos de la pol\u00edtica educativa actual, adecuadas y contextualizadas a una realidad sociocultural determinada, que orienta\u2026","rel":"","context":"En \u00abDescargas Manuales PDF\u00bb","block_context":{"text":"Descargas Manuales PDF","link":"https:\/\/webdelmaestrocmf.com\/portal\/category\/pedagogia\/descargas-manuales-pdf\/"},"img":{"alt_text":"carpeta pedag\u00f3gica","src":"https:\/\/i0.wp.com\/webdelmaestrocmf.com\/portal\/wp-content\/uploads\/2020\/02\/1-66.jpg?resize=350%2C200&ssl=1","width":350,"height":200,"srcset":"https:\/\/i0.wp.com\/webdelmaestrocmf.com\/portal\/wp-content\/uploads\/2020\/02\/1-66.jpg?resize=350%2C200&ssl=1 1x, https:\/\/i0.wp.com\/webdelmaestrocmf.com\/portal\/wp-content\/uploads\/2020\/02\/1-66.jpg?resize=525%2C300&ssl=1 1.5x, https:\/\/i0.wp.com\/webdelmaestrocmf.com\/portal\/wp-content\/uploads\/2020\/02\/1-66.jpg?resize=700%2C400&ssl=1 2x, https:\/\/i0.wp.com\/webdelmaestrocmf.com\/portal\/wp-content\/uploads\/2020\/02\/1-66.jpg?resize=1050%2C600&ssl=1 3x"},"classes":[]},{"id":46919,"url":"https:\/\/webdelmaestrocmf.com\/portal\/modelo-de-carpeta-pedagogica-para-el-ano-lectivo-2020-inicial-primaria-y-secundaria-2\/","url_meta":{"origin":104057,"position":3},"title":"Modelo de Carpeta pedag\u00f3gica: Inicial, Primaria y Secundaria","author":"Web del Maestro CMF","date":"4 mayo, 2020","format":false,"excerpt":"Es un instrumento de trabajo, primordial e imprescindible del docente, que permite viabilizar de manera adecuada y pertinente las acciones educativas. Es un documento normativo en la medida que contiene los lineamientos de la pol\u00edtica educativa actual, adecuadas y contextualizadas a una realidad sociocultural determinada, que orienta de manera eficiente\u2026","rel":"","context":"En \u00abDescargas Manuales PDF\u00bb","block_context":{"text":"Descargas Manuales PDF","link":"https:\/\/webdelmaestrocmf.com\/portal\/category\/pedagogia\/descargas-manuales-pdf\/"},"img":{"alt_text":"","src":"https:\/\/i0.wp.com\/webdelmaestrocmf.com\/portal\/wp-content\/uploads\/2020\/05\/1-11.jpg?resize=350%2C200&ssl=1","width":350,"height":200,"srcset":"https:\/\/i0.wp.com\/webdelmaestrocmf.com\/portal\/wp-content\/uploads\/2020\/05\/1-11.jpg?resize=350%2C200&ssl=1 1x, https:\/\/i0.wp.com\/webdelmaestrocmf.com\/portal\/wp-content\/uploads\/2020\/05\/1-11.jpg?resize=525%2C300&ssl=1 1.5x, https:\/\/i0.wp.com\/webdelmaestrocmf.com\/portal\/wp-content\/uploads\/2020\/05\/1-11.jpg?resize=700%2C400&ssl=1 2x, https:\/\/i0.wp.com\/webdelmaestrocmf.com\/portal\/wp-content\/uploads\/2020\/05\/1-11.jpg?resize=1050%2C600&ssl=1 3x"},"classes":[]},{"id":16559,"url":"https:\/\/webdelmaestrocmf.com\/portal\/siempre-recomendable-hablar-primero-profesor-5-consejos\/","url_meta":{"origin":104057,"position":4},"title":"C\u00f3mo mantener una buena relaci\u00f3n Padre \u2013 Maestro","author":"Web del Maestro CMF","date":"12 noviembre, 2023","format":false,"excerpt":"Los tiempos han cambiado, y la educaci\u00f3n de nuestros hijos requiere m\u00e1s que nunca una s\u00f3lida relaci\u00f3n entre padres y profesores. Dos mundos diferentes que, al complementarse, acompa\u00f1an y mejoran el proceso de aprendizaje de cada ni\u00f1o. La participaci\u00f3n activa de los padres en la vida escolar de sus hijos\u2026","rel":"","context":"En \u00abEducaci\u00f3n y Familia\u00bb","block_context":{"text":"Educaci\u00f3n y Familia","link":"https:\/\/webdelmaestrocmf.com\/portal\/category\/pedagogia\/educacion-y-familia\/"},"img":{"alt_text":"buena relaci\u00f3n","src":"https:\/\/i0.wp.com\/webdelmaestrocmf.com\/portal\/wp-content\/uploads\/2017\/11\/1-copia.jpg?resize=350%2C200&ssl=1","width":350,"height":200,"srcset":"https:\/\/i0.wp.com\/webdelmaestrocmf.com\/portal\/wp-content\/uploads\/2017\/11\/1-copia.jpg?resize=350%2C200&ssl=1 1x, https:\/\/i0.wp.com\/webdelmaestrocmf.com\/portal\/wp-content\/uploads\/2017\/11\/1-copia.jpg?resize=525%2C300&ssl=1 1.5x, https:\/\/i0.wp.com\/webdelmaestrocmf.com\/portal\/wp-content\/uploads\/2017\/11\/1-copia.jpg?resize=700%2C400&ssl=1 2x, https:\/\/i0.wp.com\/webdelmaestrocmf.com\/portal\/wp-content\/uploads\/2017\/11\/1-copia.jpg?resize=1050%2C600&ssl=1 3x"},"classes":[]},{"id":56976,"url":"https:\/\/webdelmaestrocmf.com\/portal\/de-la-educacion-a-distancia-a-la-hibrida-4-elementos-clave-para-hacerla-realidad-en-este-2021\/","url_meta":{"origin":104057,"position":5},"title":"De la educaci\u00f3n a distancia a la h\u00edbrida: 4 elementos clave para hacerla realidad","author":"Web del Maestro CMF","date":"5 enero, 2021","format":false,"excerpt":"No pocos pa\u00edses en Am\u00e9rica Latina y el Caribe (ALC) est\u00e1n planificando la\u00a0 vuelta\u00a0 las clases presenciales en las aulas, aunque no todos han hecho un estudio sobre la infraestructura que demandar\u00e1 el regreso a unas instalaciones y a al uso de un mobiliario (donde hab\u00eda) que estaban pensados para\u2026","rel":"","context":"En \u00abAprendizaje h\u00edbrido\u00bb","block_context":{"text":"Aprendizaje h\u00edbrido","link":"https:\/\/webdelmaestrocmf.com\/portal\/category\/pedagogia\/aprendizaje-hibrido\/"},"img":{"alt_text":"","src":"https:\/\/i0.wp.com\/webdelmaestrocmf.com\/portal\/wp-content\/uploads\/2021\/01\/1-copia-29.jpg?resize=350%2C200&ssl=1","width":350,"height":200,"srcset":"https:\/\/i0.wp.com\/webdelmaestrocmf.com\/portal\/wp-content\/uploads\/2021\/01\/1-copia-29.jpg?resize=350%2C200&ssl=1 1x, https:\/\/i0.wp.com\/webdelmaestrocmf.com\/portal\/wp-content\/uploads\/2021\/01\/1-copia-29.jpg?resize=525%2C300&ssl=1 1.5x, https:\/\/i0.wp.com\/webdelmaestrocmf.com\/portal\/wp-content\/uploads\/2021\/01\/1-copia-29.jpg?resize=700%2C400&ssl=1 2x, https:\/\/i0.wp.com\/webdelmaestrocmf.com\/portal\/wp-content\/uploads\/2021\/01\/1-copia-29.jpg?resize=1050%2C600&ssl=1 3x"},"classes":[]}],"_links":{"self":[{"href":"https:\/\/webdelmaestrocmf.com\/portal\/wp-json\/wp\/v2\/posts\/104057","targetHints":{"allow":["GET"]}}],"collection":[{"href":"https:\/\/webdelmaestrocmf.com\/portal\/wp-json\/wp\/v2\/posts"}],"about":[{"href":"https:\/\/webdelmaestrocmf.com\/portal\/wp-json\/wp\/v2\/types\/post"}],"author":[{"embeddable":true,"href":"https:\/\/webdelmaestrocmf.com\/portal\/wp-json\/wp\/v2\/users\/1"}],"replies":[{"embeddable":true,"href":"https:\/\/webdelmaestrocmf.com\/portal\/wp-json\/wp\/v2\/comments?post=104057"}],"version-history":[{"count":0,"href":"https:\/\/webdelmaestrocmf.com\/portal\/wp-json\/wp\/v2\/posts\/104057\/revisions"}],"wp:featuredmedia":[{"embeddable":true,"href":"https:\/\/webdelmaestrocmf.com\/portal\/wp-json\/wp\/v2\/media\/104058"}],"wp:attachment":[{"href":"https:\/\/webdelmaestrocmf.com\/portal\/wp-json\/wp\/v2\/media?parent=104057"}],"wp:term":[{"taxonomy":"category","embeddable":true,"href":"https:\/\/webdelmaestrocmf.com\/portal\/wp-json\/wp\/v2\/categories?post=104057"},{"taxonomy":"post_tag","embeddable":true,"href":"https:\/\/webdelmaestrocmf.com\/portal\/wp-json\/wp\/v2\/tags?post=104057"}],"curies":[{"name":"wp","href":"https:\/\/api.w.org\/{rel}","templated":true}]}}