{"id":103990,"date":"2024-02-17T16:59:47","date_gmt":"2024-02-17T19:59:47","guid":{"rendered":"https:\/\/webdelmaestrocmf.com\/portal\/?p=103990"},"modified":"2024-02-17T18:31:39","modified_gmt":"2024-02-17T21:31:39","slug":"calendario-anual-2024-para-docentes-estudiantes","status":"publish","type":"post","link":"https:\/\/webdelmaestrocmf.com\/portal\/calendario-anual-2024-para-docentes-estudiantes\/","title":{"rendered":"Calendario anual 2024 para docentes y estudiantes"},"content":{"rendered":"<p style=\"text-align: justify;\" data-sourcepos=\"5:1-5:282\"><strong>La organizaci\u00f3n es un pilar fundamental para el \u00e9xito del proceso educativo. En este sentido, el calendario anual 2024 se convierte en una herramienta indispensable para la planificaci\u00f3n docente, permitiendo optimizar la gesti\u00f3n del tiempo, las tareas y el desarrollo de las clases.<\/strong><!--more--><\/p>\n<p style=\"text-align: justify;\" data-sourcepos=\"5:1-5:43\">El calendario anual 2024 se alza como una br\u00fajula invaluable, orientando la planificaci\u00f3n y gesti\u00f3n del tiempo durante el viaje del a\u00f1o escolar. El archivo de descarga de esta nueva agenda lo encontrar\u00e1 al final de art\u00edculo.<\/p>\n<h2 style=\"text-align: left;\" data-sourcepos=\"7:1-7:55\"><strong>Importancia de un calendario anual para el docente:<\/strong><\/h2>\n<ul style=\"text-align: justify;\" data-sourcepos=\"9:1-12:0\">\n<li data-sourcepos=\"9:1-9:180\"><strong>Planificaci\u00f3n efectiva de las clases:<\/strong>\u00a0El calendario permite estructurar el contenido program\u00e1tico, las actividades y las evaluaciones con una visi\u00f3n integral del a\u00f1o escolar.<\/li>\n<li data-sourcepos=\"10:1-10:172\"><strong>Seguimiento preciso de las tareas:<\/strong>\u00a0facilita el control de las tareas pendientes, tanto de planificaci\u00f3n como de ense\u00f1anza, asegurando que no se escape ning\u00fan detalle.<\/li>\n<li data-sourcepos=\"11:1-12:0\"><strong>Organizaci\u00f3n y visualizaci\u00f3n clara:<\/strong>\u00a0Ofrece una perspectiva general del calendario escolar, permitiendo visualizar las fechas importantes, los eventos y las vacaciones, facilitando la toma de decisiones.<\/li>\n<\/ul>\n<h2 style=\"text-align: left;\" data-sourcepos=\"13:1-13:33\"><strong>Atractivo dise\u00f1o y f\u00e1cil uso:<\/strong><\/h2>\n<p style=\"text-align: justify;\" data-sourcepos=\"15:1-15:239\">Los calendarios anuales 2024 se caracterizan por su dise\u00f1o atractivo y su facilidad de uso. Incorporan im\u00e1genes, colores y formatos llamativos que captan la atenci\u00f3n y motivan a los docentes a utilizarlo como herramienta de trabajo diaria.<\/p>\n<h2 style=\"text-align: left;\" data-sourcepos=\"17:1-17:50\"><strong>Descarga gratuita y m\u00faltiples opciones de uso:<\/strong><\/h2>\n<p style=\"text-align: justify;\" data-sourcepos=\"19:1-19:252\">Los calendarios est\u00e1n disponibles en formato PDF para descargar de forma gratuita en el sitio web de Materiales Did\u00e1cticos. Adem\u00e1s de su uso tradicional en el escritorio o la pared, se pueden utilizar en la computadora para un acceso r\u00e1pido y flexible.<\/p>\n<h2 style=\"text-align: left;\" data-sourcepos=\"21:1-21:61\"><strong>Ideas para aprovechar al m\u00e1ximo el calendario anual 2024:<\/strong><\/h2>\n<ul style=\"text-align: justify;\" data-sourcepos=\"23:1-26:0\">\n<li data-sourcepos=\"23:1-23:127\"><strong>Codificar tareas y eventos con colores:<\/strong>\u00a0Permite una r\u00e1pida identificaci\u00f3n y organizaci\u00f3n visual de las responsabilidades.<\/li>\n<li data-sourcepos=\"24:1-24:118\"><strong>Resaltar fechas importantes:<\/strong>\u00a0Fechas l\u00edmite, reuniones, eventos especiales y festivos estar\u00e1n siempre a la vista.<\/li>\n<li data-sourcepos=\"25:1-26:0\"><strong>Seguimiento del progreso:<\/strong>\u00a0Registrar el avance en las actividades y objetivos permite mantener la motivaci\u00f3n y realizar ajustes cuando sea necesario.<\/li>\n<\/ul>\n<h2 style=\"text-align: left;\">Otros matereriales relacionado:<\/h2>\n<p>Tambien tenemos estos materiales sipobles para este nuevo a\u00f1os acad\u00e9mico.<\/p>\n<ul>\n<li class=\"wp-embed-heading\"><a href=\"https:\/\/webdelmaestrocmf.com\/portal\/nuevo-cuaderno-del-profesor-2021-2022-gratuito-y-completo\/\" target=\"_top\" rel=\"noopener\">Nuevo cuaderno \/ agenda del Profesor 2024 (gratuito y completo)<\/a><\/li>\n<li class=\"wp-embed-heading\"><a href=\"https:\/\/webdelmaestrocmf.com\/portal\/agenda-digital-para-docentes-2024-para-celurares-tablet-y-lapto\/\" target=\"_top\" rel=\"noopener\">Agenda Digital para docentes 2024 para celulares, tablet y lapto<\/a><\/li>\n<li class=\"wp-embed-heading\"><a href=\"https:\/\/webdelmaestrocmf.com\/portal\/nueva-agenda-escolar-2024-para-docentes-y-estudiantes\/\" target=\"_top\" rel=\"noopener\">Nueva agenda escolar 2024 para docentes y estudiantes<\/a><\/li>\n<li class=\"wp-embed-heading\"><a href=\"https:\/\/webdelmaestrocmf.com\/portal\/nueva-agenda-para-directivos-y-coordinadores-2024\/\" target=\"_top\" rel=\"noopener\">Nueva agenda para Directivos y Coordinadores 2024<\/a><\/li>\n<li class=\"wp-embed-heading\"><a href=\"https:\/\/webdelmaestrocmf.com\/portal\/agenda-para-docentes-del-2024\/\" target=\"_top\" rel=\"noopener\">Agenda para docentes del 2024<\/a><\/li>\n<li class=\"wp-embed-heading\"><a href=\"https:\/\/webdelmaestrocmf.com\/portal\/agenda-para-docentes-sobre-el-principito-2024\/\" target=\"_top\" rel=\"noopener\">Agenda para docentes sobre \u201cEl Principito\u201d 2024<\/a><\/li>\n<li class=\"wp-embed-heading\"><a href=\"https:\/\/webdelmaestrocmf.com\/portal\/planificador-anual-2024-para-docentes\/\" target=\"_top\" rel=\"noopener\">Planificador Anual 2024 para Docentes<\/a><\/li>\n<li class=\"wp-embed-heading\"><a href=\"https:\/\/webdelmaestrocmf.com\/portal\/nuevo-planificador-diario-y-mendual-para-docentes-2024\/\" target=\"_top\" rel=\"noopener\">Nuevo planificador diario y mensual para docentes 2024<\/a><\/li>\n<li class=\"wp-embed-heading\"><a href=\"https:\/\/webdelmaestrocmf.com\/portal\/nuevo-cuaderno-planificador-para-el-docente\/\" target=\"_top\" rel=\"noopener\">Nuevo cuaderno planificador para el docente<\/a><\/li>\n<\/ul>\n<h2 style=\"text-align: left;\" data-sourcepos=\"27:1-27:15\"><strong>Conclusi\u00f3n:<\/strong><\/h2>\n<p style=\"text-align: justify;\" data-sourcepos=\"29:1-29:388\">El calendario anual 2024 es una herramienta esencial para la organizaci\u00f3n y planificaci\u00f3n docente. Su dise\u00f1o atractivo, facilidad de uso y m\u00faltiples opciones de uso lo convierten en un aliado indispensable para optimizar la gesti\u00f3n del tiempo y alcanzar el \u00e9xito en el proceso educativo. Descarga e imprime gratis los calendarios y descubre c\u00f3mo pueden transformar tu experiencia docente.<\/p>\n<p style=\"text-align: justify;\" data-sourcepos=\"29:1-29:388\">Queremos expresar nuestro agradecimiento al portal \u00abMateriales Did\u00e1cticos\u00bb por su invaluable contribuci\u00f3n al crear este calendario y ponerlo a disposici\u00f3n de la comunidad. \u00a1Gracias!<\/p>\n<p><iframe loading=\"lazy\" src=\"https:\/\/drive.google.com\/file\/d\/1iwhqIU_cejxy5o40em5wolL-l6BmhPoT\/preview\" width=\"100%\" height=\"480\"><span data-mce-type=\"bookmark\" style=\"display: inline-block; width: 0px; overflow: hidden; line-height: 0;\" class=\"mce_SELRES_start\">\ufeff<\/span><\/iframe><\/p>\n<p><iframe loading=\"lazy\" src=\"https:\/\/drive.google.com\/file\/d\/1PAS-ND_rO_kPea57g8XbdSKSo1hwOe7E\/preview\" width=\"100%\" height=\"480\"><span data-mce-type=\"bookmark\" style=\"display: inline-block; width: 0px; overflow: hidden; line-height: 0;\" class=\"mce_SELRES_start\">\ufeff<\/span><\/iframe><\/p>\n<p style=\"text-align: center;\">ENLACE DE LECTURA: <a href=\"https:\/\/drive.google.com\/drive\/folders\/1YE3IOXs1yHPYrwHMn_UQNokcer6M1oNR?usp=sharing\" target=\"_blank\" rel=\"noopener\">NUEVO CALENDARIO 2024 PARA DOCENTES Y ESTUDIANTES<\/a><\/p>\n\t\t<div class=\"pk-inline-posts\">\n\t\t\t\n\t\t\t<div class=\"pk-inline-posts-container pk-inline-posts-template-list\"\n\t\t\t\tdata-columns=\"1\">\n\t\t\t\t\t\t<article id=\"post-115017\" class=\"post-115017 post type-post status-publish format-standard has-post-thumbnail category-calendario category-descarga category-pedagogia tag-calendario-2026 tag-calendario-de-escritorio tag-calendario-para-imprimir tag-herramientas-docentes tag-material-imprimible tag-organizacion-del-tiempo tag-planificacion-anual tag-productividad tag-recursos-educativos cs-entry cs-video-wrap\">\n\t\t\t<div class=\"pk-post-outer\">\n\n\t\t\t\t\t\t\t\t<div class=\"pk-post-inner\">\n\t\t\t\t\t<div class=\"entry-thumbnail\">\n\t\t\t\t\t\t<div class=\"pk-overlay pk-overlay-ratio pk-ratio-landscape\">\n\t\t\t\t\t\t\t<div class=\"pk-overlay-background\">\n\t\t\t\t\t\t\t\t<a href=\"https:\/\/webdelmaestrocmf.com\/portal\/calendario-de-escritorio-2026-para-imprimir-organizacion-visual-y-funcional-todo-el-ano\/\" class=\"pk-overlay-link\">\n\t\t\t\t\t\t\t\t\t<img loading=\"lazy\" decoding=\"async\" width=\"300\" height=\"225\" src=\"https:\/\/webdelmaestrocmf.com\/portal\/wp-content\/uploads\/2026\/01\/1A-Banner-1-portada-imagen-10-1-copia-1-12-300x225.webp\" class=\"attachment-pk-thumbnail size-pk-thumbnail wp-post-image\" alt=\"\" \/>\t\t\t\t\t\t\t\t<\/a>\n\t\t\t\t\t\t\t<\/div>\n\t\t\t\t\t\t<\/div>\n\t\t\t\t\t<\/div>\n\t\t\t\t<\/div>\n\t\t\t\t\n\t\t\t\t<div class=\"pk-post-inner\">\n\t\t\t\t\t<header>\n\t\t\t\t\t\t<h3 class=\"pk-title\"><a href=\"https:\/\/webdelmaestrocmf.com\/portal\/calendario-de-escritorio-2026-para-imprimir-organizacion-visual-y-funcional-todo-el-ano\/\" rel=\"bookmark\">Calendario de Escritorio 2026 para Imprimir: Organizaci\u00f3n Visual y Funcional Todo el A\u00f1o<\/a><\/h3>\t\t\t\t\t<\/header><!-- .entry-header -->\n\t\t\t\t<\/div><!-- .post-inner -->\n\n\t\t\t<\/div><!-- .post-outer -->\n\t\t<\/article>\n\t\t\t<article id=\"post-114761\" class=\"post-114761 post type-post status-publish format-standard has-post-thumbnail category-calendario category-pedagogia tag-calendario-escolar tag-calendario-sep tag-ciclo-escolar tag-docentes tag-educacion-basica tag-material-docente tag-organizacion-escolar tag-planificacion-educativa tag-recursos-educativos cs-entry cs-video-wrap\">\n\t\t\t<div class=\"pk-post-outer\">\n\n\t\t\t\t\t\t\t\t<div class=\"pk-post-inner\">\n\t\t\t\t\t<div class=\"entry-thumbnail\">\n\t\t\t\t\t\t<div class=\"pk-overlay pk-overlay-ratio pk-ratio-landscape\">\n\t\t\t\t\t\t\t<div class=\"pk-overlay-background\">\n\t\t\t\t\t\t\t\t<a href=\"https:\/\/webdelmaestrocmf.com\/portal\/descarga-el-calendario-escolar-sep-2025-2026-una-herramienta-clave-para-la-organizacion-docente-y-escolar\/\" class=\"pk-overlay-link\">\n\t\t\t\t\t\t\t\t\t<img loading=\"lazy\" decoding=\"async\" width=\"300\" height=\"225\" src=\"https:\/\/webdelmaestrocmf.com\/portal\/wp-content\/uploads\/2026\/01\/1A-Banner-1-portada-imagen-10-1-copia-1-300x225.jpg\" class=\"attachment-pk-thumbnail size-pk-thumbnail wp-post-image\" alt=\"\" \/>\t\t\t\t\t\t\t\t<\/a>\n\t\t\t\t\t\t\t<\/div>\n\t\t\t\t\t\t<\/div>\n\t\t\t\t\t<\/div>\n\t\t\t\t<\/div>\n\t\t\t\t\n\t\t\t\t<div class=\"pk-post-inner\">\n\t\t\t\t\t<header>\n\t\t\t\t\t\t<h3 class=\"pk-title\"><a href=\"https:\/\/webdelmaestrocmf.com\/portal\/descarga-el-calendario-escolar-sep-2025-2026-una-herramienta-clave-para-la-organizacion-docente-y-escolar\/\" rel=\"bookmark\">Descarga el Calendario Escolar SEP 2025-2026: una herramienta clave para la organizaci\u00f3n docente y escolar<\/a><\/h3>\t\t\t\t\t<\/header><!-- .entry-header -->\n\t\t\t\t<\/div><!-- .post-inner -->\n\n\t\t\t<\/div><!-- .post-outer -->\n\t\t<\/article>\n\t\t\t<article id=\"post-114428\" class=\"post-114428 post type-post status-publish format-standard has-post-thumbnail category-calendario category-pedagogia tag-calendario-2026 tag-calendario-escolar tag-educacion-2 tag-escritorio-docente tag-imprimibles-educativos tag-material-educativo tag-organizacion-docente tag-planificacion-docente tag-recursos-para-docentes cs-entry cs-video-wrap\">\n\t\t\t<div class=\"pk-post-outer\">\n\n\t\t\t\t\t\t\t\t<div class=\"pk-post-inner\">\n\t\t\t\t\t<div class=\"entry-thumbnail\">\n\t\t\t\t\t\t<div class=\"pk-overlay pk-overlay-ratio pk-ratio-landscape\">\n\t\t\t\t\t\t\t<div class=\"pk-overlay-background\">\n\t\t\t\t\t\t\t\t<a href=\"https:\/\/webdelmaestrocmf.com\/portal\/calendario-de-escritorio-triangular-2026-un-recurso-practico-y-editable-al-servicio-del-docente\/\" class=\"pk-overlay-link\">\n\t\t\t\t\t\t\t\t\t<img loading=\"lazy\" decoding=\"async\" width=\"300\" height=\"225\" src=\"https:\/\/webdelmaestrocmf.com\/portal\/wp-content\/uploads\/2026\/01\/1A-Banner-1-portada-imagen-10-1-copia-2-300x225.webp\" class=\"attachment-pk-thumbnail size-pk-thumbnail wp-post-image\" alt=\"\" \/>\t\t\t\t\t\t\t\t<\/a>\n\t\t\t\t\t\t\t<\/div>\n\t\t\t\t\t\t<\/div>\n\t\t\t\t\t<\/div>\n\t\t\t\t<\/div>\n\t\t\t\t\n\t\t\t\t<div class=\"pk-post-inner\">\n\t\t\t\t\t<header>\n\t\t\t\t\t\t<h3 class=\"pk-title\"><a href=\"https:\/\/webdelmaestrocmf.com\/portal\/calendario-de-escritorio-triangular-2026-un-recurso-practico-y-editable-al-servicio-del-docente\/\" rel=\"bookmark\">Calendario de escritorio triangular 2026: un recurso pr\u00e1ctico y editable al servicio del docente<\/a><\/h3>\t\t\t\t\t<\/header><!-- .entry-header -->\n\t\t\t\t<\/div><!-- .post-inner -->\n\n\t\t\t<\/div><!-- .post-outer -->\n\t\t<\/article>\n\t\t\t\t<\/div>\n\t\t<\/div>\n\t\t\n","protected":false},"excerpt":{"rendered":"La organizaci\u00f3n es un pilar fundamental para el \u00e9xito del proceso educativo. En este sentido, el calendario anual&hellip;","protected":false},"author":1,"featured_media":103999,"comment_status":"open","ping_status":"closed","sticky":false,"template":"","format":"standard","meta":{"csco_display_header_overlay":false,"csco_singular_sidebar":"","csco_page_header_type":"","csco_page_load_nextpost":"","csco_post_video_location":[],"csco_post_video_location_hash":"","csco_post_video_url":"","csco_post_video_bg_start_time":0,"csco_post_video_bg_end_time":0,"csco_post_video_bg_volume":false,"_jetpack_memberships_contains_paid_content":false,"footnotes":""},"categories":[16009,735],"tags":[15109,2760,4764,58,96],"class_list":{"0":"post-103990","1":"post","2":"type-post","3":"status-publish","4":"format-standard","5":"has-post-thumbnail","7":"category-calendario","8":"category-pedagogia","9":"tag-15109","10":"tag-anual","11":"tag-calendario","12":"tag-docentes","13":"tag-estudiantes","14":"cs-entry","15":"cs-video-wrap"},"yoast_head":"<!-- This site is optimized with the Yoast SEO plugin v27.5 - https:\/\/yoast.com\/product\/yoast-seo-wordpress\/ -->\n<title>Calendario anual 2024 para docentes y estudiantes<\/title>\n<meta name=\"description\" content=\"\u00bfNecesitas organizaci\u00f3n y planificaci\u00f3n? Usa el calendario anual 2024 para optimizar el desarrollo de tus clases. Descargar gratis.\" \/>\n<meta name=\"robots\" content=\"index, follow, max-snippet:-1, max-image-preview:large, max-video-preview:-1\" \/>\n<link rel=\"canonical\" href=\"https:\/\/webdelmaestrocmf.com\/portal\/calendario-anual-2024-para-docentes-estudiantes\/\" \/>\n<meta property=\"og:locale\" content=\"es_ES\" \/>\n<meta property=\"og:type\" content=\"article\" \/>\n<meta property=\"og:title\" content=\"Calendario anual 2024 para docentes y estudiantes\" \/>\n<meta property=\"og:description\" content=\"\u00bfNecesitas organizaci\u00f3n y planificaci\u00f3n? Usa el calendario anual 2024 para optimizar el desarrollo de tus clases. Descargar gratis.\" \/>\n<meta property=\"og:url\" content=\"https:\/\/webdelmaestrocmf.com\/portal\/calendario-anual-2024-para-docentes-estudiantes\/\" \/>\n<meta property=\"og:site_name\" content=\"Web del Maestro CMF\" \/>\n<meta property=\"article:publisher\" content=\"https:\/\/www.facebook.com\/WebdelMaestroCMF\/\" \/>\n<meta property=\"article:author\" content=\"https:\/\/www.facebook.com\/WebdelMaestroCMF\/\" \/>\n<meta property=\"article:published_time\" content=\"2024-02-17T19:59:47+00:00\" \/>\n<meta property=\"article:modified_time\" content=\"2024-02-17T21:31:39+00:00\" \/>\n<meta property=\"og:image\" content=\"https:\/\/webdelmaestrocmf.com\/portal\/wp-content\/uploads\/2024\/02\/Banner-1-portada-imagen-10-1-6-1.jpg\" \/>\n\t<meta property=\"og:image:width\" content=\"1024\" \/>\n\t<meta property=\"og:image:height\" content=\"1024\" \/>\n\t<meta property=\"og:image:type\" content=\"image\/jpeg\" \/>\n<meta name=\"author\" content=\"Web del Maestro CMF\" \/>\n<meta name=\"twitter:card\" content=\"summary_large_image\" \/>\n<meta name=\"twitter:creator\" content=\"@cmf_w\" \/>\n<meta name=\"twitter:site\" content=\"@cmf_w\" \/>\n<script type=\"application\/ld+json\" class=\"yoast-schema-graph\">{\"@context\":\"https:\\\/\\\/schema.org\",\"@graph\":[{\"@type\":\"ScholarlyArticle\",\"@id\":\"https:\\\/\\\/webdelmaestrocmf.com\\\/portal\\\/calendario-anual-2024-para-docentes-estudiantes\\\/#article\",\"isPartOf\":{\"@id\":\"https:\\\/\\\/webdelmaestrocmf.com\\\/portal\\\/calendario-anual-2024-para-docentes-estudiantes\\\/\"},\"author\":{\"name\":\"Web del Maestro CMF\",\"@id\":\"https:\\\/\\\/webdelmaestrocmf.com\\\/portal\\\/#\\\/schema\\\/person\\\/1072a2ed7bd960df8ef99a551fa35dc5\"},\"headline\":\"Calendario anual 2024 para docentes y estudiantes\",\"datePublished\":\"2024-02-17T19:59:47+00:00\",\"dateModified\":\"2024-02-17T21:31:39+00:00\",\"mainEntityOfPage\":{\"@id\":\"https:\\\/\\\/webdelmaestrocmf.com\\\/portal\\\/calendario-anual-2024-para-docentes-estudiantes\\\/\"},\"wordCount\":528,\"commentCount\":0,\"publisher\":{\"@id\":\"https:\\\/\\\/webdelmaestrocmf.com\\\/portal\\\/#organization\"},\"image\":{\"@id\":\"https:\\\/\\\/webdelmaestrocmf.com\\\/portal\\\/calendario-anual-2024-para-docentes-estudiantes\\\/#primaryimage\"},\"thumbnailUrl\":\"https:\\\/\\\/webdelmaestrocmf.com\\\/portal\\\/wp-content\\\/uploads\\\/2024\\\/02\\\/Banner-1-portada-imagen-10-1-6-1.jpg\",\"keywords\":[\"2024\",\"ANUAL\",\"Calendario\",\"DOCENTES\",\"estudiantes\"],\"articleSection\":[\"Calendario\",\"Recursos\"],\"inLanguage\":\"es\",\"potentialAction\":[{\"@type\":\"CommentAction\",\"name\":\"Comment\",\"target\":[\"https:\\\/\\\/webdelmaestrocmf.com\\\/portal\\\/calendario-anual-2024-para-docentes-estudiantes\\\/#respond\"]}]},{\"@type\":\"WebPage\",\"@id\":\"https:\\\/\\\/webdelmaestrocmf.com\\\/portal\\\/calendario-anual-2024-para-docentes-estudiantes\\\/\",\"url\":\"https:\\\/\\\/webdelmaestrocmf.com\\\/portal\\\/calendario-anual-2024-para-docentes-estudiantes\\\/\",\"name\":\"Calendario anual 2024 para docentes y estudiantes\",\"isPartOf\":{\"@id\":\"https:\\\/\\\/webdelmaestrocmf.com\\\/portal\\\/#website\"},\"primaryImageOfPage\":{\"@id\":\"https:\\\/\\\/webdelmaestrocmf.com\\\/portal\\\/calendario-anual-2024-para-docentes-estudiantes\\\/#primaryimage\"},\"image\":{\"@id\":\"https:\\\/\\\/webdelmaestrocmf.com\\\/portal\\\/calendario-anual-2024-para-docentes-estudiantes\\\/#primaryimage\"},\"thumbnailUrl\":\"https:\\\/\\\/webdelmaestrocmf.com\\\/portal\\\/wp-content\\\/uploads\\\/2024\\\/02\\\/Banner-1-portada-imagen-10-1-6-1.jpg\",\"datePublished\":\"2024-02-17T19:59:47+00:00\",\"dateModified\":\"2024-02-17T21:31:39+00:00\",\"description\":\"\u00bfNecesitas organizaci\u00f3n y planificaci\u00f3n? Usa el calendario anual 2024 para optimizar el desarrollo de tus clases. Descargar gratis.\",\"breadcrumb\":{\"@id\":\"https:\\\/\\\/webdelmaestrocmf.com\\\/portal\\\/calendario-anual-2024-para-docentes-estudiantes\\\/#breadcrumb\"},\"inLanguage\":\"es\",\"potentialAction\":[{\"@type\":\"ReadAction\",\"target\":[\"https:\\\/\\\/webdelmaestrocmf.com\\\/portal\\\/calendario-anual-2024-para-docentes-estudiantes\\\/\"]}]},{\"@type\":\"ImageObject\",\"inLanguage\":\"es\",\"@id\":\"https:\\\/\\\/webdelmaestrocmf.com\\\/portal\\\/calendario-anual-2024-para-docentes-estudiantes\\\/#primaryimage\",\"url\":\"https:\\\/\\\/webdelmaestrocmf.com\\\/portal\\\/wp-content\\\/uploads\\\/2024\\\/02\\\/Banner-1-portada-imagen-10-1-6-1.jpg\",\"contentUrl\":\"https:\\\/\\\/webdelmaestrocmf.com\\\/portal\\\/wp-content\\\/uploads\\\/2024\\\/02\\\/Banner-1-portada-imagen-10-1-6-1.jpg\",\"width\":1024,\"height\":1024,\"caption\":\"Agenda\"},{\"@type\":\"BreadcrumbList\",\"@id\":\"https:\\\/\\\/webdelmaestrocmf.com\\\/portal\\\/calendario-anual-2024-para-docentes-estudiantes\\\/#breadcrumb\",\"itemListElement\":[{\"@type\":\"ListItem\",\"position\":1,\"name\":\"Portada\",\"item\":\"https:\\\/\\\/webdelmaestrocmf.com\\\/portal\\\/\"},{\"@type\":\"ListItem\",\"position\":2,\"name\":\"Recursos\",\"item\":\"https:\\\/\\\/webdelmaestrocmf.com\\\/portal\\\/category\\\/pedagogia\\\/\"},{\"@type\":\"ListItem\",\"position\":3,\"name\":\"Calendario anual 2024 para docentes y estudiantes\"}]},{\"@type\":\"WebSite\",\"@id\":\"https:\\\/\\\/webdelmaestrocmf.com\\\/portal\\\/#website\",\"url\":\"https:\\\/\\\/webdelmaestrocmf.com\\\/portal\\\/\",\"name\":\"Web del Maestro CMF\",\"description\":\"Maestros al servicio de la educaci\u00f3n\",\"publisher\":{\"@id\":\"https:\\\/\\\/webdelmaestrocmf.com\\\/portal\\\/#organization\"},\"alternateName\":\"WMCMF\",\"potentialAction\":[{\"@type\":\"SearchAction\",\"target\":{\"@type\":\"EntryPoint\",\"urlTemplate\":\"https:\\\/\\\/webdelmaestrocmf.com\\\/portal\\\/?s={search_term_string}\"},\"query-input\":{\"@type\":\"PropertyValueSpecification\",\"valueRequired\":true,\"valueName\":\"search_term_string\"}}],\"inLanguage\":\"es\"},{\"@type\":\"Organization\",\"@id\":\"https:\\\/\\\/webdelmaestrocmf.com\\\/portal\\\/#organization\",\"name\":\"Web del Maestro CMF\",\"alternateName\":\"WMCMF\",\"url\":\"https:\\\/\\\/webdelmaestrocmf.com\\\/portal\\\/\",\"logo\":{\"@type\":\"ImageObject\",\"inLanguage\":\"es\",\"@id\":\"https:\\\/\\\/webdelmaestrocmf.com\\\/portal\\\/#\\\/schema\\\/logo\\\/image\\\/\",\"url\":\"https:\\\/\\\/webdelmaestrocmf.com\\\/portal\\\/wp-content\\\/uploads\\\/2023\\\/01\\\/logo-wmcmf-2.png\",\"contentUrl\":\"https:\\\/\\\/webdelmaestrocmf.com\\\/portal\\\/wp-content\\\/uploads\\\/2023\\\/01\\\/logo-wmcmf-2.png\",\"width\":200,\"height\":60,\"caption\":\"Web del Maestro CMF\"},\"image\":{\"@id\":\"https:\\\/\\\/webdelmaestrocmf.com\\\/portal\\\/#\\\/schema\\\/logo\\\/image\\\/\"},\"sameAs\":[\"https:\\\/\\\/www.facebook.com\\\/WebdelMaestroCMF\\\/\",\"https:\\\/\\\/x.com\\\/cmf_w\",\"https:\\\/\\\/www.pinterest.com\\\/WMCMF\\\/\",\"https:\\\/\\\/www.linkedin.com\\\/company\\\/web-del-maestro-cmf\\\/\",\"https:\\\/\\\/www.instagram.com\\\/wmcmf\\\/\",\"https:\\\/\\\/www.youtube.com\\\/channel\\\/UCDPSvjbdodE5sHnC3OxutHw\",\"https:\\\/\\\/mastodon.social\\\/@wmcmf\",\"https:\\\/\\\/www.tiktok.com\\\/@webdelmaestrocmf\"]},{\"@type\":\"Person\",\"@id\":\"https:\\\/\\\/webdelmaestrocmf.com\\\/portal\\\/#\\\/schema\\\/person\\\/1072a2ed7bd960df8ef99a551fa35dc5\",\"name\":\"Web del Maestro CMF\",\"image\":{\"@type\":\"ImageObject\",\"inLanguage\":\"es\",\"@id\":\"https:\\\/\\\/secure.gravatar.com\\\/avatar\\\/23291dd5b5ae1077dcff3dbb04c3e02bd28403fa75af6d8787d5e97c5bbbe30b?s=96&d=mm&r=g\",\"url\":\"https:\\\/\\\/secure.gravatar.com\\\/avatar\\\/23291dd5b5ae1077dcff3dbb04c3e02bd28403fa75af6d8787d5e97c5bbbe30b?s=96&d=mm&r=g\",\"contentUrl\":\"https:\\\/\\\/secure.gravatar.com\\\/avatar\\\/23291dd5b5ae1077dcff3dbb04c3e02bd28403fa75af6d8787d5e97c5bbbe30b?s=96&d=mm&r=g\",\"caption\":\"Web del Maestro CMF\"},\"description\":\"Esta Web se cre\u00f3 sin fines de lucro, con fines educativos, cient\u00edficos y acad\u00e9micos, para personas que tengan dificultades y\\\/o inconvenientes en visualizar el material original. El objetivo es entregar recursos, compartir experiencias y materiales que ayuden a los padres de familia, maestros y estudiantes en su actualizaci\u00f3n y formaci\u00f3n permanente, en bien de la Educaci\u00f3n.\",\"sameAs\":[\"http:\\\/\\\/webdelmaestrocmf.com\\\/portal\",\"https:\\\/\\\/www.facebook.com\\\/WebdelMaestroCMF\\\/\",\"https:\\\/\\\/www.instagram.com\\\/wmcmf\\\/\",\"https:\\\/\\\/cl.linkedin.com\\\/company\\\/web-del-maestro-cmf\",\"https:\\\/\\\/www.pinterest.com\\\/WMCMF\\\/publicaciones\\\/\",\"https:\\\/\\\/x.com\\\/cmf_w\",\"https:\\\/\\\/www.youtube.com\\\/@WMCMF\"]}]}<\/script>\n<!-- \/ Yoast SEO plugin. -->","yoast_head_json":{"title":"Calendario anual 2024 para docentes y estudiantes","description":"\u00bfNecesitas organizaci\u00f3n y planificaci\u00f3n? Usa el calendario anual 2024 para optimizar el desarrollo de tus clases. Descargar gratis.","robots":{"index":"index","follow":"follow","max-snippet":"max-snippet:-1","max-image-preview":"max-image-preview:large","max-video-preview":"max-video-preview:-1"},"canonical":"https:\/\/webdelmaestrocmf.com\/portal\/calendario-anual-2024-para-docentes-estudiantes\/","og_locale":"es_ES","og_type":"article","og_title":"Calendario anual 2024 para docentes y estudiantes","og_description":"\u00bfNecesitas organizaci\u00f3n y planificaci\u00f3n? Usa el calendario anual 2024 para optimizar el desarrollo de tus clases. Descargar gratis.","og_url":"https:\/\/webdelmaestrocmf.com\/portal\/calendario-anual-2024-para-docentes-estudiantes\/","og_site_name":"Web del Maestro CMF","article_publisher":"https:\/\/www.facebook.com\/WebdelMaestroCMF\/","article_author":"https:\/\/www.facebook.com\/WebdelMaestroCMF\/","article_published_time":"2024-02-17T19:59:47+00:00","article_modified_time":"2024-02-17T21:31:39+00:00","og_image":[{"width":1024,"height":1024,"url":"https:\/\/webdelmaestrocmf.com\/portal\/wp-content\/uploads\/2024\/02\/Banner-1-portada-imagen-10-1-6-1.jpg","type":"image\/jpeg"}],"author":"Web del Maestro CMF","twitter_card":"summary_large_image","twitter_creator":"@cmf_w","twitter_site":"@cmf_w","schema":{"@context":"https:\/\/schema.org","@graph":[{"@type":"ScholarlyArticle","@id":"https:\/\/webdelmaestrocmf.com\/portal\/calendario-anual-2024-para-docentes-estudiantes\/#article","isPartOf":{"@id":"https:\/\/webdelmaestrocmf.com\/portal\/calendario-anual-2024-para-docentes-estudiantes\/"},"author":{"name":"Web del Maestro CMF","@id":"https:\/\/webdelmaestrocmf.com\/portal\/#\/schema\/person\/1072a2ed7bd960df8ef99a551fa35dc5"},"headline":"Calendario anual 2024 para docentes y estudiantes","datePublished":"2024-02-17T19:59:47+00:00","dateModified":"2024-02-17T21:31:39+00:00","mainEntityOfPage":{"@id":"https:\/\/webdelmaestrocmf.com\/portal\/calendario-anual-2024-para-docentes-estudiantes\/"},"wordCount":528,"commentCount":0,"publisher":{"@id":"https:\/\/webdelmaestrocmf.com\/portal\/#organization"},"image":{"@id":"https:\/\/webdelmaestrocmf.com\/portal\/calendario-anual-2024-para-docentes-estudiantes\/#primaryimage"},"thumbnailUrl":"https:\/\/webdelmaestrocmf.com\/portal\/wp-content\/uploads\/2024\/02\/Banner-1-portada-imagen-10-1-6-1.jpg","keywords":["2024","ANUAL","Calendario","DOCENTES","estudiantes"],"articleSection":["Calendario","Recursos"],"inLanguage":"es","potentialAction":[{"@type":"CommentAction","name":"Comment","target":["https:\/\/webdelmaestrocmf.com\/portal\/calendario-anual-2024-para-docentes-estudiantes\/#respond"]}]},{"@type":"WebPage","@id":"https:\/\/webdelmaestrocmf.com\/portal\/calendario-anual-2024-para-docentes-estudiantes\/","url":"https:\/\/webdelmaestrocmf.com\/portal\/calendario-anual-2024-para-docentes-estudiantes\/","name":"Calendario anual 2024 para docentes y estudiantes","isPartOf":{"@id":"https:\/\/webdelmaestrocmf.com\/portal\/#website"},"primaryImageOfPage":{"@id":"https:\/\/webdelmaestrocmf.com\/portal\/calendario-anual-2024-para-docentes-estudiantes\/#primaryimage"},"image":{"@id":"https:\/\/webdelmaestrocmf.com\/portal\/calendario-anual-2024-para-docentes-estudiantes\/#primaryimage"},"thumbnailUrl":"https:\/\/webdelmaestrocmf.com\/portal\/wp-content\/uploads\/2024\/02\/Banner-1-portada-imagen-10-1-6-1.jpg","datePublished":"2024-02-17T19:59:47+00:00","dateModified":"2024-02-17T21:31:39+00:00","description":"\u00bfNecesitas organizaci\u00f3n y planificaci\u00f3n? Usa el calendario anual 2024 para optimizar el desarrollo de tus clases. Descargar gratis.","breadcrumb":{"@id":"https:\/\/webdelmaestrocmf.com\/portal\/calendario-anual-2024-para-docentes-estudiantes\/#breadcrumb"},"inLanguage":"es","potentialAction":[{"@type":"ReadAction","target":["https:\/\/webdelmaestrocmf.com\/portal\/calendario-anual-2024-para-docentes-estudiantes\/"]}]},{"@type":"ImageObject","inLanguage":"es","@id":"https:\/\/webdelmaestrocmf.com\/portal\/calendario-anual-2024-para-docentes-estudiantes\/#primaryimage","url":"https:\/\/webdelmaestrocmf.com\/portal\/wp-content\/uploads\/2024\/02\/Banner-1-portada-imagen-10-1-6-1.jpg","contentUrl":"https:\/\/webdelmaestrocmf.com\/portal\/wp-content\/uploads\/2024\/02\/Banner-1-portada-imagen-10-1-6-1.jpg","width":1024,"height":1024,"caption":"Agenda"},{"@type":"BreadcrumbList","@id":"https:\/\/webdelmaestrocmf.com\/portal\/calendario-anual-2024-para-docentes-estudiantes\/#breadcrumb","itemListElement":[{"@type":"ListItem","position":1,"name":"Portada","item":"https:\/\/webdelmaestrocmf.com\/portal\/"},{"@type":"ListItem","position":2,"name":"Recursos","item":"https:\/\/webdelmaestrocmf.com\/portal\/category\/pedagogia\/"},{"@type":"ListItem","position":3,"name":"Calendario anual 2024 para docentes y estudiantes"}]},{"@type":"WebSite","@id":"https:\/\/webdelmaestrocmf.com\/portal\/#website","url":"https:\/\/webdelmaestrocmf.com\/portal\/","name":"Web del Maestro CMF","description":"Maestros al servicio de la educaci\u00f3n","publisher":{"@id":"https:\/\/webdelmaestrocmf.com\/portal\/#organization"},"alternateName":"WMCMF","potentialAction":[{"@type":"SearchAction","target":{"@type":"EntryPoint","urlTemplate":"https:\/\/webdelmaestrocmf.com\/portal\/?s={search_term_string}"},"query-input":{"@type":"PropertyValueSpecification","valueRequired":true,"valueName":"search_term_string"}}],"inLanguage":"es"},{"@type":"Organization","@id":"https:\/\/webdelmaestrocmf.com\/portal\/#organization","name":"Web del Maestro CMF","alternateName":"WMCMF","url":"https:\/\/webdelmaestrocmf.com\/portal\/","logo":{"@type":"ImageObject","inLanguage":"es","@id":"https:\/\/webdelmaestrocmf.com\/portal\/#\/schema\/logo\/image\/","url":"https:\/\/webdelmaestrocmf.com\/portal\/wp-content\/uploads\/2023\/01\/logo-wmcmf-2.png","contentUrl":"https:\/\/webdelmaestrocmf.com\/portal\/wp-content\/uploads\/2023\/01\/logo-wmcmf-2.png","width":200,"height":60,"caption":"Web del Maestro CMF"},"image":{"@id":"https:\/\/webdelmaestrocmf.com\/portal\/#\/schema\/logo\/image\/"},"sameAs":["https:\/\/www.facebook.com\/WebdelMaestroCMF\/","https:\/\/x.com\/cmf_w","https:\/\/www.pinterest.com\/WMCMF\/","https:\/\/www.linkedin.com\/company\/web-del-maestro-cmf\/","https:\/\/www.instagram.com\/wmcmf\/","https:\/\/www.youtube.com\/channel\/UCDPSvjbdodE5sHnC3OxutHw","https:\/\/mastodon.social\/@wmcmf","https:\/\/www.tiktok.com\/@webdelmaestrocmf"]},{"@type":"Person","@id":"https:\/\/webdelmaestrocmf.com\/portal\/#\/schema\/person\/1072a2ed7bd960df8ef99a551fa35dc5","name":"Web del Maestro CMF","image":{"@type":"ImageObject","inLanguage":"es","@id":"https:\/\/secure.gravatar.com\/avatar\/23291dd5b5ae1077dcff3dbb04c3e02bd28403fa75af6d8787d5e97c5bbbe30b?s=96&d=mm&r=g","url":"https:\/\/secure.gravatar.com\/avatar\/23291dd5b5ae1077dcff3dbb04c3e02bd28403fa75af6d8787d5e97c5bbbe30b?s=96&d=mm&r=g","contentUrl":"https:\/\/secure.gravatar.com\/avatar\/23291dd5b5ae1077dcff3dbb04c3e02bd28403fa75af6d8787d5e97c5bbbe30b?s=96&d=mm&r=g","caption":"Web del Maestro CMF"},"description":"Esta Web se cre\u00f3 sin fines de lucro, con fines educativos, cient\u00edficos y acad\u00e9micos, para personas que tengan dificultades y\/o inconvenientes en visualizar el material original. El objetivo es entregar recursos, compartir experiencias y materiales que ayuden a los padres de familia, maestros y estudiantes en su actualizaci\u00f3n y formaci\u00f3n permanente, en bien de la Educaci\u00f3n.","sameAs":["http:\/\/webdelmaestrocmf.com\/portal","https:\/\/www.facebook.com\/WebdelMaestroCMF\/","https:\/\/www.instagram.com\/wmcmf\/","https:\/\/cl.linkedin.com\/company\/web-del-maestro-cmf","https:\/\/www.pinterest.com\/WMCMF\/publicaciones\/","https:\/\/x.com\/cmf_w","https:\/\/www.youtube.com\/@WMCMF"]}]}},"jetpack_featured_media_url":"https:\/\/webdelmaestrocmf.com\/portal\/wp-content\/uploads\/2024\/02\/Banner-1-portada-imagen-10-1-6-1.jpg","jetpack_sharing_enabled":true,"jetpack-related-posts":[{"id":114291,"url":"https:\/\/webdelmaestrocmf.com\/portal\/20-calendarios-2026-organizacion-planificacion-y-diseno-al-servicio-de-la-educacion\/","url_meta":{"origin":103990,"position":0},"title":"20 calendarios 2026: organizaci\u00f3n, planificaci\u00f3n y dise\u00f1o al servicio de la educaci\u00f3n","author":"Web del Maestro CMF","date":"26 diciembre, 2025","format":false,"excerpt":"Un set de 20 calendarios 2026 ofrece variedad de dise\u00f1os, organizaci\u00f3n eficiente y apoyo pr\u00e1ctico para la planificaci\u00f3n educativa anual.","rel":"","context":"En \u00abCalendario\u00bb","block_context":{"text":"Calendario","link":"https:\/\/webdelmaestrocmf.com\/portal\/category\/pedagogia\/calendario\/"},"img":{"alt_text":"","src":"https:\/\/i0.wp.com\/webdelmaestrocmf.com\/portal\/wp-content\/uploads\/2025\/12\/1A-Banner-1-portada-imagen-10-1-copia-23.webp?resize=350%2C200&ssl=1","width":350,"height":200,"srcset":"https:\/\/i0.wp.com\/webdelmaestrocmf.com\/portal\/wp-content\/uploads\/2025\/12\/1A-Banner-1-portada-imagen-10-1-copia-23.webp?resize=350%2C200&ssl=1 1x, https:\/\/i0.wp.com\/webdelmaestrocmf.com\/portal\/wp-content\/uploads\/2025\/12\/1A-Banner-1-portada-imagen-10-1-copia-23.webp?resize=525%2C300&ssl=1 1.5x, https:\/\/i0.wp.com\/webdelmaestrocmf.com\/portal\/wp-content\/uploads\/2025\/12\/1A-Banner-1-portada-imagen-10-1-copia-23.webp?resize=700%2C400&ssl=1 2x"},"classes":[]},{"id":104001,"url":"https:\/\/webdelmaestrocmf.com\/portal\/cuaderno-de-seguimiento-docente-2024-en-pdf\/","url_meta":{"origin":103990,"position":1},"title":"Cuaderno de seguimiento docente 2024 en PDF","author":"Web del Maestro CMF","date":"17 febrero, 2024","format":false,"excerpt":"La labor docente exige una planificaci\u00f3n meticulosa y una organizaci\u00f3n eficaz para garantizar el \u00e9xito del proceso educativo. Entre las herramientas que facilitan la gesti\u00f3n del aula y el seguimiento del aprendizaje, destaca el cuaderno o agenda de seguimiento docente. Este cuaderno no solo facilita la planificaci\u00f3n y el seguimiento\u2026","rel":"","context":"En \u00abAgenda\u00bb","block_context":{"text":"Agenda","link":"https:\/\/webdelmaestrocmf.com\/portal\/category\/pedagogia\/agenda\/"},"img":{"alt_text":"","src":"https:\/\/i0.wp.com\/webdelmaestrocmf.com\/portal\/wp-content\/uploads\/2024\/02\/Banner-1-portada-imagen-10-1-7-2.jpg?resize=350%2C200&ssl=1","width":350,"height":200,"srcset":"https:\/\/i0.wp.com\/webdelmaestrocmf.com\/portal\/wp-content\/uploads\/2024\/02\/Banner-1-portada-imagen-10-1-7-2.jpg?resize=350%2C200&ssl=1 1x, https:\/\/i0.wp.com\/webdelmaestrocmf.com\/portal\/wp-content\/uploads\/2024\/02\/Banner-1-portada-imagen-10-1-7-2.jpg?resize=525%2C300&ssl=1 1.5x, https:\/\/i0.wp.com\/webdelmaestrocmf.com\/portal\/wp-content\/uploads\/2024\/02\/Banner-1-portada-imagen-10-1-7-2.jpg?resize=700%2C400&ssl=1 2x"},"classes":[]},{"id":102281,"url":"https:\/\/webdelmaestrocmf.com\/portal\/calendario-escolar-2024-descarga-gratuita\/","url_meta":{"origin":103990,"position":2},"title":"Calendario escolar 2024 | Descarga gratuita","author":"Web del Maestro CMF","date":"9 enero, 2024","format":false,"excerpt":"El nuevo a\u00f1o ha comenzado y con \u00e9l, una nueva oportunidad para organizar y planificar tu tiempo de manera eficiente. En este sentido, la descarga gratuita del calendario escolar para el a\u00f1o 2024 se presenta como una herramienta indispensable tanto para profesores como para estudiantes. Esta iniciativa busca facilitar la\u2026","rel":"","context":"En \u00abCalendario\u00bb","block_context":{"text":"Calendario","link":"https:\/\/webdelmaestrocmf.com\/portal\/category\/pedagogia\/calendario\/"},"img":{"alt_text":"calendario escolar","src":"https:\/\/i0.wp.com\/webdelmaestrocmf.com\/portal\/wp-content\/uploads\/2024\/01\/B-dibujos-1-2-1.jpg?resize=350%2C200&ssl=1","width":350,"height":200,"srcset":"https:\/\/i0.wp.com\/webdelmaestrocmf.com\/portal\/wp-content\/uploads\/2024\/01\/B-dibujos-1-2-1.jpg?resize=350%2C200&ssl=1 1x, https:\/\/i0.wp.com\/webdelmaestrocmf.com\/portal\/wp-content\/uploads\/2024\/01\/B-dibujos-1-2-1.jpg?resize=525%2C300&ssl=1 1.5x, https:\/\/i0.wp.com\/webdelmaestrocmf.com\/portal\/wp-content\/uploads\/2024\/01\/B-dibujos-1-2-1.jpg?resize=700%2C400&ssl=1 2x"},"classes":[]},{"id":115017,"url":"https:\/\/webdelmaestrocmf.com\/portal\/calendario-de-escritorio-2026-para-imprimir-organizacion-visual-y-funcional-todo-el-ano\/","url_meta":{"origin":103990,"position":3},"title":"Calendario de Escritorio 2026 para Imprimir: Organizaci\u00f3n Visual y Funcional Todo el A\u00f1o","author":"Web del Maestro CMF","date":"28 enero, 2026","format":false,"excerpt":"Calendario de escritorio 2026 gratuito para imprimir, ideal para organizar fechas, tareas y planificaci\u00f3n anual de forma clara y visible.","rel":"","context":"En \u00abCalendario\u00bb","block_context":{"text":"Calendario","link":"https:\/\/webdelmaestrocmf.com\/portal\/category\/pedagogia\/calendario\/"},"img":{"alt_text":"","src":"https:\/\/i0.wp.com\/webdelmaestrocmf.com\/portal\/wp-content\/uploads\/2026\/01\/1A-Banner-1-portada-imagen-10-1-copia-1-12.webp?resize=350%2C200&ssl=1","width":350,"height":200,"srcset":"https:\/\/i0.wp.com\/webdelmaestrocmf.com\/portal\/wp-content\/uploads\/2026\/01\/1A-Banner-1-portada-imagen-10-1-copia-1-12.webp?resize=350%2C200&ssl=1 1x, https:\/\/i0.wp.com\/webdelmaestrocmf.com\/portal\/wp-content\/uploads\/2026\/01\/1A-Banner-1-portada-imagen-10-1-copia-1-12.webp?resize=525%2C300&ssl=1 1.5x, https:\/\/i0.wp.com\/webdelmaestrocmf.com\/portal\/wp-content\/uploads\/2026\/01\/1A-Banner-1-portada-imagen-10-1-copia-1-12.webp?resize=700%2C400&ssl=1 2x"},"classes":[]},{"id":105974,"url":"https:\/\/webdelmaestrocmf.com\/portal\/calendario-escolar-oficial-del-ciclo-escolar-2024-2025\/","url_meta":{"origin":103990,"position":4},"title":"Calendario escolar oficial del ciclo escolar 2024 \u2013 2025","author":"Web del Maestro CMF","date":"11 junio, 2024","format":false,"excerpt":"Es un placer para nosotros compartir con todos ustedes el Calendario Escolar Oficial del Ciclo Escolar 2024 \u2013 2025, el cual ha sido publicado en el Diario Oficial de la Federaci\u00f3n (DOF). Este calendario es fundamental para la organizaci\u00f3n y planificaci\u00f3n de nuestras actividades educativas durante el pr\u00f3ximo a\u00f1o escolar.\u2026","rel":"","context":"En \u00abCalendario\u00bb","block_context":{"text":"Calendario","link":"https:\/\/webdelmaestrocmf.com\/portal\/category\/pedagogia\/calendario\/"},"img":{"alt_text":"","src":"https:\/\/i0.wp.com\/webdelmaestrocmf.com\/portal\/wp-content\/uploads\/2024\/06\/Banner-1-portada-imagen-10-1-2024-06-11T114426.418.jpg?resize=350%2C200&ssl=1","width":350,"height":200,"srcset":"https:\/\/i0.wp.com\/webdelmaestrocmf.com\/portal\/wp-content\/uploads\/2024\/06\/Banner-1-portada-imagen-10-1-2024-06-11T114426.418.jpg?resize=350%2C200&ssl=1 1x, https:\/\/i0.wp.com\/webdelmaestrocmf.com\/portal\/wp-content\/uploads\/2024\/06\/Banner-1-portada-imagen-10-1-2024-06-11T114426.418.jpg?resize=525%2C300&ssl=1 1.5x, https:\/\/i0.wp.com\/webdelmaestrocmf.com\/portal\/wp-content\/uploads\/2024\/06\/Banner-1-portada-imagen-10-1-2024-06-11T114426.418.jpg?resize=700%2C400&ssl=1 2x"},"classes":[]},{"id":114428,"url":"https:\/\/webdelmaestrocmf.com\/portal\/calendario-de-escritorio-triangular-2026-un-recurso-practico-y-editable-al-servicio-del-docente\/","url_meta":{"origin":103990,"position":5},"title":"Calendario de escritorio triangular 2026: un recurso pr\u00e1ctico y editable al servicio del docente","author":"Web del Maestro CMF","date":"2 enero, 2026","format":false,"excerpt":"Calendario de escritorio triangular 2026, editable y pr\u00e1ctico, creado por Manualidades Educativas y compartido generosamente para apoyar la organizaci\u00f3n y planificaci\u00f3n diaria de toda la comunidad docente.","rel":"","context":"En \u00abCalendario\u00bb","block_context":{"text":"Calendario","link":"https:\/\/webdelmaestrocmf.com\/portal\/category\/pedagogia\/calendario\/"},"img":{"alt_text":"","src":"https:\/\/i0.wp.com\/webdelmaestrocmf.com\/portal\/wp-content\/uploads\/2026\/01\/1A-Banner-1-portada-imagen-10-1-copia-2.webp?resize=350%2C200&ssl=1","width":350,"height":200,"srcset":"https:\/\/i0.wp.com\/webdelmaestrocmf.com\/portal\/wp-content\/uploads\/2026\/01\/1A-Banner-1-portada-imagen-10-1-copia-2.webp?resize=350%2C200&ssl=1 1x, https:\/\/i0.wp.com\/webdelmaestrocmf.com\/portal\/wp-content\/uploads\/2026\/01\/1A-Banner-1-portada-imagen-10-1-copia-2.webp?resize=525%2C300&ssl=1 1.5x, https:\/\/i0.wp.com\/webdelmaestrocmf.com\/portal\/wp-content\/uploads\/2026\/01\/1A-Banner-1-portada-imagen-10-1-copia-2.webp?resize=700%2C400&ssl=1 2x"},"classes":[]}],"_links":{"self":[{"href":"https:\/\/webdelmaestrocmf.com\/portal\/wp-json\/wp\/v2\/posts\/103990","targetHints":{"allow":["GET"]}}],"collection":[{"href":"https:\/\/webdelmaestrocmf.com\/portal\/wp-json\/wp\/v2\/posts"}],"about":[{"href":"https:\/\/webdelmaestrocmf.com\/portal\/wp-json\/wp\/v2\/types\/post"}],"author":[{"embeddable":true,"href":"https:\/\/webdelmaestrocmf.com\/portal\/wp-json\/wp\/v2\/users\/1"}],"replies":[{"embeddable":true,"href":"https:\/\/webdelmaestrocmf.com\/portal\/wp-json\/wp\/v2\/comments?post=103990"}],"version-history":[{"count":0,"href":"https:\/\/webdelmaestrocmf.com\/portal\/wp-json\/wp\/v2\/posts\/103990\/revisions"}],"wp:featuredmedia":[{"embeddable":true,"href":"https:\/\/webdelmaestrocmf.com\/portal\/wp-json\/wp\/v2\/media\/103999"}],"wp:attachment":[{"href":"https:\/\/webdelmaestrocmf.com\/portal\/wp-json\/wp\/v2\/media?parent=103990"}],"wp:term":[{"taxonomy":"category","embeddable":true,"href":"https:\/\/webdelmaestrocmf.com\/portal\/wp-json\/wp\/v2\/categories?post=103990"},{"taxonomy":"post_tag","embeddable":true,"href":"https:\/\/webdelmaestrocmf.com\/portal\/wp-json\/wp\/v2\/tags?post=103990"}],"curies":[{"name":"wp","href":"https:\/\/api.w.org\/{rel}","templated":true}]}}