{"id":103922,"date":"2025-02-06T11:49:04","date_gmt":"2025-02-06T14:49:04","guid":{"rendered":"https:\/\/webdelmaestrocmf.com\/portal\/?p=103922"},"modified":"2026-02-16T23:45:39","modified_gmt":"2026-02-17T02:45:39","slug":"ideas-para-decorar-las-puertas-de-aula-para-el-mes-de-marzo","status":"publish","type":"post","link":"https:\/\/webdelmaestrocmf.com\/portal\/ideas-para-decorar-las-puertas-de-aula-para-el-mes-de-marzo\/","title":{"rendered":"Ideas para decorar las Puertas del aula para el inicio de clases"},"content":{"rendered":"\n<p>La decoraci\u00f3n del aula juega un papel crucial en la creaci\u00f3n de un ambiente de aprendizaje positivo y estimulante. Un espacio bien decorado puede fomentar la creatividad, el aprendizaje y el bienestar de los estudiantes. Sin embargo, es importante encontrar un equilibrio entre la est\u00e9tica y la funcionalidad.<\/p>\n\n\n\n<!--more-->\n\n\n\n<p>A continuaci\u00f3n, te ofrecemos algunos consejos pr\u00e1cticos para decorar tu aula de manera efectiva:<\/p>\n\n\n\n<h2 class=\"wp-block-heading\">Beneficios de decorar el aula<\/h2>\n\n\n\n<ul class=\"wp-block-list\">\n<li><strong>Estimula la creatividad y la imaginaci\u00f3n<\/strong>: Los colores, las im\u00e1genes y los objetos interesantes pueden inspirar a los estudiantes y fomentar su creatividad.<\/li>\n\n\n\n<li><strong>Crea un ambiente acogedor<\/strong>: Un aula decorada puede hacer que los estudiantes se sientan m\u00e1s c\u00f3modos y seguros en el espacio.<\/li>\n\n\n\n<li><strong>Refuerza el aprendizaje<\/strong>: La decoraci\u00f3n puede utilizarse para exhibir trabajos de los estudiantes, conceptos clave o informaci\u00f3n relevante para el curr\u00edculo.<\/li>\n\n\n\n<li><strong>Promueve la identidad y el sentido de pertenencia<\/strong>: La decoraci\u00f3n puede reflejar la diversidad de los estudiantes y celebrar sus logros.<\/li>\n<\/ul>\n\n\n\n<h2 class=\"wp-block-heading\">Desventajas de decorar en exceso el aula<\/h2>\n\n\n\n<ul class=\"wp-block-list\">\n<li><strong>Distracci\u00f3n<\/strong>: Un aula demasiado decorada puede distraer a los estudiantes y dificultar su concentraci\u00f3n en las tareas.<\/li>\n\n\n\n<li><strong>Sobrecarga sensorial<\/strong>: El exceso de est\u00edmulos visuales puede ser abrumador para algunos estudiantes, especialmente aquellos con necesidades especiales.<\/li>\n\n\n\n<li><strong>Mantenimiento<\/strong>: Mantener un aula muy decorada puede requerir mucho tiempo y esfuerzo.<\/li>\n<\/ul>\n\n\n\n<h2 class=\"wp-block-heading\">Recomendaciones<\/h2>\n\n\n\n<ul class=\"wp-block-list\">\n<li><strong>Prioriza la funcionalidad<\/strong>: Aseg\u00farate de que la decoraci\u00f3n no interfiera con la ense\u00f1anza y el aprendizaje.<\/li>\n\n\n\n<li><strong>Utiliza la decoraci\u00f3n de forma estrat\u00e9gica<\/strong>: Enf\u00f3cate en elementos que sean relevantes para el curr\u00edculo o que fomenten el aprendizaje.<\/li>\n\n\n\n<li><strong>Involucra a los estudiantes<\/strong>: Permite que los estudiantes participen en la decoraci\u00f3n del aula para que se sientan m\u00e1s involucrados y comprometidos.<\/li>\n\n\n\n<li><strong>Mant\u00e9n la decoraci\u00f3n limpia y organizada<\/strong>: Un aula ordenada y organizada facilita el aprendizaje y reduce el estr\u00e9s visual.<\/li>\n\n\n\n<li><strong>Considera la diversidad de los estudiantes<\/strong>: Aseg\u00farate de que la decoraci\u00f3n sea inclusiva y refleje la diversidad de los estudiantes en el aula.<\/li>\n<\/ul>\n\n\n\n<p>Enlace relacionado:&nbsp;<a href=\"https:\/\/webdelmaestrocmf.com\/portal\/cartilla-de-bienvenida-a-la-comunidad-educativa-para-el-reinicio-de-clases-primaria-y-secundaria\/\" target=\"_top\" rel=\"noopener\">Cartilla de bienvenida a la comunidad educativa para el reinicio de clases \u2013 Primaria y Secundaria<\/a><\/p>\n\n\n\n<h2 class=\"wp-block-heading\"><strong>M\u00e1s de 100 ideas para dar la bienvenida a los alumnos:<\/strong><\/h2>\n\n\n\n<p>Olv\u00eddate de las puertas aburridas y convi\u00e9rtelas en un lienzo de creatividad. Desde flores de papel y mariposas revoloteando hasta coloridos p\u00e1jaros y mensajes inspiradores, las posibilidades son infinitas.<\/p>\n\n\n\n<p>Frases para la puerta del sal\u00f3n de clases:<\/p>\n\n\n\n<p><strong>Inicial:<\/strong><\/p>\n\n\n\n<ol class=\"wp-block-list\">\n<li>\n<ol class=\"wp-block-list\">\n<li>En este jard\u00edn, la alegr\u00eda florece y el aprendizaje se fortalece.<\/li>\n\n\n\n<li>Sembramos sue\u00f1os, cosechamos sonrisas.<\/li>\n\n\n\n<li>Manitas inquietas, mentes despiertas.<\/li>\n\n\n\n<li>Un mundo de colores y canciones nos invita a explorar.<\/li>\n\n\n\n<li>Jugando y cantando, aprendemos sin parar.<\/li>\n\n\n\n<li>La amistad es nuestro mejor tesoro.<\/li>\n\n\n\n<li>Con abrazos y cari\u00f1o, crecemos juntos.<\/li>\n\n\n\n<li>\u00a1Bienvenidos a nuestro peque\u00f1o mundo de maravillas!<\/li>\n\n\n\n<li>Aqu\u00ed la imaginaci\u00f3n tiene alas para volar.<\/li>\n\n\n\n<li>Cada d\u00eda es una nueva aventura por descubrir.<\/li>\n<\/ol>\n<\/li>\n<\/ol>\n\n\n\n<p><strong>Primaria:<\/strong><\/p>\n\n\n\n<ol class=\"wp-block-list\">\n<li>\n<ol start=\"11\" class=\"wp-block-list\">\n<li>\u00a1Abre las puertas al conocimiento!<\/li>\n\n\n\n<li>Aprende, explora, divi\u00e9rtete.<\/li>\n\n\n\n<li>El saber no ocupa lugar, llena tu mente de tesoros.<\/li>\n\n\n\n<li>En este sal\u00f3n, la creatividad es la reina.<\/li>\n\n\n\n<li>El trabajo en equipo nos hace invencibles.<\/li>\n\n\n\n<li>Cultiva tu mente, cosecha el \u00e9xito.<\/li>\n\n\n\n<li>La aventura del aprendizaje comienza aqu\u00ed.<\/li>\n\n\n\n<li>Prep\u00e1rate para conquistar el mundo con tu conocimiento.<\/li>\n\n\n\n<li>Aprende con pasi\u00f3n, ense\u00f1a con el coraz\u00f3n.<\/li>\n\n\n\n<li>La educaci\u00f3n es la llave que abre las puertas del futuro.<\/li>\n<\/ol>\n<\/li>\n<\/ol>\n\n\n\n<p><strong>Motivacionales:<\/strong><\/p>\n\n\n\n<ol class=\"wp-block-list\">\n<li>\n<ol start=\"21\" class=\"wp-block-list\">\n<li>\u00a1Conf\u00eda en ti mismo, puedes lograr lo que te propongas!<\/li>\n\n\n\n<li>No tengas miedo de equivocarte, de los errores se aprende.<\/li>\n\n\n\n<li>La mejor manera de predecir el futuro es crearlo.<\/li>\n\n\n\n<li>\u00a1Atr\u00e9vete a so\u00f1ar en grande!<\/li>\n\n\n\n<li>La educaci\u00f3n es el arma m\u00e1s poderosa que puedes tener.<\/li>\n\n\n\n<li>Juntos podemos lograr cosas incre\u00edbles.<\/li>\n\n\n\n<li>El \u00e9xito no se mide en resultados, sino en esfuerzo y dedicaci\u00f3n.<\/li>\n\n\n\n<li>La constancia y la perseverancia son las claves del \u00e9xito.<\/li>\n\n\n\n<li>No te rindas nunca, tus sue\u00f1os est\u00e1n al alcance de tu mano.<\/li>\n\n\n\n<li>Cree en ti mismo y en tu potencial.<\/li>\n<\/ol>\n<\/li>\n<\/ol>\n\n\n\n<p><strong>Reflexivas:<\/strong><\/p>\n\n\n\n<ol class=\"wp-block-list\">\n<li>\n<ol start=\"31\" class=\"wp-block-list\">\n<li>La educaci\u00f3n es la mejor herencia que puedes dejar a tus hijos.<\/li>\n\n\n\n<li>Aprender es un proceso que dura toda la vida.<\/li>\n\n\n\n<li>El conocimiento es poder.<\/li>\n\n\n\n<li>La educaci\u00f3n es la base del progreso.<\/li>\n\n\n\n<li>La mente es un m\u00fasculo que hay que entrenar.<\/li>\n\n\n\n<li>Leer te abre las puertas a nuevos mundos.<\/li>\n\n\n\n<li>La curiosidad es el motor del aprendizaje.<\/li>\n\n\n\n<li>La educaci\u00f3n es la mejor inversi\u00f3n que puedes hacer en tu futuro.<\/li>\n\n\n\n<li>Nunca dejes de aprender, nunca dejes de crecer.<\/li>\n\n\n\n<li>La educaci\u00f3n te hace libre.<\/li>\n<\/ol>\n<\/li>\n<\/ol>\n\n\n\n<p><strong>Frases divertidas:<\/strong><\/p>\n\n\n\n<ol class=\"wp-block-list\">\n<li>\n<ol start=\"41\" class=\"wp-block-list\">\n<li>En este sal\u00f3n se aprende, pero tambi\u00e9n se r\u00ede.<\/li>\n\n\n\n<li>\u00a1Prohibido aburrirse!<\/li>\n\n\n\n<li>La risa es el mejor aprendizaje.<\/li>\n\n\n\n<li>Aprender es divertido, \u00a1\u00fanete a la aventura!<\/li>\n\n\n\n<li>En este sal\u00f3n, la creatividad est\u00e1 de fiesta.<\/li>\n\n\n\n<li>\u00a1Cuidado! Aqu\u00ed se contagia el entusiasmo por aprender.<\/li>\n\n\n\n<li>No te quedes en la puerta, \u00a1entra y aprende con nosotros!<\/li>\n\n\n\n<li>La mejor parte del d\u00eda es la que pasamos en este sal\u00f3n.<\/li>\n\n\n\n<li>Aqu\u00ed no hay espacio para la tristeza, solo para la alegr\u00eda del aprendizaje.<\/li>\n\n\n\n<li>\u00a1Bienvenidos a nuestro sal\u00f3n, donde la imaginaci\u00f3n no tiene l\u00edmites!<\/li>\n<\/ol>\n<\/li>\n<\/ol>\n\n\n\n<h2 class=\"wp-block-heading\"><strong>Materiales caseros que se transforman en arte:<\/strong><\/h2>\n\n\n\n<p>No necesitas invertir grandes sumas de dinero para lograr un dise\u00f1o espectacular. Re\u00fane materiales reciclados, cartulinas, pinturas y mucha imaginaci\u00f3n para dar vida a la puerta de tu sal\u00f3n.<\/p>\n\n\n\n<h2 class=\"wp-block-heading\"><strong>Un proyecto para toda la familia:<\/strong><\/h2>\n\n\n\n<p>Involucra a los ni\u00f1os en la decoraci\u00f3n. Es una actividad divertida que les permite desarrollar su creatividad, trabajar en equipo y aprender.<\/p>\n\n\n\n<figure class=\"wp-block-image\"><img loading=\"lazy\" decoding=\"async\" width=\"1024\" height=\"1024\" src=\"https:\/\/webdelmaestrocmf.com\/portal\/wp-content\/uploads\/2024\/02\/1-3-1024x1024.jpg\" alt=\"\" class=\"wp-image-103923\" srcset=\"https:\/\/webdelmaestrocmf.com\/portal\/wp-content\/uploads\/2024\/02\/1-3-1024x1024.jpg 1024w, https:\/\/webdelmaestrocmf.com\/portal\/wp-content\/uploads\/2024\/02\/1-3-300x300.jpg 300w, https:\/\/webdelmaestrocmf.com\/portal\/wp-content\/uploads\/2024\/02\/1-3-150x150.jpg 150w, https:\/\/webdelmaestrocmf.com\/portal\/wp-content\/uploads\/2024\/02\/1-3-768x768.jpg 768w, https:\/\/webdelmaestrocmf.com\/portal\/wp-content\/uploads\/2024\/02\/1-3-80x80.jpg 80w, https:\/\/webdelmaestrocmf.com\/portal\/wp-content\/uploads\/2024\/02\/1-3-110x110.jpg 110w, https:\/\/webdelmaestrocmf.com\/portal\/wp-content\/uploads\/2024\/02\/1-3-380x380.jpg 380w, https:\/\/webdelmaestrocmf.com\/portal\/wp-content\/uploads\/2024\/02\/1-3-550x550.jpg 550w, https:\/\/webdelmaestrocmf.com\/portal\/wp-content\/uploads\/2024\/02\/1-3-800x800.jpg 800w, https:\/\/webdelmaestrocmf.com\/portal\/wp-content\/uploads\/2024\/02\/1-3.jpg 1080w\" sizes=\"auto, (max-width: 1024px) 100vw, 1024px\" \/><\/figure>\n\n\n\n<p><\/p>\n\n\n\n<h2 class=\"wp-block-heading\"><strong>Ideas para inspirarte:<\/strong><\/h2>\n\n\n\n<ul class=\"wp-block-list\">\n<li><strong>Un jard\u00edn de flores:<\/strong> Crea flores de diferentes colores y tama\u00f1os con papel, cartulina o goma eva.<\/li>\n\n\n\n<li><strong>Mariposas en vuelo:<\/strong>\u00a0Recorta mariposas de papel o tela y cu\u00e9lgalas del techo o marco de la puerta.\u00a0Puedes crear una bandada multicolor que dar\u00e1 la sensaci\u00f3n de movimiento.<\/li>\n\n\n\n<li><strong>P\u00e1jaros cantando:<\/strong>\u00a0Decora la puerta con p\u00e1jaros de papel o fieltro.\u00a0Puedes agregarles mensajes alegres o frases inspiradoras.<\/li>\n\n\n\n<li><strong>Un \u00e1rbol de la vida:<\/strong>\u00a0Dibuja un \u00e1rbol en la puerta y decora sus ramas con flores,\u00a0hojas y frutos de colores.<\/li>\n\n\n\n<li><strong>Mensajes de bienvenida:<\/strong> Escribe frases alegres y positivas en la puerta para dar la bienvenida.<\/li>\n<\/ul>\n\n\n\n<h2 class=\"wp-block-heading\"><strong>Un espacio que invita a la alegr\u00eda:<\/strong><\/h2>\n\n\n\n<p>Decorar la puerta en marzo no solo es una actividad divertida, sino que tambi\u00e9n crea un ambiente alegre y acogedor en el hogar o aula. Es una forma de celebrar la llegada de el nuevo periodo de clases y de conectar con la naturaleza.<\/p>\n\n\n\n<iframe loading=\"lazy\" src=\"https:\/\/drive.google.com\/file\/d\/1icU5WNb_Z8efESNQz7IBz7U2nVqlocs-\/preview\" width=\"100%\" height=\"600\"><\/iframe>\n\n\n\n<p class=\"has-text-align-center\">ENLACE DE LECTURA: <a href=\"https:\/\/drive.google.com\/drive\/folders\/1ki4fc5Zg-jboiaHo1mPv8woDFBpGFMQJ?usp=sharing\" target=\"_blank\" rel=\"noopener\">DECORACI\u00d3N DE PUERTAS DEL SAL\u00d3N DE CLASES<\/a><\/p>\n\n\n\t\t<div class=\"pk-inline-posts\">\n\t\t\t\n\t\t\t<div class=\"pk-inline-posts-container pk-inline-posts-template-list\"\n\t\t\t\tdata-columns=\"1\">\n\t\t\t\t\t\t<article id=\"post-101267\" class=\"post-101267 post type-post status-publish format-standard has-post-thumbnail category-calculo category-descargas-manuales-pdf category-pedagogia tag-calculo tag-desarrollar tag-guia tag-mental tag-ninos cs-entry cs-video-wrap\">\n\t\t\t<div class=\"pk-post-outer\">\n\n\t\t\t\t\t\t\t\t<div class=\"pk-post-inner\">\n\t\t\t\t\t<div class=\"entry-thumbnail\">\n\t\t\t\t\t\t<div class=\"pk-overlay pk-overlay-ratio pk-ratio-landscape\">\n\t\t\t\t\t\t\t<div class=\"pk-overlay-background\">\n\t\t\t\t\t\t\t\t<a href=\"https:\/\/webdelmaestrocmf.com\/portal\/guia-para-desarrollar-el-calculo-mental-en-ninos\/\" class=\"pk-overlay-link\">\n\t\t\t\t\t\t\t\t\t<img loading=\"lazy\" decoding=\"async\" width=\"300\" height=\"225\" src=\"https:\/\/webdelmaestrocmf.com\/portal\/wp-content\/uploads\/2023\/11\/1AA-Banner-1-portada-imagen-10-1-copia-1-300x225.webp\" class=\"attachment-pk-thumbnail size-pk-thumbnail wp-post-image\" alt=\"\" \/>\t\t\t\t\t\t\t\t<\/a>\n\t\t\t\t\t\t\t<\/div>\n\t\t\t\t\t\t<\/div>\n\t\t\t\t\t<\/div>\n\t\t\t\t<\/div>\n\t\t\t\t\n\t\t\t\t<div class=\"pk-post-inner\">\n\t\t\t\t\t<header>\n\t\t\t\t\t\t<h3 class=\"pk-title\"><a href=\"https:\/\/webdelmaestrocmf.com\/portal\/guia-para-desarrollar-el-calculo-mental-en-ninos\/\" rel=\"bookmark\">Gu\u00eda pr\u00e1ctica para desarrollar el c\u00e1lculo mental en ni\u00f1os: descarga los tres cuadernillos de c\u00e1lculo mental<\/a><\/h3>\t\t\t\t\t<\/header><!-- .entry-header -->\n\t\t\t\t<\/div><!-- .post-inner -->\n\n\t\t\t<\/div><!-- .post-outer -->\n\t\t<\/article>\n\t\t\t<article id=\"post-95551\" class=\"post-95551 post type-post status-publish format-standard has-post-thumbnail category-deficit-de-atencion category-descargas-manuales-pdf category-pedagogia tag-actividades-al-aire-libre tag-actividades-en-casa tag-actividades-escolares tag-ambiente-de-aprendizaje tag-atencion tag-atencion-plena tag-comprension-lectora tag-concentracion tag-desarrollo-cognitivo tag-educacion tag-ejercicios-de-atencion tag-ejercicios-de-respiracion tag-estrategias-educativas tag-habilidades-de-atencio tag-herramientas-visuales tag-juegos-de-atencion tag-juegos-de-mesa tag-lectura-conjunta tag-limitar-tiempo-de-pantalla tag-mindfulness tag-ninos-distraidos tag-organizacion tag-pausas-activas tag-rompecabezas tag-rutinas tag-tareas-domesticas tag-tdah tag-tecnicas-de-concentracion tag-tiempo-de-silencio cs-entry cs-video-wrap\">\n\t\t\t<div class=\"pk-post-outer\">\n\n\t\t\t\t\t\t\t\t<div class=\"pk-post-inner\">\n\t\t\t\t\t<div class=\"entry-thumbnail\">\n\t\t\t\t\t\t<div class=\"pk-overlay pk-overlay-ratio pk-ratio-landscape\">\n\t\t\t\t\t\t\t<div class=\"pk-overlay-background\">\n\t\t\t\t\t\t\t\t<a href=\"https:\/\/webdelmaestrocmf.com\/portal\/como-educar-a-ninos-distraidos-o-despistados-que-se-puede-hacer-en-clase\/\" class=\"pk-overlay-link\">\n\t\t\t\t\t\t\t\t\t<img loading=\"lazy\" decoding=\"async\" width=\"300\" height=\"225\" src=\"https:\/\/webdelmaestrocmf.com\/portal\/wp-content\/uploads\/2023\/09\/1A-Banner-1-portada-imagen-10-1-copia-1-300x225.jpg\" class=\"attachment-pk-thumbnail size-pk-thumbnail wp-post-image\" alt=\"\" \/>\t\t\t\t\t\t\t\t<\/a>\n\t\t\t\t\t\t\t<\/div>\n\t\t\t\t\t\t<\/div>\n\t\t\t\t\t<\/div>\n\t\t\t\t<\/div>\n\t\t\t\t\n\t\t\t\t<div class=\"pk-post-inner\">\n\t\t\t\t\t<header>\n\t\t\t\t\t\t<h3 class=\"pk-title\"><a href=\"https:\/\/webdelmaestrocmf.com\/portal\/como-educar-a-ninos-distraidos-o-despistados-que-se-puede-hacer-en-clase\/\" rel=\"bookmark\">C\u00f3mo educar a ni\u00f1os distra\u00eddos o despistados. \u00bfQu\u00e9 se puede hacer en clase? Descarga las 80 actividades para trabajar la atenci\u00f3n en clases<\/a><\/h3>\t\t\t\t\t<\/header><!-- .entry-header -->\n\t\t\t\t<\/div><!-- .post-inner -->\n\n\t\t\t<\/div><!-- .post-outer -->\n\t\t<\/article>\n\t\t\t<article id=\"post-20592\" class=\"post-20592 post type-post status-publish format-standard has-post-thumbnail category-descarga category-descargas-manuales-pdf category-estres category-pedagogia tag-docentes tag-educadores tag-guia tag-mindfulness tag-practica cs-entry cs-video-wrap\">\n\t\t\t<div class=\"pk-post-outer\">\n\n\t\t\t\t\t\t\t\t<div class=\"pk-post-inner\">\n\t\t\t\t\t<div class=\"entry-thumbnail\">\n\t\t\t\t\t\t<div class=\"pk-overlay pk-overlay-ratio pk-ratio-landscape\">\n\t\t\t\t\t\t\t<div class=\"pk-overlay-background\">\n\t\t\t\t\t\t\t\t<a href=\"https:\/\/webdelmaestrocmf.com\/portal\/mindfulness-guia-practica-docentes-educadores\/\" class=\"pk-overlay-link\">\n\t\t\t\t\t\t\t\t\t<img loading=\"lazy\" decoding=\"async\" width=\"300\" height=\"225\" src=\"https:\/\/webdelmaestrocmf.com\/portal\/wp-content\/uploads\/2020\/03\/1AA-Banner-1-portada-imagen-10-1-copia-4-300x225.webp\" class=\"attachment-pk-thumbnail size-pk-thumbnail wp-post-image\" alt=\"\" \/>\t\t\t\t\t\t\t\t<\/a>\n\t\t\t\t\t\t\t<\/div>\n\t\t\t\t\t\t<\/div>\n\t\t\t\t\t<\/div>\n\t\t\t\t<\/div>\n\t\t\t\t\n\t\t\t\t<div class=\"pk-post-inner\">\n\t\t\t\t\t<header>\n\t\t\t\t\t\t<h3 class=\"pk-title\"><a href=\"https:\/\/webdelmaestrocmf.com\/portal\/mindfulness-guia-practica-docentes-educadores\/\" rel=\"bookmark\">Mindfulness: Gu\u00eda pr\u00e1ctica para docentes y educadores<\/a><\/h3>\t\t\t\t\t<\/header><!-- .entry-header -->\n\t\t\t\t<\/div><!-- .post-inner -->\n\n\t\t\t<\/div><!-- .post-outer -->\n\t\t<\/article>\n\t\t\t\t<\/div>\n\t\t<\/div>\n\t\t\n","protected":false},"excerpt":{"rendered":"La decoraci\u00f3n del aula juega un papel crucial en la creaci\u00f3n de un ambiente de aprendizaje positivo y&hellip;","protected":false},"author":1,"featured_media":103927,"comment_status":"open","ping_status":"closed","sticky":false,"template":"","format":"standard","meta":{"csco_display_header_overlay":false,"csco_singular_sidebar":"","csco_page_header_type":"","csco_page_load_nextpost":"","csco_post_video_location":[],"csco_post_video_location_hash":"","csco_post_video_url":"","csco_post_video_bg_start_time":0,"csco_post_video_bg_end_time":0,"csco_post_video_bg_volume":false,"_jetpack_memberships_contains_paid_content":false,"footnotes":""},"categories":[23381,23382,2004,735],"tags":[596,5559,1846,3364,4978,1515],"class_list":{"0":"post-103922","1":"post","2":"type-post","3":"status-publish","4":"format-standard","5":"has-post-thumbnail","7":"category-decoracion","8":"category-decorar","9":"category-descargas-manuales-pdf","10":"category-pedagogia","11":"tag-aula","12":"tag-decorar","13":"tag-ideas","14":"tag-marzo","15":"tag-mes","16":"tag-puertas","17":"cs-entry","18":"cs-video-wrap"},"yoast_head":"<!-- This site is optimized with the Yoast SEO plugin v27.5 - https:\/\/yoast.com\/product\/yoast-seo-wordpress\/ -->\n<title>Ideas para decorar las Puertas del aula para el inicio de clases - 2026<\/title>\n<meta name=\"description\" content=\"Marzo llega con la brisa fresca del inicio de clases, trayendo consigo una explosi\u00f3n de colores y aromas que invitan a celebrar la vida.\" \/>\n<meta name=\"robots\" content=\"index, follow, max-snippet:-1, max-image-preview:large, max-video-preview:-1\" \/>\n<link rel=\"canonical\" href=\"https:\/\/webdelmaestrocmf.com\/portal\/ideas-para-decorar-las-puertas-de-aula-para-el-mes-de-marzo\/\" \/>\n<meta property=\"og:locale\" content=\"es_ES\" \/>\n<meta property=\"og:type\" content=\"article\" \/>\n<meta property=\"og:title\" content=\"Ideas para decorar las Puertas del aula para el inicio de clases - 2026\" \/>\n<meta property=\"og:description\" content=\"Marzo llega con la brisa fresca del inicio de clases, trayendo consigo una explosi\u00f3n de colores y aromas que invitan a celebrar la vida.\" \/>\n<meta property=\"og:url\" content=\"https:\/\/webdelmaestrocmf.com\/portal\/ideas-para-decorar-las-puertas-de-aula-para-el-mes-de-marzo\/\" \/>\n<meta property=\"og:site_name\" content=\"Web del Maestro CMF\" \/>\n<meta property=\"article:publisher\" content=\"https:\/\/www.facebook.com\/WebdelMaestroCMF\/\" \/>\n<meta property=\"article:author\" content=\"https:\/\/www.facebook.com\/WebdelMaestroCMF\/\" \/>\n<meta property=\"article:published_time\" content=\"2025-02-06T14:49:04+00:00\" \/>\n<meta property=\"article:modified_time\" content=\"2026-02-17T02:45:39+00:00\" \/>\n<meta property=\"og:image\" content=\"https:\/\/webdelmaestrocmf.com\/portal\/wp-content\/uploads\/2024\/02\/Banner-1-portada-imagen-10-1-1-2.jpg\" \/>\n\t<meta property=\"og:image:width\" content=\"1024\" \/>\n\t<meta property=\"og:image:height\" content=\"1024\" \/>\n\t<meta property=\"og:image:type\" content=\"image\/jpeg\" \/>\n<meta name=\"author\" content=\"Web del Maestro CMF\" \/>\n<meta name=\"twitter:card\" content=\"summary_large_image\" \/>\n<meta name=\"twitter:creator\" content=\"@cmf_w\" \/>\n<meta name=\"twitter:site\" content=\"@cmf_w\" \/>\n<script type=\"application\/ld+json\" class=\"yoast-schema-graph\">{\"@context\":\"https:\\\/\\\/schema.org\",\"@graph\":[{\"@type\":\"ScholarlyArticle\",\"@id\":\"https:\\\/\\\/webdelmaestrocmf.com\\\/portal\\\/ideas-para-decorar-las-puertas-de-aula-para-el-mes-de-marzo\\\/#article\",\"isPartOf\":{\"@id\":\"https:\\\/\\\/webdelmaestrocmf.com\\\/portal\\\/ideas-para-decorar-las-puertas-de-aula-para-el-mes-de-marzo\\\/\"},\"author\":{\"name\":\"Web del Maestro CMF\",\"@id\":\"https:\\\/\\\/webdelmaestrocmf.com\\\/portal\\\/#\\\/schema\\\/person\\\/1072a2ed7bd960df8ef99a551fa35dc5\"},\"headline\":\"Ideas para decorar las Puertas del aula para el inicio de clases\",\"datePublished\":\"2025-02-06T14:49:04+00:00\",\"dateModified\":\"2026-02-17T02:45:39+00:00\",\"mainEntityOfPage\":{\"@id\":\"https:\\\/\\\/webdelmaestrocmf.com\\\/portal\\\/ideas-para-decorar-las-puertas-de-aula-para-el-mes-de-marzo\\\/\"},\"wordCount\":1111,\"commentCount\":0,\"publisher\":{\"@id\":\"https:\\\/\\\/webdelmaestrocmf.com\\\/portal\\\/#organization\"},\"image\":{\"@id\":\"https:\\\/\\\/webdelmaestrocmf.com\\\/portal\\\/ideas-para-decorar-las-puertas-de-aula-para-el-mes-de-marzo\\\/#primaryimage\"},\"thumbnailUrl\":\"https:\\\/\\\/webdelmaestrocmf.com\\\/portal\\\/wp-content\\\/uploads\\\/2024\\\/02\\\/Banner-1-portada-imagen-10-1-1-2.jpg\",\"keywords\":[\"aula\",\"decorar\",\"IDEAS\",\"MARZO\",\"mes\",\"PUERTAS\"],\"articleSection\":[\"Decoraci\u00f3n\",\"Decorar\",\"Descargas Manuales PDF\",\"Recursos\"],\"inLanguage\":\"es\",\"potentialAction\":[{\"@type\":\"CommentAction\",\"name\":\"Comment\",\"target\":[\"https:\\\/\\\/webdelmaestrocmf.com\\\/portal\\\/ideas-para-decorar-las-puertas-de-aula-para-el-mes-de-marzo\\\/#respond\"]}]},{\"@type\":\"WebPage\",\"@id\":\"https:\\\/\\\/webdelmaestrocmf.com\\\/portal\\\/ideas-para-decorar-las-puertas-de-aula-para-el-mes-de-marzo\\\/\",\"url\":\"https:\\\/\\\/webdelmaestrocmf.com\\\/portal\\\/ideas-para-decorar-las-puertas-de-aula-para-el-mes-de-marzo\\\/\",\"name\":\"Ideas para decorar las Puertas del aula para el inicio de clases - 2026\",\"isPartOf\":{\"@id\":\"https:\\\/\\\/webdelmaestrocmf.com\\\/portal\\\/#website\"},\"primaryImageOfPage\":{\"@id\":\"https:\\\/\\\/webdelmaestrocmf.com\\\/portal\\\/ideas-para-decorar-las-puertas-de-aula-para-el-mes-de-marzo\\\/#primaryimage\"},\"image\":{\"@id\":\"https:\\\/\\\/webdelmaestrocmf.com\\\/portal\\\/ideas-para-decorar-las-puertas-de-aula-para-el-mes-de-marzo\\\/#primaryimage\"},\"thumbnailUrl\":\"https:\\\/\\\/webdelmaestrocmf.com\\\/portal\\\/wp-content\\\/uploads\\\/2024\\\/02\\\/Banner-1-portada-imagen-10-1-1-2.jpg\",\"datePublished\":\"2025-02-06T14:49:04+00:00\",\"dateModified\":\"2026-02-17T02:45:39+00:00\",\"description\":\"Marzo llega con la brisa fresca del inicio de clases, trayendo consigo una explosi\u00f3n de colores y aromas que invitan a celebrar la vida.\",\"breadcrumb\":{\"@id\":\"https:\\\/\\\/webdelmaestrocmf.com\\\/portal\\\/ideas-para-decorar-las-puertas-de-aula-para-el-mes-de-marzo\\\/#breadcrumb\"},\"inLanguage\":\"es\",\"potentialAction\":[{\"@type\":\"ReadAction\",\"target\":[\"https:\\\/\\\/webdelmaestrocmf.com\\\/portal\\\/ideas-para-decorar-las-puertas-de-aula-para-el-mes-de-marzo\\\/\"]}]},{\"@type\":\"ImageObject\",\"inLanguage\":\"es\",\"@id\":\"https:\\\/\\\/webdelmaestrocmf.com\\\/portal\\\/ideas-para-decorar-las-puertas-de-aula-para-el-mes-de-marzo\\\/#primaryimage\",\"url\":\"https:\\\/\\\/webdelmaestrocmf.com\\\/portal\\\/wp-content\\\/uploads\\\/2024\\\/02\\\/Banner-1-portada-imagen-10-1-1-2.jpg\",\"contentUrl\":\"https:\\\/\\\/webdelmaestrocmf.com\\\/portal\\\/wp-content\\\/uploads\\\/2024\\\/02\\\/Banner-1-portada-imagen-10-1-1-2.jpg\",\"width\":1024,\"height\":1024},{\"@type\":\"BreadcrumbList\",\"@id\":\"https:\\\/\\\/webdelmaestrocmf.com\\\/portal\\\/ideas-para-decorar-las-puertas-de-aula-para-el-mes-de-marzo\\\/#breadcrumb\",\"itemListElement\":[{\"@type\":\"ListItem\",\"position\":1,\"name\":\"Portada\",\"item\":\"https:\\\/\\\/webdelmaestrocmf.com\\\/portal\\\/\"},{\"@type\":\"ListItem\",\"position\":2,\"name\":\"Recursos\",\"item\":\"https:\\\/\\\/webdelmaestrocmf.com\\\/portal\\\/category\\\/pedagogia\\\/\"},{\"@type\":\"ListItem\",\"position\":3,\"name\":\"Ideas para decorar las Puertas del aula para el inicio de clases\"}]},{\"@type\":\"WebSite\",\"@id\":\"https:\\\/\\\/webdelmaestrocmf.com\\\/portal\\\/#website\",\"url\":\"https:\\\/\\\/webdelmaestrocmf.com\\\/portal\\\/\",\"name\":\"Web del Maestro CMF\",\"description\":\"Maestros al servicio de la educaci\u00f3n\",\"publisher\":{\"@id\":\"https:\\\/\\\/webdelmaestrocmf.com\\\/portal\\\/#organization\"},\"alternateName\":\"WMCMF\",\"potentialAction\":[{\"@type\":\"SearchAction\",\"target\":{\"@type\":\"EntryPoint\",\"urlTemplate\":\"https:\\\/\\\/webdelmaestrocmf.com\\\/portal\\\/?s={search_term_string}\"},\"query-input\":{\"@type\":\"PropertyValueSpecification\",\"valueRequired\":true,\"valueName\":\"search_term_string\"}}],\"inLanguage\":\"es\"},{\"@type\":\"Organization\",\"@id\":\"https:\\\/\\\/webdelmaestrocmf.com\\\/portal\\\/#organization\",\"name\":\"Web del Maestro CMF\",\"alternateName\":\"WMCMF\",\"url\":\"https:\\\/\\\/webdelmaestrocmf.com\\\/portal\\\/\",\"logo\":{\"@type\":\"ImageObject\",\"inLanguage\":\"es\",\"@id\":\"https:\\\/\\\/webdelmaestrocmf.com\\\/portal\\\/#\\\/schema\\\/logo\\\/image\\\/\",\"url\":\"https:\\\/\\\/webdelmaestrocmf.com\\\/portal\\\/wp-content\\\/uploads\\\/2023\\\/01\\\/logo-wmcmf-2.png\",\"contentUrl\":\"https:\\\/\\\/webdelmaestrocmf.com\\\/portal\\\/wp-content\\\/uploads\\\/2023\\\/01\\\/logo-wmcmf-2.png\",\"width\":200,\"height\":60,\"caption\":\"Web del Maestro CMF\"},\"image\":{\"@id\":\"https:\\\/\\\/webdelmaestrocmf.com\\\/portal\\\/#\\\/schema\\\/logo\\\/image\\\/\"},\"sameAs\":[\"https:\\\/\\\/www.facebook.com\\\/WebdelMaestroCMF\\\/\",\"https:\\\/\\\/x.com\\\/cmf_w\",\"https:\\\/\\\/www.pinterest.com\\\/WMCMF\\\/\",\"https:\\\/\\\/www.linkedin.com\\\/company\\\/web-del-maestro-cmf\\\/\",\"https:\\\/\\\/www.instagram.com\\\/wmcmf\\\/\",\"https:\\\/\\\/www.youtube.com\\\/channel\\\/UCDPSvjbdodE5sHnC3OxutHw\",\"https:\\\/\\\/mastodon.social\\\/@wmcmf\",\"https:\\\/\\\/www.tiktok.com\\\/@webdelmaestrocmf\"]},{\"@type\":\"Person\",\"@id\":\"https:\\\/\\\/webdelmaestrocmf.com\\\/portal\\\/#\\\/schema\\\/person\\\/1072a2ed7bd960df8ef99a551fa35dc5\",\"name\":\"Web del Maestro CMF\",\"image\":{\"@type\":\"ImageObject\",\"inLanguage\":\"es\",\"@id\":\"https:\\\/\\\/secure.gravatar.com\\\/avatar\\\/23291dd5b5ae1077dcff3dbb04c3e02bd28403fa75af6d8787d5e97c5bbbe30b?s=96&d=mm&r=g\",\"url\":\"https:\\\/\\\/secure.gravatar.com\\\/avatar\\\/23291dd5b5ae1077dcff3dbb04c3e02bd28403fa75af6d8787d5e97c5bbbe30b?s=96&d=mm&r=g\",\"contentUrl\":\"https:\\\/\\\/secure.gravatar.com\\\/avatar\\\/23291dd5b5ae1077dcff3dbb04c3e02bd28403fa75af6d8787d5e97c5bbbe30b?s=96&d=mm&r=g\",\"caption\":\"Web del Maestro CMF\"},\"description\":\"Esta Web se cre\u00f3 sin fines de lucro, con fines educativos, cient\u00edficos y acad\u00e9micos, para personas que tengan dificultades y\\\/o inconvenientes en visualizar el material original. El objetivo es entregar recursos, compartir experiencias y materiales que ayuden a los padres de familia, maestros y estudiantes en su actualizaci\u00f3n y formaci\u00f3n permanente, en bien de la Educaci\u00f3n.\",\"sameAs\":[\"http:\\\/\\\/webdelmaestrocmf.com\\\/portal\",\"https:\\\/\\\/www.facebook.com\\\/WebdelMaestroCMF\\\/\",\"https:\\\/\\\/www.instagram.com\\\/wmcmf\\\/\",\"https:\\\/\\\/cl.linkedin.com\\\/company\\\/web-del-maestro-cmf\",\"https:\\\/\\\/www.pinterest.com\\\/WMCMF\\\/publicaciones\\\/\",\"https:\\\/\\\/x.com\\\/cmf_w\",\"https:\\\/\\\/www.youtube.com\\\/@WMCMF\"]}]}<\/script>\n<!-- \/ Yoast SEO plugin. -->","yoast_head_json":{"title":"Ideas para decorar las Puertas del aula para el inicio de clases - 2026","description":"Marzo llega con la brisa fresca del inicio de clases, trayendo consigo una explosi\u00f3n de colores y aromas que invitan a celebrar la vida.","robots":{"index":"index","follow":"follow","max-snippet":"max-snippet:-1","max-image-preview":"max-image-preview:large","max-video-preview":"max-video-preview:-1"},"canonical":"https:\/\/webdelmaestrocmf.com\/portal\/ideas-para-decorar-las-puertas-de-aula-para-el-mes-de-marzo\/","og_locale":"es_ES","og_type":"article","og_title":"Ideas para decorar las Puertas del aula para el inicio de clases - 2026","og_description":"Marzo llega con la brisa fresca del inicio de clases, trayendo consigo una explosi\u00f3n de colores y aromas que invitan a celebrar la vida.","og_url":"https:\/\/webdelmaestrocmf.com\/portal\/ideas-para-decorar-las-puertas-de-aula-para-el-mes-de-marzo\/","og_site_name":"Web del Maestro CMF","article_publisher":"https:\/\/www.facebook.com\/WebdelMaestroCMF\/","article_author":"https:\/\/www.facebook.com\/WebdelMaestroCMF\/","article_published_time":"2025-02-06T14:49:04+00:00","article_modified_time":"2026-02-17T02:45:39+00:00","og_image":[{"width":1024,"height":1024,"url":"https:\/\/webdelmaestrocmf.com\/portal\/wp-content\/uploads\/2024\/02\/Banner-1-portada-imagen-10-1-1-2.jpg","type":"image\/jpeg"}],"author":"Web del Maestro CMF","twitter_card":"summary_large_image","twitter_creator":"@cmf_w","twitter_site":"@cmf_w","schema":{"@context":"https:\/\/schema.org","@graph":[{"@type":"ScholarlyArticle","@id":"https:\/\/webdelmaestrocmf.com\/portal\/ideas-para-decorar-las-puertas-de-aula-para-el-mes-de-marzo\/#article","isPartOf":{"@id":"https:\/\/webdelmaestrocmf.com\/portal\/ideas-para-decorar-las-puertas-de-aula-para-el-mes-de-marzo\/"},"author":{"name":"Web del Maestro CMF","@id":"https:\/\/webdelmaestrocmf.com\/portal\/#\/schema\/person\/1072a2ed7bd960df8ef99a551fa35dc5"},"headline":"Ideas para decorar las Puertas del aula para el inicio de clases","datePublished":"2025-02-06T14:49:04+00:00","dateModified":"2026-02-17T02:45:39+00:00","mainEntityOfPage":{"@id":"https:\/\/webdelmaestrocmf.com\/portal\/ideas-para-decorar-las-puertas-de-aula-para-el-mes-de-marzo\/"},"wordCount":1111,"commentCount":0,"publisher":{"@id":"https:\/\/webdelmaestrocmf.com\/portal\/#organization"},"image":{"@id":"https:\/\/webdelmaestrocmf.com\/portal\/ideas-para-decorar-las-puertas-de-aula-para-el-mes-de-marzo\/#primaryimage"},"thumbnailUrl":"https:\/\/webdelmaestrocmf.com\/portal\/wp-content\/uploads\/2024\/02\/Banner-1-portada-imagen-10-1-1-2.jpg","keywords":["aula","decorar","IDEAS","MARZO","mes","PUERTAS"],"articleSection":["Decoraci\u00f3n","Decorar","Descargas Manuales PDF","Recursos"],"inLanguage":"es","potentialAction":[{"@type":"CommentAction","name":"Comment","target":["https:\/\/webdelmaestrocmf.com\/portal\/ideas-para-decorar-las-puertas-de-aula-para-el-mes-de-marzo\/#respond"]}]},{"@type":"WebPage","@id":"https:\/\/webdelmaestrocmf.com\/portal\/ideas-para-decorar-las-puertas-de-aula-para-el-mes-de-marzo\/","url":"https:\/\/webdelmaestrocmf.com\/portal\/ideas-para-decorar-las-puertas-de-aula-para-el-mes-de-marzo\/","name":"Ideas para decorar las Puertas del aula para el inicio de clases - 2026","isPartOf":{"@id":"https:\/\/webdelmaestrocmf.com\/portal\/#website"},"primaryImageOfPage":{"@id":"https:\/\/webdelmaestrocmf.com\/portal\/ideas-para-decorar-las-puertas-de-aula-para-el-mes-de-marzo\/#primaryimage"},"image":{"@id":"https:\/\/webdelmaestrocmf.com\/portal\/ideas-para-decorar-las-puertas-de-aula-para-el-mes-de-marzo\/#primaryimage"},"thumbnailUrl":"https:\/\/webdelmaestrocmf.com\/portal\/wp-content\/uploads\/2024\/02\/Banner-1-portada-imagen-10-1-1-2.jpg","datePublished":"2025-02-06T14:49:04+00:00","dateModified":"2026-02-17T02:45:39+00:00","description":"Marzo llega con la brisa fresca del inicio de clases, trayendo consigo una explosi\u00f3n de colores y aromas que invitan a celebrar la vida.","breadcrumb":{"@id":"https:\/\/webdelmaestrocmf.com\/portal\/ideas-para-decorar-las-puertas-de-aula-para-el-mes-de-marzo\/#breadcrumb"},"inLanguage":"es","potentialAction":[{"@type":"ReadAction","target":["https:\/\/webdelmaestrocmf.com\/portal\/ideas-para-decorar-las-puertas-de-aula-para-el-mes-de-marzo\/"]}]},{"@type":"ImageObject","inLanguage":"es","@id":"https:\/\/webdelmaestrocmf.com\/portal\/ideas-para-decorar-las-puertas-de-aula-para-el-mes-de-marzo\/#primaryimage","url":"https:\/\/webdelmaestrocmf.com\/portal\/wp-content\/uploads\/2024\/02\/Banner-1-portada-imagen-10-1-1-2.jpg","contentUrl":"https:\/\/webdelmaestrocmf.com\/portal\/wp-content\/uploads\/2024\/02\/Banner-1-portada-imagen-10-1-1-2.jpg","width":1024,"height":1024},{"@type":"BreadcrumbList","@id":"https:\/\/webdelmaestrocmf.com\/portal\/ideas-para-decorar-las-puertas-de-aula-para-el-mes-de-marzo\/#breadcrumb","itemListElement":[{"@type":"ListItem","position":1,"name":"Portada","item":"https:\/\/webdelmaestrocmf.com\/portal\/"},{"@type":"ListItem","position":2,"name":"Recursos","item":"https:\/\/webdelmaestrocmf.com\/portal\/category\/pedagogia\/"},{"@type":"ListItem","position":3,"name":"Ideas para decorar las Puertas del aula para el inicio de clases"}]},{"@type":"WebSite","@id":"https:\/\/webdelmaestrocmf.com\/portal\/#website","url":"https:\/\/webdelmaestrocmf.com\/portal\/","name":"Web del Maestro CMF","description":"Maestros al servicio de la educaci\u00f3n","publisher":{"@id":"https:\/\/webdelmaestrocmf.com\/portal\/#organization"},"alternateName":"WMCMF","potentialAction":[{"@type":"SearchAction","target":{"@type":"EntryPoint","urlTemplate":"https:\/\/webdelmaestrocmf.com\/portal\/?s={search_term_string}"},"query-input":{"@type":"PropertyValueSpecification","valueRequired":true,"valueName":"search_term_string"}}],"inLanguage":"es"},{"@type":"Organization","@id":"https:\/\/webdelmaestrocmf.com\/portal\/#organization","name":"Web del Maestro CMF","alternateName":"WMCMF","url":"https:\/\/webdelmaestrocmf.com\/portal\/","logo":{"@type":"ImageObject","inLanguage":"es","@id":"https:\/\/webdelmaestrocmf.com\/portal\/#\/schema\/logo\/image\/","url":"https:\/\/webdelmaestrocmf.com\/portal\/wp-content\/uploads\/2023\/01\/logo-wmcmf-2.png","contentUrl":"https:\/\/webdelmaestrocmf.com\/portal\/wp-content\/uploads\/2023\/01\/logo-wmcmf-2.png","width":200,"height":60,"caption":"Web del Maestro CMF"},"image":{"@id":"https:\/\/webdelmaestrocmf.com\/portal\/#\/schema\/logo\/image\/"},"sameAs":["https:\/\/www.facebook.com\/WebdelMaestroCMF\/","https:\/\/x.com\/cmf_w","https:\/\/www.pinterest.com\/WMCMF\/","https:\/\/www.linkedin.com\/company\/web-del-maestro-cmf\/","https:\/\/www.instagram.com\/wmcmf\/","https:\/\/www.youtube.com\/channel\/UCDPSvjbdodE5sHnC3OxutHw","https:\/\/mastodon.social\/@wmcmf","https:\/\/www.tiktok.com\/@webdelmaestrocmf"]},{"@type":"Person","@id":"https:\/\/webdelmaestrocmf.com\/portal\/#\/schema\/person\/1072a2ed7bd960df8ef99a551fa35dc5","name":"Web del Maestro CMF","image":{"@type":"ImageObject","inLanguage":"es","@id":"https:\/\/secure.gravatar.com\/avatar\/23291dd5b5ae1077dcff3dbb04c3e02bd28403fa75af6d8787d5e97c5bbbe30b?s=96&d=mm&r=g","url":"https:\/\/secure.gravatar.com\/avatar\/23291dd5b5ae1077dcff3dbb04c3e02bd28403fa75af6d8787d5e97c5bbbe30b?s=96&d=mm&r=g","contentUrl":"https:\/\/secure.gravatar.com\/avatar\/23291dd5b5ae1077dcff3dbb04c3e02bd28403fa75af6d8787d5e97c5bbbe30b?s=96&d=mm&r=g","caption":"Web del Maestro CMF"},"description":"Esta Web se cre\u00f3 sin fines de lucro, con fines educativos, cient\u00edficos y acad\u00e9micos, para personas que tengan dificultades y\/o inconvenientes en visualizar el material original. El objetivo es entregar recursos, compartir experiencias y materiales que ayuden a los padres de familia, maestros y estudiantes en su actualizaci\u00f3n y formaci\u00f3n permanente, en bien de la Educaci\u00f3n.","sameAs":["http:\/\/webdelmaestrocmf.com\/portal","https:\/\/www.facebook.com\/WebdelMaestroCMF\/","https:\/\/www.instagram.com\/wmcmf\/","https:\/\/cl.linkedin.com\/company\/web-del-maestro-cmf","https:\/\/www.pinterest.com\/WMCMF\/publicaciones\/","https:\/\/x.com\/cmf_w","https:\/\/www.youtube.com\/@WMCMF"]}]}},"jetpack_featured_media_url":"https:\/\/webdelmaestrocmf.com\/portal\/wp-content\/uploads\/2024\/02\/Banner-1-portada-imagen-10-1-1-2.jpg","jetpack_sharing_enabled":true,"jetpack-related-posts":[{"id":104011,"url":"https:\/\/webdelmaestrocmf.com\/portal\/como-decorar-el-aula-en-inicial-y-primaria\/","url_meta":{"origin":103922,"position":0},"title":"C\u00f3mo decorar el aula en inicial y primaria","author":"Web del Maestro CMF","date":"3 febrero, 2026","format":false,"excerpt":"Aqu\u00ed te presentamos algunas ideas para que puedas decorar tu aula de forma creativa y funcional:","rel":"","context":"En \u00abDecoraci\u00f3n\u00bb","block_context":{"text":"Decoraci\u00f3n","link":"https:\/\/webdelmaestrocmf.com\/portal\/category\/pedagogia\/decoracion\/"},"img":{"alt_text":"","src":"https:\/\/i0.wp.com\/webdelmaestrocmf.com\/portal\/wp-content\/uploads\/2024\/02\/Banner-1-portada-imagen-10-1-8-3.jpg?resize=350%2C200&ssl=1","width":350,"height":200,"srcset":"https:\/\/i0.wp.com\/webdelmaestrocmf.com\/portal\/wp-content\/uploads\/2024\/02\/Banner-1-portada-imagen-10-1-8-3.jpg?resize=350%2C200&ssl=1 1x, https:\/\/i0.wp.com\/webdelmaestrocmf.com\/portal\/wp-content\/uploads\/2024\/02\/Banner-1-portada-imagen-10-1-8-3.jpg?resize=525%2C300&ssl=1 1.5x, https:\/\/i0.wp.com\/webdelmaestrocmf.com\/portal\/wp-content\/uploads\/2024\/02\/Banner-1-portada-imagen-10-1-8-3.jpg?resize=700%2C400&ssl=1 2x"},"classes":[]},{"id":104505,"url":"https:\/\/webdelmaestrocmf.com\/portal\/coleccion-esencial-de-recursos-para-embellecer-tu-aula\/","url_meta":{"origin":103922,"position":1},"title":"Colecci\u00f3n esencial de recursos para embellecer tu Aula","author":"Web del Maestro CMF","date":"3 marzo, 2024","format":false,"excerpt":"Como docentes, sabemos lo importante que es crear un entorno de aprendizaje estimulante y acogedor para nuestros estudiantes. Es por eso que estoy emocionado de compartir contigo una valiosa colecci\u00f3n de materiales dise\u00f1ados para decorar y enriquecer tu aula, cortes\u00eda de nuestros amigos en Im\u00e1genes Educativas. Desde el abecedario hasta\u2026","rel":"","context":"En \u00abDecoraci\u00f3n\u00bb","block_context":{"text":"Decoraci\u00f3n","link":"https:\/\/webdelmaestrocmf.com\/portal\/category\/pedagogia\/decoracion\/"},"img":{"alt_text":"","src":"https:\/\/i0.wp.com\/webdelmaestrocmf.com\/portal\/wp-content\/uploads\/2024\/03\/21290.jpg?resize=350%2C200&ssl=1","width":350,"height":200,"srcset":"https:\/\/i0.wp.com\/webdelmaestrocmf.com\/portal\/wp-content\/uploads\/2024\/03\/21290.jpg?resize=350%2C200&ssl=1 1x, https:\/\/i0.wp.com\/webdelmaestrocmf.com\/portal\/wp-content\/uploads\/2024\/03\/21290.jpg?resize=525%2C300&ssl=1 1.5x, https:\/\/i0.wp.com\/webdelmaestrocmf.com\/portal\/wp-content\/uploads\/2024\/03\/21290.jpg?resize=700%2C400&ssl=1 2x, https:\/\/i0.wp.com\/webdelmaestrocmf.com\/portal\/wp-content\/uploads\/2024\/03\/21290.jpg?resize=1050%2C600&ssl=1 3x, https:\/\/i0.wp.com\/webdelmaestrocmf.com\/portal\/wp-content\/uploads\/2024\/03\/21290.jpg?resize=1400%2C800&ssl=1 4x"},"classes":[]},{"id":114104,"url":"https:\/\/webdelmaestrocmf.com\/portal\/decoracion-navidena-moldes-para-puertas-con-reno-y-papa-noel\/","url_meta":{"origin":103922,"position":2},"title":"Decoraci\u00f3n Navide\u00f1a: Moldes para Puertas con Reno y Pap\u00e1 Noel","author":"Web del Maestro CMF","date":"16 diciembre, 2025","format":false,"excerpt":"La decoraci\u00f3n navide\u00f1a en las puertas del aula es una estrategia sencilla y efectiva para crear un ambiente acogedor, fortalecer el sentido de pertenencia y estimular la creatividad de los estudiantes.","rel":"","context":"En \u00abNavidad\u00bb","block_context":{"text":"Navidad","link":"https:\/\/webdelmaestrocmf.com\/portal\/category\/pedagogia\/navidad\/"},"img":{"alt_text":"","src":"https:\/\/i0.wp.com\/webdelmaestrocmf.com\/portal\/wp-content\/uploads\/2025\/12\/1A-Banner-1-portada-imagen-10-1-copia-1-12.webp?resize=350%2C200&ssl=1","width":350,"height":200,"srcset":"https:\/\/i0.wp.com\/webdelmaestrocmf.com\/portal\/wp-content\/uploads\/2025\/12\/1A-Banner-1-portada-imagen-10-1-copia-1-12.webp?resize=350%2C200&ssl=1 1x, https:\/\/i0.wp.com\/webdelmaestrocmf.com\/portal\/wp-content\/uploads\/2025\/12\/1A-Banner-1-portada-imagen-10-1-copia-1-12.webp?resize=525%2C300&ssl=1 1.5x, https:\/\/i0.wp.com\/webdelmaestrocmf.com\/portal\/wp-content\/uploads\/2025\/12\/1A-Banner-1-portada-imagen-10-1-copia-1-12.webp?resize=700%2C400&ssl=1 2x"},"classes":[]},{"id":99090,"url":"https:\/\/webdelmaestrocmf.com\/portal\/letras-navidenas-para-decorar-tu-aula\/","url_meta":{"origin":103922,"position":3},"title":"Descarga los moldes y plantillas de letras de \u201cFeliz Navidad\u201d y el abecedario navide\u00f1o completo en formato listo para imprimir, y decora tu aula con un ambiente lleno de esp\u00edritu navide\u00f1o","author":"Web del Maestro CMF","date":"5 noviembre, 2025","format":false,"excerpt":"La \u00e9poca navide\u00f1a se acerca, y con ella la oportunidad de llenar de alegr\u00eda y esp\u00edritu festivo todos los lugares que nos rodean. Si est\u00e1s buscando una forma sencilla y gratuita de decorar tu aula, sal\u00f3n, oficina, casa o tu lugar favorito; tenemos una grata sorepesapara ti, preparamos las letras\u2026","rel":"","context":"En \u00abNavidad\u00bb","block_context":{"text":"Navidad","link":"https:\/\/webdelmaestrocmf.com\/portal\/category\/pedagogia\/navidad\/"},"img":{"alt_text":"","src":"https:\/\/i0.wp.com\/webdelmaestrocmf.com\/portal\/wp-content\/uploads\/2023\/11\/1A-Banner-1-portada-imagen-10-1-copia-4.webp?resize=350%2C200&ssl=1","width":350,"height":200,"srcset":"https:\/\/i0.wp.com\/webdelmaestrocmf.com\/portal\/wp-content\/uploads\/2023\/11\/1A-Banner-1-portada-imagen-10-1-copia-4.webp?resize=350%2C200&ssl=1 1x, https:\/\/i0.wp.com\/webdelmaestrocmf.com\/portal\/wp-content\/uploads\/2023\/11\/1A-Banner-1-portada-imagen-10-1-copia-4.webp?resize=525%2C300&ssl=1 1.5x, https:\/\/i0.wp.com\/webdelmaestrocmf.com\/portal\/wp-content\/uploads\/2023\/11\/1A-Banner-1-portada-imagen-10-1-copia-4.webp?resize=700%2C400&ssl=1 2x"},"classes":[]},{"id":91915,"url":"https:\/\/webdelmaestrocmf.com\/portal\/carteles-de-bienvenida-por-grados-y-otras-decoraciones\/","url_meta":{"origin":103922,"position":4},"title":"Carteles de bienvenida por grados y otras decoraciones","author":"Web del Maestro CMF","date":"5 febrero, 2024","format":false,"excerpt":"Los primeros d\u00edas de clases son momentos emocionantes y llenos de expectativas tanto para los estudiantes como para los educadores. Cada a\u00f1o escolar, un nuevo grupo de estudiantes llega a nuestras aulas, ansiosos por descubrir lo que les depara el aprendizaje y la diversi\u00f3n. Es importante que este proceso de\u2026","rel":"","context":"En \u00abBienvenida\u00bb","block_context":{"text":"Bienvenida","link":"https:\/\/webdelmaestrocmf.com\/portal\/category\/pedagogia\/bienvenida\/"},"img":{"alt_text":"Carteles","src":"https:\/\/i0.wp.com\/webdelmaestrocmf.com\/portal\/wp-content\/uploads\/2023\/08\/Banner-1-portada-imagen-10-46.jpg?resize=350%2C200&ssl=1","width":350,"height":200,"srcset":"https:\/\/i0.wp.com\/webdelmaestrocmf.com\/portal\/wp-content\/uploads\/2023\/08\/Banner-1-portada-imagen-10-46.jpg?resize=350%2C200&ssl=1 1x, https:\/\/i0.wp.com\/webdelmaestrocmf.com\/portal\/wp-content\/uploads\/2023\/08\/Banner-1-portada-imagen-10-46.jpg?resize=525%2C300&ssl=1 1.5x, https:\/\/i0.wp.com\/webdelmaestrocmf.com\/portal\/wp-content\/uploads\/2023\/08\/Banner-1-portada-imagen-10-46.jpg?resize=700%2C400&ssl=1 2x"},"classes":[]},{"id":103929,"url":"https:\/\/webdelmaestrocmf.com\/portal\/carteles-para-decorar-tu-salon-de-clases\/","url_meta":{"origin":103922,"position":5},"title":"Carteles para decorar tu sal\u00f3n de clases","author":"Web del Maestro CMF","date":"16 febrero, 2024","format":false,"excerpt":"El sal\u00f3n de clases es un lugar donde los ni\u00f1os y j\u00f3venes pasan gran parte de su tiempo. Es importante crear un ambiente que sea a la vez acogedor e inspirador, que les motive a aprender y a dar lo mejor de s\u00ed mismos. Los carteles decorativos son una excelente\u2026","rel":"","context":"En \u00abDecorar\u00bb","block_context":{"text":"Decorar","link":"https:\/\/webdelmaestrocmf.com\/portal\/category\/pedagogia\/decorar\/"},"img":{"alt_text":"","src":"https:\/\/i0.wp.com\/webdelmaestrocmf.com\/portal\/wp-content\/uploads\/2024\/02\/Banner-1-portada-imagen-10-1-19.jpg?resize=350%2C200&ssl=1","width":350,"height":200,"srcset":"https:\/\/i0.wp.com\/webdelmaestrocmf.com\/portal\/wp-content\/uploads\/2024\/02\/Banner-1-portada-imagen-10-1-19.jpg?resize=350%2C200&ssl=1 1x, https:\/\/i0.wp.com\/webdelmaestrocmf.com\/portal\/wp-content\/uploads\/2024\/02\/Banner-1-portada-imagen-10-1-19.jpg?resize=525%2C300&ssl=1 1.5x, https:\/\/i0.wp.com\/webdelmaestrocmf.com\/portal\/wp-content\/uploads\/2024\/02\/Banner-1-portada-imagen-10-1-19.jpg?resize=700%2C400&ssl=1 2x"},"classes":[]}],"_links":{"self":[{"href":"https:\/\/webdelmaestrocmf.com\/portal\/wp-json\/wp\/v2\/posts\/103922","targetHints":{"allow":["GET"]}}],"collection":[{"href":"https:\/\/webdelmaestrocmf.com\/portal\/wp-json\/wp\/v2\/posts"}],"about":[{"href":"https:\/\/webdelmaestrocmf.com\/portal\/wp-json\/wp\/v2\/types\/post"}],"author":[{"embeddable":true,"href":"https:\/\/webdelmaestrocmf.com\/portal\/wp-json\/wp\/v2\/users\/1"}],"replies":[{"embeddable":true,"href":"https:\/\/webdelmaestrocmf.com\/portal\/wp-json\/wp\/v2\/comments?post=103922"}],"version-history":[{"count":1,"href":"https:\/\/webdelmaestrocmf.com\/portal\/wp-json\/wp\/v2\/posts\/103922\/revisions"}],"predecessor-version":[{"id":115406,"href":"https:\/\/webdelmaestrocmf.com\/portal\/wp-json\/wp\/v2\/posts\/103922\/revisions\/115406"}],"wp:featuredmedia":[{"embeddable":true,"href":"https:\/\/webdelmaestrocmf.com\/portal\/wp-json\/wp\/v2\/media\/103927"}],"wp:attachment":[{"href":"https:\/\/webdelmaestrocmf.com\/portal\/wp-json\/wp\/v2\/media?parent=103922"}],"wp:term":[{"taxonomy":"category","embeddable":true,"href":"https:\/\/webdelmaestrocmf.com\/portal\/wp-json\/wp\/v2\/categories?post=103922"},{"taxonomy":"post_tag","embeddable":true,"href":"https:\/\/webdelmaestrocmf.com\/portal\/wp-json\/wp\/v2\/tags?post=103922"}],"curies":[{"name":"wp","href":"https:\/\/api.w.org\/{rel}","templated":true}]}}