{"id":103602,"date":"2024-02-08T10:52:28","date_gmt":"2024-02-08T13:52:28","guid":{"rendered":"https:\/\/webdelmaestrocmf.com\/portal\/?p=103602"},"modified":"2024-02-08T11:25:09","modified_gmt":"2024-02-08T14:25:09","slug":"calendario-cientifico-2024-para-docentes","status":"publish","type":"post","link":"https:\/\/webdelmaestrocmf.com\/portal\/calendario-cientifico-2024-para-docentes\/","title":{"rendered":"Calendario cient\u00edfico 2024 para docentes"},"content":{"rendered":"<p style=\"text-align: justify;\"><strong>El a\u00f1o 2024 trae consigo una propuesta innovadora para acercar la ciencia a las generaciones m\u00e1s j\u00f3venes: el \u00abCalendario Cient\u00edfico Escolar\u00bb. Este proyecto, gestado por el Instituto de Ganader\u00eda de Monta\u00f1a (CSIC-Universidad de Le\u00f3n), no solo busca fomentar el inter\u00e9s por la ciencia entre los estudiantes, sino tambi\u00e9n crear v\u00ednculos tangibles y cercanos con el mundo cient\u00edfico.<\/strong><!--more--><\/p>\n<p>El calendario cient\u00edfico 2024 se encuentra disponible para su descarga al final del art\u00edculo.<\/p>\n<p>Art\u00edculo relacionado:\u00a0<a href=\"https:\/\/webdelmaestrocmf.com\/portal\/calendario-escolar-2024-descarga-gratuita\/\" target=\"_top\" rel=\"noopener\">Calendario escolar 2024 | Descarga gratuita<\/a><\/p>\n<h2 style=\"text-align: left;\"><strong>Diversidad cient\u00edfica para todos los gustos<\/strong><\/h2>\n<p style=\"text-align: justify;\">Dirigido principalmente a alumnos de educaci\u00f3n primaria y secundaria, este calendario presenta una amplia variedad de temas cient\u00edficos y tecnol\u00f3gicos. Cada d\u00eda del a\u00f1o est\u00e1 marcado con un acontecimiento relevante en el \u00e1mbito cient\u00edfico, ya sea el nacimiento de una figura destacada o la conmemoraci\u00f3n de un descubrimiento importante.<\/p>\n<p><img loading=\"lazy\" decoding=\"async\" class=\"alignnone size-large wp-image-103603\" src=\"https:\/\/webdelmaestrocmf.com\/portal\/wp-content\/uploads\/2024\/02\/1-1024x724.webp\" alt=\"\" width=\"1024\" height=\"724\" srcset=\"https:\/\/webdelmaestrocmf.com\/portal\/wp-content\/uploads\/2024\/02\/1-1024x724.webp 1024w, https:\/\/webdelmaestrocmf.com\/portal\/wp-content\/uploads\/2024\/02\/1-300x212.webp 300w, https:\/\/webdelmaestrocmf.com\/portal\/wp-content\/uploads\/2024\/02\/1-768x543.webp 768w, https:\/\/webdelmaestrocmf.com\/portal\/wp-content\/uploads\/2024\/02\/1-1536x1086.webp 1536w, https:\/\/webdelmaestrocmf.com\/portal\/wp-content\/uploads\/2024\/02\/1-380x269.webp 380w, https:\/\/webdelmaestrocmf.com\/portal\/wp-content\/uploads\/2024\/02\/1-550x389.webp 550w, https:\/\/webdelmaestrocmf.com\/portal\/wp-content\/uploads\/2024\/02\/1-800x566.webp 800w, https:\/\/webdelmaestrocmf.com\/portal\/wp-content\/uploads\/2024\/02\/1-1160x820.webp 1160w, https:\/\/webdelmaestrocmf.com\/portal\/wp-content\/uploads\/2024\/02\/1.webp 2000w\" sizes=\"auto, (max-width: 1024px) 100vw, 1024px\" \/><\/p>\n<h2 style=\"text-align: left;\"><strong>Actividades educativas: m\u00e1s que un calendario<\/strong><\/h2>\n<p style=\"text-align: justify;\">Pero el \u00abCalendario Cient\u00edfico Escolar 2024\u00bb no se limita a ser una mera lista de fechas. Lo acompa\u00f1a una propuesta de actividades dise\u00f1adas espec\u00edficamente para su uso educativo. Estas actividades, que abarcan desde fichas did\u00e1cticas hasta un emocionante \u00abJuego de la Oca\u00bb tem\u00e1tico, ofrecen oportunidades para explorar la ciencia de manera interactiva y divertida.<\/p>\n<h2 style=\"text-align: left;\"><strong>Desaf\u00edos para todos los niveles<\/strong><\/h2>\n<p style=\"text-align: justify;\">Adem\u00e1s, se han desarrollado tareas con diferentes niveles de dificultad, lo que permite adaptar el aprendizaje a las necesidades espec\u00edficas de cada grupo de estudiantes. As\u00ed, tanto los m\u00e1s peque\u00f1os como los adolescentes encontrar\u00e1n desaf\u00edos adecuados a su nivel de conocimiento y habilidades.<\/p>\n<h2 style=\"text-align: left;\"><strong>Promoviendo una educaci\u00f3n cient\u00edfica integral<\/strong><\/h2>\n<p style=\"text-align: justify;\">El objetivo principal de este proyecto es promover una educaci\u00f3n cient\u00edfica transversal, integrando conceptos y principios cient\u00edficos en diversas \u00e1reas del curr\u00edculo escolar. As\u00ed, los alumnos no solo adquieren conocimientos sobre ciencia y tecnolog\u00eda, sino que tambi\u00e9n desarrollan habilidades de pensamiento cr\u00edtico y resoluci\u00f3n de problemas.<\/p>\n<p><iframe loading=\"lazy\" src=\"https:\/\/drive.google.com\/file\/d\/159Gy2xpCA3s07qvkcz0ocsG8Kw8QsAoO\/preview\" width=\"100%\" height=\"480\"><\/iframe><\/p>\n<h2 style=\"text-align: left;\"><strong>Cultivando la curiosidad cient\u00edfica<\/strong><\/h2>\n<p style=\"text-align: justify;\">Porque entender la ciencia no se trata solo de memorizar datos, sino de explorar, experimentar y cuestionar. El \u00abCalendario Cient\u00edfico Escolar 2024\u00bb ofrece a los estudiantes la oportunidad de hacer precisamente eso, inspirando la curiosidad y el amor por el conocimiento en las mentes j\u00f3venes. Con actividades pr\u00e1cticas y divertidas, este proyecto se convierte en un recurso invaluable para educadores y alumnos por igual, allanando el camino hacia un futuro donde la ciencia y la tecnolog\u00eda juegan un papel fundamental en nuestras vidas.<\/p>\n<p style=\"text-align: center;\">ENLACE DE LECTURA: <a href=\"https:\/\/drive.google.com\/drive\/folders\/1vwWC3nXSS1lGvIjv3UNpj_j9kflu1qGr?usp=sharing\" target=\"_blank\" rel=\"noopener\">CALENDARIO CIENT\u00cdFICO PARA DOCENTES 2024<\/a> | <a href=\"https:\/\/mega.nz\/folder\/rYl0ARKD#0V0aiptuEueChIWlux78Wg\" target=\"_blank\" rel=\"noopener\">CALENDARIO CIENT\u00cdFICO PARA DOCENTES 2024<\/a><\/p>\n\t\t<div class=\"pk-inline-posts\">\n\t\t\t\n\t\t\t<div class=\"pk-inline-posts-container pk-inline-posts-template-list\"\n\t\t\t\tdata-columns=\"1\">\n\t\t\t\t\t\t<article id=\"post-115017\" class=\"post-115017 post type-post status-publish format-standard has-post-thumbnail category-calendario category-descarga category-pedagogia tag-calendario-2026 tag-calendario-de-escritorio tag-calendario-para-imprimir tag-herramientas-docentes tag-material-imprimible tag-organizacion-del-tiempo tag-planificacion-anual tag-productividad tag-recursos-educativos cs-entry cs-video-wrap\">\n\t\t\t<div class=\"pk-post-outer\">\n\n\t\t\t\t\t\t\t\t<div class=\"pk-post-inner\">\n\t\t\t\t\t<div class=\"entry-thumbnail\">\n\t\t\t\t\t\t<div class=\"pk-overlay pk-overlay-ratio pk-ratio-landscape\">\n\t\t\t\t\t\t\t<div class=\"pk-overlay-background\">\n\t\t\t\t\t\t\t\t<a href=\"https:\/\/webdelmaestrocmf.com\/portal\/calendario-de-escritorio-2026-para-imprimir-organizacion-visual-y-funcional-todo-el-ano\/\" class=\"pk-overlay-link\">\n\t\t\t\t\t\t\t\t\t<img loading=\"lazy\" decoding=\"async\" width=\"300\" height=\"225\" src=\"https:\/\/webdelmaestrocmf.com\/portal\/wp-content\/uploads\/2026\/01\/1A-Banner-1-portada-imagen-10-1-copia-1-12-300x225.webp\" class=\"attachment-pk-thumbnail size-pk-thumbnail wp-post-image\" alt=\"\" \/>\t\t\t\t\t\t\t\t<\/a>\n\t\t\t\t\t\t\t<\/div>\n\t\t\t\t\t\t<\/div>\n\t\t\t\t\t<\/div>\n\t\t\t\t<\/div>\n\t\t\t\t\n\t\t\t\t<div class=\"pk-post-inner\">\n\t\t\t\t\t<header>\n\t\t\t\t\t\t<h3 class=\"pk-title\"><a href=\"https:\/\/webdelmaestrocmf.com\/portal\/calendario-de-escritorio-2026-para-imprimir-organizacion-visual-y-funcional-todo-el-ano\/\" rel=\"bookmark\">Calendario de Escritorio 2026 para Imprimir: Organizaci\u00f3n Visual y Funcional Todo el A\u00f1o<\/a><\/h3>\t\t\t\t\t<\/header><!-- .entry-header -->\n\t\t\t\t<\/div><!-- .post-inner -->\n\n\t\t\t<\/div><!-- .post-outer -->\n\t\t<\/article>\n\t\t\t<article id=\"post-115013\" class=\"post-115013 post type-post status-publish format-standard has-post-thumbnail category-agenda category-descarga category-pedagogia tag-agenda-2026 tag-agenda-gratuita tag-agenda-para-imprimir tag-herramientas-educativas tag-material-imprimible tag-organizacion-personal tag-planificacion-anual tag-planificador-anual tag-recursos-educativos cs-entry cs-video-wrap\">\n\t\t\t<div class=\"pk-post-outer\">\n\n\t\t\t\t\t\t\t\t<div class=\"pk-post-inner\">\n\t\t\t\t\t<div class=\"entry-thumbnail\">\n\t\t\t\t\t\t<div class=\"pk-overlay pk-overlay-ratio pk-ratio-landscape\">\n\t\t\t\t\t\t\t<div class=\"pk-overlay-background\">\n\t\t\t\t\t\t\t\t<a href=\"https:\/\/webdelmaestrocmf.com\/portal\/nueva-agenda-2026-para-descargar-e-imprimir-o-usar-en-digital-organiza-tu-ano-con-claridad-y-estilo\/\" class=\"pk-overlay-link\">\n\t\t\t\t\t\t\t\t\t<img loading=\"lazy\" decoding=\"async\" width=\"300\" height=\"225\" src=\"https:\/\/webdelmaestrocmf.com\/portal\/wp-content\/uploads\/2026\/01\/1A-Banner-1-portada-imagen-10-1-copia-22-300x225.webp\" class=\"attachment-pk-thumbnail size-pk-thumbnail wp-post-image\" alt=\"\" \/>\t\t\t\t\t\t\t\t<\/a>\n\t\t\t\t\t\t\t<\/div>\n\t\t\t\t\t\t<\/div>\n\t\t\t\t\t<\/div>\n\t\t\t\t<\/div>\n\t\t\t\t\n\t\t\t\t<div class=\"pk-post-inner\">\n\t\t\t\t\t<header>\n\t\t\t\t\t\t<h3 class=\"pk-title\"><a href=\"https:\/\/webdelmaestrocmf.com\/portal\/nueva-agenda-2026-para-descargar-e-imprimir-o-usar-en-digital-organiza-tu-ano-con-claridad-y-estilo\/\" rel=\"bookmark\">Nueva agenda 2026 para Descargar e Imprimir o  usar en digital: Organiza tu A\u00f1o con Claridad y Estilo<\/a><\/h3>\t\t\t\t\t<\/header><!-- .entry-header -->\n\t\t\t\t<\/div><!-- .post-inner -->\n\n\t\t\t<\/div><!-- .post-outer -->\n\t\t<\/article>\n\t\t\t<article id=\"post-114761\" class=\"post-114761 post type-post status-publish format-standard has-post-thumbnail category-calendario category-pedagogia tag-calendario-escolar tag-calendario-sep tag-ciclo-escolar tag-docentes tag-educacion-basica tag-material-docente tag-organizacion-escolar tag-planificacion-educativa tag-recursos-educativos cs-entry cs-video-wrap\">\n\t\t\t<div class=\"pk-post-outer\">\n\n\t\t\t\t\t\t\t\t<div class=\"pk-post-inner\">\n\t\t\t\t\t<div class=\"entry-thumbnail\">\n\t\t\t\t\t\t<div class=\"pk-overlay pk-overlay-ratio pk-ratio-landscape\">\n\t\t\t\t\t\t\t<div class=\"pk-overlay-background\">\n\t\t\t\t\t\t\t\t<a href=\"https:\/\/webdelmaestrocmf.com\/portal\/descarga-el-calendario-escolar-sep-2025-2026-una-herramienta-clave-para-la-organizacion-docente-y-escolar\/\" class=\"pk-overlay-link\">\n\t\t\t\t\t\t\t\t\t<img loading=\"lazy\" decoding=\"async\" width=\"300\" height=\"225\" src=\"https:\/\/webdelmaestrocmf.com\/portal\/wp-content\/uploads\/2026\/01\/1A-Banner-1-portada-imagen-10-1-copia-1-300x225.jpg\" class=\"attachment-pk-thumbnail size-pk-thumbnail wp-post-image\" alt=\"\" \/>\t\t\t\t\t\t\t\t<\/a>\n\t\t\t\t\t\t\t<\/div>\n\t\t\t\t\t\t<\/div>\n\t\t\t\t\t<\/div>\n\t\t\t\t<\/div>\n\t\t\t\t\n\t\t\t\t<div class=\"pk-post-inner\">\n\t\t\t\t\t<header>\n\t\t\t\t\t\t<h3 class=\"pk-title\"><a href=\"https:\/\/webdelmaestrocmf.com\/portal\/descarga-el-calendario-escolar-sep-2025-2026-una-herramienta-clave-para-la-organizacion-docente-y-escolar\/\" rel=\"bookmark\">Descarga el Calendario Escolar SEP 2025-2026: una herramienta clave para la organizaci\u00f3n docente y escolar<\/a><\/h3>\t\t\t\t\t<\/header><!-- .entry-header -->\n\t\t\t\t<\/div><!-- .post-inner -->\n\n\t\t\t<\/div><!-- .post-outer -->\n\t\t<\/article>\n\t\t\t\t<\/div>\n\t\t<\/div>\n\t\t\n","protected":false},"excerpt":{"rendered":"El a\u00f1o 2024 trae consigo una propuesta innovadora para acercar la ciencia a las generaciones m\u00e1s j\u00f3venes: el&hellip;","protected":false},"author":1,"featured_media":103604,"comment_status":"open","ping_status":"closed","sticky":false,"template":"","format":"standard","meta":{"csco_display_header_overlay":false,"csco_singular_sidebar":"","csco_page_header_type":"","csco_page_load_nextpost":"","csco_post_video_location":[],"csco_post_video_location_hash":"","csco_post_video_url":"","csco_post_video_bg_start_time":0,"csco_post_video_bg_end_time":0,"csco_post_video_bg_volume":false,"_jetpack_memberships_contains_paid_content":false,"footnotes":""},"categories":[18408,16009,735],"tags":[15109,4764,3681,58],"class_list":{"0":"post-103602","1":"post","2":"type-post","3":"status-publish","4":"format-standard","5":"has-post-thumbnail","7":"category-agenda","8":"category-calendario","9":"category-pedagogia","10":"tag-15109","11":"tag-calendario","12":"tag-cientifico","13":"tag-docentes","14":"cs-entry","15":"cs-video-wrap"},"yoast_head":"<!-- This site is optimized with the Yoast SEO plugin v27.5 - https:\/\/yoast.com\/product\/yoast-seo-wordpress\/ -->\n<title>Calendario cient\u00edfico 2024 para docentes<\/title>\n<meta name=\"description\" content=\"El &quot;Calendario Cient\u00edfico Escolar&quot; es un proyecto, gestado por el Instituto de Ganader\u00eda de Monta\u00f1a (CSIC-Universidad de Le\u00f3n).\" \/>\n<meta name=\"robots\" content=\"index, follow, max-snippet:-1, max-image-preview:large, max-video-preview:-1\" \/>\n<link rel=\"canonical\" href=\"https:\/\/webdelmaestrocmf.com\/portal\/calendario-cientifico-2024-para-docentes\/\" \/>\n<meta property=\"og:locale\" content=\"es_ES\" \/>\n<meta property=\"og:type\" content=\"article\" \/>\n<meta property=\"og:title\" content=\"Calendario cient\u00edfico 2024 para docentes\" \/>\n<meta property=\"og:description\" content=\"El &quot;Calendario Cient\u00edfico Escolar&quot; es un proyecto, gestado por el Instituto de Ganader\u00eda de Monta\u00f1a (CSIC-Universidad de Le\u00f3n).\" \/>\n<meta property=\"og:url\" content=\"https:\/\/webdelmaestrocmf.com\/portal\/calendario-cientifico-2024-para-docentes\/\" \/>\n<meta property=\"og:site_name\" content=\"Web del Maestro CMF\" \/>\n<meta property=\"article:publisher\" content=\"https:\/\/www.facebook.com\/WebdelMaestroCMF\/\" \/>\n<meta property=\"article:author\" content=\"https:\/\/www.facebook.com\/WebdelMaestroCMF\/\" \/>\n<meta property=\"article:published_time\" content=\"2024-02-08T13:52:28+00:00\" \/>\n<meta property=\"article:modified_time\" content=\"2024-02-08T14:25:09+00:00\" \/>\n<meta property=\"og:image\" content=\"https:\/\/webdelmaestrocmf.com\/portal\/wp-content\/uploads\/2024\/02\/Banner-1-portada-imagen-10-1-9-1.jpg\" \/>\n\t<meta property=\"og:image:width\" content=\"1024\" \/>\n\t<meta property=\"og:image:height\" content=\"1024\" \/>\n\t<meta property=\"og:image:type\" content=\"image\/jpeg\" \/>\n<meta name=\"author\" content=\"Web del Maestro CMF\" \/>\n<meta name=\"twitter:card\" content=\"summary_large_image\" \/>\n<meta name=\"twitter:creator\" content=\"@cmf_w\" \/>\n<meta name=\"twitter:site\" content=\"@cmf_w\" \/>\n<script type=\"application\/ld+json\" class=\"yoast-schema-graph\">{\"@context\":\"https:\\\/\\\/schema.org\",\"@graph\":[{\"@type\":\"ScholarlyArticle\",\"@id\":\"https:\\\/\\\/webdelmaestrocmf.com\\\/portal\\\/calendario-cientifico-2024-para-docentes\\\/#article\",\"isPartOf\":{\"@id\":\"https:\\\/\\\/webdelmaestrocmf.com\\\/portal\\\/calendario-cientifico-2024-para-docentes\\\/\"},\"author\":{\"name\":\"Web del Maestro CMF\",\"@id\":\"https:\\\/\\\/webdelmaestrocmf.com\\\/portal\\\/#\\\/schema\\\/person\\\/1072a2ed7bd960df8ef99a551fa35dc5\"},\"headline\":\"Calendario cient\u00edfico 2024 para docentes\",\"datePublished\":\"2024-02-08T13:52:28+00:00\",\"dateModified\":\"2024-02-08T14:25:09+00:00\",\"mainEntityOfPage\":{\"@id\":\"https:\\\/\\\/webdelmaestrocmf.com\\\/portal\\\/calendario-cientifico-2024-para-docentes\\\/\"},\"wordCount\":446,\"commentCount\":0,\"publisher\":{\"@id\":\"https:\\\/\\\/webdelmaestrocmf.com\\\/portal\\\/#organization\"},\"image\":{\"@id\":\"https:\\\/\\\/webdelmaestrocmf.com\\\/portal\\\/calendario-cientifico-2024-para-docentes\\\/#primaryimage\"},\"thumbnailUrl\":\"https:\\\/\\\/webdelmaestrocmf.com\\\/portal\\\/wp-content\\\/uploads\\\/2024\\\/02\\\/Banner-1-portada-imagen-10-1-9-1.jpg\",\"keywords\":[\"2024\",\"Calendario\",\"CIENT\u00cdFICO\",\"DOCENTES\"],\"articleSection\":[\"Agenda\",\"Calendario\",\"Recursos\"],\"inLanguage\":\"es\",\"potentialAction\":[{\"@type\":\"CommentAction\",\"name\":\"Comment\",\"target\":[\"https:\\\/\\\/webdelmaestrocmf.com\\\/portal\\\/calendario-cientifico-2024-para-docentes\\\/#respond\"]}]},{\"@type\":\"WebPage\",\"@id\":\"https:\\\/\\\/webdelmaestrocmf.com\\\/portal\\\/calendario-cientifico-2024-para-docentes\\\/\",\"url\":\"https:\\\/\\\/webdelmaestrocmf.com\\\/portal\\\/calendario-cientifico-2024-para-docentes\\\/\",\"name\":\"Calendario cient\u00edfico 2024 para docentes\",\"isPartOf\":{\"@id\":\"https:\\\/\\\/webdelmaestrocmf.com\\\/portal\\\/#website\"},\"primaryImageOfPage\":{\"@id\":\"https:\\\/\\\/webdelmaestrocmf.com\\\/portal\\\/calendario-cientifico-2024-para-docentes\\\/#primaryimage\"},\"image\":{\"@id\":\"https:\\\/\\\/webdelmaestrocmf.com\\\/portal\\\/calendario-cientifico-2024-para-docentes\\\/#primaryimage\"},\"thumbnailUrl\":\"https:\\\/\\\/webdelmaestrocmf.com\\\/portal\\\/wp-content\\\/uploads\\\/2024\\\/02\\\/Banner-1-portada-imagen-10-1-9-1.jpg\",\"datePublished\":\"2024-02-08T13:52:28+00:00\",\"dateModified\":\"2024-02-08T14:25:09+00:00\",\"description\":\"El \\\"Calendario Cient\u00edfico Escolar\\\" es un proyecto, gestado por el Instituto de Ganader\u00eda de Monta\u00f1a (CSIC-Universidad de Le\u00f3n).\",\"breadcrumb\":{\"@id\":\"https:\\\/\\\/webdelmaestrocmf.com\\\/portal\\\/calendario-cientifico-2024-para-docentes\\\/#breadcrumb\"},\"inLanguage\":\"es\",\"potentialAction\":[{\"@type\":\"ReadAction\",\"target\":[\"https:\\\/\\\/webdelmaestrocmf.com\\\/portal\\\/calendario-cientifico-2024-para-docentes\\\/\"]}]},{\"@type\":\"ImageObject\",\"inLanguage\":\"es\",\"@id\":\"https:\\\/\\\/webdelmaestrocmf.com\\\/portal\\\/calendario-cientifico-2024-para-docentes\\\/#primaryimage\",\"url\":\"https:\\\/\\\/webdelmaestrocmf.com\\\/portal\\\/wp-content\\\/uploads\\\/2024\\\/02\\\/Banner-1-portada-imagen-10-1-9-1.jpg\",\"contentUrl\":\"https:\\\/\\\/webdelmaestrocmf.com\\\/portal\\\/wp-content\\\/uploads\\\/2024\\\/02\\\/Banner-1-portada-imagen-10-1-9-1.jpg\",\"width\":1024,\"height\":1024},{\"@type\":\"BreadcrumbList\",\"@id\":\"https:\\\/\\\/webdelmaestrocmf.com\\\/portal\\\/calendario-cientifico-2024-para-docentes\\\/#breadcrumb\",\"itemListElement\":[{\"@type\":\"ListItem\",\"position\":1,\"name\":\"Portada\",\"item\":\"https:\\\/\\\/webdelmaestrocmf.com\\\/portal\\\/\"},{\"@type\":\"ListItem\",\"position\":2,\"name\":\"Recursos\",\"item\":\"https:\\\/\\\/webdelmaestrocmf.com\\\/portal\\\/category\\\/pedagogia\\\/\"},{\"@type\":\"ListItem\",\"position\":3,\"name\":\"Calendario cient\u00edfico 2024 para docentes\"}]},{\"@type\":\"WebSite\",\"@id\":\"https:\\\/\\\/webdelmaestrocmf.com\\\/portal\\\/#website\",\"url\":\"https:\\\/\\\/webdelmaestrocmf.com\\\/portal\\\/\",\"name\":\"Web del Maestro CMF\",\"description\":\"Maestros al servicio de la educaci\u00f3n\",\"publisher\":{\"@id\":\"https:\\\/\\\/webdelmaestrocmf.com\\\/portal\\\/#organization\"},\"alternateName\":\"WMCMF\",\"potentialAction\":[{\"@type\":\"SearchAction\",\"target\":{\"@type\":\"EntryPoint\",\"urlTemplate\":\"https:\\\/\\\/webdelmaestrocmf.com\\\/portal\\\/?s={search_term_string}\"},\"query-input\":{\"@type\":\"PropertyValueSpecification\",\"valueRequired\":true,\"valueName\":\"search_term_string\"}}],\"inLanguage\":\"es\"},{\"@type\":\"Organization\",\"@id\":\"https:\\\/\\\/webdelmaestrocmf.com\\\/portal\\\/#organization\",\"name\":\"Web del Maestro CMF\",\"alternateName\":\"WMCMF\",\"url\":\"https:\\\/\\\/webdelmaestrocmf.com\\\/portal\\\/\",\"logo\":{\"@type\":\"ImageObject\",\"inLanguage\":\"es\",\"@id\":\"https:\\\/\\\/webdelmaestrocmf.com\\\/portal\\\/#\\\/schema\\\/logo\\\/image\\\/\",\"url\":\"https:\\\/\\\/webdelmaestrocmf.com\\\/portal\\\/wp-content\\\/uploads\\\/2023\\\/01\\\/logo-wmcmf-2.png\",\"contentUrl\":\"https:\\\/\\\/webdelmaestrocmf.com\\\/portal\\\/wp-content\\\/uploads\\\/2023\\\/01\\\/logo-wmcmf-2.png\",\"width\":200,\"height\":60,\"caption\":\"Web del Maestro CMF\"},\"image\":{\"@id\":\"https:\\\/\\\/webdelmaestrocmf.com\\\/portal\\\/#\\\/schema\\\/logo\\\/image\\\/\"},\"sameAs\":[\"https:\\\/\\\/www.facebook.com\\\/WebdelMaestroCMF\\\/\",\"https:\\\/\\\/x.com\\\/cmf_w\",\"https:\\\/\\\/www.pinterest.com\\\/WMCMF\\\/\",\"https:\\\/\\\/www.linkedin.com\\\/company\\\/web-del-maestro-cmf\\\/\",\"https:\\\/\\\/www.instagram.com\\\/wmcmf\\\/\",\"https:\\\/\\\/www.youtube.com\\\/channel\\\/UCDPSvjbdodE5sHnC3OxutHw\",\"https:\\\/\\\/mastodon.social\\\/@wmcmf\",\"https:\\\/\\\/www.tiktok.com\\\/@webdelmaestrocmf\"]},{\"@type\":\"Person\",\"@id\":\"https:\\\/\\\/webdelmaestrocmf.com\\\/portal\\\/#\\\/schema\\\/person\\\/1072a2ed7bd960df8ef99a551fa35dc5\",\"name\":\"Web del Maestro CMF\",\"image\":{\"@type\":\"ImageObject\",\"inLanguage\":\"es\",\"@id\":\"https:\\\/\\\/secure.gravatar.com\\\/avatar\\\/23291dd5b5ae1077dcff3dbb04c3e02bd28403fa75af6d8787d5e97c5bbbe30b?s=96&d=mm&r=g\",\"url\":\"https:\\\/\\\/secure.gravatar.com\\\/avatar\\\/23291dd5b5ae1077dcff3dbb04c3e02bd28403fa75af6d8787d5e97c5bbbe30b?s=96&d=mm&r=g\",\"contentUrl\":\"https:\\\/\\\/secure.gravatar.com\\\/avatar\\\/23291dd5b5ae1077dcff3dbb04c3e02bd28403fa75af6d8787d5e97c5bbbe30b?s=96&d=mm&r=g\",\"caption\":\"Web del Maestro CMF\"},\"description\":\"Esta Web se cre\u00f3 sin fines de lucro, con fines educativos, cient\u00edficos y acad\u00e9micos, para personas que tengan dificultades y\\\/o inconvenientes en visualizar el material original. El objetivo es entregar recursos, compartir experiencias y materiales que ayuden a los padres de familia, maestros y estudiantes en su actualizaci\u00f3n y formaci\u00f3n permanente, en bien de la Educaci\u00f3n.\",\"sameAs\":[\"http:\\\/\\\/webdelmaestrocmf.com\\\/portal\",\"https:\\\/\\\/www.facebook.com\\\/WebdelMaestroCMF\\\/\",\"https:\\\/\\\/www.instagram.com\\\/wmcmf\\\/\",\"https:\\\/\\\/cl.linkedin.com\\\/company\\\/web-del-maestro-cmf\",\"https:\\\/\\\/www.pinterest.com\\\/WMCMF\\\/publicaciones\\\/\",\"https:\\\/\\\/x.com\\\/cmf_w\",\"https:\\\/\\\/www.youtube.com\\\/@WMCMF\"]}]}<\/script>\n<!-- \/ Yoast SEO plugin. -->","yoast_head_json":{"title":"Calendario cient\u00edfico 2024 para docentes","description":"El \"Calendario Cient\u00edfico Escolar\" es un proyecto, gestado por el Instituto de Ganader\u00eda de Monta\u00f1a (CSIC-Universidad de Le\u00f3n).","robots":{"index":"index","follow":"follow","max-snippet":"max-snippet:-1","max-image-preview":"max-image-preview:large","max-video-preview":"max-video-preview:-1"},"canonical":"https:\/\/webdelmaestrocmf.com\/portal\/calendario-cientifico-2024-para-docentes\/","og_locale":"es_ES","og_type":"article","og_title":"Calendario cient\u00edfico 2024 para docentes","og_description":"El \"Calendario Cient\u00edfico Escolar\" es un proyecto, gestado por el Instituto de Ganader\u00eda de Monta\u00f1a (CSIC-Universidad de Le\u00f3n).","og_url":"https:\/\/webdelmaestrocmf.com\/portal\/calendario-cientifico-2024-para-docentes\/","og_site_name":"Web del Maestro CMF","article_publisher":"https:\/\/www.facebook.com\/WebdelMaestroCMF\/","article_author":"https:\/\/www.facebook.com\/WebdelMaestroCMF\/","article_published_time":"2024-02-08T13:52:28+00:00","article_modified_time":"2024-02-08T14:25:09+00:00","og_image":[{"width":1024,"height":1024,"url":"https:\/\/webdelmaestrocmf.com\/portal\/wp-content\/uploads\/2024\/02\/Banner-1-portada-imagen-10-1-9-1.jpg","type":"image\/jpeg"}],"author":"Web del Maestro CMF","twitter_card":"summary_large_image","twitter_creator":"@cmf_w","twitter_site":"@cmf_w","schema":{"@context":"https:\/\/schema.org","@graph":[{"@type":"ScholarlyArticle","@id":"https:\/\/webdelmaestrocmf.com\/portal\/calendario-cientifico-2024-para-docentes\/#article","isPartOf":{"@id":"https:\/\/webdelmaestrocmf.com\/portal\/calendario-cientifico-2024-para-docentes\/"},"author":{"name":"Web del Maestro CMF","@id":"https:\/\/webdelmaestrocmf.com\/portal\/#\/schema\/person\/1072a2ed7bd960df8ef99a551fa35dc5"},"headline":"Calendario cient\u00edfico 2024 para docentes","datePublished":"2024-02-08T13:52:28+00:00","dateModified":"2024-02-08T14:25:09+00:00","mainEntityOfPage":{"@id":"https:\/\/webdelmaestrocmf.com\/portal\/calendario-cientifico-2024-para-docentes\/"},"wordCount":446,"commentCount":0,"publisher":{"@id":"https:\/\/webdelmaestrocmf.com\/portal\/#organization"},"image":{"@id":"https:\/\/webdelmaestrocmf.com\/portal\/calendario-cientifico-2024-para-docentes\/#primaryimage"},"thumbnailUrl":"https:\/\/webdelmaestrocmf.com\/portal\/wp-content\/uploads\/2024\/02\/Banner-1-portada-imagen-10-1-9-1.jpg","keywords":["2024","Calendario","CIENT\u00cdFICO","DOCENTES"],"articleSection":["Agenda","Calendario","Recursos"],"inLanguage":"es","potentialAction":[{"@type":"CommentAction","name":"Comment","target":["https:\/\/webdelmaestrocmf.com\/portal\/calendario-cientifico-2024-para-docentes\/#respond"]}]},{"@type":"WebPage","@id":"https:\/\/webdelmaestrocmf.com\/portal\/calendario-cientifico-2024-para-docentes\/","url":"https:\/\/webdelmaestrocmf.com\/portal\/calendario-cientifico-2024-para-docentes\/","name":"Calendario cient\u00edfico 2024 para docentes","isPartOf":{"@id":"https:\/\/webdelmaestrocmf.com\/portal\/#website"},"primaryImageOfPage":{"@id":"https:\/\/webdelmaestrocmf.com\/portal\/calendario-cientifico-2024-para-docentes\/#primaryimage"},"image":{"@id":"https:\/\/webdelmaestrocmf.com\/portal\/calendario-cientifico-2024-para-docentes\/#primaryimage"},"thumbnailUrl":"https:\/\/webdelmaestrocmf.com\/portal\/wp-content\/uploads\/2024\/02\/Banner-1-portada-imagen-10-1-9-1.jpg","datePublished":"2024-02-08T13:52:28+00:00","dateModified":"2024-02-08T14:25:09+00:00","description":"El \"Calendario Cient\u00edfico Escolar\" es un proyecto, gestado por el Instituto de Ganader\u00eda de Monta\u00f1a (CSIC-Universidad de Le\u00f3n).","breadcrumb":{"@id":"https:\/\/webdelmaestrocmf.com\/portal\/calendario-cientifico-2024-para-docentes\/#breadcrumb"},"inLanguage":"es","potentialAction":[{"@type":"ReadAction","target":["https:\/\/webdelmaestrocmf.com\/portal\/calendario-cientifico-2024-para-docentes\/"]}]},{"@type":"ImageObject","inLanguage":"es","@id":"https:\/\/webdelmaestrocmf.com\/portal\/calendario-cientifico-2024-para-docentes\/#primaryimage","url":"https:\/\/webdelmaestrocmf.com\/portal\/wp-content\/uploads\/2024\/02\/Banner-1-portada-imagen-10-1-9-1.jpg","contentUrl":"https:\/\/webdelmaestrocmf.com\/portal\/wp-content\/uploads\/2024\/02\/Banner-1-portada-imagen-10-1-9-1.jpg","width":1024,"height":1024},{"@type":"BreadcrumbList","@id":"https:\/\/webdelmaestrocmf.com\/portal\/calendario-cientifico-2024-para-docentes\/#breadcrumb","itemListElement":[{"@type":"ListItem","position":1,"name":"Portada","item":"https:\/\/webdelmaestrocmf.com\/portal\/"},{"@type":"ListItem","position":2,"name":"Recursos","item":"https:\/\/webdelmaestrocmf.com\/portal\/category\/pedagogia\/"},{"@type":"ListItem","position":3,"name":"Calendario cient\u00edfico 2024 para docentes"}]},{"@type":"WebSite","@id":"https:\/\/webdelmaestrocmf.com\/portal\/#website","url":"https:\/\/webdelmaestrocmf.com\/portal\/","name":"Web del Maestro CMF","description":"Maestros al servicio de la educaci\u00f3n","publisher":{"@id":"https:\/\/webdelmaestrocmf.com\/portal\/#organization"},"alternateName":"WMCMF","potentialAction":[{"@type":"SearchAction","target":{"@type":"EntryPoint","urlTemplate":"https:\/\/webdelmaestrocmf.com\/portal\/?s={search_term_string}"},"query-input":{"@type":"PropertyValueSpecification","valueRequired":true,"valueName":"search_term_string"}}],"inLanguage":"es"},{"@type":"Organization","@id":"https:\/\/webdelmaestrocmf.com\/portal\/#organization","name":"Web del Maestro CMF","alternateName":"WMCMF","url":"https:\/\/webdelmaestrocmf.com\/portal\/","logo":{"@type":"ImageObject","inLanguage":"es","@id":"https:\/\/webdelmaestrocmf.com\/portal\/#\/schema\/logo\/image\/","url":"https:\/\/webdelmaestrocmf.com\/portal\/wp-content\/uploads\/2023\/01\/logo-wmcmf-2.png","contentUrl":"https:\/\/webdelmaestrocmf.com\/portal\/wp-content\/uploads\/2023\/01\/logo-wmcmf-2.png","width":200,"height":60,"caption":"Web del Maestro CMF"},"image":{"@id":"https:\/\/webdelmaestrocmf.com\/portal\/#\/schema\/logo\/image\/"},"sameAs":["https:\/\/www.facebook.com\/WebdelMaestroCMF\/","https:\/\/x.com\/cmf_w","https:\/\/www.pinterest.com\/WMCMF\/","https:\/\/www.linkedin.com\/company\/web-del-maestro-cmf\/","https:\/\/www.instagram.com\/wmcmf\/","https:\/\/www.youtube.com\/channel\/UCDPSvjbdodE5sHnC3OxutHw","https:\/\/mastodon.social\/@wmcmf","https:\/\/www.tiktok.com\/@webdelmaestrocmf"]},{"@type":"Person","@id":"https:\/\/webdelmaestrocmf.com\/portal\/#\/schema\/person\/1072a2ed7bd960df8ef99a551fa35dc5","name":"Web del Maestro CMF","image":{"@type":"ImageObject","inLanguage":"es","@id":"https:\/\/secure.gravatar.com\/avatar\/23291dd5b5ae1077dcff3dbb04c3e02bd28403fa75af6d8787d5e97c5bbbe30b?s=96&d=mm&r=g","url":"https:\/\/secure.gravatar.com\/avatar\/23291dd5b5ae1077dcff3dbb04c3e02bd28403fa75af6d8787d5e97c5bbbe30b?s=96&d=mm&r=g","contentUrl":"https:\/\/secure.gravatar.com\/avatar\/23291dd5b5ae1077dcff3dbb04c3e02bd28403fa75af6d8787d5e97c5bbbe30b?s=96&d=mm&r=g","caption":"Web del Maestro CMF"},"description":"Esta Web se cre\u00f3 sin fines de lucro, con fines educativos, cient\u00edficos y acad\u00e9micos, para personas que tengan dificultades y\/o inconvenientes en visualizar el material original. El objetivo es entregar recursos, compartir experiencias y materiales que ayuden a los padres de familia, maestros y estudiantes en su actualizaci\u00f3n y formaci\u00f3n permanente, en bien de la Educaci\u00f3n.","sameAs":["http:\/\/webdelmaestrocmf.com\/portal","https:\/\/www.facebook.com\/WebdelMaestroCMF\/","https:\/\/www.instagram.com\/wmcmf\/","https:\/\/cl.linkedin.com\/company\/web-del-maestro-cmf","https:\/\/www.pinterest.com\/WMCMF\/publicaciones\/","https:\/\/x.com\/cmf_w","https:\/\/www.youtube.com\/@WMCMF"]}]}},"jetpack_featured_media_url":"https:\/\/webdelmaestrocmf.com\/portal\/wp-content\/uploads\/2024\/02\/Banner-1-portada-imagen-10-1-9-1.jpg","jetpack_sharing_enabled":true,"jetpack-related-posts":[{"id":102281,"url":"https:\/\/webdelmaestrocmf.com\/portal\/calendario-escolar-2024-descarga-gratuita\/","url_meta":{"origin":103602,"position":0},"title":"Calendario escolar 2024 | Descarga gratuita","author":"Web del Maestro CMF","date":"9 enero, 2024","format":false,"excerpt":"El nuevo a\u00f1o ha comenzado y con \u00e9l, una nueva oportunidad para organizar y planificar tu tiempo de manera eficiente. En este sentido, la descarga gratuita del calendario escolar para el a\u00f1o 2024 se presenta como una herramienta indispensable tanto para profesores como para estudiantes. Esta iniciativa busca facilitar la\u2026","rel":"","context":"En \u00abCalendario\u00bb","block_context":{"text":"Calendario","link":"https:\/\/webdelmaestrocmf.com\/portal\/category\/pedagogia\/calendario\/"},"img":{"alt_text":"calendario escolar","src":"https:\/\/i0.wp.com\/webdelmaestrocmf.com\/portal\/wp-content\/uploads\/2024\/01\/B-dibujos-1-2-1.jpg?resize=350%2C200&ssl=1","width":350,"height":200,"srcset":"https:\/\/i0.wp.com\/webdelmaestrocmf.com\/portal\/wp-content\/uploads\/2024\/01\/B-dibujos-1-2-1.jpg?resize=350%2C200&ssl=1 1x, https:\/\/i0.wp.com\/webdelmaestrocmf.com\/portal\/wp-content\/uploads\/2024\/01\/B-dibujos-1-2-1.jpg?resize=525%2C300&ssl=1 1.5x, https:\/\/i0.wp.com\/webdelmaestrocmf.com\/portal\/wp-content\/uploads\/2024\/01\/B-dibujos-1-2-1.jpg?resize=700%2C400&ssl=1 2x"},"classes":[]},{"id":103990,"url":"https:\/\/webdelmaestrocmf.com\/portal\/calendario-anual-2024-para-docentes-estudiantes\/","url_meta":{"origin":103602,"position":1},"title":"Calendario anual 2024 para docentes y estudiantes","author":"Web del Maestro CMF","date":"17 febrero, 2024","format":false,"excerpt":"La organizaci\u00f3n es un pilar fundamental para el \u00e9xito del proceso educativo. En este sentido, el calendario anual 2024 se convierte en una herramienta indispensable para la planificaci\u00f3n docente, permitiendo optimizar la gesti\u00f3n del tiempo, las tareas y el desarrollo de las clases. El calendario anual 2024 se alza como\u2026","rel":"","context":"En \u00abCalendario\u00bb","block_context":{"text":"Calendario","link":"https:\/\/webdelmaestrocmf.com\/portal\/category\/pedagogia\/calendario\/"},"img":{"alt_text":"Agenda","src":"https:\/\/i0.wp.com\/webdelmaestrocmf.com\/portal\/wp-content\/uploads\/2024\/02\/Banner-1-portada-imagen-10-1-6-1.jpg?resize=350%2C200&ssl=1","width":350,"height":200,"srcset":"https:\/\/i0.wp.com\/webdelmaestrocmf.com\/portal\/wp-content\/uploads\/2024\/02\/Banner-1-portada-imagen-10-1-6-1.jpg?resize=350%2C200&ssl=1 1x, https:\/\/i0.wp.com\/webdelmaestrocmf.com\/portal\/wp-content\/uploads\/2024\/02\/Banner-1-portada-imagen-10-1-6-1.jpg?resize=525%2C300&ssl=1 1.5x, https:\/\/i0.wp.com\/webdelmaestrocmf.com\/portal\/wp-content\/uploads\/2024\/02\/Banner-1-portada-imagen-10-1-6-1.jpg?resize=700%2C400&ssl=1 2x"},"classes":[]},{"id":105974,"url":"https:\/\/webdelmaestrocmf.com\/portal\/calendario-escolar-oficial-del-ciclo-escolar-2024-2025\/","url_meta":{"origin":103602,"position":2},"title":"Calendario escolar oficial del ciclo escolar 2024 \u2013 2025","author":"Web del Maestro CMF","date":"11 junio, 2024","format":false,"excerpt":"Es un placer para nosotros compartir con todos ustedes el Calendario Escolar Oficial del Ciclo Escolar 2024 \u2013 2025, el cual ha sido publicado en el Diario Oficial de la Federaci\u00f3n (DOF). Este calendario es fundamental para la organizaci\u00f3n y planificaci\u00f3n de nuestras actividades educativas durante el pr\u00f3ximo a\u00f1o escolar.\u2026","rel":"","context":"En \u00abCalendario\u00bb","block_context":{"text":"Calendario","link":"https:\/\/webdelmaestrocmf.com\/portal\/category\/pedagogia\/calendario\/"},"img":{"alt_text":"","src":"https:\/\/i0.wp.com\/webdelmaestrocmf.com\/portal\/wp-content\/uploads\/2024\/06\/Banner-1-portada-imagen-10-1-2024-06-11T114426.418.jpg?resize=350%2C200&ssl=1","width":350,"height":200,"srcset":"https:\/\/i0.wp.com\/webdelmaestrocmf.com\/portal\/wp-content\/uploads\/2024\/06\/Banner-1-portada-imagen-10-1-2024-06-11T114426.418.jpg?resize=350%2C200&ssl=1 1x, https:\/\/i0.wp.com\/webdelmaestrocmf.com\/portal\/wp-content\/uploads\/2024\/06\/Banner-1-portada-imagen-10-1-2024-06-11T114426.418.jpg?resize=525%2C300&ssl=1 1.5x, https:\/\/i0.wp.com\/webdelmaestrocmf.com\/portal\/wp-content\/uploads\/2024\/06\/Banner-1-portada-imagen-10-1-2024-06-11T114426.418.jpg?resize=700%2C400&ssl=1 2x"},"classes":[]},{"id":104708,"url":"https:\/\/webdelmaestrocmf.com\/portal\/descarga-descarga-el-calendario-civico-escolar-2024\/","url_meta":{"origin":103602,"position":3},"title":"Descarga: El Calendario C\u00edvico Escolar 2024","author":"Web del Maestro CMF","date":"7 marzo, 2024","format":false,"excerpt":"Pulsa sobre el enlace para descargar el archivo: Descarga el Calendario C\u00edvico Escolar 2024: Fechas seg\u00fan el Minedu Si te sirvi\u00f3 el material, ap\u00f3yanos con un clic. Nos ayudar\u00e1 a mantener el servicio. \u00a1Comparte y as\u00ed m\u00e1s docentes utilizar\u00e1n estos recursos gratis! Muchas gracias.","rel":"","context":"En \u00abDescarga\u00bb","block_context":{"text":"Descarga","link":"https:\/\/webdelmaestrocmf.com\/portal\/category\/descarga\/"},"img":{"alt_text":"","src":"https:\/\/i0.wp.com\/webdelmaestrocmf.com\/portal\/wp-content\/uploads\/2024\/03\/Banner-1-portada-imagen-10-1-17.jpg?resize=350%2C200&ssl=1","width":350,"height":200,"srcset":"https:\/\/i0.wp.com\/webdelmaestrocmf.com\/portal\/wp-content\/uploads\/2024\/03\/Banner-1-portada-imagen-10-1-17.jpg?resize=350%2C200&ssl=1 1x, https:\/\/i0.wp.com\/webdelmaestrocmf.com\/portal\/wp-content\/uploads\/2024\/03\/Banner-1-portada-imagen-10-1-17.jpg?resize=525%2C300&ssl=1 1.5x, https:\/\/i0.wp.com\/webdelmaestrocmf.com\/portal\/wp-content\/uploads\/2024\/03\/Banner-1-portada-imagen-10-1-17.jpg?resize=700%2C400&ssl=1 2x"},"classes":[]},{"id":104707,"url":"https:\/\/webdelmaestrocmf.com\/portal\/descarga-el-calendario-civico-escolar-2024-fechas-segun-el-minedu\/","url_meta":{"origin":103602,"position":4},"title":"Descarga el Calendario C\u00edvico Escolar 2024: Fechas seg\u00fan el Minedu","author":"Web del Maestro CMF","date":"7 marzo, 2024","format":false,"excerpt":"El Calendario C\u00edvico Escolar 2024 es una herramienta fundamental para que los estudiantes de Per\u00fa conozcan y comprendan la historia del pa\u00eds y del mundo. Este documento, publicado por el Ministerio de Educaci\u00f3n (Minedu), establece las fechas m\u00e1s importantes del a\u00f1o para conmemorar acontecimientos relevantes, tanto nacionales como internacionales. El\u2026","rel":"","context":"En \u00abCalendario\u00bb","block_context":{"text":"Calendario","link":"https:\/\/webdelmaestrocmf.com\/portal\/category\/pedagogia\/calendario\/"},"img":{"alt_text":"","src":"https:\/\/i0.wp.com\/webdelmaestrocmf.com\/portal\/wp-content\/uploads\/2024\/03\/Banner-1-portada-imagen-10-1-17.jpg?resize=350%2C200&ssl=1","width":350,"height":200,"srcset":"https:\/\/i0.wp.com\/webdelmaestrocmf.com\/portal\/wp-content\/uploads\/2024\/03\/Banner-1-portada-imagen-10-1-17.jpg?resize=350%2C200&ssl=1 1x, https:\/\/i0.wp.com\/webdelmaestrocmf.com\/portal\/wp-content\/uploads\/2024\/03\/Banner-1-portada-imagen-10-1-17.jpg?resize=525%2C300&ssl=1 1.5x, https:\/\/i0.wp.com\/webdelmaestrocmf.com\/portal\/wp-content\/uploads\/2024\/03\/Banner-1-portada-imagen-10-1-17.jpg?resize=700%2C400&ssl=1 2x"},"classes":[]},{"id":101593,"url":"https:\/\/webdelmaestrocmf.com\/portal\/lineamientos-para-el-desarrollo-del-ano-escolar-2024\/","url_meta":{"origin":103602,"position":5},"title":"Lineamientos para el desarrollo del a\u00f1o escolar 2024","author":"Web del Maestro CMF","date":"10 diciembre, 2023","format":false,"excerpt":"El a\u00f1o escolar 2024 se regir\u00e1 por estrictos lineamientos que buscan optimizar la gesti\u00f3n educativa, asegurando un enfoque eficiente en la planificaci\u00f3n, seguimiento y evaluaci\u00f3n. Las semanas de gesti\u00f3n son el epicentro de esta estrategia, proporcionando un tiempo dedicado exclusivamente al personal educativo para llevar a cabo tareas esenciales. Les\u2026","rel":"","context":"En \u00abA\u00f1o escolar\u00bb","block_context":{"text":"A\u00f1o escolar","link":"https:\/\/webdelmaestrocmf.com\/portal\/category\/pedagogia\/ano-escolar-2024\/"},"img":{"alt_text":"","src":"https:\/\/i0.wp.com\/webdelmaestrocmf.com\/portal\/wp-content\/uploads\/2023\/12\/Lineamientos-para-el-desarrollo-del-ano-escolar.jpg?resize=350%2C200&ssl=1","width":350,"height":200,"srcset":"https:\/\/i0.wp.com\/webdelmaestrocmf.com\/portal\/wp-content\/uploads\/2023\/12\/Lineamientos-para-el-desarrollo-del-ano-escolar.jpg?resize=350%2C200&ssl=1 1x, https:\/\/i0.wp.com\/webdelmaestrocmf.com\/portal\/wp-content\/uploads\/2023\/12\/Lineamientos-para-el-desarrollo-del-ano-escolar.jpg?resize=525%2C300&ssl=1 1.5x, https:\/\/i0.wp.com\/webdelmaestrocmf.com\/portal\/wp-content\/uploads\/2023\/12\/Lineamientos-para-el-desarrollo-del-ano-escolar.jpg?resize=700%2C400&ssl=1 2x"},"classes":[]}],"_links":{"self":[{"href":"https:\/\/webdelmaestrocmf.com\/portal\/wp-json\/wp\/v2\/posts\/103602","targetHints":{"allow":["GET"]}}],"collection":[{"href":"https:\/\/webdelmaestrocmf.com\/portal\/wp-json\/wp\/v2\/posts"}],"about":[{"href":"https:\/\/webdelmaestrocmf.com\/portal\/wp-json\/wp\/v2\/types\/post"}],"author":[{"embeddable":true,"href":"https:\/\/webdelmaestrocmf.com\/portal\/wp-json\/wp\/v2\/users\/1"}],"replies":[{"embeddable":true,"href":"https:\/\/webdelmaestrocmf.com\/portal\/wp-json\/wp\/v2\/comments?post=103602"}],"version-history":[{"count":0,"href":"https:\/\/webdelmaestrocmf.com\/portal\/wp-json\/wp\/v2\/posts\/103602\/revisions"}],"wp:featuredmedia":[{"embeddable":true,"href":"https:\/\/webdelmaestrocmf.com\/portal\/wp-json\/wp\/v2\/media\/103604"}],"wp:attachment":[{"href":"https:\/\/webdelmaestrocmf.com\/portal\/wp-json\/wp\/v2\/media?parent=103602"}],"wp:term":[{"taxonomy":"category","embeddable":true,"href":"https:\/\/webdelmaestrocmf.com\/portal\/wp-json\/wp\/v2\/categories?post=103602"},{"taxonomy":"post_tag","embeddable":true,"href":"https:\/\/webdelmaestrocmf.com\/portal\/wp-json\/wp\/v2\/tags?post=103602"}],"curies":[{"name":"wp","href":"https:\/\/api.w.org\/{rel}","templated":true}]}}