{"id":10326,"date":"2016-11-15T11:00:08","date_gmt":"2016-11-15T14:00:08","guid":{"rendered":"http:\/\/webdelmaestrocmf.com\/inicio\/?p=10326"},"modified":"2022-11-18T12:01:20","modified_gmt":"2022-11-18T15:01:20","slug":"emergencia-educativa-dos-desafios-educativos-para-reflexionar-urgentemente","status":"publish","type":"post","link":"https:\/\/webdelmaestrocmf.com\/portal\/emergencia-educativa-dos-desafios-educativos-para-reflexionar-urgentemente\/","title":{"rendered":"Emergencia educativa: dos desaf\u00edos para reflexionar urgentemente"},"content":{"rendered":"<h5 style=\"text-align: justify;\">\u00bfC\u00f3mo tiene que ser en la escuela hoy el <strong>clima educativo<\/strong>, el respeto de la <strong>dignidad<\/strong>, la atenci\u00f3n por los <strong>aspectos<\/strong> <strong>cognitivos, afectivos, sociales, \u00e9ticos,\u00a0espirituales, profesionales<\/strong>; el est\u00edmulo, el desarrollo de los singulares talentos, la <strong>cooperaci\u00f3n y solidaridad<\/strong>; la <strong>investigaci\u00f3n<\/strong>, los l\u00edmites de <strong>comportamiento<\/strong>, el <strong>respeto de las ideas<\/strong>, la apertura a la confrontaci\u00f3n, la capacidad de discutir y colaborar en un esp\u00edritu de libertad y atenci\u00f3n por la persona\u201d? (cf Tiempo de Evangelizar, Educar hoy y ma\u00f1ana. Una pasi\u00f3n que se renueva).<\/h5>\n<p><!--more--><\/p>\n<p style=\"text-align: justify;\">Son muchos aspectos, pero as\u00ed es la educaci\u00f3n. Nos es necesario y primordial ir a <strong>las ra\u00edces profundas de una \u201cemergencia educativa\u201d que nos plantea dos desaf\u00edos fundamentales hoy<\/strong>, seg\u00fan el Papa Benedicto XVI[1], y que creemos oportuno conocer, reflexionar y dialogar. Porque \u201cel di\u00e1logo <strong>permite conocer<\/strong>, entender y acoger las exigencias de cada persona; es expresi\u00f3n de caridad para buscar el bien com\u00fan; nos coloca delante del otro vi\u00e9ndolo como un don de Dios, que nos interpela y ayuda a humanizar nuestras relaciones y a superar los desacuerdos; nos da la ocasi\u00f3n para <strong>escucharnos<\/strong> rec\u00edprocamente y <strong>resolver<\/strong> los inconvenientes que se presentan\u201d (Papa Francisco, 22\/10\/2016).<\/p>\n<h5>PRIMER DESAF\u00cdO:<\/h5>\n<p style=\"text-align: justify;\">Existe <strong>un FALSO CONCEPTO DE AUTONOM\u00cdA DEL HOMBRE, <\/strong>que defiende que \u201cel hombre deber\u00eda desarrollarse s\u00f3lo por s\u00ed mismo, sin imposiciones de otros, los cuales podr\u00edan asistir a su autodesarrollo, pero no entrar en este desarrollo\u201d.<\/p>\n<p style=\"text-align: justify;\">En realidad, para la persona humana es esencial el hecho de que llega a ser ella misma s\u00f3lo a partir del otro, el \u00abyo\u00bb llega a ser \u00e9l mismo s\u00f3lo a partir del \u00abt\u00fa\u00bb y del \u00abustedes\u00bb; est\u00e1 creado para el di\u00e1logo, para la comuni\u00f3n sincr\u00f3nica y diacr\u00f3nica. Y s\u00f3lo el encuentro con el \u00abt\u00fa\u00bb y con el \u00abnosotros\u00bb abre el \u00abyo\u00bb a s\u00ed mismo.<\/p>\n<p style=\"text-align: justify;\">Por eso, <strong><em>la denominada educaci\u00f3n anti-autoritaria no es educaci\u00f3n, sino renuncia a la educaci\u00f3n<\/em>:<\/strong> as\u00ed no se da lo que deber\u00edamos dar a los dem\u00e1s, es decir, este \u00abt\u00fa\u00bb y \u00abnosotros\u00bb en el cual el \u00abyo\u00bb se abre a s\u00ed mismo. Por tanto, me parece que un primer punto es <strong>superar esta falsa idea de autonom\u00eda del hombre<\/strong>, como un \u00abyo\u00bb completo en s\u00ed mismo, mientras que llega a ser \u00abyo\u00bb en el encuentro colectivo con el \u00abt\u00fa\u00bb y con el \u00abnosotros\u00bb.<\/p>\n<h5>SEGUNDO DESAF\u00cdO:<\/h5>\n<p style=\"text-align: justify;\"><strong>EL ESCEPTICISMO Y EL RELATIVISMO <\/strong>o, con palabras m\u00e1s sencillas y claras, en la exclusi\u00f3n de <strong>las dos fuentes que orientan la historia, \u00a0el camino humano:<\/strong> la naturaleza y la Revelaci\u00f3n.<\/p>\n<p style=\"text-align: justify;\">La <strong>naturaleza, i<\/strong>nfelizmente, se considera hoy como una <strong>realidad puramente mec\u00e1nica<\/strong> y, por tanto, que no contiene en s\u00ed ning\u00fan imperativo moral, <strong>ninguna orientaci\u00f3n de valores<\/strong>: es algo puramente mec\u00e1nico y, por consiguiente, el ser en s\u00ed mismo no da ninguna orientaci\u00f3n. La <strong>Revelaci\u00f3n<\/strong> se considera o como un momento del desarrollo hist\u00f3rico y, en consecuencia, relativo como todo el <strong>desarrollo hist\u00f3rico y cultural<\/strong>; o \u2014se dice\u2015 quiz\u00e1 existe Revelaci\u00f3n, pero no incluye contenidos, sino <strong>s\u00f3lo motivaciones<\/strong>. Y si callan estas dos fuentes, la naturaleza y la Revelaci\u00f3n, tambi\u00e9n la tercera fuente, <strong>LA HISTORIA<\/strong>, deja de hablar, porque tambi\u00e9n <strong>la historia se convierte s\u00f3lo en un aglomerado de decisiones culturales, ocasionales, arbitrarias, que no valen para el presente y para el futuro.<\/strong><\/p>\n<p style=\"text-align: justify;\"><em>\u00bfIncluyen nuestras reformas educativas el c\u00f3mo responder (por lo menos) a estos dos desaf\u00edos? <\/em><\/p>\n<p style=\"text-align: justify;\"><em>\u00bfTendremos los profesores que seguir siendo mandados \u201ca cumplir \u00f3rdenes sin dudas ni murmuraciones\u201d?<\/em><\/p>\n<p style=\"text-align: justify;\">[1] Este art\u00edculo tiene como fuente original el discurso del Papa Benedicto XVI a la Conferencia Episcopal Italiana el 27\/05\/2010.<\/p>\n<p style=\"text-align: right;\"><strong>REDACCI\u00d3N WEB DEL MAESTRO CMF<\/strong><\/p>\n\t\t<div class=\"pk-inline-posts\">\n\t\t\t\n\t\t\t<div class=\"pk-inline-posts-container pk-inline-posts-template-list\"\n\t\t\t\tdata-columns=\"1\">\n\t\t\t\t\t\t<article id=\"post-17756\" class=\"post-17756 post type-post status-publish format-standard has-post-thumbnail category-jamb tag-dia tag-dia-del-trabajo tag-jorge-bergoglio tag-maestros tag-trabajo cs-entry cs-video-wrap\">\n\t\t\t<div class=\"pk-post-outer\">\n\n\t\t\t\t\t\t\t\t<div class=\"pk-post-inner\">\n\t\t\t\t\t<div class=\"entry-thumbnail\">\n\t\t\t\t\t\t<div class=\"pk-overlay pk-overlay-ratio pk-ratio-landscape\">\n\t\t\t\t\t\t\t<div class=\"pk-overlay-background\">\n\t\t\t\t\t\t\t\t<a href=\"https:\/\/webdelmaestrocmf.com\/portal\/dia-del-trabajo-maestros-gracias-lo-hacen\/\" class=\"pk-overlay-link\">\n\t\t\t\t\t\t\t\t\t<img loading=\"lazy\" decoding=\"async\" width=\"300\" height=\"225\" src=\"https:\/\/webdelmaestrocmf.com\/portal\/wp-content\/uploads\/2023\/05\/Banner-1-portada-imagen-10-1-55-300x225.jpg\" class=\"attachment-pk-thumbnail size-pk-thumbnail wp-post-image\" alt=\"d\u00eda del trabajo\" \/>\t\t\t\t\t\t\t\t<\/a>\n\t\t\t\t\t\t\t<\/div>\n\t\t\t\t\t\t<\/div>\n\t\t\t\t\t<\/div>\n\t\t\t\t<\/div>\n\t\t\t\t\n\t\t\t\t<div class=\"pk-post-inner\">\n\t\t\t\t\t<header>\n\t\t\t\t\t\t<h3 class=\"pk-title\"><a href=\"https:\/\/webdelmaestrocmf.com\/portal\/dia-del-trabajo-maestros-gracias-lo-hacen\/\" rel=\"bookmark\">D\u00eda Internacional de los Trabajadores: Maestros, \u00a1gracias por lo que hacen!<\/a><\/h3>\t\t\t\t\t<\/header><!-- .entry-header -->\n\t\t\t\t<\/div><!-- .post-inner -->\n\n\t\t\t<\/div><!-- .post-outer -->\n\t\t<\/article>\n\t\t\t\t<\/div>\n\t\t<\/div>\n\t\t\n","protected":false},"excerpt":{"rendered":"\u00bfC\u00f3mo tiene que ser en la escuela hoy el clima educativo, el respeto de la dignidad, la atenci\u00f3n&hellip;","protected":false},"author":2,"featured_media":79171,"comment_status":"open","ping_status":"open","sticky":false,"template":"","format":"standard","meta":{"csco_display_header_overlay":false,"csco_singular_sidebar":"default","csco_page_header_type":"default","csco_page_load_nextpost":"default","csco_post_video_location":[],"csco_post_video_location_hash":"","csco_post_video_url":"","csco_post_video_bg_start_time":0,"csco_post_video_bg_end_time":0,"csco_post_video_bg_volume":false,"_jetpack_memberships_contains_paid_content":false,"footnotes":""},"categories":[61],"tags":[219,220,221,222,223],"class_list":{"0":"post-10326","1":"post","2":"type-post","3":"status-publish","4":"format-standard","5":"has-post-thumbnail","7":"category-jamb","8":"tag-desafios","9":"tag-educativa","10":"tag-educativos","11":"tag-emergencia","12":"tag-reflexionar","13":"cs-entry","14":"cs-video-wrap"},"yoast_head":"<!-- This site is optimized with the Yoast SEO plugin v27.5 - https:\/\/yoast.com\/product\/yoast-seo-wordpress\/ -->\n<title>Emergencia educativa: dos desaf\u00edos para reflexionar urgentemente<\/title>\n<meta name=\"description\" content=\"\u00bfC\u00f3mo tiene que ser en la escuela hoy el clima educativo, el respeto de la dignidad, la atenci\u00f3n por los aspectos cognitivos, afectivos...\" \/>\n<meta name=\"robots\" content=\"index, follow, max-snippet:-1, max-image-preview:large, max-video-preview:-1\" \/>\n<link rel=\"canonical\" href=\"https:\/\/webdelmaestrocmf.com\/portal\/emergencia-educativa-dos-desafios-educativos-para-reflexionar-urgentemente\/\" \/>\n<meta property=\"og:locale\" content=\"es_ES\" \/>\n<meta property=\"og:type\" content=\"article\" \/>\n<meta property=\"og:title\" content=\"Emergencia educativa: dos desaf\u00edos para reflexionar urgentemente\" \/>\n<meta property=\"og:description\" content=\"\u00bfC\u00f3mo tiene que ser en la escuela hoy el clima educativo, el respeto de la dignidad, la atenci\u00f3n por los aspectos cognitivos, afectivos...\" \/>\n<meta property=\"og:url\" content=\"https:\/\/webdelmaestrocmf.com\/portal\/emergencia-educativa-dos-desafios-educativos-para-reflexionar-urgentemente\/\" \/>\n<meta property=\"og:site_name\" content=\"Web del Maestro CMF\" \/>\n<meta property=\"article:publisher\" content=\"https:\/\/www.facebook.com\/WebdelMaestroCMF\/\" \/>\n<meta property=\"article:author\" content=\"https:\/\/www.facebook.com\/WebdelMaestroCMF\/\" \/>\n<meta property=\"article:published_time\" content=\"2016-11-15T14:00:08+00:00\" \/>\n<meta property=\"article:modified_time\" content=\"2022-11-18T15:01:20+00:00\" \/>\n<meta property=\"og:image\" content=\"https:\/\/i0.wp.com\/webdelmaestrocmf.com\/portal\/wp-content\/uploads\/2016\/11\/1-2.jpg?fit=900%2C556&ssl=1\" \/>\n\t<meta property=\"og:image:width\" content=\"900\" \/>\n\t<meta property=\"og:image:height\" content=\"556\" \/>\n\t<meta property=\"og:image:type\" content=\"image\/jpeg\" \/>\n<meta name=\"author\" content=\"Web del Maestro CMF\" \/>\n<meta name=\"twitter:card\" content=\"summary_large_image\" \/>\n<meta name=\"twitter:creator\" content=\"@cmf_w\" \/>\n<meta name=\"twitter:site\" content=\"@cmf_w\" \/>\n<script type=\"application\/ld+json\" class=\"yoast-schema-graph\">{\"@context\":\"https:\\\/\\\/schema.org\",\"@graph\":[{\"@type\":\"ScholarlyArticle\",\"@id\":\"https:\\\/\\\/webdelmaestrocmf.com\\\/portal\\\/emergencia-educativa-dos-desafios-educativos-para-reflexionar-urgentemente\\\/#article\",\"isPartOf\":{\"@id\":\"https:\\\/\\\/webdelmaestrocmf.com\\\/portal\\\/emergencia-educativa-dos-desafios-educativos-para-reflexionar-urgentemente\\\/\"},\"author\":{\"name\":\"Web del Maestro CMF\",\"@id\":\"https:\\\/\\\/webdelmaestrocmf.com\\\/portal\\\/#\\\/schema\\\/person\\\/ebc57e23d318c9c4270c6f41367015b5\"},\"headline\":\"Emergencia educativa: dos desaf\u00edos para reflexionar urgentemente\",\"datePublished\":\"2016-11-15T14:00:08+00:00\",\"dateModified\":\"2022-11-18T15:01:20+00:00\",\"mainEntityOfPage\":{\"@id\":\"https:\\\/\\\/webdelmaestrocmf.com\\\/portal\\\/emergencia-educativa-dos-desafios-educativos-para-reflexionar-urgentemente\\\/\"},\"wordCount\":651,\"commentCount\":0,\"publisher\":{\"@id\":\"https:\\\/\\\/webdelmaestrocmf.com\\\/portal\\\/#organization\"},\"image\":{\"@id\":\"https:\\\/\\\/webdelmaestrocmf.com\\\/portal\\\/emergencia-educativa-dos-desafios-educativos-para-reflexionar-urgentemente\\\/#primaryimage\"},\"thumbnailUrl\":\"https:\\\/\\\/webdelmaestrocmf.com\\\/portal\\\/wp-content\\\/uploads\\\/2016\\\/11\\\/1-2.jpg\",\"keywords\":[\"DESAF\u00cdOS\",\"EDUCATIVA\",\"EDUCATIVOS\",\"EMERGENCIA\",\"REFLEXIONAR\"],\"articleSection\":[\"Yo opino - WMCMF\"],\"inLanguage\":\"es\",\"potentialAction\":[{\"@type\":\"CommentAction\",\"name\":\"Comment\",\"target\":[\"https:\\\/\\\/webdelmaestrocmf.com\\\/portal\\\/emergencia-educativa-dos-desafios-educativos-para-reflexionar-urgentemente\\\/#respond\"]}]},{\"@type\":\"WebPage\",\"@id\":\"https:\\\/\\\/webdelmaestrocmf.com\\\/portal\\\/emergencia-educativa-dos-desafios-educativos-para-reflexionar-urgentemente\\\/\",\"url\":\"https:\\\/\\\/webdelmaestrocmf.com\\\/portal\\\/emergencia-educativa-dos-desafios-educativos-para-reflexionar-urgentemente\\\/\",\"name\":\"Emergencia educativa: dos desaf\u00edos para reflexionar urgentemente\",\"isPartOf\":{\"@id\":\"https:\\\/\\\/webdelmaestrocmf.com\\\/portal\\\/#website\"},\"primaryImageOfPage\":{\"@id\":\"https:\\\/\\\/webdelmaestrocmf.com\\\/portal\\\/emergencia-educativa-dos-desafios-educativos-para-reflexionar-urgentemente\\\/#primaryimage\"},\"image\":{\"@id\":\"https:\\\/\\\/webdelmaestrocmf.com\\\/portal\\\/emergencia-educativa-dos-desafios-educativos-para-reflexionar-urgentemente\\\/#primaryimage\"},\"thumbnailUrl\":\"https:\\\/\\\/webdelmaestrocmf.com\\\/portal\\\/wp-content\\\/uploads\\\/2016\\\/11\\\/1-2.jpg\",\"datePublished\":\"2016-11-15T14:00:08+00:00\",\"dateModified\":\"2022-11-18T15:01:20+00:00\",\"description\":\"\u00bfC\u00f3mo tiene que ser en la escuela hoy el clima educativo, el respeto de la dignidad, la atenci\u00f3n por los aspectos cognitivos, afectivos...\",\"breadcrumb\":{\"@id\":\"https:\\\/\\\/webdelmaestrocmf.com\\\/portal\\\/emergencia-educativa-dos-desafios-educativos-para-reflexionar-urgentemente\\\/#breadcrumb\"},\"inLanguage\":\"es\",\"potentialAction\":[{\"@type\":\"ReadAction\",\"target\":[\"https:\\\/\\\/webdelmaestrocmf.com\\\/portal\\\/emergencia-educativa-dos-desafios-educativos-para-reflexionar-urgentemente\\\/\"]}]},{\"@type\":\"ImageObject\",\"inLanguage\":\"es\",\"@id\":\"https:\\\/\\\/webdelmaestrocmf.com\\\/portal\\\/emergencia-educativa-dos-desafios-educativos-para-reflexionar-urgentemente\\\/#primaryimage\",\"url\":\"https:\\\/\\\/webdelmaestrocmf.com\\\/portal\\\/wp-content\\\/uploads\\\/2016\\\/11\\\/1-2.jpg\",\"contentUrl\":\"https:\\\/\\\/webdelmaestrocmf.com\\\/portal\\\/wp-content\\\/uploads\\\/2016\\\/11\\\/1-2.jpg\",\"width\":900,\"height\":556},{\"@type\":\"BreadcrumbList\",\"@id\":\"https:\\\/\\\/webdelmaestrocmf.com\\\/portal\\\/emergencia-educativa-dos-desafios-educativos-para-reflexionar-urgentemente\\\/#breadcrumb\",\"itemListElement\":[{\"@type\":\"ListItem\",\"position\":1,\"name\":\"Portada\",\"item\":\"https:\\\/\\\/webdelmaestrocmf.com\\\/portal\\\/\"},{\"@type\":\"ListItem\",\"position\":2,\"name\":\"Yo opino - WMCMF\",\"item\":\"https:\\\/\\\/webdelmaestrocmf.com\\\/portal\\\/category\\\/jamb\\\/\"},{\"@type\":\"ListItem\",\"position\":3,\"name\":\"Emergencia educativa: dos desaf\u00edos para reflexionar urgentemente\"}]},{\"@type\":\"WebSite\",\"@id\":\"https:\\\/\\\/webdelmaestrocmf.com\\\/portal\\\/#website\",\"url\":\"https:\\\/\\\/webdelmaestrocmf.com\\\/portal\\\/\",\"name\":\"Web del Maestro CMF\",\"description\":\"Maestros al servicio de la educaci\u00f3n\",\"publisher\":{\"@id\":\"https:\\\/\\\/webdelmaestrocmf.com\\\/portal\\\/#organization\"},\"alternateName\":\"WMCMF\",\"potentialAction\":[{\"@type\":\"SearchAction\",\"target\":{\"@type\":\"EntryPoint\",\"urlTemplate\":\"https:\\\/\\\/webdelmaestrocmf.com\\\/portal\\\/?s={search_term_string}\"},\"query-input\":{\"@type\":\"PropertyValueSpecification\",\"valueRequired\":true,\"valueName\":\"search_term_string\"}}],\"inLanguage\":\"es\"},{\"@type\":\"Organization\",\"@id\":\"https:\\\/\\\/webdelmaestrocmf.com\\\/portal\\\/#organization\",\"name\":\"Web del Maestro CMF\",\"alternateName\":\"WMCMF\",\"url\":\"https:\\\/\\\/webdelmaestrocmf.com\\\/portal\\\/\",\"logo\":{\"@type\":\"ImageObject\",\"inLanguage\":\"es\",\"@id\":\"https:\\\/\\\/webdelmaestrocmf.com\\\/portal\\\/#\\\/schema\\\/logo\\\/image\\\/\",\"url\":\"https:\\\/\\\/webdelmaestrocmf.com\\\/portal\\\/wp-content\\\/uploads\\\/2023\\\/01\\\/logo-wmcmf-2.png\",\"contentUrl\":\"https:\\\/\\\/webdelmaestrocmf.com\\\/portal\\\/wp-content\\\/uploads\\\/2023\\\/01\\\/logo-wmcmf-2.png\",\"width\":200,\"height\":60,\"caption\":\"Web del Maestro CMF\"},\"image\":{\"@id\":\"https:\\\/\\\/webdelmaestrocmf.com\\\/portal\\\/#\\\/schema\\\/logo\\\/image\\\/\"},\"sameAs\":[\"https:\\\/\\\/www.facebook.com\\\/WebdelMaestroCMF\\\/\",\"https:\\\/\\\/x.com\\\/cmf_w\",\"https:\\\/\\\/www.pinterest.com\\\/WMCMF\\\/\",\"https:\\\/\\\/www.linkedin.com\\\/company\\\/web-del-maestro-cmf\\\/\",\"https:\\\/\\\/www.instagram.com\\\/wmcmf\\\/\",\"https:\\\/\\\/www.youtube.com\\\/channel\\\/UCDPSvjbdodE5sHnC3OxutHw\",\"https:\\\/\\\/mastodon.social\\\/@wmcmf\",\"https:\\\/\\\/www.tiktok.com\\\/@webdelmaestrocmf\"]},{\"@type\":\"Person\",\"@id\":\"https:\\\/\\\/webdelmaestrocmf.com\\\/portal\\\/#\\\/schema\\\/person\\\/ebc57e23d318c9c4270c6f41367015b5\",\"name\":\"Web del Maestro CMF\",\"image\":{\"@type\":\"ImageObject\",\"inLanguage\":\"es\",\"@id\":\"https:\\\/\\\/secure.gravatar.com\\\/avatar\\\/718b2df46e711f63dc8c16a160d16cc0104e961fe3c231eaaed2426975fc5e2d?s=96&d=mm&r=g\",\"url\":\"https:\\\/\\\/secure.gravatar.com\\\/avatar\\\/718b2df46e711f63dc8c16a160d16cc0104e961fe3c231eaaed2426975fc5e2d?s=96&d=mm&r=g\",\"contentUrl\":\"https:\\\/\\\/secure.gravatar.com\\\/avatar\\\/718b2df46e711f63dc8c16a160d16cc0104e961fe3c231eaaed2426975fc5e2d?s=96&d=mm&r=g\",\"caption\":\"Web del Maestro CMF\"},\"description\":\"Esta Web se cre\u00f3 sin fines de lucro, con fines educativos, cient\u00edficos y acad\u00e9micos, para personas que tengan dificultades y\\\/o inconvenientes en visualizar el material original. El objetivo es entregar recursos, compartir experiencias y materiales que ayuden a los padres de familia, maestros y estudiantes en su actualizaci\u00f3n y formaci\u00f3n permanente, en bien de la Educaci\u00f3n.\",\"sameAs\":[\"http:\\\/\\\/webdelmaestrocmf.com\\\/portal\",\"https:\\\/\\\/www.facebook.com\\\/WebdelMaestroCMF\\\/\",\"https:\\\/\\\/www.instagram.com\\\/wmcmf\\\/\",\"https:\\\/\\\/cl.linkedin.com\\\/company\\\/web-del-maestro-cmf\",\"https:\\\/\\\/www.pinterest.com\\\/WMCMF\\\/publicaciones\\\/\",\"https:\\\/\\\/x.com\\\/cmf_w\",\"https:\\\/\\\/www.youtube.com\\\/@WMCMF\"]}]}<\/script>\n<!-- \/ Yoast SEO plugin. -->","yoast_head_json":{"title":"Emergencia educativa: dos desaf\u00edos para reflexionar urgentemente","description":"\u00bfC\u00f3mo tiene que ser en la escuela hoy el clima educativo, el respeto de la dignidad, la atenci\u00f3n por los aspectos cognitivos, afectivos...","robots":{"index":"index","follow":"follow","max-snippet":"max-snippet:-1","max-image-preview":"max-image-preview:large","max-video-preview":"max-video-preview:-1"},"canonical":"https:\/\/webdelmaestrocmf.com\/portal\/emergencia-educativa-dos-desafios-educativos-para-reflexionar-urgentemente\/","og_locale":"es_ES","og_type":"article","og_title":"Emergencia educativa: dos desaf\u00edos para reflexionar urgentemente","og_description":"\u00bfC\u00f3mo tiene que ser en la escuela hoy el clima educativo, el respeto de la dignidad, la atenci\u00f3n por los aspectos cognitivos, afectivos...","og_url":"https:\/\/webdelmaestrocmf.com\/portal\/emergencia-educativa-dos-desafios-educativos-para-reflexionar-urgentemente\/","og_site_name":"Web del Maestro CMF","article_publisher":"https:\/\/www.facebook.com\/WebdelMaestroCMF\/","article_author":"https:\/\/www.facebook.com\/WebdelMaestroCMF\/","article_published_time":"2016-11-15T14:00:08+00:00","article_modified_time":"2022-11-18T15:01:20+00:00","og_image":[{"width":900,"height":556,"url":"https:\/\/i0.wp.com\/webdelmaestrocmf.com\/portal\/wp-content\/uploads\/2016\/11\/1-2.jpg?fit=900%2C556&ssl=1","type":"image\/jpeg"}],"author":"Web del Maestro CMF","twitter_card":"summary_large_image","twitter_creator":"@cmf_w","twitter_site":"@cmf_w","schema":{"@context":"https:\/\/schema.org","@graph":[{"@type":"ScholarlyArticle","@id":"https:\/\/webdelmaestrocmf.com\/portal\/emergencia-educativa-dos-desafios-educativos-para-reflexionar-urgentemente\/#article","isPartOf":{"@id":"https:\/\/webdelmaestrocmf.com\/portal\/emergencia-educativa-dos-desafios-educativos-para-reflexionar-urgentemente\/"},"author":{"name":"Web del Maestro CMF","@id":"https:\/\/webdelmaestrocmf.com\/portal\/#\/schema\/person\/ebc57e23d318c9c4270c6f41367015b5"},"headline":"Emergencia educativa: dos desaf\u00edos para reflexionar urgentemente","datePublished":"2016-11-15T14:00:08+00:00","dateModified":"2022-11-18T15:01:20+00:00","mainEntityOfPage":{"@id":"https:\/\/webdelmaestrocmf.com\/portal\/emergencia-educativa-dos-desafios-educativos-para-reflexionar-urgentemente\/"},"wordCount":651,"commentCount":0,"publisher":{"@id":"https:\/\/webdelmaestrocmf.com\/portal\/#organization"},"image":{"@id":"https:\/\/webdelmaestrocmf.com\/portal\/emergencia-educativa-dos-desafios-educativos-para-reflexionar-urgentemente\/#primaryimage"},"thumbnailUrl":"https:\/\/webdelmaestrocmf.com\/portal\/wp-content\/uploads\/2016\/11\/1-2.jpg","keywords":["DESAF\u00cdOS","EDUCATIVA","EDUCATIVOS","EMERGENCIA","REFLEXIONAR"],"articleSection":["Yo opino - WMCMF"],"inLanguage":"es","potentialAction":[{"@type":"CommentAction","name":"Comment","target":["https:\/\/webdelmaestrocmf.com\/portal\/emergencia-educativa-dos-desafios-educativos-para-reflexionar-urgentemente\/#respond"]}]},{"@type":"WebPage","@id":"https:\/\/webdelmaestrocmf.com\/portal\/emergencia-educativa-dos-desafios-educativos-para-reflexionar-urgentemente\/","url":"https:\/\/webdelmaestrocmf.com\/portal\/emergencia-educativa-dos-desafios-educativos-para-reflexionar-urgentemente\/","name":"Emergencia educativa: dos desaf\u00edos para reflexionar urgentemente","isPartOf":{"@id":"https:\/\/webdelmaestrocmf.com\/portal\/#website"},"primaryImageOfPage":{"@id":"https:\/\/webdelmaestrocmf.com\/portal\/emergencia-educativa-dos-desafios-educativos-para-reflexionar-urgentemente\/#primaryimage"},"image":{"@id":"https:\/\/webdelmaestrocmf.com\/portal\/emergencia-educativa-dos-desafios-educativos-para-reflexionar-urgentemente\/#primaryimage"},"thumbnailUrl":"https:\/\/webdelmaestrocmf.com\/portal\/wp-content\/uploads\/2016\/11\/1-2.jpg","datePublished":"2016-11-15T14:00:08+00:00","dateModified":"2022-11-18T15:01:20+00:00","description":"\u00bfC\u00f3mo tiene que ser en la escuela hoy el clima educativo, el respeto de la dignidad, la atenci\u00f3n por los aspectos cognitivos, afectivos...","breadcrumb":{"@id":"https:\/\/webdelmaestrocmf.com\/portal\/emergencia-educativa-dos-desafios-educativos-para-reflexionar-urgentemente\/#breadcrumb"},"inLanguage":"es","potentialAction":[{"@type":"ReadAction","target":["https:\/\/webdelmaestrocmf.com\/portal\/emergencia-educativa-dos-desafios-educativos-para-reflexionar-urgentemente\/"]}]},{"@type":"ImageObject","inLanguage":"es","@id":"https:\/\/webdelmaestrocmf.com\/portal\/emergencia-educativa-dos-desafios-educativos-para-reflexionar-urgentemente\/#primaryimage","url":"https:\/\/webdelmaestrocmf.com\/portal\/wp-content\/uploads\/2016\/11\/1-2.jpg","contentUrl":"https:\/\/webdelmaestrocmf.com\/portal\/wp-content\/uploads\/2016\/11\/1-2.jpg","width":900,"height":556},{"@type":"BreadcrumbList","@id":"https:\/\/webdelmaestrocmf.com\/portal\/emergencia-educativa-dos-desafios-educativos-para-reflexionar-urgentemente\/#breadcrumb","itemListElement":[{"@type":"ListItem","position":1,"name":"Portada","item":"https:\/\/webdelmaestrocmf.com\/portal\/"},{"@type":"ListItem","position":2,"name":"Yo opino - WMCMF","item":"https:\/\/webdelmaestrocmf.com\/portal\/category\/jamb\/"},{"@type":"ListItem","position":3,"name":"Emergencia educativa: dos desaf\u00edos para reflexionar urgentemente"}]},{"@type":"WebSite","@id":"https:\/\/webdelmaestrocmf.com\/portal\/#website","url":"https:\/\/webdelmaestrocmf.com\/portal\/","name":"Web del Maestro CMF","description":"Maestros al servicio de la educaci\u00f3n","publisher":{"@id":"https:\/\/webdelmaestrocmf.com\/portal\/#organization"},"alternateName":"WMCMF","potentialAction":[{"@type":"SearchAction","target":{"@type":"EntryPoint","urlTemplate":"https:\/\/webdelmaestrocmf.com\/portal\/?s={search_term_string}"},"query-input":{"@type":"PropertyValueSpecification","valueRequired":true,"valueName":"search_term_string"}}],"inLanguage":"es"},{"@type":"Organization","@id":"https:\/\/webdelmaestrocmf.com\/portal\/#organization","name":"Web del Maestro CMF","alternateName":"WMCMF","url":"https:\/\/webdelmaestrocmf.com\/portal\/","logo":{"@type":"ImageObject","inLanguage":"es","@id":"https:\/\/webdelmaestrocmf.com\/portal\/#\/schema\/logo\/image\/","url":"https:\/\/webdelmaestrocmf.com\/portal\/wp-content\/uploads\/2023\/01\/logo-wmcmf-2.png","contentUrl":"https:\/\/webdelmaestrocmf.com\/portal\/wp-content\/uploads\/2023\/01\/logo-wmcmf-2.png","width":200,"height":60,"caption":"Web del Maestro CMF"},"image":{"@id":"https:\/\/webdelmaestrocmf.com\/portal\/#\/schema\/logo\/image\/"},"sameAs":["https:\/\/www.facebook.com\/WebdelMaestroCMF\/","https:\/\/x.com\/cmf_w","https:\/\/www.pinterest.com\/WMCMF\/","https:\/\/www.linkedin.com\/company\/web-del-maestro-cmf\/","https:\/\/www.instagram.com\/wmcmf\/","https:\/\/www.youtube.com\/channel\/UCDPSvjbdodE5sHnC3OxutHw","https:\/\/mastodon.social\/@wmcmf","https:\/\/www.tiktok.com\/@webdelmaestrocmf"]},{"@type":"Person","@id":"https:\/\/webdelmaestrocmf.com\/portal\/#\/schema\/person\/ebc57e23d318c9c4270c6f41367015b5","name":"Web del Maestro CMF","image":{"@type":"ImageObject","inLanguage":"es","@id":"https:\/\/secure.gravatar.com\/avatar\/718b2df46e711f63dc8c16a160d16cc0104e961fe3c231eaaed2426975fc5e2d?s=96&d=mm&r=g","url":"https:\/\/secure.gravatar.com\/avatar\/718b2df46e711f63dc8c16a160d16cc0104e961fe3c231eaaed2426975fc5e2d?s=96&d=mm&r=g","contentUrl":"https:\/\/secure.gravatar.com\/avatar\/718b2df46e711f63dc8c16a160d16cc0104e961fe3c231eaaed2426975fc5e2d?s=96&d=mm&r=g","caption":"Web del Maestro CMF"},"description":"Esta Web se cre\u00f3 sin fines de lucro, con fines educativos, cient\u00edficos y acad\u00e9micos, para personas que tengan dificultades y\/o inconvenientes en visualizar el material original. El objetivo es entregar recursos, compartir experiencias y materiales que ayuden a los padres de familia, maestros y estudiantes en su actualizaci\u00f3n y formaci\u00f3n permanente, en bien de la Educaci\u00f3n.","sameAs":["http:\/\/webdelmaestrocmf.com\/portal","https:\/\/www.facebook.com\/WebdelMaestroCMF\/","https:\/\/www.instagram.com\/wmcmf\/","https:\/\/cl.linkedin.com\/company\/web-del-maestro-cmf","https:\/\/www.pinterest.com\/WMCMF\/publicaciones\/","https:\/\/x.com\/cmf_w","https:\/\/www.youtube.com\/@WMCMF"]}]}},"jetpack_featured_media_url":"https:\/\/webdelmaestrocmf.com\/portal\/wp-content\/uploads\/2016\/11\/1-2.jpg","jetpack_sharing_enabled":true,"jetpack-related-posts":[{"id":103194,"url":"https:\/\/webdelmaestrocmf.com\/portal\/el-desafio-incesante-de-educar-la-super-explotacion-del-trabajo-docente\/","url_meta":{"origin":10326,"position":0},"title":"El desaf\u00edo incesante de educar: La super-explotaci\u00f3n del trabajo docente","author":"Web del Maestro CMF","date":"28 enero, 2024","format":false,"excerpt":"La Super-Explotaci\u00f3n del Trabajo Docente\" es un an\u00e1lisis penetrante escrito por tres destacados educadores y defensores de la calidad educativa. Los autores, Roberto Gonz\u00e1lez Villarreal, Luc\u00eda Rivera Ferreiro y Marcelino Guerra Mendoza, comparten este valioso material de lectura destinado a docentes de todos los niveles educativos. Con una mirada cr\u00edtica\u2026","rel":"","context":"En \u00abLibros\u00bb","block_context":{"text":"Libros","link":"https:\/\/webdelmaestrocmf.com\/portal\/category\/pedagogia\/libros\/"},"img":{"alt_text":"","src":"https:\/\/i0.wp.com\/webdelmaestrocmf.com\/portal\/wp-content\/uploads\/2024\/01\/Banner-1-portada-imagen-10-14.jpg?resize=350%2C200&ssl=1","width":350,"height":200,"srcset":"https:\/\/i0.wp.com\/webdelmaestrocmf.com\/portal\/wp-content\/uploads\/2024\/01\/Banner-1-portada-imagen-10-14.jpg?resize=350%2C200&ssl=1 1x, https:\/\/i0.wp.com\/webdelmaestrocmf.com\/portal\/wp-content\/uploads\/2024\/01\/Banner-1-portada-imagen-10-14.jpg?resize=525%2C300&ssl=1 1.5x, https:\/\/i0.wp.com\/webdelmaestrocmf.com\/portal\/wp-content\/uploads\/2024\/01\/Banner-1-portada-imagen-10-14.jpg?resize=700%2C400&ssl=1 2x"},"classes":[]},{"id":107204,"url":"https:\/\/webdelmaestrocmf.com\/portal\/que-debe-tener-en-cuenta-un-docente-para-capacitarse-en-este-nuevo-periodo-2025\/","url_meta":{"origin":10326,"position":1},"title":"Qu\u00e9 debe tener en cuenta un docente para capacitarse en este nuevo periodo 2026","author":"Web del Maestro CMF","date":"21 diciembre, 2025","format":false,"excerpt":"La formaci\u00f3n docente se ha convertido en una necesidad estrat\u00e9gica para enfrentar los retos del aula del futuro. El a\u00f1o 2026 marca un periodo crucial, caracterizado por la integraci\u00f3n de tecnolog\u00edas emergentes, el cambio en las din\u00e1micas de aprendizaje y las crecientes demandas de las comunidades escolares. Para mantenerse a\u2026","rel":"","context":"En \u00abCapacitaci\u00f3n\u00bb","block_context":{"text":"Capacitaci\u00f3n","link":"https:\/\/webdelmaestrocmf.com\/portal\/category\/pedagogia\/capacitacion\/"},"img":{"alt_text":"","src":"https:\/\/i0.wp.com\/webdelmaestrocmf.com\/portal\/wp-content\/uploads\/2024\/12\/Banner-1-portada-imagen-10-1-31.jpg?resize=350%2C200&ssl=1","width":350,"height":200,"srcset":"https:\/\/i0.wp.com\/webdelmaestrocmf.com\/portal\/wp-content\/uploads\/2024\/12\/Banner-1-portada-imagen-10-1-31.jpg?resize=350%2C200&ssl=1 1x, https:\/\/i0.wp.com\/webdelmaestrocmf.com\/portal\/wp-content\/uploads\/2024\/12\/Banner-1-portada-imagen-10-1-31.jpg?resize=525%2C300&ssl=1 1.5x, https:\/\/i0.wp.com\/webdelmaestrocmf.com\/portal\/wp-content\/uploads\/2024\/12\/Banner-1-portada-imagen-10-1-31.jpg?resize=700%2C400&ssl=1 2x"},"classes":[]},{"id":49542,"url":"https:\/\/webdelmaestrocmf.com\/portal\/comunicado-de-la-web-del-maestro-cmf-orientaciones-sobre-el-uso-de-los-comentarios-dentro-de-la-comunidad-educativa-digital\/","url_meta":{"origin":10326,"position":2},"title":"Comunicado de la Web del Maestro CMF: Orientaciones sobre el uso de los comentarios dentro de la Comunidad Educativa Digital","author":"Web del Maestro CMF","date":"28 julio, 2020","format":false,"excerpt":"Muy buen d\u00eda, les agradecemos y felicitamos por seguir con voluntad y perseverancia su formaci\u00f3n permanente, a trav\u00e9s de la Web del Maestro CMF, sobre todo en estos momentos tan dif\u00edciles en que, los profesores, junto a los padres de familia, tienen el desaf\u00edo de ser los constructores de nuevos\u2026","rel":"","context":"En \u00abComunicados\u00bb","block_context":{"text":"Comunicados","link":"https:\/\/webdelmaestrocmf.com\/portal\/category\/cmf\/"},"img":{"alt_text":"","src":"https:\/\/i0.wp.com\/webdelmaestrocmf.com\/portal\/wp-content\/uploads\/2020\/07\/2-copia-6.jpg?resize=350%2C200&ssl=1","width":350,"height":200,"srcset":"https:\/\/i0.wp.com\/webdelmaestrocmf.com\/portal\/wp-content\/uploads\/2020\/07\/2-copia-6.jpg?resize=350%2C200&ssl=1 1x, https:\/\/i0.wp.com\/webdelmaestrocmf.com\/portal\/wp-content\/uploads\/2020\/07\/2-copia-6.jpg?resize=525%2C300&ssl=1 1.5x, https:\/\/i0.wp.com\/webdelmaestrocmf.com\/portal\/wp-content\/uploads\/2020\/07\/2-copia-6.jpg?resize=700%2C400&ssl=1 2x, https:\/\/i0.wp.com\/webdelmaestrocmf.com\/portal\/wp-content\/uploads\/2020\/07\/2-copia-6.jpg?resize=1050%2C600&ssl=1 3x"},"classes":[]},{"id":47532,"url":"https:\/\/webdelmaestrocmf.com\/portal\/desarrollando-comunidades-resilientes-un-aspecto-fundamental-del-liderazgo-en-el-contexto-de-la-crisis-sanitaria\/","url_meta":{"origin":10326,"position":3},"title":"Desarrollando comunidades resilientes: Un aspecto fundamental del liderazgo en el contexto de la crisis sanitaria","author":"Web del Maestro CMF","date":"31 mayo, 2020","format":false,"excerpt":"Cuando comenz\u00f3 el 2020 sab\u00edamos que este ser\u00eda un a\u00f1o turbulento. En conversaciones con directores surg\u00eda constantemente la preocupaci\u00f3n por las movilizaciones que se reanudar\u00edan en marzo y el desaf\u00edo que ser\u00eda sostener los tiempos lectivos necesarios para que los estudiantes alcanzaran los aprendizajes requeridos por el curr\u00edculum. Sin embargo,\u2026","rel":"","context":"En \u00abPedagog\u00eda\u00bb","block_context":{"text":"Pedagog\u00eda","link":"https:\/\/webdelmaestrocmf.com\/portal\/category\/pedagogia\/educacion-pedagogia\/"},"img":{"alt_text":"","src":"https:\/\/i0.wp.com\/webdelmaestrocmf.com\/portal\/wp-content\/uploads\/2020\/05\/1-50.jpg?resize=350%2C200&ssl=1","width":350,"height":200,"srcset":"https:\/\/i0.wp.com\/webdelmaestrocmf.com\/portal\/wp-content\/uploads\/2020\/05\/1-50.jpg?resize=350%2C200&ssl=1 1x, https:\/\/i0.wp.com\/webdelmaestrocmf.com\/portal\/wp-content\/uploads\/2020\/05\/1-50.jpg?resize=525%2C300&ssl=1 1.5x, https:\/\/i0.wp.com\/webdelmaestrocmf.com\/portal\/wp-content\/uploads\/2020\/05\/1-50.jpg?resize=700%2C400&ssl=1 2x, https:\/\/i0.wp.com\/webdelmaestrocmf.com\/portal\/wp-content\/uploads\/2020\/05\/1-50.jpg?resize=1050%2C600&ssl=1 3x"},"classes":[]},{"id":62607,"url":"https:\/\/webdelmaestrocmf.com\/portal\/humberto-maturana-in-memoriam-el-ser-humano-posee-dos-vias-para-acceder-al-conocimiento-la-razon-y-el-amor\/","url_meta":{"origin":10326,"position":4},"title":"Humberto Maturana, in memoriam: El ser humano posee dos v\u00edas para acceder al conocimiento: la raz\u00f3n y el amor","author":"Web del Maestro CMF","date":"6 mayo, 2021","format":false,"excerpt":"El profesor chileno Humberto Augusto Maturana Romec\u00edn (1928 \u2013 2021), estudi\u00f3 en el Liceo Manuel de Salas y en 1950 ingres\u00f3 a la Facultad de Medicina de la Universidad de Chile. En el a\u00f1o 1954 se traslad\u00f3 al University College de Londres (Inglaterra) para estudiar anatom\u00eda y neurofisiolog\u00eda, gracias a\u2026","rel":"","context":"En \u00abEntrevistas\u00bb","block_context":{"text":"Entrevistas","link":"https:\/\/webdelmaestrocmf.com\/portal\/category\/noticias\/entrevistas\/"},"img":{"alt_text":"Humberto Maturana","src":"https:\/\/i0.wp.com\/webdelmaestrocmf.com\/portal\/wp-content\/uploads\/2021\/05\/2-1.jpg?resize=350%2C200&ssl=1","width":350,"height":200,"srcset":"https:\/\/i0.wp.com\/webdelmaestrocmf.com\/portal\/wp-content\/uploads\/2021\/05\/2-1.jpg?resize=350%2C200&ssl=1 1x, https:\/\/i0.wp.com\/webdelmaestrocmf.com\/portal\/wp-content\/uploads\/2021\/05\/2-1.jpg?resize=525%2C300&ssl=1 1.5x, https:\/\/i0.wp.com\/webdelmaestrocmf.com\/portal\/wp-content\/uploads\/2021\/05\/2-1.jpg?resize=700%2C400&ssl=1 2x, https:\/\/i0.wp.com\/webdelmaestrocmf.com\/portal\/wp-content\/uploads\/2021\/05\/2-1.jpg?resize=1050%2C600&ssl=1 3x"},"classes":[]},{"id":116890,"url":"https:\/\/webdelmaestrocmf.com\/portal\/un-estudiante-mata-a-tiros-a-dos-profesoras-en-mexico-y-se-exhibe-en-las-redes\/","url_meta":{"origin":10326,"position":5},"title":"Un estudiante mata a tiros a dos profesoras en M\u00e9xico y se exhibe en las redes","author":"Web del Maestro CMF","date":"25 marzo, 2026","format":false,"excerpt":"Un adolescente comete un ataque mortal contra docentes tras exhibirse en redes sociales, evidenciando fallas en la prevenci\u00f3n, el impacto digital y la urgente necesidad de fortalecer la convivencia y protecci\u00f3n escolar","rel":"","context":"En \u00abNoticias Internacionales\u00bb","block_context":{"text":"Noticias Internacionales","link":"https:\/\/webdelmaestrocmf.com\/portal\/category\/noticias-internacionales\/"},"img":{"alt_text":"","src":"https:\/\/i0.wp.com\/webdelmaestrocmf.com\/portal\/wp-content\/uploads\/2026\/03\/1AA-Banner-1-portada-imagen-10-1-copia-12-1.webp?resize=350%2C200&ssl=1","width":350,"height":200,"srcset":"https:\/\/i0.wp.com\/webdelmaestrocmf.com\/portal\/wp-content\/uploads\/2026\/03\/1AA-Banner-1-portada-imagen-10-1-copia-12-1.webp?resize=350%2C200&ssl=1 1x, https:\/\/i0.wp.com\/webdelmaestrocmf.com\/portal\/wp-content\/uploads\/2026\/03\/1AA-Banner-1-portada-imagen-10-1-copia-12-1.webp?resize=525%2C300&ssl=1 1.5x, https:\/\/i0.wp.com\/webdelmaestrocmf.com\/portal\/wp-content\/uploads\/2026\/03\/1AA-Banner-1-portada-imagen-10-1-copia-12-1.webp?resize=700%2C400&ssl=1 2x, https:\/\/i0.wp.com\/webdelmaestrocmf.com\/portal\/wp-content\/uploads\/2026\/03\/1AA-Banner-1-portada-imagen-10-1-copia-12-1.webp?resize=1050%2C600&ssl=1 3x"},"classes":[]}],"_links":{"self":[{"href":"https:\/\/webdelmaestrocmf.com\/portal\/wp-json\/wp\/v2\/posts\/10326","targetHints":{"allow":["GET"]}}],"collection":[{"href":"https:\/\/webdelmaestrocmf.com\/portal\/wp-json\/wp\/v2\/posts"}],"about":[{"href":"https:\/\/webdelmaestrocmf.com\/portal\/wp-json\/wp\/v2\/types\/post"}],"author":[{"embeddable":true,"href":"https:\/\/webdelmaestrocmf.com\/portal\/wp-json\/wp\/v2\/users\/2"}],"replies":[{"embeddable":true,"href":"https:\/\/webdelmaestrocmf.com\/portal\/wp-json\/wp\/v2\/comments?post=10326"}],"version-history":[{"count":0,"href":"https:\/\/webdelmaestrocmf.com\/portal\/wp-json\/wp\/v2\/posts\/10326\/revisions"}],"wp:featuredmedia":[{"embeddable":true,"href":"https:\/\/webdelmaestrocmf.com\/portal\/wp-json\/wp\/v2\/media\/79171"}],"wp:attachment":[{"href":"https:\/\/webdelmaestrocmf.com\/portal\/wp-json\/wp\/v2\/media?parent=10326"}],"wp:term":[{"taxonomy":"category","embeddable":true,"href":"https:\/\/webdelmaestrocmf.com\/portal\/wp-json\/wp\/v2\/categories?post=10326"},{"taxonomy":"post_tag","embeddable":true,"href":"https:\/\/webdelmaestrocmf.com\/portal\/wp-json\/wp\/v2\/tags?post=10326"}],"curies":[{"name":"wp","href":"https:\/\/api.w.org\/{rel}","templated":true}]}}