{"id":103194,"date":"2024-01-28T23:55:12","date_gmt":"2024-01-29T02:55:12","guid":{"rendered":"https:\/\/webdelmaestrocmf.com\/portal\/?p=103194"},"modified":"2024-01-29T10:01:49","modified_gmt":"2024-01-29T13:01:49","slug":"el-desafio-incesante-de-educar-la-super-explotacion-del-trabajo-docente","status":"publish","type":"post","link":"https:\/\/webdelmaestrocmf.com\/portal\/el-desafio-incesante-de-educar-la-super-explotacion-del-trabajo-docente\/","title":{"rendered":"El desaf\u00edo incesante de educar: La super-explotaci\u00f3n del trabajo docente"},"content":{"rendered":"<p style=\"text-align: justify;\"><strong>La Super-Explotaci\u00f3n del Trabajo Docente\u00bb es un an\u00e1lisis penetrante escrito por tres destacados educadores y defensores de la calidad educativa. Los autores, Roberto Gonz\u00e1lez Villarreal, Luc\u00eda Rivera Ferreiro y Marcelino Guerra Mendoza, comparten este valioso material de lectura destinado a docentes de todos los niveles educativos. Con una mirada cr\u00edtica y comprometida, los autores exploran la abrumadora realidad diaria que enfrentan les, las y los maestros, desentra\u00f1ando las complejidades de un sistema educativo que a menudo pasa desapercibido.<\/strong> <!--more--><\/p>\n<p style=\"text-align: justify;\">Este trabajo se presenta como una contribuci\u00f3n esencial para reflexionar sobre la super-explotaci\u00f3n laboral que afecta a quienes dedican sus vidas a formar a las generaciones futuras.<\/p>\n<p style=\"text-align: justify;\">La tarea de les, las y los maestros de educaci\u00f3n b\u00e1sica es una verdadera odisea. M\u00e1s all\u00e1 de las aulas, enfrentan una serie de responsabilidades que no solo son exigentes, sino tambi\u00e9n muchas veces desvalorizadas. Este art\u00edculo explora la abrumadora realidad diaria de los educadores, un c\u00famulo de compromisos que trascienden la mera transmisi\u00f3n de conocimientos.<\/p>\n<p>Enlace relacionado: \u00a0<a href=\"https:\/\/webdelmaestrocmf.com\/portal\/comprension-lectora-estrategias-planificacion-diaria-y-rubricas\/\" target=\"_top\" rel=\"noopener\">Comprensi\u00f3n lectora: estrategias, planificaci\u00f3n diaria y r\u00fabricas<\/a><\/p>\n<h3 style=\"text-align: justify;\">Jornadas interminables:<\/h3>\n<p style=\"text-align: justify;\">El calendario escolar se convierte en una marat\u00f3n sin fin, imponiendo horas extensas de preparaci\u00f3n de clases y actividades fuera del horario laboral. Sin embargo, estas horas adicionales rara vez se ven reflejadas en una compensaci\u00f3n adecuada, reduciendo los salarios reales y convirtiendo la ense\u00f1anza en un sacrificio econ\u00f3mico.<\/p>\n<h3 style=\"text-align: justify;\">Responsabilidades variadas:<\/h3>\n<p style=\"text-align: justify;\">Desde la revisi\u00f3n de ex\u00e1menes hasta la atenci\u00f3n personalizada, la compra de materiales y la organizaci\u00f3n de eventos escolares, las responsabilidades de les, las y los maestros se extienden a todos los aspectos de la vida. Para las maestras, la carga se intensifica al tener que conciliar estas demandas con las responsabilidades dom\u00e9sticas, el cuidado de la familia y las relaciones sindicales.<\/p>\n<h3 style=\"text-align: justify;\">Un universo sin l\u00edmites:<\/h3>\n<p style=\"text-align: justify;\">El trabajo docente invade cada rinc\u00f3n de la vida diaria, desde la escuela hasta la casa, los recreos, los domingos y d\u00edas festivos. Esta cotidianidad agotadora se ha normalizado tanto que rara vez se cuestiona, a excepci\u00f3n de las exigencias administrativas adicionales impuestas al magisterio.<\/p>\n<h3 style=\"text-align: justify;\">El desaf\u00edo adicional de les maestras:<\/h3>\n<p style=\"text-align: justify;\">Las maestras enfrentan desaf\u00edos adicionales, desde proporcionar desayuno hasta realizar labores dom\u00e9sticas, sum\u00e1ndose a la complejidad de su d\u00eda a d\u00eda. Este desequilibrio entre la vida profesional y personal contribuye al agotamiento constante que experimentan.<\/p>\n<h3 style=\"text-align: justify;\">Reflexi\u00f3n y reconocimiento:<\/h3>\n<p style=\"text-align: justify;\">Es necesario reflexionar sobre la super-explotaci\u00f3n del trabajo docente. \u00bfHasta cu\u00e1ndo este sistema injusto seguir\u00e1 pasando desapercibido? \u00bfCu\u00e1ndo se reconocer\u00e1 debidamente el esfuerzo de estos educadores que persisten en su misi\u00f3n de formar mentes j\u00f3venes?<\/p>\n<p><img loading=\"lazy\" decoding=\"async\" class=\"alignnone  wp-image-103195\" src=\"https:\/\/webdelmaestrocmf.com\/portal\/wp-content\/uploads\/2024\/01\/1.png\" alt=\"\" width=\"697\" height=\"919\" srcset=\"https:\/\/webdelmaestrocmf.com\/portal\/wp-content\/uploads\/2024\/01\/1.png 474w, https:\/\/webdelmaestrocmf.com\/portal\/wp-content\/uploads\/2024\/01\/1-228x300.png 228w, https:\/\/webdelmaestrocmf.com\/portal\/wp-content\/uploads\/2024\/01\/1-380x501.png 380w\" sizes=\"auto, (max-width: 697px) 100vw, 697px\" \/><\/p>\n<h3 style=\"text-align: justify;\">Conclusi\u00f3n:<\/h3>\n<p style=\"text-align: justify;\">La super-explotaci\u00f3n del trabajo docente es una realidad que requiere atenci\u00f3n urgente. Es fundamental reconocer y valorar el inmenso esfuerzo que les, las y los maestros realizan diariamente. El sistema educativo debe evolucionar hacia un modelo que promueva el bienestar y la equidad para quienes dedican sus vidas a la noble tarea de educar. Es hora de construir un futuro donde la educaci\u00f3n sea una vocaci\u00f3n respetada y recompensada adecuadamente.<\/p>\n<p style=\"text-align: center;\"><strong>ENLACE DE LECTURA:<\/strong> <a href=\"https:\/\/insurreccionpedagogica.com\/wp-content\/uploads\/2024\/01\/LSETD.pdf\" target=\"_blank\" rel=\"noopener\">LA SUPER-EXPLOTACI\u00d3N DEL TRABAJO DOCENTE<\/a><\/p>\n\t\t<div class=\"pk-inline-posts\">\n\t\t\t\n\t\t\t<div class=\"pk-inline-posts-container pk-inline-posts-template-list\"\n\t\t\t\tdata-columns=\"1\">\n\t\t\t\t\t\t<article id=\"post-118051\" class=\"post-118051 post type-post status-publish format-standard has-post-thumbnail category-lectoescritura category-leer category-libros category-pedagogia tag-aula tag-comprension-lectora tag-creatividad tag-dia-del-libro tag-docentes tag-fichas-educativas tag-lectura tag-manualidades tag-material-didactico tag-recursos-educativos cs-entry cs-video-wrap\">\n\t\t\t<div class=\"pk-post-outer\">\n\n\t\t\t\t\t\t\t\t<div class=\"pk-post-inner\">\n\t\t\t\t\t<div class=\"entry-thumbnail\">\n\t\t\t\t\t\t<div class=\"pk-overlay pk-overlay-ratio pk-ratio-landscape\">\n\t\t\t\t\t\t\t<div class=\"pk-overlay-background\">\n\t\t\t\t\t\t\t\t<a href=\"https:\/\/webdelmaestrocmf.com\/portal\/dia-del-libro-23-de-abril-descarga-las-actividades-recursos-fichas-manualidades-y-materiales-motivadores-para-transformar-la-lectura-en-el-aula\/\" class=\"pk-overlay-link\">\n\t\t\t\t\t\t\t\t\t<img loading=\"lazy\" decoding=\"async\" width=\"300\" height=\"225\" src=\"https:\/\/webdelmaestrocmf.com\/portal\/wp-content\/uploads\/2026\/04\/1AA-Banner-1-portada-imagen-10-1-copia-23-300x225.webp\" class=\"attachment-pk-thumbnail size-pk-thumbnail wp-post-image\" alt=\"\" \/>\t\t\t\t\t\t\t\t<\/a>\n\t\t\t\t\t\t\t<\/div>\n\t\t\t\t\t\t<\/div>\n\t\t\t\t\t<\/div>\n\t\t\t\t<\/div>\n\t\t\t\t\n\t\t\t\t<div class=\"pk-post-inner\">\n\t\t\t\t\t<header>\n\t\t\t\t\t\t<h3 class=\"pk-title\"><a href=\"https:\/\/webdelmaestrocmf.com\/portal\/dia-del-libro-23-de-abril-descarga-las-actividades-recursos-fichas-manualidades-y-materiales-motivadores-para-transformar-la-lectura-en-el-aula\/\" rel=\"bookmark\">D\u00eda del Libro (23 de abril): Descarga las actividades, recursos, fichas, manualidades, materiales y pulseras motivadores para transformar la lectura en el aula<\/a><\/h3>\t\t\t\t\t<\/header><!-- .entry-header -->\n\t\t\t\t<\/div><!-- .post-inner -->\n\n\t\t\t<\/div><!-- .post-outer -->\n\t\t<\/article>\n\t\t\t<article id=\"post-118127\" class=\"post-118127 post type-post status-publish format-standard has-post-thumbnail category-descarga category-libros category-pedagogia tag-aula tag-docentes tag-educacion-2 tag-evaluacion-2 tag-formacion-docente tag-innovacion-2 tag-inteligencia-artificial tag-planificacion-3 tag-recursos-educativos tag-tecnologia-educativa-2 cs-entry cs-video-wrap\">\n\t\t\t<div class=\"pk-post-outer\">\n\n\t\t\t\t\t\t\t\t<div class=\"pk-post-inner\">\n\t\t\t\t\t<div class=\"entry-thumbnail\">\n\t\t\t\t\t\t<div class=\"pk-overlay pk-overlay-ratio pk-ratio-landscape\">\n\t\t\t\t\t\t\t<div class=\"pk-overlay-background\">\n\t\t\t\t\t\t\t\t<a href=\"https:\/\/webdelmaestrocmf.com\/portal\/guia-completa-de-claude-que-es-esta-guia-y-por-que-es-relevante-para-los-docentes\/\" class=\"pk-overlay-link\">\n\t\t\t\t\t\t\t\t\t<img loading=\"lazy\" decoding=\"async\" width=\"300\" height=\"225\" src=\"https:\/\/webdelmaestrocmf.com\/portal\/wp-content\/uploads\/2026\/04\/1AA-Banner-1-portada-imagen-10-1-copia-32-300x225.webp\" class=\"attachment-pk-thumbnail size-pk-thumbnail wp-post-image\" alt=\"\" \/>\t\t\t\t\t\t\t\t<\/a>\n\t\t\t\t\t\t\t<\/div>\n\t\t\t\t\t\t<\/div>\n\t\t\t\t\t<\/div>\n\t\t\t\t<\/div>\n\t\t\t\t\n\t\t\t\t<div class=\"pk-post-inner\">\n\t\t\t\t\t<header>\n\t\t\t\t\t\t<h3 class=\"pk-title\"><a href=\"https:\/\/webdelmaestrocmf.com\/portal\/guia-completa-de-claude-que-es-esta-guia-y-por-que-es-relevante-para-los-docentes\/\" rel=\"bookmark\">Descarga la gu\u00eda completa de Claude en PDF: \u00bfQu\u00e9 es esta gu\u00eda y por qu\u00e9 es relevante para los docentes?<\/a><\/h3>\t\t\t\t\t<\/header><!-- .entry-header -->\n\t\t\t\t<\/div><!-- .post-inner -->\n\n\t\t\t<\/div><!-- .post-outer -->\n\t\t<\/article>\n\t\t\t<article id=\"post-98052\" class=\"post-98052 post type-post status-publish format-standard has-post-thumbnail category-educacion-emocional category-libros category-pedagogia tag-aula tag-beneficios-de-la-educacion-emocional tag-como-ensenar-educacion-emocional tag-educacion-emocional tag-educacion-emocional-en-el-aula tag-educacion-emocional-en-primaria tag-secundaria cs-entry cs-video-wrap\">\n\t\t\t<div class=\"pk-post-outer\">\n\n\t\t\t\t\t\t\t\t<div class=\"pk-post-inner\">\n\t\t\t\t\t<div class=\"entry-thumbnail\">\n\t\t\t\t\t\t<div class=\"pk-overlay pk-overlay-ratio pk-ratio-landscape\">\n\t\t\t\t\t\t\t<div class=\"pk-overlay-background\">\n\t\t\t\t\t\t\t\t<a href=\"https:\/\/webdelmaestrocmf.com\/portal\/educacion-emocional-por-que-es-importante-y-como-implementarla-en-primaria-y-secundaria\/\" class=\"pk-overlay-link\">\n\t\t\t\t\t\t\t\t\t<img loading=\"lazy\" decoding=\"async\" width=\"300\" height=\"225\" src=\"https:\/\/webdelmaestrocmf.com\/portal\/wp-content\/uploads\/2026\/03\/1AA-Banner-1-portada-imagen-10-1-copia-1-6-300x225.webp\" class=\"attachment-pk-thumbnail size-pk-thumbnail wp-post-image\" alt=\"\" \/>\t\t\t\t\t\t\t\t<\/a>\n\t\t\t\t\t\t\t<\/div>\n\t\t\t\t\t\t<\/div>\n\t\t\t\t\t<\/div>\n\t\t\t\t<\/div>\n\t\t\t\t\n\t\t\t\t<div class=\"pk-post-inner\">\n\t\t\t\t\t<header>\n\t\t\t\t\t\t<h3 class=\"pk-title\"><a href=\"https:\/\/webdelmaestrocmf.com\/portal\/educacion-emocional-por-que-es-importante-y-como-implementarla-en-primaria-y-secundaria\/\" rel=\"bookmark\">Educaci\u00f3n emocional: descarga el cuaderno de regulaci\u00f3n emocional para primaria, herramientas pr\u00e1cticas para secundaria y una gu\u00eda completa para el docente<\/a><\/h3>\t\t\t\t\t<\/header><!-- .entry-header -->\n\t\t\t\t<\/div><!-- .post-inner -->\n\n\t\t\t<\/div><!-- .post-outer -->\n\t\t<\/article>\n\t\t\t\t<\/div>\n\t\t<\/div>\n\t\t\n","protected":false},"excerpt":{"rendered":"La Super-Explotaci\u00f3n del Trabajo Docente\u00bb es un an\u00e1lisis penetrante escrito por tres destacados educadores y defensores de la&hellip;","protected":false},"author":1,"featured_media":103196,"comment_status":"open","ping_status":"closed","sticky":false,"template":"","format":"standard","meta":{"csco_display_header_overlay":false,"csco_singular_sidebar":"","csco_page_header_type":"","csco_page_load_nextpost":"","csco_post_video_location":[],"csco_post_video_location_hash":"","csco_post_video_url":"","csco_post_video_bg_start_time":0,"csco_post_video_bg_end_time":0,"csco_post_video_bg_volume":false,"_jetpack_memberships_contains_paid_content":false,"footnotes":""},"categories":[504,735],"tags":[2484,52,236,23345,23346,85],"class_list":{"0":"post-103194","1":"post","2":"type-post","3":"status-publish","4":"format-standard","5":"has-post-thumbnail","7":"category-libros","8":"category-pedagogia","9":"tag-desafio","10":"tag-docente","11":"tag-educar","12":"tag-incesante","13":"tag-super-explotacion","14":"tag-trabajo","15":"cs-entry","16":"cs-video-wrap"},"yoast_head":"<!-- This site is optimized with the Yoast SEO plugin v27.5 - https:\/\/yoast.com\/product\/yoast-seo-wordpress\/ -->\n<title>El desaf\u00edo incesante de educar: La super-explotaci\u00f3n del trabajo docente - 2026<\/title>\n<meta name=\"description\" content=\"Los tres autores de &#039;La Super-Explotaci\u00f3n del Trabajo Docente&#039;, analizan cr\u00edticamente la super-explotaci\u00f3n del trabajo docente...\" \/>\n<meta name=\"robots\" content=\"index, follow, max-snippet:-1, max-image-preview:large, max-video-preview:-1\" \/>\n<link rel=\"canonical\" href=\"https:\/\/webdelmaestrocmf.com\/portal\/el-desafio-incesante-de-educar-la-super-explotacion-del-trabajo-docente\/\" \/>\n<meta property=\"og:locale\" content=\"es_ES\" \/>\n<meta property=\"og:type\" content=\"article\" \/>\n<meta property=\"og:title\" content=\"El desaf\u00edo incesante de educar: La super-explotaci\u00f3n del trabajo docente - 2026\" \/>\n<meta property=\"og:description\" content=\"Los tres autores de &#039;La Super-Explotaci\u00f3n del Trabajo Docente&#039;, analizan cr\u00edticamente la super-explotaci\u00f3n del trabajo docente...\" \/>\n<meta property=\"og:url\" content=\"https:\/\/webdelmaestrocmf.com\/portal\/el-desafio-incesante-de-educar-la-super-explotacion-del-trabajo-docente\/\" \/>\n<meta property=\"og:site_name\" content=\"Web del Maestro CMF\" \/>\n<meta property=\"article:publisher\" content=\"https:\/\/www.facebook.com\/WebdelMaestroCMF\/\" \/>\n<meta property=\"article:author\" content=\"https:\/\/www.facebook.com\/WebdelMaestroCMF\/\" \/>\n<meta property=\"article:published_time\" content=\"2024-01-29T02:55:12+00:00\" \/>\n<meta property=\"article:modified_time\" content=\"2024-01-29T13:01:49+00:00\" \/>\n<meta property=\"og:image\" content=\"https:\/\/webdelmaestrocmf.com\/portal\/wp-content\/uploads\/2024\/01\/Banner-1-portada-imagen-10-14.jpg\" \/>\n\t<meta property=\"og:image:width\" content=\"1024\" \/>\n\t<meta property=\"og:image:height\" content=\"1024\" \/>\n\t<meta property=\"og:image:type\" content=\"image\/jpeg\" \/>\n<meta name=\"author\" content=\"Web del Maestro CMF\" \/>\n<meta name=\"twitter:card\" content=\"summary_large_image\" \/>\n<meta name=\"twitter:creator\" content=\"@cmf_w\" \/>\n<meta name=\"twitter:site\" content=\"@cmf_w\" \/>\n<script type=\"application\/ld+json\" class=\"yoast-schema-graph\">{\"@context\":\"https:\\\/\\\/schema.org\",\"@graph\":[{\"@type\":\"ScholarlyArticle\",\"@id\":\"https:\\\/\\\/webdelmaestrocmf.com\\\/portal\\\/el-desafio-incesante-de-educar-la-super-explotacion-del-trabajo-docente\\\/#article\",\"isPartOf\":{\"@id\":\"https:\\\/\\\/webdelmaestrocmf.com\\\/portal\\\/el-desafio-incesante-de-educar-la-super-explotacion-del-trabajo-docente\\\/\"},\"author\":{\"name\":\"Web del Maestro CMF\",\"@id\":\"https:\\\/\\\/webdelmaestrocmf.com\\\/portal\\\/#\\\/schema\\\/person\\\/1072a2ed7bd960df8ef99a551fa35dc5\"},\"headline\":\"El desaf\u00edo incesante de educar: La super-explotaci\u00f3n del trabajo docente\",\"datePublished\":\"2024-01-29T02:55:12+00:00\",\"dateModified\":\"2024-01-29T13:01:49+00:00\",\"mainEntityOfPage\":{\"@id\":\"https:\\\/\\\/webdelmaestrocmf.com\\\/portal\\\/el-desafio-incesante-de-educar-la-super-explotacion-del-trabajo-docente\\\/\"},\"wordCount\":557,\"commentCount\":0,\"publisher\":{\"@id\":\"https:\\\/\\\/webdelmaestrocmf.com\\\/portal\\\/#organization\"},\"image\":{\"@id\":\"https:\\\/\\\/webdelmaestrocmf.com\\\/portal\\\/el-desafio-incesante-de-educar-la-super-explotacion-del-trabajo-docente\\\/#primaryimage\"},\"thumbnailUrl\":\"https:\\\/\\\/webdelmaestrocmf.com\\\/portal\\\/wp-content\\\/uploads\\\/2024\\\/01\\\/Banner-1-portada-imagen-10-14.jpg\",\"keywords\":[\"DESAF\u00cdO\",\"DOCENTE\",\"educar\",\"incesante\",\"super-explotaci\u00f3n\",\"trabajo\"],\"articleSection\":[\"Libros\",\"Recursos\"],\"inLanguage\":\"es\",\"potentialAction\":[{\"@type\":\"CommentAction\",\"name\":\"Comment\",\"target\":[\"https:\\\/\\\/webdelmaestrocmf.com\\\/portal\\\/el-desafio-incesante-de-educar-la-super-explotacion-del-trabajo-docente\\\/#respond\"]}]},{\"@type\":\"WebPage\",\"@id\":\"https:\\\/\\\/webdelmaestrocmf.com\\\/portal\\\/el-desafio-incesante-de-educar-la-super-explotacion-del-trabajo-docente\\\/\",\"url\":\"https:\\\/\\\/webdelmaestrocmf.com\\\/portal\\\/el-desafio-incesante-de-educar-la-super-explotacion-del-trabajo-docente\\\/\",\"name\":\"El desaf\u00edo incesante de educar: La super-explotaci\u00f3n del trabajo docente - 2026\",\"isPartOf\":{\"@id\":\"https:\\\/\\\/webdelmaestrocmf.com\\\/portal\\\/#website\"},\"primaryImageOfPage\":{\"@id\":\"https:\\\/\\\/webdelmaestrocmf.com\\\/portal\\\/el-desafio-incesante-de-educar-la-super-explotacion-del-trabajo-docente\\\/#primaryimage\"},\"image\":{\"@id\":\"https:\\\/\\\/webdelmaestrocmf.com\\\/portal\\\/el-desafio-incesante-de-educar-la-super-explotacion-del-trabajo-docente\\\/#primaryimage\"},\"thumbnailUrl\":\"https:\\\/\\\/webdelmaestrocmf.com\\\/portal\\\/wp-content\\\/uploads\\\/2024\\\/01\\\/Banner-1-portada-imagen-10-14.jpg\",\"datePublished\":\"2024-01-29T02:55:12+00:00\",\"dateModified\":\"2024-01-29T13:01:49+00:00\",\"description\":\"Los tres autores de 'La Super-Explotaci\u00f3n del Trabajo Docente', analizan cr\u00edticamente la super-explotaci\u00f3n del trabajo docente...\",\"breadcrumb\":{\"@id\":\"https:\\\/\\\/webdelmaestrocmf.com\\\/portal\\\/el-desafio-incesante-de-educar-la-super-explotacion-del-trabajo-docente\\\/#breadcrumb\"},\"inLanguage\":\"es\",\"potentialAction\":[{\"@type\":\"ReadAction\",\"target\":[\"https:\\\/\\\/webdelmaestrocmf.com\\\/portal\\\/el-desafio-incesante-de-educar-la-super-explotacion-del-trabajo-docente\\\/\"]}]},{\"@type\":\"ImageObject\",\"inLanguage\":\"es\",\"@id\":\"https:\\\/\\\/webdelmaestrocmf.com\\\/portal\\\/el-desafio-incesante-de-educar-la-super-explotacion-del-trabajo-docente\\\/#primaryimage\",\"url\":\"https:\\\/\\\/webdelmaestrocmf.com\\\/portal\\\/wp-content\\\/uploads\\\/2024\\\/01\\\/Banner-1-portada-imagen-10-14.jpg\",\"contentUrl\":\"https:\\\/\\\/webdelmaestrocmf.com\\\/portal\\\/wp-content\\\/uploads\\\/2024\\\/01\\\/Banner-1-portada-imagen-10-14.jpg\",\"width\":1024,\"height\":1024},{\"@type\":\"BreadcrumbList\",\"@id\":\"https:\\\/\\\/webdelmaestrocmf.com\\\/portal\\\/el-desafio-incesante-de-educar-la-super-explotacion-del-trabajo-docente\\\/#breadcrumb\",\"itemListElement\":[{\"@type\":\"ListItem\",\"position\":1,\"name\":\"Portada\",\"item\":\"https:\\\/\\\/webdelmaestrocmf.com\\\/portal\\\/\"},{\"@type\":\"ListItem\",\"position\":2,\"name\":\"Recursos\",\"item\":\"https:\\\/\\\/webdelmaestrocmf.com\\\/portal\\\/category\\\/pedagogia\\\/\"},{\"@type\":\"ListItem\",\"position\":3,\"name\":\"El desaf\u00edo incesante de educar: La super-explotaci\u00f3n del trabajo docente\"}]},{\"@type\":\"WebSite\",\"@id\":\"https:\\\/\\\/webdelmaestrocmf.com\\\/portal\\\/#website\",\"url\":\"https:\\\/\\\/webdelmaestrocmf.com\\\/portal\\\/\",\"name\":\"Web del Maestro CMF\",\"description\":\"Maestros al servicio de la educaci\u00f3n\",\"publisher\":{\"@id\":\"https:\\\/\\\/webdelmaestrocmf.com\\\/portal\\\/#organization\"},\"alternateName\":\"WMCMF\",\"potentialAction\":[{\"@type\":\"SearchAction\",\"target\":{\"@type\":\"EntryPoint\",\"urlTemplate\":\"https:\\\/\\\/webdelmaestrocmf.com\\\/portal\\\/?s={search_term_string}\"},\"query-input\":{\"@type\":\"PropertyValueSpecification\",\"valueRequired\":true,\"valueName\":\"search_term_string\"}}],\"inLanguage\":\"es\"},{\"@type\":\"Organization\",\"@id\":\"https:\\\/\\\/webdelmaestrocmf.com\\\/portal\\\/#organization\",\"name\":\"Web del Maestro CMF\",\"alternateName\":\"WMCMF\",\"url\":\"https:\\\/\\\/webdelmaestrocmf.com\\\/portal\\\/\",\"logo\":{\"@type\":\"ImageObject\",\"inLanguage\":\"es\",\"@id\":\"https:\\\/\\\/webdelmaestrocmf.com\\\/portal\\\/#\\\/schema\\\/logo\\\/image\\\/\",\"url\":\"https:\\\/\\\/webdelmaestrocmf.com\\\/portal\\\/wp-content\\\/uploads\\\/2023\\\/01\\\/logo-wmcmf-2.png\",\"contentUrl\":\"https:\\\/\\\/webdelmaestrocmf.com\\\/portal\\\/wp-content\\\/uploads\\\/2023\\\/01\\\/logo-wmcmf-2.png\",\"width\":200,\"height\":60,\"caption\":\"Web del Maestro CMF\"},\"image\":{\"@id\":\"https:\\\/\\\/webdelmaestrocmf.com\\\/portal\\\/#\\\/schema\\\/logo\\\/image\\\/\"},\"sameAs\":[\"https:\\\/\\\/www.facebook.com\\\/WebdelMaestroCMF\\\/\",\"https:\\\/\\\/x.com\\\/cmf_w\",\"https:\\\/\\\/www.pinterest.com\\\/WMCMF\\\/\",\"https:\\\/\\\/www.linkedin.com\\\/company\\\/web-del-maestro-cmf\\\/\",\"https:\\\/\\\/www.instagram.com\\\/wmcmf\\\/\",\"https:\\\/\\\/www.youtube.com\\\/channel\\\/UCDPSvjbdodE5sHnC3OxutHw\",\"https:\\\/\\\/mastodon.social\\\/@wmcmf\",\"https:\\\/\\\/www.tiktok.com\\\/@webdelmaestrocmf\"]},{\"@type\":\"Person\",\"@id\":\"https:\\\/\\\/webdelmaestrocmf.com\\\/portal\\\/#\\\/schema\\\/person\\\/1072a2ed7bd960df8ef99a551fa35dc5\",\"name\":\"Web del Maestro CMF\",\"image\":{\"@type\":\"ImageObject\",\"inLanguage\":\"es\",\"@id\":\"https:\\\/\\\/secure.gravatar.com\\\/avatar\\\/23291dd5b5ae1077dcff3dbb04c3e02bd28403fa75af6d8787d5e97c5bbbe30b?s=96&d=mm&r=g\",\"url\":\"https:\\\/\\\/secure.gravatar.com\\\/avatar\\\/23291dd5b5ae1077dcff3dbb04c3e02bd28403fa75af6d8787d5e97c5bbbe30b?s=96&d=mm&r=g\",\"contentUrl\":\"https:\\\/\\\/secure.gravatar.com\\\/avatar\\\/23291dd5b5ae1077dcff3dbb04c3e02bd28403fa75af6d8787d5e97c5bbbe30b?s=96&d=mm&r=g\",\"caption\":\"Web del Maestro CMF\"},\"description\":\"Esta Web se cre\u00f3 sin fines de lucro, con fines educativos, cient\u00edficos y acad\u00e9micos, para personas que tengan dificultades y\\\/o inconvenientes en visualizar el material original. El objetivo es entregar recursos, compartir experiencias y materiales que ayuden a los padres de familia, maestros y estudiantes en su actualizaci\u00f3n y formaci\u00f3n permanente, en bien de la Educaci\u00f3n.\",\"sameAs\":[\"http:\\\/\\\/webdelmaestrocmf.com\\\/portal\",\"https:\\\/\\\/www.facebook.com\\\/WebdelMaestroCMF\\\/\",\"https:\\\/\\\/www.instagram.com\\\/wmcmf\\\/\",\"https:\\\/\\\/cl.linkedin.com\\\/company\\\/web-del-maestro-cmf\",\"https:\\\/\\\/www.pinterest.com\\\/WMCMF\\\/publicaciones\\\/\",\"https:\\\/\\\/x.com\\\/cmf_w\",\"https:\\\/\\\/www.youtube.com\\\/@WMCMF\"]}]}<\/script>\n<!-- \/ Yoast SEO plugin. -->","yoast_head_json":{"title":"El desaf\u00edo incesante de educar: La super-explotaci\u00f3n del trabajo docente - 2026","description":"Los tres autores de 'La Super-Explotaci\u00f3n del Trabajo Docente', analizan cr\u00edticamente la super-explotaci\u00f3n del trabajo docente...","robots":{"index":"index","follow":"follow","max-snippet":"max-snippet:-1","max-image-preview":"max-image-preview:large","max-video-preview":"max-video-preview:-1"},"canonical":"https:\/\/webdelmaestrocmf.com\/portal\/el-desafio-incesante-de-educar-la-super-explotacion-del-trabajo-docente\/","og_locale":"es_ES","og_type":"article","og_title":"El desaf\u00edo incesante de educar: La super-explotaci\u00f3n del trabajo docente - 2026","og_description":"Los tres autores de 'La Super-Explotaci\u00f3n del Trabajo Docente', analizan cr\u00edticamente la super-explotaci\u00f3n del trabajo docente...","og_url":"https:\/\/webdelmaestrocmf.com\/portal\/el-desafio-incesante-de-educar-la-super-explotacion-del-trabajo-docente\/","og_site_name":"Web del Maestro CMF","article_publisher":"https:\/\/www.facebook.com\/WebdelMaestroCMF\/","article_author":"https:\/\/www.facebook.com\/WebdelMaestroCMF\/","article_published_time":"2024-01-29T02:55:12+00:00","article_modified_time":"2024-01-29T13:01:49+00:00","og_image":[{"width":1024,"height":1024,"url":"https:\/\/webdelmaestrocmf.com\/portal\/wp-content\/uploads\/2024\/01\/Banner-1-portada-imagen-10-14.jpg","type":"image\/jpeg"}],"author":"Web del Maestro CMF","twitter_card":"summary_large_image","twitter_creator":"@cmf_w","twitter_site":"@cmf_w","schema":{"@context":"https:\/\/schema.org","@graph":[{"@type":"ScholarlyArticle","@id":"https:\/\/webdelmaestrocmf.com\/portal\/el-desafio-incesante-de-educar-la-super-explotacion-del-trabajo-docente\/#article","isPartOf":{"@id":"https:\/\/webdelmaestrocmf.com\/portal\/el-desafio-incesante-de-educar-la-super-explotacion-del-trabajo-docente\/"},"author":{"name":"Web del Maestro CMF","@id":"https:\/\/webdelmaestrocmf.com\/portal\/#\/schema\/person\/1072a2ed7bd960df8ef99a551fa35dc5"},"headline":"El desaf\u00edo incesante de educar: La super-explotaci\u00f3n del trabajo docente","datePublished":"2024-01-29T02:55:12+00:00","dateModified":"2024-01-29T13:01:49+00:00","mainEntityOfPage":{"@id":"https:\/\/webdelmaestrocmf.com\/portal\/el-desafio-incesante-de-educar-la-super-explotacion-del-trabajo-docente\/"},"wordCount":557,"commentCount":0,"publisher":{"@id":"https:\/\/webdelmaestrocmf.com\/portal\/#organization"},"image":{"@id":"https:\/\/webdelmaestrocmf.com\/portal\/el-desafio-incesante-de-educar-la-super-explotacion-del-trabajo-docente\/#primaryimage"},"thumbnailUrl":"https:\/\/webdelmaestrocmf.com\/portal\/wp-content\/uploads\/2024\/01\/Banner-1-portada-imagen-10-14.jpg","keywords":["DESAF\u00cdO","DOCENTE","educar","incesante","super-explotaci\u00f3n","trabajo"],"articleSection":["Libros","Recursos"],"inLanguage":"es","potentialAction":[{"@type":"CommentAction","name":"Comment","target":["https:\/\/webdelmaestrocmf.com\/portal\/el-desafio-incesante-de-educar-la-super-explotacion-del-trabajo-docente\/#respond"]}]},{"@type":"WebPage","@id":"https:\/\/webdelmaestrocmf.com\/portal\/el-desafio-incesante-de-educar-la-super-explotacion-del-trabajo-docente\/","url":"https:\/\/webdelmaestrocmf.com\/portal\/el-desafio-incesante-de-educar-la-super-explotacion-del-trabajo-docente\/","name":"El desaf\u00edo incesante de educar: La super-explotaci\u00f3n del trabajo docente - 2026","isPartOf":{"@id":"https:\/\/webdelmaestrocmf.com\/portal\/#website"},"primaryImageOfPage":{"@id":"https:\/\/webdelmaestrocmf.com\/portal\/el-desafio-incesante-de-educar-la-super-explotacion-del-trabajo-docente\/#primaryimage"},"image":{"@id":"https:\/\/webdelmaestrocmf.com\/portal\/el-desafio-incesante-de-educar-la-super-explotacion-del-trabajo-docente\/#primaryimage"},"thumbnailUrl":"https:\/\/webdelmaestrocmf.com\/portal\/wp-content\/uploads\/2024\/01\/Banner-1-portada-imagen-10-14.jpg","datePublished":"2024-01-29T02:55:12+00:00","dateModified":"2024-01-29T13:01:49+00:00","description":"Los tres autores de 'La Super-Explotaci\u00f3n del Trabajo Docente', analizan cr\u00edticamente la super-explotaci\u00f3n del trabajo docente...","breadcrumb":{"@id":"https:\/\/webdelmaestrocmf.com\/portal\/el-desafio-incesante-de-educar-la-super-explotacion-del-trabajo-docente\/#breadcrumb"},"inLanguage":"es","potentialAction":[{"@type":"ReadAction","target":["https:\/\/webdelmaestrocmf.com\/portal\/el-desafio-incesante-de-educar-la-super-explotacion-del-trabajo-docente\/"]}]},{"@type":"ImageObject","inLanguage":"es","@id":"https:\/\/webdelmaestrocmf.com\/portal\/el-desafio-incesante-de-educar-la-super-explotacion-del-trabajo-docente\/#primaryimage","url":"https:\/\/webdelmaestrocmf.com\/portal\/wp-content\/uploads\/2024\/01\/Banner-1-portada-imagen-10-14.jpg","contentUrl":"https:\/\/webdelmaestrocmf.com\/portal\/wp-content\/uploads\/2024\/01\/Banner-1-portada-imagen-10-14.jpg","width":1024,"height":1024},{"@type":"BreadcrumbList","@id":"https:\/\/webdelmaestrocmf.com\/portal\/el-desafio-incesante-de-educar-la-super-explotacion-del-trabajo-docente\/#breadcrumb","itemListElement":[{"@type":"ListItem","position":1,"name":"Portada","item":"https:\/\/webdelmaestrocmf.com\/portal\/"},{"@type":"ListItem","position":2,"name":"Recursos","item":"https:\/\/webdelmaestrocmf.com\/portal\/category\/pedagogia\/"},{"@type":"ListItem","position":3,"name":"El desaf\u00edo incesante de educar: La super-explotaci\u00f3n del trabajo docente"}]},{"@type":"WebSite","@id":"https:\/\/webdelmaestrocmf.com\/portal\/#website","url":"https:\/\/webdelmaestrocmf.com\/portal\/","name":"Web del Maestro CMF","description":"Maestros al servicio de la educaci\u00f3n","publisher":{"@id":"https:\/\/webdelmaestrocmf.com\/portal\/#organization"},"alternateName":"WMCMF","potentialAction":[{"@type":"SearchAction","target":{"@type":"EntryPoint","urlTemplate":"https:\/\/webdelmaestrocmf.com\/portal\/?s={search_term_string}"},"query-input":{"@type":"PropertyValueSpecification","valueRequired":true,"valueName":"search_term_string"}}],"inLanguage":"es"},{"@type":"Organization","@id":"https:\/\/webdelmaestrocmf.com\/portal\/#organization","name":"Web del Maestro CMF","alternateName":"WMCMF","url":"https:\/\/webdelmaestrocmf.com\/portal\/","logo":{"@type":"ImageObject","inLanguage":"es","@id":"https:\/\/webdelmaestrocmf.com\/portal\/#\/schema\/logo\/image\/","url":"https:\/\/webdelmaestrocmf.com\/portal\/wp-content\/uploads\/2023\/01\/logo-wmcmf-2.png","contentUrl":"https:\/\/webdelmaestrocmf.com\/portal\/wp-content\/uploads\/2023\/01\/logo-wmcmf-2.png","width":200,"height":60,"caption":"Web del Maestro CMF"},"image":{"@id":"https:\/\/webdelmaestrocmf.com\/portal\/#\/schema\/logo\/image\/"},"sameAs":["https:\/\/www.facebook.com\/WebdelMaestroCMF\/","https:\/\/x.com\/cmf_w","https:\/\/www.pinterest.com\/WMCMF\/","https:\/\/www.linkedin.com\/company\/web-del-maestro-cmf\/","https:\/\/www.instagram.com\/wmcmf\/","https:\/\/www.youtube.com\/channel\/UCDPSvjbdodE5sHnC3OxutHw","https:\/\/mastodon.social\/@wmcmf","https:\/\/www.tiktok.com\/@webdelmaestrocmf"]},{"@type":"Person","@id":"https:\/\/webdelmaestrocmf.com\/portal\/#\/schema\/person\/1072a2ed7bd960df8ef99a551fa35dc5","name":"Web del Maestro CMF","image":{"@type":"ImageObject","inLanguage":"es","@id":"https:\/\/secure.gravatar.com\/avatar\/23291dd5b5ae1077dcff3dbb04c3e02bd28403fa75af6d8787d5e97c5bbbe30b?s=96&d=mm&r=g","url":"https:\/\/secure.gravatar.com\/avatar\/23291dd5b5ae1077dcff3dbb04c3e02bd28403fa75af6d8787d5e97c5bbbe30b?s=96&d=mm&r=g","contentUrl":"https:\/\/secure.gravatar.com\/avatar\/23291dd5b5ae1077dcff3dbb04c3e02bd28403fa75af6d8787d5e97c5bbbe30b?s=96&d=mm&r=g","caption":"Web del Maestro CMF"},"description":"Esta Web se cre\u00f3 sin fines de lucro, con fines educativos, cient\u00edficos y acad\u00e9micos, para personas que tengan dificultades y\/o inconvenientes en visualizar el material original. El objetivo es entregar recursos, compartir experiencias y materiales que ayuden a los padres de familia, maestros y estudiantes en su actualizaci\u00f3n y formaci\u00f3n permanente, en bien de la Educaci\u00f3n.","sameAs":["http:\/\/webdelmaestrocmf.com\/portal","https:\/\/www.facebook.com\/WebdelMaestroCMF\/","https:\/\/www.instagram.com\/wmcmf\/","https:\/\/cl.linkedin.com\/company\/web-del-maestro-cmf","https:\/\/www.pinterest.com\/WMCMF\/publicaciones\/","https:\/\/x.com\/cmf_w","https:\/\/www.youtube.com\/@WMCMF"]}]}},"jetpack_featured_media_url":"https:\/\/webdelmaestrocmf.com\/portal\/wp-content\/uploads\/2024\/01\/Banner-1-portada-imagen-10-14.jpg","jetpack_sharing_enabled":true,"jetpack-related-posts":[{"id":111162,"url":"https:\/\/webdelmaestrocmf.com\/portal\/esteban-canchola-somos-parte-del-mismo-sistema-educativo-y-debemos-trabajar-en-union\/","url_meta":{"origin":103194,"position":0},"title":"Esteban Canchola: \u201cSomos parte del mismo sistema educativo y debemos trabajar en uni\u00f3n\u201d","author":"Web del Maestro CMF","date":"12 julio, 2025","format":false,"excerpt":"Su testimonio busca unir, no dividir, y exigir que se escuche a los maestros.","rel":"","context":"En \u00abNoticias Internacionales\u00bb","block_context":{"text":"Noticias Internacionales","link":"https:\/\/webdelmaestrocmf.com\/portal\/category\/noticias-internacionales\/"},"img":{"alt_text":"","src":"https:\/\/i0.wp.com\/webdelmaestrocmf.com\/portal\/wp-content\/uploads\/2025\/07\/1A-Banner-1-portada-imagen-10-1-copia-43.webp?resize=350%2C200&ssl=1","width":350,"height":200,"srcset":"https:\/\/i0.wp.com\/webdelmaestrocmf.com\/portal\/wp-content\/uploads\/2025\/07\/1A-Banner-1-portada-imagen-10-1-copia-43.webp?resize=350%2C200&ssl=1 1x, https:\/\/i0.wp.com\/webdelmaestrocmf.com\/portal\/wp-content\/uploads\/2025\/07\/1A-Banner-1-portada-imagen-10-1-copia-43.webp?resize=525%2C300&ssl=1 1.5x, https:\/\/i0.wp.com\/webdelmaestrocmf.com\/portal\/wp-content\/uploads\/2025\/07\/1A-Banner-1-portada-imagen-10-1-copia-43.webp?resize=700%2C400&ssl=1 2x"},"classes":[]},{"id":116729,"url":"https:\/\/webdelmaestrocmf.com\/portal\/maestro-lo-dice-claro-nunca-tuve-fines-de-semana-enteros-sin-hacer-nada-es-un-sistema-que-te-aplasta-con-una-demanda-permanente\/","url_meta":{"origin":103194,"position":1},"title":"Maestro lo dice claro: \u00abNunca tuve fines de semana enteros sin hacer nada. Es un sistema que te aplasta con una demanda permanente\u00bb.","author":"Web del Maestro CMF","date":"21 marzo, 2026","format":false,"excerpt":"Un sistema educativo que no descansa exige docentes sin pausas: sin fines de semana libres, con demandas constantes que agotan, presionan y terminan desgastando profundamente la vocaci\u00f3n y la vida personal.","rel":"","context":"En \u00abNoticias Internacionales\u00bb","block_context":{"text":"Noticias Internacionales","link":"https:\/\/webdelmaestrocmf.com\/portal\/category\/noticias-internacionales\/"},"img":{"alt_text":"","src":"https:\/\/i0.wp.com\/webdelmaestrocmf.com\/portal\/wp-content\/uploads\/2026\/03\/1AA-Banner-1-portada-imagen-10-1-copia-14.webp?resize=350%2C200&ssl=1","width":350,"height":200,"srcset":"https:\/\/i0.wp.com\/webdelmaestrocmf.com\/portal\/wp-content\/uploads\/2026\/03\/1AA-Banner-1-portada-imagen-10-1-copia-14.webp?resize=350%2C200&ssl=1 1x, https:\/\/i0.wp.com\/webdelmaestrocmf.com\/portal\/wp-content\/uploads\/2026\/03\/1AA-Banner-1-portada-imagen-10-1-copia-14.webp?resize=525%2C300&ssl=1 1.5x, https:\/\/i0.wp.com\/webdelmaestrocmf.com\/portal\/wp-content\/uploads\/2026\/03\/1AA-Banner-1-portada-imagen-10-1-copia-14.webp?resize=700%2C400&ssl=1 2x, https:\/\/i0.wp.com\/webdelmaestrocmf.com\/portal\/wp-content\/uploads\/2026\/03\/1AA-Banner-1-portada-imagen-10-1-copia-14.webp?resize=1050%2C600&ssl=1 3x"},"classes":[]},{"id":102785,"url":"https:\/\/webdelmaestrocmf.com\/portal\/juan-carlos-monsalve-incorporacion-de-herramientas-tecnologicas-en-el-quehacer-docente-y-su-integracion-en-las-clases-escolares\/","url_meta":{"origin":103194,"position":2},"title":"[Juan Carlos Monsalve] Incorporaci\u00f3n de herramientas tecnol\u00f3gicas en el quehacer docente y su integraci\u00f3n en las clases escolares","author":"Web del Maestro CMF","date":"18 enero, 2024","format":false,"excerpt":"Se parte de la premisa de que las tecnolog\u00edas de la informaci\u00f3n y la comunicaci\u00f3n (TIC) son recursos que pueden mejorar la calidad educativa, siempre y cuando se usen de forma adecuada y pertinente. Para ello, se analizan los beneficios y los desaf\u00edos que supone la integraci\u00f3n de las TIC\u2026","rel":"","context":"En \u00abZ-Colaborador_Juan_Carlos_Monsalve\u00bb","block_context":{"text":"Z-Colaborador_Juan_Carlos_Monsalve","link":"https:\/\/webdelmaestrocmf.com\/portal\/category\/colaborador\/colaborador_juan_carlos_monsalve\/"},"img":{"alt_text":"tecnol\u00f3gicas","src":"https:\/\/i0.wp.com\/webdelmaestrocmf.com\/portal\/wp-content\/uploads\/2024\/01\/Banner-1-portada-imagen-10-30.jpg?resize=350%2C200&ssl=1","width":350,"height":200,"srcset":"https:\/\/i0.wp.com\/webdelmaestrocmf.com\/portal\/wp-content\/uploads\/2024\/01\/Banner-1-portada-imagen-10-30.jpg?resize=350%2C200&ssl=1 1x, https:\/\/i0.wp.com\/webdelmaestrocmf.com\/portal\/wp-content\/uploads\/2024\/01\/Banner-1-portada-imagen-10-30.jpg?resize=525%2C300&ssl=1 1.5x, https:\/\/i0.wp.com\/webdelmaestrocmf.com\/portal\/wp-content\/uploads\/2024\/01\/Banner-1-portada-imagen-10-30.jpg?resize=700%2C400&ssl=1 2x"},"classes":[]},{"id":111170,"url":"https:\/\/webdelmaestrocmf.com\/portal\/leon-trahtemberg-los-dilemas-invisibles-del-educador-entre-la-vocacion-y-la-realidad\/","url_meta":{"origin":103194,"position":3},"title":"Le\u00f3n Trahtemberg: Los dilemas invisibles del educador: entre la vocaci\u00f3n y la realidad","author":"Web del Maestro CMF","date":"12 julio, 2025","format":false,"excerpt":"Entre lo correcto y lo posible, cada decisi\u00f3n del docente revela las tensiones ocultas de una profesi\u00f3n que exige m\u00e1s de lo que reconoce","rel":"","context":"En \u00abEntrevistas\u00bb","block_context":{"text":"Entrevistas","link":"https:\/\/webdelmaestrocmf.com\/portal\/category\/noticias\/entrevistas\/"},"img":{"alt_text":"","src":"https:\/\/i0.wp.com\/webdelmaestrocmf.com\/portal\/wp-content\/uploads\/2025\/07\/1A-Banner-1-portada-imagen-10-1-copia-45.webp?resize=350%2C200&ssl=1","width":350,"height":200,"srcset":"https:\/\/i0.wp.com\/webdelmaestrocmf.com\/portal\/wp-content\/uploads\/2025\/07\/1A-Banner-1-portada-imagen-10-1-copia-45.webp?resize=350%2C200&ssl=1 1x, https:\/\/i0.wp.com\/webdelmaestrocmf.com\/portal\/wp-content\/uploads\/2025\/07\/1A-Banner-1-portada-imagen-10-1-copia-45.webp?resize=525%2C300&ssl=1 1.5x, https:\/\/i0.wp.com\/webdelmaestrocmf.com\/portal\/wp-content\/uploads\/2025\/07\/1A-Banner-1-portada-imagen-10-1-copia-45.webp?resize=700%2C400&ssl=1 2x"},"classes":[]},{"id":108493,"url":"https:\/\/webdelmaestrocmf.com\/portal\/la-escasez-de-docentes-se-ha-convertido-en-un-desafio-critico-para-los-sistemas-educativos\/","url_meta":{"origin":103194,"position":4},"title":"La escasez de docentes se ha convertido en un desaf\u00edo cr\u00edtico para los sistemas educativos","author":"Web del Maestro CMF","date":"6 abril, 2026","format":false,"excerpt":"La crisis docente global exige acci\u00f3n urgente: sin condiciones dignas, protecci\u00f3n efectiva y pol\u00edticas sostenidas, atraer y retener maestros ser\u00e1 imposible, comprometiendo la calidad educativa y el desarrollo sostenible.","rel":"","context":"En \u00abNoticias Internacionales\u00bb","block_context":{"text":"Noticias Internacionales","link":"https:\/\/webdelmaestrocmf.com\/portal\/category\/noticias-internacionales\/"},"img":{"alt_text":"","src":"https:\/\/i0.wp.com\/webdelmaestrocmf.com\/portal\/wp-content\/uploads\/2025\/03\/1AA-Banner-1-portada-imagen-10-1-copia.webp?resize=350%2C200&ssl=1","width":350,"height":200,"srcset":"https:\/\/i0.wp.com\/webdelmaestrocmf.com\/portal\/wp-content\/uploads\/2025\/03\/1AA-Banner-1-portada-imagen-10-1-copia.webp?resize=350%2C200&ssl=1 1x, https:\/\/i0.wp.com\/webdelmaestrocmf.com\/portal\/wp-content\/uploads\/2025\/03\/1AA-Banner-1-portada-imagen-10-1-copia.webp?resize=525%2C300&ssl=1 1.5x, https:\/\/i0.wp.com\/webdelmaestrocmf.com\/portal\/wp-content\/uploads\/2025\/03\/1AA-Banner-1-portada-imagen-10-1-copia.webp?resize=700%2C400&ssl=1 2x, https:\/\/i0.wp.com\/webdelmaestrocmf.com\/portal\/wp-content\/uploads\/2025\/03\/1AA-Banner-1-portada-imagen-10-1-copia.webp?resize=1050%2C600&ssl=1 3x"},"classes":[]},{"id":102159,"url":"https:\/\/webdelmaestrocmf.com\/portal\/inger-inkvest-como-puede-ser-responsable-el-docente-si-se-le-quita-la-autoridad-para-organizar-el-trabajo\/","url_meta":{"origin":103194,"position":5},"title":"Inger Enkvist: \u00bfC\u00f3mo puede ser responsable el docente si se le quita la autoridad para organizar el trabajo?","author":"Web del Maestro CMF","date":"9 abril, 2026","format":false,"excerpt":"Sin autoridad para organizar el aula, el docente queda desarmado. La exigencia sin herramientas solo ahuyenta a los mejores.","rel":"","context":"En \u00abEntrevistas\u00bb","block_context":{"text":"Entrevistas","link":"https:\/\/webdelmaestrocmf.com\/portal\/category\/noticias\/entrevistas\/"},"img":{"alt_text":"","src":"https:\/\/i0.wp.com\/webdelmaestrocmf.com\/portal\/wp-content\/uploads\/2024\/01\/1A-Banner-1-portada-imagen-10-1-copia-7.webp?resize=350%2C200&ssl=1","width":350,"height":200,"srcset":"https:\/\/i0.wp.com\/webdelmaestrocmf.com\/portal\/wp-content\/uploads\/2024\/01\/1A-Banner-1-portada-imagen-10-1-copia-7.webp?resize=350%2C200&ssl=1 1x, https:\/\/i0.wp.com\/webdelmaestrocmf.com\/portal\/wp-content\/uploads\/2024\/01\/1A-Banner-1-portada-imagen-10-1-copia-7.webp?resize=525%2C300&ssl=1 1.5x, https:\/\/i0.wp.com\/webdelmaestrocmf.com\/portal\/wp-content\/uploads\/2024\/01\/1A-Banner-1-portada-imagen-10-1-copia-7.webp?resize=700%2C400&ssl=1 2x"},"classes":[]}],"_links":{"self":[{"href":"https:\/\/webdelmaestrocmf.com\/portal\/wp-json\/wp\/v2\/posts\/103194","targetHints":{"allow":["GET"]}}],"collection":[{"href":"https:\/\/webdelmaestrocmf.com\/portal\/wp-json\/wp\/v2\/posts"}],"about":[{"href":"https:\/\/webdelmaestrocmf.com\/portal\/wp-json\/wp\/v2\/types\/post"}],"author":[{"embeddable":true,"href":"https:\/\/webdelmaestrocmf.com\/portal\/wp-json\/wp\/v2\/users\/1"}],"replies":[{"embeddable":true,"href":"https:\/\/webdelmaestrocmf.com\/portal\/wp-json\/wp\/v2\/comments?post=103194"}],"version-history":[{"count":0,"href":"https:\/\/webdelmaestrocmf.com\/portal\/wp-json\/wp\/v2\/posts\/103194\/revisions"}],"wp:featuredmedia":[{"embeddable":true,"href":"https:\/\/webdelmaestrocmf.com\/portal\/wp-json\/wp\/v2\/media\/103196"}],"wp:attachment":[{"href":"https:\/\/webdelmaestrocmf.com\/portal\/wp-json\/wp\/v2\/media?parent=103194"}],"wp:term":[{"taxonomy":"category","embeddable":true,"href":"https:\/\/webdelmaestrocmf.com\/portal\/wp-json\/wp\/v2\/categories?post=103194"},{"taxonomy":"post_tag","embeddable":true,"href":"https:\/\/webdelmaestrocmf.com\/portal\/wp-json\/wp\/v2\/tags?post=103194"}],"curies":[{"name":"wp","href":"https:\/\/api.w.org\/{rel}","templated":true}]}}