{"id":103124,"date":"2025-07-02T08:00:00","date_gmt":"2025-07-02T12:00:00","guid":{"rendered":"https:\/\/webdelmaestrocmf.com\/portal\/?p=103124"},"modified":"2026-03-07T21:03:19","modified_gmt":"2026-03-08T00:03:19","slug":"13-nuevos-modelos-de-acta-de-compromiso-del-padre-de-familia","status":"publish","type":"post","link":"https:\/\/webdelmaestrocmf.com\/portal\/13-nuevos-modelos-de-acta-de-compromiso-del-padre-de-familia\/","title":{"rendered":"13 nuevos modelos de Acta de compromiso del padre de familia"},"content":{"rendered":"\n<p>En el af\u00e1n de fortalecer la relaci\u00f3n entre la comunidad educativa y garantizar una formaci\u00f3n integral de calidad para los estudiantes, compartimos hoy 13 modelos de formatos editables en Word, teniendo como modelo el Acta de Compromiso del Padre de Familia, y que ustedes pueden actualizar al a\u00f1o y su realidad. Estos formatos abarcan diversas \u00e1reas, desde actividades disciplinarias hasta evaluaciones del periodo acad\u00e9mico.<\/p>\n\n\n\n<!--more-->\n\n\n\n<p>Como parte fundamental de la comunidad educativa, comprendida por el director, subdirectores, inspectora general, docentes, padres de familia y estudiantes, buscamos proporcionar una educaci\u00f3n de excelencia, impregnada de calidez y guiada por los principios del Buen Vivir. Todo ello en beneficio de los ni\u00f1os, ni\u00f1as y adolescentes que conf\u00edan en nuestra instituci\u00f3n para su desarrollo acad\u00e9mico y personal.<\/p>\n\n\n\n<p>Art\u00edculo relacionado:&nbsp;<a href=\"https:\/\/webdelmaestrocmf.com\/portal\/compromiso-de-los-padres-con-la-educacion-de-sus-hijos-acta-de-compromiso-para-descargar-e-imprimir\/\" target=\"_top\" rel=\"noopener\">Acta de compromiso de los padres con la educaci\u00f3n de sus hijos<\/a><\/p>\n\n\n\n<p>Por medio de este documento, yo, <strong>[Nombre del Padre],<\/strong> con c\u00e9dula de identidad N.\u00ba<strong> [N\u00famero de C\u00e9dula],<\/strong> representante legal del estudiante <strong>[Nombre del Estudiante]<\/strong> del Grado <strong>[Grado]<\/strong> de la jornada <strong>[Jornada],<\/strong> perteneciente a la Escuela de Educaci\u00f3n B\u00e1sica<strong> \u201c[Nombre de la Escuela]\u201d<\/strong>, manifiesto mi compromiso inquebrantable con las normas internas, procedimientos institucionales y disposiciones ministeriales. Adem\u00e1s, me comprometo a contribuir activamente a la formaci\u00f3n integral de todos los estudiantes, respetando y cumpliendo con los siguientes acuerdos:<\/p>\n\n\n\n<figure class=\"wp-block-image\"><img loading=\"lazy\" decoding=\"async\" width=\"1024\" height=\"1024\" src=\"https:\/\/webdelmaestrocmf.com\/portal\/wp-content\/uploads\/2024\/01\/Banner-1-portada-imagen-10-10.jpg\" alt=\"Acta de compromiso\" class=\"wp-image-103125\" srcset=\"https:\/\/webdelmaestrocmf.com\/portal\/wp-content\/uploads\/2024\/01\/Banner-1-portada-imagen-10-10.jpg 1024w, https:\/\/webdelmaestrocmf.com\/portal\/wp-content\/uploads\/2024\/01\/Banner-1-portada-imagen-10-10-300x300.jpg 300w, https:\/\/webdelmaestrocmf.com\/portal\/wp-content\/uploads\/2024\/01\/Banner-1-portada-imagen-10-10-150x150.jpg 150w, https:\/\/webdelmaestrocmf.com\/portal\/wp-content\/uploads\/2024\/01\/Banner-1-portada-imagen-10-10-768x768.jpg 768w, https:\/\/webdelmaestrocmf.com\/portal\/wp-content\/uploads\/2024\/01\/Banner-1-portada-imagen-10-10-80x80.jpg 80w, https:\/\/webdelmaestrocmf.com\/portal\/wp-content\/uploads\/2024\/01\/Banner-1-portada-imagen-10-10-110x110.jpg 110w, https:\/\/webdelmaestrocmf.com\/portal\/wp-content\/uploads\/2024\/01\/Banner-1-portada-imagen-10-10-380x380.jpg 380w, https:\/\/webdelmaestrocmf.com\/portal\/wp-content\/uploads\/2024\/01\/Banner-1-portada-imagen-10-10-550x550.jpg 550w, https:\/\/webdelmaestrocmf.com\/portal\/wp-content\/uploads\/2024\/01\/Banner-1-portada-imagen-10-10-800x800.jpg 800w\" sizes=\"auto, (max-width: 1024px) 100vw, 1024px\" \/><\/figure>\n\n\n\n<p><\/p>\n\n\n\n<h2 class=\"wp-block-heading\"><strong>Como Padre de Familia, Me Comprometo a:<\/strong><\/h2>\n\n\n\n<p><strong>1. Respetar la diversidad:<\/strong> Instruir a nuestros hijos sobre el respeto a la diversidad cultural, \u00e9tnica, religiosa y de g\u00e9nero, valorando las diferencias que enriquecen nuestro entorno.<\/p>\n\n\n\n<p><strong>2. Comunicarme con respeto:<\/strong> Resolver conflictos de manera pac\u00edfica, evitando el uso de lenguaje ofensivo o violento que pueda herir a otros miembros de la comunidad educativa.<\/p>\n\n\n\n<p><strong>3. Apoyar a la instituci\u00f3n educativa:<\/strong> Colaborar activamente en actividades y proyectos que beneficien a nuestros hijos y fortalezcan la comunidad escolar en su conjunto.<\/p>\n\n\n\n<p><strong>4. Fomentar la responsabilidad:<\/strong> Inculcar a nuestros hijos la importancia de la responsabilidad, ayud\u00e1ndoles a cumplir con sus tareas y deberes escolares, respetando horarios y normas establecidas.<\/p>\n\n\n\n<p><strong>5. Evitar la violencia:<\/strong> Erradicar la violencia en el hogar y ense\u00f1ar a resolver conflictos de manera pac\u00edfica, denunciando cualquier forma de violencia o acoso detectada en la instituci\u00f3n educativa.<\/p>\n\n\n\n<p><strong>6. Fomentar la solidaridad:<\/strong> Estimular en nuestros hijos la solidaridad, promoviendo su colaboraci\u00f3n y ayuda hacia los dem\u00e1s en todo momento.<\/p>\n\n\n\n<p><strong>7. Autorizar la Evaluaci\u00f3n Socioemocional:<\/strong> Dar mi consentimiento para que se aplique la Evaluaci\u00f3n Socioemocional propuesta por el Ministerio de Educaci\u00f3n.<\/p>\n\n\n\n<p><strong>8. Fomentar el cumplimiento oportuno del proceso de ense\u00f1anza y evaluaci\u00f3n al 100%:<\/strong> Velar porque nuestros hijos sean responsables y cumplan con sus actividades escolares de manera equitativa.<\/p>\n\n\n\n<p>En consecuencia, firmo esta acta en pleno uso de mis facultades mentales, comprometi\u00e9ndome a respetar y acatar las medidas adoptadas para mejorar el desempe\u00f1o estudiantil en la Escuela de Educaci\u00f3n B\u00e1sica <strong>\u201c[Nombre de la Escuela]\u201d.<\/strong><\/p>\n\n\n\n<p><strong>Firma la presente, comprometi\u00e9ndome a cumplir y hacer cumplir todos los puntos estipulados en el presente documento.<\/strong><\/p>\n\n\n\n<p><strong>Lugar y fecha: [Lugar], [D\u00eda] de [Mes] del 2024.<\/strong><\/p>\n\n\n\n<p>[<strong>Firma del Padre<\/strong>]<\/p>\n\n\n\n<p class=\"has-text-align-center\">&nbsp;<strong>ENLACE DE LECTURA:<\/strong> <a href=\"https:\/\/drive.google.com\/drive\/folders\/1LhA-HfbUP3Lins8FdpoBxygZo4xTQ5ra?usp=sharing\" target=\"_blank\" rel=\"noreferrer noopener\">13 MODELOS DE FORMATOS DE ACTA DE COMPROMISO DEL PADRE DE FAMILIA 2026<\/a>  <\/p>\n\n\n\t\t<div class=\"pk-inline-posts\">\n\t\t\t\n\t\t\t<div class=\"pk-inline-posts-container pk-inline-posts-template-list\"\n\t\t\t\tdata-columns=\"1\">\n\t\t\t\t\t\t<article id=\"post-118272\" class=\"post-118272 post type-post status-publish format-standard has-post-thumbnail category-descarga category-descargas-manuales-pdf category-pedagogia tag-clima-de-aula tag-convivencia-escolar tag-disciplina-positiva-2 tag-gestion-educativa-2 tag-herramientas-educativas tag-incidencias-escolares tag-organizacion-docente tag-practica-pedagogica tag-registro-escolar tag-seguimiento-docente cs-entry cs-video-wrap\">\n\t\t\t<div class=\"pk-post-outer\">\n\n\t\t\t\t\t\t\t\t<div class=\"pk-post-inner\">\n\t\t\t\t\t<div class=\"entry-thumbnail\">\n\t\t\t\t\t\t<div class=\"pk-overlay pk-overlay-ratio pk-ratio-landscape\">\n\t\t\t\t\t\t\t<div class=\"pk-overlay-background\">\n\t\t\t\t\t\t\t\t<a href=\"https:\/\/webdelmaestrocmf.com\/portal\/descarga-las-nuevas-fichas-de-registro-de-incidencias-escolar\/\" class=\"pk-overlay-link\">\n\t\t\t\t\t\t\t\t\t<img loading=\"lazy\" decoding=\"async\" width=\"300\" height=\"225\" src=\"https:\/\/webdelmaestrocmf.com\/portal\/wp-content\/uploads\/2026\/04\/1AA-Banner-1-portada-imagen-10-1-copia-34-300x225.webp\" class=\"attachment-pk-thumbnail size-pk-thumbnail wp-post-image\" alt=\"\" \/>\t\t\t\t\t\t\t\t<\/a>\n\t\t\t\t\t\t\t<\/div>\n\t\t\t\t\t\t<\/div>\n\t\t\t\t\t<\/div>\n\t\t\t\t<\/div>\n\t\t\t\t\n\t\t\t\t<div class=\"pk-post-inner\">\n\t\t\t\t\t<header>\n\t\t\t\t\t\t<h3 class=\"pk-title\"><a href=\"https:\/\/webdelmaestrocmf.com\/portal\/descarga-las-nuevas-fichas-de-registro-de-incidencias-escolar\/\" rel=\"bookmark\">Descarga las nuevas fichas de registro de incidencias escolar<\/a><\/h3>\t\t\t\t\t<\/header><!-- .entry-header -->\n\t\t\t\t<\/div><!-- .post-inner -->\n\n\t\t\t<\/div><!-- .post-outer -->\n\t\t<\/article>\n\t\t\t<article id=\"post-118158\" class=\"post-118158 post type-post status-publish format-standard has-post-thumbnail category-descarga category-descargas-manuales-pdf category-pedagogia tag-aprendizaje-visual tag-ciencias-naturales tag-cuerpo-humano tag-educacion-inicial tag-educacion-primaria tag-ensenanza-de-ciencias tag-fichas-educativas tag-material-didactico tag-recursos-docentes tag-sistemas-humanos cs-entry cs-video-wrap\">\n\t\t\t<div class=\"pk-post-outer\">\n\n\t\t\t\t\t\t\t\t<div class=\"pk-post-inner\">\n\t\t\t\t\t<div class=\"entry-thumbnail\">\n\t\t\t\t\t\t<div class=\"pk-overlay pk-overlay-ratio pk-ratio-landscape\">\n\t\t\t\t\t\t\t<div class=\"pk-overlay-background\">\n\t\t\t\t\t\t\t\t<a href=\"https:\/\/webdelmaestrocmf.com\/portal\/descarga-las-fichas-educativas-de-los-sistemas-del-cuerpo-humano-tres-modelos-y-disenos\/\" class=\"pk-overlay-link\">\n\t\t\t\t\t\t\t\t\t<img loading=\"lazy\" decoding=\"async\" width=\"300\" height=\"225\" src=\"https:\/\/webdelmaestrocmf.com\/portal\/wp-content\/uploads\/2026\/04\/1AA-Banner-1-portada-imagen-10-1-copia-33-300x225.webp\" class=\"attachment-pk-thumbnail size-pk-thumbnail wp-post-image\" alt=\"\" \/>\t\t\t\t\t\t\t\t<\/a>\n\t\t\t\t\t\t\t<\/div>\n\t\t\t\t\t\t<\/div>\n\t\t\t\t\t<\/div>\n\t\t\t\t<\/div>\n\t\t\t\t\n\t\t\t\t<div class=\"pk-post-inner\">\n\t\t\t\t\t<header>\n\t\t\t\t\t\t<h3 class=\"pk-title\"><a href=\"https:\/\/webdelmaestrocmf.com\/portal\/descarga-las-fichas-educativas-de-los-sistemas-del-cuerpo-humano-tres-modelos-y-disenos\/\" rel=\"bookmark\">Descarga las fichas educativas de los Sistemas del cuerpo humano: tres modelos y dise\u00f1os<\/a><\/h3>\t\t\t\t\t<\/header><!-- .entry-header -->\n\t\t\t\t<\/div><!-- .post-inner -->\n\n\t\t\t<\/div><!-- .post-outer -->\n\t\t<\/article>\n\t\t\t<article id=\"post-118127\" class=\"post-118127 post type-post status-publish format-standard has-post-thumbnail category-descarga category-libros category-pedagogia tag-aula tag-docentes tag-educacion-2 tag-evaluacion-2 tag-formacion-docente tag-innovacion-2 tag-inteligencia-artificial tag-planificacion-3 tag-recursos-educativos tag-tecnologia-educativa-2 cs-entry cs-video-wrap\">\n\t\t\t<div class=\"pk-post-outer\">\n\n\t\t\t\t\t\t\t\t<div class=\"pk-post-inner\">\n\t\t\t\t\t<div class=\"entry-thumbnail\">\n\t\t\t\t\t\t<div class=\"pk-overlay pk-overlay-ratio pk-ratio-landscape\">\n\t\t\t\t\t\t\t<div class=\"pk-overlay-background\">\n\t\t\t\t\t\t\t\t<a href=\"https:\/\/webdelmaestrocmf.com\/portal\/guia-completa-de-claude-que-es-esta-guia-y-por-que-es-relevante-para-los-docentes\/\" class=\"pk-overlay-link\">\n\t\t\t\t\t\t\t\t\t<img loading=\"lazy\" decoding=\"async\" width=\"300\" height=\"225\" src=\"https:\/\/webdelmaestrocmf.com\/portal\/wp-content\/uploads\/2026\/04\/1AA-Banner-1-portada-imagen-10-1-copia-32-300x225.webp\" class=\"attachment-pk-thumbnail size-pk-thumbnail wp-post-image\" alt=\"\" \/>\t\t\t\t\t\t\t\t<\/a>\n\t\t\t\t\t\t\t<\/div>\n\t\t\t\t\t\t<\/div>\n\t\t\t\t\t<\/div>\n\t\t\t\t<\/div>\n\t\t\t\t\n\t\t\t\t<div class=\"pk-post-inner\">\n\t\t\t\t\t<header>\n\t\t\t\t\t\t<h3 class=\"pk-title\"><a href=\"https:\/\/webdelmaestrocmf.com\/portal\/guia-completa-de-claude-que-es-esta-guia-y-por-que-es-relevante-para-los-docentes\/\" rel=\"bookmark\">Descarga la gu\u00eda completa de Claude en PDF: \u00bfQu\u00e9 es esta gu\u00eda y por qu\u00e9 es relevante para los docentes?<\/a><\/h3>\t\t\t\t\t<\/header><!-- .entry-header -->\n\t\t\t\t<\/div><!-- .post-inner -->\n\n\t\t\t<\/div><!-- .post-outer -->\n\t\t<\/article>\n\t\t\t\t<\/div>\n\t\t<\/div>\n\t\t\n","protected":false},"excerpt":{"rendered":"\u00a1Aprovecha! Compartimos hoy 13 modelos de formatos editables en Word, teniendo como modelo el Acta de Compromiso del Padre de Familia","protected":false},"author":1,"featured_media":103126,"comment_status":"open","ping_status":"closed","sticky":false,"template":"","format":"standard","meta":{"csco_display_header_overlay":false,"csco_singular_sidebar":"","csco_page_header_type":"","csco_page_load_nextpost":"","csco_post_video_location":[],"csco_post_video_location_hash":"","csco_post_video_url":"","csco_post_video_bg_start_time":0,"csco_post_video_bg_end_time":0,"csco_post_video_bg_volume":false,"_jetpack_memberships_contains_paid_content":false,"footnotes":""},"categories":[23408],"tags":[14672,5903,97,2739,669,1289],"class_list":{"0":"post-103124","1":"post","2":"type-post","3":"status-publish","4":"format-standard","5":"has-post-thumbnail","7":"category-descarga","8":"tag-acta","9":"tag-compromiso","10":"tag-familia","11":"tag-modelos","12":"tag-nuevos","13":"tag-padre","14":"cs-entry","15":"cs-video-wrap"},"yoast_head":"<!-- This site is optimized with the Yoast SEO plugin v27.4 - https:\/\/yoast.com\/product\/yoast-seo-wordpress\/ -->\n<title>13 nuevos modelos de Acta de compromiso del padre de familia - 2026<\/title>\n<meta name=\"description\" content=\"Compartimos hoy 13 modelos de formatos editables en Word, centrados en la Acta de Compromiso del Padre de Familia 2024.\" \/>\n<meta name=\"robots\" content=\"index, follow, max-snippet:-1, max-image-preview:large, max-video-preview:-1\" \/>\n<link rel=\"canonical\" href=\"https:\/\/webdelmaestrocmf.com\/portal\/13-nuevos-modelos-de-acta-de-compromiso-del-padre-de-familia\/\" \/>\n<meta property=\"og:locale\" content=\"es_ES\" \/>\n<meta property=\"og:type\" content=\"article\" \/>\n<meta property=\"og:title\" content=\"13 nuevos modelos de Acta de compromiso del padre de familia - 2026\" \/>\n<meta property=\"og:description\" content=\"Compartimos hoy 13 modelos de formatos editables en Word, centrados en la Acta de Compromiso del Padre de Familia 2024.\" \/>\n<meta property=\"og:url\" content=\"https:\/\/webdelmaestrocmf.com\/portal\/13-nuevos-modelos-de-acta-de-compromiso-del-padre-de-familia\/\" \/>\n<meta property=\"og:site_name\" content=\"Web del Maestro CMF\" \/>\n<meta property=\"article:publisher\" content=\"https:\/\/www.facebook.com\/WebdelMaestroCMF\/\" \/>\n<meta property=\"article:author\" content=\"https:\/\/www.facebook.com\/WebdelMaestroCMF\/\" \/>\n<meta property=\"article:published_time\" content=\"2025-07-02T12:00:00+00:00\" \/>\n<meta property=\"article:modified_time\" content=\"2026-03-08T00:03:19+00:00\" \/>\n<meta property=\"og:image\" content=\"https:\/\/webdelmaestrocmf.com\/portal\/wp-content\/uploads\/2024\/01\/Banner-1-portada-imagen-10-11-1.jpg\" \/>\n\t<meta property=\"og:image:width\" content=\"1024\" \/>\n\t<meta property=\"og:image:height\" content=\"1024\" \/>\n\t<meta property=\"og:image:type\" content=\"image\/jpeg\" \/>\n<meta name=\"author\" content=\"Web del Maestro CMF\" \/>\n<meta name=\"twitter:card\" content=\"summary_large_image\" \/>\n<meta name=\"twitter:creator\" content=\"@cmf_w\" \/>\n<meta name=\"twitter:site\" content=\"@cmf_w\" \/>\n<meta name=\"twitter:label1\" content=\"Escrito por\" \/>\n\t<meta name=\"twitter:data1\" content=\"Web del Maestro CMF\" \/>\n\t<meta name=\"twitter:label2\" content=\"Tiempo de lectura\" \/>\n\t<meta name=\"twitter:data2\" content=\"3 minutos\" \/>\n<script type=\"application\/ld+json\" class=\"yoast-schema-graph\">{\"@context\":\"https:\\\/\\\/schema.org\",\"@graph\":[{\"@type\":\"ScholarlyArticle\",\"@id\":\"https:\\\/\\\/webdelmaestrocmf.com\\\/portal\\\/13-nuevos-modelos-de-acta-de-compromiso-del-padre-de-familia\\\/#article\",\"isPartOf\":{\"@id\":\"https:\\\/\\\/webdelmaestrocmf.com\\\/portal\\\/13-nuevos-modelos-de-acta-de-compromiso-del-padre-de-familia\\\/\"},\"author\":{\"name\":\"Web del Maestro CMF\",\"@id\":\"https:\\\/\\\/webdelmaestrocmf.com\\\/portal\\\/#\\\/schema\\\/person\\\/1072a2ed7bd960df8ef99a551fa35dc5\"},\"headline\":\"13 nuevos modelos de Acta de compromiso del padre de familia\",\"datePublished\":\"2025-07-02T12:00:00+00:00\",\"dateModified\":\"2026-03-08T00:03:19+00:00\",\"mainEntityOfPage\":{\"@id\":\"https:\\\/\\\/webdelmaestrocmf.com\\\/portal\\\/13-nuevos-modelos-de-acta-de-compromiso-del-padre-de-familia\\\/\"},\"wordCount\":547,\"commentCount\":2,\"publisher\":{\"@id\":\"https:\\\/\\\/webdelmaestrocmf.com\\\/portal\\\/#organization\"},\"image\":{\"@id\":\"https:\\\/\\\/webdelmaestrocmf.com\\\/portal\\\/13-nuevos-modelos-de-acta-de-compromiso-del-padre-de-familia\\\/#primaryimage\"},\"thumbnailUrl\":\"https:\\\/\\\/webdelmaestrocmf.com\\\/portal\\\/wp-content\\\/uploads\\\/2024\\\/01\\\/Banner-1-portada-imagen-10-11-1.jpg\",\"keywords\":[\"Acta\",\"compromiso\",\"familia\",\"MODELOS\",\"NUEVOS\",\"padre\"],\"articleSection\":[\"Descarga\"],\"inLanguage\":\"es\",\"potentialAction\":[{\"@type\":\"CommentAction\",\"name\":\"Comment\",\"target\":[\"https:\\\/\\\/webdelmaestrocmf.com\\\/portal\\\/13-nuevos-modelos-de-acta-de-compromiso-del-padre-de-familia\\\/#respond\"]}]},{\"@type\":\"WebPage\",\"@id\":\"https:\\\/\\\/webdelmaestrocmf.com\\\/portal\\\/13-nuevos-modelos-de-acta-de-compromiso-del-padre-de-familia\\\/\",\"url\":\"https:\\\/\\\/webdelmaestrocmf.com\\\/portal\\\/13-nuevos-modelos-de-acta-de-compromiso-del-padre-de-familia\\\/\",\"name\":\"13 nuevos modelos de Acta de compromiso del padre de familia - 2026\",\"isPartOf\":{\"@id\":\"https:\\\/\\\/webdelmaestrocmf.com\\\/portal\\\/#website\"},\"primaryImageOfPage\":{\"@id\":\"https:\\\/\\\/webdelmaestrocmf.com\\\/portal\\\/13-nuevos-modelos-de-acta-de-compromiso-del-padre-de-familia\\\/#primaryimage\"},\"image\":{\"@id\":\"https:\\\/\\\/webdelmaestrocmf.com\\\/portal\\\/13-nuevos-modelos-de-acta-de-compromiso-del-padre-de-familia\\\/#primaryimage\"},\"thumbnailUrl\":\"https:\\\/\\\/webdelmaestrocmf.com\\\/portal\\\/wp-content\\\/uploads\\\/2024\\\/01\\\/Banner-1-portada-imagen-10-11-1.jpg\",\"datePublished\":\"2025-07-02T12:00:00+00:00\",\"dateModified\":\"2026-03-08T00:03:19+00:00\",\"description\":\"Compartimos hoy 13 modelos de formatos editables en Word, centrados en la Acta de Compromiso del Padre de Familia 2024.\",\"breadcrumb\":{\"@id\":\"https:\\\/\\\/webdelmaestrocmf.com\\\/portal\\\/13-nuevos-modelos-de-acta-de-compromiso-del-padre-de-familia\\\/#breadcrumb\"},\"inLanguage\":\"es\",\"potentialAction\":[{\"@type\":\"ReadAction\",\"target\":[\"https:\\\/\\\/webdelmaestrocmf.com\\\/portal\\\/13-nuevos-modelos-de-acta-de-compromiso-del-padre-de-familia\\\/\"]}]},{\"@type\":\"ImageObject\",\"inLanguage\":\"es\",\"@id\":\"https:\\\/\\\/webdelmaestrocmf.com\\\/portal\\\/13-nuevos-modelos-de-acta-de-compromiso-del-padre-de-familia\\\/#primaryimage\",\"url\":\"https:\\\/\\\/webdelmaestrocmf.com\\\/portal\\\/wp-content\\\/uploads\\\/2024\\\/01\\\/Banner-1-portada-imagen-10-11-1.jpg\",\"contentUrl\":\"https:\\\/\\\/webdelmaestrocmf.com\\\/portal\\\/wp-content\\\/uploads\\\/2024\\\/01\\\/Banner-1-portada-imagen-10-11-1.jpg\",\"width\":1024,\"height\":1024,\"caption\":\"Acta de compromiso\"},{\"@type\":\"BreadcrumbList\",\"@id\":\"https:\\\/\\\/webdelmaestrocmf.com\\\/portal\\\/13-nuevos-modelos-de-acta-de-compromiso-del-padre-de-familia\\\/#breadcrumb\",\"itemListElement\":[{\"@type\":\"ListItem\",\"position\":1,\"name\":\"Portada\",\"item\":\"https:\\\/\\\/webdelmaestrocmf.com\\\/portal\\\/\"},{\"@type\":\"ListItem\",\"position\":2,\"name\":\"Descarga\",\"item\":\"https:\\\/\\\/webdelmaestrocmf.com\\\/portal\\\/category\\\/descarga\\\/\"},{\"@type\":\"ListItem\",\"position\":3,\"name\":\"13 nuevos modelos de Acta de compromiso del padre de familia\"}]},{\"@type\":\"WebSite\",\"@id\":\"https:\\\/\\\/webdelmaestrocmf.com\\\/portal\\\/#website\",\"url\":\"https:\\\/\\\/webdelmaestrocmf.com\\\/portal\\\/\",\"name\":\"Web del Maestro CMF\",\"description\":\"Maestros al servicio de la educaci\u00f3n\",\"publisher\":{\"@id\":\"https:\\\/\\\/webdelmaestrocmf.com\\\/portal\\\/#organization\"},\"alternateName\":\"WMCMF\",\"potentialAction\":[{\"@type\":\"SearchAction\",\"target\":{\"@type\":\"EntryPoint\",\"urlTemplate\":\"https:\\\/\\\/webdelmaestrocmf.com\\\/portal\\\/?s={search_term_string}\"},\"query-input\":{\"@type\":\"PropertyValueSpecification\",\"valueRequired\":true,\"valueName\":\"search_term_string\"}}],\"inLanguage\":\"es\"},{\"@type\":\"Organization\",\"@id\":\"https:\\\/\\\/webdelmaestrocmf.com\\\/portal\\\/#organization\",\"name\":\"Web del Maestro CMF\",\"alternateName\":\"WMCMF\",\"url\":\"https:\\\/\\\/webdelmaestrocmf.com\\\/portal\\\/\",\"logo\":{\"@type\":\"ImageObject\",\"inLanguage\":\"es\",\"@id\":\"https:\\\/\\\/webdelmaestrocmf.com\\\/portal\\\/#\\\/schema\\\/logo\\\/image\\\/\",\"url\":\"https:\\\/\\\/webdelmaestrocmf.com\\\/portal\\\/wp-content\\\/uploads\\\/2023\\\/01\\\/logo-wmcmf-2.png\",\"contentUrl\":\"https:\\\/\\\/webdelmaestrocmf.com\\\/portal\\\/wp-content\\\/uploads\\\/2023\\\/01\\\/logo-wmcmf-2.png\",\"width\":200,\"height\":60,\"caption\":\"Web del Maestro CMF\"},\"image\":{\"@id\":\"https:\\\/\\\/webdelmaestrocmf.com\\\/portal\\\/#\\\/schema\\\/logo\\\/image\\\/\"},\"sameAs\":[\"https:\\\/\\\/www.facebook.com\\\/WebdelMaestroCMF\\\/\",\"https:\\\/\\\/x.com\\\/cmf_w\",\"https:\\\/\\\/www.pinterest.com\\\/WMCMF\\\/\",\"https:\\\/\\\/www.linkedin.com\\\/company\\\/web-del-maestro-cmf\\\/\",\"https:\\\/\\\/www.instagram.com\\\/wmcmf\\\/\",\"https:\\\/\\\/www.youtube.com\\\/channel\\\/UCDPSvjbdodE5sHnC3OxutHw\",\"https:\\\/\\\/mastodon.social\\\/@wmcmf\",\"https:\\\/\\\/www.tiktok.com\\\/@webdelmaestrocmf\"]},{\"@type\":\"Person\",\"@id\":\"https:\\\/\\\/webdelmaestrocmf.com\\\/portal\\\/#\\\/schema\\\/person\\\/1072a2ed7bd960df8ef99a551fa35dc5\",\"name\":\"Web del Maestro CMF\",\"image\":{\"@type\":\"ImageObject\",\"inLanguage\":\"es\",\"@id\":\"https:\\\/\\\/secure.gravatar.com\\\/avatar\\\/23291dd5b5ae1077dcff3dbb04c3e02bd28403fa75af6d8787d5e97c5bbbe30b?s=96&d=mm&r=g\",\"url\":\"https:\\\/\\\/secure.gravatar.com\\\/avatar\\\/23291dd5b5ae1077dcff3dbb04c3e02bd28403fa75af6d8787d5e97c5bbbe30b?s=96&d=mm&r=g\",\"contentUrl\":\"https:\\\/\\\/secure.gravatar.com\\\/avatar\\\/23291dd5b5ae1077dcff3dbb04c3e02bd28403fa75af6d8787d5e97c5bbbe30b?s=96&d=mm&r=g\",\"caption\":\"Web del Maestro CMF\"},\"description\":\"Esta Web se cre\u00f3 sin fines de lucro, con fines educativos, cient\u00edficos y acad\u00e9micos, para personas que tengan dificultades y\\\/o inconvenientes en visualizar el material original. El objetivo es entregar recursos, compartir experiencias y materiales que ayuden a los padres de familia, maestros y estudiantes en su actualizaci\u00f3n y formaci\u00f3n permanente, en bien de la Educaci\u00f3n.\",\"sameAs\":[\"http:\\\/\\\/webdelmaestrocmf.com\\\/portal\",\"https:\\\/\\\/www.facebook.com\\\/WebdelMaestroCMF\\\/\",\"https:\\\/\\\/www.instagram.com\\\/wmcmf\\\/\",\"https:\\\/\\\/cl.linkedin.com\\\/company\\\/web-del-maestro-cmf\",\"https:\\\/\\\/www.pinterest.com\\\/WMCMF\\\/publicaciones\\\/\",\"https:\\\/\\\/x.com\\\/cmf_w\",\"https:\\\/\\\/www.youtube.com\\\/@WMCMF\"]}]}<\/script>\n<!-- \/ Yoast SEO plugin. -->","yoast_head_json":{"title":"13 nuevos modelos de Acta de compromiso del padre de familia - 2026","description":"Compartimos hoy 13 modelos de formatos editables en Word, centrados en la Acta de Compromiso del Padre de Familia 2024.","robots":{"index":"index","follow":"follow","max-snippet":"max-snippet:-1","max-image-preview":"max-image-preview:large","max-video-preview":"max-video-preview:-1"},"canonical":"https:\/\/webdelmaestrocmf.com\/portal\/13-nuevos-modelos-de-acta-de-compromiso-del-padre-de-familia\/","og_locale":"es_ES","og_type":"article","og_title":"13 nuevos modelos de Acta de compromiso del padre de familia - 2026","og_description":"Compartimos hoy 13 modelos de formatos editables en Word, centrados en la Acta de Compromiso del Padre de Familia 2024.","og_url":"https:\/\/webdelmaestrocmf.com\/portal\/13-nuevos-modelos-de-acta-de-compromiso-del-padre-de-familia\/","og_site_name":"Web del Maestro CMF","article_publisher":"https:\/\/www.facebook.com\/WebdelMaestroCMF\/","article_author":"https:\/\/www.facebook.com\/WebdelMaestroCMF\/","article_published_time":"2025-07-02T12:00:00+00:00","article_modified_time":"2026-03-08T00:03:19+00:00","og_image":[{"width":1024,"height":1024,"url":"https:\/\/webdelmaestrocmf.com\/portal\/wp-content\/uploads\/2024\/01\/Banner-1-portada-imagen-10-11-1.jpg","type":"image\/jpeg"}],"author":"Web del Maestro CMF","twitter_card":"summary_large_image","twitter_creator":"@cmf_w","twitter_site":"@cmf_w","twitter_misc":{"Escrito por":"Web del Maestro CMF","Tiempo de lectura":"3 minutos"},"schema":{"@context":"https:\/\/schema.org","@graph":[{"@type":"ScholarlyArticle","@id":"https:\/\/webdelmaestrocmf.com\/portal\/13-nuevos-modelos-de-acta-de-compromiso-del-padre-de-familia\/#article","isPartOf":{"@id":"https:\/\/webdelmaestrocmf.com\/portal\/13-nuevos-modelos-de-acta-de-compromiso-del-padre-de-familia\/"},"author":{"name":"Web del Maestro CMF","@id":"https:\/\/webdelmaestrocmf.com\/portal\/#\/schema\/person\/1072a2ed7bd960df8ef99a551fa35dc5"},"headline":"13 nuevos modelos de Acta de compromiso del padre de familia","datePublished":"2025-07-02T12:00:00+00:00","dateModified":"2026-03-08T00:03:19+00:00","mainEntityOfPage":{"@id":"https:\/\/webdelmaestrocmf.com\/portal\/13-nuevos-modelos-de-acta-de-compromiso-del-padre-de-familia\/"},"wordCount":547,"commentCount":2,"publisher":{"@id":"https:\/\/webdelmaestrocmf.com\/portal\/#organization"},"image":{"@id":"https:\/\/webdelmaestrocmf.com\/portal\/13-nuevos-modelos-de-acta-de-compromiso-del-padre-de-familia\/#primaryimage"},"thumbnailUrl":"https:\/\/webdelmaestrocmf.com\/portal\/wp-content\/uploads\/2024\/01\/Banner-1-portada-imagen-10-11-1.jpg","keywords":["Acta","compromiso","familia","MODELOS","NUEVOS","padre"],"articleSection":["Descarga"],"inLanguage":"es","potentialAction":[{"@type":"CommentAction","name":"Comment","target":["https:\/\/webdelmaestrocmf.com\/portal\/13-nuevos-modelos-de-acta-de-compromiso-del-padre-de-familia\/#respond"]}]},{"@type":"WebPage","@id":"https:\/\/webdelmaestrocmf.com\/portal\/13-nuevos-modelos-de-acta-de-compromiso-del-padre-de-familia\/","url":"https:\/\/webdelmaestrocmf.com\/portal\/13-nuevos-modelos-de-acta-de-compromiso-del-padre-de-familia\/","name":"13 nuevos modelos de Acta de compromiso del padre de familia - 2026","isPartOf":{"@id":"https:\/\/webdelmaestrocmf.com\/portal\/#website"},"primaryImageOfPage":{"@id":"https:\/\/webdelmaestrocmf.com\/portal\/13-nuevos-modelos-de-acta-de-compromiso-del-padre-de-familia\/#primaryimage"},"image":{"@id":"https:\/\/webdelmaestrocmf.com\/portal\/13-nuevos-modelos-de-acta-de-compromiso-del-padre-de-familia\/#primaryimage"},"thumbnailUrl":"https:\/\/webdelmaestrocmf.com\/portal\/wp-content\/uploads\/2024\/01\/Banner-1-portada-imagen-10-11-1.jpg","datePublished":"2025-07-02T12:00:00+00:00","dateModified":"2026-03-08T00:03:19+00:00","description":"Compartimos hoy 13 modelos de formatos editables en Word, centrados en la Acta de Compromiso del Padre de Familia 2024.","breadcrumb":{"@id":"https:\/\/webdelmaestrocmf.com\/portal\/13-nuevos-modelos-de-acta-de-compromiso-del-padre-de-familia\/#breadcrumb"},"inLanguage":"es","potentialAction":[{"@type":"ReadAction","target":["https:\/\/webdelmaestrocmf.com\/portal\/13-nuevos-modelos-de-acta-de-compromiso-del-padre-de-familia\/"]}]},{"@type":"ImageObject","inLanguage":"es","@id":"https:\/\/webdelmaestrocmf.com\/portal\/13-nuevos-modelos-de-acta-de-compromiso-del-padre-de-familia\/#primaryimage","url":"https:\/\/webdelmaestrocmf.com\/portal\/wp-content\/uploads\/2024\/01\/Banner-1-portada-imagen-10-11-1.jpg","contentUrl":"https:\/\/webdelmaestrocmf.com\/portal\/wp-content\/uploads\/2024\/01\/Banner-1-portada-imagen-10-11-1.jpg","width":1024,"height":1024,"caption":"Acta de compromiso"},{"@type":"BreadcrumbList","@id":"https:\/\/webdelmaestrocmf.com\/portal\/13-nuevos-modelos-de-acta-de-compromiso-del-padre-de-familia\/#breadcrumb","itemListElement":[{"@type":"ListItem","position":1,"name":"Portada","item":"https:\/\/webdelmaestrocmf.com\/portal\/"},{"@type":"ListItem","position":2,"name":"Descarga","item":"https:\/\/webdelmaestrocmf.com\/portal\/category\/descarga\/"},{"@type":"ListItem","position":3,"name":"13 nuevos modelos de Acta de compromiso del padre de familia"}]},{"@type":"WebSite","@id":"https:\/\/webdelmaestrocmf.com\/portal\/#website","url":"https:\/\/webdelmaestrocmf.com\/portal\/","name":"Web del Maestro CMF","description":"Maestros al servicio de la educaci\u00f3n","publisher":{"@id":"https:\/\/webdelmaestrocmf.com\/portal\/#organization"},"alternateName":"WMCMF","potentialAction":[{"@type":"SearchAction","target":{"@type":"EntryPoint","urlTemplate":"https:\/\/webdelmaestrocmf.com\/portal\/?s={search_term_string}"},"query-input":{"@type":"PropertyValueSpecification","valueRequired":true,"valueName":"search_term_string"}}],"inLanguage":"es"},{"@type":"Organization","@id":"https:\/\/webdelmaestrocmf.com\/portal\/#organization","name":"Web del Maestro CMF","alternateName":"WMCMF","url":"https:\/\/webdelmaestrocmf.com\/portal\/","logo":{"@type":"ImageObject","inLanguage":"es","@id":"https:\/\/webdelmaestrocmf.com\/portal\/#\/schema\/logo\/image\/","url":"https:\/\/webdelmaestrocmf.com\/portal\/wp-content\/uploads\/2023\/01\/logo-wmcmf-2.png","contentUrl":"https:\/\/webdelmaestrocmf.com\/portal\/wp-content\/uploads\/2023\/01\/logo-wmcmf-2.png","width":200,"height":60,"caption":"Web del Maestro CMF"},"image":{"@id":"https:\/\/webdelmaestrocmf.com\/portal\/#\/schema\/logo\/image\/"},"sameAs":["https:\/\/www.facebook.com\/WebdelMaestroCMF\/","https:\/\/x.com\/cmf_w","https:\/\/www.pinterest.com\/WMCMF\/","https:\/\/www.linkedin.com\/company\/web-del-maestro-cmf\/","https:\/\/www.instagram.com\/wmcmf\/","https:\/\/www.youtube.com\/channel\/UCDPSvjbdodE5sHnC3OxutHw","https:\/\/mastodon.social\/@wmcmf","https:\/\/www.tiktok.com\/@webdelmaestrocmf"]},{"@type":"Person","@id":"https:\/\/webdelmaestrocmf.com\/portal\/#\/schema\/person\/1072a2ed7bd960df8ef99a551fa35dc5","name":"Web del Maestro CMF","image":{"@type":"ImageObject","inLanguage":"es","@id":"https:\/\/secure.gravatar.com\/avatar\/23291dd5b5ae1077dcff3dbb04c3e02bd28403fa75af6d8787d5e97c5bbbe30b?s=96&d=mm&r=g","url":"https:\/\/secure.gravatar.com\/avatar\/23291dd5b5ae1077dcff3dbb04c3e02bd28403fa75af6d8787d5e97c5bbbe30b?s=96&d=mm&r=g","contentUrl":"https:\/\/secure.gravatar.com\/avatar\/23291dd5b5ae1077dcff3dbb04c3e02bd28403fa75af6d8787d5e97c5bbbe30b?s=96&d=mm&r=g","caption":"Web del Maestro CMF"},"description":"Esta Web se cre\u00f3 sin fines de lucro, con fines educativos, cient\u00edficos y acad\u00e9micos, para personas que tengan dificultades y\/o inconvenientes en visualizar el material original. El objetivo es entregar recursos, compartir experiencias y materiales que ayuden a los padres de familia, maestros y estudiantes en su actualizaci\u00f3n y formaci\u00f3n permanente, en bien de la Educaci\u00f3n.","sameAs":["http:\/\/webdelmaestrocmf.com\/portal","https:\/\/www.facebook.com\/WebdelMaestroCMF\/","https:\/\/www.instagram.com\/wmcmf\/","https:\/\/cl.linkedin.com\/company\/web-del-maestro-cmf","https:\/\/www.pinterest.com\/WMCMF\/publicaciones\/","https:\/\/x.com\/cmf_w","https:\/\/www.youtube.com\/@WMCMF"]}]}},"jetpack_featured_media_url":"https:\/\/webdelmaestrocmf.com\/portal\/wp-content\/uploads\/2024\/01\/Banner-1-portada-imagen-10-11-1.jpg","jetpack_sharing_enabled":true,"jetpack-related-posts":[{"id":83805,"url":"https:\/\/webdelmaestrocmf.com\/portal\/acta-de-compromiso-de-los-padres-de-familia-2023\/","url_meta":{"origin":103124,"position":0},"title":"Acta de compromiso de los padres de familia","author":"Web del Maestro CMF","date":"10 enero, 2024","format":false,"excerpt":"Compartimos un formato de Acta de Compromiso para Padres de Familia (del 2024) que esperamos les sirva de instrumento regulador, aprobado en consenso y en reuni\u00f3n general, y que versa sobre las relaciones y comportamiento de obligatorio cumplimiento entre la\u00a0 escuela, comunidad educativa, padres de familia y los estudiantes. Este\u2026","rel":"","context":"En \u00abDescargas Manuales PDF\u00bb","block_context":{"text":"Descargas Manuales PDF","link":"https:\/\/webdelmaestrocmf.com\/portal\/category\/pedagogia\/descargas-manuales-pdf\/"},"img":{"alt_text":"Acta de compromiso","src":"https:\/\/i0.wp.com\/webdelmaestrocmf.com\/portal\/wp-content\/uploads\/2024\/01\/A-cuadrado-nuevo-ffonso-15.jpg?resize=350%2C200&ssl=1","width":350,"height":200,"srcset":"https:\/\/i0.wp.com\/webdelmaestrocmf.com\/portal\/wp-content\/uploads\/2024\/01\/A-cuadrado-nuevo-ffonso-15.jpg?resize=350%2C200&ssl=1 1x, https:\/\/i0.wp.com\/webdelmaestrocmf.com\/portal\/wp-content\/uploads\/2024\/01\/A-cuadrado-nuevo-ffonso-15.jpg?resize=525%2C300&ssl=1 1.5x, https:\/\/i0.wp.com\/webdelmaestrocmf.com\/portal\/wp-content\/uploads\/2024\/01\/A-cuadrado-nuevo-ffonso-15.jpg?resize=700%2C400&ssl=1 2x"},"classes":[]},{"id":75087,"url":"https:\/\/webdelmaestrocmf.com\/portal\/acta-de-compromiso-para-padres-de-familia-en-word\/","url_meta":{"origin":103124,"position":1},"title":"Acta de compromiso para padres de familia en Word","author":"Web del Maestro CMF","date":"30 mayo, 2024","format":false,"excerpt":"La educaci\u00f3n es un proceso en constante evoluci\u00f3n que trasciende los l\u00edmites de las aulas y se nutre de la colaboraci\u00f3n entre la escuela y el hogar. En esta sinergia, el papel de los padres y tutores es de vital importancia para el desarrollo acad\u00e9mico y personal de los estudiantes.\u2026","rel":"","context":"En \u00abDescargas Manuales PDF\u00bb","block_context":{"text":"Descargas Manuales PDF","link":"https:\/\/webdelmaestrocmf.com\/portal\/category\/pedagogia\/descargas-manuales-pdf\/"},"img":{"alt_text":"","src":"https:\/\/i0.wp.com\/webdelmaestrocmf.com\/portal\/wp-content\/uploads\/2024\/05\/Portada-descarga-3.jpg?resize=350%2C200&ssl=1","width":350,"height":200,"srcset":"https:\/\/i0.wp.com\/webdelmaestrocmf.com\/portal\/wp-content\/uploads\/2024\/05\/Portada-descarga-3.jpg?resize=350%2C200&ssl=1 1x, https:\/\/i0.wp.com\/webdelmaestrocmf.com\/portal\/wp-content\/uploads\/2024\/05\/Portada-descarga-3.jpg?resize=525%2C300&ssl=1 1.5x, https:\/\/i0.wp.com\/webdelmaestrocmf.com\/portal\/wp-content\/uploads\/2024\/05\/Portada-descarga-3.jpg?resize=700%2C400&ssl=1 2x"},"classes":[]},{"id":85258,"url":"https:\/\/webdelmaestrocmf.com\/portal\/compromiso-de-los-padres-con-la-educacion-de-sus-hijos-acta-de-compromiso-para-descargar-e-imprimir\/","url_meta":{"origin":103124,"position":2},"title":"Acta de compromiso de los padres con la educaci\u00f3n de sus hijos","author":"Web del Maestro CMF","date":"5 marzo, 2023","format":false,"excerpt":"La educaci\u00f3n, como una sinfon\u00eda compleja, requiere la armoniosa colaboraci\u00f3n entre dos actores principales: padres y docentes. En este escenario, el papel de los progenitores va m\u00e1s all\u00e1 de solo enviar a sus hijos a la escuela; se convierte en una participaci\u00f3n activa y consciente en el proceso educativo. Esta\u2026","rel":"","context":"En \u00abDescargas Manuales PDF\u00bb","block_context":{"text":"Descargas Manuales PDF","link":"https:\/\/webdelmaestrocmf.com\/portal\/category\/pedagogia\/descargas-manuales-pdf\/"},"img":{"alt_text":"Acta de compromiso de los padres","src":"https:\/\/i0.wp.com\/webdelmaestrocmf.com\/portal\/wp-content\/uploads\/2023\/03\/BANNER-MUESTRA-2019-M-1.jpg?resize=350%2C200&ssl=1","width":350,"height":200,"srcset":"https:\/\/i0.wp.com\/webdelmaestrocmf.com\/portal\/wp-content\/uploads\/2023\/03\/BANNER-MUESTRA-2019-M-1.jpg?resize=350%2C200&ssl=1 1x, https:\/\/i0.wp.com\/webdelmaestrocmf.com\/portal\/wp-content\/uploads\/2023\/03\/BANNER-MUESTRA-2019-M-1.jpg?resize=525%2C300&ssl=1 1.5x, https:\/\/i0.wp.com\/webdelmaestrocmf.com\/portal\/wp-content\/uploads\/2023\/03\/BANNER-MUESTRA-2019-M-1.jpg?resize=700%2C400&ssl=1 2x"},"classes":[]},{"id":102154,"url":"https:\/\/webdelmaestrocmf.com\/portal\/documentos-que-todo-docente-debe-tener\/","url_meta":{"origin":103124,"position":3},"title":"Documentos que todo docente debe tener","author":"Web del Maestro CMF","date":"15 enero, 2024","format":false,"excerpt":"En el universo desafiante de la ense\u00f1anza, la planificaci\u00f3n efectiva y la organizaci\u00f3n son claves. Este a\u00f1o, destacamos documentos esenciales que todo docente necesita. Desde modelos de actas hasta formatos de experiencias de aprendizaje, estas herramientas simplifican la gesti\u00f3n educativa. Al final de este art\u00edculo, encontrar\u00e1 enlaces de descarga para\u2026","rel":"","context":"En \u00abDescargas Manuales PDF\u00bb","block_context":{"text":"Descargas Manuales PDF","link":"https:\/\/webdelmaestrocmf.com\/portal\/category\/pedagogia\/descargas-manuales-pdf\/"},"img":{"alt_text":"Documentos que todo docente debe tener","src":"https:\/\/i0.wp.com\/webdelmaestrocmf.com\/portal\/wp-content\/uploads\/2024\/01\/Banner-1-portada-imagen-10-20.jpg?resize=350%2C200&ssl=1","width":350,"height":200,"srcset":"https:\/\/i0.wp.com\/webdelmaestrocmf.com\/portal\/wp-content\/uploads\/2024\/01\/Banner-1-portada-imagen-10-20.jpg?resize=350%2C200&ssl=1 1x, https:\/\/i0.wp.com\/webdelmaestrocmf.com\/portal\/wp-content\/uploads\/2024\/01\/Banner-1-portada-imagen-10-20.jpg?resize=525%2C300&ssl=1 1.5x, https:\/\/i0.wp.com\/webdelmaestrocmf.com\/portal\/wp-content\/uploads\/2024\/01\/Banner-1-portada-imagen-10-20.jpg?resize=700%2C400&ssl=1 2x"},"classes":[]},{"id":115741,"url":"https:\/\/webdelmaestrocmf.com\/portal\/la-importancia-del-acta-de-reunion-docente-una-herramienta-clave-para-la-organizacion-pedagogica\/","url_meta":{"origin":103124,"position":4},"title":"La importancia del acta de reuni\u00f3n docente: una herramienta clave para la organizaci\u00f3n pedag\u00f3gica","author":"Web del Maestro CMF","date":"7 marzo, 2026","format":false,"excerpt":"Un acta bien elaborada no solo registra lo que se dijo en una reuni\u00f3n, sino que tambi\u00e9n organiza la informaci\u00f3n, facilita el seguimiento de acuerdos y fortalece la responsabilidad profesional dentro de la comunidad educativa.","rel":"","context":"En \u00abRecursos\u00bb","block_context":{"text":"Recursos","link":"https:\/\/webdelmaestrocmf.com\/portal\/category\/pedagogia\/"},"img":{"alt_text":"","src":"https:\/\/i0.wp.com\/webdelmaestrocmf.com\/portal\/wp-content\/uploads\/2026\/03\/1A-Banner-1-portada-imagen-10-1-copia-3.webp?resize=350%2C200&ssl=1","width":350,"height":200,"srcset":"https:\/\/i0.wp.com\/webdelmaestrocmf.com\/portal\/wp-content\/uploads\/2026\/03\/1A-Banner-1-portada-imagen-10-1-copia-3.webp?resize=350%2C200&ssl=1 1x, https:\/\/i0.wp.com\/webdelmaestrocmf.com\/portal\/wp-content\/uploads\/2026\/03\/1A-Banner-1-portada-imagen-10-1-copia-3.webp?resize=525%2C300&ssl=1 1.5x, https:\/\/i0.wp.com\/webdelmaestrocmf.com\/portal\/wp-content\/uploads\/2026\/03\/1A-Banner-1-portada-imagen-10-1-copia-3.webp?resize=700%2C400&ssl=1 2x"},"classes":[]},{"id":23960,"url":"https:\/\/webdelmaestrocmf.com\/portal\/formato-de-documentos-de-finalizacion-de-ano-escolar-2017\/","url_meta":{"origin":103124,"position":5},"title":"Formatos de documentos de finalizaci\u00f3n del a\u00f1o escolar","author":"Web del Maestro CMF","date":"30 noviembre, 2019","format":false,"excerpt":"El prop\u00f3sito es establecer las pautas y procedimientos, incluyendo los formatos de documentos de finalizaci\u00f3n del a\u00f1o escolar, para llevar a cabo las actividades de cierre del a\u00f1o en las Instituciones y Programas Educativos, tanto P\u00fablicos como Privados, de Educaci\u00f3n B\u00e1sica. Los objetivos primordiales son asegurar la conclusi\u00f3n oportuna y\u2026","rel":"","context":"En \u00abDescargas Manuales PDF\u00bb","block_context":{"text":"Descargas Manuales PDF","link":"https:\/\/webdelmaestrocmf.com\/portal\/category\/pedagogia\/descargas-manuales-pdf\/"},"img":{"alt_text":"documentos de finalizaci\u00f3n del a\u00f1o escolar","src":"https:\/\/i0.wp.com\/webdelmaestrocmf.com\/portal\/wp-content\/uploads\/2019\/11\/z1-45-1.jpg?resize=350%2C200&ssl=1","width":350,"height":200,"srcset":"https:\/\/i0.wp.com\/webdelmaestrocmf.com\/portal\/wp-content\/uploads\/2019\/11\/z1-45-1.jpg?resize=350%2C200&ssl=1 1x, https:\/\/i0.wp.com\/webdelmaestrocmf.com\/portal\/wp-content\/uploads\/2019\/11\/z1-45-1.jpg?resize=525%2C300&ssl=1 1.5x, https:\/\/i0.wp.com\/webdelmaestrocmf.com\/portal\/wp-content\/uploads\/2019\/11\/z1-45-1.jpg?resize=700%2C400&ssl=1 2x, https:\/\/i0.wp.com\/webdelmaestrocmf.com\/portal\/wp-content\/uploads\/2019\/11\/z1-45-1.jpg?resize=1050%2C600&ssl=1 3x"},"classes":[]}],"_links":{"self":[{"href":"https:\/\/webdelmaestrocmf.com\/portal\/wp-json\/wp\/v2\/posts\/103124","targetHints":{"allow":["GET"]}}],"collection":[{"href":"https:\/\/webdelmaestrocmf.com\/portal\/wp-json\/wp\/v2\/posts"}],"about":[{"href":"https:\/\/webdelmaestrocmf.com\/portal\/wp-json\/wp\/v2\/types\/post"}],"author":[{"embeddable":true,"href":"https:\/\/webdelmaestrocmf.com\/portal\/wp-json\/wp\/v2\/users\/1"}],"replies":[{"embeddable":true,"href":"https:\/\/webdelmaestrocmf.com\/portal\/wp-json\/wp\/v2\/comments?post=103124"}],"version-history":[{"count":5,"href":"https:\/\/webdelmaestrocmf.com\/portal\/wp-json\/wp\/v2\/posts\/103124\/revisions"}],"predecessor-version":[{"id":115745,"href":"https:\/\/webdelmaestrocmf.com\/portal\/wp-json\/wp\/v2\/posts\/103124\/revisions\/115745"}],"wp:featuredmedia":[{"embeddable":true,"href":"https:\/\/webdelmaestrocmf.com\/portal\/wp-json\/wp\/v2\/media\/103126"}],"wp:attachment":[{"href":"https:\/\/webdelmaestrocmf.com\/portal\/wp-json\/wp\/v2\/media?parent=103124"}],"wp:term":[{"taxonomy":"category","embeddable":true,"href":"https:\/\/webdelmaestrocmf.com\/portal\/wp-json\/wp\/v2\/categories?post=103124"},{"taxonomy":"post_tag","embeddable":true,"href":"https:\/\/webdelmaestrocmf.com\/portal\/wp-json\/wp\/v2\/tags?post=103124"}],"curies":[{"name":"wp","href":"https:\/\/api.w.org\/{rel}","templated":true}]}}